{"id":166438,"date":"2026-04-29T10:49:51","date_gmt":"2026-04-29T10:49:51","guid":{"rendered":"https:\/\/www.one.org\/fr\/?p=166438"},"modified":"2026-04-29T10:49:52","modified_gmt":"2026-04-29T10:49:52","slug":"one-health-summit-sante-mondiale","status":"publish","type":"post","link":"https:\/\/www.one.org\/fr\/actualites\/one-health-summit-sante-mondiale\/","title":{"rendered":"One Health Summit : quand la sant\u00e9 mondiale devient l&#8217;affaire de tous"},"content":{"rendered":"\n<p>Du 5 au 7 avril derniers, \u00e0 l&#8217;occasion de la Journ\u00e9e mondiale de la sant\u00e9, Lyon, capitale fran\u00e7aise de la sant\u00e9 mondiale, a accueilli un \u00e9v\u00e9nement in\u00e9dit : le One Health Summit. Un rendez-vous que nous avons suivi de tr\u00e8s pr\u00e8s chez ONE.<\/p>\n\n\n\n<h2 class=\"wp-block-heading\" id=\"h-pourquoi-ce-sommet-etait-il-si-important\"><strong>Pourquoi ce sommet \u00e9tait-il si important ?<\/strong><\/h2>\n\n\n\n<p>Pour la premi\u00e8re fois dans l&#8217;histoire de la diplomatie sanitaire mondiale, des chefs d&#8217;\u00c9tat et de gouvernement du monde entier, des repr\u00e9sentants d&#8217;organisations internationales, des scientifiques, des acteurs du secteur priv\u00e9, de la soci\u00e9t\u00e9 civile et de la jeunesse se sont r\u00e9unis autour d&#8217;une m\u00eame conviction. <strong>Notre sant\u00e9, celle de nos \u00e9cosyst\u00e8mes comme la faune et la flore, sont indissociables.<\/strong> C&#8217;est pr\u00e9cis\u00e9ment ce que porte l&#8217;approche \u00ab One Health \u00bb : Une Seule Sant\u00e9.<\/p>\n\n\n\n<p>Ce n&#8217;est pas une id\u00e9e nouvelle, mais c&#8217;est une urgence renouvel\u00e9e. Les crises sanitaires r\u00e9centes, comme la pand\u00e9mie de COVID-19, ont mis en \u00e9vidence<strong> la n\u00e9cessit\u00e9 d&#8217;apporter des r\u00e9ponses coordonn\u00e9es<\/strong>, fond\u00e9es sur la science, la pr\u00e9vention et la coop\u00e9ration internationale. Nous l&#8217;avons v\u00e9cu. Nous le vivons encore. Et pourtant, les syst\u00e8mes de gouvernance mondiale peinent \u00e0 int\u00e9grer cette r\u00e9alit\u00e9 dans leur fonctionnement quotidien.<\/p>\n\n\n\n<h2 class=\"wp-block-heading\" id=\"h-ce-que-ce-sommet-a-voulu-changer\"><strong>Ce que ce sommet a voulu changer<\/strong><\/h2>\n\n\n\n<p>Le One Health Summit n&#8217;\u00e9tait pas un sommet de plus. Il a eu pour ambition de repenser le cadre institutionnel mondial en faisant \u00e9merger une culture commune One Health, en engageant acteurs publics et priv\u00e9s dans des actions concr\u00e8tes, et en approfondissant les solutions pour pr\u00e9venir les risques sanitaires, alimentaires et environnementaux qui p\u00e8sent sur nos populations.<\/p>\n\n\n\n<p>Les travaux se sont orient\u00e9s autour de quatre grandes th\u00e9matiques au c\u0153ur des enjeux de sant\u00e9 globale : les r\u00e9servoirs zoonotiques et vecteurs de maladies, les r\u00e9sistances antimicrobiennes, les syst\u00e8mes alimentaires durables, ainsi que les expositions aux pollutions. Des sujets techniques, certes, mais qui se traduisent en r\u00e9alit\u00e9s tr\u00e8s concr\u00e8tes pour des millions de personnes \u00e0 travers le monde.<\/p>\n\n\n\n<p>Un enjeu particuli\u00e8rement fort a \u00e9galement \u00e9t\u00e9 mis en lumi\u00e8re lors de ce sommet : la <strong>sant\u00e9 maternelle, n\u00e9onatale et infantile<\/strong>, au c\u0153ur des enjeux de pr\u00e9vention et de r\u00e9silience. L&#8217;Afrique subsaharienne concentre \u00e0 elle seule environ <strong>70 % des d\u00e9c\u00e8s maternels dans le monde<\/strong>, ce qui illustre l&#8217;ampleur des in\u00e9galit\u00e9s en mati\u00e8re d&#8217;acc\u00e8s aux soins. Un sujet qui r\u00e9sonne profond\u00e9ment avec nos combats chez ONE.<\/p>\n\n\n\n<p>L&#8217;un des principaux objectifs de ce sommet \u00e9tait donc d&#8217;\u00e9tablir un cadre commun et op\u00e9rationnel, le One Health, pour penser et mener \u00e0 bien des actions conjointes en faveur de la sant\u00e9 des animaux, des humains et de la nature, \u00e0 toutes les \u00e9chelles, qu&#8217;elles soient locales, nationales ou mondiales.<\/p>\n\n\n\n<h2 class=\"wp-block-heading\" id=\"h-ce-qu-il-s-est-vraiment-passe-a-lyon\"><strong>Ce qu&#8217;il s&#8217;est vraiment pass\u00e9 \u00e0 Lyon<\/strong><\/h2>\n\n\n\n<p>Malgr\u00e9 l\u2019ambition de ces grandes orientations, le bilan du sommet est contrast\u00e9.<\/p>\n\n\n\n<p>D&#8217;un c\u00f4t\u00e9, la tenue m\u00eame de cet \u00e9v\u00e9nement repr\u00e9sente une avanc\u00e9e symbolique et politique r\u00e9elle. R\u00e9unir pour la premi\u00e8re fois des dirigeants du monde entier autour de la sant\u00e9 plan\u00e9taire, <strong>c&#8217;est reconna\u00eetre officiellement que les crises sanitaires, \u00e9cologiques et alimentaires sont li\u00e9es<\/strong>, et qu&#8217;elles appellent des r\u00e9ponses communes. C&#8217;est un signal fort, que nous saluons.<\/p>\n\n\n\n<p>De l&#8217;autre, les actes n&#8217;ont pas \u00e9t\u00e9 \u00e0 la hauteur des discours. Alors que le pr\u00e9sident de la R\u00e9publique a rappel\u00e9 le r\u00f4le fondateur de la France dans le Fonds mondial de lutte contre le sida, la tuberculose et le paludisme, un instrument qui a permis de sauver plus de 70 millions de vies depuis sa cr\u00e9ation en 2002, <strong>aucune annonce concr\u00e8te n&#8217;est venue confirmer cet engagement<\/strong>. Pire : <strong>la France a r\u00e9duit de pr\u00e8s de 60 % sa contribution \u00e0 ce m\u00eame Fonds, sans jamais l&#8217;assumer publiquement.<\/strong> Une d\u00e9cision aux cons\u00e9quences dramatiques, qui pourrait condamner directement plus d&#8217;un million de personnes dans les pays les plus vuln\u00e9rables.<\/p>\n\n\n\n<p>Ce d\u00e9sengagement est d&#8217;autant plus difficile \u00e0 comprendre que les priorit\u00e9s du Fonds mondial rejoignent exactement les ambitions affich\u00e9es \u00e0 Lyon : renforcer les syst\u00e8mes de sant\u00e9, pr\u00e9venir les crises, lutter contre les grandes pand\u00e9mies qui causent encore 2,5 millions de morts chaque ann\u00e9e dans le monde. <strong>On ne peut pas appeler la communaut\u00e9 internationale \u00e0 se pr\u00e9parer aux prochaines pand\u00e9mies, tout en fragilisant ceux qui les pr\u00e9viennent d\u00e9j\u00e0 aujourd&#8217;hui.<\/strong><\/p>\n\n\n\n<p>\u00c0 titre de comparaison, la Commission europ\u00e9enne a annonc\u00e9 lors du sommet une contribution de 700 millions d&#8217;euros au Fonds mondial. <strong>L&#8217;incoh\u00e9rence fran\u00e7aise n&#8217;en est que plus frappante.<\/strong> C&#8217;est ce que nous avons mis en avant lors d&#8217;une <a href=\"https:\/\/www.instagram.com\/p\/DXFFK_dEuwv\/?img_index=1\">mobilisation conjointe avec d&#8217;autres ONG<\/a>, devant l&#8217;H\u00f4tel de Ville de Lyon, en marge du sommet. Une mobilisation largement reprise par les grands m\u00e9dias nationaux et r\u00e9gionaux.<\/p>\n\n\n\n<figure class=\"wp-block-image size-large\"><img loading=\"lazy\" decoding=\"async\" width=\"1024\" height=\"683\" src=\"https:\/\/www.one.org\/fr\/wp-content\/uploads\/sites\/4\/2026\/04\/DSC_5036-1024x683.jpg\" alt=\"\" class=\"wp-image-166439\" srcset=\"https:\/\/www.one.org\/fr\/wp-content\/uploads\/sites\/4\/2026\/04\/DSC_5036-1024x683.jpg 1024w, https:\/\/www.one.org\/fr\/wp-content\/uploads\/sites\/4\/2026\/04\/DSC_5036-300x200.jpg 300w, https:\/\/www.one.org\/fr\/wp-content\/uploads\/sites\/4\/2026\/04\/DSC_5036-768x512.jpg 768w, https:\/\/www.one.org\/fr\/wp-content\/uploads\/sites\/4\/2026\/04\/DSC_5036-1536x1024.jpg 1536w, https:\/\/www.one.org\/fr\/wp-content\/uploads\/sites\/4\/2026\/04\/DSC_5036-2048x1365.jpg 2048w, https:\/\/www.one.org\/fr\/wp-content\/uploads\/sites\/4\/2026\/04\/DSC_5036-16x11.jpg 16w, https:\/\/www.one.org\/fr\/wp-content\/uploads\/sites\/4\/2026\/04\/DSC_5036-320x213.jpg 320w, https:\/\/www.one.org\/fr\/wp-content\/uploads\/sites\/4\/2026\/04\/DSC_5036-640x427.jpg 640w, https:\/\/www.one.org\/fr\/wp-content\/uploads\/sites\/4\/2026\/04\/DSC_5036-800x533.jpg 800w, https:\/\/www.one.org\/fr\/wp-content\/uploads\/sites\/4\/2026\/04\/DSC_5036-1600x1067.jpg 1600w, https:\/\/www.one.org\/fr\/wp-content\/uploads\/sites\/4\/2026\/04\/DSC_5036-945x630.jpg 945w\" sizes=\"auto, (max-width: 1024px) 100vw, 1024px\" \/><figcaption class=\"wp-element-caption\">Lyon, le 7 avril 2026.<br>Action devant l&#8217;Hotel de Ville pendant le One Health Summit. <strong>\u00a9<\/strong> Bruno Amsellem<\/figcaption><\/figure>\n\n\n\n<h2 class=\"wp-block-heading\" id=\"h-notre-voix-dans-ce-debat\"><strong>Notre voix dans ce d\u00e9bat<\/strong><\/h2>\n\n\n\n<p><strong>Chez ONE, nous croyons que la sant\u00e9 mondiale ne doit pas \u00eatre un privil\u00e8ge.<\/strong> Nous sommes convaincus que les maladies transmissibles comme non-transmissibles, ainsi que les crises alimentaires ou environnementales, ne connaissent pas de fronti\u00e8res<strong>.<\/strong> De ce fait, les r\u00e9ponses politiques ne peuvent pas, elles non plus, rester cloisonn\u00e9es, ni se contenter de belles intentions sans lendemain.<\/p>\n\n\n\n<p>Le One Health Summit, en s&#8217;inscrivant dans le cadre de la pr\u00e9sidence fran\u00e7aise du G7 en 2026, portait une responsabilit\u00e9 particuli\u00e8re. Les engagements pris \u00e0 Lyon ces derniers jours pourraient bien fa\u00e7onner les grandes orientations de la sant\u00e9 mondiale pour les ann\u00e9es \u00e0 venir.&nbsp;<\/p>\n\n\n\n<p>Encore faut-il que ces engagements se traduisent en actes.<\/p>\n\n\n\n<p><strong>Alors, restons mobilis\u00e9s.<\/strong> Continuons \u00e0 porter ces enjeux aupr\u00e8s des responsables politiques et de nos concitoyens. Parce que la sant\u00e9 des autres, c&#8217;est aussi la n\u00f4tre. One Health.<\/p>\n\n\n\n<p><em>Ce billet de blog a \u00e9t\u00e9 r\u00e9dig\u00e9 par No\u00e9mie Pottier et Pauline Charmeux, jeunes Ambassadrices de ONE.<\/em><\/p>\n\n\n\n<p>Sources :\u00a0<\/p>\n\n\n\n<ul class=\"wp-block-list\">\n<li><a href=\"https:\/\/parispeaceforum.org\/fr\/communiques-de-presse\/one-health-summit-2026-le-forum-de-paris-sur-la-paix-place-la-sante-des-enfants-au-coeur-de-lagenda-international\/\">https:\/\/parispeaceforum.org\/fr\/communiques-de-presse\/one-health-summit-2026-le-forum-de-paris-sur-la-paix-place-la-sante-des-enfants-au-coeur-de-lagenda-international\/<\/a><\/li>\n\n\n\n<li><a href=\"https:\/\/www.afd.fr\/fr\/evenements\/one-health-summit-pour-une-meilleure-sante-du-vivant-et-de-la-planete\">https:\/\/www.afd.fr\/fr\/evenements\/one-health-summit-pour-une-meilleure-sante-du-vivant-et-de-la-planete<\/a><\/li>\n\n\n\n<li><a href=\"https:\/\/www.who.int\/fr\/news-room\/events\/detail\/2026\/04\/05\/default-calendar\/one-health-summit\">https:\/\/www.who.int\/fr\/news-room\/events\/detail\/2026\/04\/05\/default-calendar\/one-health-summit<\/a><\/li>\n\n\n\n<li><a href=\"https:\/\/oneplanetsummit.fr\/les-evenements-16\/one-health-summit-305\">https:\/\/oneplanetsummit.fr\/les-evenements-16\/one-health-summit-305<\/a><\/li>\n\n\n\n<li><a href=\"https:\/\/www.who.int\/news-room\/fact-sheets\/detail\/maternal-mortality\">https:\/\/www.who.int\/news-room\/fact-sheets\/detail\/maternal-mortality<\/a><\/li>\n<\/ul>\n<div class=\"buffer\"><\/div>","protected":false},"excerpt":{"rendered":"<p>Du 5 au 7 avril derniers, \u00e0 l&#8217;occasion de la Journ\u00e9e mondiale de la sant\u00e9, Lyon, capitale fran\u00e7aise de la sant\u00e9 mondiale, a accueilli un \u00e9v\u00e9nement in\u00e9dit : le One Health Summit. Un rendez-vous que nous avons suivi de tr\u00e8s pr\u00e8s chez ONE.<\/p>\n","protected":false},"author":24,"featured_media":166439,"comment_status":"closed","ping_status":"closed","sticky":false,"template":"","format":"standard","meta":{"_acf_changed":false,"_relevanssi_hide_post":"","_relevanssi_hide_content":"","_relevanssi_pin_for_all":"","_relevanssi_pin_keywords":"","_relevanssi_unpin_keywords":"","_relevanssi_related_keywords":"","_relevanssi_related_include_ids":"","_relevanssi_related_exclude_ids":"","_relevanssi_related_no_append":"","_relevanssi_related_not_related":"","_relevanssi_related_posts":"162500,162635,162608,162438,164396,165622","_relevanssi_noindex_reason":"","footnotes":""},"categories":[94],"tags":[],"topic":[48,38],"contributor":[81],"one_content_audience":[],"one_content_type":[],"one_content_tone":[],"class_list":["post-166438","post","type-post","status-publish","format-standard","has-post-thumbnail","hentry","category-actualite","topic-jeunes-ambassadeurrices-de-one","topic-sante","contributor-jeunes-ambassadrices-de-one"],"acf":[],"yoast_head":"<!-- This site is optimized with the Yoast SEO Premium plugin v27.1 (Yoast SEO v27.1.1) - https:\/\/yoast.com\/product\/yoast-seo-premium-wordpress\/ -->\n<title>One Health Summit : quand la sant\u00e9 mondiale devient l&#039;affaire de tous - ONE.org France<\/title>\n<meta name=\"description\" content=\"Du 5 au 7 avril 2026, Lyon a accueilli un \u00e9v\u00e9nement in\u00e9dit : le One Health Summit. Un rendez-vous que nous avons suivi de tr\u00e8s pr\u00e8s chez ONE.\" \/>\n<meta name=\"robots\" content=\"index, follow, max-snippet:-1, max-image-preview:large, max-video-preview:-1\" \/>\n<link rel=\"canonical\" href=\"https:\/\/www.one.org\/fr\/actualites\/one-health-summit-sante-mondiale\/\" \/>\n<meta property=\"og:locale\" content=\"fr_FR\" \/>\n<meta property=\"og:type\" content=\"article\" \/>\n<meta property=\"og:title\" content=\"One Health Summit : quand la sant\u00e9 mondiale devient l&#039;affaire de tous\" \/>\n<meta property=\"og:description\" content=\"Du 5 au 7 avril 2026, Lyon a accueilli un \u00e9v\u00e9nement in\u00e9dit : le One Health Summit. Un rendez-vous que nous avons suivi de tr\u00e8s pr\u00e8s chez ONE.\" \/>\n<meta property=\"og:url\" content=\"https:\/\/www.one.org\/fr\/actualites\/one-health-summit-sante-mondiale\/\" \/>\n<meta property=\"og:site_name\" content=\"ONE.org France\" \/>\n<meta property=\"article:publisher\" content=\"https:\/\/www.facebook.com\/ONE.Fr\" \/>\n<meta property=\"article:published_time\" content=\"2026-04-29T10:49:51+00:00\" \/>\n<meta property=\"article:modified_time\" content=\"2026-04-29T10:49:52+00:00\" \/>\n<meta property=\"og:image\" content=\"https:\/\/www.one.org\/fr\/wp-content\/uploads\/sites\/4\/2026\/04\/DSC_5036-scaled.jpg\" \/>\n\t<meta property=\"og:image:width\" content=\"2560\" \/>\n\t<meta property=\"og:image:height\" content=\"1707\" \/>\n\t<meta property=\"og:image:type\" content=\"image\/jpeg\" \/>\n<meta name=\"author\" content=\"Dana Khalil\" \/>\n<meta name=\"twitter:card\" content=\"summary_large_image\" \/>\n<meta name=\"twitter:description\" content=\"Du 5 au 7 avril 2026, Lyon a accueilli un \u00e9v\u00e9nement in\u00e9dit : le One Health Summit. Un rendez-vous que nous avons suivi de tr\u00e8s pr\u00e8s chez ONE.\" \/>\n<meta name=\"twitter:creator\" content=\"@one_fr\" \/>\n<meta name=\"twitter:site\" content=\"@one_fr\" \/>\n<meta name=\"twitter:label1\" content=\"Written by\" \/>\n\t<meta name=\"twitter:data1\" content=\"Dana Khalil\" \/>\n\t<meta name=\"twitter:label2\" content=\"Est. reading time\" \/>\n\t<meta name=\"twitter:data2\" content=\"5 minutes\" \/>\n<script type=\"application\/ld+json\" class=\"yoast-schema-graph\">{\"@context\":\"https:\/\/schema.org\",\"@graph\":[{\"@type\":\"Article\",\"@id\":\"https:\/\/www.one.org\/fr\/actualites\/one-health-summit-sante-mondiale\/#article\",\"isPartOf\":{\"@id\":\"https:\/\/www.one.org\/fr\/actualites\/one-health-summit-sante-mondiale\/\"},\"author\":{\"name\":\"Dana Khalil\",\"@id\":\"https:\/\/www.one.org\/fr\/#\/schema\/person\/cf1f30f9800f0592ec3d61940be82003\"},\"headline\":\"One Health Summit : quand la sant\u00e9 mondiale devient l&#8217;affaire de tous\",\"datePublished\":\"2026-04-29T10:49:51+00:00\",\"dateModified\":\"2026-04-29T10:49:52+00:00\",\"mainEntityOfPage\":{\"@id\":\"https:\/\/www.one.org\/fr\/actualites\/one-health-summit-sante-mondiale\/\"},\"wordCount\":1086,\"image\":{\"@id\":\"https:\/\/www.one.org\/fr\/actualites\/one-health-summit-sante-mondiale\/#primaryimage\"},\"thumbnailUrl\":\"https:\/\/www.one.org\/fr\/wp-content\/uploads\/sites\/4\/2026\/04\/DSC_5036-scaled.jpg\",\"articleSection\":[\"Actualit\u00e9\"],\"inLanguage\":\"fr-FR\"},{\"@type\":\"WebPage\",\"@id\":\"https:\/\/www.one.org\/fr\/actualites\/one-health-summit-sante-mondiale\/\",\"url\":\"https:\/\/www.one.org\/fr\/actualites\/one-health-summit-sante-mondiale\/\",\"name\":\"One Health Summit : quand la sant\u00e9 mondiale devient l'affaire de tous - ONE.org France\",\"isPartOf\":{\"@id\":\"https:\/\/www.one.org\/fr\/#website\"},\"primaryImageOfPage\":{\"@id\":\"https:\/\/www.one.org\/fr\/actualites\/one-health-summit-sante-mondiale\/#primaryimage\"},\"image\":{\"@id\":\"https:\/\/www.one.org\/fr\/actualites\/one-health-summit-sante-mondiale\/#primaryimage\"},\"thumbnailUrl\":\"https:\/\/www.one.org\/fr\/wp-content\/uploads\/sites\/4\/2026\/04\/DSC_5036-scaled.jpg\",\"datePublished\":\"2026-04-29T10:49:51+00:00\",\"dateModified\":\"2026-04-29T10:49:52+00:00\",\"author\":{\"@id\":\"https:\/\/www.one.org\/fr\/#\/schema\/person\/cf1f30f9800f0592ec3d61940be82003\"},\"description\":\"Du 5 au 7 avril 2026, Lyon a accueilli un \u00e9v\u00e9nement in\u00e9dit : le One Health Summit. Un rendez-vous que nous avons suivi de tr\u00e8s pr\u00e8s chez ONE.\",\"breadcrumb\":{\"@id\":\"https:\/\/www.one.org\/fr\/actualites\/one-health-summit-sante-mondiale\/#breadcrumb\"},\"inLanguage\":\"fr-FR\",\"potentialAction\":[{\"@type\":\"ReadAction\",\"target\":[\"https:\/\/www.one.org\/fr\/actualites\/one-health-summit-sante-mondiale\/\"]}]},{\"@type\":\"ImageObject\",\"inLanguage\":\"fr-FR\",\"@id\":\"https:\/\/www.one.org\/fr\/actualites\/one-health-summit-sante-mondiale\/#primaryimage\",\"url\":\"https:\/\/www.one.org\/fr\/wp-content\/uploads\/sites\/4\/2026\/04\/DSC_5036-scaled.jpg\",\"contentUrl\":\"https:\/\/www.one.org\/fr\/wp-content\/uploads\/sites\/4\/2026\/04\/DSC_5036-scaled.jpg\",\"width\":2560,\"height\":1707,\"caption\":\"Lyon le 7 avril 2026. Action place des Terreaux devant l'Hotel de Ville pendant le One Health Summit.\"},{\"@type\":\"BreadcrumbList\",\"@id\":\"https:\/\/www.one.org\/fr\/actualites\/one-health-summit-sante-mondiale\/#breadcrumb\",\"itemListElement\":[{\"@type\":\"ListItem\",\"position\":1,\"name\":\"Home\",\"item\":\"https:\/\/www.one.org\/fr\/\"},{\"@type\":\"ListItem\",\"position\":2,\"name\":\"One Health Summit : quand la sant\u00e9 mondiale devient l&#8217;affaire de tous\"}]},{\"@type\":\"WebSite\",\"@id\":\"https:\/\/www.one.org\/fr\/#website\",\"url\":\"https:\/\/www.one.org\/fr\/\",\"name\":\"ONE.org\",\"description\":\"Cr\u00e9er des opportunit\u00e9s \u00e9conomiques et am\u00e9liorer la sant\u00e9 en Afrique\",\"potentialAction\":[{\"@type\":\"SearchAction\",\"target\":{\"@type\":\"EntryPoint\",\"urlTemplate\":\"https:\/\/www.one.org\/fr\/?s={search_term_string}\"},\"query-input\":{\"@type\":\"PropertyValueSpecification\",\"valueRequired\":true,\"valueName\":\"search_term_string\"}}],\"inLanguage\":\"fr-FR\"},{\"@type\":\"Person\",\"@id\":\"https:\/\/www.one.org\/fr\/#\/schema\/person\/cf1f30f9800f0592ec3d61940be82003\",\"name\":\"Dana Khalil\",\"image\":{\"@type\":\"ImageObject\",\"inLanguage\":\"fr-FR\",\"@id\":\"https:\/\/www.one.org\/fr\/#\/schema\/person\/image\/\",\"url\":\"https:\/\/secure.gravatar.com\/avatar\/b0da536f00ccefadcc7aae4e64855977a5249adb1ac04162a69474e53a8d4c40?s=96&d=mm&r=g\",\"contentUrl\":\"https:\/\/secure.gravatar.com\/avatar\/b0da536f00ccefadcc7aae4e64855977a5249adb1ac04162a69474e53a8d4c40?s=96&d=mm&r=g\",\"caption\":\"Dana Khalil\"},\"url\":\"https:\/\/www.one.org\/fr\/actualites\/author\/danakhalil\/\"}]}<\/script>\n<!-- \/ Yoast SEO Premium plugin. -->","yoast_head_json":{"title":"One Health Summit : quand la sant\u00e9 mondiale devient l'affaire de tous - ONE.org France","description":"Du 5 au 7 avril 2026, Lyon a accueilli un \u00e9v\u00e9nement in\u00e9dit : le One Health Summit. Un rendez-vous que nous avons suivi de tr\u00e8s pr\u00e8s chez ONE.","robots":{"index":"index","follow":"follow","max-snippet":"max-snippet:-1","max-image-preview":"max-image-preview:large","max-video-preview":"max-video-preview:-1"},"canonical":"https:\/\/www.one.org\/fr\/actualites\/one-health-summit-sante-mondiale\/","og_locale":"fr_FR","og_type":"article","og_title":"One Health Summit : quand la sant\u00e9 mondiale devient l'affaire de tous","og_description":"Du 5 au 7 avril 2026, Lyon a accueilli un \u00e9v\u00e9nement in\u00e9dit : le One Health Summit. Un rendez-vous que nous avons suivi de tr\u00e8s pr\u00e8s chez ONE.","og_url":"https:\/\/www.one.org\/fr\/actualites\/one-health-summit-sante-mondiale\/","og_site_name":"ONE.org France","article_publisher":"https:\/\/www.facebook.com\/ONE.Fr","article_published_time":"2026-04-29T10:49:51+00:00","article_modified_time":"2026-04-29T10:49:52+00:00","og_image":[{"width":2560,"height":1707,"url":"https:\/\/www.one.org\/fr\/wp-content\/uploads\/sites\/4\/2026\/04\/DSC_5036-scaled.jpg","type":"image\/jpeg"}],"author":"Dana Khalil","twitter_card":"summary_large_image","twitter_description":"Du 5 au 7 avril 2026, Lyon a accueilli un \u00e9v\u00e9nement in\u00e9dit : le One Health Summit. Un rendez-vous que nous avons suivi de tr\u00e8s pr\u00e8s chez ONE.","twitter_creator":"@one_fr","twitter_site":"@one_fr","twitter_misc":{"Written by":"Dana Khalil","Est. reading time":"5 minutes"},"schema":{"@context":"https:\/\/schema.org","@graph":[{"@type":"Article","@id":"https:\/\/www.one.org\/fr\/actualites\/one-health-summit-sante-mondiale\/#article","isPartOf":{"@id":"https:\/\/www.one.org\/fr\/actualites\/one-health-summit-sante-mondiale\/"},"author":{"name":"Dana Khalil","@id":"https:\/\/www.one.org\/fr\/#\/schema\/person\/cf1f30f9800f0592ec3d61940be82003"},"headline":"One Health Summit : quand la sant\u00e9 mondiale devient l&#8217;affaire de tous","datePublished":"2026-04-29T10:49:51+00:00","dateModified":"2026-04-29T10:49:52+00:00","mainEntityOfPage":{"@id":"https:\/\/www.one.org\/fr\/actualites\/one-health-summit-sante-mondiale\/"},"wordCount":1086,"image":{"@id":"https:\/\/www.one.org\/fr\/actualites\/one-health-summit-sante-mondiale\/#primaryimage"},"thumbnailUrl":"https:\/\/www.one.org\/fr\/wp-content\/uploads\/sites\/4\/2026\/04\/DSC_5036-scaled.jpg","articleSection":["Actualit\u00e9"],"inLanguage":"fr-FR"},{"@type":"WebPage","@id":"https:\/\/www.one.org\/fr\/actualites\/one-health-summit-sante-mondiale\/","url":"https:\/\/www.one.org\/fr\/actualites\/one-health-summit-sante-mondiale\/","name":"One Health Summit : quand la sant\u00e9 mondiale devient l'affaire de tous - ONE.org France","isPartOf":{"@id":"https:\/\/www.one.org\/fr\/#website"},"primaryImageOfPage":{"@id":"https:\/\/www.one.org\/fr\/actualites\/one-health-summit-sante-mondiale\/#primaryimage"},"image":{"@id":"https:\/\/www.one.org\/fr\/actualites\/one-health-summit-sante-mondiale\/#primaryimage"},"thumbnailUrl":"https:\/\/www.one.org\/fr\/wp-content\/uploads\/sites\/4\/2026\/04\/DSC_5036-scaled.jpg","datePublished":"2026-04-29T10:49:51+00:00","dateModified":"2026-04-29T10:49:52+00:00","author":{"@id":"https:\/\/www.one.org\/fr\/#\/schema\/person\/cf1f30f9800f0592ec3d61940be82003"},"description":"Du 5 au 7 avril 2026, Lyon a accueilli un \u00e9v\u00e9nement in\u00e9dit : le One Health Summit. Un rendez-vous que nous avons suivi de tr\u00e8s pr\u00e8s chez ONE.","breadcrumb":{"@id":"https:\/\/www.one.org\/fr\/actualites\/one-health-summit-sante-mondiale\/#breadcrumb"},"inLanguage":"fr-FR","potentialAction":[{"@type":"ReadAction","target":["https:\/\/www.one.org\/fr\/actualites\/one-health-summit-sante-mondiale\/"]}]},{"@type":"ImageObject","inLanguage":"fr-FR","@id":"https:\/\/www.one.org\/fr\/actualites\/one-health-summit-sante-mondiale\/#primaryimage","url":"https:\/\/www.one.org\/fr\/wp-content\/uploads\/sites\/4\/2026\/04\/DSC_5036-scaled.jpg","contentUrl":"https:\/\/www.one.org\/fr\/wp-content\/uploads\/sites\/4\/2026\/04\/DSC_5036-scaled.jpg","width":2560,"height":1707,"caption":"Lyon le 7 avril 2026. Action place des Terreaux devant l'Hotel de Ville pendant le One Health Summit."},{"@type":"BreadcrumbList","@id":"https:\/\/www.one.org\/fr\/actualites\/one-health-summit-sante-mondiale\/#breadcrumb","itemListElement":[{"@type":"ListItem","position":1,"name":"Home","item":"https:\/\/www.one.org\/fr\/"},{"@type":"ListItem","position":2,"name":"One Health Summit : quand la sant\u00e9 mondiale devient l&#8217;affaire de tous"}]},{"@type":"WebSite","@id":"https:\/\/www.one.org\/fr\/#website","url":"https:\/\/www.one.org\/fr\/","name":"ONE.org","description":"Cr\u00e9er des opportunit\u00e9s \u00e9conomiques et am\u00e9liorer la sant\u00e9 en Afrique","potentialAction":[{"@type":"SearchAction","target":{"@type":"EntryPoint","urlTemplate":"https:\/\/www.one.org\/fr\/?s={search_term_string}"},"query-input":{"@type":"PropertyValueSpecification","valueRequired":true,"valueName":"search_term_string"}}],"inLanguage":"fr-FR"},{"@type":"Person","@id":"https:\/\/www.one.org\/fr\/#\/schema\/person\/cf1f30f9800f0592ec3d61940be82003","name":"Dana Khalil","image":{"@type":"ImageObject","inLanguage":"fr-FR","@id":"https:\/\/www.one.org\/fr\/#\/schema\/person\/image\/","url":"https:\/\/secure.gravatar.com\/avatar\/b0da536f00ccefadcc7aae4e64855977a5249adb1ac04162a69474e53a8d4c40?s=96&d=mm&r=g","contentUrl":"https:\/\/secure.gravatar.com\/avatar\/b0da536f00ccefadcc7aae4e64855977a5249adb1ac04162a69474e53a8d4c40?s=96&d=mm&r=g","caption":"Dana Khalil"},"url":"https:\/\/www.one.org\/fr\/actualites\/author\/danakhalil\/"}]}},"distributor_meta":false,"distributor_terms":false,"distributor_media":false,"distributor_original_site_name":"ONE.org France","distributor_original_site_url":"https:\/\/www.one.org\/fr","push-errors":false,"_links":{"self":[{"href":"https:\/\/www.one.org\/fr\/wp-json\/wp\/v2\/posts\/166438","targetHints":{"allow":["GET"]}}],"collection":[{"href":"https:\/\/www.one.org\/fr\/wp-json\/wp\/v2\/posts"}],"about":[{"href":"https:\/\/www.one.org\/fr\/wp-json\/wp\/v2\/types\/post"}],"author":[{"embeddable":true,"href":"https:\/\/www.one.org\/fr\/wp-json\/wp\/v2\/users\/24"}],"replies":[{"embeddable":true,"href":"https:\/\/www.one.org\/fr\/wp-json\/wp\/v2\/comments?post=166438"}],"version-history":[{"count":2,"href":"https:\/\/www.one.org\/fr\/wp-json\/wp\/v2\/posts\/166438\/revisions"}],"predecessor-version":[{"id":166441,"href":"https:\/\/www.one.org\/fr\/wp-json\/wp\/v2\/posts\/166438\/revisions\/166441"}],"wp:featuredmedia":[{"embeddable":true,"href":"https:\/\/www.one.org\/fr\/wp-json\/wp\/v2\/media\/166439"}],"wp:attachment":[{"href":"https:\/\/www.one.org\/fr\/wp-json\/wp\/v2\/media?parent=166438"}],"wp:term":[{"taxonomy":"category","embeddable":true,"href":"https:\/\/www.one.org\/fr\/wp-json\/wp\/v2\/categories?post=166438"},{"taxonomy":"post_tag","embeddable":true,"href":"https:\/\/www.one.org\/fr\/wp-json\/wp\/v2\/tags?post=166438"},{"taxonomy":"topic","embeddable":true,"href":"https:\/\/www.one.org\/fr\/wp-json\/wp\/v2\/topic?post=166438"},{"taxonomy":"contributor","embeddable":true,"href":"https:\/\/www.one.org\/fr\/wp-json\/wp\/v2\/contributor?post=166438"},{"taxonomy":"one_content_audience","embeddable":true,"href":"https:\/\/www.one.org\/fr\/wp-json\/wp\/v2\/one_content_audience?post=166438"},{"taxonomy":"one_content_type","embeddable":true,"href":"https:\/\/www.one.org\/fr\/wp-json\/wp\/v2\/one_content_type?post=166438"},{"taxonomy":"one_content_tone","embeddable":true,"href":"https:\/\/www.one.org\/fr\/wp-json\/wp\/v2\/one_content_tone?post=166438"}],"curies":[{"name":"wp","href":"https:\/\/api.w.org\/{rel}","templated":true}]}}