{"id":166327,"date":"2026-02-09T17:27:11","date_gmt":"2026-02-09T17:27:11","guid":{"rendered":"https:\/\/www.one.org\/fr\/?p=166327"},"modified":"2026-02-09T17:27:13","modified_gmt":"2026-02-09T17:27:13","slug":"peuple-mpondo-shell","status":"publish","type":"post","link":"https:\/\/www.one.org\/fr\/actualites\/peuple-mpondo-shell\/","title":{"rendered":"Le peuple Mpondo contre Shell : les luttes environnementales vues du continent africain"},"content":{"rendered":"\n<p>L\u2019Afrique est trop souvent d\u00e9peinte comme un continent de famine, de p\u00e9nurie et de conflits incessants. Et pour cause, de nombreuses r\u00e9gions du continent subissent des instabilit\u00e9s politiques r\u00e9currentes qui portent atteinte \u00e0 la vie de nombreuses personnes.&nbsp;<\/p>\n\n\n\n<p>N\u00e9anmoins, les histoires de luttes &#8211; qu\u2019elles soient \u00e9cologiques, sociales ou politiques &#8211; ne sont pas assez valoris\u00e9es.&nbsp;<\/p>\n\n\n\n<p>Le proc\u00e8s men\u00e9 par le peuple Mpondo contre le g\u00e9ant Shell, un combat de \u00ab&nbsp;David contre Goliath&nbsp;\u00bb contemporain, d\u00e9voile l\u2019une de ces histoires montrant une Afrique vaillante et forte d\u2019initiative.&nbsp;<\/p>\n\n\n\n<p>Le documentaire diffus\u00e9 par Arte retrace l\u2019histoire de la lutte juridique et populaire des communaut\u00e9s de la Wild Coast en Afrique du Sud face aux projets d\u2019exploration p\u00e9troli\u00e8re et gazi\u00e8re de Shell. Alors que le gouvernement sud-africain aurait sign\u00e9 un accord avec Shell, le peuple Mpondo et des organisations environnementales ont vivement protest\u00e9s contre les lev\u00e9es sismiques pr\u00e9vues. Ils reprochent \u00e0 la compagnie un manque de consultation, la m\u00e9connaissance de leurs droits culturels et spirituels, et le risque d\u2019impacts graves sur l&#8217;\u00e9cosyst\u00e8me marin.<\/p>\n\n\n\n<p>Ce conflit illustre parfaitement la tension entre droits autochtones et d\u00e9veloppement \u00e9conomique, mais aussi et surtout, il nous montre la force d&#8217;initiative de la communaut\u00e9 c\u00f4ti\u00e8re d\u2019Amampondo, par leur mobilisation incessante, leurs protestations, et leur lutte juridique pour prot\u00e9ger l\u2019oc\u00e9an et la terre. Malgr\u00e9 les menaces et sa pr\u00e9tendue impuissance face au g\u00e9ant p\u00e9trolier, elle a lanc\u00e9 une course contre la montre pour obtenir des preuves et des avis d\u2019experts afin de stopper les relev\u00e9s sismiques. Son initiative s\u2019est ainsi enracin\u00e9e dans une approche d\u00e9mocratique et un attachement profond \u00e0 la terre.<\/p>\n\n\n\n<p>La communaut\u00e9 Mpondo est d\u2019ailleurs reconnue pour son histoire extraordinaire de r\u00e9sistance. Ses membres affirment cette position en arguant : \u201c<em>c\u2019est nous qui savons exactement ce que nous voulons sur notre terre<\/em>\u201d.&nbsp;<\/p>\n\n\n\n<p>Dans ce cas pr\u00e9cis du proc\u00e8s contre Shell, ils ont r\u00e9ussi \u00e0 contourner les ressources juridiques du g\u00e9ant p\u00e9trolier en orientant le d\u00e9bat pour se concentrer sur le droit indig\u00e8ne et les droits culturels de l\u2019oc\u00e9an.<\/p>\n\n\n\n<p>Ce r\u00e9cit culmine avec une victoire judiciaire historique pour le peuple Mpondo, les tribunaux ayant reconnu l&#8217;importance de leurs droits culturels et de la protection de l\u2019environnement face au d\u00e9veloppement \u00e9conomique. Les Mpondo sont la preuve que le courage, la solidarit\u00e9 et la d\u00e9termination peuvent, ensemble, faire bouger les lignes pour l\u2019av\u00e8nement d\u2019un monde plus juste.<\/p>\n\n\n\n<p><em><span style=\"text-decoration: underline\">Source<\/span> :\u00a0Documentaire ARTE, &#8220;Le peuple Mpondo contre Shell&#8221;<\/em><\/p>\n\n\n\n<figure style=\"aspect-ratio: 500 \/ 281;\" class=\"wp-block-embed is-type-video is-provider-youtube wp-block-embed-youtube wp-embed-aspect-16-9 wp-has-aspect-ratio has-aspect-ratio is-ratio--landscape\"><div class=\"wp-block-embed__wrapper\">\n<iframe loading=\"lazy\" title=\"Le peuple Mpondo contre Shell | Documentaire | ARTE\" width=\"500\" height=\"281\" src=\"https:\/\/www.youtube.com\/embed\/RsE50ED83Uk?feature=oembed\" frameborder=\"0\" allow=\"accelerometer; autoplay; clipboard-write; encrypted-media; gyroscope; picture-in-picture; web-share\" referrerpolicy=\"strict-origin-when-cross-origin\" allowfullscreen><\/iframe>\n<\/div><\/figure>\n\n\n\n<p><em>Ce billet de blog a \u00e9t\u00e9 r\u00e9dig\u00e9 par No\u00e9mie Pottier, jeune Ambassadrice de ONE.<\/em><\/p>\n<div class=\"buffer\"><\/div>","protected":false},"excerpt":{"rendered":"<p>Le proc\u00e8s men\u00e9 par le peuple Mpondo contre le g\u00e9ant Shell, un combat de \u00ab\u00a0David contre Goliath\u00a0\u00bb contemporain, montre un visage de l&#8217;Afrique souvent mal valoris\u00e9e et repr\u00e9sent\u00e9 : vaillante et forte d\u2019initiative.<\/p>\n","protected":false},"author":24,"featured_media":166328,"comment_status":"closed","ping_status":"closed","sticky":false,"template":"","format":"standard","meta":{"_acf_changed":false,"_relevanssi_hide_post":"","_relevanssi_hide_content":"","_relevanssi_pin_for_all":"","_relevanssi_pin_keywords":"","_relevanssi_unpin_keywords":"","_relevanssi_related_keywords":"","_relevanssi_related_include_ids":"","_relevanssi_related_exclude_ids":"","_relevanssi_related_no_append":"","_relevanssi_related_not_related":"","_relevanssi_related_posts":"","_relevanssi_noindex_reason":"","footnotes":""},"categories":[82],"tags":[],"topic":[39],"contributor":[127],"one_content_audience":[],"one_content_type":[],"one_content_tone":[],"class_list":["post-166327","post","type-post","status-publish","format-standard","has-post-thumbnail","hentry","category-opinion","topic-changement-climatique","contributor-noemie-pottier"],"acf":[],"yoast_head":"<!-- This site is optimized with the Yoast SEO Premium plugin v27.1 (Yoast SEO v27.1.1) - https:\/\/yoast.com\/product\/yoast-seo-premium-wordpress\/ -->\n<title>Le peuple Mpondo contre Shell : les luttes environnementales vues du continent africain - ONE.org France<\/title>\n<meta name=\"description\" content=\"Le proc\u00e8s men\u00e9 par le peuple Mpondo contre Shell montre un visage de l&#039;Afrique souvent mal repr\u00e9sent\u00e9 : vaillante et forte d\u2019initiative.\" \/>\n<meta name=\"robots\" content=\"index, follow, max-snippet:-1, max-image-preview:large, max-video-preview:-1\" \/>\n<link rel=\"canonical\" href=\"https:\/\/www.one.org\/fr\/actualites\/peuple-mpondo-shell\/\" \/>\n<meta property=\"og:locale\" content=\"fr_FR\" \/>\n<meta property=\"og:type\" content=\"article\" \/>\n<meta property=\"og:title\" content=\"Le peuple Mpondo contre Shell : les luttes environnementales vues du continent africain\" \/>\n<meta property=\"og:description\" content=\"Le proc\u00e8s men\u00e9 par le peuple Mpondo contre Shell montre un visage de l&#039;Afrique souvent mal repr\u00e9sent\u00e9 : vaillante et forte d\u2019initiative.\" \/>\n<meta property=\"og:url\" content=\"https:\/\/www.one.org\/fr\/actualites\/peuple-mpondo-shell\/\" \/>\n<meta property=\"og:site_name\" content=\"ONE.org France\" \/>\n<meta property=\"article:publisher\" content=\"https:\/\/www.facebook.com\/ONE.Fr\" \/>\n<meta property=\"article:published_time\" content=\"2026-02-09T17:27:11+00:00\" \/>\n<meta property=\"article:modified_time\" content=\"2026-02-09T17:27:13+00:00\" \/>\n<meta property=\"og:image\" content=\"https:\/\/www.one.org\/fr\/wp-content\/uploads\/sites\/4\/2026\/02\/Mpondo_Dam_15989634533.jpg\" \/>\n\t<meta property=\"og:image:width\" content=\"1280\" \/>\n\t<meta property=\"og:image:height\" content=\"853\" \/>\n\t<meta property=\"og:image:type\" content=\"image\/jpeg\" \/>\n<meta name=\"author\" content=\"Dana Khalil\" \/>\n<meta name=\"twitter:card\" content=\"summary_large_image\" \/>\n<meta name=\"twitter:description\" content=\"Le proc\u00e8s men\u00e9 par le peuple Mpondo contre Shell montre un visage de l&#039;Afrique souvent mal repr\u00e9sent\u00e9 : vaillante et forte d\u2019initiative.\" \/>\n<meta name=\"twitter:creator\" content=\"@one_fr\" \/>\n<meta name=\"twitter:site\" content=\"@one_fr\" \/>\n<meta name=\"twitter:label1\" content=\"Written by\" \/>\n\t<meta name=\"twitter:data1\" content=\"Dana Khalil\" \/>\n\t<meta name=\"twitter:label2\" content=\"Est. reading time\" \/>\n\t<meta name=\"twitter:data2\" content=\"2 minutes\" \/>\n<script type=\"application\/ld+json\" class=\"yoast-schema-graph\">{\"@context\":\"https:\/\/schema.org\",\"@graph\":[{\"@type\":\"Article\",\"@id\":\"https:\/\/www.one.org\/fr\/actualites\/peuple-mpondo-shell\/#article\",\"isPartOf\":{\"@id\":\"https:\/\/www.one.org\/fr\/actualites\/peuple-mpondo-shell\/\"},\"author\":{\"name\":\"Dana Khalil\",\"@id\":\"https:\/\/www.one.org\/fr\/#\/schema\/person\/cf1f30f9800f0592ec3d61940be82003\"},\"headline\":\"Le peuple Mpondo contre Shell : les luttes environnementales vues du continent africain\",\"datePublished\":\"2026-02-09T17:27:11+00:00\",\"dateModified\":\"2026-02-09T17:27:13+00:00\",\"mainEntityOfPage\":{\"@id\":\"https:\/\/www.one.org\/fr\/actualites\/peuple-mpondo-shell\/\"},\"wordCount\":494,\"image\":{\"@id\":\"https:\/\/www.one.org\/fr\/actualites\/peuple-mpondo-shell\/#primaryimage\"},\"thumbnailUrl\":\"https:\/\/www.one.org\/fr\/wp-content\/uploads\/sites\/4\/2026\/02\/Mpondo_Dam_15989634533.jpg\",\"articleSection\":[\"Opinion\"],\"inLanguage\":\"fr-FR\"},{\"@type\":\"WebPage\",\"@id\":\"https:\/\/www.one.org\/fr\/actualites\/peuple-mpondo-shell\/\",\"url\":\"https:\/\/www.one.org\/fr\/actualites\/peuple-mpondo-shell\/\",\"name\":\"Le peuple Mpondo contre Shell : les luttes environnementales vues du continent africain - ONE.org France\",\"isPartOf\":{\"@id\":\"https:\/\/www.one.org\/fr\/#website\"},\"primaryImageOfPage\":{\"@id\":\"https:\/\/www.one.org\/fr\/actualites\/peuple-mpondo-shell\/#primaryimage\"},\"image\":{\"@id\":\"https:\/\/www.one.org\/fr\/actualites\/peuple-mpondo-shell\/#primaryimage\"},\"thumbnailUrl\":\"https:\/\/www.one.org\/fr\/wp-content\/uploads\/sites\/4\/2026\/02\/Mpondo_Dam_15989634533.jpg\",\"datePublished\":\"2026-02-09T17:27:11+00:00\",\"dateModified\":\"2026-02-09T17:27:13+00:00\",\"author\":{\"@id\":\"https:\/\/www.one.org\/fr\/#\/schema\/person\/cf1f30f9800f0592ec3d61940be82003\"},\"description\":\"Le proc\u00e8s men\u00e9 par le peuple Mpondo contre Shell montre un visage de l'Afrique souvent mal repr\u00e9sent\u00e9 : vaillante et forte d\u2019initiative.\",\"breadcrumb\":{\"@id\":\"https:\/\/www.one.org\/fr\/actualites\/peuple-mpondo-shell\/#breadcrumb\"},\"inLanguage\":\"fr-FR\",\"potentialAction\":[{\"@type\":\"ReadAction\",\"target\":[\"https:\/\/www.one.org\/fr\/actualites\/peuple-mpondo-shell\/\"]}]},{\"@type\":\"ImageObject\",\"inLanguage\":\"fr-FR\",\"@id\":\"https:\/\/www.one.org\/fr\/actualites\/peuple-mpondo-shell\/#primaryimage\",\"url\":\"https:\/\/www.one.org\/fr\/wp-content\/uploads\/sites\/4\/2026\/02\/Mpondo_Dam_15989634533.jpg\",\"contentUrl\":\"https:\/\/www.one.org\/fr\/wp-content\/uploads\/sites\/4\/2026\/02\/Mpondo_Dam_15989634533.jpg\",\"width\":1280,\"height\":853},{\"@type\":\"BreadcrumbList\",\"@id\":\"https:\/\/www.one.org\/fr\/actualites\/peuple-mpondo-shell\/#breadcrumb\",\"itemListElement\":[{\"@type\":\"ListItem\",\"position\":1,\"name\":\"Home\",\"item\":\"https:\/\/www.one.org\/fr\/\"},{\"@type\":\"ListItem\",\"position\":2,\"name\":\"Le peuple Mpondo contre Shell : les luttes environnementales vues du continent africain\"}]},{\"@type\":\"WebSite\",\"@id\":\"https:\/\/www.one.org\/fr\/#website\",\"url\":\"https:\/\/www.one.org\/fr\/\",\"name\":\"ONE.org\",\"description\":\"Cr\u00e9er des opportunit\u00e9s \u00e9conomiques et am\u00e9liorer la sant\u00e9 en Afrique\",\"potentialAction\":[{\"@type\":\"SearchAction\",\"target\":{\"@type\":\"EntryPoint\",\"urlTemplate\":\"https:\/\/www.one.org\/fr\/?s={search_term_string}\"},\"query-input\":{\"@type\":\"PropertyValueSpecification\",\"valueRequired\":true,\"valueName\":\"search_term_string\"}}],\"inLanguage\":\"fr-FR\"},{\"@type\":\"Person\",\"@id\":\"https:\/\/www.one.org\/fr\/#\/schema\/person\/cf1f30f9800f0592ec3d61940be82003\",\"name\":\"Dana Khalil\",\"image\":{\"@type\":\"ImageObject\",\"inLanguage\":\"fr-FR\",\"@id\":\"https:\/\/www.one.org\/fr\/#\/schema\/person\/image\/\",\"url\":\"https:\/\/secure.gravatar.com\/avatar\/b0da536f00ccefadcc7aae4e64855977a5249adb1ac04162a69474e53a8d4c40?s=96&d=mm&r=g\",\"contentUrl\":\"https:\/\/secure.gravatar.com\/avatar\/b0da536f00ccefadcc7aae4e64855977a5249adb1ac04162a69474e53a8d4c40?s=96&d=mm&r=g\",\"caption\":\"Dana Khalil\"},\"url\":\"https:\/\/www.one.org\/fr\/actualites\/author\/danakhalil\/\"}]}<\/script>\n<!-- \/ Yoast SEO Premium plugin. -->","yoast_head_json":{"title":"Le peuple Mpondo contre Shell : les luttes environnementales vues du continent africain - ONE.org France","description":"Le proc\u00e8s men\u00e9 par le peuple Mpondo contre Shell montre un visage de l'Afrique souvent mal repr\u00e9sent\u00e9 : vaillante et forte d\u2019initiative.","robots":{"index":"index","follow":"follow","max-snippet":"max-snippet:-1","max-image-preview":"max-image-preview:large","max-video-preview":"max-video-preview:-1"},"canonical":"https:\/\/www.one.org\/fr\/actualites\/peuple-mpondo-shell\/","og_locale":"fr_FR","og_type":"article","og_title":"Le peuple Mpondo contre Shell : les luttes environnementales vues du continent africain","og_description":"Le proc\u00e8s men\u00e9 par le peuple Mpondo contre Shell montre un visage de l'Afrique souvent mal repr\u00e9sent\u00e9 : vaillante et forte d\u2019initiative.","og_url":"https:\/\/www.one.org\/fr\/actualites\/peuple-mpondo-shell\/","og_site_name":"ONE.org France","article_publisher":"https:\/\/www.facebook.com\/ONE.Fr","article_published_time":"2026-02-09T17:27:11+00:00","article_modified_time":"2026-02-09T17:27:13+00:00","og_image":[{"width":1280,"height":853,"url":"https:\/\/www.one.org\/fr\/wp-content\/uploads\/sites\/4\/2026\/02\/Mpondo_Dam_15989634533.jpg","type":"image\/jpeg"}],"author":"Dana Khalil","twitter_card":"summary_large_image","twitter_description":"Le proc\u00e8s men\u00e9 par le peuple Mpondo contre Shell montre un visage de l'Afrique souvent mal repr\u00e9sent\u00e9 : vaillante et forte d\u2019initiative.","twitter_creator":"@one_fr","twitter_site":"@one_fr","twitter_misc":{"Written by":"Dana Khalil","Est. reading time":"2 minutes"},"schema":{"@context":"https:\/\/schema.org","@graph":[{"@type":"Article","@id":"https:\/\/www.one.org\/fr\/actualites\/peuple-mpondo-shell\/#article","isPartOf":{"@id":"https:\/\/www.one.org\/fr\/actualites\/peuple-mpondo-shell\/"},"author":{"name":"Dana Khalil","@id":"https:\/\/www.one.org\/fr\/#\/schema\/person\/cf1f30f9800f0592ec3d61940be82003"},"headline":"Le peuple Mpondo contre Shell : les luttes environnementales vues du continent africain","datePublished":"2026-02-09T17:27:11+00:00","dateModified":"2026-02-09T17:27:13+00:00","mainEntityOfPage":{"@id":"https:\/\/www.one.org\/fr\/actualites\/peuple-mpondo-shell\/"},"wordCount":494,"image":{"@id":"https:\/\/www.one.org\/fr\/actualites\/peuple-mpondo-shell\/#primaryimage"},"thumbnailUrl":"https:\/\/www.one.org\/fr\/wp-content\/uploads\/sites\/4\/2026\/02\/Mpondo_Dam_15989634533.jpg","articleSection":["Opinion"],"inLanguage":"fr-FR"},{"@type":"WebPage","@id":"https:\/\/www.one.org\/fr\/actualites\/peuple-mpondo-shell\/","url":"https:\/\/www.one.org\/fr\/actualites\/peuple-mpondo-shell\/","name":"Le peuple Mpondo contre Shell : les luttes environnementales vues du continent africain - ONE.org France","isPartOf":{"@id":"https:\/\/www.one.org\/fr\/#website"},"primaryImageOfPage":{"@id":"https:\/\/www.one.org\/fr\/actualites\/peuple-mpondo-shell\/#primaryimage"},"image":{"@id":"https:\/\/www.one.org\/fr\/actualites\/peuple-mpondo-shell\/#primaryimage"},"thumbnailUrl":"https:\/\/www.one.org\/fr\/wp-content\/uploads\/sites\/4\/2026\/02\/Mpondo_Dam_15989634533.jpg","datePublished":"2026-02-09T17:27:11+00:00","dateModified":"2026-02-09T17:27:13+00:00","author":{"@id":"https:\/\/www.one.org\/fr\/#\/schema\/person\/cf1f30f9800f0592ec3d61940be82003"},"description":"Le proc\u00e8s men\u00e9 par le peuple Mpondo contre Shell montre un visage de l'Afrique souvent mal repr\u00e9sent\u00e9 : vaillante et forte d\u2019initiative.","breadcrumb":{"@id":"https:\/\/www.one.org\/fr\/actualites\/peuple-mpondo-shell\/#breadcrumb"},"inLanguage":"fr-FR","potentialAction":[{"@type":"ReadAction","target":["https:\/\/www.one.org\/fr\/actualites\/peuple-mpondo-shell\/"]}]},{"@type":"ImageObject","inLanguage":"fr-FR","@id":"https:\/\/www.one.org\/fr\/actualites\/peuple-mpondo-shell\/#primaryimage","url":"https:\/\/www.one.org\/fr\/wp-content\/uploads\/sites\/4\/2026\/02\/Mpondo_Dam_15989634533.jpg","contentUrl":"https:\/\/www.one.org\/fr\/wp-content\/uploads\/sites\/4\/2026\/02\/Mpondo_Dam_15989634533.jpg","width":1280,"height":853},{"@type":"BreadcrumbList","@id":"https:\/\/www.one.org\/fr\/actualites\/peuple-mpondo-shell\/#breadcrumb","itemListElement":[{"@type":"ListItem","position":1,"name":"Home","item":"https:\/\/www.one.org\/fr\/"},{"@type":"ListItem","position":2,"name":"Le peuple Mpondo contre Shell : les luttes environnementales vues du continent africain"}]},{"@type":"WebSite","@id":"https:\/\/www.one.org\/fr\/#website","url":"https:\/\/www.one.org\/fr\/","name":"ONE.org","description":"Cr\u00e9er des opportunit\u00e9s \u00e9conomiques et am\u00e9liorer la sant\u00e9 en Afrique","potentialAction":[{"@type":"SearchAction","target":{"@type":"EntryPoint","urlTemplate":"https:\/\/www.one.org\/fr\/?s={search_term_string}"},"query-input":{"@type":"PropertyValueSpecification","valueRequired":true,"valueName":"search_term_string"}}],"inLanguage":"fr-FR"},{"@type":"Person","@id":"https:\/\/www.one.org\/fr\/#\/schema\/person\/cf1f30f9800f0592ec3d61940be82003","name":"Dana Khalil","image":{"@type":"ImageObject","inLanguage":"fr-FR","@id":"https:\/\/www.one.org\/fr\/#\/schema\/person\/image\/","url":"https:\/\/secure.gravatar.com\/avatar\/b0da536f00ccefadcc7aae4e64855977a5249adb1ac04162a69474e53a8d4c40?s=96&d=mm&r=g","contentUrl":"https:\/\/secure.gravatar.com\/avatar\/b0da536f00ccefadcc7aae4e64855977a5249adb1ac04162a69474e53a8d4c40?s=96&d=mm&r=g","caption":"Dana Khalil"},"url":"https:\/\/www.one.org\/fr\/actualites\/author\/danakhalil\/"}]}},"distributor_meta":false,"distributor_terms":false,"distributor_media":false,"distributor_original_site_name":"ONE.org France","distributor_original_site_url":"https:\/\/www.one.org\/fr","push-errors":false,"_links":{"self":[{"href":"https:\/\/www.one.org\/fr\/wp-json\/wp\/v2\/posts\/166327","targetHints":{"allow":["GET"]}}],"collection":[{"href":"https:\/\/www.one.org\/fr\/wp-json\/wp\/v2\/posts"}],"about":[{"href":"https:\/\/www.one.org\/fr\/wp-json\/wp\/v2\/types\/post"}],"author":[{"embeddable":true,"href":"https:\/\/www.one.org\/fr\/wp-json\/wp\/v2\/users\/24"}],"replies":[{"embeddable":true,"href":"https:\/\/www.one.org\/fr\/wp-json\/wp\/v2\/comments?post=166327"}],"version-history":[{"count":0,"href":"https:\/\/www.one.org\/fr\/wp-json\/wp\/v2\/posts\/166327\/revisions"}],"wp:featuredmedia":[{"embeddable":true,"href":"https:\/\/www.one.org\/fr\/wp-json\/wp\/v2\/media\/166328"}],"wp:attachment":[{"href":"https:\/\/www.one.org\/fr\/wp-json\/wp\/v2\/media?parent=166327"}],"wp:term":[{"taxonomy":"category","embeddable":true,"href":"https:\/\/www.one.org\/fr\/wp-json\/wp\/v2\/categories?post=166327"},{"taxonomy":"post_tag","embeddable":true,"href":"https:\/\/www.one.org\/fr\/wp-json\/wp\/v2\/tags?post=166327"},{"taxonomy":"topic","embeddable":true,"href":"https:\/\/www.one.org\/fr\/wp-json\/wp\/v2\/topic?post=166327"},{"taxonomy":"contributor","embeddable":true,"href":"https:\/\/www.one.org\/fr\/wp-json\/wp\/v2\/contributor?post=166327"},{"taxonomy":"one_content_audience","embeddable":true,"href":"https:\/\/www.one.org\/fr\/wp-json\/wp\/v2\/one_content_audience?post=166327"},{"taxonomy":"one_content_type","embeddable":true,"href":"https:\/\/www.one.org\/fr\/wp-json\/wp\/v2\/one_content_type?post=166327"},{"taxonomy":"one_content_tone","embeddable":true,"href":"https:\/\/www.one.org\/fr\/wp-json\/wp\/v2\/one_content_tone?post=166327"}],"curies":[{"name":"wp","href":"https:\/\/api.w.org\/{rel}","templated":true}]}}