{"id":166300,"date":"2025-12-03T16:52:39","date_gmt":"2025-12-03T16:52:39","guid":{"rendered":"https:\/\/www.one.org\/fr\/?p=166300"},"modified":"2025-12-04T10:25:03","modified_gmt":"2025-12-04T10:25:03","slug":"recap-jeunes-ambassadeurs-2025","status":"publish","type":"post","link":"https:\/\/www.one.org\/fr\/actualites\/recap-jeunes-ambassadeurs-2025\/","title":{"rendered":"2025 : Une ann\u00e9e pour faire bouger les lignes !"},"content":{"rendered":"\n<p>Cette ann\u00e9e, les jeunes Ambassadeurs et Ambassadrices de ONE \u00e9taient au nombre de 42. Ag\u00e9\u00b7e\u00b7s de 20 \u00e0 33 ans, ils et elles ont d\u00e9cid\u00e9 de d\u00e9dier une ann\u00e9e de leur vie \u00e0 un engagement pour la solidarit\u00e9. Certain\u00b7e\u00b7s sont \u00e9tudiant\u00b7e\u00b7s, d\u2019autres salari\u00e9\u00b7e\u00b7s ou en recherche d\u2019emploi&nbsp;; des arri\u00e8res plans diff\u00e9rents mais uni\u00b7e\u00b7s par une volont\u00e9 commune : <strong>celle de faire entendre leur voix aupr\u00e8s des personnalit\u00e9s politiques en France et \u00e0 l\u2019international<\/strong> pour que ces derni\u00e8res prennent des actions concr\u00e8tes en faveur d\u2019un monde plus \u00e9galitaire, plus juste et prometteur.<\/p>\n\n\n\n<p>\u00catre jeune Ambassadeur ou Ambassadrice de ONE, c\u2019est aller \u00e0 la rencontre des d\u00e9cideurs et d\u00e9cideuses politiques pour aborder la question des in\u00e9galit\u00e9s mondiales qui restent extr\u00eamement criantes au XXIe si\u00e8cle ainsi que les cons\u00e9quences soci\u00e9tales qu&#8217;entra\u00eenent des crises \u00e9conomiques, sanitaires et climatiques sur les pays \u00e0 revenu faible ou interm\u00e9diaire, notamment en Afrique.<\/p>\n\n\n\n<p>A l\u2019occasion de la Journ\u00e9e internationale du b\u00e9n\u00e9volat, qui se tient tous les ans le 5 d\u00e9cembre, nous revenons sur les s\u00e9quences marquantes de cette ann\u00e9e d\u2019engagement au service de la solidarit\u00e9 internationale.<\/p>\n\n\n\n<h3 class=\"wp-block-heading\" id=\"h-un-debut-d-annee-sur-les-chapeaux-de-roues\"><a><\/a>Un d\u00e9but d\u2019ann\u00e9e sur les chapeaux de roues<\/h3>\n\n\n\n<p>Les jeunes Ambassadeurs et Ambassadrices ont \u00e9t\u00e9 accueilli\u00b7e\u00b7s par l\u2019\u00e9quipe de ONE lors <a href=\"https:\/\/www.one.org\/fr\/actualites\/42-jeunes-contre-defis-mondiaux\/\">du week-end de formation en mars dernier<\/a>. Deux journ\u00e9es rythm\u00e9es pour comprendre leur futur r\u00f4le, d\u00e9finir leur p\u00e9rim\u00e8tre d\u2019actions, comprendre les enjeux g\u00e9opolitiques actuels et bien s\u00fbr rencontrer le reste de la promotion.<\/p>\n\n\n\n<p>Cette journ\u00e9e a \u00e9t\u00e9 marqu\u00e9e par une visite importante, <a href=\"https:\/\/www.instagram.com\/p\/DHRQ4ABtBka\/\"><strong>celle de Thani Mohamed-Soilihi<\/strong><\/a><strong>, alors ministre d\u00e9l\u00e9gu\u00e9 charg\u00e9 de la Francophonie et des Partenariats internationaux.<\/strong> Cette rencontre avec l\u2019ancien ministre a permis de mieux comprendre les enjeux et probl\u00e9matiques actuels concernant l\u2019aide publique au d\u00e9veloppement, notamment sur les importantes baisses annonc\u00e9es par le gouvernement, et l\u2019avenir du r\u00f4le de la France en mati\u00e8re de solidarit\u00e9 internationale. Un moment fort pour nos activistes, leur permettant de se projeter plus concr\u00e8tement dans leur futur r\u00f4le et dans les actions \u00e0 poser pendant l\u2019ann\u00e9e.<\/p>\n\n\n\n<figure class=\"wp-block-image size-large\"><img loading=\"lazy\" decoding=\"async\" width=\"1024\" height=\"683\" src=\"https:\/\/www.one.org\/fr\/wp-content\/uploads\/sites\/4\/2025\/12\/359A0388-1024x683.jpg\" alt=\"\" class=\"wp-image-166301\" srcset=\"https:\/\/www.one.org\/fr\/wp-content\/uploads\/sites\/4\/2025\/12\/359A0388-1024x683.jpg 1024w, https:\/\/www.one.org\/fr\/wp-content\/uploads\/sites\/4\/2025\/12\/359A0388-300x200.jpg 300w, https:\/\/www.one.org\/fr\/wp-content\/uploads\/sites\/4\/2025\/12\/359A0388-768x512.jpg 768w, https:\/\/www.one.org\/fr\/wp-content\/uploads\/sites\/4\/2025\/12\/359A0388-1536x1024.jpg 1536w, https:\/\/www.one.org\/fr\/wp-content\/uploads\/sites\/4\/2025\/12\/359A0388-2048x1365.jpg 2048w, https:\/\/www.one.org\/fr\/wp-content\/uploads\/sites\/4\/2025\/12\/359A0388-16x11.jpg 16w, https:\/\/www.one.org\/fr\/wp-content\/uploads\/sites\/4\/2025\/12\/359A0388-320x213.jpg 320w, https:\/\/www.one.org\/fr\/wp-content\/uploads\/sites\/4\/2025\/12\/359A0388-640x427.jpg 640w, https:\/\/www.one.org\/fr\/wp-content\/uploads\/sites\/4\/2025\/12\/359A0388-800x533.jpg 800w, https:\/\/www.one.org\/fr\/wp-content\/uploads\/sites\/4\/2025\/12\/359A0388-1600x1067.jpg 1600w, https:\/\/www.one.org\/fr\/wp-content\/uploads\/sites\/4\/2025\/12\/359A0388-945x630.jpg 945w\" sizes=\"auto, (max-width: 1024px) 100vw, 1024px\" \/><figcaption class=\"wp-element-caption\">Les jeunes Ambassadeurs et Ambassadrices de ONE avec le ministre Thani Mohamed-Soilihi \u00a9 Louis Camelin<\/figcaption><\/figure>\n\n\n\n<h3 class=\"wp-block-heading\">Notre mobilisation pour la sant\u00e9 mondiale<\/h3>\n\n\n\n<p>Cette ann\u00e9e, Gavi, l\u2019Alliance du vaccin, tout comme le Fonds mondial de lutte contre le sida, la tuberculose et le paludisme, ont tenu leur conf\u00e9rence de reconstitution. Cet \u00e9v\u00e9nement a pour objectif de lever des fonds pour chaque organisation et d\u2019assurer la p\u00e9rennit\u00e9 de leurs programmes pour les ann\u00e9es \u00e0 venir.<\/p>\n\n\n\n<p>Gavi est une organisation internationale cr\u00e9\u00e9e en 2000 qui a pour but de rendre les vaccins accessibles aux enfants dans les pays pauvres. Elle a notamment permis de vacciner 1,2 milliard d\u2019enfants, \u00e9vitant ainsi plus de 20 millions de d\u00e9c\u00e8s potentiels.<\/p>\n\n\n\n<p>De son c\u00f4t\u00e9, le Fonds mondial a permis de sauver 70 millions de vies depuis sa cr\u00e9ation en 2002 et a permis de r\u00e9duire de 63 % le taux de mortalit\u00e9 combin\u00e9 du VIH\/sida, de la tuberculose et du paludisme.<\/p>\n\n\n\n<p>Leurs actions sont primordiales en Afrique, l\u00e0 o\u00f9 chaque ann\u00e9e des centaines de milliers d\u2019enfants meurent de maladies \u00e9vitables. Rien qu\u2019en 2023, l\u2019Organisation mondiale de la sant\u00e9 estime que <a href=\"https:\/\/www.who.int\/fr\/news-room\/fact-sheets\/detail\/malaria\">569\u202f000 personnes sont mortes du paludisme en Afrique<\/a> (les enfants de moins de 5 ans repr\u00e9sentant environ 76\u202f% de ces d\u00e9c\u00e8s) et des milliers d\u2019autres succombent chaque ann\u00e9e \u00e0 la tuberculose ou au VIH, alors que des vaccins ou traitements existent. Les contributions financi\u00e8res des pays les plus riches, tels que la France, y sont donc primordiales pour la lutte contre les maladies \u00e9vitables.<\/p>\n\n\n\n<p>C\u2019est pourquoi, tout au long de l\u2019ann\u00e9e, plusieurs jeunes Ambassadeurs et Ambassadrices ont cr\u00e9\u00e9 divers contenus sur les r\u00e9seaux sociaux et sur le site de ONE pour sensibiliser le public \u00e0 ces sujets cruciaux et l\u2019appeler \u00e0 agir \u00e0 leurs c\u00f4t\u00e9s. Ils et elles ont par ailleurs <strong>\u00e9t\u00e9 re\u00e7u au minist\u00e8re des Affaires \u00e9trang\u00e8res par Anne-Claire Amprou, Ambassadrice de la France pour la sant\u00e9 mondiale, <\/strong>afin d\u2019\u00e9changer avec elle sur la position et l\u2019engagement de la France sur ce sujet.<\/p>\n\n\n\n<figure class=\"wp-block-image size-large\"><img loading=\"lazy\" decoding=\"async\" width=\"1024\" height=\"768\" src=\"https:\/\/www.one.org\/fr\/wp-content\/uploads\/sites\/4\/2025\/12\/IMG_0354-1024x768.jpg\" alt=\"\" class=\"wp-image-166302\" srcset=\"https:\/\/www.one.org\/fr\/wp-content\/uploads\/sites\/4\/2025\/12\/IMG_0354-1024x768.jpg 1024w, https:\/\/www.one.org\/fr\/wp-content\/uploads\/sites\/4\/2025\/12\/IMG_0354-300x225.jpg 300w, https:\/\/www.one.org\/fr\/wp-content\/uploads\/sites\/4\/2025\/12\/IMG_0354-768x576.jpg 768w, https:\/\/www.one.org\/fr\/wp-content\/uploads\/sites\/4\/2025\/12\/IMG_0354-1536x1152.jpg 1536w, https:\/\/www.one.org\/fr\/wp-content\/uploads\/sites\/4\/2025\/12\/IMG_0354-2048x1536.jpg 2048w, https:\/\/www.one.org\/fr\/wp-content\/uploads\/sites\/4\/2025\/12\/IMG_0354-16x12.jpg 16w, https:\/\/www.one.org\/fr\/wp-content\/uploads\/sites\/4\/2025\/12\/IMG_0354-320x240.jpg 320w, https:\/\/www.one.org\/fr\/wp-content\/uploads\/sites\/4\/2025\/12\/IMG_0354-640x480.jpg 640w, https:\/\/www.one.org\/fr\/wp-content\/uploads\/sites\/4\/2025\/12\/IMG_0354-800x600.jpg 800w, https:\/\/www.one.org\/fr\/wp-content\/uploads\/sites\/4\/2025\/12\/IMG_0354-1600x1200.jpg 1600w, https:\/\/www.one.org\/fr\/wp-content\/uploads\/sites\/4\/2025\/12\/IMG_0354-840x630.jpg 840w\" sizes=\"auto, (max-width: 1024px) 100vw, 1024px\" \/><figcaption class=\"wp-element-caption\">Les jeunes Ambassadeurs et Ambassadrices de ONE avec l&#8217;Ambassadrice de la France pour la sant\u00e9 mondiale, Anne-Claire Amprou<\/figcaption><\/figure>\n\n\n\n<p>Mais notre mobilisation s\u2019est \u00e9galement \u00e9tendue \u00e0 l\u2019espace public, par exemple lors d\u2019une <a href=\"https:\/\/www.instagram.com\/p\/DIJImKJIm8R\/\">op\u00e9ration \u201cclean tags\u201d<\/a> ou lors d\u2019une <a href=\"https:\/\/www.instagram.com\/p\/DRPv_XGgrrP\/\">action conjointe avec d\u2019autres ONG<\/a> devant le minist\u00e8re de l\u2019Economie et des Finances visant \u00e0 d\u00e9noncer le d\u00e9sengagement financier de la France dans la lutte internationale contre le VIH\/sida, la tuberculose et le paludisme.<\/p>\n\n\n\n<h3 class=\"wp-block-heading\"><a><\/a>Un \u00e9t\u00e9 festif, engag\u00e9e et solidaire<\/h3>\n\n\n\n<p>Cet \u00e9t\u00e9, les jeunes Ambassadeurs et Ambassadrices \u00e9taient pr\u00e9sent\u00b7e\u00b7s aux c\u00f4t\u00e9s de ONE sur divers festivals : le Positif Festival le 10 mai, Les D\u00e9ferlantes du 26 au 29 juin et Lollapalooza du 18 au 20 juillet. L\u2019objectif de ces festivals est de sensibiliser le grand public aux causes d\u00e9fendues par ONE : la lutte pour un monde plus juste et solidaire.<\/p>\n\n\n\n<p>Ces festivals sont aussi l\u2019occasion pour nos b\u00e9n\u00e9voles de se retrouver ensemble dans un moment festif et convivial tout en s\u2019exer\u00e7ant \u00e0 sensibiliser, \u00e0 faire conna\u00eetre l\u2019ONG et d\u2019obtenir du soutien. Cette ann\u00e9e la mission principale consistait \u00e0 faire inscrire des messages par les festivalier\u00b7e\u00b7s sur des cartes postales \u00e0 envoyer au Pr\u00e9sident de la R\u00e9publique, Emmanuel Macron, et \u00e0 l\u2019ancien Premier ministre, Fran\u00e7ois Bayrou. Des cartes postales avec un objectif clair : demander au gouvernement de maintenir ses contributions financi\u00e8res en mati\u00e8re d\u2019aide publique au d\u00e9veloppement et dans le Fonds mondial. <strong>Au total, plus de 300 cartes ont \u00e9t\u00e9 collect\u00e9es et envoy\u00e9es.<\/strong><\/p>\n\n\n\n<p>Pour d\u00e9couvrir des t\u00e9moignages des jeunes Ambassadeurs et Ambassadrices ayant particip\u00e9 \u00e0 des festivals cet \u00e9t\u00e9, <a href=\"https:\/\/www.one.org\/fr\/actualites\/temoignages-mobilisation-festivals\/\">cliquez ici !<\/a><a><\/a><\/p>\n\n\n\n<figure class=\"wp-block-image size-large\"><img loading=\"lazy\" decoding=\"async\" width=\"1024\" height=\"768\" src=\"https:\/\/www.one.org\/fr\/wp-content\/uploads\/sites\/4\/2025\/12\/image00004-1024x768.jpeg\" alt=\"\" class=\"wp-image-166303\" srcset=\"https:\/\/www.one.org\/fr\/wp-content\/uploads\/sites\/4\/2025\/12\/image00004-1024x768.jpeg 1024w, https:\/\/www.one.org\/fr\/wp-content\/uploads\/sites\/4\/2025\/12\/image00004-300x225.jpeg 300w, https:\/\/www.one.org\/fr\/wp-content\/uploads\/sites\/4\/2025\/12\/image00004-768x576.jpeg 768w, https:\/\/www.one.org\/fr\/wp-content\/uploads\/sites\/4\/2025\/12\/image00004-1536x1152.jpeg 1536w, https:\/\/www.one.org\/fr\/wp-content\/uploads\/sites\/4\/2025\/12\/image00004-16x12.jpeg 16w, https:\/\/www.one.org\/fr\/wp-content\/uploads\/sites\/4\/2025\/12\/image00004-320x240.jpeg 320w, https:\/\/www.one.org\/fr\/wp-content\/uploads\/sites\/4\/2025\/12\/image00004-640x480.jpeg 640w, https:\/\/www.one.org\/fr\/wp-content\/uploads\/sites\/4\/2025\/12\/image00004-800x600.jpeg 800w, https:\/\/www.one.org\/fr\/wp-content\/uploads\/sites\/4\/2025\/12\/image00004-1600x1200.jpeg 1600w, https:\/\/www.one.org\/fr\/wp-content\/uploads\/sites\/4\/2025\/12\/image00004-840x630.jpeg 840w, https:\/\/www.one.org\/fr\/wp-content\/uploads\/sites\/4\/2025\/12\/image00004.jpeg 2048w\" sizes=\"auto, (max-width: 1024px) 100vw, 1024px\" \/><figcaption class=\"wp-element-caption\">Les jeunes Ambassadeurs et Ambassadrices de ONE au festival des D\u00e9ferlantes en juin 2025<\/figcaption><\/figure>\n\n\n\n<h3 class=\"wp-block-heading\" id=\"h-mobilisation-citoyenne-en-faveur-de-l-aide-publique-au-developpement\">Mobilisation citoyenne en faveur de l\u2019aide publique au d\u00e9veloppement<\/h3>\n\n\n\n<p>Face \u00e0 un d\u00e9sengagement particuli\u00e8rement inqui\u00e9tant de la France vis-\u00e0-vis du financement de la solidarit\u00e9 internationale, nous nous sommes mobilis\u00e9\u00b7e\u00b7s tout au long de cette ann\u00e9e pour d\u00e9fendre le r\u00e9tablissement du budget de l\u2019aide publique au d\u00e9veloppement, indispensable \u00e0 tant de vies humaines \u00e0 travers le monde.<\/p>\n\n\n\n<p>Cet \u00e9t\u00e9, \u00e0 la suite de l\u2019annonce d\u2019une coupe suppl\u00e9mentaire de 700 millions d\u2019euros pr\u00e9vue pour 2026, nous nous sommes rendu\u00b7e\u00b7s <a href=\"https:\/\/www.instagram.com\/p\/DMnnAkZOV4S\/\">devant le <\/a><a href=\"https:\/\/www.instagram.com\/p\/DMnnAkZOV4S\/\">m<\/a><a href=\"https:\/\/www.instagram.com\/p\/DMnnAkZOV4S\/\">inist\u00e8re de l\u2019Economie et des Finances<\/a> pour d\u00e9noncer de mani\u00e8re pacifique les coupes massives op\u00e9r\u00e9es par le gouvernement sur le budget de la solidarit\u00e9 internationale.<\/p>\n\n\n\n<figure class=\"wp-block-image size-large\"><img loading=\"lazy\" decoding=\"async\" width=\"1024\" height=\"768\" src=\"https:\/\/www.one.org\/fr\/wp-content\/uploads\/sites\/4\/2025\/12\/IMG_1830-1024x768.jpg\" alt=\"\" class=\"wp-image-166304\" srcset=\"https:\/\/www.one.org\/fr\/wp-content\/uploads\/sites\/4\/2025\/12\/IMG_1830-1024x768.jpg 1024w, https:\/\/www.one.org\/fr\/wp-content\/uploads\/sites\/4\/2025\/12\/IMG_1830-300x225.jpg 300w, https:\/\/www.one.org\/fr\/wp-content\/uploads\/sites\/4\/2025\/12\/IMG_1830-768x576.jpg 768w, https:\/\/www.one.org\/fr\/wp-content\/uploads\/sites\/4\/2025\/12\/IMG_1830-1536x1152.jpg 1536w, https:\/\/www.one.org\/fr\/wp-content\/uploads\/sites\/4\/2025\/12\/IMG_1830-2048x1536.jpg 2048w, https:\/\/www.one.org\/fr\/wp-content\/uploads\/sites\/4\/2025\/12\/IMG_1830-16x12.jpg 16w, https:\/\/www.one.org\/fr\/wp-content\/uploads\/sites\/4\/2025\/12\/IMG_1830-320x240.jpg 320w, https:\/\/www.one.org\/fr\/wp-content\/uploads\/sites\/4\/2025\/12\/IMG_1830-640x480.jpg 640w, https:\/\/www.one.org\/fr\/wp-content\/uploads\/sites\/4\/2025\/12\/IMG_1830-800x600.jpg 800w, https:\/\/www.one.org\/fr\/wp-content\/uploads\/sites\/4\/2025\/12\/IMG_1830-1600x1200.jpg 1600w, https:\/\/www.one.org\/fr\/wp-content\/uploads\/sites\/4\/2025\/12\/IMG_1830-840x630.jpg 840w\" sizes=\"auto, (max-width: 1024px) 100vw, 1024px\" \/><figcaption class=\"wp-element-caption\">Les jeunes Ambassadeurs et Ambassadrices de ONE se mobilisent devant le minist\u00e8re de l&#8217;Economie et des Finances<\/figcaption><\/figure>\n\n\n\n<p>Pour aller plus loin dans notre mobilisation, nous avons \u00e9galement organis\u00e9 <a href=\"https:\/\/www.instagram.com\/p\/DQCeSrYiHKb\/\">des \u201cJourn\u00e9es de <\/a><a href=\"https:\/\/www.instagram.com\/p\/DQCeSrYiHKb\/\">p<\/a><a href=\"https:\/\/www.instagram.com\/p\/DQCeSrYiHKb\/\">laidoyer\u201d<\/a> qui ont eu lieu les 6, 7 et 8 octobre. Dans le cadre de cet \u00e9v\u00e8nement<strong>, nous avons pris contact avec une centaine de d\u00e9put\u00e9\u00b7e\u00b7s <\/strong><a href=\"https:\/\/www.one.org\/fr\/actualites\/mobilisation-assemblee-nationale-2025\/\"><strong>et r\u00e9ussi \u00e0 en rencontrer quatre<\/strong><\/a><strong>, y compris El\u00e9onore Caroit qui a \u00e9t\u00e9 nomm\u00e9e ministre d\u00e9l\u00e9gu\u00e9e charg\u00e9e de la Francophonie, des Partenariats internationaux et des Fran\u00e7ais de l\u2019\u00e9tranger quelques jours seulement apr\u00e8s notre rencontre.<\/strong> Nous avons \u00e9chang\u00e9 avec elles et eux sur le r\u00f4le cl\u00e9 de l\u2019aide internationale dans un monde o\u00f9 les crises ne cessent de se multiplier et se superposer les unes aux autres. A un moment o\u00f9 la solidarit\u00e9 internationale est plus que jamais cruciale, ces rendez-vous de plaidoyer nous ont permis d\u2019obtenir des engagements significatifs : gr\u00e2ce \u00e0 la mobilisation des d\u00e9put\u00e9\u00b7e\u00b7s que nous avons rencontr\u00e9\u00b7e\u00b7s, des amendements visant \u00e0 prot\u00e9ger et am\u00e9liorer l\u2019aide publique au d\u00e9veloppement ont \u00e9t\u00e9 adopt\u00e9\u00b7e\u00b7s \u00e0 l\u2019Assembl\u00e9e nationale !<\/p>\n\n\n\n<p>Notre mobilisation est \u00e9galement pass\u00e9e par les r\u00e9seaux sociaux, o\u00f9 les jeunes Ambassadeurs et Ambassadrices ont cr\u00e9\u00e9 <a href=\"https:\/\/www.instagram.com\/p\/DOBuzrhkhQF\/\">de nombreux contenus informatifs<\/a> et appel\u00e9 au soutien du grand public.<\/p>\n\n\n\n<figure class=\"wp-block-image size-large\"><img loading=\"lazy\" decoding=\"async\" width=\"1024\" height=\"768\" src=\"https:\/\/www.one.org\/fr\/wp-content\/uploads\/sites\/4\/2025\/12\/IMG_2211-1024x768.jpg\" alt=\"\" class=\"wp-image-166305\" srcset=\"https:\/\/www.one.org\/fr\/wp-content\/uploads\/sites\/4\/2025\/12\/IMG_2211-1024x768.jpg 1024w, https:\/\/www.one.org\/fr\/wp-content\/uploads\/sites\/4\/2025\/12\/IMG_2211-300x225.jpg 300w, https:\/\/www.one.org\/fr\/wp-content\/uploads\/sites\/4\/2025\/12\/IMG_2211-768x576.jpg 768w, https:\/\/www.one.org\/fr\/wp-content\/uploads\/sites\/4\/2025\/12\/IMG_2211-1536x1152.jpg 1536w, https:\/\/www.one.org\/fr\/wp-content\/uploads\/sites\/4\/2025\/12\/IMG_2211-2048x1536.jpg 2048w, https:\/\/www.one.org\/fr\/wp-content\/uploads\/sites\/4\/2025\/12\/IMG_2211-16x12.jpg 16w, https:\/\/www.one.org\/fr\/wp-content\/uploads\/sites\/4\/2025\/12\/IMG_2211-320x240.jpg 320w, https:\/\/www.one.org\/fr\/wp-content\/uploads\/sites\/4\/2025\/12\/IMG_2211-640x480.jpg 640w, https:\/\/www.one.org\/fr\/wp-content\/uploads\/sites\/4\/2025\/12\/IMG_2211-800x600.jpg 800w, https:\/\/www.one.org\/fr\/wp-content\/uploads\/sites\/4\/2025\/12\/IMG_2211-1600x1200.jpg 1600w, https:\/\/www.one.org\/fr\/wp-content\/uploads\/sites\/4\/2025\/12\/IMG_2211-840x630.jpg 840w\" sizes=\"auto, (max-width: 1024px) 100vw, 1024px\" \/><figcaption class=\"wp-element-caption\">Les jeunes Ambassadeurs et Ambassadrices de ONE avec la d\u00e9put\u00e9e, et d\u00e9sormais ministre, El\u00e9onore Caroit<\/figcaption><\/figure>\n\n\n\n<h3 class=\"wp-block-heading\">Sommet de ONE \u00e0 Bruxelles<\/h3>\n\n\n\n<p>L\u2019Europe \u00e9tant l\u2019un des grands acteurs du financement de la solidarit\u00e9 internationale, nous avons particip\u00e9 au Sommet de ONE qui s\u2019est tenu les 13-15 octobre \u00e0 Bruxelles afin de renforcer le budget de l\u2019Union europ\u00e9enne pour 2028-2034. <strong>Une centaine d\u2019activistes de ONE d\u2019Europe et d\u2019Afrique \u00e9taient r\u00e9uni\u00b7e\u00b7s \u00e0 cette occasion, la premi\u00e8re fois depuis 2019&nbsp;!<\/strong><\/p>\n\n\n\n<p>Nous avons rencontr\u00e9 une vingtaine d\u2019eurod\u00e9put\u00e9\u00b7e\u00b7s au Parlement europ\u00e9en de Bruxelles afin d\u2019obtenir leur soutien vis-\u00e0-vis de nos demandes en mati\u00e8re de solidarit\u00e9 internationale. La plupart des rendez-vous ont \u00e9t\u00e9 fructueux et ont permis d\u2019envisager des pistes d\u2019actions en vue du prochain budget \u00e0 long terme de l\u2019UE.<\/p>\n\n\n\n<figure class=\"wp-block-image size-large\"><img loading=\"lazy\" decoding=\"async\" width=\"1024\" height=\"704\" src=\"https:\/\/www.one.org\/fr\/wp-content\/uploads\/sites\/4\/2025\/12\/544A7538-1024x704.jpg\" alt=\"\" class=\"wp-image-166306\" srcset=\"https:\/\/www.one.org\/fr\/wp-content\/uploads\/sites\/4\/2025\/12\/544A7538-1024x704.jpg 1024w, https:\/\/www.one.org\/fr\/wp-content\/uploads\/sites\/4\/2025\/12\/544A7538-300x206.jpg 300w, https:\/\/www.one.org\/fr\/wp-content\/uploads\/sites\/4\/2025\/12\/544A7538-768x528.jpg 768w, https:\/\/www.one.org\/fr\/wp-content\/uploads\/sites\/4\/2025\/12\/544A7538-1536x1056.jpg 1536w, https:\/\/www.one.org\/fr\/wp-content\/uploads\/sites\/4\/2025\/12\/544A7538-2048x1408.jpg 2048w, https:\/\/www.one.org\/fr\/wp-content\/uploads\/sites\/4\/2025\/12\/544A7538-16x11.jpg 16w, https:\/\/www.one.org\/fr\/wp-content\/uploads\/sites\/4\/2025\/12\/544A7538-320x220.jpg 320w, https:\/\/www.one.org\/fr\/wp-content\/uploads\/sites\/4\/2025\/12\/544A7538-640x440.jpg 640w, https:\/\/www.one.org\/fr\/wp-content\/uploads\/sites\/4\/2025\/12\/544A7538-800x550.jpg 800w, https:\/\/www.one.org\/fr\/wp-content\/uploads\/sites\/4\/2025\/12\/544A7538-1600x1100.jpg 1600w, https:\/\/www.one.org\/fr\/wp-content\/uploads\/sites\/4\/2025\/12\/544A7538-916x630.jpg 916w\" sizes=\"auto, (max-width: 1024px) 100vw, 1024px\" \/><figcaption class=\"wp-element-caption\">Les jeunes Ambassadeurs et Ambassadrices de ONE devant le Parlement europ\u00e9en \u00e0 Bruxelles \u00a9 Unbthrd Studio<\/figcaption><\/figure>\n\n\n\n<h3 class=\"wp-block-heading\">Le Forum de Paris sur la Paix<\/h3>\n\n\n\n<p>Le 29 et le 30 octobre, les jeunes Ambassadeurs et Ambassadrices de ONE ont particip\u00e9 au Forum de Paris sur la Paix. Ils et elles ont ainsi pu s\u2019immerger au c\u0153ur des grands enjeux de la coop\u00e9ration internationale \u00e0 travers des panels portant notamment sur la crise de la dette, la r\u00e9forme de la finance du d\u00e9veloppement ou encore la place des enfants, en particulier des filles, dans les politiques publiques. Dans un contexte mondial marqu\u00e9 par les crises humanitaires, ces \u00e9changes ont rappel\u00e9 l\u2019urgence et l\u2019importance de l\u2019acc\u00e8s \u00e0 des financements \u00e9quitables.<\/p>\n\n\n\n<p>Les jeunes Ambassadeurs et Ambassdrices ont \u00e9galement eu l\u2019occasion de <strong>rencontrer le d\u00e9put\u00e9 fran\u00e7ais Bruno Fuchs, pr\u00e9sident de la commission des Affaires \u00e9trang\u00e8res \u00e0 l\u2019Assembl\u00e9e nationale<\/strong>, avec qui ils ont \u00e9chang\u00e9 sur le travail men\u00e9 par ONE, rappelant le r\u00f4le cl\u00e9 de la France en mati\u00e8re d\u2019aide publique au d\u00e9veloppement.<\/p>\n\n\n\n<p>\u00c0 travers leur participation au Forum de Paris sur la Paix, les jeunes Ambassadeurs et Ambassadrices ont port\u00e9 la voix de la jeunesse au sein de grands espaces de r\u00e9flexion et de dialogue international, renfor\u00e7ant ainsi notre plaidoyer.<\/p>\n\n\n\n<figure class=\"wp-block-image size-large\"><img loading=\"lazy\" decoding=\"async\" width=\"1024\" height=\"768\" src=\"https:\/\/www.one.org\/fr\/wp-content\/uploads\/sites\/4\/2025\/12\/WhatsApp-Image-2025-10-29-at-15.46.25-1-1024x768.jpeg\" alt=\"\" class=\"wp-image-166307\" srcset=\"https:\/\/www.one.org\/fr\/wp-content\/uploads\/sites\/4\/2025\/12\/WhatsApp-Image-2025-10-29-at-15.46.25-1-1024x768.jpeg 1024w, https:\/\/www.one.org\/fr\/wp-content\/uploads\/sites\/4\/2025\/12\/WhatsApp-Image-2025-10-29-at-15.46.25-1-300x225.jpeg 300w, https:\/\/www.one.org\/fr\/wp-content\/uploads\/sites\/4\/2025\/12\/WhatsApp-Image-2025-10-29-at-15.46.25-1-768x576.jpeg 768w, https:\/\/www.one.org\/fr\/wp-content\/uploads\/sites\/4\/2025\/12\/WhatsApp-Image-2025-10-29-at-15.46.25-1-1536x1152.jpeg 1536w, https:\/\/www.one.org\/fr\/wp-content\/uploads\/sites\/4\/2025\/12\/WhatsApp-Image-2025-10-29-at-15.46.25-1-16x12.jpeg 16w, https:\/\/www.one.org\/fr\/wp-content\/uploads\/sites\/4\/2025\/12\/WhatsApp-Image-2025-10-29-at-15.46.25-1-320x240.jpeg 320w, https:\/\/www.one.org\/fr\/wp-content\/uploads\/sites\/4\/2025\/12\/WhatsApp-Image-2025-10-29-at-15.46.25-1-640x480.jpeg 640w, https:\/\/www.one.org\/fr\/wp-content\/uploads\/sites\/4\/2025\/12\/WhatsApp-Image-2025-10-29-at-15.46.25-1-800x600.jpeg 800w, https:\/\/www.one.org\/fr\/wp-content\/uploads\/sites\/4\/2025\/12\/WhatsApp-Image-2025-10-29-at-15.46.25-1-1600x1200.jpeg 1600w, https:\/\/www.one.org\/fr\/wp-content\/uploads\/sites\/4\/2025\/12\/WhatsApp-Image-2025-10-29-at-15.46.25-1-840x630.jpeg 840w, https:\/\/www.one.org\/fr\/wp-content\/uploads\/sites\/4\/2025\/12\/WhatsApp-Image-2025-10-29-at-15.46.25-1.jpeg 2048w\" sizes=\"auto, (max-width: 1024px) 100vw, 1024px\" \/><figcaption class=\"wp-element-caption\">Les jeunes Ambassadeurs et Ambassadrices de ONE au Forum de Paris sur la Paix en octobre 2025<\/figcaption><\/figure>\n\n\n\n<h3 class=\"wp-block-heading\">Quelques t\u00e9moignages<\/h3>\n\n\n\n<p><strong>Duru<\/strong><\/p>\n\n\n\n<p><em>L\u2019engagement en tant que jeune Ambassadrice chez ONE repr\u00e9sente une lueur d\u2019espoir pour moi en me permettant d\u2019attaquer les causes profondes des in\u00e9galit\u00e9s qui se manifestent \u00e0 l\u2019\u00e9chelle mondiale. En effet, le plaidoyer port\u00e9 par ONE m\u2019aide \u00e0 me retrouver avec d\u2019autres personnes qui partagent la m\u00eame conviction que moi et \u00e0 mieux faire entendre ma voix autour de celles et ceux qui ont le pouvoir de faire \u00e9voluer les choses ! <\/em><\/p>\n\n\n\n<p><strong>Laurina<\/strong><\/p>\n\n\n\n<p><em>\u00catre jeune Ambassadrice de ONE a \u00e9t\u00e9 pour moi le reflet de mes engagements profonds en faveur de la solidarit\u00e9 internationale. Cette exp\u00e9rience m\u2019a permis de poser des actions concr\u00e8tes \u00e0 mon \u00e9chelle pour sensibiliser, d\u00e9fendre et faire entendre ma voix de jeune engag\u00e9e. C\u2019est une exp\u00e9rience qui m\u2019a particuli\u00e8rement enrichie int\u00e9rieurement et professionnellement, tant elle s\u2019aligne parfaitement avec qui je suis et mes aspirations futures. \u00catre cheffe du groupe r\u00e9daction de cette ann\u00e9e m\u2019a permis d\u2019apprendre \u00e0 superviser, travailler en \u00e9quipe tout en alliant ma passion pour la r\u00e9daction \u00e0 une cause empreinte de sens. Et c\u2019est que j\u2019aime chez ONE : la possibilit\u00e9 de s\u2019engager en fonction de nos app\u00e9tences et centres d\u2019int\u00e9r\u00eat.<\/em><\/p>\n\n\n\n<p><strong>Rania <\/strong><\/p>\n\n\n\n<p><em>Cette premi\u00e8re ann\u00e9e en tant que jeune Ambassadrice de ONE a \u00e9t\u00e9 tr\u00e8s enrichissante pour moi. J\u2019ai pu gagner en connaissances et en pratique, notamment sur ma compr\u00e9hension des enjeux li\u00e9s \u00e0 la sant\u00e9 mondiale et au plaidoyer. Gr\u00e2ce \u00e0 mon r\u00f4le de jeune Ambassadrice, j\u2019ai eu la chance d\u2019acc\u00e9der \u00e0 des espaces de dialogue comme le minist\u00e8re des Affaires \u00e9trang\u00e8res ou le Forum de Paris sur la Paix. Mais au-del\u00e0 de ces opportunit\u00e9s, je retiens la bienveillance et l\u2019engagement des autres jeunes Ambassadeurs et Ambassadrices qui me touchent et m\u2019inspirent particuli\u00e8rement. \u00catre entour\u00e9e de personnes aux parcours et aux histoires si vari\u00e9s mais qui ont les m\u00eames valeurs est certainement la chose qui me donne le plus d\u2019espoir, dans notre contexte mondial rempli d\u2019incertitudes. Chez ONE, chaque voix compte et la solidarit\u00e9 prend tout son sens.<\/em><\/p>\n\n\n\n<p>&#8212;&#8212;&#8212;&#8212;&#8211;<\/p>\n\n\n\n<p><em>Ce billet de blog a \u00e9t\u00e9 r\u00e9dig\u00e9 par Duru, Laurina et Rania, jeunes Ambassadrices de ONE<\/em><\/p>\n\n\n\n<div class=\"wp-block-group oneorg-block-group oneorg-block-group-impact oneorg-block-group-impact--cta has-light-color has-dark-background-color has-text-color has-background has-global-padding is-layout-constrained wp-block-group-is-layout-constrained\">\n<div class=\"wp-block-group is-layout-flow wp-block-group-is-layout-flow\">\n<h2 class=\"wp-block-heading has-text-align-center has-neon-color has-text-color\" id=\"h-cela-vous-inspire\">Cela vous inspire ?<\/h2>\n\n\n\n<p class=\"has-text-align-center\">Devenez jeune Ambassadeur ou Ambassadrice de ONE en 2026 !<\/p>\n\n\n\n<div class=\"wp-block-buttons is-content-justification-center is-layout-flex wp-container-core-buttons-is-layout-a89b3969 wp-block-buttons-is-layout-flex\">\n<div class=\"wp-block-button\"><a class=\"wp-block-button__link wp-element-button\" href=\"https:\/\/act.one.org\/survey\/jeunes-ambassadeurs-2026\/\">Je candidate !<\/a><\/div>\n<\/div>\n<\/div>\n<\/div>\n\n\n\n<p><\/p>\n<div class=\"buffer\"><\/div>","protected":false},"excerpt":{"rendered":"<p>Tout au long de l\u2019ann\u00e9e, les jeunes Ambassadeurs et Ambassadrices de ONE ont fait entendre leur voix sur les enjeux de solidarit\u00e9 internationale. Retour sur les moments cl\u00e9s de l\u2019ann\u00e9e.<\/p>\n","protected":false},"author":70,"featured_media":166306,"comment_status":"closed","ping_status":"closed","sticky":false,"template":"","format":"standard","meta":{"_acf_changed":false,"_relevanssi_hide_post":"","_relevanssi_hide_content":"","_relevanssi_pin_for_all":"","_relevanssi_pin_keywords":"","_relevanssi_unpin_keywords":"","_relevanssi_related_keywords":"","_relevanssi_related_include_ids":"","_relevanssi_related_exclude_ids":"","_relevanssi_related_no_append":"","_relevanssi_related_not_related":"","_relevanssi_related_posts":"162540,162672,162607,162665,162563,162592","_relevanssi_noindex_reason":"","footnotes":""},"categories":[76],"tags":[],"topic":[48],"contributor":[81],"one_content_audience":[],"one_content_type":[],"one_content_tone":[],"class_list":["post-166300","post","type-post","status-publish","format-standard","has-post-thumbnail","hentry","category-campagnes","topic-jeunes-ambassadeurrices-de-one","contributor-jeunes-ambassadrices-de-one"],"acf":[],"yoast_head":"<!-- This site is optimized with the Yoast SEO Premium plugin v27.1 (Yoast SEO v27.1.1) - https:\/\/yoast.com\/product\/yoast-seo-premium-wordpress\/ -->\n<title>2025 : Une ann\u00e9e pour faire bouger les lignes ! - ONE.org France<\/title>\n<meta name=\"description\" content=\"Tout au long de l\u2019ann\u00e9e, les jeunes Ambassadeurs de ONE ont fait entendre leur voix sur les enjeux de solidarit\u00e9 internationale.\" \/>\n<meta name=\"robots\" content=\"index, follow, max-snippet:-1, max-image-preview:large, max-video-preview:-1\" \/>\n<link rel=\"canonical\" href=\"https:\/\/www.one.org\/fr\/actualites\/recap-jeunes-ambassadeurs-2025\/\" \/>\n<meta property=\"og:locale\" content=\"fr_FR\" \/>\n<meta property=\"og:type\" content=\"article\" \/>\n<meta property=\"og:title\" content=\"2025 : Une ann\u00e9e pour faire bouger les lignes !\" \/>\n<meta property=\"og:description\" content=\"Tout au long de l\u2019ann\u00e9e, les jeunes Ambassadeurs de ONE ont fait entendre leur voix sur les enjeux de solidarit\u00e9 internationale.\" \/>\n<meta property=\"og:url\" content=\"https:\/\/www.one.org\/fr\/actualites\/recap-jeunes-ambassadeurs-2025\/\" \/>\n<meta property=\"og:site_name\" content=\"ONE.org France\" \/>\n<meta property=\"article:publisher\" content=\"https:\/\/www.facebook.com\/ONE.Fr\" \/>\n<meta property=\"article:published_time\" content=\"2025-12-03T16:52:39+00:00\" \/>\n<meta property=\"article:modified_time\" content=\"2025-12-04T10:25:03+00:00\" \/>\n<meta property=\"og:image\" content=\"https:\/\/www.one.org\/fr\/wp-content\/uploads\/sites\/4\/2025\/12\/544A7538-scaled.jpg\" \/>\n\t<meta property=\"og:image:width\" content=\"2560\" \/>\n\t<meta property=\"og:image:height\" content=\"1760\" \/>\n\t<meta property=\"og:image:type\" content=\"image\/jpeg\" \/>\n<meta name=\"author\" content=\"Ciara Kristensen\" \/>\n<meta name=\"twitter:card\" content=\"summary_large_image\" \/>\n<meta name=\"twitter:description\" content=\"Tout au long de l\u2019ann\u00e9e, les jeunes Ambassadeurs de ONE ont fait entendre leur voix sur les enjeux de solidarit\u00e9 internationale.\" \/>\n<meta name=\"twitter:creator\" content=\"@one_fr\" \/>\n<meta name=\"twitter:site\" content=\"@one_fr\" \/>\n<meta name=\"twitter:label1\" content=\"Written by\" \/>\n\t<meta name=\"twitter:data1\" content=\"Ciara Kristensen\" \/>\n\t<meta name=\"twitter:label2\" content=\"Est. reading time\" \/>\n\t<meta name=\"twitter:data2\" content=\"11 minutes\" \/>\n<script type=\"application\/ld+json\" class=\"yoast-schema-graph\">{\"@context\":\"https:\/\/schema.org\",\"@graph\":[{\"@type\":\"Article\",\"@id\":\"https:\/\/www.one.org\/fr\/actualites\/recap-jeunes-ambassadeurs-2025\/#article\",\"isPartOf\":{\"@id\":\"https:\/\/www.one.org\/fr\/actualites\/recap-jeunes-ambassadeurs-2025\/\"},\"author\":{\"name\":\"Ciara Kristensen\",\"@id\":\"https:\/\/www.one.org\/fr\/#\/schema\/person\/780c50e9a8a070ae5fda678e26f56dce\"},\"headline\":\"2025 : Une ann\u00e9e pour faire bouger les lignes !\",\"datePublished\":\"2025-12-03T16:52:39+00:00\",\"dateModified\":\"2025-12-04T10:25:03+00:00\",\"mainEntityOfPage\":{\"@id\":\"https:\/\/www.one.org\/fr\/actualites\/recap-jeunes-ambassadeurs-2025\/\"},\"wordCount\":2184,\"image\":{\"@id\":\"https:\/\/www.one.org\/fr\/actualites\/recap-jeunes-ambassadeurs-2025\/#primaryimage\"},\"thumbnailUrl\":\"https:\/\/www.one.org\/fr\/wp-content\/uploads\/sites\/4\/2025\/12\/544A7538-scaled.jpg\",\"articleSection\":[\"Campagnes\"],\"inLanguage\":\"fr-FR\"},{\"@type\":\"WebPage\",\"@id\":\"https:\/\/www.one.org\/fr\/actualites\/recap-jeunes-ambassadeurs-2025\/\",\"url\":\"https:\/\/www.one.org\/fr\/actualites\/recap-jeunes-ambassadeurs-2025\/\",\"name\":\"2025 : Une ann\u00e9e pour faire bouger les lignes ! - ONE.org France\",\"isPartOf\":{\"@id\":\"https:\/\/www.one.org\/fr\/#website\"},\"primaryImageOfPage\":{\"@id\":\"https:\/\/www.one.org\/fr\/actualites\/recap-jeunes-ambassadeurs-2025\/#primaryimage\"},\"image\":{\"@id\":\"https:\/\/www.one.org\/fr\/actualites\/recap-jeunes-ambassadeurs-2025\/#primaryimage\"},\"thumbnailUrl\":\"https:\/\/www.one.org\/fr\/wp-content\/uploads\/sites\/4\/2025\/12\/544A7538-scaled.jpg\",\"datePublished\":\"2025-12-03T16:52:39+00:00\",\"dateModified\":\"2025-12-04T10:25:03+00:00\",\"author\":{\"@id\":\"https:\/\/www.one.org\/fr\/#\/schema\/person\/780c50e9a8a070ae5fda678e26f56dce\"},\"description\":\"Tout au long de l\u2019ann\u00e9e, les jeunes Ambassadeurs de ONE ont fait entendre leur voix sur les enjeux de solidarit\u00e9 internationale.\",\"breadcrumb\":{\"@id\":\"https:\/\/www.one.org\/fr\/actualites\/recap-jeunes-ambassadeurs-2025\/#breadcrumb\"},\"inLanguage\":\"fr-FR\",\"potentialAction\":[{\"@type\":\"ReadAction\",\"target\":[\"https:\/\/www.one.org\/fr\/actualites\/recap-jeunes-ambassadeurs-2025\/\"]}]},{\"@type\":\"ImageObject\",\"inLanguage\":\"fr-FR\",\"@id\":\"https:\/\/www.one.org\/fr\/actualites\/recap-jeunes-ambassadeurs-2025\/#primaryimage\",\"url\":\"https:\/\/www.one.org\/fr\/wp-content\/uploads\/sites\/4\/2025\/12\/544A7538-scaled.jpg\",\"contentUrl\":\"https:\/\/www.one.org\/fr\/wp-content\/uploads\/sites\/4\/2025\/12\/544A7538-scaled.jpg\",\"width\":2560,\"height\":1760},{\"@type\":\"BreadcrumbList\",\"@id\":\"https:\/\/www.one.org\/fr\/actualites\/recap-jeunes-ambassadeurs-2025\/#breadcrumb\",\"itemListElement\":[{\"@type\":\"ListItem\",\"position\":1,\"name\":\"Home\",\"item\":\"https:\/\/www.one.org\/fr\/\"},{\"@type\":\"ListItem\",\"position\":2,\"name\":\"2025 : Une ann\u00e9e pour faire bouger les lignes !\"}]},{\"@type\":\"WebSite\",\"@id\":\"https:\/\/www.one.org\/fr\/#website\",\"url\":\"https:\/\/www.one.org\/fr\/\",\"name\":\"ONE.org\",\"description\":\"Cr\u00e9er des opportunit\u00e9s \u00e9conomiques et am\u00e9liorer la sant\u00e9 en Afrique\",\"potentialAction\":[{\"@type\":\"SearchAction\",\"target\":{\"@type\":\"EntryPoint\",\"urlTemplate\":\"https:\/\/www.one.org\/fr\/?s={search_term_string}\"},\"query-input\":{\"@type\":\"PropertyValueSpecification\",\"valueRequired\":true,\"valueName\":\"search_term_string\"}}],\"inLanguage\":\"fr-FR\"},{\"@type\":\"Person\",\"@id\":\"https:\/\/www.one.org\/fr\/#\/schema\/person\/780c50e9a8a070ae5fda678e26f56dce\",\"name\":\"Ciara Kristensen\",\"image\":{\"@type\":\"ImageObject\",\"inLanguage\":\"fr-FR\",\"@id\":\"https:\/\/www.one.org\/fr\/#\/schema\/person\/image\/\",\"url\":\"https:\/\/secure.gravatar.com\/avatar\/639dc9234c614161d6adafce3feff3497d48e0d9fbd729677f300a91d25b0722?s=96&d=mm&r=g\",\"contentUrl\":\"https:\/\/secure.gravatar.com\/avatar\/639dc9234c614161d6adafce3feff3497d48e0d9fbd729677f300a91d25b0722?s=96&d=mm&r=g\",\"caption\":\"Ciara Kristensen\"},\"url\":\"https:\/\/www.one.org\/fr\/actualites\/author\/ciarakristensen\/\"}]}<\/script>\n<!-- \/ Yoast SEO Premium plugin. -->","yoast_head_json":{"title":"2025 : Une ann\u00e9e pour faire bouger les lignes ! - ONE.org France","description":"Tout au long de l\u2019ann\u00e9e, les jeunes Ambassadeurs de ONE ont fait entendre leur voix sur les enjeux de solidarit\u00e9 internationale.","robots":{"index":"index","follow":"follow","max-snippet":"max-snippet:-1","max-image-preview":"max-image-preview:large","max-video-preview":"max-video-preview:-1"},"canonical":"https:\/\/www.one.org\/fr\/actualites\/recap-jeunes-ambassadeurs-2025\/","og_locale":"fr_FR","og_type":"article","og_title":"2025 : Une ann\u00e9e pour faire bouger les lignes !","og_description":"Tout au long de l\u2019ann\u00e9e, les jeunes Ambassadeurs de ONE ont fait entendre leur voix sur les enjeux de solidarit\u00e9 internationale.","og_url":"https:\/\/www.one.org\/fr\/actualites\/recap-jeunes-ambassadeurs-2025\/","og_site_name":"ONE.org France","article_publisher":"https:\/\/www.facebook.com\/ONE.Fr","article_published_time":"2025-12-03T16:52:39+00:00","article_modified_time":"2025-12-04T10:25:03+00:00","og_image":[{"width":2560,"height":1760,"url":"https:\/\/www.one.org\/fr\/wp-content\/uploads\/sites\/4\/2025\/12\/544A7538-scaled.jpg","type":"image\/jpeg"}],"author":"Ciara Kristensen","twitter_card":"summary_large_image","twitter_description":"Tout au long de l\u2019ann\u00e9e, les jeunes Ambassadeurs de ONE ont fait entendre leur voix sur les enjeux de solidarit\u00e9 internationale.","twitter_creator":"@one_fr","twitter_site":"@one_fr","twitter_misc":{"Written by":"Ciara Kristensen","Est. reading time":"11 minutes"},"schema":{"@context":"https:\/\/schema.org","@graph":[{"@type":"Article","@id":"https:\/\/www.one.org\/fr\/actualites\/recap-jeunes-ambassadeurs-2025\/#article","isPartOf":{"@id":"https:\/\/www.one.org\/fr\/actualites\/recap-jeunes-ambassadeurs-2025\/"},"author":{"name":"Ciara Kristensen","@id":"https:\/\/www.one.org\/fr\/#\/schema\/person\/780c50e9a8a070ae5fda678e26f56dce"},"headline":"2025 : Une ann\u00e9e pour faire bouger les lignes !","datePublished":"2025-12-03T16:52:39+00:00","dateModified":"2025-12-04T10:25:03+00:00","mainEntityOfPage":{"@id":"https:\/\/www.one.org\/fr\/actualites\/recap-jeunes-ambassadeurs-2025\/"},"wordCount":2184,"image":{"@id":"https:\/\/www.one.org\/fr\/actualites\/recap-jeunes-ambassadeurs-2025\/#primaryimage"},"thumbnailUrl":"https:\/\/www.one.org\/fr\/wp-content\/uploads\/sites\/4\/2025\/12\/544A7538-scaled.jpg","articleSection":["Campagnes"],"inLanguage":"fr-FR"},{"@type":"WebPage","@id":"https:\/\/www.one.org\/fr\/actualites\/recap-jeunes-ambassadeurs-2025\/","url":"https:\/\/www.one.org\/fr\/actualites\/recap-jeunes-ambassadeurs-2025\/","name":"2025 : Une ann\u00e9e pour faire bouger les lignes ! - ONE.org France","isPartOf":{"@id":"https:\/\/www.one.org\/fr\/#website"},"primaryImageOfPage":{"@id":"https:\/\/www.one.org\/fr\/actualites\/recap-jeunes-ambassadeurs-2025\/#primaryimage"},"image":{"@id":"https:\/\/www.one.org\/fr\/actualites\/recap-jeunes-ambassadeurs-2025\/#primaryimage"},"thumbnailUrl":"https:\/\/www.one.org\/fr\/wp-content\/uploads\/sites\/4\/2025\/12\/544A7538-scaled.jpg","datePublished":"2025-12-03T16:52:39+00:00","dateModified":"2025-12-04T10:25:03+00:00","author":{"@id":"https:\/\/www.one.org\/fr\/#\/schema\/person\/780c50e9a8a070ae5fda678e26f56dce"},"description":"Tout au long de l\u2019ann\u00e9e, les jeunes Ambassadeurs de ONE ont fait entendre leur voix sur les enjeux de solidarit\u00e9 internationale.","breadcrumb":{"@id":"https:\/\/www.one.org\/fr\/actualites\/recap-jeunes-ambassadeurs-2025\/#breadcrumb"},"inLanguage":"fr-FR","potentialAction":[{"@type":"ReadAction","target":["https:\/\/www.one.org\/fr\/actualites\/recap-jeunes-ambassadeurs-2025\/"]}]},{"@type":"ImageObject","inLanguage":"fr-FR","@id":"https:\/\/www.one.org\/fr\/actualites\/recap-jeunes-ambassadeurs-2025\/#primaryimage","url":"https:\/\/www.one.org\/fr\/wp-content\/uploads\/sites\/4\/2025\/12\/544A7538-scaled.jpg","contentUrl":"https:\/\/www.one.org\/fr\/wp-content\/uploads\/sites\/4\/2025\/12\/544A7538-scaled.jpg","width":2560,"height":1760},{"@type":"BreadcrumbList","@id":"https:\/\/www.one.org\/fr\/actualites\/recap-jeunes-ambassadeurs-2025\/#breadcrumb","itemListElement":[{"@type":"ListItem","position":1,"name":"Home","item":"https:\/\/www.one.org\/fr\/"},{"@type":"ListItem","position":2,"name":"2025 : Une ann\u00e9e pour faire bouger les lignes !"}]},{"@type":"WebSite","@id":"https:\/\/www.one.org\/fr\/#website","url":"https:\/\/www.one.org\/fr\/","name":"ONE.org","description":"Cr\u00e9er des opportunit\u00e9s \u00e9conomiques et am\u00e9liorer la sant\u00e9 en Afrique","potentialAction":[{"@type":"SearchAction","target":{"@type":"EntryPoint","urlTemplate":"https:\/\/www.one.org\/fr\/?s={search_term_string}"},"query-input":{"@type":"PropertyValueSpecification","valueRequired":true,"valueName":"search_term_string"}}],"inLanguage":"fr-FR"},{"@type":"Person","@id":"https:\/\/www.one.org\/fr\/#\/schema\/person\/780c50e9a8a070ae5fda678e26f56dce","name":"Ciara Kristensen","image":{"@type":"ImageObject","inLanguage":"fr-FR","@id":"https:\/\/www.one.org\/fr\/#\/schema\/person\/image\/","url":"https:\/\/secure.gravatar.com\/avatar\/639dc9234c614161d6adafce3feff3497d48e0d9fbd729677f300a91d25b0722?s=96&d=mm&r=g","contentUrl":"https:\/\/secure.gravatar.com\/avatar\/639dc9234c614161d6adafce3feff3497d48e0d9fbd729677f300a91d25b0722?s=96&d=mm&r=g","caption":"Ciara Kristensen"},"url":"https:\/\/www.one.org\/fr\/actualites\/author\/ciarakristensen\/"}]}},"distributor_meta":false,"distributor_terms":false,"distributor_media":false,"distributor_original_site_name":"ONE.org France","distributor_original_site_url":"https:\/\/www.one.org\/fr","push-errors":false,"_links":{"self":[{"href":"https:\/\/www.one.org\/fr\/wp-json\/wp\/v2\/posts\/166300","targetHints":{"allow":["GET"]}}],"collection":[{"href":"https:\/\/www.one.org\/fr\/wp-json\/wp\/v2\/posts"}],"about":[{"href":"https:\/\/www.one.org\/fr\/wp-json\/wp\/v2\/types\/post"}],"author":[{"embeddable":true,"href":"https:\/\/www.one.org\/fr\/wp-json\/wp\/v2\/users\/70"}],"replies":[{"embeddable":true,"href":"https:\/\/www.one.org\/fr\/wp-json\/wp\/v2\/comments?post=166300"}],"version-history":[{"count":0,"href":"https:\/\/www.one.org\/fr\/wp-json\/wp\/v2\/posts\/166300\/revisions"}],"wp:featuredmedia":[{"embeddable":true,"href":"https:\/\/www.one.org\/fr\/wp-json\/wp\/v2\/media\/166306"}],"wp:attachment":[{"href":"https:\/\/www.one.org\/fr\/wp-json\/wp\/v2\/media?parent=166300"}],"wp:term":[{"taxonomy":"category","embeddable":true,"href":"https:\/\/www.one.org\/fr\/wp-json\/wp\/v2\/categories?post=166300"},{"taxonomy":"post_tag","embeddable":true,"href":"https:\/\/www.one.org\/fr\/wp-json\/wp\/v2\/tags?post=166300"},{"taxonomy":"topic","embeddable":true,"href":"https:\/\/www.one.org\/fr\/wp-json\/wp\/v2\/topic?post=166300"},{"taxonomy":"contributor","embeddable":true,"href":"https:\/\/www.one.org\/fr\/wp-json\/wp\/v2\/contributor?post=166300"},{"taxonomy":"one_content_audience","embeddable":true,"href":"https:\/\/www.one.org\/fr\/wp-json\/wp\/v2\/one_content_audience?post=166300"},{"taxonomy":"one_content_type","embeddable":true,"href":"https:\/\/www.one.org\/fr\/wp-json\/wp\/v2\/one_content_type?post=166300"},{"taxonomy":"one_content_tone","embeddable":true,"href":"https:\/\/www.one.org\/fr\/wp-json\/wp\/v2\/one_content_tone?post=166300"}],"curies":[{"name":"wp","href":"https:\/\/api.w.org\/{rel}","templated":true}]}}