{"id":166156,"date":"2025-08-13T12:38:16","date_gmt":"2025-08-13T12:38:16","guid":{"rendered":"https:\/\/www.one.org\/fr\/?p=166156"},"modified":"2025-08-13T12:43:16","modified_gmt":"2025-08-13T12:43:16","slug":"temoignages-mobilisation-festivals","status":"publish","type":"post","link":"https:\/\/www.one.org\/fr\/actualites\/temoignages-mobilisation-festivals\/","title":{"rendered":"T\u00e9moignages : La mobilisation en festivals"},"content":{"rendered":"\n<p>Du 26 au 29 juin 2025 s\u2019est tenu le festival <a href=\"https:\/\/www.festival-lesdeferlantes.com\/\">Les D\u00e9ferlantes<\/a> puis, du 18 au 20 juillet, le festival <a href=\"https:\/\/www.lollaparis.com\/\">Lollapalooza <\/a>o\u00f9, chaque ann\u00e9e, artistes et public se r\u00e9unissent dans une ambiance \u00e0 l\u2019intersection de la culture et de l\u2019engagement citoyen.<\/p>\n\n\n\n<p>En effet, en plus d\u2019une programmation musicale, il est possible de retrouver plusieurs ONG et acteurs et actrices du changement sur ces festivals, le but \u00e9tant de profiter de cette occasion et de la forte pr\u00e9sence de la jeunesse pour dialoguer, sensibiliser et susciter l\u2019engagement \u00e0 travers des stands, des jeux, des ateliers, des d\u00e9bats traitant des droits humains, de la justice climatique ou encore de la sant\u00e9 mondiale.<\/p>\n\n\n\n<p>Nous avons pos\u00e9 quelques questions \u00e0 Cassandra et Guillaume, jeunes Ambassadeur et Ambassadrice de ONE, qui ont particip\u00e9 \u00e0 ces festivals pour mieux vous partager leur exp\u00e9rience. <strong>Lisez leurs r\u00e9ponses ci-dessous !<\/strong><\/p>\n\n\n\n<h2 class=\"wp-block-heading\" id=\"h-qu-est-ce-qui-t-a-motive-e-a-participer-a-un-festival-cette-annee\"><strong>Qu\u2019est-ce qui t\u2019a motiv\u00e9\u00b7e \u00e0 participer \u00e0 un festival cette ann\u00e9e ? <\/strong><\/h2>\n\n\n\n<p><strong>Cassandra<\/strong> : Je participe aux festivals car j&#8217;y vois l&#8217;opportunit\u00e9 d&#8217;aller \u00e0 la rencontre d&#8217;un public plus large que celui des activistes convaincus auquel j&#8217;appartiens. D&#8217;une fa\u00e7on tr\u00e8s ludique, je sensibilise les personnes, je leur permets de tester leurs connaissances sur nos sujets et surtout<strong> je leur d\u00e9montre qu&#8217;on peut agir pour changer les choses<\/strong>. Cette action pour un monde plus juste et \u00e9quitable ne n\u00e9cessite pas beaucoup de temps : la signature d&#8217;une p\u00e9tition, la r\u00e9daction d&#8217;une carte postale ou une simple vid\u00e9o peut avoir un impact aupr\u00e8s des d\u00e9cideurs et d\u00e9cideuses politiques.<\/p>\n\n\n\n<p><strong>Guillaume<\/strong> : C\u2019est toujours un plaisir de me rendre sur un festival car c\u2019est une opportunit\u00e9 unique de pouvoir <strong>sensibiliser des personnes de diff\u00e9rentes g\u00e9n\u00e9rations, venant de tous les horizons<\/strong>, de tous corps de m\u00e9tiers sur des enjeux tels que la sant\u00e9 mondiale. Rassembl\u00e9s par la musique, on retrouve des profils de festivalier\u00b7e\u00b7s qui n\u2019auraient pas eu l\u2019occasion de s\u2019int\u00e9resser \u00e0 ONE s\u2019ils et elles n\u2019avaient pas \u00e9t\u00e9 interpell\u00e9\u00b7e\u00b7s par notre stand avant d\u2019aller \u00e0 leurs concerts.<\/p>\n\n\n\n<h2 class=\"wp-block-heading\" id=\"h-selon-toi-quel-est-le-lien-entre-la-musique-et-l-engagement-social\"><strong>Selon toi, quel est le lien entre la musique et l\u2019engagement social ? <\/strong><\/h2>\n\n\n\n<p><strong>Cassandra <\/strong>: <strong>L\u2019art musical est une forme d&#8217;engagement.<\/strong> Les textes et les m\u00e9lodies d&#8217;une musique sont tr\u00e8s souvent utilis\u00e9s pour faire passer un message. On constate par ailleurs que les festivalier\u00b7e\u00b7s ont tendance \u00e0 s&#8217;int\u00e9resser aux combats de l&#8217;artiste qu&#8217;ils et elles sont venus voir, lorsqu&#8217;ils en sont fans. Il ne s&#8217;agit pas juste d&#8217;adorer l&#8217;univers musical d&#8217;un artiste, mais de comprendre ce qui l&#8217;anime, ce qui l&#8217;inspire et pourquoi cela l&#8217;anime ou l&#8217;inspire.<\/p>\n\n\n\n<p><strong>Guillaume <\/strong>: Les festivals offrent un cadre au sein duquel les personnes sont plus enclines \u00e0 s\u2019ouvrir \u00e0 de nouvelles choses. Cela passe par des artistes inconnus que l\u2019on d\u00e9couvre en attendant son artiste pr\u00e9f\u00e9r\u00e9, en discutant avec ses voisins de concert ou en d\u00e9ambulant \u00e0 travers les \u201cvillages associatifs\u201d. La musique rassemble, elle fait tomber certaines barri\u00e8res et <strong>les messages qu\u2019elle transmet, autant que les \u00e9motions qu\u2019elle procure, sont moteurs de changement social<\/strong>.<\/p>\n\n\n\n<h2 class=\"wp-block-heading\" id=\"h-pourquoi-trouves-tu-qu-il-est-important-que-one-participe-a-ces-festivals\"><strong>Pourquoi trouves-tu qu\u2019il est important que ONE participe \u00e0 ces festivals ?<\/strong><\/h2>\n\n\n\n<p><strong>Cassandra <\/strong>: C\u2019est important car c&#8217;est le moment o\u00f9 nous pouvons \u201c\u00eatre sur le terrain\u201d. D&#8217;une mani\u00e8re g\u00e9n\u00e9rale, nous faisons du plaidoyer, des campagnes et de la sensibilisation, principalement \u00e0 destination des leaders politiques. Participer \u00e0 des festivals est donc <strong>une fa\u00e7on de faire conna\u00eetre plus largement nos combats et d&#8217;\u00e9tendre notre influence<\/strong> (et de recruter de potentiels futur\u00b7e\u00b7s activistes !).<\/p>\n\n\n\n<p><strong>Guillaume <\/strong>: Les festivals sont un espace de communication privil\u00e9gi\u00e9. A l\u2019instar d\u2019autres ONG, la pr\u00e9sence de ONE permet de se faire conna\u00eetre des milliers de festivaliers<strong> <\/strong>qui passent devant le stand chaque jour. Par ailleurs, Les D\u00e9ferlantes ayant lieu dans le sud de la France (Le Barcar\u00e8s), cela repr\u00e9sente l\u2019un des rares moments o\u00f9 nous pouvons <strong>sensibiliser des publics qui se trouvent \u00e9loign\u00e9s de nos actions<\/strong>, majoritairement parisiennes.<\/p>\n\n\n\n<h2 class=\"wp-block-heading\" id=\"h-en-tant-que-jeunes-ambassadeurs-et-ambassadrices-quelle-est-votre-mission-pendant-le-festival\"><strong>En tant que jeunes Ambassadeurs et Ambassadrices, quelle est votre mission pendant le festival ? <\/strong><\/h2>\n\n\n\n<p><strong>Guillaume<\/strong> : Pendant le festival, notre mission est d\u2019animer un stand dans le village associatif. Cette ann\u00e9e, l\u2019accent \u00e9tait mis sur <strong>la reconstitution des financements du <a href=\"https:\/\/www.one.org\/fr\/actions\/fonds-appel-2022-ipad\/\">Fonds mondial de lutte contre le sida, la tuberculose et le paludisme<\/a><\/strong>. Apr\u00e8s une courte introduction sur ONE et notre mission, nous leur proposons de tourner notre roue de la fortune et de r\u00e9pondre \u00e0 des questions de culture g\u00e9n\u00e9rale li\u00e9es aux enjeux de la solidarit\u00e9 internationale ou de s\u2019affronter en \u00e9quipe autour de quizs endiabl\u00e9s ! <\/p>\n\n\n\n<p>Apr\u00e8s ces divertissements, nous leur proposons de passer \u00e0 l\u2019action, soit en signant des cartes postales \u00e0 destination de Matignon et de l\u2019Elys\u00e9e, soit en signant notre p\u00e9tition en soutien au Fonds mondial, soit en adressant un court message vid\u00e9o \u00e0 l\u2019attention de notre Premier ministre.&nbsp;Pour les remercier, nous leur offrons des badges, autocollants ou tatouages \u00e9ph\u00e9m\u00e8res \u00e0 l&#8217;effigie de ONE et nos campagnes. Le parfait Starter Pack pour le festival !<\/p>\n\n\n\n<h2 class=\"wp-block-heading\" id=\"h-les-festivalier-e-s-sont-ils-sensibles-a-votre-discours\"><strong>Les festivalier\u00b7e\u00b7s sont-ils sensibles \u00e0 votre discours ? <\/strong><\/h2>\n\n\n\n<p><strong>Cassandra <\/strong>: Globalement, oui. C&#8217;est parce qu&#8217;ils sont r\u00e9ceptifs et qu&#8217;ils acceptent d&#8217;agir \u00e0 nos c\u00f4t\u00e9s que nous avons envie de revenir chaque ann\u00e9e ! Cela \u00e9tant, toutes les discussions ne sont pas toujours simples et fluides, il faut parfois l&#8217;accepter et adapter son discours.<\/p>\n\n\n\n<h2 class=\"wp-block-heading\" id=\"h-quels-ont-ete-les-resultats-de-votre-participation-au-festival\"><strong>Quels ont \u00e9t\u00e9 les r\u00e9sultats de votre participation au festival ?<\/strong><\/h2>\n\n\n\n<p><strong>Cassandra <\/strong>: <strong>300 cartes postales, 250 signatures de p\u00e9tition<\/strong> et une douzaine de groupes de personnes qui ont voulu prendre part \u00e0 l&#8217;enregistrement d&#8217;une vid\u00e9o \u00e0 destination de Fran\u00e7ois Bayrou. C\u2019est plut\u00f4t pas mal, surtout quand on sait qu&#8217;il faisait tr\u00e8s chaud !<\/p>\n\n\n\n<p><strong>Guillaume <\/strong>: <strong>Des centaines de personnes de tous \u00e2ges sensibilis\u00e9es, m\u00eame des enfants ! <\/strong>Nul doute que nous avons rencontr\u00e9 de futur\u00b7e\u00b7s jeunes Ambassadeurs et Ambassadrices. Un stock de cartes postales \u00e9puis\u00e9 et une extinction de voix en fin de festival. Je pense que le contrat est rempli !<\/p>\n\n\n\n<h2 class=\"wp-block-heading\" id=\"h-as-tu-une-anecdote-ou-un-echange-marquant-a-partager\"><strong>As-tu une anecdote ou un \u00e9change marquant \u00e0 partager ? <\/strong><\/h2>\n\n\n\n<p><strong>Cassandra <\/strong>: Les activistes de ONE ont eu la grande chance de pouvoir assister aux r\u00e9p\u00e9titions de Will Smith lors des D\u00e9ferlantes ! Cela a \u00e9t\u00e9 incroyable et c&#8217;est un moment qui a rendu l&#8217;exp\u00e9rience encore plus dingue. Au-del\u00e0 de l&#8217;activisme qui nous anime, <strong>nous vivons ensemble des choses qui renforcent nos relations humaines !<\/strong><\/p>\n\n\n\n<p><strong>Guillaume <\/strong>: Ce qui m\u2019a marqu\u00e9, ce sont les \u00e9changes les plus improbables avec des groupes de festivalier\u00b7e\u00b7s venant nous voir pour nous demander tout et n\u2019importe quoi (les toilettes, des bouchons d\u2019oreilles ou des cigarettes) et qui, apr\u00e8s 10 minutes pass\u00e9es sur le stand, sont toutes et tous reparti\u00b7e\u00b7s en connaissant ONE, le Fonds mondial ou encore avec le tatouage de ONE sur le bras.<\/p>\n\n\n\n<h2 class=\"wp-block-heading\" id=\"h-quel-message-souhaites-tu-transmettre-aux-festivalier-e-s-et-au-public-de-maniere-generale-pour-les-pousser-a-se-mobiliser\"><strong>Quel message souhaites-tu transmettre aux festivalier\u00b7e\u00b7s et au public de mani\u00e8re g\u00e9n\u00e9rale pour les pousser \u00e0 se mobiliser ?<\/strong><\/h2>\n\n\n\n<p><strong>Cassandra <\/strong>: <strong>\u00catre activiste, ce n&#8217;est pas une corv\u00e9e mais une fiert\u00e9. <\/strong>C&#8217;est une exp\u00e9rience extraordinaire qui a le pouvoir de changer une personne, de la faire grandir sur tous les plans. C&#8217;est de l&#8217;investissement avec un super rendement ! Alors si vous en avez la possibilit\u00e9, investissez !<\/p>\n\n\n\n<p><strong>Guillaume <\/strong>: <strong>Se mobiliser et agir, c\u2019est le meilleur moyen de faire entendre sa voix et de s\u2019opposer aux injustices.<\/strong> Cela permet de ne pas arriver \u00e0 l\u2019\u00e2ge adulte en se disant \u201csi j\u2019avais su \u2026\u201d.<\/p>\n<div class=\"buffer\"><\/div>","protected":false},"excerpt":{"rendered":"<p>Du 26 au 29 juin 2025 s\u2019est tenu le festival Les D\u00e9ferlantes puis, du 18 au 20 juillet, le festival Lollapalooza o\u00f9, chaque ann\u00e9e, artistes et public se r\u00e9unissent dans une ambiance \u00e0 l\u2019intersection de la culture et de l\u2019engagement citoyen. Nous avons pos\u00e9 quelques questions \u00e0 Cassandra et Guillaume, jeunes Ambassadeur et Ambassadrice de ONE, qui ont particip\u00e9 \u00e0 ces festivals pour mieux vous partager leur exp\u00e9rience. Lisez leurs r\u00e9ponses ci-dessous !<\/p>\n","protected":false},"author":24,"featured_media":166157,"comment_status":"closed","ping_status":"closed","sticky":false,"template":"","format":"standard","meta":{"_acf_changed":false,"_relevanssi_hide_post":"","_relevanssi_hide_content":"","_relevanssi_pin_for_all":"","_relevanssi_pin_keywords":"","_relevanssi_unpin_keywords":"","_relevanssi_related_keywords":"","_relevanssi_related_include_ids":"","_relevanssi_related_exclude_ids":"","_relevanssi_related_no_append":"","_relevanssi_related_not_related":"","_relevanssi_related_posts":"166147,166112,166134,166055,166048,166033","_relevanssi_noindex_reason":"","footnotes":""},"categories":[76],"tags":[],"topic":[48],"contributor":[49],"one_content_audience":[],"one_content_type":[],"one_content_tone":[],"class_list":["post-166156","post","type-post","status-publish","format-standard","has-post-thumbnail","hentry","category-campagnes","topic-jeunes-ambassadeurrices-de-one","contributor-jeunes-ambassadeur-rice-s-de-one"],"acf":[],"yoast_head":"<!-- This site is optimized with the Yoast SEO Premium plugin v27.1 (Yoast SEO v27.1.1) - https:\/\/yoast.com\/product\/yoast-seo-premium-wordpress\/ -->\n<title>T\u00e9moignages : La mobilisation en festivals - ONE.org France<\/title>\n<meta name=\"description\" content=\"Nous avons interrog\u00e9 Cassandra et Guillaume, jeunes Ambassadeur et Ambassadrice de ONE, sur leur participation \u00e0 des festivals cet \u00e9t\u00e9.\" \/>\n<meta name=\"robots\" content=\"index, follow, max-snippet:-1, max-image-preview:large, max-video-preview:-1\" \/>\n<link rel=\"canonical\" href=\"https:\/\/www.one.org\/fr\/actualites\/temoignages-mobilisation-festivals\/\" \/>\n<meta property=\"og:locale\" content=\"fr_FR\" \/>\n<meta property=\"og:type\" content=\"article\" \/>\n<meta property=\"og:title\" content=\"T\u00e9moignages : La mobilisation en festivals\" \/>\n<meta property=\"og:description\" content=\"Nous avons interrog\u00e9 Cassandra et Guillaume, jeunes Ambassadeur et Ambassadrice de ONE, sur leur participation \u00e0 des festivals cet \u00e9t\u00e9.\" \/>\n<meta property=\"og:url\" content=\"https:\/\/www.one.org\/fr\/actualites\/temoignages-mobilisation-festivals\/\" \/>\n<meta property=\"og:site_name\" content=\"ONE.org France\" \/>\n<meta property=\"article:publisher\" content=\"https:\/\/www.facebook.com\/ONE.Fr\" \/>\n<meta property=\"article:published_time\" content=\"2025-08-13T12:38:16+00:00\" \/>\n<meta property=\"article:modified_time\" content=\"2025-08-13T12:43:16+00:00\" \/>\n<meta property=\"og:image\" content=\"https:\/\/www.one.org\/fr\/wp-content\/uploads\/sites\/4\/2025\/08\/WhatsApp-Image-2025-06-26-at-19.16.49.jpeg\" \/>\n\t<meta property=\"og:image:width\" content=\"2048\" \/>\n\t<meta property=\"og:image:height\" content=\"1536\" \/>\n\t<meta property=\"og:image:type\" content=\"image\/jpeg\" \/>\n<meta name=\"author\" content=\"Dana Khalil\" \/>\n<meta name=\"twitter:card\" content=\"summary_large_image\" \/>\n<meta name=\"twitter:description\" content=\"Nous avons interrog\u00e9 Cassandra et Guillaume, jeunes Ambassadeur et Ambassadrice de ONE, sur leur participation \u00e0 des festivals cet \u00e9t\u00e9.\" \/>\n<meta name=\"twitter:creator\" content=\"@one_fr\" \/>\n<meta name=\"twitter:site\" content=\"@one_fr\" \/>\n<meta name=\"twitter:label1\" content=\"Written by\" \/>\n\t<meta name=\"twitter:data1\" content=\"Dana Khalil\" \/>\n\t<meta name=\"twitter:label2\" content=\"Est. reading time\" \/>\n\t<meta name=\"twitter:data2\" content=\"6 minutes\" \/>\n<script type=\"application\/ld+json\" class=\"yoast-schema-graph\">{\"@context\":\"https:\/\/schema.org\",\"@graph\":[{\"@type\":\"Article\",\"@id\":\"https:\/\/www.one.org\/fr\/actualites\/temoignages-mobilisation-festivals\/#article\",\"isPartOf\":{\"@id\":\"https:\/\/www.one.org\/fr\/actualites\/temoignages-mobilisation-festivals\/\"},\"author\":{\"name\":\"Dana Khalil\",\"@id\":\"https:\/\/www.one.org\/fr\/#\/schema\/person\/cf1f30f9800f0592ec3d61940be82003\"},\"headline\":\"T\u00e9moignages : La mobilisation en festivals\",\"datePublished\":\"2025-08-13T12:38:16+00:00\",\"dateModified\":\"2025-08-13T12:43:16+00:00\",\"mainEntityOfPage\":{\"@id\":\"https:\/\/www.one.org\/fr\/actualites\/temoignages-mobilisation-festivals\/\"},\"wordCount\":1307,\"image\":{\"@id\":\"https:\/\/www.one.org\/fr\/actualites\/temoignages-mobilisation-festivals\/#primaryimage\"},\"thumbnailUrl\":\"https:\/\/www.one.org\/fr\/wp-content\/uploads\/sites\/4\/2025\/08\/WhatsApp-Image-2025-06-26-at-19.16.49.jpeg\",\"articleSection\":[\"Campagnes\"],\"inLanguage\":\"fr-FR\"},{\"@type\":\"WebPage\",\"@id\":\"https:\/\/www.one.org\/fr\/actualites\/temoignages-mobilisation-festivals\/\",\"url\":\"https:\/\/www.one.org\/fr\/actualites\/temoignages-mobilisation-festivals\/\",\"name\":\"T\u00e9moignages : La mobilisation en festivals - ONE.org France\",\"isPartOf\":{\"@id\":\"https:\/\/www.one.org\/fr\/#website\"},\"primaryImageOfPage\":{\"@id\":\"https:\/\/www.one.org\/fr\/actualites\/temoignages-mobilisation-festivals\/#primaryimage\"},\"image\":{\"@id\":\"https:\/\/www.one.org\/fr\/actualites\/temoignages-mobilisation-festivals\/#primaryimage\"},\"thumbnailUrl\":\"https:\/\/www.one.org\/fr\/wp-content\/uploads\/sites\/4\/2025\/08\/WhatsApp-Image-2025-06-26-at-19.16.49.jpeg\",\"datePublished\":\"2025-08-13T12:38:16+00:00\",\"dateModified\":\"2025-08-13T12:43:16+00:00\",\"author\":{\"@id\":\"https:\/\/www.one.org\/fr\/#\/schema\/person\/cf1f30f9800f0592ec3d61940be82003\"},\"description\":\"Nous avons interrog\u00e9 Cassandra et Guillaume, jeunes Ambassadeur et Ambassadrice de ONE, sur leur participation \u00e0 des festivals cet \u00e9t\u00e9.\",\"breadcrumb\":{\"@id\":\"https:\/\/www.one.org\/fr\/actualites\/temoignages-mobilisation-festivals\/#breadcrumb\"},\"inLanguage\":\"fr-FR\",\"potentialAction\":[{\"@type\":\"ReadAction\",\"target\":[\"https:\/\/www.one.org\/fr\/actualites\/temoignages-mobilisation-festivals\/\"]}]},{\"@type\":\"ImageObject\",\"inLanguage\":\"fr-FR\",\"@id\":\"https:\/\/www.one.org\/fr\/actualites\/temoignages-mobilisation-festivals\/#primaryimage\",\"url\":\"https:\/\/www.one.org\/fr\/wp-content\/uploads\/sites\/4\/2025\/08\/WhatsApp-Image-2025-06-26-at-19.16.49.jpeg\",\"contentUrl\":\"https:\/\/www.one.org\/fr\/wp-content\/uploads\/sites\/4\/2025\/08\/WhatsApp-Image-2025-06-26-at-19.16.49.jpeg\",\"width\":2048,\"height\":1536},{\"@type\":\"BreadcrumbList\",\"@id\":\"https:\/\/www.one.org\/fr\/actualites\/temoignages-mobilisation-festivals\/#breadcrumb\",\"itemListElement\":[{\"@type\":\"ListItem\",\"position\":1,\"name\":\"Home\",\"item\":\"https:\/\/www.one.org\/fr\/\"},{\"@type\":\"ListItem\",\"position\":2,\"name\":\"T\u00e9moignages : La mobilisation en festivals\"}]},{\"@type\":\"WebSite\",\"@id\":\"https:\/\/www.one.org\/fr\/#website\",\"url\":\"https:\/\/www.one.org\/fr\/\",\"name\":\"ONE.org\",\"description\":\"Cr\u00e9er des opportunit\u00e9s \u00e9conomiques et am\u00e9liorer la sant\u00e9 en Afrique\",\"potentialAction\":[{\"@type\":\"SearchAction\",\"target\":{\"@type\":\"EntryPoint\",\"urlTemplate\":\"https:\/\/www.one.org\/fr\/?s={search_term_string}\"},\"query-input\":{\"@type\":\"PropertyValueSpecification\",\"valueRequired\":true,\"valueName\":\"search_term_string\"}}],\"inLanguage\":\"fr-FR\"},{\"@type\":\"Person\",\"@id\":\"https:\/\/www.one.org\/fr\/#\/schema\/person\/cf1f30f9800f0592ec3d61940be82003\",\"name\":\"Dana Khalil\",\"image\":{\"@type\":\"ImageObject\",\"inLanguage\":\"fr-FR\",\"@id\":\"https:\/\/www.one.org\/fr\/#\/schema\/person\/image\/\",\"url\":\"https:\/\/secure.gravatar.com\/avatar\/b0da536f00ccefadcc7aae4e64855977a5249adb1ac04162a69474e53a8d4c40?s=96&d=mm&r=g\",\"contentUrl\":\"https:\/\/secure.gravatar.com\/avatar\/b0da536f00ccefadcc7aae4e64855977a5249adb1ac04162a69474e53a8d4c40?s=96&d=mm&r=g\",\"caption\":\"Dana Khalil\"},\"url\":\"https:\/\/www.one.org\/fr\/actualites\/author\/danakhalil\/\"}]}<\/script>\n<!-- \/ Yoast SEO Premium plugin. -->","yoast_head_json":{"title":"T\u00e9moignages : La mobilisation en festivals - ONE.org France","description":"Nous avons interrog\u00e9 Cassandra et Guillaume, jeunes Ambassadeur et Ambassadrice de ONE, sur leur participation \u00e0 des festivals cet \u00e9t\u00e9.","robots":{"index":"index","follow":"follow","max-snippet":"max-snippet:-1","max-image-preview":"max-image-preview:large","max-video-preview":"max-video-preview:-1"},"canonical":"https:\/\/www.one.org\/fr\/actualites\/temoignages-mobilisation-festivals\/","og_locale":"fr_FR","og_type":"article","og_title":"T\u00e9moignages : La mobilisation en festivals","og_description":"Nous avons interrog\u00e9 Cassandra et Guillaume, jeunes Ambassadeur et Ambassadrice de ONE, sur leur participation \u00e0 des festivals cet \u00e9t\u00e9.","og_url":"https:\/\/www.one.org\/fr\/actualites\/temoignages-mobilisation-festivals\/","og_site_name":"ONE.org France","article_publisher":"https:\/\/www.facebook.com\/ONE.Fr","article_published_time":"2025-08-13T12:38:16+00:00","article_modified_time":"2025-08-13T12:43:16+00:00","og_image":[{"width":2048,"height":1536,"url":"https:\/\/www.one.org\/fr\/wp-content\/uploads\/sites\/4\/2025\/08\/WhatsApp-Image-2025-06-26-at-19.16.49.jpeg","type":"image\/jpeg"}],"author":"Dana Khalil","twitter_card":"summary_large_image","twitter_description":"Nous avons interrog\u00e9 Cassandra et Guillaume, jeunes Ambassadeur et Ambassadrice de ONE, sur leur participation \u00e0 des festivals cet \u00e9t\u00e9.","twitter_creator":"@one_fr","twitter_site":"@one_fr","twitter_misc":{"Written by":"Dana Khalil","Est. reading time":"6 minutes"},"schema":{"@context":"https:\/\/schema.org","@graph":[{"@type":"Article","@id":"https:\/\/www.one.org\/fr\/actualites\/temoignages-mobilisation-festivals\/#article","isPartOf":{"@id":"https:\/\/www.one.org\/fr\/actualites\/temoignages-mobilisation-festivals\/"},"author":{"name":"Dana Khalil","@id":"https:\/\/www.one.org\/fr\/#\/schema\/person\/cf1f30f9800f0592ec3d61940be82003"},"headline":"T\u00e9moignages : La mobilisation en festivals","datePublished":"2025-08-13T12:38:16+00:00","dateModified":"2025-08-13T12:43:16+00:00","mainEntityOfPage":{"@id":"https:\/\/www.one.org\/fr\/actualites\/temoignages-mobilisation-festivals\/"},"wordCount":1307,"image":{"@id":"https:\/\/www.one.org\/fr\/actualites\/temoignages-mobilisation-festivals\/#primaryimage"},"thumbnailUrl":"https:\/\/www.one.org\/fr\/wp-content\/uploads\/sites\/4\/2025\/08\/WhatsApp-Image-2025-06-26-at-19.16.49.jpeg","articleSection":["Campagnes"],"inLanguage":"fr-FR"},{"@type":"WebPage","@id":"https:\/\/www.one.org\/fr\/actualites\/temoignages-mobilisation-festivals\/","url":"https:\/\/www.one.org\/fr\/actualites\/temoignages-mobilisation-festivals\/","name":"T\u00e9moignages : La mobilisation en festivals - ONE.org France","isPartOf":{"@id":"https:\/\/www.one.org\/fr\/#website"},"primaryImageOfPage":{"@id":"https:\/\/www.one.org\/fr\/actualites\/temoignages-mobilisation-festivals\/#primaryimage"},"image":{"@id":"https:\/\/www.one.org\/fr\/actualites\/temoignages-mobilisation-festivals\/#primaryimage"},"thumbnailUrl":"https:\/\/www.one.org\/fr\/wp-content\/uploads\/sites\/4\/2025\/08\/WhatsApp-Image-2025-06-26-at-19.16.49.jpeg","datePublished":"2025-08-13T12:38:16+00:00","dateModified":"2025-08-13T12:43:16+00:00","author":{"@id":"https:\/\/www.one.org\/fr\/#\/schema\/person\/cf1f30f9800f0592ec3d61940be82003"},"description":"Nous avons interrog\u00e9 Cassandra et Guillaume, jeunes Ambassadeur et Ambassadrice de ONE, sur leur participation \u00e0 des festivals cet \u00e9t\u00e9.","breadcrumb":{"@id":"https:\/\/www.one.org\/fr\/actualites\/temoignages-mobilisation-festivals\/#breadcrumb"},"inLanguage":"fr-FR","potentialAction":[{"@type":"ReadAction","target":["https:\/\/www.one.org\/fr\/actualites\/temoignages-mobilisation-festivals\/"]}]},{"@type":"ImageObject","inLanguage":"fr-FR","@id":"https:\/\/www.one.org\/fr\/actualites\/temoignages-mobilisation-festivals\/#primaryimage","url":"https:\/\/www.one.org\/fr\/wp-content\/uploads\/sites\/4\/2025\/08\/WhatsApp-Image-2025-06-26-at-19.16.49.jpeg","contentUrl":"https:\/\/www.one.org\/fr\/wp-content\/uploads\/sites\/4\/2025\/08\/WhatsApp-Image-2025-06-26-at-19.16.49.jpeg","width":2048,"height":1536},{"@type":"BreadcrumbList","@id":"https:\/\/www.one.org\/fr\/actualites\/temoignages-mobilisation-festivals\/#breadcrumb","itemListElement":[{"@type":"ListItem","position":1,"name":"Home","item":"https:\/\/www.one.org\/fr\/"},{"@type":"ListItem","position":2,"name":"T\u00e9moignages : La mobilisation en festivals"}]},{"@type":"WebSite","@id":"https:\/\/www.one.org\/fr\/#website","url":"https:\/\/www.one.org\/fr\/","name":"ONE.org","description":"Cr\u00e9er des opportunit\u00e9s \u00e9conomiques et am\u00e9liorer la sant\u00e9 en Afrique","potentialAction":[{"@type":"SearchAction","target":{"@type":"EntryPoint","urlTemplate":"https:\/\/www.one.org\/fr\/?s={search_term_string}"},"query-input":{"@type":"PropertyValueSpecification","valueRequired":true,"valueName":"search_term_string"}}],"inLanguage":"fr-FR"},{"@type":"Person","@id":"https:\/\/www.one.org\/fr\/#\/schema\/person\/cf1f30f9800f0592ec3d61940be82003","name":"Dana Khalil","image":{"@type":"ImageObject","inLanguage":"fr-FR","@id":"https:\/\/www.one.org\/fr\/#\/schema\/person\/image\/","url":"https:\/\/secure.gravatar.com\/avatar\/b0da536f00ccefadcc7aae4e64855977a5249adb1ac04162a69474e53a8d4c40?s=96&d=mm&r=g","contentUrl":"https:\/\/secure.gravatar.com\/avatar\/b0da536f00ccefadcc7aae4e64855977a5249adb1ac04162a69474e53a8d4c40?s=96&d=mm&r=g","caption":"Dana Khalil"},"url":"https:\/\/www.one.org\/fr\/actualites\/author\/danakhalil\/"}]}},"distributor_meta":false,"distributor_terms":false,"distributor_media":false,"distributor_original_site_name":"ONE.org France","distributor_original_site_url":"https:\/\/www.one.org\/fr","push-errors":false,"_links":{"self":[{"href":"https:\/\/www.one.org\/fr\/wp-json\/wp\/v2\/posts\/166156","targetHints":{"allow":["GET"]}}],"collection":[{"href":"https:\/\/www.one.org\/fr\/wp-json\/wp\/v2\/posts"}],"about":[{"href":"https:\/\/www.one.org\/fr\/wp-json\/wp\/v2\/types\/post"}],"author":[{"embeddable":true,"href":"https:\/\/www.one.org\/fr\/wp-json\/wp\/v2\/users\/24"}],"replies":[{"embeddable":true,"href":"https:\/\/www.one.org\/fr\/wp-json\/wp\/v2\/comments?post=166156"}],"version-history":[{"count":0,"href":"https:\/\/www.one.org\/fr\/wp-json\/wp\/v2\/posts\/166156\/revisions"}],"wp:featuredmedia":[{"embeddable":true,"href":"https:\/\/www.one.org\/fr\/wp-json\/wp\/v2\/media\/166157"}],"wp:attachment":[{"href":"https:\/\/www.one.org\/fr\/wp-json\/wp\/v2\/media?parent=166156"}],"wp:term":[{"taxonomy":"category","embeddable":true,"href":"https:\/\/www.one.org\/fr\/wp-json\/wp\/v2\/categories?post=166156"},{"taxonomy":"post_tag","embeddable":true,"href":"https:\/\/www.one.org\/fr\/wp-json\/wp\/v2\/tags?post=166156"},{"taxonomy":"topic","embeddable":true,"href":"https:\/\/www.one.org\/fr\/wp-json\/wp\/v2\/topic?post=166156"},{"taxonomy":"contributor","embeddable":true,"href":"https:\/\/www.one.org\/fr\/wp-json\/wp\/v2\/contributor?post=166156"},{"taxonomy":"one_content_audience","embeddable":true,"href":"https:\/\/www.one.org\/fr\/wp-json\/wp\/v2\/one_content_audience?post=166156"},{"taxonomy":"one_content_type","embeddable":true,"href":"https:\/\/www.one.org\/fr\/wp-json\/wp\/v2\/one_content_type?post=166156"},{"taxonomy":"one_content_tone","embeddable":true,"href":"https:\/\/www.one.org\/fr\/wp-json\/wp\/v2\/one_content_tone?post=166156"}],"curies":[{"name":"wp","href":"https:\/\/api.w.org\/{rel}","templated":true}]}}