{"id":166055,"date":"2025-04-30T10:43:29","date_gmt":"2025-04-30T10:43:29","guid":{"rendered":"https:\/\/www.one.org\/fr\/?p=166055"},"modified":"2025-04-30T10:44:05","modified_gmt":"2025-04-30T10:44:05","slug":"42-jeunes-contre-defis-mondiaux","status":"publish","type":"post","link":"https:\/\/www.one.org\/fr\/actualites\/42-jeunes-contre-defis-mondiaux\/","title":{"rendered":"42 jeunes engag\u00e9\u00b7e\u00b7s contre les d\u00e9fis mondiaux"},"content":{"rendered":"\n<p><em>Ce billet de blog a \u00e9t\u00e9 r\u00e9dig\u00e9 par Duru, No\u00e9mie B. et No\u00e9mie P., jeunes Ambassadrices de ONE.<\/em><\/p>\n\n\n\n<blockquote class=\"wp-block-quote is-layout-flow wp-block-quote-is-layout-flow\">\n<p><em>On ne peut pas changer tout ce que l\u2019on affronte, mais rien ne peut changer tant que l\u2019on ne l\u2019affronte pas\u201d<\/em>.\u00a0\u00a0<\/p>\n<\/blockquote>\n\n\n\n<p>Cette citation de James Baldwin d\u00e9finit parfaitement la d\u00e9termination des 42 jeunes Ambassadeurs et Ambassadrices qui viennent de s\u2019engager aupr\u00e8s de ONE pour cette ann\u00e9e 2025. En effet, le contexte actuel du recul du financement du d\u00e9veloppement en direction des pays \u00e0 faible revenu, majoritairement des pays africains, constitue un enjeu de taille pour cette nouvelle promotion, qui ne compte pas reculer face \u00e0 ces perturbations mondiales.&nbsp;&nbsp;<\/p>\n\n\n\n<h2 class=\"wp-block-heading\" id=\"h-un-moment-d-echange-et-d-apprentissage-au-service-d-une-cause-commune-nbsp-nbsp\"><strong>Un moment d\u2019\u00e9change et d\u2019apprentissage au service d\u2019une cause commune&nbsp;<\/strong>&nbsp;<\/h2>\n\n\n\n<p>Lors de ce week-end de formation, qui s\u2019est d\u00e9roul\u00e9 les 15 et 16 mars 2025, <strong>les 42 jeunes se sont r\u00e9uni\u00b7e\u00b7s afin de faire connaissance et se former sur les enjeux de l\u2019ann\u00e9e \u00e0 venir<\/strong>.&nbsp;&nbsp;<\/p>\n\n\n\n<p>Nous avons \u00e9t\u00e9 encadr\u00e9\u00b7e\u00b7s par l\u2019\u00e9quipe de ONE <strong>lors de sessions th\u00e9oriques et pratiques<\/strong>. L\u2019objectif \u00e9tant de nous impr\u00e9gner des pr\u00e9rogatives de l\u2019agenda politique actuel et de s&#8217;entra\u00eener apr\u00e8s coup sur ces sujets lors d\u2019activit\u00e9s de prise de parole en public, de plaidoyer, et d\u2019entretien avec des m\u00e9dias.&nbsp;<\/p>\n\n\n\n<p>C\u2019est dans ce cadre que nous avons pu \u00e9changer avec le <strong>ministre d\u00e9l\u00e9gu\u00e9 charg\u00e9 de la Francophonie et des Partenariats internationaux, Monsieur <a href=\"https:\/\/www.instagram.com\/p\/DHRQ4ABtBka\/\">Thani Mohamed-Soilihi<\/a><\/strong>, notamment au sujet de l\u2019importante baisse de l\u2019aide publique au d\u00e9veloppement (APD) annonc\u00e9 par le gouvernement fran\u00e7ais et du devenir du r\u00f4le de la France en termes de solidarit\u00e9 internationale. Cet \u00e9change a constitu\u00e9 une entr\u00e9e en mati\u00e8re des plus enrichissantes et motivantes pour penser nos actions pour l\u2019ann\u00e9e \u00e0 venir. &nbsp;<\/p>\n\n\n\n<figure class=\"wp-block-image size-large\"><img loading=\"lazy\" decoding=\"async\" width=\"1024\" height=\"683\" src=\"https:\/\/www.one.org\/fr\/wp-content\/uploads\/sites\/4\/2025\/04\/359A0388-1024x683.jpg\" alt=\"Les jeunes Ambassadeurs et Ambassadrices de ONE avec le ministre d\u00e9l\u00e9gu\u00e9 Thani Mohamed-Soilihi\" class=\"wp-image-166056\" srcset=\"https:\/\/www.one.org\/fr\/wp-content\/uploads\/sites\/4\/2025\/04\/359A0388-1024x683.jpg 1024w, https:\/\/www.one.org\/fr\/wp-content\/uploads\/sites\/4\/2025\/04\/359A0388-300x200.jpg 300w, https:\/\/www.one.org\/fr\/wp-content\/uploads\/sites\/4\/2025\/04\/359A0388-768x512.jpg 768w, https:\/\/www.one.org\/fr\/wp-content\/uploads\/sites\/4\/2025\/04\/359A0388-1536x1024.jpg 1536w, https:\/\/www.one.org\/fr\/wp-content\/uploads\/sites\/4\/2025\/04\/359A0388-2048x1365.jpg 2048w, https:\/\/www.one.org\/fr\/wp-content\/uploads\/sites\/4\/2025\/04\/359A0388-16x11.jpg 16w, https:\/\/www.one.org\/fr\/wp-content\/uploads\/sites\/4\/2025\/04\/359A0388-320x213.jpg 320w, https:\/\/www.one.org\/fr\/wp-content\/uploads\/sites\/4\/2025\/04\/359A0388-640x427.jpg 640w, https:\/\/www.one.org\/fr\/wp-content\/uploads\/sites\/4\/2025\/04\/359A0388-800x533.jpg 800w, https:\/\/www.one.org\/fr\/wp-content\/uploads\/sites\/4\/2025\/04\/359A0388-1600x1067.jpg 1600w, https:\/\/www.one.org\/fr\/wp-content\/uploads\/sites\/4\/2025\/04\/359A0388-945x630.jpg 945w\" sizes=\"auto, (max-width: 1024px) 100vw, 1024px\" \/><figcaption class=\"wp-element-caption\">Les jeunes Ambassadeurs et Ambassadrices de ONE avec le ministre d\u00e9l\u00e9gu\u00e9 Thani Mohamed-Soilihi, \u00e0 Paris. \u00a9 Louis Camelin<\/figcaption><\/figure>\n\n\n\n<p>En tant que jeunes Ambassadeurs et Ambassadrices, notre r\u00f4le sera de<strong> porter la voix de ONE et les valeurs que porte l\u2019ONG <\/strong>aupr\u00e8s de nos concitoyen\u00b7ne\u00b7s et repr\u00e9sentant\u00b7e\u00b7s au travers de campagnes de sensibilisation et de rendez-vous de plaidoyer. Une nouveaut\u00e9 est <strong>la cr\u00e9ation de groupes th\u00e9matiques<\/strong>, qui nous permettra de d\u00e9velopper nos propres actions sp\u00e9cifiques en rapport avec notre groupe, en plus des actions propos\u00e9es par ONE. La constitution de ces groupes th\u00e9matiques illustre parfaitement la r\u00e9activit\u00e9 de ONE quant au contexte actuel, une r\u00e9action qui a \u00e9t\u00e9 parfaitement re\u00e7ue par les jeunes Ambassadeurs et Ambassadrices d\u00e9j\u00e0 pr\u00eat\u00b7e\u00b7s \u00e0 agir au service d\u2019une cause mondiale commune. &nbsp;<\/p>\n\n\n\n<h2 class=\"wp-block-heading\" id=\"h-un-week-end-de-formation-destine-a-comprendre-les-grands-enjeux-de-l-annee-2025-nbsp\"><strong>Un week-end de formation destin\u00e9 \u00e0 comprendre les grands enjeux de l\u2019ann\u00e9e 2025 <\/strong>&nbsp;<\/h2>\n\n\n\n<p>De m\u00eame que ces derni\u00e8res ann\u00e9es depuis la crise du COVID-19, l\u2019ann\u00e9e 2025 continue d\u2019\u00eatre marqu\u00e9e par l<strong>a persistance, voire l\u2019amplification, des in\u00e9galit\u00e9s mondiales<\/strong> dans un contexte international compliqu\u00e9. Force est de constater que la solidarit\u00e9 internationale entre les pays s\u2019affaiblit de jour en jour, notamment illustr\u00e9e par d\u2019importantes coupes du budget allou\u00e9 au financement du d\u00e9veloppement. En guise d\u2019exemple concret, on assiste \u00e0 une <strong>diminution de 39 % de l\u2019APD en France rien qu\u2019en 2025<\/strong>. Cette chute drastique est par ailleurs aggrav\u00e9e par une autre d\u00e9cision du gouvernement : celle de ne plus affecter les recettes de deux taxes solidaires (la taxe sur les billets d\u2019avion et la taxe sur les transactions financi\u00e8res) \u00e0 la solidarit\u00e9 internationale, alors que cela \u00e9tait le cas depuis plus de 20 ans. &nbsp;<\/p>\n\n\n\n<p>L\u2019affaiblissement de ces investissements est susceptible d\u2019entra\u00eener de grandes r\u00e9percussions sur les conditions de vie des populations vuln\u00e9rables \u00e0 travers le monde et nous \u00e9carte du bon chemin pour atteindre les Objectifs du d\u00e9veloppement durable. <strong>En d\u2019autres termes, la d\u00e9cennie 2020-2030 risque d\u2019\u00eatre une d\u00e9cennie perdue pour le d\u00e9veloppement. <\/strong>&nbsp;<\/p>\n\n\n\n<p>Face \u00e0 ce constat, les jeunes Ambassadeurs et Ambassadrices de ONE contribueront \u00e0 renforcer le plaidoyer sur le financement continu du d\u00e9veloppement pour pouvoir porter au mieux les causes prioritaires de l\u2019ONG, que sont la sant\u00e9 mondiale et la lutte contre l\u2019extr\u00eame pauvret\u00e9. &nbsp;<\/p>\n\n\n\n<h2 class=\"wp-block-heading\" id=\"h-les-priorites-de-l-annee-nbsp-nbsp\"><strong>Les priorit\u00e9s de l\u2019ann\u00e9e&nbsp;<\/strong>&nbsp;<\/h2>\n\n\n\n<p>L\u2019ann\u00e9e 2025 sera d\u2019autant plus cruciale pour la nouvelle promotion des jeunes Ambassadeurs et Ambassadrices qu\u2019elle sera l\u2019occasion de porter plusieurs sujets majeurs. D\u2019abord, dans le contexte de vives coupes au sein du budget de l\u2019\u00c9tat, l\u2019aide publique au d\u00e9veloppement fran\u00e7aise est particuli\u00e8rement en danger. Or, ces fonds produisent des r\u00e9sultats tr\u00e8s concrets et permettent d\u2019am\u00e9liorer les conditions de vie de millions de personnes. Ainsi, les jeunes Ambassadeurs et Ambassadrices restent pleinement mobilis\u00e9\u00b7e\u00b7s <strong>pour lutter contre cette d\u00e9gradation des financements de la solidarit\u00e9 internationale<\/strong>.&nbsp;<\/p>\n\n\n\n<p>En 2025, plusieurs \u00e9v\u00e9nements d\u2019envergure internationale vont \u00eatre l\u2019occasion pour les jeunes Ambassadeurs et Ambassadrices de se mobiliser pour appeler les d\u00e9cideurs et d\u00e9cideuses politiques \u00e0 s\u2019emparer de sujets cruciaux. <a href=\"https:\/\/www.one.org\/fr\/actualites\/gavi-vaccin-acteur-sante-mondiale\/\">Gavi, l\u2019Alliance du vaccin<\/a>, et le Fonds mondial de lutte contre le sida, la tuberculose et le paludisme, deux organisations essentielles dans la lutte contre les maladies \u00e9vitables, tiendront leurs conf\u00e9rences de reconstitution, dans le but de lever des fonds pour financer leurs programmes respectifs pour ces prochaines ann\u00e9es. L\u2019objectif des jeunes Ambassadeurs et Ambassadrices sera de concentrer leurs efforts <strong>pour que la France maintienne ses engagements financiers vis-\u00e0-vis de ces deux organisations<\/strong>.&nbsp;<\/p>\n\n\n\n<p>De m\u00eame, le 7<sup>e<\/sup> sommet r\u00e9unissant les chef\u00b7fe\u00b7s d\u2019\u00c9tat de l\u2019Union europ\u00e9enne et de l\u2019Union africaine doit se tenir fin 2025, une occasion pour les jeunes Ambassadeurs et Ambassadrices de <strong>contribuer \u00e0 changer le narratif autour de l\u2019Afrique<\/strong>, souvent n\u00e9gatif et r\u00e9ducteur, et \u00e0 <strong>appeler un partenariat plus \u00e9quitable entre les deux continents<\/strong>&nbsp;<\/p>\n\n\n\n<p>Enfin, en 2025, les jeunes Ambassadeurs et Ambassadrices d\u00e9buteront leur mobilisation sur un sujet cl\u00e9 qui les engagera dans la dur\u00e9e. En effet, le prochain budget de l\u2019Union europ\u00e9enne, le \u00ab Cadre financier pluriannuel \u00bb, doit \u00eatre vot\u00e9 pour la p\u00e9riode 2028-2034. Compte tenu des enjeux d\u2019un tel budget, les n\u00e9gociations d\u00e9butent bien en amont du vote final, et les jeunes Ambassadeurs et Ambassadrices veilleront \u00e0 <strong>se mobiliser contre la d\u00e9gradation des fonds allou\u00e9s par l\u2019UE \u00e0 la solidarit\u00e9 internationale<\/strong>.&nbsp;<\/p>\n\n\n\n<h2 class=\"wp-block-heading\" id=\"h-une-promotion-de-jeunes-ambassadeurs-et-ambassadrices-engagee-determinee-et-courageuse-nbsp\"><strong>Une promotion de jeunes Ambassadeurs et Ambassadrices engag\u00e9e, d\u00e9termin\u00e9e et courageuse<\/strong>&nbsp;<\/h2>\n\n\n\n<p>Le lancement du programme de jeunes Ambassadeurs et Ambassadrices de ONE pour 2025 a \u00e9t\u00e9 tr\u00e8s enrichissant en termes de formations th\u00e9oriques sur les enjeux du financement du d\u00e9veloppement, de la sant\u00e9 mondiale et de la lutt\u00e9 contre l\u2019extr\u00eame pauvret\u00e9. Les ateliers pratiques, de leur part, nous ont permis de nous outiller des savoir-faire de la prise de parole en public, du plaidoyer et de l\u2019entretien avec les m\u00e9dias. &nbsp;<\/p>\n\n\n\n<p>Par ailleurs, la promotion 2025 des jeunes Ambassadeurs et Ambassadrices de ONE se caract\u00e9rise par une diversit\u00e9 de parcours, une multitude de points de vue <strong>mais une conviction unanime : celle de lutter contre les in\u00e9galit\u00e9s dans le monde entier<\/strong>. &nbsp;<\/p>\n\n\n\n<p>Dans un contexte international o\u00f9 les crises se multiplient et augmentent d\u2019ampleur, les in\u00e9galit\u00e9s s\u2019exacerbent de plus en plus et aggravent davantage les conditions de vie des personnes en situation d\u2019extr\u00eame pauvret\u00e9. C\u2019est dans ce contexte que l\u2019engagement b\u00e9n\u00e9vole des jeunes Ambassadeurs et Ambassadrices de ONE repr\u00e9sente une lueur d\u2019espoir pour inverser les tendances et avancer encore plus dans le chemin du changement social. &nbsp;<\/p>\n\n\n\n<p>Si les objectifs qu\u2019il faut atteindre cette ann\u00e9e s\u2019av\u00e8rent \u00eatre nombreux et difficiles, la d\u00e9termination, le courage et la solidarit\u00e9 des jeunes Ambassadeurs et Ambassadrices sont \u00e0 la hauteur de leur r\u00e9alisation. Dans un monde o\u00f9 les in\u00e9galit\u00e9s et injustices s\u2019amplifient au d\u00e9triment des personnes vivant dans la pauvret\u00e9,<strong> l\u2019engagement des jeunes est plus que jamais essentiel<\/strong>. Il est vrai que l\u2019on ne peut pas changer tout ce que l\u2019on affronte. Mais rien ne peut changer tant que l\u2019on ne les affronte pas, comme dit James Baldwin.<strong> Le changement social reste encore un objectif possible \u00e0 accomplir si on s\u2019unit solidairement autour d\u2019une voix universelle. <\/strong>&nbsp;<\/p>\n\n\n\n<h2 class=\"wp-block-heading\" id=\"h-suivez-nos-actions-et-passez-aussi-a-l-action\">Suivez nos actions et passez aussi \u00e0 l&#8217;action !<\/h2>\n\n\n\n<p>Comme nous ne demandons pas votre argent mais votre voix, <strong>vous aussi, vous pouvez agir \u00e0 votre \u00e9chelle <\/strong>pour que notre monde devienne plus juste et \u00e9galitaire pour toutes et tous.<\/p>\n\n\n\n<p>Suivez-nous sur <a href=\"https:\/\/www.instagram.com\/onefrance_ong\/\">Instagram<\/a>, <a href=\"https:\/\/x.com\/ONE_Fr\">X<\/a>, <a href=\"https:\/\/bsky.app\/profile\/onefrance.bsky.social\">Bluesky<\/a> et <a href=\"https:\/\/www.facebook.com\/ONE.Fr\">Facebook<\/a> pour vous tenir au courant de nos actions et rejoignez le mouvement <a href=\"https:\/\/www.one.org\/fr\/agir\/rejoignez-notre-combat\/\">en vous inscrivant \u00e0 la newsletter de ONE<\/a> et <a href=\"https:\/\/www.one.org\/fr\/agir\/passez-a-laction\/\">en signant les p\u00e9titions sur le site de ONE.org<\/a>.<\/p>\n\n\n\n<p><\/p>\n<div class=\"buffer\"><\/div>","protected":false},"excerpt":{"rendered":"<p>42 jeunes Ambassadeurs et Ambassadrices rejoignent les rangs de ONE pour 2025. Face \u00e0 un contexte international marqu\u00e9 par le recul de la solidarit\u00e9 internationale, cette ann\u00e9e sera particuli\u00e8re \u00e0 bien des \u00e9gards. Trois jeunes Ambassadrices vous pr\u00e9sentent les enjeux et priorit\u00e9s de ONE cette ann\u00e9e !<\/p>\n","protected":false},"author":24,"featured_media":166057,"comment_status":"closed","ping_status":"closed","sticky":false,"template":"","format":"standard","meta":{"_acf_changed":false,"_relevanssi_hide_post":"","_relevanssi_hide_content":"","_relevanssi_pin_for_all":"","_relevanssi_pin_keywords":"","_relevanssi_unpin_keywords":"","_relevanssi_related_keywords":"","_relevanssi_related_include_ids":"","_relevanssi_related_exclude_ids":"","_relevanssi_related_no_append":"","_relevanssi_related_not_related":"","_relevanssi_related_posts":"166112,166048,166033,165959,165944,165929","_relevanssi_noindex_reason":"","footnotes":""},"categories":[76],"tags":[],"topic":[48],"contributor":[81],"one_content_audience":[],"one_content_type":[],"one_content_tone":[],"class_list":["post-166055","post","type-post","status-publish","format-standard","has-post-thumbnail","hentry","category-campagnes","topic-jeunes-ambassadeurrices-de-one","contributor-jeunes-ambassadrices-de-one"],"acf":[],"yoast_head":"<!-- This site is optimized with the Yoast SEO Premium plugin v27.1 (Yoast SEO v27.1.1) - https:\/\/yoast.com\/product\/yoast-seo-premium-wordpress\/ -->\n<title>42 jeunes engag\u00e9\u00b7e\u00b7s contre les d\u00e9fis mondiaux - ONE.org France<\/title>\n<meta name=\"description\" content=\"Face \u00e0 un contexte international marqu\u00e9 par le recul de la solidarit\u00e9, 3 jeunes Ambassadrices de ONE vous pr\u00e9sentent les enjeux pour 2025.\" \/>\n<meta name=\"robots\" content=\"index, follow, max-snippet:-1, max-image-preview:large, max-video-preview:-1\" \/>\n<link rel=\"canonical\" href=\"https:\/\/www.one.org\/fr\/actualites\/42-jeunes-contre-defis-mondiaux\/\" \/>\n<meta property=\"og:locale\" content=\"fr_FR\" \/>\n<meta property=\"og:type\" content=\"article\" \/>\n<meta property=\"og:title\" content=\"42 jeunes engag\u00e9\u00b7e\u00b7s contre les d\u00e9fis mondiaux\" \/>\n<meta property=\"og:description\" content=\"Face \u00e0 un contexte international marqu\u00e9 par le recul de la solidarit\u00e9, 3 jeunes Ambassadrices de ONE vous pr\u00e9sentent les enjeux pour 2025.\" \/>\n<meta property=\"og:url\" content=\"https:\/\/www.one.org\/fr\/actualites\/42-jeunes-contre-defis-mondiaux\/\" \/>\n<meta property=\"og:site_name\" content=\"ONE.org France\" \/>\n<meta property=\"article:publisher\" content=\"https:\/\/www.facebook.com\/ONE.Fr\" \/>\n<meta property=\"article:published_time\" content=\"2025-04-30T10:43:29+00:00\" \/>\n<meta property=\"article:modified_time\" content=\"2025-04-30T10:44:05+00:00\" \/>\n<meta property=\"og:image\" content=\"https:\/\/www.one.org\/fr\/wp-content\/uploads\/sites\/4\/2025\/04\/359A0422-scaled.jpg\" \/>\n\t<meta property=\"og:image:width\" content=\"2560\" \/>\n\t<meta property=\"og:image:height\" content=\"1707\" \/>\n\t<meta property=\"og:image:type\" content=\"image\/jpeg\" \/>\n<meta name=\"author\" content=\"Dana Khalil\" \/>\n<meta name=\"twitter:card\" content=\"summary_large_image\" \/>\n<meta name=\"twitter:description\" content=\"Face \u00e0 un contexte international marqu\u00e9 par le recul de la solidarit\u00e9, 3 jeunes Ambassadrices de ONE vous pr\u00e9sentent les enjeux pour 2025.\" \/>\n<meta name=\"twitter:creator\" content=\"@one_fr\" \/>\n<meta name=\"twitter:site\" content=\"@one_fr\" \/>\n<meta name=\"twitter:label1\" content=\"Written by\" \/>\n\t<meta name=\"twitter:data1\" content=\"Dana Khalil\" \/>\n\t<meta name=\"twitter:label2\" content=\"Est. reading time\" \/>\n\t<meta name=\"twitter:data2\" content=\"7 minutes\" \/>\n<script type=\"application\/ld+json\" class=\"yoast-schema-graph\">{\"@context\":\"https:\/\/schema.org\",\"@graph\":[{\"@type\":\"Article\",\"@id\":\"https:\/\/www.one.org\/fr\/actualites\/42-jeunes-contre-defis-mondiaux\/#article\",\"isPartOf\":{\"@id\":\"https:\/\/www.one.org\/fr\/actualites\/42-jeunes-contre-defis-mondiaux\/\"},\"author\":{\"name\":\"Dana Khalil\",\"@id\":\"https:\/\/www.one.org\/fr\/#\/schema\/person\/cf1f30f9800f0592ec3d61940be82003\"},\"headline\":\"42 jeunes engag\u00e9\u00b7e\u00b7s contre les d\u00e9fis mondiaux\",\"datePublished\":\"2025-04-30T10:43:29+00:00\",\"dateModified\":\"2025-04-30T10:44:05+00:00\",\"mainEntityOfPage\":{\"@id\":\"https:\/\/www.one.org\/fr\/actualites\/42-jeunes-contre-defis-mondiaux\/\"},\"wordCount\":1519,\"image\":{\"@id\":\"https:\/\/www.one.org\/fr\/actualites\/42-jeunes-contre-defis-mondiaux\/#primaryimage\"},\"thumbnailUrl\":\"https:\/\/www.one.org\/fr\/wp-content\/uploads\/sites\/4\/2025\/04\/359A0422-scaled.jpg\",\"articleSection\":[\"Campagnes\"],\"inLanguage\":\"fr-FR\"},{\"@type\":\"WebPage\",\"@id\":\"https:\/\/www.one.org\/fr\/actualites\/42-jeunes-contre-defis-mondiaux\/\",\"url\":\"https:\/\/www.one.org\/fr\/actualites\/42-jeunes-contre-defis-mondiaux\/\",\"name\":\"42 jeunes engag\u00e9\u00b7e\u00b7s contre les d\u00e9fis mondiaux - ONE.org France\",\"isPartOf\":{\"@id\":\"https:\/\/www.one.org\/fr\/#website\"},\"primaryImageOfPage\":{\"@id\":\"https:\/\/www.one.org\/fr\/actualites\/42-jeunes-contre-defis-mondiaux\/#primaryimage\"},\"image\":{\"@id\":\"https:\/\/www.one.org\/fr\/actualites\/42-jeunes-contre-defis-mondiaux\/#primaryimage\"},\"thumbnailUrl\":\"https:\/\/www.one.org\/fr\/wp-content\/uploads\/sites\/4\/2025\/04\/359A0422-scaled.jpg\",\"datePublished\":\"2025-04-30T10:43:29+00:00\",\"dateModified\":\"2025-04-30T10:44:05+00:00\",\"author\":{\"@id\":\"https:\/\/www.one.org\/fr\/#\/schema\/person\/cf1f30f9800f0592ec3d61940be82003\"},\"description\":\"Face \u00e0 un contexte international marqu\u00e9 par le recul de la solidarit\u00e9, 3 jeunes Ambassadrices de ONE vous pr\u00e9sentent les enjeux pour 2025.\",\"breadcrumb\":{\"@id\":\"https:\/\/www.one.org\/fr\/actualites\/42-jeunes-contre-defis-mondiaux\/#breadcrumb\"},\"inLanguage\":\"fr-FR\",\"potentialAction\":[{\"@type\":\"ReadAction\",\"target\":[\"https:\/\/www.one.org\/fr\/actualites\/42-jeunes-contre-defis-mondiaux\/\"]}]},{\"@type\":\"ImageObject\",\"inLanguage\":\"fr-FR\",\"@id\":\"https:\/\/www.one.org\/fr\/actualites\/42-jeunes-contre-defis-mondiaux\/#primaryimage\",\"url\":\"https:\/\/www.one.org\/fr\/wp-content\/uploads\/sites\/4\/2025\/04\/359A0422-scaled.jpg\",\"contentUrl\":\"https:\/\/www.one.org\/fr\/wp-content\/uploads\/sites\/4\/2025\/04\/359A0422-scaled.jpg\",\"width\":2560,\"height\":1707,\"caption\":\"\u00a9 Louis Camelin\"},{\"@type\":\"BreadcrumbList\",\"@id\":\"https:\/\/www.one.org\/fr\/actualites\/42-jeunes-contre-defis-mondiaux\/#breadcrumb\",\"itemListElement\":[{\"@type\":\"ListItem\",\"position\":1,\"name\":\"Home\",\"item\":\"https:\/\/www.one.org\/fr\/\"},{\"@type\":\"ListItem\",\"position\":2,\"name\":\"42 jeunes engag\u00e9\u00b7e\u00b7s contre les d\u00e9fis mondiaux\"}]},{\"@type\":\"WebSite\",\"@id\":\"https:\/\/www.one.org\/fr\/#website\",\"url\":\"https:\/\/www.one.org\/fr\/\",\"name\":\"ONE.org\",\"description\":\"Cr\u00e9er des opportunit\u00e9s \u00e9conomiques et am\u00e9liorer la sant\u00e9 en Afrique\",\"potentialAction\":[{\"@type\":\"SearchAction\",\"target\":{\"@type\":\"EntryPoint\",\"urlTemplate\":\"https:\/\/www.one.org\/fr\/?s={search_term_string}\"},\"query-input\":{\"@type\":\"PropertyValueSpecification\",\"valueRequired\":true,\"valueName\":\"search_term_string\"}}],\"inLanguage\":\"fr-FR\"},{\"@type\":\"Person\",\"@id\":\"https:\/\/www.one.org\/fr\/#\/schema\/person\/cf1f30f9800f0592ec3d61940be82003\",\"name\":\"Dana Khalil\",\"image\":{\"@type\":\"ImageObject\",\"inLanguage\":\"fr-FR\",\"@id\":\"https:\/\/www.one.org\/fr\/#\/schema\/person\/image\/\",\"url\":\"https:\/\/secure.gravatar.com\/avatar\/b0da536f00ccefadcc7aae4e64855977a5249adb1ac04162a69474e53a8d4c40?s=96&d=mm&r=g\",\"contentUrl\":\"https:\/\/secure.gravatar.com\/avatar\/b0da536f00ccefadcc7aae4e64855977a5249adb1ac04162a69474e53a8d4c40?s=96&d=mm&r=g\",\"caption\":\"Dana Khalil\"},\"url\":\"https:\/\/www.one.org\/fr\/actualites\/author\/danakhalil\/\"}]}<\/script>\n<!-- \/ Yoast SEO Premium plugin. -->","yoast_head_json":{"title":"42 jeunes engag\u00e9\u00b7e\u00b7s contre les d\u00e9fis mondiaux - ONE.org France","description":"Face \u00e0 un contexte international marqu\u00e9 par le recul de la solidarit\u00e9, 3 jeunes Ambassadrices de ONE vous pr\u00e9sentent les enjeux pour 2025.","robots":{"index":"index","follow":"follow","max-snippet":"max-snippet:-1","max-image-preview":"max-image-preview:large","max-video-preview":"max-video-preview:-1"},"canonical":"https:\/\/www.one.org\/fr\/actualites\/42-jeunes-contre-defis-mondiaux\/","og_locale":"fr_FR","og_type":"article","og_title":"42 jeunes engag\u00e9\u00b7e\u00b7s contre les d\u00e9fis mondiaux","og_description":"Face \u00e0 un contexte international marqu\u00e9 par le recul de la solidarit\u00e9, 3 jeunes Ambassadrices de ONE vous pr\u00e9sentent les enjeux pour 2025.","og_url":"https:\/\/www.one.org\/fr\/actualites\/42-jeunes-contre-defis-mondiaux\/","og_site_name":"ONE.org France","article_publisher":"https:\/\/www.facebook.com\/ONE.Fr","article_published_time":"2025-04-30T10:43:29+00:00","article_modified_time":"2025-04-30T10:44:05+00:00","og_image":[{"width":2560,"height":1707,"url":"https:\/\/www.one.org\/fr\/wp-content\/uploads\/sites\/4\/2025\/04\/359A0422-scaled.jpg","type":"image\/jpeg"}],"author":"Dana Khalil","twitter_card":"summary_large_image","twitter_description":"Face \u00e0 un contexte international marqu\u00e9 par le recul de la solidarit\u00e9, 3 jeunes Ambassadrices de ONE vous pr\u00e9sentent les enjeux pour 2025.","twitter_creator":"@one_fr","twitter_site":"@one_fr","twitter_misc":{"Written by":"Dana Khalil","Est. reading time":"7 minutes"},"schema":{"@context":"https:\/\/schema.org","@graph":[{"@type":"Article","@id":"https:\/\/www.one.org\/fr\/actualites\/42-jeunes-contre-defis-mondiaux\/#article","isPartOf":{"@id":"https:\/\/www.one.org\/fr\/actualites\/42-jeunes-contre-defis-mondiaux\/"},"author":{"name":"Dana Khalil","@id":"https:\/\/www.one.org\/fr\/#\/schema\/person\/cf1f30f9800f0592ec3d61940be82003"},"headline":"42 jeunes engag\u00e9\u00b7e\u00b7s contre les d\u00e9fis mondiaux","datePublished":"2025-04-30T10:43:29+00:00","dateModified":"2025-04-30T10:44:05+00:00","mainEntityOfPage":{"@id":"https:\/\/www.one.org\/fr\/actualites\/42-jeunes-contre-defis-mondiaux\/"},"wordCount":1519,"image":{"@id":"https:\/\/www.one.org\/fr\/actualites\/42-jeunes-contre-defis-mondiaux\/#primaryimage"},"thumbnailUrl":"https:\/\/www.one.org\/fr\/wp-content\/uploads\/sites\/4\/2025\/04\/359A0422-scaled.jpg","articleSection":["Campagnes"],"inLanguage":"fr-FR"},{"@type":"WebPage","@id":"https:\/\/www.one.org\/fr\/actualites\/42-jeunes-contre-defis-mondiaux\/","url":"https:\/\/www.one.org\/fr\/actualites\/42-jeunes-contre-defis-mondiaux\/","name":"42 jeunes engag\u00e9\u00b7e\u00b7s contre les d\u00e9fis mondiaux - ONE.org France","isPartOf":{"@id":"https:\/\/www.one.org\/fr\/#website"},"primaryImageOfPage":{"@id":"https:\/\/www.one.org\/fr\/actualites\/42-jeunes-contre-defis-mondiaux\/#primaryimage"},"image":{"@id":"https:\/\/www.one.org\/fr\/actualites\/42-jeunes-contre-defis-mondiaux\/#primaryimage"},"thumbnailUrl":"https:\/\/www.one.org\/fr\/wp-content\/uploads\/sites\/4\/2025\/04\/359A0422-scaled.jpg","datePublished":"2025-04-30T10:43:29+00:00","dateModified":"2025-04-30T10:44:05+00:00","author":{"@id":"https:\/\/www.one.org\/fr\/#\/schema\/person\/cf1f30f9800f0592ec3d61940be82003"},"description":"Face \u00e0 un contexte international marqu\u00e9 par le recul de la solidarit\u00e9, 3 jeunes Ambassadrices de ONE vous pr\u00e9sentent les enjeux pour 2025.","breadcrumb":{"@id":"https:\/\/www.one.org\/fr\/actualites\/42-jeunes-contre-defis-mondiaux\/#breadcrumb"},"inLanguage":"fr-FR","potentialAction":[{"@type":"ReadAction","target":["https:\/\/www.one.org\/fr\/actualites\/42-jeunes-contre-defis-mondiaux\/"]}]},{"@type":"ImageObject","inLanguage":"fr-FR","@id":"https:\/\/www.one.org\/fr\/actualites\/42-jeunes-contre-defis-mondiaux\/#primaryimage","url":"https:\/\/www.one.org\/fr\/wp-content\/uploads\/sites\/4\/2025\/04\/359A0422-scaled.jpg","contentUrl":"https:\/\/www.one.org\/fr\/wp-content\/uploads\/sites\/4\/2025\/04\/359A0422-scaled.jpg","width":2560,"height":1707,"caption":"\u00a9 Louis Camelin"},{"@type":"BreadcrumbList","@id":"https:\/\/www.one.org\/fr\/actualites\/42-jeunes-contre-defis-mondiaux\/#breadcrumb","itemListElement":[{"@type":"ListItem","position":1,"name":"Home","item":"https:\/\/www.one.org\/fr\/"},{"@type":"ListItem","position":2,"name":"42 jeunes engag\u00e9\u00b7e\u00b7s contre les d\u00e9fis mondiaux"}]},{"@type":"WebSite","@id":"https:\/\/www.one.org\/fr\/#website","url":"https:\/\/www.one.org\/fr\/","name":"ONE.org","description":"Cr\u00e9er des opportunit\u00e9s \u00e9conomiques et am\u00e9liorer la sant\u00e9 en Afrique","potentialAction":[{"@type":"SearchAction","target":{"@type":"EntryPoint","urlTemplate":"https:\/\/www.one.org\/fr\/?s={search_term_string}"},"query-input":{"@type":"PropertyValueSpecification","valueRequired":true,"valueName":"search_term_string"}}],"inLanguage":"fr-FR"},{"@type":"Person","@id":"https:\/\/www.one.org\/fr\/#\/schema\/person\/cf1f30f9800f0592ec3d61940be82003","name":"Dana Khalil","image":{"@type":"ImageObject","inLanguage":"fr-FR","@id":"https:\/\/www.one.org\/fr\/#\/schema\/person\/image\/","url":"https:\/\/secure.gravatar.com\/avatar\/b0da536f00ccefadcc7aae4e64855977a5249adb1ac04162a69474e53a8d4c40?s=96&d=mm&r=g","contentUrl":"https:\/\/secure.gravatar.com\/avatar\/b0da536f00ccefadcc7aae4e64855977a5249adb1ac04162a69474e53a8d4c40?s=96&d=mm&r=g","caption":"Dana Khalil"},"url":"https:\/\/www.one.org\/fr\/actualites\/author\/danakhalil\/"}]}},"distributor_meta":false,"distributor_terms":false,"distributor_media":false,"distributor_original_site_name":"ONE.org France","distributor_original_site_url":"https:\/\/www.one.org\/fr","push-errors":false,"_links":{"self":[{"href":"https:\/\/www.one.org\/fr\/wp-json\/wp\/v2\/posts\/166055","targetHints":{"allow":["GET"]}}],"collection":[{"href":"https:\/\/www.one.org\/fr\/wp-json\/wp\/v2\/posts"}],"about":[{"href":"https:\/\/www.one.org\/fr\/wp-json\/wp\/v2\/types\/post"}],"author":[{"embeddable":true,"href":"https:\/\/www.one.org\/fr\/wp-json\/wp\/v2\/users\/24"}],"replies":[{"embeddable":true,"href":"https:\/\/www.one.org\/fr\/wp-json\/wp\/v2\/comments?post=166055"}],"version-history":[{"count":0,"href":"https:\/\/www.one.org\/fr\/wp-json\/wp\/v2\/posts\/166055\/revisions"}],"wp:featuredmedia":[{"embeddable":true,"href":"https:\/\/www.one.org\/fr\/wp-json\/wp\/v2\/media\/166057"}],"wp:attachment":[{"href":"https:\/\/www.one.org\/fr\/wp-json\/wp\/v2\/media?parent=166055"}],"wp:term":[{"taxonomy":"category","embeddable":true,"href":"https:\/\/www.one.org\/fr\/wp-json\/wp\/v2\/categories?post=166055"},{"taxonomy":"post_tag","embeddable":true,"href":"https:\/\/www.one.org\/fr\/wp-json\/wp\/v2\/tags?post=166055"},{"taxonomy":"topic","embeddable":true,"href":"https:\/\/www.one.org\/fr\/wp-json\/wp\/v2\/topic?post=166055"},{"taxonomy":"contributor","embeddable":true,"href":"https:\/\/www.one.org\/fr\/wp-json\/wp\/v2\/contributor?post=166055"},{"taxonomy":"one_content_audience","embeddable":true,"href":"https:\/\/www.one.org\/fr\/wp-json\/wp\/v2\/one_content_audience?post=166055"},{"taxonomy":"one_content_type","embeddable":true,"href":"https:\/\/www.one.org\/fr\/wp-json\/wp\/v2\/one_content_type?post=166055"},{"taxonomy":"one_content_tone","embeddable":true,"href":"https:\/\/www.one.org\/fr\/wp-json\/wp\/v2\/one_content_tone?post=166055"}],"curies":[{"name":"wp","href":"https:\/\/api.w.org\/{rel}","templated":true}]}}