{"id":165959,"date":"2025-04-09T10:21:56","date_gmt":"2025-04-09T10:21:56","guid":{"rendered":"https:\/\/www.one.org\/fr\/?p=165959"},"modified":"2025-04-09T13:17:44","modified_gmt":"2025-04-09T13:17:44","slug":"conseil-presidentiel-pour-les-partenariats-internationaux-la-france-reaffirme-son-engagement-sur-la-scene-internationale","status":"publish","type":"post","link":"https:\/\/www.one.org\/fr\/actualites\/conseil-presidentiel-pour-les-partenariats-internationaux-la-france-reaffirme-son-engagement-sur-la-scene-internationale\/","title":{"rendered":"Conseil pr\u00e9sidentiel pour les partenariats internationaux : La France r\u00e9affirme son engagement sur la sc\u00e8ne internationale"},"content":{"rendered":"\n<p>Le 6 avril, l\u2019\u00c9lys\u00e9e a publi\u00e9 un <a href=\"https:\/\/www.elysee.fr\/emmanuel-macron\/2025\/04\/06\/releve-de-decisions-du-conseil-presidentiel-pour-les-partenariats-internationaux\" target=\"_blank\" rel=\"noreferrer noopener\">relev\u00e9 de d\u00e9cisions<\/a> suite au <a href=\"https:\/\/x.com\/TMohamedSoilihi\/status\/1908558196773417465\" target=\"_blank\" rel=\"noreferrer noopener\">Conseil pr\u00e9sidentiel pour les partenariats internationaux<\/a> (CPPI) qui s\u2019est d\u00e9roul\u00e9 le 4 avril afin de pr\u00e9senter la nouvelle strat\u00e9gie de la France en mati\u00e8re de coop\u00e9ration internationale. Derri\u00e8re ce nom abstrait, une r\u00e9alit\u00e9 tr\u00e8s concr\u00e8te\u202f: la politique de solidarit\u00e9 internationale a \u00e9t\u00e9 vivement remise en question et a subi de nombreuses coupes financi\u00e8res ces derniers mois, aux \u00c9tats-Unis mais aussi en Europe. Face aux critiques et \u00e0 la nouvelle donne politique internationale, le Pr\u00e9sident de la R\u00e9publique a r\u00e9uni le gouvernement afin de r\u00e9affirmer l\u2019engagement de la France en faveur de la solidarit\u00e9 internationale et d\u2019actualiser sa strat\u00e9gie. Voici un r\u00e9sum\u00e9 des principales conclusions.&nbsp;&nbsp;<\/p>\n\n\n\n<p class=\"has-teal-color has-text-color has-link-color has-6-font-size wp-elements-f7ef75d4dfdaa66b463d49ebe2592b84\"><strong>La France r\u00e9affirme son engagement pour la solidarit\u00e9 internationale, \u00e0 contre-courant de la tendance mondiale&nbsp;<\/strong><\/p>\n\n\n\n<p>\u00c0 l\u2019issue du CPPI, la France <strong>r\u00e9affirme son engagement sur la sc\u00e8ne internationale, \u00e0 l\u2019heure o\u00f9 la solidarit\u00e9 internationale est mise \u00e0 mal<\/strong> par des acteurs qui se d\u00e9sengagent de la lutte contre l\u2019extr\u00eame pauvret\u00e9 et les in\u00e9galit\u00e9s mondiales. La France se pr\u00e9sente comme un leader en mati\u00e8re de partenariats internationaux aux c\u00f4t\u00e9s de ses alli\u00e9s europ\u00e9ens. Les valeurs historiques progressistes et humanistes fran\u00e7aises ressortent renforc\u00e9es de cette r\u00e9union, et illustrent une prise de conscience de la gravit\u00e9 des coupes de l\u2019aide au d\u00e9veloppement dans le monde et de leurs cons\u00e9quences.&nbsp;<\/p>\n\n\n\n<p>La France rappelle aussi que cette politique est conduite et d\u00e9velopp\u00e9e dans l\u2019int\u00e9r\u00eat de toutes et tous sur la plan\u00e8te, y compris dans l\u2019int\u00e9r\u00eat des Fran\u00e7aises et des Fran\u00e7ais, puisqu\u2019elle contribue \u00e0 la cr\u00e9ation d\u2019un monde \u00ab\u202fplus s\u00fbr, plus r\u00e9silient et mieux arm\u00e9 face au d\u00e9fi \u00e9cologique\u202f\u00bb.&nbsp;&nbsp;<\/p>\n\n\n\n<p>Le relev\u00e9 de d\u00e9cisions insiste \u00e9galement sur l\u2019attachement de la France <strong>au<\/strong><strong> multilat\u00e9ralisme<\/strong> dans le but de mobiliser les financements n\u00e9cessaires contre la pauvret\u00e9 et le changement climatique. Le communiqu\u00e9 r\u00e9it\u00e8re les lignes directrices trac\u00e9es par <a href=\"https:\/\/pactedeparis.org\/\" target=\"_blank\" rel=\"noreferrer noopener\">l\u2019initiative du Pacte de Paris pour les Peuples et de la Plan\u00e8te (Initiative 4P)<\/a>. Plus clairement, la France continue de s\u2019engager pour une augmentation <strong>des financements pour le d\u00e9veloppement, une sortie \u00ab\u202fdes d\u00e9pendances d\u2019un autre temps\u202f\u00bb et de la terminologie de \u00ab\u202fl\u2019aide au d\u00e9veloppement\u202f\u00bb, ainsi qu\u2019une meilleure repr\u00e9sentativit\u00e9 des pays du Sud dans ce syst\u00e8me<\/strong>. ONE rappelle que si le syst\u00e8me de solidarit\u00e9 internationale est effectivement appel\u00e9 \u00e0 \u00e9voluer, notamment vers plus d\u2019inclusivit\u00e9, l\u2019arr\u00eat des financements d\u2019aide au d\u00e9veloppement ne peut pas se faire du jour au lendemain et doit \u00eatre accompagn\u00e9 d\u2019un processus de transition vers un but clair, <a href=\"https:\/\/www.one.org\/fr\/press\/nouvelle-etude-les-coupes-dans-laide-internationale-americaine-et-europeenne-pourraient-causer-plus-de-10-millions-de-nouvelles-infections-au-vih-dici-2030\/\" target=\"_blank\" rel=\"noreferrer noopener\">sans quoi les pertes se compteront en millions de vies humaines<\/a>.&nbsp;&nbsp;<\/p>\n\n\n\n<p>ONE salue plus particuli\u00e8rement l\u2019engagement de la France concernant les financements innovants puisque <strong>le relev\u00e9 de d\u00e9cisions ouvre la voie \u00e0 une r\u00e9affectation des recettes de la taxe Chirac sur les billets d\u2019avion au budget de l\u2019aide au d\u00e9veloppement<\/strong>, h\u00e9ritage humaniste fran\u00e7ais de plus de 20 ans, malheureusement supprim\u00e9 dans la loi de Finances pour 2025.&nbsp;&nbsp;<\/p>\n\n\n\n<p class=\"has-teal-color has-text-color has-link-color has-6-font-size wp-elements-aa04890ce5bccc476560089dfb1b8144\"><strong>Une volont\u00e9 de recentrer les partenariats internationaux fran\u00e7ais l\u00e0 o\u00f9 ils ont le plus d\u2019impact&nbsp;<\/strong><\/p>\n\n\n\n<p>Afin d\u2019int\u00e9grer les contraintes budg\u00e9taires qui p\u00e8sent sur le budget en 2025, la France pr\u00e9voit de recentrer ses financements sur des priorit\u00e9s clairement d\u00e9finies. Tout en rappelant que la politique de partenariats internationaux de la France se concentrera sur<strong> la lutte contre l\u2019extr\u00eame pauvret\u00e9 et les in\u00e9galit\u00e9s mondiales<\/strong>, le relev\u00e9 de d\u00e9cisions indique que la France consacrera<strong> 60% de ses dons aux Pays les Moins Avanc\u00e9s (PMA) ainsi qu\u2019aux pays les plus vuln\u00e9rables au changement climatique<\/strong>. ONE se f\u00e9licite du renforcement de cette orientation d\u00e9j\u00e0 entam\u00e9e lors du pr\u00e9c\u00e9dent exercice en 2023, qui signifie que les financements du d\u00e9veloppement iront aux populations qui en auront le plus besoin face aux multiples crises mondiales, et rappelle qu\u2019en 2023 seuls 24 % de notre APD ont \u00e9t\u00e9 allou\u00e9s aux PMA.&nbsp;&nbsp;<\/p>\n\n\n\n<p class=\"has-teal-color has-text-color has-link-color has-6-font-size wp-elements-ce4257e62cc6bf57fbc234996f975d04\"><strong>Une \u00e9valuation centr\u00e9e sur les r\u00e9sultats, plus transparente et plus lisible&nbsp;<\/strong><\/p>\n\n\n\n<p>Enfin, la France d\u00e9ploiera des efforts cons\u00e9quents afin de rendre sa politique plus lisible et plus transparente, ainsi que pour entamer une transition vers une \u00e9valuation bas\u00e9e non pas sur les moyens, mais sur les r\u00e9sultats. Une s\u00e9rie d\u2019indicateurs li\u00e9s aux 10 priorit\u00e9s adopt\u00e9es en 2023 seront d\u00e9velopp\u00e9es afin d\u2019assurer un suivi des d\u00e9penses et de l\u2019impact de l\u2019aide fran\u00e7aise<strong>. Les citoyennes et citoyens, ainsi que les parlementaires et les journalistes pourront ainsi avoir une vision claire des r\u00e9sultats concrets que les investissements fran\u00e7ais de la solidarit\u00e9 internationale ont sur la vie de millions de personnes dans les pays vuln\u00e9rables<\/strong><strong>.<\/strong> Rappelons par exemple que l\u2019aide fran\u00e7aise allou\u00e9e au Fonds mondial de lutte contre le sida, la tuberculose et le paludisme a permis de sauver 7 millions de vies et de soigner 750 000 personnes atteintes de la tuberculose entre 2002 et 2023. Depuis 2017, notre aide a \u00e9galement permis la scolarisation de pr\u00e8s de 30 millions de filles suppl\u00e9mentaires et l\u2019acc\u00e8s \u00e0 l\u2019eau potable pour plus de 23 millions de personnes. <strong>N\u2019oublions jamais que derri\u00e8re ces chiffres se cachent des vies humaines<\/strong>.&nbsp;<\/p>\n\n\n\n<h2 class=\"wp-block-heading has-teal-color has-text-color has-link-color has-6-font-size wp-elements-992bf4631c57694040c2f2318313d4fd\" id=\"h-un-besoin-de-priorisation-crucial-qui-doit-etre-respecte-afin-de-sauver-de-nombreuses-vies-cette-annee-nbsp\"><strong>Un besoin de priorisation crucial qui doit \u00eatre respect\u00e9 afin de sauver de nombreuses vies cette ann\u00e9e&nbsp;<\/strong><\/h2>\n\n\n\n<p>Cette initiative fran\u00e7aise est particuli\u00e8rement bienvenue dans le contexte international actuel, dans lequel plus de <a href=\"https:\/\/pepfar.impactcounter.com\/?source=embed\" target=\"_blank\" rel=\"noreferrer noopener\">30 000 d\u00e9c\u00e8s sont d\u00e9j\u00e0 \u00e0 d\u00e9plorer<\/a> suite \u00e0 l\u2019arr\u00eat des financements du programme am\u00e9ricain PEPFAR. ONE tient \u00e0 rappeler les grands principes qui doivent continuer \u00e0 guider les financements li\u00e9s \u00e0 la politique de solidarit\u00e9 internationale de la France\u202f:&nbsp;<\/p>\n\n\n\n<ul class=\"wp-block-list\">\n<li>Garantir au maximum la continuit\u00e9 des programmes qui sauvent des vies, et notamment l\u2019administration des soins. Cela signifie que la rationalisation de l\u2019aide pr\u00e9vue par la France ne doit pas s\u2019appliquer \u00e0 l\u2019aide multilat\u00e9rale pour la sant\u00e9, dont b\u00e9n\u00e9ficient de nombreux fonds, comme Gavi, UNITAID et le Fonds mondial, qui sauvent des vies au quotidien.&nbsp;<\/li>\n<\/ul>\n\n\n\n<ul class=\"wp-block-list\">\n<li>L\u2019aide au d\u00e9veloppement ne doit en aucun cas \u00eatre utilis\u00e9e comme moyen de chantage, ni \u00e0 des fins de contr\u00f4le migratoire.\u202fElle doit avoir comme priorit\u00e9 la r\u00e9duction de l\u2019extr\u00eame pauvret\u00e9, l\u2019am\u00e9lioration des syst\u00e8mes de sant\u00e9 dans les pays pauvres et la cr\u00e9ation d\u2019opportunit\u00e9s \u00e9conomiques pour leurs habitants.&nbsp;<\/li>\n<\/ul>\n\n\n\n<ul class=\"wp-block-list\">\n<li>Au moins 50% de notre APD doit \u00eatre allou\u00e9e aux PMA. Les financements allou\u00e9s \u00e0 l\u2019Ukraine, \u00e0 raison, doivent \u00eatre additionnels aux montants financiers d\u00e9j\u00e0 existants d\u2019APD.\u00a0<\/li>\n<\/ul>\n<div class=\"buffer\"><\/div>","protected":false},"excerpt":{"rendered":"<p>Le 6 avril, l\u2019\u00c9lys\u00e9e a publi\u00e9 un relev\u00e9 de d\u00e9cisions suite au Conseil pr\u00e9sidentiel pour les partenariats internationaux (CPPI) qui s\u2019est d\u00e9roul\u00e9 le 4 avril afin de pr\u00e9senter la nouvelle strat\u00e9gie de la France en mati\u00e8re de coop\u00e9ration internationale. Derri\u00e8re ce nom abstrait, une r\u00e9alit\u00e9 tr\u00e8s concr\u00e8te\u202f: la politique de solidarit\u00e9 internationale a \u00e9t\u00e9 vivement remise en question et a subi de nombreuses coupes financi\u00e8res ces derniers mois, aux \u00c9tats-Unis mais aussi en Europe. Face aux critiques et \u00e0 la nouvelle donne politique internationale, le Pr\u00e9sident de la R\u00e9publique a r\u00e9uni le gouvernement afin de r\u00e9affirmer l\u2019engagement de la France en faveur de la solidarit\u00e9 internationale et d\u2019actualiser sa strat\u00e9gie. Voici un r\u00e9sum\u00e9 des principales conclusions.<\/p>\n","protected":false},"author":23,"featured_media":165961,"comment_status":"closed","ping_status":"closed","sticky":false,"template":"","format":"standard","meta":{"_acf_changed":false,"_relevanssi_hide_post":"","_relevanssi_hide_content":"","_relevanssi_pin_for_all":"","_relevanssi_pin_keywords":"","_relevanssi_unpin_keywords":"","_relevanssi_related_keywords":"","_relevanssi_related_include_ids":"","_relevanssi_related_exclude_ids":"","_relevanssi_related_no_append":"","_relevanssi_related_not_related":"","_relevanssi_related_posts":"162432,162677,162421,162453,162645,164384","_relevanssi_noindex_reason":"","footnotes":""},"categories":[68],"tags":[],"topic":[41],"contributor":[33],"one_content_audience":[],"one_content_type":[],"one_content_tone":[],"class_list":["post-165959","post","type-post","status-publish","format-standard","has-post-thumbnail","hentry","category-analyse","topic-aide-au-developpement","contributor-one-france"],"acf":[],"yoast_head":"<!-- This site is optimized with the Yoast SEO Premium plugin v27.1 (Yoast SEO v27.1.1) - https:\/\/yoast.com\/product\/yoast-seo-premium-wordpress\/ -->\n<title>Conseil pr\u00e9sidentiel pour les partenariats internationaux : La France r\u00e9affirme son engagement sur la sc\u00e8ne internationale - ONE.org France<\/title>\n<meta name=\"description\" content=\"Le Pr\u00e9sident de la R\u00e9publique a r\u00e9uni le gouvernement afin de r\u00e9affirmer l\u2019engagement de la France en faveur de la solidarit\u00e9 internationale.\" \/>\n<meta name=\"robots\" content=\"index, follow, max-snippet:-1, max-image-preview:large, max-video-preview:-1\" \/>\n<link rel=\"canonical\" href=\"https:\/\/www.one.org\/fr\/actualites\/conseil-presidentiel-pour-les-partenariats-internationaux-la-france-reaffirme-son-engagement-sur-la-scene-internationale\/\" \/>\n<meta property=\"og:locale\" content=\"fr_FR\" \/>\n<meta property=\"og:type\" content=\"article\" \/>\n<meta property=\"og:title\" content=\"CPPI : La France r\u00e9affirme son engagement sur la sc\u00e8ne internationale\" \/>\n<meta property=\"og:description\" content=\"Le Pr\u00e9sident de la R\u00e9publique a r\u00e9uni le gouvernement afin de r\u00e9affirmer l\u2019engagement de la France en faveur de la solidarit\u00e9 internationale.\" \/>\n<meta property=\"og:url\" content=\"https:\/\/www.one.org\/fr\/actualites\/conseil-presidentiel-pour-les-partenariats-internationaux-la-france-reaffirme-son-engagement-sur-la-scene-internationale\/\" \/>\n<meta property=\"og:site_name\" content=\"ONE.org France\" \/>\n<meta property=\"article:publisher\" content=\"https:\/\/www.facebook.com\/ONE.Fr\" \/>\n<meta property=\"article:published_time\" content=\"2025-04-09T10:21:56+00:00\" \/>\n<meta property=\"article:modified_time\" content=\"2025-04-09T13:17:44+00:00\" \/>\n<meta property=\"og:image\" content=\"https:\/\/www.one.org\/fr\/wp-content\/uploads\/sites\/4\/2025\/04\/Heading-1.jpg\" \/>\n\t<meta property=\"og:image:width\" content=\"1998\" \/>\n\t<meta property=\"og:image:height\" content=\"1675\" \/>\n\t<meta property=\"og:image:type\" content=\"image\/jpeg\" \/>\n<meta name=\"author\" content=\"Charlotte Grignard\" \/>\n<meta name=\"twitter:card\" content=\"summary_large_image\" \/>\n<meta name=\"twitter:title\" content=\"CPPI : La France r\u00e9affirme son engagement sur la sc\u00e8ne internationale\" \/>\n<meta name=\"twitter:description\" content=\"Le Pr\u00e9sident de la R\u00e9publique a r\u00e9uni le gouvernement afin de r\u00e9affirmer l\u2019engagement de la France en faveur de la solidarit\u00e9 internationale.\" \/>\n<meta name=\"twitter:image\" content=\"https:\/\/www.one.org\/fr\/wp-content\/uploads\/sites\/4\/2025\/04\/Heading-1.jpg\" \/>\n<meta name=\"twitter:creator\" content=\"@one_fr\" \/>\n<meta name=\"twitter:site\" content=\"@one_fr\" \/>\n<meta name=\"twitter:label1\" content=\"Written by\" \/>\n\t<meta name=\"twitter:data1\" content=\"Charlotte Grignard\" \/>\n\t<meta name=\"twitter:label2\" content=\"Est. reading time\" \/>\n\t<meta name=\"twitter:data2\" content=\"5 minutes\" \/>\n<script type=\"application\/ld+json\" class=\"yoast-schema-graph\">{\"@context\":\"https:\/\/schema.org\",\"@graph\":[{\"@type\":\"Article\",\"@id\":\"https:\/\/www.one.org\/fr\/actualites\/conseil-presidentiel-pour-les-partenariats-internationaux-la-france-reaffirme-son-engagement-sur-la-scene-internationale\/#article\",\"isPartOf\":{\"@id\":\"https:\/\/www.one.org\/fr\/actualites\/conseil-presidentiel-pour-les-partenariats-internationaux-la-france-reaffirme-son-engagement-sur-la-scene-internationale\/\"},\"author\":{\"name\":\"Charlotte Grignard\",\"@id\":\"https:\/\/www.one.org\/fr\/#\/schema\/person\/80f9015287f26deb0186c1a1506c5b45\"},\"headline\":\"Conseil pr\u00e9sidentiel pour les partenariats internationaux : La France r\u00e9affirme son engagement sur la sc\u00e8ne internationale\",\"datePublished\":\"2025-04-09T10:21:56+00:00\",\"dateModified\":\"2025-04-09T13:17:44+00:00\",\"mainEntityOfPage\":{\"@id\":\"https:\/\/www.one.org\/fr\/actualites\/conseil-presidentiel-pour-les-partenariats-internationaux-la-france-reaffirme-son-engagement-sur-la-scene-internationale\/\"},\"wordCount\":1195,\"image\":{\"@id\":\"https:\/\/www.one.org\/fr\/actualites\/conseil-presidentiel-pour-les-partenariats-internationaux-la-france-reaffirme-son-engagement-sur-la-scene-internationale\/#primaryimage\"},\"thumbnailUrl\":\"https:\/\/www.one.org\/fr\/wp-content\/uploads\/sites\/4\/2025\/04\/GoAPA29WIAAFFQg.jpg\",\"articleSection\":[\"Analyse\"],\"inLanguage\":\"fr-FR\"},{\"@type\":\"WebPage\",\"@id\":\"https:\/\/www.one.org\/fr\/actualites\/conseil-presidentiel-pour-les-partenariats-internationaux-la-france-reaffirme-son-engagement-sur-la-scene-internationale\/\",\"url\":\"https:\/\/www.one.org\/fr\/actualites\/conseil-presidentiel-pour-les-partenariats-internationaux-la-france-reaffirme-son-engagement-sur-la-scene-internationale\/\",\"name\":\"Conseil pr\u00e9sidentiel pour les partenariats internationaux : La France r\u00e9affirme son engagement sur la sc\u00e8ne internationale - ONE.org France\",\"isPartOf\":{\"@id\":\"https:\/\/www.one.org\/fr\/#website\"},\"primaryImageOfPage\":{\"@id\":\"https:\/\/www.one.org\/fr\/actualites\/conseil-presidentiel-pour-les-partenariats-internationaux-la-france-reaffirme-son-engagement-sur-la-scene-internationale\/#primaryimage\"},\"image\":{\"@id\":\"https:\/\/www.one.org\/fr\/actualites\/conseil-presidentiel-pour-les-partenariats-internationaux-la-france-reaffirme-son-engagement-sur-la-scene-internationale\/#primaryimage\"},\"thumbnailUrl\":\"https:\/\/www.one.org\/fr\/wp-content\/uploads\/sites\/4\/2025\/04\/GoAPA29WIAAFFQg.jpg\",\"datePublished\":\"2025-04-09T10:21:56+00:00\",\"dateModified\":\"2025-04-09T13:17:44+00:00\",\"author\":{\"@id\":\"https:\/\/www.one.org\/fr\/#\/schema\/person\/80f9015287f26deb0186c1a1506c5b45\"},\"description\":\"Le Pr\u00e9sident de la R\u00e9publique a r\u00e9uni le gouvernement afin de r\u00e9affirmer l\u2019engagement de la France en faveur de la solidarit\u00e9 internationale.\",\"breadcrumb\":{\"@id\":\"https:\/\/www.one.org\/fr\/actualites\/conseil-presidentiel-pour-les-partenariats-internationaux-la-france-reaffirme-son-engagement-sur-la-scene-internationale\/#breadcrumb\"},\"inLanguage\":\"fr-FR\",\"potentialAction\":[{\"@type\":\"ReadAction\",\"target\":[\"https:\/\/www.one.org\/fr\/actualites\/conseil-presidentiel-pour-les-partenariats-internationaux-la-france-reaffirme-son-engagement-sur-la-scene-internationale\/\"]}]},{\"@type\":\"ImageObject\",\"inLanguage\":\"fr-FR\",\"@id\":\"https:\/\/www.one.org\/fr\/actualites\/conseil-presidentiel-pour-les-partenariats-internationaux-la-france-reaffirme-son-engagement-sur-la-scene-internationale\/#primaryimage\",\"url\":\"https:\/\/www.one.org\/fr\/wp-content\/uploads\/sites\/4\/2025\/04\/GoAPA29WIAAFFQg.jpg\",\"contentUrl\":\"https:\/\/www.one.org\/fr\/wp-content\/uploads\/sites\/4\/2025\/04\/GoAPA29WIAAFFQg.jpg\",\"width\":2048,\"height\":1365},{\"@type\":\"BreadcrumbList\",\"@id\":\"https:\/\/www.one.org\/fr\/actualites\/conseil-presidentiel-pour-les-partenariats-internationaux-la-france-reaffirme-son-engagement-sur-la-scene-internationale\/#breadcrumb\",\"itemListElement\":[{\"@type\":\"ListItem\",\"position\":1,\"name\":\"Home\",\"item\":\"https:\/\/www.one.org\/fr\/\"},{\"@type\":\"ListItem\",\"position\":2,\"name\":\"Conseil pr\u00e9sidentiel pour les partenariats internationaux : La France r\u00e9affirme son engagement sur la sc\u00e8ne internationale\"}]},{\"@type\":\"WebSite\",\"@id\":\"https:\/\/www.one.org\/fr\/#website\",\"url\":\"https:\/\/www.one.org\/fr\/\",\"name\":\"ONE.org\",\"description\":\"Cr\u00e9er des opportunit\u00e9s \u00e9conomiques et am\u00e9liorer la sant\u00e9 en Afrique\",\"potentialAction\":[{\"@type\":\"SearchAction\",\"target\":{\"@type\":\"EntryPoint\",\"urlTemplate\":\"https:\/\/www.one.org\/fr\/?s={search_term_string}\"},\"query-input\":{\"@type\":\"PropertyValueSpecification\",\"valueRequired\":true,\"valueName\":\"search_term_string\"}}],\"inLanguage\":\"fr-FR\"},{\"@type\":\"Person\",\"@id\":\"https:\/\/www.one.org\/fr\/#\/schema\/person\/80f9015287f26deb0186c1a1506c5b45\",\"name\":\"Charlotte Grignard\",\"image\":{\"@type\":\"ImageObject\",\"inLanguage\":\"fr-FR\",\"@id\":\"https:\/\/www.one.org\/fr\/#\/schema\/person\/image\/\",\"url\":\"https:\/\/secure.gravatar.com\/avatar\/5502a1f95f0f52802983d25ece15bcbc13df70d815328935be70810a97028027?s=96&d=mm&r=g\",\"contentUrl\":\"https:\/\/secure.gravatar.com\/avatar\/5502a1f95f0f52802983d25ece15bcbc13df70d815328935be70810a97028027?s=96&d=mm&r=g\",\"caption\":\"Charlotte Grignard\"},\"url\":\"https:\/\/www.one.org\/fr\/actualites\/author\/charlottegrignard\/\"}]}<\/script>\n<!-- \/ Yoast SEO Premium plugin. -->","yoast_head_json":{"title":"Conseil pr\u00e9sidentiel pour les partenariats internationaux : La France r\u00e9affirme son engagement sur la sc\u00e8ne internationale - ONE.org France","description":"Le Pr\u00e9sident de la R\u00e9publique a r\u00e9uni le gouvernement afin de r\u00e9affirmer l\u2019engagement de la France en faveur de la solidarit\u00e9 internationale.","robots":{"index":"index","follow":"follow","max-snippet":"max-snippet:-1","max-image-preview":"max-image-preview:large","max-video-preview":"max-video-preview:-1"},"canonical":"https:\/\/www.one.org\/fr\/actualites\/conseil-presidentiel-pour-les-partenariats-internationaux-la-france-reaffirme-son-engagement-sur-la-scene-internationale\/","og_locale":"fr_FR","og_type":"article","og_title":"CPPI : La France r\u00e9affirme son engagement sur la sc\u00e8ne internationale","og_description":"Le Pr\u00e9sident de la R\u00e9publique a r\u00e9uni le gouvernement afin de r\u00e9affirmer l\u2019engagement de la France en faveur de la solidarit\u00e9 internationale.","og_url":"https:\/\/www.one.org\/fr\/actualites\/conseil-presidentiel-pour-les-partenariats-internationaux-la-france-reaffirme-son-engagement-sur-la-scene-internationale\/","og_site_name":"ONE.org France","article_publisher":"https:\/\/www.facebook.com\/ONE.Fr","article_published_time":"2025-04-09T10:21:56+00:00","article_modified_time":"2025-04-09T13:17:44+00:00","og_image":[{"width":1998,"height":1675,"url":"https:\/\/www.one.org\/fr\/wp-content\/uploads\/sites\/4\/2025\/04\/Heading-1.jpg","type":"image\/jpeg"}],"author":"Charlotte Grignard","twitter_card":"summary_large_image","twitter_title":"CPPI : La France r\u00e9affirme son engagement sur la sc\u00e8ne internationale","twitter_description":"Le Pr\u00e9sident de la R\u00e9publique a r\u00e9uni le gouvernement afin de r\u00e9affirmer l\u2019engagement de la France en faveur de la solidarit\u00e9 internationale.","twitter_image":"https:\/\/www.one.org\/fr\/wp-content\/uploads\/sites\/4\/2025\/04\/Heading-1.jpg","twitter_creator":"@one_fr","twitter_site":"@one_fr","twitter_misc":{"Written by":"Charlotte Grignard","Est. reading time":"5 minutes"},"schema":{"@context":"https:\/\/schema.org","@graph":[{"@type":"Article","@id":"https:\/\/www.one.org\/fr\/actualites\/conseil-presidentiel-pour-les-partenariats-internationaux-la-france-reaffirme-son-engagement-sur-la-scene-internationale\/#article","isPartOf":{"@id":"https:\/\/www.one.org\/fr\/actualites\/conseil-presidentiel-pour-les-partenariats-internationaux-la-france-reaffirme-son-engagement-sur-la-scene-internationale\/"},"author":{"name":"Charlotte Grignard","@id":"https:\/\/www.one.org\/fr\/#\/schema\/person\/80f9015287f26deb0186c1a1506c5b45"},"headline":"Conseil pr\u00e9sidentiel pour les partenariats internationaux : La France r\u00e9affirme son engagement sur la sc\u00e8ne internationale","datePublished":"2025-04-09T10:21:56+00:00","dateModified":"2025-04-09T13:17:44+00:00","mainEntityOfPage":{"@id":"https:\/\/www.one.org\/fr\/actualites\/conseil-presidentiel-pour-les-partenariats-internationaux-la-france-reaffirme-son-engagement-sur-la-scene-internationale\/"},"wordCount":1195,"image":{"@id":"https:\/\/www.one.org\/fr\/actualites\/conseil-presidentiel-pour-les-partenariats-internationaux-la-france-reaffirme-son-engagement-sur-la-scene-internationale\/#primaryimage"},"thumbnailUrl":"https:\/\/www.one.org\/fr\/wp-content\/uploads\/sites\/4\/2025\/04\/GoAPA29WIAAFFQg.jpg","articleSection":["Analyse"],"inLanguage":"fr-FR"},{"@type":"WebPage","@id":"https:\/\/www.one.org\/fr\/actualites\/conseil-presidentiel-pour-les-partenariats-internationaux-la-france-reaffirme-son-engagement-sur-la-scene-internationale\/","url":"https:\/\/www.one.org\/fr\/actualites\/conseil-presidentiel-pour-les-partenariats-internationaux-la-france-reaffirme-son-engagement-sur-la-scene-internationale\/","name":"Conseil pr\u00e9sidentiel pour les partenariats internationaux : La France r\u00e9affirme son engagement sur la sc\u00e8ne internationale - ONE.org France","isPartOf":{"@id":"https:\/\/www.one.org\/fr\/#website"},"primaryImageOfPage":{"@id":"https:\/\/www.one.org\/fr\/actualites\/conseil-presidentiel-pour-les-partenariats-internationaux-la-france-reaffirme-son-engagement-sur-la-scene-internationale\/#primaryimage"},"image":{"@id":"https:\/\/www.one.org\/fr\/actualites\/conseil-presidentiel-pour-les-partenariats-internationaux-la-france-reaffirme-son-engagement-sur-la-scene-internationale\/#primaryimage"},"thumbnailUrl":"https:\/\/www.one.org\/fr\/wp-content\/uploads\/sites\/4\/2025\/04\/GoAPA29WIAAFFQg.jpg","datePublished":"2025-04-09T10:21:56+00:00","dateModified":"2025-04-09T13:17:44+00:00","author":{"@id":"https:\/\/www.one.org\/fr\/#\/schema\/person\/80f9015287f26deb0186c1a1506c5b45"},"description":"Le Pr\u00e9sident de la R\u00e9publique a r\u00e9uni le gouvernement afin de r\u00e9affirmer l\u2019engagement de la France en faveur de la solidarit\u00e9 internationale.","breadcrumb":{"@id":"https:\/\/www.one.org\/fr\/actualites\/conseil-presidentiel-pour-les-partenariats-internationaux-la-france-reaffirme-son-engagement-sur-la-scene-internationale\/#breadcrumb"},"inLanguage":"fr-FR","potentialAction":[{"@type":"ReadAction","target":["https:\/\/www.one.org\/fr\/actualites\/conseil-presidentiel-pour-les-partenariats-internationaux-la-france-reaffirme-son-engagement-sur-la-scene-internationale\/"]}]},{"@type":"ImageObject","inLanguage":"fr-FR","@id":"https:\/\/www.one.org\/fr\/actualites\/conseil-presidentiel-pour-les-partenariats-internationaux-la-france-reaffirme-son-engagement-sur-la-scene-internationale\/#primaryimage","url":"https:\/\/www.one.org\/fr\/wp-content\/uploads\/sites\/4\/2025\/04\/GoAPA29WIAAFFQg.jpg","contentUrl":"https:\/\/www.one.org\/fr\/wp-content\/uploads\/sites\/4\/2025\/04\/GoAPA29WIAAFFQg.jpg","width":2048,"height":1365},{"@type":"BreadcrumbList","@id":"https:\/\/www.one.org\/fr\/actualites\/conseil-presidentiel-pour-les-partenariats-internationaux-la-france-reaffirme-son-engagement-sur-la-scene-internationale\/#breadcrumb","itemListElement":[{"@type":"ListItem","position":1,"name":"Home","item":"https:\/\/www.one.org\/fr\/"},{"@type":"ListItem","position":2,"name":"Conseil pr\u00e9sidentiel pour les partenariats internationaux : La France r\u00e9affirme son engagement sur la sc\u00e8ne internationale"}]},{"@type":"WebSite","@id":"https:\/\/www.one.org\/fr\/#website","url":"https:\/\/www.one.org\/fr\/","name":"ONE.org","description":"Cr\u00e9er des opportunit\u00e9s \u00e9conomiques et am\u00e9liorer la sant\u00e9 en Afrique","potentialAction":[{"@type":"SearchAction","target":{"@type":"EntryPoint","urlTemplate":"https:\/\/www.one.org\/fr\/?s={search_term_string}"},"query-input":{"@type":"PropertyValueSpecification","valueRequired":true,"valueName":"search_term_string"}}],"inLanguage":"fr-FR"},{"@type":"Person","@id":"https:\/\/www.one.org\/fr\/#\/schema\/person\/80f9015287f26deb0186c1a1506c5b45","name":"Charlotte Grignard","image":{"@type":"ImageObject","inLanguage":"fr-FR","@id":"https:\/\/www.one.org\/fr\/#\/schema\/person\/image\/","url":"https:\/\/secure.gravatar.com\/avatar\/5502a1f95f0f52802983d25ece15bcbc13df70d815328935be70810a97028027?s=96&d=mm&r=g","contentUrl":"https:\/\/secure.gravatar.com\/avatar\/5502a1f95f0f52802983d25ece15bcbc13df70d815328935be70810a97028027?s=96&d=mm&r=g","caption":"Charlotte Grignard"},"url":"https:\/\/www.one.org\/fr\/actualites\/author\/charlottegrignard\/"}]}},"distributor_meta":false,"distributor_terms":false,"distributor_media":false,"distributor_original_site_name":"ONE.org France","distributor_original_site_url":"https:\/\/www.one.org\/fr","push-errors":false,"_links":{"self":[{"href":"https:\/\/www.one.org\/fr\/wp-json\/wp\/v2\/posts\/165959","targetHints":{"allow":["GET"]}}],"collection":[{"href":"https:\/\/www.one.org\/fr\/wp-json\/wp\/v2\/posts"}],"about":[{"href":"https:\/\/www.one.org\/fr\/wp-json\/wp\/v2\/types\/post"}],"author":[{"embeddable":true,"href":"https:\/\/www.one.org\/fr\/wp-json\/wp\/v2\/users\/23"}],"replies":[{"embeddable":true,"href":"https:\/\/www.one.org\/fr\/wp-json\/wp\/v2\/comments?post=165959"}],"version-history":[{"count":0,"href":"https:\/\/www.one.org\/fr\/wp-json\/wp\/v2\/posts\/165959\/revisions"}],"wp:featuredmedia":[{"embeddable":true,"href":"https:\/\/www.one.org\/fr\/wp-json\/wp\/v2\/media\/165961"}],"wp:attachment":[{"href":"https:\/\/www.one.org\/fr\/wp-json\/wp\/v2\/media?parent=165959"}],"wp:term":[{"taxonomy":"category","embeddable":true,"href":"https:\/\/www.one.org\/fr\/wp-json\/wp\/v2\/categories?post=165959"},{"taxonomy":"post_tag","embeddable":true,"href":"https:\/\/www.one.org\/fr\/wp-json\/wp\/v2\/tags?post=165959"},{"taxonomy":"topic","embeddable":true,"href":"https:\/\/www.one.org\/fr\/wp-json\/wp\/v2\/topic?post=165959"},{"taxonomy":"contributor","embeddable":true,"href":"https:\/\/www.one.org\/fr\/wp-json\/wp\/v2\/contributor?post=165959"},{"taxonomy":"one_content_audience","embeddable":true,"href":"https:\/\/www.one.org\/fr\/wp-json\/wp\/v2\/one_content_audience?post=165959"},{"taxonomy":"one_content_type","embeddable":true,"href":"https:\/\/www.one.org\/fr\/wp-json\/wp\/v2\/one_content_type?post=165959"},{"taxonomy":"one_content_tone","embeddable":true,"href":"https:\/\/www.one.org\/fr\/wp-json\/wp\/v2\/one_content_tone?post=165959"}],"curies":[{"name":"wp","href":"https:\/\/api.w.org\/{rel}","templated":true}]}}