{"id":165944,"date":"2025-03-28T15:17:01","date_gmt":"2025-03-28T15:17:01","guid":{"rendered":"https:\/\/www.one.org\/fr\/?p=165944"},"modified":"2025-04-28T12:39:27","modified_gmt":"2025-04-28T12:39:27","slug":"pourquoi-afrique-compte-reflexions-activiste-ethiopienne-one","status":"publish","type":"post","link":"https:\/\/www.one.org\/fr\/actualites\/pourquoi-afrique-compte-reflexions-activiste-ethiopienne-one\/","title":{"rendered":"Pourquoi l\u2019Afrique compte : R\u00e9flexions d\u2019une activiste \u00e9thiopienne de ONE\u00a0"},"content":{"rendered":"\n<p><em>Eden Tadesse, activiste de ONE, explique en quoi l\u2019Afrique compte, non pas seulement pour sa population, mais aussi pour le futur de notre plan\u00e8te.&nbsp;<\/em>&nbsp;<\/p>\n\n\n\n<p><a href=\"https:\/\/www.one.org\/fr\/person\/bono\/\" target=\"_blank\" rel=\"noreferrer noopener\">Bono, chanteur du groupe U2 et cofondateur de ONE,<\/a> a longtemps \u00e9t\u00e9 une voix importante pour l\u2019Afrique. Son combat pour la justice sociale et contre la pauvret\u00e9 d\u00e9bute lors de <a href=\"https:\/\/youtu.be\/6SVByPiF6iQ\" target=\"_blank\" rel=\"noreferrer noopener\">la famine en \u00c9thiopie dans les ann\u00e9es 1980<\/a>, o\u00f9 des images de souffrance l&#8217;ont pouss\u00e9 \u00e0 agir. Bono a d\u00e9fendu sans rel\u00e2che des questions telles que l&#8217;all\u00e8gement de la dette des pays \u00e0 faible revenu et la pr\u00e9vention du VIH\/sida, qui touchent encore des millions de personnes sur le continent africain, et plus encore.&nbsp;<\/p>\n\n\n\n<p>Lors de la c\u00e9r\u00e9monie 2023 des Goalkeepers, organis\u00e9e par la Fondation Bill et Melinda Gates, Bono m\u2019a rendu hommage ainsi qu\u2019\u00e0 mon pays d&#8217;origine, l&#8217;\u00c9thiopie,&nbsp;en d\u00e9clarant dans une vid\u00e9o&nbsp;: \u00ab Votre magnifique pays est l&#8217;une des raisons pour lesquelles j&#8217;ai commenc\u00e9 \u00e0 faire ce que je fais aujourd&#8217;hui \u00bb. Son engagement&nbsp;de longue date&nbsp;t\u00e9moigne de&nbsp;l\u2019importance&nbsp;d\u2019utiliser sa position pour d\u00e9fendre une cause. Bono illustre la mani\u00e8re dont les personnalit\u00e9s influentes et les c\u00e9l\u00e9brit\u00e9s peuvent susciter des changements importants, en mobilisant des ressources et en incitant d&#8217;autres personnes \u00e0 se joindre \u00e0 la cause.&nbsp;<\/p>\n\n\n\n<h2 class=\"wp-block-heading\" id=\"h-l-importance-des-voix-africaines-nbsp-nbsp\"><strong>L\u2019importance des voix africaines&nbsp;<\/strong>&nbsp;<\/h2>\n\n\n\n<p>La nouvelle mission de ONE met en \u00e9vidence un changement crucial qui consiste \u00e0 prioriser l&#8217;Afrique. Historiquement, les voix africaines ont souvent \u00e9t\u00e9 marginalis\u00e9es dans les discussions mondiales sur des questions majeures telles que l&#8217;all\u00e8gement de la dette, le f\u00e9minisme et la sant\u00e9. Cette nouvelle mission ne consiste pas seulement \u00e0 faire en sorte que les Africains soient pr\u00e9sents \u00e0 la table des n\u00e9gociations, mais qu&#8217;ils fassent partie int\u00e9grante des processus d\u00e9cisionnels qui affectent leur vie.&nbsp;<\/p>\n\n\n\n<p>Dans de nombreux cas, les politiques internationales sont \u00e9labor\u00e9es sans que les nations africaines n&#8217;y contribuent de mani\u00e8re ad\u00e9quate. Cette absence perp\u00e9tue un cycle d&#8217;in\u00e9galit\u00e9s et de fausses repr\u00e9sentations. <a href=\"https:\/\/www.one.org\/press\/new-initiative-from-the-one-campaign-aims-to-bring-african-voices-to-the-table-as-nations-consider-post-2015-development-goals\/\" target=\"_blank\" rel=\"noreferrer noopener\">L&#8217;engagement de longue date de ONE, qui vise \u00e0 laisser la place aux voix africaines,<\/a> d\u00e9montre que nous ne demandons pas seulement un si\u00e8ge \u00e0 la table des n\u00e9gociations ; nous exigeons une repr\u00e9sentation v\u00e9ridique et une participation \u00e0 l&#8217;\u00e9laboration de notre propre avenir.&nbsp;<\/p>\n\n\n\n<h2 class=\"wp-block-heading\" id=\"h-nbsp-le-potentiel-de-la-jeunesse-africaine-nbsp\"><strong>&nbsp;Le potentiel de la jeunesse africaine<\/strong>&nbsp;<\/h2>\n\n\n\n<p><a href=\"https:\/\/www.theguardian.com\/global-development\/2024\/feb\/19\/africa-education-key-to-progress-invest-in-children-nana-akufo-addo#:~:text=Africa%20is%20the%20world's%20youngest%20and%20fastest%2Dgrowing%20continent.,all%20Africans%20are%20under%2015.\" target=\"_blank\" rel=\"noreferrer noopener\">L&#8217;Afrique est le continent le plus jeune du monde<\/a>, avec une trajectoire d\u00e9mographique qui annonce un avenir o\u00f9 <a href=\"https:\/\/www.nytimes.com\/interactive\/2023\/10\/28\/world\/africa\/africa-youth-population.html\" target=\"_blank\" rel=\"noreferrer noopener\">une personne sur quatre sera africaine d&#8217;ici 2050<\/a>. Ce \u00ab boom de la jeunesse \u00bb pr\u00e9sente \u00e0 la fois des opportunit\u00e9s et des d\u00e9fis. Si elle est correctement mobilis\u00e9e, la jeunesse africaine peut \u00eatre le moteur de la croissance \u00e9conomique et de l&#8217;innovation. Toutefois, si elle est ignor\u00e9e, elle pourrait entra\u00eener des probl\u00e8mes sociaux importants et une instabilit\u00e9 \u00e9conomique.&nbsp;<\/p>\n\n\n\n<p>De plus, l&#8217;Afrique est confront\u00e9e aux dures r\u00e9alit\u00e9s du changement climatique. C\u2019est le <a href=\"https:\/\/www.afdb.org\/en\/cop25\/climate-change-africa\" target=\"_blank\" rel=\"noreferrer noopener\">continent le plus vuln\u00e9rable au changement climatique<\/a>, avec des projections indiquant que plus de <a href=\"https:\/\/www.economicsandpeace.org\/wp-content\/uploads\/2020\/09\/Ecological-Threat-Register-Press-Release-27.08-FINAL.pdf\" target=\"_blank\" rel=\"noreferrer noopener\">1,2 milliard de personnes seront d\u00e9plac\u00e9es, principalement en raison de probl\u00e8mes li\u00e9s au climat d&#8217;ici \u00e0 2050,<\/a> selon l&#8217;Institute for Economics &amp; Peace (IEP). Cette r\u00e9alit\u00e9 devrait inciter \u00e0 une action mondiale imm\u00e9diate, car les d\u00e9fis de l&#8217;Afrique et la stabilit\u00e9 mondiale sont interconnect\u00e9s.&nbsp;<\/p>\n\n\n\n<p>Par rapport au reste du monde, les in\u00e9galit\u00e9s sanitaires en Afrique sont plus marqu\u00e9es, notamment en ce qui concerne <a href=\"https:\/\/data.one.org\/data-dives\/manufacturing\/#Why-dispersing-vaccine-manufacturing-matters\" target=\"_blank\" rel=\"noreferrer noopener\">l&#8217;acc\u00e8s aux vaccins<\/a> et les infrastructures de soins de sant\u00e9. La pand\u00e9mie de COVID-19 a aggrav\u00e9 ces lacunes, r\u00e9v\u00e9lant le <a href=\"https:\/\/data.one.org\/topics\/health-financing\/#h-how-much-should-countries-spend-on-health\" target=\"_blank\" rel=\"noreferrer noopener\">besoin urgent d&#8217;investir dans les syst\u00e8mes de sant\u00e9<\/a> sur l&#8217;ensemble du continent. Par exemple, en d\u00e9cembre 2021, soit un an apr\u00e8s le d\u00e9but des campagnes de vaccination, seulement <a href=\"https:\/\/pmc.ncbi.nlm.nih.gov\/articles\/PMC9009957\/\" target=\"_blank\" rel=\"noreferrer noopener\">8 % de la population africaine avait re\u00e7u le vaccin contre le COVID-19.<\/a>&nbsp;<\/p>\n\n\n\n<h2 class=\"wp-block-heading\" id=\"h-le-role-de-l-afrique-dans-l-economie-mondiale-nbsp\"><strong>Le r\u00f4le de l&#8217;Afrique dans l&#8217;\u00e9conomie mondiale<\/strong>&nbsp;<\/h2>\n\n\n\n<p>Du point de vue \u00e9conomique, <a href=\"https:\/\/www.whitecase.com\/insight-our-thinking\/africa-focus-summer-2023-africas-agricultural-revolution\" target=\"_blank\" rel=\"noreferrer noopener\">l&#8217;Afrique a non seulement le potentiel de se nourrir elle-m\u00eame, mais aussi de devenir un important exportateur mondial de denr\u00e9es alimentaires.<\/a> Avec des investissements suffisants dans les infrastructures, le continent peut facilement fournir des millions d&#8217;emplois et contribuer de mani\u00e8re significative \u00e0 la s\u00e9curit\u00e9 alimentaire mondiale. De plus, les riches ressources naturelles de l&#8217;Afrique offrent un potentiel de croissance \u00e9conomique transformationnelle si elles sont exploit\u00e9es de mani\u00e8re durable.&nbsp;<\/p>\n\n\n\n<p>Ce n\u2019est pas un secret, <a href=\"https:\/\/www.weforum.org\/agenda\/2024\/01\/multilateral-collaboration-indispensable-unlocking-africa-potential\/\" target=\"_blank\" rel=\"noreferrer noopener\">les partenariats internationaux sont essentiels pour lib\u00e9rer le potentiel de l&#8217;Afrique.<\/a> Des organisations comme ONE sont au c\u0153ur de la cr\u00e9ation de ces alliances et de la promotion de solutions \u00e9quitables. Cette approche s&#8217;inscrit dans le cadre d&#8217;une compr\u00e9hension plus large montrant la prosp\u00e9rit\u00e9 mondiale comme un ph\u00e9nom\u00e8ne interconnect\u00e9. Chez ONE, nous affirmons que lorsque l&#8217;Afrique prosp\u00e8re, le monde en b\u00e9n\u00e9ficie, favorisant ainsi une communaut\u00e9 mondiale plus juste et plus durable.&nbsp;<\/p>\n\n\n\n<h2 class=\"wp-block-heading\" id=\"h-l-afrique-c-est-l-avenir-agissons-maintenant-nbsp\"><strong>L&#8217;Afrique, c\u2019est l\u2019avenir \u2013 agissons maintenant !<\/strong>&nbsp;<\/h2>\n\n\n\n<p>Je pense que donner la priorit\u00e9 \u00e0 l&#8217;Afrique n&#8217;est pas seulement un imp\u00e9ratif \u00e9thique ; c&#8217;est une n\u00e9cessit\u00e9 mondiale. L&#8217;attention renouvel\u00e9e de ONE est essentielle. Gr\u00e2ce \u00e0 notre travail au sein de ONE, nous continuerons <a href=\"https:\/\/www.one.org\/us\/stories\/one-at-unga-africa-at-the-forefront-of-global-financing\/\" target=\"_blank\" rel=\"noreferrer noopener\">\u00e0 plaider vigoureusement en faveur d&#8217;investissements \u00e9quitables dans les soins de sant\u00e9 et les opportunit\u00e9s \u00e9conomiques.&nbsp;<\/a>&nbsp;<\/p>\n\n\n\n<p>En tant que jeune Ambassadrice allemande d&#8217;origine \u00e9thiopienne, je suis inspir\u00e9e par l&#8217;engagement d&#8217;individus comme Bono et d&#8217;organisations comme ONE qui s&#8217;efforcent de garantir une v\u00e9ritable inclusion et repr\u00e9sentation.&nbsp;<\/p>\n\n\n\n<p><strong>L\u2019Afrique compte \u2013 pas seulement pour les Africain\u00b7e\u00b7s, mais pour nous toutes et tous.<\/strong>&nbsp;<\/p>\n\n\n\n<p><strong>\u2014\u2014\u2014\u2014\u2014\u2014\u2014\u2014\u2014\u2014\u2014\u2014\u2014\u2014\u2014\u2014\u2014\u2014\u2014\u2014\u2014\u2014\u2014\u2014\u2014\u2014\u2014\u2014\u2014\u2014\u2014\u2014\u2014\u2014\u2014\u2014\u2014\u2014\u2014\u2014\u2014\u2014<\/strong>&nbsp;<\/p>\n\n\n\n<p>Par <strong>Eden Tadesse<\/strong>&nbsp;<\/p>\n<div class=\"buffer\"><\/div>","protected":false},"excerpt":{"rendered":"<p>Eden Tadesse, activiste de ONE, explique en quoi l\u2019Afrique compte, non pas seulement pour sa population, mais aussi pour le futur de notre plan\u00e8te.&nbsp;&nbsp; Bono, chanteur du groupe U2 et cofondateur de ONE, a longtemps \u00e9t\u00e9 une voix importante pour l\u2019Afrique. Son combat pour la justice sociale et contre la pauvret\u00e9 d\u00e9bute lors de la [&hellip;]<\/p>\n","protected":false},"author":24,"featured_media":165945,"comment_status":"closed","ping_status":"closed","sticky":false,"template":"","format":"standard","meta":{"_acf_changed":false,"_relevanssi_hide_post":"","_relevanssi_hide_content":"","_relevanssi_pin_for_all":"","_relevanssi_pin_keywords":"","_relevanssi_unpin_keywords":"","_relevanssi_related_keywords":"","_relevanssi_related_include_ids":"","_relevanssi_related_exclude_ids":"","_relevanssi_related_no_append":"","_relevanssi_related_not_related":"","_relevanssi_related_posts":"164901,162430,162507,162499,162678,162481","_relevanssi_noindex_reason":"","footnotes":""},"categories":[82],"tags":[],"topic":[48],"contributor":[121],"one_content_audience":[],"one_content_type":[],"one_content_tone":[],"class_list":["post-165944","post","type-post","status-publish","format-standard","has-post-thumbnail","hentry","category-opinion","topic-jeunes-ambassadeurrices-de-one","contributor-eden-tadesse"],"acf":[],"yoast_head":"<!-- This site is optimized with the Yoast SEO Premium plugin v27.1 (Yoast SEO v27.1.1) - https:\/\/yoast.com\/product\/yoast-seo-premium-wordpress\/ -->\n<title>Pourquoi l\u2019Afrique compte : R\u00e9flexions d\u2019une activiste \u00e9thiopienne de ONE\u00a0 - ONE.org France<\/title>\n<meta name=\"description\" content=\"Eden Tadesse, activiste de ONE, explique en quoi l\u2019Afrique compte, pour sa population et pour le futur de notre plan\u00e8te.\" \/>\n<meta name=\"robots\" content=\"index, follow, max-snippet:-1, max-image-preview:large, max-video-preview:-1\" \/>\n<link rel=\"canonical\" href=\"https:\/\/www.one.org\/fr\/actualites\/pourquoi-afrique-compte-reflexions-activiste-ethiopienne-one\/\" \/>\n<meta property=\"og:locale\" content=\"fr_FR\" \/>\n<meta property=\"og:type\" content=\"article\" \/>\n<meta property=\"og:title\" content=\"Pourquoi l\u2019Afrique compte : R\u00e9flexions d\u2019une activiste \u00e9thiopienne de ONE\u00a0\" \/>\n<meta property=\"og:description\" content=\"Eden Tadesse, activiste de ONE, explique en quoi l\u2019Afrique compte, pour sa population et pour le futur de notre plan\u00e8te.\" \/>\n<meta property=\"og:url\" content=\"https:\/\/www.one.org\/fr\/actualites\/pourquoi-afrique-compte-reflexions-activiste-ethiopienne-one\/\" \/>\n<meta property=\"og:site_name\" content=\"ONE.org France\" \/>\n<meta property=\"article:publisher\" content=\"https:\/\/www.facebook.com\/ONE.Fr\" \/>\n<meta property=\"article:published_time\" content=\"2025-03-28T15:17:01+00:00\" \/>\n<meta property=\"article:modified_time\" content=\"2025-04-28T12:39:27+00:00\" \/>\n<meta property=\"og:image\" content=\"https:\/\/www.one.org\/fr\/wp-content\/uploads\/sites\/4\/2025\/03\/Capture-e1743419298266.png\" \/>\n\t<meta property=\"og:image:width\" content=\"797\" \/>\n\t<meta property=\"og:image:height\" content=\"620\" \/>\n\t<meta property=\"og:image:type\" content=\"image\/png\" \/>\n<meta name=\"author\" content=\"Dana Khalil\" \/>\n<meta name=\"twitter:card\" content=\"summary_large_image\" \/>\n<meta name=\"twitter:description\" content=\"Eden Tadesse, activiste de ONE, explique en quoi l\u2019Afrique compte, pour sa population et pour le futur de notre plan\u00e8te.\" \/>\n<meta name=\"twitter:image\" content=\"https:\/\/www.one.org\/fr\/wp-content\/uploads\/sites\/4\/2025\/03\/Capture-e1743419298266.png\" \/>\n<meta name=\"twitter:creator\" content=\"@one_fr\" \/>\n<meta name=\"twitter:site\" content=\"@one_fr\" \/>\n<meta name=\"twitter:label1\" content=\"Written by\" \/>\n\t<meta name=\"twitter:data1\" content=\"Dana Khalil\" \/>\n\t<meta name=\"twitter:label2\" content=\"Est. reading time\" \/>\n\t<meta name=\"twitter:data2\" content=\"4 minutes\" \/>\n<script type=\"application\/ld+json\" class=\"yoast-schema-graph\">{\"@context\":\"https:\/\/schema.org\",\"@graph\":[{\"@type\":\"Article\",\"@id\":\"https:\/\/www.one.org\/fr\/actualites\/pourquoi-afrique-compte-reflexions-activiste-ethiopienne-one\/#article\",\"isPartOf\":{\"@id\":\"https:\/\/www.one.org\/fr\/actualites\/pourquoi-afrique-compte-reflexions-activiste-ethiopienne-one\/\"},\"author\":{\"name\":\"Dana Khalil\",\"@id\":\"https:\/\/www.one.org\/fr\/#\/schema\/person\/cf1f30f9800f0592ec3d61940be82003\"},\"headline\":\"Pourquoi l\u2019Afrique compte : R\u00e9flexions d\u2019une activiste \u00e9thiopienne de ONE\u00a0\",\"datePublished\":\"2025-03-28T15:17:01+00:00\",\"dateModified\":\"2025-04-28T12:39:27+00:00\",\"mainEntityOfPage\":{\"@id\":\"https:\/\/www.one.org\/fr\/actualites\/pourquoi-afrique-compte-reflexions-activiste-ethiopienne-one\/\"},\"wordCount\":1011,\"image\":{\"@id\":\"https:\/\/www.one.org\/fr\/actualites\/pourquoi-afrique-compte-reflexions-activiste-ethiopienne-one\/#primaryimage\"},\"thumbnailUrl\":\"https:\/\/www.one.org\/fr\/wp-content\/uploads\/sites\/4\/2025\/03\/Capture-e1743419298266.png\",\"articleSection\":[\"Opinion\"],\"inLanguage\":\"fr-FR\"},{\"@type\":\"WebPage\",\"@id\":\"https:\/\/www.one.org\/fr\/actualites\/pourquoi-afrique-compte-reflexions-activiste-ethiopienne-one\/\",\"url\":\"https:\/\/www.one.org\/fr\/actualites\/pourquoi-afrique-compte-reflexions-activiste-ethiopienne-one\/\",\"name\":\"Pourquoi l\u2019Afrique compte : R\u00e9flexions d\u2019une activiste \u00e9thiopienne de ONE\u00a0 - ONE.org France\",\"isPartOf\":{\"@id\":\"https:\/\/www.one.org\/fr\/#website\"},\"primaryImageOfPage\":{\"@id\":\"https:\/\/www.one.org\/fr\/actualites\/pourquoi-afrique-compte-reflexions-activiste-ethiopienne-one\/#primaryimage\"},\"image\":{\"@id\":\"https:\/\/www.one.org\/fr\/actualites\/pourquoi-afrique-compte-reflexions-activiste-ethiopienne-one\/#primaryimage\"},\"thumbnailUrl\":\"https:\/\/www.one.org\/fr\/wp-content\/uploads\/sites\/4\/2025\/03\/Capture-e1743419298266.png\",\"datePublished\":\"2025-03-28T15:17:01+00:00\",\"dateModified\":\"2025-04-28T12:39:27+00:00\",\"author\":{\"@id\":\"https:\/\/www.one.org\/fr\/#\/schema\/person\/cf1f30f9800f0592ec3d61940be82003\"},\"description\":\"Eden Tadesse, activiste de ONE, explique en quoi l\u2019Afrique compte, pour sa population et pour le futur de notre plan\u00e8te.\",\"breadcrumb\":{\"@id\":\"https:\/\/www.one.org\/fr\/actualites\/pourquoi-afrique-compte-reflexions-activiste-ethiopienne-one\/#breadcrumb\"},\"inLanguage\":\"fr-FR\",\"potentialAction\":[{\"@type\":\"ReadAction\",\"target\":[\"https:\/\/www.one.org\/fr\/actualites\/pourquoi-afrique-compte-reflexions-activiste-ethiopienne-one\/\"]}]},{\"@type\":\"ImageObject\",\"inLanguage\":\"fr-FR\",\"@id\":\"https:\/\/www.one.org\/fr\/actualites\/pourquoi-afrique-compte-reflexions-activiste-ethiopienne-one\/#primaryimage\",\"url\":\"https:\/\/www.one.org\/fr\/wp-content\/uploads\/sites\/4\/2025\/03\/Capture-e1743419298266.png\",\"contentUrl\":\"https:\/\/www.one.org\/fr\/wp-content\/uploads\/sites\/4\/2025\/03\/Capture-e1743419298266.png\",\"width\":797,\"height\":620},{\"@type\":\"BreadcrumbList\",\"@id\":\"https:\/\/www.one.org\/fr\/actualites\/pourquoi-afrique-compte-reflexions-activiste-ethiopienne-one\/#breadcrumb\",\"itemListElement\":[{\"@type\":\"ListItem\",\"position\":1,\"name\":\"Home\",\"item\":\"https:\/\/www.one.org\/fr\/\"},{\"@type\":\"ListItem\",\"position\":2,\"name\":\"Pourquoi l\u2019Afrique compte : R\u00e9flexions d\u2019une activiste \u00e9thiopienne de ONE\u00a0\"}]},{\"@type\":\"WebSite\",\"@id\":\"https:\/\/www.one.org\/fr\/#website\",\"url\":\"https:\/\/www.one.org\/fr\/\",\"name\":\"ONE.org\",\"description\":\"Cr\u00e9er des opportunit\u00e9s \u00e9conomiques et am\u00e9liorer la sant\u00e9 en Afrique\",\"potentialAction\":[{\"@type\":\"SearchAction\",\"target\":{\"@type\":\"EntryPoint\",\"urlTemplate\":\"https:\/\/www.one.org\/fr\/?s={search_term_string}\"},\"query-input\":{\"@type\":\"PropertyValueSpecification\",\"valueRequired\":true,\"valueName\":\"search_term_string\"}}],\"inLanguage\":\"fr-FR\"},{\"@type\":\"Person\",\"@id\":\"https:\/\/www.one.org\/fr\/#\/schema\/person\/cf1f30f9800f0592ec3d61940be82003\",\"name\":\"Dana Khalil\",\"image\":{\"@type\":\"ImageObject\",\"inLanguage\":\"fr-FR\",\"@id\":\"https:\/\/www.one.org\/fr\/#\/schema\/person\/image\/\",\"url\":\"https:\/\/secure.gravatar.com\/avatar\/b0da536f00ccefadcc7aae4e64855977a5249adb1ac04162a69474e53a8d4c40?s=96&d=mm&r=g\",\"contentUrl\":\"https:\/\/secure.gravatar.com\/avatar\/b0da536f00ccefadcc7aae4e64855977a5249adb1ac04162a69474e53a8d4c40?s=96&d=mm&r=g\",\"caption\":\"Dana Khalil\"},\"url\":\"https:\/\/www.one.org\/fr\/actualites\/author\/danakhalil\/\"}]}<\/script>\n<!-- \/ Yoast SEO Premium plugin. -->","yoast_head_json":{"title":"Pourquoi l\u2019Afrique compte : R\u00e9flexions d\u2019une activiste \u00e9thiopienne de ONE\u00a0 - ONE.org France","description":"Eden Tadesse, activiste de ONE, explique en quoi l\u2019Afrique compte, pour sa population et pour le futur de notre plan\u00e8te.","robots":{"index":"index","follow":"follow","max-snippet":"max-snippet:-1","max-image-preview":"max-image-preview:large","max-video-preview":"max-video-preview:-1"},"canonical":"https:\/\/www.one.org\/fr\/actualites\/pourquoi-afrique-compte-reflexions-activiste-ethiopienne-one\/","og_locale":"fr_FR","og_type":"article","og_title":"Pourquoi l\u2019Afrique compte : R\u00e9flexions d\u2019une activiste \u00e9thiopienne de ONE\u00a0","og_description":"Eden Tadesse, activiste de ONE, explique en quoi l\u2019Afrique compte, pour sa population et pour le futur de notre plan\u00e8te.","og_url":"https:\/\/www.one.org\/fr\/actualites\/pourquoi-afrique-compte-reflexions-activiste-ethiopienne-one\/","og_site_name":"ONE.org France","article_publisher":"https:\/\/www.facebook.com\/ONE.Fr","article_published_time":"2025-03-28T15:17:01+00:00","article_modified_time":"2025-04-28T12:39:27+00:00","og_image":[{"width":797,"height":620,"url":"https:\/\/www.one.org\/fr\/wp-content\/uploads\/sites\/4\/2025\/03\/Capture-e1743419298266.png","type":"image\/png"}],"author":"Dana Khalil","twitter_card":"summary_large_image","twitter_description":"Eden Tadesse, activiste de ONE, explique en quoi l\u2019Afrique compte, pour sa population et pour le futur de notre plan\u00e8te.","twitter_image":"https:\/\/www.one.org\/fr\/wp-content\/uploads\/sites\/4\/2025\/03\/Capture-e1743419298266.png","twitter_creator":"@one_fr","twitter_site":"@one_fr","twitter_misc":{"Written by":"Dana Khalil","Est. reading time":"4 minutes"},"schema":{"@context":"https:\/\/schema.org","@graph":[{"@type":"Article","@id":"https:\/\/www.one.org\/fr\/actualites\/pourquoi-afrique-compte-reflexions-activiste-ethiopienne-one\/#article","isPartOf":{"@id":"https:\/\/www.one.org\/fr\/actualites\/pourquoi-afrique-compte-reflexions-activiste-ethiopienne-one\/"},"author":{"name":"Dana Khalil","@id":"https:\/\/www.one.org\/fr\/#\/schema\/person\/cf1f30f9800f0592ec3d61940be82003"},"headline":"Pourquoi l\u2019Afrique compte : R\u00e9flexions d\u2019une activiste \u00e9thiopienne de ONE\u00a0","datePublished":"2025-03-28T15:17:01+00:00","dateModified":"2025-04-28T12:39:27+00:00","mainEntityOfPage":{"@id":"https:\/\/www.one.org\/fr\/actualites\/pourquoi-afrique-compte-reflexions-activiste-ethiopienne-one\/"},"wordCount":1011,"image":{"@id":"https:\/\/www.one.org\/fr\/actualites\/pourquoi-afrique-compte-reflexions-activiste-ethiopienne-one\/#primaryimage"},"thumbnailUrl":"https:\/\/www.one.org\/fr\/wp-content\/uploads\/sites\/4\/2025\/03\/Capture-e1743419298266.png","articleSection":["Opinion"],"inLanguage":"fr-FR"},{"@type":"WebPage","@id":"https:\/\/www.one.org\/fr\/actualites\/pourquoi-afrique-compte-reflexions-activiste-ethiopienne-one\/","url":"https:\/\/www.one.org\/fr\/actualites\/pourquoi-afrique-compte-reflexions-activiste-ethiopienne-one\/","name":"Pourquoi l\u2019Afrique compte : R\u00e9flexions d\u2019une activiste \u00e9thiopienne de ONE\u00a0 - ONE.org France","isPartOf":{"@id":"https:\/\/www.one.org\/fr\/#website"},"primaryImageOfPage":{"@id":"https:\/\/www.one.org\/fr\/actualites\/pourquoi-afrique-compte-reflexions-activiste-ethiopienne-one\/#primaryimage"},"image":{"@id":"https:\/\/www.one.org\/fr\/actualites\/pourquoi-afrique-compte-reflexions-activiste-ethiopienne-one\/#primaryimage"},"thumbnailUrl":"https:\/\/www.one.org\/fr\/wp-content\/uploads\/sites\/4\/2025\/03\/Capture-e1743419298266.png","datePublished":"2025-03-28T15:17:01+00:00","dateModified":"2025-04-28T12:39:27+00:00","author":{"@id":"https:\/\/www.one.org\/fr\/#\/schema\/person\/cf1f30f9800f0592ec3d61940be82003"},"description":"Eden Tadesse, activiste de ONE, explique en quoi l\u2019Afrique compte, pour sa population et pour le futur de notre plan\u00e8te.","breadcrumb":{"@id":"https:\/\/www.one.org\/fr\/actualites\/pourquoi-afrique-compte-reflexions-activiste-ethiopienne-one\/#breadcrumb"},"inLanguage":"fr-FR","potentialAction":[{"@type":"ReadAction","target":["https:\/\/www.one.org\/fr\/actualites\/pourquoi-afrique-compte-reflexions-activiste-ethiopienne-one\/"]}]},{"@type":"ImageObject","inLanguage":"fr-FR","@id":"https:\/\/www.one.org\/fr\/actualites\/pourquoi-afrique-compte-reflexions-activiste-ethiopienne-one\/#primaryimage","url":"https:\/\/www.one.org\/fr\/wp-content\/uploads\/sites\/4\/2025\/03\/Capture-e1743419298266.png","contentUrl":"https:\/\/www.one.org\/fr\/wp-content\/uploads\/sites\/4\/2025\/03\/Capture-e1743419298266.png","width":797,"height":620},{"@type":"BreadcrumbList","@id":"https:\/\/www.one.org\/fr\/actualites\/pourquoi-afrique-compte-reflexions-activiste-ethiopienne-one\/#breadcrumb","itemListElement":[{"@type":"ListItem","position":1,"name":"Home","item":"https:\/\/www.one.org\/fr\/"},{"@type":"ListItem","position":2,"name":"Pourquoi l\u2019Afrique compte : R\u00e9flexions d\u2019une activiste \u00e9thiopienne de ONE\u00a0"}]},{"@type":"WebSite","@id":"https:\/\/www.one.org\/fr\/#website","url":"https:\/\/www.one.org\/fr\/","name":"ONE.org","description":"Cr\u00e9er des opportunit\u00e9s \u00e9conomiques et am\u00e9liorer la sant\u00e9 en Afrique","potentialAction":[{"@type":"SearchAction","target":{"@type":"EntryPoint","urlTemplate":"https:\/\/www.one.org\/fr\/?s={search_term_string}"},"query-input":{"@type":"PropertyValueSpecification","valueRequired":true,"valueName":"search_term_string"}}],"inLanguage":"fr-FR"},{"@type":"Person","@id":"https:\/\/www.one.org\/fr\/#\/schema\/person\/cf1f30f9800f0592ec3d61940be82003","name":"Dana Khalil","image":{"@type":"ImageObject","inLanguage":"fr-FR","@id":"https:\/\/www.one.org\/fr\/#\/schema\/person\/image\/","url":"https:\/\/secure.gravatar.com\/avatar\/b0da536f00ccefadcc7aae4e64855977a5249adb1ac04162a69474e53a8d4c40?s=96&d=mm&r=g","contentUrl":"https:\/\/secure.gravatar.com\/avatar\/b0da536f00ccefadcc7aae4e64855977a5249adb1ac04162a69474e53a8d4c40?s=96&d=mm&r=g","caption":"Dana Khalil"},"url":"https:\/\/www.one.org\/fr\/actualites\/author\/danakhalil\/"}]}},"distributor_meta":false,"distributor_terms":false,"distributor_media":false,"distributor_original_site_name":"ONE.org France","distributor_original_site_url":"https:\/\/www.one.org\/fr","push-errors":false,"_links":{"self":[{"href":"https:\/\/www.one.org\/fr\/wp-json\/wp\/v2\/posts\/165944","targetHints":{"allow":["GET"]}}],"collection":[{"href":"https:\/\/www.one.org\/fr\/wp-json\/wp\/v2\/posts"}],"about":[{"href":"https:\/\/www.one.org\/fr\/wp-json\/wp\/v2\/types\/post"}],"author":[{"embeddable":true,"href":"https:\/\/www.one.org\/fr\/wp-json\/wp\/v2\/users\/24"}],"replies":[{"embeddable":true,"href":"https:\/\/www.one.org\/fr\/wp-json\/wp\/v2\/comments?post=165944"}],"version-history":[{"count":0,"href":"https:\/\/www.one.org\/fr\/wp-json\/wp\/v2\/posts\/165944\/revisions"}],"wp:featuredmedia":[{"embeddable":true,"href":"https:\/\/www.one.org\/fr\/wp-json\/wp\/v2\/media\/165945"}],"wp:attachment":[{"href":"https:\/\/www.one.org\/fr\/wp-json\/wp\/v2\/media?parent=165944"}],"wp:term":[{"taxonomy":"category","embeddable":true,"href":"https:\/\/www.one.org\/fr\/wp-json\/wp\/v2\/categories?post=165944"},{"taxonomy":"post_tag","embeddable":true,"href":"https:\/\/www.one.org\/fr\/wp-json\/wp\/v2\/tags?post=165944"},{"taxonomy":"topic","embeddable":true,"href":"https:\/\/www.one.org\/fr\/wp-json\/wp\/v2\/topic?post=165944"},{"taxonomy":"contributor","embeddable":true,"href":"https:\/\/www.one.org\/fr\/wp-json\/wp\/v2\/contributor?post=165944"},{"taxonomy":"one_content_audience","embeddable":true,"href":"https:\/\/www.one.org\/fr\/wp-json\/wp\/v2\/one_content_audience?post=165944"},{"taxonomy":"one_content_type","embeddable":true,"href":"https:\/\/www.one.org\/fr\/wp-json\/wp\/v2\/one_content_type?post=165944"},{"taxonomy":"one_content_tone","embeddable":true,"href":"https:\/\/www.one.org\/fr\/wp-json\/wp\/v2\/one_content_tone?post=165944"}],"curies":[{"name":"wp","href":"https:\/\/api.w.org\/{rel}","templated":true}]}}