{"id":165902,"date":"2025-02-26T17:33:19","date_gmt":"2025-02-26T17:33:19","guid":{"rendered":"https:\/\/www.one.org\/fr\/?p=165902"},"modified":"2025-07-29T15:31:59","modified_gmt":"2025-07-29T15:31:59","slug":"aide-internationale-interets-francais","status":"publish","type":"post","link":"https:\/\/www.one.org\/fr\/actualites\/aide-internationale-interets-francais\/","title":{"rendered":"Tant que l\u2019aide internationale servira \u00e0 r\u00e9duire l\u2019extr\u00eame pauvret\u00e9, elle servira l\u2019int\u00e9r\u00eat des Fran\u00e7ais\u00a0"},"content":{"rendered":"\n<p><em>R\u00e9ponse aux approximations sur l\u2019aide internationale.&nbsp;<\/em><\/p>\n\n\n\n<p>L\u2019aide publique au d\u00e9veloppement (APD) n\u2019est pas un simple poste budg\u00e9taire : c\u2019est un investissement strat\u00e9gique qui contribue \u00e0 la stabilit\u00e9, \u00e0 la prosp\u00e9rit\u00e9 et \u00e0 la s\u00e9curit\u00e9 mondiale, dans l\u2019int\u00e9r\u00eat direct des Fran\u00e7ais.&nbsp;<\/p>\n\n\n\n<h2 class=\"wp-block-heading\" id=\"h-un-engagement-historique-de-la-france\"><strong>Un engagement historique de la France<\/strong><\/h2>\n\n\n\n<figure class=\"wp-block-table\"><table class=\"has-fixed-layout\"><tbody><tr><td>\u00ab Tous les pays sous-d\u00e9velopp\u00e9s qui hier d\u00e9pendaient de nous et qui sont aujourd\u2019hui nos amis pr\u00e9f\u00e9r\u00e9s demandent notre aide et notre concours. Mais cette aide et ce concours, pourquoi les donnerions-nous si cela n\u2019en vaut pas la peine&nbsp;? \u00bb (De Gaulle, 1970).<br><br>\u00ab Cet argent que nous donnons pour l\u2019aide aux pays sous-d\u00e9velopp\u00e9s n\u2019est de l\u2019argent perdu \u00e0 aucun point de vue. Je consid\u00e8re m\u00eame que c\u2019est un tr\u00e8s bon placement. \u00bb (Turpin, 2010).<br><br>\u00ab Pour \u00e9viter qu\u2019une influence \u00e9trang\u00e8re ne se substitue \u00e0 celle de la France, pour que les peuples africains parlent notre langue et partagent notre culture, nous devions les aider. \u00bb (Charnoz et Severino, 2015).<br><br>Source&nbsp;: Philippe Marchesin, <em>La politique fran\u00e7aise de coop\u00e9ration : l\u2019aide-int\u00e9r\u00eat<\/em>, 2021<\/td><\/tr><\/tbody><\/table><\/figure>\n\n\n\n<p>L\u2019APD s\u2019inscrit dans une tradition strat\u00e9gique initi\u00e9e sous Charles de Gaulle, souvent qualifi\u00e9 de \u00ab p\u00e8re de la coop\u00e9ration \u00bb. D\u00e8s les ann\u00e9es 1960, la France a reconnu l\u2019importance d\u2019accompagner le d\u00e9veloppement \u00e9conomique de ses partenaires, notamment en Afrique, pour garantir un \u00e9quilibre g\u00e9opolitique et exercer une influence \u00e0 l\u2019\u00e9tranger.<\/p>\n\n\n\n<p>L\u2019aide publique au d\u00e9veloppement oscille entre solidarit\u00e9 et int\u00e9r\u00eat, mais sa priorit\u00e9 doit rester, comme l\u2019\u00e9nonce le <a href=\"https:\/\/www.vie-publique.fr\/fiches\/20397-en-quoi-consiste-la-politique-daide-au-developpement-de-lue#:~:text=Avec%20le%20trait%C3%A9%20de%20Lisbonne,'%C3%A9radication%20de%20la%20pauvret%C3%A9%22.\" target=\"_blank\" rel=\"noreferrer noopener\">trait\u00e9 de Lisbonne<\/a>, \u00ab la r\u00e9duction et, \u00e0 terme, l\u2019\u00e9radication de la pauvret\u00e9 \u00bb. Si elle peut aussi r\u00e9pondre \u00e0 des objectifs strat\u00e9giques, la d\u00e9tourner de cette mission affaiblirait son impact et sa l\u00e9gitimit\u00e9. Placer la lutte contre l\u2019extr\u00eame pauvret\u00e9 au c\u0153ur de l\u2019APD est non seulement un imp\u00e9ratif moral, mais aussi <strong>le meilleur levier pour pr\u00e9venir les crises et renforcer la stabilit\u00e9 mondiale, dans l\u2019int\u00e9r\u00eat de tous<\/strong>.&nbsp;<\/p>\n\n\n\n<p>En 1970, la communaut\u00e9 internationale s\u2019est fix\u00e9 l\u2019objectif d\u2019allouer 0,7 % du revenu national brut (RNB) \u00e0 l&#8217;aide au d\u00e9veloppement. Cet engagement est essentiel, mais encore peu respect\u00e9, pour atteindre les 17 <a href=\"https:\/\/www.un.org\/sustainabledevelopment\/fr\/objectifs-de-developpement-durable\/\" target=\"_blank\" rel=\"noreferrer noopener\">Objectifs de d\u00e9veloppement durable<\/a> des Nations unies d\u2019ici \u00e0 2030.&nbsp;&nbsp;<\/p>\n\n\n\n<p>La coop\u00e9ration internationale a par ailleurs fait ses preuves\u202f:&nbsp;<\/p>\n\n\n\n<ul class=\"wp-block-list\">\n<li>La mortalit\u00e9 infantile <a href=\"https:\/\/data.one.org\/topics\/health\/\">a \u00e9t\u00e9 r\u00e9duite de moiti\u00e9<\/a> depuis 2000 ;<\/li>\n\n\n\n<li>54 dollars sont \u00e9conomis\u00e9s <a href=\"https:\/\/www.gavi.org\/our-alliance\/about\">pour chaque dollar investi dans les programmes de vaccination<\/a> ;<\/li>\n\n\n\n<li>Les infections par le VIH <a href=\"https:\/\/www.unaids.org\/sites\/default\/files\/media_asset\/UNAIDS_FactSheet_en.pdf\">ont chut\u00e9 de pr\u00e8s d&#8217;un tiers<\/a> depuis 2010 ;<\/li>\n\n\n\n<li>Le nombre de cas de poliomy\u00e9lite <a href=\"https:\/\/www.who.int\/news-room\/fact-sheets\/detail\/poliomyelitis\">a diminu\u00e9 de 99 % dans le monde<\/a> depuis 1988. La maladie est en passe d\u2019\u00eatre compl\u00e8tement \u00e9radiqu\u00e9e gr\u00e2ce \u00e0 l\u2019aide publique au d\u00e9veloppement.&nbsp;<\/li>\n<\/ul>\n\n\n\n<p>L\u2019aide publique au d\u00e9veloppement n\u2019a cependant pas vocation \u00e0 exister pour toujours. Elle doit permettre aux pays b\u00e9n\u00e9ficiaires d\u2019atteindre une situation \u00e9conomique plus stable qui leur permettra de financer leur propre d\u00e9veloppement.&nbsp;&nbsp;<\/p>\n\n\n\n<h2 class=\"wp-block-heading\" id=\"h-structure-de-l-apd-en-france\"><strong>Structure de l\u2019APD en France<\/strong><\/h2>\n\n\n\n<p>Nos financements qui sont comptabilisables en APD sont r\u00e9partis pour une grande majorit\u00e9 en 3 structures\u202f:&nbsp;<\/p>\n\n\n\n<ul class=\"wp-block-list\">\n<li><strong>L\u2019AFD\u202f:<\/strong> c\u2019est un op\u00e9rateur de l\u2019Etat, qui met en \u0153uvre sous forme de projets et de subventions une partie de notre APD, mais pas que.Seul un quart des projets op\u00e9r\u00e9s par l\u2019AFD sont de l\u2019aide publique au d\u00e9veloppement. C\u2019est aussi une banque de d\u00e9veloppement qui <strong>s\u2019autofinance \u00e0 85 %<\/strong> gr\u00e2ce aux emprunts sur les march\u00e9s financiers\u202f: comme toutes les autres banques, l\u2019AFD b\u00e9n\u00e9ficie de subventions publiques, avec lesquelles elle l\u00e8ve de l\u2019argent aupr\u00e8s d\u2019investisseurs, d\u2019autres banques ou de fonds de pension internationaux. Cet argent est ensuite r\u00e9investi dans diff\u00e9rents projets, et cela permet \u00e0 l\u2019APD de gagner de l\u2019argent sur ses activit\u00e9s, qui est ensuite r\u00e9investi, etc.&nbsp;L\u2019AFD ne p\u00e8se donc pas sur la dette de la France&nbsp;: en 2023, gr\u00e2ce \u00e0 leurs pr\u00eats non-concessionnels vers les pays \u00e9mergents, ils ont d\u00e9gag\u00e9 un r\u00e9sultat net de 371 millions d\u2019euros.<br><strong>L\u2019AFD, par ailleurs, ne d\u00e9caisse pas imm\u00e9diatement toutes les sommes allou\u00e9es, certaines \u00e9tant r\u00e9parties sur plusieurs ann\u00e9es sous forme d\u2019autorisations d\u2019engagement. <\/strong>L\u2019AFD n\u2019a donc pas d\u00e9caiss\u00e9 3,40 milliards d&#8217;euros en 2023, ce chiffre correspond aux autorisations d\u2019engagement de fonds \u00e0 disposition de l\u2019AFD pour les ann\u00e9es \u00e0 venir (15 \u2013 20 ans).<\/li>\n<\/ul>\n\n\n\n<ul class=\"wp-block-list\">\n<li><strong>Le minist\u00e8re des Affaires \u00e9trang\u00e8res\u202f:<\/strong> c\u2019est le minist\u00e8re qui g\u00e8re une grande partie des programmes de dons sur des projets qui renforcent les secteurs sociaux dans les pays pauvres, ainsi qu\u2019une grande partie de notre aide multilat\u00e9rale, notamment en sant\u00e9 mondiale.&nbsp;<\/li>\n<\/ul>\n\n\n\n<ul class=\"wp-block-list\">\n<li><strong>Le minist\u00e8re de l\u2019Economie et des Finances\u202f:<\/strong> il est en charge de notre contribution aux grandes organisations internationales comme la Banque mondiale, le Fonds Africain pour le D\u00e9veloppement et g\u00e8re \u00e9galement une partie des pr\u00eats de la France \u00e0 des Etats \u00e9trangers.&nbsp;&nbsp;<\/li>\n<\/ul>\n\n\n\n<p><strong>Le chiffre souvent avanc\u00e9 de 15,96 milliards d\u2019euros d\u2019aide publique au d\u00e9veloppement en 2023 (qui est le montant pr\u00e9vu dans le budget, mais dont 2 milliards n\u2019ont finalement pas \u00e9t\u00e9 d\u00e9caiss\u00e9s) ne correspond pas uniquement \u00e0 des fonds d\u00e9pens\u00e9s \u00e0 l\u2019\u00e9tranger.<\/strong><\/p>\n\n\n\n<p>15,96 milliards correspond \u00e0 la somme comptabilis\u00e9e en 2023 par l\u2019OCDE comme aide publique au d\u00e9veloppement en France, mais une partie de cet argent ne quitte pas le territoire national, ou n\u2019est pas g\u00e9r\u00e9e par l\u2019agence fran\u00e7aise de d\u00e9veloppement.<\/p>\n\n\n\n<ul class=\"wp-block-list\">\n<li>Par exemple, en 2023, 7,3 % (Soit 1 milliard d\u2019euros) de notre APD correspond aux f<strong>rais li\u00e9s \u00e0 l\u2019accueil des \u00e9tudiants \u00e9trangers<\/strong> dans les universit\u00e9s fran\u00e7aises (source&nbsp;: chiffres OCDE SNPC)<\/li>\n\n\n\n<li>Une autre partie correspond \u00e0 l<strong>a part de la France dans l\u2019aide europ\u00e9enne<\/strong>&nbsp;: c\u2019est un pourcentage appliqu\u00e9 sur notre contribution europ\u00e9enne g\u00e9n\u00e9rale en fonction de l\u2019activit\u00e9 de l\u2019UE dans les pays pauvres. En 2023, 2,5 milliards d\u2019euros (soit 18%) correspondent \u00e0 la part de la France dans les activit\u00e9s d\u2019aide au d\u00e9veloppement de l\u2019UE (source&nbsp;: DPT 2025).<\/li>\n\n\n\n<li>Il y a \u00e9galement une partie (9% en 2023) qui correspond aux <strong>activit\u00e9s de recherche<\/strong> qui sont valoris\u00e9es, ou aux <strong>dons de doses de vaccins<\/strong> contre le COVID-19.<\/li>\n<\/ul>\n\n\n\n<figure class=\"wp-block-table\"><table class=\"has-fixed-layout\"><tbody><tr><td><strong>La France investit en Chine, mais pas sous forme d&#8217;aide au d\u00e9veloppement<\/strong><br><br>Un autre point souvent mal compris concerne l\u2019aide fran\u00e7aise \u00e0 la Chine. Si des financements ont bien \u00e9t\u00e9 comptabilis\u00e9s en APD, ils concernent en grande partie les frais d\u2019accueil des \u00e9tudiants chinois en France (65 % des 375 millions d\u2019euros entre 2018 et 2020) ou des projets sp\u00e9cifiques en lien avec l\u2019environnement.<br><br>&#8211; Les activit\u00e9s de l&#8217;AFD ne se limitent pas \u00e0 l&#8217;APD, elle investit aussi dans les pays \u00e9mergents avec des pr\u00eats \u00e0 conditions de march\u00e9 qui ne sont pas comptabilisables en APD. C&#8217;est l&#8217;OCDE qui d\u00e9finit ce qui peut \u00eatre compt\u00e9 comme de l&#8217;APD ou non.<br><br>&#8211; La Chine fait partie des pays en d\u00e9veloppement dit \u00ab \u00e9mergents \u00bb, et \u00e0 ce titre l&#8217;AFD y investit, uniquement sous forme de pr\u00eat non-concessionnels, ce qui signifie que par l&#8217;interm\u00e9diaire de l&#8217;AFD, mais ces investissements ne sont pas de l&#8217;APD. 0\u20ac d&#8217;argent public n&#8217;a \u00e9t\u00e9 d\u00e9pens\u00e9 en Chine depuis 2020. Cela ne rentre pas dans la d\u00e9finition de l&#8217;aide au d\u00e9veloppement de l&#8217;OCDE et n&#8217;est donc pas compt\u00e9 comme tel.<\/td><\/tr><\/tbody><\/table><\/figure>\n\n\n\n<h2 class=\"wp-block-heading\" id=\"h-prets-ou-dons\"><strong>Pr\u00eats ou dons ?<\/strong><\/h2>\n\n\n\n<p><strong>Il est important de rappeler que l\u2019aide publique au d\u00e9veloppement ne repr\u00e9sente que 0,5 % du RNB de la France et seulement 0,6 % du budget de l\u2019\u00c9tat.<\/strong> Et contrairement aux id\u00e9es re\u00e7ues, l\u2019APD n\u2019est pas une distribution d\u2019argent sans retour. Une grande partie des financements se fait sous forme de dons mais une partie se fait \u00e9galement sous forme de pr\u00eats \u00e0 taux pr\u00e9f\u00e9rentiels, qui sont rembours\u00e9s avec int\u00e9r\u00eats par les pays b\u00e9n\u00e9ficiaires.&nbsp;<\/p>\n\n\n\n<ul class=\"wp-block-list\">\n<li>88,1 % de l\u2019APD mondiale est sous forme de dons, car certains pays donateurs ont fait le choix de se concentrer sur l\u2019aide humanitaire et les contextes de conflits ou de fragilit\u00e9s, dans lesquels les pr\u00eats sont impossibles.&nbsp;<\/li>\n<\/ul>\n\n\n\n<ul class=\"wp-block-list\">\n<li>En France, 87 % de l\u2019APD totale et 64,8 % de l\u2019aide bilat\u00e9rale, soit les projets financ\u00e9s directement dans un pays b\u00e9n\u00e9ficiaire, est sous forme de dons et le reste sous forme de pr\u00eats\u202f: cela permet \u00e0 la France de d\u00e9multiplier son impact et son influence \u00e0 l\u2019\u00e9tranger puisqu\u2019elle peut augmenter son activit\u00e9 sans engager de gros montants financiers.&nbsp;<\/li>\n<\/ul>\n\n\n\n<ul class=\"wp-block-list\">\n<li>Les dons sont particuli\u00e8rement utiles lorsqu\u2019il s\u2019agit de renforcer les services sociaux de base dans les pays les plus pauvres\u202f: notre aide sert ainsi \u00e0 vacciner des enfants, permettre aux jeunes filles d\u2019aller \u00e0 l\u2019\u00e9cole ou aux familles vuln\u00e9rables de manger \u00e0 leur faim. Les pays les plus pauvres sont en effet priv\u00e9s de la capacit\u00e9 d\u2019emprunter sur les march\u00e9s financiers, car leur situation est jug\u00e9e instable. On ne peut donc soutenir ces pays qu\u2019\u00e0 travers des dons qui servent \u00e0 renforcer leur services sociaux (sant\u00e9, \u00e9ducation) ainsi que leurs institutions publiques. Cela leur permet d\u2019am\u00e9liorer leur situation \u00e9conomique et financi\u00e8re pour pouvoir \u00e0 terme avoir acc\u00e8s aux pr\u00eats sur les march\u00e9s financiers.&nbsp;<\/li>\n<\/ul>\n\n\n\n<ul class=\"wp-block-list\">\n<li>Mais les dons sont \u00e9galement primordiaux lorsqu\u2019il s\u2019agit de r\u00e9pondre aux crises mondiales telles que les pand\u00e9mies ou les conflits, et peuvent prendre de nombreuses formes. Nos dons ont augment\u00e9 en 2021 et 2022 suite \u00e0 l\u2019\u00e9mergence de la pand\u00e9mie de COVID-19. La France a fait don de ses doses de vaccins exc\u00e9dentaires aux pays pauvres, qui n\u2019avaient pas pu s\u2019en procurer car les pays riches avaient r\u00e9serv\u00e9 presque toutes les doses disponibles. Cela a permis \u00e0 ces pays de vacciner leur population et ainsi \u00e9viter l\u2019apparition de nouveaux variants qui auraient pu entrainer une r\u00e9surgence de la pand\u00e9mie dans le monde entier. De m\u00eame, la guerre en Ukraine a pouss\u00e9 la France, \u00e0 travers l\u2019Union europ\u00e9enne, \u00e0 soutenir les besoins humanitaires de la population ukrainienne &#8211; soutien qui a notamment pris la forme de dons.<strong>&nbsp;<\/strong>&nbsp;<\/li>\n<\/ul>\n\n\n\n<p>Ce mod\u00e8le permet donc de soutenir le d\u00e9veloppement sans alourdir la dette publique fran\u00e7aise.&nbsp;<\/p>\n\n\n\n<p><strong>Contrairement \u00e0 l\u2019affirmation selon laquelle ces pr\u00eats ne seraient pas rembours\u00e9s, l\u2019AFD enregistre en r\u00e9alit\u00e9 un faible taux de d\u00e9faut. <\/strong>En 2023, seuls 176 millions d\u2019euros de remboursements \u00e9taient en retard, principalement du fait de crises sp\u00e9cifiques au Sri Lanka, au Ghana et au Liban. De plus, ces pr\u00eats permettent aux \u00c9tats emprunteurs de financer des projets structurants sans s\u2019endetter sur les march\u00e9s \u00e0 des taux plus \u00e9lev\u00e9s.<\/p>\n\n\n\n<h2 class=\"wp-block-heading\" id=\"h-l-aide-au-developpement-nbsp-genree-nbsp\"><strong>L\u2019aide au d\u00e9veloppement \u00ab&nbsp;genr\u00e9e&nbsp;\u00bb<\/strong><\/h2>\n\n\n\n<p>Les projets soutenus par notre aide au d\u00e9veloppement ayant un marqueur \u00ab\u00a0genre\u00a0\u00bb ne rel\u00e8vent ni du \u00ab wokisme \u00bb ni d\u2019une id\u00e9ologie, mais r\u00e9pondent \u00e0 des enjeux urgents, notamment la lutte contre les violences faites aux femmes. Ces financements permettent de prot\u00e9ger des millions de femmes victimes de violences sexuelles ou conjugales et de renforcer leurs droits fondamentaux. Par exemple, en Guin\u00e9e ou en R\u00e9publique centrafricaine, notre APD a permis la cr\u00e9ation de centres offrant un accompagnement m\u00e9dical, psychologique et social aux victimes pour aider les survivantes de violences sexuelles.<\/p>\n\n\n\n<p>Un projet comprenant le marqueur \u00ab&nbsp;genre&nbsp;\u00bb ne signifie pas non plus que l\u2019enti\u00e8ret\u00e9 des fonds sont utilis\u00e9s pour soutenir les femmes et les filles. Il peut par exemple s\u2019agir d\u2019un projet de construction d\u2019\u00e9cole, dans lequel on s\u2019assure que des toilettes s\u00e9par\u00e9es pour les filles soient accessibles, afin d\u2019encourager les \u00e9tudiantes \u00e0 rester scolaris\u00e9es quand elles ont leurs r\u00e8gles.<\/p>\n\n\n\n<h2 class=\"wp-block-heading\" id=\"h-l-impact-economique-et-strategique-de-l-apd\"><strong>L\u2019impact \u00e9conomique et strat\u00e9gique de l\u2019APD<\/strong><\/h2>\n\n\n\n<p>L\u2019APD n\u2019est pas une simple d\u00e9pense : elle cr\u00e9e des opportunit\u00e9s pour les entreprises fran\u00e7aises. Si l\u2019AFD ne privil\u00e9gie pas officiellement les entreprises fran\u00e7aises, celles-ci remportent environ 50 % des march\u00e9s financ\u00e9s. Des dispositifs comme le Fonds d\u2019expertise technique et d\u2019\u00e9change d\u2019exp\u00e9riences (FEXTE) visent d\u2019ailleurs \u00e0 faciliter l\u2019implantation de solutions fran\u00e7aises \u00e0 l\u2019international. Ainsi, des projets financ\u00e9s par l\u2019APD peuvent b\u00e9n\u00e9ficier indirectement \u00e0 l\u2019\u00e9conomie fran\u00e7aise en promouvant nos savoir-faire et en facilitant l\u2019acc\u00e8s \u00e0 de nouveaux march\u00e9s.<\/p>\n\n\n\n<h2 class=\"wp-block-heading\" id=\"h-l-apd-et-la-reduction-des-migrations\"><strong>L\u2019APD et la r\u00e9duction des migrations<\/strong><\/h2>\n\n\n\n<p>La boussole qui doit guider l\u2019aide au d\u00e9veloppement doit \u00eatre la r\u00e9duction de l\u2019extr\u00eame pauvret\u00e9, l\u2019am\u00e9lioration des syst\u00e8mes de sant\u00e9 dans les pays pauvres et la cr\u00e9ation d\u2019opportunit\u00e9s \u00e9conomiques pour leurs habitants. Un des objectifs secondaires de l\u2019APD est \u00e9galement la stabilisation de certaines r\u00e9gions, ce qui peut avoir comme cons\u00e9quences \u00e0 long terme de r\u00e9duire les flux migratoires. Toutefois, la relation entre aide et migration est complexe : si l\u2019APD am\u00e9liore les conditions de vie, elle peut dans un premier temps encourager la mobilit\u00e9 des populations avant d\u2019avoir un effet stabilisateur sur le long terme. L\u2019aide au d\u00e9veloppement ne doit toutefois en aucun cas \u00eatre utilis\u00e9e pour comme moyen de chantage, ni \u00e0 des fins de contr\u00f4le migratoire. Nous invitons nos dirigeants \u00e0 r\u00e9fl\u00e9chir \u00e0 d&#8217;autres solutions diplomatiques qui ne mettent pas en danger des vies humaines. Il existe forc\u00e9ment d&#8217;autres m\u00e9canismes pour g\u00e9rer les flux migratoires qui n\u2019impliquent pas d\u2019abandonner une campagne de vaccination ou de couper les subventions aux associations qui se battent contre l\u2019excision.<\/p>\n\n\n\n<h2 class=\"wp-block-heading\" id=\"h-l-aide-multilaterale-un-levier-d-impact-massif-et-efficace\"><strong>L\u2019aide multilat\u00e9rale : un levier d\u2019impact massif et efficace<\/strong><\/h2>\n\n\n\n<p>L\u2019APD est aussi utilis\u00e9e dans des cadres multilat\u00e9raux, via des organismes internationaux qui ont fait leurs preuves. Gr\u00e2ce \u00e0 ces canaux, la France sauve des vies tous les jours\u202f!&nbsp;<\/p>\n\n\n\n<ul class=\"wp-block-list\">\n<li><strong>Gavi, l\u2019Alliance du Vaccin, a permis la vaccination de<\/strong> <strong>plus de 1 milliard d\u2019enfants<\/strong>, r\u00e9duisant consid\u00e9rablement la mortalit\u00e9 infantile. <a href=\"https:\/\/www.one.org\/stories\/healthier-future-immunization-gavi\/\" target=\"_blank\" rel=\"noreferrer noopener\">Notre contribution \u00e0 cette organisation internationale a permis de vacciner 65 millions d\u2019enfants dans le monde<\/a>, soit l\u2019\u00e9quivalent de la population fran\u00e7aise, et de sauver 1 million de vies.&nbsp;<\/li>\n<\/ul>\n\n\n\n<ul class=\"wp-block-list\">\n<li><strong>Le Fonds mondial de lutte contre le sida, la tuberculose et le paludisme<\/strong> a permis de <strong>sauver 65 millions de vies<\/strong> depuis sa cr\u00e9ation en 2002. L&#8217;aide fran\u00e7aise allou\u00e9e \u00e0 ce fonds a permis de sauver 7 millions de vies entre 2002 et 2023, de soigner 750 000 personnes atteintes de la tuberculose et de distribuer pr\u00e8s de 24 millions de moustiquaires contre le paludisme<sup data-fn=\"19c12980-86c6-478b-903d-53d49b215026\" class=\"fn\"><a id=\"19c12980-86c6-478b-903d-53d49b215026-link\" href=\"#19c12980-86c6-478b-903d-53d49b215026\">1<\/a><\/sup>.&nbsp;&nbsp;<\/li>\n<\/ul>\n\n\n\n<ul class=\"wp-block-list\">\n<li><strong>La derni\u00e8re contribution de la France au Partenariat mondial pour l\u2019\u00e9ducation a b\u00e9n\u00e9fici\u00e9 \u00e0 24 millions d\u2019enfants dans 76 pays<\/strong>. Elle a permis de distribuer pr\u00e8s de 16 millions de manuels scolaires, de former 177 000 enseignants et de construire 3 350 salles de classe<sup data-fn=\"2e09dc51-cc76-4d52-a113-1ee60e29de61\" class=\"fn\"><a id=\"2e09dc51-cc76-4d52-a113-1ee60e29de61-link\" href=\"#2e09dc51-cc76-4d52-a113-1ee60e29de61\">2<\/a><\/sup>.&nbsp;<\/li>\n<\/ul>\n\n\n\n<h2 class=\"wp-block-heading\" id=\"h-prevenir-plutot-que-guerir\"><strong>Pr\u00e9venir plut\u00f4t que gu\u00e9rir<\/strong><\/h2>\n\n\n\n<p>L\u2019aide fran\u00e7aise a \u00e9galement un r\u00f4le de pr\u00e9vention vital pour l\u2019\u00e9conomie de notre pays. Si les 15 milliards d&#8217;euros d\u2019APD fran\u00e7aise semblent un gros montant financier, <strong>ils sont d\u00e9risoires par rapport \u00e0<\/strong> <strong>ce que co\u00fbterait la gestion des crises qu\u2019ils permettent d\u2019\u00e9viter<\/strong>.<\/p>\n\n\n\n<p>Une <a href=\"https:\/\/www.one.org\/fr\/policy\/investissements-prevention-conflits\/\" target=\"_blank\" rel=\"noreferrer noopener\">r\u00e9cente \u00e9tude de ONE<\/a> bas\u00e9e sur les donn\u00e9es du FMI a montr\u00e9 qu\u2019investir dans la pr\u00e9vention des conflits co\u00fbtera 100 fois moins cher que d\u2019y r\u00e9pondre. Chaque dollar d\u00e9pens\u00e9 dans des mesures favorisant la croissance \u00e9conomique et la stabilit\u00e9 politique, comme la cr\u00e9ation d\u2019emplois et l\u2019am\u00e9lioration des services publics, permet d\u2019\u00e9conomiser jusqu\u2019\u00e0 103 dollars dans un futur conflit et ses cons\u00e9quences.&nbsp;&nbsp;<\/p>\n\n\n\n<p>En 2020, une \u00e9tude a montr\u00e9 que le co\u00fbt de la pr\u00e9vention vis-\u00e0-vis des futures pand\u00e9mies de la prochaine d\u00e9cennie ne repr\u00e9senterait que 2 % des co\u00fbts financiers engendr\u00e9s par le COVID-19<sup data-fn=\"7a0bb4ea-4a5e-4928-b447-bdc0cb9e30fc\" class=\"fn\"><a id=\"7a0bb4ea-4a5e-4928-b447-bdc0cb9e30fc-link\" href=\"#7a0bb4ea-4a5e-4928-b447-bdc0cb9e30fc\">3<\/a><\/sup>.&nbsp;<\/p>\n\n\n\n<h3 class=\"wp-block-heading\" id=\"h-rappelons-egalement-que-l-apd-n-est-pas-un-gros-poste-de-depense-en-2025-l-aide-ne-represente-que-0-6-du-budget-de-l-etat-francais-cela-signifie-que-pour-chaque-euro-depense-moins-de-1-centime-va-a-l-apd-nbsp-nbsp\">Rappelons \u00e9galement que l\u2019APD n\u2019est pas un gros poste de d\u00e9pense\u202f: en 2025, l\u2019aide ne repr\u00e9sente que 0,6 % du budget de l\u2019Etat fran\u00e7ais. Cela signifie que pour chaque euro d\u00e9pens\u00e9, moins de 1 centime va \u00e0 l\u2019APD.&nbsp;&nbsp;<\/h3>\n\n\n\n<h2 class=\"wp-block-heading\" id=\"h-une-politique-publique-tres-controlee\"><strong>Une politique publique tr\u00e8s contr\u00f4l\u00e9e<\/strong><\/h2>\n\n\n\n<p>Les questions sur l\u2019efficacit\u00e9 et l\u2019impact de l\u2019aide au d\u00e9veloppement sont tout \u00e0 fait l\u00e9gitime, comme pour toute politique publique. <strong>L\u2019APD est l\u2019un des flux financiers les plus \u00e9valu\u00e9s et contr\u00f4l\u00e9s au monde<\/strong>. Elle fait l\u2019objet de suivis r\u00e9guliers, \u00e0 la demande des ONG et des institutions publiques.&nbsp;<\/p>\n\n\n\n<ul class=\"wp-block-list\">\n<li>En 2018, le <strong>rapport du d\u00e9put\u00e9 Herv\u00e9 Berville sur l\u2019APD<\/strong> a recommand\u00e9 un meilleur suivi et une meilleure \u00e9valuation de l\u2019APD, une demande port\u00e9e par les ONG dont ONE.&nbsp;<\/li>\n<\/ul>\n\n\n\n<ul class=\"wp-block-list\">\n<li>En 2021, la <strong>loi de programmation sur le d\u00e9veloppement, vot\u00e9e \u00e0 l\u2019unanimit\u00e9 par le Parlement,<\/strong> a act\u00e9 la cr\u00e9ation d\u2019une commission d\u2019\u00e9valuation ind\u00e9pendante pour garantir efficacit\u00e9 et transparence. Le d\u00e9cret de mise en \u0153uvre a \u00e9t\u00e9 sign\u00e9 le 8 f\u00e9vrier 2025 par le ministre des Affaires \u00e9trang\u00e8res.&nbsp;&nbsp;<\/li>\n<\/ul>\n\n\n\n<p>Les critiques sur l\u2019absence de suivi sont donc infond\u00e9es, m\u00eame si l\u2019\u00e9valuation des projets soutenus et le respect des priorit\u00e9s fix\u00e9es par le gouvernement peuvent \u00eatre renforc\u00e9s. Les ONG elles-m\u00eames ont toujours r\u00e9clam\u00e9 plus de contr\u00f4le pour s\u2019assurer que l\u2019APD atteigne son objectif principal\u202f: la r\u00e9duction de l\u2019extr\u00eame pauvret\u00e9.&nbsp;<\/p>\n\n\n\n<p>Par ailleurs, un contr\u00f4le minutieux de ces flux financiers r\u00e9duit les risques de corruption\u202f: les pertes li\u00e9es \u00e0 la fraude enregistr\u00e9e par les op\u00e9rateurs de l\u2019aide publique au d\u00e9veloppement sont syst\u00e9matiquement inf\u00e9rieures \u00e0 1 %. Le Department for International Development, l\u2019\u00e9quivalent britannique de l\u2019AFD, les estimait \u00e0 0,2 et 0,7 % en 2020<sup data-fn=\"7575b1e3-ef3a-423a-af10-ad4e83ba68c1\" class=\"fn\"><a id=\"7575b1e3-ef3a-423a-af10-ad4e83ba68c1-link\" href=\"#7575b1e3-ef3a-423a-af10-ad4e83ba68c1\">4<\/a><\/sup>. L\u2019Usaid n\u2019a comptabilis\u00e9 que 0,04 % de \u00ab paiements irr\u00e9guliers \u00bb en 2018-2019<sup data-fn=\"bc15a783-ca50-4bd2-b113-a45b35a64cfc\" class=\"fn\"><a id=\"bc15a783-ca50-4bd2-b113-a45b35a64cfc-link\" href=\"#bc15a783-ca50-4bd2-b113-a45b35a64cfc\">5<\/a><\/sup> et a signal\u00e9 n\u2019avoir perdu que 0,03 % de ses d\u00e9penses en raison de la fraude en 2015<sup data-fn=\"0b223828-0ec9-41c0-a159-9aae0afa91b6\" class=\"fn\"><a id=\"0b223828-0ec9-41c0-a159-9aae0afa91b6-link\" href=\"#0b223828-0ec9-41c0-a159-9aae0afa91b6\">6<\/a><\/sup>. La fraude signal\u00e9e au sein du syst\u00e8me d\u2019aide des Nations unies repr\u00e9sente quant \u00e0 elle environ 0,03 % de ses d\u00e9penses<sup data-fn=\"5f740b12-bd31-4a44-b400-e05156a53e9c\" class=\"fn\"><a id=\"5f740b12-bd31-4a44-b400-e05156a53e9c-link\" href=\"#5f740b12-bd31-4a44-b400-e05156a53e9c\">7<\/a><\/sup>.&nbsp;<\/p>\n\n\n\n<h2 class=\"wp-block-heading\" id=\"h-une-solution-simple-la-taxe-sur-les-transactions-financieres-ttf\"><strong>Une solution simple : la taxe sur les transactions financi\u00e8res (TTF)<\/strong><\/h2>\n\n\n\n<p>Alors que l\u2019APD est un levier cl\u00e9 pour la France, le gouvernement a d\u00e9j\u00e0 d\u00e9cid\u00e9 de la r\u00e9duire de 37 % en 2025 et de 5 milliards depuis 2023, ce qui compromet des actions essentielles.&nbsp;<\/p>\n\n\n\n<p>Ces coupes concernent tout particuli\u00e8rement les dons qui nous permettent de soutenir les pays les plus pauvres, et elles contribuent donc \u00e0 r\u00e9duire l\u2019impact de cette politique, mettant en danger la stabilit\u00e9 des r\u00e9gions o\u00f9 la pauvret\u00e9 alimente les conflits.&nbsp;&nbsp;<\/p>\n\n\n\n<p><strong>Plut\u00f4t que de couper l\u2019APD, il existe des alternatives pour assurer son financement sans impacter les Fran\u00e7ais.<\/strong>&nbsp;<\/p>\n\n\n\n<ul class=\"wp-block-list\">\n<li>La taxe sur les transactions financi\u00e8res pourrait financer durablement l\u2019APD sans peser sur le budget des m\u00e9nages, puisque ce sont les interm\u00e9diaires financiers, comme les banques ou les fonds d\u2019investissement, qui supporteront le co\u00fbt de la taxe&nbsp;<\/li>\n<\/ul>\n\n\n\n<ul class=\"wp-block-list\">\n<li>Pourtant, une d\u00e9cision r\u00e9cente a supprim\u00e9 cette affectation solidaire, r\u00e9duisant ainsi les ressources disponibles pour l\u2019aide au d\u00e9veloppement.&nbsp;<\/li>\n<\/ul>\n\n\n\n<h2 class=\"wp-block-heading\" id=\"h-conclusion-l-apd-un-outil-essentiel-qui-sert-aussi-les-interets-des-francais-nbsp\"><strong>Conclusion : L\u2019APD, un outil essentiel qui sert aussi les int\u00e9r\u00eats des Fran\u00e7ais<\/strong>&nbsp;<\/h2>\n\n\n\n<p>Pourquoi l\u2019APD est-elle indispensable ?&nbsp;<\/p>\n\n\n\n<ul class=\"wp-block-list\">\n<li>Elle lutte contre l\u2019extr\u00eame pauvret\u00e9 et ses cons\u00e9quences directes (conflits, terrorisme, migrations forc\u00e9es).&nbsp;<\/li>\n\n\n\n<li>Elle am\u00e9liore la s\u00e9curit\u00e9, la sant\u00e9 et le bien-\u00eatre des Fran\u00e7ais.&nbsp;<\/li>\n\n\n\n<li>Elle est un levier \u00e9conomique qui b\u00e9n\u00e9ficie aussi aux entreprises fran\u00e7aises.&nbsp;<\/li>\n\n\n\n<li>Elle est un investissement dans la paix et la prosp\u00e9rit\u00e9 mondiale.&nbsp;<\/li>\n<\/ul>\n\n\n\n<h2 class=\"wp-block-heading\" id=\"h-que-faut-il-faire-pour-que-l-aide-soit-plus-efficace-recommandations-de-one-nbsp\"><strong>Que faut-il faire pour que l\u2019aide soit plus efficace ? Recommandations de ONE&nbsp;<\/strong><\/h2>\n\n\n\n<ul class=\"wp-block-list\">\n<li>Plut\u00f4t que de couper l\u2019APD, mieux l\u2019orienter vers les pays les plus vuln\u00e9rables. <strong>ONE demande qu\u2019au moins 50 % de l\u2019APD fran\u00e7aise soit dirig\u00e9e vers les Pays les Moins Avanc\u00e9s (PMA).<\/strong>&nbsp;<\/li>\n\n\n\n<li>Renforcer son \u00e9valuation pour maximiser son efficacit\u00e9 afin de r\u00e9duire l\u2019extr\u00eame pauvret\u00e9.&nbsp;<\/li>\n\n\n\n<li>R\u00e9tablir le financement via la TTF pour la rendre indolore pour les Fran\u00e7ais.&nbsp;<\/li>\n<\/ul>\n\n\n\n<p>Notes de bas de page :<\/p>\n\n\n<ol class=\"wp-block-footnotes\"><li id=\"19c12980-86c6-478b-903d-53d49b215026\">Calculs de ONE bas\u00e9s sur les r\u00e9sultats du Fonds mondial et les contributions des pays donateurs.\u00a0Le Fonds mondial soutient une s\u00e9rie d&#8217;interventions qui vont au-del\u00e0 de celles pr\u00e9sent\u00e9es dans ces r\u00e9sultats. Ces r\u00e9sultats sont obtenus en collaboration avec\u00a0nos\u00a0partenaires.\u00a0 <a href=\"#19c12980-86c6-478b-903d-53d49b215026-link\" aria-label=\"Jump to footnote reference 1\">\u21a9\ufe0e<\/a><\/li><li id=\"2e09dc51-cc76-4d52-a113-1ee60e29de61\">Calculs de ONE bas\u00e9s <a href=\"https:\/\/www.globalpartnership.org\/fr\/content\/results-report-2024\">sur les r\u00e9sultats du PME pour la p\u00e9riode 2022 \u2013 2024<\/a>, avec une contribution fran\u00e7aise \u00e0 9,3 %. <a href=\"#2e09dc51-cc76-4d52-a113-1ee60e29de61-link\" aria-label=\"Jump to footnote reference 2\">\u21a9\ufe0e<\/a><\/li><li id=\"7a0bb4ea-4a5e-4928-b447-bdc0cb9e30fc\">Andrew P. Dobson et al.,\u00a0<a href=\"https:\/\/www.science.org\/doi\/10.1126\/science.abc3189\" target=\"_blank\" rel=\"noreferrer noopener\">Ecology and economics for pandemic prevention<\/a>. 24 July 2020 <a href=\"#7a0bb4ea-4a5e-4928-b447-bdc0cb9e30fc-link\" aria-label=\"Jump to footnote reference 3\">\u21a9\ufe0e<\/a><\/li><li id=\"7575b1e3-ef3a-423a-af10-ad4e83ba68c1\">ICAI, Report : <a href=\"https:\/\/icai.independent.gov.uk\/html-version\/tackling-fraud-in-uk-aid\/#section-4\">Tackling fraud in UK aid<\/a>, 2021 <a href=\"#7575b1e3-ef3a-423a-af10-ad4e83ba68c1-link\" aria-label=\"Jump to footnote reference 4\">\u21a9\ufe0e<\/a><\/li><li id=\"bc15a783-ca50-4bd2-b113-a45b35a64cfc\">Usaid, <a href=\"https:\/\/www.usaid.gov\/sites\/default\/files\/documents\/1868\/USAIDFY2019AFR_508R.pdf\">Agency financial report fiscal year 2019<\/a>, 2019, p. 181 <a href=\"#bc15a783-ca50-4bd2-b113-a45b35a64cfc-link\" aria-label=\"Jump to footnote reference 5\">\u21a9\ufe0e<\/a><\/li><li id=\"0b223828-0ec9-41c0-a159-9aae0afa91b6\">Department\u00a0of\u00a0Foreign\u00a0Affairs\u00a0and Trade,\u00a0Fraud\u00a0Control and Anti- Corruption\u00a0Within\u00a0DFAT,\u00a0Including\u00a0the\u00a0Australian\u00a0Aid\u00a0Program, Fact\u00a0sheet, octobre 2015, p. 2. Cit\u00e9 par le National Audit Office de 2017. <a href=\"#0b223828-0ec9-41c0-a159-9aae0afa91b6-link\" aria-label=\"Jump to footnote reference 6\">\u21a9\ufe0e<\/a><\/li><li id=\"5f740b12-bd31-4a44-b400-e05156a53e9c\">Unjiu, <a href=\"https:\/\/www.unjiu.org\/content\/fraud-prevention-detection-and-response-united-nations-system-organizations-1\">Fraud Prevention, Detection and Response in the United Nations System Organization<\/a>, 2016, p. 19 <a href=\"#5f740b12-bd31-4a44-b400-e05156a53e9c-link\" aria-label=\"Jump to footnote reference 7\">\u21a9\ufe0e<\/a><\/li><\/ol>\n\n\n<div class=\"wp-block-group oneorg-block-group oneorg-block-group-impact oneorg-block-group-impact--cta has-light-color has-dark-background-color has-text-color has-background has-global-padding is-layout-constrained wp-block-group-is-layout-constrained\">\n<div class=\"wp-block-group is-layout-flow wp-block-group-is-layout-flow\">\n<h2 class=\"wp-block-heading has-text-align-center has-neon-color has-text-color\" id=\"h-pret-e-a-agir\">Pr\u00eat\u00b7e \u00e0 agir ?<\/h2>\n\n\n\n<p class=\"has-text-align-center\">Signez notre p\u00e9tition pour appeler le gouvernement \u00e0 pr\u00e9server les taxes solidaires qui permettent de financer l&#8217;aide publique au d\u00e9veloppement. Des millions de vies en d\u00e9pendent !<\/p>\n\n\n\n<div class=\"wp-block-buttons is-content-justification-center is-layout-flex wp-container-core-buttons-is-layout-a89b3969 wp-block-buttons-is-layout-flex\">\n<div class=\"wp-block-button\"><a class=\"wp-block-button__link wp-element-button\" href=\"https:\/\/www.one.org\/fr\/actions\/petition-taxes-solidaires\/\">Je signe la p\u00e9tition<\/a><\/div>\n<\/div>\n<\/div>\n<\/div>\n\n\n\n<p><\/p>\n<div class=\"buffer\"><\/div>","protected":false},"excerpt":{"rendered":"<p>L\u2019aide publique au d\u00e9veloppement (APD) n\u2019est pas un simple poste budg\u00e9taire : c\u2019est un investissement strat\u00e9gique qui contribue \u00e0 la stabilit\u00e9, \u00e0 la prosp\u00e9rit\u00e9 et \u00e0 la s\u00e9curit\u00e9 mondiale, dans l\u2019int\u00e9r\u00eat direct des Fran\u00e7ais.\u00a0Voici pourquoi.<\/p>\n","protected":false},"author":24,"featured_media":165906,"comment_status":"closed","ping_status":"closed","sticky":true,"template":"","format":"standard","meta":{"_acf_changed":false,"_relevanssi_hide_post":"","_relevanssi_hide_content":"","_relevanssi_pin_for_all":"","_relevanssi_pin_keywords":"","_relevanssi_unpin_keywords":"","_relevanssi_related_keywords":"","_relevanssi_related_include_ids":"","_relevanssi_related_exclude_ids":"","_relevanssi_related_no_append":"","_relevanssi_related_not_related":"","_relevanssi_related_posts":"165830,165771,165780,165750,165741,165728","_relevanssi_noindex_reason":"","footnotes":"[{\"id\":\"19c12980-86c6-478b-903d-53d49b215026\",\"content\":\"Calculs de ONE bas\\u00e9s sur les r\\u00e9sultats du Fonds mondial et les contributions des pays donateurs.\\u00a0Le Fonds mondial soutient une s\\u00e9rie d'interventions qui vont au-del\\u00e0 de celles pr\\u00e9sent\\u00e9es dans ces r\\u00e9sultats. Ces r\\u00e9sultats sont obtenus en collaboration avec\\u00a0nos\\u00a0partenaires.\\u00a0\"},{\"id\":\"2e09dc51-cc76-4d52-a113-1ee60e29de61\",\"content\":\"Calculs de ONE bas\\u00e9s <a href=\\\"https:\\\/\\\/www.globalpartnership.org\\\/fr\\\/content\\\/results-report-2024\\\">sur les r\\u00e9sultats du PME pour la p\\u00e9riode 2022 \\u2013 2024<\\\/a>, avec une contribution fran\\u00e7aise \\u00e0 9,3 %.\"},{\"id\":\"7a0bb4ea-4a5e-4928-b447-bdc0cb9e30fc\",\"content\":\"Andrew P. Dobson et al.,\\u00a0<a href=\\\"https:\\\/\\\/www.science.org\\\/doi\\\/10.1126\\\/science.abc3189\\\" target=\\\"_blank\\\" rel=\\\"noreferrer noopener\\\">Ecology and economics for pandemic prevention<\\\/a>. 24 July 2020\"},{\"id\":\"7575b1e3-ef3a-423a-af10-ad4e83ba68c1\",\"content\":\"ICAI, Report : <a href=\\\"https:\\\/\\\/icai.independent.gov.uk\\\/html-version\\\/tackling-fraud-in-uk-aid\\\/#section-4\\\">Tackling fraud in UK aid<\\\/a>, 2021\"},{\"id\":\"bc15a783-ca50-4bd2-b113-a45b35a64cfc\",\"content\":\"Usaid, <a href=\\\"https:\\\/\\\/www.usaid.gov\\\/sites\\\/default\\\/files\\\/documents\\\/1868\\\/USAIDFY2019AFR_508R.pdf\\\">Agency financial report fiscal year 2019<\\\/a>, 2019, p. 181\"},{\"id\":\"0b223828-0ec9-41c0-a159-9aae0afa91b6\",\"content\":\"Department\\u00a0of\\u00a0Foreign\\u00a0Affairs\\u00a0and Trade,\\u00a0Fraud\\u00a0Control and Anti- Corruption\\u00a0Within\\u00a0DFAT,\\u00a0Including\\u00a0the\\u00a0Australian\\u00a0Aid\\u00a0Program, Fact\\u00a0sheet, octobre 2015, p. 2. Cit\\u00e9 par le National Audit Office de 2017.\"},{\"id\":\"5f740b12-bd31-4a44-b400-e05156a53e9c\",\"content\":\"Unjiu, <a href=\\\"https:\\\/\\\/www.unjiu.org\\\/content\\\/fraud-prevention-detection-and-response-united-nations-system-organizations-1\\\">Fraud Prevention, Detection and Response in the United Nations System Organization<\\\/a>, 2016, p. 19\"}]"},"categories":[68],"tags":[124],"topic":[41],"contributor":[33],"one_content_audience":[],"one_content_type":[],"one_content_tone":[],"class_list":["post-165902","post","type-post","status-publish","format-standard","has-post-thumbnail","hentry","category-analyse","tag-taxes-solidaires","topic-aide-au-developpement","contributor-one-france"],"acf":[],"yoast_head":"<!-- This site is optimized with the Yoast SEO Premium plugin v27.1 (Yoast SEO v27.1.1) - https:\/\/yoast.com\/product\/yoast-seo-premium-wordpress\/ -->\n<title>Tant que l\u2019aide internationale servira \u00e0 r\u00e9duire l\u2019extr\u00eame pauvret\u00e9, elle servira l\u2019int\u00e9r\u00eat des Fran\u00e7ais\u00a0 - ONE.org France<\/title>\n<meta name=\"description\" content=\"L\u2019aide internationale est un investissement strat\u00e9gique qui contribue \u00e0 la stabilit\u00e9, \u00e0 la prosp\u00e9rit\u00e9 et \u00e0 la s\u00e9curit\u00e9 mondiale.\" \/>\n<meta name=\"robots\" content=\"index, follow, max-snippet:-1, max-image-preview:large, max-video-preview:-1\" \/>\n<link rel=\"canonical\" href=\"https:\/\/www.one.org\/fr\/actualites\/aide-internationale-interets-francais\/\" \/>\n<meta property=\"og:locale\" content=\"fr_FR\" \/>\n<meta property=\"og:type\" content=\"article\" \/>\n<meta property=\"og:title\" content=\"Tant que l\u2019aide internationale servira \u00e0 r\u00e9duire l\u2019extr\u00eame pauvret\u00e9, elle servira l\u2019int\u00e9r\u00eat des Fran\u00e7ais\u00a0\" \/>\n<meta property=\"og:description\" content=\"L\u2019aide internationale est un investissement strat\u00e9gique qui contribue \u00e0 la stabilit\u00e9, \u00e0 la prosp\u00e9rit\u00e9 et \u00e0 la s\u00e9curit\u00e9 mondiale.\" \/>\n<meta property=\"og:url\" content=\"https:\/\/www.one.org\/fr\/actualites\/aide-internationale-interets-francais\/\" \/>\n<meta property=\"og:site_name\" content=\"ONE.org France\" \/>\n<meta property=\"article:publisher\" content=\"https:\/\/www.facebook.com\/ONE.Fr\" \/>\n<meta property=\"article:published_time\" content=\"2025-02-26T17:33:19+00:00\" \/>\n<meta property=\"article:modified_time\" content=\"2025-07-29T15:31:59+00:00\" \/>\n<meta property=\"og:image\" content=\"https:\/\/www.one.org\/fr\/wp-content\/uploads\/sites\/4\/2025\/02\/RS37933_AdobeStock_79733273-scaled.jpeg\" \/>\n\t<meta property=\"og:image:width\" content=\"2560\" \/>\n\t<meta property=\"og:image:height\" content=\"1709\" \/>\n\t<meta property=\"og:image:type\" content=\"image\/jpeg\" \/>\n<meta name=\"author\" content=\"Dana Khalil\" \/>\n<meta name=\"twitter:card\" content=\"summary_large_image\" \/>\n<meta name=\"twitter:description\" content=\"L\u2019aide internationale est un investissement strat\u00e9gique qui contribue \u00e0 la stabilit\u00e9, \u00e0 la prosp\u00e9rit\u00e9 et \u00e0 la s\u00e9curit\u00e9 mondiale.\" \/>\n<meta name=\"twitter:creator\" content=\"@one_fr\" \/>\n<meta name=\"twitter:site\" content=\"@one_fr\" \/>\n<meta name=\"twitter:label1\" content=\"Written by\" \/>\n\t<meta name=\"twitter:data1\" content=\"Dana Khalil\" \/>\n\t<meta name=\"twitter:label2\" content=\"Est. reading time\" \/>\n\t<meta name=\"twitter:data2\" content=\"14 minutes\" \/>\n<script type=\"application\/ld+json\" class=\"yoast-schema-graph\">{\"@context\":\"https:\/\/schema.org\",\"@graph\":[{\"@type\":\"Article\",\"@id\":\"https:\/\/www.one.org\/fr\/actualites\/aide-internationale-interets-francais\/#article\",\"isPartOf\":{\"@id\":\"https:\/\/www.one.org\/fr\/actualites\/aide-internationale-interets-francais\/\"},\"author\":{\"name\":\"Dana Khalil\",\"@id\":\"https:\/\/www.one.org\/fr\/#\/schema\/person\/cf1f30f9800f0592ec3d61940be82003\"},\"headline\":\"Tant que l\u2019aide internationale servira \u00e0 r\u00e9duire l\u2019extr\u00eame pauvret\u00e9, elle servira l\u2019int\u00e9r\u00eat des Fran\u00e7ais\u00a0\",\"datePublished\":\"2025-02-26T17:33:19+00:00\",\"dateModified\":\"2025-07-29T15:31:59+00:00\",\"mainEntityOfPage\":{\"@id\":\"https:\/\/www.one.org\/fr\/actualites\/aide-internationale-interets-francais\/\"},\"wordCount\":3501,\"image\":{\"@id\":\"https:\/\/www.one.org\/fr\/actualites\/aide-internationale-interets-francais\/#primaryimage\"},\"thumbnailUrl\":\"https:\/\/www.one.org\/fr\/wp-content\/uploads\/sites\/4\/2025\/02\/RS37933_AdobeStock_79733273-scaled.jpeg\",\"keywords\":[\"Taxes solidaires\"],\"articleSection\":[\"Analyse\"],\"inLanguage\":\"fr-FR\"},{\"@type\":\"WebPage\",\"@id\":\"https:\/\/www.one.org\/fr\/actualites\/aide-internationale-interets-francais\/\",\"url\":\"https:\/\/www.one.org\/fr\/actualites\/aide-internationale-interets-francais\/\",\"name\":\"Tant que l\u2019aide internationale servira \u00e0 r\u00e9duire l\u2019extr\u00eame pauvret\u00e9, elle servira l\u2019int\u00e9r\u00eat des Fran\u00e7ais\u00a0 - ONE.org France\",\"isPartOf\":{\"@id\":\"https:\/\/www.one.org\/fr\/#website\"},\"primaryImageOfPage\":{\"@id\":\"https:\/\/www.one.org\/fr\/actualites\/aide-internationale-interets-francais\/#primaryimage\"},\"image\":{\"@id\":\"https:\/\/www.one.org\/fr\/actualites\/aide-internationale-interets-francais\/#primaryimage\"},\"thumbnailUrl\":\"https:\/\/www.one.org\/fr\/wp-content\/uploads\/sites\/4\/2025\/02\/RS37933_AdobeStock_79733273-scaled.jpeg\",\"datePublished\":\"2025-02-26T17:33:19+00:00\",\"dateModified\":\"2025-07-29T15:31:59+00:00\",\"author\":{\"@id\":\"https:\/\/www.one.org\/fr\/#\/schema\/person\/cf1f30f9800f0592ec3d61940be82003\"},\"description\":\"L\u2019aide internationale est un investissement strat\u00e9gique qui contribue \u00e0 la stabilit\u00e9, \u00e0 la prosp\u00e9rit\u00e9 et \u00e0 la s\u00e9curit\u00e9 mondiale.\",\"breadcrumb\":{\"@id\":\"https:\/\/www.one.org\/fr\/actualites\/aide-internationale-interets-francais\/#breadcrumb\"},\"inLanguage\":\"fr-FR\",\"potentialAction\":[{\"@type\":\"ReadAction\",\"target\":[\"https:\/\/www.one.org\/fr\/actualites\/aide-internationale-interets-francais\/\"]}]},{\"@type\":\"ImageObject\",\"inLanguage\":\"fr-FR\",\"@id\":\"https:\/\/www.one.org\/fr\/actualites\/aide-internationale-interets-francais\/#primaryimage\",\"url\":\"https:\/\/www.one.org\/fr\/wp-content\/uploads\/sites\/4\/2025\/02\/RS37933_AdobeStock_79733273-scaled.jpeg\",\"contentUrl\":\"https:\/\/www.one.org\/fr\/wp-content\/uploads\/sites\/4\/2025\/02\/RS37933_AdobeStock_79733273-scaled.jpeg\",\"width\":2560,\"height\":1709,\"caption\":\"Tiny Earth globe over the surface covered with the multiple bank note bills\"},{\"@type\":\"BreadcrumbList\",\"@id\":\"https:\/\/www.one.org\/fr\/actualites\/aide-internationale-interets-francais\/#breadcrumb\",\"itemListElement\":[{\"@type\":\"ListItem\",\"position\":1,\"name\":\"Home\",\"item\":\"https:\/\/www.one.org\/fr\/\"},{\"@type\":\"ListItem\",\"position\":2,\"name\":\"Tant que l\u2019aide internationale servira \u00e0 r\u00e9duire l\u2019extr\u00eame pauvret\u00e9, elle servira l\u2019int\u00e9r\u00eat des Fran\u00e7ais\u00a0\"}]},{\"@type\":\"WebSite\",\"@id\":\"https:\/\/www.one.org\/fr\/#website\",\"url\":\"https:\/\/www.one.org\/fr\/\",\"name\":\"ONE.org\",\"description\":\"Cr\u00e9er des opportunit\u00e9s \u00e9conomiques et am\u00e9liorer la sant\u00e9 en Afrique\",\"potentialAction\":[{\"@type\":\"SearchAction\",\"target\":{\"@type\":\"EntryPoint\",\"urlTemplate\":\"https:\/\/www.one.org\/fr\/?s={search_term_string}\"},\"query-input\":{\"@type\":\"PropertyValueSpecification\",\"valueRequired\":true,\"valueName\":\"search_term_string\"}}],\"inLanguage\":\"fr-FR\"},{\"@type\":\"Person\",\"@id\":\"https:\/\/www.one.org\/fr\/#\/schema\/person\/cf1f30f9800f0592ec3d61940be82003\",\"name\":\"Dana Khalil\",\"image\":{\"@type\":\"ImageObject\",\"inLanguage\":\"fr-FR\",\"@id\":\"https:\/\/www.one.org\/fr\/#\/schema\/person\/image\/\",\"url\":\"https:\/\/secure.gravatar.com\/avatar\/b0da536f00ccefadcc7aae4e64855977a5249adb1ac04162a69474e53a8d4c40?s=96&d=mm&r=g\",\"contentUrl\":\"https:\/\/secure.gravatar.com\/avatar\/b0da536f00ccefadcc7aae4e64855977a5249adb1ac04162a69474e53a8d4c40?s=96&d=mm&r=g\",\"caption\":\"Dana Khalil\"},\"url\":\"https:\/\/www.one.org\/fr\/actualites\/author\/danakhalil\/\"}]}<\/script>\n<!-- \/ Yoast SEO Premium plugin. -->","yoast_head_json":{"title":"Tant que l\u2019aide internationale servira \u00e0 r\u00e9duire l\u2019extr\u00eame pauvret\u00e9, elle servira l\u2019int\u00e9r\u00eat des Fran\u00e7ais\u00a0 - ONE.org France","description":"L\u2019aide internationale est un investissement strat\u00e9gique qui contribue \u00e0 la stabilit\u00e9, \u00e0 la prosp\u00e9rit\u00e9 et \u00e0 la s\u00e9curit\u00e9 mondiale.","robots":{"index":"index","follow":"follow","max-snippet":"max-snippet:-1","max-image-preview":"max-image-preview:large","max-video-preview":"max-video-preview:-1"},"canonical":"https:\/\/www.one.org\/fr\/actualites\/aide-internationale-interets-francais\/","og_locale":"fr_FR","og_type":"article","og_title":"Tant que l\u2019aide internationale servira \u00e0 r\u00e9duire l\u2019extr\u00eame pauvret\u00e9, elle servira l\u2019int\u00e9r\u00eat des Fran\u00e7ais\u00a0","og_description":"L\u2019aide internationale est un investissement strat\u00e9gique qui contribue \u00e0 la stabilit\u00e9, \u00e0 la prosp\u00e9rit\u00e9 et \u00e0 la s\u00e9curit\u00e9 mondiale.","og_url":"https:\/\/www.one.org\/fr\/actualites\/aide-internationale-interets-francais\/","og_site_name":"ONE.org France","article_publisher":"https:\/\/www.facebook.com\/ONE.Fr","article_published_time":"2025-02-26T17:33:19+00:00","article_modified_time":"2025-07-29T15:31:59+00:00","og_image":[{"width":2560,"height":1709,"url":"https:\/\/www.one.org\/fr\/wp-content\/uploads\/sites\/4\/2025\/02\/RS37933_AdobeStock_79733273-scaled.jpeg","type":"image\/jpeg"}],"author":"Dana Khalil","twitter_card":"summary_large_image","twitter_description":"L\u2019aide internationale est un investissement strat\u00e9gique qui contribue \u00e0 la stabilit\u00e9, \u00e0 la prosp\u00e9rit\u00e9 et \u00e0 la s\u00e9curit\u00e9 mondiale.","twitter_creator":"@one_fr","twitter_site":"@one_fr","twitter_misc":{"Written by":"Dana Khalil","Est. reading time":"14 minutes"},"schema":{"@context":"https:\/\/schema.org","@graph":[{"@type":"Article","@id":"https:\/\/www.one.org\/fr\/actualites\/aide-internationale-interets-francais\/#article","isPartOf":{"@id":"https:\/\/www.one.org\/fr\/actualites\/aide-internationale-interets-francais\/"},"author":{"name":"Dana Khalil","@id":"https:\/\/www.one.org\/fr\/#\/schema\/person\/cf1f30f9800f0592ec3d61940be82003"},"headline":"Tant que l\u2019aide internationale servira \u00e0 r\u00e9duire l\u2019extr\u00eame pauvret\u00e9, elle servira l\u2019int\u00e9r\u00eat des Fran\u00e7ais\u00a0","datePublished":"2025-02-26T17:33:19+00:00","dateModified":"2025-07-29T15:31:59+00:00","mainEntityOfPage":{"@id":"https:\/\/www.one.org\/fr\/actualites\/aide-internationale-interets-francais\/"},"wordCount":3501,"image":{"@id":"https:\/\/www.one.org\/fr\/actualites\/aide-internationale-interets-francais\/#primaryimage"},"thumbnailUrl":"https:\/\/www.one.org\/fr\/wp-content\/uploads\/sites\/4\/2025\/02\/RS37933_AdobeStock_79733273-scaled.jpeg","keywords":["Taxes solidaires"],"articleSection":["Analyse"],"inLanguage":"fr-FR"},{"@type":"WebPage","@id":"https:\/\/www.one.org\/fr\/actualites\/aide-internationale-interets-francais\/","url":"https:\/\/www.one.org\/fr\/actualites\/aide-internationale-interets-francais\/","name":"Tant que l\u2019aide internationale servira \u00e0 r\u00e9duire l\u2019extr\u00eame pauvret\u00e9, elle servira l\u2019int\u00e9r\u00eat des Fran\u00e7ais\u00a0 - ONE.org France","isPartOf":{"@id":"https:\/\/www.one.org\/fr\/#website"},"primaryImageOfPage":{"@id":"https:\/\/www.one.org\/fr\/actualites\/aide-internationale-interets-francais\/#primaryimage"},"image":{"@id":"https:\/\/www.one.org\/fr\/actualites\/aide-internationale-interets-francais\/#primaryimage"},"thumbnailUrl":"https:\/\/www.one.org\/fr\/wp-content\/uploads\/sites\/4\/2025\/02\/RS37933_AdobeStock_79733273-scaled.jpeg","datePublished":"2025-02-26T17:33:19+00:00","dateModified":"2025-07-29T15:31:59+00:00","author":{"@id":"https:\/\/www.one.org\/fr\/#\/schema\/person\/cf1f30f9800f0592ec3d61940be82003"},"description":"L\u2019aide internationale est un investissement strat\u00e9gique qui contribue \u00e0 la stabilit\u00e9, \u00e0 la prosp\u00e9rit\u00e9 et \u00e0 la s\u00e9curit\u00e9 mondiale.","breadcrumb":{"@id":"https:\/\/www.one.org\/fr\/actualites\/aide-internationale-interets-francais\/#breadcrumb"},"inLanguage":"fr-FR","potentialAction":[{"@type":"ReadAction","target":["https:\/\/www.one.org\/fr\/actualites\/aide-internationale-interets-francais\/"]}]},{"@type":"ImageObject","inLanguage":"fr-FR","@id":"https:\/\/www.one.org\/fr\/actualites\/aide-internationale-interets-francais\/#primaryimage","url":"https:\/\/www.one.org\/fr\/wp-content\/uploads\/sites\/4\/2025\/02\/RS37933_AdobeStock_79733273-scaled.jpeg","contentUrl":"https:\/\/www.one.org\/fr\/wp-content\/uploads\/sites\/4\/2025\/02\/RS37933_AdobeStock_79733273-scaled.jpeg","width":2560,"height":1709,"caption":"Tiny Earth globe over the surface covered with the multiple bank note bills"},{"@type":"BreadcrumbList","@id":"https:\/\/www.one.org\/fr\/actualites\/aide-internationale-interets-francais\/#breadcrumb","itemListElement":[{"@type":"ListItem","position":1,"name":"Home","item":"https:\/\/www.one.org\/fr\/"},{"@type":"ListItem","position":2,"name":"Tant que l\u2019aide internationale servira \u00e0 r\u00e9duire l\u2019extr\u00eame pauvret\u00e9, elle servira l\u2019int\u00e9r\u00eat des Fran\u00e7ais\u00a0"}]},{"@type":"WebSite","@id":"https:\/\/www.one.org\/fr\/#website","url":"https:\/\/www.one.org\/fr\/","name":"ONE.org","description":"Cr\u00e9er des opportunit\u00e9s \u00e9conomiques et am\u00e9liorer la sant\u00e9 en Afrique","potentialAction":[{"@type":"SearchAction","target":{"@type":"EntryPoint","urlTemplate":"https:\/\/www.one.org\/fr\/?s={search_term_string}"},"query-input":{"@type":"PropertyValueSpecification","valueRequired":true,"valueName":"search_term_string"}}],"inLanguage":"fr-FR"},{"@type":"Person","@id":"https:\/\/www.one.org\/fr\/#\/schema\/person\/cf1f30f9800f0592ec3d61940be82003","name":"Dana Khalil","image":{"@type":"ImageObject","inLanguage":"fr-FR","@id":"https:\/\/www.one.org\/fr\/#\/schema\/person\/image\/","url":"https:\/\/secure.gravatar.com\/avatar\/b0da536f00ccefadcc7aae4e64855977a5249adb1ac04162a69474e53a8d4c40?s=96&d=mm&r=g","contentUrl":"https:\/\/secure.gravatar.com\/avatar\/b0da536f00ccefadcc7aae4e64855977a5249adb1ac04162a69474e53a8d4c40?s=96&d=mm&r=g","caption":"Dana Khalil"},"url":"https:\/\/www.one.org\/fr\/actualites\/author\/danakhalil\/"}]}},"distributor_meta":false,"distributor_terms":false,"distributor_media":false,"distributor_original_site_name":"ONE.org France","distributor_original_site_url":"https:\/\/www.one.org\/fr","push-errors":false,"_links":{"self":[{"href":"https:\/\/www.one.org\/fr\/wp-json\/wp\/v2\/posts\/165902","targetHints":{"allow":["GET"]}}],"collection":[{"href":"https:\/\/www.one.org\/fr\/wp-json\/wp\/v2\/posts"}],"about":[{"href":"https:\/\/www.one.org\/fr\/wp-json\/wp\/v2\/types\/post"}],"author":[{"embeddable":true,"href":"https:\/\/www.one.org\/fr\/wp-json\/wp\/v2\/users\/24"}],"replies":[{"embeddable":true,"href":"https:\/\/www.one.org\/fr\/wp-json\/wp\/v2\/comments?post=165902"}],"version-history":[{"count":0,"href":"https:\/\/www.one.org\/fr\/wp-json\/wp\/v2\/posts\/165902\/revisions"}],"wp:featuredmedia":[{"embeddable":true,"href":"https:\/\/www.one.org\/fr\/wp-json\/wp\/v2\/media\/165906"}],"wp:attachment":[{"href":"https:\/\/www.one.org\/fr\/wp-json\/wp\/v2\/media?parent=165902"}],"wp:term":[{"taxonomy":"category","embeddable":true,"href":"https:\/\/www.one.org\/fr\/wp-json\/wp\/v2\/categories?post=165902"},{"taxonomy":"post_tag","embeddable":true,"href":"https:\/\/www.one.org\/fr\/wp-json\/wp\/v2\/tags?post=165902"},{"taxonomy":"topic","embeddable":true,"href":"https:\/\/www.one.org\/fr\/wp-json\/wp\/v2\/topic?post=165902"},{"taxonomy":"contributor","embeddable":true,"href":"https:\/\/www.one.org\/fr\/wp-json\/wp\/v2\/contributor?post=165902"},{"taxonomy":"one_content_audience","embeddable":true,"href":"https:\/\/www.one.org\/fr\/wp-json\/wp\/v2\/one_content_audience?post=165902"},{"taxonomy":"one_content_type","embeddable":true,"href":"https:\/\/www.one.org\/fr\/wp-json\/wp\/v2\/one_content_type?post=165902"},{"taxonomy":"one_content_tone","embeddable":true,"href":"https:\/\/www.one.org\/fr\/wp-json\/wp\/v2\/one_content_tone?post=165902"}],"curies":[{"name":"wp","href":"https:\/\/api.w.org\/{rel}","templated":true}]}}