{"id":165771,"date":"2024-12-04T15:17:45","date_gmt":"2024-12-04T15:17:45","guid":{"rendered":"https:\/\/www.one.org\/fr\/?p=165771"},"modified":"2024-12-04T17:40:23","modified_gmt":"2024-12-04T17:40:23","slug":"temoignages-jeunes-ambassadeurs-2024","status":"publish","type":"post","link":"https:\/\/www.one.org\/fr\/actualites\/temoignages-jeunes-ambassadeurs-2024\/","title":{"rendered":"Fais entendre ta voix avec ONE !"},"content":{"rendered":"\n<p><em>Ce billet de blog a \u00e9t\u00e9 r\u00e9dig\u00e9 par Romane, Aniya, Alexandra et Eug\u00e9nie, jeunes Ambassadrices de ONE.<\/em><\/p>\n\n\n\n<p>Jeunes Ambassadrices et Ambassadeurs chez ONE, nous avons pour objectif d\u2019interpeller les d\u00e9cideurs et d\u00e9cideuses politiques sur les questions d\u2019in\u00e9galit\u00e9s dans le monde et sur les cons\u00e9quences des crises \u00e9conomique, \u00e9cologique et sanitaire dans les pays les plus vuln\u00e9rables.<\/p>\n\n\n\n<p>Ensemble,<strong> il s\u2019agit de faire entendre notre voix pour convaincre les dirigeant\u00b7e\u00b7s<\/strong>, en France comme \u00e0 l\u2019international, d\u2019agir pour un monde plus juste, plus inclusif et plus durable. Notre d\u00e9marche s\u2019adresse \u00e9galement \u00e0 la soci\u00e9t\u00e9 civile, puisque nous allons \u00e0 la rencontre des citoyen\u00b7ne\u00b7s pour les sensibiliser et r\u00e9pondons aux interviews de la presse pour mettre en lumi\u00e8re nos combats et nos actions.<\/p>\n\n\n\n<p>Retour sur cette ann\u00e9e riche en actions et en rebondissements !<\/p>\n\n\n\n<h2 class=\"wp-block-heading\" id=\"h-elections-europeennes\"><strong>Elections europ\u00e9ennes<\/strong><\/h2>\n\n\n\n<p>Dans un monde en pleine mutation, l\u2019Union europ\u00e9enne a un r\u00f4le \u00e0 jouer pour asseoir son influence et r\u00e9soudre les d\u00e9fis soci\u00e9taux. Afin d\u2019aider \u00e0 retrouver un partenariat de confiance avec l\u2019Afrique et d\u00e9fendre la solidarit\u00e9 internationale, nous avons pr\u00e9sent\u00e9 une s\u00e9rie de recommandations aux candidat\u00b7e\u00b7s fran\u00e7ais\u00b7e\u00b7s aux \u00e9lections europ\u00e9ennes en mai et juin derniers.<\/p>\n\n\n\n<p>Sollicit\u00e9\u00b7e\u00b7s par mail et interpell\u00e9\u00b7e\u00b7s sur les r\u00e9seaux, nous avons eu l\u2019occasion de rencontrer certain\u00b7e\u00b7s d\u2019entre elles et eux, et de discuter de la n\u00e9cessit\u00e9 d\u2019augmenter les ressources pour soutenir les pays partenaires, de s\u2019engager pour la transparence et la r\u00e9forme du syst\u00e8me financier international ainsi que la repr\u00e9sentation des pays africains dans les instances internationales.<\/p>\n\n\n\n<p>En collaboration avec les autres jeunes Ambassadeurs et Ambassadrices\u00a0 de Belgique, des Pays-Bas, d\u2019Allemagne et d\u2019Italie, ce sont au total 80 candidat\u00b7e\u00b7s aux \u00e9lections europ\u00e9ennes puis eurod\u00e9put\u00e9\u00b7e\u00b7s \u00e0 travers l\u2019UE qui ont sign\u00e9 la r\u00e9solution de ONE, acceptant ainsi de porter ces valeurs de solidarit\u00e9 et ces engagements dans le cadre de leur mandat.<\/p>\n\n\n\n<figure class=\"wp-block-image size-large\"><img loading=\"lazy\" decoding=\"async\" width=\"1024\" height=\"536\" src=\"https:\/\/www.one.org\/fr\/wp-content\/uploads\/sites\/4\/2024\/11\/images-blog-recap-1024x536.png\" alt=\"\" class=\"wp-image-165784\" srcset=\"https:\/\/www.one.org\/fr\/wp-content\/uploads\/sites\/4\/2024\/11\/images-blog-recap-1024x536.png 1024w, https:\/\/www.one.org\/fr\/wp-content\/uploads\/sites\/4\/2024\/11\/images-blog-recap-300x157.png 300w, https:\/\/www.one.org\/fr\/wp-content\/uploads\/sites\/4\/2024\/11\/images-blog-recap-768x402.png 768w, https:\/\/www.one.org\/fr\/wp-content\/uploads\/sites\/4\/2024\/11\/images-blog-recap-16x8.png 16w, https:\/\/www.one.org\/fr\/wp-content\/uploads\/sites\/4\/2024\/11\/images-blog-recap-320x167.png 320w, https:\/\/www.one.org\/fr\/wp-content\/uploads\/sites\/4\/2024\/11\/images-blog-recap-640x335.png 640w, https:\/\/www.one.org\/fr\/wp-content\/uploads\/sites\/4\/2024\/11\/images-blog-recap-800x419.png 800w, https:\/\/www.one.org\/fr\/wp-content\/uploads\/sites\/4\/2024\/11\/images-blog-recap.png 1200w\" sizes=\"auto, (max-width: 1024px) 100vw, 1024px\" \/><\/figure>\n\n\n\n<h2 class=\"wp-block-heading\" id=\"h-gavi-l-alliance-du-vaccin-nbsp\"><strong>Gavi, l\u2019Alliance du vaccin&nbsp;<\/strong><\/h2>\n\n\n\n<p>En juin, la France co-organisait avec l\u2019Union africaine, le lancement de la p\u00e9riode d\u2019investissements pour Gavi, l\u2019Alliance du vaccin, pour la p\u00e9riode 2026-2030. L\u2019enjeu \u00e9tait de taille : tous les cinq ans depuis sa cr\u00e9ation en 2000, Gavi fait appel aux dons des gouvernements et du secteur priv\u00e9 pour financer l\u2019acc\u00e8s aux vaccins dans les pays les plus pauvres. Depuis 2000, le travail de Gavi a notamment permis d\u2019\u00e9viter plus de 18 millions de d\u00e9c\u00e8s et de vacciner 1,1 milliard d&#8217;enfants.<\/p>\n\n\n\n<p>Nous avons fait campagne en ligne, mais nous avons \u00e9galement fait un petit d\u00e9tour sur la Place de la R\u00e9publique pour interpeller les dirigeants mondiaux et particuli\u00e8rement Emmanuel Macron \u00e0 ce sujet. La France est une actrice historique de la sant\u00e9 mondiale et il \u00e9tait essentiel qu\u2019elle maintienne sa participation cons\u00e9quente au regard des besoins croissants. Cette action \u201ccoup de poing\u201d nous a \u00e9galement permis d\u2019\u00e9changer avec les passants et de les sensibiliser \u00e0 ce sujet.<\/p>\n\n\n\n<figure style=\"aspect-ratio: 1 \/ 1;\" class=\"wp-block-embed is-type-rich is-provider-twitter wp-block-embed-twitter has-aspect-ratio is-ratio--square is-ratio--default\"><div class=\"wp-block-embed__wrapper\">\n<blockquote class=\"twitter-tweet\" data-width=\"500\" data-dnt=\"true\"><p lang=\"fr\" dir=\"ltr\">SIX VIES SAUV\u00c9ES PAR LA VACCINATION.<br>CHAQUE MINUTE.<br>DEPUIS 50 ANS.<br><br>Les dirigeants mondiaux, dont <a href=\"https:\/\/twitter.com\/EmmanuelMacron?ref_src=twsrc%5Etfw\">@EmmanuelMacron<\/a>, doivent investir dans la vaccination en finan\u00e7ant pleinement <a href=\"https:\/\/twitter.com\/gavi?ref_src=twsrc%5Etfw\">@Gavi<\/a> lors de sa prochaine reconstitution des ressources. <a href=\"https:\/\/twitter.com\/hashtag\/PiqueTonPolitique?src=hash&amp;ref_src=twsrc%5Etfw\">#PiqueTonPolitique<\/a> ? <a href=\"https:\/\/t.co\/tHjK04rKvm\">pic.twitter.com\/tHjK04rKvm<\/a><\/p>&mdash; Romane ? (@romane_mika) <a href=\"https:\/\/twitter.com\/romane_mika\/status\/1803778953125007744?ref_src=twsrc%5Etfw\">June 20, 2024<\/a><\/blockquote><script async src=\"https:\/\/platform.twitter.com\/widgets.js\" charset=\"utf-8\"><\/script>\n<\/div><\/figure>\n\n\n\n<h2 class=\"wp-block-heading\" id=\"h-les-deferlantes\"><strong>Les D\u00e9ferlantes<\/strong><\/h2>\n\n\n\n<p>En juillet, notre pr\u00e9sence au festival Les D\u00e9ferlantes nous a permis d\u2019aller \u00e0 la rencontre de centaines de festivalier.e.s. \u00c0 travers des animations originales et participatives, nous avons invit\u00e9 le public \u00e0 d\u00e9couvrir les combats de ONE et \u00e0 agir \u00e0 nos c\u00f4t\u00e9s. Ces moments d\u2019\u00e9changes sont pr\u00e9cieux et permettent de renforcer notre lien avec le public en donnant vie \u00e0 nos messages dans une atmosph\u00e8re conviviale et ludique !<\/p>\n\n\n\n<figure class=\"wp-block-image size-large\"><img loading=\"lazy\" decoding=\"async\" width=\"1024\" height=\"768\" src=\"https:\/\/www.one.org\/fr\/wp-content\/uploads\/sites\/4\/2024\/11\/image00020-1024x768.jpg\" alt=\"\" class=\"wp-image-165785\" srcset=\"https:\/\/www.one.org\/fr\/wp-content\/uploads\/sites\/4\/2024\/11\/image00020-1024x768.jpg 1024w, https:\/\/www.one.org\/fr\/wp-content\/uploads\/sites\/4\/2024\/11\/image00020-300x225.jpg 300w, https:\/\/www.one.org\/fr\/wp-content\/uploads\/sites\/4\/2024\/11\/image00020-768x576.jpg 768w, https:\/\/www.one.org\/fr\/wp-content\/uploads\/sites\/4\/2024\/11\/image00020-1536x1152.jpg 1536w, https:\/\/www.one.org\/fr\/wp-content\/uploads\/sites\/4\/2024\/11\/image00020-2048x1536.jpg 2048w, https:\/\/www.one.org\/fr\/wp-content\/uploads\/sites\/4\/2024\/11\/image00020-16x12.jpg 16w, https:\/\/www.one.org\/fr\/wp-content\/uploads\/sites\/4\/2024\/11\/image00020-320x240.jpg 320w, https:\/\/www.one.org\/fr\/wp-content\/uploads\/sites\/4\/2024\/11\/image00020-640x480.jpg 640w, https:\/\/www.one.org\/fr\/wp-content\/uploads\/sites\/4\/2024\/11\/image00020-800x600.jpg 800w, https:\/\/www.one.org\/fr\/wp-content\/uploads\/sites\/4\/2024\/11\/image00020-1600x1200.jpg 1600w, https:\/\/www.one.org\/fr\/wp-content\/uploads\/sites\/4\/2024\/11\/image00020-840x630.jpg 840w\" sizes=\"auto, (max-width: 1024px) 100vw, 1024px\" \/><\/figure>\n\n\n\n<h2 class=\"wp-block-heading\" id=\"h-journees-de-plaidoyer\"><strong>Journ\u00e9es de plaidoyer<\/strong><\/h2>\n\n\n\n<p>En vue des discussions \u00e0 l\u2019Assembl\u00e9e nationale sur le Projet de loi de finances 2025, nous avons sollicit\u00e9 105 d\u00e9put\u00e9\u00b7e\u00b7s de gauche comme de droite pour les interpeller sur les coupes budg\u00e9taires de l\u2019aide publique au d\u00e9veloppement et leur demander de d\u00e9fendre des amendements en vue de prot\u00e9ger la solidarit\u00e9 internationale.<\/p>\n\n\n\n<p>Dans le cadre de ces \u201cJourn\u00e9es de plaidoyer\u201d que nous avons organis\u00e9es les 15 et 16 octobre, nous avons rencontr\u00e9 une quinzaine de d\u00e9put\u00e9\u00b7e\u00b7s de 7 partis diff\u00e9rents et avons abord\u00e9 avec elles et eux l\u2019importance du lien historique entre la taxe sur les transactions financi\u00e8res (TTF) et la solidarit\u00e9 internationale, \u00e0 l\u2019heure o\u00f9 ce lien est justement remis en question par le gouvernement. Ces \u00e9changes privil\u00e9gi\u00e9s nous ont permis de leur pr\u00e9senter une s\u00e9rie d\u2019amendements n\u00e9cessaires pour d\u00e9fendre l\u2019aide publique au d\u00e9veloppement.<\/p>\n\n\n\n<figure class=\"wp-block-image size-large\"><img loading=\"lazy\" decoding=\"async\" width=\"1024\" height=\"768\" src=\"https:\/\/www.one.org\/fr\/wp-content\/uploads\/sites\/4\/2024\/11\/image0002-1024x768.jpg\" alt=\"\" class=\"wp-image-165786\" srcset=\"https:\/\/www.one.org\/fr\/wp-content\/uploads\/sites\/4\/2024\/11\/image0002-1024x768.jpg 1024w, https:\/\/www.one.org\/fr\/wp-content\/uploads\/sites\/4\/2024\/11\/image0002-300x225.jpg 300w, https:\/\/www.one.org\/fr\/wp-content\/uploads\/sites\/4\/2024\/11\/image0002-768x576.jpg 768w, https:\/\/www.one.org\/fr\/wp-content\/uploads\/sites\/4\/2024\/11\/image0002-1536x1152.jpg 1536w, https:\/\/www.one.org\/fr\/wp-content\/uploads\/sites\/4\/2024\/11\/image0002-2048x1536.jpg 2048w, https:\/\/www.one.org\/fr\/wp-content\/uploads\/sites\/4\/2024\/11\/image0002-16x12.jpg 16w, https:\/\/www.one.org\/fr\/wp-content\/uploads\/sites\/4\/2024\/11\/image0002-320x240.jpg 320w, https:\/\/www.one.org\/fr\/wp-content\/uploads\/sites\/4\/2024\/11\/image0002-640x480.jpg 640w, https:\/\/www.one.org\/fr\/wp-content\/uploads\/sites\/4\/2024\/11\/image0002-800x600.jpg 800w, https:\/\/www.one.org\/fr\/wp-content\/uploads\/sites\/4\/2024\/11\/image0002-1600x1200.jpg 1600w, https:\/\/www.one.org\/fr\/wp-content\/uploads\/sites\/4\/2024\/11\/image0002-840x630.jpg 840w\" sizes=\"auto, (max-width: 1024px) 100vw, 1024px\" \/><\/figure>\n\n\n\n<h2 class=\"wp-block-heading\" id=\"h-forum-de-paris-sur-la-paix\"><strong>Forum de Paris sur la Paix<\/strong><\/h2>\n\n\n\n<p>Le 11 novembre, nous avons eu l\u2019honneur de participer <strong>au Forum de Paris sur la Paix<\/strong>, dont le th\u00e8me cette ann\u00e9e \u00e9tait <em>\u00ab A la recherche d&#8217;un ordre mondial qui fonctionne \u00bb<\/em>. Nous avons pu assister \u00e0 une diversit\u00e9 de panels et tables rondes tr\u00e8s int\u00e9ressantes sur les sujets de multilat\u00e9ralisme, in\u00e9galit\u00e9s, environnement, technologies, d\u00e9veloppement et bien d\u2019autres.&nbsp;&nbsp;<\/p>\n\n\n\n<p>Nous avons \u00e9galement rencontr\u00e9 plusieurs repr\u00e9sentant\u00b7e\u00b7s politiques tels que Thani Mohamed-Soilihi (Secr\u00e9taire d\u2019Etat charg\u00e9 de la Francophonie et des Partenariats Internationaux), Jean-No\u00ebl Barrot (Ministre de l\u2019Europe et des Affaires \u00e9trang\u00e8res) ou encore Jutta Urpilainen (Commissaire europ\u00e9enne charg\u00e9e des Partenariats internationaux). Ces \u00e9changes ont permis <strong>de souligner l\u2019urgence d\u2019une gouvernance internationale ax\u00e9e sur plus de solidarit\u00e9<\/strong> face aux d\u00e9fis majeurs de notre \u00e9poque.<\/p>\n\n\n\n<figure class=\"wp-block-image size-large\"><img loading=\"lazy\" decoding=\"async\" width=\"1024\" height=\"730\" src=\"https:\/\/www.one.org\/fr\/wp-content\/uploads\/sites\/4\/2024\/11\/WhatsApp-Image-2024-11-12-at-08.33.001-1024x730.jpeg\" alt=\"\" class=\"wp-image-165787\" srcset=\"https:\/\/www.one.org\/fr\/wp-content\/uploads\/sites\/4\/2024\/11\/WhatsApp-Image-2024-11-12-at-08.33.001-1024x730.jpeg 1024w, https:\/\/www.one.org\/fr\/wp-content\/uploads\/sites\/4\/2024\/11\/WhatsApp-Image-2024-11-12-at-08.33.001-300x214.jpeg 300w, https:\/\/www.one.org\/fr\/wp-content\/uploads\/sites\/4\/2024\/11\/WhatsApp-Image-2024-11-12-at-08.33.001-768x548.jpeg 768w, https:\/\/www.one.org\/fr\/wp-content\/uploads\/sites\/4\/2024\/11\/WhatsApp-Image-2024-11-12-at-08.33.001-1536x1095.jpeg 1536w, https:\/\/www.one.org\/fr\/wp-content\/uploads\/sites\/4\/2024\/11\/WhatsApp-Image-2024-11-12-at-08.33.001-16x11.jpeg 16w, https:\/\/www.one.org\/fr\/wp-content\/uploads\/sites\/4\/2024\/11\/WhatsApp-Image-2024-11-12-at-08.33.001-320x228.jpeg 320w, https:\/\/www.one.org\/fr\/wp-content\/uploads\/sites\/4\/2024\/11\/WhatsApp-Image-2024-11-12-at-08.33.001-640x456.jpeg 640w, https:\/\/www.one.org\/fr\/wp-content\/uploads\/sites\/4\/2024\/11\/WhatsApp-Image-2024-11-12-at-08.33.001-800x571.jpeg 800w, https:\/\/www.one.org\/fr\/wp-content\/uploads\/sites\/4\/2024\/11\/WhatsApp-Image-2024-11-12-at-08.33.001-883x630.jpeg 883w, https:\/\/www.one.org\/fr\/wp-content\/uploads\/sites\/4\/2024\/11\/WhatsApp-Image-2024-11-12-at-08.33.001.jpeg 1600w\" sizes=\"auto, (max-width: 1024px) 100vw, 1024px\" \/><\/figure>\n\n\n\n<h2 class=\"wp-block-heading\" id=\"h-mobilisation-au-parlement-europeen\"><strong>Mobilisation au Parlement europ\u00e9en<\/strong><\/h2>\n\n\n\n<p>Les 19 et 20 novembre, nous avons eu l\u2019opportunit\u00e9 de partir \u00e0 Bruxelles pour porter notre plaidoyer aupr\u00e8s des parlementaires europ\u00e9en\u00b7ne\u00b7s. Nous avons pu rejoindre des d\u00e9l\u00e9gations de jeunes Ambassadeurs et Ambassadrices venant d\u2019Italie, des Pays-Bas, d\u2019Allemagne et de Belgique.<\/p>\n\n\n\n<p>C\u00f4t\u00e9 France, nous avons \u00e9t\u00e9 re\u00e7ues par 8 eurod\u00e9put\u00e9\u00b7e\u00b7s fran\u00e7ais\u00b7e\u00b7s et avons eu des conversations tr\u00e8s int\u00e9ressantes. Nous avons notamment abord\u00e9 des sujets li\u00e9s \u00e0 la sant\u00e9 mondiale, notamment sur la question des fonds europ\u00e9ens allou\u00e9s \u00e0 Gavi et au Fonds mondial de lutte contr le sida, le paludisme et la tuberculose, \u00e0 l\u2019aide publique au d\u00e9veloppement, qui doit rester une priorit\u00e9 de l\u2019UE&nbsp; dans son prochain budget 2028-2034, et au renforcement d\u2019un partenariat \u00e9quitable UE-Afrique.<\/p>\n\n\n\n<p>Dans le contexte mondial actuel, nous avions \u00e0 c\u0153ur de rappeler \u00e0 chacun et chacune des parlementaires que la jeunesse est engag\u00e9e sur les sujets de solidarit\u00e9 internationale et que nous sommes attentifs et attentives \u00e0 ce qui est discut\u00e9 et d\u00e9cid\u00e9 au niveau europ\u00e9en.&nbsp;<\/p>\n\n\n\n<figure class=\"wp-block-image size-large\"><img loading=\"lazy\" decoding=\"async\" width=\"1024\" height=\"768\" src=\"https:\/\/www.one.org\/fr\/wp-content\/uploads\/sites\/4\/2024\/11\/image00060-1024x768.jpg\" alt=\"\" class=\"wp-image-165789\" srcset=\"https:\/\/www.one.org\/fr\/wp-content\/uploads\/sites\/4\/2024\/11\/image00060-1024x768.jpg 1024w, https:\/\/www.one.org\/fr\/wp-content\/uploads\/sites\/4\/2024\/11\/image00060-300x225.jpg 300w, https:\/\/www.one.org\/fr\/wp-content\/uploads\/sites\/4\/2024\/11\/image00060-768x576.jpg 768w, https:\/\/www.one.org\/fr\/wp-content\/uploads\/sites\/4\/2024\/11\/image00060-1536x1152.jpg 1536w, https:\/\/www.one.org\/fr\/wp-content\/uploads\/sites\/4\/2024\/11\/image00060-2048x1536.jpg 2048w, https:\/\/www.one.org\/fr\/wp-content\/uploads\/sites\/4\/2024\/11\/image00060-16x12.jpg 16w, https:\/\/www.one.org\/fr\/wp-content\/uploads\/sites\/4\/2024\/11\/image00060-320x240.jpg 320w, https:\/\/www.one.org\/fr\/wp-content\/uploads\/sites\/4\/2024\/11\/image00060-640x480.jpg 640w, https:\/\/www.one.org\/fr\/wp-content\/uploads\/sites\/4\/2024\/11\/image00060-800x600.jpg 800w, https:\/\/www.one.org\/fr\/wp-content\/uploads\/sites\/4\/2024\/11\/image00060-1600x1200.jpg 1600w, https:\/\/www.one.org\/fr\/wp-content\/uploads\/sites\/4\/2024\/11\/image00060-840x630.jpg 840w\" sizes=\"auto, (max-width: 1024px) 100vw, 1024px\" \/><\/figure>\n\n\n\n<h2 class=\"wp-block-heading\" id=\"h-nos-temoignages\"><strong>Nos t\u00e9moignages<\/strong><\/h2>\n\n\n\n<p><strong>Aniya&nbsp;<\/strong><\/p>\n\n\n\n<p>Je me suis engag\u00e9e avec ONE car je suis persuad\u00e9e que l\u2019endroit o\u00f9 l\u2019on na\u00eet ne devrait pas d\u00e9terminer notre droit d\u2019acc\u00e8s aux ressources essentielles. Convaincue que les voix de la jeunesse ont leur r\u00f4le \u00e0 jouer dans notre soci\u00e9t\u00e9, j\u2019ai rejoint le programme des jeunes Ambassadeurs et Ambassadrices qui m\u2019a permis de me former aux techniques de plaidoyer mais aussi d\u2019approfondir les enjeux de la solidarit\u00e9 internationale. J\u2019ai rencontr\u00e9 des personnes inspirantes qui m\u2019ont offert un cadre pour exprimer mes convictions et agir ensemble de fa\u00e7on directe pour un monde meilleur.<\/p>\n\n\n\n<p><strong>Romane<\/strong><\/p>\n\n\n\n<p>Lorsque j\u2019ai rejoint ONE, en 2017, c\u2019\u00e9tait pour moi l\u2019opportunit\u00e9 de traduire mon engagement en luttant contre les in\u00e9galit\u00e9s. Mais j\u2019y ai \u00e9galement d\u00e9couvert une nouvelle forme de b\u00e9n\u00e9volat, un encadrement concret qui offre un espace et un cadre \u00e0 la jeunesse pour s\u2019exprimer, et surtout une exp\u00e9rience humaine unique.<\/p>\n\n\n\n<p>Et pourquoi continuer de faire partie du programme ? Pour poursuivre ce qui me tient \u00e0 c\u0153ur, bien s\u00fbr, mais surtout, pour le faire aux c\u00f4t\u00e9s d\u2019un groupe de jeunes activistes d\u00e9termin\u00e9\u00b7e\u00b7s et engag\u00e9\u00b7e\u00b7s dont les efforts ont port\u00e9 leurs fruits et dont les voix ont \u00e9t\u00e9 entendues.&nbsp;<\/p>\n\n\n\n<p><strong>Alexandra<\/strong><\/p>\n\n\n\n<p>ONE est pour moi une opportunit\u00e9 incroyable d&#8217;exprimer mon engagement citoyen et de porter des valeurs fortes qui me tiennent \u00e0 c\u0153ur. Le plaidoyer auquel nous sommes form\u00e9\u00b7e\u00b7s est un outil efficace pour manifester ses convictions et pousser les d\u00e9cideurs et d\u00e9cideuses politiques \u00e0 s\u2019engager. Rejoindre un groupe de jeunes engag\u00e9\u00b7e\u00b7s est une exp\u00e9rience riche et stimulante qui nous donne envie d&#8217;aller plus loin pour un monde plus juste. On parle toutes et tous d&#8217;une m\u00eame voix, on se fait entendre. C&#8217;est beau. C&#8217;est fort.&nbsp;<\/p>\n\n\n\n<p><strong>Eug\u00e9nie<\/strong><\/p>\n\n\n\n<p>Mon engagement aupr\u00e8s de ONE est pour moi l\u2019occasion de continuer mon parcours de b\u00e9n\u00e9volat en donnant une port\u00e9e plus concr\u00e8te aux actions que je m\u00e8ne. En effet, en \u00e9tant jeune Ambassadrice, j\u2019ai le sentiment de faire partie d\u2019un mouvement dans lequel je peux porter la voix des jeunesses et lutter pour les valeurs de droits humaines et d\u2019\u00e9galit\u00e9 de genre qui me tiennent \u00e0 c\u0153ur.&nbsp;<\/p>\n\n\n\n<h2 class=\"wp-block-heading\" id=\"h-toi-aussi-deviens-jeune-ambassadeur-ou-ambassadrice-de-one-en-2025-nbsp\"><strong>Toi aussi, deviens jeune Ambassadeur ou Ambassadrice de ONE en 2025 !&nbsp;<\/strong><\/h2>\n\n\n\n<p>Une ann\u00e9e aussi riche et dense, \u00e7a passe tr\u00e8s vite ! Le programme des jeunes Ambassadeurs et Ambassadrices de ONE, c\u2019est se mobiliser pour les causes qui nous tiennent \u00e0 coeur, c\u2019est s\u2019exprimer, c\u2019est grandir et apprendre de nouvelles choses et c\u2019est \u00e9galement rencontrer des jeunes tout aussi motiv\u00e9\u00b7e\u00b7s \u00e0 faire bouger les lignes en faveur de la solidarit\u00e9 internationale.&nbsp;<\/p>\n\n\n\n<p>Et toi aussi, tu peux agir !<\/p>\n\n\n\n<p>Participer au programme des jeunes Ambassadeurs et Ambassadrices de ONE, c\u2019est s\u2019impliquer pleinement au sein d\u2019un mouvement mondial et constater l\u2019impact concret des actions collectives. Ces moments forts nourrissent notre d\u00e9termination \u00e0 construire un monde meilleur.<\/p>\n\n\n\n<p>Rejoindre ONE, c\u2019est se donner les moyens de vivre des exp\u00e9riences fortes ensemble et de porter aupr\u00e8s des d\u00e9cideurs et d\u00e9cideuses les priorit\u00e9s des jeunes.<\/p>\n\n\n\n<p>Rejoindre ONE, c\u2019est aussi mettre en pratique ses convictions et apprendre en agissant.<\/p>\n\n\n\n<p>Enfin, rejoindre ONE, c\u2019est tisser des liens avec des personnes de parcours diff\u00e9rents et d\u00e9fendant les m\u00eames valeurs que toi.<\/p>\n\n\n\n<p>Si toi aussi tu veux t\u2019engager pour un monde plus juste, solidaire et \u00e9quitable, <a href=\"https:\/\/act.one.org\/survey\/jeunes-ambassadeurs-2025\/\">deviens jeune Ambassadeur ou Ambassadrice de ONE en 2025<\/a> et agis pour un avenir plus durable !<\/p>\n\n\n\n<div class=\"wp-block-group oneorg-block-group oneorg-block-group-impact oneorg-block-group-impact--cta has-light-color has-dark-background-color has-text-color has-background has-global-padding is-layout-constrained wp-block-group-is-layout-constrained\">\n<div class=\"wp-block-group is-layout-flow wp-block-group-is-layout-flow\">\n<h2 class=\"wp-block-heading has-text-align-center has-neon-color has-text-color\" id=\"h-cela-vous-a-inspire-e\">Cela vous a inspir\u00e9\u00b7e ?<\/h2>\n\n\n\n<p class=\"has-text-align-center\">Envoyez votre candidature pour devenir jeune Ambassadeur ou Ambassadrice de ONE en France en 2025 ! Vous avez jusqu&#8217;au 5 janvier pour postuler.<\/p>\n\n\n\n<div class=\"wp-block-buttons is-content-justification-center is-layout-flex wp-container-core-buttons-is-layout-a89b3969 wp-block-buttons-is-layout-flex\">\n<div class=\"wp-block-button\"><a class=\"wp-block-button__link wp-element-button\" href=\"https:\/\/act.one.org\/survey\/jeunes-ambassadeurs-2025\/\">Je postule<\/a><\/div>\n<\/div>\n<\/div>\n<\/div>\n\n\n\n<p><\/p>\n<div class=\"buffer\"><\/div>","protected":false},"excerpt":{"rendered":"<p>Quatre jeunes Ambassadrices de ONE reviennent sur leur ann\u00e9e de mobilisation et partagent leurs t\u00e9moignages.<\/p>\n","protected":false},"author":24,"featured_media":165791,"comment_status":"closed","ping_status":"closed","sticky":false,"template":"","format":"standard","meta":{"_acf_changed":false,"_relevanssi_hide_post":"","_relevanssi_hide_content":"","_relevanssi_pin_for_all":"","_relevanssi_pin_keywords":"","_relevanssi_unpin_keywords":"","_relevanssi_related_keywords":"","_relevanssi_related_include_ids":"","_relevanssi_related_exclude_ids":"","_relevanssi_related_no_append":"","_relevanssi_related_not_related":"","_relevanssi_related_posts":"162555,162646,162597,162444,162603,162524","_relevanssi_noindex_reason":"","footnotes":""},"categories":[34],"tags":[],"topic":[48],"contributor":[81],"one_content_audience":[],"one_content_type":[],"one_content_tone":[],"class_list":["post-165771","post","type-post","status-publish","format-standard","has-post-thumbnail","hentry","category-one","topic-jeunes-ambassadeurrices-de-one","contributor-jeunes-ambassadrices-de-one"],"acf":[],"yoast_head":"<!-- This site is optimized with the Yoast SEO Premium plugin v27.1 (Yoast SEO v27.1.1) - https:\/\/yoast.com\/product\/yoast-seo-premium-wordpress\/ -->\n<title>Fais entendre ta voix avec ONE ! - ONE.org France<\/title>\n<meta name=\"description\" content=\"Quatre jeunes Ambassadrices de ONE reviennent sur leur ann\u00e9e de mobilisation et partagent leurs t\u00e9moignages.\" \/>\n<meta name=\"robots\" content=\"index, follow, max-snippet:-1, max-image-preview:large, max-video-preview:-1\" \/>\n<link rel=\"canonical\" href=\"https:\/\/www.one.org\/fr\/actualites\/temoignages-jeunes-ambassadeurs-2024\/\" \/>\n<meta property=\"og:locale\" content=\"fr_FR\" \/>\n<meta property=\"og:type\" content=\"article\" \/>\n<meta property=\"og:title\" content=\"Fais entendre ta voix avec ONE !\" \/>\n<meta property=\"og:description\" content=\"Quatre jeunes Ambassadrices de ONE reviennent sur leur ann\u00e9e de mobilisation et partagent leurs t\u00e9moignages.\" \/>\n<meta property=\"og:url\" content=\"https:\/\/www.one.org\/fr\/actualites\/temoignages-jeunes-ambassadeurs-2024\/\" \/>\n<meta property=\"og:site_name\" content=\"ONE.org France\" \/>\n<meta property=\"article:publisher\" content=\"https:\/\/www.facebook.com\/ONE.Fr\" \/>\n<meta property=\"article:published_time\" content=\"2024-12-04T15:17:45+00:00\" \/>\n<meta property=\"article:modified_time\" content=\"2024-12-04T17:40:23+00:00\" \/>\n<meta property=\"og:image\" content=\"https:\/\/www.one.org\/fr\/wp-content\/uploads\/sites\/4\/2024\/11\/image00010-scaled.jpg\" \/>\n\t<meta property=\"og:image:width\" content=\"2560\" \/>\n\t<meta property=\"og:image:height\" content=\"1920\" \/>\n\t<meta property=\"og:image:type\" content=\"image\/jpeg\" \/>\n<meta name=\"author\" content=\"Dana Khalil\" \/>\n<meta name=\"twitter:card\" content=\"summary_large_image\" \/>\n<meta name=\"twitter:description\" content=\"Quatre jeunes Ambassadrices de ONE reviennent sur leur ann\u00e9e de mobilisation et partagent leurs t\u00e9moignages.\" \/>\n<meta name=\"twitter:creator\" content=\"@one_fr\" \/>\n<meta name=\"twitter:site\" content=\"@one_fr\" \/>\n<meta name=\"twitter:label1\" content=\"Written by\" \/>\n\t<meta name=\"twitter:data1\" content=\"Dana Khalil\" \/>\n\t<meta name=\"twitter:label2\" content=\"Est. reading time\" \/>\n\t<meta name=\"twitter:data2\" content=\"8 minutes\" \/>\n<script type=\"application\/ld+json\" class=\"yoast-schema-graph\">{\"@context\":\"https:\/\/schema.org\",\"@graph\":[{\"@type\":\"Article\",\"@id\":\"https:\/\/www.one.org\/fr\/actualites\/temoignages-jeunes-ambassadeurs-2024\/#article\",\"isPartOf\":{\"@id\":\"https:\/\/www.one.org\/fr\/actualites\/temoignages-jeunes-ambassadeurs-2024\/\"},\"author\":{\"name\":\"Dana Khalil\",\"@id\":\"https:\/\/www.one.org\/fr\/#\/schema\/person\/cf1f30f9800f0592ec3d61940be82003\"},\"headline\":\"Fais entendre ta voix avec ONE !\",\"datePublished\":\"2024-12-04T15:17:45+00:00\",\"dateModified\":\"2024-12-04T17:40:23+00:00\",\"mainEntityOfPage\":{\"@id\":\"https:\/\/www.one.org\/fr\/actualites\/temoignages-jeunes-ambassadeurs-2024\/\"},\"wordCount\":1774,\"image\":{\"@id\":\"https:\/\/www.one.org\/fr\/actualites\/temoignages-jeunes-ambassadeurs-2024\/#primaryimage\"},\"thumbnailUrl\":\"https:\/\/www.one.org\/fr\/wp-content\/uploads\/sites\/4\/2024\/11\/image00010-scaled.jpg\",\"articleSection\":[\"ONE\"],\"inLanguage\":\"fr-FR\"},{\"@type\":\"WebPage\",\"@id\":\"https:\/\/www.one.org\/fr\/actualites\/temoignages-jeunes-ambassadeurs-2024\/\",\"url\":\"https:\/\/www.one.org\/fr\/actualites\/temoignages-jeunes-ambassadeurs-2024\/\",\"name\":\"Fais entendre ta voix avec ONE ! - ONE.org France\",\"isPartOf\":{\"@id\":\"https:\/\/www.one.org\/fr\/#website\"},\"primaryImageOfPage\":{\"@id\":\"https:\/\/www.one.org\/fr\/actualites\/temoignages-jeunes-ambassadeurs-2024\/#primaryimage\"},\"image\":{\"@id\":\"https:\/\/www.one.org\/fr\/actualites\/temoignages-jeunes-ambassadeurs-2024\/#primaryimage\"},\"thumbnailUrl\":\"https:\/\/www.one.org\/fr\/wp-content\/uploads\/sites\/4\/2024\/11\/image00010-scaled.jpg\",\"datePublished\":\"2024-12-04T15:17:45+00:00\",\"dateModified\":\"2024-12-04T17:40:23+00:00\",\"author\":{\"@id\":\"https:\/\/www.one.org\/fr\/#\/schema\/person\/cf1f30f9800f0592ec3d61940be82003\"},\"description\":\"Quatre jeunes Ambassadrices de ONE reviennent sur leur ann\u00e9e de mobilisation et partagent leurs t\u00e9moignages.\",\"breadcrumb\":{\"@id\":\"https:\/\/www.one.org\/fr\/actualites\/temoignages-jeunes-ambassadeurs-2024\/#breadcrumb\"},\"inLanguage\":\"fr-FR\",\"potentialAction\":[{\"@type\":\"ReadAction\",\"target\":[\"https:\/\/www.one.org\/fr\/actualites\/temoignages-jeunes-ambassadeurs-2024\/\"]}]},{\"@type\":\"ImageObject\",\"inLanguage\":\"fr-FR\",\"@id\":\"https:\/\/www.one.org\/fr\/actualites\/temoignages-jeunes-ambassadeurs-2024\/#primaryimage\",\"url\":\"https:\/\/www.one.org\/fr\/wp-content\/uploads\/sites\/4\/2024\/11\/image00010-scaled.jpg\",\"contentUrl\":\"https:\/\/www.one.org\/fr\/wp-content\/uploads\/sites\/4\/2024\/11\/image00010-scaled.jpg\",\"width\":2560,\"height\":1920},{\"@type\":\"BreadcrumbList\",\"@id\":\"https:\/\/www.one.org\/fr\/actualites\/temoignages-jeunes-ambassadeurs-2024\/#breadcrumb\",\"itemListElement\":[{\"@type\":\"ListItem\",\"position\":1,\"name\":\"Home\",\"item\":\"https:\/\/www.one.org\/fr\/\"},{\"@type\":\"ListItem\",\"position\":2,\"name\":\"Fais entendre ta voix avec ONE !\"}]},{\"@type\":\"WebSite\",\"@id\":\"https:\/\/www.one.org\/fr\/#website\",\"url\":\"https:\/\/www.one.org\/fr\/\",\"name\":\"ONE.org\",\"description\":\"Cr\u00e9er des opportunit\u00e9s \u00e9conomiques et am\u00e9liorer la sant\u00e9 en Afrique\",\"potentialAction\":[{\"@type\":\"SearchAction\",\"target\":{\"@type\":\"EntryPoint\",\"urlTemplate\":\"https:\/\/www.one.org\/fr\/?s={search_term_string}\"},\"query-input\":{\"@type\":\"PropertyValueSpecification\",\"valueRequired\":true,\"valueName\":\"search_term_string\"}}],\"inLanguage\":\"fr-FR\"},{\"@type\":\"Person\",\"@id\":\"https:\/\/www.one.org\/fr\/#\/schema\/person\/cf1f30f9800f0592ec3d61940be82003\",\"name\":\"Dana Khalil\",\"image\":{\"@type\":\"ImageObject\",\"inLanguage\":\"fr-FR\",\"@id\":\"https:\/\/www.one.org\/fr\/#\/schema\/person\/image\/\",\"url\":\"https:\/\/secure.gravatar.com\/avatar\/b0da536f00ccefadcc7aae4e64855977a5249adb1ac04162a69474e53a8d4c40?s=96&d=mm&r=g\",\"contentUrl\":\"https:\/\/secure.gravatar.com\/avatar\/b0da536f00ccefadcc7aae4e64855977a5249adb1ac04162a69474e53a8d4c40?s=96&d=mm&r=g\",\"caption\":\"Dana Khalil\"},\"url\":\"https:\/\/www.one.org\/fr\/actualites\/author\/danakhalil\/\"}]}<\/script>\n<!-- \/ Yoast SEO Premium plugin. -->","yoast_head_json":{"title":"Fais entendre ta voix avec ONE ! - ONE.org France","description":"Quatre jeunes Ambassadrices de ONE reviennent sur leur ann\u00e9e de mobilisation et partagent leurs t\u00e9moignages.","robots":{"index":"index","follow":"follow","max-snippet":"max-snippet:-1","max-image-preview":"max-image-preview:large","max-video-preview":"max-video-preview:-1"},"canonical":"https:\/\/www.one.org\/fr\/actualites\/temoignages-jeunes-ambassadeurs-2024\/","og_locale":"fr_FR","og_type":"article","og_title":"Fais entendre ta voix avec ONE !","og_description":"Quatre jeunes Ambassadrices de ONE reviennent sur leur ann\u00e9e de mobilisation et partagent leurs t\u00e9moignages.","og_url":"https:\/\/www.one.org\/fr\/actualites\/temoignages-jeunes-ambassadeurs-2024\/","og_site_name":"ONE.org France","article_publisher":"https:\/\/www.facebook.com\/ONE.Fr","article_published_time":"2024-12-04T15:17:45+00:00","article_modified_time":"2024-12-04T17:40:23+00:00","og_image":[{"width":2560,"height":1920,"url":"https:\/\/www.one.org\/fr\/wp-content\/uploads\/sites\/4\/2024\/11\/image00010-scaled.jpg","type":"image\/jpeg"}],"author":"Dana Khalil","twitter_card":"summary_large_image","twitter_description":"Quatre jeunes Ambassadrices de ONE reviennent sur leur ann\u00e9e de mobilisation et partagent leurs t\u00e9moignages.","twitter_creator":"@one_fr","twitter_site":"@one_fr","twitter_misc":{"Written by":"Dana Khalil","Est. reading time":"8 minutes"},"schema":{"@context":"https:\/\/schema.org","@graph":[{"@type":"Article","@id":"https:\/\/www.one.org\/fr\/actualites\/temoignages-jeunes-ambassadeurs-2024\/#article","isPartOf":{"@id":"https:\/\/www.one.org\/fr\/actualites\/temoignages-jeunes-ambassadeurs-2024\/"},"author":{"name":"Dana Khalil","@id":"https:\/\/www.one.org\/fr\/#\/schema\/person\/cf1f30f9800f0592ec3d61940be82003"},"headline":"Fais entendre ta voix avec ONE !","datePublished":"2024-12-04T15:17:45+00:00","dateModified":"2024-12-04T17:40:23+00:00","mainEntityOfPage":{"@id":"https:\/\/www.one.org\/fr\/actualites\/temoignages-jeunes-ambassadeurs-2024\/"},"wordCount":1774,"image":{"@id":"https:\/\/www.one.org\/fr\/actualites\/temoignages-jeunes-ambassadeurs-2024\/#primaryimage"},"thumbnailUrl":"https:\/\/www.one.org\/fr\/wp-content\/uploads\/sites\/4\/2024\/11\/image00010-scaled.jpg","articleSection":["ONE"],"inLanguage":"fr-FR"},{"@type":"WebPage","@id":"https:\/\/www.one.org\/fr\/actualites\/temoignages-jeunes-ambassadeurs-2024\/","url":"https:\/\/www.one.org\/fr\/actualites\/temoignages-jeunes-ambassadeurs-2024\/","name":"Fais entendre ta voix avec ONE ! - ONE.org France","isPartOf":{"@id":"https:\/\/www.one.org\/fr\/#website"},"primaryImageOfPage":{"@id":"https:\/\/www.one.org\/fr\/actualites\/temoignages-jeunes-ambassadeurs-2024\/#primaryimage"},"image":{"@id":"https:\/\/www.one.org\/fr\/actualites\/temoignages-jeunes-ambassadeurs-2024\/#primaryimage"},"thumbnailUrl":"https:\/\/www.one.org\/fr\/wp-content\/uploads\/sites\/4\/2024\/11\/image00010-scaled.jpg","datePublished":"2024-12-04T15:17:45+00:00","dateModified":"2024-12-04T17:40:23+00:00","author":{"@id":"https:\/\/www.one.org\/fr\/#\/schema\/person\/cf1f30f9800f0592ec3d61940be82003"},"description":"Quatre jeunes Ambassadrices de ONE reviennent sur leur ann\u00e9e de mobilisation et partagent leurs t\u00e9moignages.","breadcrumb":{"@id":"https:\/\/www.one.org\/fr\/actualites\/temoignages-jeunes-ambassadeurs-2024\/#breadcrumb"},"inLanguage":"fr-FR","potentialAction":[{"@type":"ReadAction","target":["https:\/\/www.one.org\/fr\/actualites\/temoignages-jeunes-ambassadeurs-2024\/"]}]},{"@type":"ImageObject","inLanguage":"fr-FR","@id":"https:\/\/www.one.org\/fr\/actualites\/temoignages-jeunes-ambassadeurs-2024\/#primaryimage","url":"https:\/\/www.one.org\/fr\/wp-content\/uploads\/sites\/4\/2024\/11\/image00010-scaled.jpg","contentUrl":"https:\/\/www.one.org\/fr\/wp-content\/uploads\/sites\/4\/2024\/11\/image00010-scaled.jpg","width":2560,"height":1920},{"@type":"BreadcrumbList","@id":"https:\/\/www.one.org\/fr\/actualites\/temoignages-jeunes-ambassadeurs-2024\/#breadcrumb","itemListElement":[{"@type":"ListItem","position":1,"name":"Home","item":"https:\/\/www.one.org\/fr\/"},{"@type":"ListItem","position":2,"name":"Fais entendre ta voix avec ONE !"}]},{"@type":"WebSite","@id":"https:\/\/www.one.org\/fr\/#website","url":"https:\/\/www.one.org\/fr\/","name":"ONE.org","description":"Cr\u00e9er des opportunit\u00e9s \u00e9conomiques et am\u00e9liorer la sant\u00e9 en Afrique","potentialAction":[{"@type":"SearchAction","target":{"@type":"EntryPoint","urlTemplate":"https:\/\/www.one.org\/fr\/?s={search_term_string}"},"query-input":{"@type":"PropertyValueSpecification","valueRequired":true,"valueName":"search_term_string"}}],"inLanguage":"fr-FR"},{"@type":"Person","@id":"https:\/\/www.one.org\/fr\/#\/schema\/person\/cf1f30f9800f0592ec3d61940be82003","name":"Dana Khalil","image":{"@type":"ImageObject","inLanguage":"fr-FR","@id":"https:\/\/www.one.org\/fr\/#\/schema\/person\/image\/","url":"https:\/\/secure.gravatar.com\/avatar\/b0da536f00ccefadcc7aae4e64855977a5249adb1ac04162a69474e53a8d4c40?s=96&d=mm&r=g","contentUrl":"https:\/\/secure.gravatar.com\/avatar\/b0da536f00ccefadcc7aae4e64855977a5249adb1ac04162a69474e53a8d4c40?s=96&d=mm&r=g","caption":"Dana Khalil"},"url":"https:\/\/www.one.org\/fr\/actualites\/author\/danakhalil\/"}]}},"distributor_meta":false,"distributor_terms":false,"distributor_media":false,"distributor_original_site_name":"ONE.org France","distributor_original_site_url":"https:\/\/www.one.org\/fr","push-errors":false,"_links":{"self":[{"href":"https:\/\/www.one.org\/fr\/wp-json\/wp\/v2\/posts\/165771","targetHints":{"allow":["GET"]}}],"collection":[{"href":"https:\/\/www.one.org\/fr\/wp-json\/wp\/v2\/posts"}],"about":[{"href":"https:\/\/www.one.org\/fr\/wp-json\/wp\/v2\/types\/post"}],"author":[{"embeddable":true,"href":"https:\/\/www.one.org\/fr\/wp-json\/wp\/v2\/users\/24"}],"replies":[{"embeddable":true,"href":"https:\/\/www.one.org\/fr\/wp-json\/wp\/v2\/comments?post=165771"}],"version-history":[{"count":0,"href":"https:\/\/www.one.org\/fr\/wp-json\/wp\/v2\/posts\/165771\/revisions"}],"wp:featuredmedia":[{"embeddable":true,"href":"https:\/\/www.one.org\/fr\/wp-json\/wp\/v2\/media\/165791"}],"wp:attachment":[{"href":"https:\/\/www.one.org\/fr\/wp-json\/wp\/v2\/media?parent=165771"}],"wp:term":[{"taxonomy":"category","embeddable":true,"href":"https:\/\/www.one.org\/fr\/wp-json\/wp\/v2\/categories?post=165771"},{"taxonomy":"post_tag","embeddable":true,"href":"https:\/\/www.one.org\/fr\/wp-json\/wp\/v2\/tags?post=165771"},{"taxonomy":"topic","embeddable":true,"href":"https:\/\/www.one.org\/fr\/wp-json\/wp\/v2\/topic?post=165771"},{"taxonomy":"contributor","embeddable":true,"href":"https:\/\/www.one.org\/fr\/wp-json\/wp\/v2\/contributor?post=165771"},{"taxonomy":"one_content_audience","embeddable":true,"href":"https:\/\/www.one.org\/fr\/wp-json\/wp\/v2\/one_content_audience?post=165771"},{"taxonomy":"one_content_type","embeddable":true,"href":"https:\/\/www.one.org\/fr\/wp-json\/wp\/v2\/one_content_type?post=165771"},{"taxonomy":"one_content_tone","embeddable":true,"href":"https:\/\/www.one.org\/fr\/wp-json\/wp\/v2\/one_content_tone?post=165771"}],"curies":[{"name":"wp","href":"https:\/\/api.w.org\/{rel}","templated":true}]}}