{"id":165720,"date":"2024-09-18T15:54:18","date_gmt":"2024-09-18T15:54:18","guid":{"rendered":"https:\/\/www.one.org\/fr\/?p=165720"},"modified":"2024-09-18T15:54:25","modified_gmt":"2024-09-18T15:54:25","slug":"afrique-scene-internationale","status":"publish","type":"post","link":"https:\/\/www.one.org\/fr\/actualites\/afrique-scene-internationale\/","title":{"rendered":"3 raisons pour lesquelles l&#8217;Afrique doit avoir une plus grande place sur la sc\u00e8ne internationale"},"content":{"rendered":"\n<p>Lorsqu&#8217;on parle de la &#8220;sc\u00e8ne internationale&#8221;, on imagine souvent des nations riches. Pourtant, voici quelques faits sur une partie du monde qui est vraiment cruciale et dynamique : l&#8217;Afrique.\u00a0\u00a0<\/p>\n\n\n\n<h2 class=\"wp-block-heading\" id=\"h-70-de-la-population-de-l-afrique-subsaharienne-a-moins-de-30-ans-nbsp\"><strong>70 % de la population de l&#8217;Afrique subsaharienne a moins de 30 ans.<\/strong>&nbsp;<\/h2>\n\n\n\n<p>L&#8217;Afrique abrite la population la plus jeune de la plan\u00e8te. Cela signifie qu&#8217;il y a des millions de jeunes avec des id\u00e9es, des innovations et le potentiel de dynamiser les \u00e9conomies. Ce sont ces personnes qui vont aider \u00e0 fa\u00e7onner et changer le monde dans lequel nous vivons.&nbsp;<\/p>\n\n\n\n<h2 class=\"wp-block-heading\" id=\"h-plus-de-60-des-meilleures-capacites-solaires-mondiales-se-trouvent-en-afrique-nbsp\"><strong>Plus de 60 % des meilleures capacit\u00e9s solaires mondiales se trouvent en Afrique.<\/strong>&nbsp;<\/h2>\n\n\n\n<p>L&#8217;Afrique pourrait devenir un moteur pour les solutions climatiques mondiales. Sur l&#8217;ensemble du continent, il existe une volont\u00e9 d&#8217;utiliser les ressources de l&#8217;Afrique au profit des populations locales qui ont encore besoin d&#8217;\u00e9lectricit\u00e9. Le potentiel solaire de l&#8217;Afrique pourrait \u00e9galement g\u00e9n\u00e9rer suffisamment d&#8217;\u00e9nergie pour couvrir le continent et la partager avec le monde.&nbsp;<\/p>\n\n\n\n<h2 class=\"wp-block-heading\" id=\"h-pres-d-un-cinquieme-de-la-population-mondiale-est-africaine-nbsp\"><strong>Pr\u00e8s d&#8217;un cinqui\u00e8me de la population mondiale est africaine.<\/strong>&nbsp;<\/h2>\n\n\n\n<p>L&#8217;Afrique repr\u00e9sente une part importante de la population mondiale, pourtant le Conseil de s\u00e9curit\u00e9 des Nations Unies n&#8217;a toujours pas de membre africain permanent. Et dans le G20, il n&#8217;y a que deux membres africains : l&#8217;Afrique du Sud et l&#8217;Union africaine, qui a \u00e9t\u00e9 <a href=\"https:\/\/www.reuters.com\/world\/g20-admit-african-union-permanent-member-new-delhi-summit-draft-declaration-2023-09-09\/\" target=\"_blank\" rel=\"noreferrer noopener\">admise comme membre permanent en septembre 2023<\/a>. Pendant ce temps, l&#8217;Europe dispose de six si\u00e8ges au G20. Et cela a du sens, l&#8217;Europe est une grande \u00e9conomie dynamique. Mais l&#8217;Afrique aussi.&nbsp;<\/p>\n\n\n\n<p><em>Envie d&#8217;aider \u00e0 faire passer le message ? Partagez cet article autour de vous !\u00a0\u00a0<\/em><\/p>\n<div class=\"buffer\"><\/div>","protected":false},"excerpt":{"rendered":"<p>Lorsqu&#8217;on parle de la &#8220;sc\u00e8ne internationale&#8221;, on imagine souvent des nations riches. Pourtant, l&#8217;Afrique est une r\u00e9gion cruciale et dynamique qui y m\u00e9rite tout autant sa place.\u00a0\u00a0<\/p>\n","protected":false},"author":24,"featured_media":165722,"comment_status":"closed","ping_status":"closed","sticky":false,"template":"","format":"standard","meta":{"_acf_changed":false,"_relevanssi_hide_post":"","_relevanssi_hide_content":"","_relevanssi_pin_for_all":"","_relevanssi_pin_keywords":"","_relevanssi_unpin_keywords":"","_relevanssi_related_keywords":"","_relevanssi_related_include_ids":"","_relevanssi_related_exclude_ids":"","_relevanssi_related_no_append":"","_relevanssi_related_not_related":"","_relevanssi_related_posts":"162517,162569,162504,162573,162467,163398","_relevanssi_noindex_reason":"","footnotes":""},"categories":[93],"tags":[],"topic":[106],"contributor":[33],"one_content_audience":[],"one_content_type":[],"one_content_tone":[],"class_list":["post-165720","post","type-post","status-publish","format-standard","has-post-thumbnail","hentry","category-zoom","topic-culture","contributor-one-france"],"acf":[],"yoast_head":"<!-- This site is optimized with the Yoast SEO Premium plugin v27.1 (Yoast SEO v27.1.1) - https:\/\/yoast.com\/product\/yoast-seo-premium-wordpress\/ -->\n<title>3 raisons pour lesquelles l&#039;Afrique doit avoir une plus grande place sur la sc\u00e8ne internationale - ONE.org France<\/title>\n<meta name=\"description\" content=\"Lorsqu&#039;on parle de la &quot;sc\u00e8ne internationale&quot;, on imagine des nations riches. Pourtant, l&#039;Afrique est une r\u00e9gion cruciale et dynamique.\u00a0\u00a0\" \/>\n<meta name=\"robots\" content=\"index, follow, max-snippet:-1, max-image-preview:large, max-video-preview:-1\" \/>\n<link rel=\"canonical\" href=\"https:\/\/www.one.org\/fr\/actualites\/afrique-scene-internationale\/\" \/>\n<meta property=\"og:locale\" content=\"fr_FR\" \/>\n<meta property=\"og:type\" content=\"article\" \/>\n<meta property=\"og:title\" content=\"3 raisons pour lesquelles l&#039;Afrique doit avoir une plus grande place sur la sc\u00e8ne internationale\" \/>\n<meta property=\"og:description\" content=\"Lorsqu&#039;on parle de la &quot;sc\u00e8ne internationale&quot;, on imagine des nations riches. Pourtant, l&#039;Afrique est une r\u00e9gion cruciale et dynamique.\u00a0\u00a0\" \/>\n<meta property=\"og:url\" content=\"https:\/\/www.one.org\/fr\/actualites\/afrique-scene-internationale\/\" \/>\n<meta property=\"og:site_name\" content=\"ONE.org France\" \/>\n<meta property=\"article:publisher\" content=\"https:\/\/www.facebook.com\/ONE.Fr\" \/>\n<meta property=\"article:published_time\" content=\"2024-09-18T15:54:18+00:00\" \/>\n<meta property=\"article:modified_time\" content=\"2024-09-18T15:54:25+00:00\" \/>\n<meta property=\"og:image\" content=\"https:\/\/www.one.org\/fr\/wp-content\/uploads\/sites\/4\/2024\/09\/Design-sans-titre.png\" \/>\n\t<meta property=\"og:image:width\" content=\"1200\" \/>\n\t<meta property=\"og:image:height\" content=\"628\" \/>\n\t<meta property=\"og:image:type\" content=\"image\/png\" \/>\n<meta name=\"author\" content=\"Dana Khalil\" \/>\n<meta name=\"twitter:card\" content=\"summary_large_image\" \/>\n<meta name=\"twitter:description\" content=\"Lorsqu&#039;on parle de la &quot;sc\u00e8ne internationale&quot;, on imagine des nations riches. Pourtant, l&#039;Afrique est une r\u00e9gion cruciale et dynamique.\u00a0\u00a0\" \/>\n<meta name=\"twitter:creator\" content=\"@one_fr\" \/>\n<meta name=\"twitter:site\" content=\"@one_fr\" \/>\n<meta name=\"twitter:label1\" content=\"Written by\" \/>\n\t<meta name=\"twitter:data1\" content=\"Dana Khalil\" \/>\n\t<meta name=\"twitter:label2\" content=\"Est. reading time\" \/>\n\t<meta name=\"twitter:data2\" content=\"2 minutes\" \/>\n<script type=\"application\/ld+json\" class=\"yoast-schema-graph\">{\"@context\":\"https:\/\/schema.org\",\"@graph\":[{\"@type\":\"Article\",\"@id\":\"https:\/\/www.one.org\/fr\/actualites\/afrique-scene-internationale\/#article\",\"isPartOf\":{\"@id\":\"https:\/\/www.one.org\/fr\/actualites\/afrique-scene-internationale\/\"},\"author\":{\"name\":\"Dana Khalil\",\"@id\":\"https:\/\/www.one.org\/fr\/#\/schema\/person\/cf1f30f9800f0592ec3d61940be82003\"},\"headline\":\"3 raisons pour lesquelles l&#8217;Afrique doit avoir une plus grande place sur la sc\u00e8ne internationale\",\"datePublished\":\"2024-09-18T15:54:18+00:00\",\"dateModified\":\"2024-09-18T15:54:25+00:00\",\"mainEntityOfPage\":{\"@id\":\"https:\/\/www.one.org\/fr\/actualites\/afrique-scene-internationale\/\"},\"wordCount\":300,\"image\":{\"@id\":\"https:\/\/www.one.org\/fr\/actualites\/afrique-scene-internationale\/#primaryimage\"},\"thumbnailUrl\":\"https:\/\/www.one.org\/fr\/wp-content\/uploads\/sites\/4\/2024\/09\/Design-sans-titre.png\",\"articleSection\":[\"Zoom\"],\"inLanguage\":\"fr-FR\"},{\"@type\":\"WebPage\",\"@id\":\"https:\/\/www.one.org\/fr\/actualites\/afrique-scene-internationale\/\",\"url\":\"https:\/\/www.one.org\/fr\/actualites\/afrique-scene-internationale\/\",\"name\":\"3 raisons pour lesquelles l'Afrique doit avoir une plus grande place sur la sc\u00e8ne internationale - ONE.org France\",\"isPartOf\":{\"@id\":\"https:\/\/www.one.org\/fr\/#website\"},\"primaryImageOfPage\":{\"@id\":\"https:\/\/www.one.org\/fr\/actualites\/afrique-scene-internationale\/#primaryimage\"},\"image\":{\"@id\":\"https:\/\/www.one.org\/fr\/actualites\/afrique-scene-internationale\/#primaryimage\"},\"thumbnailUrl\":\"https:\/\/www.one.org\/fr\/wp-content\/uploads\/sites\/4\/2024\/09\/Design-sans-titre.png\",\"datePublished\":\"2024-09-18T15:54:18+00:00\",\"dateModified\":\"2024-09-18T15:54:25+00:00\",\"author\":{\"@id\":\"https:\/\/www.one.org\/fr\/#\/schema\/person\/cf1f30f9800f0592ec3d61940be82003\"},\"description\":\"Lorsqu'on parle de la \\\"sc\u00e8ne internationale\\\", on imagine des nations riches. Pourtant, l'Afrique est une r\u00e9gion cruciale et dynamique.\u00a0\u00a0\",\"breadcrumb\":{\"@id\":\"https:\/\/www.one.org\/fr\/actualites\/afrique-scene-internationale\/#breadcrumb\"},\"inLanguage\":\"fr-FR\",\"potentialAction\":[{\"@type\":\"ReadAction\",\"target\":[\"https:\/\/www.one.org\/fr\/actualites\/afrique-scene-internationale\/\"]}]},{\"@type\":\"ImageObject\",\"inLanguage\":\"fr-FR\",\"@id\":\"https:\/\/www.one.org\/fr\/actualites\/afrique-scene-internationale\/#primaryimage\",\"url\":\"https:\/\/www.one.org\/fr\/wp-content\/uploads\/sites\/4\/2024\/09\/Design-sans-titre.png\",\"contentUrl\":\"https:\/\/www.one.org\/fr\/wp-content\/uploads\/sites\/4\/2024\/09\/Design-sans-titre.png\",\"width\":1200,\"height\":628},{\"@type\":\"BreadcrumbList\",\"@id\":\"https:\/\/www.one.org\/fr\/actualites\/afrique-scene-internationale\/#breadcrumb\",\"itemListElement\":[{\"@type\":\"ListItem\",\"position\":1,\"name\":\"Home\",\"item\":\"https:\/\/www.one.org\/fr\/\"},{\"@type\":\"ListItem\",\"position\":2,\"name\":\"3 raisons pour lesquelles l&#8217;Afrique doit avoir une plus grande place sur la sc\u00e8ne internationale\"}]},{\"@type\":\"WebSite\",\"@id\":\"https:\/\/www.one.org\/fr\/#website\",\"url\":\"https:\/\/www.one.org\/fr\/\",\"name\":\"ONE.org\",\"description\":\"Cr\u00e9er des opportunit\u00e9s \u00e9conomiques et am\u00e9liorer la sant\u00e9 en Afrique\",\"potentialAction\":[{\"@type\":\"SearchAction\",\"target\":{\"@type\":\"EntryPoint\",\"urlTemplate\":\"https:\/\/www.one.org\/fr\/?s={search_term_string}\"},\"query-input\":{\"@type\":\"PropertyValueSpecification\",\"valueRequired\":true,\"valueName\":\"search_term_string\"}}],\"inLanguage\":\"fr-FR\"},{\"@type\":\"Person\",\"@id\":\"https:\/\/www.one.org\/fr\/#\/schema\/person\/cf1f30f9800f0592ec3d61940be82003\",\"name\":\"Dana Khalil\",\"image\":{\"@type\":\"ImageObject\",\"inLanguage\":\"fr-FR\",\"@id\":\"https:\/\/www.one.org\/fr\/#\/schema\/person\/image\/\",\"url\":\"https:\/\/secure.gravatar.com\/avatar\/b0da536f00ccefadcc7aae4e64855977a5249adb1ac04162a69474e53a8d4c40?s=96&d=mm&r=g\",\"contentUrl\":\"https:\/\/secure.gravatar.com\/avatar\/b0da536f00ccefadcc7aae4e64855977a5249adb1ac04162a69474e53a8d4c40?s=96&d=mm&r=g\",\"caption\":\"Dana Khalil\"},\"url\":\"https:\/\/www.one.org\/fr\/actualites\/author\/danakhalil\/\"}]}<\/script>\n<!-- \/ Yoast SEO Premium plugin. -->","yoast_head_json":{"title":"3 raisons pour lesquelles l'Afrique doit avoir une plus grande place sur la sc\u00e8ne internationale - ONE.org France","description":"Lorsqu'on parle de la \"sc\u00e8ne internationale\", on imagine des nations riches. Pourtant, l'Afrique est une r\u00e9gion cruciale et dynamique.\u00a0\u00a0","robots":{"index":"index","follow":"follow","max-snippet":"max-snippet:-1","max-image-preview":"max-image-preview:large","max-video-preview":"max-video-preview:-1"},"canonical":"https:\/\/www.one.org\/fr\/actualites\/afrique-scene-internationale\/","og_locale":"fr_FR","og_type":"article","og_title":"3 raisons pour lesquelles l'Afrique doit avoir une plus grande place sur la sc\u00e8ne internationale","og_description":"Lorsqu'on parle de la \"sc\u00e8ne internationale\", on imagine des nations riches. Pourtant, l'Afrique est une r\u00e9gion cruciale et dynamique.\u00a0\u00a0","og_url":"https:\/\/www.one.org\/fr\/actualites\/afrique-scene-internationale\/","og_site_name":"ONE.org France","article_publisher":"https:\/\/www.facebook.com\/ONE.Fr","article_published_time":"2024-09-18T15:54:18+00:00","article_modified_time":"2024-09-18T15:54:25+00:00","og_image":[{"width":1200,"height":628,"url":"https:\/\/www.one.org\/fr\/wp-content\/uploads\/sites\/4\/2024\/09\/Design-sans-titre.png","type":"image\/png"}],"author":"Dana Khalil","twitter_card":"summary_large_image","twitter_description":"Lorsqu'on parle de la \"sc\u00e8ne internationale\", on imagine des nations riches. Pourtant, l'Afrique est une r\u00e9gion cruciale et dynamique.\u00a0\u00a0","twitter_creator":"@one_fr","twitter_site":"@one_fr","twitter_misc":{"Written by":"Dana Khalil","Est. reading time":"2 minutes"},"schema":{"@context":"https:\/\/schema.org","@graph":[{"@type":"Article","@id":"https:\/\/www.one.org\/fr\/actualites\/afrique-scene-internationale\/#article","isPartOf":{"@id":"https:\/\/www.one.org\/fr\/actualites\/afrique-scene-internationale\/"},"author":{"name":"Dana Khalil","@id":"https:\/\/www.one.org\/fr\/#\/schema\/person\/cf1f30f9800f0592ec3d61940be82003"},"headline":"3 raisons pour lesquelles l&#8217;Afrique doit avoir une plus grande place sur la sc\u00e8ne internationale","datePublished":"2024-09-18T15:54:18+00:00","dateModified":"2024-09-18T15:54:25+00:00","mainEntityOfPage":{"@id":"https:\/\/www.one.org\/fr\/actualites\/afrique-scene-internationale\/"},"wordCount":300,"image":{"@id":"https:\/\/www.one.org\/fr\/actualites\/afrique-scene-internationale\/#primaryimage"},"thumbnailUrl":"https:\/\/www.one.org\/fr\/wp-content\/uploads\/sites\/4\/2024\/09\/Design-sans-titre.png","articleSection":["Zoom"],"inLanguage":"fr-FR"},{"@type":"WebPage","@id":"https:\/\/www.one.org\/fr\/actualites\/afrique-scene-internationale\/","url":"https:\/\/www.one.org\/fr\/actualites\/afrique-scene-internationale\/","name":"3 raisons pour lesquelles l'Afrique doit avoir une plus grande place sur la sc\u00e8ne internationale - ONE.org France","isPartOf":{"@id":"https:\/\/www.one.org\/fr\/#website"},"primaryImageOfPage":{"@id":"https:\/\/www.one.org\/fr\/actualites\/afrique-scene-internationale\/#primaryimage"},"image":{"@id":"https:\/\/www.one.org\/fr\/actualites\/afrique-scene-internationale\/#primaryimage"},"thumbnailUrl":"https:\/\/www.one.org\/fr\/wp-content\/uploads\/sites\/4\/2024\/09\/Design-sans-titre.png","datePublished":"2024-09-18T15:54:18+00:00","dateModified":"2024-09-18T15:54:25+00:00","author":{"@id":"https:\/\/www.one.org\/fr\/#\/schema\/person\/cf1f30f9800f0592ec3d61940be82003"},"description":"Lorsqu'on parle de la \"sc\u00e8ne internationale\", on imagine des nations riches. Pourtant, l'Afrique est une r\u00e9gion cruciale et dynamique.\u00a0\u00a0","breadcrumb":{"@id":"https:\/\/www.one.org\/fr\/actualites\/afrique-scene-internationale\/#breadcrumb"},"inLanguage":"fr-FR","potentialAction":[{"@type":"ReadAction","target":["https:\/\/www.one.org\/fr\/actualites\/afrique-scene-internationale\/"]}]},{"@type":"ImageObject","inLanguage":"fr-FR","@id":"https:\/\/www.one.org\/fr\/actualites\/afrique-scene-internationale\/#primaryimage","url":"https:\/\/www.one.org\/fr\/wp-content\/uploads\/sites\/4\/2024\/09\/Design-sans-titre.png","contentUrl":"https:\/\/www.one.org\/fr\/wp-content\/uploads\/sites\/4\/2024\/09\/Design-sans-titre.png","width":1200,"height":628},{"@type":"BreadcrumbList","@id":"https:\/\/www.one.org\/fr\/actualites\/afrique-scene-internationale\/#breadcrumb","itemListElement":[{"@type":"ListItem","position":1,"name":"Home","item":"https:\/\/www.one.org\/fr\/"},{"@type":"ListItem","position":2,"name":"3 raisons pour lesquelles l&#8217;Afrique doit avoir une plus grande place sur la sc\u00e8ne internationale"}]},{"@type":"WebSite","@id":"https:\/\/www.one.org\/fr\/#website","url":"https:\/\/www.one.org\/fr\/","name":"ONE.org","description":"Cr\u00e9er des opportunit\u00e9s \u00e9conomiques et am\u00e9liorer la sant\u00e9 en Afrique","potentialAction":[{"@type":"SearchAction","target":{"@type":"EntryPoint","urlTemplate":"https:\/\/www.one.org\/fr\/?s={search_term_string}"},"query-input":{"@type":"PropertyValueSpecification","valueRequired":true,"valueName":"search_term_string"}}],"inLanguage":"fr-FR"},{"@type":"Person","@id":"https:\/\/www.one.org\/fr\/#\/schema\/person\/cf1f30f9800f0592ec3d61940be82003","name":"Dana Khalil","image":{"@type":"ImageObject","inLanguage":"fr-FR","@id":"https:\/\/www.one.org\/fr\/#\/schema\/person\/image\/","url":"https:\/\/secure.gravatar.com\/avatar\/b0da536f00ccefadcc7aae4e64855977a5249adb1ac04162a69474e53a8d4c40?s=96&d=mm&r=g","contentUrl":"https:\/\/secure.gravatar.com\/avatar\/b0da536f00ccefadcc7aae4e64855977a5249adb1ac04162a69474e53a8d4c40?s=96&d=mm&r=g","caption":"Dana Khalil"},"url":"https:\/\/www.one.org\/fr\/actualites\/author\/danakhalil\/"}]}},"distributor_meta":false,"distributor_terms":false,"distributor_media":false,"distributor_original_site_name":"ONE.org France","distributor_original_site_url":"https:\/\/www.one.org\/fr","push-errors":false,"_links":{"self":[{"href":"https:\/\/www.one.org\/fr\/wp-json\/wp\/v2\/posts\/165720","targetHints":{"allow":["GET"]}}],"collection":[{"href":"https:\/\/www.one.org\/fr\/wp-json\/wp\/v2\/posts"}],"about":[{"href":"https:\/\/www.one.org\/fr\/wp-json\/wp\/v2\/types\/post"}],"author":[{"embeddable":true,"href":"https:\/\/www.one.org\/fr\/wp-json\/wp\/v2\/users\/24"}],"replies":[{"embeddable":true,"href":"https:\/\/www.one.org\/fr\/wp-json\/wp\/v2\/comments?post=165720"}],"version-history":[{"count":0,"href":"https:\/\/www.one.org\/fr\/wp-json\/wp\/v2\/posts\/165720\/revisions"}],"wp:featuredmedia":[{"embeddable":true,"href":"https:\/\/www.one.org\/fr\/wp-json\/wp\/v2\/media\/165722"}],"wp:attachment":[{"href":"https:\/\/www.one.org\/fr\/wp-json\/wp\/v2\/media?parent=165720"}],"wp:term":[{"taxonomy":"category","embeddable":true,"href":"https:\/\/www.one.org\/fr\/wp-json\/wp\/v2\/categories?post=165720"},{"taxonomy":"post_tag","embeddable":true,"href":"https:\/\/www.one.org\/fr\/wp-json\/wp\/v2\/tags?post=165720"},{"taxonomy":"topic","embeddable":true,"href":"https:\/\/www.one.org\/fr\/wp-json\/wp\/v2\/topic?post=165720"},{"taxonomy":"contributor","embeddable":true,"href":"https:\/\/www.one.org\/fr\/wp-json\/wp\/v2\/contributor?post=165720"},{"taxonomy":"one_content_audience","embeddable":true,"href":"https:\/\/www.one.org\/fr\/wp-json\/wp\/v2\/one_content_audience?post=165720"},{"taxonomy":"one_content_type","embeddable":true,"href":"https:\/\/www.one.org\/fr\/wp-json\/wp\/v2\/one_content_type?post=165720"},{"taxonomy":"one_content_tone","embeddable":true,"href":"https:\/\/www.one.org\/fr\/wp-json\/wp\/v2\/one_content_tone?post=165720"}],"curies":[{"name":"wp","href":"https:\/\/api.w.org\/{rel}","templated":true}]}}