{"id":165712,"date":"2024-09-06T15:12:24","date_gmt":"2024-09-06T15:12:24","guid":{"rendered":"https:\/\/www.one.org\/fr\/?p=165712"},"modified":"2024-09-06T15:12:31","modified_gmt":"2024-09-06T15:12:31","slug":"idees-recues-changement-climatique-afrique","status":"publish","type":"post","link":"https:\/\/www.one.org\/fr\/actualites\/idees-recues-changement-climatique-afrique\/","title":{"rendered":"4 id\u00e9es re\u00e7ues sur\u202fle changement climatique en\u202fAfrique"},"content":{"rendered":"\n<p>Le changement\u202fclimatique est\u202fune menace mondiale, mais les id\u00e9es\u202fre\u00e7ues qui l\u2019entourent sont\u202faussi diverses\u202fque les r\u00e9gions\u202fqu&#8217;il affecte. L&#8217;Afrique, avec\u202fsa riche biodiversit\u00e9, est souvent\u202fau centre de\u202fplusieurs mythes concernant\u202fle changement\u202fclimatique. S\u00e9parons les id\u00e9es re\u00e7ues des faits sur\u202fcette question\u202fcritique qui\u202faffecte le continent.&nbsp;&nbsp;<\/p>\n\n\n\n<h2 class=\"wp-block-heading\" id=\"h-idee-recue-1-l-afrique-contribue-de-maniere-significative-au-rechauffement-climatique-nbsp\"><strong>Id\u00e9e re\u00e7ue 1 : L&#8217;Afrique contribue de mani\u00e8re significative au r\u00e9chauffement climatique.<\/strong>&nbsp;<\/h2>\n\n\n\n<p>Contrairement \u00e0 la croyance populaire, l&#8217;Afrique est responsable de seulement environ <a href=\"https:\/\/data.one.org\/data-dives\/climate\/#africa-accounts-for-roughly-4-of-global-carbon-emissions-despite-accounting-for-less-than-18-of-the-worlds-population\" target=\"_blank\" rel=\"noreferrer noopener\">4 % des \u00e9missions mondiales de carbone<\/a>, ce qui contraste fortement avec les pourcentages plus \u00e9lev\u00e9s des continents plus industrialis\u00e9s. Cependant, cela ne prot\u00e8ge pas l&#8217;Afrique des effets du changement climatique. En r\u00e9alit\u00e9, l&#8217;Afrique est <a href=\"https:\/\/data.one.org\/data-dives\/climate\/\" target=\"_blank\" rel=\"noreferrer noopener\">la r\u00e9gion la plus vuln\u00e9rable au <\/a>d\u00e9r\u00e8glement climatique.&nbsp;<\/p>\n\n\n\n<figure class=\"wp-block-image aligncenter size-large is-resized\"><img loading=\"lazy\" decoding=\"async\" width=\"1024\" height=\"536\" src=\"https:\/\/www.one.org\/fr\/wp-content\/uploads\/sites\/4\/2024\/09\/AdobeStock_525898799-1536x804-1-1024x536.jpeg\" alt=\"\" class=\"wp-image-165713\" style=\"width:587px;height:auto\" srcset=\"https:\/\/www.one.org\/fr\/wp-content\/uploads\/sites\/4\/2024\/09\/AdobeStock_525898799-1536x804-1-1024x536.jpeg 1024w, https:\/\/www.one.org\/fr\/wp-content\/uploads\/sites\/4\/2024\/09\/AdobeStock_525898799-1536x804-1-300x157.jpeg 300w, https:\/\/www.one.org\/fr\/wp-content\/uploads\/sites\/4\/2024\/09\/AdobeStock_525898799-1536x804-1-768x402.jpeg 768w, https:\/\/www.one.org\/fr\/wp-content\/uploads\/sites\/4\/2024\/09\/AdobeStock_525898799-1536x804-1-16x8.jpeg 16w, https:\/\/www.one.org\/fr\/wp-content\/uploads\/sites\/4\/2024\/09\/AdobeStock_525898799-1536x804-1-320x168.jpeg 320w, https:\/\/www.one.org\/fr\/wp-content\/uploads\/sites\/4\/2024\/09\/AdobeStock_525898799-1536x804-1-640x335.jpeg 640w, https:\/\/www.one.org\/fr\/wp-content\/uploads\/sites\/4\/2024\/09\/AdobeStock_525898799-1536x804-1-800x419.jpeg 800w, https:\/\/www.one.org\/fr\/wp-content\/uploads\/sites\/4\/2024\/09\/AdobeStock_525898799-1536x804-1-1200x628.jpeg 1200w, https:\/\/www.one.org\/fr\/wp-content\/uploads\/sites\/4\/2024\/09\/AdobeStock_525898799-1536x804-1.jpeg 1536w\" sizes=\"auto, (max-width: 1024px) 100vw, 1024px\" \/><\/figure>\n\n\n\n<h2 class=\"wp-block-heading\" id=\"h-idee-recue-2-le-changement-climatique-n-est-pas-un-probleme-urgent-pour-l-afrique-nbsp\"><strong>Id\u00e9e re\u00e7ue 2 : Le changement climatique n&#8217;est pas un probl\u00e8me urgent pour l&#8217;Afrique.<\/strong>&nbsp;<\/h2>\n\n\n\n<p>Certains pensent que, avec les autres d\u00e9fis auxquels fait face l\u2019Afrique, tels que la dette, l&#8217;emploi et d&#8217;autres, le changement climatique passe au second plan. En r\u00e9alit\u00e9, l&#8217;impact du changement climatique aggrave ces d\u00e9fis existants et en cr\u00e9e de nouveaux, tels que l&#8217;augmentation des s\u00e9cheresses, des inondations et des changements dans les niveaux de pr\u00e9cipitations, ce qui affecte l&#8217;agriculture, pilier de nombreuses \u00e9conomies africaines.<\/p>\n\n\n\n<h2 class=\"wp-block-heading\" id=\"h-idee-recue-3-la-desertification-est-un-processus-naturel-non-lie-au-changement-climatique-nbsp\"><strong>Id\u00e9e re\u00e7ue 3 : La d\u00e9sertification est un processus naturel, non li\u00e9 au changement climatique.<\/strong>&nbsp;<\/h2>\n\n\n\n<p>La d\u00e9sertification en Afrique peut \u00eatre consid\u00e9r\u00e9e comme une progression naturelle, mais la r\u00e9alit\u00e9 est que le changement climatique l&#8217;acc\u00e9l\u00e8re consid\u00e9rablement. Les changements de temp\u00e9rature et de pr\u00e9cipitations augmentent la fr\u00e9quence et la gravit\u00e9 des s\u00e9cheresses, qui \u00e0 leur tour exacerbent la d\u00e9gradation des terres. Ce n&#8217;est pas simplement un cycle naturel, mais une cons\u00e9quence grave des conditions climatiques changeantes.&nbsp;&nbsp;<\/p>\n\n\n\n<h2 class=\"wp-block-heading\" id=\"h-idee-recue-4-les-efforts-d-adaptation-sont-trop-couteux-pour-les-nations-africaines-nbsp\"><strong>Id\u00e9e re\u00e7ue 4 : Les efforts d&#8217;adaptation sont trop co\u00fbteux pour les nations africaines.<\/strong>&nbsp;<\/h2>\n\n\n\n<p>Bien qu&#8217;il soit vrai que l&#8217;adaptation au changement climatique n\u00e9cessite des investissements, le co\u00fbt de l&#8217;inaction est bien plus \u00e9lev\u00e9. Investir dans des infrastructures r\u00e9sistantes au climat, une agriculture durable et des \u00e9nergies renouvelables est non seulement n\u00e9cessaire mais \u00e9galement rentable \u00e0 long terme. De plus, des m\u00e9canismes de financement doivent \u00eatre mis en place pour soutenir l&#8217;Afrique dans ses initiatives d&#8217;adaptation et d&#8217;att\u00e9nuation au changement climatique.&nbsp;&nbsp;<\/p>\n\n\n\n<h2 class=\"wp-block-heading\" id=\"h-la-realite-du-changement-climatique-en-afrique-nbsp\"><strong>La r\u00e9alit\u00e9 du changement climatique en Afrique<\/strong>&nbsp;<\/h2>\n\n\n\n<p>L&#8217;Afrique subit d\u00e9j\u00e0 certains des pires impacts du changement climatique, avec des cons\u00e9quences significatives sur l&#8217;agriculture. Cela a conduit \u00e0 une augmentation de l&#8217;ins\u00e9curit\u00e9 alimentaire, \u00e0 des conflits sur les ressources limit\u00e9es et \u00e0 la migration.&nbsp;<\/p>\n\n\n\n<figure class=\"wp-block-image aligncenter size-large is-resized\"><img loading=\"lazy\" decoding=\"async\" width=\"1024\" height=\"536\" src=\"https:\/\/www.one.org\/fr\/wp-content\/uploads\/sites\/4\/2024\/09\/AdobeStock_413811477-1536x804-1-1024x536.jpeg\" alt=\"\" class=\"wp-image-165714\" style=\"width:606px;height:auto\" srcset=\"https:\/\/www.one.org\/fr\/wp-content\/uploads\/sites\/4\/2024\/09\/AdobeStock_413811477-1536x804-1-1024x536.jpeg 1024w, https:\/\/www.one.org\/fr\/wp-content\/uploads\/sites\/4\/2024\/09\/AdobeStock_413811477-1536x804-1-300x157.jpeg 300w, https:\/\/www.one.org\/fr\/wp-content\/uploads\/sites\/4\/2024\/09\/AdobeStock_413811477-1536x804-1-768x402.jpeg 768w, https:\/\/www.one.org\/fr\/wp-content\/uploads\/sites\/4\/2024\/09\/AdobeStock_413811477-1536x804-1-16x8.jpeg 16w, https:\/\/www.one.org\/fr\/wp-content\/uploads\/sites\/4\/2024\/09\/AdobeStock_413811477-1536x804-1-320x168.jpeg 320w, https:\/\/www.one.org\/fr\/wp-content\/uploads\/sites\/4\/2024\/09\/AdobeStock_413811477-1536x804-1-640x335.jpeg 640w, https:\/\/www.one.org\/fr\/wp-content\/uploads\/sites\/4\/2024\/09\/AdobeStock_413811477-1536x804-1-800x419.jpeg 800w, https:\/\/www.one.org\/fr\/wp-content\/uploads\/sites\/4\/2024\/09\/AdobeStock_413811477-1536x804-1-1200x628.jpeg 1200w, https:\/\/www.one.org\/fr\/wp-content\/uploads\/sites\/4\/2024\/09\/AdobeStock_413811477-1536x804-1.jpeg 1536w\" sizes=\"auto, (max-width: 1024px) 100vw, 1024px\" \/><\/figure>\n\n\n\n<p>La biodiversit\u00e9 du continent est en danger, le changement climatique mena\u00e7ant la survie de diverses esp\u00e8ces et \u00e9cosyst\u00e8mes. De plus, l&#8217;\u00e9l\u00e9vation du niveau de la mer due \u00e0 la fonte des calottes polaires pourrait d\u00e9placer des millions de personnes vivant dans les r\u00e9gions c\u00f4ti\u00e8res \u00e0 travers l&#8217;Afrique.&nbsp;<\/p>\n\n\n\n<p>Le changement climatique en Afrique n&#8217;est pas un probl\u00e8me lointain ou exag\u00e9r\u00e9 ; c\u2019est d\u00e9j\u00e0 une r\u00e9alit\u00e9 et un d\u00e9fi profond. Il est crucial de d\u00e9construire les id\u00e9es re\u00e7ues qui minimisent son importance et de comprendre les faits qui appellent \u00e0 une action imm\u00e9diate.&nbsp;&nbsp;<\/p>\n\n\n\n<p>Le combat de l&#8217;Afrique contre la crise climatique est un rappel important de la n\u00e9cessit\u00e9 d&#8217;une coop\u00e9ration mondiale pour lutter contre le changement climatique. Vous pouvez aider \u00e0 exiger que des actions climatiques soient entreprises maintenant pour aider \u00e0 combattre la crise en Afrique et au-del\u00e0 \u2014 <strong><a href=\"https:\/\/act.one.org\/sign\/afrique-transition-verte\/\" target=\"_blank\" rel=\"noreferrer noopener\">ajoutez votre nom \u00e0 notre p\u00e9tition<\/a>.&nbsp;&nbsp;<\/strong><\/p>\n\n\n\n<div class=\"wp-block-group oneorg-block-group oneorg-block-group-impact oneorg-block-group-impact--cta has-light-color has-dark-background-color has-text-color has-background has-global-padding is-layout-constrained wp-block-group-is-layout-constrained\">\n<div class=\"wp-block-group is-layout-flow wp-block-group-is-layout-flow\">\n<h2 class=\"wp-block-heading has-text-align-center has-neon-color has-text-color\" id=\"h-financons-un-avenir-vert-pour-l-afrique\">Finan\u00e7ons un avenir vert pour l&#8217;Afrique !<\/h2>\n\n\n\n<p class=\"has-text-align-center\">L&#8217;horloge climatique tourne. Ajoutez votre nom pour appeler les dirigeant\u00b7e\u00b7s et les banques de d\u00e9veloppement \u00e0 financer un avenir vert pour l&#8217;Afrique et le monde.<\/p>\n\n\n\n<div class=\"wp-block-buttons is-content-justification-center is-layout-flex wp-container-core-buttons-is-layout-a89b3969 wp-block-buttons-is-layout-flex\">\n<div class=\"wp-block-button\"><a class=\"wp-block-button__link wp-element-button\" href=\"https:\/\/act.one.org\/sign\/afrique-transition-verte\/\">Je signe la p\u00e9tition<\/a><\/div>\n<\/div>\n<\/div>\n<\/div>\n<div class=\"buffer\"><\/div>","protected":false},"excerpt":{"rendered":"<p>Le changement\u202fclimatique est\u202fune menace mondiale, mais les id\u00e9es\u202fre\u00e7ues qui l\u2019entourent sont\u202faussi diverses\u202fque les r\u00e9gions\u202fqu&#8217;il affecte. L&#8217;Afrique, avec\u202fsa riche biodiversit\u00e9, est souvent\u202fau centre de\u202fplusieurs mythes concernant\u202fle changement\u202fclimatique. S\u00e9parons les id\u00e9es re\u00e7ues des faits sur\u202fcette question\u202fcritique qui\u202faffecte le continent.\u00a0\u00a0<\/p>\n","protected":false},"author":24,"featured_media":165714,"comment_status":"closed","ping_status":"closed","sticky":false,"template":"","format":"standard","meta":{"_acf_changed":false,"_relevanssi_hide_post":"","_relevanssi_hide_content":"","_relevanssi_pin_for_all":"","_relevanssi_pin_keywords":"","_relevanssi_unpin_keywords":"","_relevanssi_related_keywords":"","_relevanssi_related_include_ids":"","_relevanssi_related_exclude_ids":"","_relevanssi_related_no_append":"","_relevanssi_related_not_related":"","_relevanssi_related_posts":"162482,162684,162678,162604,162559,162417","_relevanssi_noindex_reason":"","footnotes":""},"categories":[93],"tags":[],"topic":[39],"contributor":[33],"one_content_audience":[],"one_content_type":[],"one_content_tone":[],"class_list":["post-165712","post","type-post","status-publish","format-standard","has-post-thumbnail","hentry","category-zoom","topic-changement-climatique","contributor-one-france"],"acf":[],"yoast_head":"<!-- This site is optimized with the Yoast SEO Premium plugin v27.1 (Yoast SEO v27.1.1) - https:\/\/yoast.com\/product\/yoast-seo-premium-wordpress\/ -->\n<title>4 id\u00e9es re\u00e7ues sur\u202fle changement climatique en\u202fAfrique - ONE.org France<\/title>\n<meta name=\"description\" content=\"L&#039;Afrique est souvent\u202fau centre de\u202fplusieurs mythes concernant\u202fle changement\u202fclimatique. On d\u00e9m\u00eale le vrai du faux pour vous.\" \/>\n<meta name=\"robots\" content=\"index, follow, max-snippet:-1, max-image-preview:large, max-video-preview:-1\" \/>\n<link rel=\"canonical\" href=\"https:\/\/www.one.org\/fr\/actualites\/idees-recues-changement-climatique-afrique\/\" \/>\n<meta property=\"og:locale\" content=\"fr_FR\" \/>\n<meta property=\"og:type\" content=\"article\" \/>\n<meta property=\"og:title\" content=\"4 id\u00e9es re\u00e7ues sur\u202fle changement climatique en\u202fAfrique\" \/>\n<meta property=\"og:description\" content=\"L&#039;Afrique est souvent\u202fau centre de\u202fplusieurs mythes concernant\u202fle changement\u202fclimatique. On d\u00e9m\u00eale le vrai du faux pour vous.\" \/>\n<meta property=\"og:url\" content=\"https:\/\/www.one.org\/fr\/actualites\/idees-recues-changement-climatique-afrique\/\" \/>\n<meta property=\"og:site_name\" content=\"ONE.org France\" \/>\n<meta property=\"article:publisher\" content=\"https:\/\/www.facebook.com\/ONE.Fr\" \/>\n<meta property=\"article:published_time\" content=\"2024-09-06T15:12:24+00:00\" \/>\n<meta property=\"article:modified_time\" content=\"2024-09-06T15:12:31+00:00\" \/>\n<meta property=\"og:image\" content=\"https:\/\/www.one.org\/fr\/wp-content\/uploads\/sites\/4\/2024\/09\/AdobeStock_413811477-1536x804-1.jpeg\" \/>\n\t<meta property=\"og:image:width\" content=\"1536\" \/>\n\t<meta property=\"og:image:height\" content=\"804\" \/>\n\t<meta property=\"og:image:type\" content=\"image\/jpeg\" \/>\n<meta name=\"author\" content=\"Dana Khalil\" \/>\n<meta name=\"twitter:card\" content=\"summary_large_image\" \/>\n<meta name=\"twitter:description\" content=\"L&#039;Afrique est souvent\u202fau centre de\u202fplusieurs mythes concernant\u202fle changement\u202fclimatique. On d\u00e9m\u00eale le vrai du faux pour vous.\" \/>\n<meta name=\"twitter:creator\" content=\"@one_fr\" \/>\n<meta name=\"twitter:site\" content=\"@one_fr\" \/>\n<meta name=\"twitter:label1\" content=\"Written by\" \/>\n\t<meta name=\"twitter:data1\" content=\"Dana Khalil\" \/>\n\t<meta name=\"twitter:label2\" content=\"Est. reading time\" \/>\n\t<meta name=\"twitter:data2\" content=\"4 minutes\" \/>\n<script type=\"application\/ld+json\" class=\"yoast-schema-graph\">{\"@context\":\"https:\/\/schema.org\",\"@graph\":[{\"@type\":\"Article\",\"@id\":\"https:\/\/www.one.org\/fr\/actualites\/idees-recues-changement-climatique-afrique\/#article\",\"isPartOf\":{\"@id\":\"https:\/\/www.one.org\/fr\/actualites\/idees-recues-changement-climatique-afrique\/\"},\"author\":{\"name\":\"Dana Khalil\",\"@id\":\"https:\/\/www.one.org\/fr\/#\/schema\/person\/cf1f30f9800f0592ec3d61940be82003\"},\"headline\":\"4 id\u00e9es re\u00e7ues sur\u202fle changement climatique en\u202fAfrique\",\"datePublished\":\"2024-09-06T15:12:24+00:00\",\"dateModified\":\"2024-09-06T15:12:31+00:00\",\"mainEntityOfPage\":{\"@id\":\"https:\/\/www.one.org\/fr\/actualites\/idees-recues-changement-climatique-afrique\/\"},\"wordCount\":694,\"image\":{\"@id\":\"https:\/\/www.one.org\/fr\/actualites\/idees-recues-changement-climatique-afrique\/#primaryimage\"},\"thumbnailUrl\":\"https:\/\/www.one.org\/fr\/wp-content\/uploads\/sites\/4\/2024\/09\/AdobeStock_413811477-1536x804-1.jpeg\",\"articleSection\":[\"Zoom\"],\"inLanguage\":\"fr-FR\"},{\"@type\":\"WebPage\",\"@id\":\"https:\/\/www.one.org\/fr\/actualites\/idees-recues-changement-climatique-afrique\/\",\"url\":\"https:\/\/www.one.org\/fr\/actualites\/idees-recues-changement-climatique-afrique\/\",\"name\":\"4 id\u00e9es re\u00e7ues sur\u202fle changement climatique en\u202fAfrique - ONE.org France\",\"isPartOf\":{\"@id\":\"https:\/\/www.one.org\/fr\/#website\"},\"primaryImageOfPage\":{\"@id\":\"https:\/\/www.one.org\/fr\/actualites\/idees-recues-changement-climatique-afrique\/#primaryimage\"},\"image\":{\"@id\":\"https:\/\/www.one.org\/fr\/actualites\/idees-recues-changement-climatique-afrique\/#primaryimage\"},\"thumbnailUrl\":\"https:\/\/www.one.org\/fr\/wp-content\/uploads\/sites\/4\/2024\/09\/AdobeStock_413811477-1536x804-1.jpeg\",\"datePublished\":\"2024-09-06T15:12:24+00:00\",\"dateModified\":\"2024-09-06T15:12:31+00:00\",\"author\":{\"@id\":\"https:\/\/www.one.org\/fr\/#\/schema\/person\/cf1f30f9800f0592ec3d61940be82003\"},\"description\":\"L'Afrique est souvent\u202fau centre de\u202fplusieurs mythes concernant\u202fle changement\u202fclimatique. On d\u00e9m\u00eale le vrai du faux pour vous.\",\"breadcrumb\":{\"@id\":\"https:\/\/www.one.org\/fr\/actualites\/idees-recues-changement-climatique-afrique\/#breadcrumb\"},\"inLanguage\":\"fr-FR\",\"potentialAction\":[{\"@type\":\"ReadAction\",\"target\":[\"https:\/\/www.one.org\/fr\/actualites\/idees-recues-changement-climatique-afrique\/\"]}]},{\"@type\":\"ImageObject\",\"inLanguage\":\"fr-FR\",\"@id\":\"https:\/\/www.one.org\/fr\/actualites\/idees-recues-changement-climatique-afrique\/#primaryimage\",\"url\":\"https:\/\/www.one.org\/fr\/wp-content\/uploads\/sites\/4\/2024\/09\/AdobeStock_413811477-1536x804-1.jpeg\",\"contentUrl\":\"https:\/\/www.one.org\/fr\/wp-content\/uploads\/sites\/4\/2024\/09\/AdobeStock_413811477-1536x804-1.jpeg\",\"width\":1536,\"height\":804},{\"@type\":\"BreadcrumbList\",\"@id\":\"https:\/\/www.one.org\/fr\/actualites\/idees-recues-changement-climatique-afrique\/#breadcrumb\",\"itemListElement\":[{\"@type\":\"ListItem\",\"position\":1,\"name\":\"Home\",\"item\":\"https:\/\/www.one.org\/fr\/\"},{\"@type\":\"ListItem\",\"position\":2,\"name\":\"4 id\u00e9es re\u00e7ues sur\u202fle changement climatique en\u202fAfrique\"}]},{\"@type\":\"WebSite\",\"@id\":\"https:\/\/www.one.org\/fr\/#website\",\"url\":\"https:\/\/www.one.org\/fr\/\",\"name\":\"ONE.org\",\"description\":\"Cr\u00e9er des opportunit\u00e9s \u00e9conomiques et am\u00e9liorer la sant\u00e9 en Afrique\",\"potentialAction\":[{\"@type\":\"SearchAction\",\"target\":{\"@type\":\"EntryPoint\",\"urlTemplate\":\"https:\/\/www.one.org\/fr\/?s={search_term_string}\"},\"query-input\":{\"@type\":\"PropertyValueSpecification\",\"valueRequired\":true,\"valueName\":\"search_term_string\"}}],\"inLanguage\":\"fr-FR\"},{\"@type\":\"Person\",\"@id\":\"https:\/\/www.one.org\/fr\/#\/schema\/person\/cf1f30f9800f0592ec3d61940be82003\",\"name\":\"Dana Khalil\",\"image\":{\"@type\":\"ImageObject\",\"inLanguage\":\"fr-FR\",\"@id\":\"https:\/\/www.one.org\/fr\/#\/schema\/person\/image\/\",\"url\":\"https:\/\/secure.gravatar.com\/avatar\/b0da536f00ccefadcc7aae4e64855977a5249adb1ac04162a69474e53a8d4c40?s=96&d=mm&r=g\",\"contentUrl\":\"https:\/\/secure.gravatar.com\/avatar\/b0da536f00ccefadcc7aae4e64855977a5249adb1ac04162a69474e53a8d4c40?s=96&d=mm&r=g\",\"caption\":\"Dana Khalil\"},\"url\":\"https:\/\/www.one.org\/fr\/actualites\/author\/danakhalil\/\"}]}<\/script>\n<!-- \/ Yoast SEO Premium plugin. -->","yoast_head_json":{"title":"4 id\u00e9es re\u00e7ues sur\u202fle changement climatique en\u202fAfrique - ONE.org France","description":"L'Afrique est souvent\u202fau centre de\u202fplusieurs mythes concernant\u202fle changement\u202fclimatique. On d\u00e9m\u00eale le vrai du faux pour vous.","robots":{"index":"index","follow":"follow","max-snippet":"max-snippet:-1","max-image-preview":"max-image-preview:large","max-video-preview":"max-video-preview:-1"},"canonical":"https:\/\/www.one.org\/fr\/actualites\/idees-recues-changement-climatique-afrique\/","og_locale":"fr_FR","og_type":"article","og_title":"4 id\u00e9es re\u00e7ues sur\u202fle changement climatique en\u202fAfrique","og_description":"L'Afrique est souvent\u202fau centre de\u202fplusieurs mythes concernant\u202fle changement\u202fclimatique. On d\u00e9m\u00eale le vrai du faux pour vous.","og_url":"https:\/\/www.one.org\/fr\/actualites\/idees-recues-changement-climatique-afrique\/","og_site_name":"ONE.org France","article_publisher":"https:\/\/www.facebook.com\/ONE.Fr","article_published_time":"2024-09-06T15:12:24+00:00","article_modified_time":"2024-09-06T15:12:31+00:00","og_image":[{"width":1536,"height":804,"url":"https:\/\/www.one.org\/fr\/wp-content\/uploads\/sites\/4\/2024\/09\/AdobeStock_413811477-1536x804-1.jpeg","type":"image\/jpeg"}],"author":"Dana Khalil","twitter_card":"summary_large_image","twitter_description":"L'Afrique est souvent\u202fau centre de\u202fplusieurs mythes concernant\u202fle changement\u202fclimatique. On d\u00e9m\u00eale le vrai du faux pour vous.","twitter_creator":"@one_fr","twitter_site":"@one_fr","twitter_misc":{"Written by":"Dana Khalil","Est. reading time":"4 minutes"},"schema":{"@context":"https:\/\/schema.org","@graph":[{"@type":"Article","@id":"https:\/\/www.one.org\/fr\/actualites\/idees-recues-changement-climatique-afrique\/#article","isPartOf":{"@id":"https:\/\/www.one.org\/fr\/actualites\/idees-recues-changement-climatique-afrique\/"},"author":{"name":"Dana Khalil","@id":"https:\/\/www.one.org\/fr\/#\/schema\/person\/cf1f30f9800f0592ec3d61940be82003"},"headline":"4 id\u00e9es re\u00e7ues sur\u202fle changement climatique en\u202fAfrique","datePublished":"2024-09-06T15:12:24+00:00","dateModified":"2024-09-06T15:12:31+00:00","mainEntityOfPage":{"@id":"https:\/\/www.one.org\/fr\/actualites\/idees-recues-changement-climatique-afrique\/"},"wordCount":694,"image":{"@id":"https:\/\/www.one.org\/fr\/actualites\/idees-recues-changement-climatique-afrique\/#primaryimage"},"thumbnailUrl":"https:\/\/www.one.org\/fr\/wp-content\/uploads\/sites\/4\/2024\/09\/AdobeStock_413811477-1536x804-1.jpeg","articleSection":["Zoom"],"inLanguage":"fr-FR"},{"@type":"WebPage","@id":"https:\/\/www.one.org\/fr\/actualites\/idees-recues-changement-climatique-afrique\/","url":"https:\/\/www.one.org\/fr\/actualites\/idees-recues-changement-climatique-afrique\/","name":"4 id\u00e9es re\u00e7ues sur\u202fle changement climatique en\u202fAfrique - ONE.org France","isPartOf":{"@id":"https:\/\/www.one.org\/fr\/#website"},"primaryImageOfPage":{"@id":"https:\/\/www.one.org\/fr\/actualites\/idees-recues-changement-climatique-afrique\/#primaryimage"},"image":{"@id":"https:\/\/www.one.org\/fr\/actualites\/idees-recues-changement-climatique-afrique\/#primaryimage"},"thumbnailUrl":"https:\/\/www.one.org\/fr\/wp-content\/uploads\/sites\/4\/2024\/09\/AdobeStock_413811477-1536x804-1.jpeg","datePublished":"2024-09-06T15:12:24+00:00","dateModified":"2024-09-06T15:12:31+00:00","author":{"@id":"https:\/\/www.one.org\/fr\/#\/schema\/person\/cf1f30f9800f0592ec3d61940be82003"},"description":"L'Afrique est souvent\u202fau centre de\u202fplusieurs mythes concernant\u202fle changement\u202fclimatique. On d\u00e9m\u00eale le vrai du faux pour vous.","breadcrumb":{"@id":"https:\/\/www.one.org\/fr\/actualites\/idees-recues-changement-climatique-afrique\/#breadcrumb"},"inLanguage":"fr-FR","potentialAction":[{"@type":"ReadAction","target":["https:\/\/www.one.org\/fr\/actualites\/idees-recues-changement-climatique-afrique\/"]}]},{"@type":"ImageObject","inLanguage":"fr-FR","@id":"https:\/\/www.one.org\/fr\/actualites\/idees-recues-changement-climatique-afrique\/#primaryimage","url":"https:\/\/www.one.org\/fr\/wp-content\/uploads\/sites\/4\/2024\/09\/AdobeStock_413811477-1536x804-1.jpeg","contentUrl":"https:\/\/www.one.org\/fr\/wp-content\/uploads\/sites\/4\/2024\/09\/AdobeStock_413811477-1536x804-1.jpeg","width":1536,"height":804},{"@type":"BreadcrumbList","@id":"https:\/\/www.one.org\/fr\/actualites\/idees-recues-changement-climatique-afrique\/#breadcrumb","itemListElement":[{"@type":"ListItem","position":1,"name":"Home","item":"https:\/\/www.one.org\/fr\/"},{"@type":"ListItem","position":2,"name":"4 id\u00e9es re\u00e7ues sur\u202fle changement climatique en\u202fAfrique"}]},{"@type":"WebSite","@id":"https:\/\/www.one.org\/fr\/#website","url":"https:\/\/www.one.org\/fr\/","name":"ONE.org","description":"Cr\u00e9er des opportunit\u00e9s \u00e9conomiques et am\u00e9liorer la sant\u00e9 en Afrique","potentialAction":[{"@type":"SearchAction","target":{"@type":"EntryPoint","urlTemplate":"https:\/\/www.one.org\/fr\/?s={search_term_string}"},"query-input":{"@type":"PropertyValueSpecification","valueRequired":true,"valueName":"search_term_string"}}],"inLanguage":"fr-FR"},{"@type":"Person","@id":"https:\/\/www.one.org\/fr\/#\/schema\/person\/cf1f30f9800f0592ec3d61940be82003","name":"Dana Khalil","image":{"@type":"ImageObject","inLanguage":"fr-FR","@id":"https:\/\/www.one.org\/fr\/#\/schema\/person\/image\/","url":"https:\/\/secure.gravatar.com\/avatar\/b0da536f00ccefadcc7aae4e64855977a5249adb1ac04162a69474e53a8d4c40?s=96&d=mm&r=g","contentUrl":"https:\/\/secure.gravatar.com\/avatar\/b0da536f00ccefadcc7aae4e64855977a5249adb1ac04162a69474e53a8d4c40?s=96&d=mm&r=g","caption":"Dana Khalil"},"url":"https:\/\/www.one.org\/fr\/actualites\/author\/danakhalil\/"}]}},"distributor_meta":false,"distributor_terms":false,"distributor_media":false,"distributor_original_site_name":"ONE.org France","distributor_original_site_url":"https:\/\/www.one.org\/fr","push-errors":false,"_links":{"self":[{"href":"https:\/\/www.one.org\/fr\/wp-json\/wp\/v2\/posts\/165712","targetHints":{"allow":["GET"]}}],"collection":[{"href":"https:\/\/www.one.org\/fr\/wp-json\/wp\/v2\/posts"}],"about":[{"href":"https:\/\/www.one.org\/fr\/wp-json\/wp\/v2\/types\/post"}],"author":[{"embeddable":true,"href":"https:\/\/www.one.org\/fr\/wp-json\/wp\/v2\/users\/24"}],"replies":[{"embeddable":true,"href":"https:\/\/www.one.org\/fr\/wp-json\/wp\/v2\/comments?post=165712"}],"version-history":[{"count":0,"href":"https:\/\/www.one.org\/fr\/wp-json\/wp\/v2\/posts\/165712\/revisions"}],"wp:featuredmedia":[{"embeddable":true,"href":"https:\/\/www.one.org\/fr\/wp-json\/wp\/v2\/media\/165714"}],"wp:attachment":[{"href":"https:\/\/www.one.org\/fr\/wp-json\/wp\/v2\/media?parent=165712"}],"wp:term":[{"taxonomy":"category","embeddable":true,"href":"https:\/\/www.one.org\/fr\/wp-json\/wp\/v2\/categories?post=165712"},{"taxonomy":"post_tag","embeddable":true,"href":"https:\/\/www.one.org\/fr\/wp-json\/wp\/v2\/tags?post=165712"},{"taxonomy":"topic","embeddable":true,"href":"https:\/\/www.one.org\/fr\/wp-json\/wp\/v2\/topic?post=165712"},{"taxonomy":"contributor","embeddable":true,"href":"https:\/\/www.one.org\/fr\/wp-json\/wp\/v2\/contributor?post=165712"},{"taxonomy":"one_content_audience","embeddable":true,"href":"https:\/\/www.one.org\/fr\/wp-json\/wp\/v2\/one_content_audience?post=165712"},{"taxonomy":"one_content_type","embeddable":true,"href":"https:\/\/www.one.org\/fr\/wp-json\/wp\/v2\/one_content_type?post=165712"},{"taxonomy":"one_content_tone","embeddable":true,"href":"https:\/\/www.one.org\/fr\/wp-json\/wp\/v2\/one_content_tone?post=165712"}],"curies":[{"name":"wp","href":"https:\/\/api.w.org\/{rel}","templated":true}]}}