{"id":165622,"date":"2024-05-23T11:07:34","date_gmt":"2024-05-23T11:07:34","guid":{"rendered":"https:\/\/www.one.org\/fr\/?p=165622"},"modified":"2024-05-23T11:07:42","modified_gmt":"2024-05-23T11:07:42","slug":"afrique-un-continent-aux-multiples-facettes","status":"publish","type":"post","link":"https:\/\/www.one.org\/fr\/actualites\/afrique-un-continent-aux-multiples-facettes\/","title":{"rendered":"Afrique : Un continent aux multiples facettes"},"content":{"rendered":"\n<p><em>Ce billet de blog a \u00e9t\u00e9 r\u00e9dig\u00e9 par Laure-Alice Bacquaert, Ange Como\u00e9, Eug\u00e9nie Dumas et H\u00e9l\u00e8ne Faur\u00e9, jeunes Ambassadrices de ONE.<\/em><\/p>\n\n\n\n<p>Le 25 mai est la Journ\u00e9e mondiale de l\u2019Afrique. Cette date est l\u2019occasion pour le continent africain et le monde de c\u00e9l\u00e9brer la signature en 1963 des accords de l\u2019Organisation de l\u2019Unit\u00e9 Africaine, devenue depuis 2002 l\u2019Union africaine.\u00a0<\/p>\n\n\n\n<p>Cette journ\u00e9e est f\u00e9ri\u00e9e en Afrique car elle porte une valeur symbolique forte. En effet, le 25 mai est consid\u00e9r\u00e9 comme la journ\u00e9e c\u00e9l\u00e9brant la lib\u00e9ration des pays africains apr\u00e8s des ann\u00e9es de colonisation et l\u2019accession \u00e0 l\u2019ind\u00e9pendance ainsi qu\u2019\u00e0 leur pleine souverainet\u00e9. Cette journ\u00e9e de c\u00e9l\u00e9bration est aussi une mani\u00e8re pour les Etats africains de rappeler aux diff\u00e9rents acteurs de la sc\u00e8ne internationale leur volont\u00e9 de se saisir des questions de paix, de d\u00e9mocratie et de droits humains.<\/p>\n\n\n\n<h2 class=\"wp-block-heading\" id=\"h-un-continent-qui-fait-face-a-de-nombreux-defis\"><strong>Un continent qui fait face \u00e0 de nombreux d\u00e9fis\u2026<\/strong><\/h2>\n\n\n\n<p>Aujourd&#8217;hui, plus que jamais, il est capital de tourner nos regards vers le continent africain et les multiples probl\u00e9matiques auxquelles ses populations sont confront\u00e9es.<strong> L\u2019Afrique concentre plus de 60 % des individus extr\u00eamement pauvres de la plan\u00e8te et <a href=\"https:\/\/www.banquemondiale.org\/fr\/region\/afr\/publication\/accelerating-poverty-reduction-in-africa-in-five-charts\">ce taux devrait grimper \u00e0 90 % d\u2019ici 2030<\/a>.<\/strong> De la crise climatique aux in\u00e9galit\u00e9s sociales, en passant par les crises sanitaires, l&#8217;Afrique fait face \u00e0 de nombreux d\u00e9fis.<\/p>\n\n\n\n<p>Le continent est en effet le plus vuln\u00e9rable face au changement climatique. <strong>Parmi les vingt pays les plus menac\u00e9s par cette crise, dix-sept se trouvent en Afrique. <\/strong>La s\u00e9cheresse repr\u00e9sente un risque majeur pour les pays d\u2019Afrique du Nord. <a href=\"https:\/\/news.un.org\/fr\/story\/2022\/09\/1126671#:~:text=Selon%20les%20estimations%2C%20le%20stress,personnes%20d'ici%20%C3%A0%202030.\">Pr\u00e8s de 700 millions de personnes \u00e0 travers l&#8217;Afrique pourraient \u00eatre d\u00e9plac\u00e9es<\/a> \u00e0 cause des p\u00e9nuries d\u2019eau d\u2019ici\u00a02030.<\/p>\n\n\n\n<p>Les in\u00e9galit\u00e9s \u00e9conomiques sont \u00e9galement omnipr\u00e9sentes, avec une concentration \u00e9lev\u00e9e en Afrique australe. <strong>Parmi les dix pays o\u00f9 les in\u00e9galit\u00e9s de richesse sont les plus \u00e9lev\u00e9es, <a href=\"https:\/\/www.uneca.org\/fr\/stories\/l%E2%80%99afrique-doit-endiguer-la-pauvret%C3%A9-et-les-in%C3%A9galit%C3%A9s-sociales-pour-atteindre-ses-objectifs\">sept se trouvent en Afrique australe et deux en Afrique de l\u2019Ouest.<\/a><\/strong><\/p>\n\n\n\n<p>A ces d\u00e9fis s&#8217;additionnent les probl\u00e8mes sanitaires qui sont une source de difficult\u00e9s consid\u00e9rables. Entre 2001 et 2022, <a href=\"https:\/\/www.un.org\/africarenewal\/fr\/magazine\/juillet-2022\/en-afrique-les-maladies-transmises-par-les-animaux-%C3%A0-lhomme-ont-bondi-de-63-au#:~:text=La%20maladie%20%C3%A0%20virus%20Ebola,maladies%20constituant%20les%2030%20%25%20restants.\">1 843 \u00e9v\u00e9nements de sant\u00e9 publique av\u00e9r\u00e9s ont \u00e9t\u00e9 enregistr\u00e9s dans la r\u00e9gion africaine<\/a> par l\u2019Organisation mondiale de la sant\u00e9 (OMS). Ne repr\u00e9sentant que 15 % de la population mondiale, <strong><a href=\"https:\/\/www.afdb.org\/fr\/topics-and-sectors\/sectors\/health\">l\u2019Afrique compte pourtant 50 % des d\u00e9c\u00e8s dus \u00e0 des maladies transmissibles<\/a> dans le monde.<\/strong> Cette situation r\u00e9sulte d\u2019un manque d\u2019acc\u00e8s aux services de sant\u00e9 de qualit\u00e9 et des p\u00e9nuries d&#8217;\u00e9quipements m\u00e9dicaux. Selon l\u2019OMS, les probl\u00e8mes de sant\u00e9 feraient perdre aux Etats africains <a href=\"https:\/\/www.afro.who.int\/fr\/news\/les-maladies-font-perdre-lafrique-24-billions-de-dollars-par-selon-loms\">quelque 2 400 milliards de dollars<\/a> de production chaque ann\u00e9e.<\/p>\n\n\n\n<h2 class=\"wp-block-heading\" id=\"h-mais-qui-a-egalement-le-potentiel-d-apporter-de-nombreuses-solutions\"><strong>\u2026mais qui a \u00e9galement le potentiel d\u2019apporter de nombreuses solutions<\/strong><\/h2>\n\n\n\n<p>Les pays d\u2019Afrique ont pourtant les ressources pour r\u00e9pondre \u00e0 ces enjeux et repr\u00e9sentent un potentiel \u00e9norme pour l\u2019\u00e9conomie mondiale. Dot\u00e9 de riches ressources naturelles, de la plus grande zone de libre-\u00e9change du monde et d&#8217;un march\u00e9 de 1,2 milliard de personnes, le continent a le potentiel de forger une nouvelle voie de d\u00e9veloppement, en exploitant le potentiel de ses ressources et de sa population, \u00e0 condition qu\u2019il b\u00e9n\u00e9ficie des investissements suffisants.<\/p>\n\n\n\n<p>L\u2019Afrique est une r\u00e9gion dynamique qui a enregistr\u00e9 une<a href=\"https:\/\/www.imf.org\/fr\/Publications\/REO\/SSA\/Issues\/2024\/04\/19\/regional-economic-outlook-for-sub-saharan-africa-april-2024\"> croissance \u00e9conomique moyenne de 3,4 % en 2023, qui devrait rebondir \u00e0 3,8 % en 2024 et est projet\u00e9e \u00e0 4 % pour 2025<\/a>.<strong> L\u2019Afrique a ainsi r\u00e9ussi \u00e0<a href=\"https:\/\/www.afd.fr\/fr\/ressources\/leconomie-africaine-2023\"> retrouver un rythme de croissance similaire \u00e0 celui avant la pand\u00e9mie<\/a> de COVID-19<\/strong> plus rapidement que d\u2019autres \u00e9conomies r\u00e9gionales, y compris certaines \u00e9conomies en d\u00e9veloppement.<\/p>\n\n\n\n<p>En plus de d\u2019une croissance prometteuse, l\u2019Afrique compte une population jeune en constante augmentation avec<a href=\"https:\/\/www.uneca.org\/fr\/stories\/3%C3%A8me-%C3%A9dition-de-la-conf%C3%A9rence-cnt-afrique-focus-sur-le-dividende-d%C3%A9mographique%2C-l'%C3%A9conomie\"> pr\u00e8s de 60 % de la population ayant moins de 25 ans<\/a>, <strong>ce qui en fait le continent le plus jeune du monde<\/strong>. Au cours des prochaines d\u00e9cennies, <a href=\"https:\/\/www.banquemondiale.org\/fr\/region\/afr\/overview\">jusqu\u2019\u00e0 12 millions de jeunes entreront chaque ann\u00e9e sur le march\u00e9 du travail africain<\/a>. La r\u00e9gion conna\u00eetra l\u2019augmentation la plus rapide de la population en \u00e2ge de travailler de toutes les r\u00e9gions du monde, avec une augmentation nette pr\u00e9vue de 740 millions de personnes d\u2019ici 2050, <strong>offrant un r\u00e9servoir de talents et un fort potentiel de consommateurs.<\/strong><\/p>\n\n\n\n<p>De nombreux pays africains poss\u00e8dent par ailleurs <strong>d\u2019importantes r\u00e9serves de min\u00e9raux et m\u00e9taux essentiels aux technologies \u00e9nerg\u00e9tiques propres<\/strong>. Ces ressources naturelles (p\u00e9trole, gaz et min\u00e9raux) offrent d&#8217;\u00e9normes possibilit\u00e9s \u00e9conomiques aux \u00e9conomies africaines pour leur transition vers une \u00e9conomie \u00e0 faible \u00e9mission de carbone, mais repr\u00e9sentent aussi un potentiel de revenus important permettant d\u2019am\u00e9liorer la viabilit\u00e9 des finances publiques et de la dette des pays africains.<\/p>\n\n\n\n<p>L\u2019Afrique subsaharienne se profile donc comme une r\u00e9gion en pleine mutation, offrant un \u00e9ventail riche et diversifi\u00e9 d\u2019opportunit\u00e9s pour l\u2019avenir.&nbsp;<\/p>\n\n\n\n<h2 class=\"wp-block-heading\" id=\"h-l-importance-d-un-partenariat-afrique-europe-solide\"><strong>L\u2019importance d\u2019un partenariat Afrique-Europe solide<\/strong><\/h2>\n\n\n\n<p>Les relations franco-africaines et les liens entre l&#8217;Union europ\u00e9enne et l&#8217;Afrique sont \u00e0 la fois solides et anciens. L&#8217;Union europ\u00e9enne est l&#8217;un des principaux partenaires commerciaux de l&#8217;Afrique. Cependant, \u00e0 un moment o\u00f9 l&#8217;Afrique est plus que jamais vuln\u00e9rable aux cons\u00e9quences climatiques et aux crises g\u00e9opolitiques, <strong>il est urgent de restaurer une coop\u00e9ration et une solidarit\u00e9 internationales robustes.<\/strong><\/p>\n\n\n\n<p>Qu&#8217;il s&#8217;agisse de lutter contre le changement climatique ou de garantir la s\u00e9curit\u00e9 sanitaire mondiale, l&#8217;Europe fait face \u00e0 des d\u00e9fis qu&#8217;elle ne peut r\u00e9soudre seule. Dans un partenariat d&#8217;\u00e9gal \u00e0 \u00e9gal, la France et l&#8217;Union europ\u00e9enne doivent renforcer leur coop\u00e9ration avec le continent africain, bas\u00e9e sur la confiance, le respect et la r\u00e9ciprocit\u00e9.<\/p>\n\n\n\n<p>Ce continent, compos\u00e9 de 54 pays aux cultures et histoires aussi riches et vari\u00e9es, abrite un potentiel inexplor\u00e9 et des opportunit\u00e9s consid\u00e9rables. <strong>\u00c0 l&#8217;approche des \u00e9lections europ\u00e9ennes, il est plus que n\u00e9cessaire d\u2019interpeller les futur\u00b7e\u00b7s eurod\u00e9put\u00e9\u00b7e\u00b7s.\u00a0<\/strong><\/p>\n\n\n\n<div class=\"wp-block-group oneorg-block-group oneorg-block-group-impact oneorg-block-group-impact--cta has-light-color has-dark-background-color has-text-color has-background has-global-padding is-layout-constrained wp-block-group-is-layout-constrained\">\n<div class=\"wp-block-group is-layout-flow wp-block-group-is-layout-flow\">\n<h2 class=\"wp-block-heading has-text-align-center has-neon-color has-text-color\" id=\"h-passez-a-l-action\">Passez \u00e0 l&#8217;action !<\/h2>\n\n\n\n<p class=\"has-text-align-center\">Rejoignez-nous et signez la p\u00e9tition pour appeler la nouvelle promotion parlementaire europ\u00e9enne \u00e0 collaborer avec les pays africains pour b\u00e2tir un avenir meilleur !<\/p>\n\n\n\n<div class=\"wp-block-buttons is-content-justification-center is-layout-flex wp-container-core-buttons-is-layout-a89b3969 wp-block-buttons-is-layout-flex\">\n<div class=\"wp-block-button\"><a class=\"wp-block-button__link wp-element-button\" href=\"https:\/\/act.one.org\/sign\/election-appel-fr-2024\">Je signe la p\u00e9tition<\/a><\/div>\n<\/div>\n<\/div>\n<\/div>\n\n\n\n<p><\/p>\n<div class=\"buffer\"><\/div>","protected":false},"excerpt":{"rendered":"<p>Ce billet de blog a \u00e9t\u00e9 r\u00e9dig\u00e9 par Laure-Alice Bacquaert, Ange Como\u00e9, Eug\u00e9nie Dumas et H\u00e9l\u00e8ne Faur\u00e9, jeunes Ambassadrices de ONE. Le 25 mai est la Journ\u00e9e mondiale de l\u2019Afrique. Cette date est l\u2019occasion pour le continent africain et le monde de c\u00e9l\u00e9brer la signature en 1963 des accords de l\u2019Organisation de l\u2019Unit\u00e9 Africaine, devenue [&hellip;]<\/p>\n","protected":false},"author":24,"featured_media":165624,"comment_status":"closed","ping_status":"closed","sticky":false,"template":"","format":"standard","meta":{"_acf_changed":false,"_relevanssi_hide_post":"","_relevanssi_hide_content":"","_relevanssi_pin_for_all":"","_relevanssi_pin_keywords":"","_relevanssi_unpin_keywords":"","_relevanssi_related_keywords":"","_relevanssi_related_include_ids":"","_relevanssi_related_exclude_ids":"","_relevanssi_related_no_append":"","_relevanssi_related_not_related":"","_relevanssi_related_posts":"162690,162567,162669,162698,162503,165026","_relevanssi_noindex_reason":"","footnotes":""},"categories":[82],"tags":[],"topic":[48,52],"contributor":[81],"one_content_audience":[],"one_content_type":[],"one_content_tone":[],"class_list":["post-165622","post","type-post","status-publish","format-standard","has-post-thumbnail","hentry","category-opinion","topic-jeunes-ambassadeurrices-de-one","topic-partenariat-europe-afrique","contributor-jeunes-ambassadrices-de-one"],"acf":[],"yoast_head":"<!-- This site is optimized with the Yoast SEO Premium plugin v27.1 (Yoast SEO v27.1.1) - https:\/\/yoast.com\/product\/yoast-seo-premium-wordpress\/ -->\n<title>Afrique : Un continent aux multiples facettes - ONE.org France<\/title>\n<meta name=\"description\" content=\"Si l&#039;Afrique fait face \u00e0 de nombreux d\u00e9fis, le continent est \u00e9galement dot\u00e9 d&#039;importantes ressources propices \u00e0 son d\u00e9veloppement.\" \/>\n<meta name=\"robots\" content=\"index, follow, max-snippet:-1, max-image-preview:large, max-video-preview:-1\" \/>\n<link rel=\"canonical\" href=\"https:\/\/www.one.org\/fr\/actualites\/afrique-un-continent-aux-multiples-facettes\/\" \/>\n<meta property=\"og:locale\" content=\"fr_FR\" \/>\n<meta property=\"og:type\" content=\"article\" \/>\n<meta property=\"og:title\" content=\"Afrique : Un continent aux multiples facettes\" \/>\n<meta property=\"og:description\" content=\"Si l&#039;Afrique fait face \u00e0 de nombreux d\u00e9fis, le continent est \u00e9galement dot\u00e9 d&#039;importantes ressources propices \u00e0 son d\u00e9veloppement.\" \/>\n<meta property=\"og:url\" content=\"https:\/\/www.one.org\/fr\/actualites\/afrique-un-continent-aux-multiples-facettes\/\" \/>\n<meta property=\"og:site_name\" content=\"ONE.org France\" \/>\n<meta property=\"article:publisher\" content=\"https:\/\/www.facebook.com\/ONE.Fr\" \/>\n<meta property=\"article:published_time\" content=\"2024-05-23T11:07:34+00:00\" \/>\n<meta property=\"article:modified_time\" content=\"2024-05-23T11:07:42+00:00\" \/>\n<meta property=\"og:image\" content=\"https:\/\/www.one.org\/fr\/wp-content\/uploads\/sites\/4\/2024\/05\/RS37916_AdobeStock_358826225-scaled.jpeg\" \/>\n\t<meta property=\"og:image:width\" content=\"2560\" \/>\n\t<meta property=\"og:image:height\" content=\"1703\" \/>\n\t<meta property=\"og:image:type\" content=\"image\/jpeg\" \/>\n<meta name=\"author\" content=\"Dana Khalil\" \/>\n<meta name=\"twitter:card\" content=\"summary_large_image\" \/>\n<meta name=\"twitter:description\" content=\"Si l&#039;Afrique fait face \u00e0 de nombreux d\u00e9fis, le continent est \u00e9galement dot\u00e9 d&#039;importantes ressources propices \u00e0 son d\u00e9veloppement.\" \/>\n<meta name=\"twitter:creator\" content=\"@one_fr\" \/>\n<meta name=\"twitter:site\" content=\"@one_fr\" \/>\n<meta name=\"twitter:label1\" content=\"Written by\" \/>\n\t<meta name=\"twitter:data1\" content=\"Dana Khalil\" \/>\n\t<meta name=\"twitter:label2\" content=\"Est. reading time\" \/>\n\t<meta name=\"twitter:data2\" content=\"5 minutes\" \/>\n<script type=\"application\/ld+json\" class=\"yoast-schema-graph\">{\"@context\":\"https:\/\/schema.org\",\"@graph\":[{\"@type\":\"Article\",\"@id\":\"https:\/\/www.one.org\/fr\/actualites\/afrique-un-continent-aux-multiples-facettes\/#article\",\"isPartOf\":{\"@id\":\"https:\/\/www.one.org\/fr\/actualites\/afrique-un-continent-aux-multiples-facettes\/\"},\"author\":{\"name\":\"Dana Khalil\",\"@id\":\"https:\/\/www.one.org\/fr\/#\/schema\/person\/cf1f30f9800f0592ec3d61940be82003\"},\"headline\":\"Afrique : Un continent aux multiples facettes\",\"datePublished\":\"2024-05-23T11:07:34+00:00\",\"dateModified\":\"2024-05-23T11:07:42+00:00\",\"mainEntityOfPage\":{\"@id\":\"https:\/\/www.one.org\/fr\/actualites\/afrique-un-continent-aux-multiples-facettes\/\"},\"wordCount\":1055,\"image\":{\"@id\":\"https:\/\/www.one.org\/fr\/actualites\/afrique-un-continent-aux-multiples-facettes\/#primaryimage\"},\"thumbnailUrl\":\"https:\/\/www.one.org\/fr\/wp-content\/uploads\/sites\/4\/2024\/05\/RS37916_AdobeStock_358826225-scaled.jpeg\",\"articleSection\":[\"Opinion\"],\"inLanguage\":\"fr-FR\"},{\"@type\":\"WebPage\",\"@id\":\"https:\/\/www.one.org\/fr\/actualites\/afrique-un-continent-aux-multiples-facettes\/\",\"url\":\"https:\/\/www.one.org\/fr\/actualites\/afrique-un-continent-aux-multiples-facettes\/\",\"name\":\"Afrique : Un continent aux multiples facettes - ONE.org France\",\"isPartOf\":{\"@id\":\"https:\/\/www.one.org\/fr\/#website\"},\"primaryImageOfPage\":{\"@id\":\"https:\/\/www.one.org\/fr\/actualites\/afrique-un-continent-aux-multiples-facettes\/#primaryimage\"},\"image\":{\"@id\":\"https:\/\/www.one.org\/fr\/actualites\/afrique-un-continent-aux-multiples-facettes\/#primaryimage\"},\"thumbnailUrl\":\"https:\/\/www.one.org\/fr\/wp-content\/uploads\/sites\/4\/2024\/05\/RS37916_AdobeStock_358826225-scaled.jpeg\",\"datePublished\":\"2024-05-23T11:07:34+00:00\",\"dateModified\":\"2024-05-23T11:07:42+00:00\",\"author\":{\"@id\":\"https:\/\/www.one.org\/fr\/#\/schema\/person\/cf1f30f9800f0592ec3d61940be82003\"},\"description\":\"Si l'Afrique fait face \u00e0 de nombreux d\u00e9fis, le continent est \u00e9galement dot\u00e9 d'importantes ressources propices \u00e0 son d\u00e9veloppement.\",\"breadcrumb\":{\"@id\":\"https:\/\/www.one.org\/fr\/actualites\/afrique-un-continent-aux-multiples-facettes\/#breadcrumb\"},\"inLanguage\":\"fr-FR\",\"potentialAction\":[{\"@type\":\"ReadAction\",\"target\":[\"https:\/\/www.one.org\/fr\/actualites\/afrique-un-continent-aux-multiples-facettes\/\"]}]},{\"@type\":\"ImageObject\",\"inLanguage\":\"fr-FR\",\"@id\":\"https:\/\/www.one.org\/fr\/actualites\/afrique-un-continent-aux-multiples-facettes\/#primaryimage\",\"url\":\"https:\/\/www.one.org\/fr\/wp-content\/uploads\/sites\/4\/2024\/05\/RS37916_AdobeStock_358826225-scaled.jpeg\",\"contentUrl\":\"https:\/\/www.one.org\/fr\/wp-content\/uploads\/sites\/4\/2024\/05\/RS37916_AdobeStock_358826225-scaled.jpeg\",\"width\":2560,\"height\":1703,\"caption\":\"African american technician checks the maintenance of the solar panels. Group of three black engineers meeting at solar station.\"},{\"@type\":\"BreadcrumbList\",\"@id\":\"https:\/\/www.one.org\/fr\/actualites\/afrique-un-continent-aux-multiples-facettes\/#breadcrumb\",\"itemListElement\":[{\"@type\":\"ListItem\",\"position\":1,\"name\":\"Home\",\"item\":\"https:\/\/www.one.org\/fr\/\"},{\"@type\":\"ListItem\",\"position\":2,\"name\":\"Afrique : Un continent aux multiples facettes\"}]},{\"@type\":\"WebSite\",\"@id\":\"https:\/\/www.one.org\/fr\/#website\",\"url\":\"https:\/\/www.one.org\/fr\/\",\"name\":\"ONE.org\",\"description\":\"Cr\u00e9er des opportunit\u00e9s \u00e9conomiques et am\u00e9liorer la sant\u00e9 en Afrique\",\"potentialAction\":[{\"@type\":\"SearchAction\",\"target\":{\"@type\":\"EntryPoint\",\"urlTemplate\":\"https:\/\/www.one.org\/fr\/?s={search_term_string}\"},\"query-input\":{\"@type\":\"PropertyValueSpecification\",\"valueRequired\":true,\"valueName\":\"search_term_string\"}}],\"inLanguage\":\"fr-FR\"},{\"@type\":\"Person\",\"@id\":\"https:\/\/www.one.org\/fr\/#\/schema\/person\/cf1f30f9800f0592ec3d61940be82003\",\"name\":\"Dana Khalil\",\"image\":{\"@type\":\"ImageObject\",\"inLanguage\":\"fr-FR\",\"@id\":\"https:\/\/www.one.org\/fr\/#\/schema\/person\/image\/\",\"url\":\"https:\/\/secure.gravatar.com\/avatar\/b0da536f00ccefadcc7aae4e64855977a5249adb1ac04162a69474e53a8d4c40?s=96&d=mm&r=g\",\"contentUrl\":\"https:\/\/secure.gravatar.com\/avatar\/b0da536f00ccefadcc7aae4e64855977a5249adb1ac04162a69474e53a8d4c40?s=96&d=mm&r=g\",\"caption\":\"Dana Khalil\"},\"url\":\"https:\/\/www.one.org\/fr\/actualites\/author\/danakhalil\/\"}]}<\/script>\n<!-- \/ Yoast SEO Premium plugin. -->","yoast_head_json":{"title":"Afrique : Un continent aux multiples facettes - ONE.org France","description":"Si l'Afrique fait face \u00e0 de nombreux d\u00e9fis, le continent est \u00e9galement dot\u00e9 d'importantes ressources propices \u00e0 son d\u00e9veloppement.","robots":{"index":"index","follow":"follow","max-snippet":"max-snippet:-1","max-image-preview":"max-image-preview:large","max-video-preview":"max-video-preview:-1"},"canonical":"https:\/\/www.one.org\/fr\/actualites\/afrique-un-continent-aux-multiples-facettes\/","og_locale":"fr_FR","og_type":"article","og_title":"Afrique : Un continent aux multiples facettes","og_description":"Si l'Afrique fait face \u00e0 de nombreux d\u00e9fis, le continent est \u00e9galement dot\u00e9 d'importantes ressources propices \u00e0 son d\u00e9veloppement.","og_url":"https:\/\/www.one.org\/fr\/actualites\/afrique-un-continent-aux-multiples-facettes\/","og_site_name":"ONE.org France","article_publisher":"https:\/\/www.facebook.com\/ONE.Fr","article_published_time":"2024-05-23T11:07:34+00:00","article_modified_time":"2024-05-23T11:07:42+00:00","og_image":[{"width":2560,"height":1703,"url":"https:\/\/www.one.org\/fr\/wp-content\/uploads\/sites\/4\/2024\/05\/RS37916_AdobeStock_358826225-scaled.jpeg","type":"image\/jpeg"}],"author":"Dana Khalil","twitter_card":"summary_large_image","twitter_description":"Si l'Afrique fait face \u00e0 de nombreux d\u00e9fis, le continent est \u00e9galement dot\u00e9 d'importantes ressources propices \u00e0 son d\u00e9veloppement.","twitter_creator":"@one_fr","twitter_site":"@one_fr","twitter_misc":{"Written by":"Dana Khalil","Est. reading time":"5 minutes"},"schema":{"@context":"https:\/\/schema.org","@graph":[{"@type":"Article","@id":"https:\/\/www.one.org\/fr\/actualites\/afrique-un-continent-aux-multiples-facettes\/#article","isPartOf":{"@id":"https:\/\/www.one.org\/fr\/actualites\/afrique-un-continent-aux-multiples-facettes\/"},"author":{"name":"Dana Khalil","@id":"https:\/\/www.one.org\/fr\/#\/schema\/person\/cf1f30f9800f0592ec3d61940be82003"},"headline":"Afrique : Un continent aux multiples facettes","datePublished":"2024-05-23T11:07:34+00:00","dateModified":"2024-05-23T11:07:42+00:00","mainEntityOfPage":{"@id":"https:\/\/www.one.org\/fr\/actualites\/afrique-un-continent-aux-multiples-facettes\/"},"wordCount":1055,"image":{"@id":"https:\/\/www.one.org\/fr\/actualites\/afrique-un-continent-aux-multiples-facettes\/#primaryimage"},"thumbnailUrl":"https:\/\/www.one.org\/fr\/wp-content\/uploads\/sites\/4\/2024\/05\/RS37916_AdobeStock_358826225-scaled.jpeg","articleSection":["Opinion"],"inLanguage":"fr-FR"},{"@type":"WebPage","@id":"https:\/\/www.one.org\/fr\/actualites\/afrique-un-continent-aux-multiples-facettes\/","url":"https:\/\/www.one.org\/fr\/actualites\/afrique-un-continent-aux-multiples-facettes\/","name":"Afrique : Un continent aux multiples facettes - ONE.org France","isPartOf":{"@id":"https:\/\/www.one.org\/fr\/#website"},"primaryImageOfPage":{"@id":"https:\/\/www.one.org\/fr\/actualites\/afrique-un-continent-aux-multiples-facettes\/#primaryimage"},"image":{"@id":"https:\/\/www.one.org\/fr\/actualites\/afrique-un-continent-aux-multiples-facettes\/#primaryimage"},"thumbnailUrl":"https:\/\/www.one.org\/fr\/wp-content\/uploads\/sites\/4\/2024\/05\/RS37916_AdobeStock_358826225-scaled.jpeg","datePublished":"2024-05-23T11:07:34+00:00","dateModified":"2024-05-23T11:07:42+00:00","author":{"@id":"https:\/\/www.one.org\/fr\/#\/schema\/person\/cf1f30f9800f0592ec3d61940be82003"},"description":"Si l'Afrique fait face \u00e0 de nombreux d\u00e9fis, le continent est \u00e9galement dot\u00e9 d'importantes ressources propices \u00e0 son d\u00e9veloppement.","breadcrumb":{"@id":"https:\/\/www.one.org\/fr\/actualites\/afrique-un-continent-aux-multiples-facettes\/#breadcrumb"},"inLanguage":"fr-FR","potentialAction":[{"@type":"ReadAction","target":["https:\/\/www.one.org\/fr\/actualites\/afrique-un-continent-aux-multiples-facettes\/"]}]},{"@type":"ImageObject","inLanguage":"fr-FR","@id":"https:\/\/www.one.org\/fr\/actualites\/afrique-un-continent-aux-multiples-facettes\/#primaryimage","url":"https:\/\/www.one.org\/fr\/wp-content\/uploads\/sites\/4\/2024\/05\/RS37916_AdobeStock_358826225-scaled.jpeg","contentUrl":"https:\/\/www.one.org\/fr\/wp-content\/uploads\/sites\/4\/2024\/05\/RS37916_AdobeStock_358826225-scaled.jpeg","width":2560,"height":1703,"caption":"African american technician checks the maintenance of the solar panels. Group of three black engineers meeting at solar station."},{"@type":"BreadcrumbList","@id":"https:\/\/www.one.org\/fr\/actualites\/afrique-un-continent-aux-multiples-facettes\/#breadcrumb","itemListElement":[{"@type":"ListItem","position":1,"name":"Home","item":"https:\/\/www.one.org\/fr\/"},{"@type":"ListItem","position":2,"name":"Afrique : Un continent aux multiples facettes"}]},{"@type":"WebSite","@id":"https:\/\/www.one.org\/fr\/#website","url":"https:\/\/www.one.org\/fr\/","name":"ONE.org","description":"Cr\u00e9er des opportunit\u00e9s \u00e9conomiques et am\u00e9liorer la sant\u00e9 en Afrique","potentialAction":[{"@type":"SearchAction","target":{"@type":"EntryPoint","urlTemplate":"https:\/\/www.one.org\/fr\/?s={search_term_string}"},"query-input":{"@type":"PropertyValueSpecification","valueRequired":true,"valueName":"search_term_string"}}],"inLanguage":"fr-FR"},{"@type":"Person","@id":"https:\/\/www.one.org\/fr\/#\/schema\/person\/cf1f30f9800f0592ec3d61940be82003","name":"Dana Khalil","image":{"@type":"ImageObject","inLanguage":"fr-FR","@id":"https:\/\/www.one.org\/fr\/#\/schema\/person\/image\/","url":"https:\/\/secure.gravatar.com\/avatar\/b0da536f00ccefadcc7aae4e64855977a5249adb1ac04162a69474e53a8d4c40?s=96&d=mm&r=g","contentUrl":"https:\/\/secure.gravatar.com\/avatar\/b0da536f00ccefadcc7aae4e64855977a5249adb1ac04162a69474e53a8d4c40?s=96&d=mm&r=g","caption":"Dana Khalil"},"url":"https:\/\/www.one.org\/fr\/actualites\/author\/danakhalil\/"}]}},"distributor_meta":false,"distributor_terms":false,"distributor_media":false,"distributor_original_site_name":"ONE.org France","distributor_original_site_url":"https:\/\/www.one.org\/fr","push-errors":false,"_links":{"self":[{"href":"https:\/\/www.one.org\/fr\/wp-json\/wp\/v2\/posts\/165622","targetHints":{"allow":["GET"]}}],"collection":[{"href":"https:\/\/www.one.org\/fr\/wp-json\/wp\/v2\/posts"}],"about":[{"href":"https:\/\/www.one.org\/fr\/wp-json\/wp\/v2\/types\/post"}],"author":[{"embeddable":true,"href":"https:\/\/www.one.org\/fr\/wp-json\/wp\/v2\/users\/24"}],"replies":[{"embeddable":true,"href":"https:\/\/www.one.org\/fr\/wp-json\/wp\/v2\/comments?post=165622"}],"version-history":[{"count":0,"href":"https:\/\/www.one.org\/fr\/wp-json\/wp\/v2\/posts\/165622\/revisions"}],"wp:featuredmedia":[{"embeddable":true,"href":"https:\/\/www.one.org\/fr\/wp-json\/wp\/v2\/media\/165624"}],"wp:attachment":[{"href":"https:\/\/www.one.org\/fr\/wp-json\/wp\/v2\/media?parent=165622"}],"wp:term":[{"taxonomy":"category","embeddable":true,"href":"https:\/\/www.one.org\/fr\/wp-json\/wp\/v2\/categories?post=165622"},{"taxonomy":"post_tag","embeddable":true,"href":"https:\/\/www.one.org\/fr\/wp-json\/wp\/v2\/tags?post=165622"},{"taxonomy":"topic","embeddable":true,"href":"https:\/\/www.one.org\/fr\/wp-json\/wp\/v2\/topic?post=165622"},{"taxonomy":"contributor","embeddable":true,"href":"https:\/\/www.one.org\/fr\/wp-json\/wp\/v2\/contributor?post=165622"},{"taxonomy":"one_content_audience","embeddable":true,"href":"https:\/\/www.one.org\/fr\/wp-json\/wp\/v2\/one_content_audience?post=165622"},{"taxonomy":"one_content_type","embeddable":true,"href":"https:\/\/www.one.org\/fr\/wp-json\/wp\/v2\/one_content_type?post=165622"},{"taxonomy":"one_content_tone","embeddable":true,"href":"https:\/\/www.one.org\/fr\/wp-json\/wp\/v2\/one_content_tone?post=165622"}],"curies":[{"name":"wp","href":"https:\/\/api.w.org\/{rel}","templated":true}]}}