{"id":165022,"date":"2023-12-05T11:02:25","date_gmt":"2023-12-05T11:02:25","guid":{"rendered":"https:\/\/www.one.org\/fr\/?p=165022"},"modified":"2023-12-05T11:06:22","modified_gmt":"2023-12-05T11:06:22","slug":"temoignages-jeunes-ambassadeurs","status":"publish","type":"post","link":"https:\/\/www.one.org\/fr\/actualites\/temoignages-jeunes-ambassadeurs\/","title":{"rendered":"Toi aussi, tu peux agir avec ONE !"},"content":{"rendered":"\n<p><em>Ce billet de blog a \u00e9t\u00e9 r\u00e9dig\u00e9 par Eva, Abir, Arnaud, Mathilde, Laila et Claire, jeunes Ambassadrices et Ambassadeur de ONE.<\/em><\/p>\n\n\n\n<p>Chez ONE, la voix des jeunes est primordiale. En France, nous sommes 55 \u00e0 faire partie du programme des jeunes Ambassadeurs et Ambassadrices. Ce programme nous permet de nous engager pendant un an pour la lutte contre l&#8217;extr\u00eame pauvret\u00e9 et les maladies \u00e9vitables, essentiellement en Afrique.<\/p>\n\n\n\n<h3 class=\"wp-block-heading\" id=\"h-le-plaidoyer-est-au-coeur-de-notre-engagement\"><strong>Le plaidoyer est au c\u0153ur de notre engagement<\/strong><\/h3>\n\n\n\n<p>Nous donnons voix aux enjeux cruciaux de l&#8217;extr\u00eame pauvret\u00e9, de l&#8217;\u00e9ducation, de la sant\u00e9 et de l&#8217;\u00e9galit\u00e9, portant ces questions avec force et d\u00e9termination. Tout au long de l\u2019ann\u00e9e, nous allons \u00e0 la rencontre des \u00e9lu\u00b7e\u00b7s, des dirigeant\u00b7e\u00b7s politiques et des citoyen\u00b7ne\u00b7s pour les convaincre d\u2019agir, chacun\u00b7e \u00e0 leur niveau, contre les in\u00e9galit\u00e9s mondiales.<\/p>\n\n\n\n<p>Nous sommes convaincu\u00b7e\u00b7s chez ONE que l&#8217;endroit o\u00f9 l&#8217;on vit ne devrait pas d\u00e9terminer si l&#8217;on peut vivre et si l&#8217;on peut ou non avoir acc\u00e8s aux services de base, comme la sant\u00e9 ou l&#8217;\u00e9ducation. En cela, nous interpellons les dirigeant\u00b7e\u00b7s du monde entier \u00e0 rendre des comptes sur leur inaction et \u00e0 faire preuve de plus de solidarit\u00e9 envers les personnes vivant dans les pays \u00e0 faible revenu.&nbsp;<\/p>\n\n\n\n<p>Les r\u00e9seaux sociaux sont l\u2019un de nos outils privil\u00e9gi\u00e9s pour amplifier ces messages, mobiliser des communaut\u00e9s et susciter des conversations indispensables pour sensibiliser et inspirer le changement. Impliqu\u00e9\u00b7e\u00b7s activement dans les campagnes de ONE, <strong>nous apportons notre \u00e9nergie et notre cr\u00e9ativit\u00e9 pour encourager l&#8217;action concr\u00e8te<\/strong>, invitant chacun\u00b7e \u00e0 se joindre \u00e0 cette cause et \u00e0 contribuer \u00e0 b\u00e2tir un avenir plus juste et solidaire.<\/p>\n\n\n\n<h3 class=\"wp-block-heading\" id=\"h-retour-sur-une-annee-riche-en-actions\"><strong>Retour sur une ann\u00e9e riche en actions<\/strong><\/h3>\n\n\n\n<p>L&#8217;ann\u00e9e a \u00e9t\u00e9 marqu\u00e9e par une s\u00e9rie de moments cl\u00e9s pour ONE. Au mois de mars, la promotion 2023 des jeunes Ambassadeurs et Ambassadrices a particip\u00e9 \u00e0 un <strong><a href=\"https:\/\/www.one.org\/fr\/actualites\/55-jeunes-contre-extreme-pauvrete-2023\/\">week-end de lancement inspirant et formateur<\/a><\/strong>, donnant le coup d\u2019envoi \u00e0 une ann\u00e9e d&#8217;actions significatives. C&#8217;\u00e9tait un moment o\u00f9 nous avons plong\u00e9 dans la mission et les valeurs de l&#8217;organisation, d\u00e9couvrant un r\u00e9seau de personnes engag\u00e9es partageant une passion commune pour le changement.&nbsp;<\/p>\n\n\n\n<p>Entre mars et juin, <strong>nous avons rencontr\u00e9 de nombreux repr\u00e9sentant\u00b7e\u00b7s du gouvernement<\/strong> en amont du Sommet pour un nouveau pacte financier mondial, qui s&#8217;est tenu les 22 et 23 juin \u00e0 Paris. Nous avons \u00e9chang\u00e9 avec Chrysoula Zacharopoulou, secr\u00e9taire d\u2019Etat au D\u00e9veloppement international, les conseiller\u00b7e\u00b7s de la Premi\u00e8re ministre Elisabeth Borne, du ministre de l\u2019Economie et des Finances Bruno Le Maire et de la ministre de l&#8217;Europe et des Affaires \u00e9trang\u00e8res Catherine Colonna, et, enfin, <strong>le Pr\u00e9sident Emmanuel Macron en personne<\/strong>.<\/p>\n\n\n\n<figure class=\"wp-block-image aligncenter size-large is-resized\"><img loading=\"lazy\" decoding=\"async\" width=\"1024\" height=\"768\" src=\"https:\/\/www.one.org\/fr\/wp-content\/uploads\/sites\/4\/2023\/10\/FyruXPRWIAAe0kE-1-1024x768.jpg\" alt=\"Trois jeunes Ambassadrices de ONE rencontrent le Pr\u00e9sident Emmanuel Macron.\" class=\"wp-image-163648\" style=\"aspect-ratio:1.3333333333333333;width:551px;height:auto\" srcset=\"https:\/\/www.one.org\/fr\/wp-content\/uploads\/sites\/4\/2023\/10\/FyruXPRWIAAe0kE-1-1024x768.jpg 1024w, https:\/\/www.one.org\/fr\/wp-content\/uploads\/sites\/4\/2023\/10\/FyruXPRWIAAe0kE-1-300x225.jpg 300w, https:\/\/www.one.org\/fr\/wp-content\/uploads\/sites\/4\/2023\/10\/FyruXPRWIAAe0kE-1-768x576.jpg 768w, https:\/\/www.one.org\/fr\/wp-content\/uploads\/sites\/4\/2023\/10\/FyruXPRWIAAe0kE-1-16x12.jpg 16w, https:\/\/www.one.org\/fr\/wp-content\/uploads\/sites\/4\/2023\/10\/FyruXPRWIAAe0kE-1-320x240.jpg 320w, https:\/\/www.one.org\/fr\/wp-content\/uploads\/sites\/4\/2023\/10\/FyruXPRWIAAe0kE-1-640x480.jpg 640w, https:\/\/www.one.org\/fr\/wp-content\/uploads\/sites\/4\/2023\/10\/FyruXPRWIAAe0kE-1-800x600.jpg 800w, https:\/\/www.one.org\/fr\/wp-content\/uploads\/sites\/4\/2023\/10\/FyruXPRWIAAe0kE-1-840x630.jpg 840w, https:\/\/www.one.org\/fr\/wp-content\/uploads\/sites\/4\/2023\/10\/FyruXPRWIAAe0kE-1.jpg 1400w\" sizes=\"auto, (max-width: 1024px) 100vw, 1024px\" \/><\/figure>\n\n\n\n<p>Ce Sommet, auquel trois jeunes Ambassadrices ont pu assister, <a href=\"https:\/\/www.one.org\/fr\/actualites\/nouveau-pacte-financier-mondial\/\">\u00e9tait tr\u00e8s attendu<\/a> puisqu&#8217;il visait \u00e0 r\u00e9unir les acteurs et actrices \u00e9conomiques et politiques ayant un r\u00f4le \u00e0 jouer dans la r\u00e9action internationale face \u00e0 la convergence des crises actuelles, qui affectent tout particuli\u00e8rement les pays \u00e0 faible revenu. En parall\u00e8le de ce Sommet, nous nous sommes mobilis\u00e9\u00b7e\u00b7s, \u00e0 Paris et sur les r\u00e9seaux sociaux, afin <strong>d&#8217;attirer l&#8217;attention du grand public<\/strong> sur la responsabilit\u00e9 des pays \u00e0 revenu \u00e9lev\u00e9 dans les in\u00e9galit\u00e9s dont souffre injustement toute une partie de la population mondiale.<\/p>\n\n\n\n<figure class=\"wp-block-image aligncenter size-large is-resized\"><img loading=\"lazy\" decoding=\"async\" width=\"1024\" height=\"536\" src=\"https:\/\/www.one.org\/fr\/wp-content\/uploads\/sites\/4\/2023\/11\/FTT_2023_petition_1200x628_fr-1024x536.png\" alt=\"Les jeunes Ambassadeurs et Ambassadrices se mobilisent place de la R\u00e9publique en amont du Sommet pour un nouveau pacte financier mondial.\" class=\"wp-image-164815\" style=\"aspect-ratio:1.9104477611940298;width:1024px;height:auto\" srcset=\"https:\/\/www.one.org\/fr\/wp-content\/uploads\/sites\/4\/2023\/11\/FTT_2023_petition_1200x628_fr-1024x536.png 1024w, https:\/\/www.one.org\/fr\/wp-content\/uploads\/sites\/4\/2023\/11\/FTT_2023_petition_1200x628_fr-300x157.png 300w, https:\/\/www.one.org\/fr\/wp-content\/uploads\/sites\/4\/2023\/11\/FTT_2023_petition_1200x628_fr-768x402.png 768w, https:\/\/www.one.org\/fr\/wp-content\/uploads\/sites\/4\/2023\/11\/FTT_2023_petition_1200x628_fr-16x8.png 16w, https:\/\/www.one.org\/fr\/wp-content\/uploads\/sites\/4\/2023\/11\/FTT_2023_petition_1200x628_fr-320x167.png 320w, https:\/\/www.one.org\/fr\/wp-content\/uploads\/sites\/4\/2023\/11\/FTT_2023_petition_1200x628_fr-640x335.png 640w, https:\/\/www.one.org\/fr\/wp-content\/uploads\/sites\/4\/2023\/11\/FTT_2023_petition_1200x628_fr-800x419.png 800w, https:\/\/www.one.org\/fr\/wp-content\/uploads\/sites\/4\/2023\/11\/FTT_2023_petition_1200x628_fr.png 1200w\" sizes=\"auto, (max-width: 1024px) 100vw, 1024px\" \/><figcaption class=\"wp-element-caption\">\u00a9 Vincent Jarousseau<\/figcaption><\/figure>\n\n\n\n<p>Durant l\u2019\u00e9t\u00e9, <strong>nous avons particip\u00e9 aux festivals Les D\u00e9ferlantes et Lollapalooza <\/strong>pour aller \u00e0 la rencontre de milliers de citoyen\u00b7ne\u00b7s et les sensibiliser aux causes que nous d\u00e9fendons \u00e0 travers des jeux p\u00e9dagogiques et ludiques. Les festivals repr\u00e9sentent des moments de connexion authentique avec le public, o\u00f9 nous avons l\u2019opportunit\u00e9 d&#8217;exprimer les messages cl\u00e9s de ONE de mani\u00e8re cr\u00e9ative.<\/p>\n\n\n\n<figure style=\"aspect-ratio: 1 \/ 1;\" class=\"wp-block-embed is-type-rich is-provider-twitter wp-block-embed-twitter has-aspect-ratio is-ratio--square is-ratio--default\"><div class=\"wp-block-embed__wrapper\">\n<blockquote class=\"twitter-tweet\" data-width=\"500\" data-dnt=\"true\"><p lang=\"fr\" dir=\"ltr\">Merci pour votre pr\u00e9sence tout au long des festivals cet \u00e9t\u00e9?<br><br>Au gr\u00e9 des activit\u00e9s propos\u00e9es, nous avons pu vous faire d\u00e9couvrir diff\u00e9rents enjeux de la solidarit\u00e9 internationale dans la joie et la bonne humeur !<br><br>\u00c0 l&#39;ann\u00e9e prochaine pour une nouvelle tourn\u00e9e des festivals ? <a href=\"https:\/\/t.co\/7Sclt2QHGC\">pic.twitter.com\/7Sclt2QHGC<\/a><\/p>&mdash; ONE France (@ONE_Fr) <a href=\"https:\/\/twitter.com\/ONE_Fr\/status\/1683855625661616128?ref_src=twsrc%5Etfw\">July 25, 2023<\/a><\/blockquote><script async src=\"https:\/\/platform.twitter.com\/widgets.js\" charset=\"utf-8\"><\/script>\n<\/div><\/figure>\n\n\n\n<p>Entre septembre et octobre, <strong>nous avons contact\u00e9 plus de 120 d\u00e9put\u00e9\u00b7e\u00b7s<\/strong> afin de les rencontrer <a href=\"https:\/\/www.one.org\/fr\/actualites\/journees-plaidoyer-2023\/\">lors de nos Journ\u00e9es de plaidoyer<\/a>, qui se tenaient les 9 et 10 octobre \u00e0 l\u2019Assembl\u00e9e nationale en amont du vote du Projet de loi de finances (PLF), qui d\u00e9finit le budget annuel de la France. Au total, <strong>nous avons rencontr\u00e9 une vingtaine de d\u00e9put\u00e9\u00b7e\u00b7s<\/strong> de divers partis afin d\u2019\u00e9changer avec eux sur le renforcement de la taxe sur les transactions financi\u00e8res, dont les recettes sont en partie revers\u00e9es \u00e0 l\u2019aide publique au d\u00e9veloppement.<\/p>\n\n\n\n<figure class=\"wp-block-image aligncenter size-large is-resized\"><img loading=\"lazy\" decoding=\"async\" width=\"1024\" height=\"585\" src=\"https:\/\/www.one.org\/fr\/wp-content\/uploads\/sites\/4\/2023\/10\/Lobby-Days-2023-collage-1-1024x585.png\" alt=\"Les jeunes Ambassadeurs et Ambassadrices rencontrent une vingtaine de d\u00e9put\u00e9\u00b7e\u00b7s.\" class=\"wp-image-163759\" style=\"aspect-ratio:1.7504273504273504;width:758px;height:auto\" srcset=\"https:\/\/www.one.org\/fr\/wp-content\/uploads\/sites\/4\/2023\/10\/Lobby-Days-2023-collage-1-1024x585.png 1024w, https:\/\/www.one.org\/fr\/wp-content\/uploads\/sites\/4\/2023\/10\/Lobby-Days-2023-collage-1-300x171.png 300w, https:\/\/www.one.org\/fr\/wp-content\/uploads\/sites\/4\/2023\/10\/Lobby-Days-2023-collage-1-768x438.png 768w, https:\/\/www.one.org\/fr\/wp-content\/uploads\/sites\/4\/2023\/10\/Lobby-Days-2023-collage-1-16x9.png 16w, https:\/\/www.one.org\/fr\/wp-content\/uploads\/sites\/4\/2023\/10\/Lobby-Days-2023-collage-1-320x183.png 320w, https:\/\/www.one.org\/fr\/wp-content\/uploads\/sites\/4\/2023\/10\/Lobby-Days-2023-collage-1-640x365.png 640w, https:\/\/www.one.org\/fr\/wp-content\/uploads\/sites\/4\/2023\/10\/Lobby-Days-2023-collage-1-800x457.png 800w, https:\/\/www.one.org\/fr\/wp-content\/uploads\/sites\/4\/2023\/10\/Lobby-Days-2023-collage-1.png 1100w\" sizes=\"auto, (max-width: 1024px) 100vw, 1024px\" \/><\/figure>\n\n\n\n<p>ONE nous offre \u00e9galement l&#8217;opportunit\u00e9 de partager avec d&#8217;autres jeunes engag\u00e9\u00b7e\u00b7s des techniques et m\u00e9thodes efficaces pour persuader les d\u00e9cideurs et d\u00e9cideuses politiques. Cela s&#8217;est illustr\u00e9 en septembre, lorsqu&#8217;Arnaud, jeune Ambassadeur, s&#8217;est rendu \u00e0 Cologne, en Allemagne. Il y a <strong>anim\u00e9 un atelier sur les m\u00e9thodes de plaidoyer en mati\u00e8re de justice sociale<\/strong>, dans le cadre d&#8217;un \u00e9v\u00e9nement rassemblant 300 jeunes franco-allemands. Une belle occasion pour Arnaud de transmettre ses connaissances et d&#8217;encourager l&#8217;engagement des jeunes dans les enjeux sociaux importants. Cette exp\u00e9rience, qu&#8217;Arnaud qualifie d&#8217;enrichissante, repr\u00e9sente une mani\u00e8re pour les jeunes de contribuer au d\u00e9veloppement de leurs pairs, les \u00e9quipant pour agir et provoquer un changement positif.<\/p>\n\n\n\n<h3 class=\"wp-block-heading\" id=\"h-les-temoignages-de-jeunes-ambassadeurs-et-ambassadrices-de-one\"><strong>Les t\u00e9moignages de jeunes Ambassadeurs et Ambassadrices de ONE<\/strong><\/h3>\n\n\n\n<figure class=\"wp-block-pullquote\"><blockquote><p>Le programme des jeunes Ambassadeurs et Ambassadrices m&#8217;a beaucoup appris aux c\u00f4t\u00e9s de nombreuses personnes inspirantes. J&#8217;ai d\u00e9cid\u00e9 de m&#8217;engager pour contribuer \u00e0 mon \u00e9chelle \u00e0 lutter contre les injustices mondiales afin d&#8217;amplifier les voix des personnes qui ne sont pas entendues et demander aux dirigeant\u00b7e\u00b7s des pays \u00e0 revenu \u00e9lev\u00e9 de rendre des comptes sur leur inaction dans le domaine de la solidarit\u00e9 internationale. Ces deux derni\u00e8res ann\u00e9es au sein de ONE m&#8217;ont permis de d\u00e9velopper de nombreuses comp\u00e9tences de plaidoyer et de nombreuses connaissances dans les domaines de la lutte contre l&#8217;extr\u00eame pauvret\u00e9 et les maladies \u00e9vitables. J&#8217;ai pu mettre celles-ci en pratique lors de nombreuses actions de rencontres du grand public que nous avons pu mener, au cours d&#8217;interviews que j&#8217;ai pu r\u00e9aliser pour plusieurs m\u00e9dias ou encore lors de rencontres avec des d\u00e9put\u00e9\u00b7e\u00b7s et \u00e9lu\u00b7e\u00b7s locaux. Enfin, <strong>le programme m&#8217;a permis de rencontrer des personnes qui ont donn\u00e9 un sens \u00e0 mon engagement<\/strong> et m&#8217;ont donn\u00e9 envie de continuer \u00e0 lutter toute ma vie pour que chacun\u00b7e puisse vivre une vie digne et plein de possibilit\u00e9s, peu importe son pays de r\u00e9sidence, son \u00e2ge, son genre ou encore sa couleur de peau.&nbsp;<\/p><cite>Eva, jeune ambassadrice<\/cite><\/blockquote><\/figure>\n\n\n\n<figure class=\"wp-block-pullquote\"><blockquote><p>Je me suis engag\u00e9e avec ONE car je crois fermement en son engagement \u00e0 lutter contre l&#8217;extr\u00eame pauvret\u00e9 et les in\u00e9galit\u00e9s dans le monde. La possibilit\u00e9 de contribuer activement \u00e0 des causes qui me tiennent \u00e0 c\u0153ur a \u00e9t\u00e9 le moteur de mon engagement. <strong>Ce programme m&#8217;a offert une plateforme pour donner voix \u00e0 mes convictions et pour agir concr\u00e8tement en faveur du changement social. <\/strong>Il m&#8217;a permis de travailler avec des personnes inspirantes et de b\u00e9n\u00e9ficier de ressources pour mieux comprendre les enjeux mondiaux. J&#8217;ai appris l&#8217;importance du plaidoyer et de l&#8217;activisme pour influencer les politiques et susciter un impact tangible. J&#8217;ai \u00e9galement acquis une compr\u00e9hension plus approfondie des d\u00e9fis auxquels font face les communaut\u00e9s d\u00e9favoris\u00e9es \u00e0 travers le monde. Ce programme m&#8217;a aussi permis de d\u00e9velopper mes comp\u00e9tences en communication, en plaidoyer et en mobilisation communautaire. J&#8217;ai appris \u00e0 \u00e9laborer des strat\u00e9gies efficaces pour sensibiliser et mobiliser les autres autour de questions cruciales gr\u00e2ce aux diff\u00e9rentes s\u00e9ances de formation propos\u00e9es par ONE. Ces sessions m&#8217;ont permis d&#8217;explorer divers aspects de la lutte contre la pauvret\u00e9 et les in\u00e9galit\u00e9s, avec des experts partageant leurs connaissances et exp\u00e9riences.<\/p><cite>abir, jeune ambassadrice<\/cite><\/blockquote><\/figure>\n\n\n\n<h3 class=\"wp-block-heading\" id=\"h-vous-aussi-vous-pouvez-agir\"><strong>Vous aussi, vous pouvez agir !<\/strong><\/h3>\n\n\n\n<p>Faire partie du programme des jeunes Ambassadeurs et Ambassadrices de ONE nous a permis de nous sentir pleinement impliqu\u00e9\u00b7e\u00b7s, de partager notre engagement avec d&#8217;autres et de ressentir l&#8217;impact concret de nos actions collectives. Ces moments resteront \u00e0 jamais grav\u00e9s dans notre m\u00e9moire, alimentant notre d\u00e9termination \u00e0 poursuivre cet engagement pour un monde meilleur.<\/p>\n\n\n\n<p>Nous recommandons ce programme \u00e0 d&#8217;autres jeunes car il offre une opportunit\u00e9 inestimable de contribuer \u00e0 des causes humanitaires importantes. C&#8217;est une chance de faire partie d&#8217;un mouvement mondial et de faire une r\u00e9elle diff\u00e9rence dans le monde. <strong>Ce programme vous permet de mettre en pratique vos convictions et d&#8217;apprendre en agissant, ce qui est une exp\u00e9rience incroyablement enrichissante.<\/strong><\/p>\n\n\n\n<p>Si toi aussi tu souhaites t\u2019engager de mani\u00e8re active dans la lutte contre l\u2019extr\u00eame pauvret\u00e9 et les in\u00e9galit\u00e9s mondiales, n&#8217;h\u00e9site plus et deviens toi aussi jeune Ambassadeur ou Ambassadrice de ONE en 2024 pour agir en tant que citoyen\u00b7ne engag\u00e9\u00b7e pour la cause !<\/p>\n\n\n\n<div class=\"wp-block-buttons is-content-justification-center is-layout-flex wp-container-core-buttons-is-layout-a89b3969 wp-block-buttons-is-layout-flex\">\n<div class=\"wp-block-button\"><a class=\"wp-block-button__link wp-element-button\" href=\"https:\/\/act.one.org\/survey\/jeunes-ambassadeurs-2024\/\">JE POSTULE<\/a><\/div>\n<\/div>\n\n\n\n<div class=\"wp-block-group oneorg-block-group oneorg-block-group-impact oneorg-block-group-impact--cta has-light-color has-dark-background-color has-text-color has-background has-global-padding is-layout-constrained wp-block-group-is-layout-constrained\">\n<div class=\"wp-block-group is-layout-flow wp-block-group-is-layout-flow\">\n<h2 class=\"wp-block-heading has-text-align-center has-neon-color has-text-color\">Passez \u00e0 l&#8217;action !<\/h2>\n\n\n\n<p class=\"has-text-align-center\">Consultez les campagnes en cours de ONE, signez les p\u00e9titions et partagez-les autour de vous. Ensemble, faisons la diff\u00e9rence !<\/p>\n\n\n\n<div class=\"wp-block-buttons is-content-justification-center is-layout-flex wp-container-core-buttons-is-layout-a89b3969 wp-block-buttons-is-layout-flex\">\n<div class=\"wp-block-button\"><a class=\"wp-block-button__link wp-element-button\" href=\"https:\/\/www.one.org\/fr\/agir\/passez-a-laction\/\">Nos campagnes en cours<\/a><\/div>\n<\/div>\n<\/div>\n<\/div>\n<div class=\"buffer\"><\/div>","protected":false},"excerpt":{"rendered":"<p>Six jeunes Ambassadeurs et Ambassadrices de ONE t\u00e9moignent de leur exp\u00e9rience.<\/p>\n","protected":false},"author":24,"featured_media":163648,"comment_status":"closed","ping_status":"closed","sticky":false,"template":"","format":"standard","meta":{"_acf_changed":false,"_relevanssi_hide_post":"","_relevanssi_hide_content":"","_relevanssi_pin_for_all":"","_relevanssi_pin_keywords":"","_relevanssi_unpin_keywords":"","_relevanssi_related_keywords":"","_relevanssi_related_include_ids":"","_relevanssi_related_exclude_ids":"","_relevanssi_related_no_append":"","_relevanssi_related_not_related":"","_relevanssi_related_posts":"162581,162573,162471,162677,162593,162514","_relevanssi_noindex_reason":"","footnotes":""},"categories":[76],"tags":[],"topic":[48],"contributor":[49],"one_content_audience":[],"one_content_type":[],"one_content_tone":[],"class_list":["post-165022","post","type-post","status-publish","format-standard","has-post-thumbnail","hentry","category-campagnes","topic-jeunes-ambassadeurrices-de-one","contributor-jeunes-ambassadeur-rice-s-de-one"],"acf":[],"yoast_head":"<!-- This site is optimized with the Yoast SEO Premium plugin v27.1 (Yoast SEO v27.1.1) - https:\/\/yoast.com\/product\/yoast-seo-premium-wordpress\/ -->\n<title>Toi aussi, tu peux agir avec ONE ! - ONE.org France<\/title>\n<meta name=\"description\" content=\"Six jeunes Ambassadeurs et Ambassadrices de ONE t\u00e9moignent de leur exp\u00e9rience au sein du programme de b\u00e9n\u00e9volat.\" \/>\n<meta name=\"robots\" content=\"index, follow, max-snippet:-1, max-image-preview:large, max-video-preview:-1\" \/>\n<link rel=\"canonical\" href=\"https:\/\/www.one.org\/fr\/actualites\/temoignages-jeunes-ambassadeurs\/\" \/>\n<meta property=\"og:locale\" content=\"fr_FR\" \/>\n<meta property=\"og:type\" content=\"article\" \/>\n<meta property=\"og:title\" content=\"Toi aussi, tu peux agir avec ONE !\" \/>\n<meta property=\"og:description\" content=\"Six jeunes Ambassadeurs et Ambassadrices de ONE partagent leur exp\u00e9rience.\" \/>\n<meta property=\"og:url\" content=\"https:\/\/www.one.org\/fr\/actualites\/temoignages-jeunes-ambassadeurs\/\" \/>\n<meta property=\"og:site_name\" content=\"ONE.org France\" \/>\n<meta property=\"article:publisher\" content=\"https:\/\/www.facebook.com\/ONE.Fr\" \/>\n<meta property=\"article:published_time\" content=\"2023-12-05T11:02:25+00:00\" \/>\n<meta property=\"article:modified_time\" content=\"2023-12-05T11:06:22+00:00\" \/>\n<meta property=\"og:image\" content=\"https:\/\/www.one.org\/fr\/wp-content\/uploads\/sites\/4\/2023\/10\/FyruXPRWIAAe0kE-1.jpg\" \/>\n\t<meta property=\"og:image:width\" content=\"1400\" \/>\n\t<meta property=\"og:image:height\" content=\"1050\" \/>\n\t<meta property=\"og:image:type\" content=\"image\/jpeg\" \/>\n<meta name=\"author\" content=\"Dana Khalil\" \/>\n<meta name=\"twitter:card\" content=\"summary_large_image\" \/>\n<meta name=\"twitter:description\" content=\"Six jeunes Ambassadeurs et Ambassadrices de ONE patagent leur exp\u00e9rience.\" \/>\n<meta name=\"twitter:creator\" content=\"@one_fr\" \/>\n<meta name=\"twitter:site\" content=\"@one_fr\" \/>\n<meta name=\"twitter:label1\" content=\"Written by\" \/>\n\t<meta name=\"twitter:data1\" content=\"Dana Khalil\" \/>\n\t<meta name=\"twitter:label2\" content=\"Est. reading time\" \/>\n\t<meta name=\"twitter:data2\" content=\"5 minutes\" \/>\n<script type=\"application\/ld+json\" class=\"yoast-schema-graph\">{\"@context\":\"https:\/\/schema.org\",\"@graph\":[{\"@type\":\"Article\",\"@id\":\"https:\/\/www.one.org\/fr\/actualites\/temoignages-jeunes-ambassadeurs\/#article\",\"isPartOf\":{\"@id\":\"https:\/\/www.one.org\/fr\/actualites\/temoignages-jeunes-ambassadeurs\/\"},\"author\":{\"name\":\"Dana Khalil\",\"@id\":\"https:\/\/www.one.org\/fr\/#\/schema\/person\/cf1f30f9800f0592ec3d61940be82003\"},\"headline\":\"Toi aussi, tu peux agir avec ONE !\",\"datePublished\":\"2023-12-05T11:02:25+00:00\",\"dateModified\":\"2023-12-05T11:06:22+00:00\",\"mainEntityOfPage\":{\"@id\":\"https:\/\/www.one.org\/fr\/actualites\/temoignages-jeunes-ambassadeurs\/\"},\"wordCount\":1553,\"image\":{\"@id\":\"https:\/\/www.one.org\/fr\/actualites\/temoignages-jeunes-ambassadeurs\/#primaryimage\"},\"thumbnailUrl\":\"https:\/\/www.one.org\/fr\/wp-content\/uploads\/sites\/4\/2023\/10\/FyruXPRWIAAe0kE-1.jpg\",\"articleSection\":[\"Campagnes\"],\"inLanguage\":\"fr-FR\"},{\"@type\":\"WebPage\",\"@id\":\"https:\/\/www.one.org\/fr\/actualites\/temoignages-jeunes-ambassadeurs\/\",\"url\":\"https:\/\/www.one.org\/fr\/actualites\/temoignages-jeunes-ambassadeurs\/\",\"name\":\"Toi aussi, tu peux agir avec ONE ! - ONE.org France\",\"isPartOf\":{\"@id\":\"https:\/\/www.one.org\/fr\/#website\"},\"primaryImageOfPage\":{\"@id\":\"https:\/\/www.one.org\/fr\/actualites\/temoignages-jeunes-ambassadeurs\/#primaryimage\"},\"image\":{\"@id\":\"https:\/\/www.one.org\/fr\/actualites\/temoignages-jeunes-ambassadeurs\/#primaryimage\"},\"thumbnailUrl\":\"https:\/\/www.one.org\/fr\/wp-content\/uploads\/sites\/4\/2023\/10\/FyruXPRWIAAe0kE-1.jpg\",\"datePublished\":\"2023-12-05T11:02:25+00:00\",\"dateModified\":\"2023-12-05T11:06:22+00:00\",\"author\":{\"@id\":\"https:\/\/www.one.org\/fr\/#\/schema\/person\/cf1f30f9800f0592ec3d61940be82003\"},\"description\":\"Six jeunes Ambassadeurs et Ambassadrices de ONE t\u00e9moignent de leur exp\u00e9rience au sein du programme de b\u00e9n\u00e9volat.\",\"breadcrumb\":{\"@id\":\"https:\/\/www.one.org\/fr\/actualites\/temoignages-jeunes-ambassadeurs\/#breadcrumb\"},\"inLanguage\":\"fr-FR\",\"potentialAction\":[{\"@type\":\"ReadAction\",\"target\":[\"https:\/\/www.one.org\/fr\/actualites\/temoignages-jeunes-ambassadeurs\/\"]}]},{\"@type\":\"ImageObject\",\"inLanguage\":\"fr-FR\",\"@id\":\"https:\/\/www.one.org\/fr\/actualites\/temoignages-jeunes-ambassadeurs\/#primaryimage\",\"url\":\"https:\/\/www.one.org\/fr\/wp-content\/uploads\/sites\/4\/2023\/10\/FyruXPRWIAAe0kE-1.jpg\",\"contentUrl\":\"https:\/\/www.one.org\/fr\/wp-content\/uploads\/sites\/4\/2023\/10\/FyruXPRWIAAe0kE-1.jpg\",\"width\":1400,\"height\":1050},{\"@type\":\"BreadcrumbList\",\"@id\":\"https:\/\/www.one.org\/fr\/actualites\/temoignages-jeunes-ambassadeurs\/#breadcrumb\",\"itemListElement\":[{\"@type\":\"ListItem\",\"position\":1,\"name\":\"Home\",\"item\":\"https:\/\/www.one.org\/fr\/\"},{\"@type\":\"ListItem\",\"position\":2,\"name\":\"Toi aussi, tu peux agir avec ONE !\"}]},{\"@type\":\"WebSite\",\"@id\":\"https:\/\/www.one.org\/fr\/#website\",\"url\":\"https:\/\/www.one.org\/fr\/\",\"name\":\"ONE.org\",\"description\":\"Cr\u00e9er des opportunit\u00e9s \u00e9conomiques et am\u00e9liorer la sant\u00e9 en Afrique\",\"potentialAction\":[{\"@type\":\"SearchAction\",\"target\":{\"@type\":\"EntryPoint\",\"urlTemplate\":\"https:\/\/www.one.org\/fr\/?s={search_term_string}\"},\"query-input\":{\"@type\":\"PropertyValueSpecification\",\"valueRequired\":true,\"valueName\":\"search_term_string\"}}],\"inLanguage\":\"fr-FR\"},{\"@type\":\"Person\",\"@id\":\"https:\/\/www.one.org\/fr\/#\/schema\/person\/cf1f30f9800f0592ec3d61940be82003\",\"name\":\"Dana Khalil\",\"image\":{\"@type\":\"ImageObject\",\"inLanguage\":\"fr-FR\",\"@id\":\"https:\/\/www.one.org\/fr\/#\/schema\/person\/image\/\",\"url\":\"https:\/\/secure.gravatar.com\/avatar\/b0da536f00ccefadcc7aae4e64855977a5249adb1ac04162a69474e53a8d4c40?s=96&d=mm&r=g\",\"contentUrl\":\"https:\/\/secure.gravatar.com\/avatar\/b0da536f00ccefadcc7aae4e64855977a5249adb1ac04162a69474e53a8d4c40?s=96&d=mm&r=g\",\"caption\":\"Dana Khalil\"},\"url\":\"https:\/\/www.one.org\/fr\/actualites\/author\/danakhalil\/\"}]}<\/script>\n<!-- \/ Yoast SEO Premium plugin. -->","yoast_head_json":{"title":"Toi aussi, tu peux agir avec ONE ! - ONE.org France","description":"Six jeunes Ambassadeurs et Ambassadrices de ONE t\u00e9moignent de leur exp\u00e9rience au sein du programme de b\u00e9n\u00e9volat.","robots":{"index":"index","follow":"follow","max-snippet":"max-snippet:-1","max-image-preview":"max-image-preview:large","max-video-preview":"max-video-preview:-1"},"canonical":"https:\/\/www.one.org\/fr\/actualites\/temoignages-jeunes-ambassadeurs\/","og_locale":"fr_FR","og_type":"article","og_title":"Toi aussi, tu peux agir avec ONE !","og_description":"Six jeunes Ambassadeurs et Ambassadrices de ONE partagent leur exp\u00e9rience.","og_url":"https:\/\/www.one.org\/fr\/actualites\/temoignages-jeunes-ambassadeurs\/","og_site_name":"ONE.org France","article_publisher":"https:\/\/www.facebook.com\/ONE.Fr","article_published_time":"2023-12-05T11:02:25+00:00","article_modified_time":"2023-12-05T11:06:22+00:00","og_image":[{"width":1400,"height":1050,"url":"https:\/\/www.one.org\/fr\/wp-content\/uploads\/sites\/4\/2023\/10\/FyruXPRWIAAe0kE-1.jpg","type":"image\/jpeg"}],"author":"Dana Khalil","twitter_card":"summary_large_image","twitter_description":"Six jeunes Ambassadeurs et Ambassadrices de ONE patagent leur exp\u00e9rience.","twitter_creator":"@one_fr","twitter_site":"@one_fr","twitter_misc":{"Written by":"Dana Khalil","Est. reading time":"5 minutes"},"schema":{"@context":"https:\/\/schema.org","@graph":[{"@type":"Article","@id":"https:\/\/www.one.org\/fr\/actualites\/temoignages-jeunes-ambassadeurs\/#article","isPartOf":{"@id":"https:\/\/www.one.org\/fr\/actualites\/temoignages-jeunes-ambassadeurs\/"},"author":{"name":"Dana Khalil","@id":"https:\/\/www.one.org\/fr\/#\/schema\/person\/cf1f30f9800f0592ec3d61940be82003"},"headline":"Toi aussi, tu peux agir avec ONE !","datePublished":"2023-12-05T11:02:25+00:00","dateModified":"2023-12-05T11:06:22+00:00","mainEntityOfPage":{"@id":"https:\/\/www.one.org\/fr\/actualites\/temoignages-jeunes-ambassadeurs\/"},"wordCount":1553,"image":{"@id":"https:\/\/www.one.org\/fr\/actualites\/temoignages-jeunes-ambassadeurs\/#primaryimage"},"thumbnailUrl":"https:\/\/www.one.org\/fr\/wp-content\/uploads\/sites\/4\/2023\/10\/FyruXPRWIAAe0kE-1.jpg","articleSection":["Campagnes"],"inLanguage":"fr-FR"},{"@type":"WebPage","@id":"https:\/\/www.one.org\/fr\/actualites\/temoignages-jeunes-ambassadeurs\/","url":"https:\/\/www.one.org\/fr\/actualites\/temoignages-jeunes-ambassadeurs\/","name":"Toi aussi, tu peux agir avec ONE ! - ONE.org France","isPartOf":{"@id":"https:\/\/www.one.org\/fr\/#website"},"primaryImageOfPage":{"@id":"https:\/\/www.one.org\/fr\/actualites\/temoignages-jeunes-ambassadeurs\/#primaryimage"},"image":{"@id":"https:\/\/www.one.org\/fr\/actualites\/temoignages-jeunes-ambassadeurs\/#primaryimage"},"thumbnailUrl":"https:\/\/www.one.org\/fr\/wp-content\/uploads\/sites\/4\/2023\/10\/FyruXPRWIAAe0kE-1.jpg","datePublished":"2023-12-05T11:02:25+00:00","dateModified":"2023-12-05T11:06:22+00:00","author":{"@id":"https:\/\/www.one.org\/fr\/#\/schema\/person\/cf1f30f9800f0592ec3d61940be82003"},"description":"Six jeunes Ambassadeurs et Ambassadrices de ONE t\u00e9moignent de leur exp\u00e9rience au sein du programme de b\u00e9n\u00e9volat.","breadcrumb":{"@id":"https:\/\/www.one.org\/fr\/actualites\/temoignages-jeunes-ambassadeurs\/#breadcrumb"},"inLanguage":"fr-FR","potentialAction":[{"@type":"ReadAction","target":["https:\/\/www.one.org\/fr\/actualites\/temoignages-jeunes-ambassadeurs\/"]}]},{"@type":"ImageObject","inLanguage":"fr-FR","@id":"https:\/\/www.one.org\/fr\/actualites\/temoignages-jeunes-ambassadeurs\/#primaryimage","url":"https:\/\/www.one.org\/fr\/wp-content\/uploads\/sites\/4\/2023\/10\/FyruXPRWIAAe0kE-1.jpg","contentUrl":"https:\/\/www.one.org\/fr\/wp-content\/uploads\/sites\/4\/2023\/10\/FyruXPRWIAAe0kE-1.jpg","width":1400,"height":1050},{"@type":"BreadcrumbList","@id":"https:\/\/www.one.org\/fr\/actualites\/temoignages-jeunes-ambassadeurs\/#breadcrumb","itemListElement":[{"@type":"ListItem","position":1,"name":"Home","item":"https:\/\/www.one.org\/fr\/"},{"@type":"ListItem","position":2,"name":"Toi aussi, tu peux agir avec ONE !"}]},{"@type":"WebSite","@id":"https:\/\/www.one.org\/fr\/#website","url":"https:\/\/www.one.org\/fr\/","name":"ONE.org","description":"Cr\u00e9er des opportunit\u00e9s \u00e9conomiques et am\u00e9liorer la sant\u00e9 en Afrique","potentialAction":[{"@type":"SearchAction","target":{"@type":"EntryPoint","urlTemplate":"https:\/\/www.one.org\/fr\/?s={search_term_string}"},"query-input":{"@type":"PropertyValueSpecification","valueRequired":true,"valueName":"search_term_string"}}],"inLanguage":"fr-FR"},{"@type":"Person","@id":"https:\/\/www.one.org\/fr\/#\/schema\/person\/cf1f30f9800f0592ec3d61940be82003","name":"Dana Khalil","image":{"@type":"ImageObject","inLanguage":"fr-FR","@id":"https:\/\/www.one.org\/fr\/#\/schema\/person\/image\/","url":"https:\/\/secure.gravatar.com\/avatar\/b0da536f00ccefadcc7aae4e64855977a5249adb1ac04162a69474e53a8d4c40?s=96&d=mm&r=g","contentUrl":"https:\/\/secure.gravatar.com\/avatar\/b0da536f00ccefadcc7aae4e64855977a5249adb1ac04162a69474e53a8d4c40?s=96&d=mm&r=g","caption":"Dana Khalil"},"url":"https:\/\/www.one.org\/fr\/actualites\/author\/danakhalil\/"}]}},"distributor_meta":false,"distributor_terms":false,"distributor_media":false,"distributor_original_site_name":"ONE.org France","distributor_original_site_url":"https:\/\/www.one.org\/fr","push-errors":false,"_links":{"self":[{"href":"https:\/\/www.one.org\/fr\/wp-json\/wp\/v2\/posts\/165022","targetHints":{"allow":["GET"]}}],"collection":[{"href":"https:\/\/www.one.org\/fr\/wp-json\/wp\/v2\/posts"}],"about":[{"href":"https:\/\/www.one.org\/fr\/wp-json\/wp\/v2\/types\/post"}],"author":[{"embeddable":true,"href":"https:\/\/www.one.org\/fr\/wp-json\/wp\/v2\/users\/24"}],"replies":[{"embeddable":true,"href":"https:\/\/www.one.org\/fr\/wp-json\/wp\/v2\/comments?post=165022"}],"version-history":[{"count":0,"href":"https:\/\/www.one.org\/fr\/wp-json\/wp\/v2\/posts\/165022\/revisions"}],"wp:featuredmedia":[{"embeddable":true,"href":"https:\/\/www.one.org\/fr\/wp-json\/wp\/v2\/media\/163648"}],"wp:attachment":[{"href":"https:\/\/www.one.org\/fr\/wp-json\/wp\/v2\/media?parent=165022"}],"wp:term":[{"taxonomy":"category","embeddable":true,"href":"https:\/\/www.one.org\/fr\/wp-json\/wp\/v2\/categories?post=165022"},{"taxonomy":"post_tag","embeddable":true,"href":"https:\/\/www.one.org\/fr\/wp-json\/wp\/v2\/tags?post=165022"},{"taxonomy":"topic","embeddable":true,"href":"https:\/\/www.one.org\/fr\/wp-json\/wp\/v2\/topic?post=165022"},{"taxonomy":"contributor","embeddable":true,"href":"https:\/\/www.one.org\/fr\/wp-json\/wp\/v2\/contributor?post=165022"},{"taxonomy":"one_content_audience","embeddable":true,"href":"https:\/\/www.one.org\/fr\/wp-json\/wp\/v2\/one_content_audience?post=165022"},{"taxonomy":"one_content_type","embeddable":true,"href":"https:\/\/www.one.org\/fr\/wp-json\/wp\/v2\/one_content_type?post=165022"},{"taxonomy":"one_content_tone","embeddable":true,"href":"https:\/\/www.one.org\/fr\/wp-json\/wp\/v2\/one_content_tone?post=165022"}],"curies":[{"name":"wp","href":"https:\/\/api.w.org\/{rel}","templated":true}]}}