{"id":164801,"date":"2023-11-03T13:52:42","date_gmt":"2023-11-03T13:52:42","guid":{"rendered":"https:\/\/www.one.org\/fr\/?p=164801"},"modified":"2023-11-03T13:52:46","modified_gmt":"2023-11-03T13:52:46","slug":"accord-dette-zambie","status":"publish","type":"post","link":"https:\/\/www.one.org\/fr\/actualites\/accord-dette-zambie\/","title":{"rendered":"Les 994 jours d&#8217;attente de la Zambie pour un accord sur la dette"},"content":{"rendered":"\n<p><em>Cette semaine dans Ondes de choc : l&#8217;accord sur la dette de la Zambie, les cons\u00e9quences de l&#8217;effondrement de la monnaie du Nigeria et la possibilit\u00e9 de rester dans un monde \u00e0 +1,5\u00b0C qui s&#8217;amenuise.<\/em><\/p>\n\n\n\n<h3 class=\"wp-block-heading\" id=\"h-actualites\"><strong>ACTUALITES<\/strong><\/h3>\n\n\n\n<p><strong>Nouvelles dettes:<\/strong> La Zambie a enfin conclu un accord sur sa dette avec ses d\u00e9tenteurs d&#8217;obligations priv\u00e9es, mais cet accord risque de ne pas apporter le soulagement n\u00e9cessaire. Les investisseurs ont accept\u00e9 <a href=\"https:\/\/www.ft.com\/content\/24f46dbd-58a2-474e-badc-6156509bf42f\">une r\u00e9duction de 18 %<\/a> de la valeur totale de leur dette, pour un montant de 3,8 milliards de dollars. Cet accord fait suite \u00e0 un accord formel sur sa dette officielle envers les gouvernements &#8211; \u00e0 l&#8217;exclusion de certaines banques chinoises &#8211; qui couvrait 6,8 milliards de dollars de pr\u00eats. Le Fonds mon\u00e9taire international (FMI) a rouvert son financement \u00e0 la Zambie et le pays a conclu la semaine derni\u00e8re des n\u00e9gociations avec des cr\u00e9anciers priv\u00e9s. Une affaire qui roule ? Attention, le diable se cache dans les d\u00e9tails. En raison des taux d&#8217;int\u00e9r\u00eat \u00e9lev\u00e9s depuis que la Zambie a demand\u00e9 un all\u00e8gement de sa dette il y a pr\u00e8s de trois ans, la valeur nominale des nouvelles obligations apr\u00e8s la d\u00e9cote sera sup\u00e9rieure de 100 millions de dollars \u00e0 celle des anciennes, qui valaient 3 milliards de dollars. Les obligations ont \u00e9galement une structure de remboursement abrupte : 500 millions de dollars d&#8217;amortissement en 2024-2025 et 100 millions de dollars de paiements annuels de coupons. Et si l&#8217;\u00e9conomie de la Zambie se porte mieux que pr\u00e9vu, elle devra rembourser une plus grande partie de sa dette.<\/p>\n\n\n\n<figure class=\"wp-block-image\"><img loading=\"lazy\" decoding=\"async\" width=\"796\" height=\"575\" src=\"https:\/\/www.one.org\/fr\/wp-content\/uploads\/sites\/4\/2023\/11\/image.jpeg\" alt=\"\" class=\"wp-image-164805\" srcset=\"https:\/\/www.one.org\/fr\/wp-content\/uploads\/sites\/4\/2023\/11\/image.jpeg 796w, https:\/\/www.one.org\/fr\/wp-content\/uploads\/sites\/4\/2023\/11\/image-300x217.jpeg 300w, https:\/\/www.one.org\/fr\/wp-content\/uploads\/sites\/4\/2023\/11\/image-768x555.jpeg 768w, https:\/\/www.one.org\/fr\/wp-content\/uploads\/sites\/4\/2023\/11\/image-16x12.jpeg 16w, https:\/\/www.one.org\/fr\/wp-content\/uploads\/sites\/4\/2023\/11\/image-320x231.jpeg 320w, https:\/\/www.one.org\/fr\/wp-content\/uploads\/sites\/4\/2023\/11\/image-640x462.jpeg 640w\" sizes=\"auto, (max-width: 796px) 100vw, 796px\" \/><\/figure>\n\n\n\n<p><strong>L&#8217;Afrique \u00e0 l&#8217;ONU : <\/strong>Pr\u00e8s de 80 % des pays africains ont vot\u00e9 en faveur <a href=\"https:\/\/news.un.org\/fr\/story\/2023\/10\/1140077\">d&#8217;une r\u00e9solution de l&#8217;Assembl\u00e9e g\u00e9n\u00e9rale des Nations unies<\/a> appelant \u00e0 une \u00ab tr\u00eave humanitaire \u00bb imm\u00e9diate et durable \u00e0 Gaza. La r\u00e9solution a \u00e9t\u00e9 adopt\u00e9e par 120 voix pour, 45 abstentions et 14 voix contre. Ont <a href=\"https:\/\/twitter.com\/MoritzRudolf\/status\/1718008652613734746\">vot\u00e9 contre<\/a> les \u00c9tats-Unis, la Hongrie, le Paraguay, la Tch\u00e9coslovaquie, la Croatie, l&#8217;Autriche et une poign\u00e9e de petits \u00c9tats insulaires. La r\u00e9solution condamne \u00ab tous les actes de violence visant les civils palestiniens et isra\u00e9liens, y compris tous les actes de terrorisme \u00bb. Mais elle ne mentionne <a href=\"https:\/\/news.un.org\/fr\/story\/2023\/10\/1140077\">pas sp\u00e9cifiquement le Hamas<\/a> comme auteur des attaques terroristes du 7 octobre. La France est le seul pays du G7 \u00e0 avoir vot\u00e9 en faveur de la tr\u00eave. Le Canada, l&#8217;Allemagne, l&#8217;Italie, le Japon et le Royaume-Uni se sont abstenus. Plus de 3 000 enfants ont \u00e9t\u00e9 tu\u00e9s \u00e0 Gaza et en Isra\u00ebl au cours des trois derni\u00e8res semaines.<\/p>\n\n\n\n<p><strong>Le naira s&#8217;effondre :<\/strong> La monnaie nig\u00e9riane, le naira, s&#8217;effondre, faisant grimper <a href=\"https:\/\/fr.africanews.com\/2023\/10\/26\/nigeria-le-naira-une-monnaie-qui-seffondre\/\">l&#8217;inflation \u00e0 26,7 %<\/a> et mettant la pression sur le pr\u00e9sident Bola Tinubu. En mai, ce dernier a mis en place une strat\u00e9gie consistant \u00e0 laisser le naira flotter plus librement, dans l&#8217;espoir d&#8217;attirer davantage d&#8217;investissements \u00e9trangers. Mais les investisseurs ne sont pas encore convaincus. Le naira est aujourd&#8217;hui \u00e0 un niveau historiquement bas par rapport au dollar. Les importations de denr\u00e9es alimentaires et de carburant sont donc plus ch\u00e8res, ce qui alimente l&#8217;inflation. Le Nigeria a un besoin urgent de devises \u00e9trang\u00e8res, apr\u00e8s que le pr\u00e9d\u00e9cesseur de M. Tinubu, le pr\u00e9sident Muhammadu Buhari, a restreint l&#8217;acc\u00e8s des importateurs aux dollars sur le march\u00e9 officiel, dans l&#8217;espoir de stimuler la production nationale. Le Nigeria gagne des dollars en vendant du p\u00e9trole, mais sa production est actuellement inf\u00e9rieure \u00e0 son quota fix\u00e9 par l\u2019Organisation des pays exportateurs de p\u00e9trole (OPEP).<\/p>\n\n\n\n<p><strong>Recettes kenyanes :<\/strong> Alors que le Kenya cherche \u00e0 mobiliser des recettes pour faire face \u00e0 l&#8217;explosion de sa dette, les entreprises kenyanes passent de M-PESA (un syst\u00e8me de microfinancement et de transfert d&#8217;argent par t\u00e9l\u00e9phone mobile) \u00e0 l&#8217;argent liquide pour \u00e9chapper \u00e0 l&#8217;imp\u00f4t. Plus <a href=\"https:\/\/fortune.com\/2022\/03\/08\/mpesa-fintech-safaricom-innovation-kenya-africa-mobile-money-unbanked\/\">de la moiti\u00e9 du PIB du Kenya<\/a> est g\u00e9n\u00e9r\u00e9e par des transactions sur M-PESA. Le pr\u00e9sident William Ruto souhaite augmenter les recettes fiscales de 25 % (3,3 milliards de dollars). En septembre, l&#8217;administration fiscale k\u00e9nyane a d\u00e9ploy\u00e9 1 400 agents de terrain ayant re\u00e7u une formation paramilitaire pour \u00ab rendre visite \u00bb aux entreprises et veiller au respect de la l\u00e9gislation fiscale. Pr\u00e8s de 60 % des recettes du pays sont utilis\u00e9es pour le service de la dette. ?<\/p>\n\n\n\n<p><strong>Toujours plus d\u2019argent :<\/strong> Une <a href=\"https:\/\/public.flourish.studio\/visualisation\/15516693\/\">nouvelle matrice des transferts de fonds<\/a> \u00e9labor\u00e9e par Mattie Price de ONE montre la profondeur et l&#8217;\u00e9tendue des transferts d\u2019argent de la diaspora africaine dans les pays du G21 vers leur pays d&#8217;origine. La visualisation montre la profondeur des liens familiaux entre l&#8217;\u00c9gypte, l&#8217;Arabie saoudite et les \u00c9mirats arabes unis. Elle montre \u00e9galement que les Africains vivant aux \u00c9tats-Unis sont ceux qui envoient le plus d&#8217;argent au Nigeria, au Kenya et au Ghana, tandis que les Africains vivant en France et au Royaume-Uni envoient d&#8217;importants volumes d&#8217;argent vers 33 et 35 pays africains, respectivement. Les envois de fonds annuels vers l&#8217;Afrique sont \u00e0 peu pr\u00e8s \u00e9quivalents \u00e0 l&#8217;aide publique au continent.<\/p>\n\n\n\n<figure class=\"wp-block-image\"><img loading=\"lazy\" decoding=\"async\" width=\"1047\" height=\"842\" src=\"https:\/\/www.one.org\/fr\/wp-content\/uploads\/sites\/4\/2023\/11\/image-1.jpeg\" alt=\"\" class=\"wp-image-164806\" srcset=\"https:\/\/www.one.org\/fr\/wp-content\/uploads\/sites\/4\/2023\/11\/image-1.jpeg 1047w, https:\/\/www.one.org\/fr\/wp-content\/uploads\/sites\/4\/2023\/11\/image-1-300x241.jpeg 300w, https:\/\/www.one.org\/fr\/wp-content\/uploads\/sites\/4\/2023\/11\/image-1-1024x824.jpeg 1024w, https:\/\/www.one.org\/fr\/wp-content\/uploads\/sites\/4\/2023\/11\/image-1-768x618.jpeg 768w, https:\/\/www.one.org\/fr\/wp-content\/uploads\/sites\/4\/2023\/11\/image-1-16x13.jpeg 16w, https:\/\/www.one.org\/fr\/wp-content\/uploads\/sites\/4\/2023\/11\/image-1-320x257.jpeg 320w, https:\/\/www.one.org\/fr\/wp-content\/uploads\/sites\/4\/2023\/11\/image-1-640x515.jpeg 640w, https:\/\/www.one.org\/fr\/wp-content\/uploads\/sites\/4\/2023\/11\/image-1-800x643.jpeg 800w, https:\/\/www.one.org\/fr\/wp-content\/uploads\/sites\/4\/2023\/11\/image-1-783x630.jpeg 783w\" sizes=\"auto, (max-width: 1047px) 100vw, 1047px\" \/><\/figure>\n\n\n\n<p><strong>De faibles chances : <\/strong>D\u2019apr\u00e8s les scientifiques, les chances que le monde ne d\u00e9passe pas 1,5 \u00b0C par rapport aux niveaux pr\u00e9industriels sont d\u00e9sormais plus faibles que les <a href=\"https:\/\/www.ft.com\/content\/2937f8a2-e553-4a60-aadf-553cd7f2d4e3\">33 \u00e0 50 % pr\u00e9c\u00e9demment pr\u00e9vus<\/a>. Une analyse de ONE montre <a href=\"https:\/\/data.one.org\/data-dives\/climate\/\">qu&#8217;\u00e0 1,5 \u00b0C<\/a>, les vagues de chaleur sont cinq fois plus probables et que l&#8217;\u00e9l\u00e9vation du niveau des mers pourrait engloutir les pays de basse altitude, o\u00f9 vivent actuellement plus de 600 millions de personnes. \u00c0 2 \u00b0C, les vagues de chaleur exposeront 400 millions de personnes \u00e0 des temp\u00e9ratures extr\u00eames et 20 % des esp\u00e8ces africaines seront menac\u00e9es d&#8217;extinction. L&#8217;ann\u00e9e derni\u00e8re, les \u00e9missions de carbone ont atteint un niveau record et devraient continuer \u00e0 augmenter. \u00c0 un mois de la COP28, la conf\u00e9rence sur le climat (organis\u00e9e par les \u00c9mirats arabes unis, producteurs de p\u00e9trole), les espoirs d&#8217;une plus grande ambition sont minces. Les actions n&#8217;ont certainement pas \u00e9t\u00e9 \u00e0 la hauteur des promesses faites depuis l&#8217;accord de Paris de 2015, lorsque les pays ont convenu de maintenir la temp\u00e9rature mondiale en dessous de 2\u00b0C, et id\u00e9alement en dessous de 1,5\u00b0C.<\/p>\n\n\n\n<p><strong>Arr\u00eatez-vous : <\/strong>La Namibie a ordonn\u00e9 \u00e0 sa police d&#8217;emp\u00eacher les entreprises chinoises <a href=\"https:\/\/www.scmp.com\/news\/world\/africa\/article\/3239060\/namibia-orders-police-stop-chinese-firms-lithium-exports\">d&#8217;exporter du lithium brut<\/a>. Le commissaire aux mines du pays a demand\u00e9 au chef de la police d&#8217;arr\u00eater les camions transportant du minerai de lithium brut provenant de la mine Kohero de Xinfeng. Afin d&#8217;encourager la production locale, la Namibie a interdit les exportations de lithium non transform\u00e9 en juin. La semaine derni\u00e8re, la Namibie a sign\u00e9 un <a href=\"https:\/\/ec.europa.eu\/commission\/presscorner\/detail\/fr\/ip_23_5263\">accord d&#8217;un milliard de dollars avec l&#8217;Union europ\u00e9enne<\/a> pour am\u00e9liorer l&#8217;infrastructure portuaire et d\u00e9velopper des mati\u00e8res premi\u00e8res essentielles et de l&#8217;hydrog\u00e8ne renouvelable.<\/p>\n\n\n\n<h3 class=\"wp-block-heading\" id=\"h-l-equipe-de-one-en-action-nbsp\"><strong>L&#8217;\u00c9QUIPE DE ONE EN ACTION :&nbsp;<\/strong><\/h3>\n\n\n\n<ul class=\"wp-block-list\">\n<li>Des journ\u00e9es plus chaudes. Une qualit\u00e9 de l\u2019air qui se d\u00e9grade. Davantage de s\u00e9cheresses, des ouragans plus violents et des inondations plus nombreuses. Tous ces \u00e9v\u00e9nements climatiques ont un impact sur la sant\u00e9 de chacun et chacune. Mais ils affectent plus particuli\u00e8rement les zones et les populations les plus vuln\u00e9rables. <a href=\"https:\/\/www.one.org\/fr\/actualites\/changement-climatique-sante\/\">Lisez notre article pour comprendre pourquoi la crise climatique est \u00e9galement une crise sanitaire<\/a>.<\/li>\n\n\n\n<li>Nos jeunes Ambassadeurs et Ambassadrices continuent de faire parler d&#8217;eux dans la presse. Lisez par exemple l&#8217;interview de <a href=\"https:\/\/actu.fr\/ile-de-france\/mitry-mory_77294\/seine-et-marne-cassandra-a-rencontre-les-deputes-pour-les-sensibiliser-et-presenter-des-solutions_60230077.html\">Cassandra avec le journal La Marne<\/a> et celle d&#8217;<a href=\"https:\/\/www.lunion.fr\/id533983\/article\/2023-10-26\/le-plaidoyer-danas-el-aidi-etudiante-remoise-lassemblee-nationale?\">Inas avec L&#8217;Union<\/a>.<\/li>\n<\/ul>\n\n\n\n<h3 class=\"wp-block-heading\" id=\"h-les-chiffres\"><strong>LES CHIFFRES :<\/strong><\/h3>\n\n\n\n<ul class=\"wp-block-list\">\n<li><strong>#1 :<\/strong> La Tunisie occupe la premi\u00e8re place de <a href=\"https:\/\/acetforafrica.org\/ati\/scorecard\/\">l&#8217;indice de transformation africaine<\/a> de cette ann\u00e9e, qui \u00e9value 30 pays africains en mati\u00e8re de transformation \u00e9conomique.<\/li>\n\n\n\n<li><strong>31,56 milliards de dollars : <\/strong>Le montant de l\u2019aide internationale qui sera d\u00e9pens\u00e9e dans les pays donateurs cette ann\u00e9e pour h\u00e9berger les r\u00e9fugi\u00e9s ukrainiens.<\/li>\n\n\n\n<li><strong>27 milliards de dollars : <\/strong>Le montant de l\u2019augmentation du co\u00fbt du service de la dette pour les pays \u00e0 revenu interm\u00e9diaire si la R\u00e9serve f\u00e9d\u00e9rale am\u00e9ricaine augmente les taux d&#8217;int\u00e9r\u00eat de 1 % (rien que pour la dette contract\u00e9e en 2021).<\/li>\n<\/ul>\n\n\n\n<h3 class=\"wp-block-heading\" id=\"h-inscrivez-vous-pour-recevoir-ondes-de-choc-notre-newsletter-hebdomadaire-pour-suivre-les-consequences-des-differentes-crises-actuelles-economique-sanitaire-alimentaire-climatique-notamment-pour-les-pays-d-afrique-nous-vous-proposons-des-analyses-pointues-succinctes-et-reflechies-de-la-part-des-experts-de-one\"><em><a href=\"https:\/\/www.one.org\/fr\/ondes-de-choc\/\">Inscrivez-vous<\/a>\u00a0pour recevoir Ondes de choc, notre newsletter hebdomadaire pour suivre les cons\u00e9quences des diff\u00e9rentes crises actuelles (\u00e9conomique, sanitaire, alimentaire, climatique), notamment pour les pays d\u2019Afrique. Nous vous proposons des analyses pointues, succinctes et r\u00e9fl\u00e9chies de la part des experts de ONE.<\/em><\/h3>\n<div class=\"buffer\"><\/div>","protected":false},"excerpt":{"rendered":"<p>Cette semaine dans Ondes de choc : l&#8217;accord sur la dette de la Zambie, les cons\u00e9quences de l&#8217;effondrement de la monnaie du Nigeria et la possibilit\u00e9 de rester dans un monde \u00e0 +1,5\u00b0C qui s&#8217;amenuise.<\/p>\n","protected":false},"author":24,"featured_media":164802,"comment_status":"closed","ping_status":"closed","sticky":false,"template":"","format":"standard","meta":{"_acf_changed":false,"_relevanssi_hide_post":"","_relevanssi_hide_content":"","_relevanssi_pin_for_all":"","_relevanssi_pin_keywords":"","_relevanssi_unpin_keywords":"","_relevanssi_related_keywords":"","_relevanssi_related_include_ids":"","_relevanssi_related_exclude_ids":"","_relevanssi_related_no_append":"","_relevanssi_related_not_related":"","_relevanssi_related_posts":"162460,162511,162566,162572,162543,162651","_relevanssi_noindex_reason":"","footnotes":""},"categories":[68],"tags":[],"topic":[86],"contributor":[33],"one_content_audience":[],"one_content_type":[],"one_content_tone":[],"class_list":["post-164801","post","type-post","status-publish","format-standard","has-post-thumbnail","hentry","category-analyse","topic-ondes-de-choc","contributor-one-france"],"acf":[],"yoast_head":"<!-- This site is optimized with the Yoast SEO Premium plugin v27.1 (Yoast SEO v27.1.1) - https:\/\/yoast.com\/product\/yoast-seo-premium-wordpress\/ -->\n<title>Les 994 jours d&#039;attente de la Zambie pour un accord sur la dette - ONE.org France<\/title>\n<meta name=\"description\" content=\"Cette semaine dans Ondes de choc : l&#039;accord sur la dette de la Zambie, les cons\u00e9quences de l&#039;effondrement de la monnaie du Nigeria et la possibilit\u00e9 de rester dans un monde \u00e0 +1,5\u00b0C qui s&#039;amenuise.\" \/>\n<meta name=\"robots\" content=\"index, follow, max-snippet:-1, max-image-preview:large, max-video-preview:-1\" \/>\n<link rel=\"canonical\" href=\"https:\/\/www.one.org\/fr\/actualites\/accord-dette-zambie\/\" \/>\n<meta property=\"og:locale\" content=\"fr_FR\" \/>\n<meta property=\"og:type\" content=\"article\" \/>\n<meta property=\"og:title\" content=\"Les 994 jours d&#039;attente de la Zambie pour un accord sur la dette\" \/>\n<meta property=\"og:description\" content=\"Cette semaine dans Ondes de choc : l&#039;accord sur la dette de la Zambie, les cons\u00e9quences de l&#039;effondrement de la monnaie du Nigeria et la possibilit\u00e9 de rester dans un monde \u00e0 +1,5\u00b0C qui s&#039;amenuise.\" \/>\n<meta property=\"og:url\" content=\"https:\/\/www.one.org\/fr\/actualites\/accord-dette-zambie\/\" \/>\n<meta property=\"og:site_name\" content=\"ONE.org France\" \/>\n<meta property=\"article:publisher\" content=\"https:\/\/www.facebook.com\/ONE.Fr\" \/>\n<meta property=\"article:published_time\" content=\"2023-11-03T13:52:42+00:00\" \/>\n<meta property=\"article:modified_time\" content=\"2023-11-03T13:52:46+00:00\" \/>\n<meta property=\"og:image\" content=\"https:\/\/www.one.org\/fr\/wp-content\/uploads\/sites\/4\/2023\/11\/Aftershock_2021_SocialShare_1200x628_en_005.jpg\" \/>\n\t<meta property=\"og:image:width\" content=\"1201\" \/>\n\t<meta property=\"og:image:height\" content=\"629\" \/>\n\t<meta property=\"og:image:type\" content=\"image\/jpeg\" \/>\n<meta name=\"author\" content=\"Dana Khalil\" \/>\n<meta name=\"twitter:card\" content=\"summary_large_image\" \/>\n<meta name=\"twitter:description\" content=\"Cette semaine dans Ondes de choc : l&#039;accord sur la dette de la Zambie, les cons\u00e9quences de l&#039;effondrement de la monnaie du Nigeria et la possibilit\u00e9 de rester dans un monde \u00e0 +1,5\u00b0C qui s&#039;amenuise.\" \/>\n<meta name=\"twitter:creator\" content=\"@one_fr\" \/>\n<meta name=\"twitter:site\" content=\"@one_fr\" \/>\n<meta name=\"twitter:label1\" content=\"Written by\" \/>\n\t<meta name=\"twitter:data1\" content=\"Dana Khalil\" \/>\n\t<meta name=\"twitter:label2\" content=\"Est. reading time\" \/>\n\t<meta name=\"twitter:data2\" content=\"7 minutes\" \/>\n<script type=\"application\/ld+json\" class=\"yoast-schema-graph\">{\"@context\":\"https:\/\/schema.org\",\"@graph\":[{\"@type\":\"Article\",\"@id\":\"https:\/\/www.one.org\/fr\/actualites\/accord-dette-zambie\/#article\",\"isPartOf\":{\"@id\":\"https:\/\/www.one.org\/fr\/actualites\/accord-dette-zambie\/\"},\"author\":{\"name\":\"Dana Khalil\",\"@id\":\"https:\/\/www.one.org\/fr\/#\/schema\/person\/cf1f30f9800f0592ec3d61940be82003\"},\"headline\":\"Les 994 jours d&#8217;attente de la Zambie pour un accord sur la dette\",\"datePublished\":\"2023-11-03T13:52:42+00:00\",\"dateModified\":\"2023-11-03T13:52:46+00:00\",\"mainEntityOfPage\":{\"@id\":\"https:\/\/www.one.org\/fr\/actualites\/accord-dette-zambie\/\"},\"wordCount\":1428,\"image\":{\"@id\":\"https:\/\/www.one.org\/fr\/actualites\/accord-dette-zambie\/#primaryimage\"},\"thumbnailUrl\":\"https:\/\/www.one.org\/fr\/wp-content\/uploads\/sites\/4\/2023\/11\/Aftershock_2021_SocialShare_1200x628_en_005.jpg\",\"articleSection\":[\"Analyse\"],\"inLanguage\":\"fr-FR\"},{\"@type\":\"WebPage\",\"@id\":\"https:\/\/www.one.org\/fr\/actualites\/accord-dette-zambie\/\",\"url\":\"https:\/\/www.one.org\/fr\/actualites\/accord-dette-zambie\/\",\"name\":\"Les 994 jours d'attente de la Zambie pour un accord sur la dette - ONE.org France\",\"isPartOf\":{\"@id\":\"https:\/\/www.one.org\/fr\/#website\"},\"primaryImageOfPage\":{\"@id\":\"https:\/\/www.one.org\/fr\/actualites\/accord-dette-zambie\/#primaryimage\"},\"image\":{\"@id\":\"https:\/\/www.one.org\/fr\/actualites\/accord-dette-zambie\/#primaryimage\"},\"thumbnailUrl\":\"https:\/\/www.one.org\/fr\/wp-content\/uploads\/sites\/4\/2023\/11\/Aftershock_2021_SocialShare_1200x628_en_005.jpg\",\"datePublished\":\"2023-11-03T13:52:42+00:00\",\"dateModified\":\"2023-11-03T13:52:46+00:00\",\"author\":{\"@id\":\"https:\/\/www.one.org\/fr\/#\/schema\/person\/cf1f30f9800f0592ec3d61940be82003\"},\"description\":\"Cette semaine dans Ondes de choc : l'accord sur la dette de la Zambie, les cons\u00e9quences de l'effondrement de la monnaie du Nigeria et la possibilit\u00e9 de rester dans un monde \u00e0 +1,5\u00b0C qui s'amenuise.\",\"breadcrumb\":{\"@id\":\"https:\/\/www.one.org\/fr\/actualites\/accord-dette-zambie\/#breadcrumb\"},\"inLanguage\":\"fr-FR\",\"potentialAction\":[{\"@type\":\"ReadAction\",\"target\":[\"https:\/\/www.one.org\/fr\/actualites\/accord-dette-zambie\/\"]}]},{\"@type\":\"ImageObject\",\"inLanguage\":\"fr-FR\",\"@id\":\"https:\/\/www.one.org\/fr\/actualites\/accord-dette-zambie\/#primaryimage\",\"url\":\"https:\/\/www.one.org\/fr\/wp-content\/uploads\/sites\/4\/2023\/11\/Aftershock_2021_SocialShare_1200x628_en_005.jpg\",\"contentUrl\":\"https:\/\/www.one.org\/fr\/wp-content\/uploads\/sites\/4\/2023\/11\/Aftershock_2021_SocialShare_1200x628_en_005.jpg\",\"width\":1201,\"height\":629},{\"@type\":\"BreadcrumbList\",\"@id\":\"https:\/\/www.one.org\/fr\/actualites\/accord-dette-zambie\/#breadcrumb\",\"itemListElement\":[{\"@type\":\"ListItem\",\"position\":1,\"name\":\"Home\",\"item\":\"https:\/\/www.one.org\/fr\/\"},{\"@type\":\"ListItem\",\"position\":2,\"name\":\"Les 994 jours d&#8217;attente de la Zambie pour un accord sur la dette\"}]},{\"@type\":\"WebSite\",\"@id\":\"https:\/\/www.one.org\/fr\/#website\",\"url\":\"https:\/\/www.one.org\/fr\/\",\"name\":\"ONE.org\",\"description\":\"Cr\u00e9er des opportunit\u00e9s \u00e9conomiques et am\u00e9liorer la sant\u00e9 en Afrique\",\"potentialAction\":[{\"@type\":\"SearchAction\",\"target\":{\"@type\":\"EntryPoint\",\"urlTemplate\":\"https:\/\/www.one.org\/fr\/?s={search_term_string}\"},\"query-input\":{\"@type\":\"PropertyValueSpecification\",\"valueRequired\":true,\"valueName\":\"search_term_string\"}}],\"inLanguage\":\"fr-FR\"},{\"@type\":\"Person\",\"@id\":\"https:\/\/www.one.org\/fr\/#\/schema\/person\/cf1f30f9800f0592ec3d61940be82003\",\"name\":\"Dana Khalil\",\"image\":{\"@type\":\"ImageObject\",\"inLanguage\":\"fr-FR\",\"@id\":\"https:\/\/www.one.org\/fr\/#\/schema\/person\/image\/\",\"url\":\"https:\/\/secure.gravatar.com\/avatar\/b0da536f00ccefadcc7aae4e64855977a5249adb1ac04162a69474e53a8d4c40?s=96&d=mm&r=g\",\"contentUrl\":\"https:\/\/secure.gravatar.com\/avatar\/b0da536f00ccefadcc7aae4e64855977a5249adb1ac04162a69474e53a8d4c40?s=96&d=mm&r=g\",\"caption\":\"Dana Khalil\"},\"url\":\"https:\/\/www.one.org\/fr\/actualites\/author\/danakhalil\/\"}]}<\/script>\n<!-- \/ Yoast SEO Premium plugin. -->","yoast_head_json":{"title":"Les 994 jours d'attente de la Zambie pour un accord sur la dette - ONE.org France","description":"Cette semaine dans Ondes de choc : l'accord sur la dette de la Zambie, les cons\u00e9quences de l'effondrement de la monnaie du Nigeria et la possibilit\u00e9 de rester dans un monde \u00e0 +1,5\u00b0C qui s'amenuise.","robots":{"index":"index","follow":"follow","max-snippet":"max-snippet:-1","max-image-preview":"max-image-preview:large","max-video-preview":"max-video-preview:-1"},"canonical":"https:\/\/www.one.org\/fr\/actualites\/accord-dette-zambie\/","og_locale":"fr_FR","og_type":"article","og_title":"Les 994 jours d'attente de la Zambie pour un accord sur la dette","og_description":"Cette semaine dans Ondes de choc : l'accord sur la dette de la Zambie, les cons\u00e9quences de l'effondrement de la monnaie du Nigeria et la possibilit\u00e9 de rester dans un monde \u00e0 +1,5\u00b0C qui s'amenuise.","og_url":"https:\/\/www.one.org\/fr\/actualites\/accord-dette-zambie\/","og_site_name":"ONE.org France","article_publisher":"https:\/\/www.facebook.com\/ONE.Fr","article_published_time":"2023-11-03T13:52:42+00:00","article_modified_time":"2023-11-03T13:52:46+00:00","og_image":[{"width":1201,"height":629,"url":"https:\/\/www.one.org\/fr\/wp-content\/uploads\/sites\/4\/2023\/11\/Aftershock_2021_SocialShare_1200x628_en_005.jpg","type":"image\/jpeg"}],"author":"Dana Khalil","twitter_card":"summary_large_image","twitter_description":"Cette semaine dans Ondes de choc : l'accord sur la dette de la Zambie, les cons\u00e9quences de l'effondrement de la monnaie du Nigeria et la possibilit\u00e9 de rester dans un monde \u00e0 +1,5\u00b0C qui s'amenuise.","twitter_creator":"@one_fr","twitter_site":"@one_fr","twitter_misc":{"Written by":"Dana Khalil","Est. reading time":"7 minutes"},"schema":{"@context":"https:\/\/schema.org","@graph":[{"@type":"Article","@id":"https:\/\/www.one.org\/fr\/actualites\/accord-dette-zambie\/#article","isPartOf":{"@id":"https:\/\/www.one.org\/fr\/actualites\/accord-dette-zambie\/"},"author":{"name":"Dana Khalil","@id":"https:\/\/www.one.org\/fr\/#\/schema\/person\/cf1f30f9800f0592ec3d61940be82003"},"headline":"Les 994 jours d&#8217;attente de la Zambie pour un accord sur la dette","datePublished":"2023-11-03T13:52:42+00:00","dateModified":"2023-11-03T13:52:46+00:00","mainEntityOfPage":{"@id":"https:\/\/www.one.org\/fr\/actualites\/accord-dette-zambie\/"},"wordCount":1428,"image":{"@id":"https:\/\/www.one.org\/fr\/actualites\/accord-dette-zambie\/#primaryimage"},"thumbnailUrl":"https:\/\/www.one.org\/fr\/wp-content\/uploads\/sites\/4\/2023\/11\/Aftershock_2021_SocialShare_1200x628_en_005.jpg","articleSection":["Analyse"],"inLanguage":"fr-FR"},{"@type":"WebPage","@id":"https:\/\/www.one.org\/fr\/actualites\/accord-dette-zambie\/","url":"https:\/\/www.one.org\/fr\/actualites\/accord-dette-zambie\/","name":"Les 994 jours d'attente de la Zambie pour un accord sur la dette - ONE.org France","isPartOf":{"@id":"https:\/\/www.one.org\/fr\/#website"},"primaryImageOfPage":{"@id":"https:\/\/www.one.org\/fr\/actualites\/accord-dette-zambie\/#primaryimage"},"image":{"@id":"https:\/\/www.one.org\/fr\/actualites\/accord-dette-zambie\/#primaryimage"},"thumbnailUrl":"https:\/\/www.one.org\/fr\/wp-content\/uploads\/sites\/4\/2023\/11\/Aftershock_2021_SocialShare_1200x628_en_005.jpg","datePublished":"2023-11-03T13:52:42+00:00","dateModified":"2023-11-03T13:52:46+00:00","author":{"@id":"https:\/\/www.one.org\/fr\/#\/schema\/person\/cf1f30f9800f0592ec3d61940be82003"},"description":"Cette semaine dans Ondes de choc : l'accord sur la dette de la Zambie, les cons\u00e9quences de l'effondrement de la monnaie du Nigeria et la possibilit\u00e9 de rester dans un monde \u00e0 +1,5\u00b0C qui s'amenuise.","breadcrumb":{"@id":"https:\/\/www.one.org\/fr\/actualites\/accord-dette-zambie\/#breadcrumb"},"inLanguage":"fr-FR","potentialAction":[{"@type":"ReadAction","target":["https:\/\/www.one.org\/fr\/actualites\/accord-dette-zambie\/"]}]},{"@type":"ImageObject","inLanguage":"fr-FR","@id":"https:\/\/www.one.org\/fr\/actualites\/accord-dette-zambie\/#primaryimage","url":"https:\/\/www.one.org\/fr\/wp-content\/uploads\/sites\/4\/2023\/11\/Aftershock_2021_SocialShare_1200x628_en_005.jpg","contentUrl":"https:\/\/www.one.org\/fr\/wp-content\/uploads\/sites\/4\/2023\/11\/Aftershock_2021_SocialShare_1200x628_en_005.jpg","width":1201,"height":629},{"@type":"BreadcrumbList","@id":"https:\/\/www.one.org\/fr\/actualites\/accord-dette-zambie\/#breadcrumb","itemListElement":[{"@type":"ListItem","position":1,"name":"Home","item":"https:\/\/www.one.org\/fr\/"},{"@type":"ListItem","position":2,"name":"Les 994 jours d&#8217;attente de la Zambie pour un accord sur la dette"}]},{"@type":"WebSite","@id":"https:\/\/www.one.org\/fr\/#website","url":"https:\/\/www.one.org\/fr\/","name":"ONE.org","description":"Cr\u00e9er des opportunit\u00e9s \u00e9conomiques et am\u00e9liorer la sant\u00e9 en Afrique","potentialAction":[{"@type":"SearchAction","target":{"@type":"EntryPoint","urlTemplate":"https:\/\/www.one.org\/fr\/?s={search_term_string}"},"query-input":{"@type":"PropertyValueSpecification","valueRequired":true,"valueName":"search_term_string"}}],"inLanguage":"fr-FR"},{"@type":"Person","@id":"https:\/\/www.one.org\/fr\/#\/schema\/person\/cf1f30f9800f0592ec3d61940be82003","name":"Dana Khalil","image":{"@type":"ImageObject","inLanguage":"fr-FR","@id":"https:\/\/www.one.org\/fr\/#\/schema\/person\/image\/","url":"https:\/\/secure.gravatar.com\/avatar\/b0da536f00ccefadcc7aae4e64855977a5249adb1ac04162a69474e53a8d4c40?s=96&d=mm&r=g","contentUrl":"https:\/\/secure.gravatar.com\/avatar\/b0da536f00ccefadcc7aae4e64855977a5249adb1ac04162a69474e53a8d4c40?s=96&d=mm&r=g","caption":"Dana Khalil"},"url":"https:\/\/www.one.org\/fr\/actualites\/author\/danakhalil\/"}]}},"distributor_meta":false,"distributor_terms":false,"distributor_media":false,"distributor_original_site_name":"ONE.org France","distributor_original_site_url":"https:\/\/www.one.org\/fr","push-errors":false,"_links":{"self":[{"href":"https:\/\/www.one.org\/fr\/wp-json\/wp\/v2\/posts\/164801","targetHints":{"allow":["GET"]}}],"collection":[{"href":"https:\/\/www.one.org\/fr\/wp-json\/wp\/v2\/posts"}],"about":[{"href":"https:\/\/www.one.org\/fr\/wp-json\/wp\/v2\/types\/post"}],"author":[{"embeddable":true,"href":"https:\/\/www.one.org\/fr\/wp-json\/wp\/v2\/users\/24"}],"replies":[{"embeddable":true,"href":"https:\/\/www.one.org\/fr\/wp-json\/wp\/v2\/comments?post=164801"}],"version-history":[{"count":0,"href":"https:\/\/www.one.org\/fr\/wp-json\/wp\/v2\/posts\/164801\/revisions"}],"wp:featuredmedia":[{"embeddable":true,"href":"https:\/\/www.one.org\/fr\/wp-json\/wp\/v2\/media\/164802"}],"wp:attachment":[{"href":"https:\/\/www.one.org\/fr\/wp-json\/wp\/v2\/media?parent=164801"}],"wp:term":[{"taxonomy":"category","embeddable":true,"href":"https:\/\/www.one.org\/fr\/wp-json\/wp\/v2\/categories?post=164801"},{"taxonomy":"post_tag","embeddable":true,"href":"https:\/\/www.one.org\/fr\/wp-json\/wp\/v2\/tags?post=164801"},{"taxonomy":"topic","embeddable":true,"href":"https:\/\/www.one.org\/fr\/wp-json\/wp\/v2\/topic?post=164801"},{"taxonomy":"contributor","embeddable":true,"href":"https:\/\/www.one.org\/fr\/wp-json\/wp\/v2\/contributor?post=164801"},{"taxonomy":"one_content_audience","embeddable":true,"href":"https:\/\/www.one.org\/fr\/wp-json\/wp\/v2\/one_content_audience?post=164801"},{"taxonomy":"one_content_type","embeddable":true,"href":"https:\/\/www.one.org\/fr\/wp-json\/wp\/v2\/one_content_type?post=164801"},{"taxonomy":"one_content_tone","embeddable":true,"href":"https:\/\/www.one.org\/fr\/wp-json\/wp\/v2\/one_content_tone?post=164801"}],"curies":[{"name":"wp","href":"https:\/\/api.w.org\/{rel}","templated":true}]}}