{"id":163644,"date":"2023-09-29T13:24:07","date_gmt":"2023-09-29T13:24:07","guid":{"rendered":"https:\/\/www.one.org\/fr\/?p=163644"},"modified":"2023-12-08T14:27:51","modified_gmt":"2023-12-08T14:27:51","slug":"une-goutte-deau-dans-locean","status":"publish","type":"post","link":"https:\/\/www.one.org\/fr\/actualites\/une-goutte-deau-dans-locean\/","title":{"rendered":"Une goutte d\u2019eau dans l\u2019oc\u00e9an"},"content":{"rendered":"\n<p><em>Cette semaine dans notre analyse Ondes de Choc : le changement climatique veut-il votre mort ? L&#8217;Organisation des pays exportateurs de p\u00e9trole (OPEP)<\/em><strong><em> <\/em><\/strong><em>veut-elle vous appauvrir ? Et nous nous penchons sur les appels \u00e0 la r\u00e9forme de l&#8217;ONU qui se font de plus en plus pressants.<\/em><\/p>\n\n\n\n<h2 class=\"wp-block-heading\" id=\"h-actualites\"><strong>ACTUALITES<\/strong><\/h2>\n\n\n\n<p><strong>D\u00e9fi de communication : <\/strong>Le changement climatique est en train de \u00ab <a href=\"https:\/\/www.reuters.com\/article\/un-health-climate-change\/analysis-climate-change-is-killing-us-un-sounds-health-alarm-idINL8N3AV5YA\">nous tuer<\/a> \u00bb, pr\u00e9viennent les Nations Unies. Plus pr\u00e9cis\u00e9ment, il tuera 250 000 personnes par an, en raison de la hausse des temp\u00e9ratures, de la pollution atmosph\u00e9rique, de l&#8217;ins\u00e9curit\u00e9 alimentaire et hydrique et des catastrophes naturelles. Il plongera 132 millions de personnes dans la pauvret\u00e9 d&#8217;ici \u00e0 2030 et entra\u00eenera le d\u00e9placement de 1,2 milliard de personnes d&#8217;ici \u00e0 2050. L&#8217;envoy\u00e9 sp\u00e9cial de l&#8217;Organisation mondiale de la sant\u00e9 pour le changement climatique et la sant\u00e9 n&#8217;a pas m\u00e2ch\u00e9 ses mots pour d\u00e9signer les coupables : \u00ab c&#8217;est l&#8217;utilisation des \u00e9nergies fossiles qui est \u00e0 l&#8217;origine du changement climatique qui est en train de nous tuer \u00bb. C&#8217;est peut-\u00eatre la raison pour laquelle les \u00c9mirats arabes unis, qui accueillent cette ann\u00e9e la conf\u00e9rence mondiale sur le changement climatique et qui est un important exportateur de p\u00e9trole, a fait appel \u00e0 des <a href=\"https:\/\/www.theguardian.com\/environment\/2023\/sep\/22\/uae-oil-company-executives-working-with-cop28-team-leak-reveals\">professionnels des relations publiques<\/a> de la compagnie p\u00e9troli\u00e8re nationale pour les aider \u00e0 organiser la conf\u00e9rence sur le climat. Ou peut-\u00eatre ont-ils d\u00e9cid\u00e9 qu&#8217;il fallait sauver la face \u00e9tant donn\u00e9 que le pays est membre de l&#8217;OPEP, qui a fait <a href=\"https:\/\/www.20minutes.fr\/economie\/4030991-20230403-carburants-prix-petrole-flambent-apres-reduction-drastique-production-opep#:~:text=R%C3%A9duire%20la%20production%20pour%20augmenter,prix%20du%20p%C3%A9trole%20ont%20bondi.\">gonfler les prix du p\u00e9trole<\/a>, contribuant \u00e0 alimenter des niveaux d&#8217;inflation inqui\u00e9tants \u00e0 l&#8217;\u00e9chelle mondiale. \u00af\\_(\u30c4)_\/\u00af<\/p>\n\n\n\n<p><strong>De l&#8217;essence et un ras-le-bol :<\/strong> La hausse de l&#8217;inflation entra\u00eene une crise du co\u00fbt de la vie, suscitant un m\u00e9contentement et des tensions dans toute l&#8217;Afrique. Les prix des carburants s&#8217;envolent dans la r\u00e9gion : le prix du litre de diesel <a href=\"https:\/\/www.theeastafrican.co.ke\/tea\/business\/kenya-s-fuel-prices-12th-highest-in-africa-4377144\">a bondi<\/a> de pr\u00e8s de 12 % ces derni\u00e8res semaines \u00e0 Nairobi, en raison de la r\u00e9duction de la production de l&#8217;OPEP, de la <a href=\"https:\/\/data.one.org\/data-dives\/data-dive-the-hidden-impacts-of-rising-interest-rates\/\">d\u00e9pr\u00e9ciation de la monnaie<\/a> et de l&#8217;augmentation des taxes. Le shilling kenyan s&#8217;est d\u00e9pr\u00e9ci\u00e9 de 20 % par rapport \u00e0 l&#8217;ann\u00e9e derni\u00e8re, ce qui rend les achats plus co\u00fbteux. De m\u00eame, les prix du diesel ont <a href=\"https:\/\/www.theeastafrican.co.ke\/tea\/business\/fuel-cost-surge-triggers-fresh-fears-of-inflation-rate-hikes-4378002\">augment\u00e9 de 10 %<\/a> ce mois-ci en Tanzanie, poursuivant une tendance \u00e0 la hausse entam\u00e9e en janvier. La flamb\u00e9e des prix a contribu\u00e9 \u00e0 alimenter l&#8217;escalade des tensions \u00e9conomiques au Ghana, qui ont d\u00e9bouch\u00e9 sur des manifestations <a href=\"https:\/\/www.reuters.com\/world\/africa\/multi-day-protests-over-economic-crisis-grip-ghanas-capital-2023-09-23\/\">ayant conduit \u00e0 l&#8217;arrestation<\/a> de 49 personnes.&nbsp;<\/p>\n\n\n\n<p><strong>Prendre le pouls :<\/strong> 86 % des agents de sant\u00e9 locaux en Afrique ne sont <a href=\"https:\/\/www.nytimes.com\/2023\/09\/21\/health\/community-health-worker-pay.html?campaign_id=51&amp;emc=edit_mbe_20230922&amp;instance_id=103367&amp;nl=morning-briefing%3A-europe-edition&amp;regi_id=71649364&amp;segment_id=145397&amp;te=1&amp;user_id=bc183dcae34a9bbd8c9576cb5dd9c0d8\">absolument pas r\u00e9mun\u00e9r\u00e9s<\/a>. Vous avez bien lu : 86%. Non r\u00e9mun\u00e9r\u00e9s. Et les 14 % seulement qui sont pay\u00e9s le sont souvent tr\u00e8s mal. Ce personnel fournit des soins de base \u00e0 plus d&#8217;un milliard de personnes dans le monde. De r\u00e9centes manifestations au Kenya ont permis de d\u00e9bloquer de petites indemnit\u00e9s pour 100 000 femmes travaillant dans le secteur de la sant\u00e9, mais de graves lacunes en mati\u00e8re d&#8217;emploi (et de soins) <a href=\"https:\/\/www.aa.com.tr\/en\/africa\/kenyan-doctors-protest-unemployment-amidst-underemployment-crisis\/2990438\">persistent dans tout le pays<\/a>. Les femmes <a href=\"https:\/\/tally.so\/r\/3j6X4Q\">repr\u00e9sentent 70 %<\/a> du personnel de sant\u00e9 dans le monde, mais elles n&#8217;ont souvent pas acc\u00e8s \u00e0 des salaires justes, \u00e0 des postes de direction ou \u00e0 des dipl\u00f4mes m\u00e9dicaux sup\u00e9rieurs.&nbsp;<\/p>\n\n\n\n<p><strong>Lutter pour l&#8217;\u00e9galit\u00e9 de genre : <\/strong><em>Bilan<\/em>, le premier m\u00e9dia somalien exclusivement f\u00e9minin, <a href=\"https:\/\/womensagenda.com.au\/latest\/somalias-first-all-women-media-company-to-expand\/\">s&#8217;appr\u00eate \u00e0 \u00e9tendre ses activit\u00e9s<\/a> au-del\u00e0 de la capitale du pays, Mogadiscio. L&#8217;\u00e9quipe fournit une couverture unique de la vie et des opinions des femmes depuis un an. Leur travail est particuli\u00e8rement important en Somalie, <a href=\"https:\/\/rsf.org\/en\/country\/somalia\">pays le plus dangereux<\/a> d&#8217;Afrique pour les journalistes et qui affiche l&#8217;un des <a href=\"https:\/\/africa.unwomen.org\/fr\/where-we-are\/eastern-and-southern-africa\/somalia\">taux d&#8217;\u00e9galit\u00e9 de genre<\/a> les plus bas au monde. \u00c0 la suite des s\u00e9cheresses d\u00e9vastatrices qui ont frapp\u00e9 la Somalie en 2021, on estime que les taux de violences sexiste ont <a href=\"https:\/\/data.one.org\/data-dives\/women-arent-given-power-they-make-it\/\">augment\u00e9 de 200 %<\/a>. Ce ph\u00e9nom\u00e8ne s&#8217;inscrit dans le cadre d&#8217;un d\u00e9fi plus large auquel les femmes sont confront\u00e9es sur l&#8217;ensemble du continent. Elles sont souvent attaqu\u00e9es lorsqu&#8217;elles entrent dans la sph\u00e8re publique, ce qui conduit nombre d&#8217;entre elles <a href=\"https:\/\/mg.co.za\/africa\/2023-09-02-sex-lies-and-social-media-women-face-tough-fight-in-african-politics\/\">\u00e0 fuir le monde politique<\/a>. C&#8217;est pourquoi <a href=\"https:\/\/www.unesco.org\/fr\/articles\/les-femmes-parlementaires-africaines-sinspirent-du-projet-chilling-de-lunesco-pour-lutter-contre-les\">30 femmes parlementaires<\/a> de toute l&#8217;Afrique se sont r\u00e9cemment r\u00e9unies en Tanzanie pour discuter de la violence en ligne \u00e0 l&#8217;encontre des femmes journalistes, des candidates et politiciennes du continent.&nbsp;<\/p>\n\n\n\n<figure class=\"wp-block-image\"><img decoding=\"async\" src=\"https:\/\/lh4.googleusercontent.com\/6IVNUZkXO4dj-gSLiJrM5p-DVBaEb6XMOMnRmj-5XgIJEP625EWTI-gmVoclNleq4GX-qeLPFnxAjqMe-kzKTsxLgvZF6N7x9Wd3hlyN0GZDKdPiXi0PfpbCTQM5Nm_VZprUHv6WzhHNZiABX0B0zN4\" alt=\"\" \/><\/figure>\n\n\n\n<p><strong>Une goutte d\u2019eau : <\/strong>Le directeur g\u00e9n\u00e9ral de la Banque mondiale, Ajay Banga, a d\u00e9clar\u00e9 que les ressources actuelles de la Banque n\u2019\u00e9taient <a href=\"https:\/\/www.reuters.com\/business\/finance\/banga-says-country-contributions-could-boost-world-bank-lending-capacity-2023-09-26\/#:~:text=Sept%2026%20(Reuters)%20-%20World,%24125%20billion%20over%20a%20decade\">qu\u2019une goutte d\u2019eau dans l\u2019oc\u00e9an<\/a> par rapport aux besoins du monde. Il a d\u00e9clar\u00e9 que les nouvelles contributions des pays riches et les changements de bilan pourraient augmenter la capacit\u00e9 de pr\u00eat de la Banque mondiale de 100 \u00e0 125 milliards de dollars sur une d\u00e9cennie. C&#8217;est un bon d\u00e9but. Mais les banques multilat\u00e9rales de d\u00e9veloppement pourraient <a href=\"https:\/\/data.one.org\/data-dives\/unlocking-a-trillion-dollars-for-development\/\">mobiliser 1 000 milliards de dollars suppl\u00e9mentaires<\/a> gr\u00e2ce \u00e0 d&#8217;autres r\u00e9formes structurelles, notamment en <a href=\"https:\/\/www.reuters.com\/business\/finance\/reforms-could-boost-world-bank-lending-developing-countries-by-nearly-190-bln-2023-09-26\/\">am\u00e9liorant leur gestion du risque<\/a>. La Banque asiatique d&#8217;investissement dans les infrastructures (BAII) annoncera cette semaine son intention de tripler ses financements <a href=\"https:\/\/www.ft.com\/content\/127e92aa-b247-4e6d-9dff-3e8dd642ae62?shareType=nongift\">en faveur du climat d&#8217;ici \u00e0 2030<\/a>, afin de s&#8217;imposer comme un leader du syst\u00e8me financier international. Esp\u00e9rons que cela d\u00e9clenchera une course au sommet parmi les banques multilat\u00e9rales de d\u00e9veloppement. ?<\/p>\n\n\n\n<p><strong>Le changement, c&#8217;est maintenant :<\/strong> Les pr\u00e9sidents kenyan William Ruto et congolais F\u00e9lix Tshisekedi <a href=\"https:\/\/www.voaafrica.com\/a\/african-leaders-call-for-action-at-unga\/7278574.html\">r\u00e9clament<\/a> un <a href=\"https:\/\/www.africanpost.com\/world\/5876-kenya-president-addresses-united-nations-general-debate-78th-session.html\">si\u00e8ge africain<\/a> permanent au Conseil de s\u00e9curit\u00e9 des Nations unies. Ils se joignent \u00e0 un groupe de plus en plus nombreux qui r\u00e9clame une r\u00e9forme de cet organe compos\u00e9 de cinq membres permanents (plus dix membres tournants), qui s&#8217;est enlis\u00e9 dans des man\u0153uvres g\u00e9opolitiques. Le Br\u00e9sil, l&#8217;Allemagne, l&#8217;Inde et le Japon (le \u00ab G4 \u00bb) ont <a href=\"https:\/\/www.nytimes.com\/2023\/09\/27\/world\/middleeast\/united-nations-security-council-reform.html\">promis de travailler ensemble<\/a> pour r\u00e9former l&#8217;institution. Mieux vaut ne pas retenir son souffle : la r\u00e9forme n\u00e9cessiterait l&#8217;approbation des cinq puissances disposant d&#8217;un droit de veto (Chine, France, Russie, Royaume-Uni et \u00c9tats-Unis) et des deux tiers des 193 membres de l&#8217;ONU. Les changements de pouvoir \u00e0 l&#8217;ONU sont extr\u00eamement lents compar\u00e9 \u00e0 ce qui se passe dans le reste du monde. La France se pr\u00e9pare <a href=\"https:\/\/www.francetvinfo.fr\/monde\/afrique\/niger\/niger-emmanuel-macron-annonce-le-retrait-des-troupes-francaises_6083328.html\">\u00e0 retirer ses troupes<\/a> du Niger, marquant ainsi une nouvelle perte d&#8217;influence dans ses anciennes colonies africaines. Le Kenya, quant \u00e0 lui, va jouer un r\u00f4le de premier plan sur la sc\u00e8ne internationale <a href=\"https:\/\/www.aljazeera.com\/news\/2023\/8\/30\/possible-kenya-led-mission-to-haiti-prompts-growing-calls-for-safeguards\">en acceptant de diriger<\/a> une mission de police internationale en Ha\u00efti.&nbsp;&nbsp;<\/p>\n\n\n\n<p><strong>Justice pour les disparus :<\/strong> Le Nigeria compte plus de la <a href=\"https:\/\/mg.co.za\/africa\/2023-09-26-nigerian-state-is-disappearing-its-people\/\">moiti\u00e9 des personnes disparues<\/a> en Afrique. Les militants locaux affirment que le gouvernement est responsable de la \u00ab disparition \u00bb de milliers de personnes par le biais d&#8217;ex\u00e9cutions extrajudiciaires et d&#8217;arrestations arbitraires. Le gouvernement nig\u00e9rian a <a href=\"https:\/\/mg.co.za\/africa\/2023-09-26-nigerian-state-is-disappearing-its-people\/\">huit ans de retard<\/a> dans la mise en place d&#8217;une base de donn\u00e9es nationale des personnes disparues. Ce retard est r\u00e9current pour le gouvernement : il a pr\u00e9sent\u00e9 un rapport aux Nations unies sur l&#8217;\u00e9limination des disparitions forc\u00e9es en 2021, soit neuf ans apr\u00e8s la date butoir. \u00c7a ne semble pas \u00eatre une bonne m\u00e9thode pour gagner la confiance des citoyens. Pas plus que la <a href=\"https:\/\/www.premiumtimesng.com\/news\/top-news\/628507-amnesty-demands-release-of-woman-arrested-over-comment-on-tomato-paste.html\">r\u00e9cente arrestation<\/a> d&#8217;une Nig\u00e9riane \u00e0 la suite de son post sur les r\u00e9seaux sociaux affirmant qu&#8217;une p\u00e2te de tomate \u00ab a un go\u00fbt sucr\u00e9 \u00bb. ?<\/p>\n\n\n\n<h2 class=\"wp-block-heading\" id=\"h-l-equipe-de-one-en-action-nbsp\"><strong>L&#8217;\u00c9QUIPE DE ONE EN ACTION :&nbsp;<\/strong><\/h2>\n\n\n\n<ul class=\"wp-block-list\">\n<li>Aux c\u00f4t\u00e9s de 16 autres organisations, nous signons une tribune pour d\u00e9noncer la d\u00e9cision du gouvernement fran\u00e7ais de repousser de 5 ans l&#8217;atteinte des 0,7 % du RNB allou\u00e9 \u00e0 l&#8217;aide publique au d\u00e9veloppement. Derri\u00e8re ces pourcentages, ce sont au bas mot 11 milliards d\u2019euros qui ne seront pas disponibles pour apporter une aide cruciale aux populations les plus vuln\u00e9rables.<\/li>\n\n\n\n<li>A l&#8217;approche du vote du projet de loi de finances 2024, nos jeunes Ambassadeurs et Ambassadrices s&#8217;appr\u00eatent \u00e0 passer deux jours \u00e0 l&#8217;Assembl\u00e9e nationale les 9 et 10 octobre prochains pour demander aux d\u00e9put\u00e9-e-s d\u2019augmenter les financements pour la solidarit\u00e9 internationale. Certain-e-s d\u00e9put\u00e9-e-s n&#8217;ont pas encore r\u00e9pondu \u00e0 leurs sollicitations, nous avons donc besoin de votre aide ! <a href=\"https:\/\/act.one.org\/letter\/contactez-deputes-an\/\">Cliquez sur ce lien pour leur envoyer un mail et leur demander de recevoir nos b\u00e9n\u00e9voles<\/a>.<\/li>\n<\/ul>\n\n\n\n<h2 class=\"wp-block-heading\" id=\"h-les-chiffres\"><strong>LES CHIFFRES :<\/strong><\/h2>\n\n\n\n<ul class=\"wp-block-list\">\n<li><strong>Moins de 12%<\/strong> des orateurs de haut niveau \u00e0 l&#8217;Assembl\u00e9e g\u00e9n\u00e9rale des Nations Unies cette ann\u00e9e <a href=\"https:\/\/www.reuters.com\/world\/over-past-week-130-world-leaders-spoke-un-where-were-women-2023-09-26\/\">\u00e9taient des femmes<\/a>. ?\u200d\u2640\ufe0f<\/li>\n\n\n\n<li><strong>Un seul pr\u00eat sur les 32<\/strong> accord\u00e9s par le FMI entre mars 2020 et mars 2023 et comprenant des mesures d&#8217;aust\u00e9rit\u00e9 <a href=\"https:\/\/www.hrw.org\/fr\/news\/2023\/09\/25\/fmi-les-prets-sous-conditions-dausterite-risquent-de-restreindre-les-droits\">a \u00e9valu\u00e9 l&#8217;impact<\/a> sur le revenu r\u00e9el&nbsp; des personnes.<\/li>\n\n\n\n<li><strong>20 des 30<\/strong> pays qui ont <a href=\"https:\/\/www.theeastafrican.co.ke\/tea\/rest-of-africa\/generation-z-could-be-giving-african-leaders-autocratic-licence-4378306\">restreint l&#8217;acc\u00e8s \u00e0 internet<\/a> au cours des trois derni\u00e8res ann\u00e9es sont africains.<\/li>\n<\/ul>\n<div class=\"buffer\"><\/div>","protected":false},"excerpt":{"rendered":"<p>Le changement climatique tuera 250 000 personnes par an et plongera 132 millions de personnes dans la pauvret\u00e9 d&#8217;ici \u00e0 2030.<\/p>\n","protected":false},"author":24,"featured_media":163009,"comment_status":"closed","ping_status":"closed","sticky":false,"template":"","format":"standard","meta":{"_acf_changed":false,"_relevanssi_hide_post":"","_relevanssi_hide_content":"","_relevanssi_pin_for_all":"","_relevanssi_pin_keywords":"","_relevanssi_unpin_keywords":"","_relevanssi_related_keywords":"","_relevanssi_related_include_ids":"","_relevanssi_related_exclude_ids":"","_relevanssi_related_no_append":"","_relevanssi_related_not_related":"","_relevanssi_related_posts":"162606,162572,162404,162449,163398,162609","_relevanssi_noindex_reason":"","footnotes":""},"categories":[68],"tags":[],"topic":[86],"contributor":[33],"one_content_audience":[],"one_content_type":[],"one_content_tone":[],"class_list":["post-163644","post","type-post","status-publish","format-standard","has-post-thumbnail","hentry","category-analyse","topic-ondes-de-choc","contributor-one-france"],"acf":[],"yoast_head":"<!-- This site is optimized with the Yoast SEO Premium plugin v27.1 (Yoast SEO v27.1.1) - https:\/\/yoast.com\/product\/yoast-seo-premium-wordpress\/ -->\n<title>Une goutte d\u2019eau dans l\u2019oc\u00e9an<\/title>\n<meta name=\"description\" content=\"Le changement climatique tuera 250 000 personnes par an et plongera 132 millions de personnes dans la pauvret\u00e9 d&#039;ici \u00e0 2030.\" \/>\n<meta name=\"robots\" content=\"index, follow, max-snippet:-1, max-image-preview:large, max-video-preview:-1\" \/>\n<link rel=\"canonical\" href=\"https:\/\/www.one.org\/fr\/actualites\/une-goutte-deau-dans-locean\/\" \/>\n<meta property=\"og:locale\" content=\"fr_FR\" \/>\n<meta property=\"og:type\" content=\"article\" \/>\n<meta property=\"og:title\" content=\"Une goutte d\u2019eau dans l\u2019oc\u00e9an\" \/>\n<meta property=\"og:description\" content=\"Le changement climatique tuera 250 000 personnes par an et plongera 132 millions de personnes dans la pauvret\u00e9 d&#039;ici \u00e0 2030.\" \/>\n<meta property=\"og:url\" content=\"https:\/\/www.one.org\/fr\/actualites\/une-goutte-deau-dans-locean\/\" \/>\n<meta property=\"og:site_name\" content=\"ONE.org France\" \/>\n<meta property=\"article:publisher\" content=\"https:\/\/www.facebook.com\/ONE.Fr\" \/>\n<meta property=\"article:published_time\" content=\"2023-09-29T13:24:07+00:00\" \/>\n<meta property=\"article:modified_time\" content=\"2023-12-08T14:27:51+00:00\" \/>\n<meta property=\"og:image\" content=\"https:\/\/www.one.org\/fr\/wp-content\/uploads\/sites\/4\/2023\/09\/Aftershock_2021_SocialShare_1200x628_en_4.jpg\" \/>\n\t<meta property=\"og:image:width\" content=\"1201\" \/>\n\t<meta property=\"og:image:height\" content=\"629\" \/>\n\t<meta property=\"og:image:type\" content=\"image\/jpeg\" \/>\n<meta name=\"author\" content=\"Dana Khalil\" \/>\n<meta name=\"twitter:card\" content=\"summary_large_image\" \/>\n<meta name=\"twitter:description\" content=\"Le changement climatique tuera 250 000 personnes par an et plongera 132 millions de personnes dans la pauvret\u00e9 d&#039;ici \u00e0 2030.\" \/>\n<meta name=\"twitter:creator\" content=\"@one_fr\" \/>\n<meta name=\"twitter:site\" content=\"@one_fr\" \/>\n<meta name=\"twitter:label1\" content=\"Written by\" \/>\n\t<meta name=\"twitter:data1\" content=\"Dana Khalil\" \/>\n\t<meta name=\"twitter:label2\" content=\"Est. reading time\" \/>\n\t<meta name=\"twitter:data2\" content=\"7 minutes\" \/>\n<script type=\"application\/ld+json\" class=\"yoast-schema-graph\">{\"@context\":\"https:\/\/schema.org\",\"@graph\":[{\"@type\":\"Article\",\"@id\":\"https:\/\/www.one.org\/fr\/actualites\/une-goutte-deau-dans-locean\/#article\",\"isPartOf\":{\"@id\":\"https:\/\/www.one.org\/fr\/actualites\/une-goutte-deau-dans-locean\/\"},\"author\":{\"name\":\"Dana Khalil\",\"@id\":\"https:\/\/www.one.org\/fr\/#\/schema\/person\/cf1f30f9800f0592ec3d61940be82003\"},\"headline\":\"Une goutte d\u2019eau dans l\u2019oc\u00e9an\",\"datePublished\":\"2023-09-29T13:24:07+00:00\",\"dateModified\":\"2023-12-08T14:27:51+00:00\",\"mainEntityOfPage\":{\"@id\":\"https:\/\/www.one.org\/fr\/actualites\/une-goutte-deau-dans-locean\/\"},\"wordCount\":1510,\"image\":{\"@id\":\"https:\/\/www.one.org\/fr\/actualites\/une-goutte-deau-dans-locean\/#primaryimage\"},\"thumbnailUrl\":\"https:\/\/www.one.org\/fr\/wp-content\/uploads\/sites\/4\/2022\/02\/Aftershock_2021_FeaturedImage_1200x1200_en_005.jpg\",\"articleSection\":[\"Analyse\"],\"inLanguage\":\"fr-FR\"},{\"@type\":\"WebPage\",\"@id\":\"https:\/\/www.one.org\/fr\/actualites\/une-goutte-deau-dans-locean\/\",\"url\":\"https:\/\/www.one.org\/fr\/actualites\/une-goutte-deau-dans-locean\/\",\"name\":\"Une goutte d\u2019eau dans l\u2019oc\u00e9an\",\"isPartOf\":{\"@id\":\"https:\/\/www.one.org\/fr\/#website\"},\"primaryImageOfPage\":{\"@id\":\"https:\/\/www.one.org\/fr\/actualites\/une-goutte-deau-dans-locean\/#primaryimage\"},\"image\":{\"@id\":\"https:\/\/www.one.org\/fr\/actualites\/une-goutte-deau-dans-locean\/#primaryimage\"},\"thumbnailUrl\":\"https:\/\/www.one.org\/fr\/wp-content\/uploads\/sites\/4\/2022\/02\/Aftershock_2021_FeaturedImage_1200x1200_en_005.jpg\",\"datePublished\":\"2023-09-29T13:24:07+00:00\",\"dateModified\":\"2023-12-08T14:27:51+00:00\",\"author\":{\"@id\":\"https:\/\/www.one.org\/fr\/#\/schema\/person\/cf1f30f9800f0592ec3d61940be82003\"},\"description\":\"Le changement climatique tuera 250 000 personnes par an et plongera 132 millions de personnes dans la pauvret\u00e9 d'ici \u00e0 2030.\",\"breadcrumb\":{\"@id\":\"https:\/\/www.one.org\/fr\/actualites\/une-goutte-deau-dans-locean\/#breadcrumb\"},\"inLanguage\":\"fr-FR\",\"potentialAction\":[{\"@type\":\"ReadAction\",\"target\":[\"https:\/\/www.one.org\/fr\/actualites\/une-goutte-deau-dans-locean\/\"]}]},{\"@type\":\"ImageObject\",\"inLanguage\":\"fr-FR\",\"@id\":\"https:\/\/www.one.org\/fr\/actualites\/une-goutte-deau-dans-locean\/#primaryimage\",\"url\":\"https:\/\/www.one.org\/fr\/wp-content\/uploads\/sites\/4\/2022\/02\/Aftershock_2021_FeaturedImage_1200x1200_en_005.jpg\",\"contentUrl\":\"https:\/\/www.one.org\/fr\/wp-content\/uploads\/sites\/4\/2022\/02\/Aftershock_2021_FeaturedImage_1200x1200_en_005.jpg\",\"width\":1201,\"height\":1201},{\"@type\":\"BreadcrumbList\",\"@id\":\"https:\/\/www.one.org\/fr\/actualites\/une-goutte-deau-dans-locean\/#breadcrumb\",\"itemListElement\":[{\"@type\":\"ListItem\",\"position\":1,\"name\":\"Home\",\"item\":\"https:\/\/www.one.org\/fr\/\"},{\"@type\":\"ListItem\",\"position\":2,\"name\":\"Une goutte d\u2019eau dans l\u2019oc\u00e9an\"}]},{\"@type\":\"WebSite\",\"@id\":\"https:\/\/www.one.org\/fr\/#website\",\"url\":\"https:\/\/www.one.org\/fr\/\",\"name\":\"ONE.org\",\"description\":\"Cr\u00e9er des opportunit\u00e9s \u00e9conomiques et am\u00e9liorer la sant\u00e9 en Afrique\",\"potentialAction\":[{\"@type\":\"SearchAction\",\"target\":{\"@type\":\"EntryPoint\",\"urlTemplate\":\"https:\/\/www.one.org\/fr\/?s={search_term_string}\"},\"query-input\":{\"@type\":\"PropertyValueSpecification\",\"valueRequired\":true,\"valueName\":\"search_term_string\"}}],\"inLanguage\":\"fr-FR\"},{\"@type\":\"Person\",\"@id\":\"https:\/\/www.one.org\/fr\/#\/schema\/person\/cf1f30f9800f0592ec3d61940be82003\",\"name\":\"Dana Khalil\",\"image\":{\"@type\":\"ImageObject\",\"inLanguage\":\"fr-FR\",\"@id\":\"https:\/\/www.one.org\/fr\/#\/schema\/person\/image\/\",\"url\":\"https:\/\/secure.gravatar.com\/avatar\/b0da536f00ccefadcc7aae4e64855977a5249adb1ac04162a69474e53a8d4c40?s=96&d=mm&r=g\",\"contentUrl\":\"https:\/\/secure.gravatar.com\/avatar\/b0da536f00ccefadcc7aae4e64855977a5249adb1ac04162a69474e53a8d4c40?s=96&d=mm&r=g\",\"caption\":\"Dana Khalil\"},\"url\":\"https:\/\/www.one.org\/fr\/actualites\/author\/danakhalil\/\"}]}<\/script>\n<!-- \/ Yoast SEO Premium plugin. -->","yoast_head_json":{"title":"Une goutte d\u2019eau dans l\u2019oc\u00e9an","description":"Le changement climatique tuera 250 000 personnes par an et plongera 132 millions de personnes dans la pauvret\u00e9 d'ici \u00e0 2030.","robots":{"index":"index","follow":"follow","max-snippet":"max-snippet:-1","max-image-preview":"max-image-preview:large","max-video-preview":"max-video-preview:-1"},"canonical":"https:\/\/www.one.org\/fr\/actualites\/une-goutte-deau-dans-locean\/","og_locale":"fr_FR","og_type":"article","og_title":"Une goutte d\u2019eau dans l\u2019oc\u00e9an","og_description":"Le changement climatique tuera 250 000 personnes par an et plongera 132 millions de personnes dans la pauvret\u00e9 d'ici \u00e0 2030.","og_url":"https:\/\/www.one.org\/fr\/actualites\/une-goutte-deau-dans-locean\/","og_site_name":"ONE.org France","article_publisher":"https:\/\/www.facebook.com\/ONE.Fr","article_published_time":"2023-09-29T13:24:07+00:00","article_modified_time":"2023-12-08T14:27:51+00:00","og_image":[{"width":1201,"height":629,"url":"https:\/\/www.one.org\/fr\/wp-content\/uploads\/sites\/4\/2023\/09\/Aftershock_2021_SocialShare_1200x628_en_4.jpg","type":"image\/jpeg"}],"author":"Dana Khalil","twitter_card":"summary_large_image","twitter_description":"Le changement climatique tuera 250 000 personnes par an et plongera 132 millions de personnes dans la pauvret\u00e9 d'ici \u00e0 2030.","twitter_creator":"@one_fr","twitter_site":"@one_fr","twitter_misc":{"Written by":"Dana Khalil","Est. reading time":"7 minutes"},"schema":{"@context":"https:\/\/schema.org","@graph":[{"@type":"Article","@id":"https:\/\/www.one.org\/fr\/actualites\/une-goutte-deau-dans-locean\/#article","isPartOf":{"@id":"https:\/\/www.one.org\/fr\/actualites\/une-goutte-deau-dans-locean\/"},"author":{"name":"Dana Khalil","@id":"https:\/\/www.one.org\/fr\/#\/schema\/person\/cf1f30f9800f0592ec3d61940be82003"},"headline":"Une goutte d\u2019eau dans l\u2019oc\u00e9an","datePublished":"2023-09-29T13:24:07+00:00","dateModified":"2023-12-08T14:27:51+00:00","mainEntityOfPage":{"@id":"https:\/\/www.one.org\/fr\/actualites\/une-goutte-deau-dans-locean\/"},"wordCount":1510,"image":{"@id":"https:\/\/www.one.org\/fr\/actualites\/une-goutte-deau-dans-locean\/#primaryimage"},"thumbnailUrl":"https:\/\/www.one.org\/fr\/wp-content\/uploads\/sites\/4\/2022\/02\/Aftershock_2021_FeaturedImage_1200x1200_en_005.jpg","articleSection":["Analyse"],"inLanguage":"fr-FR"},{"@type":"WebPage","@id":"https:\/\/www.one.org\/fr\/actualites\/une-goutte-deau-dans-locean\/","url":"https:\/\/www.one.org\/fr\/actualites\/une-goutte-deau-dans-locean\/","name":"Une goutte d\u2019eau dans l\u2019oc\u00e9an","isPartOf":{"@id":"https:\/\/www.one.org\/fr\/#website"},"primaryImageOfPage":{"@id":"https:\/\/www.one.org\/fr\/actualites\/une-goutte-deau-dans-locean\/#primaryimage"},"image":{"@id":"https:\/\/www.one.org\/fr\/actualites\/une-goutte-deau-dans-locean\/#primaryimage"},"thumbnailUrl":"https:\/\/www.one.org\/fr\/wp-content\/uploads\/sites\/4\/2022\/02\/Aftershock_2021_FeaturedImage_1200x1200_en_005.jpg","datePublished":"2023-09-29T13:24:07+00:00","dateModified":"2023-12-08T14:27:51+00:00","author":{"@id":"https:\/\/www.one.org\/fr\/#\/schema\/person\/cf1f30f9800f0592ec3d61940be82003"},"description":"Le changement climatique tuera 250 000 personnes par an et plongera 132 millions de personnes dans la pauvret\u00e9 d'ici \u00e0 2030.","breadcrumb":{"@id":"https:\/\/www.one.org\/fr\/actualites\/une-goutte-deau-dans-locean\/#breadcrumb"},"inLanguage":"fr-FR","potentialAction":[{"@type":"ReadAction","target":["https:\/\/www.one.org\/fr\/actualites\/une-goutte-deau-dans-locean\/"]}]},{"@type":"ImageObject","inLanguage":"fr-FR","@id":"https:\/\/www.one.org\/fr\/actualites\/une-goutte-deau-dans-locean\/#primaryimage","url":"https:\/\/www.one.org\/fr\/wp-content\/uploads\/sites\/4\/2022\/02\/Aftershock_2021_FeaturedImage_1200x1200_en_005.jpg","contentUrl":"https:\/\/www.one.org\/fr\/wp-content\/uploads\/sites\/4\/2022\/02\/Aftershock_2021_FeaturedImage_1200x1200_en_005.jpg","width":1201,"height":1201},{"@type":"BreadcrumbList","@id":"https:\/\/www.one.org\/fr\/actualites\/une-goutte-deau-dans-locean\/#breadcrumb","itemListElement":[{"@type":"ListItem","position":1,"name":"Home","item":"https:\/\/www.one.org\/fr\/"},{"@type":"ListItem","position":2,"name":"Une goutte d\u2019eau dans l\u2019oc\u00e9an"}]},{"@type":"WebSite","@id":"https:\/\/www.one.org\/fr\/#website","url":"https:\/\/www.one.org\/fr\/","name":"ONE.org","description":"Cr\u00e9er des opportunit\u00e9s \u00e9conomiques et am\u00e9liorer la sant\u00e9 en Afrique","potentialAction":[{"@type":"SearchAction","target":{"@type":"EntryPoint","urlTemplate":"https:\/\/www.one.org\/fr\/?s={search_term_string}"},"query-input":{"@type":"PropertyValueSpecification","valueRequired":true,"valueName":"search_term_string"}}],"inLanguage":"fr-FR"},{"@type":"Person","@id":"https:\/\/www.one.org\/fr\/#\/schema\/person\/cf1f30f9800f0592ec3d61940be82003","name":"Dana Khalil","image":{"@type":"ImageObject","inLanguage":"fr-FR","@id":"https:\/\/www.one.org\/fr\/#\/schema\/person\/image\/","url":"https:\/\/secure.gravatar.com\/avatar\/b0da536f00ccefadcc7aae4e64855977a5249adb1ac04162a69474e53a8d4c40?s=96&d=mm&r=g","contentUrl":"https:\/\/secure.gravatar.com\/avatar\/b0da536f00ccefadcc7aae4e64855977a5249adb1ac04162a69474e53a8d4c40?s=96&d=mm&r=g","caption":"Dana Khalil"},"url":"https:\/\/www.one.org\/fr\/actualites\/author\/danakhalil\/"}]}},"distributor_meta":false,"distributor_terms":false,"distributor_media":false,"distributor_original_site_name":"ONE.org France","distributor_original_site_url":"https:\/\/www.one.org\/fr","push-errors":false,"_links":{"self":[{"href":"https:\/\/www.one.org\/fr\/wp-json\/wp\/v2\/posts\/163644","targetHints":{"allow":["GET"]}}],"collection":[{"href":"https:\/\/www.one.org\/fr\/wp-json\/wp\/v2\/posts"}],"about":[{"href":"https:\/\/www.one.org\/fr\/wp-json\/wp\/v2\/types\/post"}],"author":[{"embeddable":true,"href":"https:\/\/www.one.org\/fr\/wp-json\/wp\/v2\/users\/24"}],"replies":[{"embeddable":true,"href":"https:\/\/www.one.org\/fr\/wp-json\/wp\/v2\/comments?post=163644"}],"version-history":[{"count":0,"href":"https:\/\/www.one.org\/fr\/wp-json\/wp\/v2\/posts\/163644\/revisions"}],"wp:featuredmedia":[{"embeddable":true,"href":"https:\/\/www.one.org\/fr\/wp-json\/wp\/v2\/media\/163009"}],"wp:attachment":[{"href":"https:\/\/www.one.org\/fr\/wp-json\/wp\/v2\/media?parent=163644"}],"wp:term":[{"taxonomy":"category","embeddable":true,"href":"https:\/\/www.one.org\/fr\/wp-json\/wp\/v2\/categories?post=163644"},{"taxonomy":"post_tag","embeddable":true,"href":"https:\/\/www.one.org\/fr\/wp-json\/wp\/v2\/tags?post=163644"},{"taxonomy":"topic","embeddable":true,"href":"https:\/\/www.one.org\/fr\/wp-json\/wp\/v2\/topic?post=163644"},{"taxonomy":"contributor","embeddable":true,"href":"https:\/\/www.one.org\/fr\/wp-json\/wp\/v2\/contributor?post=163644"},{"taxonomy":"one_content_audience","embeddable":true,"href":"https:\/\/www.one.org\/fr\/wp-json\/wp\/v2\/one_content_audience?post=163644"},{"taxonomy":"one_content_type","embeddable":true,"href":"https:\/\/www.one.org\/fr\/wp-json\/wp\/v2\/one_content_type?post=163644"},{"taxonomy":"one_content_tone","embeddable":true,"href":"https:\/\/www.one.org\/fr\/wp-json\/wp\/v2\/one_content_tone?post=163644"}],"curies":[{"name":"wp","href":"https:\/\/api.w.org\/{rel}","templated":true}]}}