{"id":163519,"date":"2023-09-15T11:37:33","date_gmt":"2023-09-15T11:37:33","guid":{"rendered":"https:\/\/www.one.org\/fr\/?p=163519"},"modified":"2024-04-23T12:30:25","modified_gmt":"2024-04-23T12:30:25","slug":"lassemblee-generale-des-nations-unies","status":"publish","type":"post","link":"https:\/\/www.one.org\/fr\/actualites\/lassemblee-generale-des-nations-unies\/","title":{"rendered":"L&#8217;Assembl\u00e9e g\u00e9n\u00e9rale des Nations unies"},"content":{"rendered":"\n<p><em>Cette semaine dans Ondes de Choc, jetons un coup d&#8217;\u0153il \u00e0 l&#8217;Assembl\u00e9e g\u00e9n\u00e9rale des Nations unies qui se tiendra la semaine prochaine \u00e0 New York. L&#8217;ann\u00e9e derni\u00e8re, la guerre en Ukraine a domin\u00e9 les d\u00e9bats. Cette ann\u00e9e, les pays africains (et bien d&#8217;autres) veulent que l&#8217;on se concentre sur le d\u00e9veloppement international. La paix et la prosp\u00e9rit\u00e9 mondiales (sans parler de la cr\u00e9dibilit\u00e9 des pays les plus riches) sont en jeu. Voici ce \u00e0 quoi il faut s&#8217;attendre&#8230;<\/em><\/p>\n\n\n\n<p><strong>ACTUALITES<\/strong><\/p>\n\n\n\n<p><strong>Un mauvais bulletin de notes :<\/strong> Huit ans apr\u00e8s la cr\u00e9ation des objectifs de d\u00e9veloppement durable (ODD) en 2015, les dirigeants se r\u00e9uniront pour \u00e9valuer les progr\u00e8s accomplis lors du <a href=\"https:\/\/www.un.org\/sustainabledevelopment\/fr\/\">Sommet des ODD de 2023<\/a>. Le monde n&#8217;est en passe d&#8217;atteindre que <a href=\"https:\/\/twitter.com\/UNDESA\/status\/1701241687128072565\">15 % des 140 ODD<\/a> pour lesquels il existe des donn\u00e9es, et il y a r\u00e9gression ou absence de progr\u00e8s <a href=\"https:\/\/unstats.un.org\/sdgs\/report\/2023\/The-Sustainable-Development-Goals-Report-2023.pdf\">pour environ 30 % des objectifs<\/a>. Quels sont les risques si le monde ne rectifie pas le tir ? Tout d&#8217;abord, 575 millions de personnes vivront encore dans l&#8217;extr\u00eame pauvret\u00e9 en 2030, au lieu du noble objectif de 0 fix\u00e9 par les objectifs du Mill\u00e9naire pour le d\u00e9veloppement. Le r\u00e9sultat promis de la r\u00e9union est une \u00ab d\u00e9claration politique n\u00e9goci\u00e9e \u00bb. Esp\u00e9rons qu&#8217;elle d\u00e9bouchera sur des mesures plus concr\u00e8tes et plus rapides que celles que l&#8217;on trouve habituellement dans cette formule \u00e9cul\u00e9e de sommet. Le moment l&#8217;exige.<\/p>\n\n\n\n<p><strong>Montrez-moi l&#8217;argent :<\/strong> Apr\u00e8s avoir \u00e9t\u00e9 confront\u00e9s \u00e0 la triste r\u00e9alit\u00e9 de la mise en \u0153uvre des ODD, les dirigeants politiques auront une (autre) chance de les financer lorsqu&#8217;ils se r\u00e9uniront pour le \u00ab <a href=\"https:\/\/www.un.org\/esa\/ffd\/ffddialogue2023\/\">Dialogue de haut niveau sur le financement du d\u00e9veloppement<\/a> \u00bb mercredi. La r\u00e9alisation des objectifs du Mill\u00e9naire pour le d\u00e9veloppement a toujours eu un co\u00fbt \u00e9lev\u00e9 pour les pays \u00e0 revenu faible ou interm\u00e9diaire, mais la pand\u00e9mie et ses r\u00e9percussions <a href=\"https:\/\/www.oecd-ilibrary.org\/sites\/fcbe6ce9-en\/index.html?itemId=\/content\/publication\/fcbe6ce9-en&amp;_csp_=324f5278c3cd15483ec0c51666af7400&amp;itemIGO=oecd&amp;itemContentType=book\">ont augment\u00e9 ce co\u00fbt de 56 %<\/a>. Ce montant s&#8217;\u00e9l\u00e8ve d\u00e9sormais \u00e0 3,9 milliards de dollars. Dans le m\u00eame temps, la diminution des investissements \u00e9trangers et l&#8217;augmentation du fardeau de la dette (aggrav\u00e9e par les <a href=\"https:\/\/data.one.org\/data-dives\/data-dive-the-hidden-impacts-of-rising-interest-rates\/\">dommages collat\u00e9raux de la hausse des taux d&#8217;int\u00e9r\u00eat<\/a>) ont exacerb\u00e9 les probl\u00e8mes de financement. La r\u00e9solution de <a href=\"https:\/\/data.one.org\/data-dives\/debt\/\">la crise de la dette<\/a>, l&#8217;augmentation du <a href=\"https:\/\/data.one.org\/data-dives\/unlocking-a-trillion-dollars-for-development\/\">financement des banques multilat\u00e9rales de d\u00e9veloppement<\/a>, la mise \u00e0 disposition des fonds n\u00e9cessaires \u00e0 <a href=\"https:\/\/data.one.org\/data-dives\/climate\/\">la lutte contre le changement climatique<\/a> et la solidarit\u00e9 en vue d&#8217;une solide reconstitution des ressources de l&#8217;Association internationale de d\u00e9veloppement (IDA) devraient figurer parmi les priorit\u00e9s de l&#8217;ordre du jour.\u00a0 Il reste \u00e0 voir si la <a href=\"https:\/\/www.pulse.ng\/business\/international\/african-union-requests-dollar100-billion-allocation-from-imfs-special-drawing-rights\/37vmp9m\">demande unanime des dirigeants africains<\/a>, formul\u00e9e lors du sommet africain du climat de la semaine derni\u00e8re, pour davantage de nouveaux droits de tirage sp\u00e9ciaux et r\u00e9allou\u00e9s vers les pays qui en ont le plus besoin,\u00a0 recevra l&#8217;attention qu&#8217;elle m\u00e9rite.<\/p>\n\n\n\n<figure class=\"wp-block-image is-resized\"><img loading=\"lazy\" decoding=\"async\" src=\"https:\/\/lh4.googleusercontent.com\/anKF0nHA95i40G4ipKrbqhkGylHf3XhXrjXfW2msyOZCneB9mvrFLKa1RIAvLtYv8sI67-_1PHWuJA4v2wcncKashX6W48sSjG-U4G6rhZnyBep8D-Rc1wb5Uk_ErvsIStDtWkp0KbnZb5Btis7R0nQ\" alt=\"\" style=\"width:795px;height:565px\" width=\"795\" height=\"565\" \/><\/figure>\n\n\n\n<p><strong>Montrer et dire : <\/strong>Mercredi prochain, les Nations unies organiseront un \u00ab <a href=\"https:\/\/www.un.org\/fr\/climatechange\/climate-ambition-summit\">Sommet sur l&#8217;ambition climatique<\/a> \u00bb pour inciter les gouvernements, les institutions et les entreprises \u00e0 \u00ab pr\u00e9senter des actions cr\u00e9dibles, s\u00e9rieuses et nouvelles en faveur du climat \u00bb afin de r\u00e9pondre \u00e0 l&#8217;urgence de la crise climatique. Les ravages <a href=\"https:\/\/www.francetvinfo.fr\/monde\/afrique\/libye\/en-images-balayee-par-la-tempete-daniel-la-libye-est-a-la-recherche-de-milliers-de-disparus-dans-les-inondations_6057999.html\">caus\u00e9s par la temp\u00eate Daniel<\/a> en Libye et en Gr\u00e8ce soulignent l&#8217;urgence de la situation. Les dirigeants pourraient commencer par mettre en \u0153uvre <a href=\"https:\/\/www.e3g.org\/news\/key-outcomes-from-the-africa-climate-summit\/\">les id\u00e9es propos\u00e9es<\/a> lors du sommet africain du climat qui s&#8217;est tenu la semaine derni\u00e8re. Il s&#8217;agit notamment d&#8217;imposer des taxes carbone sur les \u00e9nergies fossiles et aux secteurs du transport maritime et a\u00e9rien, de mobiliser davantage de financements par l&#8217;interm\u00e9diaire des Banques multilat\u00e9rales de d\u00e9veloppement et des droits de tirage sp\u00e9ciaux et de mettre en \u0153uvre une taxe mondiale sur les transactions financi\u00e8res. Ces nouvelles sources de financement aideraient les pays africains \u00e0 lib\u00e9rer leur potentiel \u00e9cologique et \u00e0 trouver des solutions mondiales <a href=\"https:\/\/data.one.org\/data-dives\/climate\/\">au probl\u00e8me du climat<\/a>. L&#8217;ambition climatique des principaux pays \u00e9metteurs de CO2 et du G20 fera \u00e9galement l&#8217;objet <a href=\"https:\/\/www.un.org\/fr\/climatechange\/climate-ambition-summit\">d&#8217;un examen minutieux<\/a> lors de cet \u00e9v\u00e9nement. C&#8217;est peut-\u00eatre la raison pour laquelle certains dirigeants envisagent de faire l&#8217;impasse sur le sommet. ?<\/p>\n\n\n\n<p><strong>La sant\u00e9 pour tous, mais comment ?<\/strong> Six des dix premi\u00e8res causes de d\u00e9c\u00e8s dans les pays \u00e0 faible revenu sont des <a href=\"https:\/\/data.one.org\/topics\/health\/#leading-causes-of-death-by-income-group\">maladies infectieuses \u00e9vitables<\/a>. L&#8217;\u00e9largissement de l&#8217;acc\u00e8s aux soins de sant\u00e9 primaires et l&#8217;intensification des interventions contre les maladies les plus meurtri\u00e8res pourraient sauver et faire perdurer de nombreuses vies. Mais comme pour de nombreux objectifs de d\u00e9veloppement dans le monde, un financement insuffisant fait obstacle \u00e0 la couverture sanitaire universelle. Lors de la <a href=\"https:\/\/www.who.int\/activities\/preparing-for-the-un-high-level-meeting-2023-and-achieving-health-for-all\">r\u00e9union de haut niveau<\/a> qui se tiendra la semaine prochaine, les objectifs de financement de la couverture sanitaire universelle devront aller au-del\u00e0 de la liste&nbsp; habituelle des budgets nationaux, l&#8217;Organisation mondiale de la sant\u00e9, le Fonds mondial et Gavi. Il est temps que les banques multilat\u00e9rales de d\u00e9veloppement comme la Banque mondiale, qui a pris <a href=\"https:\/\/thedocs.worldbank.org\/en\/doc\/563c40a12f3e69425706347caa674af4-0410012022\/original\/IDA20-policy-commitments.pdf\">des engagements<\/a> en faveur d\u2019une couverture sanitaire universelle, et les institutions financi\u00e8res internationales, comme le <a href=\"https:\/\/www.imf.org\/en\/Topics\/Resilience-and-Sustainability-Trust\">Fonds pour la r\u00e9silience et la durabilit\u00e9<\/a> du FMI, se mobilisent pour combler les lacunes. Peut-\u00eatre le feront-ils lors des assembl\u00e9es annuelles qui se tiendront en octobre au Maroc (\u00e0 condition qu&#8217;elles se poursuivent malgr\u00e9 <a href=\"https:\/\/www.lemonde.fr\/afrique\/live\/2023\/09\/12\/seisme-au-maroc-en-direct-trois-jours-apres-le-violent-tremblement-de-terre-quelle-est-la-situation-sur-place-posez-vos-questions-a-notre-correspondant_6188578_3212.html\">le tremblement de terre<\/a> d\u00e9vastateur).<\/p>\n\n\n\n<figure class=\"wp-block-image\"><img decoding=\"async\" src=\"https:\/\/lh5.googleusercontent.com\/rz7UrPXNo2yyQ14aUEGeTt6K4zKh9i5Qs9BqAz_Y-Vyn9A1rtPcjO3fd_gF3Ay-VH8LqI6b5wj9UNy9IK5xO-_kYQdAqnA_a0AZzLf_jV4tglpqCKoeiJXJU5KGJINQTD8GwV-PcbAZ5eFNGxED4f-s\" alt=\"\" \/><\/figure>\n\n\n\n<p><strong>Rendre au multilat\u00e9ralisme sa grandeur : <\/strong>La \u00ab <a href=\"https:\/\/www.un.org\/pga\/77\/wp-content\/uploads\/sites\/105\/2023\/07\/SOTF-Ministerial-Preliminary-Programme.pdf\">r\u00e9union minist\u00e9rielle pr\u00e9paratoire au Sommet de l\u2019avenir<\/a> \u00bb est l&#8217;\u00e9v\u00e9nement le plus clair du calendrier de la semaine prochaine. Mais c&#8217;est potentiellement celui qui pourrait apporter les nouveaut\u00e9s les plus int\u00e9ressantes. En effet, lors de l&#8217;AGNU 2024, <a href=\"https:\/\/www.un.org\/fr\/common-agenda\/summit-of-the-future\">le Sommet de l\u2019avenir<\/a> aura pour objectif de s&#8217;attaquer \u00e0 l&#8217;\u00e9l\u00e9phant dans la pi\u00e8ce : un syst\u00e8me multilat\u00e9ral d\u00e9faillant. La r\u00e9union \u00ab pr\u00e9paratoire \u00bb de cette ann\u00e9e abordera probablement un grand nombre des solutions discut\u00e9es lors des r\u00e9unions de printemps de la Banque mondiale et du FMI, du sommet sur le nouveau pacte financier, du sommet du G7, du sommet africain sur le climat et du sommet du G20. Malgr\u00e9 de nombreux discours (et parfois <a href=\"https:\/\/twitter.com\/David_McNair\/status\/1700482955582312640\">des mesures timides<\/a>), l&#8217;action a \u00e9t\u00e9 insuffisante. Peut-\u00eatre que cette r\u00e9union ouvrira vraiment la voie \u00e0 une action d&#8217;envergure l&#8217;ann\u00e9e prochaine ?&nbsp;<\/p>\n\n\n\n<p><strong>Plus jamais \u00e7a ?<\/strong> Le COVID-19 a mis en \u00e9vidence le manque de pr\u00e9paration des pays face aux bouleversements sanitaires, \u00e9conomiques et sociaux de grande ampleur que peut entra\u00eener une pand\u00e9mie mondiale. Pour mieux nous y pr\u00e9parer sans <a href=\"https:\/\/data.one.org\/data-dives\/covid-19-response\/#high-income-countries-had-a-6-month-head-start-on-purchasing-doses-while-slow-walking-funding-for-covax\">les in\u00e9galit\u00e9s<\/a> que nous avons connues avec le COVID &#8211; et pour pr\u00e9server les progr\u00e8s durement acquis contre les maladies existantes &#8211; les experts <a href=\"https:\/\/pandemic-financing.org\/report\/high-level-summary\/\">insistent sur la n\u00e9cessit\u00e9 d&#8217;un engagement<\/a> politique soutenu. Cet esprit d&#8217;urgence se manifestera lors de la <a href=\"https:\/\/sdg.iisd.org\/events\/unga-high-level-meeting-on-pandemic-prevention-preparedness-and-response\/\">premi\u00e8re r\u00e9union de haut niveau sur le sujet<\/a> la semaine prochaine. Les \u00c9tats membres <a href=\"https:\/\/www.un.org\/pga\/77\/wp-content\/uploads\/sites\/105\/2023\/06\/Zero-draft-PPPR-Political-Declaration-5-June.pdf\">devraient finaliser<\/a> une d\u00e9claration politique. Son niveau d&#8217;ambition est d\u00e9j\u00e0 remis en question : certains ont critiqu\u00e9 les premiers projets, estimant qu&#8217;ils <a href=\"https:\/\/healthpolicy-watch.news\/un-draft-pandemic-declaration-offers-little-hope-for-global-preparedness\/\">n&#8217;en faisaient pas assez<\/a>. Un accord en demi-teinte lors de la r\u00e9union de la semaine prochaine pourrait cr\u00e9er un dangereux pr\u00e9c\u00e9dent pour <a href=\"https:\/\/apps.who.int\/gb\/inb\/f\/index.html\">les n\u00e9gociations futures<\/a>.<\/p>\n\n\n\n<p><strong>L&#8217;\u00c9QUIPE DE ONE EN ACTION :&nbsp;<\/strong><\/p>\n\n\n\n<ul class=\"wp-block-list\">\n<li>Gayle Smith \u00e9voque la n\u00e9cessaire<a href=\"https:\/\/www.youtube.com\/watch?v=cMXeQrsOxmc\"> lutte pour l&#8217;\u00e9quit\u00e9<\/a> en acceptant le prix Roosevelt en reconnaissance de l&#8217;impact mondial de ONE dans la promotion des principes \u00e9nonc\u00e9s dans la D\u00e9claration universelle des droits humains (sa prise de parole commence \u00e0 9:30).<\/li>\n\n\n\n<li>David McNair commente le travail d&#8217;Ajay Banga au cours de <a href=\"https:\/\/twitter.com\/David_McNair\/status\/1701635992464011543\">ses 100 premiers jours<\/a> \u00e0 la Banque mondiale et expose sa vision d&#8217;un syst\u00e8me de financement du d\u00e9veloppement adapt\u00e9 \u00e0 <a href=\"https:\/\/twitter.com\/David_McNair\/status\/1701615843073806703\">un nouvel ordre mondial<\/a>.<\/li>\n<\/ul>\n\n\n\n<p><strong>LES CHIFFRES :<\/strong><\/p>\n\n\n\n<ul class=\"wp-block-list\">\n<li><strong>Plus de 340 millions<\/strong> : c\u2019est le nombre de filles et de femmes qui <a href=\"https:\/\/unstats.un.org\/sdgs\/gender-snapshot\/2023\">vivront dans l&#8217;extr\u00eame pauvret\u00e9<\/a> d&#8217;ici 2030 si les tendances actuelles en mati\u00e8re d\u2019ODD se poursuivent.&nbsp;<\/li>\n\n\n\n<li><strong>1 %<\/strong> des actifs financiers mondiaux pourrait combler le <a href=\"https:\/\/www.oecd.org\/finance\/global-outlook-on-financing-for-sustainable-development-2023-fcbe6ce9-en.htm\">d\u00e9ficit de financement des ODD<\/a> dans les pays \u00e0 revenu faible. \u00c0 noter que 80 % des actifs financiers mondiaux sont d\u00e9tenus par des pays \u00e0 revenu \u00e9lev\u00e9.<\/li>\n\n\n\n<li><strong>86 %<\/strong> des personnes <a href=\"https:\/\/www.opensocietyfoundations.org\/focus\/open-society-barometer\">souhaitent vivre dans une d\u00e9mocratie<\/a>. Cependant, il est troublant de constater que seulement <strong>57 %<\/strong> des 18-35 ans pensent que la d\u00e9mocratie est pr\u00e9f\u00e9rable \u00e0 toute autre forme de gouvernement.<\/li>\n<\/ul>\n<div class=\"buffer\"><\/div>","protected":false},"excerpt":{"rendered":"<p>Cette semaine dans Ondes de Choc, jetons un coup d&#8217;\u0153il \u00e0 l&#8217;Assembl\u00e9e g\u00e9n\u00e9rale des Nations unies qui se tiendra la semaine prochaine \u00e0 New York. L&#8217;ann\u00e9e derni\u00e8re, la guerre en Ukraine a domin\u00e9 les d\u00e9bats. Cette ann\u00e9e, les pays africains (et bien d&#8217;autres) veulent que l&#8217;on se concentre sur le d\u00e9veloppement international. La paix et [&hellip;]<\/p>\n","protected":false},"author":0,"featured_media":163522,"comment_status":"closed","ping_status":"closed","sticky":false,"template":"","format":"standard","meta":{"_acf_changed":false,"_relevanssi_hide_post":"","_relevanssi_hide_content":"","_relevanssi_pin_for_all":"","_relevanssi_pin_keywords":"","_relevanssi_unpin_keywords":"","_relevanssi_related_keywords":"","_relevanssi_related_include_ids":"","_relevanssi_related_exclude_ids":"","_relevanssi_related_no_append":"","_relevanssi_related_not_related":"","_relevanssi_related_posts":"162568,162520,162607,162536,162499,162405","_relevanssi_noindex_reason":"","footnotes":""},"categories":[68],"tags":[],"topic":[86],"contributor":[33],"one_content_audience":[],"one_content_type":[],"one_content_tone":[],"class_list":["post-163519","post","type-post","status-publish","format-standard","has-post-thumbnail","hentry","category-analyse","topic-ondes-de-choc","contributor-one-france"],"acf":[],"yoast_head":"<!-- This site is optimized with the Yoast SEO Premium plugin v27.1 (Yoast SEO v27.1.1) - https:\/\/yoast.com\/product\/yoast-seo-premium-wordpress\/ -->\n<title>L&#039;Assembl\u00e9e g\u00e9n\u00e9rale des Nations unies<\/title>\n<meta name=\"description\" content=\"Cette semaine dans Ondes de Choc, jetons un coup d&#039;\u0153il \u00e0 l&#039;Assembl\u00e9e g\u00e9n\u00e9rale des Nations unies qui se tiendra la semaine prochaine \u00e0 New York.\" \/>\n<meta name=\"robots\" content=\"index, follow, max-snippet:-1, max-image-preview:large, max-video-preview:-1\" \/>\n<link rel=\"canonical\" href=\"https:\/\/www.one.org\/fr\/actualites\/lassemblee-generale-des-nations-unies\/\" \/>\n<meta property=\"og:locale\" content=\"fr_FR\" \/>\n<meta property=\"og:type\" content=\"article\" \/>\n<meta property=\"og:title\" content=\"L&#039;Assembl\u00e9e g\u00e9n\u00e9rale des Nations unies\" \/>\n<meta property=\"og:description\" content=\"Cette semaine dans Ondes de Choc, jetons un coup d&#039;\u0153il \u00e0 l&#039;Assembl\u00e9e g\u00e9n\u00e9rale des Nations unies qui se tiendra la semaine prochaine \u00e0 New York.\" \/>\n<meta property=\"og:url\" content=\"https:\/\/www.one.org\/fr\/actualites\/lassemblee-generale-des-nations-unies\/\" \/>\n<meta property=\"og:site_name\" content=\"ONE.org France\" \/>\n<meta property=\"article:publisher\" content=\"https:\/\/www.facebook.com\/ONE.Fr\" \/>\n<meta property=\"article:published_time\" content=\"2023-09-15T11:37:33+00:00\" \/>\n<meta property=\"article:modified_time\" content=\"2024-04-23T12:30:25+00:00\" \/>\n<meta property=\"og:image\" content=\"https:\/\/www.one.org\/fr\/wp-content\/uploads\/sites\/4\/2023\/09\/Aftershock_2021_SocialShare_1200x628_en_4.jpg\" \/>\n\t<meta property=\"og:image:width\" content=\"1201\" \/>\n\t<meta property=\"og:image:height\" content=\"629\" \/>\n\t<meta property=\"og:image:type\" content=\"image\/jpeg\" \/>\n<meta name=\"twitter:card\" content=\"summary_large_image\" \/>\n<meta name=\"twitter:title\" content=\"L&#039;Assembl\u00e9e g\u00e9n\u00e9rale des Nations unies\" \/>\n<meta name=\"twitter:description\" content=\"Cette semaine dans Ondes de Choc, jetons un coup d&#039;\u0153il \u00e0 l&#039;Assembl\u00e9e g\u00e9n\u00e9rale des Nations unies qui se tiendra la semaine prochaine \u00e0 New York.\" \/>\n<meta name=\"twitter:creator\" content=\"@one_fr\" \/>\n<meta name=\"twitter:site\" content=\"@one_fr\" \/>\n<meta name=\"twitter:label1\" content=\"Est. reading time\" \/>\n\t<meta name=\"twitter:data1\" content=\"6 minutes\" \/>\n<script type=\"application\/ld+json\" class=\"yoast-schema-graph\">{\"@context\":\"https:\/\/schema.org\",\"@graph\":[{\"@type\":\"Article\",\"@id\":\"https:\/\/www.one.org\/fr\/actualites\/lassemblee-generale-des-nations-unies\/#article\",\"isPartOf\":{\"@id\":\"https:\/\/www.one.org\/fr\/actualites\/lassemblee-generale-des-nations-unies\/\"},\"author\":{\"name\":\"\",\"@id\":\"\"},\"headline\":\"L&#8217;Assembl\u00e9e g\u00e9n\u00e9rale des Nations unies\",\"datePublished\":\"2023-09-15T11:37:33+00:00\",\"dateModified\":\"2024-04-23T12:30:25+00:00\",\"mainEntityOfPage\":{\"@id\":\"https:\/\/www.one.org\/fr\/actualites\/lassemblee-generale-des-nations-unies\/\"},\"wordCount\":1449,\"image\":{\"@id\":\"https:\/\/www.one.org\/fr\/actualites\/lassemblee-generale-des-nations-unies\/#primaryimage\"},\"thumbnailUrl\":\"https:\/\/www.one.org\/fr\/wp-content\/uploads\/sites\/4\/2023\/09\/Aftershock_2021_FeaturedImage_1200x1200_en_4.jpg\",\"articleSection\":[\"Analyse\"],\"inLanguage\":\"fr-FR\"},{\"@type\":\"WebPage\",\"@id\":\"https:\/\/www.one.org\/fr\/actualites\/lassemblee-generale-des-nations-unies\/\",\"url\":\"https:\/\/www.one.org\/fr\/actualites\/lassemblee-generale-des-nations-unies\/\",\"name\":\"L'Assembl\u00e9e g\u00e9n\u00e9rale des Nations unies\",\"isPartOf\":{\"@id\":\"https:\/\/www.one.org\/fr\/#website\"},\"primaryImageOfPage\":{\"@id\":\"https:\/\/www.one.org\/fr\/actualites\/lassemblee-generale-des-nations-unies\/#primaryimage\"},\"image\":{\"@id\":\"https:\/\/www.one.org\/fr\/actualites\/lassemblee-generale-des-nations-unies\/#primaryimage\"},\"thumbnailUrl\":\"https:\/\/www.one.org\/fr\/wp-content\/uploads\/sites\/4\/2023\/09\/Aftershock_2021_FeaturedImage_1200x1200_en_4.jpg\",\"datePublished\":\"2023-09-15T11:37:33+00:00\",\"dateModified\":\"2024-04-23T12:30:25+00:00\",\"author\":{\"@id\":\"\"},\"description\":\"Cette semaine dans Ondes de Choc, jetons un coup d'\u0153il \u00e0 l'Assembl\u00e9e g\u00e9n\u00e9rale des Nations unies qui se tiendra la semaine prochaine \u00e0 New York.\",\"breadcrumb\":{\"@id\":\"https:\/\/www.one.org\/fr\/actualites\/lassemblee-generale-des-nations-unies\/#breadcrumb\"},\"inLanguage\":\"fr-FR\",\"potentialAction\":[{\"@type\":\"ReadAction\",\"target\":[\"https:\/\/www.one.org\/fr\/actualites\/lassemblee-generale-des-nations-unies\/\"]}]},{\"@type\":\"ImageObject\",\"inLanguage\":\"fr-FR\",\"@id\":\"https:\/\/www.one.org\/fr\/actualites\/lassemblee-generale-des-nations-unies\/#primaryimage\",\"url\":\"https:\/\/www.one.org\/fr\/wp-content\/uploads\/sites\/4\/2023\/09\/Aftershock_2021_FeaturedImage_1200x1200_en_4.jpg\",\"contentUrl\":\"https:\/\/www.one.org\/fr\/wp-content\/uploads\/sites\/4\/2023\/09\/Aftershock_2021_FeaturedImage_1200x1200_en_4.jpg\",\"width\":1201,\"height\":1201},{\"@type\":\"BreadcrumbList\",\"@id\":\"https:\/\/www.one.org\/fr\/actualites\/lassemblee-generale-des-nations-unies\/#breadcrumb\",\"itemListElement\":[{\"@type\":\"ListItem\",\"position\":1,\"name\":\"Home\",\"item\":\"https:\/\/www.one.org\/fr\/\"},{\"@type\":\"ListItem\",\"position\":2,\"name\":\"L&#8217;Assembl\u00e9e g\u00e9n\u00e9rale des Nations unies\"}]},{\"@type\":\"WebSite\",\"@id\":\"https:\/\/www.one.org\/fr\/#website\",\"url\":\"https:\/\/www.one.org\/fr\/\",\"name\":\"ONE.org\",\"description\":\"Cr\u00e9er des opportunit\u00e9s \u00e9conomiques et am\u00e9liorer la sant\u00e9 en Afrique\",\"potentialAction\":[{\"@type\":\"SearchAction\",\"target\":{\"@type\":\"EntryPoint\",\"urlTemplate\":\"https:\/\/www.one.org\/fr\/?s={search_term_string}\"},\"query-input\":{\"@type\":\"PropertyValueSpecification\",\"valueRequired\":true,\"valueName\":\"search_term_string\"}}],\"inLanguage\":\"fr-FR\"}]}<\/script>\n<!-- \/ Yoast SEO Premium plugin. -->","yoast_head_json":{"title":"L'Assembl\u00e9e g\u00e9n\u00e9rale des Nations unies","description":"Cette semaine dans Ondes de Choc, jetons un coup d'\u0153il \u00e0 l'Assembl\u00e9e g\u00e9n\u00e9rale des Nations unies qui se tiendra la semaine prochaine \u00e0 New York.","robots":{"index":"index","follow":"follow","max-snippet":"max-snippet:-1","max-image-preview":"max-image-preview:large","max-video-preview":"max-video-preview:-1"},"canonical":"https:\/\/www.one.org\/fr\/actualites\/lassemblee-generale-des-nations-unies\/","og_locale":"fr_FR","og_type":"article","og_title":"L'Assembl\u00e9e g\u00e9n\u00e9rale des Nations unies","og_description":"Cette semaine dans Ondes de Choc, jetons un coup d'\u0153il \u00e0 l'Assembl\u00e9e g\u00e9n\u00e9rale des Nations unies qui se tiendra la semaine prochaine \u00e0 New York.","og_url":"https:\/\/www.one.org\/fr\/actualites\/lassemblee-generale-des-nations-unies\/","og_site_name":"ONE.org France","article_publisher":"https:\/\/www.facebook.com\/ONE.Fr","article_published_time":"2023-09-15T11:37:33+00:00","article_modified_time":"2024-04-23T12:30:25+00:00","og_image":[{"width":1201,"height":629,"url":"https:\/\/www.one.org\/fr\/wp-content\/uploads\/sites\/4\/2023\/09\/Aftershock_2021_SocialShare_1200x628_en_4.jpg","type":"image\/jpeg"}],"twitter_card":"summary_large_image","twitter_title":"L'Assembl\u00e9e g\u00e9n\u00e9rale des Nations unies","twitter_description":"Cette semaine dans Ondes de Choc, jetons un coup d'\u0153il \u00e0 l'Assembl\u00e9e g\u00e9n\u00e9rale des Nations unies qui se tiendra la semaine prochaine \u00e0 New York.","twitter_creator":"@one_fr","twitter_site":"@one_fr","twitter_misc":{"Est. reading time":"6 minutes"},"schema":{"@context":"https:\/\/schema.org","@graph":[{"@type":"Article","@id":"https:\/\/www.one.org\/fr\/actualites\/lassemblee-generale-des-nations-unies\/#article","isPartOf":{"@id":"https:\/\/www.one.org\/fr\/actualites\/lassemblee-generale-des-nations-unies\/"},"author":{"name":"","@id":""},"headline":"L&#8217;Assembl\u00e9e g\u00e9n\u00e9rale des Nations unies","datePublished":"2023-09-15T11:37:33+00:00","dateModified":"2024-04-23T12:30:25+00:00","mainEntityOfPage":{"@id":"https:\/\/www.one.org\/fr\/actualites\/lassemblee-generale-des-nations-unies\/"},"wordCount":1449,"image":{"@id":"https:\/\/www.one.org\/fr\/actualites\/lassemblee-generale-des-nations-unies\/#primaryimage"},"thumbnailUrl":"https:\/\/www.one.org\/fr\/wp-content\/uploads\/sites\/4\/2023\/09\/Aftershock_2021_FeaturedImage_1200x1200_en_4.jpg","articleSection":["Analyse"],"inLanguage":"fr-FR"},{"@type":"WebPage","@id":"https:\/\/www.one.org\/fr\/actualites\/lassemblee-generale-des-nations-unies\/","url":"https:\/\/www.one.org\/fr\/actualites\/lassemblee-generale-des-nations-unies\/","name":"L'Assembl\u00e9e g\u00e9n\u00e9rale des Nations unies","isPartOf":{"@id":"https:\/\/www.one.org\/fr\/#website"},"primaryImageOfPage":{"@id":"https:\/\/www.one.org\/fr\/actualites\/lassemblee-generale-des-nations-unies\/#primaryimage"},"image":{"@id":"https:\/\/www.one.org\/fr\/actualites\/lassemblee-generale-des-nations-unies\/#primaryimage"},"thumbnailUrl":"https:\/\/www.one.org\/fr\/wp-content\/uploads\/sites\/4\/2023\/09\/Aftershock_2021_FeaturedImage_1200x1200_en_4.jpg","datePublished":"2023-09-15T11:37:33+00:00","dateModified":"2024-04-23T12:30:25+00:00","author":{"@id":""},"description":"Cette semaine dans Ondes de Choc, jetons un coup d'\u0153il \u00e0 l'Assembl\u00e9e g\u00e9n\u00e9rale des Nations unies qui se tiendra la semaine prochaine \u00e0 New York.","breadcrumb":{"@id":"https:\/\/www.one.org\/fr\/actualites\/lassemblee-generale-des-nations-unies\/#breadcrumb"},"inLanguage":"fr-FR","potentialAction":[{"@type":"ReadAction","target":["https:\/\/www.one.org\/fr\/actualites\/lassemblee-generale-des-nations-unies\/"]}]},{"@type":"ImageObject","inLanguage":"fr-FR","@id":"https:\/\/www.one.org\/fr\/actualites\/lassemblee-generale-des-nations-unies\/#primaryimage","url":"https:\/\/www.one.org\/fr\/wp-content\/uploads\/sites\/4\/2023\/09\/Aftershock_2021_FeaturedImage_1200x1200_en_4.jpg","contentUrl":"https:\/\/www.one.org\/fr\/wp-content\/uploads\/sites\/4\/2023\/09\/Aftershock_2021_FeaturedImage_1200x1200_en_4.jpg","width":1201,"height":1201},{"@type":"BreadcrumbList","@id":"https:\/\/www.one.org\/fr\/actualites\/lassemblee-generale-des-nations-unies\/#breadcrumb","itemListElement":[{"@type":"ListItem","position":1,"name":"Home","item":"https:\/\/www.one.org\/fr\/"},{"@type":"ListItem","position":2,"name":"L&#8217;Assembl\u00e9e g\u00e9n\u00e9rale des Nations unies"}]},{"@type":"WebSite","@id":"https:\/\/www.one.org\/fr\/#website","url":"https:\/\/www.one.org\/fr\/","name":"ONE.org","description":"Cr\u00e9er des opportunit\u00e9s \u00e9conomiques et am\u00e9liorer la sant\u00e9 en Afrique","potentialAction":[{"@type":"SearchAction","target":{"@type":"EntryPoint","urlTemplate":"https:\/\/www.one.org\/fr\/?s={search_term_string}"},"query-input":{"@type":"PropertyValueSpecification","valueRequired":true,"valueName":"search_term_string"}}],"inLanguage":"fr-FR"}]}},"distributor_meta":false,"distributor_terms":false,"distributor_media":false,"distributor_original_site_name":"ONE.org France","distributor_original_site_url":"https:\/\/www.one.org\/fr","push-errors":false,"_links":{"self":[{"href":"https:\/\/www.one.org\/fr\/wp-json\/wp\/v2\/posts\/163519","targetHints":{"allow":["GET"]}}],"collection":[{"href":"https:\/\/www.one.org\/fr\/wp-json\/wp\/v2\/posts"}],"about":[{"href":"https:\/\/www.one.org\/fr\/wp-json\/wp\/v2\/types\/post"}],"replies":[{"embeddable":true,"href":"https:\/\/www.one.org\/fr\/wp-json\/wp\/v2\/comments?post=163519"}],"version-history":[{"count":0,"href":"https:\/\/www.one.org\/fr\/wp-json\/wp\/v2\/posts\/163519\/revisions"}],"wp:featuredmedia":[{"embeddable":true,"href":"https:\/\/www.one.org\/fr\/wp-json\/wp\/v2\/media\/163522"}],"wp:attachment":[{"href":"https:\/\/www.one.org\/fr\/wp-json\/wp\/v2\/media?parent=163519"}],"wp:term":[{"taxonomy":"category","embeddable":true,"href":"https:\/\/www.one.org\/fr\/wp-json\/wp\/v2\/categories?post=163519"},{"taxonomy":"post_tag","embeddable":true,"href":"https:\/\/www.one.org\/fr\/wp-json\/wp\/v2\/tags?post=163519"},{"taxonomy":"topic","embeddable":true,"href":"https:\/\/www.one.org\/fr\/wp-json\/wp\/v2\/topic?post=163519"},{"taxonomy":"contributor","embeddable":true,"href":"https:\/\/www.one.org\/fr\/wp-json\/wp\/v2\/contributor?post=163519"},{"taxonomy":"one_content_audience","embeddable":true,"href":"https:\/\/www.one.org\/fr\/wp-json\/wp\/v2\/one_content_audience?post=163519"},{"taxonomy":"one_content_type","embeddable":true,"href":"https:\/\/www.one.org\/fr\/wp-json\/wp\/v2\/one_content_type?post=163519"},{"taxonomy":"one_content_tone","embeddable":true,"href":"https:\/\/www.one.org\/fr\/wp-json\/wp\/v2\/one_content_tone?post=163519"}],"curies":[{"name":"wp","href":"https:\/\/api.w.org\/{rel}","templated":true}]}}