{"id":162691,"date":"2016-08-09T09:20:52","date_gmt":"2016-08-09T09:20:52","guid":{"rendered":"https:\/\/www.one.org\/fr\/limportance-de-leducation-pour-tous-les-enfants-refugies\/"},"modified":"2023-10-25T11:07:40","modified_gmt":"2023-10-25T11:07:40","slug":"limportance-de-leducation-pour-tous-les-enfants-refugies-2","status":"publish","type":"post","link":"https:\/\/www.one.org\/fr\/actualites\/limportance-de-leducation-pour-tous-les-enfants-refugies-2\/","title":{"rendered":"L\u2019importance de l\u2019\u00e9ducation pour tous les enfants r\u00e9fugi\u00e9s"},"content":{"rendered":"<p>L&rsquo;ann&eacute;e derni&egrave;re, plus de <strong>34 000 personnes ont &eacute;t&eacute; contraintes d&rsquo;abandonner leur foyer<\/strong> chaque jour, et ce, en raison de violences, de pers&eacute;cutions ou de conflits. Ce niveau sans pr&eacute;c&eacute;dent de d&eacute;placements forc&eacute;s a engendr&eacute; une crise mondiale de migrations et de r&eacute;fugi&eacute;s, &agrave; laquelle les dirigeants mondiaux n&rsquo;ont, jusque-l&agrave;, pas r&eacute;ussi &agrave; apporter de solutions sur le long terme.<\/p>\n<p><strong>On compte aujourd&rsquo;hui pr&egrave;s de 21,3 millions de r&eacute;fugi&eacute;s dans le monde<\/strong>, et beaucoup d&rsquo;entre eux sont dans l&rsquo;impasse et vivent dans l&rsquo;incertitude durant des ann&eacute;es, priv&eacute;s des droits qui leur permettraient d&rsquo;&ecirc;tre autonomes et de commencer une nouvelle vie.<\/p>\n<p>Ainsi, des solutions rapides et concr&egrave;tes sont n&eacute;cessaires afin que les r&eacute;fugi&eacute;s puissent s&rsquo;int&eacute;grer dans une nouvelle soci&eacute;t&eacute;. <strong>Et la premi&egrave;re &eacute;tape de ce processus est l&rsquo;acc&egrave;s &agrave; une &eacute;ducation de qualit&eacute;.<\/strong><\/p>\n<p>L&rsquo;&eacute;ducation n&rsquo;est pas seulement un droit fondamental ; c&rsquo;est aussi l&rsquo;un des atouts les plus pr&eacute;cieux qu&rsquo;un r&eacute;fugi&eacute; puisse avoir. En effet, les enfants et adolescents r&eacute;fugi&eacute;s qui int&egrave;grent les syst&egrave;mes scolaires nationaux nouent des amiti&eacute;s sur la dur&eacute;e avec les enfants du pays qui les accueille, apprennent de nouvelles langues, et d&eacute;veloppent les comp&eacute;tences essentielles pour subvenir &agrave; leurs besoins et &agrave; ceux de leur famille.<\/p>\n<p>Pour les enfants r&eacute;fugi&eacute;s, <strong>l&rsquo;&eacute;cole est un lieu s&ucirc;r<\/strong> o&ugrave; ils peuvent &agrave; la fois apprendre et jouer, des besoins de base &agrave; tout enfant en pleine croissance, mais plus particuli&egrave;rement pour ceux qui ont &eacute;t&eacute; arrach&eacute;s de leur foyer et ont &eacute;t&eacute; t&eacute;moins des horreurs de la guerre.<\/p>\n<p>Les enfants ayant fui un conflit ont plus de risques d&rsquo;&ecirc;tre sujets aux violences et aux abus, et <strong>l&rsquo;&eacute;ducation est un moyen vital qui offre une protection solide et leur garantit un avenir.<\/strong> C&rsquo;est un droit humain fondamental, et si nous n&rsquo;offrons pas &agrave; ces enfants la possibilit&eacute; d&rsquo;&eacute;tudier, <strong>nous risquons de perdre une g&eacute;n&eacute;ration enti&egrave;re alors que la solution est entre nos mains.<\/strong> C&rsquo;est pourquoi l&rsquo;&eacute;ducation joue un r&ocirc;le crucial pour les communaut&eacute;s de r&eacute;fugi&eacute;s.<\/p>\n<p>Cependant aujourd&rsquo;hui, seulement <strong>2% des financements des interventions d&rsquo;urgence sont d&eacute;di&eacute;s &agrave; l&rsquo;&eacute;ducation.<\/strong> Ainsi, <strong>pr&egrave;s de 3,6 millions d&rsquo;enfants r&eacute;fugi&eacute;s ne sont pas scolaris&eacute;s.<\/strong> Une situation aux cons&eacute;quences d&eacute;sastreuses. Les enfants sont plus facilement exploit&eacute;s ou victimes de travail forc&eacute; pour gagner un peu d&rsquo;argent. Certaines familles doivent recourir au mariage forc&eacute; pour survivre, ce qui pousse jusqu&rsquo;&agrave; <strong>90% des filles &agrave; quitter l&rsquo;&eacute;cole dans certaines r&eacute;gions.<\/strong><\/p>\n<p>Il faut aussi savoir que <strong>86% des r&eacute;fugi&eacute;s sont accueillis dans les pays en d&eacute;veloppement<\/strong> qui font d&eacute;j&agrave; face &agrave; des budgets serr&eacute;s. Et l&rsquo;ampleur de la crise a amoindri leurs ressources d&eacute;j&agrave; limit&eacute;es. Les enfants r&eacute;fugi&eacute;s ne peuvent souvent pas s&rsquo;inscrire &agrave; l&rsquo;&eacute;cole &agrave; cause de la l&eacute;gislation locale et les &eacute;tablissements scolaires ne sont pas suffisamment &eacute;quip&eacute;s pour g&eacute;rer et accueillir un nombre croissant d&rsquo;&eacute;l&egrave;ves.<\/p>\n<p>&nbsp;<\/p>\n<p>Pour s&rsquo;assurer que cette situation change, les dirigeants mondiaux doivent d&eacute;sormais passer &agrave; la vitesse sup&eacute;rieure. Lors des deux sommets pour les r&eacute;fugi&eacute;s qui se tiendront en septembre prochain, ces derniers doivent <strong>adopter un plan d&rsquo;action cr&eacute;dible et concret pour garantir une &eacute;ducation de qualit&eacute; &agrave; tous les enfants r&eacute;fugi&eacute;s, dont au moins 1 million d&rsquo;enfants d&rsquo;ici la fin de l&rsquo;ann&eacute;e scolaire.<\/strong><\/p>\n<p>Pour atteindre cet objectif, les pays donateurs et les pays d&rsquo;accueil doivent <strong>mettre en &oelig;uvre des politiques favorisant l&rsquo;acc&egrave;s &agrave; l&rsquo;&eacute;ducation aux enfants r&eacute;fugi&eacute;s<\/strong>. Cela passe par la <strong>suppression de restrictions l&eacute;gales et financi&egrave;res <\/strong>pour acc&eacute;der plus facilement &agrave; l&rsquo;&eacute;cole, <strong>la formation des enseignants<\/strong>, <strong>la mise en place d&rsquo;infrastructures<\/strong> ou encore <strong>la promotion d&rsquo;outils innovants<\/strong> permettant d&rsquo;offrir aux enfants les moyens d&rsquo;apprendre plus activement.<\/p>\n<p>Ces mesures doivent aussi &ecirc;tre <strong>accompagn&eacute;s des financements n&eacute;cessaires<\/strong> &agrave; leur mise en &oelig;uvre &nbsp;et ce suffisamment rapidement pour que les enfants r&eacute;fugi&eacute;s qui ne sont toujours pas scolaris&eacute;s puissent retourner &agrave; l&rsquo;&eacute;cole.<\/p>\n<p>Ainsi, les pays donateurs doivent <strong>augmenter leur budget d&rsquo;aide humanitaire &agrave; hauteur d&rsquo;au moins 30%<\/strong> pour pouvoir r&eacute;pondre &agrave; la crise actuelle. En f&eacute;vrier dernier, les pays donateurs s&rsquo;&eacute;taient engag&eacute;s &agrave; financer l&rsquo;acc&egrave;s &agrave; l&rsquo;&eacute;ducation de 700 000 enfants r&eacute;fugi&eacute;s syriens, une promesse qui n&rsquo;a &eacute;t&eacute; que partiellement tenue.<\/p>\n<p>Les dirigeants doivent aussi changer leur approche quant au financement de l&rsquo;aide humanitaire, comme convenu par les r&eacute;formes de la &laquo; Grande N&eacute;gociation &raquo; (en anglais &laquo; Grand Bargain &raquo;) lors du Sommet Humanitaire Mondial de 2016.<\/p>\n<p>Ils devront aussi s&rsquo;engager &agrave; financer de mani&egrave;re pr&eacute;visible et pluriannuelle des projets humanitaires et &agrave; <strong>cr&eacute;er un outil de suivi qui permettrait d&rsquo;assurer la collecte de donn&eacute;es <\/strong>quant aux promesses et engagements pris par les gouvernements et les agences dans un d&eacute;lai convenable.<\/p>\n<h2><strong>Nous avons besoin de la mobilisation de chacun pour pousser les dirigeants mondiaux &agrave; adopter ces mesures. Rejoignez-nous en demandant aux dirigeants mondiaux de reconnaitre l&rsquo;importance de l&rsquo;&eacute;ducation pour tous les enfants r&eacute;fugi&eacute;s. <\/strong><strong>Signez <a href=\"https:\/\/act.one.org\/sign\/refugies\/\">la p&eacute;tition<\/a> en un clic&nbsp;!<\/strong><\/h2>\n<div class=\"buffer\"><\/div>","protected":false},"excerpt":{"rendered":"<p>L&rsquo;ann&eacute;e derni&egrave;re, plus de 34 000 personnes ont &eacute;t&eacute; contraintes d&rsquo;abandonner leur foyer chaque jour, et ce, en raison de violences, de pers&eacute;cutions ou de conflits. Ce niveau sans pr&eacute;c&eacute;dent de d&eacute;placements forc&eacute;s a engendr&eacute; une crise mondiale de migrations et de r&eacute;fugi&eacute;s, &agrave; laquelle les dirigeants mondiaux n&rsquo;ont, jusque-l&agrave;, pas r&eacute;ussi &agrave; apporter de [&hellip;]<\/p>\n","protected":false},"author":1,"featured_media":163290,"comment_status":"open","ping_status":"open","sticky":false,"template":"","format":"standard","meta":{"_acf_changed":false,"_relevanssi_hide_post":"","_relevanssi_hide_content":"","_relevanssi_pin_for_all":"","_relevanssi_pin_keywords":"","_relevanssi_unpin_keywords":"","_relevanssi_related_keywords":"","_relevanssi_related_include_ids":"","_relevanssi_related_exclude_ids":"","_relevanssi_related_no_append":"","_relevanssi_related_not_related":"","_relevanssi_related_posts":"","_relevanssi_noindex_reason":"","footnotes":""},"categories":[34],"tags":[],"topic":[110,35],"contributor":[107],"one_content_audience":[],"one_content_type":[],"one_content_tone":[],"class_list":["post-162691","post","type-post","status-publish","format-standard","has-post-thumbnail","hentry","category-one","topic-crise-des-refugies","topic-education","contributor-blogueur-invite"],"acf":[],"yoast_head":"<!-- This site is optimized with the Yoast SEO Premium plugin v27.1 (Yoast SEO v27.1.1) - https:\/\/yoast.com\/product\/yoast-seo-premium-wordpress\/ -->\n<title>L\u2019importance de l\u2019\u00e9ducation pour tous les enfants r\u00e9fugi\u00e9s - ONE.org France<\/title>\n<meta name=\"robots\" content=\"index, follow, max-snippet:-1, max-image-preview:large, max-video-preview:-1\" \/>\n<link rel=\"canonical\" href=\"https:\/\/www.one.org\/fr\/actualites\/limportance-de-leducation-pour-tous-les-enfants-refugies-2\/\" \/>\n<meta property=\"og:locale\" content=\"fr_FR\" \/>\n<meta property=\"og:type\" content=\"article\" \/>\n<meta property=\"og:title\" content=\"L\u2019importance de l\u2019\u00e9ducation pour tous les enfants r\u00e9fugi\u00e9s\" \/>\n<meta property=\"og:description\" content=\"L&rsquo;ann&eacute;e derni&egrave;re, plus de 34 000 personnes ont &eacute;t&eacute; contraintes d&rsquo;abandonner leur foyer chaque jour, et ce, en raison de violences, de pers&eacute;cutions ou de conflits. Ce niveau sans pr&eacute;c&eacute;dent de d&eacute;placements forc&eacute;s a engendr&eacute; une crise mondiale de migrations et de r&eacute;fugi&eacute;s, &agrave; laquelle les dirigeants mondiaux n&rsquo;ont, jusque-l&agrave;, pas r&eacute;ussi &agrave; apporter de [&hellip;]\" \/>\n<meta property=\"og:url\" content=\"https:\/\/www.one.org\/fr\/actualites\/limportance-de-leducation-pour-tous-les-enfants-refugies-2\/\" \/>\n<meta property=\"og:site_name\" content=\"ONE.org France\" \/>\n<meta property=\"article:publisher\" content=\"https:\/\/www.facebook.com\/ONE.Fr\" \/>\n<meta property=\"article:published_time\" content=\"2016-08-09T09:20:52+00:00\" \/>\n<meta property=\"article:modified_time\" content=\"2023-10-25T11:07:40+00:00\" \/>\n<meta property=\"og:image\" content=\"https:\/\/www.one.org\/fr\/wp-content\/uploads\/sites\/4\/2016\/08\/Small-tile-refugees.png\" \/>\n\t<meta property=\"og:image:width\" content=\"470\" \/>\n\t<meta property=\"og:image:height\" content=\"240\" \/>\n\t<meta property=\"og:image:type\" content=\"image\/png\" \/>\n<meta name=\"author\" content=\"admin\" \/>\n<meta name=\"twitter:card\" content=\"summary_large_image\" \/>\n<meta name=\"twitter:creator\" content=\"@one_fr\" \/>\n<meta name=\"twitter:site\" content=\"@one_fr\" \/>\n<meta name=\"twitter:label1\" content=\"Written by\" \/>\n\t<meta name=\"twitter:data1\" content=\"admin\" \/>\n\t<meta name=\"twitter:label2\" content=\"Est. reading time\" \/>\n\t<meta name=\"twitter:data2\" content=\"6 minutes\" \/>\n<script type=\"application\/ld+json\" class=\"yoast-schema-graph\">{\"@context\":\"https:\/\/schema.org\",\"@graph\":[{\"@type\":\"Article\",\"@id\":\"https:\/\/www.one.org\/fr\/actualites\/limportance-de-leducation-pour-tous-les-enfants-refugies-2\/#article\",\"isPartOf\":{\"@id\":\"https:\/\/www.one.org\/fr\/actualites\/limportance-de-leducation-pour-tous-les-enfants-refugies-2\/\"},\"author\":{\"name\":\"admin\",\"@id\":\"https:\/\/www.one.org\/fr\/#\/schema\/person\/236ef43a079c36667c3f1de2da8e0838\"},\"headline\":\"L\u2019importance de l\u2019\u00e9ducation pour tous les enfants r\u00e9fugi\u00e9s\",\"datePublished\":\"2016-08-09T09:20:52+00:00\",\"dateModified\":\"2023-10-25T11:07:40+00:00\",\"mainEntityOfPage\":{\"@id\":\"https:\/\/www.one.org\/fr\/actualites\/limportance-de-leducation-pour-tous-les-enfants-refugies-2\/\"},\"wordCount\":1159,\"commentCount\":0,\"image\":{\"@id\":\"https:\/\/www.one.org\/fr\/actualites\/limportance-de-leducation-pour-tous-les-enfants-refugies-2\/#primaryimage\"},\"thumbnailUrl\":\"https:\/\/www.one.org\/fr\/wp-content\/uploads\/sites\/4\/2016\/08\/Small-tile-refugees.png\",\"articleSection\":[\"ONE\"],\"inLanguage\":\"fr-FR\",\"potentialAction\":[{\"@type\":\"CommentAction\",\"name\":\"Comment\",\"target\":[\"https:\/\/www.one.org\/fr\/actualites\/limportance-de-leducation-pour-tous-les-enfants-refugies-2\/#respond\"]}]},{\"@type\":\"WebPage\",\"@id\":\"https:\/\/www.one.org\/fr\/actualites\/limportance-de-leducation-pour-tous-les-enfants-refugies-2\/\",\"url\":\"https:\/\/www.one.org\/fr\/actualites\/limportance-de-leducation-pour-tous-les-enfants-refugies-2\/\",\"name\":\"L\u2019importance de l\u2019\u00e9ducation pour tous les enfants r\u00e9fugi\u00e9s - ONE.org France\",\"isPartOf\":{\"@id\":\"https:\/\/www.one.org\/fr\/#website\"},\"primaryImageOfPage\":{\"@id\":\"https:\/\/www.one.org\/fr\/actualites\/limportance-de-leducation-pour-tous-les-enfants-refugies-2\/#primaryimage\"},\"image\":{\"@id\":\"https:\/\/www.one.org\/fr\/actualites\/limportance-de-leducation-pour-tous-les-enfants-refugies-2\/#primaryimage\"},\"thumbnailUrl\":\"https:\/\/www.one.org\/fr\/wp-content\/uploads\/sites\/4\/2016\/08\/Small-tile-refugees.png\",\"datePublished\":\"2016-08-09T09:20:52+00:00\",\"dateModified\":\"2023-10-25T11:07:40+00:00\",\"author\":{\"@id\":\"https:\/\/www.one.org\/fr\/#\/schema\/person\/236ef43a079c36667c3f1de2da8e0838\"},\"breadcrumb\":{\"@id\":\"https:\/\/www.one.org\/fr\/actualites\/limportance-de-leducation-pour-tous-les-enfants-refugies-2\/#breadcrumb\"},\"inLanguage\":\"fr-FR\",\"potentialAction\":[{\"@type\":\"ReadAction\",\"target\":[\"https:\/\/www.one.org\/fr\/actualites\/limportance-de-leducation-pour-tous-les-enfants-refugies-2\/\"]}]},{\"@type\":\"ImageObject\",\"inLanguage\":\"fr-FR\",\"@id\":\"https:\/\/www.one.org\/fr\/actualites\/limportance-de-leducation-pour-tous-les-enfants-refugies-2\/#primaryimage\",\"url\":\"https:\/\/www.one.org\/fr\/wp-content\/uploads\/sites\/4\/2016\/08\/Small-tile-refugees.png\",\"contentUrl\":\"https:\/\/www.one.org\/fr\/wp-content\/uploads\/sites\/4\/2016\/08\/Small-tile-refugees.png\",\"width\":470,\"height\":240},{\"@type\":\"BreadcrumbList\",\"@id\":\"https:\/\/www.one.org\/fr\/actualites\/limportance-de-leducation-pour-tous-les-enfants-refugies-2\/#breadcrumb\",\"itemListElement\":[{\"@type\":\"ListItem\",\"position\":1,\"name\":\"Home\",\"item\":\"https:\/\/www.one.org\/fr\/\"},{\"@type\":\"ListItem\",\"position\":2,\"name\":\"L\u2019importance de l\u2019\u00e9ducation pour tous les enfants r\u00e9fugi\u00e9s\"}]},{\"@type\":\"WebSite\",\"@id\":\"https:\/\/www.one.org\/fr\/#website\",\"url\":\"https:\/\/www.one.org\/fr\/\",\"name\":\"ONE.org\",\"description\":\"Cr\u00e9er des opportunit\u00e9s \u00e9conomiques et am\u00e9liorer la sant\u00e9 en Afrique\",\"potentialAction\":[{\"@type\":\"SearchAction\",\"target\":{\"@type\":\"EntryPoint\",\"urlTemplate\":\"https:\/\/www.one.org\/fr\/?s={search_term_string}\"},\"query-input\":{\"@type\":\"PropertyValueSpecification\",\"valueRequired\":true,\"valueName\":\"search_term_string\"}}],\"inLanguage\":\"fr-FR\"},{\"@type\":\"Person\",\"@id\":\"https:\/\/www.one.org\/fr\/#\/schema\/person\/236ef43a079c36667c3f1de2da8e0838\",\"name\":\"admin\",\"image\":{\"@type\":\"ImageObject\",\"inLanguage\":\"fr-FR\",\"@id\":\"https:\/\/www.one.org\/fr\/#\/schema\/person\/image\/\",\"url\":\"https:\/\/secure.gravatar.com\/avatar\/2b4204681b789d34ede86a735f8b6378df901f7f7ab7a9ca89af4670b2bb13b8?s=96&d=mm&r=g\",\"contentUrl\":\"https:\/\/secure.gravatar.com\/avatar\/2b4204681b789d34ede86a735f8b6378df901f7f7ab7a9ca89af4670b2bb13b8?s=96&d=mm&r=g\",\"caption\":\"admin\"},\"sameAs\":[\"http:\/\/www.one.org\"],\"url\":\"https:\/\/www.one.org\/fr\/actualites\/author\/admin\/\"}]}<\/script>\n<!-- \/ Yoast SEO Premium plugin. -->","yoast_head_json":{"title":"L\u2019importance de l\u2019\u00e9ducation pour tous les enfants r\u00e9fugi\u00e9s - ONE.org France","robots":{"index":"index","follow":"follow","max-snippet":"max-snippet:-1","max-image-preview":"max-image-preview:large","max-video-preview":"max-video-preview:-1"},"canonical":"https:\/\/www.one.org\/fr\/actualites\/limportance-de-leducation-pour-tous-les-enfants-refugies-2\/","og_locale":"fr_FR","og_type":"article","og_title":"L\u2019importance de l\u2019\u00e9ducation pour tous les enfants r\u00e9fugi\u00e9s","og_description":"L&rsquo;ann&eacute;e derni&egrave;re, plus de 34 000 personnes ont &eacute;t&eacute; contraintes d&rsquo;abandonner leur foyer chaque jour, et ce, en raison de violences, de pers&eacute;cutions ou de conflits. Ce niveau sans pr&eacute;c&eacute;dent de d&eacute;placements forc&eacute;s a engendr&eacute; une crise mondiale de migrations et de r&eacute;fugi&eacute;s, &agrave; laquelle les dirigeants mondiaux n&rsquo;ont, jusque-l&agrave;, pas r&eacute;ussi &agrave; apporter de [&hellip;]","og_url":"https:\/\/www.one.org\/fr\/actualites\/limportance-de-leducation-pour-tous-les-enfants-refugies-2\/","og_site_name":"ONE.org France","article_publisher":"https:\/\/www.facebook.com\/ONE.Fr","article_published_time":"2016-08-09T09:20:52+00:00","article_modified_time":"2023-10-25T11:07:40+00:00","og_image":[{"width":470,"height":240,"url":"https:\/\/www.one.org\/fr\/wp-content\/uploads\/sites\/4\/2016\/08\/Small-tile-refugees.png","type":"image\/png"}],"author":"admin","twitter_card":"summary_large_image","twitter_creator":"@one_fr","twitter_site":"@one_fr","twitter_misc":{"Written by":"admin","Est. reading time":"6 minutes"},"schema":{"@context":"https:\/\/schema.org","@graph":[{"@type":"Article","@id":"https:\/\/www.one.org\/fr\/actualites\/limportance-de-leducation-pour-tous-les-enfants-refugies-2\/#article","isPartOf":{"@id":"https:\/\/www.one.org\/fr\/actualites\/limportance-de-leducation-pour-tous-les-enfants-refugies-2\/"},"author":{"name":"admin","@id":"https:\/\/www.one.org\/fr\/#\/schema\/person\/236ef43a079c36667c3f1de2da8e0838"},"headline":"L\u2019importance de l\u2019\u00e9ducation pour tous les enfants r\u00e9fugi\u00e9s","datePublished":"2016-08-09T09:20:52+00:00","dateModified":"2023-10-25T11:07:40+00:00","mainEntityOfPage":{"@id":"https:\/\/www.one.org\/fr\/actualites\/limportance-de-leducation-pour-tous-les-enfants-refugies-2\/"},"wordCount":1159,"commentCount":0,"image":{"@id":"https:\/\/www.one.org\/fr\/actualites\/limportance-de-leducation-pour-tous-les-enfants-refugies-2\/#primaryimage"},"thumbnailUrl":"https:\/\/www.one.org\/fr\/wp-content\/uploads\/sites\/4\/2016\/08\/Small-tile-refugees.png","articleSection":["ONE"],"inLanguage":"fr-FR","potentialAction":[{"@type":"CommentAction","name":"Comment","target":["https:\/\/www.one.org\/fr\/actualites\/limportance-de-leducation-pour-tous-les-enfants-refugies-2\/#respond"]}]},{"@type":"WebPage","@id":"https:\/\/www.one.org\/fr\/actualites\/limportance-de-leducation-pour-tous-les-enfants-refugies-2\/","url":"https:\/\/www.one.org\/fr\/actualites\/limportance-de-leducation-pour-tous-les-enfants-refugies-2\/","name":"L\u2019importance de l\u2019\u00e9ducation pour tous les enfants r\u00e9fugi\u00e9s - ONE.org France","isPartOf":{"@id":"https:\/\/www.one.org\/fr\/#website"},"primaryImageOfPage":{"@id":"https:\/\/www.one.org\/fr\/actualites\/limportance-de-leducation-pour-tous-les-enfants-refugies-2\/#primaryimage"},"image":{"@id":"https:\/\/www.one.org\/fr\/actualites\/limportance-de-leducation-pour-tous-les-enfants-refugies-2\/#primaryimage"},"thumbnailUrl":"https:\/\/www.one.org\/fr\/wp-content\/uploads\/sites\/4\/2016\/08\/Small-tile-refugees.png","datePublished":"2016-08-09T09:20:52+00:00","dateModified":"2023-10-25T11:07:40+00:00","author":{"@id":"https:\/\/www.one.org\/fr\/#\/schema\/person\/236ef43a079c36667c3f1de2da8e0838"},"breadcrumb":{"@id":"https:\/\/www.one.org\/fr\/actualites\/limportance-de-leducation-pour-tous-les-enfants-refugies-2\/#breadcrumb"},"inLanguage":"fr-FR","potentialAction":[{"@type":"ReadAction","target":["https:\/\/www.one.org\/fr\/actualites\/limportance-de-leducation-pour-tous-les-enfants-refugies-2\/"]}]},{"@type":"ImageObject","inLanguage":"fr-FR","@id":"https:\/\/www.one.org\/fr\/actualites\/limportance-de-leducation-pour-tous-les-enfants-refugies-2\/#primaryimage","url":"https:\/\/www.one.org\/fr\/wp-content\/uploads\/sites\/4\/2016\/08\/Small-tile-refugees.png","contentUrl":"https:\/\/www.one.org\/fr\/wp-content\/uploads\/sites\/4\/2016\/08\/Small-tile-refugees.png","width":470,"height":240},{"@type":"BreadcrumbList","@id":"https:\/\/www.one.org\/fr\/actualites\/limportance-de-leducation-pour-tous-les-enfants-refugies-2\/#breadcrumb","itemListElement":[{"@type":"ListItem","position":1,"name":"Home","item":"https:\/\/www.one.org\/fr\/"},{"@type":"ListItem","position":2,"name":"L\u2019importance de l\u2019\u00e9ducation pour tous les enfants r\u00e9fugi\u00e9s"}]},{"@type":"WebSite","@id":"https:\/\/www.one.org\/fr\/#website","url":"https:\/\/www.one.org\/fr\/","name":"ONE.org","description":"Cr\u00e9er des opportunit\u00e9s \u00e9conomiques et am\u00e9liorer la sant\u00e9 en Afrique","potentialAction":[{"@type":"SearchAction","target":{"@type":"EntryPoint","urlTemplate":"https:\/\/www.one.org\/fr\/?s={search_term_string}"},"query-input":{"@type":"PropertyValueSpecification","valueRequired":true,"valueName":"search_term_string"}}],"inLanguage":"fr-FR"},{"@type":"Person","@id":"https:\/\/www.one.org\/fr\/#\/schema\/person\/236ef43a079c36667c3f1de2da8e0838","name":"admin","image":{"@type":"ImageObject","inLanguage":"fr-FR","@id":"https:\/\/www.one.org\/fr\/#\/schema\/person\/image\/","url":"https:\/\/secure.gravatar.com\/avatar\/2b4204681b789d34ede86a735f8b6378df901f7f7ab7a9ca89af4670b2bb13b8?s=96&d=mm&r=g","contentUrl":"https:\/\/secure.gravatar.com\/avatar\/2b4204681b789d34ede86a735f8b6378df901f7f7ab7a9ca89af4670b2bb13b8?s=96&d=mm&r=g","caption":"admin"},"sameAs":["http:\/\/www.one.org"],"url":"https:\/\/www.one.org\/fr\/actualites\/author\/admin\/"}]}},"distributor_meta":false,"distributor_terms":false,"distributor_media":false,"distributor_original_site_name":"ONE.org France","distributor_original_site_url":"https:\/\/www.one.org\/fr","push-errors":false,"_links":{"self":[{"href":"https:\/\/www.one.org\/fr\/wp-json\/wp\/v2\/posts\/162691","targetHints":{"allow":["GET"]}}],"collection":[{"href":"https:\/\/www.one.org\/fr\/wp-json\/wp\/v2\/posts"}],"about":[{"href":"https:\/\/www.one.org\/fr\/wp-json\/wp\/v2\/types\/post"}],"author":[{"embeddable":true,"href":"https:\/\/www.one.org\/fr\/wp-json\/wp\/v2\/users\/1"}],"replies":[{"embeddable":true,"href":"https:\/\/www.one.org\/fr\/wp-json\/wp\/v2\/comments?post=162691"}],"version-history":[{"count":0,"href":"https:\/\/www.one.org\/fr\/wp-json\/wp\/v2\/posts\/162691\/revisions"}],"wp:featuredmedia":[{"embeddable":true,"href":"https:\/\/www.one.org\/fr\/wp-json\/wp\/v2\/media\/163290"}],"wp:attachment":[{"href":"https:\/\/www.one.org\/fr\/wp-json\/wp\/v2\/media?parent=162691"}],"wp:term":[{"taxonomy":"category","embeddable":true,"href":"https:\/\/www.one.org\/fr\/wp-json\/wp\/v2\/categories?post=162691"},{"taxonomy":"post_tag","embeddable":true,"href":"https:\/\/www.one.org\/fr\/wp-json\/wp\/v2\/tags?post=162691"},{"taxonomy":"topic","embeddable":true,"href":"https:\/\/www.one.org\/fr\/wp-json\/wp\/v2\/topic?post=162691"},{"taxonomy":"contributor","embeddable":true,"href":"https:\/\/www.one.org\/fr\/wp-json\/wp\/v2\/contributor?post=162691"},{"taxonomy":"one_content_audience","embeddable":true,"href":"https:\/\/www.one.org\/fr\/wp-json\/wp\/v2\/one_content_audience?post=162691"},{"taxonomy":"one_content_type","embeddable":true,"href":"https:\/\/www.one.org\/fr\/wp-json\/wp\/v2\/one_content_type?post=162691"},{"taxonomy":"one_content_tone","embeddable":true,"href":"https:\/\/www.one.org\/fr\/wp-json\/wp\/v2\/one_content_tone?post=162691"}],"curies":[{"name":"wp","href":"https:\/\/api.w.org\/{rel}","templated":true}]}}