{"id":162677,"date":"2023-08-10T14:47:42","date_gmt":"2023-08-10T14:47:42","guid":{"rendered":"https:\/\/www.one.org\/fr\/les-avantages-de-la-jeunesse-africaine\/"},"modified":"2023-11-06T16:30:11","modified_gmt":"2023-11-06T16:30:11","slug":"avantages-jeunesse-africaine","status":"publish","type":"post","link":"https:\/\/www.one.org\/fr\/actualites\/avantages-jeunesse-africaine\/","title":{"rendered":"Les avantages de la jeunesse africaine"},"content":{"rendered":"<h4><em><a href=\"https:\/\/www.one.org\/fr\/nos-combats\/ondes-de-choc\/\">Inscrivez-vous<\/a>\u00a0pour recevoir Ondes de choc, notre newsletter hebdomadaire pour suivre les cons\u00e9quences des diff\u00e9rentes crises actuelles (\u00e9conomique, sanitaire, alimentaire, climatique), notamment pour les pays d\u2019Afrique. Nous vous proposons des analyses pointues, succinctes et r\u00e9fl\u00e9chies de la part des experts de ONE.<\/em><\/h4>\n<p><i><span style=\"font-weight: 400\">Environ 60 % des Africains ont moins de 25 ans. D\u2019ici 2050, une personne sur quatre dans le monde vivra en Afrique. Cette semaine, \u00e0 l\u2019occasion de la Journ\u00e9e internationale de la jeunesse le 12 ao\u00fbt, nous nous penchons sur la fa\u00e7on dont les \u00e9v\u00e9nements actuels pourraient fa\u00e7onner l\u2019avenir des jeunes Africains.<\/span><\/i><\/p>\n<h3><b>ACTUALITES<\/b><\/h3>\n<p><b>L\u2019avantage de la jeunesse : <\/b><span style=\"font-weight: 400\">Le th\u00e8me de la Journ\u00e9e internationale de la jeunesse de cette ann\u00e9e, \u00ab <\/span><a href=\"https:\/\/social.desa.un.org\/issues\/youth\/events\/international-youth-day-2023\"><span style=\"font-weight: 400\">des comp\u00e9tences vertes pour les jeunes<\/span><\/a><span style=\"font-weight: 400\"> \u00bb,\u00a0 rev\u00eat une importance particuli\u00e8re pour la jeunesse africaine. L\u2019\u00e2ge m\u00e9dian en Afrique est de 19 ans, contre 38 ans aux \u00c9tats-Unis, 41 ans au Royaume-Uni, 44 ans dans l\u2019Union europ\u00e9enne et 49 ans au Japon. Cela signifie que les jeunes Africains sont les premiers concern\u00e9s par la transition, verte ou pas, du monde. Les opportunit\u00e9s \u00e9conomiques d\u2019une transition \u00e9cologique mondiale pourraient <\/span><a href=\"https:\/\/data.one.org\/data-dives\/climate\/#another-path-for-africa\"><span style=\"font-weight: 400\">cr\u00e9er des millions d\u2019emplois<\/span><\/a><span style=\"font-weight: 400\"> et contribuer \u00e0 r\u00e9soudre le probl\u00e8me du ch\u00f4mage des jeunes dans de nombreux pays africains. Dot\u00e9e des comp\u00e9tences ad\u00e9quates, ces derniers pourraient devenir une force motrice du d\u00e9veloppement durable sur le continent et au-del\u00e0.\u00a0<\/span><\/p>\n<p><b>Des mesures essentielles : <\/b><span style=\"font-weight: 400\">L\u2019abondance de ressources mini\u00e8res en Afrique constitue un int\u00e9r\u00eat \u00e9vident pour l\u2019avenir du continent. Le Ghana est le dernier pays en date \u00e0 avoir pris des mesures pour exploiter le potentiel \u00e9conomique de ses ressources. Le gouvernement a adopt\u00e9 une <\/span><a href=\"https:\/\/www.financialafrik.com\/2023\/06\/15\/le-ghana-va-interdire-les-exportations-des-mineraux-verts-a-letat-brut\/\"><span style=\"font-weight: 400\">nouvelle politique en mati\u00e8re de min\u00e9raux dits \u00ab verts \u00bb<\/span><\/a><span style=\"font-weight: 400\"> qui limite les exportations de min\u00e9raux bruts. Le Ghana est le plus grand producteur d\u2019or d\u2019Afrique et poss\u00e8de des gisements de cobalt, de graphite, de lithium et de mangan\u00e8se. Avec l\u2019augmentation de la demande mondiale pour ces minerais essentiels et la diversification des cha\u00eenes d\u2019approvisionnement de l\u2019UE et des \u00c9tats-Unis, cherchant \u00e0 s\u2019\u00e9loigner de la Chine, les pays africains riches en minerais comme le Ghana deviennent <\/span><a href=\"https:\/\/www.jeuneafrique.com\/1470132\/economie-entreprises\/comment-lafrique-peut-profiter-de-la-course-entre-la-chine-et-les-occidentaux-pour-les-metaux-rares\/\"><span style=\"font-weight: 400\">une alternative attrayante<\/span><\/a><span style=\"font-weight: 400\">. Mais ces pays tentent d\u2019\u00e9viter que l\u2019histoire ne se r\u00e9p\u00e8te : au lieu d\u2019exporter des mati\u00e8res premi\u00e8res, ils veulent \u00eatre ceux qui produisent <\/span><i><span style=\"font-weight: 400\">et <\/span><\/i><span style=\"font-weight: 400\">exportent des produits \u00e0 valeur ajout\u00e9e. L\u2019ann\u00e9e derni\u00e8re, la Namibie et le Zimbabwe ont <\/span><a href=\"https:\/\/www.agenceecofin.com\/metaux\/2212-104077-le-zimbabwe-interdit-les-exportations-de-minerai-de-lithium-non-transforme\"><span style=\"font-weight: 400\">interdit les exportations de lithium brut<\/span><\/a><span style=\"font-weight: 400\">. La R\u00e9publique d\u00e9mocratique du Congo, qui contr\u00f4le 70 % du cobalt mondial, est en train de r\u00e9examiner tous ses partenariats miniers avec des investisseurs \u00e9trangers. L\u2019Afrique pourrait participer \u00e0 <\/span><a href=\"https:\/\/data.one.org\/data-dives\/climate\/\"><span style=\"font-weight: 400\">l\u2019\u00e9laboration de solutions<\/span><\/a><span style=\"font-weight: 400\"> \u00e0 la crise climatique, notamment en mettant en place de bonnes politiques publiques. Et si les pays africains obtiennent les investissements dont ils ont besoin, les banques multilat\u00e9rales de d\u00e9veloppement pourraient <\/span><a href=\"https:\/\/data.one.org\/data-dives\/unlocking-a-trillion-dollars-for-development\/\"><span style=\"font-weight: 400\">mobiliser des milliards de dollars<\/span><\/a><span style=\"font-weight: 400\"> de nouveaux pr\u00eats et dons pour les financer.<\/span><\/p>\n<p><b>Quoiqu\u2019on fasse :<\/b><span style=\"font-weight: 400\"> Les cons\u00e9quences de l\u2019endettement croissant de l\u2019Afrique sont un nuage noir qui menace les perspectives de la jeunesse africaine. La semaine derni\u00e8re, une agence de notation a pris une d\u00e9cision d\u00e9concertante : alors que celle-ci s\u2019inqui\u00e9tait du risque de d\u00e9faut de paiement du Kenya, elle <\/span><a href=\"https:\/\/www.bloomberg.com\/news\/articles\/2023-08-02\/kenya-s-eurobonds-plunge-as-moody-s-warns-buyback-may-be-default#xj4y7vzkg\"><span style=\"font-weight: 400\">accuse aujourd\u2019hui<\/span><\/a><span style=\"font-weight: 400\"> le pays de ne pas pouvoir honorer ses dettes parce qu\u2019il veut les rembourser de mani\u00e8re anticip\u00e9e. L\u2019avertissement sinistre de Moody\u2019s a fait grimper les rendements des euro-obligations du Kenya, ce qui signifie pour le pays des co\u00fbts plus \u00e9lev\u00e9s pour le service de la dette. L\u2019Union Africaine ne s\u2019est pas laiss\u00e9e faire et a <\/span><a href=\"https:\/\/kenyanwallstreet.com\/moodys-comments-on-kenyas-eurobond-buyback-speculative-aprm\/#:~:text=Moody%27s%20Credit%20Rating%20Agency%20comments,institution%20of%20the%20African%20Union.\"><span style=\"font-weight: 400\">critiqu\u00e9 Moody\u2019s<\/span><\/a><span style=\"font-weight: 400\"> pour ses commentaires \u00ab hautement pr\u00e9matur\u00e9s, sp\u00e9culatifs et nuisibles \u00bb et pour avoir ignor\u00e9 la nature volontaire du rachat d\u2019obligations propos\u00e9. Le pr\u00e9sident k\u00e9nyan William Ruto a \u00e9t\u00e9 encore moins diplomate et a qualifi\u00e9 les agences de notation \u00ab d\u2019<\/span><a href=\"https:\/\/www.standardmedia.co.ke\/business\/business\/article\/2001478915\/ruto-hits-back-at-global-rating-agencies-over-credit-downgrade\"><span style=\"font-weight: 400\">outils des colonialistes<\/span><\/a><span style=\"font-weight: 400\"> \u00bb.<\/span><\/p>\n<p><b>Dans la m\u00eame veine :<\/b><span style=\"font-weight: 400\"> Les chefs d\u2019\u00c9tat et de gouvernement africains <\/span><a href=\"https:\/\/www.lemonde.fr\/afrique\/article\/2023\/06\/18\/les-pays-africains-s-estiment-maltraites-par-les-agences-de-notation-financiere_6178202_3212.html\"><span style=\"font-weight: 400\">demandent un contr\u00f4le accru<\/span><\/a><span style=\"font-weight: 400\"> des agences de notation, tout comme l\u2019ONU, qui affirme que les \u00e9valuations \u00ab subjectives \u00bb des trois grandes agences de notation <\/span><a href=\"https:\/\/www.theafricareport.com\/302157\/un-says-dubious-credit-ratings-from-big-3-cost-africa-75bn-a-year\/\"><span style=\"font-weight: 400\">co\u00fbtent chaque ann\u00e9e 75 milliards de dollars<\/span><\/a><span style=\"font-weight: 400\"> en paiements d\u2019int\u00e9r\u00eats exc\u00e9dentaires aux pays africains. Et ces derniers ne sont pas les seuls \u00e0 crier au scandale : le r\u00e9cent abaissement de la note des \u00c9tats-Unis par Fitch <\/span><a href=\"https:\/\/www.lemonde.fr\/international\/article\/2023\/08\/02\/l-agence-fitch-abaisse-la-note-des-etats-unis-de-aaa-a-aa_6184142_3210.html\"><span style=\"font-weight: 400\">a fait bondir l\u2019administration Biden<\/span><\/a><span style=\"font-weight: 400\">. Mais ses effets sur les bons du Tr\u00e9sor am\u00e9ricain n\u2019ont pas eu les m\u00eames cons\u00e9quences que pour l\u2019Afrique : la hausse des co\u00fbts d\u2019emprunt, due \u00e0 l\u2019abaissement de la note, a r\u00e9duit les d\u00e9penses publiques <\/span><a href=\"https:\/\/data.one.org\/topics\/african-debt\/#debt-service-as-a-share-of-government-spending\"><span style=\"font-weight: 400\">en mati\u00e8re de sant\u00e9 et d\u2019\u00e9ducation<\/span><\/a><span style=\"font-weight: 400\"> et r\u00e9duit le flux des futurs investissements \u00e9trangers, qui sont essentiels aux investissements dans la jeunesse en pleine croissance des pays africains.\u00a0<\/span><\/p>\n<p><b>Dommage collat\u00e9ral :<\/b><span style=\"font-weight: 400\"> Une gr\u00e8ve des minibus dans la province sud-africaine du Cap-Occidental a <\/span><a href=\"https:\/\/www.iol.co.za\/news\/traffic\/over-450000-cape-town-pupils-absent-from-school-amid-taxi-strike-a91642ce-f65f-4220-ab74-ebf28f5aa8a6\"><span style=\"font-weight: 400\">emp\u00each\u00e9 plus de 400 000 \u00e9l\u00e8ves<\/span><\/a><span style=\"font-weight: 400\"> d\u2019aller \u00e0 l\u2019\u00e9cole lundi. Les \u00e9l\u00e8ves de la province ont \u00e9t\u00e9 parmi les plus touch\u00e9s par la gr\u00e8ve, qui a bloqu\u00e9 des milliers de voyageurs. Beaucoup de ceux qui utilisent ces minibus pour se d\u00e9placer sont issus des communaut\u00e9s les plus pauvres situ\u00e9es \u00e0 la p\u00e9riph\u00e9rie de grandes villes comme Le Cap. Nombre d\u2019entre eux ont \u00e9t\u00e9 <\/span><a href=\"https:\/\/www.lefigaro.fr\/flash-eco\/afrique-du-sud-la-route-de-l-aeroport-du-cap-bloquee-par-une-greve-des-taxis-collectifs-20230807\"><span style=\"font-weight: 400\">contraints de rester chez eux ou de marcher<\/span><\/a><span style=\"font-weight: 400\"> pendant des heures pour se rendre au travail ou \u00e0 l\u2019\u00e9cole et en revenir. Leurs t\u00e9moignages nous rappellent <\/span><a href=\"https:\/\/www.youtube.com\/watch?v=NHqTlY7JF00\"><span style=\"font-weight: 400\">l\u2019h\u00e9ritage de l\u2019am\u00e9nagement du territoire du pays<\/span><\/a><span style=\"font-weight: 400\"> \u00e0 l\u2019\u00e9poque de l\u2019apartheid. La gr\u00e8ve a d\u00e9but\u00e9 la semaine derni\u00e8re apr\u00e8s qu\u2019un chauffeur a \u00e9t\u00e9 abattu par un agent de la circulation du Cap. Cela a fait monter la tension autour <\/span><a href=\"https:\/\/www.dailymaverick.co.za\/article\/2023-08-02-tension-boils-over-after-cape-town-traffic-officer-shoots-taxi-driver-in-wake-of-new-municipal-by-law\/\"><span style=\"font-weight: 400\">d\u2019un nouvel arr\u00eat\u00e9 municipal controvers\u00e9<\/span><\/a><span style=\"font-weight: 400\"> : la loi permet \u00e0 la municipalit\u00e9 de mettre \u00e0 la fourri\u00e8re les v\u00e9hicules en cas d\u2019infraction au code de la route, une mesure qui, selon les propri\u00e9taires de minibus, les p\u00e9nalise au lieu de p\u00e9naliser les chauffeurs responsables.\u00a0<\/span><\/p>\n<p><b>Besoin de changement :<\/b><span style=\"font-weight: 400\"> Un r\u00e9f\u00e9rendum en R\u00e9publique centrafricaine permettra au pr\u00e9sident Faustin-Archange Touad\u00e9ra de se pr\u00e9senter <\/span><a href=\"https:\/\/www.france24.com\/fr\/afrique\/20230807-la-centrafrique-approuve-un-projet-constitutionnel-ouvrant-la-voie-%C3%A0-un-nouveau-mandat-de-touad%C3%A9ra\"><span style=\"font-weight: 400\">aux \u00e9lections un nombre illimit\u00e9 de fois<\/span><\/a><span style=\"font-weight: 400\">. L\u2019avenir politique de Touad\u00e9ra \u00e9tait bloqu\u00e9 par la limitation \u00e0 deux mandats pr\u00e9sidentiels. Les autorit\u00e9s \u00e9lectorales affirment que 95 % des \u00e9lecteurs ont soutenu les changements constitutionnels, bien que les critiques affirment que le taux de participation n\u2019a \u00e9t\u00e9 que de 10 % dans un contexte de guerre civile qui a d\u00e9plac\u00e9 un tiers de la population du pays. Le r\u00e9sultat du r\u00e9f\u00e9rendum s\u2019inscrit dans une tendance inqui\u00e9tante en Afrique : au moins 14 pays africains <\/span><a href=\"https:\/\/africacenter.org\/spotlight\/circumvention-of-term-limits-weakens-governance-in-africa\/\"><span style=\"font-weight: 400\">ont affaibli ou supprim\u00e9<\/span><\/a><span style=\"font-weight: 400\"> les restrictions relatives \u00e0 la limitation du nombre de mandats depuis 2015. Dans ces pays, les dirigeants sont au pouvoir <\/span><a href=\"https:\/\/osisa.org\/termlimits-in-africa\/\"><span style=\"font-weight: 400\">depuis plus de vingt ans en moyenne<\/span><\/a><span style=\"font-weight: 400\">. L\u2019\u00e2ge m\u00e9dian en Afrique est peut-\u00eatre de 19 ans, mais celui des <\/span><a href=\"https:\/\/www.wilsoncenter.org\/blog-post\/africas-median-age-about-19-median-age-its-leaders-about-63\"><span style=\"font-weight: 400\">dirigeants africains est de 63 ans<\/span><\/a><span style=\"font-weight: 400\">. Cet \u00e9cart consid\u00e9rable suscite des inqui\u00e9tudes chez les jeunes, qui estiment que leurs opinions ne sont pas repr\u00e9sent\u00e9es.\u00a0\u00a0\u00a0<\/span><\/p>\n<p><b>De grandes ambitions :<\/b><span style=\"font-weight: 400\"> Si vous avez suivi la Coupe du monde de football f\u00e9minin, vous savez que le football f\u00e9minin africain est en plein essor. Trois \u00e9quipes \u2013 le Maroc, le Nigeria et l\u2019Afrique du Sud \u2013 se sont qualifi\u00e9es pour les huiti\u00e8mes de finale pour la premi\u00e8re fois dans une Coupe du monde, qu\u2019elle soit f\u00e9minine ou masculine. Elles y sont parvenues <\/span><a href=\"https:\/\/www.abc.net.au\/news\/2023-08-04\/womens-world-cup-success-stories-shining-light-on-pay-gap\/102668152\"><span style=\"font-weight: 400\">malgr\u00e9 des difficult\u00e9s consid\u00e9rables<\/span><\/a><span style=\"font-weight: 400\">, notamment des litiges concernant des salaires \u00e9quitables et des installations peu s\u00fbres. Bien qu\u2019aucune de ces \u00e9quipes n\u2019ait atteint les quarts de finale, l\u2019avenir de la discipline sur le continent est prometteuse.\u00a0<\/span><\/p>\n<h3><b>L\u2019\u00c9QUIPE DE ONE EN ACTION :\u00a0<\/b><\/h3>\n<ul>\n<li style=\"font-weight: 400\"><span style=\"font-weight: 400\">Les orientations du Comit\u00e9 interminist\u00e9riel de la coop\u00e9ration internationale et du d\u00e9veloppement (CICID) sont (enfin !) sorties. Mais qu\u2019est-ce que \u00e7a veut dire pour notre politique de solidarit\u00e9 ? Retrouvez <\/span><a href=\"https:\/\/twitter.com\/ONE_Fr\/status\/1689292529068396544\"><span style=\"font-weight: 400\">ici<\/span><\/a> <span style=\"font-weight: 400\">un thread pour vous aider \u00e0 y voir plus clair. ?<\/span><\/li>\n<li style=\"font-weight: 400\"><span style=\"font-weight: 400\">ONE est une ONG de plaidoyer. Mais concr\u00e8tement, qu\u2019est-ce que c\u2019est ? ? Au c\u0153ur de nos actions, le plaidoyer est fondamental pour faire changer les choses sur le long terme pour les populations les plus pauvres du monde. Ma\u00e9 Kurkjian, notre responsable plaidoyer, et deux de nos deux jeunes Ambassadrices vous l\u2019expliquent <\/span><a href=\"https:\/\/www.instagram.com\/p\/CvwpUzlItU8\/\"><span style=\"font-weight: 400\">en vid\u00e9o<\/span><\/a><span style=\"font-weight: 400\">.<\/span><\/li>\n<\/ul>\n<h3><b>LES CHIFFRES :<\/b><\/h3>\n<ul>\n<li style=\"font-weight: 400\"><b>80 % : <\/b><span style=\"font-weight: 400\">D\u2019ici 2100, 80 % des<\/span> <span style=\"font-weight: 400\">4 milliards d\u2019\u00eatres humains suppl\u00e9mentaires sur la plan\u00e8te <\/span><a href=\"https:\/\/www.imf.org\/external\/pubs\/ft\/wp\/2014\/wp14143.pdf\"><span style=\"font-weight: 400\">vivront en Afrique<\/span><\/a><span style=\"font-weight: 400\">.\u00a0<\/span><\/li>\n<li style=\"font-weight: 400\"><b>12 :<\/b><span style=\"font-weight: 400\"> D\u2019ici 50 ans, l\u2019Afrique <\/span><a href=\"https:\/\/s3.amazonaws.com\/one.org\/pdfs\/ENG-Brief-TheAfricanCentury.pdf\"><span style=\"font-weight: 400\">comptera 12 fois plus de jeunes<\/span><\/a><span style=\"font-weight: 400\"> que l\u2019Union europ\u00e9enne.<\/span><\/li>\n<li style=\"font-weight: 400\"><b>74 milliards de dollars :<\/b><span style=\"font-weight: 400\"> C\u2019est la somme record que les pays africains devront consacrer <\/span><a href=\"https:\/\/data.one.org\/topics\/african-debt\/#african-countries-are-set-to-pay-record-amounts-in-debt-service-in-the-coming-years\"><span style=\"font-weight: 400\">au service de la dette en 2024<\/span><\/a><span style=\"font-weight: 400\">.<\/span><\/li>\n<\/ul>\n<div class=\"buffer\"><\/div>","protected":false},"excerpt":{"rendered":"<p>Inscrivez-vous\u00a0pour recevoir Ondes de choc, notre newsletter hebdomadaire pour suivre les cons\u00e9quences des diff\u00e9rentes crises actuelles (\u00e9conomique, sanitaire, alimentaire, climatique), notamment pour les pays d\u2019Afrique. Nous vous proposons des analyses pointues, succinctes et r\u00e9fl\u00e9chies de la part des experts de ONE. Environ 60 % des Africains ont moins de 25 ans. D\u2019ici 2050, une personne [&hellip;]<\/p>\n","protected":false},"author":24,"featured_media":162714,"comment_status":"open","ping_status":"open","sticky":false,"template":"","format":"standard","meta":{"_acf_changed":false,"_relevanssi_hide_post":"","_relevanssi_hide_content":"","_relevanssi_pin_for_all":"","_relevanssi_pin_keywords":"","_relevanssi_unpin_keywords":"","_relevanssi_related_keywords":"","_relevanssi_related_include_ids":"","_relevanssi_related_exclude_ids":"","_relevanssi_related_no_append":"","_relevanssi_related_not_related":"","_relevanssi_related_posts":"162676,162675,162674,162673,162672,162671","_relevanssi_noindex_reason":"","footnotes":""},"categories":[68],"tags":[],"topic":[86],"contributor":[33],"one_content_audience":[],"one_content_type":[],"one_content_tone":[],"class_list":["post-162677","post","type-post","status-publish","format-standard","has-post-thumbnail","hentry","category-analyse","topic-ondes-de-choc","contributor-one-france"],"acf":[],"yoast_head":"<!-- This site is optimized with the Yoast SEO Premium plugin v27.1 (Yoast SEO v27.1.1) - https:\/\/yoast.com\/product\/yoast-seo-premium-wordpress\/ -->\n<title>Les avantages de la jeunesse africaine - ONE.org France<\/title>\n<meta name=\"description\" content=\"Environ 60 % des Africains ont moins de 25 ans. D&#039;ici 2050, une personne sur quatre dans le monde vivra en Afrique.\" \/>\n<meta name=\"robots\" content=\"index, follow, max-snippet:-1, max-image-preview:large, max-video-preview:-1\" \/>\n<link rel=\"canonical\" href=\"https:\/\/www.one.org\/fr\/actualites\/avantages-jeunesse-africaine\/\" \/>\n<meta property=\"og:locale\" content=\"fr_FR\" \/>\n<meta property=\"og:type\" content=\"article\" \/>\n<meta property=\"og:title\" content=\"Les avantages de la jeunesse africaine\" \/>\n<meta property=\"og:description\" content=\"Environ 60 % des Africains ont moins de 25 ans. D&#039;ici 2050, une personne sur quatre dans le monde vivra en Afrique.\" \/>\n<meta property=\"og:url\" content=\"https:\/\/www.one.org\/fr\/actualites\/avantages-jeunesse-africaine\/\" \/>\n<meta property=\"og:site_name\" content=\"ONE.org France\" \/>\n<meta property=\"article:publisher\" content=\"https:\/\/www.facebook.com\/ONE.Fr\" \/>\n<meta property=\"article:published_time\" content=\"2023-08-10T14:47:42+00:00\" \/>\n<meta property=\"article:modified_time\" content=\"2023-11-06T16:30:11+00:00\" \/>\n<meta property=\"og:image\" content=\"https:\/\/www.one.org\/fr\/wp-content\/uploads\/sites\/4\/2023\/08\/Aftershock_2021_FeaturedImage_1200x1200_en_006.jpg\" \/>\n\t<meta property=\"og:image:width\" content=\"1201\" \/>\n\t<meta property=\"og:image:height\" content=\"1201\" \/>\n\t<meta property=\"og:image:type\" content=\"image\/jpeg\" \/>\n<meta name=\"author\" content=\"Dana Khalil\" \/>\n<meta name=\"twitter:card\" content=\"summary_large_image\" \/>\n<meta name=\"twitter:creator\" content=\"@one_fr\" \/>\n<meta name=\"twitter:site\" content=\"@one_fr\" \/>\n<meta name=\"twitter:label1\" content=\"Written by\" \/>\n\t<meta name=\"twitter:data1\" content=\"Dana Khalil\" \/>\n\t<meta name=\"twitter:label2\" content=\"Est. reading time\" \/>\n\t<meta name=\"twitter:data2\" content=\"6 minutes\" \/>\n<script type=\"application\/ld+json\" class=\"yoast-schema-graph\">{\"@context\":\"https:\/\/schema.org\",\"@graph\":[{\"@type\":\"Article\",\"@id\":\"https:\/\/www.one.org\/fr\/actualites\/avantages-jeunesse-africaine\/#article\",\"isPartOf\":{\"@id\":\"https:\/\/www.one.org\/fr\/actualites\/avantages-jeunesse-africaine\/\"},\"author\":{\"name\":\"Dana Khalil\",\"@id\":\"https:\/\/www.one.org\/fr\/#\/schema\/person\/cf1f30f9800f0592ec3d61940be82003\"},\"headline\":\"Les avantages de la jeunesse africaine\",\"datePublished\":\"2023-08-10T14:47:42+00:00\",\"dateModified\":\"2023-11-06T16:30:11+00:00\",\"mainEntityOfPage\":{\"@id\":\"https:\/\/www.one.org\/fr\/actualites\/avantages-jeunesse-africaine\/\"},\"wordCount\":1510,\"commentCount\":0,\"image\":{\"@id\":\"https:\/\/www.one.org\/fr\/actualites\/avantages-jeunesse-africaine\/#primaryimage\"},\"thumbnailUrl\":\"https:\/\/www.one.org\/fr\/wp-content\/uploads\/sites\/4\/2023\/08\/Aftershock_2021_FeaturedImage_1200x1200_en_006.jpg\",\"articleSection\":[\"Analyse\"],\"inLanguage\":\"fr-FR\",\"potentialAction\":[{\"@type\":\"CommentAction\",\"name\":\"Comment\",\"target\":[\"https:\/\/www.one.org\/fr\/actualites\/avantages-jeunesse-africaine\/#respond\"]}]},{\"@type\":\"WebPage\",\"@id\":\"https:\/\/www.one.org\/fr\/actualites\/avantages-jeunesse-africaine\/\",\"url\":\"https:\/\/www.one.org\/fr\/actualites\/avantages-jeunesse-africaine\/\",\"name\":\"Les avantages de la jeunesse africaine - ONE.org France\",\"isPartOf\":{\"@id\":\"https:\/\/www.one.org\/fr\/#website\"},\"primaryImageOfPage\":{\"@id\":\"https:\/\/www.one.org\/fr\/actualites\/avantages-jeunesse-africaine\/#primaryimage\"},\"image\":{\"@id\":\"https:\/\/www.one.org\/fr\/actualites\/avantages-jeunesse-africaine\/#primaryimage\"},\"thumbnailUrl\":\"https:\/\/www.one.org\/fr\/wp-content\/uploads\/sites\/4\/2023\/08\/Aftershock_2021_FeaturedImage_1200x1200_en_006.jpg\",\"datePublished\":\"2023-08-10T14:47:42+00:00\",\"dateModified\":\"2023-11-06T16:30:11+00:00\",\"author\":{\"@id\":\"https:\/\/www.one.org\/fr\/#\/schema\/person\/cf1f30f9800f0592ec3d61940be82003\"},\"description\":\"Environ 60 % des Africains ont moins de 25 ans. D'ici 2050, une personne sur quatre dans le monde vivra en Afrique.\",\"breadcrumb\":{\"@id\":\"https:\/\/www.one.org\/fr\/actualites\/avantages-jeunesse-africaine\/#breadcrumb\"},\"inLanguage\":\"fr-FR\",\"potentialAction\":[{\"@type\":\"ReadAction\",\"target\":[\"https:\/\/www.one.org\/fr\/actualites\/avantages-jeunesse-africaine\/\"]}]},{\"@type\":\"ImageObject\",\"inLanguage\":\"fr-FR\",\"@id\":\"https:\/\/www.one.org\/fr\/actualites\/avantages-jeunesse-africaine\/#primaryimage\",\"url\":\"https:\/\/www.one.org\/fr\/wp-content\/uploads\/sites\/4\/2023\/08\/Aftershock_2021_FeaturedImage_1200x1200_en_006.jpg\",\"contentUrl\":\"https:\/\/www.one.org\/fr\/wp-content\/uploads\/sites\/4\/2023\/08\/Aftershock_2021_FeaturedImage_1200x1200_en_006.jpg\",\"width\":1201,\"height\":1201},{\"@type\":\"BreadcrumbList\",\"@id\":\"https:\/\/www.one.org\/fr\/actualites\/avantages-jeunesse-africaine\/#breadcrumb\",\"itemListElement\":[{\"@type\":\"ListItem\",\"position\":1,\"name\":\"Home\",\"item\":\"https:\/\/www.one.org\/fr\/\"},{\"@type\":\"ListItem\",\"position\":2,\"name\":\"Les avantages de la jeunesse africaine\"}]},{\"@type\":\"WebSite\",\"@id\":\"https:\/\/www.one.org\/fr\/#website\",\"url\":\"https:\/\/www.one.org\/fr\/\",\"name\":\"ONE.org\",\"description\":\"Cr\u00e9er des opportunit\u00e9s \u00e9conomiques et am\u00e9liorer la sant\u00e9 en Afrique\",\"potentialAction\":[{\"@type\":\"SearchAction\",\"target\":{\"@type\":\"EntryPoint\",\"urlTemplate\":\"https:\/\/www.one.org\/fr\/?s={search_term_string}\"},\"query-input\":{\"@type\":\"PropertyValueSpecification\",\"valueRequired\":true,\"valueName\":\"search_term_string\"}}],\"inLanguage\":\"fr-FR\"},{\"@type\":\"Person\",\"@id\":\"https:\/\/www.one.org\/fr\/#\/schema\/person\/cf1f30f9800f0592ec3d61940be82003\",\"name\":\"Dana Khalil\",\"image\":{\"@type\":\"ImageObject\",\"inLanguage\":\"fr-FR\",\"@id\":\"https:\/\/www.one.org\/fr\/#\/schema\/person\/image\/\",\"url\":\"https:\/\/secure.gravatar.com\/avatar\/b0da536f00ccefadcc7aae4e64855977a5249adb1ac04162a69474e53a8d4c40?s=96&d=mm&r=g\",\"contentUrl\":\"https:\/\/secure.gravatar.com\/avatar\/b0da536f00ccefadcc7aae4e64855977a5249adb1ac04162a69474e53a8d4c40?s=96&d=mm&r=g\",\"caption\":\"Dana Khalil\"},\"url\":\"https:\/\/www.one.org\/fr\/actualites\/author\/danakhalil\/\"}]}<\/script>\n<!-- \/ Yoast SEO Premium plugin. -->","yoast_head_json":{"title":"Les avantages de la jeunesse africaine - ONE.org France","description":"Environ 60 % des Africains ont moins de 25 ans. D'ici 2050, une personne sur quatre dans le monde vivra en Afrique.","robots":{"index":"index","follow":"follow","max-snippet":"max-snippet:-1","max-image-preview":"max-image-preview:large","max-video-preview":"max-video-preview:-1"},"canonical":"https:\/\/www.one.org\/fr\/actualites\/avantages-jeunesse-africaine\/","og_locale":"fr_FR","og_type":"article","og_title":"Les avantages de la jeunesse africaine","og_description":"Environ 60 % des Africains ont moins de 25 ans. D'ici 2050, une personne sur quatre dans le monde vivra en Afrique.","og_url":"https:\/\/www.one.org\/fr\/actualites\/avantages-jeunesse-africaine\/","og_site_name":"ONE.org France","article_publisher":"https:\/\/www.facebook.com\/ONE.Fr","article_published_time":"2023-08-10T14:47:42+00:00","article_modified_time":"2023-11-06T16:30:11+00:00","og_image":[{"width":1201,"height":1201,"url":"https:\/\/www.one.org\/fr\/wp-content\/uploads\/sites\/4\/2023\/08\/Aftershock_2021_FeaturedImage_1200x1200_en_006.jpg","type":"image\/jpeg"}],"author":"Dana Khalil","twitter_card":"summary_large_image","twitter_creator":"@one_fr","twitter_site":"@one_fr","twitter_misc":{"Written by":"Dana Khalil","Est. reading time":"6 minutes"},"schema":{"@context":"https:\/\/schema.org","@graph":[{"@type":"Article","@id":"https:\/\/www.one.org\/fr\/actualites\/avantages-jeunesse-africaine\/#article","isPartOf":{"@id":"https:\/\/www.one.org\/fr\/actualites\/avantages-jeunesse-africaine\/"},"author":{"name":"Dana Khalil","@id":"https:\/\/www.one.org\/fr\/#\/schema\/person\/cf1f30f9800f0592ec3d61940be82003"},"headline":"Les avantages de la jeunesse africaine","datePublished":"2023-08-10T14:47:42+00:00","dateModified":"2023-11-06T16:30:11+00:00","mainEntityOfPage":{"@id":"https:\/\/www.one.org\/fr\/actualites\/avantages-jeunesse-africaine\/"},"wordCount":1510,"commentCount":0,"image":{"@id":"https:\/\/www.one.org\/fr\/actualites\/avantages-jeunesse-africaine\/#primaryimage"},"thumbnailUrl":"https:\/\/www.one.org\/fr\/wp-content\/uploads\/sites\/4\/2023\/08\/Aftershock_2021_FeaturedImage_1200x1200_en_006.jpg","articleSection":["Analyse"],"inLanguage":"fr-FR","potentialAction":[{"@type":"CommentAction","name":"Comment","target":["https:\/\/www.one.org\/fr\/actualites\/avantages-jeunesse-africaine\/#respond"]}]},{"@type":"WebPage","@id":"https:\/\/www.one.org\/fr\/actualites\/avantages-jeunesse-africaine\/","url":"https:\/\/www.one.org\/fr\/actualites\/avantages-jeunesse-africaine\/","name":"Les avantages de la jeunesse africaine - ONE.org France","isPartOf":{"@id":"https:\/\/www.one.org\/fr\/#website"},"primaryImageOfPage":{"@id":"https:\/\/www.one.org\/fr\/actualites\/avantages-jeunesse-africaine\/#primaryimage"},"image":{"@id":"https:\/\/www.one.org\/fr\/actualites\/avantages-jeunesse-africaine\/#primaryimage"},"thumbnailUrl":"https:\/\/www.one.org\/fr\/wp-content\/uploads\/sites\/4\/2023\/08\/Aftershock_2021_FeaturedImage_1200x1200_en_006.jpg","datePublished":"2023-08-10T14:47:42+00:00","dateModified":"2023-11-06T16:30:11+00:00","author":{"@id":"https:\/\/www.one.org\/fr\/#\/schema\/person\/cf1f30f9800f0592ec3d61940be82003"},"description":"Environ 60 % des Africains ont moins de 25 ans. D'ici 2050, une personne sur quatre dans le monde vivra en Afrique.","breadcrumb":{"@id":"https:\/\/www.one.org\/fr\/actualites\/avantages-jeunesse-africaine\/#breadcrumb"},"inLanguage":"fr-FR","potentialAction":[{"@type":"ReadAction","target":["https:\/\/www.one.org\/fr\/actualites\/avantages-jeunesse-africaine\/"]}]},{"@type":"ImageObject","inLanguage":"fr-FR","@id":"https:\/\/www.one.org\/fr\/actualites\/avantages-jeunesse-africaine\/#primaryimage","url":"https:\/\/www.one.org\/fr\/wp-content\/uploads\/sites\/4\/2023\/08\/Aftershock_2021_FeaturedImage_1200x1200_en_006.jpg","contentUrl":"https:\/\/www.one.org\/fr\/wp-content\/uploads\/sites\/4\/2023\/08\/Aftershock_2021_FeaturedImage_1200x1200_en_006.jpg","width":1201,"height":1201},{"@type":"BreadcrumbList","@id":"https:\/\/www.one.org\/fr\/actualites\/avantages-jeunesse-africaine\/#breadcrumb","itemListElement":[{"@type":"ListItem","position":1,"name":"Home","item":"https:\/\/www.one.org\/fr\/"},{"@type":"ListItem","position":2,"name":"Les avantages de la jeunesse africaine"}]},{"@type":"WebSite","@id":"https:\/\/www.one.org\/fr\/#website","url":"https:\/\/www.one.org\/fr\/","name":"ONE.org","description":"Cr\u00e9er des opportunit\u00e9s \u00e9conomiques et am\u00e9liorer la sant\u00e9 en Afrique","potentialAction":[{"@type":"SearchAction","target":{"@type":"EntryPoint","urlTemplate":"https:\/\/www.one.org\/fr\/?s={search_term_string}"},"query-input":{"@type":"PropertyValueSpecification","valueRequired":true,"valueName":"search_term_string"}}],"inLanguage":"fr-FR"},{"@type":"Person","@id":"https:\/\/www.one.org\/fr\/#\/schema\/person\/cf1f30f9800f0592ec3d61940be82003","name":"Dana Khalil","image":{"@type":"ImageObject","inLanguage":"fr-FR","@id":"https:\/\/www.one.org\/fr\/#\/schema\/person\/image\/","url":"https:\/\/secure.gravatar.com\/avatar\/b0da536f00ccefadcc7aae4e64855977a5249adb1ac04162a69474e53a8d4c40?s=96&d=mm&r=g","contentUrl":"https:\/\/secure.gravatar.com\/avatar\/b0da536f00ccefadcc7aae4e64855977a5249adb1ac04162a69474e53a8d4c40?s=96&d=mm&r=g","caption":"Dana Khalil"},"url":"https:\/\/www.one.org\/fr\/actualites\/author\/danakhalil\/"}]}},"distributor_meta":false,"distributor_terms":false,"distributor_media":false,"distributor_original_site_name":"ONE.org France","distributor_original_site_url":"https:\/\/www.one.org\/fr","push-errors":false,"_links":{"self":[{"href":"https:\/\/www.one.org\/fr\/wp-json\/wp\/v2\/posts\/162677","targetHints":{"allow":["GET"]}}],"collection":[{"href":"https:\/\/www.one.org\/fr\/wp-json\/wp\/v2\/posts"}],"about":[{"href":"https:\/\/www.one.org\/fr\/wp-json\/wp\/v2\/types\/post"}],"author":[{"embeddable":true,"href":"https:\/\/www.one.org\/fr\/wp-json\/wp\/v2\/users\/24"}],"replies":[{"embeddable":true,"href":"https:\/\/www.one.org\/fr\/wp-json\/wp\/v2\/comments?post=162677"}],"version-history":[{"count":0,"href":"https:\/\/www.one.org\/fr\/wp-json\/wp\/v2\/posts\/162677\/revisions"}],"wp:featuredmedia":[{"embeddable":true,"href":"https:\/\/www.one.org\/fr\/wp-json\/wp\/v2\/media\/162714"}],"wp:attachment":[{"href":"https:\/\/www.one.org\/fr\/wp-json\/wp\/v2\/media?parent=162677"}],"wp:term":[{"taxonomy":"category","embeddable":true,"href":"https:\/\/www.one.org\/fr\/wp-json\/wp\/v2\/categories?post=162677"},{"taxonomy":"post_tag","embeddable":true,"href":"https:\/\/www.one.org\/fr\/wp-json\/wp\/v2\/tags?post=162677"},{"taxonomy":"topic","embeddable":true,"href":"https:\/\/www.one.org\/fr\/wp-json\/wp\/v2\/topic?post=162677"},{"taxonomy":"contributor","embeddable":true,"href":"https:\/\/www.one.org\/fr\/wp-json\/wp\/v2\/contributor?post=162677"},{"taxonomy":"one_content_audience","embeddable":true,"href":"https:\/\/www.one.org\/fr\/wp-json\/wp\/v2\/one_content_audience?post=162677"},{"taxonomy":"one_content_type","embeddable":true,"href":"https:\/\/www.one.org\/fr\/wp-json\/wp\/v2\/one_content_type?post=162677"},{"taxonomy":"one_content_tone","embeddable":true,"href":"https:\/\/www.one.org\/fr\/wp-json\/wp\/v2\/one_content_tone?post=162677"}],"curies":[{"name":"wp","href":"https:\/\/api.w.org\/{rel}","templated":true}]}}