{"id":162676,"date":"2023-08-09T15:06:42","date_gmt":"2023-08-09T15:06:42","guid":{"rendered":"https:\/\/www.one.org\/fr\/comment-one-a-cherche-a-redefinir-les-regles-du-systeme-financier-international\/"},"modified":"2023-12-08T10:42:16","modified_gmt":"2023-12-08T10:42:16","slug":"bilan-sommet-juin","status":"publish","type":"post","link":"https:\/\/www.one.org\/fr\/actualites\/bilan-sommet-juin\/","title":{"rendered":"Comment ONE a cherch\u00e9 \u00e0 red\u00e9finir les r\u00e8gles du syst\u00e8me financier international"},"content":{"rendered":"<p><em>\u00a9 Vincent Jarousseau<\/em><\/p>\n<p><em>Ce billet de blog a \u00e9t\u00e9 r\u00e9dig\u00e9 par Lilia, Guillaume, Romane, Houda, Laila et Alice, jeunes Ambassadrices et Ambassadeur de ONE en France.<\/em><\/p>\n<h3><b>L\u2019organisation d\u2019un Sommet international sur les questions financi\u00e8res\u00a0<\/b><\/h3>\n<p><span style=\"font-weight: 400\">Les 22 et 23 juin 2023, Paris a accueilli le Sommet pour un nouveau pacte financier mondial. Ce rendez-vous d\u2019importance cruciale visait \u00e0 r\u00e9unir les acteurs \u00e9conomiques et politiques capables de focaliser l\u2019attention internationale et l\u2019action inter\u00e9tatique sur les questions financi\u00e8res li\u00e9es au d\u00e9veloppement international et au climat.<\/span><\/p>\n<p><span style=\"font-weight: 400\">Ces deux th\u00e9matiques sont intrins\u00e8quement li\u00e9es et rev\u00eatent aujourd\u2019hui une importance vitale qui doit guider les d\u00e9cisions politiques actuelles et futures, en y incluant notamment les pays les plus vuln\u00e9rables, d\u00e9j\u00e0 gravement affect\u00e9s par la convergence des crises que nous traversons.<\/span><\/p>\n<p><span style=\"font-weight: 400\">Les pays \u00e0 faible revenu subissent d\u00e9j\u00e0 de plein fouet les cons\u00e9quences de la crise climatique alors qu\u2019ils en sont les moins responsables. C\u2019est pour cela que les pays \u00e0 revenu \u00e9lev\u00e9, principaux pollueurs, doivent agir rapidement pour que les plus touch\u00e9s puissent s\u2019adapter.<\/span><\/p>\n<p><span style=\"font-weight: 400\">Ces derniers mois, ONE, accompagn\u00e9e de ses jeunes Ambassadeurs et Ambassadrices, s\u2019est mobilis\u00e9e en amont du Sommet pour alerter et attirer l\u2019attention sur ce d\u00e9s\u00e9quilibre injuste. Nous sommes convaincu\u00b7e\u00b7s qu\u2019il est n\u00e9cessaire de comprendre que ce n\u2019est pas parce que les crises frappent \u00e0 l\u2019autre bout du monde qu\u2019elles ne nous concernent pas. La pand\u00e9mie nous a montr\u00e9 que la r\u00e9alit\u00e9 est toute autre.<\/span><\/p>\n<p><span style=\"font-weight: 400\">Notre message a \u00e9t\u00e9 entendu jusque dans les plus hautes sph\u00e8res d\u00e9cisionnelles. Face aux ministres ou \u00e0 leurs \u00e9quipes, ONE a d\u00e9livr\u00e9 un message clair : <\/span><b>le syst\u00e8me financier mondial doit tenir compte des besoins sp\u00e9cifiques des pays \u00e0 faible revenu en mati\u00e8re d\u2019adaptation aux effets du changement climatique, de la crise de la dette et de la fragilit\u00e9 des services sociaux comme l\u2019acc\u00e8s \u00e0 la sant\u00e9.<\/b><\/p>\n<h3><b>\u00c0 la rencontre des minist\u00e8res\u2026<\/b><\/h3>\n<p><span style=\"font-weight: 400\">Car chez ONE nous pensons que les repr\u00e9sentants politiques ne d\u00e9tiennent pas le monopole de l\u2019action et la capacit\u00e9 de changer le cours des choses, les jeunes Ambassadeurs et Ambassadrices n\u2019ont eu de cesse de n\u00e9gocier dans les antres du pouvoir en amont de ce Sommet. Du minist\u00e8re de l\u2019Europe et des Affaires \u00e9trang\u00e8res (MEAE) \u00e0 l\u2019Elys\u00e9e en passant par Matignon et Bercy, nous avons mis toutes les chances de notre c\u00f4t\u00e9 pour s\u2019assurer que la France d\u00e9fende une politique ambitieuse lors de cet \u00e9v\u00e9nement de haut niveau. Entre autres, nos demandes s\u2019orientaient principalement sur 3 points cl\u00e9s : la r\u00e9forme des banques multilat\u00e9rales de d\u00e9veloppement (BMD), la r\u00e9allocation d\u2019une partie des droits de tirages sp\u00e9ciaux (DTS) \u00e9mis par le FMI durant la pand\u00e9mie aux pays \u00e0 revenu \u00e9lev\u00e9 vers les pays qui en ont le plus besoin, ainsi que le d\u00e9gagement de nouvelles recettes li\u00e9es \u00e0 l\u2019adoption d\u2019une taxe internationale sur les transactions financi\u00e8res (TTF).<\/span><\/p>\n<p><span style=\"font-weight: 400\">Dans un premier temps, les jeunes Ambassadeurs et Ambassadrices de ONE ont \u00e9t\u00e9 re\u00e7u\u00b7e\u00b7s par Chrysoula Zacharopoulou, <\/span><span style=\"font-weight: 400\">Secr\u00e9taire d\u2019\u00c9tat charg\u00e9e du d\u00e9veloppement, de la francophonie et des partenariats internationaux, pour un \u00e9change instructif qui a dur\u00e9 plus de deux heures<\/span><span style=\"font-weight: 400\">.\u00a0<\/span><\/p>\n<p><span style=\"font-weight: 400\">Quelques semaines plus tard, une nouvelle d\u00e9l\u00e9gation de jeunes Ambassadeurs et Ambassadrices a \u00e9t\u00e9 re\u00e7ue \u00e0 Matignon pour y rencontrer Schwan Badirou Gafari, le <\/span><span style=\"font-weight: 400\">conseiller aux services financiers et aux affaires financi\u00e8res multilat\u00e9rales de la Premi\u00e8re ministre Elisabeth Borne. Bien install\u00e9s dans la <\/span><i><span style=\"font-weight: 400\">\u00ab Salle de bal \u00bb<\/span><\/i><span style=\"font-weight: 400\">, nous avons pu aborder avec franchise les diff\u00e9rents points qui allaient \u00eatre sur la table lors du Sommet et comprendre la position fran\u00e7aise. <\/span><span style=\"font-weight: 400\">Si la France doit poursuivre ses efforts en mati\u00e8re d\u2019aide financi\u00e8re allou\u00e9e aux \u00c9tats africains, l\u2019Elys\u00e9e profitera \u00e9galement de ce Sommet pour faire pression sur les \u00c9tats \u00e0 revenu \u00e9lev\u00e9 afin que davantage de DTS soient r\u00e9allou\u00e9s aux \u00c9tats \u00e0 faible revenu.\u00a0<\/span><\/p>\n<div id=\"attachment_162045\" class=\"wp-caption aligncenter\" style=\"width: 551px\"><img decoding=\"async\" loading=\"lazy\" class=\"wp-image-162045\" src=\"https:\/\/cdn.one.org\/fr\/wp-content\/uploads\/2023\/08\/09134344\/Rencontre-ministres-640x365.png\" alt=\"\" width=\"541\" height=\"309\" aria-describedby=\"caption-attachment-162045\" \/><\/p>\n<p id=\"caption-attachment-162045\" class=\"wp-caption-text\">Les jeunes Ambassadeurs et Ambassadrices \u00e0 la rencontre de diff\u00e9rents minist\u00e8res<\/p>\n<\/p><\/div>\n<p><span style=\"font-weight: 400\">C\u2019est ensuite \u00e0 Bercy, au minist\u00e8re de l\u2019Economie et des Finances, que s\u2019est tenu quelques jours plus tard le rendez-vous suivant. Nous avons \u00e9t\u00e9 re\u00e7u\u00b7e\u00b7s par Audrey Gross, <\/span><span style=\"font-weight: 400\">conseill\u00e8re en charge des affaires europ\u00e9ennes et internationales<\/span><span style=\"font-weight: 400\"> aupr\u00e8s du ministre Bruno Le Maire.\u00a0<\/span><\/p>\n<p><span style=\"font-weight: 400\">\u00c0 peine sorti\u00b7e\u00b7s de ce rendez-vous, nous nous sommes rendu\u00b7e\u00b7s quelques heures plus tard au MEAE. Derni\u00e8re \u00e9tape avant d\u2019atteindre le c\u0153ur du pouvoir, cette ultime entrevue avec le conseiller aux affaires juridiques, affaires globales, Nations unies et organisations internationales de Catherine Colonna, Rapha\u00ebl Dang, nous a donn\u00e9 beaucoup d\u2019espoir. Pass\u00e9 l\u2019\u00e9merveillement suscit\u00e9 par la visite des escaliers et des salons du Quai d\u2019Orsay, place \u00e0 une heure et demie de discussions intenses et enrichissantes. En effet, cet \u00e9change aura permis de bien cerner les attentes de la politique \u00e9trang\u00e8re fran\u00e7aise lors de ce Sommet. Nous avons par ailleurs remis \u00e0 M. Dang une lettre ouverte sign\u00e9e par l\u2019ensemble des jeunes Ambassadeurs et Ambassadrices de ONE en Europe, dans laquelle nous demandons \u00e0 Catherine Colonna de renforcer la politique de solidarit\u00e9 internationale de la France.<\/span><\/p>\n<p><span style=\"font-weight: 400\">Ce Sommet repr\u00e9sentait donc une occasion unique d\u2019entamer des discussions autour d\u2019une internationalisation de la TTF, de tirer l\u2019ambition de r\u00e9allouer 100 milliards de dollars de DTS aux pays \u00e0 faible revenu et de jauger le degr\u00e9 d\u2019engagement des BMD.<\/span><\/p>\n<h3><b>\u2026et du Pr\u00e9sident de la R\u00e9publique<\/b><\/h3>\n<p><span style=\"font-weight: 400\">Et nous ne nous sommes pas arr\u00eat\u00e9\u00b7e\u00b7s l\u00e0 !\u00a0<\/span><\/p>\n<p><span style=\"font-weight: 400\">Quelques jours avant le Sommet, trois Jeunes Ambassadrices accompagn\u00e9es de notre directrice, Najat Vallaud-Belkacem, <\/span><span style=\"font-weight: 400\">ont \u00e9t\u00e9 invit\u00e9es \u00e0 l\u2019\u00c9lys\u00e9e pour parler solidarit\u00e9 internationale et crise climatique avec le Pr\u00e9sident de la R\u00e9publique.\u00a0<\/span><\/p>\n<p><span style=\"font-weight: 400\">Accueillies au sein de l\u2019impressionnante salle des Ministres, elles ont pu pr\u00e9senter quelques demandes qu\u2019elles souhaitaient voir adopt\u00e9es lors du Sommet. Alors que l\u2019augmentation des DTS \u00e9tait confirm\u00e9e, le d\u00e9gagement de nouvelles recettes gr\u00e2ce \u00e0 la TTF \u00e9tait moins assur\u00e9 par les \u00e9quipes pr\u00e9sidentielles qui montraient cependant leur envie de s\u2019accorder sur une taxe internationale, notamment sur le secteur maritime.\u00a0<\/span><\/p>\n<p><span style=\"font-weight: 400\">Les collaborateurs et collaboratrices qui travaillent sur ce Sommet se sont globalement montr\u00e9\u00b7e\u00b7s \u00e0 l\u2019\u00e9coute de nos jeunes Ambassadrices et ont m\u00eame propos\u00e9 de r\u00e9aliser des rencontres r\u00e9guli\u00e8res pour s\u2019assurer de l\u2019avanc\u00e9e de l\u2019\u00c9lys\u00e9e sur ses dossiers. Bien plus, elles ont \u00e9galement \u00e9t\u00e9 invit\u00e9es \u00e0 participer en personne au Sommet, une invitation que tr\u00e8s peu de b\u00e9n\u00e9voles ont re\u00e7ue.\u00a0<\/span><\/p>\n<p><span style=\"font-weight: 400\">Enfin, elles ont pu remettre \u00e0 Emmanuel Macron un livret contenant les 1 800 messages des soutiens de ONE. Ces derniers demandaient notamment au Pr\u00e9sident de la R\u00e9publique d\u2019agir pour la solidarit\u00e9 internationale et lui montraient \u00e0 quel point l\u2019action de la France est cruciale.<\/span><\/p>\n<div id=\"attachment_162047\" class=\"wp-caption aligncenter\" style=\"width: 459px\"><img decoding=\"async\" loading=\"lazy\" class=\"wp-image-162047\" src=\"https:\/\/cdn.one.org\/fr\/wp-content\/uploads\/2023\/08\/09134607\/IMG_0292-1024x768.jpg\" alt=\"\" width=\"449\" height=\"337\" aria-describedby=\"caption-attachment-162047\" \/><\/p>\n<p id=\"caption-attachment-162047\" class=\"wp-caption-text\">Trois jeunes Ambassadrices de ONE remettent un livret content 1 800 messages au Pr\u00e9sident Macron<\/p>\n<\/p><\/div>\n<h3><b>La sensibilisation du grand public en amont du Sommet<\/b><\/h3>\n<div id=\"attachment_162048\" class=\"wp-caption alignleft\" style=\"width: 310px\"><img decoding=\"async\" loading=\"lazy\" class=\"wp-image-162048\" src=\"https:\/\/cdn.one.org\/fr\/wp-content\/uploads\/2023\/08\/09134820\/Creil1-Jglassberg002-683x1024.jpg\" alt=\"\" width=\"300\" height=\"449\" aria-describedby=\"caption-attachment-162048\" \/><\/p>\n<p id=\"caption-attachment-162048\" class=\"wp-caption-text\">L\u2019affiche de ONE dans les rues de Creil \u00a9 Julie Glassberg<\/p>\n<\/p><\/div>\n<p><span style=\"font-weight: 400\">Constatant qu\u2019en d\u00e9pit de l\u2019importance du Sommet, le public n\u2019\u00e9tait pas suffisamment inform\u00e9, ONE, toujours avec le soutien de ses jeunes Ambassadeurs et Ambassadrices, a pris l\u2019initiative d\u2019en expliquer aux citoyen\u00b7ne\u00b7s les enjeux et les d\u00e9fis.\u00a0<\/span><\/p>\n<p><span style=\"font-weight: 400\">En amont du Sommet, les Fran\u00e7ais\u00b7e\u00b7s ont vu surgir dans leurs villes des centaines d\u2019affiches sensibilisant sur le r\u00e9chauffement climatique. En invitant ces images dans le quotidien de nos vies, peut-\u00eatre serions-nous plus \u00e0 m\u00eame de consid\u00e9rer que la menace climatique pourrait elle aussi y faire irruption ?<\/span><\/p>\n<p><span style=\"font-weight: 400\">Ces affiches mettaient en sc\u00e8ne des animaux de la savane africaine, perch\u00e9s sur de grands blocs de glace au plein milieu de l\u2019oc\u00e9an. L\u2019image interroge. Que fait une girafe perch\u00e9e au haut d\u2019une banquise ? En fait, rien du tout. Pas plus qu\u2019un <\/span><a href=\"https:\/\/www.youtube.com\/watch?v=MOp8mnXtLDo\"><span style=\"font-weight: 400\">\u00e9l\u00e9phant sur un plateau glacier<\/span><\/a><span style=\"font-weight: 400\"> en proie \u00e0 une lente mais certaine dissolution. Et c\u2019est bien l\u00e0 le malaise\u2026 L\u2019Afrique, qui n\u2019est responsable que de 4 % des \u00e9missions mondiales de gaz \u00e0 effet de serre subit de plein fouet ses cons\u00e9quences. Les s\u00e9cheresses, par exemple, cr\u00e9ent de la famine, forcent le d\u00e9placement de populations, exacerbent les conflits\u2026 Voil\u00e0 pourtant une r\u00e9alit\u00e9 dont nous sommes tr\u00e8s peu au fait, mais que nous avons tenu \u00e0 montrer afin que nous puissions agir ensemble. La vid\u00e9o de notre campagne a particuli\u00e8rement re\u00e7u un bon accueil sur notre <\/span><a href=\"https:\/\/www.instagram.com\/p\/CrvYYw5Lmdr\/\"><span style=\"font-weight: 400\">page Instagram<\/span><\/a><span style=\"font-weight: 400\">, o\u00f9 elle a fait plus de 70 000 vues en quelques jours.<\/span><\/p>\n<p><span style=\"font-weight: 400\">Des points plus techniques de ce Sommet ont \u00e9t\u00e9 abord\u00e9s par nos jeunes Ambassadeurs et Ambassadrices, par exemple dans un <\/span><a href=\"https:\/\/www.one.org\/fr\/blog\/nouveau-pacte-financier-mondial\/\"><span style=\"font-weight: 400\">article qui explique les tenants et aboutissants<\/span><\/a><span style=\"font-weight: 400\"> du Sommet ou dans une vid\u00e9o sur la <\/span><a href=\"https:\/\/youtu.be\/S201lTIUNSc\"><span style=\"font-weight: 400\">r\u00e9forme attendue des BMD<\/span><\/a><span style=\"font-weight: 400\">. ONE a \u00e9galement produit des contenus p\u00e9dagogiques, par exemple sur les enjeux de la <\/span><a href=\"https:\/\/www.youtube.com\/watch?v=hnnIPlAkwdw\"><span style=\"font-weight: 400\">justice climatique<\/span><\/a><span style=\"font-weight: 400\"> ou en d\u00e9veloppant une s\u00e9rie de courtes vid\u00e9os expliquant les <\/span><a href=\"https:\/\/www.instagram.com\/p\/Csn6zWbsNxe\/\"><span style=\"font-weight: 400\">enjeux du Sommet.<\/span><\/a><span style=\"font-weight: 400\"> Enfin, nous avons collabor\u00e9 avec des influenceuses pour sensibiliser un public encore plus large, avec <\/span><a href=\"https:\/\/www.instagram.com\/p\/Cp44MnsNZlc\/\"><span style=\"font-weight: 400\">Plan Cash<\/span><\/a><span style=\"font-weight: 400\"> et <\/span><a href=\"https:\/\/www.instagram.com\/p\/CsJnYrdohNE\/\"><span style=\"font-weight: 400\">Girl Go Green<\/span><\/a><span style=\"font-weight: 400\">, ou encore en partenariat avec des m\u00e9dias comme <\/span><a href=\"https:\/\/www.instagram.com\/p\/Ctwf3PJoaDg\/\"><span style=\"font-weight: 400\">Tilt<\/span><\/a><span style=\"font-weight: 400\">.\u00a0<\/span><\/p>\n<h3><b>Une mobilisation renforc\u00e9e en parall\u00e8le du Sommet<\/b><\/h3>\n<p><span style=\"font-weight: 400\">Le jour du Sommet, et pendant que certaines de nos jeunes Ambassadrices y \u00e9taient pr\u00e9sentes, le reste de nos activistes (certain\u00b7e\u00b7s venu\u00b7e\u00b7s sp\u00e9cialement d\u2019Allemagne et du Royaume-Uni pour l\u2019occasion !) ont investi la place de la R\u00e9publique \u00e0 Paris pour attirer l\u2019attention et distribuer des flyers aux passant\u00b7e\u00b7s afin de les informer sur le Sommet.<\/span><\/p>\n<p><span style=\"font-weight: 400\">Un peu plus tard l\u2019apr\u00e8s-midi, toujours d\u00e9termin\u00e9\u00b7e\u00b7s, nos jeunes Ambassadeurs et Ambassadrices ont continu\u00e9 leur mission de sensibilisation, cette fois-ci en tenant un stand lors du concert organis\u00e9 par l\u2019ONG Global Citizen au Champ de Mars \u00e0 Paris. \u00c0 travers des jeux et quiz, nos b\u00e9n\u00e9voles se sont laiss\u00e9\u00b7e\u00b7s aller \u00e0 la jovialit\u00e9 du festival, profitant de moments d\u2019\u00e9changes et de belles rencontres avec d\u2019autres jeunes, sans omettre de les informer sur les enjeux du Sommet et leur proposer d\u2019agir aux c\u00f4t\u00e9s de ONE.\u00a0<\/span><\/p>\n<div id=\"attachment_162050\" class=\"wp-caption aligncenter\" style=\"width: 603px\"><img decoding=\"async\" loading=\"lazy\" class=\"size-large wp-image-162050\" src=\"https:\/\/cdn.one.org\/fr\/wp-content\/uploads\/2023\/08\/09135828\/Collage-sommet-1024x585.png\" alt=\"\" width=\"593\" height=\"339\" aria-describedby=\"caption-attachment-162050\" \/><\/p>\n<p id=\"caption-attachment-162050\" class=\"wp-caption-text\">Les jeunes Ambassadeurs et Ambassadrices de ONE en action en parall\u00e8le du Sommet \u00a9 Vincent Jarousseau \/ ONE<\/p>\n<\/p><\/div>\n<h3><b>Une pr\u00e9sence accrue dans les m\u00e9dias<\/b><\/h3>\n<p><span style=\"font-weight: 400\">\u00c0 la t\u00e9l\u00e9, \u00e0 la radio, dans la presse \u00e9crite ou sur les r\u00e9seaux sociaux, nous avons \u00e9t\u00e9 sur tous les fronts. \u00c0 \u00e9v\u00e9nement d\u2019envergure, communication d\u2019impact ! Compte tenu de l\u2019importance de ce Sommet pour le futur de la solidarit\u00e9 internationale, il \u00e9tait n\u00e9cessaire d\u2019assurer une communication de masse \u00e0 tous les stades de ce sommet : avant, pendant et apr\u00e8s.\u00a0<\/span><\/p>\n<p><span style=\"font-weight: 400\">En amont du sommet, diverses actions de communication dans les m\u00e9dias ont eu lieu. Dans un premier temps, des interviews ont \u00e9t\u00e9 r\u00e9alis\u00e9es par notre directrice Najat Vallaud-Belkacem dans des m\u00e9dias tels que <\/span><i><span style=\"font-weight: 400\">Le Monde, Le Point, RFI, L\u2019Express<\/span><\/i><span style=\"font-weight: 400\">\u2026 C\u2019\u00e9tait l\u2019occasion de rappeler les enjeux du Sommet et de r\u00e9affirmer nos attentes d\u2019engagements concrets en faveur du financement de la solidarit\u00e9 internationale.\u00a0\u00a0<\/span><\/p>\n<p><span style=\"font-weight: 400\">De nombreuses tribunes ont \u00e9galement \u00e9t\u00e9 publi\u00e9es, en partenariat avec ONE, comme celle sur <\/span><a href=\"https:\/\/www.lemonde.fr\/idees\/article\/2023\/06\/21\/dereglement-climatique-le-soutien-financier-aux-pays-en-developpement-est-un-enjeu-essentiel_6178539_3232.html\"><span style=\"font-weight: 400\">la taxe sur les transactions financi\u00e8res<\/span><\/a><span style=\"font-weight: 400\"> dans <\/span><i><span style=\"font-weight: 400\">Le Monde<\/span><\/i><span style=\"font-weight: 400\">, <\/span><a href=\"https:\/\/www.lemonde.fr\/idees\/article\/2023\/06\/21\/rechauffement-climatique-l-afrique-fait-partie-de-la-solution_6178564_3232.html#xtor=AL-32280270-%5Bdefault%5D-%5Bios%5D\"><span style=\"font-weight: 400\">celle sign\u00e9e par de nombreux ministres africains<\/span><\/a><span style=\"font-weight: 400\"> ou encore celle r\u00e9dig\u00e9e par les jeunes Ambassadeurs et Ambassadrices <\/span><a href=\"https:\/\/www.euractiv.fr\/section\/economie\/opinion\/pauvrete-climat-la-france-doit-mettre-a-contribution-les-marches-financiers\/\"><span style=\"font-weight: 400\">dans <\/span><i><span style=\"font-weight: 400\">Euractiv<\/span><\/i><\/a><span style=\"font-weight: 400\">.<\/span><\/p>\n<p><span style=\"font-weight: 400\">Deux jours avant le Sommet, nous avons particip\u00e9 \u00e0 une <\/span><a href=\"https:\/\/twitter.com\/CecileDuflot\/status\/1671052756369526785\"><span style=\"font-weight: 400\">conf\u00e9rence de presse inter-ONG<\/span><\/a><span style=\"font-weight: 400\">, aux c\u00f4t\u00e9s de CARE, Oxfam, CCFD-Terre Solidaire, Global Citizen et R\u00e9seau Action Climat. La crise du COVID-19, l\u2019augmentation des in\u00e9galit\u00e9s mondiales, le recul de la lutte contre l\u2019extr\u00eame pauvret\u00e9 et l\u2019urgente n\u00e9cessit\u00e9 de refonte de l\u2019architecture financi\u00e8re mondiale ont \u00e9t\u00e9 tant de sujets qui ont \u00e9t\u00e9 abord\u00e9s.<\/span><\/p>\n<p><span style=\"font-weight: 400\">Pendant le Sommet, nous n\u2019avons pas ch\u00f4m\u00e9 non plus : une vingtaine d\u2019interviews ont \u00e9t\u00e9 donn\u00e9es pendant les deux jours, parmi lesquelles <\/span><a href=\"https:\/\/www.france.tv\/france-5\/c-a-vous\/c-a-vous-saison-14\/4982734-invites-najat-vallaud-belkacem-et-michele-halberstadt.html\"><span style=\"font-weight: 400\">C \u00e0 Vous<\/span><\/a><span style=\"font-weight: 400\"> et <\/span><a href=\"https:\/\/www.france.tv\/france-5\/c-ce-soir\/c-ce-soir-saison-3\/4982719-climat-la-revolution-nord-sud.html\"><span style=\"font-weight: 400\">C ce Soir<\/span><\/a><span style=\"font-weight: 400\">.<\/span><\/p>\n<p><span style=\"font-weight: 400\">Au terme du Sommet, ONE a publi\u00e9 <\/span><a href=\"https:\/\/www.one.org\/fr\/press\/des-avancees-encourageantes-mais-encore-loin-dun-veritable-nouveau-pacte\/\"><span style=\"font-weight: 400\">un communiqu\u00e9<\/span><\/a><span style=\"font-weight: 400\"> afin de dresser un bilan des r\u00e9sultats obtenus. Cette r\u00e9action a \u00e9t\u00e9 relay\u00e9e par plusieurs m\u00e9dias de renom dont <\/span><i><span style=\"font-weight: 400\">RFI, La Croix, 20 minutes, France Info<\/span><\/i><span style=\"font-weight: 400\">\u2026 Globalement encourageants, mais moindres, les engagements pris restent tout de m\u00eame insuffisants.\u00a0<\/span><\/p>\n<h3><b>ONE pr\u00e9sente \u00e0 l\u2019int\u00e9rieur du Sommet !<\/b><\/h3>\n<div id=\"attachment_162051\" class=\"wp-caption alignleft\" style=\"width: 373px\"><img decoding=\"async\" loading=\"lazy\" class=\"wp-image-162051\" src=\"https:\/\/cdn.one.org\/fr\/wp-content\/uploads\/2023\/08\/09135926\/IMG_2729-1024x768.jpg\" alt=\"\" width=\"363\" height=\"273\" aria-describedby=\"caption-attachment-162051\" \/><\/p>\n<p id=\"caption-attachment-162051\" class=\"wp-caption-text\">Les jeunes Ambassadrices de ONE avec le ministre de l\u2019Economie et des Finances Bruno Le Maire<\/p>\n<\/p><\/div>\n<p><span style=\"font-weight: 400\">Le Jour-J, le 22 juin, \u00e0 Paris, trois jeunes Ambassadrices ainsi que certains membres de l\u2019\u00e9quipe de ONE ont eu le privil\u00e8ge de se joindre \u00e0 un auditoire compos\u00e9 de dirigeant\u00b7e\u00b7s mondiaux, de repr\u00e9sentant\u00b7e\u00b7s du secteur priv\u00e9 et d\u2019organisations de la soci\u00e9t\u00e9 civile. Nous avons eu l\u2019opportunit\u00e9 d\u2019assister aux discussions qui ont eu lieu entre les dirigeant\u00b7e\u00b7s, notamment lors des six tables rondes officielles.<\/span><\/p>\n<p><span style=\"font-weight: 400\">Assister aux dialogues entre celles et ceux qui dirigent des gouvernements, des \u00c9tats ou des organisations internationales \u00e9tait captivant. Ces d\u00e9cideurs et d\u00e9cideuses partageaient leurs perspectives sur le r\u00f4le crucial de la finance dans la lutte contre la pauvret\u00e9, les in\u00e9galit\u00e9s et dans la construction de transitions plus justes. De plus, des discussions approfondies ont eu lieu lors d\u2019autres tables rondes impliquant divers acteurs tels que les ONG, les think-tanks, le secteur priv\u00e9 et les scientifiques.<\/span><\/p>\n<p><span style=\"font-weight: 400\">Au sein de la d\u00e9l\u00e9gation ONE se trouvait \u00e9galement Adenike Oladosu, une activiste \u00e9co-f\u00e9ministe nig\u00e9riane qui milite pour faire entendre la voix des personnes les plus touch\u00e9es par la crise climatique. Adenike nous a rappel\u00e9 que les d\u00e9cisions prises par la communaut\u00e9 internationale ont des cons\u00e9quences concr\u00e8tes sur les conditions de vie des communaut\u00e9s les plus vuln\u00e9rables, soulignant l\u2019urgence de la situation et la n\u00e9cessit\u00e9 d\u2019agir.<\/span><\/p>\n<p><span style=\"font-weight: 400\">Pour nous, jeunes Ambassadeurs et Ambassadrices de ONE, qui nous mobilisions depuis des mois sur le Sommet et ses enjeux, cet \u00e9v\u00e9nement repr\u00e9sentait une opportunit\u00e9 inestimable de construire un monde plus juste. Un sentiment qui est renforc\u00e9 lorsqu\u2019en coulisses, on croise dans les couloirs \u00e9troits du palais Brongniart le ministre fran\u00e7ais de l\u2019Economie et des Finances, Bruno Le Maire, le Secr\u00e9taire G\u00e9n\u00e9ral des Nations unies, Antonio Guterres, ou encore Ursula Von der Leyen, la pr\u00e9sidente de la Commission europ\u00e9enne. Le changement semble palpable.<\/span><\/p>\n<h3><b>Quelles conclusions lors du Sommet ?<\/b><\/h3>\n<p><span style=\"font-weight: 400\">Bien que plus d\u2019une trentaine de pays en d\u00e9veloppement aient \u00e9t\u00e9 repr\u00e9sent\u00e9s, seulement quatre pays d\u2019Europe et d\u2019Am\u00e9rique du Nord \u00e9taient pr\u00e9sents. <\/span><b>Face aux crises mondiales actuelles, l\u2019importance d\u2019une r\u00e9ponse multilat\u00e9rale inclusive impliquant \u00e9galement les pays d\u00e9velopp\u00e9s s\u2019impose.<\/b><\/p>\n<p><span style=\"font-weight: 400\">Toutefois, des avanc\u00e9es significatives ont \u00e9t\u00e9 r\u00e9alis\u00e9es lors du Sommet, notamment en ce qui concerne les DTS. Emmanuel Macron et Kristalina Georgieva, directrice du FMI, ont annonc\u00e9 la r\u00e9allocation de 100 milliards de DTS, bien que cela englobe la participation des \u00c9tats-Unis, qui n\u2019a pas encore \u00e9t\u00e9 approuv\u00e9e par le Congr\u00e8s am\u00e9ricain. En excluant les \u00c9tats-Unis, le total se situe \u00e0 environ 81 milliards de dollars, avec des pays comme la France, la Belgique et la Suisse prenant des mesures positives. Cependant, de nombreux pays restent sceptiques jusqu\u2019\u00e0 ce que les fonds soient effectivement d\u00e9bloqu\u00e9s.<\/span><\/p>\n<p><span style=\"font-weight: 400\">En ce qui concerne la dette, bien que des discussions aient eu lieu, peu de changements majeurs ont \u00e9t\u00e9 constat\u00e9s, \u00e0 l\u2019exception de l\u2019introduction de clauses de suspension de la dette en cas de catastrophes naturelles, soutenue par des nations telles que le Royaume-Uni, les \u00c9tats-Unis, la France et le Canada.<\/span><\/p>\n<p><span style=\"font-weight: 400\">Les d\u00e9bats ont \u00e9galement port\u00e9 sur les banques multilat\u00e9rales de d\u00e9veloppement, avec l\u2019adoption d\u2019une \u201cd\u00e9claration de vision\u201d sur l\u2019\u00e9volution des financements, l\u2019alignement climat-pauvret\u00e9 et le renforcement de la mobilisation des financements priv\u00e9s. Janet Yellen, Secr\u00e9taire au Tr\u00e9sor des Etats-Unis, a appel\u00e9 \u00e0 la lib\u00e9ration de 200 milliards de dollars sur dix ans, soutenue par le Royaume-Uni et la France. Cependant, certains d\u00e9saccords ont \u00e9merg\u00e9, notamment sur les promesses tenues, comme celle des 100 milliards de dollars \u00e0 allouer pour le financement de la lutte contre le changement climatique.<\/span><\/p>\n<h3><b>Et maintenant ?<\/b><\/h3>\n<p><span style=\"font-weight: 400\">Bien que ce Sommet historique soit termin\u00e9, notre engagement ne s\u2019arr\u00eate pas l\u00e0. Le v\u00e9ritable d\u00e9fi consiste maintenant \u00e0 garantir que les discussions et les engagements n\u00e9s de ce Sommet se traduisent par des actions concr\u00e8tes et des mesures efficaces. C\u2019est en poursuivant nos efforts, en maintenant la pression sur les d\u00e9cideurs et d\u00e9cideuses de ce monde et en travaillant ensemble que nous pourrons transformer les promesses en r\u00e9alit\u00e9 et v\u00e9ritablement fa\u00e7onner un avenir financier plus \u00e9quitable et durable pour tout le monde. <\/span><b>Au sein de ONE, nous allons continuer \u00e0 encourager la concr\u00e9tisation de ces discussions, rejoignez-nous !<\/b><\/p>\n<div class=\"buffer\"><\/div>\n<div class=\"buffer\"><\/div>","protected":false},"excerpt":{"rendered":"<p>\u00a9 Vincent Jarousseau Ce billet de blog a \u00e9t\u00e9 r\u00e9dig\u00e9 par Lilia, Guillaume, Romane, Houda, Laila et Alice, jeunes Ambassadrices et Ambassadeur de ONE en France. L\u2019organisation d\u2019un Sommet international sur les questions financi\u00e8res\u00a0 Les 22 et 23 juin 2023, Paris a accueilli le Sommet pour un nouveau pacte financier mondial. Ce rendez-vous d\u2019importance cruciale [&hellip;]<\/p>\n","protected":false},"author":24,"featured_media":162716,"comment_status":"open","ping_status":"open","sticky":false,"template":"","format":"standard","meta":{"_acf_changed":false,"_relevanssi_hide_post":"","_relevanssi_hide_content":"","_relevanssi_pin_for_all":"","_relevanssi_pin_keywords":"","_relevanssi_unpin_keywords":"","_relevanssi_related_keywords":"","_relevanssi_related_include_ids":"","_relevanssi_related_exclude_ids":"","_relevanssi_related_no_append":"","_relevanssi_related_not_related":"","_relevanssi_related_posts":"162677,162675,162674,162673,162672,162671","_relevanssi_noindex_reason":"","footnotes":""},"categories":[76],"tags":[],"topic":[39,48,102],"contributor":[49],"one_content_audience":[],"one_content_type":[],"one_content_tone":[],"class_list":["post-162676","post","type-post","status-publish","format-standard","has-post-thumbnail","hentry","category-campagnes","topic-changement-climatique","topic-jeunes-ambassadeurrices-de-one","topic-relance-economique","contributor-jeunes-ambassadeur-rice-s-de-one"],"acf":[],"yoast_head":"<!-- This site is optimized with the Yoast SEO Premium plugin v27.1 (Yoast SEO v27.1.1) - https:\/\/yoast.com\/product\/yoast-seo-premium-wordpress\/ -->\n<title>Comment ONE a cherch\u00e9 \u00e0 red\u00e9finir les r\u00e8gles du syst\u00e8me financier international - ONE.org France<\/title>\n<meta name=\"description\" content=\"Retour sur des mois de mobilisation en amont du Sommet pour un nouveau pacte financier mondial, qui s&#039;est tenu \u00e0 Paris les 22-23 juin 2023.\" \/>\n<meta name=\"robots\" content=\"index, follow, max-snippet:-1, max-image-preview:large, max-video-preview:-1\" \/>\n<link rel=\"canonical\" href=\"https:\/\/www.one.org\/fr\/actualites\/bilan-sommet-juin\/\" \/>\n<meta property=\"og:locale\" content=\"fr_FR\" \/>\n<meta property=\"og:type\" content=\"article\" \/>\n<meta property=\"og:title\" content=\"Comment ONE a cherch\u00e9 \u00e0 red\u00e9finir les r\u00e8gles du syst\u00e8me financier international\" \/>\n<meta property=\"og:description\" content=\"Retour sur des mois de mobilisation en amont du Sommet pour un nouveau pacte financier mondial, qui s&#039;est tenu \u00e0 Paris les 22-23 juin 2023.\" \/>\n<meta property=\"og:url\" content=\"https:\/\/www.one.org\/fr\/actualites\/bilan-sommet-juin\/\" \/>\n<meta property=\"og:site_name\" content=\"ONE.org France\" \/>\n<meta property=\"article:publisher\" content=\"https:\/\/www.facebook.com\/ONE.Fr\" \/>\n<meta property=\"article:published_time\" content=\"2023-08-09T15:06:42+00:00\" \/>\n<meta property=\"article:modified_time\" content=\"2023-12-08T10:42:16+00:00\" \/>\n<meta property=\"og:image\" content=\"https:\/\/www.one.org\/fr\/wp-content\/uploads\/sites\/4\/2023\/08\/22062023-DSCF1188.NBjpg_-scaled-1.jpg\" \/>\n\t<meta property=\"og:image:width\" content=\"2560\" \/>\n\t<meta property=\"og:image:height\" content=\"1706\" \/>\n\t<meta property=\"og:image:type\" content=\"image\/jpeg\" \/>\n<meta name=\"author\" content=\"Dana Khalil\" \/>\n<meta name=\"twitter:card\" content=\"summary_large_image\" \/>\n<meta name=\"twitter:creator\" content=\"@one_fr\" \/>\n<meta name=\"twitter:site\" content=\"@one_fr\" \/>\n<meta name=\"twitter:label1\" content=\"Written by\" \/>\n\t<meta name=\"twitter:data1\" content=\"Dana Khalil\" \/>\n\t<meta name=\"twitter:label2\" content=\"Est. reading time\" \/>\n\t<meta name=\"twitter:data2\" content=\"13 minutes\" \/>\n<script type=\"application\/ld+json\" class=\"yoast-schema-graph\">{\"@context\":\"https:\/\/schema.org\",\"@graph\":[{\"@type\":\"Article\",\"@id\":\"https:\/\/www.one.org\/fr\/actualites\/bilan-sommet-juin\/#article\",\"isPartOf\":{\"@id\":\"https:\/\/www.one.org\/fr\/actualites\/bilan-sommet-juin\/\"},\"author\":{\"name\":\"Dana Khalil\",\"@id\":\"https:\/\/www.one.org\/fr\/#\/schema\/person\/cf1f30f9800f0592ec3d61940be82003\"},\"headline\":\"Comment ONE a cherch\u00e9 \u00e0 red\u00e9finir les r\u00e8gles du syst\u00e8me financier international\",\"datePublished\":\"2023-08-09T15:06:42+00:00\",\"dateModified\":\"2023-12-08T10:42:16+00:00\",\"mainEntityOfPage\":{\"@id\":\"https:\/\/www.one.org\/fr\/actualites\/bilan-sommet-juin\/\"},\"wordCount\":2916,\"commentCount\":0,\"image\":{\"@id\":\"https:\/\/www.one.org\/fr\/actualites\/bilan-sommet-juin\/#primaryimage\"},\"thumbnailUrl\":\"https:\/\/www.one.org\/fr\/wp-content\/uploads\/sites\/4\/2023\/08\/22062023-DSCF1188.NBjpg_-scaled-1.jpg\",\"articleSection\":[\"Campagnes\"],\"inLanguage\":\"fr-FR\",\"potentialAction\":[{\"@type\":\"CommentAction\",\"name\":\"Comment\",\"target\":[\"https:\/\/www.one.org\/fr\/actualites\/bilan-sommet-juin\/#respond\"]}]},{\"@type\":\"WebPage\",\"@id\":\"https:\/\/www.one.org\/fr\/actualites\/bilan-sommet-juin\/\",\"url\":\"https:\/\/www.one.org\/fr\/actualites\/bilan-sommet-juin\/\",\"name\":\"Comment ONE a cherch\u00e9 \u00e0 red\u00e9finir les r\u00e8gles du syst\u00e8me financier international - ONE.org France\",\"isPartOf\":{\"@id\":\"https:\/\/www.one.org\/fr\/#website\"},\"primaryImageOfPage\":{\"@id\":\"https:\/\/www.one.org\/fr\/actualites\/bilan-sommet-juin\/#primaryimage\"},\"image\":{\"@id\":\"https:\/\/www.one.org\/fr\/actualites\/bilan-sommet-juin\/#primaryimage\"},\"thumbnailUrl\":\"https:\/\/www.one.org\/fr\/wp-content\/uploads\/sites\/4\/2023\/08\/22062023-DSCF1188.NBjpg_-scaled-1.jpg\",\"datePublished\":\"2023-08-09T15:06:42+00:00\",\"dateModified\":\"2023-12-08T10:42:16+00:00\",\"author\":{\"@id\":\"https:\/\/www.one.org\/fr\/#\/schema\/person\/cf1f30f9800f0592ec3d61940be82003\"},\"description\":\"Retour sur des mois de mobilisation en amont du Sommet pour un nouveau pacte financier mondial, qui s'est tenu \u00e0 Paris les 22-23 juin 2023.\",\"breadcrumb\":{\"@id\":\"https:\/\/www.one.org\/fr\/actualites\/bilan-sommet-juin\/#breadcrumb\"},\"inLanguage\":\"fr-FR\",\"potentialAction\":[{\"@type\":\"ReadAction\",\"target\":[\"https:\/\/www.one.org\/fr\/actualites\/bilan-sommet-juin\/\"]}]},{\"@type\":\"ImageObject\",\"inLanguage\":\"fr-FR\",\"@id\":\"https:\/\/www.one.org\/fr\/actualites\/bilan-sommet-juin\/#primaryimage\",\"url\":\"https:\/\/www.one.org\/fr\/wp-content\/uploads\/sites\/4\/2023\/08\/22062023-DSCF1188.NBjpg_-scaled-1.jpg\",\"contentUrl\":\"https:\/\/www.one.org\/fr\/wp-content\/uploads\/sites\/4\/2023\/08\/22062023-DSCF1188.NBjpg_-scaled-1.jpg\",\"width\":2560,\"height\":1706},{\"@type\":\"BreadcrumbList\",\"@id\":\"https:\/\/www.one.org\/fr\/actualites\/bilan-sommet-juin\/#breadcrumb\",\"itemListElement\":[{\"@type\":\"ListItem\",\"position\":1,\"name\":\"Home\",\"item\":\"https:\/\/www.one.org\/fr\/\"},{\"@type\":\"ListItem\",\"position\":2,\"name\":\"Comment ONE a cherch\u00e9 \u00e0 red\u00e9finir les r\u00e8gles du syst\u00e8me financier international\"}]},{\"@type\":\"WebSite\",\"@id\":\"https:\/\/www.one.org\/fr\/#website\",\"url\":\"https:\/\/www.one.org\/fr\/\",\"name\":\"ONE.org\",\"description\":\"Cr\u00e9er des opportunit\u00e9s \u00e9conomiques et am\u00e9liorer la sant\u00e9 en Afrique\",\"potentialAction\":[{\"@type\":\"SearchAction\",\"target\":{\"@type\":\"EntryPoint\",\"urlTemplate\":\"https:\/\/www.one.org\/fr\/?s={search_term_string}\"},\"query-input\":{\"@type\":\"PropertyValueSpecification\",\"valueRequired\":true,\"valueName\":\"search_term_string\"}}],\"inLanguage\":\"fr-FR\"},{\"@type\":\"Person\",\"@id\":\"https:\/\/www.one.org\/fr\/#\/schema\/person\/cf1f30f9800f0592ec3d61940be82003\",\"name\":\"Dana Khalil\",\"image\":{\"@type\":\"ImageObject\",\"inLanguage\":\"fr-FR\",\"@id\":\"https:\/\/www.one.org\/fr\/#\/schema\/person\/image\/\",\"url\":\"https:\/\/secure.gravatar.com\/avatar\/b0da536f00ccefadcc7aae4e64855977a5249adb1ac04162a69474e53a8d4c40?s=96&d=mm&r=g\",\"contentUrl\":\"https:\/\/secure.gravatar.com\/avatar\/b0da536f00ccefadcc7aae4e64855977a5249adb1ac04162a69474e53a8d4c40?s=96&d=mm&r=g\",\"caption\":\"Dana Khalil\"},\"url\":\"https:\/\/www.one.org\/fr\/actualites\/author\/danakhalil\/\"}]}<\/script>\n<!-- \/ Yoast SEO Premium plugin. -->","yoast_head_json":{"title":"Comment ONE a cherch\u00e9 \u00e0 red\u00e9finir les r\u00e8gles du syst\u00e8me financier international - ONE.org France","description":"Retour sur des mois de mobilisation en amont du Sommet pour un nouveau pacte financier mondial, qui s'est tenu \u00e0 Paris les 22-23 juin 2023.","robots":{"index":"index","follow":"follow","max-snippet":"max-snippet:-1","max-image-preview":"max-image-preview:large","max-video-preview":"max-video-preview:-1"},"canonical":"https:\/\/www.one.org\/fr\/actualites\/bilan-sommet-juin\/","og_locale":"fr_FR","og_type":"article","og_title":"Comment ONE a cherch\u00e9 \u00e0 red\u00e9finir les r\u00e8gles du syst\u00e8me financier international","og_description":"Retour sur des mois de mobilisation en amont du Sommet pour un nouveau pacte financier mondial, qui s'est tenu \u00e0 Paris les 22-23 juin 2023.","og_url":"https:\/\/www.one.org\/fr\/actualites\/bilan-sommet-juin\/","og_site_name":"ONE.org France","article_publisher":"https:\/\/www.facebook.com\/ONE.Fr","article_published_time":"2023-08-09T15:06:42+00:00","article_modified_time":"2023-12-08T10:42:16+00:00","og_image":[{"width":2560,"height":1706,"url":"https:\/\/www.one.org\/fr\/wp-content\/uploads\/sites\/4\/2023\/08\/22062023-DSCF1188.NBjpg_-scaled-1.jpg","type":"image\/jpeg"}],"author":"Dana Khalil","twitter_card":"summary_large_image","twitter_creator":"@one_fr","twitter_site":"@one_fr","twitter_misc":{"Written by":"Dana Khalil","Est. reading time":"13 minutes"},"schema":{"@context":"https:\/\/schema.org","@graph":[{"@type":"Article","@id":"https:\/\/www.one.org\/fr\/actualites\/bilan-sommet-juin\/#article","isPartOf":{"@id":"https:\/\/www.one.org\/fr\/actualites\/bilan-sommet-juin\/"},"author":{"name":"Dana Khalil","@id":"https:\/\/www.one.org\/fr\/#\/schema\/person\/cf1f30f9800f0592ec3d61940be82003"},"headline":"Comment ONE a cherch\u00e9 \u00e0 red\u00e9finir les r\u00e8gles du syst\u00e8me financier international","datePublished":"2023-08-09T15:06:42+00:00","dateModified":"2023-12-08T10:42:16+00:00","mainEntityOfPage":{"@id":"https:\/\/www.one.org\/fr\/actualites\/bilan-sommet-juin\/"},"wordCount":2916,"commentCount":0,"image":{"@id":"https:\/\/www.one.org\/fr\/actualites\/bilan-sommet-juin\/#primaryimage"},"thumbnailUrl":"https:\/\/www.one.org\/fr\/wp-content\/uploads\/sites\/4\/2023\/08\/22062023-DSCF1188.NBjpg_-scaled-1.jpg","articleSection":["Campagnes"],"inLanguage":"fr-FR","potentialAction":[{"@type":"CommentAction","name":"Comment","target":["https:\/\/www.one.org\/fr\/actualites\/bilan-sommet-juin\/#respond"]}]},{"@type":"WebPage","@id":"https:\/\/www.one.org\/fr\/actualites\/bilan-sommet-juin\/","url":"https:\/\/www.one.org\/fr\/actualites\/bilan-sommet-juin\/","name":"Comment ONE a cherch\u00e9 \u00e0 red\u00e9finir les r\u00e8gles du syst\u00e8me financier international - ONE.org France","isPartOf":{"@id":"https:\/\/www.one.org\/fr\/#website"},"primaryImageOfPage":{"@id":"https:\/\/www.one.org\/fr\/actualites\/bilan-sommet-juin\/#primaryimage"},"image":{"@id":"https:\/\/www.one.org\/fr\/actualites\/bilan-sommet-juin\/#primaryimage"},"thumbnailUrl":"https:\/\/www.one.org\/fr\/wp-content\/uploads\/sites\/4\/2023\/08\/22062023-DSCF1188.NBjpg_-scaled-1.jpg","datePublished":"2023-08-09T15:06:42+00:00","dateModified":"2023-12-08T10:42:16+00:00","author":{"@id":"https:\/\/www.one.org\/fr\/#\/schema\/person\/cf1f30f9800f0592ec3d61940be82003"},"description":"Retour sur des mois de mobilisation en amont du Sommet pour un nouveau pacte financier mondial, qui s'est tenu \u00e0 Paris les 22-23 juin 2023.","breadcrumb":{"@id":"https:\/\/www.one.org\/fr\/actualites\/bilan-sommet-juin\/#breadcrumb"},"inLanguage":"fr-FR","potentialAction":[{"@type":"ReadAction","target":["https:\/\/www.one.org\/fr\/actualites\/bilan-sommet-juin\/"]}]},{"@type":"ImageObject","inLanguage":"fr-FR","@id":"https:\/\/www.one.org\/fr\/actualites\/bilan-sommet-juin\/#primaryimage","url":"https:\/\/www.one.org\/fr\/wp-content\/uploads\/sites\/4\/2023\/08\/22062023-DSCF1188.NBjpg_-scaled-1.jpg","contentUrl":"https:\/\/www.one.org\/fr\/wp-content\/uploads\/sites\/4\/2023\/08\/22062023-DSCF1188.NBjpg_-scaled-1.jpg","width":2560,"height":1706},{"@type":"BreadcrumbList","@id":"https:\/\/www.one.org\/fr\/actualites\/bilan-sommet-juin\/#breadcrumb","itemListElement":[{"@type":"ListItem","position":1,"name":"Home","item":"https:\/\/www.one.org\/fr\/"},{"@type":"ListItem","position":2,"name":"Comment ONE a cherch\u00e9 \u00e0 red\u00e9finir les r\u00e8gles du syst\u00e8me financier international"}]},{"@type":"WebSite","@id":"https:\/\/www.one.org\/fr\/#website","url":"https:\/\/www.one.org\/fr\/","name":"ONE.org","description":"Cr\u00e9er des opportunit\u00e9s \u00e9conomiques et am\u00e9liorer la sant\u00e9 en Afrique","potentialAction":[{"@type":"SearchAction","target":{"@type":"EntryPoint","urlTemplate":"https:\/\/www.one.org\/fr\/?s={search_term_string}"},"query-input":{"@type":"PropertyValueSpecification","valueRequired":true,"valueName":"search_term_string"}}],"inLanguage":"fr-FR"},{"@type":"Person","@id":"https:\/\/www.one.org\/fr\/#\/schema\/person\/cf1f30f9800f0592ec3d61940be82003","name":"Dana Khalil","image":{"@type":"ImageObject","inLanguage":"fr-FR","@id":"https:\/\/www.one.org\/fr\/#\/schema\/person\/image\/","url":"https:\/\/secure.gravatar.com\/avatar\/b0da536f00ccefadcc7aae4e64855977a5249adb1ac04162a69474e53a8d4c40?s=96&d=mm&r=g","contentUrl":"https:\/\/secure.gravatar.com\/avatar\/b0da536f00ccefadcc7aae4e64855977a5249adb1ac04162a69474e53a8d4c40?s=96&d=mm&r=g","caption":"Dana Khalil"},"url":"https:\/\/www.one.org\/fr\/actualites\/author\/danakhalil\/"}]}},"distributor_meta":false,"distributor_terms":false,"distributor_media":false,"distributor_original_site_name":"ONE.org France","distributor_original_site_url":"https:\/\/www.one.org\/fr","push-errors":false,"_links":{"self":[{"href":"https:\/\/www.one.org\/fr\/wp-json\/wp\/v2\/posts\/162676","targetHints":{"allow":["GET"]}}],"collection":[{"href":"https:\/\/www.one.org\/fr\/wp-json\/wp\/v2\/posts"}],"about":[{"href":"https:\/\/www.one.org\/fr\/wp-json\/wp\/v2\/types\/post"}],"author":[{"embeddable":true,"href":"https:\/\/www.one.org\/fr\/wp-json\/wp\/v2\/users\/24"}],"replies":[{"embeddable":true,"href":"https:\/\/www.one.org\/fr\/wp-json\/wp\/v2\/comments?post=162676"}],"version-history":[{"count":0,"href":"https:\/\/www.one.org\/fr\/wp-json\/wp\/v2\/posts\/162676\/revisions"}],"wp:featuredmedia":[{"embeddable":true,"href":"https:\/\/www.one.org\/fr\/wp-json\/wp\/v2\/media\/162716"}],"wp:attachment":[{"href":"https:\/\/www.one.org\/fr\/wp-json\/wp\/v2\/media?parent=162676"}],"wp:term":[{"taxonomy":"category","embeddable":true,"href":"https:\/\/www.one.org\/fr\/wp-json\/wp\/v2\/categories?post=162676"},{"taxonomy":"post_tag","embeddable":true,"href":"https:\/\/www.one.org\/fr\/wp-json\/wp\/v2\/tags?post=162676"},{"taxonomy":"topic","embeddable":true,"href":"https:\/\/www.one.org\/fr\/wp-json\/wp\/v2\/topic?post=162676"},{"taxonomy":"contributor","embeddable":true,"href":"https:\/\/www.one.org\/fr\/wp-json\/wp\/v2\/contributor?post=162676"},{"taxonomy":"one_content_audience","embeddable":true,"href":"https:\/\/www.one.org\/fr\/wp-json\/wp\/v2\/one_content_audience?post=162676"},{"taxonomy":"one_content_type","embeddable":true,"href":"https:\/\/www.one.org\/fr\/wp-json\/wp\/v2\/one_content_type?post=162676"},{"taxonomy":"one_content_tone","embeddable":true,"href":"https:\/\/www.one.org\/fr\/wp-json\/wp\/v2\/one_content_tone?post=162676"}],"curies":[{"name":"wp","href":"https:\/\/api.w.org\/{rel}","templated":true}]}}