{"id":162675,"date":"2023-08-03T15:15:57","date_gmt":"2023-08-03T15:15:57","guid":{"rendered":"https:\/\/www.one.org\/fr\/avec-des-amis-pareils\/"},"modified":"2023-09-12T16:32:09","modified_gmt":"2023-09-12T16:32:09","slug":"avec-des-amis-pareils","status":"publish","type":"post","link":"https:\/\/www.one.org\/fr\/actualites\/avec-des-amis-pareils\/","title":{"rendered":"Avec des amis pareils\u2026"},"content":{"rendered":"<h4><em><a href=\"https:\/\/www.one.org\/fr\/nos-combats\/ondes-de-choc\/\">Inscrivez-vous<\/a>\u00a0pour recevoir Ondes de choc, notre newsletter hebdomadaire pour suivre les cons\u00e9quences des diff\u00e9rentes crises actuelles (\u00e9conomique, sanitaire, alimentaire, climatique), notamment pour les pays d\u2019Afrique. Nous vous proposons des analyses pointues, succinctes et r\u00e9fl\u00e9chies de la part des experts de ONE.<\/em><\/h4>\n<p><i><span style=\"font-weight: 400;\">Cette semaine dans Ondes de Choc : La ligne dure adopt\u00e9e par les dirigeants d\u2019Afrique de l\u2019Ouest face aux putschistes, les amis que Poutine cherche \u00e0 s\u2019acheter, les d\u00e9faillances du syst\u00e8me fiscal international et les guerres culturelles am\u00e9ricaines impactent les questions de d\u00e9veloppement.\u00a0<\/span><\/i><\/p>\n<h3><b>ACTUALIT\u00c9S<\/b><\/h3>\n<p><b>La CEDEAO passe \u00e0 l\u2019offensive :<\/b><span style=\"font-weight: 400;\"> Les dirigeants de la Communaut\u00e9 \u00e9conomique des Etats d\u2019Afrique de l\u2019Ouest<\/span> (<span style=\"font-weight: 400;\">CEDEAO) ont menac\u00e9 d\u2019intervenir militairement au Niger si le pr\u00e9sident \u00e9lu du pays, Mohamed Bazoum, <\/span><a href=\"https:\/\/www.jeuneafrique.com\/1469368\/politique\/coup-detat-au-niger-la-cedeao-peut-elle-vraiment-intervenir-militairement\/\"><span style=\"font-weight: 400;\">n\u2019\u00e9tait pas r\u00e9tabli dans ses fonctions<\/span><\/a><span style=\"font-weight: 400;\"> avant le 6 ao\u00fbt, \u00e0 la suite d\u2019un coup d\u2019\u00c9tat. En r\u00e9ponse, les chefs militaires du Mali et du Burkina Faso ont averti qu\u2019ils consid\u00e9reraient toute intervention militaire de la CEDEAO au Niger <\/span><a href=\"https:\/\/www.lemonde.fr\/afrique\/article\/2023\/08\/01\/une-intervention-militaire-au-niger-serait-une-declaration-de-guerre-au-burkina-faso-et-au-mali-menacent-les-deux-pays_6184034_3212.html\"><span style=\"font-weight: 400;\">comme une d\u00e9claration de guerre<\/span><\/a><span style=\"font-weight: 400;\"> \u00e0 leur encontre. La situation est donc devenue <\/span><a href=\"https:\/\/www.voaafrica.com\/a\/niger-coup-poses-challenge-for-ecowas\/7208374.html\"><span style=\"font-weight: 400;\">un \u00e9norme casse-t\u00eate<\/span><\/a><span style=\"font-weight: 400;\"> et un obstacle suppl\u00e9mentaire au maintien de la paix et de la stabilit\u00e9 dans la r\u00e9gion. Ces derni\u00e8res ann\u00e9es, <\/span><a href=\"https:\/\/www.nytimes.com\/2023\/07\/29\/world\/africa\/africa-coups-niger.html?unlocked_article_code=T6BR_-3csZDbBSx8RoakSchRX1JQ9SgzFF5MqYMboEdIT-h50oi68mYojxHSXP67GGb70Q4aApuPphvvNtvRTxXAXGP4Pt-FrObI6zFEgwhOJ_uoE2LxE7XQI8Ds3Hi-MVUFLhUf2Rh0cTHMQ8c8fgknZRzjmZE5iDXeO_CCD0f0qP8puiY1SDsJL7i46ulo2swdxEg3KJU_hrjzOH8dJlW8fyAiLN2kUICj8atDfd5v2RgpXTQrJlfu_OGJWZ-5cYiAI83bUWSW9TlaDgKs1Vzw38yxCQ30qls-d9rKVZ_t9WVObq4CDbiZL6JcQW6voFdrcCQ_TOOcKs0wOueYEjc&amp;smid=url-share\"><span style=\"font-weight: 400;\">six coups d\u2019\u00c9tat<\/span><\/a><span style=\"font-weight: 400;\"> ont \u00e9t\u00e9 perp\u00e9tr\u00e9s dans des pays du Sahel, dans un contexte de mont\u00e9e du terrorisme et d\u2019influence croissante du groupe Wagner.\u00a0<\/span><\/p>\n<p><b>Acheter des amis, \u00e9tape 1 :<\/b><span style=\"font-weight: 400;\"> Dans le cadre d\u2019une campagne peu subtile du Kremlin visant \u00e0 acheter (litt\u00e9ralement) la loyaut\u00e9 de l\u2019Afrique, lpas mentionn\u00e9 le r\u00f4le jou\u00e9 par la guerre en Ukraine dans la <\/span><a href=\"https:\/\/www.france24.com\/fr\/vid%C3%A9o\/20230720-l-ukraine-accuse-la-russie-d-attaquer-les-sites-utilis%C3%A9s-pour-les-exportations-de-c%C3%A9r%C3%A9ales\"><span style=\"font-weight: 400;\">perturbation de l\u2019approvisionnement alimentaire mondial<\/span><\/a><span style=\"font-weight: 400;\">, notamment les nouvelles attaques contre les installations c\u00e9r\u00e9ali\u00e8res ukrainiennes. Le pr\u00e9sident russe Vladimir Poutine <\/span><a href=\"https:\/\/www.la-croix.com\/Poutine-recoit-dirigeants-africains-fin-accord-cerealier-2023-07-26-1301276849\"><span style=\"font-weight: 400;\">a promis une aide alimentaire et un all\u00e8gement de la dette<\/span><\/a><span style=\"font-weight: 400;\">. M. Poutine s\u2019est empress\u00e9 de <\/span><a href=\"https:\/\/www.dailymaverick.co.za\/article\/2023-07-30-putin-rejects-ramaphosas-appeal-to-reinstate-black-sea-grain-initiative\/\"><span style=\"font-weight: 400;\">rejeter les appels des dirigeants africains<\/span><\/a><span style=\"font-weight: 400;\"> \u00e0 r\u00e9tablir l\u2019initiative c\u00e9r\u00e9ali\u00e8re de la mer Noire, qui permettait d\u2019exporter des c\u00e9r\u00e9ales de l\u2019Ukraine vers le reste du monde. Au sommet Russie-Afrique de Saint-P\u00e9tersbourg, il a \u00e9galement promis de continuer \u00e0 soutenir militairement les pays africains confront\u00e9s \u00e0 des insurrections et s\u2019est prononc\u00e9 en faveur d\u2019un si\u00e8ge permanent pour l\u2019Union africaine au sein du Conseil de s\u00e9curit\u00e9 des Nations unies.<\/span><\/p>\n<p><b>Acheter des amis, \u00e9tape 2 :<\/b><span style=\"font-weight: 400;\"> Les chefs d\u2019\u00c9tat africains qui se sont rendus \u00e0 Saint-P\u00e9tersbourg ont voyag\u00e9 avec style : ils ont travers\u00e9 la ville en convoi de voitures blind\u00e9es. La Russie a utilis\u00e9 cette tactique pour \u00e9tablir <\/span><a href=\"https:\/\/twitter.com\/RusEmbUganda\/status\/1685229105933950976\"><span style=\"font-weight: 400;\">un contraste avec les pays occidentaux<\/span><\/a><span style=\"font-weight: 400;\">, o\u00f9 les dirigeants africains ont parfois \u00e9t\u00e9 transport\u00e9s en bus. Le pr\u00e9sident du Zimbabwe <\/span><a href=\"https:\/\/www.bfmtv.com\/international\/asie\/russie\/vladimir-poutine-offre-un-helicoptere-presidentiel-au-zimbabwe_AD-202307270638.html\"><span style=\"font-weight: 400;\">a re\u00e7u un h\u00e9licopt\u00e8re pr\u00e9sidentiel<\/span><\/a><span style=\"font-weight: 400;\">, en signe de solidarit\u00e9 contre les sanctions occidentales. Tout au long du sommet, M. Poutine a jou\u00e9 sur les griefs des dirigeants africains \u00e0 l\u2019\u00e9gard de l\u2019hypocrisie occidentale en tissant le narratif accrocheur d\u2019une <\/span><a href=\"http:\/\/en.kremlin.ru\/events\/president\/news\/71826\"><span style=\"font-weight: 400;\">victimisation commune de la Russie et de l\u2019Afrique<\/span><\/a><span style=\"font-weight: 400;\">.<\/span><\/p>\n<p><b>Obstacles \u00e0 l\u2019opposition :<\/b><span style=\"font-weight: 400;\"> Le gouvernement s\u00e9n\u00e9galais a <\/span><a href=\"https:\/\/www.humanite.fr\/monde\/senegal\/senegal-macky-sall-dissout-le-principal-parti-d-opposition-ousmane-sonko-est-inculpe-804671\"><span style=\"font-weight: 400;\">dissous le principal parti d\u2019opposition du pays<\/span><\/a><span style=\"font-weight: 400;\"> et a arr\u00eat\u00e9 son dirigeant, Ousmane Sonko, pour insurrection, association de malfaiteurs et d\u00e9sinformation. Ces accusations d\u00e9coulent des all\u00e9gations du gouvernement selon lesquelles Sonko et d\u2019autres dirigeants de l\u2019opposition ont intentionnellement attis\u00e9 les violentes manifestations qui ont suivi la condamnation de Sonko pour d\u2019autres chefs d\u2019accusation en juin. Ses partisans ont averti que le gouvernement pourrait <\/span><a href=\"https:\/\/www.bloomberg.com\/news\/articles\/2023-07-31\/senegal-opposition-leader-charged-with-uprising-party-dissolved\"><span style=\"font-weight: 400;\">instrumentaliser le syst\u00e8me judiciaire<\/span><\/a><span style=\"font-weight: 400;\"> \u00e0 l\u2019approche des \u00e9lections nationales l\u2019ann\u00e9e prochaine. Si cette accusation est certainement sujette \u00e0 d\u00e9bat, la d\u00e9cision du gouvernement de <\/span><a href=\"https:\/\/www.la-croix.com\/Monde\/Au-Senegal-restrictions-dInternet-affaiblir-contestation-sociale-2023-06-05-1201270154\"><span style=\"font-weight: 400;\">restreindre l\u2019acc\u00e8s \u00e0 Internet et aux r\u00e9seaux sociaux<\/span><\/a><span style=\"font-weight: 400;\"> \u00e0 la suite de l\u2019arrestation de M. Sonko ne le pr\u00e9sente pas exactement comme un fervent d\u00e9fenseur de la libert\u00e9 d\u2019expression.\u00a0<\/span><\/p>\n<p><b>Guerres culturelles :<\/b><span style=\"font-weight: 400;\"> Le financement du <\/span><span style=\"font-weight: 400;\">Plan d\u2019Urgence Pr\u00e9sidentiel<\/span><span style=\"font-weight: 400;\"> de Lutte <\/span><span style=\"font-weight: 400;\">contre le SIDA des Etats-Unis (PEPFAR)<\/span><span style=\"font-weight: 400;\">,<\/span><span style=\"font-weight: 400;\">\u00a0 un programme qui a permis de sauver 25 millions de vies, <\/span><a href=\"https:\/\/www.nytimes.com\/2023\/07\/28\/us\/politics\/aids-relief-pepfar-abortion-republicans.html\"><span style=\"font-weight: 400;\">est en danger<\/span><\/a><span style=\"font-weight: 400;\">. Depuis sa cr\u00e9ation en 2003, sous l\u2019impulsion du pr\u00e9sident r\u00e9publicain George W. Bush, ce programme a toujours b\u00e9n\u00e9fici\u00e9 du soutien des deux grands partis politiques. Jusqu\u2019\u00e0 aujourd\u2019hui. Un groupe de l\u00e9gislateurs r\u00e9publicains, \u00e0 l\u2019instar d\u2019un petit nombre de think tanks et d\u2019activistes conservateurs, bloque la r\u00e9autorisation quinquennale du programme. Ils <\/span><a href=\"https:\/\/www.vox.com\/future-perfect\/2023\/7\/28\/23809119\/republicans-hiv-aids-pepfar-george-w-bush\"><span style=\"font-weight: 400;\">pr\u00e9tendent \u00e0 tort<\/span><\/a><span style=\"font-weight: 400;\"> que l\u2019argent du PEPFAR sert \u00e0 financer des avortements. L\u2019impasse qui en r\u00e9sulte au sein du Congr\u00e8s am\u00e9ricain <\/span><a href=\"https:\/\/www.washingtonpost.com\/health\/2023\/07\/29\/pepfar-aids-hiv-abortion-congress\/\"><span style=\"font-weight: 400;\">suscite l\u2019inqui\u00e9tude des organisations sanitaires africaines<\/span><\/a><span style=\"font-weight: 400;\"> qui d\u00e9pendent de cet argent pour fournir des services sanitaires vitaux.\u00a0<\/span><\/p>\n<p><b>Contrat social :<\/b><span style=\"font-weight: 400;\"> Les pays africains <\/span><a href=\"https:\/\/taxjustice.net\/reports\/the-state-of-tax-justice-2023\/\"><span style=\"font-weight: 400;\">perdent 5,9 milliards de dollars par an<\/span><\/a><span style=\"font-weight: 400;\"> \u00e0 cause de la fraude fiscale \u00e0 l\u2019\u00e9chelle internationale, selon une nouvelle analyse du Tax Justice Network. Dans les pays \u00e0 revenu faible, les pertes dues \u00e0 l\u2019\u00e9vasion fiscale \u00e9quivalent \u00e0 plus de la moiti\u00e9 de leurs budgets de sant\u00e9. Le manque \u00e0 gagner de la Zambie est encore plus \u00e9lev\u00e9 : ces d\u00e9tournements lui co\u00fbtent 770 millions de dollars, ce qui \u00e9quivaut \u00e0 peu pr\u00e8s \u00e0 la<\/span><a href=\"https:\/\/www.unicef.org\/esa\/media\/12571\/file\/UNICEF-Zambia-Budget-Brief-Health-2023.pdf\"><span style=\"font-weight: 400;\"> totalit\u00e9 de son budget sant\u00e9 pour 2022<\/span><\/a><span style=\"font-weight: 400;\">. Ces pays n\u2019ont gu\u00e8re leur mot \u00e0 dire sur les r\u00e8gles fiscales internationales : ces derni\u00e8res sont fix\u00e9es par l\u2019OCDE et ses membres, principalement des pays \u00e0 revenu \u00e9lev\u00e9. Les efforts de l\u2019OCDE pour mettre fin \u00e0 la fraude fiscale ont \u00e9t\u00e9 faibles et d\u00e9cri\u00e9s : le mois dernier, <\/span><a href=\"https:\/\/www.ft.com\/content\/b21cfde0-8940-45db-b3e3-3e9807d7b957?source=email&amp;utm_campaign=covid19&amp;utm_content=181763&amp;utm_medium=email&amp;utm_source=email_95\"><span style=\"font-weight: 400;\">l\u2019OCDE a \u00e9t\u00e9 critiqu\u00e9e<\/span><\/a><span style=\"font-weight: 400;\"> pour avoir fait pression sur le gouvernement australien afin qu\u2019il affaiblisse la l\u00e9gislation visant \u00e0 r\u00e9duire l\u2019\u00e9vasion fiscale.\u00a0\u00a0\u00a0<\/span><\/p>\n<h3><b>L\u2019\u00c9QUIPE DE ONE EN ACTION :\u00a0<\/b><\/h3>\n<ul>\n<li style=\"font-weight: 400;\" aria-level=\"1\"><span style=\"font-weight: 400;\">90 % des exportations de bl\u00e9 de l\u2019Ukraine sont dirig\u00e9es vers l\u2019Afrique et l\u2019Asie. Si la guerre en Ukraine a un impact direct sur nos ressources, cet impact est d\u2019autant plus fort sur les r\u00e9gions les plus d\u00e9favoris\u00e9es du monde. Lisez <\/span><a href=\"https:\/\/www.one.org\/fr\/blog\/penurie-alimentaire-tour-dhorizon-des-causes-et-consequences-pour-lannee-en-cours\/\"><span style=\"font-weight: 400;\">notre blog explicatif<\/span><\/a><span style=\"font-weight: 400;\">.<\/span><\/li>\n<li style=\"font-weight: 400;\" aria-level=\"1\"><span style=\"font-weight: 400;\">Taxer les transactions financi\u00e8res et \u00e9courter la semaine de travail nous semble impensable. Pourtant, c\u2019est ce que pr\u00f4ne le d\u00e9put\u00e9 europ\u00e9en Pierre Larrouturou, et il nous en parle dans le tout nouvel \u00e9pisode de notre podcast<\/span> <a href=\"https:\/\/www.one.org\/fr\/blog\/podcast\/\"><span style=\"font-weight: 400;\">ONE World<\/span><\/a><span style=\"font-weight: 400;\">. <\/span><a href=\"https:\/\/www.one.org\/fr\/blog\/taxer-la-speculation-et-reduire-le-temps-de-travail\/?utm_source=twitter&amp;source=twitter&amp;utm_medium=social&amp;utm_term=podcast&amp;utm_campaign=one-world\"><span style=\"font-weight: 400;\">Ecoutez l\u2019\u00e9pisode ici<\/span><\/a><span style=\"font-weight: 400;\"> !<\/span><\/li>\n<\/ul>\n<h3><b>LES CHIFFRES :<\/b><\/h3>\n<ul>\n<li style=\"font-weight: 400;\" aria-level=\"1\"><b>25 %<\/b><span style=\"font-weight: 400;\"> de l\u2019approvisionnement en uranium de l\u2019Union europ\u00e9enne en 2022 <\/span><a href=\"https:\/\/www.bfmtv.com\/economie\/international\/l-uranium-un-tresor-qui-lie-la-france-au-niger-depuis-un-demi-siecle_AV-202308010038.html\"><span style=\"font-weight: 400;\">provenait du Niger<\/span><\/a><span style=\"font-weight: 400;\">.<\/span><\/li>\n<li style=\"font-weight: 400;\" aria-level=\"1\"><b>17 <\/b><span style=\"font-weight: 400;\">chefs d\u2019\u00c9tat africains ont particip\u00e9 <\/span><a href=\"https:\/\/information.tv5monde.com\/afrique\/que-faut-il-retenir-du-deuxieme-sommet-russie-afrique-2662165#:~:text=Les%20d%C3%A9l%C3%A9gations%20de%2049%20pays,offensives%20diplomatiques%20et%20%C3%A9conomiques%20assum%C3%A9es.\"><span style=\"font-weight: 400;\">au sommet Russie-Afrique<\/span><\/a><span style=\"font-weight: 400;\"> de cette ann\u00e9e, contre 43 en 2019.<\/span><\/li>\n<li style=\"font-weight: 400;\" aria-level=\"1\"><b>12,6 <\/b><span style=\"font-weight: 400;\">milliards de droits de tirage sp\u00e9ciaux (DTS), soit environ 17 milliards de dollars, ont \u00e9t\u00e9 promis au Fonds fiduciaire pour la r\u00e9duction de la pauvret\u00e9 et la croissance du FMI, atteignant ainsi <\/span><a href=\"https:\/\/twitter.com\/KGeorgieva\/status\/1686874525173252098\"><span style=\"font-weight: 400;\">son objectif de pr\u00eat.<\/span><\/a><\/li>\n<li style=\"font-weight: 400;\" aria-level=\"1\"><b>3 <\/b><span style=\"font-weight: 400;\">\u00e9quipes africaines (Maroc, Nigeria et Afrique du Sud) se sont qualifi\u00e9es pour les huiti\u00e8mes de finale de la Coupe du monde f\u00e9minine de cette ann\u00e9e, un nombre record pour les Coupes du monde masculine et f\u00e9minine confondues.<\/span><\/li>\n<\/ul>\n<div class=\"buffer\"><\/div>","protected":false},"excerpt":{"rendered":"<p>Inscrivez-vous\u00a0pour recevoir Ondes de choc, notre newsletter hebdomadaire pour suivre les cons\u00e9quences des diff\u00e9rentes crises actuelles (\u00e9conomique, sanitaire, alimentaire, climatique), notamment pour les pays d\u2019Afrique. Nous vous proposons des analyses pointues, succinctes et r\u00e9fl\u00e9chies de la part des experts de ONE. Cette semaine dans Ondes de Choc : La ligne dure adopt\u00e9e par les dirigeants [&hellip;]<\/p>\n","protected":false},"author":24,"featured_media":162718,"comment_status":"open","ping_status":"open","sticky":false,"template":"","format":"standard","meta":{"_acf_changed":false,"_relevanssi_hide_post":"","_relevanssi_hide_content":"","_relevanssi_pin_for_all":"","_relevanssi_pin_keywords":"","_relevanssi_unpin_keywords":"","_relevanssi_related_keywords":"","_relevanssi_related_include_ids":"","_relevanssi_related_exclude_ids":"","_relevanssi_related_no_append":"","_relevanssi_related_not_related":"","_relevanssi_related_posts":"162677,162676,162674,162673,162672,162671","_relevanssi_noindex_reason":"","footnotes":""},"categories":[68],"tags":[],"topic":[86],"contributor":[33],"one_content_audience":[],"one_content_type":[],"one_content_tone":[],"class_list":["post-162675","post","type-post","status-publish","format-standard","has-post-thumbnail","hentry","category-analyse","topic-ondes-de-choc","contributor-one-france"],"acf":[],"yoast_head":"<!-- This site is optimized with the Yoast SEO Premium plugin v27.1 (Yoast SEO v27.1.1) - https:\/\/yoast.com\/product\/yoast-seo-premium-wordpress\/ -->\n<title>Avec des amis pareils\u2026 - ONE.org France<\/title>\n<meta name=\"description\" content=\"Au programme : Les relations entre la Russie et l&#039;Afrique, les d\u00e9faillances du syst\u00e8me fiscal international et les guerres culturelles am\u00e9ricaines.\" \/>\n<meta name=\"robots\" content=\"index, follow, max-snippet:-1, max-image-preview:large, max-video-preview:-1\" \/>\n<link rel=\"canonical\" href=\"https:\/\/www.one.org\/fr\/actualites\/avec-des-amis-pareils\/\" \/>\n<meta property=\"og:locale\" content=\"fr_FR\" \/>\n<meta property=\"og:type\" content=\"article\" \/>\n<meta property=\"og:title\" content=\"Avec des amis pareils\u2026\" \/>\n<meta property=\"og:description\" content=\"Au programme : Les relations entre la Russie et l&#039;Afrique, les d\u00e9faillances du syst\u00e8me fiscal international et les guerres culturelles am\u00e9ricaines.\" \/>\n<meta property=\"og:url\" content=\"https:\/\/www.one.org\/fr\/actualites\/avec-des-amis-pareils\/\" \/>\n<meta property=\"og:site_name\" content=\"ONE.org France\" \/>\n<meta property=\"article:publisher\" content=\"https:\/\/www.facebook.com\/ONE.Fr\" \/>\n<meta property=\"article:published_time\" content=\"2023-08-03T15:15:57+00:00\" \/>\n<meta property=\"article:modified_time\" content=\"2023-09-12T16:32:09+00:00\" \/>\n<meta property=\"og:image\" content=\"https:\/\/www.one.org\/fr\/wp-content\/uploads\/sites\/4\/2023\/08\/Aftershock_2021_FeaturedImage_1200x1200_en_002.jpg\" \/>\n\t<meta property=\"og:image:width\" content=\"1201\" \/>\n\t<meta property=\"og:image:height\" content=\"1201\" \/>\n\t<meta property=\"og:image:type\" content=\"image\/jpeg\" \/>\n<meta name=\"author\" content=\"Dana Khalil\" \/>\n<meta name=\"twitter:card\" content=\"summary_large_image\" \/>\n<meta name=\"twitter:creator\" content=\"@one_fr\" \/>\n<meta name=\"twitter:site\" content=\"@one_fr\" \/>\n<meta name=\"twitter:label1\" content=\"Written by\" \/>\n\t<meta name=\"twitter:data1\" content=\"Dana Khalil\" \/>\n\t<meta name=\"twitter:label2\" content=\"Est. reading time\" \/>\n\t<meta name=\"twitter:data2\" content=\"5 minutes\" \/>\n<script type=\"application\/ld+json\" class=\"yoast-schema-graph\">{\"@context\":\"https:\/\/schema.org\",\"@graph\":[{\"@type\":\"Article\",\"@id\":\"https:\/\/www.one.org\/fr\/actualites\/avec-des-amis-pareils\/#article\",\"isPartOf\":{\"@id\":\"https:\/\/www.one.org\/fr\/actualites\/avec-des-amis-pareils\/\"},\"author\":{\"name\":\"Dana Khalil\",\"@id\":\"https:\/\/www.one.org\/fr\/#\/schema\/person\/cf1f30f9800f0592ec3d61940be82003\"},\"headline\":\"Avec des amis pareils\u2026\",\"datePublished\":\"2023-08-03T15:15:57+00:00\",\"dateModified\":\"2023-09-12T16:32:09+00:00\",\"mainEntityOfPage\":{\"@id\":\"https:\/\/www.one.org\/fr\/actualites\/avec-des-amis-pareils\/\"},\"wordCount\":1177,\"commentCount\":0,\"image\":{\"@id\":\"https:\/\/www.one.org\/fr\/actualites\/avec-des-amis-pareils\/#primaryimage\"},\"thumbnailUrl\":\"https:\/\/www.one.org\/fr\/wp-content\/uploads\/sites\/4\/2023\/08\/Aftershock_2021_FeaturedImage_1200x1200_en_002.jpg\",\"articleSection\":[\"Analyse\"],\"inLanguage\":\"fr-FR\",\"potentialAction\":[{\"@type\":\"CommentAction\",\"name\":\"Comment\",\"target\":[\"https:\/\/www.one.org\/fr\/actualites\/avec-des-amis-pareils\/#respond\"]}]},{\"@type\":\"WebPage\",\"@id\":\"https:\/\/www.one.org\/fr\/actualites\/avec-des-amis-pareils\/\",\"url\":\"https:\/\/www.one.org\/fr\/actualites\/avec-des-amis-pareils\/\",\"name\":\"Avec des amis pareils\u2026 - ONE.org France\",\"isPartOf\":{\"@id\":\"https:\/\/www.one.org\/fr\/#website\"},\"primaryImageOfPage\":{\"@id\":\"https:\/\/www.one.org\/fr\/actualites\/avec-des-amis-pareils\/#primaryimage\"},\"image\":{\"@id\":\"https:\/\/www.one.org\/fr\/actualites\/avec-des-amis-pareils\/#primaryimage\"},\"thumbnailUrl\":\"https:\/\/www.one.org\/fr\/wp-content\/uploads\/sites\/4\/2023\/08\/Aftershock_2021_FeaturedImage_1200x1200_en_002.jpg\",\"datePublished\":\"2023-08-03T15:15:57+00:00\",\"dateModified\":\"2023-09-12T16:32:09+00:00\",\"author\":{\"@id\":\"https:\/\/www.one.org\/fr\/#\/schema\/person\/cf1f30f9800f0592ec3d61940be82003\"},\"description\":\"Au programme : Les relations entre la Russie et l'Afrique, les d\u00e9faillances du syst\u00e8me fiscal international et les guerres culturelles am\u00e9ricaines.\",\"breadcrumb\":{\"@id\":\"https:\/\/www.one.org\/fr\/actualites\/avec-des-amis-pareils\/#breadcrumb\"},\"inLanguage\":\"fr-FR\",\"potentialAction\":[{\"@type\":\"ReadAction\",\"target\":[\"https:\/\/www.one.org\/fr\/actualites\/avec-des-amis-pareils\/\"]}]},{\"@type\":\"ImageObject\",\"inLanguage\":\"fr-FR\",\"@id\":\"https:\/\/www.one.org\/fr\/actualites\/avec-des-amis-pareils\/#primaryimage\",\"url\":\"https:\/\/www.one.org\/fr\/wp-content\/uploads\/sites\/4\/2023\/08\/Aftershock_2021_FeaturedImage_1200x1200_en_002.jpg\",\"contentUrl\":\"https:\/\/www.one.org\/fr\/wp-content\/uploads\/sites\/4\/2023\/08\/Aftershock_2021_FeaturedImage_1200x1200_en_002.jpg\",\"width\":1201,\"height\":1201},{\"@type\":\"BreadcrumbList\",\"@id\":\"https:\/\/www.one.org\/fr\/actualites\/avec-des-amis-pareils\/#breadcrumb\",\"itemListElement\":[{\"@type\":\"ListItem\",\"position\":1,\"name\":\"Home\",\"item\":\"https:\/\/www.one.org\/fr\/\"},{\"@type\":\"ListItem\",\"position\":2,\"name\":\"Avec des amis pareils\u2026\"}]},{\"@type\":\"WebSite\",\"@id\":\"https:\/\/www.one.org\/fr\/#website\",\"url\":\"https:\/\/www.one.org\/fr\/\",\"name\":\"ONE.org\",\"description\":\"Cr\u00e9er des opportunit\u00e9s \u00e9conomiques et am\u00e9liorer la sant\u00e9 en Afrique\",\"potentialAction\":[{\"@type\":\"SearchAction\",\"target\":{\"@type\":\"EntryPoint\",\"urlTemplate\":\"https:\/\/www.one.org\/fr\/?s={search_term_string}\"},\"query-input\":{\"@type\":\"PropertyValueSpecification\",\"valueRequired\":true,\"valueName\":\"search_term_string\"}}],\"inLanguage\":\"fr-FR\"},{\"@type\":\"Person\",\"@id\":\"https:\/\/www.one.org\/fr\/#\/schema\/person\/cf1f30f9800f0592ec3d61940be82003\",\"name\":\"Dana Khalil\",\"image\":{\"@type\":\"ImageObject\",\"inLanguage\":\"fr-FR\",\"@id\":\"https:\/\/www.one.org\/fr\/#\/schema\/person\/image\/\",\"url\":\"https:\/\/secure.gravatar.com\/avatar\/b0da536f00ccefadcc7aae4e64855977a5249adb1ac04162a69474e53a8d4c40?s=96&d=mm&r=g\",\"contentUrl\":\"https:\/\/secure.gravatar.com\/avatar\/b0da536f00ccefadcc7aae4e64855977a5249adb1ac04162a69474e53a8d4c40?s=96&d=mm&r=g\",\"caption\":\"Dana Khalil\"},\"url\":\"https:\/\/www.one.org\/fr\/actualites\/author\/danakhalil\/\"}]}<\/script>\n<!-- \/ Yoast SEO Premium plugin. -->","yoast_head_json":{"title":"Avec des amis pareils\u2026 - ONE.org France","description":"Au programme : Les relations entre la Russie et l'Afrique, les d\u00e9faillances du syst\u00e8me fiscal international et les guerres culturelles am\u00e9ricaines.","robots":{"index":"index","follow":"follow","max-snippet":"max-snippet:-1","max-image-preview":"max-image-preview:large","max-video-preview":"max-video-preview:-1"},"canonical":"https:\/\/www.one.org\/fr\/actualites\/avec-des-amis-pareils\/","og_locale":"fr_FR","og_type":"article","og_title":"Avec des amis pareils\u2026","og_description":"Au programme : Les relations entre la Russie et l'Afrique, les d\u00e9faillances du syst\u00e8me fiscal international et les guerres culturelles am\u00e9ricaines.","og_url":"https:\/\/www.one.org\/fr\/actualites\/avec-des-amis-pareils\/","og_site_name":"ONE.org France","article_publisher":"https:\/\/www.facebook.com\/ONE.Fr","article_published_time":"2023-08-03T15:15:57+00:00","article_modified_time":"2023-09-12T16:32:09+00:00","og_image":[{"width":1201,"height":1201,"url":"https:\/\/www.one.org\/fr\/wp-content\/uploads\/sites\/4\/2023\/08\/Aftershock_2021_FeaturedImage_1200x1200_en_002.jpg","type":"image\/jpeg"}],"author":"Dana Khalil","twitter_card":"summary_large_image","twitter_creator":"@one_fr","twitter_site":"@one_fr","twitter_misc":{"Written by":"Dana Khalil","Est. reading time":"5 minutes"},"schema":{"@context":"https:\/\/schema.org","@graph":[{"@type":"Article","@id":"https:\/\/www.one.org\/fr\/actualites\/avec-des-amis-pareils\/#article","isPartOf":{"@id":"https:\/\/www.one.org\/fr\/actualites\/avec-des-amis-pareils\/"},"author":{"name":"Dana Khalil","@id":"https:\/\/www.one.org\/fr\/#\/schema\/person\/cf1f30f9800f0592ec3d61940be82003"},"headline":"Avec des amis pareils\u2026","datePublished":"2023-08-03T15:15:57+00:00","dateModified":"2023-09-12T16:32:09+00:00","mainEntityOfPage":{"@id":"https:\/\/www.one.org\/fr\/actualites\/avec-des-amis-pareils\/"},"wordCount":1177,"commentCount":0,"image":{"@id":"https:\/\/www.one.org\/fr\/actualites\/avec-des-amis-pareils\/#primaryimage"},"thumbnailUrl":"https:\/\/www.one.org\/fr\/wp-content\/uploads\/sites\/4\/2023\/08\/Aftershock_2021_FeaturedImage_1200x1200_en_002.jpg","articleSection":["Analyse"],"inLanguage":"fr-FR","potentialAction":[{"@type":"CommentAction","name":"Comment","target":["https:\/\/www.one.org\/fr\/actualites\/avec-des-amis-pareils\/#respond"]}]},{"@type":"WebPage","@id":"https:\/\/www.one.org\/fr\/actualites\/avec-des-amis-pareils\/","url":"https:\/\/www.one.org\/fr\/actualites\/avec-des-amis-pareils\/","name":"Avec des amis pareils\u2026 - ONE.org France","isPartOf":{"@id":"https:\/\/www.one.org\/fr\/#website"},"primaryImageOfPage":{"@id":"https:\/\/www.one.org\/fr\/actualites\/avec-des-amis-pareils\/#primaryimage"},"image":{"@id":"https:\/\/www.one.org\/fr\/actualites\/avec-des-amis-pareils\/#primaryimage"},"thumbnailUrl":"https:\/\/www.one.org\/fr\/wp-content\/uploads\/sites\/4\/2023\/08\/Aftershock_2021_FeaturedImage_1200x1200_en_002.jpg","datePublished":"2023-08-03T15:15:57+00:00","dateModified":"2023-09-12T16:32:09+00:00","author":{"@id":"https:\/\/www.one.org\/fr\/#\/schema\/person\/cf1f30f9800f0592ec3d61940be82003"},"description":"Au programme : Les relations entre la Russie et l'Afrique, les d\u00e9faillances du syst\u00e8me fiscal international et les guerres culturelles am\u00e9ricaines.","breadcrumb":{"@id":"https:\/\/www.one.org\/fr\/actualites\/avec-des-amis-pareils\/#breadcrumb"},"inLanguage":"fr-FR","potentialAction":[{"@type":"ReadAction","target":["https:\/\/www.one.org\/fr\/actualites\/avec-des-amis-pareils\/"]}]},{"@type":"ImageObject","inLanguage":"fr-FR","@id":"https:\/\/www.one.org\/fr\/actualites\/avec-des-amis-pareils\/#primaryimage","url":"https:\/\/www.one.org\/fr\/wp-content\/uploads\/sites\/4\/2023\/08\/Aftershock_2021_FeaturedImage_1200x1200_en_002.jpg","contentUrl":"https:\/\/www.one.org\/fr\/wp-content\/uploads\/sites\/4\/2023\/08\/Aftershock_2021_FeaturedImage_1200x1200_en_002.jpg","width":1201,"height":1201},{"@type":"BreadcrumbList","@id":"https:\/\/www.one.org\/fr\/actualites\/avec-des-amis-pareils\/#breadcrumb","itemListElement":[{"@type":"ListItem","position":1,"name":"Home","item":"https:\/\/www.one.org\/fr\/"},{"@type":"ListItem","position":2,"name":"Avec des amis pareils\u2026"}]},{"@type":"WebSite","@id":"https:\/\/www.one.org\/fr\/#website","url":"https:\/\/www.one.org\/fr\/","name":"ONE.org","description":"Cr\u00e9er des opportunit\u00e9s \u00e9conomiques et am\u00e9liorer la sant\u00e9 en Afrique","potentialAction":[{"@type":"SearchAction","target":{"@type":"EntryPoint","urlTemplate":"https:\/\/www.one.org\/fr\/?s={search_term_string}"},"query-input":{"@type":"PropertyValueSpecification","valueRequired":true,"valueName":"search_term_string"}}],"inLanguage":"fr-FR"},{"@type":"Person","@id":"https:\/\/www.one.org\/fr\/#\/schema\/person\/cf1f30f9800f0592ec3d61940be82003","name":"Dana Khalil","image":{"@type":"ImageObject","inLanguage":"fr-FR","@id":"https:\/\/www.one.org\/fr\/#\/schema\/person\/image\/","url":"https:\/\/secure.gravatar.com\/avatar\/b0da536f00ccefadcc7aae4e64855977a5249adb1ac04162a69474e53a8d4c40?s=96&d=mm&r=g","contentUrl":"https:\/\/secure.gravatar.com\/avatar\/b0da536f00ccefadcc7aae4e64855977a5249adb1ac04162a69474e53a8d4c40?s=96&d=mm&r=g","caption":"Dana Khalil"},"url":"https:\/\/www.one.org\/fr\/actualites\/author\/danakhalil\/"}]}},"distributor_meta":false,"distributor_terms":false,"distributor_media":false,"distributor_original_site_name":"ONE.org France","distributor_original_site_url":"https:\/\/www.one.org\/fr","push-errors":false,"_links":{"self":[{"href":"https:\/\/www.one.org\/fr\/wp-json\/wp\/v2\/posts\/162675","targetHints":{"allow":["GET"]}}],"collection":[{"href":"https:\/\/www.one.org\/fr\/wp-json\/wp\/v2\/posts"}],"about":[{"href":"https:\/\/www.one.org\/fr\/wp-json\/wp\/v2\/types\/post"}],"author":[{"embeddable":true,"href":"https:\/\/www.one.org\/fr\/wp-json\/wp\/v2\/users\/24"}],"replies":[{"embeddable":true,"href":"https:\/\/www.one.org\/fr\/wp-json\/wp\/v2\/comments?post=162675"}],"version-history":[{"count":0,"href":"https:\/\/www.one.org\/fr\/wp-json\/wp\/v2\/posts\/162675\/revisions"}],"wp:featuredmedia":[{"embeddable":true,"href":"https:\/\/www.one.org\/fr\/wp-json\/wp\/v2\/media\/162718"}],"wp:attachment":[{"href":"https:\/\/www.one.org\/fr\/wp-json\/wp\/v2\/media?parent=162675"}],"wp:term":[{"taxonomy":"category","embeddable":true,"href":"https:\/\/www.one.org\/fr\/wp-json\/wp\/v2\/categories?post=162675"},{"taxonomy":"post_tag","embeddable":true,"href":"https:\/\/www.one.org\/fr\/wp-json\/wp\/v2\/tags?post=162675"},{"taxonomy":"topic","embeddable":true,"href":"https:\/\/www.one.org\/fr\/wp-json\/wp\/v2\/topic?post=162675"},{"taxonomy":"contributor","embeddable":true,"href":"https:\/\/www.one.org\/fr\/wp-json\/wp\/v2\/contributor?post=162675"},{"taxonomy":"one_content_audience","embeddable":true,"href":"https:\/\/www.one.org\/fr\/wp-json\/wp\/v2\/one_content_audience?post=162675"},{"taxonomy":"one_content_type","embeddable":true,"href":"https:\/\/www.one.org\/fr\/wp-json\/wp\/v2\/one_content_type?post=162675"},{"taxonomy":"one_content_tone","embeddable":true,"href":"https:\/\/www.one.org\/fr\/wp-json\/wp\/v2\/one_content_tone?post=162675"}],"curies":[{"name":"wp","href":"https:\/\/api.w.org\/{rel}","templated":true}]}}