{"id":162673,"date":"2023-07-28T16:09:36","date_gmt":"2023-07-28T16:09:36","guid":{"rendered":"https:\/\/www.one.org\/fr\/faim-dans-le-monde-pourquoi-est-elle-toujours-dactualite-en-2023\/"},"modified":"2024-04-23T12:30:29","modified_gmt":"2024-04-23T12:30:29","slug":"faim-dans-le-monde-pourquoi-est-elle-toujours-dactualite-en-2023","status":"publish","type":"post","link":"https:\/\/www.one.org\/fr\/actualites\/faim-dans-le-monde-pourquoi-est-elle-toujours-dactualite-en-2023\/","title":{"rendered":"Faim dans le monde : pourquoi est-elle toujours d&#8217;actualit\u00e9 en 2023 ?"},"content":{"rendered":"<p>Selon l\u2019ONU, sous l\u2019effet des conflits, des chocs \u00e9conomiques et des catastrophes climatiques, l\u2019<strong>ins\u00e9curit\u00e9 alimentaire<\/strong> s\u2019est encore aggrav\u00e9e dans le monde. En 2022, ce sont pr\u00e8s de 258 millions de personnes qui ont eu besoin d\u2019une aide alimentaire d\u2019urgence contre 193 millions en 2021.<\/p>\n<h1>Faim dans le monde : pourquoi est-elle toujours d\u2019actualit\u00e9 en 2023 ?<\/h1>\n<p>Selon un rapport publi\u00e9 le 23 mai 2023 par les Nations Unies, l\u2019ins\u00e9curit\u00e9 alimentaire aigu\u00eb risque d\u2019augmenter en ampleur et en gravit\u00e9 dans 18 \u00ab points chauds \u00bb de <strong>la faim dans le monde. <\/strong>Ces 18 points chauds comprennent un total de 22 pays.<\/p>\n<p>\u00ab <em>L\u2019envol\u00e9e des prix des aliments, du carburant et des engrais que nous constatons \u00e0 l\u2019\u00e9chelle plan\u00e9taire \u00e0 cause de la crise en Ukraine <\/em><strong><em>menace de plonger des pays du monde entier dans la famine<\/em><\/strong><em>. Il s\u2019ensuivra une d\u00e9stabilisation mondiale, des privations alimentaires graves et des migrations de masse d\u2019une ampleur in\u00e9dite. Nous devons agir d\u00e8s aujourd\u2019hui pour \u00e9viter la catastrophe qui se profile.<\/em>\u00bb M. David Beasley, Directeur ex\u00e9cutif du Programme alimentaire mondial (PAM).<\/p>\n<p>Le rapport, publi\u00e9 par l\u2019Organisation des Nations Unies pour l\u2019alimentation et l\u2019agriculture (FAO) et le PAM, souligne le risque d\u2019un d\u00e9bordement de la crise soudanaise, augmentant le risque d\u2019impacts n\u00e9gatifs dans les pays voisins. En effet, on estime que plus d\u2019un million de personnes devront fuir le Soudan tandis que 2,5 millions de personnes suppl\u00e9mentaires \u00e0 l\u2019int\u00e9rieur du Soudan devront faire face \u00e0 une faim aigu\u00eb dans les mois \u00e0 venir. De plus, le rapport avertit que le ph\u00e9nom\u00e8ne m\u00e9t\u00e9orologique El Ni\u00f1o fait <strong>craindre des extr\u00eames climatiques dans les pays vuln\u00e9rables du monde entier. <\/strong><\/p>\n<h2>Les causes de la famine dans le monde<\/h2>\n<p>Les conflits, les extr\u00eames climatiques et les chocs \u00e9conomiques aggravent l\u2019ins\u00e9curit\u00e9 alimentaire dans de tr\u00e8s nombreuses r\u00e9gions du monde.<\/p>\n<p><strong>La pauvret\u00e9 est l\u2019un des principaux facteurs contribuant \u00e0 la faim dans le monde. <\/strong>De nombreuses personnes n\u2019ont pas les moyens financiers de se procurer suffisamment de nourriture. Les in\u00e9galit\u00e9s \u00e9conomiques, le ch\u00f4mage, le manque d\u2019acc\u00e8s \u00e0 l\u2019\u00e9ducation et aux opportunit\u00e9s \u00e9conomiques limitent souvent la capacit\u00e9 des individus \u00e0 avoir acc\u00e8s \u00e0 la nourriture et \u00e0 se nourrir convenablement.<\/p>\n<p><strong>Les conflits arm\u00e9s, les guerres civiles et les instabilit\u00e9s politiques<\/strong> ont des cons\u00e9quences d\u00e9vastatrices sur la s\u00e9curit\u00e9 alimentaire<strong>.<\/strong> Les populations affect\u00e9es par les conflits sont souvent d\u00e9plac\u00e9es de force, priv\u00e9es d\u2019acc\u00e8s aux terres cultivables, au b\u00e9tail, aux march\u00e9s alimentaires et \u00e0 l\u2019aide humanitaire. Les infrastructures essentielles telles que les syst\u00e8mes d\u2019approvisionnement en eau et les installations agricoles sont le plus souvent d\u00e9truites.<\/p>\n<p><strong>Les \u00e9v\u00e9nements climatiques extr\u00eames<\/strong> tels que les s\u00e9cheresses, les inondations, les ouragans et les vagues de chaleur ont un impact direct sur la production alimentaire. Les agriculteurs subissent des pertes de r\u00e9coltes, les p\u00e2turages deviennent improductifs, les ressources en eau s\u2019\u00e9puisent, ce qui entra\u00eene une tension sur les march\u00e9s et un acc\u00e8s difficile \u00e0 la nourriture pour des pays d\u00e9pendant des importations.<\/p>\n<p>Dans de nombreuses r\u00e9gions, l\u2019acc\u00e8s aux terres agricoles, \u00e0 l\u2019eau, aux semences de qualit\u00e9, aux engrais, aux outils agricoles et aux march\u00e9s est limit\u00e9. Les petits agriculteurs et les communaut\u00e9s rurales d\u00e9favoris\u00e9es ont souvent du mal \u00e0 obtenir les ressources n\u00e9cessaires pour produire suffisamment de nourriture et la commercialiser efficacement.<\/p>\n<p><strong>Les fluctuations financi\u00e8res<\/strong> impactent les prix des denr\u00e9es alimentaires et rendent l\u2019acc\u00e8s \u00e0 une alimentation \u00e9quilibr\u00e9e et de qualit\u00e9 difficile pour les populations vuln\u00e9rables. Les augmentations soudaines des prix alimentaires peuvent rendre les aliments de base inabordables pour de nombreuses personnes \u00e0 faible revenu.<\/p>\n<p>Enfin, <strong>les syst\u00e8mes alimentaires mondiaux <\/strong>sont souvent inefficaces, et les pertes et le gaspillages sont importants \u00e0 tous les stades : production, transformation, distribution et consommation. Une mauvaise gestion des ressources et une distribution in\u00e9gale des aliments contribuent \u00e0 la persistance de la faim.<\/p>\n<h2>Les chiffres de la famine dans le monde<\/h2>\n<p>Selon un rapport publi\u00e9 conjointement par la FAO, le Fonds international de d\u00e9veloppement agricole (FIDA), l\u2019Organisation mondiale de la Sant\u00e9 (OMS), le PAM et le Fonds des Nations Unies pour l\u2019enfance (UNICEF), voici les derniers chiffres cl\u00e9s publi\u00e9s sur la famine et l\u2019ins\u00e9curit\u00e9 alimentaire dans le monde.<\/p>\n<ul>\n<li>Jusqu\u2019\u00e0 <strong>828 millions de personnes<\/strong> souffraient de la faim en 2021 \u2013 soit 46 millions de plus qu\u2019un an auparavant et 150 millions de plus qu\u2019en 2019.<\/li>\n<li>En 2021, quelque <strong>2,3 milliards de personnes<\/strong> (29,3% de la population mondiale) \u00e9taient en situation d\u2019ins\u00e9curit\u00e9 alimentaire mod\u00e9r\u00e9e ou grave \u2013 soit 350 millions de personnes de plus qu\u2019avant la pand\u00e9mie de COVID\u201119.<\/li>\n<li>Pr\u00e8s de <strong>924 millions de personnes<\/strong> (11,7% de la population mondiale) \u00e9taient confront\u00e9es \u00e0 une ins\u00e9curit\u00e9 alimentaire grave, soit une augmentation de 207 millions de personnes en deux ans.<\/li>\n<li>En 2021, <strong>l\u2019\u00e9cart entre les femmes et les hommes <\/strong>en ce qui concerne l\u2019ins\u00e9curit\u00e9 alimentaire s\u2019est encore accentu\u00e9: 31,9% des femmes dans le monde \u00e9taient en situation d\u2019ins\u00e9curit\u00e9 alimentaire mod\u00e9r\u00e9e ou grave, contre 27,6% des hommes \u2013 un \u00e9cart de plus de 4 points de pourcentage, contre 3 points de pourcentage en 2020.<\/li>\n<li>En 2020, <strong>pr\u00e8s de 3,1 milliards <\/strong>de personnes ne pouvaient pas se permettre une alimentation saine. Une augmentation de 112 millions par rapport \u00e0 2019 qui s\u2019explique par l\u2019inflation des prix \u00e0 la consommation des produits alimentaires provoqu\u00e9e par les r\u00e9percussions \u00e9conomiques de la pand\u00e9mie de COVID\u201119 et des mesures mises en place pour l\u2019endiguer.<\/li>\n<\/ul>\n<ul>\n<li>On estime que <strong>45 millions d\u2019enfants <\/strong>de moins de 5 ans souffrent d\u2019\u00e9maciation, la forme la plus mortelle de malnutrition, qui peut multiplier par 12 le risque de d\u00e9c\u00e8s chez les enfants.<\/li>\n<li><strong>149 millions d\u2019enfants de moins de 5 ans<\/strong> pr\u00e9sentaient en 2020 un retard de croissance et de d\u00e9veloppement en raison d\u2019un manque chronique de nutriments essentiels dans leur alimentation, et 39 millions \u00e9taient en surpoids.<\/li>\n<\/ul>\n<h2>Quels sont les pays les plus touch\u00e9s par la famine dans le monde ?<\/h2>\n<p>Actuellement, et toujours selon le dernier rapport de la FAO et du PAM, les pays o\u00f9 le niveau d\u2019alerte est le plus \u00e9lev\u00e9 sont : <strong>l\u2019Afghanistan, le Nig\u00e9ria, la Somalie, le Soudan du Sud et le Y\u00e9men.<\/strong><\/p>\n<p>Ha\u00efti, le Sahel (Burkina Faso et Mali) et le Soudan ont \u00e9t\u00e9 \u00e9lev\u00e9s au plus haut niveau de pr\u00e9occupation. Cela est d\u00fb aux s\u00e9v\u00e8res restrictions de mouvement des personnes et des biens au Burkina Faso, en Ha\u00efti et au Mali, et au r\u00e9cent d\u00e9clenchement du conflit au Soudan.<\/p>\n<p>La R\u00e9publique centrafricaine, la R\u00e9publique d\u00e9mocratique du Congo, l\u2019\u00c9thiopie, le Kenya, le Pakistan et la Syrie sont des \u201cpoints chauds\u201d tr\u00e8s pr\u00e9occupants, et l\u2019alerte est \u00e9galement \u00e9tendue au Myanmar. Tous ces \u00ab points chauds \u00bb comptent un grand nombre de personnes confront\u00e9es \u00e0 une ins\u00e9curit\u00e9 alimentaire aigu\u00eb critique, associ\u00e9e \u00e0 une d\u00e9t\u00e9rioration des facteurs qui devraient encore aggraver les conditions potentiellement mortelles dans les mois \u00e0 venir.<\/p>\n<p>Le Liban a \u00e9t\u00e9 ajout\u00e9 \u00e0 la liste des \u201cpoints chauds\u201d, rejoignant le Malawi et l\u2019Am\u00e9rique centrale (El Salvador, Guatemala, Honduras et Nicaragua).<\/p>\n<p>\u00c9tant donn\u00e9 leur niveau d\u2019ins\u00e9curit\u00e9 alimentaire pass\u00e9, et si on prend en compte les facteurs aggravants li\u00e9s aux conflits et aux d\u00e9r\u00e8glements climatiques, l\u2019ensemble de ces pays ont des communaut\u00e9s confront\u00e9es ou susceptibles d\u2019\u00eatre confront\u00e9es \u00e0 la famine, ou risquent de glisser vers des conditions catastrophiques. Ces \u201cpoints chauds\u201d n\u00e9cessitent l\u2019attention la plus urgente.<\/p>\n<h2>Comment lutter contre la famine dans le monde ?<\/h2>\n<p>Pour <strong>\u00e9viter une nouvelle d\u00e9t\u00e9rioration de la faim et de la malnutrition<\/strong> aigu\u00ebs, le rapport de la FAO et du PAM fournit des recommandations concr\u00e8tes sp\u00e9cifiques \u00e0 chaque pays sur les priorit\u00e9s d\u2019une intervention d\u2019urgence imm\u00e9diate pour sauver des vies, <strong>pr\u00e9venir la famine<\/strong> et prot\u00e9ger les moyens de subsistance, ainsi que des mesures d\u2019anticipation.<\/p>\n<p>L\u2019action humanitaire est essentielle pour pr\u00e9venir la famine et la mort. Le rapport souligne \u00e9galement l\u2019importance de renforcer l\u2019action anticipative dans l\u2019aide humanitaire et l\u2019aide au d\u00e9veloppement, en veillant \u00e0 ce que les al\u00e9as pr\u00e9visibles ne se transforment pas en v\u00e9ritables catastrophes humanitaires.<\/p>\n<p>Face aux pr\u00e9visions inqui\u00e9tantes, l\u2019ONU a appel\u00e9 \u00e0 un changement de paradigme en faveur d\u2019une meilleure pr\u00e9vention, d\u2019une meilleure anticipation et d\u2019un meilleur ciblage pour s\u2019attaquer aux causes profondes des crises alimentaires, plut\u00f4t que de r\u00e9pondre \u00e0 leurs impacts lorsqu\u2019elles se produisent. Du point de vue du d\u00e9veloppement, il est de la plus haute importance d\u2019augmenter les investissements de base pour s\u2019attaquer aux causes profondes des crises alimentaires et de la malnutrition infantile.<\/p>\n<h2>Qui sont les personnes touch\u00e9es par la famine ?<\/h2>\n<p>Les populations les plus affect\u00e9es par la famine dans le monde sont majoritairement<strong> les populations qui sont en premi\u00e8re ligne lors des conflits<\/strong>, et qui sont contraintes de quitter leur foyer afin de fuirla violence. Ce sont \u00e9galement ces personnes qui sont affect\u00e9es tr\u00e8s durement par les catastrophes climatiques, comme le montre un rapport d\u2019Oxfam intitul\u00e9 La faim dans un monde qui se r\u00e9chauffe : dix des pays les plus sensibles aux risques climatiques, \u00e0 savoir la Somalie, Ha\u00efti, Djibouti, le Kenya, le Niger, l\u2019Afghanistan, le Guatemala, Madagascar, le Burkina Faso et le Zimbabwe, ont \u00e9t\u00e9 frapp\u00e9s par des ph\u00e9nom\u00e8nes m\u00e9t\u00e9orologiques extr\u00eames de mani\u00e8re r\u00e9p\u00e9t\u00e9e au cours des deux derni\u00e8res d\u00e9cennies.<\/p>\n<p>Les habitants des pays les moins responsables de la crise climatique sont ceux qui en subissent le plus les cons\u00e9quences et qui ont le moins de ressources pour y faire face.<\/p>\n<div class=\"buffer\"><\/div>","protected":false},"excerpt":{"rendered":"<p>Selon l\u2019ONU, sous l\u2019effet des conflits, des chocs \u00e9conomiques et des catastrophes climatiques, l\u2019ins\u00e9curit\u00e9 alimentaire s\u2019est encore aggrav\u00e9e dans le monde. En 2022, ce sont pr\u00e8s de 258 millions de personnes qui ont eu besoin d\u2019une aide alimentaire d\u2019urgence contre 193 millions en 2021. Faim dans le monde : pourquoi est-elle toujours d\u2019actualit\u00e9 en 2023 [&hellip;]<\/p>\n","protected":false},"author":0,"featured_media":162722,"comment_status":"open","ping_status":"open","sticky":false,"template":"","format":"standard","meta":{"_acf_changed":false,"_relevanssi_hide_post":"","_relevanssi_hide_content":"","_relevanssi_pin_for_all":"","_relevanssi_pin_keywords":"","_relevanssi_unpin_keywords":"","_relevanssi_related_keywords":"","_relevanssi_related_include_ids":"","_relevanssi_related_exclude_ids":"","_relevanssi_related_no_append":"","_relevanssi_related_not_related":"","_relevanssi_related_posts":"162677,162676,162675,162674,162672,162671","_relevanssi_noindex_reason":"","footnotes":""},"categories":[91],"tags":[],"topic":[58],"contributor":[33],"one_content_audience":[],"one_content_type":[],"one_content_tone":[],"class_list":["post-162673","post","type-post","status-publish","format-standard","has-post-thumbnail","hentry","category-donnees","topic-nutrition","contributor-one-france"],"acf":[],"yoast_head":"<!-- This site is optimized with the Yoast SEO Premium plugin v27.1 (Yoast SEO v27.1.1) - https:\/\/yoast.com\/product\/yoast-seo-premium-wordpress\/ -->\n<title>Faim dans le monde : pourquoi est-elle toujours d&#039;actualit\u00e9 en 2023 ? - ONE.org France<\/title>\n<meta name=\"description\" content=\"D\u00e9couvrez pourquoi plus de 800 millions de personnes souffrent encore de la faim dans le monde en 2023.\" \/>\n<meta name=\"robots\" content=\"index, follow, max-snippet:-1, max-image-preview:large, max-video-preview:-1\" \/>\n<link rel=\"canonical\" href=\"https:\/\/www.one.org\/fr\/actualites\/faim-dans-le-monde-pourquoi-est-elle-toujours-dactualite-en-2023\/\" \/>\n<meta property=\"og:locale\" content=\"fr_FR\" \/>\n<meta property=\"og:type\" content=\"article\" \/>\n<meta property=\"og:title\" content=\"Faim dans le monde : pourquoi est-elle toujours d&#039;actualit\u00e9 en 2023 ?\" \/>\n<meta property=\"og:description\" content=\"D\u00e9couvrez pourquoi plus de 800 millions de personnes souffrent encore de la faim dans le monde en 2023.\" \/>\n<meta property=\"og:url\" content=\"https:\/\/www.one.org\/fr\/actualites\/faim-dans-le-monde-pourquoi-est-elle-toujours-dactualite-en-2023\/\" \/>\n<meta property=\"og:site_name\" content=\"ONE.org France\" \/>\n<meta property=\"article:publisher\" content=\"https:\/\/www.facebook.com\/ONE.Fr\" \/>\n<meta property=\"article:published_time\" content=\"2023-07-28T16:09:36+00:00\" \/>\n<meta property=\"article:modified_time\" content=\"2024-04-23T12:30:29+00:00\" \/>\n<meta property=\"og:image\" content=\"https:\/\/www.one.org\/fr\/wp-content\/uploads\/sites\/4\/2023\/07\/Food-insec-scaled-1.jpg\" \/>\n\t<meta property=\"og:image:width\" content=\"2560\" \/>\n\t<meta property=\"og:image:height\" content=\"1707\" \/>\n\t<meta property=\"og:image:type\" content=\"image\/jpeg\" \/>\n<meta name=\"twitter:card\" content=\"summary_large_image\" \/>\n<meta name=\"twitter:creator\" content=\"@one_fr\" \/>\n<meta name=\"twitter:site\" content=\"@one_fr\" \/>\n<meta name=\"twitter:label1\" content=\"Est. reading time\" \/>\n\t<meta name=\"twitter:data1\" content=\"7 minutes\" \/>\n<script type=\"application\/ld+json\" class=\"yoast-schema-graph\">{\"@context\":\"https:\/\/schema.org\",\"@graph\":[{\"@type\":\"Article\",\"@id\":\"https:\/\/www.one.org\/fr\/actualites\/faim-dans-le-monde-pourquoi-est-elle-toujours-dactualite-en-2023\/#article\",\"isPartOf\":{\"@id\":\"https:\/\/www.one.org\/fr\/actualites\/faim-dans-le-monde-pourquoi-est-elle-toujours-dactualite-en-2023\/\"},\"author\":{\"name\":\"\",\"@id\":\"\"},\"headline\":\"Faim dans le monde : pourquoi est-elle toujours d&#8217;actualit\u00e9 en 2023 ?\",\"datePublished\":\"2023-07-28T16:09:36+00:00\",\"dateModified\":\"2024-04-23T12:30:29+00:00\",\"mainEntityOfPage\":{\"@id\":\"https:\/\/www.one.org\/fr\/actualites\/faim-dans-le-monde-pourquoi-est-elle-toujours-dactualite-en-2023\/\"},\"wordCount\":1670,\"commentCount\":0,\"image\":{\"@id\":\"https:\/\/www.one.org\/fr\/actualites\/faim-dans-le-monde-pourquoi-est-elle-toujours-dactualite-en-2023\/#primaryimage\"},\"thumbnailUrl\":\"https:\/\/www.one.org\/fr\/wp-content\/uploads\/sites\/4\/2023\/07\/Food-insec-scaled-1.jpg\",\"articleSection\":[\"Donn\u00e9es\"],\"inLanguage\":\"fr-FR\",\"potentialAction\":[{\"@type\":\"CommentAction\",\"name\":\"Comment\",\"target\":[\"https:\/\/www.one.org\/fr\/actualites\/faim-dans-le-monde-pourquoi-est-elle-toujours-dactualite-en-2023\/#respond\"]}]},{\"@type\":\"WebPage\",\"@id\":\"https:\/\/www.one.org\/fr\/actualites\/faim-dans-le-monde-pourquoi-est-elle-toujours-dactualite-en-2023\/\",\"url\":\"https:\/\/www.one.org\/fr\/actualites\/faim-dans-le-monde-pourquoi-est-elle-toujours-dactualite-en-2023\/\",\"name\":\"Faim dans le monde : pourquoi est-elle toujours d'actualit\u00e9 en 2023 ? - ONE.org France\",\"isPartOf\":{\"@id\":\"https:\/\/www.one.org\/fr\/#website\"},\"primaryImageOfPage\":{\"@id\":\"https:\/\/www.one.org\/fr\/actualites\/faim-dans-le-monde-pourquoi-est-elle-toujours-dactualite-en-2023\/#primaryimage\"},\"image\":{\"@id\":\"https:\/\/www.one.org\/fr\/actualites\/faim-dans-le-monde-pourquoi-est-elle-toujours-dactualite-en-2023\/#primaryimage\"},\"thumbnailUrl\":\"https:\/\/www.one.org\/fr\/wp-content\/uploads\/sites\/4\/2023\/07\/Food-insec-scaled-1.jpg\",\"datePublished\":\"2023-07-28T16:09:36+00:00\",\"dateModified\":\"2024-04-23T12:30:29+00:00\",\"author\":{\"@id\":\"\"},\"description\":\"D\u00e9couvrez pourquoi plus de 800 millions de personnes souffrent encore de la faim dans le monde en 2023.\",\"breadcrumb\":{\"@id\":\"https:\/\/www.one.org\/fr\/actualites\/faim-dans-le-monde-pourquoi-est-elle-toujours-dactualite-en-2023\/#breadcrumb\"},\"inLanguage\":\"fr-FR\",\"potentialAction\":[{\"@type\":\"ReadAction\",\"target\":[\"https:\/\/www.one.org\/fr\/actualites\/faim-dans-le-monde-pourquoi-est-elle-toujours-dactualite-en-2023\/\"]}]},{\"@type\":\"ImageObject\",\"inLanguage\":\"fr-FR\",\"@id\":\"https:\/\/www.one.org\/fr\/actualites\/faim-dans-le-monde-pourquoi-est-elle-toujours-dactualite-en-2023\/#primaryimage\",\"url\":\"https:\/\/www.one.org\/fr\/wp-content\/uploads\/sites\/4\/2023\/07\/Food-insec-scaled-1.jpg\",\"contentUrl\":\"https:\/\/www.one.org\/fr\/wp-content\/uploads\/sites\/4\/2023\/07\/Food-insec-scaled-1.jpg\",\"width\":2560,\"height\":1707},{\"@type\":\"BreadcrumbList\",\"@id\":\"https:\/\/www.one.org\/fr\/actualites\/faim-dans-le-monde-pourquoi-est-elle-toujours-dactualite-en-2023\/#breadcrumb\",\"itemListElement\":[{\"@type\":\"ListItem\",\"position\":1,\"name\":\"Home\",\"item\":\"https:\/\/www.one.org\/fr\/\"},{\"@type\":\"ListItem\",\"position\":2,\"name\":\"Faim dans le monde : pourquoi est-elle toujours d&#8217;actualit\u00e9 en 2023 ?\"}]},{\"@type\":\"WebSite\",\"@id\":\"https:\/\/www.one.org\/fr\/#website\",\"url\":\"https:\/\/www.one.org\/fr\/\",\"name\":\"ONE.org\",\"description\":\"Cr\u00e9er des opportunit\u00e9s \u00e9conomiques et am\u00e9liorer la sant\u00e9 en Afrique\",\"potentialAction\":[{\"@type\":\"SearchAction\",\"target\":{\"@type\":\"EntryPoint\",\"urlTemplate\":\"https:\/\/www.one.org\/fr\/?s={search_term_string}\"},\"query-input\":{\"@type\":\"PropertyValueSpecification\",\"valueRequired\":true,\"valueName\":\"search_term_string\"}}],\"inLanguage\":\"fr-FR\"}]}<\/script>\n<!-- \/ Yoast SEO Premium plugin. -->","yoast_head_json":{"title":"Faim dans le monde : pourquoi est-elle toujours d'actualit\u00e9 en 2023 ? - ONE.org France","description":"D\u00e9couvrez pourquoi plus de 800 millions de personnes souffrent encore de la faim dans le monde en 2023.","robots":{"index":"index","follow":"follow","max-snippet":"max-snippet:-1","max-image-preview":"max-image-preview:large","max-video-preview":"max-video-preview:-1"},"canonical":"https:\/\/www.one.org\/fr\/actualites\/faim-dans-le-monde-pourquoi-est-elle-toujours-dactualite-en-2023\/","og_locale":"fr_FR","og_type":"article","og_title":"Faim dans le monde : pourquoi est-elle toujours d'actualit\u00e9 en 2023 ?","og_description":"D\u00e9couvrez pourquoi plus de 800 millions de personnes souffrent encore de la faim dans le monde en 2023.","og_url":"https:\/\/www.one.org\/fr\/actualites\/faim-dans-le-monde-pourquoi-est-elle-toujours-dactualite-en-2023\/","og_site_name":"ONE.org France","article_publisher":"https:\/\/www.facebook.com\/ONE.Fr","article_published_time":"2023-07-28T16:09:36+00:00","article_modified_time":"2024-04-23T12:30:29+00:00","og_image":[{"width":2560,"height":1707,"url":"https:\/\/www.one.org\/fr\/wp-content\/uploads\/sites\/4\/2023\/07\/Food-insec-scaled-1.jpg","type":"image\/jpeg"}],"twitter_card":"summary_large_image","twitter_creator":"@one_fr","twitter_site":"@one_fr","twitter_misc":{"Est. reading time":"7 minutes"},"schema":{"@context":"https:\/\/schema.org","@graph":[{"@type":"Article","@id":"https:\/\/www.one.org\/fr\/actualites\/faim-dans-le-monde-pourquoi-est-elle-toujours-dactualite-en-2023\/#article","isPartOf":{"@id":"https:\/\/www.one.org\/fr\/actualites\/faim-dans-le-monde-pourquoi-est-elle-toujours-dactualite-en-2023\/"},"author":{"name":"","@id":""},"headline":"Faim dans le monde : pourquoi est-elle toujours d&#8217;actualit\u00e9 en 2023 ?","datePublished":"2023-07-28T16:09:36+00:00","dateModified":"2024-04-23T12:30:29+00:00","mainEntityOfPage":{"@id":"https:\/\/www.one.org\/fr\/actualites\/faim-dans-le-monde-pourquoi-est-elle-toujours-dactualite-en-2023\/"},"wordCount":1670,"commentCount":0,"image":{"@id":"https:\/\/www.one.org\/fr\/actualites\/faim-dans-le-monde-pourquoi-est-elle-toujours-dactualite-en-2023\/#primaryimage"},"thumbnailUrl":"https:\/\/www.one.org\/fr\/wp-content\/uploads\/sites\/4\/2023\/07\/Food-insec-scaled-1.jpg","articleSection":["Donn\u00e9es"],"inLanguage":"fr-FR","potentialAction":[{"@type":"CommentAction","name":"Comment","target":["https:\/\/www.one.org\/fr\/actualites\/faim-dans-le-monde-pourquoi-est-elle-toujours-dactualite-en-2023\/#respond"]}]},{"@type":"WebPage","@id":"https:\/\/www.one.org\/fr\/actualites\/faim-dans-le-monde-pourquoi-est-elle-toujours-dactualite-en-2023\/","url":"https:\/\/www.one.org\/fr\/actualites\/faim-dans-le-monde-pourquoi-est-elle-toujours-dactualite-en-2023\/","name":"Faim dans le monde : pourquoi est-elle toujours d'actualit\u00e9 en 2023 ? - ONE.org France","isPartOf":{"@id":"https:\/\/www.one.org\/fr\/#website"},"primaryImageOfPage":{"@id":"https:\/\/www.one.org\/fr\/actualites\/faim-dans-le-monde-pourquoi-est-elle-toujours-dactualite-en-2023\/#primaryimage"},"image":{"@id":"https:\/\/www.one.org\/fr\/actualites\/faim-dans-le-monde-pourquoi-est-elle-toujours-dactualite-en-2023\/#primaryimage"},"thumbnailUrl":"https:\/\/www.one.org\/fr\/wp-content\/uploads\/sites\/4\/2023\/07\/Food-insec-scaled-1.jpg","datePublished":"2023-07-28T16:09:36+00:00","dateModified":"2024-04-23T12:30:29+00:00","author":{"@id":""},"description":"D\u00e9couvrez pourquoi plus de 800 millions de personnes souffrent encore de la faim dans le monde en 2023.","breadcrumb":{"@id":"https:\/\/www.one.org\/fr\/actualites\/faim-dans-le-monde-pourquoi-est-elle-toujours-dactualite-en-2023\/#breadcrumb"},"inLanguage":"fr-FR","potentialAction":[{"@type":"ReadAction","target":["https:\/\/www.one.org\/fr\/actualites\/faim-dans-le-monde-pourquoi-est-elle-toujours-dactualite-en-2023\/"]}]},{"@type":"ImageObject","inLanguage":"fr-FR","@id":"https:\/\/www.one.org\/fr\/actualites\/faim-dans-le-monde-pourquoi-est-elle-toujours-dactualite-en-2023\/#primaryimage","url":"https:\/\/www.one.org\/fr\/wp-content\/uploads\/sites\/4\/2023\/07\/Food-insec-scaled-1.jpg","contentUrl":"https:\/\/www.one.org\/fr\/wp-content\/uploads\/sites\/4\/2023\/07\/Food-insec-scaled-1.jpg","width":2560,"height":1707},{"@type":"BreadcrumbList","@id":"https:\/\/www.one.org\/fr\/actualites\/faim-dans-le-monde-pourquoi-est-elle-toujours-dactualite-en-2023\/#breadcrumb","itemListElement":[{"@type":"ListItem","position":1,"name":"Home","item":"https:\/\/www.one.org\/fr\/"},{"@type":"ListItem","position":2,"name":"Faim dans le monde : pourquoi est-elle toujours d&#8217;actualit\u00e9 en 2023 ?"}]},{"@type":"WebSite","@id":"https:\/\/www.one.org\/fr\/#website","url":"https:\/\/www.one.org\/fr\/","name":"ONE.org","description":"Cr\u00e9er des opportunit\u00e9s \u00e9conomiques et am\u00e9liorer la sant\u00e9 en Afrique","potentialAction":[{"@type":"SearchAction","target":{"@type":"EntryPoint","urlTemplate":"https:\/\/www.one.org\/fr\/?s={search_term_string}"},"query-input":{"@type":"PropertyValueSpecification","valueRequired":true,"valueName":"search_term_string"}}],"inLanguage":"fr-FR"}]}},"distributor_meta":false,"distributor_terms":false,"distributor_media":false,"distributor_original_site_name":"ONE.org France","distributor_original_site_url":"https:\/\/www.one.org\/fr","push-errors":false,"_links":{"self":[{"href":"https:\/\/www.one.org\/fr\/wp-json\/wp\/v2\/posts\/162673","targetHints":{"allow":["GET"]}}],"collection":[{"href":"https:\/\/www.one.org\/fr\/wp-json\/wp\/v2\/posts"}],"about":[{"href":"https:\/\/www.one.org\/fr\/wp-json\/wp\/v2\/types\/post"}],"replies":[{"embeddable":true,"href":"https:\/\/www.one.org\/fr\/wp-json\/wp\/v2\/comments?post=162673"}],"version-history":[{"count":0,"href":"https:\/\/www.one.org\/fr\/wp-json\/wp\/v2\/posts\/162673\/revisions"}],"wp:featuredmedia":[{"embeddable":true,"href":"https:\/\/www.one.org\/fr\/wp-json\/wp\/v2\/media\/162722"}],"wp:attachment":[{"href":"https:\/\/www.one.org\/fr\/wp-json\/wp\/v2\/media?parent=162673"}],"wp:term":[{"taxonomy":"category","embeddable":true,"href":"https:\/\/www.one.org\/fr\/wp-json\/wp\/v2\/categories?post=162673"},{"taxonomy":"post_tag","embeddable":true,"href":"https:\/\/www.one.org\/fr\/wp-json\/wp\/v2\/tags?post=162673"},{"taxonomy":"topic","embeddable":true,"href":"https:\/\/www.one.org\/fr\/wp-json\/wp\/v2\/topic?post=162673"},{"taxonomy":"contributor","embeddable":true,"href":"https:\/\/www.one.org\/fr\/wp-json\/wp\/v2\/contributor?post=162673"},{"taxonomy":"one_content_audience","embeddable":true,"href":"https:\/\/www.one.org\/fr\/wp-json\/wp\/v2\/one_content_audience?post=162673"},{"taxonomy":"one_content_type","embeddable":true,"href":"https:\/\/www.one.org\/fr\/wp-json\/wp\/v2\/one_content_type?post=162673"},{"taxonomy":"one_content_tone","embeddable":true,"href":"https:\/\/www.one.org\/fr\/wp-json\/wp\/v2\/one_content_tone?post=162673"}],"curies":[{"name":"wp","href":"https:\/\/api.w.org\/{rel}","templated":true}]}}