{"id":162667,"date":"2023-07-21T11:03:10","date_gmt":"2023-07-21T11:03:10","guid":{"rendered":"https:\/\/www.one.org\/fr\/endettes-dans-lobscurite\/"},"modified":"2024-04-23T12:30:52","modified_gmt":"2024-04-23T12:30:52","slug":"endettes-dans-lobscurite","status":"publish","type":"post","link":"https:\/\/www.one.org\/fr\/actualites\/endettes-dans-lobscurite\/","title":{"rendered":"Endett\u00e9s dans l\u2019obscurit\u00e9"},"content":{"rendered":"<h4><em><a href=\"https:\/\/www.one.org\/fr\/nos-combats\/ondes-de-choc\/\">Inscrivez-vous<\/a>&nbsp;pour recevoir Ondes de choc, notre newsletter hebdomadaire pour suivre les cons&eacute;quences des diff&eacute;rentes crises actuelles (&eacute;conomique, sanitaire, alimentaire, climatique), notamment pour les pays d&rsquo;Afrique. Nous vous proposons des analyses pointues, succinctes et r&eacute;fl&eacute;chies de la part des experts de ONE.<\/em><\/h4>\n<p><em>Cette semaine dans Ondes de Choc : Les banques multinationales laissent les citoyens lourdement endett&eacute;s dans le flou, les in&eacute;galit&eacute;s mondiales mettent en p&eacute;ril l&rsquo;action climatique, bonnes nouvelles sur la vaccination des enfants, et plein d&rsquo;autres choses encore.&nbsp;<\/em><\/p>\n<p><strong>ACTUALIT&Eacute;S<\/strong><\/p>\n<p><strong>Endett&eacute;s dans l&rsquo;obscurit&eacute; :<\/strong> <a href=\"https:\/\/debtjustice.org.uk\/press-release\/banks-break-own-rules-to-hide-over-30-billion-of-loans-to-lower-income-countries\">Les banques multinationales ainsi que les gouvernements du G7 ont choisi de ne pas divulguer les d&eacute;tails de leurs pr&ecirc;ts aux pays &agrave; faible revenu<\/a>. Il s&rsquo;agit pourtant d&lsquo;informations essentielles qui pourraient aider les dirigeants de ces pays pauvres &agrave; am&eacute;liorer la gestion de leurs dettes et donc am&eacute;liorer la vie de millions de personnes. Malgr&eacute; un accord volontaire conclu en 2019 pour divulguer les d&eacute;tails des pr&ecirc;ts, de nombreuses banques multinationales dont Citigroup, Deutsch Bank et HSBC n&rsquo;ont pas respect&eacute; leurs engagements et n&rsquo;ont pas d&eacute;voil&eacute; les d&eacute;tails concernant les 37 milliards de dollars pr&ecirc;t&eacute;s aux pays &agrave; faible revenu.<a href=\"https:\/\/debtjustice.org.uk\/wp-content\/uploads\/2023\/07\/Hidden-billions_07.23.pdf\"> Les pays du G7 ne font pas vraiment mieux <\/a>en ce qui concerne un engagement similaire conclu en 2021. La Chine, le plus grand donateur public, n&rsquo;a m&ecirc;me pas pris la peine d&rsquo;accorder un int&eacute;r&ecirc;t m&ecirc;me symbolique ou superficiel &agrave; la question de la transparence de la dette. Cette opacit&eacute; nuit grandement aux pays africains, d&eacute;j&agrave; surendett&eacute;s. Ce sont finalement leurs citoyens qui subissent les co&ucirc;ts r&eacute;els tandis que que leurs gouvernements d&eacute;pensent plus dans le <a href=\"https:\/\/data.one.org\/topics\/african-debt\/#debt-service-as-a-share-of-government-spending\">remboursement de leurs dettes que pour la sant&eacute; ou l&rsquo;&eacute;ducation.<\/a> Dans un contexte <a href=\"https:\/\/www.lemonde.fr\/afrique\/article\/2023\/06\/18\/l-afrique-retombe-dans-le-piege-de-la-dette_6178186_3212.html\">de progr&egrave;s tr&egrave;s lent en mati&egrave;re de restructuration de la dette<\/a> des pays vuln&eacute;rables, l&rsquo;engagement sur la transparence de la dette est un fruit &agrave; port&eacute;e de main pour les pr&ecirc;teurs d&eacute;sireux de faire preuve de bonne foi.<\/p>\n<p><img decoding=\"async\" loading=\"lazy\" class=\"size-full wp-image-161993 alignleft\" src=\"https:\/\/cdn.one.org\/fr\/wp-content\/uploads\/2023\/07\/21105812\/Capture-3-640x370.jpg\" alt=\"\" width=\"642\" height=\"370\"><\/p>\n<p>&nbsp;<\/p>\n<p>&nbsp;<\/p>\n<p>&nbsp;<\/p>\n<p>&nbsp;<\/p>\n<p>&nbsp;<\/p>\n<p>&nbsp;<\/p>\n<p>&nbsp;<\/p>\n<p>&nbsp;<\/p>\n<p>&nbsp;<\/p>\n<p>&nbsp;<\/p>\n<p><strong>Miser sur l&rsquo;aide :<\/strong> <a href=\"https:\/\/www.lemonde.fr\/idees\/article\/2023\/07\/19\/les-inegalites-compromettent-tous-nos-objectifs-sociaux-et-environnementaux-lettre-au-secretaire-general-de-l-onu-et-au-president-de-la-banque-mondiale_6182567_3232.html\">200 &eacute;conomistes de renom alertent sur la mont&eacute;e en fl&egrave;che des in&eacute;galit&eacute;s<\/a> qui risque de saper les efforts d&eacute;ploy&eacute;s pour lutter contre les catastrophes climatiques et la pauvret&eacute;. Dans une lettre adress&eacute;e aux Nations Unies et &agrave; la Banque mondiale, ils demandent d&rsquo;urgence des mesures ambitieuses pour enrayer la plus forte augmentation des in&eacute;galit&eacute;s mondiales jamais recens&eacute;e en 80 ans. La Banque mondiale est <a href=\"https:\/\/data.one.org\/data-dives\/unlocking-a-trillion-dollars-for-development\/\">un acteur cl&eacute;<\/a> de la lutte contre l&rsquo;aggravation des in&eacute;galit&eacute;s dans le monde, gr&acirc;ce &agrave; ses m&eacute;canismes de mobilisation de capitaux et de pr&ecirc;ts. Cependant les besoins des pays &agrave; faible revenu augmentent plus vite que les financements accord&eacute;s par la Banque. Cette situation a suscit&eacute; des <a href=\"https:\/\/www.lepoint.fr\/afrique\/pour-l-afrique-une-reforme-de-l-architecture-financiere-mondiale-est-necessaire-02-05-2023-2518608_3826.php\">appels &agrave; des r&eacute;formes visant &agrave; accro&icirc;tre sa capacit&eacute; de pr&ecirc;ts<\/a>. En r&eacute;ponse, le pr&eacute;sident de la Banque mondiale, Ajay Banga, a annonc&eacute; des <a href=\"https:\/\/www.tradingsat.com\/actualites\/marches-financiers\/marche-le-chef-de-la-banque-mondiale-veut-en-augmenter-la-capacite-de-pret-1077351.html\">progr&egrave;s sur deux nouveaux instruments <\/a>qui pourraient chacun d&eacute;bloquer environ 6 milliards de dollars de pr&ecirc;ts suppl&eacute;mentaires pour chaque milliard de dollars engag&eacute; par les pays actionnaires. Le succ&egrave;s final de ces mesures d&eacute;pend donc de la volont&eacute; de ces m&ecirc;mes pays. Les choses se pr&eacute;sentent cependant tr&egrave;s mal: sept ministres des finances, dont ceux de la France, de l&rsquo;Allemagne et du Royaume-Uni, <a href=\"https:\/\/www.challenges.fr\/finance-et-marche\/g20-les-discussions-sur-la-restructuration-de-la-dette-ralenties-par-des-divergences-et-un-faible-taux-de-participation_862053\">n&rsquo;ont pas pris la peine d&rsquo;assister &agrave; la r&eacute;union des ministres des finances <\/a>du G20 qui s&rsquo;est tenue la semaine derni&egrave;re et au cours de laquelle la r&eacute;forme des banques multilat&eacute;rales de d&eacute;veloppement &eacute;tait &agrave; l&rsquo;ordre du jour. &macr;_(&#12484;)_\/&macr;<\/p>\n<p><strong>Aide alimentaire :<\/strong> Le Nigeria <a href=\"https:\/\/www.atalayar.com\/fr\/articulo\/societe\/nigeria-declare-letat-durgence-raison-linsecurite-alimentaire\/20230714150553188221.html\">a d&eacute;clar&eacute; l&rsquo;&eacute;tat d&rsquo;urgence en mati&egrave;re de s&eacute;curit&eacute; alimentaire<\/a> et ses citoyens sont confront&eacute;s &agrave; la flamb&eacute;e des prix des produits alimentaires. Cette d&eacute;cision permet au gouvernement de prendre des mesures d&rsquo;urgence pour augmenter l&rsquo;offre alimentaire, notamment en distribuant des c&eacute;r&eacute;ales et des engrais &agrave; ceux qui en ont besoin. L&rsquo;augmentation des prix des denr&eacute;es alimentaires a &eacute;t&eacute; le principal facteur de la hausse de l&rsquo;inflation au Nigeria, <a href=\"https:\/\/www.cnbcafrica.com\/2023\/nigeria-inflation-rises-further-in-june-putting-pressure-on-central-bank\/\">pour le sixi&egrave;me mois cons&eacute;cutif<\/a>. Si la r&eacute;cente suppression des subventions aux carburants et la r&eacute;forme du taux de change mise en place par le pr&eacute;sident Bola Tinubu ont contribu&eacute; au probl&egrave;me, la hausse des prix alimentaires avait commenc&eacute; bien avant son arriv&eacute;e au pouvoir. L&rsquo;ins&eacute;curit&eacute;, le changement climatique et l&rsquo;augmentation du co&ucirc;t des importations des denr&eacute;es alimentaires essentielles ont tous contribu&eacute;<a href=\"https:\/\/www.agenceecofin.com\/economie\/1407-110301-nigeria-le-president-bola-tinubu-declare-letat-durgence-sur-la-securite-alimentaire\"> &agrave; la diminution de l&rsquo;offre alimentaire <\/a>au cours des derni&egrave;res ann&eacute;es. Il est possible que la situation s&rsquo;aggrave encore au cours des prochains mois : le refus de la Russie de <a href=\"https:\/\/www.latribune.fr\/economie\/international\/cereales-ukrainiennes-la-russie-refuse-de-prolonger-l-accord-969913.html\">prolonger les accords sur les c&eacute;r&eacute;ales de la mer Noire<\/a> menace de r&eacute;duire l&rsquo;offre mondiale de c&eacute;r&eacute;ales telles que le bl&eacute; et l&rsquo;orge, ce qui entra&icirc;nerait une hausse de leurs co&ucirc;ts. C&rsquo;est une triste nouvelle pour les 16 millions de Nig&eacute;rians qui souffrent d&eacute;j&agrave; d&rsquo;une grave ins&eacute;curit&eacute; alimentaire.<\/p>\n<p><img decoding=\"async\" loading=\"lazy\" class=\"size-full wp-image-161994 alignleft\" src=\"https:\/\/cdn.one.org\/fr\/wp-content\/uploads\/2023\/07\/21105816\/Capture1-640x383.jpg\" alt=\"\" width=\"722\" height=\"432\"><\/p>\n<p>&nbsp;<\/p>\n<p>&nbsp;<\/p>\n<p><strong>D&rsquo;anciennes cicatrices refont surface : <\/strong>Un sc&eacute;nario cauchemardesque <a href=\"https:\/\/www.rfi.fr\/fr\/afrique\/20230717-%C3%A0-la-fronti%C3%A8re-tchadienne-les-t%C3%A9moignages-gla%C3%A7ants-de-rescap%C3%A9s-soudanais-des-massacres-au-darfour\">de d&eacute;j&agrave; vu se concr&eacute;tise actuellement dans la r&eacute;gion du Darfour<\/a> au Soudan. Tandis que le conflit entre les forces arm&eacute;es soudanaises et le groupe paramilitaire RSF fait rage, on signale de plus en plus <a href=\"https:\/\/www.voaafrique.com\/a\/au-darfour-l-histoire-se-r%C3%A9p%C3%A8te-et-avec-elle-les-crimes-de-guerre-\/7158173.html\">d&rsquo;attaques cibl&eacute;es de la part des milices arabes et du RSF<\/a> contre la population Masalit, une ethnie non-arabe de la r&eacute;gion. Les r&eacute;cits de t&eacute;moins faisant &eacute;tat de villages incendi&eacute;s, de violences sexuelles et d&rsquo;ex&eacute;cutions sommaires rappellent de mani&egrave;re troublante les attaques men&eacute;es par les Janjawids lors du g&eacute;nocide du Darfour, il y a 20 ans. Ces all&eacute;gations sont suffisamment graves pour justifier<a href=\"https:\/\/news.un.org\/fr\/story\/2023\/07\/1136837\"> l&rsquo;ouverture d&rsquo;une enqu&ecirc;te par la Cour p&eacute;nale internationale (CPI)<\/a>. La CPI a toujours quatre mandats d&rsquo;arr&ecirc;t en suspens li&eacute;s au g&eacute;nocide pr&eacute;c&eacute;dent. L&rsquo;un de ces mandats vise l&rsquo;ancien pr&eacute;sident Omar al Bashir, que beaucoup consid&egrave;rent comme le principal instigateur du conflit actuel pour avoir dress&eacute; l&rsquo;arm&eacute;e et le groupe paramilitaire RSF l&rsquo;une contre l&rsquo;autre pendant son mandat. Le probl&egrave;me est que personne ne semble savoir o&ugrave; se trouve Bashir &#128064;. Face &agrave; la menace de voir le conflit d&eacute;g&eacute;n&eacute;rer en v&eacute;ritable guerre civile et la crise humanitaire s&rsquo;aggraver,<a href=\"https:\/\/www.acatfrance.fr\/Article\/massacres-au-soudan-et-apathie-internationale\"> le Soudan a besoin de toute l&rsquo;attention de la communaut&eacute; internationale<\/a>.<\/p>\n<p><strong>Poutine mis dehors :<\/strong> Le pr&eacute;sident russe Vladimir Poutine<a href=\"https:\/\/www.lemonde.fr\/international\/article\/2023\/07\/19\/vladimir-poutine-renonce-a-assister-au-sommet-des-brics-en-afrique-du-sud_6182668_3210.html\"> ne participera finalement pas<\/a> au sommet des BRICS en ao&ucirc;t. Cette d&eacute;cision est probablement un &eacute;norme soulagement pour l&rsquo;Afrique du Sud, pays h&ocirc;te du sommet. L&rsquo;absence de Poutine met fin &agrave; la question de savoir si l&rsquo;Afrique du Sud appliquera le mandat d&rsquo;arr&ecirc;t d&eacute;livr&eacute; par la Cour p&eacute;nale internationale &agrave; son encontre pour les crimes de guerre perp&eacute;tr&eacute;s par son arm&eacute;e en Ukraine. Le pr&eacute;sident sud-africain Cyril Ramaphosa avait averti que l&rsquo;arrestation de Poutine<a href=\"https:\/\/www.lemonde.fr\/afrique\/article\/2023\/07\/18\/pour-le-president-sud-africain-arreter-poutine-au-sommet-des-brics-serait-une-declaration-de-guerre_6182517_3212.html\"> serait une &laquo; d&eacute;claration de guerre &raquo;<\/a>. Pour le moment, le gouvernement de Ramaphosa peut donc continuer <a href=\"https:\/\/www.courrierinternational.com\/article\/diplomatie-le-perilleux-non-alignement-de-l-afrique-du-sud-sur-la-guerre-en-ukraine\">&agrave; tourner autour du pot et ne pas prendre de responsabilit&eacute;s<\/a> face aux exactions de la Russie en Ukraine.<\/p>\n<p><strong>La remont&eacute;e: <\/strong>Des nouvelles donn&eacute;es de l&rsquo;OMS montrent des signes encourageants <a href=\"https:\/\/www.lesechos.fr\/monde\/enjeux-internationaux\/la-vaccination-des-enfants-dans-le-monde-se-redresse-apres-la-chute-liee-au-covid-1962773\">d&rsquo;une remont&eacute;e du nombre de vaccinations infantiles, apr&egrave;s une baisse<\/a> pendant la pand&eacute;mie de COVID-19. En 2022, les services mondiaux de vaccination ont touch&eacute; 4 millions d&rsquo;enfants de plus qu&rsquo;en 2021, et la couverture vaccinale contre le papillomavirus a d&eacute;pass&eacute; pour la premi&egrave;re fois les niveaux d&rsquo;avant la pand&eacute;mie. Toutefois, la plupart des pays ne sont pas encore sortis d&rsquo;affaire : sur les 73 pays qui ont enregistr&eacute; une baisse importante de la couverture vaccinale pendant la pand&eacute;mie, seuls 15 ont retrouv&eacute; leur niveau d&rsquo;avant la pand&eacute;mie. Par ailleurs, un nombre alarmant de 34 pays ont connu une stagnation ou une baisse de la couverture en 2022. De nombreux pays concern&eacute;s se trouvent en Afrique.<\/p>\n<p><strong>L&rsquo;&Eacute;QUIPE DE ONE EN ACTION :&nbsp;<\/strong><\/p>\n<ul>\n<li><a href=\"https:\/\/act.one.org\/survey\/nelson-mandela-quiz-citations\/\">Le quiz de ONE sur la Journ&eacute;e Nelson Mandela<\/a> met &agrave; l&rsquo;&eacute;preuve vos connaissances sur les plus grands dictons de l&rsquo;ic&ocirc;ne.<\/li>\n<li>David McNair sera aux c&ocirc;t&eacute;s de Gyude Moore et Savior Mwamba <a href=\"https:\/\/www.csis.org\/podcasts\/africa\/state-africas-indebtedness\">pour discuter de la situation de la dette africaine<\/a> dans le podcast <a href=\"https:\/\/www.lemonde.fr\/afrique\/article\/2023\/07\/18\/pour-le-president-sud-africain-arreter-poutine-au-sommet-des-brics-serait-une-declaration-de-guerre_6182517_3212.html\">&laquo;<\/a> Into Africa <a href=\"https:\/\/www.lemonde.fr\/afrique\/article\/2023\/07\/18\/pour-le-president-sud-africain-arreter-poutine-au-sommet-des-brics-serait-une-declaration-de-guerre_6182517_3212.html\">&raquo;<\/a>.<\/li>\n<li>David McNair <a href=\"https:\/\/twitter.com\/David_McNair\/status\/1679462367476736000?s=20\">r&eacute;capitule les principaux &eacute;l&eacute;ments issus<\/a> de la r&eacute;union du Caucus africain de la Banque mondiale et du FMI.<\/li>\n<li>Gayle Smith r&eacute;agit aux conclusions du rapport de l&rsquo;ONUSIDA selon lesquelles<a href=\"https:\/\/www.voaafrica.com\/a\/unaids-reports-possible-ending-to-hiv-aids\/7186121.html?withmediaplayer=1\"> il est possible de mettre fin &agrave; la crise du VIH\/sida d&rsquo;ici 2030<\/a>.<\/li>\n<li>D&eacute;sir&eacute; Assogbavi partage ses r&eacute;flexions sur les efforts de r&eacute;forme <a href=\"https:\/\/assodesire.com\/2023\/07\/13\/the-reform-of-the-african-union-and-citizens-participation\/\">institutionnelle de l&rsquo;Union africaine<\/a>.<\/li>\n<\/ul>\n<p><strong>LES CHIFFRES :<\/strong><\/p>\n<ul>\n<li><strong>52 %<\/strong> du revenu mondial est concentr&eacute;<a href=\"https:\/\/www.lemonde.fr\/idees\/article\/2023\/07\/19\/les-inegalites-compromettent-tous-nos-objectifs-sociaux-et-environnementaux-lettre-au-secretaire-general-de-l-onu-et-au-president-de-la-banque-mondiale_6182567_3232.html\"> entre les mains de seulement <strong>10 % <\/strong>de la population <\/a>mondiale, contre seulement<strong> 8,5 %<\/strong> pour la moiti&eacute; la plus pauvre de la population.<\/li>\n<li><strong>19 millions <\/strong>de personnes au Soudan <a href=\"https:\/\/share.america.gov\/fr\/comment-le-programme-alimentaire-mondial-combat-linsecurite-alimentaire\/\">ont besoin d&rsquo;une aide alimentaire d&rsquo;urgence<\/a>, selon le Programme alimentaire mondial.<\/li>\n<li><strong>&lt; 1 %<\/strong> des femmes et des filles dans le monde vivent dans un pays<a href=\"https:\/\/www.unwomen.org\/en\/news-stories\/press-release\/2023\/07\/press-release-less-than-1-percent-of-women-and-girls-live-in-a-country-with-high-womens-empowerment-and-high-gender-parity\"> o&ugrave; l&rsquo;&eacute;mancipation des femmes et l&rsquo;&eacute;galit&eacute; femmes-hommes sont &eacute;lev&eacute;es<\/a>.<\/li>\n<\/ul>\n<p><em>Le site <\/em><a href=\"http:\/\/data.one.org\"><em>data.one.org<\/em><\/a><em> de ONE fournit des donn&eacute;es et des analyses sur les changements &eacute;conomiques, politiques et sociaux qui affectent l&rsquo;Afrique.<\/em><\/p>\n<div class=\"buffer\"><\/div>","protected":false},"excerpt":{"rendered":"<p>Inscrivez-vous&nbsp;pour recevoir Ondes de choc, notre newsletter hebdomadaire pour suivre les cons&eacute;quences des diff&eacute;rentes crises actuelles (&eacute;conomique, sanitaire, alimentaire, climatique), notamment pour les pays d&rsquo;Afrique. Nous vous proposons des analyses pointues, succinctes et r&eacute;fl&eacute;chies de la part des experts de ONE. Cette semaine dans Ondes de Choc : Les banques multinationales laissent les citoyens lourdement [&hellip;]<\/p>\n","protected":false},"author":0,"featured_media":162734,"comment_status":"open","ping_status":"open","sticky":false,"template":"","format":"standard","meta":{"_acf_changed":false,"_relevanssi_hide_post":"","_relevanssi_hide_content":"","_relevanssi_pin_for_all":"","_relevanssi_pin_keywords":"","_relevanssi_unpin_keywords":"","_relevanssi_related_keywords":"","_relevanssi_related_include_ids":"","_relevanssi_related_exclude_ids":"","_relevanssi_related_no_append":"","_relevanssi_related_not_related":"","_relevanssi_related_posts":"162677,162676,162675,162674,162673,162672","_relevanssi_noindex_reason":"","footnotes":""},"categories":[91],"tags":[],"topic":[86],"contributor":[33],"one_content_audience":[],"one_content_type":[],"one_content_tone":[],"class_list":["post-162667","post","type-post","status-publish","format-standard","has-post-thumbnail","hentry","category-donnees","topic-ondes-de-choc","contributor-one-france"],"acf":[],"yoast_head":"<!-- This site is optimized with the Yoast SEO Premium plugin v27.1 (Yoast SEO v27.1.1) - https:\/\/yoast.com\/product\/yoast-seo-premium-wordpress\/ -->\n<title>Endett\u00e9s dans l\u2019obscurit\u00e9 - ONE.org France<\/title>\n<meta name=\"description\" content=\"Cette semaine dans Ondes de Choc : Les banques multinationales laissent les citoyens lourdement endett\u00e9s dans le flou.\" \/>\n<meta name=\"robots\" content=\"index, follow, max-snippet:-1, max-image-preview:large, max-video-preview:-1\" \/>\n<link rel=\"canonical\" href=\"https:\/\/www.one.org\/fr\/actualites\/endettes-dans-lobscurite\/\" \/>\n<meta property=\"og:locale\" content=\"fr_FR\" \/>\n<meta property=\"og:type\" content=\"article\" \/>\n<meta property=\"og:title\" content=\"Endett\u00e9s dans l\u2019obscurit\u00e9\" \/>\n<meta property=\"og:description\" content=\"Cette semaine dans Ondes de Choc : Les banques multinationales laissent les citoyens lourdement endett\u00e9s dans le flou.\" \/>\n<meta property=\"og:url\" content=\"https:\/\/www.one.org\/fr\/actualites\/endettes-dans-lobscurite\/\" \/>\n<meta property=\"og:site_name\" content=\"ONE.org France\" \/>\n<meta property=\"article:publisher\" content=\"https:\/\/www.facebook.com\/ONE.Fr\" \/>\n<meta property=\"article:published_time\" content=\"2023-07-21T11:03:10+00:00\" \/>\n<meta property=\"article:modified_time\" content=\"2024-04-23T12:30:52+00:00\" \/>\n<meta property=\"og:image\" content=\"https:\/\/www.one.org\/fr\/wp-content\/uploads\/sites\/4\/2023\/07\/Aftershock_2021_FeaturedImage_1200x1200_en_003-640x640-1.jpeg\" \/>\n\t<meta property=\"og:image:width\" content=\"640\" \/>\n\t<meta property=\"og:image:height\" content=\"640\" \/>\n\t<meta property=\"og:image:type\" content=\"image\/jpeg\" \/>\n<meta name=\"twitter:card\" content=\"summary_large_image\" \/>\n<meta name=\"twitter:creator\" content=\"@one_fr\" \/>\n<meta name=\"twitter:site\" content=\"@one_fr\" \/>\n<meta name=\"twitter:label1\" content=\"Est. reading time\" \/>\n\t<meta name=\"twitter:data1\" content=\"10 minutes\" \/>\n<script type=\"application\/ld+json\" class=\"yoast-schema-graph\">{\"@context\":\"https:\/\/schema.org\",\"@graph\":[{\"@type\":\"Article\",\"@id\":\"https:\/\/www.one.org\/fr\/actualites\/endettes-dans-lobscurite\/#article\",\"isPartOf\":{\"@id\":\"https:\/\/www.one.org\/fr\/actualites\/endettes-dans-lobscurite\/\"},\"author\":{\"name\":\"\",\"@id\":\"\"},\"headline\":\"Endett\u00e9s dans l\u2019obscurit\u00e9\",\"datePublished\":\"2023-07-21T11:03:10+00:00\",\"dateModified\":\"2024-04-23T12:30:52+00:00\",\"mainEntityOfPage\":{\"@id\":\"https:\/\/www.one.org\/fr\/actualites\/endettes-dans-lobscurite\/\"},\"wordCount\":1945,\"commentCount\":0,\"image\":{\"@id\":\"https:\/\/www.one.org\/fr\/actualites\/endettes-dans-lobscurite\/#primaryimage\"},\"thumbnailUrl\":\"https:\/\/www.one.org\/fr\/wp-content\/uploads\/sites\/4\/2023\/07\/Aftershock_2021_FeaturedImage_1200x1200_en_003-640x640-1.jpeg\",\"articleSection\":[\"Donn\u00e9es\"],\"inLanguage\":\"fr-FR\",\"potentialAction\":[{\"@type\":\"CommentAction\",\"name\":\"Comment\",\"target\":[\"https:\/\/www.one.org\/fr\/actualites\/endettes-dans-lobscurite\/#respond\"]}]},{\"@type\":\"WebPage\",\"@id\":\"https:\/\/www.one.org\/fr\/actualites\/endettes-dans-lobscurite\/\",\"url\":\"https:\/\/www.one.org\/fr\/actualites\/endettes-dans-lobscurite\/\",\"name\":\"Endett\u00e9s dans l\u2019obscurit\u00e9 - ONE.org France\",\"isPartOf\":{\"@id\":\"https:\/\/www.one.org\/fr\/#website\"},\"primaryImageOfPage\":{\"@id\":\"https:\/\/www.one.org\/fr\/actualites\/endettes-dans-lobscurite\/#primaryimage\"},\"image\":{\"@id\":\"https:\/\/www.one.org\/fr\/actualites\/endettes-dans-lobscurite\/#primaryimage\"},\"thumbnailUrl\":\"https:\/\/www.one.org\/fr\/wp-content\/uploads\/sites\/4\/2023\/07\/Aftershock_2021_FeaturedImage_1200x1200_en_003-640x640-1.jpeg\",\"datePublished\":\"2023-07-21T11:03:10+00:00\",\"dateModified\":\"2024-04-23T12:30:52+00:00\",\"author\":{\"@id\":\"\"},\"description\":\"Cette semaine dans Ondes de Choc : Les banques multinationales laissent les citoyens lourdement endett\u00e9s dans le flou.\",\"breadcrumb\":{\"@id\":\"https:\/\/www.one.org\/fr\/actualites\/endettes-dans-lobscurite\/#breadcrumb\"},\"inLanguage\":\"fr-FR\",\"potentialAction\":[{\"@type\":\"ReadAction\",\"target\":[\"https:\/\/www.one.org\/fr\/actualites\/endettes-dans-lobscurite\/\"]}]},{\"@type\":\"ImageObject\",\"inLanguage\":\"fr-FR\",\"@id\":\"https:\/\/www.one.org\/fr\/actualites\/endettes-dans-lobscurite\/#primaryimage\",\"url\":\"https:\/\/www.one.org\/fr\/wp-content\/uploads\/sites\/4\/2023\/07\/Aftershock_2021_FeaturedImage_1200x1200_en_003-640x640-1.jpeg\",\"contentUrl\":\"https:\/\/www.one.org\/fr\/wp-content\/uploads\/sites\/4\/2023\/07\/Aftershock_2021_FeaturedImage_1200x1200_en_003-640x640-1.jpeg\",\"width\":640,\"height\":640},{\"@type\":\"BreadcrumbList\",\"@id\":\"https:\/\/www.one.org\/fr\/actualites\/endettes-dans-lobscurite\/#breadcrumb\",\"itemListElement\":[{\"@type\":\"ListItem\",\"position\":1,\"name\":\"Home\",\"item\":\"https:\/\/www.one.org\/fr\/\"},{\"@type\":\"ListItem\",\"position\":2,\"name\":\"Endett\u00e9s dans l\u2019obscurit\u00e9\"}]},{\"@type\":\"WebSite\",\"@id\":\"https:\/\/www.one.org\/fr\/#website\",\"url\":\"https:\/\/www.one.org\/fr\/\",\"name\":\"ONE.org\",\"description\":\"Cr\u00e9er des opportunit\u00e9s \u00e9conomiques et am\u00e9liorer la sant\u00e9 en Afrique\",\"potentialAction\":[{\"@type\":\"SearchAction\",\"target\":{\"@type\":\"EntryPoint\",\"urlTemplate\":\"https:\/\/www.one.org\/fr\/?s={search_term_string}\"},\"query-input\":{\"@type\":\"PropertyValueSpecification\",\"valueRequired\":true,\"valueName\":\"search_term_string\"}}],\"inLanguage\":\"fr-FR\"}]}<\/script>\n<!-- \/ Yoast SEO Premium plugin. -->","yoast_head_json":{"title":"Endett\u00e9s dans l\u2019obscurit\u00e9 - ONE.org France","description":"Cette semaine dans Ondes de Choc : Les banques multinationales laissent les citoyens lourdement endett\u00e9s dans le flou.","robots":{"index":"index","follow":"follow","max-snippet":"max-snippet:-1","max-image-preview":"max-image-preview:large","max-video-preview":"max-video-preview:-1"},"canonical":"https:\/\/www.one.org\/fr\/actualites\/endettes-dans-lobscurite\/","og_locale":"fr_FR","og_type":"article","og_title":"Endett\u00e9s dans l\u2019obscurit\u00e9","og_description":"Cette semaine dans Ondes de Choc : Les banques multinationales laissent les citoyens lourdement endett\u00e9s dans le flou.","og_url":"https:\/\/www.one.org\/fr\/actualites\/endettes-dans-lobscurite\/","og_site_name":"ONE.org France","article_publisher":"https:\/\/www.facebook.com\/ONE.Fr","article_published_time":"2023-07-21T11:03:10+00:00","article_modified_time":"2024-04-23T12:30:52+00:00","og_image":[{"width":640,"height":640,"url":"https:\/\/www.one.org\/fr\/wp-content\/uploads\/sites\/4\/2023\/07\/Aftershock_2021_FeaturedImage_1200x1200_en_003-640x640-1.jpeg","type":"image\/jpeg"}],"twitter_card":"summary_large_image","twitter_creator":"@one_fr","twitter_site":"@one_fr","twitter_misc":{"Est. reading time":"10 minutes"},"schema":{"@context":"https:\/\/schema.org","@graph":[{"@type":"Article","@id":"https:\/\/www.one.org\/fr\/actualites\/endettes-dans-lobscurite\/#article","isPartOf":{"@id":"https:\/\/www.one.org\/fr\/actualites\/endettes-dans-lobscurite\/"},"author":{"name":"","@id":""},"headline":"Endett\u00e9s dans l\u2019obscurit\u00e9","datePublished":"2023-07-21T11:03:10+00:00","dateModified":"2024-04-23T12:30:52+00:00","mainEntityOfPage":{"@id":"https:\/\/www.one.org\/fr\/actualites\/endettes-dans-lobscurite\/"},"wordCount":1945,"commentCount":0,"image":{"@id":"https:\/\/www.one.org\/fr\/actualites\/endettes-dans-lobscurite\/#primaryimage"},"thumbnailUrl":"https:\/\/www.one.org\/fr\/wp-content\/uploads\/sites\/4\/2023\/07\/Aftershock_2021_FeaturedImage_1200x1200_en_003-640x640-1.jpeg","articleSection":["Donn\u00e9es"],"inLanguage":"fr-FR","potentialAction":[{"@type":"CommentAction","name":"Comment","target":["https:\/\/www.one.org\/fr\/actualites\/endettes-dans-lobscurite\/#respond"]}]},{"@type":"WebPage","@id":"https:\/\/www.one.org\/fr\/actualites\/endettes-dans-lobscurite\/","url":"https:\/\/www.one.org\/fr\/actualites\/endettes-dans-lobscurite\/","name":"Endett\u00e9s dans l\u2019obscurit\u00e9 - ONE.org France","isPartOf":{"@id":"https:\/\/www.one.org\/fr\/#website"},"primaryImageOfPage":{"@id":"https:\/\/www.one.org\/fr\/actualites\/endettes-dans-lobscurite\/#primaryimage"},"image":{"@id":"https:\/\/www.one.org\/fr\/actualites\/endettes-dans-lobscurite\/#primaryimage"},"thumbnailUrl":"https:\/\/www.one.org\/fr\/wp-content\/uploads\/sites\/4\/2023\/07\/Aftershock_2021_FeaturedImage_1200x1200_en_003-640x640-1.jpeg","datePublished":"2023-07-21T11:03:10+00:00","dateModified":"2024-04-23T12:30:52+00:00","author":{"@id":""},"description":"Cette semaine dans Ondes de Choc : Les banques multinationales laissent les citoyens lourdement endett\u00e9s dans le flou.","breadcrumb":{"@id":"https:\/\/www.one.org\/fr\/actualites\/endettes-dans-lobscurite\/#breadcrumb"},"inLanguage":"fr-FR","potentialAction":[{"@type":"ReadAction","target":["https:\/\/www.one.org\/fr\/actualites\/endettes-dans-lobscurite\/"]}]},{"@type":"ImageObject","inLanguage":"fr-FR","@id":"https:\/\/www.one.org\/fr\/actualites\/endettes-dans-lobscurite\/#primaryimage","url":"https:\/\/www.one.org\/fr\/wp-content\/uploads\/sites\/4\/2023\/07\/Aftershock_2021_FeaturedImage_1200x1200_en_003-640x640-1.jpeg","contentUrl":"https:\/\/www.one.org\/fr\/wp-content\/uploads\/sites\/4\/2023\/07\/Aftershock_2021_FeaturedImage_1200x1200_en_003-640x640-1.jpeg","width":640,"height":640},{"@type":"BreadcrumbList","@id":"https:\/\/www.one.org\/fr\/actualites\/endettes-dans-lobscurite\/#breadcrumb","itemListElement":[{"@type":"ListItem","position":1,"name":"Home","item":"https:\/\/www.one.org\/fr\/"},{"@type":"ListItem","position":2,"name":"Endett\u00e9s dans l\u2019obscurit\u00e9"}]},{"@type":"WebSite","@id":"https:\/\/www.one.org\/fr\/#website","url":"https:\/\/www.one.org\/fr\/","name":"ONE.org","description":"Cr\u00e9er des opportunit\u00e9s \u00e9conomiques et am\u00e9liorer la sant\u00e9 en Afrique","potentialAction":[{"@type":"SearchAction","target":{"@type":"EntryPoint","urlTemplate":"https:\/\/www.one.org\/fr\/?s={search_term_string}"},"query-input":{"@type":"PropertyValueSpecification","valueRequired":true,"valueName":"search_term_string"}}],"inLanguage":"fr-FR"}]}},"distributor_meta":false,"distributor_terms":false,"distributor_media":false,"distributor_original_site_name":"ONE.org France","distributor_original_site_url":"https:\/\/www.one.org\/fr","push-errors":false,"_links":{"self":[{"href":"https:\/\/www.one.org\/fr\/wp-json\/wp\/v2\/posts\/162667","targetHints":{"allow":["GET"]}}],"collection":[{"href":"https:\/\/www.one.org\/fr\/wp-json\/wp\/v2\/posts"}],"about":[{"href":"https:\/\/www.one.org\/fr\/wp-json\/wp\/v2\/types\/post"}],"replies":[{"embeddable":true,"href":"https:\/\/www.one.org\/fr\/wp-json\/wp\/v2\/comments?post=162667"}],"version-history":[{"count":0,"href":"https:\/\/www.one.org\/fr\/wp-json\/wp\/v2\/posts\/162667\/revisions"}],"wp:featuredmedia":[{"embeddable":true,"href":"https:\/\/www.one.org\/fr\/wp-json\/wp\/v2\/media\/162734"}],"wp:attachment":[{"href":"https:\/\/www.one.org\/fr\/wp-json\/wp\/v2\/media?parent=162667"}],"wp:term":[{"taxonomy":"category","embeddable":true,"href":"https:\/\/www.one.org\/fr\/wp-json\/wp\/v2\/categories?post=162667"},{"taxonomy":"post_tag","embeddable":true,"href":"https:\/\/www.one.org\/fr\/wp-json\/wp\/v2\/tags?post=162667"},{"taxonomy":"topic","embeddable":true,"href":"https:\/\/www.one.org\/fr\/wp-json\/wp\/v2\/topic?post=162667"},{"taxonomy":"contributor","embeddable":true,"href":"https:\/\/www.one.org\/fr\/wp-json\/wp\/v2\/contributor?post=162667"},{"taxonomy":"one_content_audience","embeddable":true,"href":"https:\/\/www.one.org\/fr\/wp-json\/wp\/v2\/one_content_audience?post=162667"},{"taxonomy":"one_content_type","embeddable":true,"href":"https:\/\/www.one.org\/fr\/wp-json\/wp\/v2\/one_content_type?post=162667"},{"taxonomy":"one_content_tone","embeddable":true,"href":"https:\/\/www.one.org\/fr\/wp-json\/wp\/v2\/one_content_tone?post=162667"}],"curies":[{"name":"wp","href":"https:\/\/api.w.org\/{rel}","templated":true}]}}