{"id":162665,"date":"2023-07-13T15:33:36","date_gmt":"2023-07-13T15:33:36","guid":{"rendered":"https:\/\/www.one.org\/fr\/on-pourrait-vraiment-venir-a-bout-du-sida\/"},"modified":"2024-04-23T12:30:55","modified_gmt":"2024-04-23T12:30:55","slug":"on-pourrait-vraiment-venir-a-bout-du-sida","status":"publish","type":"post","link":"https:\/\/www.one.org\/fr\/actualites\/on-pourrait-vraiment-venir-a-bout-du-sida\/","title":{"rendered":"On pourrait (vraiment) venir \u00e0 bout du sida"},"content":{"rendered":"<h4><em><a href=\"https:\/\/www.one.org\/fr\/nos-combats\/ondes-de-choc\/\">Inscrivez-vous<\/a>\u00a0pour recevoir Ondes de choc, notre newsletter hebdomadaire pour suivre les cons\u00e9quences des diff\u00e9rentes crises actuelles (\u00e9conomique, sanitaire, alimentaire, climatique), notamment pour les pays d\u2019Afrique. Nous vous proposons des analyses pointues, succinctes et r\u00e9fl\u00e9chies de la part des experts de ONE.<\/em><\/h4>\n<p><em>Cette semaine dans Ondes de Choc : on se penche sur la mani\u00e8re d\u2019en finir avec le sida, la Cor\u00e9e du Sud qui apporte son aide aux pays africains<\/em>, <em>l\u2019<\/em><em>Organisation de coop\u00e9ration et de d\u00e9veloppement \u00e9conomiques (OCDE)<\/em><em> qui est quelque peu hypocrite, et bien plus encore.\u00a0<\/em><\/p>\n<p><strong>ACTUALITES<\/strong><\/p>\n<p><strong>Mettre fin au sida : <\/strong>630 000 personnes sont mortes de maladies li\u00e9es au virus du sida en 2022. Il s\u2019agit d\u2019une baisse remarquable de 69 % par rapport au pic des d\u00e9c\u00e8s en 2004. Selon un nouveau rapport de l\u2019ONUSIDA, le nombre de d\u00e9c\u00e8s en 2022 \u00e9quivaut <a href=\"https:\/\/www.unaids.org\/fr\/resources\/presscentre\/pressreleaseandstatementarchive\/2023\/july\/unaids-global-aids-update\">\u00e0 plus d\u2019un mort chaque minute<\/a>. Des progr\u00e8s consid\u00e9rables ont \u00e9t\u00e9 accomplis dans cette lutte, le nombre de nouvelles infections par le VIH ayant atteint son niveau le plus bas depuis des d\u00e9cennies. Ces progr\u00e8s sont toutefois menac\u00e9s dans certaines r\u00e9gions o\u00f9 les nouvelles infections sont en hausse. Les financements internationaux et nationaux de la lutte contre le VIH sont par ailleurs retomb\u00e9s \u00e0 leur niveau de 2013 (20,8 milliards de dollars), loin des 29,3 milliards de dollars n\u00e9cessaires d\u2019ici \u00e0 2025. Mais le monde pourrait mettre fin \u00e0 l\u2019\u00e9pid\u00e9mie de sida si les dirigeants le d\u00e9cidaient : il faut un nouvel engagement politique et des investissements, notamment dans des initiatives telles que l\u2019injection \u00e0 longue dur\u00e9e d\u2019action, traitement potentiellement r\u00e9volutionnaire contre le VIH.<\/p>\n<p><strong>Une pilule difficile \u00e0 avaler : <\/strong>La d\u00e9cision du gouvernement kenyan d\u2019instaurer de nouvelles taxes a d\u00e9clench\u00e9 des manifestations dans tout le pays, <a href=\"https:\/\/www.rfi.fr\/fr\/afrique\/20230712-kenya-six-morts-lors-de-manifestations-interdites-de-l-opposition\">qui ont fait au moins six morts<\/a> mercredi. Ces taxes sont extr\u00eamement impopulaires, mais le remboursement imminent de la dette n\u2019a laiss\u00e9 au pr\u00e9sident William Ruto que peu d\u2019options <a href=\"https:\/\/www.ft.com\/content\/2c1af8a8-387b-448b-888b-e1ec438700f6\">pour augmenter les recettes<\/a>. L\u2019augmentation des imp\u00f4ts est une pilule difficile \u00e0 avaler pour les K\u00e9nyans qui subissent de plein fouet la hausse du co\u00fbt de la vie. Au Nigeria, le pr\u00e9sident Bola Tinubu devrait garder \u00e0 l\u2019esprit les co\u00fbts sociaux de l\u2019aust\u00e9rit\u00e9 alors que son administration se lance dans <a href=\"https:\/\/www.lesechos.fr\/monde\/afrique-moyen-orient\/le-nigeria-lance-dans-une-vague-spectaculaire-de-reformes-1956555\">un ambitieux plan de r\u00e9forme<\/a> pour <a href=\"https:\/\/data.one.org\/publications\/fiscal-reform-in-nigeria\/\">augmenter les recettes fiscales<\/a> face \u00e0 l\u2019augmentation du co\u00fbt de la dette. Pendant ce temps, les pays vuln\u00e9rables sur le plan climatique et frapp\u00e9s par la dette ont vers\u00e9 <a href=\"https:\/\/www.independent.co.uk\/climate-change\/news\/g20-india-climate-change-debt-b2372158.html\">50 milliards de dollars aux cr\u00e9anciers du G20<\/a> depuis le d\u00e9but de la pand\u00e9mie de COVID-19. ?<\/p>\n<p><img loading=\"lazy\" decoding=\"async\" class=\" wp-image-161981 alignleft\" src=\"https:\/\/cdn.one.org\/fr\/wp-content\/uploads\/2023\/07\/13153245\/Capture-1-640x442.jpg\" alt=\"\" width=\"516\" height=\"356\" \/><\/p>\n<p><strong>Trouver des fonds :<\/strong> Une augmentation du capital pour renforcer les banques multilat\u00e9rales de d\u00e9veloppement (BMD) est \u00ab <a href=\"https:\/\/www.devex.com\/news\/g20-experts-urge-inescapable-capital-increase-for-development-banks-105857\">in\u00e9luctable<\/a> \u00bb, selon un groupe d\u2019experts du G20. Certains pays (notamment les \u00c9tats-Unis) se sont montr\u00e9s r\u00e9ticents \u00e0 s\u2019engager en faveur d\u2019une telle augmentation, arguant que les r\u00e9formes institutionnelles \u00e9taient prioritaires. Mais les r\u00e9formes <a href=\"https:\/\/data.one.org\/data-dives\/unlocking-a-trillion-dollars-for-development\/\">ne suffiront pas \u00e0 tripler les pr\u00eats et les dons<\/a> de la Banque mondiale, comme l\u2019ont demand\u00e9 les ministres africains des finances. Les financements \u00e0 faible taux d\u2019int\u00e9r\u00eat des banques multilat\u00e9rales de d\u00e9veloppement sont essentiels pour les pays africains \u00e0 court d\u2019argent, confront\u00e9s <a href=\"https:\/\/www.devex.com\/news\/african-nations-borrowing-costs-are-high-but-reforms-offer-a-fix-imf-105827\">\u00e0 des co\u00fbts d\u2019emprunt \u00e9lev\u00e9s<\/a> sur les march\u00e9s des capitaux et \u00e0 une <a href=\"https:\/\/unctad.org\/fr\/publication\/rapport-sur-linvestissement-dans-le-monde-2023\">baisse des investissements directs \u00e9trangers<\/a>. En fonctionnant de mani\u00e8re optimale, les BMD pourraient aider les pays africains \u00e0 ne pas avoir \u00e0 choisir entre les objectifs de d\u00e9veloppement et les objectifs climatiques. Pendant ce temps, les membres de l\u2019OTAN <a href=\"https:\/\/www.francetvinfo.fr\/monde\/otan\/sommet-de-l-otan-les-allies-s-engagent-a-consacrer-au-moins-2-de-leur-pib-aux-depenses-militaires_5944523.html\">se sont engag\u00e9s \u00e0 consacrer au moins 2 % de leur PIB<\/a> \u00e0 la d\u00e9fense. Imaginez qu\u2019ils s\u2019engagent \u00e0 consacrer le m\u00eame montant (ou davantage) aux populations les plus vuln\u00e9rables et \u00e0 la plan\u00e8te\u2026<\/p>\n<p><strong>Un manque de cr\u00e9dibilit\u00e9, partie une :<\/strong> Il n\u2019y a pas si longtemps, l\u2019agence fiscale camerounaise pr\u00e9voyait d\u2019enqu\u00eater sur 656 millions de dollars de paiements non d\u00e9clar\u00e9s provenant de fonds publics et vers\u00e9s <a href=\"https:\/\/www.zammagazine.com\/investigations\/1654-cameroon-67-suspicious-transactions\">\u00e0 des entit\u00e9s commerciales et \u00e0 des individus douteux<\/a>. Aujourd\u2019hui, l\u2019enqu\u00eate a \u00e9t\u00e9 discr\u00e8tement abandonn\u00e9e : cette derni\u00e8re aurait permis d\u2019enqu\u00eater sur plusieurs soci\u00e9t\u00e9s nationales et internationales bien connues, mais elle a \u00e9t\u00e9 opportun\u00e9ment bloqu\u00e9e par la r\u00e9vocation du directeur g\u00e9n\u00e9ral du fisc au d\u00e9but de l\u2019ann\u00e9e.<\/p>\n<p><strong>Un manque de cr\u00e9dibilit\u00e9, deuxi\u00e8me partie : <\/strong>Saper la transparence fiscale est apparemment aussi en vogue \u00e0 l\u2019OCDE : l\u2019organisation aurait fait pression sur le gouvernement australien <a href=\"https:\/\/www.ft.com\/content\/b21cfde0-8940-45db-b3e3-3e9807d7b957\">pour qu\u2019il abandonne une proposition<\/a> qui aurait oblig\u00e9 les entreprises multinationales \u00e0 r\u00e9v\u00e9ler o\u00f9 et combien elles paient leurs imp\u00f4ts. Oui, la m\u00eame organisation qui est cens\u00e9e combattre l\u2019\u00e9vasion fiscale et qui a r\u00e9cemment vant\u00e9 <a href=\"https:\/\/www.oecd.org\/tax\/transparency\/documents\/tax-transparency-in-africa-2023.pdf\">les avantages de la transparence fiscale en Afrique<\/a><strong>.<\/strong><\/p>\n<p><strong>Coup de chaleur :<\/strong> Les temp\u00e9ratures dans la ville nig\u00e9rienne d\u2019Agadez <a href=\"https:\/\/www.youtube.com\/watch?v=25k7z0OKuq8\">ont atteint les 47 degr\u00e9s<\/a> la semaine derni\u00e8re, mettant \u00e0 rude \u00e9preuve les personnes et les animaux. Cette vague de chaleur survient \u00e0 un moment o\u00f9 les <a href=\"https:\/\/newatlas.com\/environment\/hottest-day-week-on-record-wmo\/\">temp\u00e9ratures moyennes mondiales atteignent des niveaux record<\/a>. Si de nombreux pays de l\u2019h\u00e9misph\u00e8re nord connaissent \u00e9galement des vagues de chaleur, l\u2019impact des temp\u00e9ratures \u00e9lev\u00e9es est plus prononc\u00e9 dans des pays comme le Niger. L\u2019augmentation de la mortalit\u00e9 du b\u00e9tail due \u00e0 cette vague de chaleur menace <a href=\"https:\/\/www.dw.com\/en\/niger-hit-by-blistering-heat-wave-linked-to-climate-change\/video-66168570\">d\u2019exacerber l\u2019ins\u00e9curit\u00e9 alimentaire<\/a> dans le pays, o\u00f9 <a href=\"https:\/\/data.one.org\/data-dives\/food-security\/#in-some-countries-more-than-half-the-population-doesnt-have-enough-food\">71 % de la population n\u2019a d\u00e9j\u00e0 pas acc\u00e8s<\/a> \u00e0 suffisamment de nourriture. Cela nous rappelle que les pays africains portent le fardeau d\u2019une crise climatique dont ils ne sont pas responsables.<\/p>\n<p><img loading=\"lazy\" decoding=\"async\" class=\"wp-image-161982 alignleft\" src=\"https:\/\/cdn.one.org\/fr\/wp-content\/uploads\/2023\/07\/13153318\/capture-2-640x422.jpg\" alt=\"\" width=\"521\" height=\"344\" \/><\/p>\n<p><strong>L\u2019histoire de deux crises :<\/strong> Selon le Conseil norv\u00e9gien pour les r\u00e9fugi\u00e9s, le Burkina Faso conna\u00eet <a href=\"https:\/\/www.rfi.fr\/fr\/afrique\/20230604-crises-humanitaires-n%C3%A9glig%C3%A9es-dans-le-monde-le-burkina-faso-en-t%C3%AAte-de-liste\">la crise de d\u00e9placements la plus n\u00e9glig\u00e9e<\/a> au monde. La violence des insurg\u00e9s et l\u2019instabilit\u00e9 politique ont entra\u00een\u00e9 le d\u00e9placement de 2 millions de personnes, soit environ 1 Burkinab\u00e9 sur 10. Pourtant, la crise n\u2019a re\u00e7u que peu d\u2019attention de la part des m\u00e9dias internationaux et peu d\u2019aide humanitaire. Le contraste entre la r\u00e9ponse internationale face <a href=\"https:\/\/data.one.org\/data-dives\/ukraine-oda-tracker\/\">\u00e0 la crise humanitaire ukrainienne et la n\u00e9gligence face \u00e0 d\u2019autres crises humanitaires<\/a> qui ne se d\u00e9roulent pas dans l\u2019arri\u00e8re-cour de l\u2019Europe est frappant. Le Burkina Faso n\u2019a re\u00e7u que 42 % de l\u2019aide humanitaire demand\u00e9e en 2022, ce qui contraste fortement avec les 90 % d\u2019aide re\u00e7ue par l\u2019Ukraine.<\/p>\n<p><strong>Encore mieux que la K-Pop :<\/strong> La Cor\u00e9e du Sud a lanc\u00e9 une nouvelle initiative pour aider huit pays africains \u00e0 <a href=\"https:\/\/www.rfi.fr\/fr\/afrique\/20230710-la-cor%C3%A9e-du-sud-lance-avec-huit-pays-africains-un-%C3%A9norme-programme-de-d%C3%A9veloppement-agricole\">stimuler leur production de riz<\/a> et \u00e0 r\u00e9duire leur d\u00e9pendance \u00e0 l\u2019\u00e9gard des importations. Dans le cadre du \u00ab projet K-rice \u00bb, la Cor\u00e9e du Sud investira dans les infrastructures et la technologie pour aider le Cameroun, la Gambie, le Ghana, la Guin\u00e9e, la Guin\u00e9e-Bissau, le Kenya, le S\u00e9n\u00e9gal et l\u2019Ouganda \u00e0 produire des vari\u00e9t\u00e9s de riz \u00e0 haut rendement mieux adapt\u00e9es \u00e0 leurs climats. La Cor\u00e9e du Sud pr\u00e9voit de consacrer 80 millions de dollars au projet d\u2019ici \u00e0 2027. Ce projet se distingue par sa volont\u00e9 d\u2019aider les pays \u00e0 am\u00e9liorer leur autosuffisance, plut\u00f4t que de se contenter de fournir une aide alimentaire. Il s\u2019agit d\u2019une manifestation de soutien bienvenue pour les pays confront\u00e9s <a href=\"https:\/\/data.one.org\/topics\/food-security\/#how-have-food-commodity-prices-changed\">\u00e0 la hausse des prix des denr\u00e9es alimentaires<\/a>, \u00e0 l\u2019\u00e9puisement <a href=\"https:\/\/www.reuters.com\/world\/africa\/south-korea-help-africa-cut-dependence-rice-imports-minister-2023-07-06\/\">des r\u00e9serves de change<\/a> et au <a href=\"https:\/\/data.one.org\/topics\/african-debt\/#african-countries-are-set-to-pay-record-amounts-in-debt-service-in-the-coming-years\">co\u00fbt \u00e9lev\u00e9 du service de la dette<\/a>. Il s\u2019agit \u00e9galement d\u2019un projet particuli\u00e8rement opportun pour les pays d\u2019Afrique de l\u2019Ouest : malgr\u00e9 des niveaux record d\u2019ins\u00e9curit\u00e9 alimentaire, le <a href=\"https:\/\/allafrica.com\/stories\/202307060004.html\">manque de financement<\/a> a conduit le Programme Alimentaire Mondial \u00e0 r\u00e9duire l\u2019aide alimentaire dans la r\u00e9gion.<\/p>\n<p><strong>L\u2019\u00c9QUIPE DE ONE EN ACTION :\u00a0<\/strong><\/p>\n<ul>\n<li>ONE lance une p\u00e9tition adress\u00e9e au nouveau directeur de la Banque mondiale, Ajay Banga. Nous l\u2019appelons \u00e0 fixer de nouveaux objectifs pour la Banque afin d\u2019accro\u00eetre son impact, \u00e0 accorder plus de pr\u00eats et de dons pour que les pays puissent lutter contre la crise climatique et l\u2019extr\u00eame pauvret\u00e9, \u00e0 \u00eatre \u00e0 l\u2019\u00e9coute des dirigeant\u00b7e\u00b7s et des populations, et \u00e0 faire de l\u2019\u00e9galit\u00e9 des genres une priorit\u00e9. <a href=\"https:\/\/act.one.org\/sign\/ajay-banga-appel-2023\/\">Signez la p\u00e9tition et partagez-la autour de vous<\/a> !<\/li>\n<\/ul>\n<p><strong>LES CHIFFRES :<\/strong><\/p>\n<ul>\n<li><strong>18 millions<\/strong> de doses du <a href=\"https:\/\/www.gavi.org\/fr\/actualites\/media-room\/gavi-oms-unicef-annoncent-allocation-18-millions-doses-vaccin-antipaludique-douze-pays-africains\">tout premier vaccin contre le paludisme<\/a> seront distribu\u00e9es \u00e0 12 pays d\u2019Afrique.<\/li>\n<li><strong>44% :<\/strong> c\u2019est le <a href=\"https:\/\/unctad.org\/fr\/publication\/rapport-sur-linvestissement-dans-le-monde-2023\">pourcentage de diminution des investissements<\/a> directs \u00e9trangers en Afrique en 2022 par rapport \u00e0 2021.<\/li>\n<\/ul>\n<p><strong>66 millions<\/strong> d\u2019euros : <a href=\"https:\/\/www.oecd.org\/fr\/fiscalite\/transparence\/documents\/transparence-fiscale-en-afrique-2023.htm\">le montant des recettes additionnelles des pays africains obtenues<\/a> en 2022 gr\u00e2ce aux mesures de transparence fiscale.<\/p>\n<div class=\"buffer\"><\/div>","protected":false},"excerpt":{"rendered":"<p>Inscrivez-vous\u00a0pour recevoir Ondes de choc, notre newsletter hebdomadaire pour suivre les cons\u00e9quences des diff\u00e9rentes crises actuelles (\u00e9conomique, sanitaire, alimentaire, climatique), notamment pour les pays d\u2019Afrique. Nous vous proposons des analyses pointues, succinctes et r\u00e9fl\u00e9chies de la part des experts de ONE. Cette semaine dans Ondes de Choc : on se penche sur la mani\u00e8re d\u2019en [&hellip;]<\/p>\n","protected":false},"author":0,"featured_media":162738,"comment_status":"open","ping_status":"open","sticky":false,"template":"","format":"standard","meta":{"_acf_changed":false,"_relevanssi_hide_post":"","_relevanssi_hide_content":"","_relevanssi_pin_for_all":"","_relevanssi_pin_keywords":"","_relevanssi_unpin_keywords":"","_relevanssi_related_keywords":"","_relevanssi_related_include_ids":"","_relevanssi_related_exclude_ids":"","_relevanssi_related_no_append":"","_relevanssi_related_not_related":"","_relevanssi_related_posts":"165045,165022,164979,164901,164801,164384","_relevanssi_noindex_reason":"","footnotes":""},"categories":[68],"tags":[],"topic":[86],"contributor":[33],"one_content_audience":[],"one_content_type":[],"one_content_tone":[],"class_list":["post-162665","post","type-post","status-publish","format-standard","has-post-thumbnail","hentry","category-analyse","topic-ondes-de-choc","contributor-one-france"],"acf":[],"yoast_head":"<!-- This site is optimized with the Yoast SEO Premium plugin v27.1 (Yoast SEO v27.1.1) - https:\/\/yoast.com\/product\/yoast-seo-premium-wordpress\/ -->\n<title>On pourrait (vraiment) venir \u00e0 bout du sida - ONE.org France<\/title>\n<meta name=\"description\" content=\"Cette semaine dans Ondes de Choc : on se penche sur la mani\u00e8re d\u2019en finir avec le sida et bien plus encore.\u00a0\" \/>\n<meta name=\"robots\" content=\"index, follow, max-snippet:-1, max-image-preview:large, max-video-preview:-1\" \/>\n<link rel=\"canonical\" href=\"https:\/\/www.one.org\/fr\/actualites\/on-pourrait-vraiment-venir-a-bout-du-sida\/\" \/>\n<meta property=\"og:locale\" content=\"fr_FR\" \/>\n<meta property=\"og:type\" content=\"article\" \/>\n<meta property=\"og:title\" content=\"On pourrait (vraiment) venir \u00e0 bout du sida\" \/>\n<meta property=\"og:description\" content=\"Cette semaine dans Ondes de Choc : on se penche sur la mani\u00e8re d\u2019en finir avec le sida et bien plus encore.\u00a0\" \/>\n<meta property=\"og:url\" content=\"https:\/\/www.one.org\/fr\/actualites\/on-pourrait-vraiment-venir-a-bout-du-sida\/\" \/>\n<meta property=\"og:site_name\" content=\"ONE.org France\" \/>\n<meta property=\"article:publisher\" content=\"https:\/\/www.facebook.com\/ONE.Fr\" \/>\n<meta property=\"article:published_time\" content=\"2023-07-13T15:33:36+00:00\" \/>\n<meta property=\"article:modified_time\" content=\"2024-04-23T12:30:55+00:00\" \/>\n<meta property=\"og:image\" content=\"https:\/\/www.one.org\/fr\/wp-content\/uploads\/sites\/4\/2023\/07\/Aftershock_2021_FeaturedImage_1200x1200_en_4.jpg\" \/>\n\t<meta property=\"og:image:width\" content=\"1201\" \/>\n\t<meta property=\"og:image:height\" content=\"1201\" \/>\n\t<meta property=\"og:image:type\" content=\"image\/jpeg\" \/>\n<meta name=\"twitter:card\" content=\"summary_large_image\" \/>\n<meta name=\"twitter:creator\" content=\"@one_fr\" \/>\n<meta name=\"twitter:site\" content=\"@one_fr\" \/>\n<meta name=\"twitter:label1\" content=\"Est. reading time\" \/>\n\t<meta name=\"twitter:data1\" content=\"7 minutes\" \/>\n<script type=\"application\/ld+json\" class=\"yoast-schema-graph\">{\"@context\":\"https:\/\/schema.org\",\"@graph\":[{\"@type\":\"Article\",\"@id\":\"https:\/\/www.one.org\/fr\/actualites\/on-pourrait-vraiment-venir-a-bout-du-sida\/#article\",\"isPartOf\":{\"@id\":\"https:\/\/www.one.org\/fr\/actualites\/on-pourrait-vraiment-venir-a-bout-du-sida\/\"},\"author\":{\"name\":\"\",\"@id\":\"\"},\"headline\":\"On pourrait (vraiment) venir \u00e0 bout du sida\",\"datePublished\":\"2023-07-13T15:33:36+00:00\",\"dateModified\":\"2024-04-23T12:30:55+00:00\",\"mainEntityOfPage\":{\"@id\":\"https:\/\/www.one.org\/fr\/actualites\/on-pourrait-vraiment-venir-a-bout-du-sida\/\"},\"wordCount\":1470,\"commentCount\":0,\"image\":{\"@id\":\"https:\/\/www.one.org\/fr\/actualites\/on-pourrait-vraiment-venir-a-bout-du-sida\/#primaryimage\"},\"thumbnailUrl\":\"https:\/\/www.one.org\/fr\/wp-content\/uploads\/sites\/4\/2023\/07\/Aftershock_2021_FeaturedImage_1200x1200_en_4.jpg\",\"articleSection\":[\"Analyse\"],\"inLanguage\":\"fr-FR\",\"potentialAction\":[{\"@type\":\"CommentAction\",\"name\":\"Comment\",\"target\":[\"https:\/\/www.one.org\/fr\/actualites\/on-pourrait-vraiment-venir-a-bout-du-sida\/#respond\"]}]},{\"@type\":\"WebPage\",\"@id\":\"https:\/\/www.one.org\/fr\/actualites\/on-pourrait-vraiment-venir-a-bout-du-sida\/\",\"url\":\"https:\/\/www.one.org\/fr\/actualites\/on-pourrait-vraiment-venir-a-bout-du-sida\/\",\"name\":\"On pourrait (vraiment) venir \u00e0 bout du sida - ONE.org France\",\"isPartOf\":{\"@id\":\"https:\/\/www.one.org\/fr\/#website\"},\"primaryImageOfPage\":{\"@id\":\"https:\/\/www.one.org\/fr\/actualites\/on-pourrait-vraiment-venir-a-bout-du-sida\/#primaryimage\"},\"image\":{\"@id\":\"https:\/\/www.one.org\/fr\/actualites\/on-pourrait-vraiment-venir-a-bout-du-sida\/#primaryimage\"},\"thumbnailUrl\":\"https:\/\/www.one.org\/fr\/wp-content\/uploads\/sites\/4\/2023\/07\/Aftershock_2021_FeaturedImage_1200x1200_en_4.jpg\",\"datePublished\":\"2023-07-13T15:33:36+00:00\",\"dateModified\":\"2024-04-23T12:30:55+00:00\",\"author\":{\"@id\":\"\"},\"description\":\"Cette semaine dans Ondes de Choc : on se penche sur la mani\u00e8re d\u2019en finir avec le sida et bien plus encore.\u00a0\",\"breadcrumb\":{\"@id\":\"https:\/\/www.one.org\/fr\/actualites\/on-pourrait-vraiment-venir-a-bout-du-sida\/#breadcrumb\"},\"inLanguage\":\"fr-FR\",\"potentialAction\":[{\"@type\":\"ReadAction\",\"target\":[\"https:\/\/www.one.org\/fr\/actualites\/on-pourrait-vraiment-venir-a-bout-du-sida\/\"]}]},{\"@type\":\"ImageObject\",\"inLanguage\":\"fr-FR\",\"@id\":\"https:\/\/www.one.org\/fr\/actualites\/on-pourrait-vraiment-venir-a-bout-du-sida\/#primaryimage\",\"url\":\"https:\/\/www.one.org\/fr\/wp-content\/uploads\/sites\/4\/2023\/07\/Aftershock_2021_FeaturedImage_1200x1200_en_4.jpg\",\"contentUrl\":\"https:\/\/www.one.org\/fr\/wp-content\/uploads\/sites\/4\/2023\/07\/Aftershock_2021_FeaturedImage_1200x1200_en_4.jpg\",\"width\":1201,\"height\":1201},{\"@type\":\"BreadcrumbList\",\"@id\":\"https:\/\/www.one.org\/fr\/actualites\/on-pourrait-vraiment-venir-a-bout-du-sida\/#breadcrumb\",\"itemListElement\":[{\"@type\":\"ListItem\",\"position\":1,\"name\":\"Home\",\"item\":\"https:\/\/www.one.org\/fr\/\"},{\"@type\":\"ListItem\",\"position\":2,\"name\":\"On pourrait (vraiment) venir \u00e0 bout du sida\"}]},{\"@type\":\"WebSite\",\"@id\":\"https:\/\/www.one.org\/fr\/#website\",\"url\":\"https:\/\/www.one.org\/fr\/\",\"name\":\"ONE.org\",\"description\":\"Cr\u00e9er des opportunit\u00e9s \u00e9conomiques et am\u00e9liorer la sant\u00e9 en Afrique\",\"potentialAction\":[{\"@type\":\"SearchAction\",\"target\":{\"@type\":\"EntryPoint\",\"urlTemplate\":\"https:\/\/www.one.org\/fr\/?s={search_term_string}\"},\"query-input\":{\"@type\":\"PropertyValueSpecification\",\"valueRequired\":true,\"valueName\":\"search_term_string\"}}],\"inLanguage\":\"fr-FR\"}]}<\/script>\n<!-- \/ Yoast SEO Premium plugin. -->","yoast_head_json":{"title":"On pourrait (vraiment) venir \u00e0 bout du sida - ONE.org France","description":"Cette semaine dans Ondes de Choc : on se penche sur la mani\u00e8re d\u2019en finir avec le sida et bien plus encore.\u00a0","robots":{"index":"index","follow":"follow","max-snippet":"max-snippet:-1","max-image-preview":"max-image-preview:large","max-video-preview":"max-video-preview:-1"},"canonical":"https:\/\/www.one.org\/fr\/actualites\/on-pourrait-vraiment-venir-a-bout-du-sida\/","og_locale":"fr_FR","og_type":"article","og_title":"On pourrait (vraiment) venir \u00e0 bout du sida","og_description":"Cette semaine dans Ondes de Choc : on se penche sur la mani\u00e8re d\u2019en finir avec le sida et bien plus encore.\u00a0","og_url":"https:\/\/www.one.org\/fr\/actualites\/on-pourrait-vraiment-venir-a-bout-du-sida\/","og_site_name":"ONE.org France","article_publisher":"https:\/\/www.facebook.com\/ONE.Fr","article_published_time":"2023-07-13T15:33:36+00:00","article_modified_time":"2024-04-23T12:30:55+00:00","og_image":[{"width":1201,"height":1201,"url":"https:\/\/www.one.org\/fr\/wp-content\/uploads\/sites\/4\/2023\/07\/Aftershock_2021_FeaturedImage_1200x1200_en_4.jpg","type":"image\/jpeg"}],"twitter_card":"summary_large_image","twitter_creator":"@one_fr","twitter_site":"@one_fr","twitter_misc":{"Est. reading time":"7 minutes"},"schema":{"@context":"https:\/\/schema.org","@graph":[{"@type":"Article","@id":"https:\/\/www.one.org\/fr\/actualites\/on-pourrait-vraiment-venir-a-bout-du-sida\/#article","isPartOf":{"@id":"https:\/\/www.one.org\/fr\/actualites\/on-pourrait-vraiment-venir-a-bout-du-sida\/"},"author":{"name":"","@id":""},"headline":"On pourrait (vraiment) venir \u00e0 bout du sida","datePublished":"2023-07-13T15:33:36+00:00","dateModified":"2024-04-23T12:30:55+00:00","mainEntityOfPage":{"@id":"https:\/\/www.one.org\/fr\/actualites\/on-pourrait-vraiment-venir-a-bout-du-sida\/"},"wordCount":1470,"commentCount":0,"image":{"@id":"https:\/\/www.one.org\/fr\/actualites\/on-pourrait-vraiment-venir-a-bout-du-sida\/#primaryimage"},"thumbnailUrl":"https:\/\/www.one.org\/fr\/wp-content\/uploads\/sites\/4\/2023\/07\/Aftershock_2021_FeaturedImage_1200x1200_en_4.jpg","articleSection":["Analyse"],"inLanguage":"fr-FR","potentialAction":[{"@type":"CommentAction","name":"Comment","target":["https:\/\/www.one.org\/fr\/actualites\/on-pourrait-vraiment-venir-a-bout-du-sida\/#respond"]}]},{"@type":"WebPage","@id":"https:\/\/www.one.org\/fr\/actualites\/on-pourrait-vraiment-venir-a-bout-du-sida\/","url":"https:\/\/www.one.org\/fr\/actualites\/on-pourrait-vraiment-venir-a-bout-du-sida\/","name":"On pourrait (vraiment) venir \u00e0 bout du sida - ONE.org France","isPartOf":{"@id":"https:\/\/www.one.org\/fr\/#website"},"primaryImageOfPage":{"@id":"https:\/\/www.one.org\/fr\/actualites\/on-pourrait-vraiment-venir-a-bout-du-sida\/#primaryimage"},"image":{"@id":"https:\/\/www.one.org\/fr\/actualites\/on-pourrait-vraiment-venir-a-bout-du-sida\/#primaryimage"},"thumbnailUrl":"https:\/\/www.one.org\/fr\/wp-content\/uploads\/sites\/4\/2023\/07\/Aftershock_2021_FeaturedImage_1200x1200_en_4.jpg","datePublished":"2023-07-13T15:33:36+00:00","dateModified":"2024-04-23T12:30:55+00:00","author":{"@id":""},"description":"Cette semaine dans Ondes de Choc : on se penche sur la mani\u00e8re d\u2019en finir avec le sida et bien plus encore.\u00a0","breadcrumb":{"@id":"https:\/\/www.one.org\/fr\/actualites\/on-pourrait-vraiment-venir-a-bout-du-sida\/#breadcrumb"},"inLanguage":"fr-FR","potentialAction":[{"@type":"ReadAction","target":["https:\/\/www.one.org\/fr\/actualites\/on-pourrait-vraiment-venir-a-bout-du-sida\/"]}]},{"@type":"ImageObject","inLanguage":"fr-FR","@id":"https:\/\/www.one.org\/fr\/actualites\/on-pourrait-vraiment-venir-a-bout-du-sida\/#primaryimage","url":"https:\/\/www.one.org\/fr\/wp-content\/uploads\/sites\/4\/2023\/07\/Aftershock_2021_FeaturedImage_1200x1200_en_4.jpg","contentUrl":"https:\/\/www.one.org\/fr\/wp-content\/uploads\/sites\/4\/2023\/07\/Aftershock_2021_FeaturedImage_1200x1200_en_4.jpg","width":1201,"height":1201},{"@type":"BreadcrumbList","@id":"https:\/\/www.one.org\/fr\/actualites\/on-pourrait-vraiment-venir-a-bout-du-sida\/#breadcrumb","itemListElement":[{"@type":"ListItem","position":1,"name":"Home","item":"https:\/\/www.one.org\/fr\/"},{"@type":"ListItem","position":2,"name":"On pourrait (vraiment) venir \u00e0 bout du sida"}]},{"@type":"WebSite","@id":"https:\/\/www.one.org\/fr\/#website","url":"https:\/\/www.one.org\/fr\/","name":"ONE.org","description":"Cr\u00e9er des opportunit\u00e9s \u00e9conomiques et am\u00e9liorer la sant\u00e9 en Afrique","potentialAction":[{"@type":"SearchAction","target":{"@type":"EntryPoint","urlTemplate":"https:\/\/www.one.org\/fr\/?s={search_term_string}"},"query-input":{"@type":"PropertyValueSpecification","valueRequired":true,"valueName":"search_term_string"}}],"inLanguage":"fr-FR"}]}},"distributor_meta":false,"distributor_terms":false,"distributor_media":false,"distributor_original_site_name":"ONE.org France","distributor_original_site_url":"https:\/\/www.one.org\/fr","push-errors":false,"_links":{"self":[{"href":"https:\/\/www.one.org\/fr\/wp-json\/wp\/v2\/posts\/162665","targetHints":{"allow":["GET"]}}],"collection":[{"href":"https:\/\/www.one.org\/fr\/wp-json\/wp\/v2\/posts"}],"about":[{"href":"https:\/\/www.one.org\/fr\/wp-json\/wp\/v2\/types\/post"}],"replies":[{"embeddable":true,"href":"https:\/\/www.one.org\/fr\/wp-json\/wp\/v2\/comments?post=162665"}],"version-history":[{"count":0,"href":"https:\/\/www.one.org\/fr\/wp-json\/wp\/v2\/posts\/162665\/revisions"}],"wp:featuredmedia":[{"embeddable":true,"href":"https:\/\/www.one.org\/fr\/wp-json\/wp\/v2\/media\/162738"}],"wp:attachment":[{"href":"https:\/\/www.one.org\/fr\/wp-json\/wp\/v2\/media?parent=162665"}],"wp:term":[{"taxonomy":"category","embeddable":true,"href":"https:\/\/www.one.org\/fr\/wp-json\/wp\/v2\/categories?post=162665"},{"taxonomy":"post_tag","embeddable":true,"href":"https:\/\/www.one.org\/fr\/wp-json\/wp\/v2\/tags?post=162665"},{"taxonomy":"topic","embeddable":true,"href":"https:\/\/www.one.org\/fr\/wp-json\/wp\/v2\/topic?post=162665"},{"taxonomy":"contributor","embeddable":true,"href":"https:\/\/www.one.org\/fr\/wp-json\/wp\/v2\/contributor?post=162665"},{"taxonomy":"one_content_audience","embeddable":true,"href":"https:\/\/www.one.org\/fr\/wp-json\/wp\/v2\/one_content_audience?post=162665"},{"taxonomy":"one_content_type","embeddable":true,"href":"https:\/\/www.one.org\/fr\/wp-json\/wp\/v2\/one_content_type?post=162665"},{"taxonomy":"one_content_tone","embeddable":true,"href":"https:\/\/www.one.org\/fr\/wp-json\/wp\/v2\/one_content_tone?post=162665"}],"curies":[{"name":"wp","href":"https:\/\/api.w.org\/{rel}","templated":true}]}}