{"id":162664,"date":"2023-07-07T14:22:44","date_gmt":"2023-07-07T14:22:44","guid":{"rendered":"https:\/\/www.one.org\/fr\/pas-dinteret-economique-a-sauver-85-millions-de-vies\/"},"modified":"2024-04-23T12:30:57","modified_gmt":"2024-04-23T12:30:57","slug":"pas-dinteret-economique-a-sauver-85-millions-de-vies","status":"publish","type":"post","link":"https:\/\/www.one.org\/fr\/actualites\/pas-dinteret-economique-a-sauver-85-millions-de-vies\/","title":{"rendered":"Pas \u00ab d\u2019int\u00e9r\u00eat \u00e9conomique \u00bb \u00e0 sauver 8,5 millions de vies"},"content":{"rendered":"<h4><em><a href=\"https:\/\/www.one.org\/fr\/nos-combats\/ondes-de-choc\/\">Inscrivez-vous<\/a>\u00a0pour recevoir Ondes de choc, notre newsletter hebdomadaire pour suivre les cons\u00e9quences des diff\u00e9rentes crises actuelles (\u00e9conomique, sanitaire, alimentaire, climatique), notamment pour les pays d\u2019Afrique. Nous vous proposons des analyses pointues, succinctes et r\u00e9fl\u00e9chies de la part des experts de ONE.<\/em><\/h4>\n<p><em>Cette semaine dans Ondes de Choc : un vaccin qui pourrait sauver des millions de vies progresse sans l\u2019aide des industries pharmaceutiques. La d\u00e9mocratie remporte une victoire au S\u00e9n\u00e9gal, l\u2019Union africaine pourrait rejoindre le G20, et bien plus encore.<\/em><\/p>\n<p><strong>ACTUALITES<\/strong><\/p>\n<p><strong>D\u00e9faillance du march\u00e9 :<\/strong> Un nouvel accord de financement de 500 millions de dollars pourrait permettre au <a href=\"https:\/\/www.ft.com\/content\/fa4eb584-e347-47b1-b380-daa7026a010f\">premier vaccin contre la tuberculose depuis 100 ans<\/a> de voir le jour. La tuberculose est la deuxi\u00e8me maladie infectieuse la plus meurtri\u00e8re au monde, apr\u00e8s le COVID-19. Selon l\u2019OMS, le vaccin pourrait sauver jusqu\u2019\u00e0 8,5 millions de vies d\u2019ici \u00e0 2050. Malgr\u00e9 cela, GSK, l\u2019entreprise pharmaceutique qui d\u00e9tient le brevet, a d\u00e9cid\u00e9 de ne pas investir dans d\u2019autres essais \u00e0 grande \u00e9chelle, invoquant l\u2019absence d\u2019opportunit\u00e9 de march\u00e9. La Fondation Bill &amp; Melinda Gates et le Wellcome Trust ont sauv\u00e9 le d\u00e9veloppement du vaccin et la troisi\u00e8me phase d\u2019essais d\u00e9butera l\u2019ann\u00e9e prochaine en Afrique et en Asie du Sud-Est. Vous cherchiez un argument en faveur de l\u2019autonomisation des pays africains dans la fabrication de leurs propres vaccins et m\u00e9dicaments ? Vous l\u2019avez trouv\u00e9 !<\/p>\n<p><strong>La repr\u00e9sentation, \u00e7a compte :<\/strong> Une nouvelle voix est venue soutenir l\u2019adh\u00e9sion de l\u2019Union africaine au G20 : celle du Conseil europ\u00e9en. Il souhaite que les 1,3 milliard d\u2019habitants du continent africain aient davantage voix au chapitre dans les instances internationales, y compris au sein du G20. Cela semble de plus en plus probable : le mois dernier, le Premier ministre indien Narendra Modi a envoy\u00e9 une lettre aux dirigeants du G20 proposant l\u2019int\u00e9gration officielle de l\u2019UA lors du sommet pr\u00e9sid\u00e9 par l\u2019Inde en septembre. Les dirigeants africains \u00e9voquent r\u00e9guli\u00e8rement le manque de repr\u00e9sentation significative dans les forums internationaux comme un obstacle \u00e0 la garantie que la gouvernance mondiale et les syst\u00e8mes financiers r\u00e9pondent \u00e0 leurs besoins. Avec 21 pays africains <a href=\"https:\/\/data.one.org\/topics\/african-debt\/\">en situation de surendettement<\/a> ou risquant de l\u2019\u00eatre, une repr\u00e9sentation africaine au G20 est particuli\u00e8rement importante <a href=\"https:\/\/www.project-syndicate.org\/commentary\/reform-g20-common-framework-to-ease-debt-crisis-africa-by-hanan-morsy-2023-06?barrier=accesspaylog\">pour am\u00e9liorer le cadre commun<\/a> d\u2019all\u00e8gement de la dette.<\/p>\n<p><strong>Construire les BRICS :<\/strong> Le G20 n\u2019est pas le seul groupe multilat\u00e9ral confront\u00e9 \u00e0 des demandes d\u2019expansion croissantes. L\u2019\u00c9thiopie a demand\u00e9 \u00e0 rejoindre <a href=\"https:\/\/www.rfi.fr\/fr\/afrique\/20230701-la-candidature-de-l-%C3%A9thiopie-relance-la-question-des-crit%C3%A8res-pour-l-%C3%A9largissement-des-brics\">le bloc des \u00e9conomies de march\u00e9 \u00e9mergentes des BRICS<\/a> (du nom de ses membres : le Br\u00e9sil, la Russie, l\u2019Inde, la Chine et l\u2019Afrique du Sud). Elle rejoindrait au moins <a href=\"https:\/\/www.bloomberg.com\/news\/articles\/2023-04-24\/brics-draws-membership-requests-from-19-nations-before-summit\">19 autres pays<\/a>, presque tous du Sud, qui ont fait des offres d\u2019adh\u00e9sion formelles ou informelles au bloc. Ces candidatures seront examin\u00e9es lors du sommet des BRICS en ao\u00fbt. Par ailleurs, la r\u00e9cente tentative de r\u00e9bellion en Russie a probablement r\u00e9duit la probabilit\u00e9 que le pr\u00e9sident Vladimir Poutine assiste au sommet. Ce serait un soulagement pour le pr\u00e9sident d\u2019Afrique du Sud Cyril Ramaphosa, dont le <a href=\"https:\/\/www.semafor.com\/newsletter\/07\/04\/2023\/kenya-tanzania-south-africa-chase-chinese-tourists#\">gouvernement est confront\u00e9 \u00e0 un casse-t\u00eate diplomatique<\/a>, \u00e0 savoir s\u2019il faut appliquer le mandat d\u2019arr\u00eat de la Cour p\u00e9nale internationale \u00e0 l\u2019encontre de M. Poutine s\u2019il participe au sommet.<\/p>\n<p><strong>Occasion manqu\u00e9e :<\/strong> La R\u00e9publique d\u00e9mocratique du Congo a \u00ab <a href=\"https:\/\/www.ft.com\/content\/11025069-32ca-402f-bffa-f73621d9e333\">manqu\u00e9 l\u2019occasion<\/a> \u00bb de tirer parti de sa position dominante sur le march\u00e9 du cobalt, d\u00e9clare le directeur de la soci\u00e9t\u00e9 mini\u00e8re nationale. Pendant des d\u00e9cennies, la RDC a \u00e9t\u00e9 le plus grand producteur de cobalt au monde, avec peu de r\u00e9sultats : plus de 60 % des Congolais <a href=\"https:\/\/www.worldbank.org\/en\/country\/drc\/overview#:~:text=DRC%20is%20among%20the%20five,less%20than%20%242.15%20a%20day.\">vivent avec moins de 2,15 dollars par jour<\/a>. Aujourd\u2019hui, la domination du pays sur ce march\u00e9 est remise en question par des pays comme l\u2019Indon\u00e9sie qui augmentent leur production. La RDC pourrait tirer des avantages \u00e9conomiques consid\u00e9rables de la transition \u00e9nerg\u00e9tique mondiale, qui n\u00e9cessite des quantit\u00e9s massives de cobalt et d\u2019autres min\u00e9raux essentiels. Mais le pays a eu du mal \u00e0 attirer les investissements n\u00e9cessaires \u00e0 l\u2019exploitation de ses ressources\u2026<\/p>\n<p><strong>Les signes d\u2019un probl\u00e8me plus vaste : <\/strong>L\u2019exp\u00e9rience de la RDC sur le march\u00e9 du cobalt est symptomatique d\u2019un probl\u00e8me plus vaste. Les pays africains pourraient \u00eatre \u00e0 l\u2019avant-garde d\u2019un d\u00e9veloppement respectueux du climat, mais ils sont fortement limit\u00e9s par <a href=\"https:\/\/www.aljazeera.com\/opinions\/2023\/7\/1\/finance-barriers-are-hurting-global-souths-climate-transitions\">un manque d\u2019offre de financements bon march\u00e9 (donc avec des taux faibles).<\/a> L\u2019un des r\u00e9sultats attendus du Caucus africain de la Banque mondiale cette semaine est une <a href=\"https:\/\/www.theafricareport.com\/314366\/africa-should-shape-the-world-bank-reform-agenda\/\">orientation claire des voix africaines<\/a> sur la mani\u00e8re dont les r\u00e9formes de la Banque mondiale pourraient contribuer \u00e0 surmonter cette difficult\u00e9. Il faut esp\u00e9rer que la Banque mondiale se mobilise et fournisse des financements \u00e0 faible co\u00fbt, car d\u2019autres acteurs ne le feront clairement pas : on a appris cette semaine que le Royaume-Uni ne tiendrait probablement pas <a href=\"https:\/\/www.theguardian.com\/environment\/2023\/jul\/04\/revealed-uk-plans-to-drop-flagship-climate-pledge-rishi-sunak?CMP=Share_iOSApp_Other\">sa promesse de financer le climat<\/a> \u00e0 hauteur de 11,6 milliards de livres sterling.<\/p>\n<p><strong><img loading=\"lazy\" decoding=\"async\" class=\"aligncenter wp-image-161966\" src=\"https:\/\/cdn.one.org\/fr\/wp-content\/uploads\/2023\/07\/07141843\/Capture-640x387.jpg\" alt=\"\" width=\"467\" height=\"283\" \/>Une victoire d\u00e9mocratique :<\/strong> Apr\u00e8s des ann\u00e9es de sp\u00e9culation, le pr\u00e9sident s\u00e9n\u00e9galais Macky Sall a finalement confirm\u00e9 qu\u2019il ne rejoindrait pas les rangs de plus en plus nombreux des dirigeants africains qui ont recours \u00e0 des man\u0153uvres constitutionnelles douteuses <a href=\"https:\/\/www.jeuneafrique.com\/1459825\/politique\/au-senegal-macky-sall-ne-sera-pas-candidat-a-la-presidentielle-de-2024\/\">pour prolonger leur mandat<\/a>. La l\u00e9gitimit\u00e9 constitutionnelle d\u2019un troisi\u00e8me mandat a fait l\u2019objet de nombreux d\u00e9bats au S\u00e9n\u00e9gal et a \u00e9t\u00e9 <a href=\"https:\/\/www.lesechos.fr\/monde\/afrique-moyen-orient\/senegal-sous-pression-le-president-macky-sall-renonce-a-un-troisieme-mandat-1958752\">une source de tension \u00e0 l\u2019origine de violentes manifestations<\/a> au d\u00e9but de l\u2019ann\u00e9e. Le comportement de M. Sall ces derni\u00e8res ann\u00e9es, notamment ses r\u00e9ponses vagues sur son avenir politique et la r\u00e9pression des dirigeants de l\u2019opposition, semblait indiquer qu\u2019il envisageait de se repr\u00e9senter. Son annonce a provoqu\u00e9 une pluie de r\u00e9actions, y compris \u00e0 l\u2019international, pour saluer cette d\u00e9cision, <a href=\"https:\/\/www.laprovence.com\/article\/france-monde\/18089168597105\/soulagement-au-senegal-apres-lannonce-de-macky-sall-de-ne-pas-briguer-un-3e-mandat\">et d\u00e9crisp\u00e9 un climat politique tendu<\/a>.<\/p>\n<p><strong>L\u2019\u00c9QUIPE DE ONE EN ACTION :\u00a0<\/strong><\/p>\n<ul>\n<li><a href=\"https:\/\/www.jeuneafrique.com\/1458811\/societe\/adenike-oladosu-pour-le-climat-les-belles-paroles-ne-suffisent-pas\/\">Retrouvez ici<\/a> l\u2019interview d\u2019Adenike Oladosu dans Jeune Afrique o\u00f9 elle \u00e9voque la n\u00e9cessit\u00e9 d\u2019agir rapidement pour le climat.<\/li>\n<li>Notre <a href=\"https:\/\/twitter.com\/ONE_Fr\/status\/1676623470720065536\">ancienne jeune Ambassadrice Marion<\/a> revient sur la guerre actuelle au Soudan, situation qu\u2019elle a v\u00e9cue de l\u2019int\u00e9rieur.<\/li>\n<li>Du 6 au 9 juillet, nous serons pr\u00e9sents avec nos jeunes Ambassadeurs et Ambassadrices au festival <a href=\"https:\/\/www.instagram.com\/lesdeferlantessuddefrance\/\">Les D\u00e9ferlantes<\/a> au Barcar\u00e8s. Si vous y assistez, passez voir notre stand afin d\u2019en apprendre plus sur les enjeux de solidarit\u00e9 internationale de mani\u00e8re ludique !<\/li>\n<\/ul>\n<p><strong>LES CHIFFRES :<\/strong><\/p>\n<ul>\n<li><strong>1,6 million<\/strong> de personnes <a href=\"https:\/\/www.who.int\/news-room\/fact-sheets\/detail\/tuberculosis\">sont mortes de la tuberculose<\/a> en 2021.<\/li>\n<li><strong>78 millions de dollars : <\/strong>c\u2019est la somme que le gouvernement du Mozambique a allou\u00e9 \u00e0 la <a href=\"https:\/\/allafrica.com\/stories\/202307030120.html\">restauration des infrastructures d\u00e9truites<\/a> par le cyclone Freddy.<\/li>\n<\/ul>\n<div class=\"buffer\"><\/div>","protected":false},"excerpt":{"rendered":"<p>Inscrivez-vous\u00a0pour recevoir Ondes de choc, notre newsletter hebdomadaire pour suivre les cons\u00e9quences des diff\u00e9rentes crises actuelles (\u00e9conomique, sanitaire, alimentaire, climatique), notamment pour les pays d\u2019Afrique. Nous vous proposons des analyses pointues, succinctes et r\u00e9fl\u00e9chies de la part des experts de ONE. Cette semaine dans Ondes de Choc : un vaccin qui pourrait sauver des millions [&hellip;]<\/p>\n","protected":false},"author":0,"featured_media":162740,"comment_status":"open","ping_status":"open","sticky":false,"template":"","format":"standard","meta":{"_acf_changed":false,"_relevanssi_hide_post":"","_relevanssi_hide_content":"","_relevanssi_pin_for_all":"","_relevanssi_pin_keywords":"","_relevanssi_unpin_keywords":"","_relevanssi_related_keywords":"","_relevanssi_related_include_ids":"","_relevanssi_related_exclude_ids":"","_relevanssi_related_no_append":"","_relevanssi_related_not_related":"","_relevanssi_related_posts":"165045,165022,164979,164901,164801,164384","_relevanssi_noindex_reason":"","footnotes":""},"categories":[34],"tags":[],"topic":[86],"contributor":[33],"one_content_audience":[],"one_content_type":[],"one_content_tone":[],"class_list":["post-162664","post","type-post","status-publish","format-standard","has-post-thumbnail","hentry","category-one","topic-ondes-de-choc","contributor-one-france"],"acf":[],"yoast_head":"<!-- This site is optimized with the Yoast SEO Premium plugin v27.1 (Yoast SEO v27.1.1) - https:\/\/yoast.com\/product\/yoast-seo-premium-wordpress\/ -->\n<title>Pas \u00ab d\u2019int\u00e9r\u00eat \u00e9conomique \u00bb \u00e0 sauver 8,5 millions de vies - ONE.org France<\/title>\n<meta name=\"description\" content=\"Cette semaine dans Ondes de Choc : un vaccin qui pourrait sauver des millions de vies progresse sans l&#039;aide des industries pharmaceutiques et plus encore.\" \/>\n<meta name=\"robots\" content=\"index, follow, max-snippet:-1, max-image-preview:large, max-video-preview:-1\" \/>\n<link rel=\"canonical\" href=\"https:\/\/www.one.org\/fr\/actualites\/pas-dinteret-economique-a-sauver-85-millions-de-vies\/\" \/>\n<meta property=\"og:locale\" content=\"fr_FR\" \/>\n<meta property=\"og:type\" content=\"article\" \/>\n<meta property=\"og:title\" content=\"Pas \u00ab d\u2019int\u00e9r\u00eat \u00e9conomique \u00bb \u00e0 sauver 8,5 millions de vies\" \/>\n<meta property=\"og:description\" content=\"Cette semaine dans Ondes de Choc : un vaccin qui pourrait sauver des millions de vies progresse sans l&#039;aide des industries pharmaceutiques et plus encore.\" \/>\n<meta property=\"og:url\" content=\"https:\/\/www.one.org\/fr\/actualites\/pas-dinteret-economique-a-sauver-85-millions-de-vies\/\" \/>\n<meta property=\"og:site_name\" content=\"ONE.org France\" \/>\n<meta property=\"article:publisher\" content=\"https:\/\/www.facebook.com\/ONE.Fr\" \/>\n<meta property=\"article:published_time\" content=\"2023-07-07T14:22:44+00:00\" \/>\n<meta property=\"article:modified_time\" content=\"2024-04-23T12:30:57+00:00\" \/>\n<meta property=\"og:image\" content=\"https:\/\/www.one.org\/fr\/wp-content\/uploads\/sites\/4\/2023\/07\/Aftershock_2021_FeaturedImage_1200x1200_en_006.jpg\" \/>\n\t<meta property=\"og:image:width\" content=\"1201\" \/>\n\t<meta property=\"og:image:height\" content=\"1201\" \/>\n\t<meta property=\"og:image:type\" content=\"image\/jpeg\" \/>\n<meta name=\"twitter:card\" content=\"summary_large_image\" \/>\n<meta name=\"twitter:creator\" content=\"@one_fr\" \/>\n<meta name=\"twitter:site\" content=\"@one_fr\" \/>\n<meta name=\"twitter:label1\" content=\"Est. reading time\" \/>\n\t<meta name=\"twitter:data1\" content=\"6 minutes\" \/>\n<script type=\"application\/ld+json\" class=\"yoast-schema-graph\">{\"@context\":\"https:\/\/schema.org\",\"@graph\":[{\"@type\":\"Article\",\"@id\":\"https:\/\/www.one.org\/fr\/actualites\/pas-dinteret-economique-a-sauver-85-millions-de-vies\/#article\",\"isPartOf\":{\"@id\":\"https:\/\/www.one.org\/fr\/actualites\/pas-dinteret-economique-a-sauver-85-millions-de-vies\/\"},\"author\":{\"name\":\"\",\"@id\":\"\"},\"headline\":\"Pas \u00ab d\u2019int\u00e9r\u00eat \u00e9conomique \u00bb \u00e0 sauver 8,5 millions de vies\",\"datePublished\":\"2023-07-07T14:22:44+00:00\",\"dateModified\":\"2024-04-23T12:30:57+00:00\",\"mainEntityOfPage\":{\"@id\":\"https:\/\/www.one.org\/fr\/actualites\/pas-dinteret-economique-a-sauver-85-millions-de-vies\/\"},\"wordCount\":1148,\"commentCount\":0,\"image\":{\"@id\":\"https:\/\/www.one.org\/fr\/actualites\/pas-dinteret-economique-a-sauver-85-millions-de-vies\/#primaryimage\"},\"thumbnailUrl\":\"https:\/\/www.one.org\/fr\/wp-content\/uploads\/sites\/4\/2023\/07\/Aftershock_2021_FeaturedImage_1200x1200_en_006.jpg\",\"articleSection\":[\"ONE\"],\"inLanguage\":\"fr-FR\",\"potentialAction\":[{\"@type\":\"CommentAction\",\"name\":\"Comment\",\"target\":[\"https:\/\/www.one.org\/fr\/actualites\/pas-dinteret-economique-a-sauver-85-millions-de-vies\/#respond\"]}]},{\"@type\":\"WebPage\",\"@id\":\"https:\/\/www.one.org\/fr\/actualites\/pas-dinteret-economique-a-sauver-85-millions-de-vies\/\",\"url\":\"https:\/\/www.one.org\/fr\/actualites\/pas-dinteret-economique-a-sauver-85-millions-de-vies\/\",\"name\":\"Pas \u00ab d\u2019int\u00e9r\u00eat \u00e9conomique \u00bb \u00e0 sauver 8,5 millions de vies - ONE.org France\",\"isPartOf\":{\"@id\":\"https:\/\/www.one.org\/fr\/#website\"},\"primaryImageOfPage\":{\"@id\":\"https:\/\/www.one.org\/fr\/actualites\/pas-dinteret-economique-a-sauver-85-millions-de-vies\/#primaryimage\"},\"image\":{\"@id\":\"https:\/\/www.one.org\/fr\/actualites\/pas-dinteret-economique-a-sauver-85-millions-de-vies\/#primaryimage\"},\"thumbnailUrl\":\"https:\/\/www.one.org\/fr\/wp-content\/uploads\/sites\/4\/2023\/07\/Aftershock_2021_FeaturedImage_1200x1200_en_006.jpg\",\"datePublished\":\"2023-07-07T14:22:44+00:00\",\"dateModified\":\"2024-04-23T12:30:57+00:00\",\"author\":{\"@id\":\"\"},\"description\":\"Cette semaine dans Ondes de Choc : un vaccin qui pourrait sauver des millions de vies progresse sans l'aide des industries pharmaceutiques et plus encore.\",\"breadcrumb\":{\"@id\":\"https:\/\/www.one.org\/fr\/actualites\/pas-dinteret-economique-a-sauver-85-millions-de-vies\/#breadcrumb\"},\"inLanguage\":\"fr-FR\",\"potentialAction\":[{\"@type\":\"ReadAction\",\"target\":[\"https:\/\/www.one.org\/fr\/actualites\/pas-dinteret-economique-a-sauver-85-millions-de-vies\/\"]}]},{\"@type\":\"ImageObject\",\"inLanguage\":\"fr-FR\",\"@id\":\"https:\/\/www.one.org\/fr\/actualites\/pas-dinteret-economique-a-sauver-85-millions-de-vies\/#primaryimage\",\"url\":\"https:\/\/www.one.org\/fr\/wp-content\/uploads\/sites\/4\/2023\/07\/Aftershock_2021_FeaturedImage_1200x1200_en_006.jpg\",\"contentUrl\":\"https:\/\/www.one.org\/fr\/wp-content\/uploads\/sites\/4\/2023\/07\/Aftershock_2021_FeaturedImage_1200x1200_en_006.jpg\",\"width\":1201,\"height\":1201},{\"@type\":\"BreadcrumbList\",\"@id\":\"https:\/\/www.one.org\/fr\/actualites\/pas-dinteret-economique-a-sauver-85-millions-de-vies\/#breadcrumb\",\"itemListElement\":[{\"@type\":\"ListItem\",\"position\":1,\"name\":\"Home\",\"item\":\"https:\/\/www.one.org\/fr\/\"},{\"@type\":\"ListItem\",\"position\":2,\"name\":\"Pas \u00ab d\u2019int\u00e9r\u00eat \u00e9conomique \u00bb \u00e0 sauver 8,5 millions de vies\"}]},{\"@type\":\"WebSite\",\"@id\":\"https:\/\/www.one.org\/fr\/#website\",\"url\":\"https:\/\/www.one.org\/fr\/\",\"name\":\"ONE.org\",\"description\":\"Cr\u00e9er des opportunit\u00e9s \u00e9conomiques et am\u00e9liorer la sant\u00e9 en Afrique\",\"potentialAction\":[{\"@type\":\"SearchAction\",\"target\":{\"@type\":\"EntryPoint\",\"urlTemplate\":\"https:\/\/www.one.org\/fr\/?s={search_term_string}\"},\"query-input\":{\"@type\":\"PropertyValueSpecification\",\"valueRequired\":true,\"valueName\":\"search_term_string\"}}],\"inLanguage\":\"fr-FR\"}]}<\/script>\n<!-- \/ Yoast SEO Premium plugin. -->","yoast_head_json":{"title":"Pas \u00ab d\u2019int\u00e9r\u00eat \u00e9conomique \u00bb \u00e0 sauver 8,5 millions de vies - ONE.org France","description":"Cette semaine dans Ondes de Choc : un vaccin qui pourrait sauver des millions de vies progresse sans l'aide des industries pharmaceutiques et plus encore.","robots":{"index":"index","follow":"follow","max-snippet":"max-snippet:-1","max-image-preview":"max-image-preview:large","max-video-preview":"max-video-preview:-1"},"canonical":"https:\/\/www.one.org\/fr\/actualites\/pas-dinteret-economique-a-sauver-85-millions-de-vies\/","og_locale":"fr_FR","og_type":"article","og_title":"Pas \u00ab d\u2019int\u00e9r\u00eat \u00e9conomique \u00bb \u00e0 sauver 8,5 millions de vies","og_description":"Cette semaine dans Ondes de Choc : un vaccin qui pourrait sauver des millions de vies progresse sans l'aide des industries pharmaceutiques et plus encore.","og_url":"https:\/\/www.one.org\/fr\/actualites\/pas-dinteret-economique-a-sauver-85-millions-de-vies\/","og_site_name":"ONE.org France","article_publisher":"https:\/\/www.facebook.com\/ONE.Fr","article_published_time":"2023-07-07T14:22:44+00:00","article_modified_time":"2024-04-23T12:30:57+00:00","og_image":[{"width":1201,"height":1201,"url":"https:\/\/www.one.org\/fr\/wp-content\/uploads\/sites\/4\/2023\/07\/Aftershock_2021_FeaturedImage_1200x1200_en_006.jpg","type":"image\/jpeg"}],"twitter_card":"summary_large_image","twitter_creator":"@one_fr","twitter_site":"@one_fr","twitter_misc":{"Est. reading time":"6 minutes"},"schema":{"@context":"https:\/\/schema.org","@graph":[{"@type":"Article","@id":"https:\/\/www.one.org\/fr\/actualites\/pas-dinteret-economique-a-sauver-85-millions-de-vies\/#article","isPartOf":{"@id":"https:\/\/www.one.org\/fr\/actualites\/pas-dinteret-economique-a-sauver-85-millions-de-vies\/"},"author":{"name":"","@id":""},"headline":"Pas \u00ab d\u2019int\u00e9r\u00eat \u00e9conomique \u00bb \u00e0 sauver 8,5 millions de vies","datePublished":"2023-07-07T14:22:44+00:00","dateModified":"2024-04-23T12:30:57+00:00","mainEntityOfPage":{"@id":"https:\/\/www.one.org\/fr\/actualites\/pas-dinteret-economique-a-sauver-85-millions-de-vies\/"},"wordCount":1148,"commentCount":0,"image":{"@id":"https:\/\/www.one.org\/fr\/actualites\/pas-dinteret-economique-a-sauver-85-millions-de-vies\/#primaryimage"},"thumbnailUrl":"https:\/\/www.one.org\/fr\/wp-content\/uploads\/sites\/4\/2023\/07\/Aftershock_2021_FeaturedImage_1200x1200_en_006.jpg","articleSection":["ONE"],"inLanguage":"fr-FR","potentialAction":[{"@type":"CommentAction","name":"Comment","target":["https:\/\/www.one.org\/fr\/actualites\/pas-dinteret-economique-a-sauver-85-millions-de-vies\/#respond"]}]},{"@type":"WebPage","@id":"https:\/\/www.one.org\/fr\/actualites\/pas-dinteret-economique-a-sauver-85-millions-de-vies\/","url":"https:\/\/www.one.org\/fr\/actualites\/pas-dinteret-economique-a-sauver-85-millions-de-vies\/","name":"Pas \u00ab d\u2019int\u00e9r\u00eat \u00e9conomique \u00bb \u00e0 sauver 8,5 millions de vies - ONE.org France","isPartOf":{"@id":"https:\/\/www.one.org\/fr\/#website"},"primaryImageOfPage":{"@id":"https:\/\/www.one.org\/fr\/actualites\/pas-dinteret-economique-a-sauver-85-millions-de-vies\/#primaryimage"},"image":{"@id":"https:\/\/www.one.org\/fr\/actualites\/pas-dinteret-economique-a-sauver-85-millions-de-vies\/#primaryimage"},"thumbnailUrl":"https:\/\/www.one.org\/fr\/wp-content\/uploads\/sites\/4\/2023\/07\/Aftershock_2021_FeaturedImage_1200x1200_en_006.jpg","datePublished":"2023-07-07T14:22:44+00:00","dateModified":"2024-04-23T12:30:57+00:00","author":{"@id":""},"description":"Cette semaine dans Ondes de Choc : un vaccin qui pourrait sauver des millions de vies progresse sans l'aide des industries pharmaceutiques et plus encore.","breadcrumb":{"@id":"https:\/\/www.one.org\/fr\/actualites\/pas-dinteret-economique-a-sauver-85-millions-de-vies\/#breadcrumb"},"inLanguage":"fr-FR","potentialAction":[{"@type":"ReadAction","target":["https:\/\/www.one.org\/fr\/actualites\/pas-dinteret-economique-a-sauver-85-millions-de-vies\/"]}]},{"@type":"ImageObject","inLanguage":"fr-FR","@id":"https:\/\/www.one.org\/fr\/actualites\/pas-dinteret-economique-a-sauver-85-millions-de-vies\/#primaryimage","url":"https:\/\/www.one.org\/fr\/wp-content\/uploads\/sites\/4\/2023\/07\/Aftershock_2021_FeaturedImage_1200x1200_en_006.jpg","contentUrl":"https:\/\/www.one.org\/fr\/wp-content\/uploads\/sites\/4\/2023\/07\/Aftershock_2021_FeaturedImage_1200x1200_en_006.jpg","width":1201,"height":1201},{"@type":"BreadcrumbList","@id":"https:\/\/www.one.org\/fr\/actualites\/pas-dinteret-economique-a-sauver-85-millions-de-vies\/#breadcrumb","itemListElement":[{"@type":"ListItem","position":1,"name":"Home","item":"https:\/\/www.one.org\/fr\/"},{"@type":"ListItem","position":2,"name":"Pas \u00ab d\u2019int\u00e9r\u00eat \u00e9conomique \u00bb \u00e0 sauver 8,5 millions de vies"}]},{"@type":"WebSite","@id":"https:\/\/www.one.org\/fr\/#website","url":"https:\/\/www.one.org\/fr\/","name":"ONE.org","description":"Cr\u00e9er des opportunit\u00e9s \u00e9conomiques et am\u00e9liorer la sant\u00e9 en Afrique","potentialAction":[{"@type":"SearchAction","target":{"@type":"EntryPoint","urlTemplate":"https:\/\/www.one.org\/fr\/?s={search_term_string}"},"query-input":{"@type":"PropertyValueSpecification","valueRequired":true,"valueName":"search_term_string"}}],"inLanguage":"fr-FR"}]}},"distributor_meta":false,"distributor_terms":false,"distributor_media":false,"distributor_original_site_name":"ONE.org France","distributor_original_site_url":"https:\/\/www.one.org\/fr","push-errors":false,"_links":{"self":[{"href":"https:\/\/www.one.org\/fr\/wp-json\/wp\/v2\/posts\/162664","targetHints":{"allow":["GET"]}}],"collection":[{"href":"https:\/\/www.one.org\/fr\/wp-json\/wp\/v2\/posts"}],"about":[{"href":"https:\/\/www.one.org\/fr\/wp-json\/wp\/v2\/types\/post"}],"replies":[{"embeddable":true,"href":"https:\/\/www.one.org\/fr\/wp-json\/wp\/v2\/comments?post=162664"}],"version-history":[{"count":0,"href":"https:\/\/www.one.org\/fr\/wp-json\/wp\/v2\/posts\/162664\/revisions"}],"wp:featuredmedia":[{"embeddable":true,"href":"https:\/\/www.one.org\/fr\/wp-json\/wp\/v2\/media\/162740"}],"wp:attachment":[{"href":"https:\/\/www.one.org\/fr\/wp-json\/wp\/v2\/media?parent=162664"}],"wp:term":[{"taxonomy":"category","embeddable":true,"href":"https:\/\/www.one.org\/fr\/wp-json\/wp\/v2\/categories?post=162664"},{"taxonomy":"post_tag","embeddable":true,"href":"https:\/\/www.one.org\/fr\/wp-json\/wp\/v2\/tags?post=162664"},{"taxonomy":"topic","embeddable":true,"href":"https:\/\/www.one.org\/fr\/wp-json\/wp\/v2\/topic?post=162664"},{"taxonomy":"contributor","embeddable":true,"href":"https:\/\/www.one.org\/fr\/wp-json\/wp\/v2\/contributor?post=162664"},{"taxonomy":"one_content_audience","embeddable":true,"href":"https:\/\/www.one.org\/fr\/wp-json\/wp\/v2\/one_content_audience?post=162664"},{"taxonomy":"one_content_type","embeddable":true,"href":"https:\/\/www.one.org\/fr\/wp-json\/wp\/v2\/one_content_type?post=162664"},{"taxonomy":"one_content_tone","embeddable":true,"href":"https:\/\/www.one.org\/fr\/wp-json\/wp\/v2\/one_content_tone?post=162664"}],"curies":[{"name":"wp","href":"https:\/\/api.w.org\/{rel}","templated":true}]}}