{"id":162660,"date":"2023-05-25T12:48:40","date_gmt":"2023-05-25T12:48:40","guid":{"rendered":"https:\/\/www.one.org\/fr\/natation-riz-sous-marin-et-super-heroines-celebrons-la-journee-de-lafrique\/"},"modified":"2023-09-11T18:14:18","modified_gmt":"2023-09-11T18:14:18","slug":"natation-riz-sous-marin-et-super-heroines-celebrons-la-journee-de-lafrique","status":"publish","type":"post","link":"https:\/\/www.one.org\/fr\/actualites\/natation-riz-sous-marin-et-super-heroines-celebrons-la-journee-de-lafrique\/","title":{"rendered":"Natation, riz sous-marin et super-h\u00e9ro\u00efnes : C\u00e9l\u00e9brons la Journ\u00e9e de l&#8217;Afrique !"},"content":{"rendered":"<h4><em><a href=\"https:\/\/www.one.org\/fr\/nos-combats\/ondes-de-choc\/\">Inscrivez-vous<\/a>&nbsp;pour recevoir Ondes de choc, notre newsletter hebdomadaire pour suivre les cons&eacute;quences des diff&eacute;rentes crises actuelles (&eacute;conomique, sanitaire, alimentaire, climatique), notamment pour les pays d&rsquo;Afrique. Nous vous proposons des analyses pointues, succinctes et r&eacute;fl&eacute;chies de la part des experts de ONE.<\/em><\/h4>\n<p><em><span style=\"font-weight: 400\">Cette semaine dans Ondes de Choc : Le 25 mai marque la c&eacute;l&eacute;bration annuelle de la Journ&eacute;e de l&rsquo;Afrique, une occasion pour mettre en lumi&egrave;re des faits marquants survenus r&eacute;cemment sur le continent africain, notamment un record de natation au Ghana, le succ&egrave;s international de quatre super-h&eacute;ro&iuml;nes zambiennes et le d&eacute;veloppement de vari&eacute;t&eacute;s de riz &agrave; haut rendement.&nbsp;<\/span><\/em><\/p>\n<h3><b>ACTUALITES<\/b><\/h3>\n<p><b>D&eacute;veloppement du riz sous-marin <\/b><span style=\"font-weight: 400\">: Deux nouvelles vari&eacute;t&eacute;s de riz r&eacute;sistantes aux inondations pourraient permettre aux pays africains de mieux faire face aux effets du changement climatique. Ces vari&eacute;t&eacute;s, cr&eacute;&eacute;es gr&acirc;ce aux efforts conjoints de scientifiques du Centre du riz pour l&rsquo;Afrique (AfricaRice) et de l&rsquo;institut international de recherche sur le riz (IRRI),<\/span><a href=\"https:\/\/www.scidev.net\/sub-saharan-africa\/news\/flood-tolerant-rice-rewards-african-farmers\/\"> <span style=\"font-weight: 400\">peuvent survivre pendant plus de deux semaines immerg&eacute;es dans l&rsquo;eau<\/span><\/a><span style=\"font-weight: 400\">. C&rsquo;est un progr&egrave;s consid&eacute;rable, &eacute;tant donn&eacute; que 40 % des terres consacr&eacute;es &agrave; la culture du riz en Afrique<\/span><a href=\"https:\/\/www.irri.org\/news-and-events\/news\/irri-and-africarice-team-awarded-prestigious-milken-motsepe-prize-rice\"> <span style=\"font-weight: 400\">sont expos&eacute;es &agrave; des inondations fr&eacute;quentes<\/span><\/a><span style=\"font-weight: 400\">. Elles d&eacute;passent &eacute;galement les rendements des vari&eacute;t&eacute;s existantes de 2 tonnes par hectare dans des conditions humides et obtiennent des r&eacute;sultats comparables les ann&eacute;es o&ugrave; il n&rsquo;y a pas d&rsquo;inondations. Ces vari&eacute;t&eacute;s s&rsquo;inspirent du &ldquo;scuba rice&rdquo;, un riz &agrave; haut rendement et r&eacute;sistant aux inondations introduit en Asie en 2009. Alors que le G7 continue de tergiverser sur sa promesse tardive de fournir aux pays vuln&eacute;rables au changement climatique un soutien annuel de 100 milliards de dollars, il est bon de voir des actions concr&egrave;tes en mati&egrave;re d&rsquo;adaptation au climat.<\/span><\/p>\n<p><b>Le (super)pouvoir des filles<\/b><span style=\"font-weight: 400\"> : Le 20 juillet 2023, c&rsquo;est la date fix&eacute;e pour le lancement sur Netflix de &ldquo;Supa Team 4&rdquo;, la premi&egrave;re s&eacute;rie d&rsquo;animation africaine sur cette plateforme mondiale. Imagin&eacute;e par l&rsquo;&eacute;crivaine zambienne Malenga Mulendema et con&ccedil;ue par l&rsquo;illustrateur camerounais Malcolm Wope, la s&eacute;rie<\/span><a href=\"https:\/\/www.lemondeduwax.com\/mama-ks-team-4-la-premiere-serie-animee-africaine-debarque-sur-netflix\/\"> <span style=\"font-weight: 400\">suit les aventures de quatre adolescentes super-h&eacute;ro&iuml;nes<\/span><\/a><span style=\"font-weight: 400\"> dans la ville n&eacute;o-futuriste de Lusaka en Zambie. Malenga Mulendema souhaitait cr&eacute;er une s&eacute;rie qui permette aux enfants africains de voir &agrave; la t&eacute;l&eacute;vision des personnages qui leur ressemblent.&nbsp;<\/span><\/p>\n<p><b>Recentrage de la repr&eacute;sentation par l&rsquo;architecture :<\/b><span style=\"font-weight: 400\"> Pour la premi&egrave;re fois, la Biennale de Venise (une exposition internationale d&rsquo;architecture) est organis&eacute;e par une Africaine et pr&eacute;sente de nombreuses &oelig;uvres de citoyens et citoyennes africains et de la diaspora africaine. L&rsquo;architecte et romanci&egrave;re ghan&eacute;enne-&eacute;cossaise Lesley Lokko profite de l&rsquo;occasion<\/span><a href=\"https:\/\/fr.africanews.com\/2023\/05\/19\/la-biennale-darchitecture-de-venise-sous-le-prisme-africain\/\"> <span style=\"font-weight: 400\">pour explorer les questions de la d&eacute;colonisation et de la d&eacute;carbonisation<\/span><\/a><span style=\"font-weight: 400\">, en donnant une visibilit&eacute; &agrave; celles et ceux qui &eacute;taient auparavant sous-repr&eacute;sent&eacute;s. C&rsquo;est un grand changement par rapport aux biennales pr&eacute;c&eacute;dentes, dont le centre de gravit&eacute; &eacute;tait jusqu&rsquo;&agrave; pr&eacute;sent davantage tourn&eacute;s vers les architectes et artistes du Nord. Des recentrages similaires sont n&eacute;cessaires ailleurs. L&rsquo;Allemagne, avec une population de 84 millions d&rsquo;habitants,<\/span><a href=\"https:\/\/www.ft.com\/content\/5fac406f-a4f1-493f-bac4-007bb12146e5\"> <span style=\"font-weight: 400\">dispose d&rsquo;un pouvoir de vote<\/span><\/a><span style=\"font-weight: 400\"> au FMI sup&eacute;rieur &agrave; celui des 54 pays africains r&eacute;unis, dont la population s&rsquo;&eacute;l&egrave;ve &agrave; 1,4 milliard d&rsquo;habitants. De la m&ecirc;me mani&egrave;re, des disparit&eacute;s de pouvoir existent &agrave; la Banque mondiale, au Conseil de s&eacute;curit&eacute; des Nations unies, au G20, etc.<\/span><\/p>\n<p><b>Une nageuse engag&eacute;e :<\/b><span style=\"font-weight: 400\"> Une entrepreneuse, athl&egrave;te et militante ghan&eacute;enne et<\/span><a href=\"https:\/\/afrikbuzz.com\/yvette-tetteh-fleuve-de-450-km-nage-histoire\/\"> <span style=\"font-weight: 400\">britannique a &eacute;tabli un nouveau record<\/span><\/a><span style=\"font-weight: 400\"> : celui de la plus longue travers&eacute;e &agrave; la nage de l&rsquo;histoire du Ghana. Yvette Tetteh est devenue la premi&egrave;re personne &agrave; traverser la Volta &agrave; la nage, de la ville de Buipe jusqu&rsquo;&agrave; Ada, soit une distance de 450 km (279,6 miles). Yvette Tetteh &eacute;tait accompagn&eacute;e par le bien nomm&eacute; &ldquo;The Woman Who Does Not Fear&rdquo;, un navire de recherche exploit&eacute; par The Or Foundation, qui a men&eacute; des recherches sur la pollution par les microfibres provenant des d&eacute;chets textiles. La source de ces d&eacute;chets ? Les 15 millions de v&ecirc;tements de seconde main refourgu&eacute;s par les pays du Nord, qui arrivent chaque semaine sur les march&eacute;s locaux. Jusqu&rsquo;&agrave; 40 % de ces v&ecirc;tements sont jet&eacute;s, dont une partie se retrouve dans les cours d&rsquo;eau du Ghana et sur les plages. Yvette Tetteh a mis &agrave; profit son exploit pour sensibiliser le public &agrave; cette cons&eacute;quence involontaire des bonnes intentions.<\/span><\/p>\n<p><b>Maintenir la paix<\/b><span style=\"font-weight: 400\"> : Une Casque bleue ghan&eacute;enne<\/span><a href=\"https:\/\/press.un.org\/fr\/2023\/pko816.doc.htm\"> <span style=\"font-weight: 400\">est devenue la premi&egrave;re personne de son pays<\/span><\/a><span style=\"font-weight: 400\"> &agrave; recevoir le prix militaire pour la d&eacute;fense de l&rsquo;&eacute;galit&eacute; des genres. La capitaine Cecilia Erzuah dirige une section de 22 soldats de la paix &agrave; Abyei, une zone contest&eacute;e et riche en ressources &agrave; la fronti&egrave;re du Soudan et du Sud-Soudan, revendiqu&eacute;e par les deux parties. Le prix r&eacute;compense le d&eacute;vouement et les efforts d&rsquo;un ou d&rsquo;une Casque bleu(e) dans la promotion des principes des Nations unies sur les femmes, la paix et la s&eacute;curit&eacute;. Erzuah a men&eacute; des dialogues avec les membres de la communaut&eacute; afin d&rsquo;&eacute;tablir un climat de confiance et de mieux comprendre leurs pr&eacute;occupations. Cela a permis de d&eacute;velopper des relations solides qui ont am&eacute;lior&eacute; la s&eacute;curit&eacute; dans une r&eacute;gion instable, en particulier pour les femmes. Esp&eacute;rons que son leadership contribuera &agrave; persuader davantage de Soudanais que les femmes m&eacute;ritent d&rsquo;avoir les m&ecirc;mes chances que les hommes d&rsquo;acc&eacute;der &agrave; des postes de direction.<\/span><\/p>\n<h3><b>L&rsquo;&Eacute;QUIPE DE ONE EN ACTION :&nbsp;<\/b><\/h3>\n<ul>\n<li style=\"font-weight: 400\"><span style=\"font-weight: 400\">La lettre ouverte &agrave; Catherine Colonna, r&eacute;dig&eacute;e par nos jeunes Ambassadeurs et Ambassadrices de ONE en France, a &eacute;t&eacute;<\/span><a href=\"https:\/\/www.euractiv.fr\/section\/economie\/opinion\/pauvrete-climat-la-france-doit-mettre-a-contribution-les-marches-financiers\/\"> <span style=\"font-weight: 400\">publi&eacute;e dans Euractiv <\/span><\/a><span style=\"font-weight: 400\">! Elle a par ailleurs &eacute;t&eacute; co-sign&eacute;e par l&rsquo;ensemble de nos jeunes activistes en Europe, soit 277 signataires au total <\/span><b>&#127881; <\/b><span style=\"font-weight: 400\">N&rsquo;h&eacute;sitez pas &agrave; relayer l&rsquo;article !&nbsp;<\/span><\/li>\n<li style=\"font-weight: 400\"><span style=\"font-weight: 400\">A l&rsquo;occasion de la Journ&eacute;e mondiale pour l&rsquo;Afrique, nous vous <\/span><span style=\"font-weight: 400\">proposons de d&eacute;rouler <\/span><a href=\"https:\/\/twitter.com\/ONE_Fr\/status\/1661667929845297153?s=20\"><span style=\"font-weight: 400\">ce thread<\/span><\/a><span style=\"font-weight: 400\"> pour d&eacute;couvrir 8 faits que vous ne connaissiez peut-&ecirc;tre pas sur le continent africain.<\/span><\/li>\n<li style=\"font-weight: 400\"><span style=\"font-weight: 400\">Nous mettons &eacute;galement les musiciens et musiciennes africain.e.s &agrave; l&rsquo;honneur avec<\/span><a href=\"https:\/\/open.spotify.com\/playlist\/1lwzDG1Ij098RYeLF2SbTv?si=f1e9acea5e3a49ba&amp;nd=1\"><span style=\"font-weight: 400\"> une Playlist Spotify<\/span><\/a><span style=\"font-weight: 400\">, cr&eacute;&eacute;e par les activistes de ONE en Afrique et en Europe !<\/span><\/li>\n<li style=\"font-weight: 400\"><span style=\"font-weight: 400\">A l&rsquo;approche du Sommet international pour &ldquo;un nouveau pacte financier mondial&rdquo; entre les pays du Nord et du Sud qui se tiendra &agrave; Paris les 22 et 23 juin, plusieurs &eacute;pisodes explicatifs pour mieux comprendre en quoi consiste le sommet dont on vous parle depuis plusieurs semaines seront diffus&eacute;s sur nos r&eacute;seaux sociaux. Dans <\/span><a href=\"https:\/\/www.instagram.com\/p\/Csn6zWbsNxe\/\"><span style=\"font-weight: 400\">ce premier &eacute;pisode des En&rsquo;jeux de ONE<\/span><\/a><span style=\"font-weight: 400\">, d&eacute;couvrez de mani&egrave;re ludique ce qu&rsquo;est une conf&eacute;rence internationale.&nbsp;<\/span><\/li>\n<\/ul>\n<h3><b>LES CHIFFRES :<\/b><\/h3>\n<ul>\n<li style=\"font-weight: 400\"><b>6 <\/b><span style=\"font-weight: 400\">cin&eacute;astes africains<\/span><a href=\"https:\/\/www.lemonde.fr\/afrique\/article\/2023\/05\/16\/au-festival-de-cannes-une-nouvelle-generation-de-cineastes-africains_6173620_3212.html\"> <span style=\"font-weight: 400\">sont en lice pour des prix prestigieux au festival de Cannes<\/span><\/a><span style=\"font-weight: 400\"> de cette ann&eacute;e, o&ugrave; un nombre record de films africains sont pr&eacute;sent&eacute;s en avant-premi&egrave;re.<\/span><\/li>\n<li style=\"font-weight: 400\"><b>5 <\/b><span style=\"font-weight: 400\">&eacute;conomies africaines devraient figurer<\/span><a href=\"https:\/\/twitter.com\/LayeMicheals\/status\/1661415314175807488?s=20\"> <span style=\"font-weight: 400\">parmi les 10 &eacute;conomies avec la croissance la plus rapide au monde<\/span><\/a><span style=\"font-weight: 400\"> l&rsquo;ann&eacute;e prochaine.<\/span><\/li>\n<li style=\"font-weight: 400\"><b>73,95 <\/b><span style=\"font-weight: 400\">millions d&rsquo;euros en Droits de Tirage Sp&eacute;ciaux (environ 98,6 millions de dollars<\/span><a href=\"https:\/\/www.imf.org\/fr\/News\/Articles\/2021\/07\/30\/pr21235-imf-governors-approve-a-historic-us-650-billion-sdr-allocation-of-special-drawing-rights\"><span style=\"font-weight: 400\">) ont &eacute;t&eacute; accord&eacute;s au Rwanda<\/span><\/a><span style=\"font-weight: 400\">, premier pays &agrave; recevoir des DTS reconduits de la facilit&eacute; pour la r&eacute;silience et la viabilit&eacute; du FMI. Les &eacute;conomies avanc&eacute;es se sont engag&eacute;es (<\/span><a href=\"https:\/\/www.one.org\/fr\/blog\/droits-de-tirages-speciaux-on-vous-explique-tout\/\"><span style=\"font-weight: 400\">sans succ&egrave;s jusqu&rsquo;&agrave; pr&eacute;sent<\/span><\/a><span style=\"font-weight: 400\">) &agrave; r&eacute;acheminer 100 milliards de dollars de DTS.<\/span><\/li>\n<\/ul>\n<div class=\"buffer\"><\/div>","protected":false},"excerpt":{"rendered":"<p>Inscrivez-vous&nbsp;pour recevoir Ondes de choc, notre newsletter hebdomadaire pour suivre les cons&eacute;quences des diff&eacute;rentes crises actuelles (&eacute;conomique, sanitaire, alimentaire, climatique), notamment pour les pays d&rsquo;Afrique. Nous vous proposons des analyses pointues, succinctes et r&eacute;fl&eacute;chies de la part des experts de ONE. Cette semaine dans Ondes de Choc : Le 25 mai marque la c&eacute;l&eacute;bration annuelle [&hellip;]<\/p>\n","protected":false},"author":24,"featured_media":162749,"comment_status":"open","ping_status":"open","sticky":false,"template":"","format":"standard","meta":{"_acf_changed":false,"_relevanssi_hide_post":"","_relevanssi_hide_content":"","_relevanssi_pin_for_all":"","_relevanssi_pin_keywords":"","_relevanssi_unpin_keywords":"","_relevanssi_related_keywords":"","_relevanssi_related_include_ids":"","_relevanssi_related_exclude_ids":"","_relevanssi_related_no_append":"","_relevanssi_related_not_related":"","_relevanssi_related_posts":"","_relevanssi_noindex_reason":"","footnotes":""},"categories":[34],"tags":[],"topic":[86],"contributor":[33],"one_content_audience":[],"one_content_type":[],"one_content_tone":[],"class_list":["post-162660","post","type-post","status-publish","format-standard","has-post-thumbnail","hentry","category-one","topic-ondes-de-choc","contributor-one-france"],"acf":[],"yoast_head":"<!-- This site is optimized with the Yoast SEO Premium plugin v27.1 (Yoast SEO v27.1.1) - https:\/\/yoast.com\/product\/yoast-seo-premium-wordpress\/ -->\n<title>Natation, riz sous-marin et super-h\u00e9ro\u00efnes : C\u00e9l\u00e9brons la Journ\u00e9e de l&#039;Afrique ! - ONE.org France<\/title>\n<meta name=\"description\" content=\"Le 25 mai marque la Journ\u00e9e de l\u2019Afrique, une occasion pour mettre en lumi\u00e8re des faits marquants survenus r\u00e9cemment sur le continent africain.\" \/>\n<meta name=\"robots\" content=\"index, follow, max-snippet:-1, max-image-preview:large, max-video-preview:-1\" \/>\n<link rel=\"canonical\" href=\"https:\/\/www.one.org\/fr\/actualites\/natation-riz-sous-marin-et-super-heroines-celebrons-la-journee-de-lafrique\/\" \/>\n<meta property=\"og:locale\" content=\"fr_FR\" \/>\n<meta property=\"og:type\" content=\"article\" \/>\n<meta property=\"og:title\" content=\"Natation, riz sous-marin et super-h\u00e9ro\u00efnes : C\u00e9l\u00e9brons la Journ\u00e9e de l&#039;Afrique !\" \/>\n<meta property=\"og:description\" content=\"Le 25 mai marque la Journ\u00e9e de l\u2019Afrique, une occasion pour mettre en lumi\u00e8re des faits marquants survenus r\u00e9cemment sur le continent africain.\" \/>\n<meta property=\"og:url\" content=\"https:\/\/www.one.org\/fr\/actualites\/natation-riz-sous-marin-et-super-heroines-celebrons-la-journee-de-lafrique\/\" \/>\n<meta property=\"og:site_name\" content=\"ONE.org France\" \/>\n<meta property=\"article:publisher\" content=\"https:\/\/www.facebook.com\/ONE.Fr\" \/>\n<meta property=\"article:published_time\" content=\"2023-05-25T12:48:40+00:00\" \/>\n<meta property=\"article:modified_time\" content=\"2023-09-11T18:14:18+00:00\" \/>\n<meta property=\"og:image\" content=\"https:\/\/www.one.org\/fr\/wp-content\/uploads\/sites\/4\/2023\/05\/Aftershock_2021_FeaturedImage_1200x1200_en_4.jpg\" \/>\n\t<meta property=\"og:image:width\" content=\"1201\" \/>\n\t<meta property=\"og:image:height\" content=\"1201\" \/>\n\t<meta property=\"og:image:type\" content=\"image\/jpeg\" \/>\n<meta name=\"author\" content=\"Dana Khalil\" \/>\n<meta name=\"twitter:card\" content=\"summary_large_image\" \/>\n<meta name=\"twitter:creator\" content=\"@one_fr\" \/>\n<meta name=\"twitter:site\" content=\"@one_fr\" \/>\n<meta name=\"twitter:label1\" content=\"Written by\" \/>\n\t<meta name=\"twitter:data1\" content=\"Dana Khalil\" \/>\n\t<meta name=\"twitter:label2\" content=\"Est. reading time\" \/>\n\t<meta name=\"twitter:data2\" content=\"8 minutes\" \/>\n<script type=\"application\/ld+json\" class=\"yoast-schema-graph\">{\"@context\":\"https:\/\/schema.org\",\"@graph\":[{\"@type\":\"Article\",\"@id\":\"https:\/\/www.one.org\/fr\/actualites\/natation-riz-sous-marin-et-super-heroines-celebrons-la-journee-de-lafrique\/#article\",\"isPartOf\":{\"@id\":\"https:\/\/www.one.org\/fr\/actualites\/natation-riz-sous-marin-et-super-heroines-celebrons-la-journee-de-lafrique\/\"},\"author\":{\"name\":\"Dana Khalil\",\"@id\":\"https:\/\/www.one.org\/fr\/#\/schema\/person\/cf1f30f9800f0592ec3d61940be82003\"},\"headline\":\"Natation, riz sous-marin et super-h\u00e9ro\u00efnes : C\u00e9l\u00e9brons la Journ\u00e9e de l&#8217;Afrique !\",\"datePublished\":\"2023-05-25T12:48:40+00:00\",\"dateModified\":\"2023-09-11T18:14:18+00:00\",\"mainEntityOfPage\":{\"@id\":\"https:\/\/www.one.org\/fr\/actualites\/natation-riz-sous-marin-et-super-heroines-celebrons-la-journee-de-lafrique\/\"},\"wordCount\":1540,\"commentCount\":0,\"image\":{\"@id\":\"https:\/\/www.one.org\/fr\/actualites\/natation-riz-sous-marin-et-super-heroines-celebrons-la-journee-de-lafrique\/#primaryimage\"},\"thumbnailUrl\":\"https:\/\/www.one.org\/fr\/wp-content\/uploads\/sites\/4\/2023\/05\/Aftershock_2021_FeaturedImage_1200x1200_en_4.jpg\",\"articleSection\":[\"ONE\"],\"inLanguage\":\"fr-FR\",\"potentialAction\":[{\"@type\":\"CommentAction\",\"name\":\"Comment\",\"target\":[\"https:\/\/www.one.org\/fr\/actualites\/natation-riz-sous-marin-et-super-heroines-celebrons-la-journee-de-lafrique\/#respond\"]}]},{\"@type\":\"WebPage\",\"@id\":\"https:\/\/www.one.org\/fr\/actualites\/natation-riz-sous-marin-et-super-heroines-celebrons-la-journee-de-lafrique\/\",\"url\":\"https:\/\/www.one.org\/fr\/actualites\/natation-riz-sous-marin-et-super-heroines-celebrons-la-journee-de-lafrique\/\",\"name\":\"Natation, riz sous-marin et super-h\u00e9ro\u00efnes : C\u00e9l\u00e9brons la Journ\u00e9e de l'Afrique ! - ONE.org France\",\"isPartOf\":{\"@id\":\"https:\/\/www.one.org\/fr\/#website\"},\"primaryImageOfPage\":{\"@id\":\"https:\/\/www.one.org\/fr\/actualites\/natation-riz-sous-marin-et-super-heroines-celebrons-la-journee-de-lafrique\/#primaryimage\"},\"image\":{\"@id\":\"https:\/\/www.one.org\/fr\/actualites\/natation-riz-sous-marin-et-super-heroines-celebrons-la-journee-de-lafrique\/#primaryimage\"},\"thumbnailUrl\":\"https:\/\/www.one.org\/fr\/wp-content\/uploads\/sites\/4\/2023\/05\/Aftershock_2021_FeaturedImage_1200x1200_en_4.jpg\",\"datePublished\":\"2023-05-25T12:48:40+00:00\",\"dateModified\":\"2023-09-11T18:14:18+00:00\",\"author\":{\"@id\":\"https:\/\/www.one.org\/fr\/#\/schema\/person\/cf1f30f9800f0592ec3d61940be82003\"},\"description\":\"Le 25 mai marque la Journ\u00e9e de l\u2019Afrique, une occasion pour mettre en lumi\u00e8re des faits marquants survenus r\u00e9cemment sur le continent africain.\",\"breadcrumb\":{\"@id\":\"https:\/\/www.one.org\/fr\/actualites\/natation-riz-sous-marin-et-super-heroines-celebrons-la-journee-de-lafrique\/#breadcrumb\"},\"inLanguage\":\"fr-FR\",\"potentialAction\":[{\"@type\":\"ReadAction\",\"target\":[\"https:\/\/www.one.org\/fr\/actualites\/natation-riz-sous-marin-et-super-heroines-celebrons-la-journee-de-lafrique\/\"]}]},{\"@type\":\"ImageObject\",\"inLanguage\":\"fr-FR\",\"@id\":\"https:\/\/www.one.org\/fr\/actualites\/natation-riz-sous-marin-et-super-heroines-celebrons-la-journee-de-lafrique\/#primaryimage\",\"url\":\"https:\/\/www.one.org\/fr\/wp-content\/uploads\/sites\/4\/2023\/05\/Aftershock_2021_FeaturedImage_1200x1200_en_4.jpg\",\"contentUrl\":\"https:\/\/www.one.org\/fr\/wp-content\/uploads\/sites\/4\/2023\/05\/Aftershock_2021_FeaturedImage_1200x1200_en_4.jpg\",\"width\":1201,\"height\":1201},{\"@type\":\"BreadcrumbList\",\"@id\":\"https:\/\/www.one.org\/fr\/actualites\/natation-riz-sous-marin-et-super-heroines-celebrons-la-journee-de-lafrique\/#breadcrumb\",\"itemListElement\":[{\"@type\":\"ListItem\",\"position\":1,\"name\":\"Home\",\"item\":\"https:\/\/www.one.org\/fr\/\"},{\"@type\":\"ListItem\",\"position\":2,\"name\":\"Natation, riz sous-marin et super-h\u00e9ro\u00efnes : C\u00e9l\u00e9brons la Journ\u00e9e de l&#8217;Afrique !\"}]},{\"@type\":\"WebSite\",\"@id\":\"https:\/\/www.one.org\/fr\/#website\",\"url\":\"https:\/\/www.one.org\/fr\/\",\"name\":\"ONE.org\",\"description\":\"Cr\u00e9er des opportunit\u00e9s \u00e9conomiques et am\u00e9liorer la sant\u00e9 en Afrique\",\"potentialAction\":[{\"@type\":\"SearchAction\",\"target\":{\"@type\":\"EntryPoint\",\"urlTemplate\":\"https:\/\/www.one.org\/fr\/?s={search_term_string}\"},\"query-input\":{\"@type\":\"PropertyValueSpecification\",\"valueRequired\":true,\"valueName\":\"search_term_string\"}}],\"inLanguage\":\"fr-FR\"},{\"@type\":\"Person\",\"@id\":\"https:\/\/www.one.org\/fr\/#\/schema\/person\/cf1f30f9800f0592ec3d61940be82003\",\"name\":\"Dana Khalil\",\"image\":{\"@type\":\"ImageObject\",\"inLanguage\":\"fr-FR\",\"@id\":\"https:\/\/www.one.org\/fr\/#\/schema\/person\/image\/\",\"url\":\"https:\/\/secure.gravatar.com\/avatar\/b0da536f00ccefadcc7aae4e64855977a5249adb1ac04162a69474e53a8d4c40?s=96&d=mm&r=g\",\"contentUrl\":\"https:\/\/secure.gravatar.com\/avatar\/b0da536f00ccefadcc7aae4e64855977a5249adb1ac04162a69474e53a8d4c40?s=96&d=mm&r=g\",\"caption\":\"Dana Khalil\"},\"url\":\"https:\/\/www.one.org\/fr\/actualites\/author\/danakhalil\/\"}]}<\/script>\n<!-- \/ Yoast SEO Premium plugin. -->","yoast_head_json":{"title":"Natation, riz sous-marin et super-h\u00e9ro\u00efnes : C\u00e9l\u00e9brons la Journ\u00e9e de l'Afrique ! - ONE.org France","description":"Le 25 mai marque la Journ\u00e9e de l\u2019Afrique, une occasion pour mettre en lumi\u00e8re des faits marquants survenus r\u00e9cemment sur le continent africain.","robots":{"index":"index","follow":"follow","max-snippet":"max-snippet:-1","max-image-preview":"max-image-preview:large","max-video-preview":"max-video-preview:-1"},"canonical":"https:\/\/www.one.org\/fr\/actualites\/natation-riz-sous-marin-et-super-heroines-celebrons-la-journee-de-lafrique\/","og_locale":"fr_FR","og_type":"article","og_title":"Natation, riz sous-marin et super-h\u00e9ro\u00efnes : C\u00e9l\u00e9brons la Journ\u00e9e de l'Afrique !","og_description":"Le 25 mai marque la Journ\u00e9e de l\u2019Afrique, une occasion pour mettre en lumi\u00e8re des faits marquants survenus r\u00e9cemment sur le continent africain.","og_url":"https:\/\/www.one.org\/fr\/actualites\/natation-riz-sous-marin-et-super-heroines-celebrons-la-journee-de-lafrique\/","og_site_name":"ONE.org France","article_publisher":"https:\/\/www.facebook.com\/ONE.Fr","article_published_time":"2023-05-25T12:48:40+00:00","article_modified_time":"2023-09-11T18:14:18+00:00","og_image":[{"width":1201,"height":1201,"url":"https:\/\/www.one.org\/fr\/wp-content\/uploads\/sites\/4\/2023\/05\/Aftershock_2021_FeaturedImage_1200x1200_en_4.jpg","type":"image\/jpeg"}],"author":"Dana Khalil","twitter_card":"summary_large_image","twitter_creator":"@one_fr","twitter_site":"@one_fr","twitter_misc":{"Written by":"Dana Khalil","Est. reading time":"8 minutes"},"schema":{"@context":"https:\/\/schema.org","@graph":[{"@type":"Article","@id":"https:\/\/www.one.org\/fr\/actualites\/natation-riz-sous-marin-et-super-heroines-celebrons-la-journee-de-lafrique\/#article","isPartOf":{"@id":"https:\/\/www.one.org\/fr\/actualites\/natation-riz-sous-marin-et-super-heroines-celebrons-la-journee-de-lafrique\/"},"author":{"name":"Dana Khalil","@id":"https:\/\/www.one.org\/fr\/#\/schema\/person\/cf1f30f9800f0592ec3d61940be82003"},"headline":"Natation, riz sous-marin et super-h\u00e9ro\u00efnes : C\u00e9l\u00e9brons la Journ\u00e9e de l&#8217;Afrique !","datePublished":"2023-05-25T12:48:40+00:00","dateModified":"2023-09-11T18:14:18+00:00","mainEntityOfPage":{"@id":"https:\/\/www.one.org\/fr\/actualites\/natation-riz-sous-marin-et-super-heroines-celebrons-la-journee-de-lafrique\/"},"wordCount":1540,"commentCount":0,"image":{"@id":"https:\/\/www.one.org\/fr\/actualites\/natation-riz-sous-marin-et-super-heroines-celebrons-la-journee-de-lafrique\/#primaryimage"},"thumbnailUrl":"https:\/\/www.one.org\/fr\/wp-content\/uploads\/sites\/4\/2023\/05\/Aftershock_2021_FeaturedImage_1200x1200_en_4.jpg","articleSection":["ONE"],"inLanguage":"fr-FR","potentialAction":[{"@type":"CommentAction","name":"Comment","target":["https:\/\/www.one.org\/fr\/actualites\/natation-riz-sous-marin-et-super-heroines-celebrons-la-journee-de-lafrique\/#respond"]}]},{"@type":"WebPage","@id":"https:\/\/www.one.org\/fr\/actualites\/natation-riz-sous-marin-et-super-heroines-celebrons-la-journee-de-lafrique\/","url":"https:\/\/www.one.org\/fr\/actualites\/natation-riz-sous-marin-et-super-heroines-celebrons-la-journee-de-lafrique\/","name":"Natation, riz sous-marin et super-h\u00e9ro\u00efnes : C\u00e9l\u00e9brons la Journ\u00e9e de l'Afrique ! - ONE.org France","isPartOf":{"@id":"https:\/\/www.one.org\/fr\/#website"},"primaryImageOfPage":{"@id":"https:\/\/www.one.org\/fr\/actualites\/natation-riz-sous-marin-et-super-heroines-celebrons-la-journee-de-lafrique\/#primaryimage"},"image":{"@id":"https:\/\/www.one.org\/fr\/actualites\/natation-riz-sous-marin-et-super-heroines-celebrons-la-journee-de-lafrique\/#primaryimage"},"thumbnailUrl":"https:\/\/www.one.org\/fr\/wp-content\/uploads\/sites\/4\/2023\/05\/Aftershock_2021_FeaturedImage_1200x1200_en_4.jpg","datePublished":"2023-05-25T12:48:40+00:00","dateModified":"2023-09-11T18:14:18+00:00","author":{"@id":"https:\/\/www.one.org\/fr\/#\/schema\/person\/cf1f30f9800f0592ec3d61940be82003"},"description":"Le 25 mai marque la Journ\u00e9e de l\u2019Afrique, une occasion pour mettre en lumi\u00e8re des faits marquants survenus r\u00e9cemment sur le continent africain.","breadcrumb":{"@id":"https:\/\/www.one.org\/fr\/actualites\/natation-riz-sous-marin-et-super-heroines-celebrons-la-journee-de-lafrique\/#breadcrumb"},"inLanguage":"fr-FR","potentialAction":[{"@type":"ReadAction","target":["https:\/\/www.one.org\/fr\/actualites\/natation-riz-sous-marin-et-super-heroines-celebrons-la-journee-de-lafrique\/"]}]},{"@type":"ImageObject","inLanguage":"fr-FR","@id":"https:\/\/www.one.org\/fr\/actualites\/natation-riz-sous-marin-et-super-heroines-celebrons-la-journee-de-lafrique\/#primaryimage","url":"https:\/\/www.one.org\/fr\/wp-content\/uploads\/sites\/4\/2023\/05\/Aftershock_2021_FeaturedImage_1200x1200_en_4.jpg","contentUrl":"https:\/\/www.one.org\/fr\/wp-content\/uploads\/sites\/4\/2023\/05\/Aftershock_2021_FeaturedImage_1200x1200_en_4.jpg","width":1201,"height":1201},{"@type":"BreadcrumbList","@id":"https:\/\/www.one.org\/fr\/actualites\/natation-riz-sous-marin-et-super-heroines-celebrons-la-journee-de-lafrique\/#breadcrumb","itemListElement":[{"@type":"ListItem","position":1,"name":"Home","item":"https:\/\/www.one.org\/fr\/"},{"@type":"ListItem","position":2,"name":"Natation, riz sous-marin et super-h\u00e9ro\u00efnes : C\u00e9l\u00e9brons la Journ\u00e9e de l&#8217;Afrique !"}]},{"@type":"WebSite","@id":"https:\/\/www.one.org\/fr\/#website","url":"https:\/\/www.one.org\/fr\/","name":"ONE.org","description":"Cr\u00e9er des opportunit\u00e9s \u00e9conomiques et am\u00e9liorer la sant\u00e9 en Afrique","potentialAction":[{"@type":"SearchAction","target":{"@type":"EntryPoint","urlTemplate":"https:\/\/www.one.org\/fr\/?s={search_term_string}"},"query-input":{"@type":"PropertyValueSpecification","valueRequired":true,"valueName":"search_term_string"}}],"inLanguage":"fr-FR"},{"@type":"Person","@id":"https:\/\/www.one.org\/fr\/#\/schema\/person\/cf1f30f9800f0592ec3d61940be82003","name":"Dana Khalil","image":{"@type":"ImageObject","inLanguage":"fr-FR","@id":"https:\/\/www.one.org\/fr\/#\/schema\/person\/image\/","url":"https:\/\/secure.gravatar.com\/avatar\/b0da536f00ccefadcc7aae4e64855977a5249adb1ac04162a69474e53a8d4c40?s=96&d=mm&r=g","contentUrl":"https:\/\/secure.gravatar.com\/avatar\/b0da536f00ccefadcc7aae4e64855977a5249adb1ac04162a69474e53a8d4c40?s=96&d=mm&r=g","caption":"Dana Khalil"},"url":"https:\/\/www.one.org\/fr\/actualites\/author\/danakhalil\/"}]}},"distributor_meta":false,"distributor_terms":false,"distributor_media":false,"distributor_original_site_name":"ONE.org France","distributor_original_site_url":"https:\/\/www.one.org\/fr","push-errors":false,"_links":{"self":[{"href":"https:\/\/www.one.org\/fr\/wp-json\/wp\/v2\/posts\/162660","targetHints":{"allow":["GET"]}}],"collection":[{"href":"https:\/\/www.one.org\/fr\/wp-json\/wp\/v2\/posts"}],"about":[{"href":"https:\/\/www.one.org\/fr\/wp-json\/wp\/v2\/types\/post"}],"author":[{"embeddable":true,"href":"https:\/\/www.one.org\/fr\/wp-json\/wp\/v2\/users\/24"}],"replies":[{"embeddable":true,"href":"https:\/\/www.one.org\/fr\/wp-json\/wp\/v2\/comments?post=162660"}],"version-history":[{"count":0,"href":"https:\/\/www.one.org\/fr\/wp-json\/wp\/v2\/posts\/162660\/revisions"}],"wp:featuredmedia":[{"embeddable":true,"href":"https:\/\/www.one.org\/fr\/wp-json\/wp\/v2\/media\/162749"}],"wp:attachment":[{"href":"https:\/\/www.one.org\/fr\/wp-json\/wp\/v2\/media?parent=162660"}],"wp:term":[{"taxonomy":"category","embeddable":true,"href":"https:\/\/www.one.org\/fr\/wp-json\/wp\/v2\/categories?post=162660"},{"taxonomy":"post_tag","embeddable":true,"href":"https:\/\/www.one.org\/fr\/wp-json\/wp\/v2\/tags?post=162660"},{"taxonomy":"topic","embeddable":true,"href":"https:\/\/www.one.org\/fr\/wp-json\/wp\/v2\/topic?post=162660"},{"taxonomy":"contributor","embeddable":true,"href":"https:\/\/www.one.org\/fr\/wp-json\/wp\/v2\/contributor?post=162660"},{"taxonomy":"one_content_audience","embeddable":true,"href":"https:\/\/www.one.org\/fr\/wp-json\/wp\/v2\/one_content_audience?post=162660"},{"taxonomy":"one_content_type","embeddable":true,"href":"https:\/\/www.one.org\/fr\/wp-json\/wp\/v2\/one_content_type?post=162660"},{"taxonomy":"one_content_tone","embeddable":true,"href":"https:\/\/www.one.org\/fr\/wp-json\/wp\/v2\/one_content_tone?post=162660"}],"curies":[{"name":"wp","href":"https:\/\/api.w.org\/{rel}","templated":true}]}}