{"id":162658,"date":"2023-05-12T08:08:48","date_gmt":"2023-05-12T08:08:48","guid":{"rendered":"https:\/\/www.one.org\/fr\/votre-infolettre-en-musique-africaine\/"},"modified":"2024-04-23T12:31:04","modified_gmt":"2024-04-23T12:31:04","slug":"votre-infolettre-en-musique-africaine","status":"publish","type":"post","link":"https:\/\/www.one.org\/fr\/actualites\/votre-infolettre-en-musique-africaine\/","title":{"rendered":"Votre infolettre en musique africaine"},"content":{"rendered":"<h4><em><a href=\"https:\/\/www.one.org\/fr\/nos-combats\/ondes-de-choc\/\">Inscrivez-vous<\/a> pour recevoir Ondes de choc, notre newsletter hebdomadaire pour suivre les cons&eacute;quences des diff&eacute;rentes crises actuelles (&eacute;conomique, sanitaire, alimentaire, climatique), notamment pour les pays d&rsquo;Afrique. Nous vous proposons des analyses pointues, succinctes et r&eacute;fl&eacute;chies de la part des experts de ONE.<\/em><\/h4>\n<p><em><span style=\"font-weight: 400\">Cette semaine dans Ondes de Choc : Les musiciens africains jouent un r&ocirc;le culturel et politique majeur, en commentant l&rsquo;&eacute;conomie et la soci&eacute;t&eacute; et en contribuant &agrave; interpeller les dirigeants. Ils encouragent le panafricanisme gr&acirc;ce &agrave; des collaborations transnationales et &eacute;tendent l&rsquo;influence culturelle des pays africains. Afin de leur rendre hommage, l&rsquo;&eacute;dition de cette semaine est en partie racont&eacute;e au travers des textes de ces artistes. &#127911;&nbsp;<\/span><\/em><\/p>\n<p><strong>ACTUALITES<\/strong><\/p>\n<p><span style=\"font-weight: 400\">&laquo; <\/span><a href=\"https:\/\/www.youtube.com\/watch?v=A3I8BISQfWc\"><strong>Hello Africa! Tell me how you&rsquo;re doin<\/strong><\/a><strong>&rsquo;<\/strong><span style=\"font-weight: 400\">&raquo; (<\/span><strong>de Dr. Alban) : <\/strong><span style=\"font-weight: 400\">Gr&acirc;ce &agrave; sa popularit&eacute; croissante sur la sc&egrave;ne mondiale, la musique du continent est en train de devenir la pierre angulaire de son <\/span><a href=\"https:\/\/www.semafor.com\/newsletter\/05\/06\/2023\/we-need-african-soft-power#\"><em><span style=\"font-weight: 400\">soft power<\/span><\/em><\/a><span style=\"font-weight: 400\">. Mais cet impact culturel ne se traduit pas encore par un impact &eacute;conomique : l&rsquo;industrie musicale ne repr&eacute;sente que <\/span><a href=\"https:\/\/qz.com\/how-music-can-boost-african-economies-and-increase-regi-1849918105\"><span style=\"font-weight: 400\">0,1 % du PIB de l&rsquo;Afrique<\/span><\/a><span style=\"font-weight: 400\">. Mais cela pourrait changer : selon certaines estimations, les revenus de la musique num&eacute;rique en streaming pourraient atteindre 500 millions de dollars par an d&rsquo;ici &agrave; 2025, contre 100 millions de dollars en 2017.<\/span><\/p>\n<p><span style=\"font-weight: 400\">&laquo; <\/span><a href=\"https:\/\/youtu.be\/JOe0vsU_vzw\"><strong>Just remember that the king inna the kingdom<\/strong><\/a> <span style=\"font-weight: 400\">&raquo;<\/span><strong> (de Tiwa Savage) : <\/strong><span style=\"font-weight: 400\">La chanteuse nig&eacute;riane Tiwa Savage et la chanteuse d&rsquo;op&eacute;ra sud-africaine Pretty Yende <\/span><a href=\"https:\/\/www.vanityfair.fr\/article\/pretty-yende-couronnement-charles-iii-honneur-inoui\"><span style=\"font-weight: 400\">figuraient parmi les artistes pr&eacute;sents<\/span><\/a><span style=\"font-weight: 400\"> au couronnement du roi Charles III le week-end dernier. Une troisi&egrave;me star africaine &eacute;tait &eacute;galement pr&eacute;sente : le diamant &laquo; Star of Africa &raquo; du sceptre du roi. La Grande-Bretagne coloniale a vol&eacute; ce diamant &agrave; l&rsquo;Afrique du Sud, ce que le parti politique sud-africain <\/span><em><span style=\"font-weight: 400\">Economic Freedom Fighters<\/span><\/em><span style=\"font-weight: 400\"> n&rsquo;a pas manqu&eacute; de souligner <\/span><a href=\"https:\/\/www.lejdd.fr\/international\/couronnement-de-charles-iii-lafrique-du-sud-demande-la-restitution-du-diamant-du-sceptre-135469\"><span style=\"font-weight: 400\">en exigeant la restitution du diamant<\/span><\/a><span style=\"font-weight: 400\">.&nbsp;<\/span><\/p>\n<p><span style=\"font-weight: 400\">&laquo; <\/span><a href=\"https:\/\/www.youtube.com\/watch?v=pCpua4dvUXs\"><strong>No be there dem dey oh United Nations<\/strong><\/a><span style=\"font-weight: 400\"> &raquo;<\/span><strong> (de Fela Kuti) :<\/strong><span style=\"font-weight: 400\"> En parlant d&rsquo;institutions qui doivent r&eacute;fl&eacute;chir &agrave; leur pass&eacute; et &ecirc;tre plus inclusives, le Conseil de s&eacute;curit&eacute; des Nations unies et le G20 continuent de tra&icirc;ner des pieds pour donner &agrave; l&rsquo;Afrique une voix plus forte. Mais le G20 commence &agrave; se bouger : le chancelier allemand Olaf Scholz <\/span><a href=\"https:\/\/www.agenceecofin.com\/actualites\/0505-108060-l-allemagne-soutient-l-octroi-d-un-siege-permanent-a-l-union-africaine-au-sein-du-g20\"><span style=\"font-weight: 400\">a apport&eacute; son soutien &agrave; l&rsquo;Union africaine<\/span><\/a><span style=\"font-weight: 400\"> pour qu&rsquo;elle obtienne un si&egrave;ge, rejoignant ainsi la France et les &Eacute;tats-Unis. Et puis, il y a le Fonds mon&eacute;taire international (FMI) et la Banque mondiale : les &Eacute;tats-Unis (330 millions d&rsquo;habitants) contr&ocirc;lent environ 16 % des droits de vote dans ces deux institutions, alors que les 54 pays africains (1,4 milliard d&rsquo;habitants) n&rsquo;en d&eacute;tiennent <\/span><a href=\"https:\/\/twitter.com\/David_McNair\/status\/1656303854143655937\"><span style=\"font-weight: 400\">que 7 %<\/span><\/a><span style=\"font-weight: 400\">. Cette injustice fait &eacute;cho <\/span><a href=\"https:\/\/www.youtube.com\/watch?v=pCpua4dvUXs\"><span style=\"font-weight: 400\">&agrave; la critique acerbe<\/span><\/a><span style=\"font-weight: 400\"> de Fela Kuti, musicien nig&eacute;rian, il y a plus de trente ans : &ldquo;Dis &lsquo;united&rsquo; United Nations, one veto vote is equal to 92 (or more, or more), what kind sense be dat? Na animal sense.&rdquo; (Au sein de ces Nations unies &laquo; unies &raquo;, un veto &eacute;quivaut &agrave; 92&hellip; &Ccedil;a ne fait aucun sens).<\/span><\/p>\n<p><span style=\"font-weight: 400\">&laquo; <\/span><a href=\"https:\/\/www.youtube.com\/watch?v=MqqBH9Fa4NQ\"><strong>You suppose to know how the thing go<\/strong><\/a> <span style=\"font-weight: 400\">&raquo;<\/span><strong> (de Ruger) : <\/strong><span style=\"font-weight: 400\">Les avocats repr&eacute;sentant les partis d&rsquo;opposition nig&eacute;rians ont fait <\/span><a href=\"https:\/\/nation.africa\/africa\/news\/legal-challenge-opens-against-bola-tinubu-s-win-as-nigeria-president-4227492\"><span style=\"font-weight: 400\">leurs d&eacute;clarations liminaires<\/span><\/a><span style=\"font-weight: 400\"> au tribunal dans le cadre de la contestation judiciaire de la victoire du pr&eacute;sident &eacute;lu Bola Tinubu (plus connu sous le nom de &laquo; Asiwaju &raquo;). &Agrave; l&rsquo;ext&eacute;rieur du tribunal, les manifestants demandaient <\/span><a href=\"https:\/\/www.africanews.com\/amp\/2023\/05\/09\/nigeria-protesters-storm-court-as-legal-challenge-opens-against-presidential-election-resu\/\"><span style=\"font-weight: 400\">une annulation de l&rsquo;&eacute;lection<\/span><\/a><span style=\"font-weight: 400\">. Mais l&rsquo;histoire n&rsquo;est pas de leur c&ocirc;t&eacute; : depuis 1999, les r&eacute;sultats des &eacute;lections au Nigeria ont fait l&rsquo;objet de contestations judiciaires, mais aucune n&rsquo;a jamais &eacute;t&eacute; annul&eacute;e. Comme le chante Ruger, star nig&eacute;riane de l&rsquo;afrobeats, dans son tube &laquo; Asiwaju &raquo;, sorti l&rsquo;ann&eacute;e derni&egrave;re, &agrave; propos de Tinubu : &laquo; <\/span><a href=\"https:\/\/www.youtube.com\/watch?v=MqqBH9Fa4NQ\"><span style=\"font-weight: 400\">You suppose to know how the thing go<\/span><\/a><span style=\"font-weight: 400\"> &raquo; (Tu es cens&eacute; savoir comment &ccedil;a se passe). M. Tinubu ne semble en tout cas pas perturb&eacute; par tout cela : il <\/span><a href=\"https:\/\/saharareporters.com\/2023\/05\/09\/exclusive-nigerias-president-elect-tinubu-set-return-france-medical-care-boost-his\"><span style=\"font-weight: 400\">est actuellement en France<\/span><\/a><span style=\"font-weight: 400\"> pour y &ecirc;tre soign&eacute; avant son investiture le 29 mai.&nbsp;<\/span><\/p>\n<p>&nbsp;<\/p>\n<p><span style=\"font-weight: 400\">&laquo; <\/span><a href=\"https:\/\/youtu.be\/tqkPHSzF6bI\"><strong>What kinda legacy are we to leave for the coming generation?<\/strong><\/a> <span style=\"font-weight: 400\">&raquo;<\/span><strong> (de Winky D) : <\/strong><span style=\"font-weight: 400\">La banque centrale du Zimbabwe a lanc&eacute; cette semaine sa nouvelle monnaie num&eacute;rique gag&eacute;e sur l&rsquo;or, <\/span><a href=\"https:\/\/www.rfi.fr\/fr\/podcasts\/aujourd-hui-l-%C3%A9conomie\/20230508-le-zimbabwe-lance-une-cryptomonnaie-en-or\"><span style=\"font-weight: 400\">derni&egrave;re tentative en date pour contrer la d&eacute;valuation de la monnaie<\/span><\/a><span style=\"font-weight: 400\"> et lutter contre l&rsquo;inflation. La valeur de la monnaie num&eacute;rique sera li&eacute;e aux r&eacute;serves d&rsquo;or du pays plut&ocirc;t qu&rsquo;&agrave; sa monnaie fiduciaire, afin de la <\/span><a href=\"https:\/\/fr.africanews.com\/2023\/05\/08\/le-zimbabwe-lance-une-monnaie-numerique-adossee-a-lor\/\"><span style=\"font-weight: 400\">pr&eacute;server de la volatilit&eacute; du taux de change<\/span><\/a><span style=\"font-weight: 400\"> de cette derni&egrave;re. Le <\/span><a href=\"https:\/\/www.bloomberg.com\/news\/articles\/2023-05-09\/imf-cautions-zimbabwe-against-plan-for-gold-backed-digital-money\"><span style=\"font-weight: 400\">FMI a mis en garde contre la monnaie num&eacute;rique<\/span><\/a><span style=\"font-weight: 400\">, appelant plut&ocirc;t le pays &agrave; lever les restrictions existantes en mati&egrave;re de taux de change. D&rsquo;autres critiques ont soulign&eacute; que <\/span><a href=\"https:\/\/www.ft.com\/content\/64eb2348-23a1-4786-acd8-42bfa8c1fb05\"><span style=\"font-weight: 400\">le gouvernement alimentait l&rsquo;inflation<\/span><\/a><span style=\"font-weight: 400\"> en imprimant de l&rsquo;argent pour financer les d&eacute;penses publiques &agrave; l&rsquo;approche des prochaines &eacute;lections. La pop star Winky D r&eacute;sume la frustration des Zimbabw&eacute;ens qui souffrent depuis longtemps dans sa chanson &laquo; <\/span><a href=\"https:\/\/www.youtube.com\/watch?v=tqkPHSzF6bI\"><span style=\"font-weight: 400\">Dzimba Dzemabwe<\/span><\/a><span style=\"font-weight: 400\"> &raquo; : &ldquo;Everybody know dis is di bread basket. But, right now we carry water inna di basket.&rdquo; (Tout le monde sait que c&rsquo;est le grenier &agrave; bl&eacute;. Mais pour l&rsquo;instant, nous transportons de l&rsquo;eau dans ce panier).<\/span><\/p>\n<p>&nbsp;<\/p>\n<p><span style=\"font-weight: 400\">&laquo; <\/span><a href=\"https:\/\/www.youtube.com\/watch?v=2egwHLRKDsQ&amp;t=3s\"><strong>My Motherland<\/strong><\/a> <span style=\"font-weight: 400\">&raquo;<\/span><strong> (de Seyid Khalifa) : <\/strong><span style=\"font-weight: 400\">Le nombre de personnes d&eacute;plac&eacute;es par le conflit au Soudan <\/span><a href=\"https:\/\/news.un.org\/fr\/story\/2023\/05\/1134982\"><span style=\"font-weight: 400\">a doubl&eacute; la semaine derni&egrave;re<\/span><\/a><span style=\"font-weight: 400\"> pour atteindre plus de 700 000 personnes. Cinq millions de personnes suppl&eacute;mentaires auront besoin d&rsquo;une aide d&rsquo;urgence, dont <\/span><a href=\"https:\/\/www.cnbcafrica.com\/2023\/sudan-deepens-crisis-in-africa-as-un-sees-5-million-more-needing-aid\/\"><span style=\"font-weight: 400\">la moiti&eacute; sont des enfants<\/span><\/a><span style=\"font-weight: 400\">. Les pillages d&rsquo;installations d&rsquo;aide humanitaire et de sant&eacute; ont perturb&eacute; les efforts d&eacute;ploy&eacute;s pour fournir de l&rsquo;aide. Pour de nombreux Sud-Soudanais r&eacute;fugi&eacute;s au Soudan, le conflit les a contraints &agrave; retourner <\/span><a href=\"https:\/\/www.reuters.com\/world\/africa\/unhappy-return-sudan-crisis-forces-south-sudanese-refugees-back-troubled-home-2023-05-08\/\"><span style=\"font-weight: 400\">dans le pays qu&rsquo;ils avaient fui<\/span><\/a><span style=\"font-weight: 400\">. L&rsquo;afflux de personnes d&eacute;plac&eacute;es au Sud-Soudan met &agrave; rude &eacute;preuve les ressources d&eacute;j&agrave; limit&eacute;es du pays. Dans les ann&eacute;es 1950, le chanteur soudanais Seyid Khalifa chantait &laquo; Je suis si fier de toi, m&egrave;re patrie &raquo; pour c&eacute;l&eacute;brer l&rsquo;ind&eacute;pendance de son pays. On se demande ce que Khalifa &eacute;crirait aujourd&rsquo;hui en voyant les conflits et les souffrances inutiles perp&eacute;tr&eacute;s par deux g&eacute;n&eacute;raux assoiff&eacute;s de pouvoir.&nbsp;<\/span><\/p>\n<p>&nbsp;<\/p>\n<p><strong>L&rsquo;&Eacute;QUIPE DE ONE EN ACTION :&nbsp;<\/strong><\/p>\n<ul>\n<li style=\"font-weight: 400\"><span style=\"font-weight: 400\">Retrouvez <\/span><a href=\"https:\/\/www.one.org\/fr\/blog\/analyse-dune-crise-alimentaire-mondiale-sans-precedent\/\"><span style=\"font-weight: 400\">notre analyse<\/span><\/a><span style=\"font-weight: 400\"> sur une crise alimentaire mondiale sans pr&eacute;c&eacute;dent alors qu&rsquo;<\/span><span style=\"font-weight: 400\">on observe depuis 2019 une remont&eacute;e alarmante de la courbe de la faim.<\/span><\/li>\n<\/ul>\n<p>&nbsp;<\/p>\n<p><strong>LES CHIFFRES :<\/strong><\/p>\n<ul>\n<li style=\"font-weight: 400\"><strong>75 %<\/strong><span style=\"font-weight: 400\"> des personnes pauvres de la plan&egrave;te <\/span><a href=\"https:\/\/openknowledge.worldbank.org\/server\/api\/core\/bitstreams\/2cfa1ec3-1318-4415-aa8e-c8f3ce5e11ab\/content\"><span style=\"font-weight: 400\">vivront dans des pays riches en ressources naturelles <\/span><\/a><span style=\"font-weight: 400\">d&rsquo;ici 2030.&nbsp;<\/span><\/li>\n<li style=\"font-weight: 400\"><strong>2,6 fois :<\/strong><span style=\"font-weight: 400\"> C&rsquo;est ce que les gouvernements africains <\/span><a href=\"https:\/\/openknowledge.worldbank.org\/entities\/publication\/5b962927-b2d3-4ea3-a884-971c2b11bbd3\"><span style=\"font-weight: 400\">pourraient percevoir en revenus<\/span><\/a><span style=\"font-weight: 400\"> suppl&eacute;mentaires, par rapport aux sommes actuelles, provenant des ressources naturelles gr&acirc;ce &agrave; une meilleure fiscalit&eacute;.<\/span><\/li>\n<li style=\"font-weight: 400\"><strong>10 000 milliards de dollars<\/strong><span style=\"font-weight: 400\"> d&rsquo;actifs sous gestion sont &agrave; l&rsquo;origine d&rsquo;une avanc&eacute;e <\/span><a href=\"https:\/\/www.oxfamamerica.org\/press\/press-releases\/exxonmobil-chevron-and-conocophillips-shareholders-must-vote-to-ditch-secretive-tax-practices\/\"><span style=\"font-weight: 400\">en faveur d&rsquo;une plus grande transparence fiscale<\/span><\/a><span style=\"font-weight: 400\"> par le biais d&rsquo;une d&eacute;claration publique pays par pays.<\/span><\/li>\n<\/ul>\n<div class=\"buffer\"><\/div>","protected":false},"excerpt":{"rendered":"<p>Inscrivez-vous pour recevoir Ondes de choc, notre newsletter hebdomadaire pour suivre les cons&eacute;quences des diff&eacute;rentes crises actuelles (&eacute;conomique, sanitaire, alimentaire, climatique), notamment pour les pays d&rsquo;Afrique. Nous vous proposons des analyses pointues, succinctes et r&eacute;fl&eacute;chies de la part des experts de ONE. Cette semaine dans Ondes de Choc : Les musiciens africains jouent un r&ocirc;le [&hellip;]<\/p>\n","protected":false},"author":0,"featured_media":162753,"comment_status":"open","ping_status":"open","sticky":false,"template":"","format":"standard","meta":{"_acf_changed":false,"_relevanssi_hide_post":"","_relevanssi_hide_content":"","_relevanssi_pin_for_all":"","_relevanssi_pin_keywords":"","_relevanssi_unpin_keywords":"","_relevanssi_related_keywords":"","_relevanssi_related_include_ids":"","_relevanssi_related_exclude_ids":"","_relevanssi_related_no_append":"","_relevanssi_related_not_related":"","_relevanssi_related_posts":"","_relevanssi_noindex_reason":"","footnotes":""},"categories":[91],"tags":[],"topic":[86],"contributor":[33],"one_content_audience":[],"one_content_type":[],"one_content_tone":[],"class_list":["post-162658","post","type-post","status-publish","format-standard","has-post-thumbnail","hentry","category-donnees","topic-ondes-de-choc","contributor-one-france"],"acf":[],"yoast_head":"<!-- This site is optimized with the Yoast SEO Premium plugin v27.1 (Yoast SEO v27.1.1) - https:\/\/yoast.com\/product\/yoast-seo-premium-wordpress\/ -->\n<title>Votre infolettre en musique africaine - ONE.org France<\/title>\n<meta name=\"description\" content=\"Les musiciens africains jouent un r\u00f4le culturel et politique majeur. L&#039;\u00e9dition de cette semaine est en partie racont\u00e9e au travers des textes de ces artistes.\" \/>\n<meta name=\"robots\" content=\"index, follow, max-snippet:-1, max-image-preview:large, max-video-preview:-1\" \/>\n<link rel=\"canonical\" href=\"https:\/\/www.one.org\/fr\/actualites\/votre-infolettre-en-musique-africaine\/\" \/>\n<meta property=\"og:locale\" content=\"fr_FR\" \/>\n<meta property=\"og:type\" content=\"article\" \/>\n<meta property=\"og:title\" content=\"Votre infolettre en musique africaine\" \/>\n<meta property=\"og:description\" content=\"Les musiciens africains jouent un r\u00f4le culturel et politique majeur. L&#039;\u00e9dition de cette semaine est en partie racont\u00e9e au travers des textes de ces artistes.\" \/>\n<meta property=\"og:url\" content=\"https:\/\/www.one.org\/fr\/actualites\/votre-infolettre-en-musique-africaine\/\" \/>\n<meta property=\"og:site_name\" content=\"ONE.org France\" \/>\n<meta property=\"article:publisher\" content=\"https:\/\/www.facebook.com\/ONE.Fr\" \/>\n<meta property=\"article:published_time\" content=\"2023-05-12T08:08:48+00:00\" \/>\n<meta property=\"article:modified_time\" content=\"2024-04-23T12:31:04+00:00\" \/>\n<meta property=\"og:image\" content=\"https:\/\/www.one.org\/fr\/wp-content\/uploads\/sites\/4\/2023\/05\/Aftershock_2021_FeaturedImage_1200x1200_en_003-640x640-1.jpeg\" \/>\n\t<meta property=\"og:image:width\" content=\"640\" \/>\n\t<meta property=\"og:image:height\" content=\"640\" \/>\n\t<meta property=\"og:image:type\" content=\"image\/jpeg\" \/>\n<meta name=\"twitter:card\" content=\"summary_large_image\" \/>\n<meta name=\"twitter:creator\" content=\"@one_fr\" \/>\n<meta name=\"twitter:site\" content=\"@one_fr\" \/>\n<meta name=\"twitter:label1\" content=\"Est. reading time\" \/>\n\t<meta name=\"twitter:data1\" content=\"7 minutes\" \/>\n<script type=\"application\/ld+json\" class=\"yoast-schema-graph\">{\"@context\":\"https:\/\/schema.org\",\"@graph\":[{\"@type\":\"Article\",\"@id\":\"https:\/\/www.one.org\/fr\/actualites\/votre-infolettre-en-musique-africaine\/#article\",\"isPartOf\":{\"@id\":\"https:\/\/www.one.org\/fr\/actualites\/votre-infolettre-en-musique-africaine\/\"},\"author\":{\"name\":\"\",\"@id\":\"\"},\"headline\":\"Votre infolettre en musique africaine\",\"datePublished\":\"2023-05-12T08:08:48+00:00\",\"dateModified\":\"2024-04-23T12:31:04+00:00\",\"mainEntityOfPage\":{\"@id\":\"https:\/\/www.one.org\/fr\/actualites\/votre-infolettre-en-musique-africaine\/\"},\"wordCount\":1386,\"commentCount\":0,\"image\":{\"@id\":\"https:\/\/www.one.org\/fr\/actualites\/votre-infolettre-en-musique-africaine\/#primaryimage\"},\"thumbnailUrl\":\"https:\/\/www.one.org\/fr\/wp-content\/uploads\/sites\/4\/2023\/05\/Aftershock_2021_FeaturedImage_1200x1200_en_003-640x640-1.jpeg\",\"articleSection\":[\"Donn\u00e9es\"],\"inLanguage\":\"fr-FR\",\"potentialAction\":[{\"@type\":\"CommentAction\",\"name\":\"Comment\",\"target\":[\"https:\/\/www.one.org\/fr\/actualites\/votre-infolettre-en-musique-africaine\/#respond\"]}]},{\"@type\":\"WebPage\",\"@id\":\"https:\/\/www.one.org\/fr\/actualites\/votre-infolettre-en-musique-africaine\/\",\"url\":\"https:\/\/www.one.org\/fr\/actualites\/votre-infolettre-en-musique-africaine\/\",\"name\":\"Votre infolettre en musique africaine - ONE.org France\",\"isPartOf\":{\"@id\":\"https:\/\/www.one.org\/fr\/#website\"},\"primaryImageOfPage\":{\"@id\":\"https:\/\/www.one.org\/fr\/actualites\/votre-infolettre-en-musique-africaine\/#primaryimage\"},\"image\":{\"@id\":\"https:\/\/www.one.org\/fr\/actualites\/votre-infolettre-en-musique-africaine\/#primaryimage\"},\"thumbnailUrl\":\"https:\/\/www.one.org\/fr\/wp-content\/uploads\/sites\/4\/2023\/05\/Aftershock_2021_FeaturedImage_1200x1200_en_003-640x640-1.jpeg\",\"datePublished\":\"2023-05-12T08:08:48+00:00\",\"dateModified\":\"2024-04-23T12:31:04+00:00\",\"author\":{\"@id\":\"\"},\"description\":\"Les musiciens africains jouent un r\u00f4le culturel et politique majeur. L'\u00e9dition de cette semaine est en partie racont\u00e9e au travers des textes de ces artistes.\",\"breadcrumb\":{\"@id\":\"https:\/\/www.one.org\/fr\/actualites\/votre-infolettre-en-musique-africaine\/#breadcrumb\"},\"inLanguage\":\"fr-FR\",\"potentialAction\":[{\"@type\":\"ReadAction\",\"target\":[\"https:\/\/www.one.org\/fr\/actualites\/votre-infolettre-en-musique-africaine\/\"]}]},{\"@type\":\"ImageObject\",\"inLanguage\":\"fr-FR\",\"@id\":\"https:\/\/www.one.org\/fr\/actualites\/votre-infolettre-en-musique-africaine\/#primaryimage\",\"url\":\"https:\/\/www.one.org\/fr\/wp-content\/uploads\/sites\/4\/2023\/05\/Aftershock_2021_FeaturedImage_1200x1200_en_003-640x640-1.jpeg\",\"contentUrl\":\"https:\/\/www.one.org\/fr\/wp-content\/uploads\/sites\/4\/2023\/05\/Aftershock_2021_FeaturedImage_1200x1200_en_003-640x640-1.jpeg\",\"width\":640,\"height\":640},{\"@type\":\"BreadcrumbList\",\"@id\":\"https:\/\/www.one.org\/fr\/actualites\/votre-infolettre-en-musique-africaine\/#breadcrumb\",\"itemListElement\":[{\"@type\":\"ListItem\",\"position\":1,\"name\":\"Home\",\"item\":\"https:\/\/www.one.org\/fr\/\"},{\"@type\":\"ListItem\",\"position\":2,\"name\":\"Votre infolettre en musique africaine\"}]},{\"@type\":\"WebSite\",\"@id\":\"https:\/\/www.one.org\/fr\/#website\",\"url\":\"https:\/\/www.one.org\/fr\/\",\"name\":\"ONE.org\",\"description\":\"Cr\u00e9er des opportunit\u00e9s \u00e9conomiques et am\u00e9liorer la sant\u00e9 en Afrique\",\"potentialAction\":[{\"@type\":\"SearchAction\",\"target\":{\"@type\":\"EntryPoint\",\"urlTemplate\":\"https:\/\/www.one.org\/fr\/?s={search_term_string}\"},\"query-input\":{\"@type\":\"PropertyValueSpecification\",\"valueRequired\":true,\"valueName\":\"search_term_string\"}}],\"inLanguage\":\"fr-FR\"}]}<\/script>\n<!-- \/ Yoast SEO Premium plugin. -->","yoast_head_json":{"title":"Votre infolettre en musique africaine - ONE.org France","description":"Les musiciens africains jouent un r\u00f4le culturel et politique majeur. L'\u00e9dition de cette semaine est en partie racont\u00e9e au travers des textes de ces artistes.","robots":{"index":"index","follow":"follow","max-snippet":"max-snippet:-1","max-image-preview":"max-image-preview:large","max-video-preview":"max-video-preview:-1"},"canonical":"https:\/\/www.one.org\/fr\/actualites\/votre-infolettre-en-musique-africaine\/","og_locale":"fr_FR","og_type":"article","og_title":"Votre infolettre en musique africaine","og_description":"Les musiciens africains jouent un r\u00f4le culturel et politique majeur. L'\u00e9dition de cette semaine est en partie racont\u00e9e au travers des textes de ces artistes.","og_url":"https:\/\/www.one.org\/fr\/actualites\/votre-infolettre-en-musique-africaine\/","og_site_name":"ONE.org France","article_publisher":"https:\/\/www.facebook.com\/ONE.Fr","article_published_time":"2023-05-12T08:08:48+00:00","article_modified_time":"2024-04-23T12:31:04+00:00","og_image":[{"width":640,"height":640,"url":"https:\/\/www.one.org\/fr\/wp-content\/uploads\/sites\/4\/2023\/05\/Aftershock_2021_FeaturedImage_1200x1200_en_003-640x640-1.jpeg","type":"image\/jpeg"}],"twitter_card":"summary_large_image","twitter_creator":"@one_fr","twitter_site":"@one_fr","twitter_misc":{"Est. reading time":"7 minutes"},"schema":{"@context":"https:\/\/schema.org","@graph":[{"@type":"Article","@id":"https:\/\/www.one.org\/fr\/actualites\/votre-infolettre-en-musique-africaine\/#article","isPartOf":{"@id":"https:\/\/www.one.org\/fr\/actualites\/votre-infolettre-en-musique-africaine\/"},"author":{"name":"","@id":""},"headline":"Votre infolettre en musique africaine","datePublished":"2023-05-12T08:08:48+00:00","dateModified":"2024-04-23T12:31:04+00:00","mainEntityOfPage":{"@id":"https:\/\/www.one.org\/fr\/actualites\/votre-infolettre-en-musique-africaine\/"},"wordCount":1386,"commentCount":0,"image":{"@id":"https:\/\/www.one.org\/fr\/actualites\/votre-infolettre-en-musique-africaine\/#primaryimage"},"thumbnailUrl":"https:\/\/www.one.org\/fr\/wp-content\/uploads\/sites\/4\/2023\/05\/Aftershock_2021_FeaturedImage_1200x1200_en_003-640x640-1.jpeg","articleSection":["Donn\u00e9es"],"inLanguage":"fr-FR","potentialAction":[{"@type":"CommentAction","name":"Comment","target":["https:\/\/www.one.org\/fr\/actualites\/votre-infolettre-en-musique-africaine\/#respond"]}]},{"@type":"WebPage","@id":"https:\/\/www.one.org\/fr\/actualites\/votre-infolettre-en-musique-africaine\/","url":"https:\/\/www.one.org\/fr\/actualites\/votre-infolettre-en-musique-africaine\/","name":"Votre infolettre en musique africaine - ONE.org France","isPartOf":{"@id":"https:\/\/www.one.org\/fr\/#website"},"primaryImageOfPage":{"@id":"https:\/\/www.one.org\/fr\/actualites\/votre-infolettre-en-musique-africaine\/#primaryimage"},"image":{"@id":"https:\/\/www.one.org\/fr\/actualites\/votre-infolettre-en-musique-africaine\/#primaryimage"},"thumbnailUrl":"https:\/\/www.one.org\/fr\/wp-content\/uploads\/sites\/4\/2023\/05\/Aftershock_2021_FeaturedImage_1200x1200_en_003-640x640-1.jpeg","datePublished":"2023-05-12T08:08:48+00:00","dateModified":"2024-04-23T12:31:04+00:00","author":{"@id":""},"description":"Les musiciens africains jouent un r\u00f4le culturel et politique majeur. L'\u00e9dition de cette semaine est en partie racont\u00e9e au travers des textes de ces artistes.","breadcrumb":{"@id":"https:\/\/www.one.org\/fr\/actualites\/votre-infolettre-en-musique-africaine\/#breadcrumb"},"inLanguage":"fr-FR","potentialAction":[{"@type":"ReadAction","target":["https:\/\/www.one.org\/fr\/actualites\/votre-infolettre-en-musique-africaine\/"]}]},{"@type":"ImageObject","inLanguage":"fr-FR","@id":"https:\/\/www.one.org\/fr\/actualites\/votre-infolettre-en-musique-africaine\/#primaryimage","url":"https:\/\/www.one.org\/fr\/wp-content\/uploads\/sites\/4\/2023\/05\/Aftershock_2021_FeaturedImage_1200x1200_en_003-640x640-1.jpeg","contentUrl":"https:\/\/www.one.org\/fr\/wp-content\/uploads\/sites\/4\/2023\/05\/Aftershock_2021_FeaturedImage_1200x1200_en_003-640x640-1.jpeg","width":640,"height":640},{"@type":"BreadcrumbList","@id":"https:\/\/www.one.org\/fr\/actualites\/votre-infolettre-en-musique-africaine\/#breadcrumb","itemListElement":[{"@type":"ListItem","position":1,"name":"Home","item":"https:\/\/www.one.org\/fr\/"},{"@type":"ListItem","position":2,"name":"Votre infolettre en musique africaine"}]},{"@type":"WebSite","@id":"https:\/\/www.one.org\/fr\/#website","url":"https:\/\/www.one.org\/fr\/","name":"ONE.org","description":"Cr\u00e9er des opportunit\u00e9s \u00e9conomiques et am\u00e9liorer la sant\u00e9 en Afrique","potentialAction":[{"@type":"SearchAction","target":{"@type":"EntryPoint","urlTemplate":"https:\/\/www.one.org\/fr\/?s={search_term_string}"},"query-input":{"@type":"PropertyValueSpecification","valueRequired":true,"valueName":"search_term_string"}}],"inLanguage":"fr-FR"}]}},"distributor_meta":false,"distributor_terms":false,"distributor_media":false,"distributor_original_site_name":"ONE.org France","distributor_original_site_url":"https:\/\/www.one.org\/fr","push-errors":false,"_links":{"self":[{"href":"https:\/\/www.one.org\/fr\/wp-json\/wp\/v2\/posts\/162658","targetHints":{"allow":["GET"]}}],"collection":[{"href":"https:\/\/www.one.org\/fr\/wp-json\/wp\/v2\/posts"}],"about":[{"href":"https:\/\/www.one.org\/fr\/wp-json\/wp\/v2\/types\/post"}],"replies":[{"embeddable":true,"href":"https:\/\/www.one.org\/fr\/wp-json\/wp\/v2\/comments?post=162658"}],"version-history":[{"count":0,"href":"https:\/\/www.one.org\/fr\/wp-json\/wp\/v2\/posts\/162658\/revisions"}],"wp:featuredmedia":[{"embeddable":true,"href":"https:\/\/www.one.org\/fr\/wp-json\/wp\/v2\/media\/162753"}],"wp:attachment":[{"href":"https:\/\/www.one.org\/fr\/wp-json\/wp\/v2\/media?parent=162658"}],"wp:term":[{"taxonomy":"category","embeddable":true,"href":"https:\/\/www.one.org\/fr\/wp-json\/wp\/v2\/categories?post=162658"},{"taxonomy":"post_tag","embeddable":true,"href":"https:\/\/www.one.org\/fr\/wp-json\/wp\/v2\/tags?post=162658"},{"taxonomy":"topic","embeddable":true,"href":"https:\/\/www.one.org\/fr\/wp-json\/wp\/v2\/topic?post=162658"},{"taxonomy":"contributor","embeddable":true,"href":"https:\/\/www.one.org\/fr\/wp-json\/wp\/v2\/contributor?post=162658"},{"taxonomy":"one_content_audience","embeddable":true,"href":"https:\/\/www.one.org\/fr\/wp-json\/wp\/v2\/one_content_audience?post=162658"},{"taxonomy":"one_content_type","embeddable":true,"href":"https:\/\/www.one.org\/fr\/wp-json\/wp\/v2\/one_content_type?post=162658"},{"taxonomy":"one_content_tone","embeddable":true,"href":"https:\/\/www.one.org\/fr\/wp-json\/wp\/v2\/one_content_tone?post=162658"}],"curies":[{"name":"wp","href":"https:\/\/api.w.org\/{rel}","templated":true}]}}