{"id":162650,"date":"2023-04-20T08:52:10","date_gmt":"2023-04-20T08:52:10","guid":{"rendered":"https:\/\/www.one.org\/fr\/analyse-dune-crise-alimentaire-mondiale-sans-precedent\/"},"modified":"2024-04-23T12:31:19","modified_gmt":"2024-04-23T12:31:19","slug":"analyse-dune-crise-alimentaire-mondiale-sans-precedent","status":"publish","type":"post","link":"https:\/\/www.one.org\/fr\/actualites\/analyse-dune-crise-alimentaire-mondiale-sans-precedent\/","title":{"rendered":"Analyse d&#8217;une crise alimentaire mondiale sans pr\u00e9c\u00e9dent"},"content":{"rendered":"<p>Alors que la <strong>courbe de la faim<\/strong> &eacute;tait en baisse dans le monde depuis des d&eacute;cennies, on observe depuis 2019 une remont&eacute;e alarmante. En effet, des millions de personnes dans le monde continuent de souffrir de la faim. Ainsi, les dirigeants de cinq organisations internationales humanitaires, financi&egrave;res et commerciales, l&rsquo;Organisation des Nations Unies pour l&rsquo;alimentation et l&rsquo;agriculture (FAO), le Fonds mon&eacute;taire international (FMI), la <a href=\"https:\/\/www.banquemondiale.org\/fr\/home\">Banque mondiale<\/a> (BM), le Programme alimentaire mondial (PAM) et l&rsquo;Organisation mondiale du commerce (OMC), ont appel&eacute; d&eacute;but 2023 &agrave; une mobilisation urgente pour &eacute;viter l&rsquo;aggravation de la <strong>crise alimentaire et nutritionnelle<\/strong> <strong>mondiale<\/strong>. Ensemble, ils appellent &agrave; secourir les &laquo; points chauds de la faim &raquo; et &agrave; faciliter le commerce, entre autres mesures.<\/p>\n<p>Alors que pr&egrave;s de 350 millions de personnes dans 79 pays souffrent d&rsquo;ins&eacute;curit&eacute; alimentaire aigu&euml;, la sous-alimentation est elle aussi en augmentation. Le contexte international d&rsquo;inflation alimentaire est grandissant. Alors m&ecirc;me que les pays les plus pauvres peinent &agrave; se relever des cons&eacute;quences de la pand&eacute;mie de COVID-19, ils doivent faire face &agrave; de nouveaux d&eacute;fis d&eacute;coulant de l&rsquo;urgence climatique ou des r&eacute;percussions des conflits internationaux. L&rsquo;ensemble des perturbations de la cha&icirc;ne d&rsquo;approvisionnement ainsi que la hausse des taux d&rsquo;int&eacute;r&ecirc;t mettent &agrave; mal l&rsquo;&eacute;quilibre de nombreux pays dans le monde.<\/p>\n<p>Selon un rapport de l&rsquo;ONU, la situation devrait devenir plus s&eacute;v&egrave;re dans les ann&eacute;es &agrave; venir car les disponibilit&eacute;s alimentaires mondiales vont tomber &agrave; leur niveau le plus bas en trois ans. Les besoins sont particuli&egrave;rement criants dans 24 pays identifi&eacute;s comme des &laquo; <a href=\"https:\/\/news.un.org\/fr\/story\/2022\/01\/1113162\">points chauds de la faim<\/a> &raquo;, dont 16 se trouvent en Afrique. A titre d&rsquo;exemple, <a href=\"https:\/\/news.un.org\/fr\/story\/2023\/01\/1131402\">l&rsquo;ONU<\/a> estime que pr&egrave;s de 25 millions de Nig&eacute;rians dont 6 millions d&rsquo;enfants de moins de 5 ans risquent d&rsquo;&ecirc;tre confront&eacute;s &agrave; la faim entre juin et ao&ucirc;t 2023, p&eacute;riode de soudure, (p&eacute;riode qui s&eacute;pare la fin de la consommation de la r&eacute;colte de l&rsquo;ann&eacute;e pr&eacute;c&eacute;dente et l&rsquo;&eacute;puisement des r&eacute;serves des greniers, de la r&eacute;colte suivante) si des mesures urgentes ne sont pas prises.<\/p>\n<h2>Comment d&eacute;finit-on une crise alimentaire ?<\/h2>\n<p>Selon la FAO, une personne est en situation d&rsquo;<strong>ins&eacute;curit&eacute; alimentaire<\/strong> lorsqu&rsquo;elle n&rsquo;a pas un acc&egrave;s r&eacute;gulier &agrave; suffisamment d&rsquo;aliments sains et nutritifs pour une croissance et un d&eacute;veloppement normaux ainsi qu&rsquo;une vie active et saine. Cela peut &ecirc;tre d&ucirc; &agrave; l&rsquo;indisponibilit&eacute; de nourriture et\/ou au manque de ressources pour se procurer de la nourriture. L&rsquo;ins&eacute;curit&eacute; alimentaire peut &ecirc;tre ressentie &agrave; diff&eacute;rents niveaux de gravit&eacute;. La FAO mesure l&rsquo;ins&eacute;curit&eacute; alimentaire et trois niveaux sont observ&eacute;s : ins&eacute;curit&eacute; alimentaire l&eacute;g&egrave;re, mod&eacute;r&eacute;e ou grave.<\/p>\n<p>Depuis 2022, la guerre en Ukraine, qui est un pays souvent &eacute;voqu&eacute; comme &eacute;tant le &laquo; grenier &agrave; bl&eacute; de l&rsquo;Europe &raquo;, a &eacute;t&eacute; un r&eacute;v&eacute;lateur de la crise alimentaire mondiale. Les co&ucirc;ts ont augment&eacute;, les ressources ont baiss&eacute;, et de nombreux pays ont &eacute;t&eacute; impact&eacute;s par l&rsquo;arr&ecirc;t ou la perturbation des cha&icirc;nes de production.<\/p>\n<h2>Quels sont les facteurs qui provoquent une crise alimentaire ?<\/h2>\n<p>Conflits, inflation, baisse de la production mondiale, d&eacute;r&egrave;glement climatique, &eacute;v&eacute;nement sanitaire sont autant de facteurs qui provoquent une <strong>crise alimentaire<\/strong> surtout si ceux-ci sont combin&eacute;s.<\/p>\n<p>Les conflits sont g&eacute;n&eacute;ralement la cause principale d&rsquo;une crise alimentaire, et le PAM estime que 70% des personnes souffrant de la faim dans le monde vivent dans des r&eacute;gions touch&eacute;es par la guerre et la violence. De plus, les effets du d&eacute;r&egrave;glement climatiques sont de plus en plus forts, et sont &eacute;galement l&rsquo;une des principales causes de la forte augmentation de la faim dans le monde.&#8239; Les chocs climatiques d&eacute;truisent des vies, des r&eacute;coltes, d&eacute;ciment le b&eacute;tail ainsi qu&rsquo;une grande partie des <strong>moyens de subsistance<\/strong>. Les populations ne sont ainsi plus en capacit&eacute; de pouvoir se nourrir elles-m&ecirc;mes.<\/p>\n<p>De plus, le PAM estime qu&rsquo;&agrave; cause de la guerre en Ukraine, les prix mondiaux des engrais ont grimp&eacute; plus vite que les prix des denr&eacute;es alimentaires, qui restent eux-m&ecirc;mes &agrave; leur plus haut niveau depuis dix ans. En effet, la hausse des prix du gaz naturel impacte fortement la capacit&eacute; de produire et d&rsquo;exporter ces engrais.<\/p>\n<p>C&rsquo;est pourquoi le PAM estime que les prix &eacute;lev&eacute;s des engrais pourraient transformer la crise actuelle de <strong>l&rsquo;accessibilit&eacute; alimentaire<\/strong> en une crise de la <strong>disponibilit&eacute; alimentaire<\/strong>.<\/p>\n<h2>Pourquoi la crise alimentaire actuelle est-elle mondiale ?<\/h2>\n<p>Les facteurs de la crise alimentaire actuelle sont internationaux, rendant de fait cette crise alimentaire mondiale.<strong> Les effets du conflit en Ukraine et l&rsquo;inflation <\/strong>impactent de tr&egrave;s nombreux pays, et les effets du d&eacute;r&egrave;glement climatique ne se cantonnent pas aux pays qui &eacute;mettent la plus grande part d&rsquo;&eacute;mission de carbone. D&rsquo;autre part, on estime que les pays les plus durement touch&eacute;s par la crise climatique sont parmi les plus pauvres : le Bangladesh, la Guin&eacute;e-Bissau, la Sierra Leone, Ha&iuml;ti, le Soudan, le Nigeria, la R&eacute;publique d&eacute;mocratique du Congo, le Cambodge, les Philippines et l&rsquo;Ethiopie.<\/p>\n<h2>Quels sont les sc&eacute;narios et solutions pour sortir de cette crise ?<\/h2>\n<p>Plusieurs sc&eacute;narios existent pour mettre fin &agrave; la crise alimentaire mondiale. Mais on remarque qu&rsquo;un probl&egrave;me fondamental demeure et doit &ecirc;tre trait&eacute; afin de sortir durablement de cette crise : <strong>la lutte contre la pauvret&eacute; et l&rsquo;insuffisance des revenus.&nbsp;<\/strong><\/p>\n<p>Selon l&rsquo;OCDE, m&ecirc;me lorsque les march&eacute;s sont tendus, la nourriture existe en quantit&eacute; suffisante, mais beaucoup n&rsquo;ont pas les moyens d&rsquo;en acheter. La r&eacute;duction durable de la faim dans le monde exige une croissance g&eacute;n&eacute;rale des revenus.<\/p>\n<p>Le d&eacute;veloppement de l&rsquo;agriculture est essentiel pour<strong> produire les revenus n&eacute;cessaires &agrave; la s&eacute;curit&eacute; alimentaire.<\/strong> En effet, entre la moiti&eacute; et les deux tiers des populations les plus pauvres vivent en zone rurale, o&ugrave; l&rsquo;agriculture pr&eacute;domine. La plupart des activit&eacute;s agricoles sont le fait de petits exploitants, pour lesquels le contexte de prix &eacute;lev&eacute;s cr&eacute;e bien plus d&rsquo;opportunit&eacute;s qu&rsquo;auparavant de d&eacute;velopper des activit&eacute;s commercialement viables.<\/p>\n<p>Aussi, face aux impacts du d&eacute;r&egrave;glement climatique, il est essentiel d&rsquo;investir dans une agriculture r&eacute;siliente afin d&rsquo;accro&icirc;tre les r&eacute;coltes futures. L&rsquo;intensit&eacute; et l&rsquo;impr&eacute;visibilit&eacute; croissantes des &eacute;v&eacute;nements climatiques aggravent l&rsquo;ins&eacute;curit&eacute; alimentaire, et les pays &agrave; revenu faible, notamment en Afrique subsaharienne, sont les moins bien pr&eacute;par&eacute;s pour faire face aux effets du changement climatique.<\/p>\n<p>Les solutions propos&eacute;es doivent &ecirc;tre adapt&eacute;es aux circonstances nationales, en mettant l&rsquo;accent sur des mesures peu co&ucirc;teuses et &agrave; fort impact, comme investir dans de nouvelles vari&eacute;t&eacute;s de cultures, am&eacute;liorer la gestion de l&rsquo;eau et partager les bonnes pratiques.<\/p>\n<h2>Quelle est la situation en Afrique ?<\/h2>\n<p>L&rsquo;Afrique est l&rsquo;un des continents les plus touch&eacute;s par <a href=\"https:\/\/www.one.org\/fr\/blog\/famine-en-afrique-ou-en-sommes-nous-en-2023\/\">la crise alimentaire actuelle, <\/a>&nbsp;et notamment en Afrique subsaharienne et dans la Corne de l&rsquo;Afrique, partie nord-est du continent compos&eacute;e de la Somalie, de l&rsquo;&Eacute;thiopie et du Kenya. Dans le m&ecirc;me temps,<strong> nombre de ces pays sont en situation d&rsquo;ins&eacute;curit&eacute; alimentaire,<\/strong> ce qui inqui&egrave;te la communaut&eacute; internationale puisque beaucoup ont connu quatre saisons particuli&egrave;rement s&egrave;ches, et qu&rsquo;une cinqui&egrave;me saison cons&eacute;cutive de s&eacute;cheresse devrait se poursuivre entre mars et mai 2023.<\/p>\n<p>Si nous voulons stopper la crise alimentaire mondiale, il faut agir imm&eacute;diatement. C&rsquo;est pourquoi ONE appelle les dirigeants et dirigeantes &agrave; :<\/p>\n<ul>\n<li>&nbsp;Financer urgemment l&rsquo;aide humanitaire pour celles et ceux que la famine ou la malnutrition aigu&euml; menacent;<\/li>\n<li>&nbsp;Veiller &agrave; ce que l&rsquo;acc&egrave;s, le commerce et la circulation des denr&eacute;es alimentaires et des intrants essentiels, comme les engrais, soient &eacute;quitables et libres ;<\/li>\n<li>Investir en vue d&rsquo;accro&icirc;tre la production alimentaire dans les pays vuln&eacute;rables ;<\/li>\n<li>Financer et mettre en &oelig;uvre des politiques d&rsquo;adaptation au d&eacute;r&egrave;glement climatique.<\/li>\n<\/ul>\n<p><strong><a href=\"https:\/\/act.one.org\/sign\/eradiquer-la-faim\/\">Agissez &agrave; nos c&ocirc;t&eacute;, signez notre p&eacute;tition.<\/a><\/strong><\/p>\n<div class=\"buffer\"><\/div>","protected":false},"excerpt":{"rendered":"<p>Alors que la courbe de la faim &eacute;tait en baisse dans le monde depuis des d&eacute;cennies, on observe depuis 2019 une remont&eacute;e alarmante. En effet, des millions de personnes dans le monde continuent de souffrir de la faim. Ainsi, les dirigeants de cinq organisations internationales humanitaires, financi&egrave;res et commerciales, l&rsquo;Organisation des Nations Unies pour l&rsquo;alimentation [&hellip;]<\/p>\n","protected":false},"author":0,"featured_media":162767,"comment_status":"open","ping_status":"open","sticky":false,"template":"","format":"standard","meta":{"_acf_changed":false,"_relevanssi_hide_post":"","_relevanssi_hide_content":"","_relevanssi_pin_for_all":"","_relevanssi_pin_keywords":"","_relevanssi_unpin_keywords":"","_relevanssi_related_keywords":"","_relevanssi_related_include_ids":"","_relevanssi_related_exclude_ids":"","_relevanssi_related_no_append":"","_relevanssi_related_not_related":"","_relevanssi_related_posts":"","_relevanssi_noindex_reason":"","footnotes":""},"categories":[68],"tags":[],"topic":[67],"contributor":[33],"one_content_audience":[],"one_content_type":[],"one_content_tone":[],"class_list":["post-162650","post","type-post","status-publish","format-standard","has-post-thumbnail","hentry","category-analyse","topic-agriculture","contributor-one-france"],"acf":[],"yoast_head":"<!-- This site is optimized with the Yoast SEO Premium plugin v27.1 (Yoast SEO v27.1.1) - https:\/\/yoast.com\/product\/yoast-seo-premium-wordpress\/ -->\n<title>Analyse d&#039;une crise alimentaire mondiale sans pr\u00e9c\u00e9dent - ONE.org France<\/title>\n<meta name=\"description\" content=\"La crise alimentaire mondiale menace des millions de personnes dans le monde. D\u00e9couvrez les causes, les cons\u00e9quences et les solutions pour y faire face.\" \/>\n<meta name=\"robots\" content=\"index, follow, max-snippet:-1, max-image-preview:large, max-video-preview:-1\" \/>\n<link rel=\"canonical\" href=\"https:\/\/www.one.org\/fr\/actualites\/analyse-dune-crise-alimentaire-mondiale-sans-precedent\/\" \/>\n<meta property=\"og:locale\" content=\"fr_FR\" \/>\n<meta property=\"og:type\" content=\"article\" \/>\n<meta property=\"og:title\" content=\"Analyse d&#039;une crise alimentaire mondiale sans pr\u00e9c\u00e9dent\" \/>\n<meta property=\"og:description\" content=\"La crise alimentaire mondiale menace des millions de personnes dans le monde. D\u00e9couvrez les causes, les cons\u00e9quences et les solutions pour y faire face.\" \/>\n<meta property=\"og:url\" content=\"https:\/\/www.one.org\/fr\/actualites\/analyse-dune-crise-alimentaire-mondiale-sans-precedent\/\" \/>\n<meta property=\"og:site_name\" content=\"ONE.org France\" \/>\n<meta property=\"article:publisher\" content=\"https:\/\/www.facebook.com\/ONE.Fr\" \/>\n<meta property=\"article:published_time\" content=\"2023-04-20T08:52:10+00:00\" \/>\n<meta property=\"article:modified_time\" content=\"2024-04-23T12:31:19+00:00\" \/>\n<meta property=\"og:image\" content=\"https:\/\/www.one.org\/fr\/wp-content\/uploads\/sites\/4\/2023\/04\/Untitled-design-5-1024x1024.png\" \/>\n\t<meta property=\"og:image:width\" content=\"1024\" \/>\n\t<meta property=\"og:image:height\" content=\"1024\" \/>\n\t<meta property=\"og:image:type\" content=\"image\/png\" \/>\n<meta name=\"twitter:card\" content=\"summary_large_image\" \/>\n<meta name=\"twitter:creator\" content=\"@one_fr\" \/>\n<meta name=\"twitter:site\" content=\"@one_fr\" \/>\n<meta name=\"twitter:label1\" content=\"Est. reading time\" \/>\n\t<meta name=\"twitter:data1\" content=\"8 minutes\" \/>\n<script type=\"application\/ld+json\" class=\"yoast-schema-graph\">{\"@context\":\"https:\/\/schema.org\",\"@graph\":[{\"@type\":\"Article\",\"@id\":\"https:\/\/www.one.org\/fr\/actualites\/analyse-dune-crise-alimentaire-mondiale-sans-precedent\/#article\",\"isPartOf\":{\"@id\":\"https:\/\/www.one.org\/fr\/actualites\/analyse-dune-crise-alimentaire-mondiale-sans-precedent\/\"},\"author\":{\"name\":\"\",\"@id\":\"\"},\"headline\":\"Analyse d&#8217;une crise alimentaire mondiale sans pr\u00e9c\u00e9dent\",\"datePublished\":\"2023-04-20T08:52:10+00:00\",\"dateModified\":\"2024-04-23T12:31:19+00:00\",\"mainEntityOfPage\":{\"@id\":\"https:\/\/www.one.org\/fr\/actualites\/analyse-dune-crise-alimentaire-mondiale-sans-precedent\/\"},\"wordCount\":1664,\"commentCount\":0,\"image\":{\"@id\":\"https:\/\/www.one.org\/fr\/actualites\/analyse-dune-crise-alimentaire-mondiale-sans-precedent\/#primaryimage\"},\"thumbnailUrl\":\"https:\/\/www.one.org\/fr\/wp-content\/uploads\/sites\/4\/2023\/04\/Untitled-design-5.png\",\"articleSection\":[\"Analyse\"],\"inLanguage\":\"fr-FR\",\"potentialAction\":[{\"@type\":\"CommentAction\",\"name\":\"Comment\",\"target\":[\"https:\/\/www.one.org\/fr\/actualites\/analyse-dune-crise-alimentaire-mondiale-sans-precedent\/#respond\"]}]},{\"@type\":\"WebPage\",\"@id\":\"https:\/\/www.one.org\/fr\/actualites\/analyse-dune-crise-alimentaire-mondiale-sans-precedent\/\",\"url\":\"https:\/\/www.one.org\/fr\/actualites\/analyse-dune-crise-alimentaire-mondiale-sans-precedent\/\",\"name\":\"Analyse d'une crise alimentaire mondiale sans pr\u00e9c\u00e9dent - ONE.org France\",\"isPartOf\":{\"@id\":\"https:\/\/www.one.org\/fr\/#website\"},\"primaryImageOfPage\":{\"@id\":\"https:\/\/www.one.org\/fr\/actualites\/analyse-dune-crise-alimentaire-mondiale-sans-precedent\/#primaryimage\"},\"image\":{\"@id\":\"https:\/\/www.one.org\/fr\/actualites\/analyse-dune-crise-alimentaire-mondiale-sans-precedent\/#primaryimage\"},\"thumbnailUrl\":\"https:\/\/www.one.org\/fr\/wp-content\/uploads\/sites\/4\/2023\/04\/Untitled-design-5.png\",\"datePublished\":\"2023-04-20T08:52:10+00:00\",\"dateModified\":\"2024-04-23T12:31:19+00:00\",\"author\":{\"@id\":\"\"},\"description\":\"La crise alimentaire mondiale menace des millions de personnes dans le monde. D\u00e9couvrez les causes, les cons\u00e9quences et les solutions pour y faire face.\",\"breadcrumb\":{\"@id\":\"https:\/\/www.one.org\/fr\/actualites\/analyse-dune-crise-alimentaire-mondiale-sans-precedent\/#breadcrumb\"},\"inLanguage\":\"fr-FR\",\"potentialAction\":[{\"@type\":\"ReadAction\",\"target\":[\"https:\/\/www.one.org\/fr\/actualites\/analyse-dune-crise-alimentaire-mondiale-sans-precedent\/\"]}]},{\"@type\":\"ImageObject\",\"inLanguage\":\"fr-FR\",\"@id\":\"https:\/\/www.one.org\/fr\/actualites\/analyse-dune-crise-alimentaire-mondiale-sans-precedent\/#primaryimage\",\"url\":\"https:\/\/www.one.org\/fr\/wp-content\/uploads\/sites\/4\/2023\/04\/Untitled-design-5.png\",\"contentUrl\":\"https:\/\/www.one.org\/fr\/wp-content\/uploads\/sites\/4\/2023\/04\/Untitled-design-5.png\",\"width\":1200,\"height\":1200},{\"@type\":\"BreadcrumbList\",\"@id\":\"https:\/\/www.one.org\/fr\/actualites\/analyse-dune-crise-alimentaire-mondiale-sans-precedent\/#breadcrumb\",\"itemListElement\":[{\"@type\":\"ListItem\",\"position\":1,\"name\":\"Home\",\"item\":\"https:\/\/www.one.org\/fr\/\"},{\"@type\":\"ListItem\",\"position\":2,\"name\":\"Analyse d&#8217;une crise alimentaire mondiale sans pr\u00e9c\u00e9dent\"}]},{\"@type\":\"WebSite\",\"@id\":\"https:\/\/www.one.org\/fr\/#website\",\"url\":\"https:\/\/www.one.org\/fr\/\",\"name\":\"ONE.org\",\"description\":\"Cr\u00e9er des opportunit\u00e9s \u00e9conomiques et am\u00e9liorer la sant\u00e9 en Afrique\",\"potentialAction\":[{\"@type\":\"SearchAction\",\"target\":{\"@type\":\"EntryPoint\",\"urlTemplate\":\"https:\/\/www.one.org\/fr\/?s={search_term_string}\"},\"query-input\":{\"@type\":\"PropertyValueSpecification\",\"valueRequired\":true,\"valueName\":\"search_term_string\"}}],\"inLanguage\":\"fr-FR\"}]}<\/script>\n<!-- \/ Yoast SEO Premium plugin. -->","yoast_head_json":{"title":"Analyse d'une crise alimentaire mondiale sans pr\u00e9c\u00e9dent - ONE.org France","description":"La crise alimentaire mondiale menace des millions de personnes dans le monde. D\u00e9couvrez les causes, les cons\u00e9quences et les solutions pour y faire face.","robots":{"index":"index","follow":"follow","max-snippet":"max-snippet:-1","max-image-preview":"max-image-preview:large","max-video-preview":"max-video-preview:-1"},"canonical":"https:\/\/www.one.org\/fr\/actualites\/analyse-dune-crise-alimentaire-mondiale-sans-precedent\/","og_locale":"fr_FR","og_type":"article","og_title":"Analyse d'une crise alimentaire mondiale sans pr\u00e9c\u00e9dent","og_description":"La crise alimentaire mondiale menace des millions de personnes dans le monde. D\u00e9couvrez les causes, les cons\u00e9quences et les solutions pour y faire face.","og_url":"https:\/\/www.one.org\/fr\/actualites\/analyse-dune-crise-alimentaire-mondiale-sans-precedent\/","og_site_name":"ONE.org France","article_publisher":"https:\/\/www.facebook.com\/ONE.Fr","article_published_time":"2023-04-20T08:52:10+00:00","article_modified_time":"2024-04-23T12:31:19+00:00","og_image":[{"width":1024,"height":1024,"url":"https:\/\/www.one.org\/fr\/wp-content\/uploads\/sites\/4\/2023\/04\/Untitled-design-5-1024x1024.png","type":"image\/png"}],"twitter_card":"summary_large_image","twitter_creator":"@one_fr","twitter_site":"@one_fr","twitter_misc":{"Est. reading time":"8 minutes"},"schema":{"@context":"https:\/\/schema.org","@graph":[{"@type":"Article","@id":"https:\/\/www.one.org\/fr\/actualites\/analyse-dune-crise-alimentaire-mondiale-sans-precedent\/#article","isPartOf":{"@id":"https:\/\/www.one.org\/fr\/actualites\/analyse-dune-crise-alimentaire-mondiale-sans-precedent\/"},"author":{"name":"","@id":""},"headline":"Analyse d&#8217;une crise alimentaire mondiale sans pr\u00e9c\u00e9dent","datePublished":"2023-04-20T08:52:10+00:00","dateModified":"2024-04-23T12:31:19+00:00","mainEntityOfPage":{"@id":"https:\/\/www.one.org\/fr\/actualites\/analyse-dune-crise-alimentaire-mondiale-sans-precedent\/"},"wordCount":1664,"commentCount":0,"image":{"@id":"https:\/\/www.one.org\/fr\/actualites\/analyse-dune-crise-alimentaire-mondiale-sans-precedent\/#primaryimage"},"thumbnailUrl":"https:\/\/www.one.org\/fr\/wp-content\/uploads\/sites\/4\/2023\/04\/Untitled-design-5.png","articleSection":["Analyse"],"inLanguage":"fr-FR","potentialAction":[{"@type":"CommentAction","name":"Comment","target":["https:\/\/www.one.org\/fr\/actualites\/analyse-dune-crise-alimentaire-mondiale-sans-precedent\/#respond"]}]},{"@type":"WebPage","@id":"https:\/\/www.one.org\/fr\/actualites\/analyse-dune-crise-alimentaire-mondiale-sans-precedent\/","url":"https:\/\/www.one.org\/fr\/actualites\/analyse-dune-crise-alimentaire-mondiale-sans-precedent\/","name":"Analyse d'une crise alimentaire mondiale sans pr\u00e9c\u00e9dent - ONE.org France","isPartOf":{"@id":"https:\/\/www.one.org\/fr\/#website"},"primaryImageOfPage":{"@id":"https:\/\/www.one.org\/fr\/actualites\/analyse-dune-crise-alimentaire-mondiale-sans-precedent\/#primaryimage"},"image":{"@id":"https:\/\/www.one.org\/fr\/actualites\/analyse-dune-crise-alimentaire-mondiale-sans-precedent\/#primaryimage"},"thumbnailUrl":"https:\/\/www.one.org\/fr\/wp-content\/uploads\/sites\/4\/2023\/04\/Untitled-design-5.png","datePublished":"2023-04-20T08:52:10+00:00","dateModified":"2024-04-23T12:31:19+00:00","author":{"@id":""},"description":"La crise alimentaire mondiale menace des millions de personnes dans le monde. D\u00e9couvrez les causes, les cons\u00e9quences et les solutions pour y faire face.","breadcrumb":{"@id":"https:\/\/www.one.org\/fr\/actualites\/analyse-dune-crise-alimentaire-mondiale-sans-precedent\/#breadcrumb"},"inLanguage":"fr-FR","potentialAction":[{"@type":"ReadAction","target":["https:\/\/www.one.org\/fr\/actualites\/analyse-dune-crise-alimentaire-mondiale-sans-precedent\/"]}]},{"@type":"ImageObject","inLanguage":"fr-FR","@id":"https:\/\/www.one.org\/fr\/actualites\/analyse-dune-crise-alimentaire-mondiale-sans-precedent\/#primaryimage","url":"https:\/\/www.one.org\/fr\/wp-content\/uploads\/sites\/4\/2023\/04\/Untitled-design-5.png","contentUrl":"https:\/\/www.one.org\/fr\/wp-content\/uploads\/sites\/4\/2023\/04\/Untitled-design-5.png","width":1200,"height":1200},{"@type":"BreadcrumbList","@id":"https:\/\/www.one.org\/fr\/actualites\/analyse-dune-crise-alimentaire-mondiale-sans-precedent\/#breadcrumb","itemListElement":[{"@type":"ListItem","position":1,"name":"Home","item":"https:\/\/www.one.org\/fr\/"},{"@type":"ListItem","position":2,"name":"Analyse d&#8217;une crise alimentaire mondiale sans pr\u00e9c\u00e9dent"}]},{"@type":"WebSite","@id":"https:\/\/www.one.org\/fr\/#website","url":"https:\/\/www.one.org\/fr\/","name":"ONE.org","description":"Cr\u00e9er des opportunit\u00e9s \u00e9conomiques et am\u00e9liorer la sant\u00e9 en Afrique","potentialAction":[{"@type":"SearchAction","target":{"@type":"EntryPoint","urlTemplate":"https:\/\/www.one.org\/fr\/?s={search_term_string}"},"query-input":{"@type":"PropertyValueSpecification","valueRequired":true,"valueName":"search_term_string"}}],"inLanguage":"fr-FR"}]}},"distributor_meta":false,"distributor_terms":false,"distributor_media":false,"distributor_original_site_name":"ONE.org France","distributor_original_site_url":"https:\/\/www.one.org\/fr","push-errors":false,"_links":{"self":[{"href":"https:\/\/www.one.org\/fr\/wp-json\/wp\/v2\/posts\/162650","targetHints":{"allow":["GET"]}}],"collection":[{"href":"https:\/\/www.one.org\/fr\/wp-json\/wp\/v2\/posts"}],"about":[{"href":"https:\/\/www.one.org\/fr\/wp-json\/wp\/v2\/types\/post"}],"replies":[{"embeddable":true,"href":"https:\/\/www.one.org\/fr\/wp-json\/wp\/v2\/comments?post=162650"}],"version-history":[{"count":0,"href":"https:\/\/www.one.org\/fr\/wp-json\/wp\/v2\/posts\/162650\/revisions"}],"wp:featuredmedia":[{"embeddable":true,"href":"https:\/\/www.one.org\/fr\/wp-json\/wp\/v2\/media\/162767"}],"wp:attachment":[{"href":"https:\/\/www.one.org\/fr\/wp-json\/wp\/v2\/media?parent=162650"}],"wp:term":[{"taxonomy":"category","embeddable":true,"href":"https:\/\/www.one.org\/fr\/wp-json\/wp\/v2\/categories?post=162650"},{"taxonomy":"post_tag","embeddable":true,"href":"https:\/\/www.one.org\/fr\/wp-json\/wp\/v2\/tags?post=162650"},{"taxonomy":"topic","embeddable":true,"href":"https:\/\/www.one.org\/fr\/wp-json\/wp\/v2\/topic?post=162650"},{"taxonomy":"contributor","embeddable":true,"href":"https:\/\/www.one.org\/fr\/wp-json\/wp\/v2\/contributor?post=162650"},{"taxonomy":"one_content_audience","embeddable":true,"href":"https:\/\/www.one.org\/fr\/wp-json\/wp\/v2\/one_content_audience?post=162650"},{"taxonomy":"one_content_type","embeddable":true,"href":"https:\/\/www.one.org\/fr\/wp-json\/wp\/v2\/one_content_type?post=162650"},{"taxonomy":"one_content_tone","embeddable":true,"href":"https:\/\/www.one.org\/fr\/wp-json\/wp\/v2\/one_content_tone?post=162650"}],"curies":[{"name":"wp","href":"https:\/\/api.w.org\/{rel}","templated":true}]}}