{"id":162643,"date":"2023-04-06T15:04:48","date_gmt":"2023-04-06T15:04:48","guid":{"rendered":"https:\/\/www.one.org\/fr\/la-pauvrete-est-sexiste\/"},"modified":"2024-04-23T12:31:33","modified_gmt":"2024-04-23T12:31:33","slug":"la-pauvrete-est-sexiste","status":"publish","type":"post","link":"https:\/\/www.one.org\/fr\/actualites\/la-pauvrete-est-sexiste\/","title":{"rendered":"La pauvret\u00e9 est sexiste"},"content":{"rendered":"<h4><em><a href=\"https:\/\/www.one.org\/fr\/nos-combats\/ondes-de-choc\/\">Inscrivez-vous<\/a> pour recevoir Ondes de choc, notre newsletter hebdomadaire pour suivre les cons\u00e9quences des diff\u00e9rentes crises actuelles (\u00e9conomique, sanitaire, alimentaire, climatique), notamment pour les pays d\u2019Afrique. Nous vous proposons des analyses pointues, succinctes et r\u00e9fl\u00e9chies de la part des experts de ONE.<\/em><\/h4>\n<p><em><span style=\"font-weight: 400\">Cette semaine dans Ondes de Choc : La malnutrition des femmes est en hausse, les progr\u00e8s en mati\u00e8re de mortalit\u00e9 maternelle stagnent et les violences sexistes et sexuelles restent des probl\u00e8mes end\u00e9miques. Nous examinons de plus pr\u00e8s les in\u00e9galit\u00e9s de genre dans cette infolettre : o\u00f9 elles existent et pourquoi elles persistent.\u00a0<\/span><\/em><\/p>\n<p><strong>ACTUALITES<\/strong><\/p>\n<p><strong>R\u00e9colter ce que l\u2019on s\u00e8me :<\/strong> <a href=\"https:\/\/www.unicef.org\/media\/135796\/file\/Executive%20summary%20(French).pdf\"><span style=\"font-weight: 400\">une femme ou fille sur quatre<\/span><\/a><span style=\"font-weight: 400\"> dans le monde est sous-aliment\u00e9e. Entre 2019 et 2021, l\u2019\u00e9cart entre les femmes et les hommes en mati\u00e8re d\u2019ins\u00e9curit\u00e9 alimentaire <\/span><a href=\"https:\/\/www.weforum.org\/agenda\/2023\/03\/malnutrition-poverty-women-inequality-pregnancy\/\"><span style=\"font-weight: 400\">a plus que doubl\u00e9<\/span><\/a><span style=\"font-weight: 400\">. Au cours des deux derni\u00e8res ann\u00e9es, la malnutrition des femmes et des filles <\/span><a href=\"https:\/\/www.unicef.org\/media\/135796\/file\/Executive%20summary%20(French).pdf\"><span style=\"font-weight: 400\">a augment\u00e9 de 25 %<\/span><\/a><span style=\"font-weight: 400\"> dans les pays les plus durement touch\u00e9s, principalement en Afrique. Le sexisme y a un r\u00f4le pr\u00e9pond\u00e9rant : les femmes sont souvent victimes de discrimination, ont moins d\u2019opportunit\u00e9s sur le march\u00e9 du travail et moins de pouvoir de d\u00e9cision, leurs besoins sont donc g\u00e9n\u00e9ralement mis de c\u00f4t\u00e9. Pourtant, les femmes <\/span><a href=\"https:\/\/www.oecd-ilibrary.org\/sites\/35ec6754-en\/index.html?itemId=\/content\/component\/35ec6754-en\"><span style=\"font-weight: 400\">produisent jusqu\u2019\u00e0 90 %<\/span><\/a><span style=\"font-weight: 400\"> de la nourriture consomm\u00e9e dans les zones rurales pauvres. On ne r\u00e9colte donc pas toujours ce que l\u2019on s\u00e8me.<\/span><\/p>\n<p><strong>La mal\u00e9diction de l\u2019accouchement :<\/strong> <a href=\"https:\/\/www.who.int\/fr\/news\/item\/23-02-2023-a-woman-dies-every-two-minutes-due-to-pregnancy-or-childbirth--un-agencies#:~:text=En%20chiffres%20totaux%2C%20les%20d%C3%A9c%C3%A8s,%C3%A9t%C3%A9%20enregistr%C3%A9s%20en%20Afrique%20subsaharienne.\"><span style=\"font-weight: 400\">70 % des d\u00e9c\u00e8s maternels<\/span><\/a><span style=\"font-weight: 400\"> dans le monde se produisent en Afrique subsaharienne. 95 % d\u2019entre eux surviennent dans des pays \u00e0 revenu faible ou interm\u00e9diaire. Ces d\u00e9c\u00e8s sont en grande partie \u00e9vitables gr\u00e2ce \u00e0 des examens de routine, \u00e0 l\u2019acc\u00e8s aux moyens de contraception et aux soins pr\u00e9ventifs. Mais l\u2019acc\u00e8s \u00e0 ces ressources et \u00e0 la formation n\u00e9cessaire pour les mettre en \u0153uvre est in\u00e9gal, et pratiquement inexistant dans de nombreuses zones rurales et expos\u00e9es aux conflits. Si des <\/span><a href=\"https:\/\/data.one.org\/data-dives\/women-arent-given-power-they-make-it\/\"><span style=\"font-weight: 400\">progr\u00e8s ont \u00e9t\u00e9 r\u00e9alis\u00e9s<\/span><\/a><span style=\"font-weight: 400\"> au cours des derni\u00e8res d\u00e9cennies, ils sont au point mort depuis 2015. Si les tendances actuelles se maintiennent, des <\/span><a href=\"https:\/\/www.vox.com\/future-perfect\/2023\/3\/17\/23641598\/maternal-mortality-pregnancy-sub-saharan-africa-who-cdc-report-womens-health\"><span style=\"font-weight: 400\">millions de femmes d\u2019Afrique subsaharienne<\/span><\/a><span style=\"font-weight: 400\"> mourront de causes li\u00e9es \u00e0 la grossesse dans les dix prochaines ann\u00e9es.<\/span><\/p>\n<p><strong>Montrez-nous l\u2019argent :<\/strong><span style=\"font-weight: 400\"> La vice-pr\u00e9sidente am\u00e9ricaine Kamala Harris a fait ses adieux au Ghana en annon\u00e7ant une <\/span><a href=\"https:\/\/atlasinfo.fr\/kamala-harris-annonce-un-milliard-de-dollars-pour-les-femmes-en-afrique.html\"><span style=\"font-weight: 400\">initiative de financement d\u2019un milliard de dollars<\/span><\/a><span style=\"font-weight: 400\"> pour l\u2019autonomisation \u00e9conomique des femmes en Afrique. Les fonds promis visent \u00e0 combler le foss\u00e9 num\u00e9rique entre les femmes et les hommes et \u00e0 am\u00e9liorer l\u2019acc\u00e8s des femmes \u00e0 la formation professionnelle et \u00e0 l\u2019aide aux entreprises. Il \u00e9tait temps. La part de l\u2019aide internationale comportant une composante de genre <\/span><a href=\"https:\/\/data.one.org\/data-dives\/women-arent-given-power-they-make-it\/\"><span style=\"font-weight: 400\">stagne depuis 2019<\/span><\/a><span style=\"font-weight: 400\">, alors qu\u2019il est prouv\u00e9 que la pand\u00e9mie de COVID-19 a frapp\u00e9 le plus durement les femmes et les filles et fait basculer plus de 37 millions de femmes dans l\u2019extr\u00eame pauvret\u00e9. La situation pour les femmes en Afrique subsaharienne <\/span><a href=\"https:\/\/data.one.org\/data-dives\/women-arent-given-power-they-make-it\/\"><span style=\"font-weight: 400\">ne va probablement pas s\u2019am\u00e9liorer de sit\u00f4<\/span><\/a><span style=\"font-weight: 400\">t. Entre-temps, la <\/span><a href=\"https:\/\/www.reuters.com\/article\/allemagne-diplomatie-feminisme-idFRKBN2V33CO\"><span style=\"font-weight: 400\">nouvelle politique de d\u00e9veloppement f\u00e9ministe de l\u2019Allemagne<\/span><\/a><span style=\"font-weight: 400\"> pr\u00e9voit de placer les droits des femmes et l\u2019\u00e9galit\u00e9 de genre au c\u0153ur de sa politique \u00e9trang\u00e8re, mais on ne sait pas (pour l\u2019instant) ce que cela signifiera dans la pratique.<\/span><\/p>\n<p><strong>Pas de justice, pas de paix :<\/strong><span style=\"font-weight: 400\"> Un cas r\u00e9cent de f\u00e9micide au Burundi a pouss\u00e9 les d\u00e9fenseurs des droits des femmes \u00e0 <\/span><a href=\"https:\/\/africanarguments.org\/2023\/04\/burundis-growing-femicide-problem\/\"><span style=\"font-weight: 400\">tirer la sonnette d\u2019alarme<\/span><\/a><span style=\"font-weight: 400\"> sur les violences sexistes dans le pays. Il y a eu au moins 5 f\u00e9minicides commis par des proches depuis janvier 2023, et une ONG locale a enregistr\u00e9 241 cas de viols entre d\u00e9cembre 2022 et f\u00e9vrier 2023. Le Burundi dispose d\u2019une loi criminalisant les violences bas\u00e9es sur le genre, mais les structures juridiques sont souvent insuffisantes dans des contextes o\u00f9 les normes patriarcales et la stigmatisation des survivantes de crimes sexuels persistent. Dans le monde, <\/span><a href=\"https:\/\/data.one.org\/data-dives\/women-arent-given-power-they-make-it\/\"><span style=\"font-weight: 400\">1 femme sur 3<\/span><\/a><span style=\"font-weight: 400\"> sera confront\u00e9e \u00e0 des violences physiques ou sexuelles au cours de sa vie, et leurs auteurs restent souvent impunis. Mais pas toujours : en Afrique du Sud, l\u2019ancien athl\u00e8te paralympique Oscar Pistorius s\u2019est vu une nouvelle fois <\/span><a href=\"https:\/\/www.leparisien.fr\/sports\/afrique-du-sud-demande-de-liberation-conditionnelle-refusee-pour-oscar-pistorius-31-03-2023-UY27O4HG2BDVHM2NYK6TQFP2NI.php\"><span style=\"font-weight: 400\">refuser la lib\u00e9ration conditionnelle<\/span><\/a><span style=\"font-weight: 400\"> de sa peine de 15 ans de prison pour le meurtre de sa petite amie Reeva Steenkamp en 2010.\u00a0<\/span><\/p>\n<p><strong>Des normes plus \u00e9lev\u00e9es : <\/strong><span style=\"font-weight: 400\">Le Rwanda a introduit <\/span><a href=\"https:\/\/www.newtimes.co.rw\/article\/6297\/news\/rwanda\/rwanda-launches-first-national-gender-standards-in-africa\"><span style=\"font-weight: 400\">les premi\u00e8res normes en mati\u00e8re d\u2019\u00e9galit\u00e9 de genre<\/span><\/a><span style=\"font-weight: 400\"> sur le lieu de travail en Afrique. L\u2019initiative vise \u00e0 encourager les femmes \u00e0 investir le monde du travail, \u00e0 renforcer leur leadership et \u00e0 s\u2019assurer qu\u2019elles ne sont pas \u00e9vinc\u00e9es des entreprises \u00e0 cause du harc\u00e8lement ou d\u2019autres formes de discrimination. Les effets de telles mesures sont probants : les entreprises o\u00f9 des femmes occupent des postes de direction <\/span><a href=\"https:\/\/www.piie.com\/research\/piie-charts\/companies-women-leadership-positions-are-more-profitable-those-without\"><span style=\"font-weight: 400\">sont plus rentables<\/span><\/a><span style=\"font-weight: 400\">. Mais cela ne comble pas le foss\u00e9 des in\u00e9galit\u00e9s en mati\u00e8re de droits dans le pays : au Rwanda, les femmes <\/span><a href=\"https:\/\/www.theeastafrican.co.ke\/tea\/science-health\/sub-sahara-african-women-enjoying-a-fraction-of-legal-rights-4182878\"><span style=\"font-weight: 400\">ne b\u00e9n\u00e9ficient que de 84 %<\/span><\/a><span style=\"font-weight: 400\"> de la protection juridique accord\u00e9e \u00e0 leurs homologues masculins. Dans le monde, 2,4 milliards de femmes en \u00e2ge de travailler sont confront\u00e9es \u00e0 des lois discriminatoires et ne jouissent que des trois quarts des droits l\u00e9gaux des hommes. <\/span><span style=\"font-weight: 400\">Seuls 14 pays<\/span><span style=\"font-weight: 400\"> traitent les femmes et les hommes sur un pied d\u2019\u00e9galit\u00e9 au regard de la loi et ces avanc\u00e9es ont atteint leur niveau le plus bas depuis 20 ans en 2022. Ce sont les pays africains qui ont le plus progress\u00e9 l\u2019ann\u00e9e derni\u00e8re, mais le continent reste \u00e0 la tra\u00eene.<\/span><\/p>\n<p><strong>Pour nous mais sans nous :<\/strong><span style=\"font-weight: 400\"> Les communaut\u00e9s en premi\u00e8re ligne de la crise de l\u2019eau <\/span><a href=\"https:\/\/www.theguardian.com\/world\/2023\/mar\/24\/united-nations-water-conference-new-york-pledges\"><span style=\"font-weight: 400\">n\u2019ont pas \u00e9t\u00e9 repr\u00e9sent\u00e9es<\/span><\/a><span style=\"font-weight: 400\"> lors de la premi\u00e8re conf\u00e9rence mondiale sur l\u2019eau depuis pr\u00e8s de 50 ans. Et selon un militant africain, celles et ceux qui ont eu la \u00ab chance \u00bb de surmonter les obstacles financiers et de visa pour venir n\u2019ont gu\u00e8re eu l\u2019occasion de partager leurs exp\u00e9riences. Comme celles des jeunes filles des r\u00e9gions du Kenya frapp\u00e9es par la s\u00e9cheresse, <\/span><a href=\"https:\/\/nation.africa\/kenya\/news\/gender\/women-girls-bear-burden-of-water-crisis-in-isiolo-4184216\"><span style=\"font-weight: 400\">qui abandonnent l\u2019\u00e9cole, passent des heures \u00e0 aller chercher de l\u2019eau, <\/span><\/a><span style=\"font-weight: 400\">risquant d\u2019\u00eatre agress\u00e9es \u00e0 chaque trajet. Dans un monde o\u00f9 les femmes et les filles passent environ <\/span><a href=\"https:\/\/data.one.org\/data-dives\/women-arent-given-power-they-make-it\/\"><span style=\"font-weight: 400\">200 millions d\u2019heures <\/span><em><span style=\"font-weight: 400\">par jour<\/span><\/em><\/a><span style=\"font-weight: 400\"> \u00e0 aller chercher de l\u2019eau et sont touch\u00e9es de mani\u00e8re disproportionn\u00e9e par le changement climatique, la moindre des choses serait <\/span><a href=\"https:\/\/issafrica.org\/media-resources\/videos\/iss-live-who-needs-a-seat-at-the-climate-change-table\"><span style=\"font-weight: 400\">de les inclure<\/span><\/a><span style=\"font-weight: 400\"> dans les conversations qui les concernent.\u00a0<\/span><\/p>\n<p><strong>L\u2019\u00c9QUIPE DE ONE EN ACTION :\u00a0<\/strong><\/p>\n<ul>\n<li style=\"font-weight: 400\"><span style=\"font-weight: 400\">Nos jeunes Ambassadeurs font parler d\u2019eux dans les m\u00e9dias ! <\/span><a href=\"https:\/\/www.instagram.com\/p\/CqlClS0rlFx\/\"><span style=\"font-weight: 400\">D\u00e9couvrez un condens\u00e9<\/span><\/a><span style=\"font-weight: 400\"> de leurs t\u00e9moignages sur leur engagement contre les in\u00e9galit\u00e9s et leur implication chez ONE<\/span><span style=\"font-weight: 400\">.\u00a0<\/span><\/li>\n<li style=\"font-weight: 400\"><a href=\"https:\/\/www.aefinfo.fr\/depeche\/690058-avec-le-sommet-de-juin-sur-le-nouveau-pacte-financier-one-veut-faire-avancer-la-taxe-sur-les-transactions-financieres\"><span style=\"font-weight: 400\">Retrouvez l\u2019interview<\/span><\/a><span style=\"font-weight: 400\"> de notre directrice France, Najat Vallaud-Belkacem dans AEF, o\u00f9 elle aborde le sommet de juin sur le nouveau pacte financier et la n\u00e9cessit\u00e9 d\u2019une taxe sur les transactions financi\u00e8res pour financer le d\u00e9veloppement et le climat.<\/span><\/li>\n<\/ul>\n<p><strong>LES CHIFFRES :<\/strong><\/p>\n<ul>\n<li style=\"font-weight: 400\"><strong>37 millions :<\/strong><span style=\"font-weight: 400\"> le nombre de femmes qui ont <\/span><a href=\"https:\/\/data.one.org\/data-dives\/women-arent-given-power-they-make-it\/\"><span style=\"font-weight: 400\">bascul\u00e9 dans l\u2019extr\u00eame pauvret\u00e9<\/span><\/a><span style=\"font-weight: 400\"> en 2021.\u00a0<\/span><\/li>\n<li style=\"font-weight: 400\"><strong>172 000 milliards de dollars :<\/strong><span style=\"font-weight: 400\"> L\u2019\u00e9cart de richesse cr\u00e9\u00e9 par la diff\u00e9rence <\/span><a href=\"https:\/\/openknowledge.worldbank.org\/server\/api\/core\/bitstreams\/12a9ec51-e881-56d0-b115-9b60478be2dc\/content\"><span style=\"font-weight: 400\">entre les revenus estim\u00e9s<\/span><\/a><span style=\"font-weight: 400\"> des hommes et des femmes au cours de leur vie (pr\u00e8s de deux fois le produit int\u00e9rieur brut mondial).\u00a0<\/span><\/li>\n<li style=\"font-weight: 400\"><strong>1 femme sur 3<\/strong><span style=\"font-weight: 400\"> subira des <\/span><a href=\"https:\/\/live-equality-now.pantheonsite.io\/wp-content\/uploads\/2021\/11\/EqualityNowRapeLawReport2017_Single_Pages_0-compressed.pdf\"><span style=\"font-weight: 400\">violences sexistes ou sexuelles<\/span><\/a><span style=\"font-weight: 400\"> au cours de sa vie.<\/span><\/li>\n<li style=\"font-weight: 400\"><strong>0,31 %<\/strong><span style=\"font-weight: 400\"> de l\u2019aide internationale est all\u00e9e aux <\/span><a href=\"https:\/\/www.oecd.org\/dac\/financing-sustainable-development\/development-finance-data\/\"><span style=\"font-weight: 400\">organisations de d\u00e9fense des droits des femmes<\/span><\/a><span style=\"font-weight: 400\"> en 2021.\u00a0<\/span><\/li>\n<li style=\"font-weight: 400\"><strong>95 % <\/strong><span style=\"font-weight: 400\">des <\/span><a href=\"https:\/\/data.one.org\/data-dives\/women-arent-given-power-they-make-it\/\"><span style=\"font-weight: 400\">d\u00e9c\u00e8s maternels en 2020<\/span><\/a><span style=\"font-weight: 400\"> sont survenus dans des pays \u00e0 revenu faible ou interm\u00e9diaire.\u00a0<\/span><\/li>\n<\/ul>\n<div class=\"buffer\"><\/div>","protected":false},"excerpt":{"rendered":"<p>Inscrivez-vous pour recevoir Ondes de choc, notre newsletter hebdomadaire pour suivre les cons\u00e9quences des diff\u00e9rentes crises actuelles (\u00e9conomique, sanitaire, alimentaire, climatique), notamment pour les pays d\u2019Afrique. Nous vous proposons des analyses pointues, succinctes et r\u00e9fl\u00e9chies de la part des experts de ONE. Cette semaine dans Ondes de Choc : La malnutrition des femmes est en [&hellip;]<\/p>\n","protected":false},"author":0,"featured_media":162781,"comment_status":"open","ping_status":"open","sticky":false,"template":"","format":"standard","meta":{"_acf_changed":false,"_relevanssi_hide_post":"","_relevanssi_hide_content":"","_relevanssi_pin_for_all":"","_relevanssi_pin_keywords":"","_relevanssi_unpin_keywords":"","_relevanssi_related_keywords":"","_relevanssi_related_include_ids":"","_relevanssi_related_exclude_ids":"","_relevanssi_related_no_append":"","_relevanssi_related_not_related":"","_relevanssi_related_posts":"165045,165022,164979,164901,164801,164384","_relevanssi_noindex_reason":"","footnotes":""},"categories":[91],"tags":[],"topic":[86],"contributor":[33],"one_content_audience":[],"one_content_type":[],"one_content_tone":[],"class_list":["post-162643","post","type-post","status-publish","format-standard","has-post-thumbnail","hentry","category-donnees","topic-ondes-de-choc","contributor-one-france"],"acf":[],"yoast_head":"<!-- This site is optimized with the Yoast SEO Premium plugin v27.1 (Yoast SEO v27.1.1) - https:\/\/yoast.com\/product\/yoast-seo-premium-wordpress\/ -->\n<title>La pauvret\u00e9 est sexiste - ONE.org France<\/title>\n<meta name=\"description\" content=\"Cette semaine dans Ondes de Choc : La malnutrition des femmes est en hausse, les progr\u00e8s en mati\u00e8re de mortalit\u00e9 maternelle stagnent\" \/>\n<meta name=\"robots\" content=\"index, follow, max-snippet:-1, max-image-preview:large, max-video-preview:-1\" \/>\n<link rel=\"canonical\" href=\"https:\/\/www.one.org\/fr\/actualites\/la-pauvrete-est-sexiste\/\" \/>\n<meta property=\"og:locale\" content=\"fr_FR\" \/>\n<meta property=\"og:type\" content=\"article\" \/>\n<meta property=\"og:title\" content=\"La pauvret\u00e9 est sexiste\" \/>\n<meta property=\"og:description\" content=\"Cette semaine dans Ondes de Choc : La malnutrition des femmes est en hausse, les progr\u00e8s en mati\u00e8re de mortalit\u00e9 maternelle stagnent\" \/>\n<meta property=\"og:url\" content=\"https:\/\/www.one.org\/fr\/actualites\/la-pauvrete-est-sexiste\/\" \/>\n<meta property=\"og:site_name\" content=\"ONE.org France\" \/>\n<meta property=\"article:publisher\" content=\"https:\/\/www.facebook.com\/ONE.Fr\" \/>\n<meta property=\"article:published_time\" content=\"2023-04-06T15:04:48+00:00\" \/>\n<meta property=\"article:modified_time\" content=\"2024-04-23T12:31:33+00:00\" \/>\n<meta property=\"og:image\" content=\"https:\/\/www.one.org\/fr\/wp-content\/uploads\/sites\/4\/2023\/04\/Aftershock_2021_FeaturedImage_1200x1200_en_006.jpg\" \/>\n\t<meta property=\"og:image:width\" content=\"1201\" \/>\n\t<meta property=\"og:image:height\" content=\"1201\" \/>\n\t<meta property=\"og:image:type\" content=\"image\/jpeg\" \/>\n<meta name=\"twitter:card\" content=\"summary_large_image\" \/>\n<meta name=\"twitter:creator\" content=\"@one_fr\" \/>\n<meta name=\"twitter:site\" content=\"@one_fr\" \/>\n<meta name=\"twitter:label1\" content=\"Est. reading time\" \/>\n\t<meta name=\"twitter:data1\" content=\"6 minutes\" \/>\n<script type=\"application\/ld+json\" class=\"yoast-schema-graph\">{\"@context\":\"https:\/\/schema.org\",\"@graph\":[{\"@type\":\"Article\",\"@id\":\"https:\/\/www.one.org\/fr\/actualites\/la-pauvrete-est-sexiste\/#article\",\"isPartOf\":{\"@id\":\"https:\/\/www.one.org\/fr\/actualites\/la-pauvrete-est-sexiste\/\"},\"author\":{\"name\":\"\",\"@id\":\"\"},\"headline\":\"La pauvret\u00e9 est sexiste\",\"datePublished\":\"2023-04-06T15:04:48+00:00\",\"dateModified\":\"2024-04-23T12:31:33+00:00\",\"mainEntityOfPage\":{\"@id\":\"https:\/\/www.one.org\/fr\/actualites\/la-pauvrete-est-sexiste\/\"},\"wordCount\":1285,\"commentCount\":0,\"image\":{\"@id\":\"https:\/\/www.one.org\/fr\/actualites\/la-pauvrete-est-sexiste\/#primaryimage\"},\"thumbnailUrl\":\"https:\/\/www.one.org\/fr\/wp-content\/uploads\/sites\/4\/2023\/04\/Aftershock_2021_FeaturedImage_1200x1200_en_006.jpg\",\"articleSection\":[\"Donn\u00e9es\"],\"inLanguage\":\"fr-FR\",\"potentialAction\":[{\"@type\":\"CommentAction\",\"name\":\"Comment\",\"target\":[\"https:\/\/www.one.org\/fr\/actualites\/la-pauvrete-est-sexiste\/#respond\"]}]},{\"@type\":\"WebPage\",\"@id\":\"https:\/\/www.one.org\/fr\/actualites\/la-pauvrete-est-sexiste\/\",\"url\":\"https:\/\/www.one.org\/fr\/actualites\/la-pauvrete-est-sexiste\/\",\"name\":\"La pauvret\u00e9 est sexiste - ONE.org France\",\"isPartOf\":{\"@id\":\"https:\/\/www.one.org\/fr\/#website\"},\"primaryImageOfPage\":{\"@id\":\"https:\/\/www.one.org\/fr\/actualites\/la-pauvrete-est-sexiste\/#primaryimage\"},\"image\":{\"@id\":\"https:\/\/www.one.org\/fr\/actualites\/la-pauvrete-est-sexiste\/#primaryimage\"},\"thumbnailUrl\":\"https:\/\/www.one.org\/fr\/wp-content\/uploads\/sites\/4\/2023\/04\/Aftershock_2021_FeaturedImage_1200x1200_en_006.jpg\",\"datePublished\":\"2023-04-06T15:04:48+00:00\",\"dateModified\":\"2024-04-23T12:31:33+00:00\",\"author\":{\"@id\":\"\"},\"description\":\"Cette semaine dans Ondes de Choc : La malnutrition des femmes est en hausse, les progr\u00e8s en mati\u00e8re de mortalit\u00e9 maternelle stagnent\",\"breadcrumb\":{\"@id\":\"https:\/\/www.one.org\/fr\/actualites\/la-pauvrete-est-sexiste\/#breadcrumb\"},\"inLanguage\":\"fr-FR\",\"potentialAction\":[{\"@type\":\"ReadAction\",\"target\":[\"https:\/\/www.one.org\/fr\/actualites\/la-pauvrete-est-sexiste\/\"]}]},{\"@type\":\"ImageObject\",\"inLanguage\":\"fr-FR\",\"@id\":\"https:\/\/www.one.org\/fr\/actualites\/la-pauvrete-est-sexiste\/#primaryimage\",\"url\":\"https:\/\/www.one.org\/fr\/wp-content\/uploads\/sites\/4\/2023\/04\/Aftershock_2021_FeaturedImage_1200x1200_en_006.jpg\",\"contentUrl\":\"https:\/\/www.one.org\/fr\/wp-content\/uploads\/sites\/4\/2023\/04\/Aftershock_2021_FeaturedImage_1200x1200_en_006.jpg\",\"width\":1201,\"height\":1201},{\"@type\":\"BreadcrumbList\",\"@id\":\"https:\/\/www.one.org\/fr\/actualites\/la-pauvrete-est-sexiste\/#breadcrumb\",\"itemListElement\":[{\"@type\":\"ListItem\",\"position\":1,\"name\":\"Home\",\"item\":\"https:\/\/www.one.org\/fr\/\"},{\"@type\":\"ListItem\",\"position\":2,\"name\":\"La pauvret\u00e9 est sexiste\"}]},{\"@type\":\"WebSite\",\"@id\":\"https:\/\/www.one.org\/fr\/#website\",\"url\":\"https:\/\/www.one.org\/fr\/\",\"name\":\"ONE.org\",\"description\":\"Cr\u00e9er des opportunit\u00e9s \u00e9conomiques et am\u00e9liorer la sant\u00e9 en Afrique\",\"potentialAction\":[{\"@type\":\"SearchAction\",\"target\":{\"@type\":\"EntryPoint\",\"urlTemplate\":\"https:\/\/www.one.org\/fr\/?s={search_term_string}\"},\"query-input\":{\"@type\":\"PropertyValueSpecification\",\"valueRequired\":true,\"valueName\":\"search_term_string\"}}],\"inLanguage\":\"fr-FR\"}]}<\/script>\n<!-- \/ Yoast SEO Premium plugin. -->","yoast_head_json":{"title":"La pauvret\u00e9 est sexiste - ONE.org France","description":"Cette semaine dans Ondes de Choc : La malnutrition des femmes est en hausse, les progr\u00e8s en mati\u00e8re de mortalit\u00e9 maternelle stagnent","robots":{"index":"index","follow":"follow","max-snippet":"max-snippet:-1","max-image-preview":"max-image-preview:large","max-video-preview":"max-video-preview:-1"},"canonical":"https:\/\/www.one.org\/fr\/actualites\/la-pauvrete-est-sexiste\/","og_locale":"fr_FR","og_type":"article","og_title":"La pauvret\u00e9 est sexiste","og_description":"Cette semaine dans Ondes de Choc : La malnutrition des femmes est en hausse, les progr\u00e8s en mati\u00e8re de mortalit\u00e9 maternelle stagnent","og_url":"https:\/\/www.one.org\/fr\/actualites\/la-pauvrete-est-sexiste\/","og_site_name":"ONE.org France","article_publisher":"https:\/\/www.facebook.com\/ONE.Fr","article_published_time":"2023-04-06T15:04:48+00:00","article_modified_time":"2024-04-23T12:31:33+00:00","og_image":[{"width":1201,"height":1201,"url":"https:\/\/www.one.org\/fr\/wp-content\/uploads\/sites\/4\/2023\/04\/Aftershock_2021_FeaturedImage_1200x1200_en_006.jpg","type":"image\/jpeg"}],"twitter_card":"summary_large_image","twitter_creator":"@one_fr","twitter_site":"@one_fr","twitter_misc":{"Est. reading time":"6 minutes"},"schema":{"@context":"https:\/\/schema.org","@graph":[{"@type":"Article","@id":"https:\/\/www.one.org\/fr\/actualites\/la-pauvrete-est-sexiste\/#article","isPartOf":{"@id":"https:\/\/www.one.org\/fr\/actualites\/la-pauvrete-est-sexiste\/"},"author":{"name":"","@id":""},"headline":"La pauvret\u00e9 est sexiste","datePublished":"2023-04-06T15:04:48+00:00","dateModified":"2024-04-23T12:31:33+00:00","mainEntityOfPage":{"@id":"https:\/\/www.one.org\/fr\/actualites\/la-pauvrete-est-sexiste\/"},"wordCount":1285,"commentCount":0,"image":{"@id":"https:\/\/www.one.org\/fr\/actualites\/la-pauvrete-est-sexiste\/#primaryimage"},"thumbnailUrl":"https:\/\/www.one.org\/fr\/wp-content\/uploads\/sites\/4\/2023\/04\/Aftershock_2021_FeaturedImage_1200x1200_en_006.jpg","articleSection":["Donn\u00e9es"],"inLanguage":"fr-FR","potentialAction":[{"@type":"CommentAction","name":"Comment","target":["https:\/\/www.one.org\/fr\/actualites\/la-pauvrete-est-sexiste\/#respond"]}]},{"@type":"WebPage","@id":"https:\/\/www.one.org\/fr\/actualites\/la-pauvrete-est-sexiste\/","url":"https:\/\/www.one.org\/fr\/actualites\/la-pauvrete-est-sexiste\/","name":"La pauvret\u00e9 est sexiste - ONE.org France","isPartOf":{"@id":"https:\/\/www.one.org\/fr\/#website"},"primaryImageOfPage":{"@id":"https:\/\/www.one.org\/fr\/actualites\/la-pauvrete-est-sexiste\/#primaryimage"},"image":{"@id":"https:\/\/www.one.org\/fr\/actualites\/la-pauvrete-est-sexiste\/#primaryimage"},"thumbnailUrl":"https:\/\/www.one.org\/fr\/wp-content\/uploads\/sites\/4\/2023\/04\/Aftershock_2021_FeaturedImage_1200x1200_en_006.jpg","datePublished":"2023-04-06T15:04:48+00:00","dateModified":"2024-04-23T12:31:33+00:00","author":{"@id":""},"description":"Cette semaine dans Ondes de Choc : La malnutrition des femmes est en hausse, les progr\u00e8s en mati\u00e8re de mortalit\u00e9 maternelle stagnent","breadcrumb":{"@id":"https:\/\/www.one.org\/fr\/actualites\/la-pauvrete-est-sexiste\/#breadcrumb"},"inLanguage":"fr-FR","potentialAction":[{"@type":"ReadAction","target":["https:\/\/www.one.org\/fr\/actualites\/la-pauvrete-est-sexiste\/"]}]},{"@type":"ImageObject","inLanguage":"fr-FR","@id":"https:\/\/www.one.org\/fr\/actualites\/la-pauvrete-est-sexiste\/#primaryimage","url":"https:\/\/www.one.org\/fr\/wp-content\/uploads\/sites\/4\/2023\/04\/Aftershock_2021_FeaturedImage_1200x1200_en_006.jpg","contentUrl":"https:\/\/www.one.org\/fr\/wp-content\/uploads\/sites\/4\/2023\/04\/Aftershock_2021_FeaturedImage_1200x1200_en_006.jpg","width":1201,"height":1201},{"@type":"BreadcrumbList","@id":"https:\/\/www.one.org\/fr\/actualites\/la-pauvrete-est-sexiste\/#breadcrumb","itemListElement":[{"@type":"ListItem","position":1,"name":"Home","item":"https:\/\/www.one.org\/fr\/"},{"@type":"ListItem","position":2,"name":"La pauvret\u00e9 est sexiste"}]},{"@type":"WebSite","@id":"https:\/\/www.one.org\/fr\/#website","url":"https:\/\/www.one.org\/fr\/","name":"ONE.org","description":"Cr\u00e9er des opportunit\u00e9s \u00e9conomiques et am\u00e9liorer la sant\u00e9 en Afrique","potentialAction":[{"@type":"SearchAction","target":{"@type":"EntryPoint","urlTemplate":"https:\/\/www.one.org\/fr\/?s={search_term_string}"},"query-input":{"@type":"PropertyValueSpecification","valueRequired":true,"valueName":"search_term_string"}}],"inLanguage":"fr-FR"}]}},"distributor_meta":false,"distributor_terms":false,"distributor_media":false,"distributor_original_site_name":"ONE.org France","distributor_original_site_url":"https:\/\/www.one.org\/fr","push-errors":false,"_links":{"self":[{"href":"https:\/\/www.one.org\/fr\/wp-json\/wp\/v2\/posts\/162643","targetHints":{"allow":["GET"]}}],"collection":[{"href":"https:\/\/www.one.org\/fr\/wp-json\/wp\/v2\/posts"}],"about":[{"href":"https:\/\/www.one.org\/fr\/wp-json\/wp\/v2\/types\/post"}],"replies":[{"embeddable":true,"href":"https:\/\/www.one.org\/fr\/wp-json\/wp\/v2\/comments?post=162643"}],"version-history":[{"count":0,"href":"https:\/\/www.one.org\/fr\/wp-json\/wp\/v2\/posts\/162643\/revisions"}],"wp:featuredmedia":[{"embeddable":true,"href":"https:\/\/www.one.org\/fr\/wp-json\/wp\/v2\/media\/162781"}],"wp:attachment":[{"href":"https:\/\/www.one.org\/fr\/wp-json\/wp\/v2\/media?parent=162643"}],"wp:term":[{"taxonomy":"category","embeddable":true,"href":"https:\/\/www.one.org\/fr\/wp-json\/wp\/v2\/categories?post=162643"},{"taxonomy":"post_tag","embeddable":true,"href":"https:\/\/www.one.org\/fr\/wp-json\/wp\/v2\/tags?post=162643"},{"taxonomy":"topic","embeddable":true,"href":"https:\/\/www.one.org\/fr\/wp-json\/wp\/v2\/topic?post=162643"},{"taxonomy":"contributor","embeddable":true,"href":"https:\/\/www.one.org\/fr\/wp-json\/wp\/v2\/contributor?post=162643"},{"taxonomy":"one_content_audience","embeddable":true,"href":"https:\/\/www.one.org\/fr\/wp-json\/wp\/v2\/one_content_audience?post=162643"},{"taxonomy":"one_content_type","embeddable":true,"href":"https:\/\/www.one.org\/fr\/wp-json\/wp\/v2\/one_content_type?post=162643"},{"taxonomy":"one_content_tone","embeddable":true,"href":"https:\/\/www.one.org\/fr\/wp-json\/wp\/v2\/one_content_tone?post=162643"}],"curies":[{"name":"wp","href":"https:\/\/api.w.org\/{rel}","templated":true}]}}