{"id":162642,"date":"2023-03-30T14:50:19","date_gmt":"2023-03-30T14:50:19","guid":{"rendered":"https:\/\/www.one.org\/fr\/55-jeunes-sengagent-contre-lextreme-pauvrete-pour-un-an\/"},"modified":"2023-11-06T16:25:21","modified_gmt":"2023-11-06T16:25:21","slug":"55-jeunes-contre-extreme-pauvrete-2023","status":"publish","type":"post","link":"https:\/\/www.one.org\/fr\/actualites\/55-jeunes-contre-extreme-pauvrete-2023\/","title":{"rendered":"55 jeunes s&#8217;engagent contre l&#8217;extr\u00eame pauvret\u00e9 pour un an"},"content":{"rendered":"<p><span style=\"font-weight: 400\">Apr&egrave;s deux ann&eacute;es &agrave; distance, les 55 jeunes Ambassadeurs et Ambassadrices de ONE en France se sont r&eacute;uni&middot;e&middot;s les 11 et 12 mars derniers pour le lancement de la promotion 2023 ! Ce fut l&rsquo;occasion d&rsquo;accueillir les nouvelles recrues et de se former aux enjeux prioritaires de l&rsquo;ann&eacute;e. Laila, Ikram et Tiphaine, trois jeunes Ambassadrices, reviennent sur ces deux journ&eacute;es de formation.<\/span><\/p>\n<h3><b>Mobilisation, action, urgence<\/b><\/h3>\n<p><span style=\"font-weight: 400\">En 2023, c&rsquo;est une &eacute;quipe de 55 jeunes d&eacute;termin&eacute;&middot;e&middot;s qui se fera la porte-parole de ONE en France. Plus que jamais, les jeunes Ambassadeurs et Ambassadrices devront intensifier leur mobilisation aupr&egrave;s des &eacute;lu&middot;e&middot;s et des citoyen&middot;ne&middot;s pour les convaincre d&rsquo;agir contre les in&eacute;galit&eacute;s mondiales. Pourquoi ? <\/span><b>Car pour la premi&egrave;re fois depuis les ann&eacute;es 1990, l&rsquo;extr&ecirc;me pauvret&eacute; augmente.<\/b><\/p>\n<blockquote><p><i><span style=\"font-weight: 400\">&laquo; Face aux multiples crises actuelles et &agrave; la hausse des in&eacute;galit&eacute;s dans le monde, je me suis engag&eacute;e aupr&egrave;s de ONE pour contribuer au changement positif. Je suis convaincue qu&rsquo;il n&rsquo;y a pas de fatalit&eacute; &agrave; l&rsquo;injustice sociale et que nous pouvons toutes et tous agir &agrave; notre &eacute;chelle pour am&eacute;liorer le monde de demain. &raquo; &ndash; Tiphaine, jeune Ambassadrice<\/span><\/i><\/p><\/blockquote>\n<h3><b>Le lancement 2023, un moment de partage et de formation<\/b><\/h3>\n<p><span style=\"font-weight: 400\">Le week-end du 11 et 12 mars 2023 a &eacute;t&eacute; l&rsquo;occasion de nous rencontrer entre jeunes Ambassadeurs et Ambassadrices, ainsi qu&rsquo;avec l&rsquo;&eacute;quipe de ONE en France.<\/span><\/p>\n<p><span style=\"font-weight: 400\">Nous avons pu d&eacute;couvrir le fonctionnement de ONE et ses objectifs. Nous avons appris que ONE est une ONG non partisane et ind&eacute;pendante qui vise &agrave; placer la solidarit&eacute; internationale et la lutte contre l&rsquo;extr&ecirc;me pauvret&eacute; au c&oelig;ur de l&rsquo;agenda politique. Notre r&ocirc;le sera donc de mener des actions de plaidoyer et de mobilisation citoyenne afin de questionner les &Eacute;tats, notamment le gouvernement fran&ccedil;ais, sur leurs engagements en mati&egrave;re de d&eacute;veloppement international.<\/span><\/p>\n<p><span style=\"font-weight: 400\">Le plaidoyer sera l&rsquo;un des points centraux de notre action, d&rsquo;autant plus qu&rsquo;un Sommet pour un nouveau pacte financier mondial se tiendra &agrave; Paris les 22 et 23 juin prochains. C&rsquo;est dans ce cadre que nous avons re&ccedil;u<strong> Aur&eacute;lien Lechevallier<\/strong>, Directeur g&eacute;n&eacute;ral de la mondialisation, de la culture, de l&rsquo;&eacute;ducation et du d&eacute;veloppement international au sein du Minist&egrave;re des Affaires &eacute;trang&egrave;res, avec qui nous avons &eacute;chang&eacute; sur les enjeux de ce Sommet et le r&ocirc;le que nous pouvons y jouer. Nous sommes sorti&middot;e&middot;s de cet &eacute;change productif plus d&eacute;termin&eacute;&middot;e&middot;s que jamais &agrave; nous investir au vu de cette &eacute;ch&eacute;ance.&nbsp;<\/span><\/p>\n<h3><b>Une formation intense &agrave; la hauteur des enjeux de l&rsquo;ann&eacute;e 2023<\/b><\/h3>\n<p><span style=\"font-weight: 400\">Si la situation semble s&rsquo;am&eacute;liorer suite &agrave; la pand&eacute;mie de COVID-19, force est de constater que tous les pays ne sont pas &eacute;gaux en ce qui concerne les plans de relance, notamment les pays africains.<\/span><b> C&rsquo;est dans ce contexte que de nombreux &Eacute;tats &agrave; faible revenu font aujourd&rsquo;hui face &agrave; une crise de liquidit&eacute; &agrave; cause des difficult&eacute;s d&rsquo;acc&egrave;s aux financements. <\/b><span style=\"font-weight: 400\">Bien plus, ce manque de financements est favoris&eacute; par une convergence des crises : guerre en Ukraine, crise climatique, ins&eacute;curit&eacute; alimentaire, inflation&hellip;<\/span><\/p>\n<p><span style=\"font-weight: 400\">Afin de d&eacute;fendre au mieux les trois th&egrave;mes prioritaires que sont le soutien financier aux pays africains, la r&eacute;silience et l&rsquo;acc&egrave;s &agrave; la sant&eacute;, ONE et ses jeunes Ambassadeurs et Ambassadrices ont taill&eacute; un programme sur mesure afin de relever les enjeux de l&rsquo;ann&eacute;e 2023 et faire bouger les lignes.<\/span><\/p>\n<p><span style=\"font-weight: 400\">Pour ce faire, la campagne 2023 s&rsquo;organis&eacute;e autour de plusieurs temps forts, dont le Sommet pour un nouveau pacte financier mondial qui se tiendra les 22 et 23 juin &agrave; Paris, ainsi que le Comit&eacute; interminist&eacute;riel de la coop&eacute;ration internationale et du d&eacute;veloppement (CICID).<\/span><\/p>\n<p><span style=\"font-weight: 400\">L&rsquo;objectif du Sommet, pour la ministre de l&rsquo;Europe et des Affaires &eacute;trang&egrave;res, est de construire un &laquo;<\/span><i><span style=\"font-weight: 400\"> nouveau contrat entre le Nord et le Sud<\/span><\/i><span style=\"font-weight: 400\"> &raquo;. Quant au CICID, comit&eacute; compos&eacute; de la Premi&egrave;re ministre et de plusieurs ministres, il aura pour but de d&eacute;terminer les grandes lignes directrices de la politique fran&ccedil;aise de d&eacute;veloppement et la strat&eacute;gie du pays en mati&egrave;re de solidarit&eacute; internationale.<\/span><\/p>\n<p><span style=\"font-weight: 400\">La crise li&eacute;e au COVID-19 a touch&eacute; de plein fouet les pays les plus vuln&eacute;rables. <\/span><b>Il est donc temps de renforcer notre plaidoyer pour favoriser le dialogue national et international. <\/b><span style=\"font-weight: 400\">Gr&acirc;ce aux activistes de ONE dispers&eacute;s en Europe, en Afrique et en Am&eacute;rique du Nord, nous souhaitons interpeller les dirigeant&middot;e&middot;s de notre monde afin de leur faire part de nos id&eacute;es (r&eacute;forme des banques multilat&eacute;rales de d&eacute;veloppement, renforcement de la taxe sur les transactions financi&egrave;res, r&eacute;allocation des droits de tirage sp&eacute;ciaux, all&eacute;gement la dette, adaptation au changement climatique&hellip;).<\/span><\/p>\n<h3><b>Une promo de jeunes activistes d&eacute;termin&eacute;&middot;e&middot;s, volontaires et pleins d&rsquo;audace !&nbsp;<\/b><\/h3>\n<p><span style=\"font-weight: 400\">Les deux journ&eacute;es de lancement ont &eacute;t&eacute; riches d&rsquo;apprentissage, de formations techniques mais aussi, et surtout, de rencontres. En effet, la promotion 2023 des jeunes Ambassadeurs et Ambassadrices de ONE est caract&eacute;ris&eacute;e par <\/span><b>une diversit&eacute; de parcours, une richesse des visions mais une universalit&eacute; de conviction : dire non aux in&eacute;galit&eacute;s mondiales.<\/b><span style=\"font-weight: 400\">&nbsp;<\/span><\/p>\n<p><span style=\"font-weight: 400\">Cette conviction unanime porte tout son sens &agrave; l&rsquo;heure o&ugrave; les crises syst&eacute;miques ne cessent de faire des ravages sur les progr&egrave;s r&eacute;alis&eacute;s en mati&egrave;re de lutte contre la pauvret&eacute;. Plus que jamais, le monde a besoin de jeunes engag&eacute;&middot;e&middot;s et volontaires qui &oelig;uvrent au renversement des tendances. En ce sens, cette ann&eacute;e repr&eacute;sente une v&eacute;ritable fen&ecirc;tre d&rsquo;opportunit&eacute; politique pour renforcer les engagements pris en faveur de cette lutte contre la pauvret&eacute;.&nbsp;<\/span><\/p>\n<p><span style=\"font-weight: 400\">Les objectifs &agrave; atteindre pour les jeunes Ambassadeurs et Ambassadrices de cette ann&eacute;e sont nombreux et d&eacute;terminants pour la lutte contre la pauvret&eacute; en Afrique. Mais pas de panique, la formidable &eacute;quipe permanente de ONE sera &agrave; nos c&ocirc;t&eacute;s tout au long de ces actions. D&egrave;s les premi&egrave;res phrases d&rsquo;ouverture du lancement, nous avons compris que nous ne serons pas abandonn&eacute;&middot;e&middot;s &agrave; nous-m&ecirc;mes. Au contraire, nous b&eacute;n&eacute;ficierons d&rsquo;un panel de formations, accompagnements (individuels comme collectifs) visant &agrave; faire de nous des ambassadeurs &agrave; impact !&nbsp;<\/span><\/p>\n<p><b>Plus que jamais, la mobilisation des jeunes, citoyen&middot;ne&middot;s, politiques est n&eacute;cessaire pour faire face aux in&eacute;galit&eacute;s mondiales. <\/b><span style=\"font-weight: 400\">Forte de victoires remarquables dans son plaidoyer politique, l&rsquo;ONG ONE &agrave; travers son &eacute;quipe, ses activistes et partenaires a montr&eacute; que tout &eacute;tait possible lorsqu&rsquo;on y met les moyens. Ensemble, uni&middot;e&middot;s, d&rsquo;une VOIX, nous pouvons consid&eacute;rablement inverser les tendances !<\/span><\/p>\n<p><span style=\"font-weight: 400\">Voici quelques mots ou verbatims pour d&eacute;crire le ressenti des jeunes Ambassadeurs et Ambassadrices suite au lancement :<\/span><\/p>\n<p><i><span style=\"font-weight: 400\">Rose Madeleine : &ldquo;Enrichissant, l&rsquo;occasion de se remotiver et se recharger pour faire bouger les lignes&rdquo;<\/span><\/i><\/p>\n<p><i><span style=\"font-weight: 400\">Ikram : &ldquo;Int&eacute;ressant, intense et bonne ambiance&rdquo;<\/span><\/i><\/p>\n<p><i><span style=\"font-weight: 400\">Laila : &ldquo;Formateur, sortir de sa zone de confort, confiance, urgence d&rsquo;action&rdquo;<\/span><\/i><\/p>\n<p><i><span style=\"font-weight: 400\">Manon : &ldquo;Des journ&eacute;es de rencontres et de formations parfois techniques, mais qui deviennent tr&egrave;s simples &agrave; comprendre &agrave; plusieurs !&rdquo;<\/span><\/i><\/p>\n<p><i><span style=\"font-weight: 400\">Alice : &ldquo;Stimulant&rdquo;<\/span><\/i><\/p>\n<p><i><span style=\"font-weight: 400\">Sarah : &ldquo;Instructif&rdquo;&nbsp;<\/span><\/i><\/p>\n<p><b>Parce que nous consid&eacute;rons que notre bien-&ecirc;tre collectif d&eacute;pend du bien-&ecirc;tre de chaque individu, personne ne doit &ecirc;tre laiss&eacute; derri&egrave;re.<\/b><span style=\"font-weight: 400\"> Nous allons redoubler d&rsquo;efforts en 2023, ann&eacute;e qui promet d&rsquo;&ecirc;tre riche en temps forts.<\/span><\/p>\n<p><span style=\"font-weight: 400\">Parce que nous ne demandons pas votre argent mais votre voix, chacun&middot;e peut agir &agrave; son &eacute;chelle pour faire en sorte que notre monde devienne un endroit plus juste et &eacute;quitable pour toutes et tous. <strong>Suivez-nous sur <\/strong><\/span><strong><a href=\"http:\/\/instagram.com\/onefrance_ong\/\">Instagram<\/a>, <a href=\"http:\/\/twitter.com\/ONE_Fr\">Twitter <\/a>et <a href=\"http:\/\/facebook.com\/ONE.Fr\">Facebook<\/a><\/strong><span style=\"font-weight: 400\"> pour suivre nos actions mais &eacute;galement rejoindre le mouvement en vous inscrivant &agrave; la newsletter de ONE et en signant les p&eacute;titions sur le site ONE.org.<\/span><\/p>\n<p><em>Ce billet de blog a &eacute;t&eacute; r&eacute;dig&eacute; par Laila, Ikram et Tiphaine, trois jeunes Ambassadrices de ONE.<\/em><\/p>\n<div class=\"buffer\"><\/div>","protected":false},"excerpt":{"rendered":"<p>Apr&egrave;s deux ann&eacute;es &agrave; distance, les 55 jeunes Ambassadeurs et Ambassadrices de ONE en France se sont r&eacute;uni&middot;e&middot;s les 11 et 12 mars derniers pour le lancement de la promotion 2023 ! Ce fut l&rsquo;occasion d&rsquo;accueillir les nouvelles recrues et de se former aux enjeux prioritaires de l&rsquo;ann&eacute;e. Laila, Ikram et Tiphaine, trois jeunes Ambassadrices, [&hellip;]<\/p>\n","protected":false},"author":24,"featured_media":162785,"comment_status":"open","ping_status":"open","sticky":false,"template":"","format":"standard","meta":{"_acf_changed":false,"_relevanssi_hide_post":"","_relevanssi_hide_content":"","_relevanssi_pin_for_all":"","_relevanssi_pin_keywords":"","_relevanssi_unpin_keywords":"","_relevanssi_related_keywords":"","_relevanssi_related_include_ids":"","_relevanssi_related_exclude_ids":"","_relevanssi_related_no_append":"","_relevanssi_related_not_related":"","_relevanssi_related_posts":"164801,164384,164396,163756,163706,163644","_relevanssi_noindex_reason":"","footnotes":""},"categories":[34],"tags":[],"topic":[48,47],"contributor":[81],"one_content_audience":[],"one_content_type":[],"one_content_tone":[],"class_list":["post-162642","post","type-post","status-publish","format-standard","has-post-thumbnail","hentry","category-one","topic-jeunes-ambassadeurrices-de-one","topic-que-font-nos-membres","contributor-jeunes-ambassadrices-de-one"],"acf":[],"yoast_head":"<!-- This site is optimized with the Yoast SEO Premium plugin v27.1 (Yoast SEO v27.1.1) - https:\/\/yoast.com\/product\/yoast-seo-premium-wordpress\/ -->\n<title>55 jeunes s&#039;engagent contre l&#039;extr\u00eame pauvret\u00e9 pour un an - ONE.org France<\/title>\n<meta name=\"description\" content=\"Apr\u00e8s un week-end de formation intense, ONE en France accueille 55 jeunes Ambassadeurs et Ambassadrices pour un mandat d&#039;un an.\" \/>\n<meta name=\"robots\" content=\"index, follow, max-snippet:-1, max-image-preview:large, max-video-preview:-1\" \/>\n<link rel=\"canonical\" href=\"https:\/\/www.one.org\/fr\/actualites\/55-jeunes-contre-extreme-pauvrete-2023\/\" \/>\n<meta property=\"og:locale\" content=\"fr_FR\" \/>\n<meta property=\"og:type\" content=\"article\" \/>\n<meta property=\"og:title\" content=\"55 jeunes s&#039;engagent contre l&#039;extr\u00eame pauvret\u00e9 pour un an\" \/>\n<meta property=\"og:description\" content=\"Apr\u00e8s un week-end de formation intense, ONE en France accueille 55 jeunes Ambassadeurs et Ambassadrices pour un mandat d&#039;un an.\" \/>\n<meta property=\"og:url\" content=\"https:\/\/www.one.org\/fr\/actualites\/55-jeunes-contre-extreme-pauvrete-2023\/\" \/>\n<meta property=\"og:site_name\" content=\"ONE.org France\" \/>\n<meta property=\"article:publisher\" content=\"https:\/\/www.facebook.com\/ONE.Fr\" \/>\n<meta property=\"article:published_time\" content=\"2023-03-30T14:50:19+00:00\" \/>\n<meta property=\"article:modified_time\" content=\"2023-11-06T16:25:21+00:00\" \/>\n<meta property=\"og:image\" content=\"https:\/\/www.one.org\/fr\/wp-content\/uploads\/sites\/4\/2023\/03\/IMG_6975-scaled-1.jpg\" \/>\n\t<meta property=\"og:image:width\" content=\"2560\" \/>\n\t<meta property=\"og:image:height\" content=\"1707\" \/>\n\t<meta property=\"og:image:type\" content=\"image\/jpeg\" \/>\n<meta name=\"author\" content=\"Dana Khalil\" \/>\n<meta name=\"twitter:card\" content=\"summary_large_image\" \/>\n<meta name=\"twitter:creator\" content=\"@one_fr\" \/>\n<meta name=\"twitter:site\" content=\"@one_fr\" \/>\n<meta name=\"twitter:label1\" content=\"Written by\" \/>\n\t<meta name=\"twitter:data1\" content=\"Dana Khalil\" \/>\n\t<meta name=\"twitter:label2\" content=\"Est. reading time\" \/>\n\t<meta name=\"twitter:data2\" content=\"5 minutes\" \/>\n<script type=\"application\/ld+json\" class=\"yoast-schema-graph\">{\"@context\":\"https:\/\/schema.org\",\"@graph\":[{\"@type\":\"Article\",\"@id\":\"https:\/\/www.one.org\/fr\/actualites\/55-jeunes-contre-extreme-pauvrete-2023\/#article\",\"isPartOf\":{\"@id\":\"https:\/\/www.one.org\/fr\/actualites\/55-jeunes-contre-extreme-pauvrete-2023\/\"},\"author\":{\"name\":\"Dana Khalil\",\"@id\":\"https:\/\/www.one.org\/fr\/#\/schema\/person\/cf1f30f9800f0592ec3d61940be82003\"},\"headline\":\"55 jeunes s&#8217;engagent contre l&#8217;extr\u00eame pauvret\u00e9 pour un an\",\"datePublished\":\"2023-03-30T14:50:19+00:00\",\"dateModified\":\"2023-11-06T16:25:21+00:00\",\"mainEntityOfPage\":{\"@id\":\"https:\/\/www.one.org\/fr\/actualites\/55-jeunes-contre-extreme-pauvrete-2023\/\"},\"wordCount\":1616,\"commentCount\":0,\"image\":{\"@id\":\"https:\/\/www.one.org\/fr\/actualites\/55-jeunes-contre-extreme-pauvrete-2023\/#primaryimage\"},\"thumbnailUrl\":\"https:\/\/www.one.org\/fr\/wp-content\/uploads\/sites\/4\/2023\/03\/IMG_6975-scaled-1.jpg\",\"articleSection\":[\"ONE\"],\"inLanguage\":\"fr-FR\",\"potentialAction\":[{\"@type\":\"CommentAction\",\"name\":\"Comment\",\"target\":[\"https:\/\/www.one.org\/fr\/actualites\/55-jeunes-contre-extreme-pauvrete-2023\/#respond\"]}]},{\"@type\":\"WebPage\",\"@id\":\"https:\/\/www.one.org\/fr\/actualites\/55-jeunes-contre-extreme-pauvrete-2023\/\",\"url\":\"https:\/\/www.one.org\/fr\/actualites\/55-jeunes-contre-extreme-pauvrete-2023\/\",\"name\":\"55 jeunes s'engagent contre l'extr\u00eame pauvret\u00e9 pour un an - ONE.org France\",\"isPartOf\":{\"@id\":\"https:\/\/www.one.org\/fr\/#website\"},\"primaryImageOfPage\":{\"@id\":\"https:\/\/www.one.org\/fr\/actualites\/55-jeunes-contre-extreme-pauvrete-2023\/#primaryimage\"},\"image\":{\"@id\":\"https:\/\/www.one.org\/fr\/actualites\/55-jeunes-contre-extreme-pauvrete-2023\/#primaryimage\"},\"thumbnailUrl\":\"https:\/\/www.one.org\/fr\/wp-content\/uploads\/sites\/4\/2023\/03\/IMG_6975-scaled-1.jpg\",\"datePublished\":\"2023-03-30T14:50:19+00:00\",\"dateModified\":\"2023-11-06T16:25:21+00:00\",\"author\":{\"@id\":\"https:\/\/www.one.org\/fr\/#\/schema\/person\/cf1f30f9800f0592ec3d61940be82003\"},\"description\":\"Apr\u00e8s un week-end de formation intense, ONE en France accueille 55 jeunes Ambassadeurs et Ambassadrices pour un mandat d'un an.\",\"breadcrumb\":{\"@id\":\"https:\/\/www.one.org\/fr\/actualites\/55-jeunes-contre-extreme-pauvrete-2023\/#breadcrumb\"},\"inLanguage\":\"fr-FR\",\"potentialAction\":[{\"@type\":\"ReadAction\",\"target\":[\"https:\/\/www.one.org\/fr\/actualites\/55-jeunes-contre-extreme-pauvrete-2023\/\"]}]},{\"@type\":\"ImageObject\",\"inLanguage\":\"fr-FR\",\"@id\":\"https:\/\/www.one.org\/fr\/actualites\/55-jeunes-contre-extreme-pauvrete-2023\/#primaryimage\",\"url\":\"https:\/\/www.one.org\/fr\/wp-content\/uploads\/sites\/4\/2023\/03\/IMG_6975-scaled-1.jpg\",\"contentUrl\":\"https:\/\/www.one.org\/fr\/wp-content\/uploads\/sites\/4\/2023\/03\/IMG_6975-scaled-1.jpg\",\"width\":2560,\"height\":1707},{\"@type\":\"BreadcrumbList\",\"@id\":\"https:\/\/www.one.org\/fr\/actualites\/55-jeunes-contre-extreme-pauvrete-2023\/#breadcrumb\",\"itemListElement\":[{\"@type\":\"ListItem\",\"position\":1,\"name\":\"Home\",\"item\":\"https:\/\/www.one.org\/fr\/\"},{\"@type\":\"ListItem\",\"position\":2,\"name\":\"55 jeunes s&#8217;engagent contre l&#8217;extr\u00eame pauvret\u00e9 pour un an\"}]},{\"@type\":\"WebSite\",\"@id\":\"https:\/\/www.one.org\/fr\/#website\",\"url\":\"https:\/\/www.one.org\/fr\/\",\"name\":\"ONE.org\",\"description\":\"Cr\u00e9er des opportunit\u00e9s \u00e9conomiques et am\u00e9liorer la sant\u00e9 en Afrique\",\"potentialAction\":[{\"@type\":\"SearchAction\",\"target\":{\"@type\":\"EntryPoint\",\"urlTemplate\":\"https:\/\/www.one.org\/fr\/?s={search_term_string}\"},\"query-input\":{\"@type\":\"PropertyValueSpecification\",\"valueRequired\":true,\"valueName\":\"search_term_string\"}}],\"inLanguage\":\"fr-FR\"},{\"@type\":\"Person\",\"@id\":\"https:\/\/www.one.org\/fr\/#\/schema\/person\/cf1f30f9800f0592ec3d61940be82003\",\"name\":\"Dana Khalil\",\"image\":{\"@type\":\"ImageObject\",\"inLanguage\":\"fr-FR\",\"@id\":\"https:\/\/www.one.org\/fr\/#\/schema\/person\/image\/\",\"url\":\"https:\/\/secure.gravatar.com\/avatar\/b0da536f00ccefadcc7aae4e64855977a5249adb1ac04162a69474e53a8d4c40?s=96&d=mm&r=g\",\"contentUrl\":\"https:\/\/secure.gravatar.com\/avatar\/b0da536f00ccefadcc7aae4e64855977a5249adb1ac04162a69474e53a8d4c40?s=96&d=mm&r=g\",\"caption\":\"Dana Khalil\"},\"url\":\"https:\/\/www.one.org\/fr\/actualites\/author\/danakhalil\/\"}]}<\/script>\n<!-- \/ Yoast SEO Premium plugin. -->","yoast_head_json":{"title":"55 jeunes s'engagent contre l'extr\u00eame pauvret\u00e9 pour un an - ONE.org France","description":"Apr\u00e8s un week-end de formation intense, ONE en France accueille 55 jeunes Ambassadeurs et Ambassadrices pour un mandat d'un an.","robots":{"index":"index","follow":"follow","max-snippet":"max-snippet:-1","max-image-preview":"max-image-preview:large","max-video-preview":"max-video-preview:-1"},"canonical":"https:\/\/www.one.org\/fr\/actualites\/55-jeunes-contre-extreme-pauvrete-2023\/","og_locale":"fr_FR","og_type":"article","og_title":"55 jeunes s'engagent contre l'extr\u00eame pauvret\u00e9 pour un an","og_description":"Apr\u00e8s un week-end de formation intense, ONE en France accueille 55 jeunes Ambassadeurs et Ambassadrices pour un mandat d'un an.","og_url":"https:\/\/www.one.org\/fr\/actualites\/55-jeunes-contre-extreme-pauvrete-2023\/","og_site_name":"ONE.org France","article_publisher":"https:\/\/www.facebook.com\/ONE.Fr","article_published_time":"2023-03-30T14:50:19+00:00","article_modified_time":"2023-11-06T16:25:21+00:00","og_image":[{"width":2560,"height":1707,"url":"https:\/\/www.one.org\/fr\/wp-content\/uploads\/sites\/4\/2023\/03\/IMG_6975-scaled-1.jpg","type":"image\/jpeg"}],"author":"Dana Khalil","twitter_card":"summary_large_image","twitter_creator":"@one_fr","twitter_site":"@one_fr","twitter_misc":{"Written by":"Dana Khalil","Est. reading time":"5 minutes"},"schema":{"@context":"https:\/\/schema.org","@graph":[{"@type":"Article","@id":"https:\/\/www.one.org\/fr\/actualites\/55-jeunes-contre-extreme-pauvrete-2023\/#article","isPartOf":{"@id":"https:\/\/www.one.org\/fr\/actualites\/55-jeunes-contre-extreme-pauvrete-2023\/"},"author":{"name":"Dana Khalil","@id":"https:\/\/www.one.org\/fr\/#\/schema\/person\/cf1f30f9800f0592ec3d61940be82003"},"headline":"55 jeunes s&#8217;engagent contre l&#8217;extr\u00eame pauvret\u00e9 pour un an","datePublished":"2023-03-30T14:50:19+00:00","dateModified":"2023-11-06T16:25:21+00:00","mainEntityOfPage":{"@id":"https:\/\/www.one.org\/fr\/actualites\/55-jeunes-contre-extreme-pauvrete-2023\/"},"wordCount":1616,"commentCount":0,"image":{"@id":"https:\/\/www.one.org\/fr\/actualites\/55-jeunes-contre-extreme-pauvrete-2023\/#primaryimage"},"thumbnailUrl":"https:\/\/www.one.org\/fr\/wp-content\/uploads\/sites\/4\/2023\/03\/IMG_6975-scaled-1.jpg","articleSection":["ONE"],"inLanguage":"fr-FR","potentialAction":[{"@type":"CommentAction","name":"Comment","target":["https:\/\/www.one.org\/fr\/actualites\/55-jeunes-contre-extreme-pauvrete-2023\/#respond"]}]},{"@type":"WebPage","@id":"https:\/\/www.one.org\/fr\/actualites\/55-jeunes-contre-extreme-pauvrete-2023\/","url":"https:\/\/www.one.org\/fr\/actualites\/55-jeunes-contre-extreme-pauvrete-2023\/","name":"55 jeunes s'engagent contre l'extr\u00eame pauvret\u00e9 pour un an - ONE.org France","isPartOf":{"@id":"https:\/\/www.one.org\/fr\/#website"},"primaryImageOfPage":{"@id":"https:\/\/www.one.org\/fr\/actualites\/55-jeunes-contre-extreme-pauvrete-2023\/#primaryimage"},"image":{"@id":"https:\/\/www.one.org\/fr\/actualites\/55-jeunes-contre-extreme-pauvrete-2023\/#primaryimage"},"thumbnailUrl":"https:\/\/www.one.org\/fr\/wp-content\/uploads\/sites\/4\/2023\/03\/IMG_6975-scaled-1.jpg","datePublished":"2023-03-30T14:50:19+00:00","dateModified":"2023-11-06T16:25:21+00:00","author":{"@id":"https:\/\/www.one.org\/fr\/#\/schema\/person\/cf1f30f9800f0592ec3d61940be82003"},"description":"Apr\u00e8s un week-end de formation intense, ONE en France accueille 55 jeunes Ambassadeurs et Ambassadrices pour un mandat d'un an.","breadcrumb":{"@id":"https:\/\/www.one.org\/fr\/actualites\/55-jeunes-contre-extreme-pauvrete-2023\/#breadcrumb"},"inLanguage":"fr-FR","potentialAction":[{"@type":"ReadAction","target":["https:\/\/www.one.org\/fr\/actualites\/55-jeunes-contre-extreme-pauvrete-2023\/"]}]},{"@type":"ImageObject","inLanguage":"fr-FR","@id":"https:\/\/www.one.org\/fr\/actualites\/55-jeunes-contre-extreme-pauvrete-2023\/#primaryimage","url":"https:\/\/www.one.org\/fr\/wp-content\/uploads\/sites\/4\/2023\/03\/IMG_6975-scaled-1.jpg","contentUrl":"https:\/\/www.one.org\/fr\/wp-content\/uploads\/sites\/4\/2023\/03\/IMG_6975-scaled-1.jpg","width":2560,"height":1707},{"@type":"BreadcrumbList","@id":"https:\/\/www.one.org\/fr\/actualites\/55-jeunes-contre-extreme-pauvrete-2023\/#breadcrumb","itemListElement":[{"@type":"ListItem","position":1,"name":"Home","item":"https:\/\/www.one.org\/fr\/"},{"@type":"ListItem","position":2,"name":"55 jeunes s&#8217;engagent contre l&#8217;extr\u00eame pauvret\u00e9 pour un an"}]},{"@type":"WebSite","@id":"https:\/\/www.one.org\/fr\/#website","url":"https:\/\/www.one.org\/fr\/","name":"ONE.org","description":"Cr\u00e9er des opportunit\u00e9s \u00e9conomiques et am\u00e9liorer la sant\u00e9 en Afrique","potentialAction":[{"@type":"SearchAction","target":{"@type":"EntryPoint","urlTemplate":"https:\/\/www.one.org\/fr\/?s={search_term_string}"},"query-input":{"@type":"PropertyValueSpecification","valueRequired":true,"valueName":"search_term_string"}}],"inLanguage":"fr-FR"},{"@type":"Person","@id":"https:\/\/www.one.org\/fr\/#\/schema\/person\/cf1f30f9800f0592ec3d61940be82003","name":"Dana Khalil","image":{"@type":"ImageObject","inLanguage":"fr-FR","@id":"https:\/\/www.one.org\/fr\/#\/schema\/person\/image\/","url":"https:\/\/secure.gravatar.com\/avatar\/b0da536f00ccefadcc7aae4e64855977a5249adb1ac04162a69474e53a8d4c40?s=96&d=mm&r=g","contentUrl":"https:\/\/secure.gravatar.com\/avatar\/b0da536f00ccefadcc7aae4e64855977a5249adb1ac04162a69474e53a8d4c40?s=96&d=mm&r=g","caption":"Dana Khalil"},"url":"https:\/\/www.one.org\/fr\/actualites\/author\/danakhalil\/"}]}},"distributor_meta":false,"distributor_terms":false,"distributor_media":false,"distributor_original_site_name":"ONE.org France","distributor_original_site_url":"https:\/\/www.one.org\/fr","push-errors":false,"_links":{"self":[{"href":"https:\/\/www.one.org\/fr\/wp-json\/wp\/v2\/posts\/162642","targetHints":{"allow":["GET"]}}],"collection":[{"href":"https:\/\/www.one.org\/fr\/wp-json\/wp\/v2\/posts"}],"about":[{"href":"https:\/\/www.one.org\/fr\/wp-json\/wp\/v2\/types\/post"}],"author":[{"embeddable":true,"href":"https:\/\/www.one.org\/fr\/wp-json\/wp\/v2\/users\/24"}],"replies":[{"embeddable":true,"href":"https:\/\/www.one.org\/fr\/wp-json\/wp\/v2\/comments?post=162642"}],"version-history":[{"count":0,"href":"https:\/\/www.one.org\/fr\/wp-json\/wp\/v2\/posts\/162642\/revisions"}],"wp:featuredmedia":[{"embeddable":true,"href":"https:\/\/www.one.org\/fr\/wp-json\/wp\/v2\/media\/162785"}],"wp:attachment":[{"href":"https:\/\/www.one.org\/fr\/wp-json\/wp\/v2\/media?parent=162642"}],"wp:term":[{"taxonomy":"category","embeddable":true,"href":"https:\/\/www.one.org\/fr\/wp-json\/wp\/v2\/categories?post=162642"},{"taxonomy":"post_tag","embeddable":true,"href":"https:\/\/www.one.org\/fr\/wp-json\/wp\/v2\/tags?post=162642"},{"taxonomy":"topic","embeddable":true,"href":"https:\/\/www.one.org\/fr\/wp-json\/wp\/v2\/topic?post=162642"},{"taxonomy":"contributor","embeddable":true,"href":"https:\/\/www.one.org\/fr\/wp-json\/wp\/v2\/contributor?post=162642"},{"taxonomy":"one_content_audience","embeddable":true,"href":"https:\/\/www.one.org\/fr\/wp-json\/wp\/v2\/one_content_audience?post=162642"},{"taxonomy":"one_content_type","embeddable":true,"href":"https:\/\/www.one.org\/fr\/wp-json\/wp\/v2\/one_content_type?post=162642"},{"taxonomy":"one_content_tone","embeddable":true,"href":"https:\/\/www.one.org\/fr\/wp-json\/wp\/v2\/one_content_tone?post=162642"}],"curies":[{"name":"wp","href":"https:\/\/api.w.org\/{rel}","templated":true}]}}