{"id":162640,"date":"2023-03-23T15:01:02","date_gmt":"2023-03-23T15:01:02","guid":{"rendered":"https:\/\/www.one.org\/fr\/manifestations-en-afrique\/"},"modified":"2024-04-23T12:31:39","modified_gmt":"2024-04-23T12:31:39","slug":"manifestations-en-afrique","status":"publish","type":"post","link":"https:\/\/www.one.org\/fr\/actualites\/manifestations-en-afrique\/","title":{"rendered":"Manifestations en Afrique"},"content":{"rendered":"<h4><em><a href=\"https:\/\/www.one.org\/fr\/nos-combats\/ondes-de-choc\/\">Inscrivez-vous<\/a> pour recevoir Ondes de choc, notre newsletter hebdomadaire pour suivre les cons&eacute;quences des diff&eacute;rentes crises actuelles (&eacute;conomique, sanitaire, alimentaire, climatique), notamment pour les pays d&rsquo;Afrique. Nous vous proposons des analyses pointues, succinctes et r&eacute;fl&eacute;chies de la part des experts de ONE.<\/em><\/h4>\n<p><em><span style=\"font-weight: 400\">Cette semaine dans Ondes de Choc : Des manifestations au Kenya, en Afrique du Sud et au Nigeria, la diplomatie russe de l&rsquo;engrais, les droits des homosexuels en danger en Ouganda et une r&eacute;forme en vue pour la Banque mondiale.<\/span><\/em><\/p>\n<p><strong>ACTUALITES<\/strong><\/p>\n<p><strong>Ras-le-bol au Kenya <\/strong><span style=\"font-weight: 400\">: Un mort, plus de 200 arrestations et 31 policiers bless&eacute;s &ndash; c&rsquo;est le bilan de manifestations &ldquo;ill&eacute;gales&rdquo; qui ont eu lieu ce lundi au Kenya. Les K&eacute;nyans sont sortis dans la rue pour protester contre la hausse du co&ucirc;t de la vie et les fraudes &eacute;lectorales pr&eacute;sum&eacute;es. Le chef de l&rsquo;opposition, Raila Odinga, qui continue de contester la l&eacute;gitimit&eacute; de la victoire du pr&eacute;sident William Ruto en ao&ucirc;t dernier, a appel&eacute; &agrave; <\/span><a href=\"https:\/\/www.lemonde.fr\/afrique\/article\/2023\/03\/21\/au-kenya-238-civils-arretes-et-31-policiers-blesses-lors-de-manifestations-contre-l-inflation-et-le-gouvernement_6166389_3212.html\"><span style=\"font-weight: 400\">ces manifestations<\/span><\/a><span style=\"font-weight: 400\"> et a promis qu&rsquo;elles se poursuivraient et s&rsquo;intensifieraient &agrave; partir de la semaine prochaine. Les Kenyans consacrent 54 % de leurs revenus &agrave; l&rsquo;alimentation, c&rsquo;est <\/span><a href=\"https:\/\/data.one.org\/data-dives\/food-security\/\"><span style=\"font-weight: 400\">plus du triple de la moyenne mondiale<\/span><\/a><span style=\"font-weight: 400\">. Plus de 4 millions de K&eacute;nyans souffrent de malnutrition aigu&euml; en raison de la flamb&eacute;e des prix des denr&eacute;es alimentaires due &agrave; la pand&eacute;mie et &agrave; la guerre en Ukraine. Lundi, le Kenya a re&ccedil;u un don de <\/span><a href=\"https:\/\/fr.africanews.com\/2023\/03\/20\/du-ble-pour-le-kenya-don-du-programme-grain-from-ukraine\/\/\"><span style=\"font-weight: 400\">30 000 tonnes de bl&eacute; de l&rsquo;Ukraine<\/span><\/a><span style=\"font-weight: 400\"> pour aider les r&eacute;gions du pays touch&eacute;es par la s&eacute;cheresse.&nbsp;<\/span><\/p>\n<p><strong>Lundi noir en Afrique du Sud <\/strong><span style=\"font-weight: 400\">: Plus de <\/span><a href=\"https:\/\/www.lefigaro.fr\/flash-actu\/afrique-du-sud-550-arrestations-lors-de-manifestations-sous-haute-surveillance-20230321\"><span style=\"font-weight: 400\">550 personnes<\/span><\/a><span style=\"font-weight: 400\"> ont &eacute;t&eacute; arr&ecirc;t&eacute;es alors que des milliers de Sud-Africains sont descendus dans la rue ce lundi dans le cadre d&rsquo;un &ldquo;arr&ecirc;t national&rdquo; men&eacute; par l&rsquo;EFF, un important parti d&rsquo;opposition. Les manifestants ont appel&eacute; &agrave; la d&eacute;mission du pr&eacute;sident Cyril Ramaphosa, &eacute;voquant notamment les p&eacute;nuries d&rsquo;&eacute;lectricit&eacute; et le ch&ocirc;mage. Soucieux d&rsquo;&eacute;viter une r&eacute;p&eacute;tition des manifestations meurtri&egrave;res de juillet 2021, le gouvernement a d&eacute;ploy&eacute; des troupes militaires et des policiers aid&eacute;s de drones et d&rsquo;h&eacute;licopt&egrave;res. Cette rare apparition de forces de l&rsquo;ordre disposant de ressources suffisantes a choqu&eacute; de nombreux Sud-Africains, <\/span><a href=\"https:\/\/twitter.com\/BhavMaharaj\/status\/1637782374120398851\"><span style=\"font-weight: 400\">habitu&eacute;s &agrave; une police sous-financ&eacute;e<\/span><\/a><span style=\"font-weight: 400\">.<\/span><\/p>\n<p><strong>Tensions &eacute;lectorales au Nigeria <\/strong><span style=\"font-weight: 400\">: Des manifestations ont &eacute;galement eu lieu <\/span><a href=\"https:\/\/dailypost.ng\/2023\/03\/21\/2023-elections-protesters-call-for-interim-government-arrest-of-inec-chairman\/\"><span style=\"font-weight: 400\">cette semaine au Nigeria<\/span><\/a><span style=\"font-weight: 400\"> pour protester contre les r&eacute;sultats de l&rsquo;&eacute;lection pr&eacute;sidentielle du 25 f&eacute;vrier, ainsi que contre les fraudes observ&eacute;es lors des r&eacute;centes &eacute;lections de gouverneurs anticip&eacute;es tenues dans 28 provinces. Plusieurs des 18 candidats &agrave; la pr&eacute;sidence, dont les deux principaux candidats de l&rsquo;opposition, ont d&eacute;pos&eacute; des recours en justice pour <\/span><a href=\"https:\/\/www.lefigaro.fr\/flash-actu\/presidentielle-au-nigeria-l-opposition-conteste-les-resultats-en-justice-20230322\"><span style=\"font-weight: 400\">contester la victoire de Bola Tinubu<\/span><\/a><span style=\"font-weight: 400\">. De son c&ocirc;t&eacute;, l&rsquo;ambassade des &Eacute;tats-Unis au Nigeria a <\/span><a href=\"https:\/\/www.thisdaylive.com\/index.php\/2023\/03\/21\/us-demands-prosecution-of-everyone-involved-in-intimidation-of-voters-suppression-of-voting\/\"><span style=\"font-weight: 400\">menac&eacute; de sanctions<\/span><\/a><span style=\"font-weight: 400\"> les personnes ayant particip&eacute; &agrave; des violences &eacute;lectorales, y compris l&rsquo;intimidation et la suppression d&rsquo;&eacute;lecteurs, lors des &eacute;lections des gouverneurs du week-end dernier.&nbsp;<\/span><\/p>\n<p><strong>Diplomatie de l&rsquo;engrais <\/strong><span style=\"font-weight: 400\">: Le producteur d&rsquo;engrais russe Uralchem-Uralkali a <\/span><a href=\"https:\/\/www.reuters.com\/world\/africa\/african-smallholder-farmers-count-cost-fertilizer-price-spike-2023-03-22\/\"><span style=\"font-weight: 400\">envoy&eacute; 20 000 tonnes d&rsquo;engrais au Malawi<\/span><\/a><span style=\"font-weight: 400\">, une aide n&eacute;cessaire compte tenu des embouteillages dans la cha&icirc;ne d&rsquo;approvisionnement et de la flamb&eacute;e des co&ucirc;ts des engrais. Mais ce n&rsquo;est <\/span><a href=\"https:\/\/mg.co.za\/africa\/2023-03-18-russias-fertiliser-gift-for-malawi-comes-with-a-catch\/\"><span style=\"font-weight: 400\">pas sans arri&egrave;re-pens&eacute;e<\/span><\/a><span style=\"font-weight: 400\"> : La Russie souhaite obtenir la voix du Malawi pour lever les sanctions occidentales. L&rsquo;ambassadeur russe au Malawi a d&eacute;clar&eacute; la Russie &ldquo;<\/span><em><span style=\"font-weight: 400\">pr&ecirc;te &agrave; soutenir les pays en d&eacute;veloppement avec des produits agricoles&rdquo;, <\/span><\/em><span style=\"font-weight: 400\">en &eacute;change de leur soutien. La Russie aurait d&rsquo;ailleurs d&eacute;j&agrave; distribu&eacute; 260 000 tonnes d&rsquo;engrais sur le continent Africain.&nbsp;<\/span><\/p>\n<p><strong>Droits de l&rsquo;homme pi&eacute;tin&eacute;s <\/strong><span style=\"font-weight: 400\">: Le parlement ougandais a approuv&eacute; &agrave; une &eacute;crasante majorit&eacute; <\/span><a href=\"https:\/\/www.la-croix.com\/Monde\/Ouganda-criminalisation-lhomosexualite-renforce-2023-03-22-1201260245\"><span style=\"font-weight: 400\">une loi qui interdirait de s&rsquo;identifier comme LGBTQ+<\/span><\/a><span style=\"font-weight: 400\">, rendrait &ldquo;l&rsquo;homosexualit&eacute; aggrav&eacute;e&rdquo; passible de la peine de mort, imposerait la prison &agrave; vie pour les relations entre homosexuels. Le projet de loi doit maintenant &ecirc;tre sign&eacute; par le pr&eacute;sident Yoweri Museveni, qui a d&eacute;j&agrave; promulgu&eacute; des lois anti-LGBTQ+.<\/span><\/p>\n<p><strong>Une r&eacute;forme en vue cette ann&eacute;e ?<\/strong><span style=\"font-weight: 400\"> Les &Eacute;tats-Unis et l&rsquo;Allemagne sont <\/span><a href=\"https:\/\/www.lefigaro.fr\/conjoncture\/la-reforme-de-la-banque-mondiale-debutera-en-avril-annonce-yellen-20230209\"><span style=\"font-weight: 400\">sur la m&ecirc;me longueur d&rsquo;onde<\/span><\/a><span style=\"font-weight: 400\"> en ce qui concerne la r&eacute;forme de la Banque mondiale : les deux pays appellent &agrave; un &ldquo;calendrier contraignant de r&eacute;formes&rdquo; lors des r&eacute;unions de printemps de la Banque mondiale en avril. Janet Yellen, secr&eacute;taire d&rsquo;&Eacute;tat au Tr&eacute;sor am&eacute;ricain, et Svenja Schulze, ministre allemande du d&eacute;veloppement, ont &eacute;galement demand&eacute; qu&rsquo;une d&eacute;cision sur ces r&eacute;formes soit prise avant la fin de l&rsquo;ann&eacute;e. Autre fait marquant : la Banque mondiale signale que tous ses projets et activit&eacute;s doivent <\/span><a href=\"https:\/\/www.devex.com\/news\/scoop-world-bank-s-rules-for-paris-climate-deadline-revealed-105191\"><span style=\"font-weight: 400\">s&rsquo;aligner sur les objectifs de l&rsquo;Accord de Paris d&rsquo;ici juillet<\/span><\/a><span style=\"font-weight: 400\">. &#129395;<\/span><\/p>\n<p>&nbsp;<\/p>\n<p><strong>L&rsquo;&Eacute;QUIPE DE ONE EN ACTION :&nbsp;<\/strong><\/p>\n<ul>\n<li style=\"font-weight: 400\"><span style=\"font-weight: 400\">Quels sont les pays africains les plus touch&eacute;s par la famine ? Quelles en sont les causes et les cons&eacute;quences ? Quelles solutions pour y rem&eacute;dier ? Pour mieux comprendre ces enjeux, nous r&eacute;pondons &agrave; toutes ces questions <\/span><a href=\"https:\/\/www.one.org\/fr\/blog\/famine-en-afrique-ou-en-sommes-nous-en-2023\/\"><span style=\"font-weight: 400\">dans cet article<\/span><\/a><span style=\"font-weight: 400\">.<\/span><\/li>\n<li style=\"font-weight: 400\"><span style=\"font-weight: 400\">Ce vendredi 24 mars, nous c&eacute;l&eacute;brons la Journ&eacute;e mondiale de lutte contre la tuberculose. En 2020, 1,5 million de personnes dans le monde en sont d&eacute;c&eacute;d&eacute;es. Pour en savoir plus sur cette maladie contagieuse, <\/span><a href=\"https:\/\/www.one.org\/fr\/blog\/quels-sont-les-symptomes-de-la-tuberculose\/\"><span style=\"font-weight: 400\">cliquez ici<\/span><\/a><span style=\"font-weight: 400\">.<\/span><\/li>\n<li style=\"font-weight: 400\"><span style=\"font-weight: 400\">Retrouvez-nous en live sur notre compte Instagram (@onefrance_ong) le <\/span><strong>mercredi 29 mars &agrave; 18h30<\/strong><span style=\"font-weight: 400\"> pour un &eacute;change avec le m&eacute;dia f&eacute;ministe Plan Cash sur les questions d&rsquo;in&eacute;galit&eacute;s financi&egrave;res et &eacute;conomiques entre les femmes et les hommes. <\/span><a href=\"https:\/\/www.instagram.com\/onefrance_ong\/\"><span style=\"font-weight: 400\">Suivez-nous pour ne rien manquer<\/span><\/a><span style=\"font-weight: 400\"> !<\/span><\/li>\n<\/ul>\n<p>&nbsp;<\/p>\n<p><strong>LES CHIFFRES :<\/strong><\/p>\n<ul>\n<li style=\"font-weight: 400\"><span style=\"font-weight: 400\">On estime &agrave; <\/span><strong>43 000<\/strong><span style=\"font-weight: 400\"> personnes le nombre de victimes de la s&eacute;cheresse historique qui s&eacute;vit en Somalie depuis 2022. La moiti&eacute; d&rsquo;entre elles seraient &acirc;g&eacute;es de moins de 5 ans.&nbsp;<\/span><\/li>\n<li style=\"font-weight: 400\"><span style=\"font-weight: 400\">Entre 2010 et 2020, les inondations, les s&eacute;cheresses et les temp&ecirc;tes ont fait <\/span><strong>15 fois plus <\/strong><span style=\"font-weight: 400\">de victimes dans les r&eacute;gions tr&egrave;s vuln&eacute;rables au changement climatique que dans les r&eacute;gions plus r&eacute;silientes.&nbsp;<\/span><\/li>\n<li style=\"font-weight: 400\"><span style=\"font-weight: 400\">La production de ma&iuml;s du Malawi a d&eacute;j&agrave; <\/span><strong>chut&eacute; de 4 %<\/strong><span style=\"font-weight: 400\"> cette ann&eacute;e en raison de l&rsquo;augmentation du co&ucirc;t des engrais.<\/span><\/li>\n<\/ul>\n<div class=\"buffer\"><\/div>","protected":false},"excerpt":{"rendered":"<p>Inscrivez-vous pour recevoir Ondes de choc, notre newsletter hebdomadaire pour suivre les cons&eacute;quences des diff&eacute;rentes crises actuelles (&eacute;conomique, sanitaire, alimentaire, climatique), notamment pour les pays d&rsquo;Afrique. Nous vous proposons des analyses pointues, succinctes et r&eacute;fl&eacute;chies de la part des experts de ONE. Cette semaine dans Ondes de Choc : Des manifestations au Kenya, en Afrique [&hellip;]<\/p>\n","protected":false},"author":0,"featured_media":162787,"comment_status":"open","ping_status":"open","sticky":false,"template":"","format":"standard","meta":{"_acf_changed":false,"_relevanssi_hide_post":"","_relevanssi_hide_content":"","_relevanssi_pin_for_all":"","_relevanssi_pin_keywords":"","_relevanssi_unpin_keywords":"","_relevanssi_related_keywords":"","_relevanssi_related_include_ids":"","_relevanssi_related_exclude_ids":"","_relevanssi_related_no_append":"","_relevanssi_related_not_related":"","_relevanssi_related_posts":"","_relevanssi_noindex_reason":"","footnotes":""},"categories":[91],"tags":[],"topic":[86],"contributor":[33],"one_content_audience":[],"one_content_type":[],"one_content_tone":[],"class_list":["post-162640","post","type-post","status-publish","format-standard","has-post-thumbnail","hentry","category-donnees","topic-ondes-de-choc","contributor-one-france"],"acf":[],"yoast_head":"<!-- This site is optimized with the Yoast SEO Premium plugin v27.1 (Yoast SEO v27.1.1) - https:\/\/yoast.com\/product\/yoast-seo-premium-wordpress\/ -->\n<title>Manifestations en Afrique - ONE.org France<\/title>\n<meta name=\"description\" content=\"Cette semaine dans Ondes de Choc : Des manifestations au Kenya, en Afrique du Sud et au Nigeria et plus...\" \/>\n<meta name=\"robots\" content=\"index, follow, max-snippet:-1, max-image-preview:large, max-video-preview:-1\" \/>\n<link rel=\"canonical\" href=\"https:\/\/www.one.org\/fr\/actualites\/manifestations-en-afrique\/\" \/>\n<meta property=\"og:locale\" content=\"fr_FR\" \/>\n<meta property=\"og:type\" content=\"article\" \/>\n<meta property=\"og:title\" content=\"Manifestations en Afrique\" \/>\n<meta property=\"og:description\" content=\"Cette semaine dans Ondes de Choc : Des manifestations au Kenya, en Afrique du Sud et au Nigeria et plus...\" \/>\n<meta property=\"og:url\" content=\"https:\/\/www.one.org\/fr\/actualites\/manifestations-en-afrique\/\" \/>\n<meta property=\"og:site_name\" content=\"ONE.org France\" \/>\n<meta property=\"article:publisher\" content=\"https:\/\/www.facebook.com\/ONE.Fr\" \/>\n<meta property=\"article:published_time\" content=\"2023-03-23T15:01:02+00:00\" \/>\n<meta property=\"article:modified_time\" content=\"2024-04-23T12:31:39+00:00\" \/>\n<meta property=\"og:image\" content=\"https:\/\/www.one.org\/fr\/wp-content\/uploads\/sites\/4\/2023\/03\/Aftershock_2021_FeaturedImage_1200x1200_en_4.jpg\" \/>\n\t<meta property=\"og:image:width\" content=\"1201\" \/>\n\t<meta property=\"og:image:height\" content=\"1201\" \/>\n\t<meta property=\"og:image:type\" content=\"image\/jpeg\" \/>\n<meta name=\"twitter:card\" content=\"summary_large_image\" \/>\n<meta name=\"twitter:creator\" content=\"@one_fr\" \/>\n<meta name=\"twitter:site\" content=\"@one_fr\" \/>\n<meta name=\"twitter:label1\" content=\"Est. reading time\" \/>\n\t<meta name=\"twitter:data1\" content=\"6 minutes\" \/>\n<script type=\"application\/ld+json\" class=\"yoast-schema-graph\">{\"@context\":\"https:\/\/schema.org\",\"@graph\":[{\"@type\":\"Article\",\"@id\":\"https:\/\/www.one.org\/fr\/actualites\/manifestations-en-afrique\/#article\",\"isPartOf\":{\"@id\":\"https:\/\/www.one.org\/fr\/actualites\/manifestations-en-afrique\/\"},\"author\":{\"name\":\"\",\"@id\":\"\"},\"headline\":\"Manifestations en Afrique\",\"datePublished\":\"2023-03-23T15:01:02+00:00\",\"dateModified\":\"2024-04-23T12:31:39+00:00\",\"mainEntityOfPage\":{\"@id\":\"https:\/\/www.one.org\/fr\/actualites\/manifestations-en-afrique\/\"},\"wordCount\":1256,\"commentCount\":0,\"image\":{\"@id\":\"https:\/\/www.one.org\/fr\/actualites\/manifestations-en-afrique\/#primaryimage\"},\"thumbnailUrl\":\"https:\/\/www.one.org\/fr\/wp-content\/uploads\/sites\/4\/2023\/03\/Aftershock_2021_FeaturedImage_1200x1200_en_4.jpg\",\"articleSection\":[\"Donn\u00e9es\"],\"inLanguage\":\"fr-FR\",\"potentialAction\":[{\"@type\":\"CommentAction\",\"name\":\"Comment\",\"target\":[\"https:\/\/www.one.org\/fr\/actualites\/manifestations-en-afrique\/#respond\"]}]},{\"@type\":\"WebPage\",\"@id\":\"https:\/\/www.one.org\/fr\/actualites\/manifestations-en-afrique\/\",\"url\":\"https:\/\/www.one.org\/fr\/actualites\/manifestations-en-afrique\/\",\"name\":\"Manifestations en Afrique - ONE.org France\",\"isPartOf\":{\"@id\":\"https:\/\/www.one.org\/fr\/#website\"},\"primaryImageOfPage\":{\"@id\":\"https:\/\/www.one.org\/fr\/actualites\/manifestations-en-afrique\/#primaryimage\"},\"image\":{\"@id\":\"https:\/\/www.one.org\/fr\/actualites\/manifestations-en-afrique\/#primaryimage\"},\"thumbnailUrl\":\"https:\/\/www.one.org\/fr\/wp-content\/uploads\/sites\/4\/2023\/03\/Aftershock_2021_FeaturedImage_1200x1200_en_4.jpg\",\"datePublished\":\"2023-03-23T15:01:02+00:00\",\"dateModified\":\"2024-04-23T12:31:39+00:00\",\"author\":{\"@id\":\"\"},\"description\":\"Cette semaine dans Ondes de Choc : Des manifestations au Kenya, en Afrique du Sud et au Nigeria et plus...\",\"breadcrumb\":{\"@id\":\"https:\/\/www.one.org\/fr\/actualites\/manifestations-en-afrique\/#breadcrumb\"},\"inLanguage\":\"fr-FR\",\"potentialAction\":[{\"@type\":\"ReadAction\",\"target\":[\"https:\/\/www.one.org\/fr\/actualites\/manifestations-en-afrique\/\"]}]},{\"@type\":\"ImageObject\",\"inLanguage\":\"fr-FR\",\"@id\":\"https:\/\/www.one.org\/fr\/actualites\/manifestations-en-afrique\/#primaryimage\",\"url\":\"https:\/\/www.one.org\/fr\/wp-content\/uploads\/sites\/4\/2023\/03\/Aftershock_2021_FeaturedImage_1200x1200_en_4.jpg\",\"contentUrl\":\"https:\/\/www.one.org\/fr\/wp-content\/uploads\/sites\/4\/2023\/03\/Aftershock_2021_FeaturedImage_1200x1200_en_4.jpg\",\"width\":1201,\"height\":1201},{\"@type\":\"BreadcrumbList\",\"@id\":\"https:\/\/www.one.org\/fr\/actualites\/manifestations-en-afrique\/#breadcrumb\",\"itemListElement\":[{\"@type\":\"ListItem\",\"position\":1,\"name\":\"Home\",\"item\":\"https:\/\/www.one.org\/fr\/\"},{\"@type\":\"ListItem\",\"position\":2,\"name\":\"Manifestations en Afrique\"}]},{\"@type\":\"WebSite\",\"@id\":\"https:\/\/www.one.org\/fr\/#website\",\"url\":\"https:\/\/www.one.org\/fr\/\",\"name\":\"ONE.org\",\"description\":\"Cr\u00e9er des opportunit\u00e9s \u00e9conomiques et am\u00e9liorer la sant\u00e9 en Afrique\",\"potentialAction\":[{\"@type\":\"SearchAction\",\"target\":{\"@type\":\"EntryPoint\",\"urlTemplate\":\"https:\/\/www.one.org\/fr\/?s={search_term_string}\"},\"query-input\":{\"@type\":\"PropertyValueSpecification\",\"valueRequired\":true,\"valueName\":\"search_term_string\"}}],\"inLanguage\":\"fr-FR\"}]}<\/script>\n<!-- \/ Yoast SEO Premium plugin. -->","yoast_head_json":{"title":"Manifestations en Afrique - ONE.org France","description":"Cette semaine dans Ondes de Choc : Des manifestations au Kenya, en Afrique du Sud et au Nigeria et plus...","robots":{"index":"index","follow":"follow","max-snippet":"max-snippet:-1","max-image-preview":"max-image-preview:large","max-video-preview":"max-video-preview:-1"},"canonical":"https:\/\/www.one.org\/fr\/actualites\/manifestations-en-afrique\/","og_locale":"fr_FR","og_type":"article","og_title":"Manifestations en Afrique","og_description":"Cette semaine dans Ondes de Choc : Des manifestations au Kenya, en Afrique du Sud et au Nigeria et plus...","og_url":"https:\/\/www.one.org\/fr\/actualites\/manifestations-en-afrique\/","og_site_name":"ONE.org France","article_publisher":"https:\/\/www.facebook.com\/ONE.Fr","article_published_time":"2023-03-23T15:01:02+00:00","article_modified_time":"2024-04-23T12:31:39+00:00","og_image":[{"width":1201,"height":1201,"url":"https:\/\/www.one.org\/fr\/wp-content\/uploads\/sites\/4\/2023\/03\/Aftershock_2021_FeaturedImage_1200x1200_en_4.jpg","type":"image\/jpeg"}],"twitter_card":"summary_large_image","twitter_creator":"@one_fr","twitter_site":"@one_fr","twitter_misc":{"Est. reading time":"6 minutes"},"schema":{"@context":"https:\/\/schema.org","@graph":[{"@type":"Article","@id":"https:\/\/www.one.org\/fr\/actualites\/manifestations-en-afrique\/#article","isPartOf":{"@id":"https:\/\/www.one.org\/fr\/actualites\/manifestations-en-afrique\/"},"author":{"name":"","@id":""},"headline":"Manifestations en Afrique","datePublished":"2023-03-23T15:01:02+00:00","dateModified":"2024-04-23T12:31:39+00:00","mainEntityOfPage":{"@id":"https:\/\/www.one.org\/fr\/actualites\/manifestations-en-afrique\/"},"wordCount":1256,"commentCount":0,"image":{"@id":"https:\/\/www.one.org\/fr\/actualites\/manifestations-en-afrique\/#primaryimage"},"thumbnailUrl":"https:\/\/www.one.org\/fr\/wp-content\/uploads\/sites\/4\/2023\/03\/Aftershock_2021_FeaturedImage_1200x1200_en_4.jpg","articleSection":["Donn\u00e9es"],"inLanguage":"fr-FR","potentialAction":[{"@type":"CommentAction","name":"Comment","target":["https:\/\/www.one.org\/fr\/actualites\/manifestations-en-afrique\/#respond"]}]},{"@type":"WebPage","@id":"https:\/\/www.one.org\/fr\/actualites\/manifestations-en-afrique\/","url":"https:\/\/www.one.org\/fr\/actualites\/manifestations-en-afrique\/","name":"Manifestations en Afrique - ONE.org France","isPartOf":{"@id":"https:\/\/www.one.org\/fr\/#website"},"primaryImageOfPage":{"@id":"https:\/\/www.one.org\/fr\/actualites\/manifestations-en-afrique\/#primaryimage"},"image":{"@id":"https:\/\/www.one.org\/fr\/actualites\/manifestations-en-afrique\/#primaryimage"},"thumbnailUrl":"https:\/\/www.one.org\/fr\/wp-content\/uploads\/sites\/4\/2023\/03\/Aftershock_2021_FeaturedImage_1200x1200_en_4.jpg","datePublished":"2023-03-23T15:01:02+00:00","dateModified":"2024-04-23T12:31:39+00:00","author":{"@id":""},"description":"Cette semaine dans Ondes de Choc : Des manifestations au Kenya, en Afrique du Sud et au Nigeria et plus...","breadcrumb":{"@id":"https:\/\/www.one.org\/fr\/actualites\/manifestations-en-afrique\/#breadcrumb"},"inLanguage":"fr-FR","potentialAction":[{"@type":"ReadAction","target":["https:\/\/www.one.org\/fr\/actualites\/manifestations-en-afrique\/"]}]},{"@type":"ImageObject","inLanguage":"fr-FR","@id":"https:\/\/www.one.org\/fr\/actualites\/manifestations-en-afrique\/#primaryimage","url":"https:\/\/www.one.org\/fr\/wp-content\/uploads\/sites\/4\/2023\/03\/Aftershock_2021_FeaturedImage_1200x1200_en_4.jpg","contentUrl":"https:\/\/www.one.org\/fr\/wp-content\/uploads\/sites\/4\/2023\/03\/Aftershock_2021_FeaturedImage_1200x1200_en_4.jpg","width":1201,"height":1201},{"@type":"BreadcrumbList","@id":"https:\/\/www.one.org\/fr\/actualites\/manifestations-en-afrique\/#breadcrumb","itemListElement":[{"@type":"ListItem","position":1,"name":"Home","item":"https:\/\/www.one.org\/fr\/"},{"@type":"ListItem","position":2,"name":"Manifestations en Afrique"}]},{"@type":"WebSite","@id":"https:\/\/www.one.org\/fr\/#website","url":"https:\/\/www.one.org\/fr\/","name":"ONE.org","description":"Cr\u00e9er des opportunit\u00e9s \u00e9conomiques et am\u00e9liorer la sant\u00e9 en Afrique","potentialAction":[{"@type":"SearchAction","target":{"@type":"EntryPoint","urlTemplate":"https:\/\/www.one.org\/fr\/?s={search_term_string}"},"query-input":{"@type":"PropertyValueSpecification","valueRequired":true,"valueName":"search_term_string"}}],"inLanguage":"fr-FR"}]}},"distributor_meta":false,"distributor_terms":false,"distributor_media":false,"distributor_original_site_name":"ONE.org France","distributor_original_site_url":"https:\/\/www.one.org\/fr","push-errors":false,"_links":{"self":[{"href":"https:\/\/www.one.org\/fr\/wp-json\/wp\/v2\/posts\/162640","targetHints":{"allow":["GET"]}}],"collection":[{"href":"https:\/\/www.one.org\/fr\/wp-json\/wp\/v2\/posts"}],"about":[{"href":"https:\/\/www.one.org\/fr\/wp-json\/wp\/v2\/types\/post"}],"replies":[{"embeddable":true,"href":"https:\/\/www.one.org\/fr\/wp-json\/wp\/v2\/comments?post=162640"}],"version-history":[{"count":0,"href":"https:\/\/www.one.org\/fr\/wp-json\/wp\/v2\/posts\/162640\/revisions"}],"wp:featuredmedia":[{"embeddable":true,"href":"https:\/\/www.one.org\/fr\/wp-json\/wp\/v2\/media\/162787"}],"wp:attachment":[{"href":"https:\/\/www.one.org\/fr\/wp-json\/wp\/v2\/media?parent=162640"}],"wp:term":[{"taxonomy":"category","embeddable":true,"href":"https:\/\/www.one.org\/fr\/wp-json\/wp\/v2\/categories?post=162640"},{"taxonomy":"post_tag","embeddable":true,"href":"https:\/\/www.one.org\/fr\/wp-json\/wp\/v2\/tags?post=162640"},{"taxonomy":"topic","embeddable":true,"href":"https:\/\/www.one.org\/fr\/wp-json\/wp\/v2\/topic?post=162640"},{"taxonomy":"contributor","embeddable":true,"href":"https:\/\/www.one.org\/fr\/wp-json\/wp\/v2\/contributor?post=162640"},{"taxonomy":"one_content_audience","embeddable":true,"href":"https:\/\/www.one.org\/fr\/wp-json\/wp\/v2\/one_content_audience?post=162640"},{"taxonomy":"one_content_type","embeddable":true,"href":"https:\/\/www.one.org\/fr\/wp-json\/wp\/v2\/one_content_type?post=162640"},{"taxonomy":"one_content_tone","embeddable":true,"href":"https:\/\/www.one.org\/fr\/wp-json\/wp\/v2\/one_content_tone?post=162640"}],"curies":[{"name":"wp","href":"https:\/\/api.w.org\/{rel}","templated":true}]}}