{"id":162638,"date":"2023-03-16T14:15:45","date_gmt":"2023-03-16T14:15:45","guid":{"rendered":"https:\/\/www.one.org\/fr\/de-larctique-a-lantarctique-les-effets-du-changement-climatique-sont-deja-a-loeuvre\/"},"modified":"2024-04-23T12:31:50","modified_gmt":"2024-04-23T12:31:50","slug":"de-larctique-a-lantarctique-les-effets-du-changement-climatique-sont-deja-a-loeuvre","status":"publish","type":"post","link":"https:\/\/www.one.org\/fr\/actualites\/de-larctique-a-lantarctique-les-effets-du-changement-climatique-sont-deja-a-loeuvre\/","title":{"rendered":"De l&#8217;arctique \u00e0 l&#8217;Antarctique : les effets du changement climatique sont d\u00e9j\u00e0 \u00e0 l&#8217;oeuvre"},"content":{"rendered":"<p>Partout sur le globe, les effets du d&eacute;r&egrave;glement climatique se font ressentir. En janvier 2023, la synth&egrave;se de six grands jeux de donn&eacute;es internationales r&eacute;alis&eacute;e par l&rsquo;Organisation m&eacute;t&eacute;orologique mondiale (OMM) montre que, sous l&rsquo;effet de l&rsquo;augmentation constante des concentrations de gaz &agrave; effet de serre et de la chaleur accumul&eacute;e, <strong>les huit derni&egrave;res ann&eacute;es ont &eacute;t&eacute; les plus chaudes jamais enregistr&eacute;es au niveau mondial. <\/strong>Le changement climatique n&rsquo;attend pas. Il est temps d&rsquo;agir.<\/p>\n<p>Depuis les ann&eacute;es 1800, les effets du changement climatique s&rsquo;intensifient sur l&rsquo;ensemble du globe. Les activit&eacute;s humaines influent tragiquement sur les concentrations de gaz &agrave; effet de serre de plus en plus massives qui atteignent leur niveau le plus &eacute;lev&eacute; depuis deux millions d&rsquo;ann&eacute;es.<\/p>\n<p>Ainsi, l&rsquo;une des cons&eacute;quences directes est l&rsquo;augmentation de la temp&eacute;rature &agrave; la surface du globe. Actuellement, elle est sup&eacute;rieure de 1,1 &deg;C par rapport &agrave; la temp&eacute;rature enregistr&eacute;e dans les ann&eacute;es 1800. On consid&egrave;re &eacute;galement que la derni&egrave;re d&eacute;cennie (2011-2020) est <strong>la plus chaude jamais enregistr&eacute;e.<\/strong><\/p>\n<p>Pourtant, lors de rendez-vous internationaux d&eacute;di&eacute;s au climat, scientifiques et &eacute;valuateurs gouvernementaux ont convenu de l&rsquo;importance de contenir la hausse de la temp&eacute;rature globale &agrave; 1,5 &deg;C afin de <strong>mieux pr&eacute;venir les effets climatiques. <\/strong>Malgr&eacute; cela, et sur la base des plans climatiques nationaux actuels, le r&eacute;chauffement de la plan&egrave;te devrait atteindre 2,8 &deg;C d&rsquo;ici la fin du si&egrave;cle.<\/p>\n<p>Ainsi, d&rsquo;un p&ocirc;le &agrave; l&rsquo;autre, on distingue chaque ann&eacute;e <strong>un nombre de plus en plus important de catastrophes climatiques,<\/strong> qui sont &eacute;galement de plus en plus r&eacute;p&eacute;titives et de plus en plus destructrices pour les hommes et la biodiversit&eacute;.<\/p>\n<h2>Quelles sont les principales causes et cons&eacute;quences du changement climatique ?<\/h2>\n<p>Essentiellement<strong> li&eacute;es aux activit&eacute;s humaines,<\/strong> les causes du changement climatique sont multiples : hausse de la consommation de combustibles fossiles comme le charbon, le p&eacute;trole et le gaz, l&rsquo;agriculture intensive, les engrais contenant de l&rsquo;azote, la d&eacute;forestation intensive, la surproduction&hellip;<\/p>\n<p>Si de nombreuses personnes pensent que les effets du changement climatique se traduisent par des temp&eacute;ratures plus &eacute;lev&eacute;es, il est primordial de comprendre que les cons&eacute;quences sont bien plus larges et plus graves. En effet, la Terre est un syst&egrave;me o&ugrave; tout est li&eacute;, chaque changement a un impact &agrave; court ou long terme.<\/p>\n<p>Ainsi, <strong>les cons&eacute;quences du changement climatique<\/strong> se traduisent le plus souvent par des &eacute;pisodes climatiques graves et de plus en plus longs sur l&rsquo;ensemble du globe : s&eacute;cheresses intenses, p&eacute;nuries d&rsquo;eau, incendies, &eacute;l&eacute;vation du niveau de la mer, inondations, fonte des glaces polaires, temp&ecirc;tes catastrophiques et d&eacute;clin de la biodiversit&eacute; mais &eacute;galement des ph&eacute;nom&egrave;nes migratoires importants souvent li&eacute;s &agrave; des probl&eacute;matiques alimentaires ou des conflits pour la gestion des ressources naturelles.<\/p>\n<h2>Les 2 p&ocirc;les en premi&egrave;re ligne des bouleversements climatiques<\/h2>\n<p>Selon une &eacute;tude r&eacute;alis&eacute;e par le CNRS,<strong> les r&eacute;gions polaires sont au c&oelig;ur du changement climatique <\/strong>qui touche l&rsquo;ensemble de la plan&egrave;te. En effet, c&rsquo;est dans ces r&eacute;gions que les bouleversements climatiques sont les plus forts.<\/p>\n<p>Diminution de la surface de la banquise, de son &eacute;paisseur, les effets visibles &agrave; l&rsquo;&oelig;il nu sont importants. Chaque ann&eacute;e, des millions de kilom&egrave;tres carr&eacute;s disparaissent.<\/p>\n<p>L&rsquo;amplification polaire du changement climatique, qui conduit les hautes latitudes &agrave; se r&eacute;chauffer pr&egrave;s de deux fois plus vite que les r&eacute;gions temp&eacute;r&eacute;es, entra&icirc;ne la diminution progressive de certaines zones englac&eacute;es.<\/p>\n<p>Si l&rsquo;on s&rsquo;int&eacute;resse de plus pr&egrave;s &agrave; la banquise arctique, les scientifiques se posent la question de savoir si celle-ci dispara&icirc;tra compl&egrave;tement dans la prochaine d&eacute;cennie. Les impacts vont plus loin : <strong>le r&eacute;chauffement touche &eacute;galement en permanence les sols gel&eacute;s.<\/strong> Habituellement gel&eacute;s sur plusieurs centaines de m&egrave;tres, ils d&eacute;g&egrave;lent d&eacute;sormais m&ecirc;me en dehors de la saison &ldquo;chaude&rdquo; sur un m&egrave;tre de profondeur environ et pr&eacute;sentent depuis quelques ann&eacute;es des effondrements tr&egrave;s nets, signes de d&eacute;gel plus profond.<\/p>\n<h2>Pourquoi l&rsquo;Afrique paie d&eacute;j&agrave; le prix du d&eacute;r&egrave;glement climatique<\/h2>\n<p>Alors que l&rsquo;Afrique ne repr&eacute;sente qu&rsquo;environ 2 &agrave; 3 % des &eacute;missions mondiales de gaz &agrave; effet de serre, elle en subit les cons&eacute;quences de mani&egrave;re disproportionn&eacute;e.<\/p>\n<p>En effet<strong>, les pays africains sont parmi les plus fragiles face au d&eacute;r&egrave;glement climatique.<\/strong> Manque d&rsquo;infrastructures, gestion de l&rsquo;eau complexe, stress hydrique, syst&egrave;me d&rsquo;alerte insuffisant, ins&eacute;curit&eacute; alimentaire et d&eacute;placements de population importants sont autant de causes qui font que l&rsquo;Afrique paie d&eacute;j&agrave; le prix fort face aux impacts du d&eacute;r&egrave;glement climatique.<\/p>\n<p>Le rapport &laquo;&Eacute;tat du climat en Afrique 2021&raquo; illustre comment les ph&eacute;nom&egrave;nes m&eacute;t&eacute;orologiques extr&ecirc;mes et <strong>le changement climatique mettent en p&eacute;ril la sant&eacute; et la s&eacute;curit&eacute; des personnes, la s&eacute;curit&eacute; alimentaire et hydrique et le d&eacute;veloppement socio-&eacute;conomique.&nbsp;<\/strong><\/p>\n<p>Des estimations montrent ainsi que le stress hydrique touche environ 250 millions de personnes sur le continent africain et pourrait entra&icirc;ner le d&eacute;placement de 700 millions de personnes d&rsquo;ici &agrave; 2030. De plus, d&rsquo;ici &agrave; 2030, et selon toute probabilit&eacute;, quatre pays africains sur cinq ne disposeront pas de ressources en eau g&eacute;r&eacute;es de mani&egrave;re durable afin de faire face &agrave; ces cons&eacute;quences terribles.<\/p>\n<h2>Quels pays en font le moins pour lutter contre le changement climatique ?<\/h2>\n<p>Selon les chiffres publi&eacute;s en 2023 du Climate Change Performance Index (CCPI), <strong>la France a &eacute;t&eacute; r&eacute;trograd&eacute;e &agrave; la 28e place du classemen<\/strong>t. Elle fait moins bien que le Danemark, le Maroc ou l&rsquo;&Eacute;gypte dans la lutte contre le changement climatique. Ce classement annuel international de l&rsquo;indice de protection climatique des principaux pays &eacute;metteurs des gaz &agrave; effet de serre analyse les donn&eacute;es de 59 pays, Union Europ&eacute;enne comprise, responsables d&rsquo;environ 90 % des &eacute;missions dans le monde.<\/p>\n<p>On observe &eacute;galement que des pays comme l&rsquo;Arabie Saoudite, les Etats-Unies, la Russie, l&rsquo;Australie, la Chine sont parmi les moins appliqu&eacute;s pour lutter contre le changement climatique.<\/p>\n<h2>Qui sont les plus gros &eacute;metteurs de gaz &agrave; effets de serre ?<\/h2>\n<p>En 2021, deux tiers des &eacute;missions de CO2 &eacute;taient produites par 10 pays. N&eacute;anmoins, il est important de prendre en compte le fait qu&rsquo;une majorit&eacute; de ces pays produisent et <strong>exportent une grande majorit&eacute; de leur production vers d&rsquo;autres pays.<\/strong> En effet, les activit&eacute;s les plus polluantes (extraction p&eacute;troli&egrave;re et gazi&egrave;re, industrie manufacturi&egrave;re, etc.) sont pour la plupart concentr&eacute;es ou ont &eacute;t&eacute; d&eacute;localis&eacute;es dans une poign&eacute;e de pays producteurs. Il est donc &eacute;galement n&eacute;cessaire de tenir compte des &eacute;missions li&eacute;es aux produits import&eacute;s dans l&rsquo;&eacute;valuation de l&rsquo;empreinte carbone des populations. De plus, si l&rsquo;on consid&egrave;re la taille des populations, les &eacute;missions de CO2 par habitant restent nettement plus &eacute;lev&eacute;es en Europe qu&rsquo;en Asie.<\/p>\n<p><img decoding=\"async\" loading=\"lazy\" class=\"aligncenter  wp-image-161400\" src=\"https:\/\/cdn.one.org\/fr\/wp-content\/uploads\/2023\/03\/16135931\/Picture1.png\" alt=\"\" width=\"425\" height=\"425\"><\/p>\n<h2>Le principe de justice climatique<\/h2>\n<p>La justice climatique porte une nouvelle logique d&rsquo;&eacute;laboration et d&rsquo;articulation des politiques publiques d&rsquo;att&eacute;nuation et d&rsquo;adaptation. Elle doit permettre de pr&eacute;server efficacement et durablement le droit &agrave; un environnement sain pour toutes et tous y compris pour les personnes les plus d&eacute;munies et les plus vuln&eacute;rables au d&eacute;r&egrave;glement climatique.<\/p>\n<p>A l&rsquo;heure o&ugrave; il faut agir concr&egrave;tement, il est primordial de pouvoir tenir pour responsables les coupables d&rsquo;inaction face &agrave; l&rsquo;aggravation du d&eacute;r&egrave;glement climatique. Car on le sait, <strong>les personnes les moins responsables du d&eacute;r&egrave;glement du climat sont celles qui sont le plus durement touch&eacute;es<\/strong>.<\/p>\n<p>Entreprises, Etats peuvent donc &ecirc;tre traduits en justice afin d&rsquo;&ecirc;tre contraints &agrave; agir durablement et en transformant leurs pratiques industrielles, &eacute;conomiques et soci&eacute;tales. <strong>La justice climatique<\/strong> est donc un levier juridique fort qui permet de mettre ces acteurs face &agrave; leurs responsabilit&eacute;s et de les tenir juridiquement responsables des d&eacute;g&acirc;ts humains et environnementaux caus&eacute;s. En effet, les d&eacute;gradations environnementales constituent des violations des droits fondamentaux, comme le droit de vivre dans un environnement sain ou encore le droit &agrave; la sant&eacute;.<\/p>\n<p>En France, L&rsquo;Affaire du Si&egrave;cle port&eacute;e par 4 ONG environnementales, a d&eacute;cid&eacute; en 2019 d&rsquo;assigner l&rsquo;&Eacute;tat en justice pour inaction face aux changements climatiques, et non-respect de ses obligations internationales, europ&eacute;ennes et fran&ccedil;aises.<\/p>\n<p><strong><a href=\"https:\/\/act.one.org\/sign\/adenike-climat-petition-fr\/\">D&eacute;fendez la justice climatique &agrave; nos c&ocirc;t&eacute;s en signant la p&eacute;tition d&rsquo;Adenike, militante pour le climat au Nigeria.<\/a><\/strong><\/p>\n<div class=\"buffer\"><\/div>\n<div class=\"buffer\"><\/div>","protected":false},"excerpt":{"rendered":"<p>Partout sur le globe, les effets du d&eacute;r&egrave;glement climatique se font ressentir. En janvier 2023, la synth&egrave;se de six grands jeux de donn&eacute;es internationales r&eacute;alis&eacute;e par l&rsquo;Organisation m&eacute;t&eacute;orologique mondiale (OMM) montre que, sous l&rsquo;effet de l&rsquo;augmentation constante des concentrations de gaz &agrave; effet de serre et de la chaleur accumul&eacute;e, les huit derni&egrave;res ann&eacute;es ont [&hellip;]<\/p>\n","protected":false},"author":0,"featured_media":162795,"comment_status":"open","ping_status":"open","sticky":false,"template":"","format":"standard","meta":{"_acf_changed":false,"_relevanssi_hide_post":"","_relevanssi_hide_content":"","_relevanssi_pin_for_all":"","_relevanssi_pin_keywords":"","_relevanssi_unpin_keywords":"","_relevanssi_related_keywords":"","_relevanssi_related_include_ids":"","_relevanssi_related_exclude_ids":"","_relevanssi_related_no_append":"","_relevanssi_related_not_related":"","_relevanssi_related_posts":"","_relevanssi_noindex_reason":"","footnotes":""},"categories":[68],"tags":[],"topic":[39],"contributor":[33],"one_content_audience":[],"one_content_type":[],"one_content_tone":[],"class_list":["post-162638","post","type-post","status-publish","format-standard","has-post-thumbnail","hentry","category-analyse","topic-changement-climatique","contributor-one-france"],"acf":[],"yoast_head":"<!-- This site is optimized with the Yoast SEO Premium plugin v27.1 (Yoast SEO v27.1.1) - https:\/\/yoast.com\/product\/yoast-seo-premium-wordpress\/ -->\n<title>De l&#039;arctique \u00e0 l&#039;Antarctique : les effets du changement climatique sont d\u00e9j\u00e0 \u00e0 l&#039;oeuvre - ONE.org France<\/title>\n<meta name=\"description\" content=\"Les effets du changements climatiques se font de plus en plus sentir \u00e0 la surface du globe. Tour d&#039;horizon des zones les plus touch\u00e9es de la plan\u00e8te.\" \/>\n<meta name=\"robots\" content=\"index, follow, max-snippet:-1, max-image-preview:large, max-video-preview:-1\" \/>\n<link rel=\"canonical\" href=\"https:\/\/www.one.org\/fr\/actualites\/de-larctique-a-lantarctique-les-effets-du-changement-climatique-sont-deja-a-loeuvre\/\" \/>\n<meta property=\"og:locale\" content=\"fr_FR\" \/>\n<meta property=\"og:type\" content=\"article\" \/>\n<meta property=\"og:title\" content=\"De l&#039;arctique \u00e0 l&#039;Antarctique : les effets du changement climatique sont d\u00e9j\u00e0 \u00e0 l&#039;oeuvre\" \/>\n<meta property=\"og:description\" content=\"Les effets du changements climatiques se font de plus en plus sentir \u00e0 la surface du globe. Tour d&#039;horizon des zones les plus touch\u00e9es de la plan\u00e8te.\" \/>\n<meta property=\"og:url\" content=\"https:\/\/www.one.org\/fr\/actualites\/de-larctique-a-lantarctique-les-effets-du-changement-climatique-sont-deja-a-loeuvre\/\" \/>\n<meta property=\"og:site_name\" content=\"ONE.org France\" \/>\n<meta property=\"article:publisher\" content=\"https:\/\/www.facebook.com\/ONE.Fr\" \/>\n<meta property=\"article:published_time\" content=\"2023-03-16T14:15:45+00:00\" \/>\n<meta property=\"article:modified_time\" content=\"2024-04-23T12:31:50+00:00\" \/>\n<meta property=\"og:image\" content=\"https:\/\/www.one.org\/fr\/wp-content\/uploads\/sites\/4\/2023\/03\/Blog-featured-climate.png\" \/>\n\t<meta property=\"og:image:width\" content=\"1200\" \/>\n\t<meta property=\"og:image:height\" content=\"1200\" \/>\n\t<meta property=\"og:image:type\" content=\"image\/png\" \/>\n<meta name=\"twitter:card\" content=\"summary_large_image\" \/>\n<meta name=\"twitter:creator\" content=\"@one_fr\" \/>\n<meta name=\"twitter:site\" content=\"@one_fr\" \/>\n<meta name=\"twitter:label1\" content=\"Est. reading time\" \/>\n\t<meta name=\"twitter:data1\" content=\"9 minutes\" \/>\n<script type=\"application\/ld+json\" class=\"yoast-schema-graph\">{\"@context\":\"https:\/\/schema.org\",\"@graph\":[{\"@type\":\"Article\",\"@id\":\"https:\/\/www.one.org\/fr\/actualites\/de-larctique-a-lantarctique-les-effets-du-changement-climatique-sont-deja-a-loeuvre\/#article\",\"isPartOf\":{\"@id\":\"https:\/\/www.one.org\/fr\/actualites\/de-larctique-a-lantarctique-les-effets-du-changement-climatique-sont-deja-a-loeuvre\/\"},\"author\":{\"name\":\"\",\"@id\":\"\"},\"headline\":\"De l&#8217;arctique \u00e0 l&#8217;Antarctique : les effets du changement climatique sont d\u00e9j\u00e0 \u00e0 l&#8217;oeuvre\",\"datePublished\":\"2023-03-16T14:15:45+00:00\",\"dateModified\":\"2024-04-23T12:31:50+00:00\",\"mainEntityOfPage\":{\"@id\":\"https:\/\/www.one.org\/fr\/actualites\/de-larctique-a-lantarctique-les-effets-du-changement-climatique-sont-deja-a-loeuvre\/\"},\"wordCount\":1782,\"commentCount\":0,\"image\":{\"@id\":\"https:\/\/www.one.org\/fr\/actualites\/de-larctique-a-lantarctique-les-effets-du-changement-climatique-sont-deja-a-loeuvre\/#primaryimage\"},\"thumbnailUrl\":\"https:\/\/www.one.org\/fr\/wp-content\/uploads\/sites\/4\/2023\/03\/Blog-featured-climate.png\",\"articleSection\":[\"Analyse\"],\"inLanguage\":\"fr-FR\",\"potentialAction\":[{\"@type\":\"CommentAction\",\"name\":\"Comment\",\"target\":[\"https:\/\/www.one.org\/fr\/actualites\/de-larctique-a-lantarctique-les-effets-du-changement-climatique-sont-deja-a-loeuvre\/#respond\"]}]},{\"@type\":\"WebPage\",\"@id\":\"https:\/\/www.one.org\/fr\/actualites\/de-larctique-a-lantarctique-les-effets-du-changement-climatique-sont-deja-a-loeuvre\/\",\"url\":\"https:\/\/www.one.org\/fr\/actualites\/de-larctique-a-lantarctique-les-effets-du-changement-climatique-sont-deja-a-loeuvre\/\",\"name\":\"De l'arctique \u00e0 l'Antarctique : les effets du changement climatique sont d\u00e9j\u00e0 \u00e0 l'oeuvre - ONE.org France\",\"isPartOf\":{\"@id\":\"https:\/\/www.one.org\/fr\/#website\"},\"primaryImageOfPage\":{\"@id\":\"https:\/\/www.one.org\/fr\/actualites\/de-larctique-a-lantarctique-les-effets-du-changement-climatique-sont-deja-a-loeuvre\/#primaryimage\"},\"image\":{\"@id\":\"https:\/\/www.one.org\/fr\/actualites\/de-larctique-a-lantarctique-les-effets-du-changement-climatique-sont-deja-a-loeuvre\/#primaryimage\"},\"thumbnailUrl\":\"https:\/\/www.one.org\/fr\/wp-content\/uploads\/sites\/4\/2023\/03\/Blog-featured-climate.png\",\"datePublished\":\"2023-03-16T14:15:45+00:00\",\"dateModified\":\"2024-04-23T12:31:50+00:00\",\"author\":{\"@id\":\"\"},\"description\":\"Les effets du changements climatiques se font de plus en plus sentir \u00e0 la surface du globe. Tour d'horizon des zones les plus touch\u00e9es de la plan\u00e8te.\",\"breadcrumb\":{\"@id\":\"https:\/\/www.one.org\/fr\/actualites\/de-larctique-a-lantarctique-les-effets-du-changement-climatique-sont-deja-a-loeuvre\/#breadcrumb\"},\"inLanguage\":\"fr-FR\",\"potentialAction\":[{\"@type\":\"ReadAction\",\"target\":[\"https:\/\/www.one.org\/fr\/actualites\/de-larctique-a-lantarctique-les-effets-du-changement-climatique-sont-deja-a-loeuvre\/\"]}]},{\"@type\":\"ImageObject\",\"inLanguage\":\"fr-FR\",\"@id\":\"https:\/\/www.one.org\/fr\/actualites\/de-larctique-a-lantarctique-les-effets-du-changement-climatique-sont-deja-a-loeuvre\/#primaryimage\",\"url\":\"https:\/\/www.one.org\/fr\/wp-content\/uploads\/sites\/4\/2023\/03\/Blog-featured-climate.png\",\"contentUrl\":\"https:\/\/www.one.org\/fr\/wp-content\/uploads\/sites\/4\/2023\/03\/Blog-featured-climate.png\",\"width\":1200,\"height\":1200},{\"@type\":\"BreadcrumbList\",\"@id\":\"https:\/\/www.one.org\/fr\/actualites\/de-larctique-a-lantarctique-les-effets-du-changement-climatique-sont-deja-a-loeuvre\/#breadcrumb\",\"itemListElement\":[{\"@type\":\"ListItem\",\"position\":1,\"name\":\"Home\",\"item\":\"https:\/\/www.one.org\/fr\/\"},{\"@type\":\"ListItem\",\"position\":2,\"name\":\"De l&#8217;arctique \u00e0 l&#8217;Antarctique : les effets du changement climatique sont d\u00e9j\u00e0 \u00e0 l&#8217;oeuvre\"}]},{\"@type\":\"WebSite\",\"@id\":\"https:\/\/www.one.org\/fr\/#website\",\"url\":\"https:\/\/www.one.org\/fr\/\",\"name\":\"ONE.org\",\"description\":\"Cr\u00e9er des opportunit\u00e9s \u00e9conomiques et am\u00e9liorer la sant\u00e9 en Afrique\",\"potentialAction\":[{\"@type\":\"SearchAction\",\"target\":{\"@type\":\"EntryPoint\",\"urlTemplate\":\"https:\/\/www.one.org\/fr\/?s={search_term_string}\"},\"query-input\":{\"@type\":\"PropertyValueSpecification\",\"valueRequired\":true,\"valueName\":\"search_term_string\"}}],\"inLanguage\":\"fr-FR\"}]}<\/script>\n<!-- \/ Yoast SEO Premium plugin. -->","yoast_head_json":{"title":"De l'arctique \u00e0 l'Antarctique : les effets du changement climatique sont d\u00e9j\u00e0 \u00e0 l'oeuvre - ONE.org France","description":"Les effets du changements climatiques se font de plus en plus sentir \u00e0 la surface du globe. Tour d'horizon des zones les plus touch\u00e9es de la plan\u00e8te.","robots":{"index":"index","follow":"follow","max-snippet":"max-snippet:-1","max-image-preview":"max-image-preview:large","max-video-preview":"max-video-preview:-1"},"canonical":"https:\/\/www.one.org\/fr\/actualites\/de-larctique-a-lantarctique-les-effets-du-changement-climatique-sont-deja-a-loeuvre\/","og_locale":"fr_FR","og_type":"article","og_title":"De l'arctique \u00e0 l'Antarctique : les effets du changement climatique sont d\u00e9j\u00e0 \u00e0 l'oeuvre","og_description":"Les effets du changements climatiques se font de plus en plus sentir \u00e0 la surface du globe. Tour d'horizon des zones les plus touch\u00e9es de la plan\u00e8te.","og_url":"https:\/\/www.one.org\/fr\/actualites\/de-larctique-a-lantarctique-les-effets-du-changement-climatique-sont-deja-a-loeuvre\/","og_site_name":"ONE.org France","article_publisher":"https:\/\/www.facebook.com\/ONE.Fr","article_published_time":"2023-03-16T14:15:45+00:00","article_modified_time":"2024-04-23T12:31:50+00:00","og_image":[{"width":1200,"height":1200,"url":"https:\/\/www.one.org\/fr\/wp-content\/uploads\/sites\/4\/2023\/03\/Blog-featured-climate.png","type":"image\/png"}],"twitter_card":"summary_large_image","twitter_creator":"@one_fr","twitter_site":"@one_fr","twitter_misc":{"Est. reading time":"9 minutes"},"schema":{"@context":"https:\/\/schema.org","@graph":[{"@type":"Article","@id":"https:\/\/www.one.org\/fr\/actualites\/de-larctique-a-lantarctique-les-effets-du-changement-climatique-sont-deja-a-loeuvre\/#article","isPartOf":{"@id":"https:\/\/www.one.org\/fr\/actualites\/de-larctique-a-lantarctique-les-effets-du-changement-climatique-sont-deja-a-loeuvre\/"},"author":{"name":"","@id":""},"headline":"De l&#8217;arctique \u00e0 l&#8217;Antarctique : les effets du changement climatique sont d\u00e9j\u00e0 \u00e0 l&#8217;oeuvre","datePublished":"2023-03-16T14:15:45+00:00","dateModified":"2024-04-23T12:31:50+00:00","mainEntityOfPage":{"@id":"https:\/\/www.one.org\/fr\/actualites\/de-larctique-a-lantarctique-les-effets-du-changement-climatique-sont-deja-a-loeuvre\/"},"wordCount":1782,"commentCount":0,"image":{"@id":"https:\/\/www.one.org\/fr\/actualites\/de-larctique-a-lantarctique-les-effets-du-changement-climatique-sont-deja-a-loeuvre\/#primaryimage"},"thumbnailUrl":"https:\/\/www.one.org\/fr\/wp-content\/uploads\/sites\/4\/2023\/03\/Blog-featured-climate.png","articleSection":["Analyse"],"inLanguage":"fr-FR","potentialAction":[{"@type":"CommentAction","name":"Comment","target":["https:\/\/www.one.org\/fr\/actualites\/de-larctique-a-lantarctique-les-effets-du-changement-climatique-sont-deja-a-loeuvre\/#respond"]}]},{"@type":"WebPage","@id":"https:\/\/www.one.org\/fr\/actualites\/de-larctique-a-lantarctique-les-effets-du-changement-climatique-sont-deja-a-loeuvre\/","url":"https:\/\/www.one.org\/fr\/actualites\/de-larctique-a-lantarctique-les-effets-du-changement-climatique-sont-deja-a-loeuvre\/","name":"De l'arctique \u00e0 l'Antarctique : les effets du changement climatique sont d\u00e9j\u00e0 \u00e0 l'oeuvre - ONE.org France","isPartOf":{"@id":"https:\/\/www.one.org\/fr\/#website"},"primaryImageOfPage":{"@id":"https:\/\/www.one.org\/fr\/actualites\/de-larctique-a-lantarctique-les-effets-du-changement-climatique-sont-deja-a-loeuvre\/#primaryimage"},"image":{"@id":"https:\/\/www.one.org\/fr\/actualites\/de-larctique-a-lantarctique-les-effets-du-changement-climatique-sont-deja-a-loeuvre\/#primaryimage"},"thumbnailUrl":"https:\/\/www.one.org\/fr\/wp-content\/uploads\/sites\/4\/2023\/03\/Blog-featured-climate.png","datePublished":"2023-03-16T14:15:45+00:00","dateModified":"2024-04-23T12:31:50+00:00","author":{"@id":""},"description":"Les effets du changements climatiques se font de plus en plus sentir \u00e0 la surface du globe. Tour d'horizon des zones les plus touch\u00e9es de la plan\u00e8te.","breadcrumb":{"@id":"https:\/\/www.one.org\/fr\/actualites\/de-larctique-a-lantarctique-les-effets-du-changement-climatique-sont-deja-a-loeuvre\/#breadcrumb"},"inLanguage":"fr-FR","potentialAction":[{"@type":"ReadAction","target":["https:\/\/www.one.org\/fr\/actualites\/de-larctique-a-lantarctique-les-effets-du-changement-climatique-sont-deja-a-loeuvre\/"]}]},{"@type":"ImageObject","inLanguage":"fr-FR","@id":"https:\/\/www.one.org\/fr\/actualites\/de-larctique-a-lantarctique-les-effets-du-changement-climatique-sont-deja-a-loeuvre\/#primaryimage","url":"https:\/\/www.one.org\/fr\/wp-content\/uploads\/sites\/4\/2023\/03\/Blog-featured-climate.png","contentUrl":"https:\/\/www.one.org\/fr\/wp-content\/uploads\/sites\/4\/2023\/03\/Blog-featured-climate.png","width":1200,"height":1200},{"@type":"BreadcrumbList","@id":"https:\/\/www.one.org\/fr\/actualites\/de-larctique-a-lantarctique-les-effets-du-changement-climatique-sont-deja-a-loeuvre\/#breadcrumb","itemListElement":[{"@type":"ListItem","position":1,"name":"Home","item":"https:\/\/www.one.org\/fr\/"},{"@type":"ListItem","position":2,"name":"De l&#8217;arctique \u00e0 l&#8217;Antarctique : les effets du changement climatique sont d\u00e9j\u00e0 \u00e0 l&#8217;oeuvre"}]},{"@type":"WebSite","@id":"https:\/\/www.one.org\/fr\/#website","url":"https:\/\/www.one.org\/fr\/","name":"ONE.org","description":"Cr\u00e9er des opportunit\u00e9s \u00e9conomiques et am\u00e9liorer la sant\u00e9 en Afrique","potentialAction":[{"@type":"SearchAction","target":{"@type":"EntryPoint","urlTemplate":"https:\/\/www.one.org\/fr\/?s={search_term_string}"},"query-input":{"@type":"PropertyValueSpecification","valueRequired":true,"valueName":"search_term_string"}}],"inLanguage":"fr-FR"}]}},"distributor_meta":false,"distributor_terms":false,"distributor_media":false,"distributor_original_site_name":"ONE.org France","distributor_original_site_url":"https:\/\/www.one.org\/fr","push-errors":false,"_links":{"self":[{"href":"https:\/\/www.one.org\/fr\/wp-json\/wp\/v2\/posts\/162638","targetHints":{"allow":["GET"]}}],"collection":[{"href":"https:\/\/www.one.org\/fr\/wp-json\/wp\/v2\/posts"}],"about":[{"href":"https:\/\/www.one.org\/fr\/wp-json\/wp\/v2\/types\/post"}],"replies":[{"embeddable":true,"href":"https:\/\/www.one.org\/fr\/wp-json\/wp\/v2\/comments?post=162638"}],"version-history":[{"count":0,"href":"https:\/\/www.one.org\/fr\/wp-json\/wp\/v2\/posts\/162638\/revisions"}],"wp:featuredmedia":[{"embeddable":true,"href":"https:\/\/www.one.org\/fr\/wp-json\/wp\/v2\/media\/162795"}],"wp:attachment":[{"href":"https:\/\/www.one.org\/fr\/wp-json\/wp\/v2\/media?parent=162638"}],"wp:term":[{"taxonomy":"category","embeddable":true,"href":"https:\/\/www.one.org\/fr\/wp-json\/wp\/v2\/categories?post=162638"},{"taxonomy":"post_tag","embeddable":true,"href":"https:\/\/www.one.org\/fr\/wp-json\/wp\/v2\/tags?post=162638"},{"taxonomy":"topic","embeddable":true,"href":"https:\/\/www.one.org\/fr\/wp-json\/wp\/v2\/topic?post=162638"},{"taxonomy":"contributor","embeddable":true,"href":"https:\/\/www.one.org\/fr\/wp-json\/wp\/v2\/contributor?post=162638"},{"taxonomy":"one_content_audience","embeddable":true,"href":"https:\/\/www.one.org\/fr\/wp-json\/wp\/v2\/one_content_audience?post=162638"},{"taxonomy":"one_content_type","embeddable":true,"href":"https:\/\/www.one.org\/fr\/wp-json\/wp\/v2\/one_content_type?post=162638"},{"taxonomy":"one_content_tone","embeddable":true,"href":"https:\/\/www.one.org\/fr\/wp-json\/wp\/v2\/one_content_tone?post=162638"}],"curies":[{"name":"wp","href":"https:\/\/api.w.org\/{rel}","templated":true}]}}