{"id":162637,"date":"2023-03-23T08:46:26","date_gmt":"2023-03-23T08:46:26","guid":{"rendered":"https:\/\/www.one.org\/fr\/famine-en-afrique-ou-en-sommes-nous-en-2023\/"},"modified":"2024-04-23T12:31:43","modified_gmt":"2024-04-23T12:31:43","slug":"famine-en-afrique-ou-en-sommes-nous-en-2023","status":"publish","type":"post","link":"https:\/\/www.one.org\/fr\/actualites\/famine-en-afrique-ou-en-sommes-nous-en-2023\/","title":{"rendered":"Famine en Afrique : o\u00f9 en sommes-nous en 2023 ?"},"content":{"rendered":"<p>L&rsquo;Afrique est l&rsquo;<strong>un des continents les plus touch&eacute;s par la famine<\/strong>. Elle s&eacute;vit plus particuli&egrave;rement en Afrique subsaharienne et dans la Corne de l&rsquo;Afrique, partie nord-est du continent compos&eacute;e de la Somalie, de l&rsquo;&Eacute;thiopie et du Kenya. On observe aussi que le Sahel, Madagascar ou encore l&rsquo;Afghanistan, sont des pays dits en &laquo; ins&eacute;curit&eacute; alimentaire &raquo;.<\/p>\n<p>Alors que ces pays ont connu quatre saisons particuli&egrave;rement s&egrave;ches, les agences internationales s&rsquo;alarment face &agrave; <strong>une cinqui&egrave;me saison cons&eacute;cutive de s&eacute;cheresse<\/strong> qui devrait se poursuivre entre mars et mai 2023.<\/p>\n<h2>Famine : d&eacute;finition<\/h2>\n<p>La famine repr&eacute;sente<strong> le manque quasi total de ressources alimentaires dans un pays <\/strong>pendant une p&eacute;riode longue et qui conduit &agrave; la mort des populations concern&eacute;es.<\/p>\n<p>C&rsquo;est le niveau le plus &eacute;lev&eacute; d&rsquo;ins&eacute;curit&eacute; alimentaire, tant en termes d&rsquo;ampleur que de gravit&eacute;. Elle se produit lorsqu&rsquo;un nombre substantiel de personnes meurent de faim ou d&rsquo;une combinaison de sous-alimentation et de maladie.<\/p>\n<p>Si plus de 20 % des m&eacute;nages ne peuvent pas se nourrir, que le taux de malnutrition d&eacute;passe les 30 % et que les d&eacute;c&egrave;s se multiplient, on parle donc de &lsquo;famine&rsquo;.<\/p>\n<p>Cependant, il n&rsquo;existe pas de d&eacute;finition internationalement accept&eacute;e de ce terme. C&rsquo;est pourquoi la simple r&eacute;f&eacute;rence &agrave; cette notion entra&icirc;ne souvent des d&eacute;bats afin de d&eacute;terminer si la situation en question peut &ecirc;tre qualifi&eacute;e comme telle.<\/p>\n<p>Pour rappel, la faim est un terme g&eacute;n&eacute;rique. <a href=\"https:\/\/www.one.org\/fr\/blog\/une-personne-sur-dix-dans-le-monde-souffre-de-la-faim\/\">L&rsquo;ins&eacute;curit&eacute; alimentaire<\/a> est un terme technique qui se divise en cinq cat&eacute;gories :<\/p>\n<ul>\n<li>Premi&egrave;re phase, la phase minimale.<\/li>\n<li>Deuxi&egrave;me phase, la phase stress.<\/li>\n<li>Troisi&egrave;me phase, la phase crise.<\/li>\n<li>Quatri&egrave;me phase, l&rsquo;urgence.<\/li>\n<li>Cinqui&egrave;me phase, la phase<strong> famine<\/strong>.<\/li>\n<\/ul>\n<h2>Quels sont les pays africains les plus touch&eacute;s par la famine ?<\/h2>\n<p>La Somalie est l<strong>&rsquo;un des pays les plus gravement touch&eacute;s par la famine<\/strong> selon l&rsquo;ONU. L&rsquo;urgence est vitale et les ONG pr&eacute;sentent sur place n&rsquo;arrivent pas &agrave; faire face &agrave; la situation. En cause, la s&eacute;cheresse historique qui perdure sur l&rsquo;ensemble du pays.<\/p>\n<p>En Somalie comme dans de nombreux pays africains, <strong>le climat est l&rsquo;une des causes principales de cette situation de p&eacute;nurie alimentaire.<\/strong> En effet, les zones les plus touch&eacute;es par des crises alimentaires sont des zones de grande s&eacute;cheresse. En parall&egrave;le, il faut ajouter des situations instables politiquement, des conflits et guerres civiles ainsi que des conditions particuli&egrave;rement instables en termes de s&eacute;curit&eacute; pour les populations.<\/p>\n<p>7,8 millions de personnes souffrent de la s&eacute;cheresse en Somalie, soit pr&egrave;s de 50% de la population actuelle. On compte environ 213 000 personnes en grand danger de famine.<\/p>\n<h2>Les conflits arm&eacute;s comme principale cause de famine en Afrique<\/h2>\n<p>Parmi les plus de 823 millions de personnes qui souffrent de la faim dans le monde, <strong>139 millions se trouvaient dans des pays en conflit en 2022.<\/strong><\/p>\n<p>En effet, les <a href=\"https:\/\/www.one.org\/fr\/blog\/la-faim-devient-une-arme-de-guerre\/\">conflits sont la cause principale de la faim<\/a> dans le monde.<\/p>\n<p>Et si chaque pays fait face &agrave; une situation quasi unique, on remarque que certains facteurs sp&eacute;cifiques sont souvent propices au d&eacute;veloppement de cette situation dramatique. Conflit arm&eacute;, ins&eacute;curit&eacute;, difficult&eacute; d&rsquo;acc&egrave;s, pauvret&eacute; chronique, faiblesse des &eacute;changes commerciaux ou grave ph&eacute;nom&egrave;ne m&eacute;t&eacute;orologique, sont autant de causes aggravantes, qui, combin&eacute;es, m&egrave;nent le plus souvent &agrave; des crises alimentaires ou des famines.<\/p>\n<p>Le nord-est du Nigeria, le Soudan du Sud ou le Y&eacute;men sont par exemple des territoires sur lesquels les violences arm&eacute;es impactent fortement l&rsquo;acc&egrave;s des populations &agrave; la nourriture. De plus, dans de nombreux pays, <strong>la faim est &eacute;galement utilis&eacute;e comme une arme de guerre<\/strong> : blocage de l&rsquo;aide humanitaire, destruction des infrastructures, pillage des ressources alimentaires sont des tactiques largement utilis&eacute;es par les combattants pour affaiblir l&rsquo;ennemi.<\/p>\n<p>En parall&egrave;le, les conflits engendrent souvent des d&eacute;placements de populations qui perturbent les march&eacute;s, impactent la production agricole, et peuvent faire monter en fl&egrave;che les prix.<\/p>\n<h2>Le d&eacute;r&egrave;glement climatique comme facteur aggravant de la famine<\/h2>\n<p>Alors que les impacts du d&eacute;r&egrave;glement climatique deviennent de plus en plus intenses et r&eacute;p&eacute;titifs, il est important de comprendre les cons&eacute;quences directes que ceux-ci ont sur l&rsquo;acc&egrave;s &agrave; l&rsquo;alimentation.<\/p>\n<p>En Somalie, par exemple, les &eacute;pisodes de s&eacute;cheresse &agrave; r&eacute;p&eacute;tition coupl&eacute;s au manque de gouvernance apr&egrave;s des ann&eacute;es de conflit sont des facteurs aggravant de la situation alimentaire du pays. Dans des r&eacute;gions de l&rsquo;&Eacute;thiopie et du Kenya, les populations souffrent &eacute;galement d&rsquo;une s&eacute;cheresse catastrophique qui d&eacute;cime les troupeaux, limite les sources de revenu des familles ainsi que l&rsquo;acc&egrave;s aux denr&eacute;es alimentaires sur les march&eacute;s locaux.<\/p>\n<p>Partout en Afrique, <strong>le d&eacute;r&egrave;glement climatique impacte l&rsquo;acc&egrave;s &agrave; l&rsquo;alimentation <\/strong>:<\/p>\n<ul>\n<li>Les &eacute;pisodes de s&eacute;cheresse &agrave; r&eacute;p&eacute;tition ont un impact fort sur les cultures et les moyens de subsistance.<\/li>\n<\/ul>\n<ul>\n<li>L&rsquo;instabilit&eacute; des r&eacute;coltes li&eacute;e aux &eacute;v&eacute;nements climatiques accentue la fluctuation des prix des denr&eacute;es alimentaires de base sur les march&eacute;s internationaux, entra&icirc;nant des variations de prix n&eacute;fastes pour les producteurs comme pour les consommateurs.<\/li>\n<\/ul>\n<ul>\n<li>Les p&eacute;nuries d&rsquo;eau impactent principalement les femmes qui doivent se d&eacute;placer plus loin pour puiser de l&rsquo;eau dans des sources toujours plus profondes. Elles sont aussi le plus souvent responsables de petites parcelles agricoles qui repr&eacute;sentent le seul moyen de subsistance de leur famille. Or sans eau, elles sont dans l&rsquo;incapacit&eacute; de b&eacute;n&eacute;ficier des r&eacute;coltes. Aussi, les cons&eacute;quences de la rar&eacute;faction de l&rsquo;eau potable sur les enfants sont dramatiques : malnutrition, diarrh&eacute;e et paludisme.<\/li>\n<\/ul>\n<ul>\n<li>Les &eacute;v&eacute;nements climatiques extr&ecirc;mes ont des cons&eacute;quences sur le long terme : difficult&eacute;s d&rsquo;approvisionnement, flamb&eacute;es des prix alimentaires, destructions des zones agricoles et des troupeaux&hellip;<\/li>\n<\/ul>\n<p>En 2021, selon l&rsquo;ONU, au moins 1,3 million de personnes ont eu besoin d&rsquo;une aide alimentaire et nutritionnelle d&rsquo;urgence dans le sud de l&rsquo;&icirc;le de Madagascar. <strong>C&rsquo;est ainsi le seul endroit au monde &agrave; l&rsquo;heure actuelle o&ugrave; les conditions semblables &agrave; la famine ont &eacute;t&eacute; provoqu&eacute;es par le climat<\/strong> et non par les conflits.<\/p>\n<h2>3 chiffres sur les cons&eacute;quences de la famine en Afrique<\/h2>\n<ul>\n<li><strong>21 millions<\/strong> : le nombre de personnes en situation d&rsquo;ins&eacute;curit&eacute; alimentaire &eacute;lev&eacute;e dans la Corne de l&rsquo;Afrique, en raison de la s&eacute;cheresse qui s&eacute;vit depuis deux ans. Parmi elles, 3,4 millions de personnes sont en situation d&rsquo;urgence au Kenya et en Somalie.<\/li>\n<\/ul>\n<ul>\n<li><strong>Plus de 300.000<\/strong> : le nombre de personnes en situation de catastrophe en Somalie en 2022.<\/li>\n<\/ul>\n<ul>\n<li><strong>7,46 millions<\/strong> : le nombre d&rsquo;enfants de moins de cinq ans qui sont confront&eacute;s &agrave; la malnutrition aigu&euml;, dont 1,85 million &agrave; sa forme s&eacute;v&egrave;re, selon l&rsquo;ONU.<\/li>\n<\/ul>\n<h2>Quelles solutions pour lutter contre la famine en Afrique ?<\/h2>\n<p>ONE a pour <strong>objectif le &laquo; Z&eacute;ro faim &raquo;<\/strong>. C&rsquo;est pourquoi nous pensons que les pays doivent s&rsquo;engager &agrave; tout faire pour &eacute;viter d&rsquo;aggraver la situation actuelle.<\/p>\n<p>Voici nos recommandations :<\/p>\n<ul>\n<li>Poursuivre les interdictions d&rsquo;exportation des principaux produits de base et &eacute;viter les &laquo; achats de panique &raquo;.<\/li>\n<li>Veiller &agrave; ce que les pays vuln&eacute;rables aient acc&egrave;s aux engrais, m&ecirc;me lorsque les prix augmentent.<\/li>\n<li>Financer int&eacute;gralement les appels humanitaires d&rsquo;urgence.<\/li>\n<\/ul>\n<p>De plus, les pays devraient <strong>diriger les subventions et la protection sociale vers les plus vuln&eacute;rables <\/strong>et soutenir les pays disposant d&rsquo;une marge de man&oelig;uvre budg&eacute;taire n&eacute;cessaire &agrave; le faire. C&rsquo;est pourquoi, nous demandons aux Etats de :<\/p>\n<ul>\n<li style=\"list-style-type: none\">\n<ul>\n<li>Respecter sans plus attendre l&rsquo;engagement pris par le G7 et le G20 de recycler 100 milliards de dollars de <a href=\"https:\/\/www.one.org\/fr\/blog\/droits-de-tirages-speciaux-on-vous-explique-tout\/\">droits de tirage sp&eacute;ciaux<\/a>, fournis par le FMI, pour aider les pays &agrave; revenu faible ou interm&eacute;diaire &agrave; faire face &agrave; la crise.<\/li>\n<\/ul>\n<\/li>\n<\/ul>\n<ul>\n<li>Fournir une solution efficace &agrave; la viabilit&eacute; de la dette en bloquant le cadre commun du G20.<\/li>\n<li>Mettre en place des syst&egrave;mes de protection sociale qui r&eacute;pondent aux chocs massifs et multidimensionnels tels que la s&eacute;cheresse et l&rsquo;ins&eacute;curit&eacute; alimentaire, y compris pour les personnes contraintes de fuir (r&eacute;fugi&eacute;s, personnes d&eacute;plac&eacute;es\/apatrides, rapatri&eacute;s).<\/li>\n<\/ul>\n<p>Enfin, nous pensons que <strong>les pays doivent investir massivement afin d&rsquo;augmenter la production alimentaire<\/strong>, et doivent :<\/p>\n<ul>\n<li>S&rsquo;engager &agrave; effectuer des investissements &agrave; moyen terme pour stimuler la production.<\/li>\n<li>Mettre en place des m&eacute;canismes d&rsquo;urgence capables de mettre des engrais &agrave; disposition des pays vuln&eacute;rables, en veillant &agrave; une r&eacute;partition &eacute;gale entre hommes et femmes, lorsque les prix augmentent de fa&ccedil;on aussi consid&eacute;rable.<\/li>\n<\/ul>\n<p>Pour aller plus loin et agir &agrave; nos c&ocirc;t&eacute;s, <a href=\"https:\/\/act.one.org\/sign\/eradiquer-la-faim\/\">signez notre p&eacute;tition<\/a> pour demander &agrave; nos dirigeant&middot;e&middot;s de mettre fin &agrave; la crise alimentaire.<\/p>\n<div class=\"buffer\"><\/div>","protected":false},"excerpt":{"rendered":"<p>L&rsquo;Afrique est l&rsquo;un des continents les plus touch&eacute;s par la famine. Elle s&eacute;vit plus particuli&egrave;rement en Afrique subsaharienne et dans la Corne de l&rsquo;Afrique, partie nord-est du continent compos&eacute;e de la Somalie, de l&rsquo;&Eacute;thiopie et du Kenya. On observe aussi que le Sahel, Madagascar ou encore l&rsquo;Afghanistan, sont des pays dits en &laquo; ins&eacute;curit&eacute; alimentaire [&hellip;]<\/p>\n","protected":false},"author":0,"featured_media":162789,"comment_status":"open","ping_status":"open","sticky":false,"template":"","format":"standard","meta":{"_acf_changed":false,"_relevanssi_hide_post":"","_relevanssi_hide_content":"","_relevanssi_pin_for_all":"","_relevanssi_pin_keywords":"","_relevanssi_unpin_keywords":"","_relevanssi_related_keywords":"","_relevanssi_related_include_ids":"","_relevanssi_related_exclude_ids":"","_relevanssi_related_no_append":"","_relevanssi_related_not_related":"","_relevanssi_related_posts":"","_relevanssi_noindex_reason":"","footnotes":""},"categories":[68],"tags":[],"topic":[39,58],"contributor":[33],"one_content_audience":[],"one_content_type":[],"one_content_tone":[],"class_list":["post-162637","post","type-post","status-publish","format-standard","has-post-thumbnail","hentry","category-analyse","topic-changement-climatique","topic-nutrition","contributor-one-france"],"acf":[],"yoast_head":"<!-- This site is optimized with the Yoast SEO Premium plugin v27.1 (Yoast SEO v27.1.1) - https:\/\/yoast.com\/product\/yoast-seo-premium-wordpress\/ -->\n<title>Famine en Afrique : o\u00f9 en sommes-nous en 2023 ? - ONE.org France<\/title>\n<meta name=\"description\" content=\"La famine en Afrique touche encore des millions de personnes chaque ann\u00e9e. Quels sont les principales causes et cons\u00e9quences d&#039;un tel d\u00e9sastre humain ?\" \/>\n<meta name=\"robots\" content=\"index, follow, max-snippet:-1, max-image-preview:large, max-video-preview:-1\" \/>\n<link rel=\"canonical\" href=\"https:\/\/www.one.org\/fr\/actualites\/famine-en-afrique-ou-en-sommes-nous-en-2023\/\" \/>\n<meta property=\"og:locale\" content=\"fr_FR\" \/>\n<meta property=\"og:type\" content=\"article\" \/>\n<meta property=\"og:title\" content=\"Famine en Afrique : o\u00f9 en sommes-nous en 2023 ?\" \/>\n<meta property=\"og:description\" content=\"La famine en Afrique touche encore des millions de personnes chaque ann\u00e9e. Quels sont les principales causes et cons\u00e9quences d&#039;un tel d\u00e9sastre humain ?\" \/>\n<meta property=\"og:url\" content=\"https:\/\/www.one.org\/fr\/actualites\/famine-en-afrique-ou-en-sommes-nous-en-2023\/\" \/>\n<meta property=\"og:site_name\" content=\"ONE.org France\" \/>\n<meta property=\"article:publisher\" content=\"https:\/\/www.facebook.com\/ONE.Fr\" \/>\n<meta property=\"article:published_time\" content=\"2023-03-23T08:46:26+00:00\" \/>\n<meta property=\"article:modified_time\" content=\"2024-04-23T12:31:43+00:00\" \/>\n<meta property=\"og:image\" content=\"https:\/\/www.one.org\/fr\/wp-content\/uploads\/sites\/4\/2023\/03\/RS1960_AGR-TA-090419-23-scaled-1.jpg\" \/>\n\t<meta property=\"og:image:width\" content=\"2560\" \/>\n\t<meta property=\"og:image:height\" content=\"2560\" \/>\n\t<meta property=\"og:image:type\" content=\"image\/jpeg\" \/>\n<meta name=\"twitter:card\" content=\"summary_large_image\" \/>\n<meta name=\"twitter:creator\" content=\"@one_fr\" \/>\n<meta name=\"twitter:site\" content=\"@one_fr\" \/>\n<meta name=\"twitter:label1\" content=\"Est. reading time\" \/>\n\t<meta name=\"twitter:data1\" content=\"9 minutes\" \/>\n<script type=\"application\/ld+json\" class=\"yoast-schema-graph\">{\"@context\":\"https:\/\/schema.org\",\"@graph\":[{\"@type\":\"Article\",\"@id\":\"https:\/\/www.one.org\/fr\/actualites\/famine-en-afrique-ou-en-sommes-nous-en-2023\/#article\",\"isPartOf\":{\"@id\":\"https:\/\/www.one.org\/fr\/actualites\/famine-en-afrique-ou-en-sommes-nous-en-2023\/\"},\"author\":{\"name\":\"\",\"@id\":\"\"},\"headline\":\"Famine en Afrique : o\u00f9 en sommes-nous en 2023 ?\",\"datePublished\":\"2023-03-23T08:46:26+00:00\",\"dateModified\":\"2024-04-23T12:31:43+00:00\",\"mainEntityOfPage\":{\"@id\":\"https:\/\/www.one.org\/fr\/actualites\/famine-en-afrique-ou-en-sommes-nous-en-2023\/\"},\"wordCount\":1769,\"commentCount\":0,\"image\":{\"@id\":\"https:\/\/www.one.org\/fr\/actualites\/famine-en-afrique-ou-en-sommes-nous-en-2023\/#primaryimage\"},\"thumbnailUrl\":\"https:\/\/www.one.org\/fr\/wp-content\/uploads\/sites\/4\/2023\/03\/RS1960_AGR-TA-090419-23-scaled-1.jpg\",\"articleSection\":[\"Analyse\"],\"inLanguage\":\"fr-FR\",\"potentialAction\":[{\"@type\":\"CommentAction\",\"name\":\"Comment\",\"target\":[\"https:\/\/www.one.org\/fr\/actualites\/famine-en-afrique-ou-en-sommes-nous-en-2023\/#respond\"]}]},{\"@type\":\"WebPage\",\"@id\":\"https:\/\/www.one.org\/fr\/actualites\/famine-en-afrique-ou-en-sommes-nous-en-2023\/\",\"url\":\"https:\/\/www.one.org\/fr\/actualites\/famine-en-afrique-ou-en-sommes-nous-en-2023\/\",\"name\":\"Famine en Afrique : o\u00f9 en sommes-nous en 2023 ? - ONE.org France\",\"isPartOf\":{\"@id\":\"https:\/\/www.one.org\/fr\/#website\"},\"primaryImageOfPage\":{\"@id\":\"https:\/\/www.one.org\/fr\/actualites\/famine-en-afrique-ou-en-sommes-nous-en-2023\/#primaryimage\"},\"image\":{\"@id\":\"https:\/\/www.one.org\/fr\/actualites\/famine-en-afrique-ou-en-sommes-nous-en-2023\/#primaryimage\"},\"thumbnailUrl\":\"https:\/\/www.one.org\/fr\/wp-content\/uploads\/sites\/4\/2023\/03\/RS1960_AGR-TA-090419-23-scaled-1.jpg\",\"datePublished\":\"2023-03-23T08:46:26+00:00\",\"dateModified\":\"2024-04-23T12:31:43+00:00\",\"author\":{\"@id\":\"\"},\"description\":\"La famine en Afrique touche encore des millions de personnes chaque ann\u00e9e. Quels sont les principales causes et cons\u00e9quences d'un tel d\u00e9sastre humain ?\",\"breadcrumb\":{\"@id\":\"https:\/\/www.one.org\/fr\/actualites\/famine-en-afrique-ou-en-sommes-nous-en-2023\/#breadcrumb\"},\"inLanguage\":\"fr-FR\",\"potentialAction\":[{\"@type\":\"ReadAction\",\"target\":[\"https:\/\/www.one.org\/fr\/actualites\/famine-en-afrique-ou-en-sommes-nous-en-2023\/\"]}]},{\"@type\":\"ImageObject\",\"inLanguage\":\"fr-FR\",\"@id\":\"https:\/\/www.one.org\/fr\/actualites\/famine-en-afrique-ou-en-sommes-nous-en-2023\/#primaryimage\",\"url\":\"https:\/\/www.one.org\/fr\/wp-content\/uploads\/sites\/4\/2023\/03\/RS1960_AGR-TA-090419-23-scaled-1.jpg\",\"contentUrl\":\"https:\/\/www.one.org\/fr\/wp-content\/uploads\/sites\/4\/2023\/03\/RS1960_AGR-TA-090419-23-scaled-1.jpg\",\"width\":2560,\"height\":2560},{\"@type\":\"BreadcrumbList\",\"@id\":\"https:\/\/www.one.org\/fr\/actualites\/famine-en-afrique-ou-en-sommes-nous-en-2023\/#breadcrumb\",\"itemListElement\":[{\"@type\":\"ListItem\",\"position\":1,\"name\":\"Home\",\"item\":\"https:\/\/www.one.org\/fr\/\"},{\"@type\":\"ListItem\",\"position\":2,\"name\":\"Famine en Afrique : o\u00f9 en sommes-nous en 2023 ?\"}]},{\"@type\":\"WebSite\",\"@id\":\"https:\/\/www.one.org\/fr\/#website\",\"url\":\"https:\/\/www.one.org\/fr\/\",\"name\":\"ONE.org\",\"description\":\"Cr\u00e9er des opportunit\u00e9s \u00e9conomiques et am\u00e9liorer la sant\u00e9 en Afrique\",\"potentialAction\":[{\"@type\":\"SearchAction\",\"target\":{\"@type\":\"EntryPoint\",\"urlTemplate\":\"https:\/\/www.one.org\/fr\/?s={search_term_string}\"},\"query-input\":{\"@type\":\"PropertyValueSpecification\",\"valueRequired\":true,\"valueName\":\"search_term_string\"}}],\"inLanguage\":\"fr-FR\"}]}<\/script>\n<!-- \/ Yoast SEO Premium plugin. -->","yoast_head_json":{"title":"Famine en Afrique : o\u00f9 en sommes-nous en 2023 ? - ONE.org France","description":"La famine en Afrique touche encore des millions de personnes chaque ann\u00e9e. Quels sont les principales causes et cons\u00e9quences d'un tel d\u00e9sastre humain ?","robots":{"index":"index","follow":"follow","max-snippet":"max-snippet:-1","max-image-preview":"max-image-preview:large","max-video-preview":"max-video-preview:-1"},"canonical":"https:\/\/www.one.org\/fr\/actualites\/famine-en-afrique-ou-en-sommes-nous-en-2023\/","og_locale":"fr_FR","og_type":"article","og_title":"Famine en Afrique : o\u00f9 en sommes-nous en 2023 ?","og_description":"La famine en Afrique touche encore des millions de personnes chaque ann\u00e9e. Quels sont les principales causes et cons\u00e9quences d'un tel d\u00e9sastre humain ?","og_url":"https:\/\/www.one.org\/fr\/actualites\/famine-en-afrique-ou-en-sommes-nous-en-2023\/","og_site_name":"ONE.org France","article_publisher":"https:\/\/www.facebook.com\/ONE.Fr","article_published_time":"2023-03-23T08:46:26+00:00","article_modified_time":"2024-04-23T12:31:43+00:00","og_image":[{"width":2560,"height":2560,"url":"https:\/\/www.one.org\/fr\/wp-content\/uploads\/sites\/4\/2023\/03\/RS1960_AGR-TA-090419-23-scaled-1.jpg","type":"image\/jpeg"}],"twitter_card":"summary_large_image","twitter_creator":"@one_fr","twitter_site":"@one_fr","twitter_misc":{"Est. reading time":"9 minutes"},"schema":{"@context":"https:\/\/schema.org","@graph":[{"@type":"Article","@id":"https:\/\/www.one.org\/fr\/actualites\/famine-en-afrique-ou-en-sommes-nous-en-2023\/#article","isPartOf":{"@id":"https:\/\/www.one.org\/fr\/actualites\/famine-en-afrique-ou-en-sommes-nous-en-2023\/"},"author":{"name":"","@id":""},"headline":"Famine en Afrique : o\u00f9 en sommes-nous en 2023 ?","datePublished":"2023-03-23T08:46:26+00:00","dateModified":"2024-04-23T12:31:43+00:00","mainEntityOfPage":{"@id":"https:\/\/www.one.org\/fr\/actualites\/famine-en-afrique-ou-en-sommes-nous-en-2023\/"},"wordCount":1769,"commentCount":0,"image":{"@id":"https:\/\/www.one.org\/fr\/actualites\/famine-en-afrique-ou-en-sommes-nous-en-2023\/#primaryimage"},"thumbnailUrl":"https:\/\/www.one.org\/fr\/wp-content\/uploads\/sites\/4\/2023\/03\/RS1960_AGR-TA-090419-23-scaled-1.jpg","articleSection":["Analyse"],"inLanguage":"fr-FR","potentialAction":[{"@type":"CommentAction","name":"Comment","target":["https:\/\/www.one.org\/fr\/actualites\/famine-en-afrique-ou-en-sommes-nous-en-2023\/#respond"]}]},{"@type":"WebPage","@id":"https:\/\/www.one.org\/fr\/actualites\/famine-en-afrique-ou-en-sommes-nous-en-2023\/","url":"https:\/\/www.one.org\/fr\/actualites\/famine-en-afrique-ou-en-sommes-nous-en-2023\/","name":"Famine en Afrique : o\u00f9 en sommes-nous en 2023 ? - ONE.org France","isPartOf":{"@id":"https:\/\/www.one.org\/fr\/#website"},"primaryImageOfPage":{"@id":"https:\/\/www.one.org\/fr\/actualites\/famine-en-afrique-ou-en-sommes-nous-en-2023\/#primaryimage"},"image":{"@id":"https:\/\/www.one.org\/fr\/actualites\/famine-en-afrique-ou-en-sommes-nous-en-2023\/#primaryimage"},"thumbnailUrl":"https:\/\/www.one.org\/fr\/wp-content\/uploads\/sites\/4\/2023\/03\/RS1960_AGR-TA-090419-23-scaled-1.jpg","datePublished":"2023-03-23T08:46:26+00:00","dateModified":"2024-04-23T12:31:43+00:00","author":{"@id":""},"description":"La famine en Afrique touche encore des millions de personnes chaque ann\u00e9e. Quels sont les principales causes et cons\u00e9quences d'un tel d\u00e9sastre humain ?","breadcrumb":{"@id":"https:\/\/www.one.org\/fr\/actualites\/famine-en-afrique-ou-en-sommes-nous-en-2023\/#breadcrumb"},"inLanguage":"fr-FR","potentialAction":[{"@type":"ReadAction","target":["https:\/\/www.one.org\/fr\/actualites\/famine-en-afrique-ou-en-sommes-nous-en-2023\/"]}]},{"@type":"ImageObject","inLanguage":"fr-FR","@id":"https:\/\/www.one.org\/fr\/actualites\/famine-en-afrique-ou-en-sommes-nous-en-2023\/#primaryimage","url":"https:\/\/www.one.org\/fr\/wp-content\/uploads\/sites\/4\/2023\/03\/RS1960_AGR-TA-090419-23-scaled-1.jpg","contentUrl":"https:\/\/www.one.org\/fr\/wp-content\/uploads\/sites\/4\/2023\/03\/RS1960_AGR-TA-090419-23-scaled-1.jpg","width":2560,"height":2560},{"@type":"BreadcrumbList","@id":"https:\/\/www.one.org\/fr\/actualites\/famine-en-afrique-ou-en-sommes-nous-en-2023\/#breadcrumb","itemListElement":[{"@type":"ListItem","position":1,"name":"Home","item":"https:\/\/www.one.org\/fr\/"},{"@type":"ListItem","position":2,"name":"Famine en Afrique : o\u00f9 en sommes-nous en 2023 ?"}]},{"@type":"WebSite","@id":"https:\/\/www.one.org\/fr\/#website","url":"https:\/\/www.one.org\/fr\/","name":"ONE.org","description":"Cr\u00e9er des opportunit\u00e9s \u00e9conomiques et am\u00e9liorer la sant\u00e9 en Afrique","potentialAction":[{"@type":"SearchAction","target":{"@type":"EntryPoint","urlTemplate":"https:\/\/www.one.org\/fr\/?s={search_term_string}"},"query-input":{"@type":"PropertyValueSpecification","valueRequired":true,"valueName":"search_term_string"}}],"inLanguage":"fr-FR"}]}},"distributor_meta":false,"distributor_terms":false,"distributor_media":false,"distributor_original_site_name":"ONE.org France","distributor_original_site_url":"https:\/\/www.one.org\/fr","push-errors":false,"_links":{"self":[{"href":"https:\/\/www.one.org\/fr\/wp-json\/wp\/v2\/posts\/162637","targetHints":{"allow":["GET"]}}],"collection":[{"href":"https:\/\/www.one.org\/fr\/wp-json\/wp\/v2\/posts"}],"about":[{"href":"https:\/\/www.one.org\/fr\/wp-json\/wp\/v2\/types\/post"}],"replies":[{"embeddable":true,"href":"https:\/\/www.one.org\/fr\/wp-json\/wp\/v2\/comments?post=162637"}],"version-history":[{"count":0,"href":"https:\/\/www.one.org\/fr\/wp-json\/wp\/v2\/posts\/162637\/revisions"}],"wp:featuredmedia":[{"embeddable":true,"href":"https:\/\/www.one.org\/fr\/wp-json\/wp\/v2\/media\/162789"}],"wp:attachment":[{"href":"https:\/\/www.one.org\/fr\/wp-json\/wp\/v2\/media?parent=162637"}],"wp:term":[{"taxonomy":"category","embeddable":true,"href":"https:\/\/www.one.org\/fr\/wp-json\/wp\/v2\/categories?post=162637"},{"taxonomy":"post_tag","embeddable":true,"href":"https:\/\/www.one.org\/fr\/wp-json\/wp\/v2\/tags?post=162637"},{"taxonomy":"topic","embeddable":true,"href":"https:\/\/www.one.org\/fr\/wp-json\/wp\/v2\/topic?post=162637"},{"taxonomy":"contributor","embeddable":true,"href":"https:\/\/www.one.org\/fr\/wp-json\/wp\/v2\/contributor?post=162637"},{"taxonomy":"one_content_audience","embeddable":true,"href":"https:\/\/www.one.org\/fr\/wp-json\/wp\/v2\/one_content_audience?post=162637"},{"taxonomy":"one_content_type","embeddable":true,"href":"https:\/\/www.one.org\/fr\/wp-json\/wp\/v2\/one_content_type?post=162637"},{"taxonomy":"one_content_tone","embeddable":true,"href":"https:\/\/www.one.org\/fr\/wp-json\/wp\/v2\/one_content_tone?post=162637"}],"curies":[{"name":"wp","href":"https:\/\/api.w.org\/{rel}","templated":true}]}}