{"id":162632,"date":"2023-02-17T11:11:32","date_gmt":"2023-02-17T11:11:32","guid":{"rendered":"https:\/\/www.one.org\/fr\/la-plus-grande-democratie-dafrique-face-a-sa-plus-grande-epreuve\/"},"modified":"2024-04-23T12:31:56","modified_gmt":"2024-04-23T12:31:56","slug":"la-plus-grande-democratie-dafrique-face-a-sa-plus-grande-epreuve","status":"publish","type":"post","link":"https:\/\/www.one.org\/fr\/actualites\/la-plus-grande-democratie-dafrique-face-a-sa-plus-grande-epreuve\/","title":{"rendered":"La plus grande d\u00e9mocratie d&#8217;Afrique face \u00e0 sa plus grande \u00e9preuve"},"content":{"rendered":"<h4><em><a href=\"https:\/\/www.one.org\/fr\/nos-combats\/ondes-de-choc\/\">Inscrivez-vous<\/a> pour recevoir Ondes de choc, notre newsletter hebdomadaire pour suivre les cons&eacute;quences des diff&eacute;rentes crises actuelles (&eacute;conomique, sanitaire, alimentaire, climatique), notamment pour les pays d&rsquo;Afrique. Nous vous proposons des analyses pointues, succinctes et r&eacute;fl&eacute;chies de la part des experts de ONE.<\/em><\/h4>\n<p><em>Cette semaine dans Ondes de Choc : Nous nous penchons sur les prochaines &eacute;lections pr&eacute;sidentielles et l&eacute;gislatives au Nigeria et sur les d&eacute;fis auxquels le vainqueur devra faire face dans la plus grande d&eacute;mocratie d&rsquo;Afrique.<\/em><\/p>\n<p><strong>ACTUALITES<\/strong><\/p>\n<p><strong>Pour qui sonne le glas : <\/strong>Les Nig&eacute;rians se rendent aux urnes le 25 f&eacute;vrier pour &eacute;lire un nouveau pr&eacute;sident et un nouveau parlement, dans un scrutin que les experts qualifient de &laquo; <a href=\"https:\/\/www.bbc.com\/afrique\/region-64391677\">barom&egrave;tre<\/a> &raquo; pour la d&eacute;mocratie en Afrique. Des &eacute;lections auront lieu dans plus d&rsquo;une douzaine de pays africains l&rsquo;ann&eacute;e prochaine, mais aucune n&rsquo;aura autant d&rsquo;impact que celles du Nigeria, le pays le plus peupl&eacute; et la plus grande &eacute;conomie d&rsquo;Afrique. Avec pr&egrave;s de 24 ans de d&eacute;mocratie ininterrompue, le Nigeria rev&ecirc;t une importance particuli&egrave;re pour le continent, &agrave; la fois r&eacute;elle et symbolique, dans une r&eacute;gion en proie &agrave; l&rsquo;instabilit&eacute; politique et aux dirigeants qui s&rsquo;accrochent au pouvoir pendant des d&eacute;cennies. Il est inqui&eacute;tant de constater que les &eacute;lections se d&eacute;roulent dans un contexte de baisse de la satisfaction citoyenne &agrave; l&rsquo;&eacute;gard de la d&eacute;mocratie et des partis politiques. Au Nigeria, celle-ci a d&eacute;gringol&eacute; de <a href=\"https:\/\/www.afrobarometer.org\/\">20 points de pourcentage depuis 2018<\/a>, ce qui n&rsquo;est pas de tr&egrave;s bon augure.<\/p>\n<p><img decoding=\"async\" loading=\"lazy\" class=\"aligncenter size-full wp-image-161326\" src=\"https:\/\/cdn.one.org\/fr\/wp-content\/uploads\/2023\/02\/17110520\/Picture2.jpg\" alt=\"\" width=\"624\" height=\"399\"><\/p>\n<p><strong>Rencontrez les candidats :<\/strong> <a href=\"https:\/\/www.bbc.com\/news\/world-africa-64496042\">Dix-huit candidats<\/a> sont en lice pour devenir le prochain pr&eacute;sident du Nigeria et succ&eacute;der au pr&eacute;sident Muhammadu Buhari. Pour la premi&egrave;re fois dans l&rsquo;histoire du pays, aucun des principaux candidats <a href=\"https:\/\/www.theguardian.com\/world\/2023\/feb\/09\/african-democracy-nigeria-polls-presidential-election-fuel-shortages-currency\">n&rsquo;est un ancien officier militaire<\/a>. L&rsquo;attention du public se concentre sur quatre candidats principaux :<\/p>\n<ul>\n<li><a href=\"https:\/\/www.bbc.com\/afrique\/articles\/cz41e3xey42o\">Bola Tinubu<\/a>, du parti au pouvoir, le <em>All Progressives Congress <\/em>(Le congr&egrave;s progressif)<\/li>\n<li><a href=\"https:\/\/www.bbc.com\/afrique\/articles\/cw01dyw72d5o\">Atiku Abubakar<\/a>, du <em>Peoples Democratic Party<\/em> (parti d&eacute;mocratique du peuple) (opposition)<\/li>\n<li><a href=\"https:\/\/www.bbc.com\/afrique\/articles\/cn02gpl4136o\">Peter Obi<\/a>, un candidat dissident du Parti travailliste qui b&eacute;n&eacute;ficie d&rsquo;un fort soutien de la jeunesse<\/li>\n<li><a href=\"https:\/\/www.bbc.com\/afrique\/region-64554710\">Rabiu Kwankwaso<\/a>, du <em>New Nigeria Peoples Party<\/em> (nouveau parti du peuple nig&eacute;rian).<\/li>\n<\/ul>\n<p>Depuis le retour &agrave; un r&eacute;gime d&eacute;mocratique en 1999, les &eacute;lections pr&eacute;sidentielles ont toujours &eacute;t&eacute; une comp&eacute;tition bipartite entre l&rsquo;APC (<em>All Progressive Congress<\/em>) et le PDP (<em>Peoples Democratic Party<\/em>). Cette ann&eacute;e, cependant, la popularit&eacute; de deux autres candidats augmente la probabilit&eacute; d&rsquo;un sc&eacute;nario in&eacute;dit : <a href=\"https:\/\/www.stears.co\/article\/what-is-a-run-off-election-and-how-would-it-happen\/\">un second tour<\/a>.<\/p>\n<p><strong>Briser les normes :<\/strong> L&rsquo;&eacute;lection pourrait bouleverser <a href=\"https:\/\/theconversation.com\/nigerias-2023-presidential-election-10-factors-that-could-affect-the-outcome-195247\">deux traditions tacites de l&rsquo;&eacute;lection pr&eacute;sidentielle nig&eacute;riane<\/a> :<\/p>\n<ol>\n<li>Le pouvoir pr&eacute;sidentiel doit alterner tous les huit ans entre les r&eacute;gions du nord et du sud. Avec le d&eacute;part du pr&eacute;sident Buhari, originaire du nord, beaucoup insistent pour que son successeur soit originaire du sud. Or, deux des principaux candidats &ndash; Atiku Abubakar et Rabiu Kwankwaso &ndash; sont originaires du nord.<\/li>\n<li>La norme veut que le pr&eacute;sident et le vice-pr&eacute;sident ne partagent pas la m&ecirc;me religion, une question politiquement sensible dans un pays o&ugrave; le foss&eacute; entre chr&eacute;tiens et musulmans est tr&egrave;s marqu&eacute;. Bola Tinubu, un musulman, a choisi un colistier musulman, ce qui pourrait rompre ce fragile &eacute;quilibre.<\/li>\n<\/ol>\n<p><strong>Double peine :<\/strong> Les &eacute;lections se d&eacute;roulent dans un contexte de d&eacute;fis socio-&eacute;conomiques croissants. Les revenus p&eacute;troliers sont en baisse et le d&eacute;ficit budg&eacute;taire a plus que quadrupl&eacute; sous l&rsquo;administration Buhari. La <a href=\"https:\/\/www.agenceecofin.com\/actualites\/0202-105106-le-nigeria-conteste-la-degradation-surprise-de-sa-note-souveraine-par-moodys\">r&eacute;cente d&eacute;gradation de la note de cr&eacute;dit par Moody&rsquo;s<\/a> rendra probablement les emprunts futurs encore plus co&ucirc;teux et limitera davantage les d&eacute;penses publiques. Cette ann&eacute;e, 30 % du budget national sera consacr&eacute; au service de la dette du pays, soit plus du double des montants pr&eacute;vus pour l&rsquo;agriculture, l&rsquo;&eacute;ducation et la sant&eacute; r&eacute;unis. Pr&egrave;s des <a href=\"https:\/\/www.economist.com\/interactive\/middle-east-and-africa\/2023\/02\/14\/can-a-political-underdog-save-nigeria\">deux tiers de la population sont <\/a>en situation de &laquo; <a href=\"https:\/\/www.economist.com\/interactive\/middle-east-and-africa\/2023\/02\/14\/can-a-political-underdog-save-nigeria\">&nbsp;pauvret&eacute; multidimensionnelle<\/a> &raquo;, selon un indice qui prend en compte le revenu ainsi que d&rsquo;autres facteurs, tels que l&rsquo;&eacute;ducation, les soins de sant&eacute; et le logement. La population a &eacute;galement d&ucirc; faire face &agrave; des <a href=\"https:\/\/www.lemonde.fr\/afrique\/article\/2023\/02\/09\/au-nigeria-les-penuries-de-cash-et-de-carburant-pesent-sur-la-campagne-presidentielle_6161188_3212.html\">p&eacute;nuries de carburant<\/a> et de <a href=\"https:\/\/www.lemonde.fr\/afrique\/article\/2023\/02\/09\/au-nigeria-les-penuries-de-cash-et-de-carburant-pesent-sur-la-campagne-presidentielle_6161188_3212.html\">liquidit&eacute;<\/a>. Il n&rsquo;est donc pas &eacute;tonnant que plus de huit Nig&eacute;rians sur dix estiment que l&rsquo;&eacute;conomie du pays est en mauvaise posture. Une <a href=\"https:\/\/twitter.com\/David_McNair\/status\/1625969183954534401?s=20\">direction plus ambitieuse de la Banque mondiale<\/a> aiderait peut-&ecirc;tre le Nigeria &agrave; relever ses nombreux d&eacute;fis&hellip;. &#128591;&#127997;<\/p>\n<p><img decoding=\"async\" loading=\"lazy\" class=\"aligncenter size-full wp-image-161325\" src=\"https:\/\/cdn.one.org\/fr\/wp-content\/uploads\/2023\/02\/17110516\/Picture1.jpg\" alt=\"\" width=\"624\" height=\"396\"><\/p>\n<p><strong>Un sentiment d&rsquo;ins&eacute;curit&eacute; :<\/strong> La question de l&rsquo;ins&eacute;curit&eacute; sera au c&oelig;ur des pr&eacute;occupations des Nig&eacute;rians qui se rendront (ou pas) aux urnes la semaine prochaine. Les probl&egrave;mes de s&eacute;curit&eacute; du pays se sont multipli&eacute;s ces derni&egrave;res ann&eacute;es. Les &Eacute;tats du nord sont en proie &agrave; des conflits de longue date avec des groupes djihadistes violents, des gangs criminels, et d&rsquo;autres groupes arm&eacute;s qui <a href=\"https:\/\/allafrica.com\/stories\/202302020219.html\">s&rsquo;en prennent aux communaut&eacute;s locales<\/a>. Dans le sud, les agriculteurs et les &eacute;leveurs sont en proie &agrave; des violences permanentes, et des <a href=\"https:\/\/www.cfr.org\/article\/whats-behind-growing-separatism-nigeria\">campagnes s&eacute;paratistes sont en cours<\/a>. Pour la premi&egrave;re fois depuis le premier Afrobarom&egrave;tre r&eacute;alis&eacute; au Nigeria en 2000, la criminalit&eacute; et la s&eacute;curit&eacute; ont &eacute;t&eacute; cit&eacute;es comme les probl&egrave;mes les plus importants par une majorit&eacute; des personnes interrog&eacute;es en 2022, avant le ch&ocirc;mage et l&rsquo;&eacute;conomie. Tous les principaux candidats &agrave; la pr&eacute;sidence ont promis de s&rsquo;attaquer &agrave; ces probl&egrave;mes. Mais cela fait plus de dix ans que les politiciens nig&eacute;rians le promettent, et &eacute;chouent.<\/p>\n<p><strong>Le travail ou le japa :<\/strong> Beaucoup (trop) d&rsquo;&eacute;lecteurs qui se rendront aux urnes la semaine prochaine sont sans emploi. Un Nig&eacute;rian sur trois en &acirc;ge de travailler &eacute;tait au ch&ocirc;mage en 2020, et ce chiffre est probablement beaucoup plus &eacute;lev&eacute; aujourd&rsquo;hui. La plupart des Nig&eacute;rians gagnent &agrave; peine de quoi couvrir leurs besoins primaires : <a href=\"https:\/\/ilostat.ilo.org\/topics\/working-poverty\/\">34 % des Nig&eacute;rians ayant un emploi sont extr&ecirc;mement pauvres<\/a>. Les jeunes sont touch&eacute;s de mani&egrave;re disproportionn&eacute;e par le ch&ocirc;mage : la moiti&eacute; <a href=\"https:\/\/nigerianstat.gov.ng\/news\/78\">sont sans emploi<\/a>, un facteur dont le candidat &agrave; la pr&eacute;sidentielle Peter Obi a tir&eacute; parti pour s&rsquo;assurer <a href=\"https:\/\/twitter.com\/PeterObi\/status\/1577945342259216384\">un fort soutien de la jeunesse<\/a>. Face &agrave; la r&eacute;alit&eacute; du march&eacute; du travail, des millions de Nig&eacute;rians <a href=\"https:\/\/www.premiumtimesng.com\/opinion\/editorial\/580156-editorial-japa-citizens-mass-exodus-a-reality-check-for-nigeria.html\">choisissent de quitter le pays<\/a>. La derni&egrave;re vague d&rsquo;&eacute;migration est commun&eacute;ment appel&eacute;e &laquo; japa &raquo;, un mot yoruba qui signifie &laquo; courir, fuir ou s&rsquo;&eacute;chapper &raquo;.<\/p>\n<p><strong>Les jeunes ont le vent en poupe :<\/strong> Les jeunes Nig&eacute;rians se sont impos&eacute;s comme une <a href=\"https:\/\/fr.africanews.com\/2023\/01\/17\/nigeria-carte-delecteur-en-main-la-jeunesse-sengage-pour-lavenir\/\">force potentiellement redoutable<\/a> dans cette &eacute;lection. Les Nig&eacute;rians &acirc;g&eacute;s de 18 &agrave; 34 ans repr&eacute;sentent 40 % des quelque 93 millions d&rsquo;&eacute;lecteurs, suivis de pr&egrave;s par les 35-49 ans, qui repr&eacute;sentent 36 % du corps &eacute;lectoral. Beaucoup attribuent le <a href=\"https:\/\/www.aljazeera.com\/features\/2023\/2\/13\/how-nigerian-youths-are-galvanising-for-the-presidential-vote\">fort engagement politique des jeunes Nig&eacute;rians<\/a> au mouvement #EndSARS de 2020, qui a indign&eacute; et mobilis&eacute; de nombreux jeunes. Mais ne cherchez pas la jeunesse sur le bulletin de vote cette ann&eacute;e. Dans un pays o&ugrave; l&rsquo;&acirc;ge m&eacute;dian est de 18 ans, seul un des principaux candidats &agrave; la pr&eacute;sidence, Peter Obi (61 ans), a moins de 65 ans.<\/p>\n<p><strong>Le pouvoir des femmes (en panne) :<\/strong> Si la question de l&rsquo;inclusion des femmes figure dans <a href=\"https:\/\/twitter.com\/CivicHive\/status\/1625786666009886720\">les programmes des candidats &agrave; la pr&eacute;sidentielle<\/a>, la participation r&eacute;elle des femmes aux &eacute;lections fait cruellement d&eacute;faut. Un seul des 18 candidats est une femme, et <a href=\"https:\/\/www.lemonde.fr\/afrique\/article\/2023\/02\/14\/au-nigeria-le-parcours-du-combattant-des-rares-femmes-candidates-aux-elections_6161773_3212.html\">celles-ci ne briguent que 9 % des si&egrave;ges aux &eacute;lections l&eacute;gislatives<\/a>. Ce dernier chiffre ne laisse rien pr&eacute;sager de bon pour changer la (mauvaise) r&eacute;putation du Nigeria, qui est le pays africain <a href=\"https:\/\/twitter.com\/PortiaCrowe\/status\/1624474925846220800\">comptant le moins de femmes au Parlement<\/a>. La politique n&rsquo;est pas le seul domaine dans lequel les femmes nig&eacute;rianes sont mises &agrave; l&rsquo;&eacute;cart : seuls <a href=\"https:\/\/www.afrobarometer.org\/articles\/nigerian-women-face-persistent-disadvantages-rate-government-efforts-to-close-gender-gaps-poorly\/\">26 % des citoyens<\/a> affirment que le gouvernement fait un bon travail en mati&egrave;re de promotion de l&rsquo;&eacute;galit&eacute; des droits et des chances pour les femmes.<\/p>\n<p><strong>(In)s&eacute;curit&eacute; &eacute;lectorale :<\/strong> La Commission &eacute;lectorale nationale ind&eacute;pendante (CENI) est confront&eacute;e &agrave; de <a href=\"https:\/\/punchng.com\/naira-crisis-may-disrupt-polls-inec-warns-emefiele-nsa\/\">multiples obstacles<\/a> dans ses efforts pour superviser des &eacute;lections libres, &eacute;quitables et cr&eacute;dibles. Les p&eacute;nuries de carburant et de liquidit&eacute; perturbent la pr&eacute;paration du personnel de la CENI et des observateurs &eacute;lectoraux ind&eacute;pendants, et <a href=\"https:\/\/www.blueprint.ng\/2023-elections-cso-laments-scarcity-of-naira-notes-fuel-others\/\">risque de freiner la participation des &eacute;lecteurs<\/a>. L&rsquo;ins&eacute;curit&eacute; et la menace de violences pourraient <a href=\"https:\/\/www.reuters.com\/world\/africa\/nigeria-wont-use-240-new-polling-units-due-insecurity-electoral-commission-2023-02-13\/\">r&eacute;duire la participation<\/a>, perturber le <a href=\"https:\/\/cpj.org\/2023\/02\/like-going-to-the-war-front-nigerian-journalists-offer-tips-for-covering-2023-elections\/\">travail des journalistes<\/a> et affaiblir la confiance des citoyens dans le processus &eacute;lectoral. On ne sait pas non plus comment les <a href=\"https:\/\/www.unhcr.org\/en-us\/nigeria-emergency.html\">3 millions de personnes d&eacute;plac&eacute;es &agrave; l&rsquo;int&eacute;rieur du pays<\/a> voteront. La CENI jouera donc un r&ocirc;le essentiel dans cette &eacute;lection, qui sera suivie de pr&egrave;s.<\/p>\n<p><strong>L&rsquo;&Eacute;QUIPE DE ONE EN ACTION :&nbsp;<\/strong><\/p>\n<ul>\n<li>Najat Vallaud-Belkacem, directrice de ONE en France, &eacute;tait l&rsquo;invit&eacute;e de Cartman sur son &eacute;mission de Fun Radio pour parler des actions de ONE ainsi que de notre hymne &agrave; la solidarit&eacute;. <a href=\"https:\/\/www.dailymotion.com\/video\/x8i6h7d\">Retrouvez le replay ici<\/a>.<\/li>\n<li>Aujourd&rsquo;hui, une personne sur dix dans le monde est sous-aliment&eacute;e. La guerre en Ukraine, l&rsquo;inflation et les chocs climatiques ne font qu&rsquo;empirer la situation. <a href=\"https:\/\/www.instagram.com\/p\/CosO5kvvRsJ\/\">D&eacute;couvrez 7 choses &agrave; savoir sur la crise alimentaire mondiale actuelle<\/a>.<\/li>\n<li>Ma&eacute; Kurkjian, Responsable Plaidoyer de ONE en France, d&eacute;taille les objectifs que le sommet de Paris sur &laquo; un nouveau pacte financier mondial &raquo; de juin prochain doit atteindre pour &ecirc;tre une r&eacute;ussite dans <a href=\"https:\/\/www.devex.com\/news\/exclusive-macron-s-global-finance-to-do-list-for-june-summit-104896\">Devex<\/a>.<\/li>\n<\/ul>\n<p><strong>LES CHIFFRES :<\/strong><\/p>\n<ul>\n<li><strong><strong>9,4 millions : <\/strong><\/strong>C&rsquo;est le nombre de nouveaux &eacute;lecteurs inscrits sur les listes &eacute;lectorales nig&eacute;rianes, soit une augmentation de 11,3 % par rapport &agrave; 2019.<\/li>\n<\/ul>\n<ul>\n<li><strong>40,6 milliards de dollars : <\/strong>Le montant de l&rsquo;augmentation des <a href=\"https:\/\/www.visionofhumanity.org\/wp-content\/uploads\/2021\/06\/GPI-2021-web-1.pdf\">impacts &eacute;conomiques de la violence<\/a> au Nigeria entre 2019 et 2020.<\/li>\n<\/ul>\n<ul>\n<li><strong>3x :<\/strong> Le montant estim&eacute; du <a href=\"https:\/\/www.premiumtimesng.com\/news\/top-news\/556940-campaign-finance-inec-fails-to-sanction-apc-pdp-others-for-violating-nigerias-laws.html?tztc=1\">d&eacute;passement du plafond des d&eacute;penses &eacute;lectorales<\/a> par les candidats &agrave; la pr&eacute;sidentielle lors des &eacute;lections de 2019.<\/li>\n<\/ul>\n<ul>\n<li><strong>11 : <\/strong>Le nombre d&rsquo;Objectifs de D&eacute;veloppement Durable que <a href=\"https:\/\/www.afrobarometer.org\/wp-content\/uploads\/2022\/02\/nigeria_sdg_scorecard_2021-afrobarometer-19may21.pdf\">le gouvernement n&rsquo;a pas atteint <\/a>d&rsquo;apr&egrave;s les Nig&eacute;rians.<\/li>\n<\/ul>\n<div class=\"buffer\"><\/div>\n<div class=\"buffer\"><\/div>","protected":false},"excerpt":{"rendered":"<p>Inscrivez-vous pour recevoir Ondes de choc, notre newsletter hebdomadaire pour suivre les cons&eacute;quences des diff&eacute;rentes crises actuelles (&eacute;conomique, sanitaire, alimentaire, climatique), notamment pour les pays d&rsquo;Afrique. Nous vous proposons des analyses pointues, succinctes et r&eacute;fl&eacute;chies de la part des experts de ONE. Cette semaine dans Ondes de Choc : Nous nous penchons sur les prochaines [&hellip;]<\/p>\n","protected":false},"author":0,"featured_media":162807,"comment_status":"open","ping_status":"open","sticky":false,"template":"","format":"standard","meta":{"_acf_changed":false,"_relevanssi_hide_post":"","_relevanssi_hide_content":"","_relevanssi_pin_for_all":"","_relevanssi_pin_keywords":"","_relevanssi_unpin_keywords":"","_relevanssi_related_keywords":"","_relevanssi_related_include_ids":"","_relevanssi_related_exclude_ids":"","_relevanssi_related_no_append":"","_relevanssi_related_not_related":"","_relevanssi_related_posts":"","_relevanssi_noindex_reason":"","footnotes":""},"categories":[91],"tags":[],"topic":[83,86],"contributor":[33],"one_content_audience":[],"one_content_type":[],"one_content_tone":[],"class_list":["post-162632","post","type-post","status-publish","format-standard","has-post-thumbnail","hentry","category-donnees","topic-election-presidentielle","topic-ondes-de-choc","contributor-one-france"],"acf":[],"yoast_head":"<!-- This site is optimized with the Yoast SEO Premium plugin v27.1 (Yoast SEO v27.1.1) - https:\/\/yoast.com\/product\/yoast-seo-premium-wordpress\/ -->\n<title>La plus grande d\u00e9mocratie d&#039;Afrique face \u00e0 sa plus grande \u00e9preuve - ONE.org France<\/title>\n<meta name=\"description\" content=\"Cette semaine dans Ondes de Choc : Nous nous penchons sur les prochaines \u00e9lections pr\u00e9sidentielles et l\u00e9gislatives au Nigeria.\" \/>\n<meta name=\"robots\" content=\"index, follow, max-snippet:-1, max-image-preview:large, max-video-preview:-1\" \/>\n<link rel=\"canonical\" href=\"https:\/\/www.one.org\/fr\/actualites\/la-plus-grande-democratie-dafrique-face-a-sa-plus-grande-epreuve\/\" \/>\n<meta property=\"og:locale\" content=\"fr_FR\" \/>\n<meta property=\"og:type\" content=\"article\" \/>\n<meta property=\"og:title\" content=\"La plus grande d\u00e9mocratie d&#039;Afrique face \u00e0 sa plus grande \u00e9preuve\" \/>\n<meta property=\"og:description\" content=\"Cette semaine dans Ondes de Choc : Nous nous penchons sur les prochaines \u00e9lections pr\u00e9sidentielles et l\u00e9gislatives au Nigeria.\" \/>\n<meta property=\"og:url\" content=\"https:\/\/www.one.org\/fr\/actualites\/la-plus-grande-democratie-dafrique-face-a-sa-plus-grande-epreuve\/\" \/>\n<meta property=\"og:site_name\" content=\"ONE.org France\" \/>\n<meta property=\"article:publisher\" content=\"https:\/\/www.facebook.com\/ONE.Fr\" \/>\n<meta property=\"article:published_time\" content=\"2023-02-17T11:11:32+00:00\" \/>\n<meta property=\"article:modified_time\" content=\"2024-04-23T12:31:56+00:00\" \/>\n<meta property=\"og:image\" content=\"https:\/\/www.one.org\/fr\/wp-content\/uploads\/sites\/4\/2023\/02\/Aftershock_2021_FeaturedImage_1200x1200_en_4.jpg\" \/>\n\t<meta property=\"og:image:width\" content=\"1201\" \/>\n\t<meta property=\"og:image:height\" content=\"1201\" \/>\n\t<meta property=\"og:image:type\" content=\"image\/jpeg\" \/>\n<meta name=\"twitter:card\" content=\"summary_large_image\" \/>\n<meta name=\"twitter:creator\" content=\"@one_fr\" \/>\n<meta name=\"twitter:site\" content=\"@one_fr\" \/>\n<meta name=\"twitter:label1\" content=\"Est. reading time\" \/>\n\t<meta name=\"twitter:data1\" content=\"10 minutes\" \/>\n<script type=\"application\/ld+json\" class=\"yoast-schema-graph\">{\"@context\":\"https:\/\/schema.org\",\"@graph\":[{\"@type\":\"Article\",\"@id\":\"https:\/\/www.one.org\/fr\/actualites\/la-plus-grande-democratie-dafrique-face-a-sa-plus-grande-epreuve\/#article\",\"isPartOf\":{\"@id\":\"https:\/\/www.one.org\/fr\/actualites\/la-plus-grande-democratie-dafrique-face-a-sa-plus-grande-epreuve\/\"},\"author\":{\"name\":\"\",\"@id\":\"\"},\"headline\":\"La plus grande d\u00e9mocratie d&#8217;Afrique face \u00e0 sa plus grande \u00e9preuve\",\"datePublished\":\"2023-02-17T11:11:32+00:00\",\"dateModified\":\"2024-04-23T12:31:56+00:00\",\"mainEntityOfPage\":{\"@id\":\"https:\/\/www.one.org\/fr\/actualites\/la-plus-grande-democratie-dafrique-face-a-sa-plus-grande-epreuve\/\"},\"wordCount\":2006,\"commentCount\":0,\"image\":{\"@id\":\"https:\/\/www.one.org\/fr\/actualites\/la-plus-grande-democratie-dafrique-face-a-sa-plus-grande-epreuve\/#primaryimage\"},\"thumbnailUrl\":\"https:\/\/www.one.org\/fr\/wp-content\/uploads\/sites\/4\/2023\/02\/Aftershock_2021_FeaturedImage_1200x1200_en_4.jpg\",\"articleSection\":[\"Donn\u00e9es\"],\"inLanguage\":\"fr-FR\",\"potentialAction\":[{\"@type\":\"CommentAction\",\"name\":\"Comment\",\"target\":[\"https:\/\/www.one.org\/fr\/actualites\/la-plus-grande-democratie-dafrique-face-a-sa-plus-grande-epreuve\/#respond\"]}]},{\"@type\":\"WebPage\",\"@id\":\"https:\/\/www.one.org\/fr\/actualites\/la-plus-grande-democratie-dafrique-face-a-sa-plus-grande-epreuve\/\",\"url\":\"https:\/\/www.one.org\/fr\/actualites\/la-plus-grande-democratie-dafrique-face-a-sa-plus-grande-epreuve\/\",\"name\":\"La plus grande d\u00e9mocratie d'Afrique face \u00e0 sa plus grande \u00e9preuve - ONE.org France\",\"isPartOf\":{\"@id\":\"https:\/\/www.one.org\/fr\/#website\"},\"primaryImageOfPage\":{\"@id\":\"https:\/\/www.one.org\/fr\/actualites\/la-plus-grande-democratie-dafrique-face-a-sa-plus-grande-epreuve\/#primaryimage\"},\"image\":{\"@id\":\"https:\/\/www.one.org\/fr\/actualites\/la-plus-grande-democratie-dafrique-face-a-sa-plus-grande-epreuve\/#primaryimage\"},\"thumbnailUrl\":\"https:\/\/www.one.org\/fr\/wp-content\/uploads\/sites\/4\/2023\/02\/Aftershock_2021_FeaturedImage_1200x1200_en_4.jpg\",\"datePublished\":\"2023-02-17T11:11:32+00:00\",\"dateModified\":\"2024-04-23T12:31:56+00:00\",\"author\":{\"@id\":\"\"},\"description\":\"Cette semaine dans Ondes de Choc : Nous nous penchons sur les prochaines \u00e9lections pr\u00e9sidentielles et l\u00e9gislatives au Nigeria.\",\"breadcrumb\":{\"@id\":\"https:\/\/www.one.org\/fr\/actualites\/la-plus-grande-democratie-dafrique-face-a-sa-plus-grande-epreuve\/#breadcrumb\"},\"inLanguage\":\"fr-FR\",\"potentialAction\":[{\"@type\":\"ReadAction\",\"target\":[\"https:\/\/www.one.org\/fr\/actualites\/la-plus-grande-democratie-dafrique-face-a-sa-plus-grande-epreuve\/\"]}]},{\"@type\":\"ImageObject\",\"inLanguage\":\"fr-FR\",\"@id\":\"https:\/\/www.one.org\/fr\/actualites\/la-plus-grande-democratie-dafrique-face-a-sa-plus-grande-epreuve\/#primaryimage\",\"url\":\"https:\/\/www.one.org\/fr\/wp-content\/uploads\/sites\/4\/2023\/02\/Aftershock_2021_FeaturedImage_1200x1200_en_4.jpg\",\"contentUrl\":\"https:\/\/www.one.org\/fr\/wp-content\/uploads\/sites\/4\/2023\/02\/Aftershock_2021_FeaturedImage_1200x1200_en_4.jpg\",\"width\":1201,\"height\":1201},{\"@type\":\"BreadcrumbList\",\"@id\":\"https:\/\/www.one.org\/fr\/actualites\/la-plus-grande-democratie-dafrique-face-a-sa-plus-grande-epreuve\/#breadcrumb\",\"itemListElement\":[{\"@type\":\"ListItem\",\"position\":1,\"name\":\"Home\",\"item\":\"https:\/\/www.one.org\/fr\/\"},{\"@type\":\"ListItem\",\"position\":2,\"name\":\"La plus grande d\u00e9mocratie d&#8217;Afrique face \u00e0 sa plus grande \u00e9preuve\"}]},{\"@type\":\"WebSite\",\"@id\":\"https:\/\/www.one.org\/fr\/#website\",\"url\":\"https:\/\/www.one.org\/fr\/\",\"name\":\"ONE.org\",\"description\":\"Cr\u00e9er des opportunit\u00e9s \u00e9conomiques et am\u00e9liorer la sant\u00e9 en Afrique\",\"potentialAction\":[{\"@type\":\"SearchAction\",\"target\":{\"@type\":\"EntryPoint\",\"urlTemplate\":\"https:\/\/www.one.org\/fr\/?s={search_term_string}\"},\"query-input\":{\"@type\":\"PropertyValueSpecification\",\"valueRequired\":true,\"valueName\":\"search_term_string\"}}],\"inLanguage\":\"fr-FR\"}]}<\/script>\n<!-- \/ Yoast SEO Premium plugin. -->","yoast_head_json":{"title":"La plus grande d\u00e9mocratie d'Afrique face \u00e0 sa plus grande \u00e9preuve - ONE.org France","description":"Cette semaine dans Ondes de Choc : Nous nous penchons sur les prochaines \u00e9lections pr\u00e9sidentielles et l\u00e9gislatives au Nigeria.","robots":{"index":"index","follow":"follow","max-snippet":"max-snippet:-1","max-image-preview":"max-image-preview:large","max-video-preview":"max-video-preview:-1"},"canonical":"https:\/\/www.one.org\/fr\/actualites\/la-plus-grande-democratie-dafrique-face-a-sa-plus-grande-epreuve\/","og_locale":"fr_FR","og_type":"article","og_title":"La plus grande d\u00e9mocratie d'Afrique face \u00e0 sa plus grande \u00e9preuve","og_description":"Cette semaine dans Ondes de Choc : Nous nous penchons sur les prochaines \u00e9lections pr\u00e9sidentielles et l\u00e9gislatives au Nigeria.","og_url":"https:\/\/www.one.org\/fr\/actualites\/la-plus-grande-democratie-dafrique-face-a-sa-plus-grande-epreuve\/","og_site_name":"ONE.org France","article_publisher":"https:\/\/www.facebook.com\/ONE.Fr","article_published_time":"2023-02-17T11:11:32+00:00","article_modified_time":"2024-04-23T12:31:56+00:00","og_image":[{"width":1201,"height":1201,"url":"https:\/\/www.one.org\/fr\/wp-content\/uploads\/sites\/4\/2023\/02\/Aftershock_2021_FeaturedImage_1200x1200_en_4.jpg","type":"image\/jpeg"}],"twitter_card":"summary_large_image","twitter_creator":"@one_fr","twitter_site":"@one_fr","twitter_misc":{"Est. reading time":"10 minutes"},"schema":{"@context":"https:\/\/schema.org","@graph":[{"@type":"Article","@id":"https:\/\/www.one.org\/fr\/actualites\/la-plus-grande-democratie-dafrique-face-a-sa-plus-grande-epreuve\/#article","isPartOf":{"@id":"https:\/\/www.one.org\/fr\/actualites\/la-plus-grande-democratie-dafrique-face-a-sa-plus-grande-epreuve\/"},"author":{"name":"","@id":""},"headline":"La plus grande d\u00e9mocratie d&#8217;Afrique face \u00e0 sa plus grande \u00e9preuve","datePublished":"2023-02-17T11:11:32+00:00","dateModified":"2024-04-23T12:31:56+00:00","mainEntityOfPage":{"@id":"https:\/\/www.one.org\/fr\/actualites\/la-plus-grande-democratie-dafrique-face-a-sa-plus-grande-epreuve\/"},"wordCount":2006,"commentCount":0,"image":{"@id":"https:\/\/www.one.org\/fr\/actualites\/la-plus-grande-democratie-dafrique-face-a-sa-plus-grande-epreuve\/#primaryimage"},"thumbnailUrl":"https:\/\/www.one.org\/fr\/wp-content\/uploads\/sites\/4\/2023\/02\/Aftershock_2021_FeaturedImage_1200x1200_en_4.jpg","articleSection":["Donn\u00e9es"],"inLanguage":"fr-FR","potentialAction":[{"@type":"CommentAction","name":"Comment","target":["https:\/\/www.one.org\/fr\/actualites\/la-plus-grande-democratie-dafrique-face-a-sa-plus-grande-epreuve\/#respond"]}]},{"@type":"WebPage","@id":"https:\/\/www.one.org\/fr\/actualites\/la-plus-grande-democratie-dafrique-face-a-sa-plus-grande-epreuve\/","url":"https:\/\/www.one.org\/fr\/actualites\/la-plus-grande-democratie-dafrique-face-a-sa-plus-grande-epreuve\/","name":"La plus grande d\u00e9mocratie d'Afrique face \u00e0 sa plus grande \u00e9preuve - ONE.org France","isPartOf":{"@id":"https:\/\/www.one.org\/fr\/#website"},"primaryImageOfPage":{"@id":"https:\/\/www.one.org\/fr\/actualites\/la-plus-grande-democratie-dafrique-face-a-sa-plus-grande-epreuve\/#primaryimage"},"image":{"@id":"https:\/\/www.one.org\/fr\/actualites\/la-plus-grande-democratie-dafrique-face-a-sa-plus-grande-epreuve\/#primaryimage"},"thumbnailUrl":"https:\/\/www.one.org\/fr\/wp-content\/uploads\/sites\/4\/2023\/02\/Aftershock_2021_FeaturedImage_1200x1200_en_4.jpg","datePublished":"2023-02-17T11:11:32+00:00","dateModified":"2024-04-23T12:31:56+00:00","author":{"@id":""},"description":"Cette semaine dans Ondes de Choc : Nous nous penchons sur les prochaines \u00e9lections pr\u00e9sidentielles et l\u00e9gislatives au Nigeria.","breadcrumb":{"@id":"https:\/\/www.one.org\/fr\/actualites\/la-plus-grande-democratie-dafrique-face-a-sa-plus-grande-epreuve\/#breadcrumb"},"inLanguage":"fr-FR","potentialAction":[{"@type":"ReadAction","target":["https:\/\/www.one.org\/fr\/actualites\/la-plus-grande-democratie-dafrique-face-a-sa-plus-grande-epreuve\/"]}]},{"@type":"ImageObject","inLanguage":"fr-FR","@id":"https:\/\/www.one.org\/fr\/actualites\/la-plus-grande-democratie-dafrique-face-a-sa-plus-grande-epreuve\/#primaryimage","url":"https:\/\/www.one.org\/fr\/wp-content\/uploads\/sites\/4\/2023\/02\/Aftershock_2021_FeaturedImage_1200x1200_en_4.jpg","contentUrl":"https:\/\/www.one.org\/fr\/wp-content\/uploads\/sites\/4\/2023\/02\/Aftershock_2021_FeaturedImage_1200x1200_en_4.jpg","width":1201,"height":1201},{"@type":"BreadcrumbList","@id":"https:\/\/www.one.org\/fr\/actualites\/la-plus-grande-democratie-dafrique-face-a-sa-plus-grande-epreuve\/#breadcrumb","itemListElement":[{"@type":"ListItem","position":1,"name":"Home","item":"https:\/\/www.one.org\/fr\/"},{"@type":"ListItem","position":2,"name":"La plus grande d\u00e9mocratie d&#8217;Afrique face \u00e0 sa plus grande \u00e9preuve"}]},{"@type":"WebSite","@id":"https:\/\/www.one.org\/fr\/#website","url":"https:\/\/www.one.org\/fr\/","name":"ONE.org","description":"Cr\u00e9er des opportunit\u00e9s \u00e9conomiques et am\u00e9liorer la sant\u00e9 en Afrique","potentialAction":[{"@type":"SearchAction","target":{"@type":"EntryPoint","urlTemplate":"https:\/\/www.one.org\/fr\/?s={search_term_string}"},"query-input":{"@type":"PropertyValueSpecification","valueRequired":true,"valueName":"search_term_string"}}],"inLanguage":"fr-FR"}]}},"distributor_meta":false,"distributor_terms":false,"distributor_media":false,"distributor_original_site_name":"ONE.org France","distributor_original_site_url":"https:\/\/www.one.org\/fr","push-errors":false,"_links":{"self":[{"href":"https:\/\/www.one.org\/fr\/wp-json\/wp\/v2\/posts\/162632","targetHints":{"allow":["GET"]}}],"collection":[{"href":"https:\/\/www.one.org\/fr\/wp-json\/wp\/v2\/posts"}],"about":[{"href":"https:\/\/www.one.org\/fr\/wp-json\/wp\/v2\/types\/post"}],"replies":[{"embeddable":true,"href":"https:\/\/www.one.org\/fr\/wp-json\/wp\/v2\/comments?post=162632"}],"version-history":[{"count":0,"href":"https:\/\/www.one.org\/fr\/wp-json\/wp\/v2\/posts\/162632\/revisions"}],"wp:featuredmedia":[{"embeddable":true,"href":"https:\/\/www.one.org\/fr\/wp-json\/wp\/v2\/media\/162807"}],"wp:attachment":[{"href":"https:\/\/www.one.org\/fr\/wp-json\/wp\/v2\/media?parent=162632"}],"wp:term":[{"taxonomy":"category","embeddable":true,"href":"https:\/\/www.one.org\/fr\/wp-json\/wp\/v2\/categories?post=162632"},{"taxonomy":"post_tag","embeddable":true,"href":"https:\/\/www.one.org\/fr\/wp-json\/wp\/v2\/tags?post=162632"},{"taxonomy":"topic","embeddable":true,"href":"https:\/\/www.one.org\/fr\/wp-json\/wp\/v2\/topic?post=162632"},{"taxonomy":"contributor","embeddable":true,"href":"https:\/\/www.one.org\/fr\/wp-json\/wp\/v2\/contributor?post=162632"},{"taxonomy":"one_content_audience","embeddable":true,"href":"https:\/\/www.one.org\/fr\/wp-json\/wp\/v2\/one_content_audience?post=162632"},{"taxonomy":"one_content_type","embeddable":true,"href":"https:\/\/www.one.org\/fr\/wp-json\/wp\/v2\/one_content_type?post=162632"},{"taxonomy":"one_content_tone","embeddable":true,"href":"https:\/\/www.one.org\/fr\/wp-json\/wp\/v2\/one_content_tone?post=162632"}],"curies":[{"name":"wp","href":"https:\/\/api.w.org\/{rel}","templated":true}]}}