{"id":162631,"date":"2023-02-09T16:56:38","date_gmt":"2023-02-09T16:56:38","guid":{"rendered":"https:\/\/www.one.org\/fr\/14-000-nigerians-poursuivent-shell-en-justice-pour-pollution\/"},"modified":"2024-04-23T12:31:58","modified_gmt":"2024-04-23T12:31:58","slug":"14-000-nigerians-poursuivent-shell-en-justice-pour-pollution","status":"publish","type":"post","link":"https:\/\/www.one.org\/fr\/actualites\/14-000-nigerians-poursuivent-shell-en-justice-pour-pollution\/","title":{"rendered":"14 000 Nig\u00e9rians poursuivent Shell en justice pour pollution"},"content":{"rendered":"<h4><em><a href=\"https:\/\/www.one.org\/fr\/nos-combats\/ondes-de-choc\/\">Inscrivez-vous<\/a> pour recevoir Ondes de choc, notre newsletter hebdomadaire pour suivre les cons&eacute;quences des diff&eacute;rentes crises actuelles (&eacute;conomique, sanitaire, alimentaire, climatique), notamment pour les pays d&rsquo;Afrique. Nous vous proposons des analyses pointues, succinctes et r&eacute;fl&eacute;chies de la part des experts de ONE.<\/em><\/h4>\n<p>Cette semaine dans Ondes de Choc : Les coupures de courant entra&icirc;nent des pertes &eacute;conomiques en Afrique du Sud, 14 000 nig&eacute;rians poursuivent Shell &agrave; Londres, le secteur de la sant&eacute; africain souffre de la fuite des cerveaux, et plus encore.<\/p>\n<p><strong>ACTUALITES<\/strong><\/p>\n<p><strong>Coupures d&rsquo;&eacute;lectricit&eacute; :<\/strong> L&rsquo;Afrique du Sud a franchi le triste cap des <a href=\"https:\/\/www.bloomberg.com\/news\/articles\/2023-02-06\/south-africa-nears-an-ignoble-record-100-days-of-blackouts?srnd=premium-africa&amp;sref=sAxHhWr7#xj4y7vzkg\">100 jours cons&eacute;cutifs de coupures d&rsquo;&eacute;lectricit&eacute;<\/a>. Outre les d&eacute;sagr&eacute;ments caus&eacute;s par les coupures de courant quotidiennes, la crise <a href=\"https:\/\/www.lesechos.fr\/monde\/afrique-moyen-orient\/en-2023-lafrique-du-sud-toujours-plongee-dans-le-noir-1893317#:~:text=A%20cause%20de%20la%20panne,couper%202.000%20m%C3%A9gawatts%20par%20jour.\">perturbe l&rsquo;approvisionnement en eau<\/a> et entra&icirc;ne une <a href=\"https:\/\/theconversation.com\/robberies-surge-as-criminals-take-advantage-of-south-africas-power-outages-199106\">flamb&eacute;e des cambriolages<\/a>. Les entreprises sont particuli&egrave;rement touch&eacute;es et certaines r&eacute;percutent <a href=\"https:\/\/information.tv5monde.com\/afrique\/afrique-du-sud-pourquoi-l-electricite-est-elle-rationnee-486625\">l&rsquo;augmentation de leurs co&ucirc;ts<\/a> sur les consommateurs, qui peinent d&eacute;j&agrave; &agrave; joindre les deux bouts. La banque centrale sud-africaine estime que les coupures de courant pourraient co&ucirc;ter jusqu&rsquo;&agrave; <a href=\"https:\/\/www.bloomberg.com\/news\/articles\/2023-02-06\/blackouts-may-cost-s-africa-51-million-day-central-bank-says?sref=sAxHhWr7#xj4y7vzkg\">51 millions de dollars par jour<\/a>. La crise &eacute;nerg&eacute;tique met en avant l&rsquo;&eacute;chec de la compagnie d&rsquo;&eacute;lectricit&eacute; nationale et est devenue l&rsquo;un des principaux obstacles politiques pour le pr&eacute;sident Cyril Ramaphosa, qui entame son second mandat. Les chefs d&rsquo;entreprise ont demand&eacute; avec insistance au pr&eacute;sident de proc&eacute;der &agrave; un remaniement de<a href=\"https:\/\/www.news24.com\/fin24\/economy\/business-pleads-with-ramaphosa-choose-a-more-effective-cabinet-20230203\"> son cabinet minist&eacute;riel<\/a>, notamment dans les domaines de l&rsquo;&eacute;nergie, des mines et des transports.<\/p>\n<p><strong>Folie furieuse :<\/strong> Pr&egrave;s de 14 000 nig&eacute;rians de deux communaut&eacute;s du delta du pays ont d&eacute;pos&eacute; des plaintes contre Shell devant la Haute Cour de Londres. Ils tiennent la grande compagnie p&eacute;troli&egrave;re pour responsable de la pollution qui a <a href=\"https:\/\/www.theguardian.com\/world\/2023\/feb\/02\/nearly-14000-nigerians-take-shell-to-court-over-devastating-impact-of-pollution\">d&eacute;vast&eacute; des sources d&rsquo;eau et des terres agricoles<\/a>. Shell, qui a r&eacute;alis&eacute; 39,9 milliards de dollars de b&eacute;n&eacute;fices en 2022 &ndash; le montant<a href=\"https:\/\/www.forbes.fr\/business\/shell-enregistre-des-benefices-record-alors-que-les-geants-du-petrole-profitent-de-la-flambee-des-prix-apres-linvasion-de-lukraine\/\"> le plus &eacute;lev&eacute; des 115 ans d&rsquo;histoire de la soci&eacute;t&eacute;<\/a> &ndash; nie toute responsabilit&eacute;. Elle impute la pollution &agrave; des voleurs de p&eacute;trole et affirme qu&rsquo;elle n&rsquo;est pas responsable des actions de sa filiale nig&eacute;riane. Une &eacute;tude de 2017 a r&eacute;v&eacute;l&eacute; que les nourrissons &eacute;taient <a href=\"https:\/\/www.theguardian.com\/global-development\/2017\/nov\/06\/niger-delta-oil-spills-linked-infant-deaths\">deux fois plus susceptibles de mourir<\/a> au cours de leur premier mois si leur m&egrave;re vivait &agrave; moins de 10 kilom&egrave;tres d&rsquo;une mar&eacute;e noire. Pendant ce temps, BP &ndash; qui, il y a vingt ans, a tent&eacute; de se rebaptiser &laquo; Beyond Petroleum &raquo; (<em>au-del&agrave; du p&eacute;trole<\/em>) &ndash; r&eacute;duit ses objectifs climatiques &agrave; la baisse suite &agrave; des b&eacute;n&eacute;fices records. Apparemment, les activistes pour le climat sont les seuls &agrave; pouvoir se permettre de prendre la crise climatique au s&eacute;rieux. &#128064;<\/p>\n<p><strong>Incitation :<\/strong> Le ch&ocirc;mage est l&rsquo;une des principales raisons de la mont&eacute;e de l&rsquo;extr&eacute;misme en Afrique subsaharienne, selon une nouvelle &eacute;tude du PNUD. Environ 25 % des 2 200 personnes recrut&eacute;es volontairement par des groupes extr&eacute;mistes ont cit&eacute; <a href=\"https:\/\/www.undp.org\/publications\/journey-extremism-africa-pathways-recruitment-and-disengagement\">les opportunit&eacute;s d&rsquo;emploi comme principale raison<\/a> de leur adh&eacute;sion. Il s&rsquo;agit d&rsquo;une augmentation de 92 % par rapport aux r&eacute;sultats d&rsquo;une &eacute;tude similaire men&eacute;e par le PNUD en 2017. La pression des pairs est la deuxi&egrave;me cause de recrutement. Les femmes sont moins susceptibles que les hommes de rejoindre un groupe extr&eacute;miste pour des raisons id&eacute;ologiques, et quand elles le font, c&rsquo;est davantage pour rejoindre leur famille, et en particulier leur mari. Les hommes ont eux tendance &agrave; s&rsquo;enr&ocirc;ler avec des amis. La religion a &eacute;t&eacute; cit&eacute;e comme principale raison de recrutement par 17 % des r&eacute;pondants, soit une baisse de 57 % par rapport aux r&eacute;sultats de 2017. Une ann&eacute;e suppl&eacute;mentaire &agrave; l&rsquo;&eacute;cole r&eacute;duit la probabilit&eacute; d&rsquo;un recrutement volontaire de 13 %.<\/p>\n<p><strong>Des rebelles rebelles :<\/strong> Les dirigeants de la Communaut&eacute; d&rsquo;Afrique de l&rsquo;Est semblent &ecirc;tre <a href=\"https:\/\/www.theafricareport.com\/282463\/a-new-test-of-trust-has-begun-between-felix-tshisekedi-and-the-eac\/\">&agrave; court de solutions<\/a> pour lutter contre la d&eacute;t&eacute;rioration de la situation s&eacute;curitaire dans l&rsquo;est de la R&eacute;publique d&eacute;mocratique du Congo. Les chefs d&rsquo;Etat et de gouvernement de la CAE ont simplement renouvel&eacute; <a href=\"https:\/\/www.rfi.fr\/fr\/afrique\/20230206-rdc-%C3%A0-goma-une-op%C3%A9ration-journ%C3%A9es-ville-morte-pour-interpeller-la-force-est-africaine\">leurs appels au cessez-le-feu imm&eacute;diat et au retrait de toutes les troupes &eacute;trang&egrave;res<\/a> pr&eacute;sentes dans la r&eacute;gion. La RDC accuse le Rwanda de soutenir les rebelles du M23 et d&rsquo;attiser les tensions entre les deux pays. Cette situation, ainsi que le d&eacute;sir de la RDC d&rsquo;adopter une approche plus agressive &agrave; l&rsquo;&eacute;gard des rebelles, <a href=\"https:\/\/www.theeastafrican.co.ke\/tea\/news\/east-africa\/burundi-calls-meeting-for-east-african-leaders-over-drc-conflict-4110636\">complique le processus de r&eacute;solution du conflit<\/a>. Les dirigeants de la CAE devraient tenir compte des paroles du pape Fran&ccedil;ois lors de sa r&eacute;cente visite : &laquo; <a href=\"https:\/\/www.theeastafrican.co.ke\/tea\/news\/east-africa\/pope-to-drc-peace-will-not-fall-from-the-sky-4108404\">La paix ne tombera pas du ciel<\/a> &raquo;. Le bien-&ecirc;tre de millions de Congolais en d&eacute;pend.<\/p>\n<p><strong>Le Kenya y croit :<\/strong> La semaine a &eacute;t&eacute; riche en &eacute;v&eacute;nements au Kenya. Voici les derni&egrave;res nouvelles :<\/p>\n<ul>\n<li>Raila Odinga, qui a perdu les &eacute;lections pr&eacute;sidentielles en ao&ucirc;t face &agrave; William Ruto, continue de contester la l&eacute;gitimit&eacute; des r&eacute;sultats. L&rsquo;homme de 78 ans a fond&eacute; un <a href=\"https:\/\/nation.africa\/kenya\/news\/politics\/raila-odinga-unveils-youth-resistance-movement-4112508\">mouvement de r&eacute;sistance de la jeunesse<\/a>, appel&eacute; &laquo; Mouvement pour la d&eacute;fense de la d&eacute;mocratie &raquo;.<\/li>\n<li>Le S&eacute;nat examine un projet de loi qui obligerait les anciens pr&eacute;sidents &agrave; payer des imp&ocirc;ts comme tout le monde. Le projet de loi pr&eacute;voit &agrave; la place des exon&eacute;rations fiscales pour les personnes handicap&eacute;es et les minorit&eacute;s.<\/li>\n<li>Le pr&eacute;sident Ruto a <a href=\"https:\/\/nation.africa\/kenya\/news\/ruto-scales-down-uhuru-kenyatta-matiang-i-s-security-4109554\">r&eacute;duit le personnel de s&eacute;curit&eacute;<\/a> de son pr&eacute;d&eacute;cesseur Uhuru Kenyatta, ce qui a conduit certains &agrave; affirmer qu&rsquo;il s&rsquo;agissait d&rsquo;une mesure politique et non d&rsquo;une &laquo; rationalisation du personnel &raquo;, comme l&rsquo;affirment certains officiels du gouvernement.<\/li>\n<li>Un tribunal k&eacute;nyan a d&eacute;cid&eacute; que Meta, la soci&eacute;t&eacute; m&egrave;re de Facebook, pouvait &ecirc;tre poursuivie en justice pour les troubles psychologiques subis par les mod&eacute;rateurs apr&egrave;s avoir &eacute;t&eacute; <a href=\"https:\/\/www.notretemps.com\/depeches\/kenya-un-juge-deboute-meta-qui-voulait-annuler-des-poursuites-d-un-ex-moderateur-65492\">expos&eacute;s de mani&egrave;re r&eacute;p&eacute;t&eacute;e &agrave; des contenus violents<\/a>.<\/li>\n<\/ul>\n<p><strong>Pression et traction :<\/strong> Un nouveau projet de loi fran&ccedil;ais sur l&rsquo;immigration visant &agrave; attirer les professionnels de sant&eacute; &eacute;trangers pourrait <a href=\"https:\/\/www.lemonde.fr\/afrique\/article\/2023\/02\/01\/projet-de-loi-immigration-et-integration-l-afrique-redoute-un-exode-plus-massif-de-ses-medecins_6160042_3212.html\">aggraver l&rsquo;exode des praticiens<\/a> des pays africains, selon certains critiques. L&rsquo;Afrique francophone est d&eacute;j&agrave; la deuxi&egrave;me plus grande source de personnel de sant&eacute; &eacute;tranger de la France en dehors de l&rsquo;Union europ&eacute;enne. La fuite des cerveaux de ces professionnels est favoris&eacute;e par de multiples facteurs, comme <a href=\"https:\/\/nation.africa\/kenya\/news\/the-frustrations-of-kenya-s-jobless-doctors-4111842\">le manque d&rsquo;emplois, des mauvaises conditions de travail et des bas salaires<\/a>. Confront&eacute;s &agrave; des contraintes budg&eacute;taires, de nombreux gouvernements africains &eacute;prouvent des difficult&eacute;s &agrave; r&eacute;aliser les investissements n&eacute;cessaires dans leurs syst&egrave;mes de sant&eacute; publique, notamment le recrutement<a href=\"https:\/\/twitter.com\/BBCAfrica\/status\/1622205176474902529\"> de m&eacute;decins dipl&ocirc;m&eacute;s<\/a>. Selon des <a href=\"https:\/\/pubmed.ncbi.nlm.nih.gov\/28332456\/\">experts de la sant&eacute;<\/a>, les pays &agrave; revenu faible devraient consacrer au moins 5 % de leur PIB et 86 dollars par habitant pour garantir l&rsquo;acc&egrave;s de tous les citoyens aux services de soins de sant&eacute; primaires. Actuellement, seuls <a href=\"https:\/\/data.one.org\/topics\/health\/#few-low-and-lower-middle-income-countries-in-africa-reach-the-86-target\">13 pays africains remplissent ces deux objectifs<\/a>.<\/p>\n<p><strong>R&eacute;pliques sismiques :<\/strong> Les dirigeants africains ont <a href=\"https:\/\/fr.africanews.com\/2023\/02\/07\/seisme-en-turquie-et-en-syrie-lafrique-exprime-son-soutien\/\/\">exprim&eacute; leur solidarit&eacute;<\/a> avec les populations de Turquie et de Syrie &agrave; la suite des tremblements de terre d&eacute;vastateurs r&eacute;cents qui<a href=\"https:\/\/www.lemonde.fr\/international\/article\/2023\/02\/08\/en-turquie-et-en-syrie-le-bilan-depasse-8-700-morts-et-le-temps-presse-pour-retrouver-les-survivants_6160962_3210.html\"> ont fait plus de 17 000 morts<\/a>. Une op&eacute;ration de recherche et de sauvetage sud-africaine &laquo; <a href=\"https:\/\/www.voaafrica.com\/a\/south-africa-org-aids-in-turkey-syria-quake\/6951360.html\">Gift of the Givers<\/a> &raquo; a envoy&eacute; des chiens renifleurs, des m&eacute;decins et des secouristes, tandis que le Maroc et l&rsquo;Alg&eacute;rie ont envoy&eacute; des &eacute;quipements de sauvetage et 115 tonnes de m&eacute;dicaments, de nourriture et de tentes <a href=\"https:\/\/www.newarab.com\/news\/n-african-states-send-aid-earthquake-hit-turkey-syria\">dans les villes touch&eacute;es<\/a>. Sept sud-africains &eacute;taient d&eacute;tenus <a href=\"https:\/\/www.dntghana.com\/2023\/02\/07\/south-africans-trapped-inside-prison-that-collapsed-in-earthquake-hit-turkey\/\">dans une prison turque qui s&rsquo;est effondr&eacute;e<\/a>, et les temp&eacute;ratures glaciales menacent la s&eacute;curit&eacute; des personnes encore coinc&eacute;es sous les d&eacute;combres.<\/p>\n<p><strong>L&rsquo;&Eacute;QUIPE DE ONE EN ACTION :&nbsp;<\/strong><\/p>\n<ul>\n<li>Ce lundi, c&rsquo;&eacute;tait la Journ&eacute;e internationale contre les mutilations g&eacute;nitales. Il y a quelques mois, nous recevions Ramata Kapo, Pr&eacute;sidente de l&rsquo;association Excision, parlons-en, sur notre podcast ONE World. Pour en savoir plus sur ce sujet, (r&eacute;)&eacute;coutez l&rsquo;&eacute;pisode <a href=\"https:\/\/www.one.org\/fr\/blog\/episode-31\/\">ici<\/a>.<\/li>\n<li>Si vous avez manqu&eacute; la sortie de notre hymne &agrave; la solidarit&eacute;, co-compos&eacute; par David Hallyday et Christophe Mali, du groupe Tryo, <a href=\"https:\/\/www.facebook.com\/ONE.Fr\/videos\/707118064132673\/\">retrouvez le clip ici<\/a> ! &Agrave; travers cet hymne, nous appelons collectivement &agrave; plus de solidarit&eacute; face &agrave; la situation pr&eacute;occupante dans laquelle se trouvent les populations des pays &agrave; revenu faible.<\/li>\n<\/ul>\n<p><strong>LES CHIFFRES :<\/strong><\/p>\n<ul>\n<li><strong>270 000 : <\/strong>Le nombre de d&eacute;c&egrave;s par an en Afrique subsaharienne <a href=\"https:\/\/news.un.org\/fr\/story\/2023\/02\/1131892\">&agrave; cause de m&eacute;dicaments antipaludiques falsifi&eacute;s et de mauvaise qualit&eacute;<\/a>.<\/li>\n<li><strong>2 : <\/strong>Le nombre de <a href=\"https:\/\/qz.com\/south-african-and-nigerian-artists-won-big-at-the-gramm-1850086911\">Grammy Awards<\/a> remport&eacute;es par des artistes africains cette ann&eacute;e.<\/li>\n<li><strong>0,6 % : <\/strong>Le pourcentage <a href=\"https:\/\/www.lefigaro.fr\/flash-eco\/afrique-l-investissement-dans-les-renouvelables-a-un-niveau-alarmant-20221109#:~:text=%2C%20soci%C3%A9t%C3%A9...-,Les%20investissements%20pour%20les%20renouvelables%20dans%20le%20monde%20ont%20grimp%C3%A9,renouvelables%20%C3%A0%20travers%20la%20plan%C3%A8te.\">des investissements mondiaux dans les &eacute;nergies renouvelables<\/a> sur le continent africain en 2021, soit son plus bas niveau depuis 11 ans.<\/li>\n<\/ul>\n<div class=\"buffer\"><\/div>","protected":false},"excerpt":{"rendered":"<p>Inscrivez-vous pour recevoir Ondes de choc, notre newsletter hebdomadaire pour suivre les cons&eacute;quences des diff&eacute;rentes crises actuelles (&eacute;conomique, sanitaire, alimentaire, climatique), notamment pour les pays d&rsquo;Afrique. Nous vous proposons des analyses pointues, succinctes et r&eacute;fl&eacute;chies de la part des experts de ONE. Cette semaine dans Ondes de Choc : Les coupures de courant entra&icirc;nent des [&hellip;]<\/p>\n","protected":false},"author":0,"featured_media":162809,"comment_status":"open","ping_status":"open","sticky":false,"template":"","format":"standard","meta":{"_acf_changed":false,"_relevanssi_hide_post":"","_relevanssi_hide_content":"","_relevanssi_pin_for_all":"","_relevanssi_pin_keywords":"","_relevanssi_unpin_keywords":"","_relevanssi_related_keywords":"","_relevanssi_related_include_ids":"","_relevanssi_related_exclude_ids":"","_relevanssi_related_no_append":"","_relevanssi_related_not_related":"","_relevanssi_related_posts":"","_relevanssi_noindex_reason":"","footnotes":""},"categories":[91],"tags":[],"topic":[86],"contributor":[33],"one_content_audience":[],"one_content_type":[],"one_content_tone":[],"class_list":["post-162631","post","type-post","status-publish","format-standard","has-post-thumbnail","hentry","category-donnees","topic-ondes-de-choc","contributor-one-france"],"acf":[],"yoast_head":"<!-- This site is optimized with the Yoast SEO Premium plugin v27.1 (Yoast SEO v27.1.1) - https:\/\/yoast.com\/product\/yoast-seo-premium-wordpress\/ -->\n<title>14 000 Nig\u00e9rians poursuivent Shell en justice pour pollution - ONE.org France<\/title>\n<meta name=\"description\" content=\"Cette semaine dans Ondes de Choc : 14 000 nig\u00e9rians poursuivent Shell \u00e0 Londres pour pollution et plus encore.\" \/>\n<meta name=\"robots\" content=\"index, follow, max-snippet:-1, max-image-preview:large, max-video-preview:-1\" \/>\n<link rel=\"canonical\" href=\"https:\/\/www.one.org\/fr\/actualites\/14-000-nigerians-poursuivent-shell-en-justice-pour-pollution\/\" \/>\n<meta property=\"og:locale\" content=\"fr_FR\" \/>\n<meta property=\"og:type\" content=\"article\" \/>\n<meta property=\"og:title\" content=\"14 000 Nig\u00e9rians poursuivent Shell en justice pour pollution\" \/>\n<meta property=\"og:description\" content=\"Cette semaine dans Ondes de Choc : 14 000 nig\u00e9rians poursuivent Shell \u00e0 Londres pour pollution et plus encore.\" \/>\n<meta property=\"og:url\" content=\"https:\/\/www.one.org\/fr\/actualites\/14-000-nigerians-poursuivent-shell-en-justice-pour-pollution\/\" \/>\n<meta property=\"og:site_name\" content=\"ONE.org France\" \/>\n<meta property=\"article:publisher\" content=\"https:\/\/www.facebook.com\/ONE.Fr\" \/>\n<meta property=\"article:published_time\" content=\"2023-02-09T16:56:38+00:00\" \/>\n<meta property=\"article:modified_time\" content=\"2024-04-23T12:31:58+00:00\" \/>\n<meta property=\"og:image\" content=\"https:\/\/www.one.org\/fr\/wp-content\/uploads\/sites\/4\/2023\/02\/Aftershock_2021_FeaturedImage_1200x1200_en_003-640x640-1.jpeg\" \/>\n\t<meta property=\"og:image:width\" content=\"640\" \/>\n\t<meta property=\"og:image:height\" content=\"640\" \/>\n\t<meta property=\"og:image:type\" content=\"image\/jpeg\" \/>\n<meta name=\"twitter:card\" content=\"summary_large_image\" \/>\n<meta name=\"twitter:creator\" content=\"@one_fr\" \/>\n<meta name=\"twitter:site\" content=\"@one_fr\" \/>\n<meta name=\"twitter:label1\" content=\"Est. reading time\" \/>\n\t<meta name=\"twitter:data1\" content=\"9 minutes\" \/>\n<script type=\"application\/ld+json\" class=\"yoast-schema-graph\">{\"@context\":\"https:\/\/schema.org\",\"@graph\":[{\"@type\":\"Article\",\"@id\":\"https:\/\/www.one.org\/fr\/actualites\/14-000-nigerians-poursuivent-shell-en-justice-pour-pollution\/#article\",\"isPartOf\":{\"@id\":\"https:\/\/www.one.org\/fr\/actualites\/14-000-nigerians-poursuivent-shell-en-justice-pour-pollution\/\"},\"author\":{\"name\":\"\",\"@id\":\"\"},\"headline\":\"14 000 Nig\u00e9rians poursuivent Shell en justice pour pollution\",\"datePublished\":\"2023-02-09T16:56:38+00:00\",\"dateModified\":\"2024-04-23T12:31:58+00:00\",\"mainEntityOfPage\":{\"@id\":\"https:\/\/www.one.org\/fr\/actualites\/14-000-nigerians-poursuivent-shell-en-justice-pour-pollution\/\"},\"wordCount\":1763,\"commentCount\":0,\"image\":{\"@id\":\"https:\/\/www.one.org\/fr\/actualites\/14-000-nigerians-poursuivent-shell-en-justice-pour-pollution\/#primaryimage\"},\"thumbnailUrl\":\"https:\/\/www.one.org\/fr\/wp-content\/uploads\/sites\/4\/2023\/02\/Aftershock_2021_FeaturedImage_1200x1200_en_003-640x640-1.jpeg\",\"articleSection\":[\"Donn\u00e9es\"],\"inLanguage\":\"fr-FR\",\"potentialAction\":[{\"@type\":\"CommentAction\",\"name\":\"Comment\",\"target\":[\"https:\/\/www.one.org\/fr\/actualites\/14-000-nigerians-poursuivent-shell-en-justice-pour-pollution\/#respond\"]}]},{\"@type\":\"WebPage\",\"@id\":\"https:\/\/www.one.org\/fr\/actualites\/14-000-nigerians-poursuivent-shell-en-justice-pour-pollution\/\",\"url\":\"https:\/\/www.one.org\/fr\/actualites\/14-000-nigerians-poursuivent-shell-en-justice-pour-pollution\/\",\"name\":\"14 000 Nig\u00e9rians poursuivent Shell en justice pour pollution - ONE.org France\",\"isPartOf\":{\"@id\":\"https:\/\/www.one.org\/fr\/#website\"},\"primaryImageOfPage\":{\"@id\":\"https:\/\/www.one.org\/fr\/actualites\/14-000-nigerians-poursuivent-shell-en-justice-pour-pollution\/#primaryimage\"},\"image\":{\"@id\":\"https:\/\/www.one.org\/fr\/actualites\/14-000-nigerians-poursuivent-shell-en-justice-pour-pollution\/#primaryimage\"},\"thumbnailUrl\":\"https:\/\/www.one.org\/fr\/wp-content\/uploads\/sites\/4\/2023\/02\/Aftershock_2021_FeaturedImage_1200x1200_en_003-640x640-1.jpeg\",\"datePublished\":\"2023-02-09T16:56:38+00:00\",\"dateModified\":\"2024-04-23T12:31:58+00:00\",\"author\":{\"@id\":\"\"},\"description\":\"Cette semaine dans Ondes de Choc : 14 000 nig\u00e9rians poursuivent Shell \u00e0 Londres pour pollution et plus encore.\",\"breadcrumb\":{\"@id\":\"https:\/\/www.one.org\/fr\/actualites\/14-000-nigerians-poursuivent-shell-en-justice-pour-pollution\/#breadcrumb\"},\"inLanguage\":\"fr-FR\",\"potentialAction\":[{\"@type\":\"ReadAction\",\"target\":[\"https:\/\/www.one.org\/fr\/actualites\/14-000-nigerians-poursuivent-shell-en-justice-pour-pollution\/\"]}]},{\"@type\":\"ImageObject\",\"inLanguage\":\"fr-FR\",\"@id\":\"https:\/\/www.one.org\/fr\/actualites\/14-000-nigerians-poursuivent-shell-en-justice-pour-pollution\/#primaryimage\",\"url\":\"https:\/\/www.one.org\/fr\/wp-content\/uploads\/sites\/4\/2023\/02\/Aftershock_2021_FeaturedImage_1200x1200_en_003-640x640-1.jpeg\",\"contentUrl\":\"https:\/\/www.one.org\/fr\/wp-content\/uploads\/sites\/4\/2023\/02\/Aftershock_2021_FeaturedImage_1200x1200_en_003-640x640-1.jpeg\",\"width\":640,\"height\":640},{\"@type\":\"BreadcrumbList\",\"@id\":\"https:\/\/www.one.org\/fr\/actualites\/14-000-nigerians-poursuivent-shell-en-justice-pour-pollution\/#breadcrumb\",\"itemListElement\":[{\"@type\":\"ListItem\",\"position\":1,\"name\":\"Home\",\"item\":\"https:\/\/www.one.org\/fr\/\"},{\"@type\":\"ListItem\",\"position\":2,\"name\":\"14 000 Nig\u00e9rians poursuivent Shell en justice pour pollution\"}]},{\"@type\":\"WebSite\",\"@id\":\"https:\/\/www.one.org\/fr\/#website\",\"url\":\"https:\/\/www.one.org\/fr\/\",\"name\":\"ONE.org\",\"description\":\"Cr\u00e9er des opportunit\u00e9s \u00e9conomiques et am\u00e9liorer la sant\u00e9 en Afrique\",\"potentialAction\":[{\"@type\":\"SearchAction\",\"target\":{\"@type\":\"EntryPoint\",\"urlTemplate\":\"https:\/\/www.one.org\/fr\/?s={search_term_string}\"},\"query-input\":{\"@type\":\"PropertyValueSpecification\",\"valueRequired\":true,\"valueName\":\"search_term_string\"}}],\"inLanguage\":\"fr-FR\"}]}<\/script>\n<!-- \/ Yoast SEO Premium plugin. -->","yoast_head_json":{"title":"14 000 Nig\u00e9rians poursuivent Shell en justice pour pollution - ONE.org France","description":"Cette semaine dans Ondes de Choc : 14 000 nig\u00e9rians poursuivent Shell \u00e0 Londres pour pollution et plus encore.","robots":{"index":"index","follow":"follow","max-snippet":"max-snippet:-1","max-image-preview":"max-image-preview:large","max-video-preview":"max-video-preview:-1"},"canonical":"https:\/\/www.one.org\/fr\/actualites\/14-000-nigerians-poursuivent-shell-en-justice-pour-pollution\/","og_locale":"fr_FR","og_type":"article","og_title":"14 000 Nig\u00e9rians poursuivent Shell en justice pour pollution","og_description":"Cette semaine dans Ondes de Choc : 14 000 nig\u00e9rians poursuivent Shell \u00e0 Londres pour pollution et plus encore.","og_url":"https:\/\/www.one.org\/fr\/actualites\/14-000-nigerians-poursuivent-shell-en-justice-pour-pollution\/","og_site_name":"ONE.org France","article_publisher":"https:\/\/www.facebook.com\/ONE.Fr","article_published_time":"2023-02-09T16:56:38+00:00","article_modified_time":"2024-04-23T12:31:58+00:00","og_image":[{"width":640,"height":640,"url":"https:\/\/www.one.org\/fr\/wp-content\/uploads\/sites\/4\/2023\/02\/Aftershock_2021_FeaturedImage_1200x1200_en_003-640x640-1.jpeg","type":"image\/jpeg"}],"twitter_card":"summary_large_image","twitter_creator":"@one_fr","twitter_site":"@one_fr","twitter_misc":{"Est. reading time":"9 minutes"},"schema":{"@context":"https:\/\/schema.org","@graph":[{"@type":"Article","@id":"https:\/\/www.one.org\/fr\/actualites\/14-000-nigerians-poursuivent-shell-en-justice-pour-pollution\/#article","isPartOf":{"@id":"https:\/\/www.one.org\/fr\/actualites\/14-000-nigerians-poursuivent-shell-en-justice-pour-pollution\/"},"author":{"name":"","@id":""},"headline":"14 000 Nig\u00e9rians poursuivent Shell en justice pour pollution","datePublished":"2023-02-09T16:56:38+00:00","dateModified":"2024-04-23T12:31:58+00:00","mainEntityOfPage":{"@id":"https:\/\/www.one.org\/fr\/actualites\/14-000-nigerians-poursuivent-shell-en-justice-pour-pollution\/"},"wordCount":1763,"commentCount":0,"image":{"@id":"https:\/\/www.one.org\/fr\/actualites\/14-000-nigerians-poursuivent-shell-en-justice-pour-pollution\/#primaryimage"},"thumbnailUrl":"https:\/\/www.one.org\/fr\/wp-content\/uploads\/sites\/4\/2023\/02\/Aftershock_2021_FeaturedImage_1200x1200_en_003-640x640-1.jpeg","articleSection":["Donn\u00e9es"],"inLanguage":"fr-FR","potentialAction":[{"@type":"CommentAction","name":"Comment","target":["https:\/\/www.one.org\/fr\/actualites\/14-000-nigerians-poursuivent-shell-en-justice-pour-pollution\/#respond"]}]},{"@type":"WebPage","@id":"https:\/\/www.one.org\/fr\/actualites\/14-000-nigerians-poursuivent-shell-en-justice-pour-pollution\/","url":"https:\/\/www.one.org\/fr\/actualites\/14-000-nigerians-poursuivent-shell-en-justice-pour-pollution\/","name":"14 000 Nig\u00e9rians poursuivent Shell en justice pour pollution - ONE.org France","isPartOf":{"@id":"https:\/\/www.one.org\/fr\/#website"},"primaryImageOfPage":{"@id":"https:\/\/www.one.org\/fr\/actualites\/14-000-nigerians-poursuivent-shell-en-justice-pour-pollution\/#primaryimage"},"image":{"@id":"https:\/\/www.one.org\/fr\/actualites\/14-000-nigerians-poursuivent-shell-en-justice-pour-pollution\/#primaryimage"},"thumbnailUrl":"https:\/\/www.one.org\/fr\/wp-content\/uploads\/sites\/4\/2023\/02\/Aftershock_2021_FeaturedImage_1200x1200_en_003-640x640-1.jpeg","datePublished":"2023-02-09T16:56:38+00:00","dateModified":"2024-04-23T12:31:58+00:00","author":{"@id":""},"description":"Cette semaine dans Ondes de Choc : 14 000 nig\u00e9rians poursuivent Shell \u00e0 Londres pour pollution et plus encore.","breadcrumb":{"@id":"https:\/\/www.one.org\/fr\/actualites\/14-000-nigerians-poursuivent-shell-en-justice-pour-pollution\/#breadcrumb"},"inLanguage":"fr-FR","potentialAction":[{"@type":"ReadAction","target":["https:\/\/www.one.org\/fr\/actualites\/14-000-nigerians-poursuivent-shell-en-justice-pour-pollution\/"]}]},{"@type":"ImageObject","inLanguage":"fr-FR","@id":"https:\/\/www.one.org\/fr\/actualites\/14-000-nigerians-poursuivent-shell-en-justice-pour-pollution\/#primaryimage","url":"https:\/\/www.one.org\/fr\/wp-content\/uploads\/sites\/4\/2023\/02\/Aftershock_2021_FeaturedImage_1200x1200_en_003-640x640-1.jpeg","contentUrl":"https:\/\/www.one.org\/fr\/wp-content\/uploads\/sites\/4\/2023\/02\/Aftershock_2021_FeaturedImage_1200x1200_en_003-640x640-1.jpeg","width":640,"height":640},{"@type":"BreadcrumbList","@id":"https:\/\/www.one.org\/fr\/actualites\/14-000-nigerians-poursuivent-shell-en-justice-pour-pollution\/#breadcrumb","itemListElement":[{"@type":"ListItem","position":1,"name":"Home","item":"https:\/\/www.one.org\/fr\/"},{"@type":"ListItem","position":2,"name":"14 000 Nig\u00e9rians poursuivent Shell en justice pour pollution"}]},{"@type":"WebSite","@id":"https:\/\/www.one.org\/fr\/#website","url":"https:\/\/www.one.org\/fr\/","name":"ONE.org","description":"Cr\u00e9er des opportunit\u00e9s \u00e9conomiques et am\u00e9liorer la sant\u00e9 en Afrique","potentialAction":[{"@type":"SearchAction","target":{"@type":"EntryPoint","urlTemplate":"https:\/\/www.one.org\/fr\/?s={search_term_string}"},"query-input":{"@type":"PropertyValueSpecification","valueRequired":true,"valueName":"search_term_string"}}],"inLanguage":"fr-FR"}]}},"distributor_meta":false,"distributor_terms":false,"distributor_media":false,"distributor_original_site_name":"ONE.org France","distributor_original_site_url":"https:\/\/www.one.org\/fr","push-errors":false,"_links":{"self":[{"href":"https:\/\/www.one.org\/fr\/wp-json\/wp\/v2\/posts\/162631","targetHints":{"allow":["GET"]}}],"collection":[{"href":"https:\/\/www.one.org\/fr\/wp-json\/wp\/v2\/posts"}],"about":[{"href":"https:\/\/www.one.org\/fr\/wp-json\/wp\/v2\/types\/post"}],"replies":[{"embeddable":true,"href":"https:\/\/www.one.org\/fr\/wp-json\/wp\/v2\/comments?post=162631"}],"version-history":[{"count":0,"href":"https:\/\/www.one.org\/fr\/wp-json\/wp\/v2\/posts\/162631\/revisions"}],"wp:featuredmedia":[{"embeddable":true,"href":"https:\/\/www.one.org\/fr\/wp-json\/wp\/v2\/media\/162809"}],"wp:attachment":[{"href":"https:\/\/www.one.org\/fr\/wp-json\/wp\/v2\/media?parent=162631"}],"wp:term":[{"taxonomy":"category","embeddable":true,"href":"https:\/\/www.one.org\/fr\/wp-json\/wp\/v2\/categories?post=162631"},{"taxonomy":"post_tag","embeddable":true,"href":"https:\/\/www.one.org\/fr\/wp-json\/wp\/v2\/tags?post=162631"},{"taxonomy":"topic","embeddable":true,"href":"https:\/\/www.one.org\/fr\/wp-json\/wp\/v2\/topic?post=162631"},{"taxonomy":"contributor","embeddable":true,"href":"https:\/\/www.one.org\/fr\/wp-json\/wp\/v2\/contributor?post=162631"},{"taxonomy":"one_content_audience","embeddable":true,"href":"https:\/\/www.one.org\/fr\/wp-json\/wp\/v2\/one_content_audience?post=162631"},{"taxonomy":"one_content_type","embeddable":true,"href":"https:\/\/www.one.org\/fr\/wp-json\/wp\/v2\/one_content_type?post=162631"},{"taxonomy":"one_content_tone","embeddable":true,"href":"https:\/\/www.one.org\/fr\/wp-json\/wp\/v2\/one_content_tone?post=162631"}],"curies":[{"name":"wp","href":"https:\/\/api.w.org\/{rel}","templated":true}]}}