{"id":162630,"date":"2023-02-02T15:40:06","date_gmt":"2023-02-02T15:40:06","guid":{"rendered":"https:\/\/www.one.org\/fr\/la-faim-est-un-probleme-recurrent\/"},"modified":"2024-04-23T12:32:00","modified_gmt":"2024-04-23T12:32:00","slug":"la-faim-est-un-probleme-recurrent","status":"publish","type":"post","link":"https:\/\/www.one.org\/fr\/actualites\/la-faim-est-un-probleme-recurrent\/","title":{"rendered":"La faim est un probl\u00e8me r\u00e9current"},"content":{"rendered":"<h4><em><a href=\"https:\/\/www.one.org\/fr\/nos-combats\/ondes-de-choc\/\">Inscrivez-vous<\/a>&nbsp;pour recevoir Ondes de choc,&nbsp;notre newsletter hebdomadaire pour suivre l&rsquo;impact r&eacute;el du COVID-19 en Afrique. Nous vous proposons des analyses pointues, succinctes et r&eacute;fl&eacute;chies de la part des experts de ONE.<\/em><\/h4>\n<p><em>Cette semaine dans Ondes de Choc : Nous examinons de plus pr&egrave;s les causes de l&rsquo;ins&eacute;curit&eacute; alimentaire en Afrique et les solutions pour y rem&eacute;dier.<\/em><\/p>\n<p><strong>ACTUALITES<\/strong><\/p>\n<p><strong>La lutte pour se nourrir : <\/strong>Nous sommes au c&oelig;ur d&rsquo;une crise alimentaire internationale. Plus de 800 millions de personnes dans le monde &ndash; dont pr&egrave;s de 300 millions en Afrique &ndash; <a href=\"https:\/\/www.rfi.fr\/fr\/afrique\/20230125-au-s%C3%A9n%C3%A9gal-ouverture-du-sommet-dakar-2-sur-l-alimentation-en-afrique-et-son-%C3%A9norme-potentiel\">ne mangent pas &agrave; leur faim<\/a>. Les pays d&rsquo;Afrique de l&rsquo;Est, d&rsquo;Afrique de l&rsquo;Ouest et du Sahel sont ceux o&ugrave; le nombre de personnes confront&eacute;es aux <a href=\"https:\/\/data.one.org\/data-dives\/food-security\/#how-is-hunger-defined\">trois niveaux d&rsquo;ins&eacute;curit&eacute; alimentaire<\/a> a le plus augment&eacute; <a href=\"https:\/\/www.ipcinfo.org\/ipcinfo-website\/featured-stories\/news-details\/en\/c\/1155925\/\">en 2021 et 2022<\/a>. La hausse des prix des denr&eacute;es alimentaires, le changement climatique, les conflits et le co&ucirc;t &eacute;lev&eacute; des engrais sont les principaux facteurs qui y contribuent. En Afrique, la d&eacute;pendance aux importations alimentaires est &eacute;galement responsable. Bien que le continent ait non seulement le potentiel de nourrir sa population mais aussi le monde entier, on estime qu&rsquo;il d&eacute;pense chaque ann&eacute;e <a href=\"https:\/\/www.bloomberg.com\/news\/articles\/2023-01-24\/africa-needs-up-to-65-billion-loans-yearly-to-curb-food-imports\">75 milliards de dollars<\/a> pour importer plus de 100 millions de tonnes de c&eacute;r&eacute;ales.<\/p>\n<p><strong>Une pratique cibl&eacute;e :<\/strong> La recherche de moyens pour &eacute;tablir la souverainet&eacute; alimentaire de l&rsquo;Afrique figurait en t&ecirc;te de l&rsquo;ordre du jour du sommet de Dakar II, qui s&rsquo;est tenu la semaine derni&egrave;re au S&eacute;n&eacute;gal. Dans son discours d&rsquo;ouverture, Macky Sall, pr&eacute;sident du S&eacute;n&eacute;gal et de l&rsquo;Union africaine (UA), a exhort&eacute; l&rsquo;Afrique &agrave; &laquo; <a href=\"https:\/\/www.lepoint.fr\/afrique\/sommet-de-dakar-2-l-afrique-peut-elle-se-nourrir-26-01-2023-2506392_3826.php\">apprendre &agrave; se nourrir elle-m&ecirc;me<\/a> &raquo; et a demand&eacute; aux pays de consacrer au moins 10 % de leur budget national &agrave; l&rsquo;agriculture. Si cette formulation vous semble famili&egrave;re, c&rsquo;est normal. Les dirigeants africains se sont mis d&rsquo;accord sur cet objectif de 10 % des d&eacute;penses il y a 20 ans dans la d&eacute;claration de Maputo, et l&rsquo;ont r&eacute;affirm&eacute; en 2014 dans la d&eacute;claration de Malabo. Pourtant, en 2023, un seul pays &ndash; le Rwanda &ndash; est en passe d&rsquo;atteindre cet objectif d&rsquo;ici 2025. Les dirigeants africains joindront-ils cette fois-ci l&rsquo;acte &agrave; la parole ? D&eacute;sir&eacute; Assogbavi de ONE, qui a particip&eacute; au sommet, a d&eacute;clar&eacute; qu&rsquo;il avait <a href=\"https:\/\/www.youtube.com\/watch?v=I1ssm1UYRLc&amp;t=38s\">ressenti un sentiment d&rsquo;urgence<\/a> qui n&rsquo;&eacute;tait pas pr&eacute;sent lors de pr&eacute;c&eacute;dents &eacute;v&eacute;nements de haut niveau. 1,3 milliard d&rsquo;Africains comptent l&agrave;-dessus.<\/p>\n<p><strong>Guerre des prix :<\/strong> La guerre que m&egrave;ne la Russie en Ukraine depuis pr&egrave;s d&rsquo;un an a d&eacute;stabilis&eacute; l&rsquo;approvisionnement mondial en c&eacute;r&eacute;ales et en engrais. Avant la guerre, la Russie et l&rsquo;Ukraine fournissaient environ <a href=\"https:\/\/data.one.org\/data-dives\/russias-invasion-of-ukraine\/#Rocketing-food-prices-mean-more-people-going-hungry-and-more-instability\">50 % des importations de bl&eacute; de l&rsquo;Afrique<\/a>. L&rsquo;Ukraine approvisionnait la moiti&eacute; du bl&eacute; que le Programme alimentaire mondial distribuait lors des crises humanitaires, dont une grande partie aux pays africains. L&rsquo;invasion a entra&icirc;n&eacute; une p&eacute;nurie d&rsquo;au moins <a href=\"https:\/\/www.bloomberg.com\/news\/articles\/2023-01-24\/africa-needs-up-to-65-billion-loans-yearly-to-curb-food-imports?leadSource=uverify%20wall\">30 millions de tonnes de nourriture<\/a> dans toute l&rsquo;Afrique et une flamb&eacute;e importante des prix des c&eacute;r&eacute;ales, <a href=\"https:\/\/data.one.org\/data-dives\/food-security\/#key-stats\">plongeant 75,8 millions de personnes suppl&eacute;mentaires<\/a> dans l&rsquo;ins&eacute;curit&eacute; alimentaire et provoquant une augmentation de l&rsquo;indice des prix alimentaires de 34 %. Bien que ce dernier ait &agrave; nouveau diminu&eacute;, il reste sup&eacute;rieur de 39 % au niveau des prix de mars 2020, soit au d&eacute;but de la pand&eacute;mie.<\/p>\n<p><strong>La famine rencontre l&rsquo;inflation :<\/strong> Le taux d&rsquo;inflation moyen en Afrique &eacute;tait de 10,3 % en novembre 2022, <a href=\"https:\/\/data.one.org\/data-dives\/russias-invasion-of-ukraine\/#Soaring-costs-of-living-could-push-millions-into-poverty\">soit deux fois plus que l&rsquo;ann&eacute;e pr&eacute;c&eacute;dente<\/a>. C&rsquo;est l&rsquo;une des r&eacute;gions <a href=\"https:\/\/www.eiu.com\/n\/inflation-in-africa-will-ebb-slowly-in-2023\/#:~:text=Average%20annual%20inflation%20in%20Sub,inflation%20in%20Iran%20and%20Lebanon.\">les plus durement touch&eacute;es<\/a> par une conjonction de plusieurs facteurs d&rsquo;inflation &ndash; les perturbations de la cha&icirc;ne d&rsquo;approvisionnement dues aux pand&eacute;mies, la guerre en Ukraine et les <a href=\"https:\/\/www.lesechos.fr\/monde\/enjeux-internationaux\/la-politique-monetaire-americaine-accroit-la-pression-sur-les-pays-en-developpement-1851701\">contrecoups des politiques mon&eacute;taires am&eacute;ricaines <\/a>visant &agrave; contenir l&rsquo;inflation. Cette derni&egrave;re a eu un impact n&eacute;gatif sur la valeur des devises dans toute l&rsquo;Afrique par rapport au dollar am&eacute;ricain &ndash; qui est la principale monnaie utilis&eacute;e pour l&rsquo;achat de denr&eacute;es alimentaires sur les march&eacute;s internationaux et pour le remboursement de la dette. Cela a effectivement augment&eacute; le prix des importations, aggrav&eacute; la crise de la faim, et soulev&eacute; la question suivante : les dirigeants <a href=\"https:\/\/www.eastasiaforum.org\/2022\/08\/18\/us-interest-rate-hikes-trample-on-developing-countries\/#:~:text=Fed%20rate%20hikes%20in%20the,was%20distressing%20for%20developing%20nations.\">peuvent-ils apprendre des erreurs du pass&eacute;<\/a> ? Il semblerait que non.<\/p>\n<p><strong>Des caisses vides :<\/strong> L&rsquo;ins&eacute;curit&eacute; alimentaire n&rsquo;est pas la seule crise &agrave; laquelle les pays africains sont confront&eacute;s : beaucoup d&rsquo;entre eux <a href=\"https:\/\/data.one.org\/data-dives\/debt\/\">font aussi face &agrave; une crise de la dette<\/a>. L&rsquo;endettement de l&rsquo;Afrique n&rsquo;a jamais &eacute;t&eacute; aussi &eacute;lev&eacute; depuis plus d&rsquo;une d&eacute;cennie : 22 pays africains sont aujourd&rsquo;hui en faillite ou pr&eacute;sentent un risque &eacute;lev&eacute; de surendettement. Et comme la hausse des taux d&rsquo;int&eacute;r&ecirc;t mondiaux augmente le co&ucirc;t des emprunts en devises &eacute;trang&egrave;res, les pays africains consacrent une part plus importante de leurs revenus au service de la dette, qui s&rsquo;&eacute;l&egrave;vera &agrave; 64 milliards de dollars en 2022. C&rsquo;est presque le double de ce que l&rsquo;Afrique re&ccedil;oit en aide bilat&eacute;rale. Il existe un &eacute;cart notable entre les taux d&rsquo;int&eacute;r&ecirc;t plus bas accord&eacute;s aux pays du G7 et les taux d&rsquo;int&eacute;r&ecirc;t plus &eacute;lev&eacute;s accord&eacute;s aux pays &agrave; revenu faible. Cela peut expliquer pourquoi la dette moyenne des pays du G7 repr&eacute;sente 136 % du PIB, alors que celle des pays d&rsquo;Afrique subsaharienne est de 40 % du PIB, mais que seule <a href=\"https:\/\/www.ft.com\/content\/db9215c1-ff8f-4735-8116-59e66293ce98\">la dette de ces derniers est consid&eacute;r&eacute;e comme &laquo; &eacute;lev&eacute;e &raquo;<\/a>. Des budgets en baisse risquent d&rsquo;aggraver l&rsquo;ins&eacute;curit&eacute; alimentaire, car les pays disposent de moins d&rsquo;argent pour financer les importations et l&rsquo;aide alimentaire.<\/p>\n<p><strong>La voie &agrave; suivre :<\/strong> Selon certaines estimations, le co&ucirc;t mondial de l&rsquo;&eacute;radication de la faim se situe entre 39 et 50 milliards de dollars par an. Cela repr&eacute;sente moins de la moiti&eacute; des 110 milliards de dollars d&eacute;pens&eacute;s dans le monde pour l&rsquo;alimentation animale. Pour mobiliser et diriger ces fonds l&agrave; o&ugrave; ils sont le plus n&eacute;cessaires, il faudra agir au niveau mondial et national :<\/p>\n<ul>\n<li>&Agrave; court terme, les pays devraient orienter l&rsquo;aide alimentaire humanitaire, les subventions et les mesures de protection sociale vers les personnes les plus vuln&eacute;rables et soutenir les pays qui n&rsquo;ont pas la marge de man&oelig;uvre financi&egrave;re pour le faire.<\/li>\n<li>Les pays doivent investir dans la production alimentaire afin de d&eacute;velopper une souverainet&eacute; alimentaire.<\/li>\n<\/ul>\n<ul>\n<li>Au niveau international, l&rsquo;am&eacute;lioration du cadre commun du G20 peut contribuer &agrave; apporter un soulagement et des liquidit&eacute;s suppl&eacute;mentaires aux pays endett&eacute;s.<\/li>\n<li>Enfin, une r&eacute;forme des banques multilat&eacute;rales de d&eacute;veloppement telles que la Banque mondiale &ndash; au sein desquelles les pays &agrave; revenu &eacute;lev&eacute; ont une grande influence &ndash; <a href=\"https:\/\/data.one.org\/data-dives\/unlocking-a-trillion-dollars-for-development\/\">pourrait lib&eacute;rer mille milliards de dollars<\/a> de nouveaux capitaux afin d&rsquo;all&eacute;ger la pression fiscale sur les pays &agrave; revenu faible et interm&eacute;diaire.<\/li>\n<\/ul>\n<p><strong>L&rsquo;&Eacute;QUIPE DE ONE EN ACTION :&nbsp;<\/strong><\/p>\n<ul>\n<li>Il est enfin l&agrave; !<strong> L&rsquo;hymne &agrave; la solidarit&eacute; de ONE France, co-compos&eacute; par David Hallyday et Christophe Mali, du groupe Tryo, est enfin sorti.<\/strong> La chanson est interpr&eacute;t&eacute;e par David Hallyday, Tryo, Cali, Is&iuml;a Marie, le duo 21 Juin, la rappeuse s&eacute;n&eacute;galaise Black Queen, la journaliste TV Sarah Kaddour ainsi que les musicien&middot;ne&middot;s en exil du label Utopie (les Iraniens Tara Bakhtale et Mohsen Fazeli, ainsi que les Ou&iuml;ghours Nasima Shavaeva, du Kasakhstan, et Azamat Abdurakhmanov, d&rsquo;Ouzb&eacute;kistan), port&eacute; par l&rsquo;association Permis de vivre la Ville. &Agrave; travers cet hymne, nous appelons collectivement &agrave; plus de solidarit&eacute; face &agrave; la situation critique dans laquelle se trouvent les populations des pays &agrave; faible revenu. <a href=\"https:\/\/fb.watch\/iqe7gMPAAj\/\">Regardez le clip ici<\/a> !<\/li>\n<li><a href=\"https:\/\/www.lexpress.fr\/idees-et-debats\/najat-vallaud-belkacem-les-1000-milliards-de-dollars-pour-le-developpement-sont-a-portee-de-la-main-Z7X2CJHHBZG7FAL27OAWSSNNTY\/\">Dans une tribune publi&eacute;e dans l&rsquo;Express<\/a>, Najat Vallaud-Belkacem, directrice France de ONE, explique comment les banques multilat&eacute;rales de d&eacute;veloppement pourraient pr&ecirc;ter jusqu&rsquo;&agrave; 1 000 milliards de dollars suppl&eacute;mentaires aux pays vuln&eacute;rables, si elles utilisaient leur capital plus efficacement.<\/li>\n<li>Nous faisons aujourd&rsquo;hui face &agrave; la plus forte augmentation des in&eacute;galit&eacute;s mondiales depuis la Seconde Guerre mondiale. Dans un billet de blog, nous mettons en avant <a href=\"https:\/\/www.one.org\/fr\/blog\/6-faits-choquants-sur-les-inegalites-mondiales\/\">6 faits choquants sur ces in&eacute;galit&eacute;s<\/a>.<\/li>\n<\/ul>\n<p><strong>LES CHIFFRES :<\/strong><\/p>\n<ul>\n<li><strong>65 % :<\/strong> Le pourcentage <a href=\"https:\/\/www.afdb.org\/fr\/sommet-dakar-2-nourrir-lafrique-souverainete-alimentaire-et-resilience\/propos-du-sommet-dakar-2\">des terres arables<\/a> restantes situ&eacute;es en Afrique.<\/li>\n<li><strong>10 milliards de dollars :<\/strong> Le montant que la Banque africaine de d&eacute;veloppement <a href=\"https:\/\/www.afdb.org\/fr\/news-and-events\/press-releases\/sommet-nourrir-lafrique-la-banque-africaine-de-developpement-prevoit-dinvestir-10-milliards-de-dollars-pour-faire-de-lafrique-le-grenier-du-monde-58492\">s&rsquo;est engag&eacute;e &agrave; investir<\/a> dans la s&eacute;curit&eacute; et la souverainet&eacute; alimentaires de l&rsquo;Afrique au cours des cinq prochaines ann&eacute;es.<\/li>\n<\/ul>\n<div class=\"buffer\"><\/div>","protected":false},"excerpt":{"rendered":"<p>Inscrivez-vous&nbsp;pour recevoir Ondes de choc,&nbsp;notre newsletter hebdomadaire pour suivre l&rsquo;impact r&eacute;el du COVID-19 en Afrique. Nous vous proposons des analyses pointues, succinctes et r&eacute;fl&eacute;chies de la part des experts de ONE. Cette semaine dans Ondes de Choc : Nous examinons de plus pr&egrave;s les causes de l&rsquo;ins&eacute;curit&eacute; alimentaire en Afrique et les solutions pour y [&hellip;]<\/p>\n","protected":false},"author":0,"featured_media":162811,"comment_status":"open","ping_status":"open","sticky":false,"template":"","format":"standard","meta":{"_acf_changed":false,"_relevanssi_hide_post":"","_relevanssi_hide_content":"","_relevanssi_pin_for_all":"","_relevanssi_pin_keywords":"","_relevanssi_unpin_keywords":"","_relevanssi_related_keywords":"","_relevanssi_related_include_ids":"","_relevanssi_related_exclude_ids":"","_relevanssi_related_no_append":"","_relevanssi_related_not_related":"","_relevanssi_related_posts":"","_relevanssi_noindex_reason":"","footnotes":""},"categories":[91],"tags":[],"topic":[86],"contributor":[33],"one_content_audience":[],"one_content_type":[],"one_content_tone":[],"class_list":["post-162630","post","type-post","status-publish","format-standard","has-post-thumbnail","hentry","category-donnees","topic-ondes-de-choc","contributor-one-france"],"acf":[],"yoast_head":"<!-- This site is optimized with the Yoast SEO Premium plugin v27.1 (Yoast SEO v27.1.1) - https:\/\/yoast.com\/product\/yoast-seo-premium-wordpress\/ -->\n<title>La faim est un probl\u00e8me r\u00e9current - ONE.org France<\/title>\n<meta name=\"description\" content=\"Cette semaine dans Ondes de Choc : Nous examinons de plus pr\u00e8s les causes de l&#039;ins\u00e9curit\u00e9 alimentaire en Afrique et les solutions pour y rem\u00e9dier.\" \/>\n<meta name=\"robots\" content=\"index, follow, max-snippet:-1, max-image-preview:large, max-video-preview:-1\" \/>\n<link rel=\"canonical\" href=\"https:\/\/www.one.org\/fr\/actualites\/la-faim-est-un-probleme-recurrent\/\" \/>\n<meta property=\"og:locale\" content=\"fr_FR\" \/>\n<meta property=\"og:type\" content=\"article\" \/>\n<meta property=\"og:title\" content=\"La faim est un probl\u00e8me r\u00e9current\" \/>\n<meta property=\"og:description\" content=\"Cette semaine dans Ondes de Choc : Nous examinons de plus pr\u00e8s les causes de l&#039;ins\u00e9curit\u00e9 alimentaire en Afrique et les solutions pour y rem\u00e9dier.\" \/>\n<meta property=\"og:url\" content=\"https:\/\/www.one.org\/fr\/actualites\/la-faim-est-un-probleme-recurrent\/\" \/>\n<meta property=\"og:site_name\" content=\"ONE.org France\" \/>\n<meta property=\"article:publisher\" content=\"https:\/\/www.facebook.com\/ONE.Fr\" \/>\n<meta property=\"article:published_time\" content=\"2023-02-02T15:40:06+00:00\" \/>\n<meta property=\"article:modified_time\" content=\"2024-04-23T12:32:00+00:00\" \/>\n<meta property=\"og:image\" content=\"https:\/\/www.one.org\/fr\/wp-content\/uploads\/sites\/4\/2023\/02\/Aftershock_2021_FeaturedImage_1200x1200_en_006.jpg\" \/>\n\t<meta property=\"og:image:width\" content=\"1201\" \/>\n\t<meta property=\"og:image:height\" content=\"1201\" \/>\n\t<meta property=\"og:image:type\" content=\"image\/jpeg\" \/>\n<meta name=\"twitter:card\" content=\"summary_large_image\" \/>\n<meta name=\"twitter:creator\" content=\"@one_fr\" \/>\n<meta name=\"twitter:site\" content=\"@one_fr\" \/>\n<meta name=\"twitter:label1\" content=\"Est. reading time\" \/>\n\t<meta name=\"twitter:data1\" content=\"9 minutes\" \/>\n<script type=\"application\/ld+json\" class=\"yoast-schema-graph\">{\"@context\":\"https:\/\/schema.org\",\"@graph\":[{\"@type\":\"Article\",\"@id\":\"https:\/\/www.one.org\/fr\/actualites\/la-faim-est-un-probleme-recurrent\/#article\",\"isPartOf\":{\"@id\":\"https:\/\/www.one.org\/fr\/actualites\/la-faim-est-un-probleme-recurrent\/\"},\"author\":{\"name\":\"\",\"@id\":\"\"},\"headline\":\"La faim est un probl\u00e8me r\u00e9current\",\"datePublished\":\"2023-02-02T15:40:06+00:00\",\"dateModified\":\"2024-04-23T12:32:00+00:00\",\"mainEntityOfPage\":{\"@id\":\"https:\/\/www.one.org\/fr\/actualites\/la-faim-est-un-probleme-recurrent\/\"},\"wordCount\":1731,\"commentCount\":0,\"image\":{\"@id\":\"https:\/\/www.one.org\/fr\/actualites\/la-faim-est-un-probleme-recurrent\/#primaryimage\"},\"thumbnailUrl\":\"https:\/\/www.one.org\/fr\/wp-content\/uploads\/sites\/4\/2023\/02\/Aftershock_2021_FeaturedImage_1200x1200_en_006.jpg\",\"articleSection\":[\"Donn\u00e9es\"],\"inLanguage\":\"fr-FR\",\"potentialAction\":[{\"@type\":\"CommentAction\",\"name\":\"Comment\",\"target\":[\"https:\/\/www.one.org\/fr\/actualites\/la-faim-est-un-probleme-recurrent\/#respond\"]}]},{\"@type\":\"WebPage\",\"@id\":\"https:\/\/www.one.org\/fr\/actualites\/la-faim-est-un-probleme-recurrent\/\",\"url\":\"https:\/\/www.one.org\/fr\/actualites\/la-faim-est-un-probleme-recurrent\/\",\"name\":\"La faim est un probl\u00e8me r\u00e9current - ONE.org France\",\"isPartOf\":{\"@id\":\"https:\/\/www.one.org\/fr\/#website\"},\"primaryImageOfPage\":{\"@id\":\"https:\/\/www.one.org\/fr\/actualites\/la-faim-est-un-probleme-recurrent\/#primaryimage\"},\"image\":{\"@id\":\"https:\/\/www.one.org\/fr\/actualites\/la-faim-est-un-probleme-recurrent\/#primaryimage\"},\"thumbnailUrl\":\"https:\/\/www.one.org\/fr\/wp-content\/uploads\/sites\/4\/2023\/02\/Aftershock_2021_FeaturedImage_1200x1200_en_006.jpg\",\"datePublished\":\"2023-02-02T15:40:06+00:00\",\"dateModified\":\"2024-04-23T12:32:00+00:00\",\"author\":{\"@id\":\"\"},\"description\":\"Cette semaine dans Ondes de Choc : Nous examinons de plus pr\u00e8s les causes de l'ins\u00e9curit\u00e9 alimentaire en Afrique et les solutions pour y rem\u00e9dier.\",\"breadcrumb\":{\"@id\":\"https:\/\/www.one.org\/fr\/actualites\/la-faim-est-un-probleme-recurrent\/#breadcrumb\"},\"inLanguage\":\"fr-FR\",\"potentialAction\":[{\"@type\":\"ReadAction\",\"target\":[\"https:\/\/www.one.org\/fr\/actualites\/la-faim-est-un-probleme-recurrent\/\"]}]},{\"@type\":\"ImageObject\",\"inLanguage\":\"fr-FR\",\"@id\":\"https:\/\/www.one.org\/fr\/actualites\/la-faim-est-un-probleme-recurrent\/#primaryimage\",\"url\":\"https:\/\/www.one.org\/fr\/wp-content\/uploads\/sites\/4\/2023\/02\/Aftershock_2021_FeaturedImage_1200x1200_en_006.jpg\",\"contentUrl\":\"https:\/\/www.one.org\/fr\/wp-content\/uploads\/sites\/4\/2023\/02\/Aftershock_2021_FeaturedImage_1200x1200_en_006.jpg\",\"width\":1201,\"height\":1201},{\"@type\":\"BreadcrumbList\",\"@id\":\"https:\/\/www.one.org\/fr\/actualites\/la-faim-est-un-probleme-recurrent\/#breadcrumb\",\"itemListElement\":[{\"@type\":\"ListItem\",\"position\":1,\"name\":\"Home\",\"item\":\"https:\/\/www.one.org\/fr\/\"},{\"@type\":\"ListItem\",\"position\":2,\"name\":\"La faim est un probl\u00e8me r\u00e9current\"}]},{\"@type\":\"WebSite\",\"@id\":\"https:\/\/www.one.org\/fr\/#website\",\"url\":\"https:\/\/www.one.org\/fr\/\",\"name\":\"ONE.org\",\"description\":\"Cr\u00e9er des opportunit\u00e9s \u00e9conomiques et am\u00e9liorer la sant\u00e9 en Afrique\",\"potentialAction\":[{\"@type\":\"SearchAction\",\"target\":{\"@type\":\"EntryPoint\",\"urlTemplate\":\"https:\/\/www.one.org\/fr\/?s={search_term_string}\"},\"query-input\":{\"@type\":\"PropertyValueSpecification\",\"valueRequired\":true,\"valueName\":\"search_term_string\"}}],\"inLanguage\":\"fr-FR\"}]}<\/script>\n<!-- \/ Yoast SEO Premium plugin. -->","yoast_head_json":{"title":"La faim est un probl\u00e8me r\u00e9current - ONE.org France","description":"Cette semaine dans Ondes de Choc : Nous examinons de plus pr\u00e8s les causes de l'ins\u00e9curit\u00e9 alimentaire en Afrique et les solutions pour y rem\u00e9dier.","robots":{"index":"index","follow":"follow","max-snippet":"max-snippet:-1","max-image-preview":"max-image-preview:large","max-video-preview":"max-video-preview:-1"},"canonical":"https:\/\/www.one.org\/fr\/actualites\/la-faim-est-un-probleme-recurrent\/","og_locale":"fr_FR","og_type":"article","og_title":"La faim est un probl\u00e8me r\u00e9current","og_description":"Cette semaine dans Ondes de Choc : Nous examinons de plus pr\u00e8s les causes de l'ins\u00e9curit\u00e9 alimentaire en Afrique et les solutions pour y rem\u00e9dier.","og_url":"https:\/\/www.one.org\/fr\/actualites\/la-faim-est-un-probleme-recurrent\/","og_site_name":"ONE.org France","article_publisher":"https:\/\/www.facebook.com\/ONE.Fr","article_published_time":"2023-02-02T15:40:06+00:00","article_modified_time":"2024-04-23T12:32:00+00:00","og_image":[{"width":1201,"height":1201,"url":"https:\/\/www.one.org\/fr\/wp-content\/uploads\/sites\/4\/2023\/02\/Aftershock_2021_FeaturedImage_1200x1200_en_006.jpg","type":"image\/jpeg"}],"twitter_card":"summary_large_image","twitter_creator":"@one_fr","twitter_site":"@one_fr","twitter_misc":{"Est. reading time":"9 minutes"},"schema":{"@context":"https:\/\/schema.org","@graph":[{"@type":"Article","@id":"https:\/\/www.one.org\/fr\/actualites\/la-faim-est-un-probleme-recurrent\/#article","isPartOf":{"@id":"https:\/\/www.one.org\/fr\/actualites\/la-faim-est-un-probleme-recurrent\/"},"author":{"name":"","@id":""},"headline":"La faim est un probl\u00e8me r\u00e9current","datePublished":"2023-02-02T15:40:06+00:00","dateModified":"2024-04-23T12:32:00+00:00","mainEntityOfPage":{"@id":"https:\/\/www.one.org\/fr\/actualites\/la-faim-est-un-probleme-recurrent\/"},"wordCount":1731,"commentCount":0,"image":{"@id":"https:\/\/www.one.org\/fr\/actualites\/la-faim-est-un-probleme-recurrent\/#primaryimage"},"thumbnailUrl":"https:\/\/www.one.org\/fr\/wp-content\/uploads\/sites\/4\/2023\/02\/Aftershock_2021_FeaturedImage_1200x1200_en_006.jpg","articleSection":["Donn\u00e9es"],"inLanguage":"fr-FR","potentialAction":[{"@type":"CommentAction","name":"Comment","target":["https:\/\/www.one.org\/fr\/actualites\/la-faim-est-un-probleme-recurrent\/#respond"]}]},{"@type":"WebPage","@id":"https:\/\/www.one.org\/fr\/actualites\/la-faim-est-un-probleme-recurrent\/","url":"https:\/\/www.one.org\/fr\/actualites\/la-faim-est-un-probleme-recurrent\/","name":"La faim est un probl\u00e8me r\u00e9current - ONE.org France","isPartOf":{"@id":"https:\/\/www.one.org\/fr\/#website"},"primaryImageOfPage":{"@id":"https:\/\/www.one.org\/fr\/actualites\/la-faim-est-un-probleme-recurrent\/#primaryimage"},"image":{"@id":"https:\/\/www.one.org\/fr\/actualites\/la-faim-est-un-probleme-recurrent\/#primaryimage"},"thumbnailUrl":"https:\/\/www.one.org\/fr\/wp-content\/uploads\/sites\/4\/2023\/02\/Aftershock_2021_FeaturedImage_1200x1200_en_006.jpg","datePublished":"2023-02-02T15:40:06+00:00","dateModified":"2024-04-23T12:32:00+00:00","author":{"@id":""},"description":"Cette semaine dans Ondes de Choc : Nous examinons de plus pr\u00e8s les causes de l'ins\u00e9curit\u00e9 alimentaire en Afrique et les solutions pour y rem\u00e9dier.","breadcrumb":{"@id":"https:\/\/www.one.org\/fr\/actualites\/la-faim-est-un-probleme-recurrent\/#breadcrumb"},"inLanguage":"fr-FR","potentialAction":[{"@type":"ReadAction","target":["https:\/\/www.one.org\/fr\/actualites\/la-faim-est-un-probleme-recurrent\/"]}]},{"@type":"ImageObject","inLanguage":"fr-FR","@id":"https:\/\/www.one.org\/fr\/actualites\/la-faim-est-un-probleme-recurrent\/#primaryimage","url":"https:\/\/www.one.org\/fr\/wp-content\/uploads\/sites\/4\/2023\/02\/Aftershock_2021_FeaturedImage_1200x1200_en_006.jpg","contentUrl":"https:\/\/www.one.org\/fr\/wp-content\/uploads\/sites\/4\/2023\/02\/Aftershock_2021_FeaturedImage_1200x1200_en_006.jpg","width":1201,"height":1201},{"@type":"BreadcrumbList","@id":"https:\/\/www.one.org\/fr\/actualites\/la-faim-est-un-probleme-recurrent\/#breadcrumb","itemListElement":[{"@type":"ListItem","position":1,"name":"Home","item":"https:\/\/www.one.org\/fr\/"},{"@type":"ListItem","position":2,"name":"La faim est un probl\u00e8me r\u00e9current"}]},{"@type":"WebSite","@id":"https:\/\/www.one.org\/fr\/#website","url":"https:\/\/www.one.org\/fr\/","name":"ONE.org","description":"Cr\u00e9er des opportunit\u00e9s \u00e9conomiques et am\u00e9liorer la sant\u00e9 en Afrique","potentialAction":[{"@type":"SearchAction","target":{"@type":"EntryPoint","urlTemplate":"https:\/\/www.one.org\/fr\/?s={search_term_string}"},"query-input":{"@type":"PropertyValueSpecification","valueRequired":true,"valueName":"search_term_string"}}],"inLanguage":"fr-FR"}]}},"distributor_meta":false,"distributor_terms":false,"distributor_media":false,"distributor_original_site_name":"ONE.org France","distributor_original_site_url":"https:\/\/www.one.org\/fr","push-errors":false,"_links":{"self":[{"href":"https:\/\/www.one.org\/fr\/wp-json\/wp\/v2\/posts\/162630","targetHints":{"allow":["GET"]}}],"collection":[{"href":"https:\/\/www.one.org\/fr\/wp-json\/wp\/v2\/posts"}],"about":[{"href":"https:\/\/www.one.org\/fr\/wp-json\/wp\/v2\/types\/post"}],"replies":[{"embeddable":true,"href":"https:\/\/www.one.org\/fr\/wp-json\/wp\/v2\/comments?post=162630"}],"version-history":[{"count":0,"href":"https:\/\/www.one.org\/fr\/wp-json\/wp\/v2\/posts\/162630\/revisions"}],"wp:featuredmedia":[{"embeddable":true,"href":"https:\/\/www.one.org\/fr\/wp-json\/wp\/v2\/media\/162811"}],"wp:attachment":[{"href":"https:\/\/www.one.org\/fr\/wp-json\/wp\/v2\/media?parent=162630"}],"wp:term":[{"taxonomy":"category","embeddable":true,"href":"https:\/\/www.one.org\/fr\/wp-json\/wp\/v2\/categories?post=162630"},{"taxonomy":"post_tag","embeddable":true,"href":"https:\/\/www.one.org\/fr\/wp-json\/wp\/v2\/tags?post=162630"},{"taxonomy":"topic","embeddable":true,"href":"https:\/\/www.one.org\/fr\/wp-json\/wp\/v2\/topic?post=162630"},{"taxonomy":"contributor","embeddable":true,"href":"https:\/\/www.one.org\/fr\/wp-json\/wp\/v2\/contributor?post=162630"},{"taxonomy":"one_content_audience","embeddable":true,"href":"https:\/\/www.one.org\/fr\/wp-json\/wp\/v2\/one_content_audience?post=162630"},{"taxonomy":"one_content_type","embeddable":true,"href":"https:\/\/www.one.org\/fr\/wp-json\/wp\/v2\/one_content_type?post=162630"},{"taxonomy":"one_content_tone","embeddable":true,"href":"https:\/\/www.one.org\/fr\/wp-json\/wp\/v2\/one_content_tone?post=162630"}],"curies":[{"name":"wp","href":"https:\/\/api.w.org\/{rel}","templated":true}]}}