{"id":162626,"date":"2023-01-20T09:14:59","date_gmt":"2023-01-20T09:14:59","guid":{"rendered":"https:\/\/www.one.org\/fr\/le-forum-de-davos-ignore-deliberement-lexplosion-des-inegalites\/"},"modified":"2024-04-23T12:32:06","modified_gmt":"2024-04-23T12:32:06","slug":"le-forum-de-davos-ignore-deliberement-lexplosion-des-inegalites","status":"publish","type":"post","link":"https:\/\/www.one.org\/fr\/actualites\/le-forum-de-davos-ignore-deliberement-lexplosion-des-inegalites\/","title":{"rendered":"Le Forum de Davos ignore d\u00e9lib\u00e9r\u00e9ment l&#8217;explosion des in\u00e9galit\u00e9s"},"content":{"rendered":"<p><em>Cette semaine dans Ondes de Choc : le Forum &eacute;conomique mondial de Davos, la crise &eacute;nerg&eacute;tique sud-africaine s&rsquo;aggrave et bien plus encore.<\/em><\/p>\n<p><strong>ACTUALITES<\/strong><\/p>\n<p><strong>Davos : <\/strong>La r&eacute;union annuelle du Forum &eacute;conomique mondial s&rsquo;est tenue &agrave; Davos cette semaine, malgr&eacute; les critiques croissantes selon lesquelles ses participants sont d&eacute;connect&eacute;s des dures r&eacute;alit&eacute;s qui touchent la majeure partie du monde. C&rsquo;est peut-&ecirc;tre &agrave; cause de cela qu&rsquo;un seul chef d&rsquo;&Eacute;tat des pays du G7 &ndash; le chancelier allemand Olaf Scholz &ndash; y a particip&eacute;. Les &Eacute;tats-Unis <a href=\"https:\/\/www.news24.com\/news24\/africa\/news\/world-economic-forum-whats-in-it-for-africa-this-year-20230116\">repr&eacute;sentaient 27 % des participants<\/a>, tandis que la Suisse et le Royaume-Uni &eacute;taient loin derri&egrave;re, avec moins de 10 % chacun. L&rsquo;Afrique du Sud avait la plus grande repr&eacute;sentation africaine, bien que le pr&eacute;sident Cyril Ramaphosa se soit retir&eacute; &agrave; la derni&egrave;re minute en raison de la crise &eacute;nerg&eacute;tique que traverse son pays. Selon des personnes en interne, l&rsquo;ambiance &eacute;tait lugubre : la guerre en Ukraine, le changement climatique, les tensions g&eacute;opolitiques et des perspectives &eacute;conomiques moroses menacent une certaine id&eacute;e de la mondialisation que Davos repr&eacute;sente. Il est frappant de constater que seulement <a href=\"https:\/\/twitter.com\/David_McNair\/status\/1615478363736383490?s=20&amp;t=o96TEoYgTtyRIlTIZYWxGg\">9 % des personnes interrog&eacute;es dans le cadre du rapport<\/a> sur les risques mondiaux s&rsquo;attendent &agrave; un &laquo; regain de stabilit&eacute; avec davantage de r&eacute;silience au niveau mondial &raquo; au cours des dix prochaines ann&eacute;es. D&eacute;couvrez les coulisses dans <a href=\"https:\/\/twitter.com\/David_McNair\/status\/1615478325639614466\">ce fil Twitter<\/a> de David McNair de ONE.<\/p>\n<p><strong>Yellen d&eacute;colle :<\/strong> Une des d&eacute;cideuses les plus influentes du monde a pr&eacute;f&eacute;r&eacute; l&rsquo;Afrique aux pistes alpines de Davos cette semaine : la secr&eacute;taire d&rsquo;&Eacute;tat am&eacute;ricaine au Tr&eacute;sor, Janet Yellen, a fait la cour aux dirigeants du S&eacute;n&eacute;gal, de la Zambie et de l&rsquo;Afrique du Sud. <a href=\"https:\/\/home.treasury.gov\/news\/press-releases\/jy1186\">Son vaste programme<\/a> comprend le financement d&rsquo;investissements dans des infrastructures de qualit&eacute;, la lutte contre l&rsquo;ins&eacute;curit&eacute; alimentaire, le traitement de la dette et des vuln&eacute;rabilit&eacute;s climatiques, ainsi que la lutte contre l&rsquo;influence de la Chine et de la Russie. Ces derni&egrave;res ann&eacute;es, les visites de responsables am&eacute;ricains en Afrique ont &eacute;t&eacute; plut&ocirc;t rares. L&rsquo;administration am&eacute;ricaine actuelle <a href=\"https:\/\/www.lepoint.fr\/afrique\/janet-yellen-en-afrique-washington-confirme-son-retour-sur-le-terrain-18-01-2023-2505293_3826.php#11\">affiche sa volont&eacute; de changer cette situation<\/a>, mais certains craignent qu&rsquo;il ne <a href=\"https:\/\/foreignpolicy.com\/2022\/12\/19\/us-africa-leaders-summit-china-russia-competition-scramble\/\">s&rsquo;agisse que d&rsquo;une ru&eacute;e<\/a> vers les vastes ressources du continent &ndash; qui comprend <a href=\"https:\/\/www.ft.com\/content\/23d66a41-e9ed-44d0-967f-279fee36dba7\">au moins un tiers<\/a> des min&eacute;raux n&eacute;cessaires &agrave; la transition &eacute;nerg&eacute;tique pour une croissance verte.<\/p>\n<p><strong>Coupez !<\/strong> La frustration suscit&eacute;e par des coupures de courant r&eacute;guli&egrave;res et la forte augmentation du co&ucirc;t de l&rsquo;&eacute;lectricit&eacute; pourrait conduire &agrave; une crise politique en Afrique du Sud. Les Sud-Africains subissent des <a href=\"https:\/\/www.rfi.fr\/fr\/afrique\/20230117-les-coupures-de-courant-%C3%A0-r%C3%A9p%C3%A9tition-un-danger-pour-l-%C3%A9conomie-en-afrique-du-sud\">coupures de courant qui les privent d&rsquo;&eacute;lectricit&eacute; jusqu&rsquo;&agrave; 12 heures par jour<\/a>. L&rsquo;autorit&eacute; de r&eacute;gulation de l&rsquo;&eacute;nergie du pays a r&eacute;cemment annonc&eacute; une augmentation du tarif d&rsquo;Eskom de 18,65 % en 2023 et de 12,74 % en 2024, ce qui a entra&icirc;n&eacute; une multiplication des appels &agrave; la gr&egrave;ve et des protestations. Les partis d&rsquo;opposition ont profit&eacute; de la crise pour attaquer le parti au pouvoir, l&rsquo;ANC. Plus de 100 000 personnes<a href=\"https:\/\/www.notoincreases.co.za\/?fbclid=IwAR1qk2LOItdObG_mgiOZ7Z7MH-RcMK0yjjSKHBB-fVAeU76vbZdUUCZHFac\"> ont sign&eacute; une p&eacute;tition en ligne<\/a> du parti d&rsquo;opposition Democratic Alliance, qui exhorte le gouvernement &agrave; &laquo; garantir une &eacute;lectricit&eacute; moins ch&egrave;re et plus fiable &raquo;. Les coupures de courant menacent de <a href=\"https:\/\/www.la-croix.com\/Monde\/Afrique-Sud-Eskom-compagnie-publique-delectricite-coeur-crise-energetique-2023-01-17-1201251093\">plonger l&rsquo;&eacute;conomie du pays dans une r&eacute;cession<\/a> (d&rsquo;apr&egrave;s les &eacute;conomistes, <a href=\"https:\/\/www.bloomberg.com\/news\/articles\/2023-01-16\/economists-see-a-45-chance-of-a-south-africa-recession-in-2023?sref=sAxHhWr7\">il y a 45 % de chance <\/a>que &ccedil;a arrive en 2023).<\/p>\n<p><strong>Une &eacute;nergie en hausse :<\/strong> La Zambie a sign&eacute; un accord de 2 milliards de dollars avec les &Eacute;mirats arabes unis pour construire des centrales solaires qui augmenteront <a href=\"https:\/\/www.bloomberg.com\/news\/articles\/2023-01-17\/zambia-signs-2-billion-solar-power-development-pact-with-uae#xj4y7vzkg\">de plus de moiti&eacute; sa production d&rsquo;&eacute;nergie<\/a>. Le pays subit actuellement des coupures d&rsquo;&eacute;lectricit&eacute; pouvant aller jusqu&rsquo;&agrave; 12 heures par jour, dues en partie &agrave; la baisse du niveau des eaux qui affecte la production d&rsquo;hydro&eacute;lectricit&eacute;. La R&eacute;publique d&eacute;mocratique du Congo a sign&eacute; des contrats avec trois entreprises canadiennes et am&eacute;ricaines pour <a href=\"https:\/\/www.bloomberg.com\/news\/articles\/2023-01-14\/congo-picks-symbion-to-tap-methane-filled-lake\">la production d&rsquo;&eacute;lectricit&eacute; &agrave; partir du m&eacute;thane<\/a> captur&eacute; dans le lac Kivu. Le m&eacute;thane, qui est un puissant gaz &agrave; effet de serre, est en partie produit par des micro-organismes pr&eacute;sents dans le lac. Entre-temps, plus de 45 partenaires philanthropiques, publics et priv&eacute;s ont lanc&eacute; une nouvelle initiative, intitul&eacute;e &laquo; Giving to Amplify Earth Action &raquo; (Donner pour amplifier le pouvoir de la Terre), afin d&rsquo;aider &agrave; g&eacute;n&eacute;rer<a href=\"https:\/\/www.weforum.org\/press\/2023\/01\/new-initiative-to-help-unlock-3-trillion-needed-a-year-for-climate-and-nature\"> les 3 000 milliards de dollars n&eacute;cessaires chaque ann&eacute;e<\/a> pour lutter contre le changement climatique et la d&eacute;gradation de l&rsquo;environnement. Moins de 2% des 810 milliards de dollars de dons philanthropiques en 2021 sont destin&eacute;s &agrave; la lutte contre le changement climatique.<\/p>\n<p><strong>Une pens&eacute;e d&eacute;pass&eacute;e :<\/strong> Le Nigeria a promulgu&eacute; un nouveau projet de loi sur la sant&eacute; mentale, qui remplace la loi sur la d&eacute;mence, consid&eacute;r&eacute;e comme &laquo; d&eacute;pass&eacute;e et inhumaine &raquo; et qui fut introduite par les colons britanniques il y a plus de 100 ans. La nouvelle loi <a href=\"https:\/\/allafrica.com\/stories\/202301160145.html\">vise &agrave; am&eacute;liorer et &agrave; prot&eacute;ger<\/a> le bien-&ecirc;tre des personnes souffrant de probl&egrave;mes de sant&eacute; mentale, et s&rsquo;inscrit dans le cadre d&rsquo;une &eacute;volution mondiale visant &agrave; prot&eacute;ger la sant&eacute; mentale : l&rsquo;OMS avait demand&eacute; aux pays de mettre &agrave; jour ou d&rsquo;&eacute;laborer des lois conformes aux normes internationales avant 2020. Plus d&rsquo;un pays africain sur cinq a mis &agrave; jour sa l&eacute;gislation entre 2014 et 2017. Cette ann&eacute;e, <a href=\"https:\/\/www.theguardian.com\/global-development\/2023\/jan\/17\/patients-chained-to-walls-and-beds-freetown-sierra-leone-psychiatric-hospital\">la Sierra Leone entend r&eacute;former sa <em>Lunacy Ordinance<\/em><\/a> ou loi sur la d&eacute;mence, qui date de l&rsquo;&eacute;poque coloniale, afin de mieux prot&eacute;ger les droits des patients, et pr&eacute;voit d&rsquo;introduire des soins psychiatriques de base dans les 16 h&ocirc;pitaux de district du pays. Et dans une approche tr&egrave;s diff&eacute;rente de la *protection* de la sant&eacute; publique : certains fabricants de vaccins et le gouvernement allemand <a href=\"https:\/\/www.clubic.com\/internet\/twitter\/actualite-453855-covid-19-des-labos-auraient-fait-pression-sur-twitter-pour-censurer-les-partisans-d-un-vaccin-generique.html\">auraient exerc&eacute; des pressions sur Twitter <\/a>afin de faire taire les activistes qui militaient pour un acc&egrave;s &eacute;quitable aux vaccins. &#128561;<\/p>\n<p><strong>L&rsquo;&Eacute;QUIPE DE ONE EN ACTION :&nbsp;<\/strong><\/p>\n<ul>\n<li>La Directrice de ONE en France, Najat Vallaud-Belkacem, explique <a href=\"https:\/\/www.informelles.media\/najat-vallaud-belkacem-8-questions-a-la-femme-politique-dg-ong-one\/\">au m&eacute;dia Informelle<\/a> nos attentes pour le Fonds pour les pertes et dommages subis par les pays pauvres les plus vuln&eacute;rables au r&eacute;chauffement climatique, dont la cr&eacute;ation a &eacute;t&eacute; annonc&eacute;e &agrave; la COP27 mais qui reste enti&egrave;rement &agrave; d&eacute;finir et qui n&rsquo;est pas encore financ&eacute;.<\/li>\n<li>L&rsquo;hymne de ONE, co-&eacute;crit par David Hallyday et Christophe Mali du groupe Tryo, sortira <a href=\"https:\/\/twitter.com\/ONE_Fr\/status\/1615665301818933249\">le 1er f&eacute;vrier<\/a>. La chanteuse Isia Marie est l&rsquo;une des nombreuses artistes &agrave; pr&ecirc;ter sa voix pour cet hymne, elle explique <a href=\"https:\/\/www.instagram.com\/p\/CnkECeboXkp\/\">en vid&eacute;o<\/a> pourquoi elle s&rsquo;est engag&eacute;e aux c&ocirc;t&eacute;s de ONE.<\/li>\n<li>Gr&acirc;ce au nouveau rapport d&rsquo;Oxfam, la taxation des milliardaires et des multinationales fait d&eacute;bat. Pour mieux comprendre ces enjeux, &eacute;coutez ou r&eacute;-&eacute;coutez l&rsquo;&eacute;conomiste Gabriel Zucman, sp&eacute;cialiste des in&eacute;galit&eacute;s sociales et des paradis fiscaux, dans l&rsquo;un des premiers &eacute;pisodes de notre podcast <a href=\"https:\/\/open.spotify.com\/episode\/23NkCjuKi5FW05CHsGWNGI\">ONE World<\/a>.<\/li>\n<\/ul>\n<p><strong>LES CHIFFRES :<\/strong><\/p>\n<ul>\n<li><strong>600 000 : <\/strong>Le nombre estim&eacute; <a href=\"https:\/\/www.rfi.fr\/fr\/afrique\/20230118-%C3%A9thiopie-combien-de-morts-dans-la-guerre-du-tigr%C3%A9\">victimes<\/a> de la guerre entre l&rsquo;&Eacute;thiopie et le Tigr&eacute;.<\/li>\n<li><strong>208 : <\/strong>Le <a href=\"https:\/\/theoutlier.co.za\/loadshedding-tracker\">nombre de jours sans courant<\/a> en Afrique du Sud en 2022.<\/li>\n<li><strong>9% : <\/strong>Le pourcentage de personnes sond&eacute;es au Forum &eacute;conomique mondial de Davos qui voient <a href=\"https:\/\/www3.weforum.org\/docs\/WEF_Global_Risks_Report_2023.pdf\">un retour &agrave; la stabilit&eacute; et &agrave; la r&eacute;silience<\/a> dans les 10 prochaines ann&eacute;es.<\/li>\n<\/ul>\n<h4><em><a href=\"https:\/\/www.one.org\/fr\/nos-combats\/ondes-de-choc\/\">Inscrivez-vous<\/a>&nbsp;pour recevoir Ondes de choc,&nbsp;notre newsletter hebdomadaire pour suivre l&rsquo;impact r&eacute;el du COVID-19 en Afrique. Nous vous proposons des analyses pointues, succinctes et r&eacute;fl&eacute;chies de la part des experts de ONE.<\/em><\/h4>\n<div class=\"buffer\"><\/div>","protected":false},"excerpt":{"rendered":"<p>Cette semaine dans Ondes de Choc : le Forum &eacute;conomique mondial de Davos, la crise &eacute;nerg&eacute;tique sud-africaine s&rsquo;aggrave et bien plus encore. ACTUALITES Davos : La r&eacute;union annuelle du Forum &eacute;conomique mondial s&rsquo;est tenue &agrave; Davos cette semaine, malgr&eacute; les critiques croissantes selon lesquelles ses participants sont d&eacute;connect&eacute;s des dures r&eacute;alit&eacute;s qui touchent la majeure [&hellip;]<\/p>\n","protected":false},"author":0,"featured_media":162819,"comment_status":"open","ping_status":"open","sticky":false,"template":"","format":"standard","meta":{"_acf_changed":false,"_relevanssi_hide_post":"","_relevanssi_hide_content":"","_relevanssi_pin_for_all":"","_relevanssi_pin_keywords":"","_relevanssi_unpin_keywords":"","_relevanssi_related_keywords":"","_relevanssi_related_include_ids":"","_relevanssi_related_exclude_ids":"","_relevanssi_related_no_append":"","_relevanssi_related_not_related":"","_relevanssi_related_posts":"","_relevanssi_noindex_reason":"","footnotes":""},"categories":[34],"tags":[],"topic":[86],"contributor":[33],"one_content_audience":[],"one_content_type":[],"one_content_tone":[],"class_list":["post-162626","post","type-post","status-publish","format-standard","has-post-thumbnail","hentry","category-one","topic-ondes-de-choc","contributor-one-france"],"acf":[],"yoast_head":"<!-- This site is optimized with the Yoast SEO Premium plugin v27.1 (Yoast SEO v27.1.1) - https:\/\/yoast.com\/product\/yoast-seo-premium-wordpress\/ -->\n<title>Le Forum de Davos ignore d\u00e9lib\u00e9r\u00e9ment l&#039;explosion des in\u00e9galit\u00e9s - ONE.org France<\/title>\n<meta name=\"description\" content=\"Cette semaine dans Ondes de Choc : le Forum \u00e9conomique mondial de Davos, la crise \u00e9nerg\u00e9tique sud-africaine s&#039;aggrave et bien plus encore.\" \/>\n<meta name=\"robots\" content=\"index, follow, max-snippet:-1, max-image-preview:large, max-video-preview:-1\" \/>\n<link rel=\"canonical\" href=\"https:\/\/www.one.org\/fr\/actualites\/le-forum-de-davos-ignore-deliberement-lexplosion-des-inegalites\/\" \/>\n<meta property=\"og:locale\" content=\"fr_FR\" \/>\n<meta property=\"og:type\" content=\"article\" \/>\n<meta property=\"og:title\" content=\"Le Forum de Davos ignore d\u00e9lib\u00e9r\u00e9ment l&#039;explosion des in\u00e9galit\u00e9s\" \/>\n<meta property=\"og:description\" content=\"Cette semaine dans Ondes de Choc : le Forum \u00e9conomique mondial de Davos, la crise \u00e9nerg\u00e9tique sud-africaine s&#039;aggrave et bien plus encore.\" \/>\n<meta property=\"og:url\" content=\"https:\/\/www.one.org\/fr\/actualites\/le-forum-de-davos-ignore-deliberement-lexplosion-des-inegalites\/\" \/>\n<meta property=\"og:site_name\" content=\"ONE.org France\" \/>\n<meta property=\"article:publisher\" content=\"https:\/\/www.facebook.com\/ONE.Fr\" \/>\n<meta property=\"article:published_time\" content=\"2023-01-20T09:14:59+00:00\" \/>\n<meta property=\"article:modified_time\" content=\"2024-04-23T12:32:06+00:00\" \/>\n<meta property=\"og:image\" content=\"https:\/\/www.one.org\/fr\/wp-content\/uploads\/sites\/4\/2023\/01\/Aftershock_2021_FeaturedImage_1200x1200_en_005.jpg\" \/>\n\t<meta property=\"og:image:width\" content=\"1201\" \/>\n\t<meta property=\"og:image:height\" content=\"1201\" \/>\n\t<meta property=\"og:image:type\" content=\"image\/jpeg\" \/>\n<meta name=\"twitter:card\" content=\"summary_large_image\" \/>\n<meta name=\"twitter:creator\" content=\"@one_fr\" \/>\n<meta name=\"twitter:site\" content=\"@one_fr\" \/>\n<meta name=\"twitter:label1\" content=\"Est. reading time\" \/>\n\t<meta name=\"twitter:data1\" content=\"8 minutes\" \/>\n<script type=\"application\/ld+json\" class=\"yoast-schema-graph\">{\"@context\":\"https:\/\/schema.org\",\"@graph\":[{\"@type\":\"Article\",\"@id\":\"https:\/\/www.one.org\/fr\/actualites\/le-forum-de-davos-ignore-deliberement-lexplosion-des-inegalites\/#article\",\"isPartOf\":{\"@id\":\"https:\/\/www.one.org\/fr\/actualites\/le-forum-de-davos-ignore-deliberement-lexplosion-des-inegalites\/\"},\"author\":{\"name\":\"\",\"@id\":\"\"},\"headline\":\"Le Forum de Davos ignore d\u00e9lib\u00e9r\u00e9ment l&#8217;explosion des in\u00e9galit\u00e9s\",\"datePublished\":\"2023-01-20T09:14:59+00:00\",\"dateModified\":\"2024-04-23T12:32:06+00:00\",\"mainEntityOfPage\":{\"@id\":\"https:\/\/www.one.org\/fr\/actualites\/le-forum-de-davos-ignore-deliberement-lexplosion-des-inegalites\/\"},\"wordCount\":1539,\"commentCount\":0,\"image\":{\"@id\":\"https:\/\/www.one.org\/fr\/actualites\/le-forum-de-davos-ignore-deliberement-lexplosion-des-inegalites\/#primaryimage\"},\"thumbnailUrl\":\"https:\/\/www.one.org\/fr\/wp-content\/uploads\/sites\/4\/2023\/01\/Aftershock_2021_FeaturedImage_1200x1200_en_005.jpg\",\"articleSection\":[\"ONE\"],\"inLanguage\":\"fr-FR\",\"potentialAction\":[{\"@type\":\"CommentAction\",\"name\":\"Comment\",\"target\":[\"https:\/\/www.one.org\/fr\/actualites\/le-forum-de-davos-ignore-deliberement-lexplosion-des-inegalites\/#respond\"]}]},{\"@type\":\"WebPage\",\"@id\":\"https:\/\/www.one.org\/fr\/actualites\/le-forum-de-davos-ignore-deliberement-lexplosion-des-inegalites\/\",\"url\":\"https:\/\/www.one.org\/fr\/actualites\/le-forum-de-davos-ignore-deliberement-lexplosion-des-inegalites\/\",\"name\":\"Le Forum de Davos ignore d\u00e9lib\u00e9r\u00e9ment l'explosion des in\u00e9galit\u00e9s - ONE.org France\",\"isPartOf\":{\"@id\":\"https:\/\/www.one.org\/fr\/#website\"},\"primaryImageOfPage\":{\"@id\":\"https:\/\/www.one.org\/fr\/actualites\/le-forum-de-davos-ignore-deliberement-lexplosion-des-inegalites\/#primaryimage\"},\"image\":{\"@id\":\"https:\/\/www.one.org\/fr\/actualites\/le-forum-de-davos-ignore-deliberement-lexplosion-des-inegalites\/#primaryimage\"},\"thumbnailUrl\":\"https:\/\/www.one.org\/fr\/wp-content\/uploads\/sites\/4\/2023\/01\/Aftershock_2021_FeaturedImage_1200x1200_en_005.jpg\",\"datePublished\":\"2023-01-20T09:14:59+00:00\",\"dateModified\":\"2024-04-23T12:32:06+00:00\",\"author\":{\"@id\":\"\"},\"description\":\"Cette semaine dans Ondes de Choc : le Forum \u00e9conomique mondial de Davos, la crise \u00e9nerg\u00e9tique sud-africaine s'aggrave et bien plus encore.\",\"breadcrumb\":{\"@id\":\"https:\/\/www.one.org\/fr\/actualites\/le-forum-de-davos-ignore-deliberement-lexplosion-des-inegalites\/#breadcrumb\"},\"inLanguage\":\"fr-FR\",\"potentialAction\":[{\"@type\":\"ReadAction\",\"target\":[\"https:\/\/www.one.org\/fr\/actualites\/le-forum-de-davos-ignore-deliberement-lexplosion-des-inegalites\/\"]}]},{\"@type\":\"ImageObject\",\"inLanguage\":\"fr-FR\",\"@id\":\"https:\/\/www.one.org\/fr\/actualites\/le-forum-de-davos-ignore-deliberement-lexplosion-des-inegalites\/#primaryimage\",\"url\":\"https:\/\/www.one.org\/fr\/wp-content\/uploads\/sites\/4\/2023\/01\/Aftershock_2021_FeaturedImage_1200x1200_en_005.jpg\",\"contentUrl\":\"https:\/\/www.one.org\/fr\/wp-content\/uploads\/sites\/4\/2023\/01\/Aftershock_2021_FeaturedImage_1200x1200_en_005.jpg\",\"width\":1201,\"height\":1201},{\"@type\":\"BreadcrumbList\",\"@id\":\"https:\/\/www.one.org\/fr\/actualites\/le-forum-de-davos-ignore-deliberement-lexplosion-des-inegalites\/#breadcrumb\",\"itemListElement\":[{\"@type\":\"ListItem\",\"position\":1,\"name\":\"Home\",\"item\":\"https:\/\/www.one.org\/fr\/\"},{\"@type\":\"ListItem\",\"position\":2,\"name\":\"Le Forum de Davos ignore d\u00e9lib\u00e9r\u00e9ment l&#8217;explosion des in\u00e9galit\u00e9s\"}]},{\"@type\":\"WebSite\",\"@id\":\"https:\/\/www.one.org\/fr\/#website\",\"url\":\"https:\/\/www.one.org\/fr\/\",\"name\":\"ONE.org\",\"description\":\"Cr\u00e9er des opportunit\u00e9s \u00e9conomiques et am\u00e9liorer la sant\u00e9 en Afrique\",\"potentialAction\":[{\"@type\":\"SearchAction\",\"target\":{\"@type\":\"EntryPoint\",\"urlTemplate\":\"https:\/\/www.one.org\/fr\/?s={search_term_string}\"},\"query-input\":{\"@type\":\"PropertyValueSpecification\",\"valueRequired\":true,\"valueName\":\"search_term_string\"}}],\"inLanguage\":\"fr-FR\"}]}<\/script>\n<!-- \/ Yoast SEO Premium plugin. -->","yoast_head_json":{"title":"Le Forum de Davos ignore d\u00e9lib\u00e9r\u00e9ment l'explosion des in\u00e9galit\u00e9s - ONE.org France","description":"Cette semaine dans Ondes de Choc : le Forum \u00e9conomique mondial de Davos, la crise \u00e9nerg\u00e9tique sud-africaine s'aggrave et bien plus encore.","robots":{"index":"index","follow":"follow","max-snippet":"max-snippet:-1","max-image-preview":"max-image-preview:large","max-video-preview":"max-video-preview:-1"},"canonical":"https:\/\/www.one.org\/fr\/actualites\/le-forum-de-davos-ignore-deliberement-lexplosion-des-inegalites\/","og_locale":"fr_FR","og_type":"article","og_title":"Le Forum de Davos ignore d\u00e9lib\u00e9r\u00e9ment l'explosion des in\u00e9galit\u00e9s","og_description":"Cette semaine dans Ondes de Choc : le Forum \u00e9conomique mondial de Davos, la crise \u00e9nerg\u00e9tique sud-africaine s'aggrave et bien plus encore.","og_url":"https:\/\/www.one.org\/fr\/actualites\/le-forum-de-davos-ignore-deliberement-lexplosion-des-inegalites\/","og_site_name":"ONE.org France","article_publisher":"https:\/\/www.facebook.com\/ONE.Fr","article_published_time":"2023-01-20T09:14:59+00:00","article_modified_time":"2024-04-23T12:32:06+00:00","og_image":[{"width":1201,"height":1201,"url":"https:\/\/www.one.org\/fr\/wp-content\/uploads\/sites\/4\/2023\/01\/Aftershock_2021_FeaturedImage_1200x1200_en_005.jpg","type":"image\/jpeg"}],"twitter_card":"summary_large_image","twitter_creator":"@one_fr","twitter_site":"@one_fr","twitter_misc":{"Est. reading time":"8 minutes"},"schema":{"@context":"https:\/\/schema.org","@graph":[{"@type":"Article","@id":"https:\/\/www.one.org\/fr\/actualites\/le-forum-de-davos-ignore-deliberement-lexplosion-des-inegalites\/#article","isPartOf":{"@id":"https:\/\/www.one.org\/fr\/actualites\/le-forum-de-davos-ignore-deliberement-lexplosion-des-inegalites\/"},"author":{"name":"","@id":""},"headline":"Le Forum de Davos ignore d\u00e9lib\u00e9r\u00e9ment l&#8217;explosion des in\u00e9galit\u00e9s","datePublished":"2023-01-20T09:14:59+00:00","dateModified":"2024-04-23T12:32:06+00:00","mainEntityOfPage":{"@id":"https:\/\/www.one.org\/fr\/actualites\/le-forum-de-davos-ignore-deliberement-lexplosion-des-inegalites\/"},"wordCount":1539,"commentCount":0,"image":{"@id":"https:\/\/www.one.org\/fr\/actualites\/le-forum-de-davos-ignore-deliberement-lexplosion-des-inegalites\/#primaryimage"},"thumbnailUrl":"https:\/\/www.one.org\/fr\/wp-content\/uploads\/sites\/4\/2023\/01\/Aftershock_2021_FeaturedImage_1200x1200_en_005.jpg","articleSection":["ONE"],"inLanguage":"fr-FR","potentialAction":[{"@type":"CommentAction","name":"Comment","target":["https:\/\/www.one.org\/fr\/actualites\/le-forum-de-davos-ignore-deliberement-lexplosion-des-inegalites\/#respond"]}]},{"@type":"WebPage","@id":"https:\/\/www.one.org\/fr\/actualites\/le-forum-de-davos-ignore-deliberement-lexplosion-des-inegalites\/","url":"https:\/\/www.one.org\/fr\/actualites\/le-forum-de-davos-ignore-deliberement-lexplosion-des-inegalites\/","name":"Le Forum de Davos ignore d\u00e9lib\u00e9r\u00e9ment l'explosion des in\u00e9galit\u00e9s - ONE.org France","isPartOf":{"@id":"https:\/\/www.one.org\/fr\/#website"},"primaryImageOfPage":{"@id":"https:\/\/www.one.org\/fr\/actualites\/le-forum-de-davos-ignore-deliberement-lexplosion-des-inegalites\/#primaryimage"},"image":{"@id":"https:\/\/www.one.org\/fr\/actualites\/le-forum-de-davos-ignore-deliberement-lexplosion-des-inegalites\/#primaryimage"},"thumbnailUrl":"https:\/\/www.one.org\/fr\/wp-content\/uploads\/sites\/4\/2023\/01\/Aftershock_2021_FeaturedImage_1200x1200_en_005.jpg","datePublished":"2023-01-20T09:14:59+00:00","dateModified":"2024-04-23T12:32:06+00:00","author":{"@id":""},"description":"Cette semaine dans Ondes de Choc : le Forum \u00e9conomique mondial de Davos, la crise \u00e9nerg\u00e9tique sud-africaine s'aggrave et bien plus encore.","breadcrumb":{"@id":"https:\/\/www.one.org\/fr\/actualites\/le-forum-de-davos-ignore-deliberement-lexplosion-des-inegalites\/#breadcrumb"},"inLanguage":"fr-FR","potentialAction":[{"@type":"ReadAction","target":["https:\/\/www.one.org\/fr\/actualites\/le-forum-de-davos-ignore-deliberement-lexplosion-des-inegalites\/"]}]},{"@type":"ImageObject","inLanguage":"fr-FR","@id":"https:\/\/www.one.org\/fr\/actualites\/le-forum-de-davos-ignore-deliberement-lexplosion-des-inegalites\/#primaryimage","url":"https:\/\/www.one.org\/fr\/wp-content\/uploads\/sites\/4\/2023\/01\/Aftershock_2021_FeaturedImage_1200x1200_en_005.jpg","contentUrl":"https:\/\/www.one.org\/fr\/wp-content\/uploads\/sites\/4\/2023\/01\/Aftershock_2021_FeaturedImage_1200x1200_en_005.jpg","width":1201,"height":1201},{"@type":"BreadcrumbList","@id":"https:\/\/www.one.org\/fr\/actualites\/le-forum-de-davos-ignore-deliberement-lexplosion-des-inegalites\/#breadcrumb","itemListElement":[{"@type":"ListItem","position":1,"name":"Home","item":"https:\/\/www.one.org\/fr\/"},{"@type":"ListItem","position":2,"name":"Le Forum de Davos ignore d\u00e9lib\u00e9r\u00e9ment l&#8217;explosion des in\u00e9galit\u00e9s"}]},{"@type":"WebSite","@id":"https:\/\/www.one.org\/fr\/#website","url":"https:\/\/www.one.org\/fr\/","name":"ONE.org","description":"Cr\u00e9er des opportunit\u00e9s \u00e9conomiques et am\u00e9liorer la sant\u00e9 en Afrique","potentialAction":[{"@type":"SearchAction","target":{"@type":"EntryPoint","urlTemplate":"https:\/\/www.one.org\/fr\/?s={search_term_string}"},"query-input":{"@type":"PropertyValueSpecification","valueRequired":true,"valueName":"search_term_string"}}],"inLanguage":"fr-FR"}]}},"distributor_meta":false,"distributor_terms":false,"distributor_media":false,"distributor_original_site_name":"ONE.org France","distributor_original_site_url":"https:\/\/www.one.org\/fr","push-errors":false,"_links":{"self":[{"href":"https:\/\/www.one.org\/fr\/wp-json\/wp\/v2\/posts\/162626","targetHints":{"allow":["GET"]}}],"collection":[{"href":"https:\/\/www.one.org\/fr\/wp-json\/wp\/v2\/posts"}],"about":[{"href":"https:\/\/www.one.org\/fr\/wp-json\/wp\/v2\/types\/post"}],"replies":[{"embeddable":true,"href":"https:\/\/www.one.org\/fr\/wp-json\/wp\/v2\/comments?post=162626"}],"version-history":[{"count":0,"href":"https:\/\/www.one.org\/fr\/wp-json\/wp\/v2\/posts\/162626\/revisions"}],"wp:featuredmedia":[{"embeddable":true,"href":"https:\/\/www.one.org\/fr\/wp-json\/wp\/v2\/media\/162819"}],"wp:attachment":[{"href":"https:\/\/www.one.org\/fr\/wp-json\/wp\/v2\/media?parent=162626"}],"wp:term":[{"taxonomy":"category","embeddable":true,"href":"https:\/\/www.one.org\/fr\/wp-json\/wp\/v2\/categories?post=162626"},{"taxonomy":"post_tag","embeddable":true,"href":"https:\/\/www.one.org\/fr\/wp-json\/wp\/v2\/tags?post=162626"},{"taxonomy":"topic","embeddable":true,"href":"https:\/\/www.one.org\/fr\/wp-json\/wp\/v2\/topic?post=162626"},{"taxonomy":"contributor","embeddable":true,"href":"https:\/\/www.one.org\/fr\/wp-json\/wp\/v2\/contributor?post=162626"},{"taxonomy":"one_content_audience","embeddable":true,"href":"https:\/\/www.one.org\/fr\/wp-json\/wp\/v2\/one_content_audience?post=162626"},{"taxonomy":"one_content_type","embeddable":true,"href":"https:\/\/www.one.org\/fr\/wp-json\/wp\/v2\/one_content_type?post=162626"},{"taxonomy":"one_content_tone","embeddable":true,"href":"https:\/\/www.one.org\/fr\/wp-json\/wp\/v2\/one_content_tone?post=162626"}],"curies":[{"name":"wp","href":"https:\/\/api.w.org\/{rel}","templated":true}]}}