{"id":162623,"date":"2022-12-16T10:10:22","date_gmt":"2022-12-16T10:10:22","guid":{"rendered":"https:\/\/www.one.org\/fr\/les-etats-unis-se-disent-pleinement-engages-en-afrique\/"},"modified":"2024-04-23T12:32:13","modified_gmt":"2024-04-23T12:32:13","slug":"les-etats-unis-se-disent-pleinement-engages-en-afrique","status":"publish","type":"post","link":"https:\/\/www.one.org\/fr\/actualites\/les-etats-unis-se-disent-pleinement-engages-en-afrique\/","title":{"rendered":"Les \u00c9tats-Unis se disent \u00ab pleinement engag\u00e9s \u00bb en Afrique"},"content":{"rendered":"<p><em><span style=\"font-weight: 400\">Cette semaine dans Ondes de Choc : les &Eacute;tats-Unis d&eacute;roulent le tapis rouge pour les dirigeants africains, le Ghana commence la restructuration de sa dette et (de nouvelles) accusations d&rsquo;incitation &agrave; la haine en ligne contre Facebook.<\/span><\/em><\/p>\n<p><strong>ACTUALITES<\/strong><\/p>\n<p><strong>Tapis rouge <\/strong><span style=\"font-weight: 400\">: Cette semaine, les &Eacute;tats-Unis ont d&eacute;roul&eacute; le tapis rouge pour accueillir les d&eacute;l&eacute;gations de 49 pays africains et 45 chefs d&rsquo;Etat &agrave; l&rsquo;occasion du deuxi&egrave;me sommet &Eacute;tats-Unis\/Afrique. L&rsquo;engagement des dirigeants am&eacute;ricains aupr&egrave;s des pays africains a &eacute;t&eacute; plut&ocirc;t mod&eacute;r&eacute; au cours des derni&egrave;res ann&eacute;es. Jusqu&rsquo;&agrave; pr&eacute;sent, la seule visite du pr&eacute;sident Joe Biden dans un pays africain a &eacute;t&eacute; une br&egrave;ve escale lors de la COP27 en Egypte en novembre. Son pr&eacute;d&eacute;cesseur, Donald Trump, n&rsquo;avait effectu&eacute; aucune visite dans les pays africains, qu&rsquo;il a honteusement qualifi&eacute;s de <\/span><span style=\"font-weight: 400\">&laquo; <\/span><a href=\"https:\/\/apnews.com\/article\/immigration-north-america-donald-trump-ap-top-news-international-news-fdda2ff0b877416c8ae1c1a77a3cc425\"><span style=\"font-weight: 400\">pays de merde<\/span><\/a> <span style=\"font-weight: 400\">&raquo;<\/span><span style=\"font-weight: 400\">. Les &Eacute;tats-Unis ont discr&egrave;tement&nbsp; <\/span><a href=\"https:\/\/www.rfi.fr\/fr\/afrique\/20221215-sommet-%C3%A9tats-unis-afrique-joe-biden-salue-une-coop%C3%A9ration-%C3%A9troite-avec-l-afrique\"><span style=\"font-weight: 400\">continu&eacute; &agrave; investir massivement<\/span><\/a><span style=\"font-weight: 400\"> en Afrique &agrave; travers des projets de d&eacute;veloppement. Pourtant, leur engagement envers le continent a &eacute;t&eacute; moins coh&eacute;rent, moins collaboratif et <\/span><a href=\"https:\/\/african.business\/2022\/12\/trade-investment\/what-can-the-us-africa-leaders-summit-learn-from-china\/\"><span style=\"font-weight: 400\">moins cibl&eacute; que celui de la Chine<\/span><\/a><span style=\"font-weight: 400\"> par exemple. Alors que le commerce entre les &Eacute;tats-Unis et l&rsquo;Afrique a tripl&eacute; depuis 2002, passant de 21 &agrave; 64 milliards de dollars, le commerce entre la Chine et l&rsquo;Afrique <\/span><a href=\"https:\/\/www.france24.com\/fr\/am%C3%A9riques\/20221214-%C3%A9tats-unis-joe-biden-appelle-au-partenariat-avec-l-afrique-cl%C3%A9-du-succ%C3%A8s-pour-le-monde\"><span style=\"font-weight: 400\">s&rsquo;est envol&eacute;<\/span><\/a><span style=\"font-weight: 400\">, passant de 12 &agrave; 254 milliards de dollars. Les investissements directs &agrave; l&rsquo;&eacute;tranger des &Eacute;tats-Unis en Afrique <\/span><a href=\"https:\/\/african.business\/2022\/12\/trade-investment\/what-can-the-us-africa-leaders-summit-learn-from-china\/\"><span style=\"font-weight: 400\">ont chut&eacute;<\/span><\/a><span style=\"font-weight: 400\"> de 36 % depuis le premier sommet &Eacute;tats-Unis\/Afrique en 2014. On a quand m&ecirc;me une bonne nouvelle pour vous : le pr&eacute;sident Biden a annonc&eacute; <\/span><a href=\"https:\/\/www.aljazeera.com\/news\/2022\/12\/10\/biden-to-back-african-union-spot-in-g20-at-us-africa-summit\"><span style=\"font-weight: 400\">qu&rsquo;il soutiendrait l&rsquo;adh&eacute;sion de l&rsquo;Union africaine<\/span><\/a><span style=\"font-weight: 400\"> au sommet du G20. &#129395;<\/span><\/p>\n<p><strong>Choses anciennes, choses nouvelles :<\/strong><span style=\"font-weight: 400\"> Lors du sommet, le pr&eacute;sident Biden a d&eacute;clar&eacute; que les &Eacute;tats-Unis sont <\/span><span style=\"font-weight: 400\">&laquo; <\/span><a href=\"https:\/\/www.whitehouse.gov\/briefing-room\/speeches-remarks\/2022\/12\/14\/remarks-by-president-biden-at-the-u-s-africa-business-forum\/\"><span style=\"font-weight: 400\">pleinement engag&eacute;s<\/span><\/a> <span style=\"font-weight: 400\">&raquo;<\/span><span style=\"font-weight: 400\"> en Afrique<\/span><span style=\"font-weight: 400\">. Le pays a annonc&eacute; son intention d&rsquo;investir <\/span><a href=\"https:\/\/www.france24.com\/fr\/am%C3%A9riques\/20221214-%C3%A9tats-unis-joe-biden-appelle-au-partenariat-avec-l-afrique-cl%C3%A9-du-succ%C3%A8s-pour-le-monde\"><span style=\"font-weight: 400\">55 milliards de dollars<\/span><\/a><span style=\"font-weight: 400\"> sur le continent au cours des trois prochaines ann&eacute;es, y compris <\/span><a href=\"https:\/\/www.whitehouse.gov\/briefing-room\/statements-releases\/2022\/12\/13\/fact-sheet-u-s-africa-partnership-in-health-cooperation\/\"><span style=\"font-weight: 400\">1,33 milliard de dollars par an de 2022 &agrave; 2024<\/span><\/a><span style=\"font-weight: 400\"> pour la formation du personnel de sant&eacute;. Des engagements r&eacute;ciproques en mati&egrave;re de commerce et d&rsquo;investissement, des accords et des partenariats d&rsquo;un montant de 15 milliards de dollars <\/span><a href=\"https:\/\/www.whitehouse.gov\/briefing-room\/statements-releases\/2022\/12\/14\/fact-sheet-u-s-africa-partnership-in-promoting-two-way-trade-and-investment-in-africa\/\"><span style=\"font-weight: 400\">ont &eacute;galement &eacute;t&eacute; annonc&eacute;s<\/span><\/a><span style=\"font-weight: 400\">. Les &Eacute;tats-Unis se <\/span><a href=\"https:\/\/www.whitehouse.gov\/briefing-room\/statements-releases\/2022\/12\/14\/fact-sheet-u-s-africa-partnership-in-promoting-two-way-trade-and-investment-in-africa\/\"><span style=\"font-weight: 400\">sont engag&eacute;s &agrave; travailler<\/span><\/a><span style=\"font-weight: 400\"> avec les pays africains sur la transition climatique et &eacute;nerg&eacute;tique. Cela comprend l&rsquo;&eacute;lectrification de 10 000 &eacute;tablissements de sant&eacute; en Afrique subsaharienne, des investissements de plus de 180 millions de dollars dans les &eacute;nergies renouvelables et le soutien de projets de transition &eacute;nerg&eacute;tique au Kenya, au Malawi, au Mozambique et au Nigeria. Ces nouvelles annonces&nbsp; <\/span><a href=\"https:\/\/www.whitehouse.gov\/briefing-room\/\"><span style=\"font-weight: 400\">pr&eacute;sent&eacute;es par les &Eacute;tats-Unis<\/span><\/a><span style=\"font-weight: 400\"> vont dans le bon sens, mais il y a &eacute;galement beaucoup d&rsquo;engagements pr&eacute;-existants comptabilis&eacute;s dans ces annonces, un ph&eacute;nom&egrave;ne fr&eacute;quent lors d&rsquo;&eacute;v&eacute;nements de haut niveau (<\/span><a href=\"https:\/\/twitter.com\/fatenaggad\/status\/1602209754939822081\"><span style=\"font-weight: 400\">voir par exemple le cas de l&rsquo;initiative <\/span><em><span style=\"font-weight: 400\">Global Gateway<\/span><\/em><\/a><span style=\"font-weight: 400\"> de l&rsquo;UE).&nbsp;&nbsp;<\/span><\/p>\n<p><strong>Une id&eacute;e formidable : <\/strong><span style=\"font-weight: 400\">La derni&egrave;re &eacute;tude de ONE montre comment les banques multilat&eacute;rales de d&eacute;veloppement <\/span><a href=\"https:\/\/data.one.org\/data-dives\/unlocking-a-trillion-dollars-for-development\/\"><span style=\"font-weight: 400\">pourraient pr&ecirc;ter jusqu&rsquo;&agrave; 1 000 milliards de dollars<\/span><\/a><span style=\"font-weight: 400\"> suppl&eacute;mentaires pour aider les pays &agrave; financer leurs objectifs de d&eacute;veloppement. Les banques de d&eacute;veloppement pourraient le faire sans financement suppl&eacute;mentaire de leurs actionnaires. Elles peuvent (et devraient, selon nous) prendre des mesures pour utiliser leur capital plus efficacement.&nbsp; Cela implique une meilleure utilisation de leurs ressources existantes afin d&rsquo;augmenter leur capacit&eacute; de pr&ecirc;t, comme par exemple&nbsp; la meilleure prise en compte du <\/span><span style=\"font-weight: 400\">&laquo; <\/span><a href=\"https:\/\/odi.org\/en\/insights\/making-the-best-use-of-mdbs-2-trillion-in-callable-capital\/\"><span style=\"font-weight: 400\">capital exigible<\/span><\/a><span style=\"font-weight: 400\"> &raquo;<\/span><span style=\"font-weight: 400\">, une garantie propos&eacute;e aux actionnaires si les banques ont des difficult&eacute;s &agrave; honorer leurs dettes. Ces fonds pourraient permettre aux pays de mieux faire face &agrave; certains des d&eacute;fis les plus urgents &ndash; et les plus co&ucirc;teux &ndash; du monde, <\/span><a href=\"https:\/\/www.project-syndicate.org\/commentary\/multilateral-development-banks-climate-finance-by-frannie-leautier-1-et-al-2022-12\"><span style=\"font-weight: 400\">y compris le changement climatique<\/span><\/a><span style=\"font-weight: 400\">. C&rsquo;est une situation gagnant-gagnant &agrave; un moment o&ugrave; nous aurions tous besoin de bonnes nouvelles.&nbsp;<\/span><\/p>\n<p>&nbsp;<\/p>\n<p><strong>Passons un accord :<\/strong><span style=\"font-weight: 400\"> Le Ghana a obtenu du FMI un accord provisoire de <\/span><a href=\"https:\/\/www.rfi.fr\/fr\/afrique\/20221214-le-fmi-accorde-un-pr%C3%AAt-de-trois-milliards-de-dollars-au-ghana\"><span style=\"font-weight: 400\">restructuration de sa dette de 3 milliards de dollars<\/span><\/a><span style=\"font-weight: 400\">. Le pays est au <\/span><a href=\"https:\/\/twitter.com\/David_McNair\/status\/1600949602932633600\"><span style=\"font-weight: 400\">bord du d&eacute;faut de paiement<\/span><\/a><span style=\"font-weight: 400\"> et sa devise a enregistr&eacute; <\/span><a href=\"https:\/\/www.bloomberg.com\/news\/articles\/2022-12-13\/imf-agrees-3-billion-bailout-for-ghana-to-stabilize-economy-manage-debt\"><span style=\"font-weight: 400\">la pire performance au monde cette ann&eacute;e<\/span><\/a><span style=\"font-weight: 400\">. L&rsquo;accord constitue une &eacute;tape essentielle pour rendre la dette galopante du Ghana plus viable, mais les hauts fonctionnaires du FMI doivent encore donner leur accord. Ces derniers attendent du Ghana <\/span><a href=\"https:\/\/www.jeuneafrique.com\/1400299\/economie\/le-fmi-au-secours-du-ghana-avec-un-pret-de-3-milliards-de-dollars\/\"><span style=\"font-weight: 400\">qu&rsquo;il conclut des accords de restructuration<\/span><\/a><span style=\"font-weight: 400\"> avec le secteur priv&eacute; et les cr&eacute;anciers &eacute;trangers (ce qui n&rsquo;est pas une mince affaire). Pendant ce temps, l&rsquo;endettement des pays &agrave; revenu faible <\/span><a href=\"https:\/\/www.news24.com\/fin24\/Economy\/World\/developing-economies-debt-more-than-doubled-over-decade-world-bank-20221206\"><span style=\"font-weight: 400\">a plus que doubl&eacute;<\/span><\/a><span style=\"font-weight: 400\"> au cours de la derni&egrave;re d&eacute;cennie. Si seulement il existait un m&eacute;canisme international qui &ndash; s&rsquo;il est mis en &oelig;uvre par toutes les parties prenantes &ndash; pourrait aider &agrave; r&eacute;soudre la crise de la dette en plein essor {comme par exemple, le <\/span><span style=\"font-weight: 400\">&laquo; <\/span><span style=\"font-weight: 400\">Cadre commun <\/span><span style=\"font-weight: 400\">&raquo; <\/span><span style=\"font-weight: 400\">&#128064;}.<\/span><\/p>\n<p><strong>Faites ce que je dis, pas ce que je fais :<\/strong><span style=\"font-weight: 400\"> Le pr&eacute;sident ougandais Yoweri Museveni s&rsquo;est insurg&eacute; contre la politique deux poids, deux mesures <\/span><a href=\"https:\/\/www.africanews.com\/2022\/12\/13\/museveni-accuses-europe-of-hypocrisy-on-its-climate-and-energy-policy\/\"><span style=\"font-weight: 400\">traitement in&eacute;gal<\/span><\/a><span style=\"font-weight: 400\"> de l&rsquo;Europe en mati&egrave;re de climat et de transition &eacute;nerg&eacute;tique. L&rsquo;Union europ&eacute;enne a en effet annonc&eacute; <\/span><a href=\"https:\/\/energy.ec.europa.eu\/news\/connecting-europe-facility-over-eu-600-million-energy-infrastructure-support-european-green-deal-and-2022-12-08_fr\"><span style=\"font-weight: 400\">de nouveaux investissements dans les &eacute;nergies fossiles<\/span><\/a><span style=\"font-weight: 400\">, deux mois apr&egrave;s que son parlement a interrompu l&rsquo;avancement du projet controvers&eacute; d&rsquo;ol&eacute;oduc de p&eacute;trole brut est-africain de l&rsquo;Ouganda. Les r&eacute;centes d&eacute;cisions du Royaume-Uni d&rsquo;ouvrir <\/span><a href=\"https:\/\/www.courrierinternational.com\/article\/environnement-le-royaume-uni-va-ouvrir-une-nouvelle-mine-de-charbon-la-premiere-en-trente-ans\"><span style=\"font-weight: 400\">une nouvelle mine de charbon<\/span><\/a><span style=\"font-weight: 400\"> et des &Eacute;tats-Unis <\/span><a href=\"https:\/\/lactualite.com\/actualites\/les-etats-unis-augmenteront-leurs-exportations-de-gnl-vers-le-royaume-uni\/\"><span style=\"font-weight: 400\">d&rsquo;augmenter leurs exportations de gaz naturel liqu&eacute;fi&eacute;<\/span><\/a><span style=\"font-weight: 400\"> ont suscit&eacute; des critiques similaires de la <\/span><a href=\"https:\/\/twitter.com\/fatenaggad\/status\/1601132733635231744\"><span style=\"font-weight: 400\">part de la soci&eacute;t&eacute; civile africaine<\/span><\/a><span style=\"font-weight: 400\"> et des experts du climat.&nbsp;<\/span><\/p>\n<p><strong>Une victoire &agrave; la Pyrrhus :<\/strong><span style=\"font-weight: 400\"> Le pr&eacute;sident sud-africain Cyril Ramaphosa a &eacute;vit&eacute; <\/span><a href=\"https:\/\/www.liberation.fr\/international\/afrique\/en-afrique-du-sud-le-president-ramaphosa-plie-mais-ne-rompt-pas-20221214_ZSLPQACJ7ZEMTGF325QW3NPK7A\/?redirected=1\"><span style=\"font-weight: 400\">une proc&eacute;dure de destitution<\/span><\/a><span style=\"font-weight: 400\"> suite au vol de monnaies &eacute;trang&egrave;res non d&eacute;clar&eacute;es lors d&rsquo;un cambriolage. Il a profit&eacute; d&rsquo;avoir la majorit&eacute; parlementaire, qui a vot&eacute; en bloc contre la proc&eacute;dure. Ramaphosa a certes &eacute;vit&eacute; une proc&eacute;dure de destitution, mais<\/span><a href=\"https:\/\/www.jeuneafrique.com\/1400560\/politique\/afrique-du-sud-ramaphosa-echappe-a-une-procedure-de-destitution\/\"><span style=\"font-weight: 400\"> il restera sous surveillance<\/span><\/a><span style=\"font-weight: 400\">, la Cour constitutionnelle, la protection de l&rsquo;&Eacute;tat et la Banque centrale du pays poursuivant leurs propres enqu&ecirc;tes. Ayant pu &eacute;viter de rendre des comptes aux membres de son parti, dont beaucoup sont confront&eacute;s &agrave; leurs propres scandales de corruption, il ne sera pas facile pour Ramaphosa de conserver la position morale gr&acirc;ce &agrave; laquelle il s&rsquo;est jusqu&rsquo;&agrave; pr&eacute;sent attaqu&eacute; &agrave; la corruption au sein du gouvernement.<\/span><\/p>\n<p><strong>La place d&rsquo;une femme :<\/strong><span style=\"font-weight: 400\"> Au parlement nig&eacute;rian, <\/span><a href=\"https:\/\/www.premiumtimesng.com\/news\/top-news\/570093-nigeria-incapacitates-itself-by-excluding-women-youths-report.html\"><span style=\"font-weight: 400\">seuls quatre d&eacute;put&eacute;s sur 100 sont des femmes<\/span><\/a><span style=\"font-weight: 400\">, malgr&eacute; une l&eacute;gislation nationale qui appelle &agrave; la parit&eacute;.&#128064; De telles lois ne sont que symboliques si des comptes ne sont pas rendus au plus haut niveau et si des efforts significatifs ne sont pas d&eacute;ploy&eacute;s pour lutter contre les pr&eacute;jug&eacute;s sexistes qui sous-tendent l&rsquo;exclusion des femmes. Le S&eacute;n&eacute;gal en est un exemple : malgr&eacute; une proportion de femmes de 43,6 % au parlement national, il a &eacute;t&eacute; r&eacute;v&eacute;l&eacute; que des personnalit&eacute;s de haut rang <\/span><a href=\"https:\/\/www.opendemocracy.net\/en\/5050\/homme-choc-senegal-misogyny-women-abuse-rape-facebook\/\"><span style=\"font-weight: 400\">faisaient partie d&rsquo;un groupe ouvertement misogyne<\/span><\/a><span style=\"font-weight: 400\"> sur Facebook et de <\/span><a href=\"https:\/\/www.africanews.com\/2022\/12\/06\/senegalese-police-search-for-mps-after-parliament-brawl\/\"><span style=\"font-weight: 400\">l&rsquo;agression d&rsquo;une parlementaire<\/span><\/a><span style=\"font-weight: 400\"> par deux coll&egrave;gues masculins.<\/span><\/p>\n<p><strong>M&eacute;ta-violence :<\/strong><span style=\"font-weight: 400\"> La soci&eacute;t&eacute; Meta (n&eacute;e Facebook) <\/span><a href=\"https:\/\/www.lemonde.fr\/afrique\/article\/2022\/12\/14\/ethiopie-plainte-contre-meta-accusee-d-inaction-contre-la-haine-en-ligne_6154379_3212.html\"><span style=\"font-weight: 400\">fait face &agrave; la plainte<\/span><\/a><span style=\"font-weight: 400\"> d&rsquo;une ONG et de deux particuliers au Kenya, accusant son algorithme d&rsquo;avoir contribu&eacute; &agrave; la propagation de la haine en ligne et &agrave; l&rsquo;incitation &agrave; la violence pendant la guerre civile &eacute;thiopienne. Les plaignants demandent &agrave; Facebook d&rsquo;am&eacute;liorer la mod&eacute;ration de son contenu et de cr&eacute;er un fonds de 2 milliards de dollars pour les victimes &eacute;thiopiennes de violences provoqu&eacute;es par des messages publi&eacute;s sur la plateforme. On estime que <\/span><a href=\"https:\/\/martinplaut.com\/2022\/10\/19\/new-estimate-of-the-tigray-death-toll\/\"><span style=\"font-weight: 400\">500 000 personnes sont mortes<\/span><\/a><span style=\"font-weight: 400\"> dans le conflit entre l&rsquo;&Eacute;thiopie et le Tigre avant que les parties ne concluent un accord de paix le mois dernier. Des millions d&rsquo;autres personnes ont &eacute;t&eacute; d&eacute;plac&eacute;es et contraintes de fuir le pays, avec des <\/span><a href=\"https:\/\/www.bbc.com\/news\/world-africa-63935257\"><span style=\"font-weight: 400\">cons&eacute;quences mortelles<\/span><\/a><span style=\"font-weight: 400\"> pour certains migrants.&nbsp;<\/span><\/p>\n<p><strong>L&rsquo;&Eacute;QUIPE DE ONE EN ACTION :&nbsp;<\/strong><\/p>\n<ul>\n<li style=\"font-weight: 400\"><span style=\"font-weight: 400\">Notre podcast avec Laurence Fischer, <\/span><span style=\"font-weight: 400\">triple championne du monde de karat&eacute; et ambassadrice pour le sport est &agrave; &eacute;couter <\/span><a href=\"https:\/\/www.one.org\/fr\/blog\/face-a-la-violence-ou-a-la-maladie-laurence-fischer-propose-le-sport-comme-therapie\/\"><span style=\"font-weight: 400\">ici<\/span><\/a><span style=\"font-weight: 400\"> ! <\/span><span style=\"font-weight: 400\">&nbsp;<\/span><\/li>\n<li style=\"font-weight: 400\"><span style=\"font-weight: 400\">Clap de fin pour nos jeunes Ambassadeurs et Ambassadrices : samedi dernier, nos b&eacute;n&eacute;voles ont particip&eacute; &agrave; un atelier fresque du climat anim&eacute; par la Fondation GoodPlanet puis ont c&eacute;l&eacute;br&eacute; leur mobilisation en 2022. Merci &agrave; elles et eux pour leur <\/span><a href=\"https:\/\/twitter.com\/ONE_Fr\/status\/1601647231425449984\"><span style=\"font-weight: 400\">mobilisation cette ann&eacute;e<\/span><\/a><span style=\"font-weight: 400\"> !&nbsp;<\/span><\/li>\n<li style=\"font-weight: 400\"><span style=\"font-weight: 400\">Retrouvez la tribune de la directrice de ONE en France,&nbsp; Najat Vallaud-Belkacem, dans Le Grand Continent sur la question de la transparence financi&egrave;re : <\/span><a href=\"https:\/\/legrandcontinent.eu\/fr\/2022\/12\/08\/proteger-la-democratie-contre-lopacite-financiere\/\"><span style=\"font-weight: 400\">Prot&eacute;ger la d&eacute;mocratie contre l&rsquo;opacit&eacute; financi&egrave;re<\/span><\/a><span style=\"font-weight: 400\">.<\/span><\/li>\n<li style=\"font-weight: 400\"><span style=\"font-weight: 400\">L&rsquo;appel &agrave; candidatures pour rejoindre la promotion 2023 des jeunes Ambassadeurs et Ambassadrices est &eacute;tendu jusqu&rsquo;au 2 janvier : <\/span><a href=\"https:\/\/act.one.org\/survey\/jeunes-ambassadeurs-2023\/\"><span style=\"font-weight: 400\">rejoignez-nous<\/span><\/a><span style=\"font-weight: 400\"> !&nbsp;<\/span><\/li>\n<li style=\"font-weight: 400\"><span style=\"font-weight: 400\">Que sont les banques multilat&eacute;rales de d&eacute;veloppement, comment fonctionnent-elles et comment peuvent-elles s&rsquo;am&eacute;liorer ? D&eacute;couvrez-le dans <\/span><a href=\"https:\/\/data.one.org\/data-dives\/unlocking-a-trillion-dollars-for-development\/\"><span style=\"font-weight: 400\">notre derni&egrave;re visualisation de donn&eacute;es ici<\/span><\/a><span style=\"font-weight: 400\">.&nbsp;<\/span><\/li>\n<\/ul>\n<p><strong>LES CHIFFRES :<\/strong><\/p>\n<ul>\n<li style=\"font-weight: 400\"><strong>8,9 milliards de dollars : <\/strong><span style=\"font-weight: 400\">Le montant record lev&eacute; lors de la <\/span><a href=\"https:\/\/african.business\/2022\/12\/trade-investment\/afdbs-african-development-fund-mobilises-8-9bn-for-low-income-countries\/\"><span style=\"font-weight: 400\">derni&egrave;re reconstitution du Fonds africain de d&eacute;veloppemen<\/span><\/a><span style=\"font-weight: 400\">t, l&rsquo;instrument de pr&ecirc;t concessionnel de la Banque africaine de d&eacute;veloppement.<\/span><\/li>\n<li style=\"font-weight: 400\"><strong>1 : <\/strong><span style=\"font-weight: 400\">Le seul pays africain ayant conclu <\/span><a href=\"https:\/\/www.cnbcafrica.com\/2022\/u-s-bid-for-battery-metals-has-africa-blind-spot\/\"><span style=\"font-weight: 400\">un accord de libre-&eacute;change avec les &Eacute;tats-Unis<\/span><\/a><span style=\"font-weight: 400\">, ce qui rend donc le Maroc chanceux dans ses relations commerciales, mais moins en demi-finale de la Coupe du monde. <\/span><\/li>\n<li style=\"font-weight: 400\"><strong>11 des 20 <\/strong>pays les plus <a href=\"https:\/\/www.rescue.org\/press-release\/somalia-ethiopia-and-afghanistan-top-ircs-emergency-watchlist-2023\">menac&eacute;s par les crises humanitaires<\/a> en 2023 se trouvent en Afrique.<\/li>\n<\/ul>\n<div class=\"buffer\"><\/div>","protected":false},"excerpt":{"rendered":"<p>Cette semaine dans Ondes de Choc : les &Eacute;tats-Unis d&eacute;roulent le tapis rouge pour les dirigeants africains, le Ghana commence la restructuration de sa dette et (de nouvelles) accusations d&rsquo;incitation &agrave; la haine en ligne contre Facebook. ACTUALITES Tapis rouge : Cette semaine, les &Eacute;tats-Unis ont d&eacute;roul&eacute; le tapis rouge pour accueillir les d&eacute;l&eacute;gations de [&hellip;]<\/p>\n","protected":false},"author":0,"featured_media":162825,"comment_status":"open","ping_status":"open","sticky":false,"template":"","format":"standard","meta":{"_acf_changed":false,"_relevanssi_hide_post":"","_relevanssi_hide_content":"","_relevanssi_pin_for_all":"","_relevanssi_pin_keywords":"","_relevanssi_unpin_keywords":"","_relevanssi_related_keywords":"","_relevanssi_related_include_ids":"","_relevanssi_related_exclude_ids":"","_relevanssi_related_no_append":"","_relevanssi_related_not_related":"","_relevanssi_related_posts":"","_relevanssi_noindex_reason":"","footnotes":""},"categories":[68],"tags":[],"topic":[86],"contributor":[33],"one_content_audience":[],"one_content_type":[],"one_content_tone":[],"class_list":["post-162623","post","type-post","status-publish","format-standard","has-post-thumbnail","hentry","category-analyse","topic-ondes-de-choc","contributor-one-france"],"acf":[],"yoast_head":"<!-- This site is optimized with the Yoast SEO Premium plugin v27.1 (Yoast SEO v27.1.1) - https:\/\/yoast.com\/product\/yoast-seo-premium-wordpress\/ -->\n<title>Les \u00c9tats-Unis se disent \u00ab pleinement engag\u00e9s \u00bb en Afrique - ONE.org France<\/title>\n<meta name=\"description\" content=\"Les \u00c9tats-Unis d\u00e9roulent le tapis rouge pour les dirigeants africains, le Ghana commence la restructuration de sa dette\" \/>\n<meta name=\"robots\" content=\"index, follow, max-snippet:-1, max-image-preview:large, max-video-preview:-1\" \/>\n<link rel=\"canonical\" href=\"https:\/\/www.one.org\/fr\/actualites\/les-etats-unis-se-disent-pleinement-engages-en-afrique\/\" \/>\n<meta property=\"og:locale\" content=\"fr_FR\" \/>\n<meta property=\"og:type\" content=\"article\" \/>\n<meta property=\"og:title\" content=\"Les \u00c9tats-Unis se disent \u00ab pleinement engag\u00e9s \u00bb en Afrique\" \/>\n<meta property=\"og:description\" content=\"Les \u00c9tats-Unis d\u00e9roulent le tapis rouge pour les dirigeants africains, le Ghana commence la restructuration de sa dette\" \/>\n<meta property=\"og:url\" content=\"https:\/\/www.one.org\/fr\/actualites\/les-etats-unis-se-disent-pleinement-engages-en-afrique\/\" \/>\n<meta property=\"og:site_name\" content=\"ONE.org France\" \/>\n<meta property=\"article:publisher\" content=\"https:\/\/www.facebook.com\/ONE.Fr\" \/>\n<meta property=\"article:published_time\" content=\"2022-12-16T10:10:22+00:00\" \/>\n<meta property=\"article:modified_time\" content=\"2024-04-23T12:32:13+00:00\" \/>\n<meta property=\"og:image\" content=\"https:\/\/www.one.org\/fr\/wp-content\/uploads\/sites\/4\/2022\/12\/Picture1.jpg\" \/>\n\t<meta property=\"og:image:width\" content=\"443\" \/>\n\t<meta property=\"og:image:height\" content=\"443\" \/>\n\t<meta property=\"og:image:type\" content=\"image\/jpeg\" \/>\n<meta name=\"twitter:card\" content=\"summary_large_image\" \/>\n<meta name=\"twitter:creator\" content=\"@one_fr\" \/>\n<meta name=\"twitter:site\" content=\"@one_fr\" \/>\n<meta name=\"twitter:label1\" content=\"Est. reading time\" \/>\n\t<meta name=\"twitter:data1\" content=\"9 minutes\" \/>\n<script type=\"application\/ld+json\" class=\"yoast-schema-graph\">{\"@context\":\"https:\/\/schema.org\",\"@graph\":[{\"@type\":\"Article\",\"@id\":\"https:\/\/www.one.org\/fr\/actualites\/les-etats-unis-se-disent-pleinement-engages-en-afrique\/#article\",\"isPartOf\":{\"@id\":\"https:\/\/www.one.org\/fr\/actualites\/les-etats-unis-se-disent-pleinement-engages-en-afrique\/\"},\"author\":{\"name\":\"\",\"@id\":\"\"},\"headline\":\"Les \u00c9tats-Unis se disent \u00ab pleinement engag\u00e9s \u00bb en Afrique\",\"datePublished\":\"2022-12-16T10:10:22+00:00\",\"dateModified\":\"2024-04-23T12:32:13+00:00\",\"mainEntityOfPage\":{\"@id\":\"https:\/\/www.one.org\/fr\/actualites\/les-etats-unis-se-disent-pleinement-engages-en-afrique\/\"},\"wordCount\":1889,\"commentCount\":0,\"image\":{\"@id\":\"https:\/\/www.one.org\/fr\/actualites\/les-etats-unis-se-disent-pleinement-engages-en-afrique\/#primaryimage\"},\"thumbnailUrl\":\"https:\/\/www.one.org\/fr\/wp-content\/uploads\/sites\/4\/2022\/12\/Picture1.jpg\",\"articleSection\":[\"Analyse\"],\"inLanguage\":\"fr-FR\",\"potentialAction\":[{\"@type\":\"CommentAction\",\"name\":\"Comment\",\"target\":[\"https:\/\/www.one.org\/fr\/actualites\/les-etats-unis-se-disent-pleinement-engages-en-afrique\/#respond\"]}]},{\"@type\":\"WebPage\",\"@id\":\"https:\/\/www.one.org\/fr\/actualites\/les-etats-unis-se-disent-pleinement-engages-en-afrique\/\",\"url\":\"https:\/\/www.one.org\/fr\/actualites\/les-etats-unis-se-disent-pleinement-engages-en-afrique\/\",\"name\":\"Les \u00c9tats-Unis se disent \u00ab pleinement engag\u00e9s \u00bb en Afrique - ONE.org France\",\"isPartOf\":{\"@id\":\"https:\/\/www.one.org\/fr\/#website\"},\"primaryImageOfPage\":{\"@id\":\"https:\/\/www.one.org\/fr\/actualites\/les-etats-unis-se-disent-pleinement-engages-en-afrique\/#primaryimage\"},\"image\":{\"@id\":\"https:\/\/www.one.org\/fr\/actualites\/les-etats-unis-se-disent-pleinement-engages-en-afrique\/#primaryimage\"},\"thumbnailUrl\":\"https:\/\/www.one.org\/fr\/wp-content\/uploads\/sites\/4\/2022\/12\/Picture1.jpg\",\"datePublished\":\"2022-12-16T10:10:22+00:00\",\"dateModified\":\"2024-04-23T12:32:13+00:00\",\"author\":{\"@id\":\"\"},\"description\":\"Les \u00c9tats-Unis d\u00e9roulent le tapis rouge pour les dirigeants africains, le Ghana commence la restructuration de sa dette\",\"breadcrumb\":{\"@id\":\"https:\/\/www.one.org\/fr\/actualites\/les-etats-unis-se-disent-pleinement-engages-en-afrique\/#breadcrumb\"},\"inLanguage\":\"fr-FR\",\"potentialAction\":[{\"@type\":\"ReadAction\",\"target\":[\"https:\/\/www.one.org\/fr\/actualites\/les-etats-unis-se-disent-pleinement-engages-en-afrique\/\"]}]},{\"@type\":\"ImageObject\",\"inLanguage\":\"fr-FR\",\"@id\":\"https:\/\/www.one.org\/fr\/actualites\/les-etats-unis-se-disent-pleinement-engages-en-afrique\/#primaryimage\",\"url\":\"https:\/\/www.one.org\/fr\/wp-content\/uploads\/sites\/4\/2022\/12\/Picture1.jpg\",\"contentUrl\":\"https:\/\/www.one.org\/fr\/wp-content\/uploads\/sites\/4\/2022\/12\/Picture1.jpg\",\"width\":443,\"height\":443},{\"@type\":\"BreadcrumbList\",\"@id\":\"https:\/\/www.one.org\/fr\/actualites\/les-etats-unis-se-disent-pleinement-engages-en-afrique\/#breadcrumb\",\"itemListElement\":[{\"@type\":\"ListItem\",\"position\":1,\"name\":\"Home\",\"item\":\"https:\/\/www.one.org\/fr\/\"},{\"@type\":\"ListItem\",\"position\":2,\"name\":\"Les \u00c9tats-Unis se disent \u00ab pleinement engag\u00e9s \u00bb en Afrique\"}]},{\"@type\":\"WebSite\",\"@id\":\"https:\/\/www.one.org\/fr\/#website\",\"url\":\"https:\/\/www.one.org\/fr\/\",\"name\":\"ONE.org\",\"description\":\"Cr\u00e9er des opportunit\u00e9s \u00e9conomiques et am\u00e9liorer la sant\u00e9 en Afrique\",\"potentialAction\":[{\"@type\":\"SearchAction\",\"target\":{\"@type\":\"EntryPoint\",\"urlTemplate\":\"https:\/\/www.one.org\/fr\/?s={search_term_string}\"},\"query-input\":{\"@type\":\"PropertyValueSpecification\",\"valueRequired\":true,\"valueName\":\"search_term_string\"}}],\"inLanguage\":\"fr-FR\"}]}<\/script>\n<!-- \/ Yoast SEO Premium plugin. -->","yoast_head_json":{"title":"Les \u00c9tats-Unis se disent \u00ab pleinement engag\u00e9s \u00bb en Afrique - ONE.org France","description":"Les \u00c9tats-Unis d\u00e9roulent le tapis rouge pour les dirigeants africains, le Ghana commence la restructuration de sa dette","robots":{"index":"index","follow":"follow","max-snippet":"max-snippet:-1","max-image-preview":"max-image-preview:large","max-video-preview":"max-video-preview:-1"},"canonical":"https:\/\/www.one.org\/fr\/actualites\/les-etats-unis-se-disent-pleinement-engages-en-afrique\/","og_locale":"fr_FR","og_type":"article","og_title":"Les \u00c9tats-Unis se disent \u00ab pleinement engag\u00e9s \u00bb en Afrique","og_description":"Les \u00c9tats-Unis d\u00e9roulent le tapis rouge pour les dirigeants africains, le Ghana commence la restructuration de sa dette","og_url":"https:\/\/www.one.org\/fr\/actualites\/les-etats-unis-se-disent-pleinement-engages-en-afrique\/","og_site_name":"ONE.org France","article_publisher":"https:\/\/www.facebook.com\/ONE.Fr","article_published_time":"2022-12-16T10:10:22+00:00","article_modified_time":"2024-04-23T12:32:13+00:00","og_image":[{"width":443,"height":443,"url":"https:\/\/www.one.org\/fr\/wp-content\/uploads\/sites\/4\/2022\/12\/Picture1.jpg","type":"image\/jpeg"}],"twitter_card":"summary_large_image","twitter_creator":"@one_fr","twitter_site":"@one_fr","twitter_misc":{"Est. reading time":"9 minutes"},"schema":{"@context":"https:\/\/schema.org","@graph":[{"@type":"Article","@id":"https:\/\/www.one.org\/fr\/actualites\/les-etats-unis-se-disent-pleinement-engages-en-afrique\/#article","isPartOf":{"@id":"https:\/\/www.one.org\/fr\/actualites\/les-etats-unis-se-disent-pleinement-engages-en-afrique\/"},"author":{"name":"","@id":""},"headline":"Les \u00c9tats-Unis se disent \u00ab pleinement engag\u00e9s \u00bb en Afrique","datePublished":"2022-12-16T10:10:22+00:00","dateModified":"2024-04-23T12:32:13+00:00","mainEntityOfPage":{"@id":"https:\/\/www.one.org\/fr\/actualites\/les-etats-unis-se-disent-pleinement-engages-en-afrique\/"},"wordCount":1889,"commentCount":0,"image":{"@id":"https:\/\/www.one.org\/fr\/actualites\/les-etats-unis-se-disent-pleinement-engages-en-afrique\/#primaryimage"},"thumbnailUrl":"https:\/\/www.one.org\/fr\/wp-content\/uploads\/sites\/4\/2022\/12\/Picture1.jpg","articleSection":["Analyse"],"inLanguage":"fr-FR","potentialAction":[{"@type":"CommentAction","name":"Comment","target":["https:\/\/www.one.org\/fr\/actualites\/les-etats-unis-se-disent-pleinement-engages-en-afrique\/#respond"]}]},{"@type":"WebPage","@id":"https:\/\/www.one.org\/fr\/actualites\/les-etats-unis-se-disent-pleinement-engages-en-afrique\/","url":"https:\/\/www.one.org\/fr\/actualites\/les-etats-unis-se-disent-pleinement-engages-en-afrique\/","name":"Les \u00c9tats-Unis se disent \u00ab pleinement engag\u00e9s \u00bb en Afrique - ONE.org France","isPartOf":{"@id":"https:\/\/www.one.org\/fr\/#website"},"primaryImageOfPage":{"@id":"https:\/\/www.one.org\/fr\/actualites\/les-etats-unis-se-disent-pleinement-engages-en-afrique\/#primaryimage"},"image":{"@id":"https:\/\/www.one.org\/fr\/actualites\/les-etats-unis-se-disent-pleinement-engages-en-afrique\/#primaryimage"},"thumbnailUrl":"https:\/\/www.one.org\/fr\/wp-content\/uploads\/sites\/4\/2022\/12\/Picture1.jpg","datePublished":"2022-12-16T10:10:22+00:00","dateModified":"2024-04-23T12:32:13+00:00","author":{"@id":""},"description":"Les \u00c9tats-Unis d\u00e9roulent le tapis rouge pour les dirigeants africains, le Ghana commence la restructuration de sa dette","breadcrumb":{"@id":"https:\/\/www.one.org\/fr\/actualites\/les-etats-unis-se-disent-pleinement-engages-en-afrique\/#breadcrumb"},"inLanguage":"fr-FR","potentialAction":[{"@type":"ReadAction","target":["https:\/\/www.one.org\/fr\/actualites\/les-etats-unis-se-disent-pleinement-engages-en-afrique\/"]}]},{"@type":"ImageObject","inLanguage":"fr-FR","@id":"https:\/\/www.one.org\/fr\/actualites\/les-etats-unis-se-disent-pleinement-engages-en-afrique\/#primaryimage","url":"https:\/\/www.one.org\/fr\/wp-content\/uploads\/sites\/4\/2022\/12\/Picture1.jpg","contentUrl":"https:\/\/www.one.org\/fr\/wp-content\/uploads\/sites\/4\/2022\/12\/Picture1.jpg","width":443,"height":443},{"@type":"BreadcrumbList","@id":"https:\/\/www.one.org\/fr\/actualites\/les-etats-unis-se-disent-pleinement-engages-en-afrique\/#breadcrumb","itemListElement":[{"@type":"ListItem","position":1,"name":"Home","item":"https:\/\/www.one.org\/fr\/"},{"@type":"ListItem","position":2,"name":"Les \u00c9tats-Unis se disent \u00ab pleinement engag\u00e9s \u00bb en Afrique"}]},{"@type":"WebSite","@id":"https:\/\/www.one.org\/fr\/#website","url":"https:\/\/www.one.org\/fr\/","name":"ONE.org","description":"Cr\u00e9er des opportunit\u00e9s \u00e9conomiques et am\u00e9liorer la sant\u00e9 en Afrique","potentialAction":[{"@type":"SearchAction","target":{"@type":"EntryPoint","urlTemplate":"https:\/\/www.one.org\/fr\/?s={search_term_string}"},"query-input":{"@type":"PropertyValueSpecification","valueRequired":true,"valueName":"search_term_string"}}],"inLanguage":"fr-FR"}]}},"distributor_meta":false,"distributor_terms":false,"distributor_media":false,"distributor_original_site_name":"ONE.org France","distributor_original_site_url":"https:\/\/www.one.org\/fr","push-errors":false,"_links":{"self":[{"href":"https:\/\/www.one.org\/fr\/wp-json\/wp\/v2\/posts\/162623","targetHints":{"allow":["GET"]}}],"collection":[{"href":"https:\/\/www.one.org\/fr\/wp-json\/wp\/v2\/posts"}],"about":[{"href":"https:\/\/www.one.org\/fr\/wp-json\/wp\/v2\/types\/post"}],"replies":[{"embeddable":true,"href":"https:\/\/www.one.org\/fr\/wp-json\/wp\/v2\/comments?post=162623"}],"version-history":[{"count":0,"href":"https:\/\/www.one.org\/fr\/wp-json\/wp\/v2\/posts\/162623\/revisions"}],"wp:featuredmedia":[{"embeddable":true,"href":"https:\/\/www.one.org\/fr\/wp-json\/wp\/v2\/media\/162825"}],"wp:attachment":[{"href":"https:\/\/www.one.org\/fr\/wp-json\/wp\/v2\/media?parent=162623"}],"wp:term":[{"taxonomy":"category","embeddable":true,"href":"https:\/\/www.one.org\/fr\/wp-json\/wp\/v2\/categories?post=162623"},{"taxonomy":"post_tag","embeddable":true,"href":"https:\/\/www.one.org\/fr\/wp-json\/wp\/v2\/tags?post=162623"},{"taxonomy":"topic","embeddable":true,"href":"https:\/\/www.one.org\/fr\/wp-json\/wp\/v2\/topic?post=162623"},{"taxonomy":"contributor","embeddable":true,"href":"https:\/\/www.one.org\/fr\/wp-json\/wp\/v2\/contributor?post=162623"},{"taxonomy":"one_content_audience","embeddable":true,"href":"https:\/\/www.one.org\/fr\/wp-json\/wp\/v2\/one_content_audience?post=162623"},{"taxonomy":"one_content_type","embeddable":true,"href":"https:\/\/www.one.org\/fr\/wp-json\/wp\/v2\/one_content_type?post=162623"},{"taxonomy":"one_content_tone","embeddable":true,"href":"https:\/\/www.one.org\/fr\/wp-json\/wp\/v2\/one_content_tone?post=162623"}],"curies":[{"name":"wp","href":"https:\/\/api.w.org\/{rel}","templated":true}]}}