{"id":162613,"date":"2022-11-18T10:04:16","date_gmt":"2022-11-18T10:04:16","guid":{"rendered":"https:\/\/www.one.org\/fr\/les-dirigeants-mondiaux-se-prennent-les-pieds-dans-le-tapis\/"},"modified":"2024-04-23T12:32:25","modified_gmt":"2024-04-23T12:32:25","slug":"les-dirigeants-mondiaux-se-prennent-les-pieds-dans-le-tapis","status":"publish","type":"post","link":"https:\/\/www.one.org\/fr\/actualites\/les-dirigeants-mondiaux-se-prennent-les-pieds-dans-le-tapis\/","title":{"rendered":"Les dirigeants mondiaux se prennent les pieds dans le tapis"},"content":{"rendered":"<p><i><span style=\"font-weight: 400\">Cette semaine dans Ondes de Choc : un r\u00e9sum\u00e9 de ce qu\u2019il s\u2019est pass\u00e9 au sommet du G20 (spoiler : pas grand chose), le r\u00f4le des lobbyistes des \u00e9nergies fossiles lors de la COP27, les solutions africaines en mati\u00e8re de climat, et plus encore.<\/span><\/i><\/p>\n<p><strong>ACTUALITES<\/strong><\/p>\n<p><strong>Paroles, paroles et paroles : <\/strong>Le sommet du G20 de cette semaine <a href=\"https:\/\/www.lemonde.fr\/planete\/article\/2022\/11\/16\/climat-la-cop27-revigoree-par-les-conclusions-du-g20_6150167_3244.html\">s\u2019est achev\u00e9 sur peu d\u2019actions concr\u00e8tes<\/a> pour faire face aux crises de l\u2019ins\u00e9curit\u00e9 alimentaire, de la dette et du climat. Au lieu de pr\u00e9senter des mesures urgentes, le communiqu\u00e9 des chefs d\u2019\u00c9tat et de gouvernement n\u2019a fait que <a href=\"https:\/\/d1fdloi71mui9q.cloudfront.net\/AoiUxBV4QbyF0cMIHxxM_G20%20Bali%20Leaders-%20Declaration%2C%2015-16%20November%202022%2C%20incl%20Annex.pdf\">rappeler les engagements ant\u00e9rieurs et les demi-mesures<\/a>. Mais il y a une lueur d\u2019espoir : le pr\u00e9sident Macron a d\u00e9clar\u00e9 <a href=\"https:\/\/www.bfmtv.com\/international\/pacte-financier-avec-les-pays-du-sud-emmanuel-macron-annonce-une-conference-internationale-a-paris-en-juin-2023_VN-202211160317.html\">qu\u2019il convoquerait une conf\u00e9rence<\/a> sur un pacte financier avec les pays du Sud en juin 2023 afin de prendre des mesures concernant les droits de tirage sp\u00e9ciaux, les pertes et dommages climatiques et d\u2019autres questions qui auraient d\u00fb \u00eatre trait\u00e9es cette semaine.<\/p>\n<p><strong>Politique de repr\u00e9sentation :<\/strong> Une autre occasion manqu\u00e9e lors du sommet du G20 : ne pas accorder une plus grande repr\u00e9sentation aux 1,4 milliard d\u2019habitants de l\u2019Afrique. Malgr\u00e9 <a href=\"https:\/\/www.jeuneafrique.com\/1393564\/politique\/g20-macky-sall-veut-enfin-un-siege-permanent-pour-lafrique\/#:~:text=Macky%20Sall%2C%20Cyril%20Ramaphosa%20et,%C3%A0%20sa%20quasi%2Ddisparition%20m%C3%A9diatique.\">les appels des dirigeants africains et autres<\/a>, le G20 n\u2019a pas accord\u00e9 \u00e0 l\u2019Union africaine <a href=\"https:\/\/www.news24.com\/citypress\/business\/g20-seat-will-help-africa-push-rich-on-climate-pledges-macky-sall-20221110\">le statut de membre permanent<\/a>. Cela permettrait pourtant de combler <a href=\"https:\/\/twitter.com\/David_McNair\/status\/1592435957151981574\">le d\u00e9ficit de repr\u00e9sentation<\/a> du sommet : le G20 ne repr\u00e9sente m\u00eame pas 40 % de la population mondiale, et l\u2019Afrique, qui en repr\u00e9sente 17 %, n\u2019a qu\u2019un seul si\u00e8ge, l\u2019Afrique du sud. S\u2019il n\u2019\u00e9tait plus le pays africain \u00e9rig\u00e9 en symbole \u00e0 la table des n\u00e9gociations du G20, peut-\u00eatre que ce dernier aurait la capacit\u00e9 de mieux <a href=\"https:\/\/www.dailymaverick.co.za\/article\/2022-11-14-sa-rated-worst-g20-country-in-meeting-key-commitments-new-report\/\">respecter ses engagements<\/a>.<\/p>\n<p><strong>Offensive de Charm :<\/strong> Les dirigeants du G20 ont<a href=\"https:\/\/www.lesechos.fr\/monde\/enjeux-internationaux\/climat-fiscalite-aide-au-developpement-le-g20-reitere-ses-promesses-1879531\"> r\u00e9affirm\u00e9 leur engagement<\/a> \u00e0 limiter le r\u00e9chauffement de la plan\u00e8te \u00e0 1,5\u00b0C. Esp\u00e9rons que cela emp\u00eachera les n\u00e9gociations parall\u00e8les de la COP27 de d\u00e9raper. Certains n\u00e9gociateurs voudraient en effet repousser l\u2019objectif climatique de 1,5\u00b0C \u00e0 2\u00b0C pour \u00e9viter des mesures d\u2019att\u00e9nuation douloureuses mais n\u00e9cessaires. Pour l\u2019anecdote, le nombre de lobbyistes du secteur des \u00e9nergies fossiles qui se sont inscrits pour participer \u00e0 la COP27 (636) est <a href=\"https:\/\/www.lemonde.fr\/planete\/article\/2022\/11\/10\/la-cop27-accueille-un-nombre-record-de-lobbyistes-des-energies-fossiles_6149366_3244.html\">plus important que les d\u00e9l\u00e9gations des 10 pays les plus touch\u00e9s<\/a> par le changement climatique r\u00e9unies. Le sommet de cette ann\u00e9e a \u00e9t\u00e9 le premier <a href=\"https:\/\/www.ft.com\/content\/a29c1204-70cf-46c1-b266-780788bfa048\">\u00e0 inviter les compagnies p\u00e9troli\u00e8res et gazi\u00e8res<\/a> \u00e0 participer au programme officiel, o\u00f9 ces derni\u00e8res se sont pr\u00e9sent\u00e9es comme <a href=\"https:\/\/www.reuters.com\/business\/cop\/big-gas-chiefs-bill-themselves-climate-leaders-cop27-2022-11-14\/\">des leaders de la lutte<\/a> contre le r\u00e9chauffement climatique. ?<\/p>\n<p><strong>Aide ou distraction ?<\/strong> L\u2019Allemagne a annonc\u00e9 une contribution de 170 millions d\u2019euros au nouveau <a href=\"https:\/\/www.deutschland.de\/fr\/news\/un-bouclier-global-contre-les-risques-climatiques\">Bouclier mondial contre les risques climatiques<\/a>. Cette initiative, qui s\u2019apparente \u00e0 une assurance et qui a \u00e9t\u00e9 approuv\u00e9e par le G7 et le V20, un groupe de pays vuln\u00e9rables au changement climatique, vise \u00e0 fournir aux pays \u00e0 revenu faible des fonds pour se reconstruire apr\u00e8s des catastrophes li\u00e9es au climat. Ses d\u00e9tracteurs consid\u00e8rent ce \u00ab bouclier \u00bb comme <a href=\"https:\/\/www.dw.com\/en\/germany-g7-launch-global-shield-climate-finance-at-cop27\/a-63728889\">une distraction malvenue<\/a> par rapport aux demandes plus larges des pays vuln\u00e9rables au changement climatique, qui r\u00e9clament notamment la cr\u00e9ation imm\u00e9diate d\u2019un fonds d\u00e9di\u00e9 pour indemniser les pays \u00e0 revenu faible des pertes et dommages caus\u00e9s par le changement climatique.<\/p>\n<p><strong>Une goutte d\u2019eau :<\/strong> En parlant de pertes et dommages, la COP27 a adopt\u00e9 <a href=\"https:\/\/twitter.com\/LossandDamage\/status\/1592885785497591810\">un accord institutionnel<\/a> sur la fourniture d\u2019une assistance technique aux pays et aux communaut\u00e9s touch\u00e9s. Entre-temps, l\u2019Union europ\u00e9enne a promis <a href=\"https:\/\/www.20minutes.fr\/planete\/4010384-20221116-rechauffement-climatique-ue-promet-plus-milliard-euros-adaptation-afrique\">60 millions d\u2019euros pour les pertes et dommages<\/a> dans le cadre d\u2019un ensemble d\u2019engagements existants et nouveaux, pour un montant total de plus d\u2019un milliard d\u2019euros. Les pertes et dommages <a href=\"https:\/\/vert.eco\/articles\/la-reparation-des-pertes-et-dommages-un-sujet-crucial-pour-les-etats-balayes-par-la-crise-climatique\">pourraient co\u00fbter jusqu\u2019\u00e0 580 milliards de dollars<\/a> aux pays \u00e0 revenu faible d\u2019ici 2030, mais c\u2019est un d\u00e9but.<\/p>\n<p><strong>Beaucoup de bruit :<\/strong> Dix pays africains ont accept\u00e9 de <a href=\"https:\/\/guardian.ng\/news\/cop-27-nigeria-nine-other-countries-sign-new-africas-sustainable-commodities-declaration\/\">cultiver durablement<\/a> le cacao, le caoutchouc, l\u2019huile de palme, le caf\u00e9 et d\u2019autres produits de base de mani\u00e8re \u00e0 prot\u00e9ger les ressources foresti\u00e8res et leurs moyens de subsistance. L\u2019arr\u00eat de la d\u00e9forestation est un pilier essentiel de la lutte contre le changement climatique : le bassin du Congo peut contenir <a href=\"https:\/\/www.lemonde.fr\/planete\/visuel\/2021\/10\/29\/le-bassin-du-congo-deuxieme-puits-de-carbone-du-monde-entre-preservation-et-exploitation_6100375_3244.html\">30 milliards de tonnes de carbone<\/a>, soit l\u2019\u00e9quivalent de trois ann\u00e9es d\u2019\u00e9missions mondiales de CO2. Plus de <a href=\"https:\/\/www.profor.info\/knowledge\/forests-sub-saharan-africa-challenges-opportunities#:~:text=More%20than%2070%20percent%20of,daily%20needs%20come%20from%20forests.\">70 % des habitants de l\u2019Afrique subsaharienne<\/a> d\u00e9pendent des for\u00eats et des zones bois\u00e9es. Entre-temps, le Br\u00e9sil, la R\u00e9publique d\u00e9mocratique du Congo et l\u2019Indon\u00e9sie ont accept\u00e9 de mettre en place <a href=\"https:\/\/www.politico.cd\/encontinu\/2022\/11\/15\/la-rdc-le-bresil-et-lindonesie-trois-bassins-forestiers-tropicaux-du-monde-font-bloc-commun-pour-preserver-leurs-forets.html\/120794\/\">un m\u00e9canisme de financement durable<\/a> pour la conservation de leurs for\u00eats. Il manque cependant \u00e0 ce plan des accords contraignants et une feuille de route pour la mise en \u0153uvre.<\/p>\n<p><strong>Des emplois verts :<\/strong> L\u2019Organisation internationale du travail (OIT) a <a href=\"https:\/\/www.ilo.org\/global\/about-the-ilo\/newsroom\/news\/WCMS_861235\/lang--fr\/index.htm\">lanc\u00e9 une initiative<\/a> visant \u00e0 cr\u00e9er un million d\u2019emplois verts, \u00e0 soutenir l\u2019\u00e9cologisation d\u2019un million d\u2019emplois existants et \u00e0 aider 10 000 entrepreneurs souhaitant s\u2019engager dans des secteurs respectueux de l\u2019environnement. L\u2019initiative doit passer par les secteurs bancaires et d\u2019investissement, qui, selon l\u2019OIT, regorgent d\u2019opportunit\u00e9s mais manquent de conseils pratiques et de ressources pertinentes. C\u2019est un pari sur l\u2019avenir : les \u00e9nergies renouvelables peuvent cr\u00e9er jusqu\u2019\u00e0 <a href=\"https:\/\/data.one.org\/data-dives\/climate\/\">cinq fois plus d\u2019emplois en Afrique<\/a> que les \u00e9nergies fossiles, soit jusqu\u2019\u00e0 9 millions de nouveaux emplois d\u2019ici 2030. Un conseil pour les banques d\u2019investissement : <a href=\"https:\/\/www.nytimes.com\/2022\/11\/11\/climate\/finance-fossil-fuels-climate-change.html\">arr\u00eatez de chercher des excuses<\/a>.<\/p>\n<p><strong>L\u2019\u00c9QUIPE DE ONE EN ACTION :\u00a0<\/strong><\/p>\n<ul>\n<li>Le week-end dernier, l\u2019\u00e9quipe de ONE en France a particip\u00e9 \u00e0 l\u2019\u00e9v\u00e8nement<a href=\"https:\/\/twitter.com\/ONE_Fr\/status\/1591493991396249602\"> organis\u00e9 par la Fondation GoodPlanet<\/a> pour sensibiliser les citoyens sur les liens entre crise climatique et extr\u00eame pauvret\u00e9. Au programme, <a href=\"https:\/\/twitter.com\/ONE_Fr\/status\/1591493991396249602\">conf\u00e9rences<\/a> et<a href=\"https:\/\/twitter.com\/liliatl2\/status\/1591904977257111552\"> formations au plaidoyer<\/a> anim\u00e9es par les Jeunes Ambassadeurs et Ambassadrices et notre directrice, Najat Vallaud-Belkacem.<\/li>\n<\/ul>\n<ul>\n<li>La population mondiale a d\u00e9pass\u00e9 les 8 milliards d\u2019habitants cette semaine. David McNair de ONE <a href=\"https:\/\/twitter.com\/David_McNair\/status\/1592435885634916353\">examine<\/a> ce que cela signifie pour le monde et l\u2019Afrique.<\/li>\n<li>Serah Makka de ONE <a href=\"https:\/\/twitter.com\/szmakka\/status\/1591843961727242241\">analyse<\/a> les origines historiques du G20 et sa pertinence aujourd\u2019hui.<\/li>\n<li>Si vous l\u2019avez manqu\u00e9, retrouvez <a href=\"https:\/\/www.youtube.com\/watch?v=Acg8azwnXWw\">ici<\/a> la rediffusion de notre Think-In \u00ab Living in a heating world : lessons from the Global South \u00bb (<em>Vivre dans un monde qui se r\u00e9chauffe : le\u00e7ons \u00e0 tirer des pays du Sud<\/em>), organis\u00e9 par le New York Times et Tortoise Media en partenariat avec ONE.<\/li>\n<\/ul>\n<p><strong>LES CHIFFRES :<\/strong><\/p>\n<ul>\n<li><strong>1 000 milliards de dollars : <\/strong>C\u2019est le montant annuel des financements externes dont les march\u00e9s \u00e9mergents et les pays en d\u00e9veloppement (\u00e0 l\u2019exclusion de la Chine) auront besoin d\u2019ici 2030 pour atteindre leurs objectifs en mati\u00e8re de climat et de d\u00e9veloppement. (Groupe d\u2019experts ind\u00e9pendants de haut niveau sur le financement du climat)<\/li>\n<li><strong>1,7 % : <\/strong>C\u2019est la part estim\u00e9e des financements climats qui va aux petits agriculteurs, qui produisent un tiers de l\u2019agriculture mondiale. <a href=\"https:\/\/news.un.org\/en\/story\/2022\/11\/1130517\">(UN News)<\/a><\/li>\n<li><strong>7 mois : <\/strong>C\u2019est la dur\u00e9e de la gr\u00e8ve de la faim de l\u2019activiste \u00e9gypto-britannique emprisonn\u00e9, Alaa Abdel Fattah. <a href=\"https:\/\/www.france24.com\/fr\/afrique\/20221115-en-%C3%A9gypte-le-d%C3%A9tenu-alaa-abdel-fattah-a-interrompu-sa-gr%C3%A8ve-de-la-faim\">(France24)<\/a><\/li>\n<\/ul>\n<h4><em><a href=\"https:\/\/www.one.org\/fr\/nos-combats\/ondes-de-choc\/\">Inscrivez-vous<\/a>\u00a0pour recevoir Ondes de choc,\u00a0notre newsletter hebdomadaire pour suivre l\u2019impact r\u00e9el du COVID-19 en Afrique. Nous vous proposons des analyses pointues, succinctes et r\u00e9fl\u00e9chies de la part des experts de ONE.<\/em><\/h4>\n<h3><em><small>L\u2019Africa COVID-19 Tracker de ONE rassemble les donn\u00e9es cl\u00e9s sur l\u2019impact du COVID-19 en Afrique. Retrouvez-le\u00a0<a href=\"https:\/\/act.one.org\/go\/100472?t=70&amp;utm_source=email_95&amp;utm_medium=email&amp;utm_content=161299&amp;utm_campaign=covid19&amp;source=email&amp;akid=161299%2E10316387%2EIXR5Wj\" target=\"_blank\" rel=\"noopener\" data-saferedirecturl=\"https:\/\/www.google.com\/url?q=https:\/\/act.one.org\/go\/100472?t%3D70%26utm_source%3Demail_95%26utm_medium%3Demail%26utm_content%3D161299%26utm_campaign%3Dcovid19%26source%3Demail%26akid%3D161299%252E10316387%252EIXR5Wj&amp;source=gmail&amp;ust=1667641092979000&amp;usg=AOvVaw1z4tmY9wv-3pBWdgAZ9Sni\">ICI<\/a>.<\/small><\/em><\/h3>\n<div class=\"buffer\"><\/div>","protected":false},"excerpt":{"rendered":"<p>Cette semaine dans Ondes de Choc : un r\u00e9sum\u00e9 de ce qu\u2019il s\u2019est pass\u00e9 au sommet du G20 (spoiler : pas grand chose), le r\u00f4le des lobbyistes des \u00e9nergies fossiles lors de la COP27, les solutions africaines en mati\u00e8re de climat, et plus encore. ACTUALITES Paroles, paroles et paroles : Le sommet du G20 de [&hellip;]<\/p>\n","protected":false},"author":0,"featured_media":162841,"comment_status":"open","ping_status":"open","sticky":false,"template":"","format":"standard","meta":{"_acf_changed":false,"_relevanssi_hide_post":"","_relevanssi_hide_content":"","_relevanssi_pin_for_all":"","_relevanssi_pin_keywords":"","_relevanssi_unpin_keywords":"","_relevanssi_related_keywords":"","_relevanssi_related_include_ids":"","_relevanssi_related_exclude_ids":"","_relevanssi_related_no_append":"","_relevanssi_related_not_related":"","_relevanssi_related_posts":"165045,165022,164979,164901,164801,164384","_relevanssi_noindex_reason":"","footnotes":""},"categories":[91],"tags":[],"topic":[86],"contributor":[33],"one_content_audience":[],"one_content_type":[],"one_content_tone":[],"class_list":["post-162613","post","type-post","status-publish","format-standard","has-post-thumbnail","hentry","category-donnees","topic-ondes-de-choc","contributor-one-france"],"acf":[],"yoast_head":"<!-- This site is optimized with the Yoast SEO Premium plugin v27.1 (Yoast SEO v27.1.1) - https:\/\/yoast.com\/product\/yoast-seo-premium-wordpress\/ -->\n<title>Les dirigeants mondiaux se prennent les pieds dans le tapis - ONE.org France<\/title>\n<meta name=\"description\" content=\"Un r\u00e9sum\u00e9 de ce qu\u2019il s\u2019est pass\u00e9 au sommet du G20 (spoiler : pas grand chose), le r\u00f4le des lobbyistes des \u00e9nergies fossiles lors de la COP27\" \/>\n<meta name=\"robots\" content=\"index, follow, max-snippet:-1, max-image-preview:large, max-video-preview:-1\" \/>\n<link rel=\"canonical\" href=\"https:\/\/www.one.org\/fr\/actualites\/les-dirigeants-mondiaux-se-prennent-les-pieds-dans-le-tapis\/\" \/>\n<meta property=\"og:locale\" content=\"fr_FR\" \/>\n<meta property=\"og:type\" content=\"article\" \/>\n<meta property=\"og:title\" content=\"Les dirigeants mondiaux se prennent les pieds dans le tapis\" \/>\n<meta property=\"og:description\" content=\"Un r\u00e9sum\u00e9 de ce qu\u2019il s\u2019est pass\u00e9 au sommet du G20 (spoiler : pas grand chose), le r\u00f4le des lobbyistes des \u00e9nergies fossiles lors de la COP27\" \/>\n<meta property=\"og:url\" content=\"https:\/\/www.one.org\/fr\/actualites\/les-dirigeants-mondiaux-se-prennent-les-pieds-dans-le-tapis\/\" \/>\n<meta property=\"og:site_name\" content=\"ONE.org France\" \/>\n<meta property=\"article:publisher\" content=\"https:\/\/www.facebook.com\/ONE.Fr\" \/>\n<meta property=\"article:published_time\" content=\"2022-11-18T10:04:16+00:00\" \/>\n<meta property=\"article:modified_time\" content=\"2024-04-23T12:32:25+00:00\" \/>\n<meta property=\"og:image\" content=\"https:\/\/www.one.org\/fr\/wp-content\/uploads\/sites\/4\/2022\/11\/Aftershock_2021_FeaturedImage_1200x1200_en_002.jpg\" \/>\n\t<meta property=\"og:image:width\" content=\"1201\" \/>\n\t<meta property=\"og:image:height\" content=\"1201\" \/>\n\t<meta property=\"og:image:type\" content=\"image\/jpeg\" \/>\n<meta name=\"twitter:card\" content=\"summary_large_image\" \/>\n<meta name=\"twitter:creator\" content=\"@one_fr\" \/>\n<meta name=\"twitter:site\" content=\"@one_fr\" \/>\n<meta name=\"twitter:label1\" content=\"Est. reading time\" \/>\n\t<meta name=\"twitter:data1\" content=\"6 minutes\" \/>\n<script type=\"application\/ld+json\" class=\"yoast-schema-graph\">{\"@context\":\"https:\/\/schema.org\",\"@graph\":[{\"@type\":\"Article\",\"@id\":\"https:\/\/www.one.org\/fr\/actualites\/les-dirigeants-mondiaux-se-prennent-les-pieds-dans-le-tapis\/#article\",\"isPartOf\":{\"@id\":\"https:\/\/www.one.org\/fr\/actualites\/les-dirigeants-mondiaux-se-prennent-les-pieds-dans-le-tapis\/\"},\"author\":{\"name\":\"\",\"@id\":\"\"},\"headline\":\"Les dirigeants mondiaux se prennent les pieds dans le tapis\",\"datePublished\":\"2022-11-18T10:04:16+00:00\",\"dateModified\":\"2024-04-23T12:32:25+00:00\",\"mainEntityOfPage\":{\"@id\":\"https:\/\/www.one.org\/fr\/actualites\/les-dirigeants-mondiaux-se-prennent-les-pieds-dans-le-tapis\/\"},\"wordCount\":1252,\"commentCount\":0,\"image\":{\"@id\":\"https:\/\/www.one.org\/fr\/actualites\/les-dirigeants-mondiaux-se-prennent-les-pieds-dans-le-tapis\/#primaryimage\"},\"thumbnailUrl\":\"https:\/\/www.one.org\/fr\/wp-content\/uploads\/sites\/4\/2022\/11\/Aftershock_2021_FeaturedImage_1200x1200_en_002.jpg\",\"articleSection\":[\"Donn\u00e9es\"],\"inLanguage\":\"fr-FR\",\"potentialAction\":[{\"@type\":\"CommentAction\",\"name\":\"Comment\",\"target\":[\"https:\/\/www.one.org\/fr\/actualites\/les-dirigeants-mondiaux-se-prennent-les-pieds-dans-le-tapis\/#respond\"]}]},{\"@type\":\"WebPage\",\"@id\":\"https:\/\/www.one.org\/fr\/actualites\/les-dirigeants-mondiaux-se-prennent-les-pieds-dans-le-tapis\/\",\"url\":\"https:\/\/www.one.org\/fr\/actualites\/les-dirigeants-mondiaux-se-prennent-les-pieds-dans-le-tapis\/\",\"name\":\"Les dirigeants mondiaux se prennent les pieds dans le tapis - ONE.org France\",\"isPartOf\":{\"@id\":\"https:\/\/www.one.org\/fr\/#website\"},\"primaryImageOfPage\":{\"@id\":\"https:\/\/www.one.org\/fr\/actualites\/les-dirigeants-mondiaux-se-prennent-les-pieds-dans-le-tapis\/#primaryimage\"},\"image\":{\"@id\":\"https:\/\/www.one.org\/fr\/actualites\/les-dirigeants-mondiaux-se-prennent-les-pieds-dans-le-tapis\/#primaryimage\"},\"thumbnailUrl\":\"https:\/\/www.one.org\/fr\/wp-content\/uploads\/sites\/4\/2022\/11\/Aftershock_2021_FeaturedImage_1200x1200_en_002.jpg\",\"datePublished\":\"2022-11-18T10:04:16+00:00\",\"dateModified\":\"2024-04-23T12:32:25+00:00\",\"author\":{\"@id\":\"\"},\"description\":\"Un r\u00e9sum\u00e9 de ce qu\u2019il s\u2019est pass\u00e9 au sommet du G20 (spoiler : pas grand chose), le r\u00f4le des lobbyistes des \u00e9nergies fossiles lors de la COP27\",\"breadcrumb\":{\"@id\":\"https:\/\/www.one.org\/fr\/actualites\/les-dirigeants-mondiaux-se-prennent-les-pieds-dans-le-tapis\/#breadcrumb\"},\"inLanguage\":\"fr-FR\",\"potentialAction\":[{\"@type\":\"ReadAction\",\"target\":[\"https:\/\/www.one.org\/fr\/actualites\/les-dirigeants-mondiaux-se-prennent-les-pieds-dans-le-tapis\/\"]}]},{\"@type\":\"ImageObject\",\"inLanguage\":\"fr-FR\",\"@id\":\"https:\/\/www.one.org\/fr\/actualites\/les-dirigeants-mondiaux-se-prennent-les-pieds-dans-le-tapis\/#primaryimage\",\"url\":\"https:\/\/www.one.org\/fr\/wp-content\/uploads\/sites\/4\/2022\/11\/Aftershock_2021_FeaturedImage_1200x1200_en_002.jpg\",\"contentUrl\":\"https:\/\/www.one.org\/fr\/wp-content\/uploads\/sites\/4\/2022\/11\/Aftershock_2021_FeaturedImage_1200x1200_en_002.jpg\",\"width\":1201,\"height\":1201},{\"@type\":\"BreadcrumbList\",\"@id\":\"https:\/\/www.one.org\/fr\/actualites\/les-dirigeants-mondiaux-se-prennent-les-pieds-dans-le-tapis\/#breadcrumb\",\"itemListElement\":[{\"@type\":\"ListItem\",\"position\":1,\"name\":\"Home\",\"item\":\"https:\/\/www.one.org\/fr\/\"},{\"@type\":\"ListItem\",\"position\":2,\"name\":\"Les dirigeants mondiaux se prennent les pieds dans le tapis\"}]},{\"@type\":\"WebSite\",\"@id\":\"https:\/\/www.one.org\/fr\/#website\",\"url\":\"https:\/\/www.one.org\/fr\/\",\"name\":\"ONE.org\",\"description\":\"Cr\u00e9er des opportunit\u00e9s \u00e9conomiques et am\u00e9liorer la sant\u00e9 en Afrique\",\"potentialAction\":[{\"@type\":\"SearchAction\",\"target\":{\"@type\":\"EntryPoint\",\"urlTemplate\":\"https:\/\/www.one.org\/fr\/?s={search_term_string}\"},\"query-input\":{\"@type\":\"PropertyValueSpecification\",\"valueRequired\":true,\"valueName\":\"search_term_string\"}}],\"inLanguage\":\"fr-FR\"}]}<\/script>\n<!-- \/ Yoast SEO Premium plugin. -->","yoast_head_json":{"title":"Les dirigeants mondiaux se prennent les pieds dans le tapis - ONE.org France","description":"Un r\u00e9sum\u00e9 de ce qu\u2019il s\u2019est pass\u00e9 au sommet du G20 (spoiler : pas grand chose), le r\u00f4le des lobbyistes des \u00e9nergies fossiles lors de la COP27","robots":{"index":"index","follow":"follow","max-snippet":"max-snippet:-1","max-image-preview":"max-image-preview:large","max-video-preview":"max-video-preview:-1"},"canonical":"https:\/\/www.one.org\/fr\/actualites\/les-dirigeants-mondiaux-se-prennent-les-pieds-dans-le-tapis\/","og_locale":"fr_FR","og_type":"article","og_title":"Les dirigeants mondiaux se prennent les pieds dans le tapis","og_description":"Un r\u00e9sum\u00e9 de ce qu\u2019il s\u2019est pass\u00e9 au sommet du G20 (spoiler : pas grand chose), le r\u00f4le des lobbyistes des \u00e9nergies fossiles lors de la COP27","og_url":"https:\/\/www.one.org\/fr\/actualites\/les-dirigeants-mondiaux-se-prennent-les-pieds-dans-le-tapis\/","og_site_name":"ONE.org France","article_publisher":"https:\/\/www.facebook.com\/ONE.Fr","article_published_time":"2022-11-18T10:04:16+00:00","article_modified_time":"2024-04-23T12:32:25+00:00","og_image":[{"width":1201,"height":1201,"url":"https:\/\/www.one.org\/fr\/wp-content\/uploads\/sites\/4\/2022\/11\/Aftershock_2021_FeaturedImage_1200x1200_en_002.jpg","type":"image\/jpeg"}],"twitter_card":"summary_large_image","twitter_creator":"@one_fr","twitter_site":"@one_fr","twitter_misc":{"Est. reading time":"6 minutes"},"schema":{"@context":"https:\/\/schema.org","@graph":[{"@type":"Article","@id":"https:\/\/www.one.org\/fr\/actualites\/les-dirigeants-mondiaux-se-prennent-les-pieds-dans-le-tapis\/#article","isPartOf":{"@id":"https:\/\/www.one.org\/fr\/actualites\/les-dirigeants-mondiaux-se-prennent-les-pieds-dans-le-tapis\/"},"author":{"name":"","@id":""},"headline":"Les dirigeants mondiaux se prennent les pieds dans le tapis","datePublished":"2022-11-18T10:04:16+00:00","dateModified":"2024-04-23T12:32:25+00:00","mainEntityOfPage":{"@id":"https:\/\/www.one.org\/fr\/actualites\/les-dirigeants-mondiaux-se-prennent-les-pieds-dans-le-tapis\/"},"wordCount":1252,"commentCount":0,"image":{"@id":"https:\/\/www.one.org\/fr\/actualites\/les-dirigeants-mondiaux-se-prennent-les-pieds-dans-le-tapis\/#primaryimage"},"thumbnailUrl":"https:\/\/www.one.org\/fr\/wp-content\/uploads\/sites\/4\/2022\/11\/Aftershock_2021_FeaturedImage_1200x1200_en_002.jpg","articleSection":["Donn\u00e9es"],"inLanguage":"fr-FR","potentialAction":[{"@type":"CommentAction","name":"Comment","target":["https:\/\/www.one.org\/fr\/actualites\/les-dirigeants-mondiaux-se-prennent-les-pieds-dans-le-tapis\/#respond"]}]},{"@type":"WebPage","@id":"https:\/\/www.one.org\/fr\/actualites\/les-dirigeants-mondiaux-se-prennent-les-pieds-dans-le-tapis\/","url":"https:\/\/www.one.org\/fr\/actualites\/les-dirigeants-mondiaux-se-prennent-les-pieds-dans-le-tapis\/","name":"Les dirigeants mondiaux se prennent les pieds dans le tapis - ONE.org France","isPartOf":{"@id":"https:\/\/www.one.org\/fr\/#website"},"primaryImageOfPage":{"@id":"https:\/\/www.one.org\/fr\/actualites\/les-dirigeants-mondiaux-se-prennent-les-pieds-dans-le-tapis\/#primaryimage"},"image":{"@id":"https:\/\/www.one.org\/fr\/actualites\/les-dirigeants-mondiaux-se-prennent-les-pieds-dans-le-tapis\/#primaryimage"},"thumbnailUrl":"https:\/\/www.one.org\/fr\/wp-content\/uploads\/sites\/4\/2022\/11\/Aftershock_2021_FeaturedImage_1200x1200_en_002.jpg","datePublished":"2022-11-18T10:04:16+00:00","dateModified":"2024-04-23T12:32:25+00:00","author":{"@id":""},"description":"Un r\u00e9sum\u00e9 de ce qu\u2019il s\u2019est pass\u00e9 au sommet du G20 (spoiler : pas grand chose), le r\u00f4le des lobbyistes des \u00e9nergies fossiles lors de la COP27","breadcrumb":{"@id":"https:\/\/www.one.org\/fr\/actualites\/les-dirigeants-mondiaux-se-prennent-les-pieds-dans-le-tapis\/#breadcrumb"},"inLanguage":"fr-FR","potentialAction":[{"@type":"ReadAction","target":["https:\/\/www.one.org\/fr\/actualites\/les-dirigeants-mondiaux-se-prennent-les-pieds-dans-le-tapis\/"]}]},{"@type":"ImageObject","inLanguage":"fr-FR","@id":"https:\/\/www.one.org\/fr\/actualites\/les-dirigeants-mondiaux-se-prennent-les-pieds-dans-le-tapis\/#primaryimage","url":"https:\/\/www.one.org\/fr\/wp-content\/uploads\/sites\/4\/2022\/11\/Aftershock_2021_FeaturedImage_1200x1200_en_002.jpg","contentUrl":"https:\/\/www.one.org\/fr\/wp-content\/uploads\/sites\/4\/2022\/11\/Aftershock_2021_FeaturedImage_1200x1200_en_002.jpg","width":1201,"height":1201},{"@type":"BreadcrumbList","@id":"https:\/\/www.one.org\/fr\/actualites\/les-dirigeants-mondiaux-se-prennent-les-pieds-dans-le-tapis\/#breadcrumb","itemListElement":[{"@type":"ListItem","position":1,"name":"Home","item":"https:\/\/www.one.org\/fr\/"},{"@type":"ListItem","position":2,"name":"Les dirigeants mondiaux se prennent les pieds dans le tapis"}]},{"@type":"WebSite","@id":"https:\/\/www.one.org\/fr\/#website","url":"https:\/\/www.one.org\/fr\/","name":"ONE.org","description":"Cr\u00e9er des opportunit\u00e9s \u00e9conomiques et am\u00e9liorer la sant\u00e9 en Afrique","potentialAction":[{"@type":"SearchAction","target":{"@type":"EntryPoint","urlTemplate":"https:\/\/www.one.org\/fr\/?s={search_term_string}"},"query-input":{"@type":"PropertyValueSpecification","valueRequired":true,"valueName":"search_term_string"}}],"inLanguage":"fr-FR"}]}},"distributor_meta":false,"distributor_terms":false,"distributor_media":false,"distributor_original_site_name":"ONE.org France","distributor_original_site_url":"https:\/\/www.one.org\/fr","push-errors":false,"_links":{"self":[{"href":"https:\/\/www.one.org\/fr\/wp-json\/wp\/v2\/posts\/162613","targetHints":{"allow":["GET"]}}],"collection":[{"href":"https:\/\/www.one.org\/fr\/wp-json\/wp\/v2\/posts"}],"about":[{"href":"https:\/\/www.one.org\/fr\/wp-json\/wp\/v2\/types\/post"}],"replies":[{"embeddable":true,"href":"https:\/\/www.one.org\/fr\/wp-json\/wp\/v2\/comments?post=162613"}],"version-history":[{"count":0,"href":"https:\/\/www.one.org\/fr\/wp-json\/wp\/v2\/posts\/162613\/revisions"}],"wp:featuredmedia":[{"embeddable":true,"href":"https:\/\/www.one.org\/fr\/wp-json\/wp\/v2\/media\/162841"}],"wp:attachment":[{"href":"https:\/\/www.one.org\/fr\/wp-json\/wp\/v2\/media?parent=162613"}],"wp:term":[{"taxonomy":"category","embeddable":true,"href":"https:\/\/www.one.org\/fr\/wp-json\/wp\/v2\/categories?post=162613"},{"taxonomy":"post_tag","embeddable":true,"href":"https:\/\/www.one.org\/fr\/wp-json\/wp\/v2\/tags?post=162613"},{"taxonomy":"topic","embeddable":true,"href":"https:\/\/www.one.org\/fr\/wp-json\/wp\/v2\/topic?post=162613"},{"taxonomy":"contributor","embeddable":true,"href":"https:\/\/www.one.org\/fr\/wp-json\/wp\/v2\/contributor?post=162613"},{"taxonomy":"one_content_audience","embeddable":true,"href":"https:\/\/www.one.org\/fr\/wp-json\/wp\/v2\/one_content_audience?post=162613"},{"taxonomy":"one_content_type","embeddable":true,"href":"https:\/\/www.one.org\/fr\/wp-json\/wp\/v2\/one_content_type?post=162613"},{"taxonomy":"one_content_tone","embeddable":true,"href":"https:\/\/www.one.org\/fr\/wp-json\/wp\/v2\/one_content_tone?post=162613"}],"curies":[{"name":"wp","href":"https:\/\/api.w.org\/{rel}","templated":true}]}}