{"id":162612,"date":"2022-11-10T17:41:34","date_gmt":"2022-11-10T17:41:34","guid":{"rendered":"https:\/\/www.one.org\/fr\/cop27-les-pays-riches-sur-le-grill\/"},"modified":"2023-12-08T12:56:11","modified_gmt":"2023-12-08T12:56:11","slug":"cop27-les-pays-riches-sur-le-grill","status":"publish","type":"post","link":"https:\/\/www.one.org\/fr\/actualites\/cop27-les-pays-riches-sur-le-grill\/","title":{"rendered":"COP27 : les pays riches sur le grill ?"},"content":{"rendered":"<p><i><span style=\"font-weight: 400\">Cette semaine dans Ondes de Choc : Les dirigeants du monde entier se sont rendus \u00e0 Charm el-Sheikh pour la COP27. Les participants ont d\u00e9battu de la question de savoir qui doit payer la facture des pertes et dommages caus\u00e9s par le changement climatique. La premi\u00e8re ministre de la Barbade, Mia Mottley, a critiqu\u00e9 l\u2019exploitation, la destruction de l\u2019environnement et l\u2019inaction des pays riches. Le FMI a propos\u00e9 de nouvelles r\u00e8gles pour l\u2019octroi de pr\u00eats plus respectueux de l\u2019environnement tandis que la r\u00e9pression \u00e9gyptienne \u00e0 l\u2019\u00e9gard des dissidents a jet\u00e9 une ombre au tableau.<\/span><\/i><\/p>\n<h3><b>ACTUALITES<\/b><\/h3>\n<p><b>Station-service <\/b><span style=\"font-weight: 400\">: Alors que les chefs d\u2019\u00c9tat et de gouvernement se r\u00e9unissent en \u00c9gypte pour la conf\u00e9rence des Nations unies sur le climat, ils sont accus\u00e9s de traiter l\u2019Afrique comme une <\/span><span style=\"font-weight: 400\">\u00ab <\/span><span style=\"font-weight: 400\">station-service <\/span><span style=\"font-weight: 400\">\u00bb<\/span><span style=\"font-weight: 400\">. Face aux inqui\u00e9tudes croissantes concernant la<\/span><a href=\"https:\/\/www.iea.org\/reports\/world-energy-outlook-2022\/key-findings\"><span style=\"font-weight: 400\"> d\u00e9pendance de l\u2019Europe au gaz russe<\/span><\/a><span style=\"font-weight: 400\">, les pays de l\u2019UE se tournent de plus en plus vers l\u2019Afrique pour assurer leur s\u00e9curit\u00e9 \u00e9nerg\u00e9tique. Parall\u00e8lement, le dernier rapport de l\u2019Agence internationale de l\u2019\u00e9nergie montre que le nombre de personnes <\/span><a href=\"https:\/\/www.iea.org\/reports\/world-energy-outlook-2022\/key-findings\"><span style=\"font-weight: 400\">n\u2019ayant pas acc\u00e8s \u00e0 l\u2019\u00e9nergie moderne<\/span><\/a><span style=\"font-weight: 400\"> augmente pour la premi\u00e8re fois en dix ans. Environ 75 millions de personnes qui ont r\u00e9cemment obtenu l\u2019acc\u00e8s \u00e0 l\u2019\u00e9lectricit\u00e9 risquent de ne plus pouvoir la payer, et 100 millions de personnes pourraient revenir \u00e0 l\u2019utilisation de la biomasse traditionnelle pour cuisiner. Sur les quelque 750 millions de personnes qui n\u2019ont pas acc\u00e8s \u00e0 l\u2019\u00e9lectricit\u00e9 dans le monde, 600 millions vivent en Afrique.<\/span><\/p>\n<p><b>Extinction : <\/b><span style=\"font-weight: 400\">Sans engagements ambitieux en mati\u00e8re de r\u00e9duction des \u00e9missions, les chances de <\/span><a href=\"https:\/\/hadleyserver.metoffice.gov.uk\/wmolc\/WMO_GADCU_2022-2026.pdf\"><span style=\"font-weight: 400\">d\u00e9passer<\/span><\/a><span style=\"font-weight: 400\"> la barre des 1,5\u00b0C d\u2019ici 2026 se r\u00e9sument <\/span><a href=\"https:\/\/www.ipcc.ch\/site\/assets\/uploads\/sites\/2\/2019\/09\/SR15_Summary_Volume_french.pdf\"><span style=\"font-weight: 400\">\u00e0 tirer \u00e0 pile ou face<\/span><\/a><span style=\"font-weight: 400\">. Seuls <\/span><a href=\"https:\/\/news.un.org\/en\/story\/2022\/11\/1130242\"><span style=\"font-weight: 400\">29 pays (sur 200 !)<\/span><\/a><span style=\"font-weight: 400\"> ont respect\u00e9 l\u2019\u00e9ch\u00e9ance de septembre 2022 pour soumettre des objectifs climatiques actualis\u00e9s permettant de maintenir la trajectoire d\u2019un r\u00e9chauffement de 1,5 degr\u00e9. Pour rappel : \u00e0 <\/span><span style=\"font-weight: 400\">1,5\u00b0C,<\/span><span style=\"font-weight: 400\"> nous avons <\/span><a href=\"https:\/\/www.liberation.fr\/environnement\/climat\/rechauffement-climatique-de-15-a-4c-apocalypse-now-ou-plus-tard-20220119_5KXJXEQJWJACZP76B5SHSKPYB4\/?redirected=1\"><span style=\"font-weight: 400\">cinq fois plus de chance de conna\u00eetre des vagues de chaleur<\/span><\/a><span style=\"font-weight: 400\">, entra\u00eenant une augmentation massive de d\u00e9c\u00e8s. L\u2019\u00e9l\u00e9vation du niveau des mers engloutit les pays situ\u00e9s \u00e0 faible altitude, o\u00f9 vivent actuellement <\/span><a href=\"https:\/\/iopscience.iop.org\/article\/10.1088\/1748-9326\/ac2e6b\/pdf\"><span style=\"font-weight: 400\">plus de 600 millions de personnes<\/span><\/a><span style=\"font-weight: 400\">. A <\/span><span style=\"font-weight: 400\">2\u00b0C<\/span><span style=\"font-weight: 400\">, <\/span><a href=\"https:\/\/www.economist.com\/the-economist-explains\/2021\/03\/30\/what-would-different-levels-of-global-warming-look-like\"><span style=\"font-weight: 400\">400 millions de personnes<\/span><\/a><span style=\"font-weight: 400\"> dans le monde seront expos\u00e9es \u00e0 une chaleur extr\u00eame et pr\u00e8s de 20 % des esp\u00e8ces africaines seront menac\u00e9es <\/span><a href=\"https:\/\/www.ipcc.ch\/report\/ar6\/wg2\/downloads\/outreach\/IPCC_AR6_WGII_FactSheet_Africa.pdf\"><span style=\"font-weight: 400\">d\u2019extinction<\/span><\/a><span style=\"font-weight: 400\">. \u00c0 <\/span><span style=\"font-weight: 400\">3\u00b0C<\/span><span style=\"font-weight: 400\">, un tiers de la population de Lagos sera <\/span><a href=\"https:\/\/www.youtube.com\/watch?v=uynhvHZUOOo&amp;t=506s\"><span style=\"font-weight: 400\">d\u00e9plac\u00e9e<\/span><\/a><span style=\"font-weight: 400\"> par la mont\u00e9e du niveau de la mer et la quasi-totalit\u00e9 des terres cultivables africaines ne seront <\/span><a href=\"https:\/\/wedocs.unep.org\/bitstream\/handle\/20.500.11822\/8376\/-Africas%20adaptation%20gap-2013Africa%20Adapatation%20Gap%20report-%20small_2013.pdf?sequence=2&amp;%3BisAllowed=\"><span style=\"font-weight: 400\">plus viables<\/span><\/a><span style=\"font-weight: 400\">. Et \u00e0 <\/span><span style=\"font-weight: 400\">4\u00b0C<\/span><span style=\"font-weight: 400\">, le PIB par habitant en Afrique subsaharienne <\/span><a href=\"https:\/\/www.nature.com\/articles\/nature15725\"><span style=\"font-weight: 400\">diminuera de 80 % d\u2019ici 2100<\/span><\/a><span style=\"font-weight: 400\">. Mais bien s\u00fbr, il est politiquement impossible de limiter les \u00e9missions de gaz \u00e0 effet de serre.\u00a0<\/span><\/p>\n<p><b>Quel est le montant des pertes ?<\/b><span style=\"font-weight: 400\"> Apr\u00e8s des d\u00e9bats houleux, le th\u00e8me des <\/span><span style=\"font-weight: 400\">\u00ab <\/span><a href=\"https:\/\/www.lemonde.fr\/planete\/article\/2022\/11\/07\/cop27-la-question-epineuse-des-pertes-et-dommages-inscrite-a-l-agenda-officiel_6148795_3244.html\"><span style=\"font-weight: 400\">pertes et dommages<\/span><\/a><span style=\"font-weight: 400\"> \u00bb <\/span><span style=\"font-weight: 400\">a \u00e9t\u00e9 inscrit pour la premi\u00e8re fois \u00e0 l\u2019ordre du jour de la COP. Cela pourrait attirer l\u2019attention sur la responsabilit\u00e9 financi\u00e8re des pays riches pour compenser les co\u00fbts du changement climatique que les pays \u00e0 revenu faible ne peuvent \u00e9viter ou auxquels ils ne peuvent s\u2019adapter, estim\u00e9s \u00e0 <\/span><a href=\"https:\/\/twitter.com\/David_McNair\/status\/1589931941557854209\"><span style=\"font-weight: 400\">580 milliards de dollars par an d\u2019ici 2030<\/span><\/a><span style=\"font-weight: 400\">. <\/span><a href=\"https:\/\/twitter.com\/LossandDamage\/status\/1590043663027302403\"><span style=\"font-weight: 400\">L\u2019Autriche, l\u2019\u00c9cosse, l\u2019Allemagne, la Belgique, la Nouvelle-Z\u00e9lande et le Danemark<\/span><\/a><span style=\"font-weight: 400\"> se sont engag\u00e9es \u00e0 allouer un montant total de 257 millions de dollars \u00e0 cette th\u00e9matique. Les \u00c9tats-Unis ont fait part \u00e0 contrec\u0153ur de leur ouverture \u00e0 de tels engagements apr\u00e8s des d\u00e9cennies de <\/span><span style=\"font-weight: 400\">\u00ab <\/span><a href=\"https:\/\/www.theguardian.com\/environment\/live\/2022\/nov\/08\/cop27-un-climate-conference-day-two-crisis-live\"><span style=\"font-weight: 400\">d\u00e9ni, de retard et de tromperie<\/span><\/a><span style=\"font-weight: 400\"> \u00bb<\/span><span style=\"font-weight: 400\">. Seize \u00c9tats, dont quatre africains, demandent \u00e0 la Cour internationale de justice <\/span><a href=\"https:\/\/theconversation.com\/why-a-chain-of-tiny-pacific-islands-wants-an-international-court-opinion-on-responsibility-for-the-climate-crisis-193595\"><span style=\"font-weight: 400\">de se prononcer<\/span><\/a><span style=\"font-weight: 400\">. Pour rappel, les pays africains contribuent \u00e0 hauteur de <\/span><a href=\"https:\/\/data.one.org\/data-dives\/climate\/\"><span style=\"font-weight: 400\">4 % aux \u00e9missions mondiales de gaz \u00e0 effet de serre<\/span><\/a><span style=\"font-weight: 400\">, mais le continent abrite les dix pays les plus vuln\u00e9rables au changement climatique, dont beaucoup connaissent leur 152\u00e8me s\u00e9cheresse depuis 2000.<\/span><\/p>\n<p><b>Une attaque virulente :<\/b><span style=\"font-weight: 400\"> La premi\u00e8re ministre de la Barbade, Mia Mottley, <\/span><a href=\"https:\/\/www.lemonde.fr\/planete\/article\/2022\/11\/09\/cop27-la-barbade-plaide-pour-une-nouvelle-relation-nord-sud-sur-le-climat_6149163_3244.html\"><span style=\"font-weight: 400\">s\u2019est violemment attaqu\u00e9e aux pays riches<\/span><\/a><span style=\"font-weight: 400\"> en invoquant l\u2019esclavage pour faire valoir que le changement climatique est une grande injustice : <\/span><span style=\"font-weight: 400\">\u00ab <\/span><i><span style=\"font-weight: 400\">Nous sommes ceux dont le sang, la sueur et les larmes ont financ\u00e9 la r\u00e9volution industrielle<\/span><\/i> <span style=\"font-weight: 400\">\u00bb<\/span><span style=\"font-weight: 400\">, a-t-elle d\u00e9clar\u00e9. <\/span><span style=\"font-weight: 400\">\u00ab <\/span><i><span style=\"font-weight: 400\">Devons-nous maintenant faire face \u00e0 une double peine en devant payer le co\u00fbt des \u00e9missions de gaz \u00e0 effet de serre issus de cette m\u00eame r\u00e9volution ?<\/span><\/i> <span style=\"font-weight: 400\">\u00bb<\/span><span style=\"font-weight: 400\"> Sur une note plus positive, son <\/span><span style=\"font-weight: 400\">\u00ab <\/span><span style=\"font-weight: 400\">Agenda de Bridgetown <\/span><span style=\"font-weight: 400\">\u00bb<\/span><span style=\"font-weight: 400\"> visant \u00e0 r\u00e9former le syst\u00e8me financier international pour r\u00e9pondre \u00e0 la crise climatique a <\/span><a href=\"https:\/\/www.reuters.com\/article\/climate-un-finance-idAFL8N324809\"><span style=\"font-weight: 400\">recueilli le soutien<\/span><\/a><span style=\"font-weight: 400\"> du pr\u00e9sident fran\u00e7ais Emmanuel Macron.<\/span><\/p>\n<p><b>Chanson(s) de r\u00e9demption :<\/b><span style=\"font-weight: 400\"> L\u2019\u00e9conomiste camerounaise Vera Songwe a pr\u00e9sent\u00e9, avec l\u2019\u00e9conomiste britannique Nick Stern, <\/span><span style=\"font-weight: 400\">un nouveau rapport historique sur les besoins en financements climatiques.<\/span><span style=\"font-weight: 400\"> Le monde a besoin d\u2019une perc\u00e9e et d\u2019une nouvelle feuille de route pour le financement climatique, capable de mobiliser 1 000 milliards de dollars par an d\u2019ici 2030 pour les pays \u00e9mergents et en d\u00e9veloppement, \u00e0 l\u2019exclusion de la Chine. La r\u00e9solution des probl\u00e8mes li\u00e9s \u00e0 la dette sera essentielle \u00e0 la r\u00e9ussite du plan, car les pays les plus vuln\u00e9rables au changement climatique sont \u00e9galement les plus expos\u00e9s au surendettement. Le pr\u00e9sident sud-africain Cyril Ramaphosa a d\u00e9clar\u00e9 que davantage de financements pour le climat doivent \u00eatre accord\u00e9s<\/span><a href=\"https:\/\/www.argusmedia.com\/en\/news\/2388915-cop-27-s-africa-needs-more-grant-money-for-transition?backToResults=true\"><span style=\"font-weight: 400\"> sous forme de subventions et de pr\u00eats concessionnels<\/span><\/a><span style=\"font-weight: 400\">, afin d\u2019\u00e9viter que le continent ne s\u2019endette, un message repris par Macky Sall, pr\u00e9sident du S\u00e9n\u00e9gal et de l\u2019Union africaine.<\/span><\/p>\n<p><b>Nouvelles r\u00e8gles :<\/b> <a href=\"https:\/\/www.ft.com\/content\/0e1bcdbc-8d36-46d4-b4b2-a6cf9c182068\"><span style=\"font-weight: 400\">De nouvelles r\u00e8gles pour l\u2019octroi de pr\u00eats<\/span><\/a><span style=\"font-weight: 400\"> \u00e9labor\u00e9es par le FMI, la Banque mondiale et d\u2019autres organismes permettront aux pays endett\u00e9s de suspendre le paiement de leur dette apr\u00e8s une catastrophe climatique, ce qui est une bonne nouvelle. Mais face \u00e0 des d\u00e9sastres de plus en plus fr\u00e9quents, il est difficile de savoir combien de temps les paiements peuvent \u00eatre suspendus. En outre, cette mesure ne s\u2019appliquerait qu\u2019aux futurs pr\u00eats, excluant les <\/span><a href=\"https:\/\/www.bloomberg.com\/news\/articles\/2022-11-07\/debt-for-nature-swaps-offer-option-for-developing-countries?srnd=green\"><span style=\"font-weight: 400\">500 milliards de dollars de service de la dette<\/span><\/a><span style=\"font-weight: 400\"> que les pays les plus vuln\u00e9rables au climat devront payer au cours des quatre prochaines ann\u00e9es. Entre-temps, <\/span><a href=\"https:\/\/www.euromoney.com\/article\/2auxyokl0uzd6etegne9s\/esg\/cop-27-the-imf-wants-more-debt-for-nature-and-climate-swaps\"><span style=\"font-weight: 400\">le FMI a soutenu les \u00e9changes<\/span><\/a> <span style=\"font-weight: 400\">\u00ab <\/span><span style=\"font-weight: 400\">dette contre nature <\/span><span style=\"font-weight: 400\">\u00bb<\/span><span style=\"font-weight: 400\">, qui permettraient aux pays de restructurer leurs pr\u00eats et de consacrer les recettes \u00e0 des projets climatiques. Mais les co\u00fbts des transactions \u00e9lev\u00e9es et le manque de clart\u00e9 dans la mise en \u0153uvre pourraient nuire \u00e0 l\u2019int\u00e9r\u00eat des investisseurs.\u00a0<\/span><\/p>\n<p><b>Foudre :<\/b><span style=\"font-weight: 400\"> L\u2019avion transportant David Malpass, Pr\u00e9sident de la Banque mondiale en \u00c9gypte pour la COP27 a \u00e9t\u00e9 frapp\u00e9 par la foudre en chemin. Heureusement, personne n\u2019a \u00e9t\u00e9 bless\u00e9. Mais esp\u00e9rons qu\u2019elle \u00e9lectrifiera le programme de financement de la Banque, y compris le <\/span><i><span style=\"font-weight: 400\">Global Shield Financing Facility<\/span><\/i><span style=\"font-weight: 400\"> (ou Facilit\u00e9 mondiale de financement) <\/span><a href=\"https:\/\/www.reuters.com\/business\/sustainable-business\/cop-27-world-bank-will-host-facility-climate-disaster-risk-malpass-2022-11-08\/\"><span style=\"font-weight: 400\">r\u00e9cemment annonc\u00e9e<\/span><\/a><span style=\"font-weight: 400\">. Pour atteindre les objectifs de l\u2019Afrique en mati\u00e8re d\u2019\u00e9nergie et de climat, <\/span><a href=\"https:\/\/iea.blob.core.windows.net\/assets\/6fa5a6c0-ca73-4a7f-a243-fb5e83ecfb94\/AfricaEnergyOutlook2022.pdf\"><span style=\"font-weight: 400\">plus de 190 milliards de dollars par an seront n\u00e9cessaires<\/span><\/a><span style=\"font-weight: 400\"> entre 2026 et 2030, dont les deux tiers seront consacr\u00e9s aux \u00e9nergies renouvelables. <\/span><a href=\"https:\/\/www.irena.org\/publications\/2022\/Jan\/Renewable-Energy-Market-Analysis-Africa\"><span style=\"font-weight: 400\">Les niveaux d\u2019investissement actuels<\/span><\/a><span style=\"font-weight: 400\"> sont d\u00e9risoires par rapport \u00e0 ce qui est n\u00e9cessaire. Seuls 2,4 % (55 milliards de dollars) des investissements mondiaux dans les \u00e9nergies renouvelables entre 2010 et 2020 ont \u00e9t\u00e9 consacr\u00e9s \u00e0 l\u2019Afrique.<\/span><\/p>\n<p><b>Pure tromperie :<\/b><span style=\"font-weight: 400\"> Selon un <\/span><a href=\"https:\/\/www.ft.com\/content\/2e3d09a8-c0b7-4a68-bdf8-5d3c217f3570\"><span style=\"font-weight: 400\">nouveau rapport des Nations unies<\/span><\/a><span style=\"font-weight: 400\">, les engagements volontaires pris par les entreprises pour atteindre des \u00e9missions nulles sont (litt\u00e9ralement) du vent. Les institutions financi\u00e8res qui se sont engag\u00e9es \u00e0 atteindre des \u00e9missions nulles investissent <\/span><a href=\"https:\/\/www.globalwitness.org\/en\/press-releases\/financial-institutions-pledged-reach-net-zero-still-investing-85-billion-companies-risk-causing-deforestation\/\"><span style=\"font-weight: 400\">8,5 milliards de dollars<\/span><\/a><span style=\"font-weight: 400\"> dans des entreprises responsables de la d\u00e9forestation. Ces engagements d\u2019atteindre des \u00e9missions nulles sont pourtant extr\u00eamement importants <\/span><a href=\"https:\/\/www.reuters.com\/business\/cop\/un-experts-cop27-corporate-climate-pledges-rife-with-greenwashing-2022-11-08\/\"><span style=\"font-weight: 400\">puisqu\u2019ils repr\u00e9sentent environ 80 % des \u00e9missions mondiales<\/span><\/a><span style=\"font-weight: 400\"> de gaz \u00e0 effet de serre.. Les Nations unies ont exhort\u00e9 les entreprises participantes \u00e0 mettre fin \u00e0 cette <\/span><span style=\"font-weight: 400\">\u00ab <\/span><span style=\"font-weight: 400\">tromperie de haut niveau <\/span><span style=\"font-weight: 400\">\u00bb<\/span><span style=\"font-weight: 400\"> et \u00e0 cesser tout nouvel investissement dans les \u00e9nergies fossiles, ce que les principaux gestionnaires d\u2019actifs ont <\/span><a href=\"https:\/\/www.ft.com\/content\/d586a16e-4f5e-4fff-8610-ade4dd2badda\"><span style=\"font-weight: 400\">refus\u00e9 cat\u00e9goriquement<\/span><\/a><span style=\"font-weight: 400\">. D\u2019autres banques n\u2019incluent tout simplement pas les secteurs fortement \u00e9metteurs dans leurs objectifs climatiques?. Pendant ce temps, <\/span><a href=\"https:\/\/www.reuters.com\/business\/cop\/us-climate-envoy-kerry-launches-carbon-offset-plan-2022-11-09\/\"><span style=\"font-weight: 400\">les d\u00e9fenseurs de l\u2019environnement ont critiqu\u00e9<\/span><\/a><span style=\"font-weight: 400\"> le nouveau plan de cr\u00e9dit carbone am\u00e9ricain, qui vise \u00e0 aider les pays en d\u00e9veloppement \u00e0 s\u2019affranchir des \u00e9nergies fossiles.\u00a0<\/span><\/p>\n<p><b>Retenu prisonnier :<\/b><span style=\"font-weight: 400\"> Le <\/span><a href=\"https:\/\/www.lemonde.fr\/afrique\/article\/2022\/11\/07\/la-greve-de-la-faim-du-militant-emprisonne-alaa-abdel-fattah-s-invite-dans-les-discussions-de-la-cop27_6148880_3212.html\"><span style=\"font-weight: 400\">maintien en prison<\/span><\/a><span style=\"font-weight: 400\"> du dissident politique Alaa Abdel Fattah a jet\u00e9 une ombre sur les \u00e9v\u00e8nements de la semaine et a attir\u00e9 l\u2019attention sur le bilan catastrophique de l\u2019\u00c9gypte en mati\u00e8re de droits humains. Ailleurs, les d\u00e9fenseurs de l\u2019environnement ont \u00e9t\u00e9 autoris\u00e9s \u00e0 manifester\u2026 *pendant une heure maximum* dans <\/span><a href=\"https:\/\/www.hrw.org\/fr\/news\/2022\/11\/06\/egypte-arrestations-et-restrictions-au-droit-de-manifester-lapproche-de-la-cop27\"><span style=\"font-weight: 400\">une zone d\u00e9sign\u00e9e et fortement surveill\u00e9e<\/span><\/a><span style=\"font-weight: 400\">. Pas vraiment un mod\u00e8le de d\u00e9mocratie. La plupart des ONG \u00e9taient occup\u00e9es par des probl\u00e8mes logistiques, alors qu\u2019elles devaient faire face \u00e0 des r\u00e9servations annul\u00e9es, \u00e0 des hausses de prix et <\/span><a href=\"https:\/\/www.bloomberg.com\/news\/articles\/2022-11-07\/transcript-zero-episode-10-will-moral-outrage-be-enough\"><span style=\"font-weight: 400\">\u00e0 d\u2019autres obstacles sans pr\u00e9c\u00e9dent<\/span><\/a><span style=\"font-weight: 400\"> (qui s\u2019ajoutent aux obstacles existants tels que les visas et les financements).\u00a0 Les activistes mettent en garde contre le fait que les restrictions impos\u00e9es \u00e0 la soci\u00e9t\u00e9 civile et les pr\u00e9occupations en mati\u00e8re de droits humains nuisent \u00e0 la cr\u00e9dibilit\u00e9 de l\u2019ensemble du sommet.<\/span><\/p>\n<h3><b>L\u2019\u00c9QUIPE DE ONE EN ACTION :\u00a0<\/b><\/h3>\n<ul>\n<li style=\"font-weight: 400\"><span style=\"font-weight: 400\">Ce week-end (12-13 novembre), <\/span><span style=\"font-weight: 400\">la Fondation GoodPlanet propose des animations gratuites sur le th\u00e8me du changement climatique \u00e0 l\u2019occasion de la COP 27, et notamment une formation au plaidoyer avec ONE. <\/span><a href=\"https:\/\/www.sortiraparis.com\/enfant-famille\/articles\/284470-escape-ateliers-et-animations-gratuites-en-famille-a-la-fondation-goodplanet-pour-la-cop-27\"><span style=\"font-weight: 400\">Venez nous rencontrer !\u00a0<\/span><\/a><\/li>\n<li style=\"font-weight: 400\"><span style=\"font-weight: 400\">David McNair de ONE explique les <\/span><a href=\"https:\/\/twitter.com\/David_McNair\/status\/1589931885022441472\"><span style=\"font-weight: 400\">cinq phases de deuil pour chaque conf\u00e9rence organis\u00e9e par l\u2019ONU<\/span><\/a><span style=\"font-weight: 400\"> et pourquoi cela s\u2019applique \u00e0 la COP27.\u00a0<\/span><\/li>\n<li style=\"font-weight: 400\"><span style=\"font-weight: 400\">Amy Dodd et Jessia Antonisse de ONE plaident en faveur du <\/span><a href=\"https:\/\/www.africaeuropefoundation.org\/areas-of-action\/free-the-funds-for-climate-justice:-making-the-most-of-the-upcoming-cop27-and-g20-meeting\/\"><span style=\"font-weight: 400\">financement int\u00e9gral de la justice climatique.<\/span><\/a><\/li>\n<\/ul>\n<h3><b>LES CHIFFRES :<\/b><\/h3>\n<ul>\n<li style=\"font-weight: 400\"><b>3 fois plus :<\/b><span style=\"font-weight: 400\"> C\u2019est la multiplication des <\/span><a href=\"https:\/\/openknowledge.worldbank.org\/handle\/10986\/36332\"><span style=\"font-weight: 400\">s\u00e9cheresses en Afrique subsaharienne<\/span><\/a><span style=\"font-weight: 400\"> de 2010 \u00e0 2019 par rapport \u00e0 la p\u00e9riode 1970-1979.<\/span><\/li>\n<li style=\"font-weight: 400\"><b>43 %<\/b><span style=\"font-weight: 400\"> des jeunes d\u2019Afrique subsaharienne ont d\u00e9clar\u00e9 que le changement climatique <\/span><a href=\"https:\/\/ureport.in\/story\/1249\/\"><span style=\"font-weight: 400\">les a fait reconsid\u00e9rer le fait d\u2019avoir des enfants<\/span><\/a><span style=\"font-weight: 400\">, un pourcentage plus \u00e9lev\u00e9 que dans toute autre r\u00e9gion du monde.<\/span><\/li>\n<li style=\"font-weight: 400\"><b>9 millions :<\/b> C\u2019est le nombre d\u2019emplois suppl\u00e9mentaires qui pourraient \u00eatre cr\u00e9\u00e9s dans le secteur de l\u2019\u00e9nergie d\u2019ici 2030 gr\u00e2ce \u00e0 la transition de l\u2019Afrique vers les <a href=\"https:\/\/www.irena.org\/publications\/2022\/Jan\/Renewable-Energy-Market-Analysis-Africa\">\u00e9nergies renouvelables<\/a>, qui cr\u00e9ent jusqu\u2019\u00e0 5 fois plus d\u2019emplois que celui des<a href=\"https:\/\/www.irena.org\/publications\/2022\/Jan\/Renewable-Energy-Market-Analysis-Africa\"> \u00e9nergies fossiles<\/a>.<\/li>\n<\/ul>\n<div class=\"buffer\"><\/div>","protected":false},"excerpt":{"rendered":"<p>Cette semaine dans Ondes de Choc : Les dirigeants du monde entier se sont rendus \u00e0 Charm el-Sheikh pour la COP27. Les participants ont d\u00e9battu de la question de savoir qui doit payer la facture des pertes et dommages caus\u00e9s par le changement climatique. La premi\u00e8re ministre de la Barbade, Mia Mottley, a critiqu\u00e9 l\u2019exploitation, [&hellip;]<\/p>\n","protected":false},"author":24,"featured_media":162843,"comment_status":"open","ping_status":"open","sticky":false,"template":"","format":"standard","meta":{"_acf_changed":false,"_relevanssi_hide_post":"","_relevanssi_hide_content":"","_relevanssi_pin_for_all":"","_relevanssi_pin_keywords":"","_relevanssi_unpin_keywords":"","_relevanssi_related_keywords":"","_relevanssi_related_include_ids":"","_relevanssi_related_exclude_ids":"","_relevanssi_related_no_append":"","_relevanssi_related_not_related":"","_relevanssi_related_posts":"165045,165022,164979,164901,164801,164384","_relevanssi_noindex_reason":"","footnotes":""},"categories":[68],"tags":[],"topic":[86],"contributor":[33],"one_content_audience":[],"one_content_type":[],"one_content_tone":[],"class_list":["post-162612","post","type-post","status-publish","format-standard","has-post-thumbnail","hentry","category-analyse","topic-ondes-de-choc","contributor-one-france"],"acf":[],"yoast_head":"<!-- This site is optimized with the Yoast SEO Premium plugin v27.1 (Yoast SEO v27.1.1) - https:\/\/yoast.com\/product\/yoast-seo-premium-wordpress\/ -->\n<title>COP27 : les pays riches sur le grill ? - ONE.org France<\/title>\n<meta name=\"description\" content=\"Cette semaine dans notre newsletter Ondes de Choc, nous revenons sur la COP27 en Egypte et la question de la justice climatique.\" \/>\n<meta name=\"robots\" content=\"index, follow, max-snippet:-1, max-image-preview:large, max-video-preview:-1\" \/>\n<link rel=\"canonical\" href=\"https:\/\/www.one.org\/fr\/actualites\/cop27-les-pays-riches-sur-le-grill\/\" \/>\n<meta property=\"og:locale\" content=\"fr_FR\" \/>\n<meta property=\"og:type\" content=\"article\" \/>\n<meta property=\"og:title\" content=\"COP27 : les pays riches sur le grill ?\" \/>\n<meta property=\"og:description\" content=\"Cette semaine dans notre newsletter Ondes de Choc, nous revenons sur la COP27 en Egypte et la question de la justice climatique.\" \/>\n<meta property=\"og:url\" content=\"https:\/\/www.one.org\/fr\/actualites\/cop27-les-pays-riches-sur-le-grill\/\" \/>\n<meta property=\"og:site_name\" content=\"ONE.org France\" \/>\n<meta property=\"article:publisher\" content=\"https:\/\/www.facebook.com\/ONE.Fr\" \/>\n<meta property=\"article:published_time\" content=\"2022-11-10T17:41:34+00:00\" \/>\n<meta property=\"article:modified_time\" content=\"2023-12-08T12:56:11+00:00\" \/>\n<meta property=\"og:image\" content=\"https:\/\/www.one.org\/fr\/wp-content\/uploads\/sites\/4\/2022\/11\/Aftershock_2021_FeaturedImage_1200x1200_en_005.jpg\" \/>\n\t<meta property=\"og:image:width\" content=\"1201\" \/>\n\t<meta property=\"og:image:height\" content=\"1201\" \/>\n\t<meta property=\"og:image:type\" content=\"image\/jpeg\" \/>\n<meta name=\"author\" content=\"Dana Khalil\" \/>\n<meta name=\"twitter:card\" content=\"summary_large_image\" \/>\n<meta name=\"twitter:creator\" content=\"@one_fr\" \/>\n<meta name=\"twitter:site\" content=\"@one_fr\" \/>\n<meta name=\"twitter:label1\" content=\"Written by\" \/>\n\t<meta name=\"twitter:data1\" content=\"Dana Khalil\" \/>\n\t<meta name=\"twitter:label2\" content=\"Est. reading time\" \/>\n\t<meta name=\"twitter:data2\" content=\"9 minutes\" \/>\n<script type=\"application\/ld+json\" class=\"yoast-schema-graph\">{\"@context\":\"https:\/\/schema.org\",\"@graph\":[{\"@type\":\"Article\",\"@id\":\"https:\/\/www.one.org\/fr\/actualites\/cop27-les-pays-riches-sur-le-grill\/#article\",\"isPartOf\":{\"@id\":\"https:\/\/www.one.org\/fr\/actualites\/cop27-les-pays-riches-sur-le-grill\/\"},\"author\":{\"name\":\"Dana Khalil\",\"@id\":\"https:\/\/www.one.org\/fr\/#\/schema\/person\/cf1f30f9800f0592ec3d61940be82003\"},\"headline\":\"COP27 : les pays riches sur le grill ?\",\"datePublished\":\"2022-11-10T17:41:34+00:00\",\"dateModified\":\"2023-12-08T12:56:11+00:00\",\"mainEntityOfPage\":{\"@id\":\"https:\/\/www.one.org\/fr\/actualites\/cop27-les-pays-riches-sur-le-grill\/\"},\"wordCount\":1734,\"commentCount\":0,\"image\":{\"@id\":\"https:\/\/www.one.org\/fr\/actualites\/cop27-les-pays-riches-sur-le-grill\/#primaryimage\"},\"thumbnailUrl\":\"https:\/\/www.one.org\/fr\/wp-content\/uploads\/sites\/4\/2022\/11\/Aftershock_2021_FeaturedImage_1200x1200_en_005.jpg\",\"articleSection\":[\"Analyse\"],\"inLanguage\":\"fr-FR\",\"potentialAction\":[{\"@type\":\"CommentAction\",\"name\":\"Comment\",\"target\":[\"https:\/\/www.one.org\/fr\/actualites\/cop27-les-pays-riches-sur-le-grill\/#respond\"]}]},{\"@type\":\"WebPage\",\"@id\":\"https:\/\/www.one.org\/fr\/actualites\/cop27-les-pays-riches-sur-le-grill\/\",\"url\":\"https:\/\/www.one.org\/fr\/actualites\/cop27-les-pays-riches-sur-le-grill\/\",\"name\":\"COP27 : les pays riches sur le grill ? - ONE.org France\",\"isPartOf\":{\"@id\":\"https:\/\/www.one.org\/fr\/#website\"},\"primaryImageOfPage\":{\"@id\":\"https:\/\/www.one.org\/fr\/actualites\/cop27-les-pays-riches-sur-le-grill\/#primaryimage\"},\"image\":{\"@id\":\"https:\/\/www.one.org\/fr\/actualites\/cop27-les-pays-riches-sur-le-grill\/#primaryimage\"},\"thumbnailUrl\":\"https:\/\/www.one.org\/fr\/wp-content\/uploads\/sites\/4\/2022\/11\/Aftershock_2021_FeaturedImage_1200x1200_en_005.jpg\",\"datePublished\":\"2022-11-10T17:41:34+00:00\",\"dateModified\":\"2023-12-08T12:56:11+00:00\",\"author\":{\"@id\":\"https:\/\/www.one.org\/fr\/#\/schema\/person\/cf1f30f9800f0592ec3d61940be82003\"},\"description\":\"Cette semaine dans notre newsletter Ondes de Choc, nous revenons sur la COP27 en Egypte et la question de la justice climatique.\",\"breadcrumb\":{\"@id\":\"https:\/\/www.one.org\/fr\/actualites\/cop27-les-pays-riches-sur-le-grill\/#breadcrumb\"},\"inLanguage\":\"fr-FR\",\"potentialAction\":[{\"@type\":\"ReadAction\",\"target\":[\"https:\/\/www.one.org\/fr\/actualites\/cop27-les-pays-riches-sur-le-grill\/\"]}]},{\"@type\":\"ImageObject\",\"inLanguage\":\"fr-FR\",\"@id\":\"https:\/\/www.one.org\/fr\/actualites\/cop27-les-pays-riches-sur-le-grill\/#primaryimage\",\"url\":\"https:\/\/www.one.org\/fr\/wp-content\/uploads\/sites\/4\/2022\/11\/Aftershock_2021_FeaturedImage_1200x1200_en_005.jpg\",\"contentUrl\":\"https:\/\/www.one.org\/fr\/wp-content\/uploads\/sites\/4\/2022\/11\/Aftershock_2021_FeaturedImage_1200x1200_en_005.jpg\",\"width\":1201,\"height\":1201},{\"@type\":\"BreadcrumbList\",\"@id\":\"https:\/\/www.one.org\/fr\/actualites\/cop27-les-pays-riches-sur-le-grill\/#breadcrumb\",\"itemListElement\":[{\"@type\":\"ListItem\",\"position\":1,\"name\":\"Home\",\"item\":\"https:\/\/www.one.org\/fr\/\"},{\"@type\":\"ListItem\",\"position\":2,\"name\":\"COP27 : les pays riches sur le grill ?\"}]},{\"@type\":\"WebSite\",\"@id\":\"https:\/\/www.one.org\/fr\/#website\",\"url\":\"https:\/\/www.one.org\/fr\/\",\"name\":\"ONE.org\",\"description\":\"Cr\u00e9er des opportunit\u00e9s \u00e9conomiques et am\u00e9liorer la sant\u00e9 en Afrique\",\"potentialAction\":[{\"@type\":\"SearchAction\",\"target\":{\"@type\":\"EntryPoint\",\"urlTemplate\":\"https:\/\/www.one.org\/fr\/?s={search_term_string}\"},\"query-input\":{\"@type\":\"PropertyValueSpecification\",\"valueRequired\":true,\"valueName\":\"search_term_string\"}}],\"inLanguage\":\"fr-FR\"},{\"@type\":\"Person\",\"@id\":\"https:\/\/www.one.org\/fr\/#\/schema\/person\/cf1f30f9800f0592ec3d61940be82003\",\"name\":\"Dana Khalil\",\"image\":{\"@type\":\"ImageObject\",\"inLanguage\":\"fr-FR\",\"@id\":\"https:\/\/www.one.org\/fr\/#\/schema\/person\/image\/\",\"url\":\"https:\/\/secure.gravatar.com\/avatar\/b0da536f00ccefadcc7aae4e64855977a5249adb1ac04162a69474e53a8d4c40?s=96&d=mm&r=g\",\"contentUrl\":\"https:\/\/secure.gravatar.com\/avatar\/b0da536f00ccefadcc7aae4e64855977a5249adb1ac04162a69474e53a8d4c40?s=96&d=mm&r=g\",\"caption\":\"Dana Khalil\"},\"url\":\"https:\/\/www.one.org\/fr\/actualites\/author\/danakhalil\/\"}]}<\/script>\n<!-- \/ Yoast SEO Premium plugin. -->","yoast_head_json":{"title":"COP27 : les pays riches sur le grill ? - ONE.org France","description":"Cette semaine dans notre newsletter Ondes de Choc, nous revenons sur la COP27 en Egypte et la question de la justice climatique.","robots":{"index":"index","follow":"follow","max-snippet":"max-snippet:-1","max-image-preview":"max-image-preview:large","max-video-preview":"max-video-preview:-1"},"canonical":"https:\/\/www.one.org\/fr\/actualites\/cop27-les-pays-riches-sur-le-grill\/","og_locale":"fr_FR","og_type":"article","og_title":"COP27 : les pays riches sur le grill ?","og_description":"Cette semaine dans notre newsletter Ondes de Choc, nous revenons sur la COP27 en Egypte et la question de la justice climatique.","og_url":"https:\/\/www.one.org\/fr\/actualites\/cop27-les-pays-riches-sur-le-grill\/","og_site_name":"ONE.org France","article_publisher":"https:\/\/www.facebook.com\/ONE.Fr","article_published_time":"2022-11-10T17:41:34+00:00","article_modified_time":"2023-12-08T12:56:11+00:00","og_image":[{"width":1201,"height":1201,"url":"https:\/\/www.one.org\/fr\/wp-content\/uploads\/sites\/4\/2022\/11\/Aftershock_2021_FeaturedImage_1200x1200_en_005.jpg","type":"image\/jpeg"}],"author":"Dana Khalil","twitter_card":"summary_large_image","twitter_creator":"@one_fr","twitter_site":"@one_fr","twitter_misc":{"Written by":"Dana Khalil","Est. reading time":"9 minutes"},"schema":{"@context":"https:\/\/schema.org","@graph":[{"@type":"Article","@id":"https:\/\/www.one.org\/fr\/actualites\/cop27-les-pays-riches-sur-le-grill\/#article","isPartOf":{"@id":"https:\/\/www.one.org\/fr\/actualites\/cop27-les-pays-riches-sur-le-grill\/"},"author":{"name":"Dana Khalil","@id":"https:\/\/www.one.org\/fr\/#\/schema\/person\/cf1f30f9800f0592ec3d61940be82003"},"headline":"COP27 : les pays riches sur le grill ?","datePublished":"2022-11-10T17:41:34+00:00","dateModified":"2023-12-08T12:56:11+00:00","mainEntityOfPage":{"@id":"https:\/\/www.one.org\/fr\/actualites\/cop27-les-pays-riches-sur-le-grill\/"},"wordCount":1734,"commentCount":0,"image":{"@id":"https:\/\/www.one.org\/fr\/actualites\/cop27-les-pays-riches-sur-le-grill\/#primaryimage"},"thumbnailUrl":"https:\/\/www.one.org\/fr\/wp-content\/uploads\/sites\/4\/2022\/11\/Aftershock_2021_FeaturedImage_1200x1200_en_005.jpg","articleSection":["Analyse"],"inLanguage":"fr-FR","potentialAction":[{"@type":"CommentAction","name":"Comment","target":["https:\/\/www.one.org\/fr\/actualites\/cop27-les-pays-riches-sur-le-grill\/#respond"]}]},{"@type":"WebPage","@id":"https:\/\/www.one.org\/fr\/actualites\/cop27-les-pays-riches-sur-le-grill\/","url":"https:\/\/www.one.org\/fr\/actualites\/cop27-les-pays-riches-sur-le-grill\/","name":"COP27 : les pays riches sur le grill ? - ONE.org France","isPartOf":{"@id":"https:\/\/www.one.org\/fr\/#website"},"primaryImageOfPage":{"@id":"https:\/\/www.one.org\/fr\/actualites\/cop27-les-pays-riches-sur-le-grill\/#primaryimage"},"image":{"@id":"https:\/\/www.one.org\/fr\/actualites\/cop27-les-pays-riches-sur-le-grill\/#primaryimage"},"thumbnailUrl":"https:\/\/www.one.org\/fr\/wp-content\/uploads\/sites\/4\/2022\/11\/Aftershock_2021_FeaturedImage_1200x1200_en_005.jpg","datePublished":"2022-11-10T17:41:34+00:00","dateModified":"2023-12-08T12:56:11+00:00","author":{"@id":"https:\/\/www.one.org\/fr\/#\/schema\/person\/cf1f30f9800f0592ec3d61940be82003"},"description":"Cette semaine dans notre newsletter Ondes de Choc, nous revenons sur la COP27 en Egypte et la question de la justice climatique.","breadcrumb":{"@id":"https:\/\/www.one.org\/fr\/actualites\/cop27-les-pays-riches-sur-le-grill\/#breadcrumb"},"inLanguage":"fr-FR","potentialAction":[{"@type":"ReadAction","target":["https:\/\/www.one.org\/fr\/actualites\/cop27-les-pays-riches-sur-le-grill\/"]}]},{"@type":"ImageObject","inLanguage":"fr-FR","@id":"https:\/\/www.one.org\/fr\/actualites\/cop27-les-pays-riches-sur-le-grill\/#primaryimage","url":"https:\/\/www.one.org\/fr\/wp-content\/uploads\/sites\/4\/2022\/11\/Aftershock_2021_FeaturedImage_1200x1200_en_005.jpg","contentUrl":"https:\/\/www.one.org\/fr\/wp-content\/uploads\/sites\/4\/2022\/11\/Aftershock_2021_FeaturedImage_1200x1200_en_005.jpg","width":1201,"height":1201},{"@type":"BreadcrumbList","@id":"https:\/\/www.one.org\/fr\/actualites\/cop27-les-pays-riches-sur-le-grill\/#breadcrumb","itemListElement":[{"@type":"ListItem","position":1,"name":"Home","item":"https:\/\/www.one.org\/fr\/"},{"@type":"ListItem","position":2,"name":"COP27 : les pays riches sur le grill ?"}]},{"@type":"WebSite","@id":"https:\/\/www.one.org\/fr\/#website","url":"https:\/\/www.one.org\/fr\/","name":"ONE.org","description":"Cr\u00e9er des opportunit\u00e9s \u00e9conomiques et am\u00e9liorer la sant\u00e9 en Afrique","potentialAction":[{"@type":"SearchAction","target":{"@type":"EntryPoint","urlTemplate":"https:\/\/www.one.org\/fr\/?s={search_term_string}"},"query-input":{"@type":"PropertyValueSpecification","valueRequired":true,"valueName":"search_term_string"}}],"inLanguage":"fr-FR"},{"@type":"Person","@id":"https:\/\/www.one.org\/fr\/#\/schema\/person\/cf1f30f9800f0592ec3d61940be82003","name":"Dana Khalil","image":{"@type":"ImageObject","inLanguage":"fr-FR","@id":"https:\/\/www.one.org\/fr\/#\/schema\/person\/image\/","url":"https:\/\/secure.gravatar.com\/avatar\/b0da536f00ccefadcc7aae4e64855977a5249adb1ac04162a69474e53a8d4c40?s=96&d=mm&r=g","contentUrl":"https:\/\/secure.gravatar.com\/avatar\/b0da536f00ccefadcc7aae4e64855977a5249adb1ac04162a69474e53a8d4c40?s=96&d=mm&r=g","caption":"Dana Khalil"},"url":"https:\/\/www.one.org\/fr\/actualites\/author\/danakhalil\/"}]}},"distributor_meta":false,"distributor_terms":false,"distributor_media":false,"distributor_original_site_name":"ONE.org France","distributor_original_site_url":"https:\/\/www.one.org\/fr","push-errors":false,"_links":{"self":[{"href":"https:\/\/www.one.org\/fr\/wp-json\/wp\/v2\/posts\/162612","targetHints":{"allow":["GET"]}}],"collection":[{"href":"https:\/\/www.one.org\/fr\/wp-json\/wp\/v2\/posts"}],"about":[{"href":"https:\/\/www.one.org\/fr\/wp-json\/wp\/v2\/types\/post"}],"author":[{"embeddable":true,"href":"https:\/\/www.one.org\/fr\/wp-json\/wp\/v2\/users\/24"}],"replies":[{"embeddable":true,"href":"https:\/\/www.one.org\/fr\/wp-json\/wp\/v2\/comments?post=162612"}],"version-history":[{"count":0,"href":"https:\/\/www.one.org\/fr\/wp-json\/wp\/v2\/posts\/162612\/revisions"}],"wp:featuredmedia":[{"embeddable":true,"href":"https:\/\/www.one.org\/fr\/wp-json\/wp\/v2\/media\/162843"}],"wp:attachment":[{"href":"https:\/\/www.one.org\/fr\/wp-json\/wp\/v2\/media?parent=162612"}],"wp:term":[{"taxonomy":"category","embeddable":true,"href":"https:\/\/www.one.org\/fr\/wp-json\/wp\/v2\/categories?post=162612"},{"taxonomy":"post_tag","embeddable":true,"href":"https:\/\/www.one.org\/fr\/wp-json\/wp\/v2\/tags?post=162612"},{"taxonomy":"topic","embeddable":true,"href":"https:\/\/www.one.org\/fr\/wp-json\/wp\/v2\/topic?post=162612"},{"taxonomy":"contributor","embeddable":true,"href":"https:\/\/www.one.org\/fr\/wp-json\/wp\/v2\/contributor?post=162612"},{"taxonomy":"one_content_audience","embeddable":true,"href":"https:\/\/www.one.org\/fr\/wp-json\/wp\/v2\/one_content_audience?post=162612"},{"taxonomy":"one_content_type","embeddable":true,"href":"https:\/\/www.one.org\/fr\/wp-json\/wp\/v2\/one_content_type?post=162612"},{"taxonomy":"one_content_tone","embeddable":true,"href":"https:\/\/www.one.org\/fr\/wp-json\/wp\/v2\/one_content_tone?post=162612"}],"curies":[{"name":"wp","href":"https:\/\/api.w.org\/{rel}","templated":true}]}}