{"id":162609,"date":"2022-10-28T09:22:50","date_gmt":"2022-10-28T09:22:50","guid":{"rendered":"https:\/\/www.one.org\/fr\/les-producteurs-de-vaccins-sont-accuses-de-vol-en-plein-jour\/"},"modified":"2024-04-23T12:32:29","modified_gmt":"2024-04-23T12:32:29","slug":"les-producteurs-de-vaccins-sont-accuses-de-vol-en-plein-jour","status":"publish","type":"post","link":"https:\/\/www.one.org\/fr\/actualites\/les-producteurs-de-vaccins-sont-accuses-de-vol-en-plein-jour\/","title":{"rendered":"Les producteurs de vaccins sont accus\u00e9s de \u00ab vol en plein jour \u00bb"},"content":{"rendered":"<p><em><span style=\"font-weight: 400\">Cette semaine dans Ondes de Choc : Les entreprises pharmaceutiques appliquent des prix abusifs, les vagues de chaleur touchent s&eacute;v&egrave;rement les enfants, le Gabon se lance dans la protection de ses fonds marins, et plus encore.<\/span><\/em><\/p>\n<p><strong>ACTUALITES<\/strong><\/p>\n<p><strong>&laquo; Vol en plein jour<\/strong> <strong>&raquo; :<\/strong><span style=\"font-weight: 400\"> Pfizer aurait l&rsquo;intention de quadrupler le prix de son vaccin contre le COVID-19 aux &Eacute;tats-Unis, soit une <\/span><a href=\"https:\/\/www.reuters.com\/business\/healthcare-pharmaceuticals\/pfizer-covid-vaccine-price-hike-seen-giving-revenue-boost-years-2022-10-21\/\"><span style=\"font-weight: 400\">majoration de 10 000 %<\/span><\/a><span style=\"font-weight: 400\"> par rapport &agrave; son co&ucirc;t de production. Moderna s&rsquo;appr&ecirc;te &agrave; faire de m&ecirc;me, et les experts craignent que cela ne cr&eacute;e un pr&eacute;c&eacute;dent en mati&egrave;re d&rsquo;augmentation des prix. Cette d&eacute;cision intervient alors que les recettes issues des vaccins contre le COVID-19 devraient diminuer de <\/span><a href=\"https:\/\/www.ft.com\/content\/e4cea6be-2e96-4458-a441-56fa79c7203e\"><span style=\"font-weight: 400\">pr&egrave;s de moiti&eacute;<\/span><\/a><span style=\"font-weight: 400\"> l&rsquo;ann&eacute;e prochaine, ce qui risque de r&eacute;duire les &eacute;normes b&eacute;n&eacute;fices r&eacute;alis&eacute;s par les soci&eacute;t&eacute;s pharmaceutiques au cours des deux derni&egrave;res ann&eacute;es. Les revenus attendus de Pfizer ont &eacute;t&eacute; revus &agrave; la baisse&hellip; de 99,5 milliards de dollars &agrave; 96,2 milliards de dollars pour 2022. En 2023, les revenus pourraient m&ecirc;me descendre &agrave; 78,4 milliards. Nous pr&eacute;parons les cartes de condol&eacute;ances.&nbsp;<\/span><\/p>\n<p><strong>Du vent : <\/strong><span style=\"font-weight: 400\">Selon un nouveau rapport du Lancet, le d&eacute;r&egrave;glement climatique affecte gravement la sant&eacute; des populations dans le monde. Les d&eacute;c&egrave;s li&eacute;s &agrave; la chaleur ont augment&eacute; de deux tiers au cours des deux derni&egrave;res d&eacute;cennies. L&rsquo;aggravation des conditions climatiques exacerbe des probl&egrave;mes tels que les maladies cardiovasculaires et respiratoires, et a un impact n&eacute;gatif sur la sant&eacute; mentale. L&rsquo;UNICEF pr&eacute;vient que la quasi-totalit&eacute; des deux milliards d&rsquo;enfants dans le monde seront expos&eacute;s &agrave; des vagues de chaleur de plus en plus fr&eacute;quentes d&rsquo;ici 2050. Cela repr&eacute;sente environ 1,5 milliard d&rsquo;enfants de plus qu&rsquo;aujourd&rsquo;hui. Cela se produira m&ecirc;me si nous r&eacute;ussissons &agrave; limiter le r&eacute;chauffement de la plan&egrave;te &agrave; 1,7&deg;C (la trajectoire actuelle <\/span><a href=\"https:\/\/climateactiontracker.org\/global\/temperatures\/#:~:text=Current%20policies%20presently%20in%20place,warming%20to%202.4%C2%B0C.\"><span style=\"font-weight: 400\">est&hellip; ahem, de 2,7&deg;C<\/span><\/a><span style=\"font-weight: 400\">). La bonne nouvelle ? <\/span><a href=\"https:\/\/data.one.org\/data-dives\/climate\/\"><span style=\"font-weight: 400\">Une transition rapide<\/span><\/a><span style=\"font-weight: 400\"> vers les <\/span><a href=\"https:\/\/www.lalsace.fr\/environnement\/2022\/10\/26\/comment-le-changement-climatique-menace-la-sante-mondiale\"><span style=\"font-weight: 400\">&eacute;nergies vertes<\/span><\/a><span style=\"font-weight: 400\"> et l&rsquo;efficacit&eacute; &eacute;nerg&eacute;tique pourrait &laquo; <\/span><a href=\"https:\/\/www.bbc.com\/news\/science-environment-63386814\"><span style=\"font-weight: 400\">sauver des millions de vies<\/span><\/a><span style=\"font-weight: 400\"> &raquo;. Mais pas si vite, nous dit l&rsquo;industrie des combustibles fossiles : 20 des plus grandes compagnies p&eacute;troli&egrave;res et gazi&egrave;res du monde pr&eacute;voient de <\/span><a href=\"https:\/\/www.globalwitness.org\/en\/press-releases\/worlds-biggest-fossil-fuel-firms-projected-to-spend-almost-a-trillion-dollars-on-new-oil-and-gas-fields-by-2030\/\"><span style=\"font-weight: 400\">d&eacute;penser pr&egrave;s de 1 000 milliards de dollars<\/span><\/a><span style=\"font-weight: 400\"> d&rsquo;ici &agrave; 2030 pour d&eacute;velopper de nouveaux champs p&eacute;troliers et gaziers. Devinez lequel des &laquo; 3P &raquo; de la responsabilit&eacute; sociale des entreprises l&rsquo;emporte : les personnes, la plan&egrave;te ou&hellip; le profit.<\/span><\/p>\n<p><strong>Poumon vert : <\/strong><span style=\"font-weight: 400\">Le Gabon et The Nature Conservancy, une organisation de protection de l&rsquo;environnement, unissent leurs forces pour <\/span><a href=\"https:\/\/www.gabonreview.com\/le-gabon-prevoit-dechanger-sa-dette-contre-la-protection-de-son-fond-marin\/\"><span style=\"font-weight: 400\">restructurer 700 millions de dollars<\/span><\/a><span style=\"font-weight: 400\"> de dettes en euro-obligations afin de financer des projets de conservation marine. Cette initiative devrait contribuer &agrave; prot&eacute;ger la plus grande zone de reproduction au monde pour les tortues luth et les tortues oliv&acirc;tres, ainsi que 20 esp&egrave;ces de baleines et de dauphins. Les r&eacute;serves marines repr&eacute;sentent pr&egrave;s de 30 % du territoire marin du Gabon. Ce n&rsquo;est pas la premi&egrave;re fois que le Gabon <\/span><a href=\"https:\/\/www.ipsnews.net\/2022\/10\/gabons-environment-minister-reflects-on-conservation-successes-and-future-challenges\/\"><span style=\"font-weight: 400\">d&eacute;ploie des projets de d&eacute;fense de l&rsquo;environnement colossaux<\/span><\/a><span style=\"font-weight: 400\"> : le pays est &agrave; la pointe dans le domaine de la conservation des for&ecirc;ts <\/span><a href=\"https:\/\/www.forbes.com\/sites\/kensilverstein\/2022\/10\/16\/carbon-credits-have-struggled-to-win-market-approval---until-now\/?sh=1064360c5194\"><span style=\"font-weight: 400\">financ&eacute; par des cr&eacute;dits carbone<\/span><\/a><span style=\"font-weight: 400\">. Le Gabon absorbe la <\/span><a href=\"https:\/\/www.ipsnews.net\/2022\/10\/gabons-environment-minister-reflects-on-conservation-successes-and-future-challenges\/\"><span style=\"font-weight: 400\">plus grande quantit&eacute; nette de dioxyde de carbone<\/span><\/a><span style=\"font-weight: 400\"> au monde, et son taux de d&eacute;forestation a &eacute;t&eacute; inf&eacute;rieur &agrave; 0,1 % par an au cours des 50 derni&egrave;res ann&eacute;es. En 2015, le pays a perdu moins de 12 000 hectares de for&ecirc;t, <\/span><a href=\"https:\/\/ourworldindata.org\/deforestation\"><span style=\"font-weight: 400\">contre 1,45 million d&rsquo;hectares perdus au Br&eacute;sil<\/span><\/a><span style=\"font-weight: 400\">.<\/span><\/p>\n<p><strong>D&eacute;bloquer les fonds :<\/strong><span style=\"font-weight: 400\"> L&rsquo;extr&ecirc;me pauvret&eacute; <\/span><a href=\"https:\/\/www.forbes.com\/sites\/globalcitizen\/2022\/10\/20\/how-to-free-the-funds-for-development-the-trillion-dollar-question-leaders-should-be-grappling-with\/?sh=b6734a36ce15\"><span style=\"font-weight: 400\">pourrait &ecirc;tre &eacute;radiqu&eacute;e<\/span><\/a><span style=\"font-weight: 400\"> et les Objectifs de D&eacute;veloppement Durable atteints si les institutions financi&egrave;res, les organisations philanthropiques et les personnes les plus riches du monde unissaient leurs forces pour y parvenir. Les Nations Unies estiment que cela co&ucirc;terait entre <\/span><a href=\"https:\/\/www.oecd.org\/dev\/OECD-UNDP-Scoping-Note-Closing-SDG-Financing-Gap-COVID-19-era.pdf\"><span style=\"font-weight: 400\">2,5 et 4,2 mille milliards de dollars<\/span><\/a><span style=\"font-weight: 400\">, soit l&rsquo;&eacute;quivalent de 3 % des 112 mille milliards de dollars d&rsquo;actifs en gestion dans le monde. En d&rsquo;autres termes, c&rsquo;est faisable. Les banques de d&eacute;veloppement pourraient &agrave; elles seules d&eacute;bloquer jusqu&rsquo;&agrave; 1 000 milliards de dollars en mobilisant leurs capitaux actuels, sans financement suppl&eacute;mentaire de la part des pays donateurs. En outre, les experts affirment que les philanthropes <\/span><a href=\"https:\/\/www.forbes.com\/sites\/globalcitizen\/2022\/10\/20\/how-to-free-the-funds-for-development-the-trillion-dollar-question-leaders-should-be-grappling-with\/?sh=b6734a36ce15\"><span style=\"font-weight: 400\">doivent &ecirc;tre plus audacieux<\/span><\/a><span style=\"font-weight: 400\"> : ils disposent collectivement de 2 000 milliards de dollars d&rsquo;actifs mondiaux, mais les d&eacute;ploient avec parcimonie et prudence. Avec la convergence des crises qui s&rsquo;annonce, le moment semble propice &agrave; des investissements courageux pour l&rsquo;avenir.&nbsp;<\/span><\/p>\n<p><strong>Alerte maximale :<\/strong><span style=\"font-weight: 400\"> Ebola a atteint la capitale de l&rsquo;Ouganda, avec au moins <\/span><a href=\"https:\/\/www.zonebourse.com\/actualite-bourse\/L-Ouganda-declare-que-9-nouveaux-cas-d-Ebola-ont-ete-confirmes-a-Kampala-et-appelle-a-la-vigilance--42067650\/\"><span style=\"font-weight: 400\">14 cas confirm&eacute;s &agrave; Kampala<\/span><\/a><span style=\"font-weight: 400\">. On pense que le virus a &eacute;t&eacute; transmis par un homme infect&eacute; cherchant &agrave; se faire soigner. Les autorit&eacute;s esp&egrave;rent que la transmission a &eacute;t&eacute; limit&eacute;e, &eacute;tant donn&eacute; que tous les cas connus ont d&eacute;j&agrave; &eacute;t&eacute; isol&eacute;s lorsque les patients sont devenus symptomatiques. Les &eacute;pid&eacute;mies de maladies infectieuses &eacute;mergentes ont augment&eacute; &agrave; un taux annuel moyen de 6,7 % depuis 1980, et pourtant la mani&egrave;re dont nous g&eacute;rons ces pand&eacute;mies reste <\/span><a href=\"https:\/\/www.worldbank.org\/en\/news\/feature\/2022\/10\/24\/one-health-approach-can-prevent-the-next-pandemic\"><span style=\"font-weight: 400\">court-termiste, on&eacute;reuse et bas&eacute;e sur la riposte<\/span><\/a><span style=\"font-weight: 400\">. Une meilleure approche : la pr&eacute;vention proactive des &eacute;pid&eacute;mies, qui peut &ecirc;tre jusqu&rsquo;&agrave; 86 % moins co&ucirc;teuse que les &eacute;pid&eacute;mies elles-m&ecirc;mes.&nbsp;<\/span><\/p>\n<p><strong>En toute &eacute;quit&eacute; : <\/strong><span style=\"font-weight: 400\">Le pr&eacute;sident sud-africain Cyril Ramaphosa est le dernier responsable de haut niveau &agrave; <\/span><a href=\"https:\/\/www.sabcnews.com\/sabcnews\/sa-to-call-for-au-to-be-a-member-of-the-g20-ramaphosa\/\"><span style=\"font-weight: 400\">avoir demand&eacute; une plus grande repr&eacute;sentation de l&rsquo;Afrique au G20<\/span><\/a><span style=\"font-weight: 400\">. Il a ainsi recommand&eacute; l&rsquo;inclusion de l&rsquo;Union africaine en tant que membre &agrave; part enti&egrave;re (comme l&rsquo;Union europ&eacute;enne). L&rsquo;Afrique du Sud est le seul membre africain du G20, alors que le continent repr&eacute;sente pr&egrave;s de 30 % de tous les pays et 17 % de la population mondiale.&nbsp;<\/span><\/p>\n<p><strong>L&rsquo;&Eacute;QUIPE DE ONE EN ACTION :&nbsp;<\/strong><\/p>\n<ul>\n<li style=\"font-weight: 400\"><span style=\"font-weight: 400\">Gayle Smith, directrice g&eacute;n&eacute;rale de ONE, &eacute;voque les <\/span><a href=\"https:\/\/www.jeuneafrique.com\/1384612\/politique\/gayle-smith-en-afrique-les-etats-unis-nont-pas-pour-seul-objectif-de-contrer-la-chine-et-la-russie\/\"><span style=\"font-weight: 400\">grands d&eacute;fis<\/span><\/a><span style=\"font-weight: 400\"> impactant le d&eacute;veloppement international et le multilat&eacute;ralisme.<\/span><\/li>\n<li style=\"font-weight: 400\"><span style=\"font-weight: 400\">David McNair, directeur ex&eacute;cutif de ONE charg&eacute; de l&rsquo;expertise, explique <\/span><a href=\"https:\/\/ecfr.eu\/article\/seats-at-the-table-how-europe-can-address-the-international-democratic-deficit\/\"><span style=\"font-weight: 400\">comment l&rsquo;Europe peut combler le d&eacute;ficit d&eacute;mocratique mondial<\/span><\/a><span style=\"font-weight: 400\">.<\/span><\/li>\n<li style=\"font-weight: 400\"><span style=\"font-weight: 400\">Olawunmi Ola-Busari, responsable de l&rsquo;expertise de ONE, parle &agrave; eNCA TV des <\/span><a href=\"https:\/\/www.enca.com\/news\/africas-growing-population-straining-resources\"><span style=\"font-weight: 400\">impacts du changement climatique sur l&rsquo;Afrique<\/span><\/a><span style=\"font-weight: 400\">.&nbsp;<\/span><\/li>\n<li style=\"font-weight: 400\"><span style=\"font-weight: 400\">Les dirigeants du G20 n&rsquo;ont pas r&eacute;ussi &agrave; &laquo; d&eacute;bloquer les fonds &raquo;. Nous avons donc d&eacute;cid&eacute; de r&eacute;aliser <\/span><a href=\"https:\/\/twitter.com\/ONEAftershocks\/status\/1584901626040655872\"><span style=\"font-weight: 400\">un court-m&eacute;trage &agrave; ce sujet<\/span><\/a><span style=\"font-weight: 400\">.&nbsp;<\/span><\/li>\n<li style=\"font-weight: 400\"><span style=\"font-weight: 400\">En partenariat avec ONE, The Citizen examine l&rsquo;impact du prix &eacute;lev&eacute; des &eacute;quipements sur <\/span><a href=\"https:\/\/www.thecitizen.co.tz\/tanzania\/news\/national\/tanzania-s-rural-electrification-faces-a-new-hurdle-of-high-equipment-cost--3994210\"><span style=\"font-weight: 400\">l&rsquo;acc&egrave;s &agrave; l&rsquo;&eacute;lectricit&eacute; dans les zones rurales de Tanzanie<\/span><\/a><span style=\"font-weight: 400\">.<\/span><\/li>\n<li style=\"font-weight: 400\"><span style=\"font-weight: 400\">D&eacute;couvrez le premier &eacute;v&eacute;nement d&rsquo;une s&eacute;rie dans le cadre d&rsquo;un partenariat m&eacute;diatique entre ONE et <\/span><a href=\"https:\/\/www.tortoisemedia.com\/\"><span style=\"font-weight: 400\">Tortoise media<\/span><\/a><span style=\"font-weight: 400\"> : <\/span><strong>Vivre dans un monde qui chauffe : les le&ccedil;ons du Sud (10 novembre, 9h heure de Paris)<\/strong><span style=\"font-weight: 400\">. Se d&eacute;roulant pendant les n&eacute;gociations climatiques de la COP27 en &Eacute;gypte et centr&eacute; sur les voix africaines, ce ThinkIn posera la question suivante : quelles le&ccedil;ons peut-on tirer de l&rsquo;adaptation et de la transition dans le Sud ? Utilisez <\/span><a href=\"https:\/\/www.tortoisemedia.com\/thinkin\/living-in-a-heating-world-lessons-from-the-global-south\/\"><span style=\"font-weight: 400\">ce lien<\/span><\/a><span style=\"font-weight: 400\"> pour vous inscrire, en utilisant le code ONEGUEST pour les non-membres de Tortoise.<\/span><\/li>\n<\/ul>\n<p><strong>LES CHIFFRES :<\/strong><\/p>\n<ul>\n<li style=\"font-weight: 400\"><strong>1,5 milliard :<\/strong><span style=\"font-weight: 400\"> le nombre de personnes vivant dans les 25 pays les <\/span><a href=\"https:\/\/ecfr.eu\/article\/seats-at-the-table-how-europe-can-address-the-international-democratic-deficit\/\"><span style=\"font-weight: 400\">plus vuln&eacute;rables au surendettement<\/span><\/a><span style=\"font-weight: 400\">.<\/span><\/li>\n<li style=\"font-weight: 400\"><strong>99 %<\/strong><span style=\"font-weight: 400\"> : la part des vaccins administr&eacute;s en Afrique qui <\/span><a href=\"https:\/\/data.one.org\/data-dives\/manufacturing\/\"><span style=\"font-weight: 400\">sont import&eacute;s<\/span><\/a><span style=\"font-weight: 400\">, alors que l&rsquo;Afrique est deux fois plus touch&eacute;e par les maladies que les autres r&eacute;gions.<\/span><\/li>\n<li style=\"font-weight: 400\"><strong>70 milliards de dollars :<\/strong><span style=\"font-weight: 400\"> les investissements annuels n&eacute;cessaires pour <\/span><a href=\"https:\/\/www.forbes.com\/sites\/globalcitizen\/2022\/10\/20\/how-to-free-the-funds-for-development-the-trillion-dollar-question-leaders-should-be-grappling-with\/?sh=41d98fc86ce1\"><span style=\"font-weight: 400\">remplacer toutes les infrastructures d&rsquo;&eacute;nergies fossiles<\/span><\/a><span style=\"font-weight: 400\"> en Afrique par des &eacute;nergies renouvelables, qui pourraient &ecirc;tre financ&eacute;s par les capitaux du secteur priv&eacute;.<\/span><\/li>\n<\/ul>\n<h4><em><a href=\"https:\/\/www.one.org\/fr\/nos-combats\/ondes-de-choc\/\">Inscrivez-vous<\/a> pour recevoir Ondes de choc, notre newsletter hebdomadaire pour suivre l&rsquo;impact r&eacute;el du COVID-19 et des diff&eacute;rences crises actuelles en Afrique. Nous vous proposons des analyses pointues, succinctes et r&eacute;fl&eacute;chies de la part des experts de ONE.<\/em><\/h4>\n<div class=\"buffer\"><\/div>","protected":false},"excerpt":{"rendered":"<p>Cette semaine dans Ondes de Choc : Les entreprises pharmaceutiques appliquent des prix abusifs, les vagues de chaleur touchent s&eacute;v&egrave;rement les enfants, le Gabon se lance dans la protection de ses fonds marins, et plus encore. ACTUALITES &laquo; Vol en plein jour &raquo; : Pfizer aurait l&rsquo;intention de quadrupler le prix de son vaccin contre [&hellip;]<\/p>\n","protected":false},"author":0,"featured_media":162849,"comment_status":"open","ping_status":"open","sticky":false,"template":"","format":"standard","meta":{"_acf_changed":false,"_relevanssi_hide_post":"","_relevanssi_hide_content":"","_relevanssi_pin_for_all":"","_relevanssi_pin_keywords":"","_relevanssi_unpin_keywords":"","_relevanssi_related_keywords":"","_relevanssi_related_include_ids":"","_relevanssi_related_exclude_ids":"","_relevanssi_related_no_append":"","_relevanssi_related_not_related":"","_relevanssi_related_posts":"","_relevanssi_noindex_reason":"","footnotes":""},"categories":[91],"tags":[],"topic":[86],"contributor":[33],"one_content_audience":[],"one_content_type":[],"one_content_tone":[],"class_list":["post-162609","post","type-post","status-publish","format-standard","has-post-thumbnail","hentry","category-donnees","topic-ondes-de-choc","contributor-one-france"],"acf":[],"yoast_head":"<!-- This site is optimized with the Yoast SEO Premium plugin v27.1 (Yoast SEO v27.1.1) - https:\/\/yoast.com\/product\/yoast-seo-premium-wordpress\/ -->\n<title>Les producteurs de vaccins sont accus\u00e9s de \u00ab vol en plein jour \u00bb - ONE.org France<\/title>\n<meta name=\"description\" content=\"Les producteurs de vaccins appliquent des prix abusifs, les vagues de chaleur touchent s\u00e9v\u00e8rement les enfants et plus encore.\" \/>\n<meta name=\"robots\" content=\"index, follow, max-snippet:-1, max-image-preview:large, max-video-preview:-1\" \/>\n<link rel=\"canonical\" href=\"https:\/\/www.one.org\/fr\/actualites\/les-producteurs-de-vaccins-sont-accuses-de-vol-en-plein-jour\/\" \/>\n<meta property=\"og:locale\" content=\"fr_FR\" \/>\n<meta property=\"og:type\" content=\"article\" \/>\n<meta property=\"og:title\" content=\"Les producteurs de vaccins sont accus\u00e9s de \u00ab vol en plein jour \u00bb\" \/>\n<meta property=\"og:description\" content=\"Les producteurs de vaccins appliquent des prix abusifs, les vagues de chaleur touchent s\u00e9v\u00e8rement les enfants et plus encore.\" \/>\n<meta property=\"og:url\" content=\"https:\/\/www.one.org\/fr\/actualites\/les-producteurs-de-vaccins-sont-accuses-de-vol-en-plein-jour\/\" \/>\n<meta property=\"og:site_name\" content=\"ONE.org France\" \/>\n<meta property=\"article:publisher\" content=\"https:\/\/www.facebook.com\/ONE.Fr\" \/>\n<meta property=\"article:published_time\" content=\"2022-10-28T09:22:50+00:00\" \/>\n<meta property=\"article:modified_time\" content=\"2024-04-23T12:32:29+00:00\" \/>\n<meta property=\"og:image\" content=\"https:\/\/www.one.org\/fr\/wp-content\/uploads\/sites\/4\/2022\/10\/Aftershock_2021_FeaturedImage_1200x1200_en_003-640x640-1.jpeg\" \/>\n\t<meta property=\"og:image:width\" content=\"640\" \/>\n\t<meta property=\"og:image:height\" content=\"640\" \/>\n\t<meta property=\"og:image:type\" content=\"image\/jpeg\" \/>\n<meta name=\"twitter:card\" content=\"summary_large_image\" \/>\n<meta name=\"twitter:creator\" content=\"@one_fr\" \/>\n<meta name=\"twitter:site\" content=\"@one_fr\" \/>\n<meta name=\"twitter:label1\" content=\"Est. reading time\" \/>\n\t<meta name=\"twitter:data1\" content=\"8 minutes\" \/>\n<script type=\"application\/ld+json\" class=\"yoast-schema-graph\">{\"@context\":\"https:\/\/schema.org\",\"@graph\":[{\"@type\":\"Article\",\"@id\":\"https:\/\/www.one.org\/fr\/actualites\/les-producteurs-de-vaccins-sont-accuses-de-vol-en-plein-jour\/#article\",\"isPartOf\":{\"@id\":\"https:\/\/www.one.org\/fr\/actualites\/les-producteurs-de-vaccins-sont-accuses-de-vol-en-plein-jour\/\"},\"author\":{\"name\":\"\",\"@id\":\"\"},\"headline\":\"Les producteurs de vaccins sont accus\u00e9s de \u00ab vol en plein jour \u00bb\",\"datePublished\":\"2022-10-28T09:22:50+00:00\",\"dateModified\":\"2024-04-23T12:32:29+00:00\",\"mainEntityOfPage\":{\"@id\":\"https:\/\/www.one.org\/fr\/actualites\/les-producteurs-de-vaccins-sont-accuses-de-vol-en-plein-jour\/\"},\"wordCount\":1581,\"commentCount\":0,\"image\":{\"@id\":\"https:\/\/www.one.org\/fr\/actualites\/les-producteurs-de-vaccins-sont-accuses-de-vol-en-plein-jour\/#primaryimage\"},\"thumbnailUrl\":\"https:\/\/www.one.org\/fr\/wp-content\/uploads\/sites\/4\/2022\/10\/Aftershock_2021_FeaturedImage_1200x1200_en_003-640x640-1.jpeg\",\"articleSection\":[\"Donn\u00e9es\"],\"inLanguage\":\"fr-FR\",\"potentialAction\":[{\"@type\":\"CommentAction\",\"name\":\"Comment\",\"target\":[\"https:\/\/www.one.org\/fr\/actualites\/les-producteurs-de-vaccins-sont-accuses-de-vol-en-plein-jour\/#respond\"]}]},{\"@type\":\"WebPage\",\"@id\":\"https:\/\/www.one.org\/fr\/actualites\/les-producteurs-de-vaccins-sont-accuses-de-vol-en-plein-jour\/\",\"url\":\"https:\/\/www.one.org\/fr\/actualites\/les-producteurs-de-vaccins-sont-accuses-de-vol-en-plein-jour\/\",\"name\":\"Les producteurs de vaccins sont accus\u00e9s de \u00ab vol en plein jour \u00bb - ONE.org France\",\"isPartOf\":{\"@id\":\"https:\/\/www.one.org\/fr\/#website\"},\"primaryImageOfPage\":{\"@id\":\"https:\/\/www.one.org\/fr\/actualites\/les-producteurs-de-vaccins-sont-accuses-de-vol-en-plein-jour\/#primaryimage\"},\"image\":{\"@id\":\"https:\/\/www.one.org\/fr\/actualites\/les-producteurs-de-vaccins-sont-accuses-de-vol-en-plein-jour\/#primaryimage\"},\"thumbnailUrl\":\"https:\/\/www.one.org\/fr\/wp-content\/uploads\/sites\/4\/2022\/10\/Aftershock_2021_FeaturedImage_1200x1200_en_003-640x640-1.jpeg\",\"datePublished\":\"2022-10-28T09:22:50+00:00\",\"dateModified\":\"2024-04-23T12:32:29+00:00\",\"author\":{\"@id\":\"\"},\"description\":\"Les producteurs de vaccins appliquent des prix abusifs, les vagues de chaleur touchent s\u00e9v\u00e8rement les enfants et plus encore.\",\"breadcrumb\":{\"@id\":\"https:\/\/www.one.org\/fr\/actualites\/les-producteurs-de-vaccins-sont-accuses-de-vol-en-plein-jour\/#breadcrumb\"},\"inLanguage\":\"fr-FR\",\"potentialAction\":[{\"@type\":\"ReadAction\",\"target\":[\"https:\/\/www.one.org\/fr\/actualites\/les-producteurs-de-vaccins-sont-accuses-de-vol-en-plein-jour\/\"]}]},{\"@type\":\"ImageObject\",\"inLanguage\":\"fr-FR\",\"@id\":\"https:\/\/www.one.org\/fr\/actualites\/les-producteurs-de-vaccins-sont-accuses-de-vol-en-plein-jour\/#primaryimage\",\"url\":\"https:\/\/www.one.org\/fr\/wp-content\/uploads\/sites\/4\/2022\/10\/Aftershock_2021_FeaturedImage_1200x1200_en_003-640x640-1.jpeg\",\"contentUrl\":\"https:\/\/www.one.org\/fr\/wp-content\/uploads\/sites\/4\/2022\/10\/Aftershock_2021_FeaturedImage_1200x1200_en_003-640x640-1.jpeg\",\"width\":640,\"height\":640},{\"@type\":\"BreadcrumbList\",\"@id\":\"https:\/\/www.one.org\/fr\/actualites\/les-producteurs-de-vaccins-sont-accuses-de-vol-en-plein-jour\/#breadcrumb\",\"itemListElement\":[{\"@type\":\"ListItem\",\"position\":1,\"name\":\"Home\",\"item\":\"https:\/\/www.one.org\/fr\/\"},{\"@type\":\"ListItem\",\"position\":2,\"name\":\"Les producteurs de vaccins sont accus\u00e9s de \u00ab vol en plein jour \u00bb\"}]},{\"@type\":\"WebSite\",\"@id\":\"https:\/\/www.one.org\/fr\/#website\",\"url\":\"https:\/\/www.one.org\/fr\/\",\"name\":\"ONE.org\",\"description\":\"Cr\u00e9er des opportunit\u00e9s \u00e9conomiques et am\u00e9liorer la sant\u00e9 en Afrique\",\"potentialAction\":[{\"@type\":\"SearchAction\",\"target\":{\"@type\":\"EntryPoint\",\"urlTemplate\":\"https:\/\/www.one.org\/fr\/?s={search_term_string}\"},\"query-input\":{\"@type\":\"PropertyValueSpecification\",\"valueRequired\":true,\"valueName\":\"search_term_string\"}}],\"inLanguage\":\"fr-FR\"}]}<\/script>\n<!-- \/ Yoast SEO Premium plugin. -->","yoast_head_json":{"title":"Les producteurs de vaccins sont accus\u00e9s de \u00ab vol en plein jour \u00bb - ONE.org France","description":"Les producteurs de vaccins appliquent des prix abusifs, les vagues de chaleur touchent s\u00e9v\u00e8rement les enfants et plus encore.","robots":{"index":"index","follow":"follow","max-snippet":"max-snippet:-1","max-image-preview":"max-image-preview:large","max-video-preview":"max-video-preview:-1"},"canonical":"https:\/\/www.one.org\/fr\/actualites\/les-producteurs-de-vaccins-sont-accuses-de-vol-en-plein-jour\/","og_locale":"fr_FR","og_type":"article","og_title":"Les producteurs de vaccins sont accus\u00e9s de \u00ab vol en plein jour \u00bb","og_description":"Les producteurs de vaccins appliquent des prix abusifs, les vagues de chaleur touchent s\u00e9v\u00e8rement les enfants et plus encore.","og_url":"https:\/\/www.one.org\/fr\/actualites\/les-producteurs-de-vaccins-sont-accuses-de-vol-en-plein-jour\/","og_site_name":"ONE.org France","article_publisher":"https:\/\/www.facebook.com\/ONE.Fr","article_published_time":"2022-10-28T09:22:50+00:00","article_modified_time":"2024-04-23T12:32:29+00:00","og_image":[{"width":640,"height":640,"url":"https:\/\/www.one.org\/fr\/wp-content\/uploads\/sites\/4\/2022\/10\/Aftershock_2021_FeaturedImage_1200x1200_en_003-640x640-1.jpeg","type":"image\/jpeg"}],"twitter_card":"summary_large_image","twitter_creator":"@one_fr","twitter_site":"@one_fr","twitter_misc":{"Est. reading time":"8 minutes"},"schema":{"@context":"https:\/\/schema.org","@graph":[{"@type":"Article","@id":"https:\/\/www.one.org\/fr\/actualites\/les-producteurs-de-vaccins-sont-accuses-de-vol-en-plein-jour\/#article","isPartOf":{"@id":"https:\/\/www.one.org\/fr\/actualites\/les-producteurs-de-vaccins-sont-accuses-de-vol-en-plein-jour\/"},"author":{"name":"","@id":""},"headline":"Les producteurs de vaccins sont accus\u00e9s de \u00ab vol en plein jour \u00bb","datePublished":"2022-10-28T09:22:50+00:00","dateModified":"2024-04-23T12:32:29+00:00","mainEntityOfPage":{"@id":"https:\/\/www.one.org\/fr\/actualites\/les-producteurs-de-vaccins-sont-accuses-de-vol-en-plein-jour\/"},"wordCount":1581,"commentCount":0,"image":{"@id":"https:\/\/www.one.org\/fr\/actualites\/les-producteurs-de-vaccins-sont-accuses-de-vol-en-plein-jour\/#primaryimage"},"thumbnailUrl":"https:\/\/www.one.org\/fr\/wp-content\/uploads\/sites\/4\/2022\/10\/Aftershock_2021_FeaturedImage_1200x1200_en_003-640x640-1.jpeg","articleSection":["Donn\u00e9es"],"inLanguage":"fr-FR","potentialAction":[{"@type":"CommentAction","name":"Comment","target":["https:\/\/www.one.org\/fr\/actualites\/les-producteurs-de-vaccins-sont-accuses-de-vol-en-plein-jour\/#respond"]}]},{"@type":"WebPage","@id":"https:\/\/www.one.org\/fr\/actualites\/les-producteurs-de-vaccins-sont-accuses-de-vol-en-plein-jour\/","url":"https:\/\/www.one.org\/fr\/actualites\/les-producteurs-de-vaccins-sont-accuses-de-vol-en-plein-jour\/","name":"Les producteurs de vaccins sont accus\u00e9s de \u00ab vol en plein jour \u00bb - ONE.org France","isPartOf":{"@id":"https:\/\/www.one.org\/fr\/#website"},"primaryImageOfPage":{"@id":"https:\/\/www.one.org\/fr\/actualites\/les-producteurs-de-vaccins-sont-accuses-de-vol-en-plein-jour\/#primaryimage"},"image":{"@id":"https:\/\/www.one.org\/fr\/actualites\/les-producteurs-de-vaccins-sont-accuses-de-vol-en-plein-jour\/#primaryimage"},"thumbnailUrl":"https:\/\/www.one.org\/fr\/wp-content\/uploads\/sites\/4\/2022\/10\/Aftershock_2021_FeaturedImage_1200x1200_en_003-640x640-1.jpeg","datePublished":"2022-10-28T09:22:50+00:00","dateModified":"2024-04-23T12:32:29+00:00","author":{"@id":""},"description":"Les producteurs de vaccins appliquent des prix abusifs, les vagues de chaleur touchent s\u00e9v\u00e8rement les enfants et plus encore.","breadcrumb":{"@id":"https:\/\/www.one.org\/fr\/actualites\/les-producteurs-de-vaccins-sont-accuses-de-vol-en-plein-jour\/#breadcrumb"},"inLanguage":"fr-FR","potentialAction":[{"@type":"ReadAction","target":["https:\/\/www.one.org\/fr\/actualites\/les-producteurs-de-vaccins-sont-accuses-de-vol-en-plein-jour\/"]}]},{"@type":"ImageObject","inLanguage":"fr-FR","@id":"https:\/\/www.one.org\/fr\/actualites\/les-producteurs-de-vaccins-sont-accuses-de-vol-en-plein-jour\/#primaryimage","url":"https:\/\/www.one.org\/fr\/wp-content\/uploads\/sites\/4\/2022\/10\/Aftershock_2021_FeaturedImage_1200x1200_en_003-640x640-1.jpeg","contentUrl":"https:\/\/www.one.org\/fr\/wp-content\/uploads\/sites\/4\/2022\/10\/Aftershock_2021_FeaturedImage_1200x1200_en_003-640x640-1.jpeg","width":640,"height":640},{"@type":"BreadcrumbList","@id":"https:\/\/www.one.org\/fr\/actualites\/les-producteurs-de-vaccins-sont-accuses-de-vol-en-plein-jour\/#breadcrumb","itemListElement":[{"@type":"ListItem","position":1,"name":"Home","item":"https:\/\/www.one.org\/fr\/"},{"@type":"ListItem","position":2,"name":"Les producteurs de vaccins sont accus\u00e9s de \u00ab vol en plein jour \u00bb"}]},{"@type":"WebSite","@id":"https:\/\/www.one.org\/fr\/#website","url":"https:\/\/www.one.org\/fr\/","name":"ONE.org","description":"Cr\u00e9er des opportunit\u00e9s \u00e9conomiques et am\u00e9liorer la sant\u00e9 en Afrique","potentialAction":[{"@type":"SearchAction","target":{"@type":"EntryPoint","urlTemplate":"https:\/\/www.one.org\/fr\/?s={search_term_string}"},"query-input":{"@type":"PropertyValueSpecification","valueRequired":true,"valueName":"search_term_string"}}],"inLanguage":"fr-FR"}]}},"distributor_meta":false,"distributor_terms":false,"distributor_media":false,"distributor_original_site_name":"ONE.org France","distributor_original_site_url":"https:\/\/www.one.org\/fr","push-errors":false,"_links":{"self":[{"href":"https:\/\/www.one.org\/fr\/wp-json\/wp\/v2\/posts\/162609","targetHints":{"allow":["GET"]}}],"collection":[{"href":"https:\/\/www.one.org\/fr\/wp-json\/wp\/v2\/posts"}],"about":[{"href":"https:\/\/www.one.org\/fr\/wp-json\/wp\/v2\/types\/post"}],"replies":[{"embeddable":true,"href":"https:\/\/www.one.org\/fr\/wp-json\/wp\/v2\/comments?post=162609"}],"version-history":[{"count":0,"href":"https:\/\/www.one.org\/fr\/wp-json\/wp\/v2\/posts\/162609\/revisions"}],"wp:featuredmedia":[{"embeddable":true,"href":"https:\/\/www.one.org\/fr\/wp-json\/wp\/v2\/media\/162849"}],"wp:attachment":[{"href":"https:\/\/www.one.org\/fr\/wp-json\/wp\/v2\/media?parent=162609"}],"wp:term":[{"taxonomy":"category","embeddable":true,"href":"https:\/\/www.one.org\/fr\/wp-json\/wp\/v2\/categories?post=162609"},{"taxonomy":"post_tag","embeddable":true,"href":"https:\/\/www.one.org\/fr\/wp-json\/wp\/v2\/tags?post=162609"},{"taxonomy":"topic","embeddable":true,"href":"https:\/\/www.one.org\/fr\/wp-json\/wp\/v2\/topic?post=162609"},{"taxonomy":"contributor","embeddable":true,"href":"https:\/\/www.one.org\/fr\/wp-json\/wp\/v2\/contributor?post=162609"},{"taxonomy":"one_content_audience","embeddable":true,"href":"https:\/\/www.one.org\/fr\/wp-json\/wp\/v2\/one_content_audience?post=162609"},{"taxonomy":"one_content_type","embeddable":true,"href":"https:\/\/www.one.org\/fr\/wp-json\/wp\/v2\/one_content_type?post=162609"},{"taxonomy":"one_content_tone","embeddable":true,"href":"https:\/\/www.one.org\/fr\/wp-json\/wp\/v2\/one_content_tone?post=162609"}],"curies":[{"name":"wp","href":"https:\/\/api.w.org\/{rel}","templated":true}]}}