{"id":162607,"date":"2022-10-21T08:27:53","date_gmt":"2022-10-21T08:27:53","guid":{"rendered":"https:\/\/www.one.org\/fr\/les-ministres-des-finances-africains-en-ont-assez\/"},"modified":"2023-09-11T19:14:06","modified_gmt":"2023-09-11T19:14:06","slug":"les-ministres-des-finances-africains-en-ont-assez","status":"publish","type":"post","link":"https:\/\/www.one.org\/fr\/actualites\/les-ministres-des-finances-africains-en-ont-assez\/","title":{"rendered":"Les ministres des Finances africains en ont assez"},"content":{"rendered":"<p><i><span style=\"font-weight: 400\">Cette semaine dans Ondes de Choc : une escalade de violence et de d&eacute;sespoir au Tigr&eacute;, l&rsquo;Ouganda se confine, l&rsquo;Egypte se met au vert, et plus encore.<\/span><\/i><\/p>\n<h3><b>ACTUALIT&Eacute;S<\/b><\/h3>\n<p><b>Chaque seconde compte : <\/b><span style=\"font-weight: 400\">Pr&egrave;s de <\/span><a href=\"https:\/\/www.bbc.com\/news\/world-africa-63275598\"><span style=\"font-weight: 400\">100 000 Tigr&eacute;ens auraient &eacute;t&eacute; massacr&eacute;s<\/span><\/a><span style=\"font-weight: 400\"> au cours des derni&egrave;res semaines, ce qui en fait l&rsquo;un des conflits les plus meurtriers, et l&rsquo;un des moins m&eacute;diatis&eacute;. Des rapports font &eacute;tat de <\/span><a href=\"https:\/\/www.youtube.com\/watch?v=1ioOLj_PMwg\"><span style=\"font-weight: 400\">dizaines de massacres de civils<\/span><\/a><span style=\"font-weight: 400\"> par les forces gouvernementales &eacute;thiopiennes. Le directeur g&eacute;n&eacute;ral de l&rsquo;OMS, Tedros Ghebreyesus, a mis en garde contre le <\/span><span style=\"font-weight: 400\">&laquo; <\/span><a href=\"https:\/\/www.reuters.com\/world\/africa\/whos-tedros-says-narrow-window-prevent-genocide-ethiopia-2022-10-19\/\"><span style=\"font-weight: 400\">peu de marge de manoeuvre<\/span><\/a><span style=\"font-weight: 400\"> &raquo;<\/span><span style=\"font-weight: 400\"> pour emp&ecirc;cher un g&eacute;nocide. Selon les experts, la nourriture et les soins de sant&eacute; sont utilis&eacute;s comme <\/span><span style=\"font-weight: 400\">&laquo; <\/span><span style=\"font-weight: 400\">armes de guerre <\/span><span style=\"font-weight: 400\">&raquo;<\/span><span style=\"font-weight: 400\">, tout comme les <\/span><a href=\"https:\/\/www.youtube.com\/watch?v=1ioOLj_PMwg\"><span style=\"font-weight: 400\">violences sexuelles<\/span><\/a><span style=\"font-weight: 400\">. Les services d&rsquo;urgence sont <\/span><a href=\"https:\/\/www.npr.org\/sections\/goatsandsoda\/2022\/10\/14\/1128363867\/where-is-humanity-ask-the-helpless-doctors-of-ethiopias-embattled-tigray-region\"><span style=\"font-weight: 400\">d&eacute;cim&eacute;s<\/span><\/a><span style=\"font-weight: 400\">, laissant peu de possibilit&eacute;s aux m&eacute;decins de soigner les patients, notamment les centaines <\/span><a href=\"https:\/\/www.reuters.com\/world\/africa\/whos-tedros-says-narrow-window-prevent-genocide-ethiopia-2022-10-19\/\"><span style=\"font-weight: 400\">de milliers de personnes au bord de la famine<\/span><\/a><span style=\"font-weight: 400\">. Si l&rsquo;Union africaine et l&rsquo;ONU ont de nouveau appel&eacute; &agrave; un <\/span><a href=\"https:\/\/nation.africa\/africa\/news\/ahmed-abiy-recommits-to-peace-talks-vows-to-seize-federal-sites-in-tigray-3988308\"><span style=\"font-weight: 400\">cessez-le-feu et &agrave; des pourparlers de paix<\/span><\/a><span style=\"font-weight: 400\">, il ne semble pas y avoir d&rsquo;&eacute;cho : les forces arm&eacute;es tigr&eacute;ennes ont accept&eacute;, mais le gouvernement &eacute;thiopien a insist&eacute; sur le fait que les pourparlers de paix devaient &ecirc;tre accompagn&eacute;s de <\/span><span style=\"font-weight: 400\">&laquo; <\/span><span style=\"font-weight: 400\">mesures d&eacute;fensives <\/span><span style=\"font-weight: 400\">&raquo;<\/span><span style=\"font-weight: 400\"> &#128064;. Et rien ne signale davantage la volont&eacute; de mener des pourparlers de paix que le meurtre de civils innocents&hellip;<\/span><\/p>\n<p><b>Ebullition :<\/b><span style=\"font-weight: 400\"> En Somalie, <\/span><a href=\"https:\/\/www.lematin.ch\/story\/en-somalie-un-enfant-hospitalise-chaque-minute-184270622113\"><span style=\"font-weight: 400\">un enfant est hospitalis&eacute; chaque minute<\/span><\/a><span style=\"font-weight: 400\"> pour cause de malnutrition, la s&eacute;cheresse historique ayant pris le pays en &eacute;tau. Selon l&rsquo;UNICEF, le nombre d&rsquo;enfants qui meurent n&rsquo;a jamais &eacute;t&eacute; aussi &eacute;lev&eacute; depuis 50 ans. La Corne de l&rsquo;Afrique est confront&eacute;e &agrave; la cinqui&egrave;me saison des pluies cons&eacute;cutive rat&eacute;e. 37 millions de personnes dans la r&eacute;gion sont confront&eacute;es &agrave; de graves p&eacute;nuries d&rsquo;eau et &agrave; une ins&eacute;curit&eacute; alimentaire aggrav&eacute;e par le d&eacute;r&egrave;glement climatique. Mais la faim n&rsquo;en est pas la seule cons&eacute;quence catastrophique : les atrocit&eacute;s de masse et les violences communautaires <\/span><a href=\"https:\/\/www.devex.com\/news\/uk-parliament-report-warns-climate-change-likely-to-worsen-atrocities-104193\"><span style=\"font-weight: 400\">augmenteront<\/span><\/a><span style=\"font-weight: 400\"> avec la hausse des temp&eacute;ratures. Si seulement les pays du G7 fournissaient les 100 milliards de dollars de financement pour aider les pays vuln&eacute;rables &agrave; faire face au changement climatique promis de longue date.&nbsp;<\/span><\/p>\n<p><b>Vous &ecirc;tes couvert <\/b><span style=\"font-weight: 400\">: <\/span><a href=\"https:\/\/data.one.org\/\"><span style=\"font-weight: 400\">data.one.org<\/span><\/a><span style=\"font-weight: 400\"> propose les derni&egrave;res analyses d&rsquo;experts, des donn&eacute;es en temps r&eacute;el et des visualisations sur les grandes tendances qui fa&ccedil;onnent l&rsquo;Afrique. Il vous suffit de <\/span><a href=\"https:\/\/data.one.org\/\"><span style=\"font-weight: 400\">cliquer sur le bouton de mise en signet<\/span><\/a><span style=\"font-weight: 400\"> (c&rsquo;est la petite &eacute;toile en haut &agrave; droite de votre &eacute;cran). Nous avons m&ecirc;me cr&eacute;&eacute; <\/span><a href=\"https:\/\/www.youtube.com\/watch?v=ZZiA6qoXeUc\"><span style=\"font-weight: 400\">une vid&eacute;o<\/span><\/a><span style=\"font-weight: 400\"> pour vous montrer comment utiliser le site.<\/span><\/p>\n<p><b>Prendre des mesures contre le greenwashing :<\/b><span style=\"font-weight: 400\"> Le gouvernement &eacute;gyptien est <\/span><a href=\"https:\/\/www.theguardian.com\/environment\/2022\/oct\/18\/greenwashing-police-state-egypt-cop27-masquerade-naomi-klein-climate-crisis\"><span style=\"font-weight: 400\">accus&eacute; de greenwashing<\/span><\/a><span style=\"font-weight: 400\"> (ou &eacute;coblanchiment) &agrave; l&rsquo;approche de la COP27 &agrave; Sharm El Sheikh le mois prochain. Dans un pays o&ugrave; les activistes sont emprisonn&eacute;s et emp&ecirc;ch&eacute;s de discuter du d&eacute;r&egrave;glement climatique, les critiques affirment que le gouvernement pr&eacute;tend cyniquement agir contre le changement climatique pour am&eacute;liorer sa r&eacute;putation. Des mesures concr&egrave;tes pourraient <\/span><a href=\"https:\/\/data.one.org\/data-dives\/climate\/\"><span style=\"font-weight: 400\">cr&eacute;er jusqu&rsquo;&agrave; 9 millions de nouveaux emplois<\/span><\/a><span style=\"font-weight: 400\"> en Afrique d&rsquo;ici 2030 <\/span><i><span style=\"font-weight: 400\">SI<\/span><\/i><span style=\"font-weight: 400\"> les gouvernements s&rsquo;attellent s&eacute;rieusement aux efforts de transition vers les &eacute;nergies renouvelables. En revanche, un r&eacute;chauffement de 4&deg;C d&rsquo;ici 2100 pourrait entra&icirc;ner <\/span><a href=\"https:\/\/data.one.org\/data-dives\/climate\/\"><span style=\"font-weight: 400\">une perte de 80 % du PIB par habitant en Afrique<\/span><\/a><span style=\"font-weight: 400\">.<\/span><\/p>\n<p><b>D&eacute;luge d&rsquo;hypocrisie :<\/b><span style=\"font-weight: 400\"> Des pluies inhabituellement fortes ont provoqu&eacute; <\/span><a href=\"https:\/\/www.france24.com\/fr\/afrique\/20221012-au-nigeria-les-inondations-ont-fait-plus-de-500-morts-depuis-juin\"><span style=\"font-weight: 400\">les pires inondations que le Nigeria ait connues<\/span><\/a><span style=\"font-weight: 400\"> depuis 10 ans, faisant plus de 600 morts et d&eacute;pla&ccedil;ant plus d&rsquo;un million de personnes. Dans certains &Eacute;tats, les inondations devraient se poursuivre jusqu&rsquo;en novembre. Le changement climatique en est un facteur important, auquel le Nigeria n&rsquo;est pas l&rsquo;un des contributeurs majeurs : l&rsquo;Afrique ne repr&eacute;sente en effet que<\/span><a href=\"https:\/\/data.one.org\/data-dives\/climate\/\"><span style=\"font-weight: 400\"> 4 % des &eacute;missions de gaz &agrave; effet de serre<\/span><\/a><span style=\"font-weight: 400\">, alors qu&rsquo;elle compte 18 % de la population mondiale. Apr&egrave;s avoir convenu lors de la COP26 d&rsquo;aider l&rsquo;Afrique du Sud &agrave; abandonner le charbon, les importations europ&eacute;ennes de charbon sud-africain ont &eacute;t&eacute; <\/span><a href=\"https:\/\/www.zawya.com\/en\/business\/energy\/south-africas-coal-exports-to-europe-surge-amid-russia-ukraine-war-ehhudct1\"><span style=\"font-weight: 400\">multipli&eacute;es par huit<\/span><\/a><span style=\"font-weight: 400\"> au cours des six premiers mois de 2022. &macr;_(&#12484;)_\/&macr;<\/span><\/p>\n<p><b>Promesses non tenues :<\/b><span style=\"font-weight: 400\">&nbsp; Lors des Assembl&eacute;es annuelles de la Banque mondiale et du FMI et de la r&eacute;union des ministres des Finances des pays du G20 la semaine derni&egrave;re, les dirigeants ont une nouvelle fois <\/span><a href=\"https:\/\/www.g20.org\/wp-content\/uploads\/2022\/10\/G20-Chairs-Summary-4th-FMCBG-12-13-Oct-2022.pdf\"><span style=\"font-weight: 400\">manqu&eacute; l&rsquo;objectif<\/span><\/a><span style=\"font-weight: 400\"> de r&eacute;allouer 100 milliards de dollars sous forme de droits de tirage sp&eacute;ciaux pour aider les pays vuln&eacute;rables &agrave; faire face aux cons&eacute;quences &eacute;conomiques et sociales de la pand&eacute;mie de COVID-19. Les pays du G20 ont d&eacute;clar&eacute; avoir promis 81,6 milliards de dollars, mais ce chiffre inclut 21 milliards de dollars provenant des &Eacute;tats-Unis, qui ne passeront probablement pas le cap du Congr&egrave;s am&eacute;ricain. Sur une note plus positive, les gouvernements des pays du G7 ont pouss&eacute; les Banques multilat&eacute;rales de d&eacute;veloppement &agrave; mobiliser 1 000 milliards de dollars suppl&eacute;mentaires sur les march&eacute;s des capitaux. &Agrave; l&rsquo;issue des r&eacute;unions, plusieurs ministres des Finances africains ont laiss&eacute; entendre que l&rsquo;Afrique &eacute;tait <\/span><span style=\"font-weight: 400\">&laquo; <\/span><a href=\"https:\/\/www.bloomberg.com\/news\/articles\/2022-10-15\/africa-is-being-marginalized-on-world-stage-finance-chiefs-say?leadSource=uverify%20wall#xj4y7vzkg\"><span style=\"font-weight: 400\">marginalis&eacute;e<\/span><\/a><span style=\"font-weight: 400\"> &raquo;<\/span><span style=\"font-weight: 400\"> par les pays riches. Pendant ce temps, le secr&eacute;taire g&eacute;n&eacute;ral de l&rsquo;ONU, Ant&oacute;nio Guterres, a qualifi&eacute; le syst&egrave;me financier international de <\/span><span style=\"font-weight: 400\">&laquo; <\/span><a href=\"https:\/\/www.un.org\/sg\/en\/content\/sg\/statement\/2022-10-19\/secretary-generals-remarks-the-partnership-between-india-and-the-united-nations-india%E2%80%99s-75th-anniversary\"><span style=\"font-weight: 400\">faillite morale<\/span><\/a><span style=\"font-weight: 400\"> &raquo;<\/span><span style=\"font-weight: 400\">. &#129354;&#129354;<\/span><\/p>\n<p><b>Note personnelle :<\/b><span style=\"font-weight: 400\"> Cette semaine, les dirigeants africains avaient les yeux riv&eacute;s sur le congr&egrave;s du Parti communiste chinois. Sous le r&egrave;gne du pr&eacute;sident Xi Jinping, les relations diplomatiques entre la Chine et de nombreux pays africains <\/span><a href=\"https:\/\/www.voanews.com\/a\/china-party-congress-what-would-xi-third-term-mean-for-africa\/6790170.html\"><span style=\"font-weight: 400\">se sont renforc&eacute;es<\/span><\/a><span style=\"font-weight: 400\">. Les relations personnelles &eacute;tant souvent un facteur d&eacute;cisif dans la diplomatie chinoise, les analystes estiment que la poursuite du leadership de Jinping permettra d&rsquo;approfondir encore les liens Chine-Afrique. Il s&rsquo;agira du troisi&egrave;me mandat du pr&eacute;sident, apr&egrave;s qu&rsquo;il a modifi&eacute; la Constitution pour le permettre. Les experts craignent maintenant que les alli&eacute;s suivent cette tendance. &Eacute;tant donn&eacute; que 35 % du commerce africain se fait avec la Chine, les dirigeants africains sont <\/span><a href=\"https:\/\/thediplomat.com\/2022\/10\/whats-at-stake-for-africa-in-chinas-20th-party-congress\/\"><span style=\"font-weight: 400\">&eacute;galement attentifs<\/span><\/a><span style=\"font-weight: 400\"> &agrave; l&rsquo;impact &eacute;conomique de la politique z&eacute;ro COVID-19 du pays. Pour paraphraser l&rsquo;ancien chancelier autrichien Herzog Metternich, lorsque la Chine &eacute;ternue, l&rsquo;Afrique s&rsquo;enrhume.<\/span><\/p>\n<p><b>Contagion :<\/b><span style=\"font-weight: 400\"> Les districts ougandais de Mubende et Kassanda ont &eacute;t&eacute; ferm&eacute;s pour trois semaines <\/span><a href=\"https:\/\/www.bbc.com\/news\/world-africa-63273603\"><span style=\"font-weight: 400\">en raison de la propagation<\/span><\/a><span style=\"font-weight: 400\"> de cas d&rsquo;une souche rare du virus Ebola. Seuls les camions de marchandises sont autoris&eacute;s &agrave; entrer et sortir des zones r&eacute;glement&eacute;es. Il est interdit aux gu&eacute;risseurs traditionnels de traiter les cas suspects, et la police peut arr&ecirc;ter les personnes susceptibles d&rsquo;&ecirc;tre malades mais qui ne parviennent pas &agrave; s&rsquo;isoler. &Agrave; ce jour, 19 personnes sont d&eacute;c&eacute;d&eacute;es sur les 58 cas confirm&eacute;s.&nbsp;<\/span><\/p>\n<h3><b>L&rsquo;&Eacute;QUIPE DE ONE EN ACTION :&nbsp;<\/b><\/h3>\n<ul>\n<li style=\"font-weight: 400\"><span style=\"font-weight: 400\">Joe Kraus de ONE explique comment l&rsquo;Afrique peut jouer un r&ocirc;le de <\/span><a href=\"https:\/\/twitter.com\/hurrayforfacts\/status\/1581972495410003969\"><span style=\"font-weight: 400\">leader mondial<\/span><\/a><span style=\"font-weight: 400\"> dans la lutte contre le changement climatique, en s&rsquo;appuyant sur notre derni&egrave;re analyse de donn&eacute;es sur le nouveau site web de ONE, <\/span><a href=\"https:\/\/data.one.org\/\"><span style=\"font-weight: 400\">data.one.org<\/span><\/a><span style=\"font-weight: 400\">.&nbsp;&nbsp;<\/span><\/li>\n<li style=\"font-weight: 400\"><span style=\"font-weight: 400\">Notre<\/span><a href=\"https:\/\/data.one.org\/data-dives\/climate\/\"> <span style=\"font-weight: 400\">page sur les donn&eacute;es consacr&eacute;es au climat<\/span><\/a><span style=\"font-weight: 400\"> a &eacute;galement inspir&eacute; deux articles portant sur la mani&egrave;re dont l&rsquo;Afrique du Sud<\/span><a href=\"https:\/\/www.news24.com\/news24\/opinions\/columnists\/guestcolumn\/opinion-mapi-mhlangu-climate-change-sas-footnote-that-should-be-daily-flashing-headline-20221017\"> <span style=\"font-weight: 400\">peut aborder le probl&egrave;me<\/span><\/a><span style=\"font-weight: 400\"> de front et sur le r&ocirc;le du Nigeria dans la <\/span><a href=\"https:\/\/thenationonlineng.net\/nigerias-role-in-achieving-global-climate-change\/\"><span style=\"font-weight: 400\">lutte contre la crise climatique<\/span><\/a><span style=\"font-weight: 400\">.&nbsp;<\/span><\/li>\n<li style=\"font-weight: 400\"><span style=\"font-weight: 400\">David McNair, de ONE, <\/span><a href=\"https:\/\/twitter.com\/David_McNair\/status\/1580988802285572096?s=20&amp;t=8Dy2xsP2ZAnXsJgRGCf5Ug\"><span style=\"font-weight: 400\">explique ce qu&rsquo;il s&rsquo;est pass&eacute;<\/span><\/a><span style=\"font-weight: 400\"> lors des Assembl&eacute;es annuelles du FMI et de la Banque mondiale la semaine derni&egrave;re.<\/span><\/li>\n<\/ul>\n<h3><b>LES CHIFFRES :<\/b><\/h3>\n<ul>\n<li style=\"font-weight: 400\"><b>4,6 millions <\/b><span style=\"font-weight: 400\">de personnes dans la r&eacute;gion du Tigr&eacute; en Ethiopie <\/span><a href=\"https:\/\/www.youtube.com\/watch?v=1ioOLj_PMwg\"><span style=\"font-weight: 400\">ne mangent pas &agrave; leur faim<\/span><\/a><span style=\"font-weight: 400\">.&nbsp;<\/span><\/li>\n<li style=\"font-weight: 400\"><b>50 millions de dollars :<\/b><span style=\"font-weight: 400\"> La contribution que la France a promise cette semaine pour participer &agrave; <\/span><a href=\"https:\/\/twitter.com\/CZacharopoulou\/status\/1582402496625975296\"><span style=\"font-weight: 400\">l&rsquo;&eacute;radication de la polio<\/span><\/a><span style=\"font-weight: 400\">.<\/span><\/li>\n<li style=\"font-weight: 400\"><b>50,7 milliards de dollars :<\/b> Le montant que les Banques multilat&eacute;rales de d&eacute;veloppement ont consacr&eacute; aux financements climat dans les pays &agrave; revenu faible ou interm&eacute;diaire en 2021, contre 38 milliards en 2020.<\/li>\n<\/ul>\n<h4><em><a href=\"https:\/\/www.one.org\/fr\/nos-combats\/ondes-de-choc\/\">Inscrivez-vous<\/a> pour recevoir Ondes de choc, notre newsletter hebdomadaire pour suivre l&rsquo;impact r&eacute;el du COVID-19 et des diff&eacute;rences crises actuelles en Afrique. Nous vous proposons des analyses pointues, succinctes et r&eacute;fl&eacute;chies de la part des experts de ONE.<\/em><\/h4>\n<div class=\"buffer\"><\/div>","protected":false},"excerpt":{"rendered":"<p>Cette semaine dans Ondes de Choc : une escalade de violence et de d&eacute;sespoir au Tigr&eacute;, l&rsquo;Ouganda se confine, l&rsquo;Egypte se met au vert, et plus encore. ACTUALIT&Eacute;S Chaque seconde compte : Pr&egrave;s de 100 000 Tigr&eacute;ens auraient &eacute;t&eacute; massacr&eacute;s au cours des derni&egrave;res semaines, ce qui en fait l&rsquo;un des conflits les plus meurtriers, [&hellip;]<\/p>\n","protected":false},"author":24,"featured_media":162853,"comment_status":"open","ping_status":"open","sticky":false,"template":"","format":"standard","meta":{"_acf_changed":false,"_relevanssi_hide_post":"","_relevanssi_hide_content":"","_relevanssi_pin_for_all":"","_relevanssi_pin_keywords":"","_relevanssi_unpin_keywords":"","_relevanssi_related_keywords":"","_relevanssi_related_include_ids":"","_relevanssi_related_exclude_ids":"","_relevanssi_related_no_append":"","_relevanssi_related_not_related":"","_relevanssi_related_posts":"","_relevanssi_noindex_reason":"","footnotes":""},"categories":[91],"tags":[],"topic":[86],"contributor":[33],"one_content_audience":[],"one_content_type":[],"one_content_tone":[],"class_list":["post-162607","post","type-post","status-publish","format-standard","has-post-thumbnail","hentry","category-donnees","topic-ondes-de-choc","contributor-one-france"],"acf":[],"yoast_head":"<!-- This site is optimized with the Yoast SEO Premium plugin v27.1 (Yoast SEO v27.1.1) - https:\/\/yoast.com\/product\/yoast-seo-premium-wordpress\/ -->\n<title>Les ministres des Finances africains en ont assez - ONE.org France<\/title>\n<meta name=\"description\" content=\"Le secr\u00e9taire g\u00e9n\u00e9ral de l&#039;ONU, Ant\u00f3nio Guterres, a qualifi\u00e9 le syst\u00e8me financier international de \u00ab faillite morale \u00bb.\" \/>\n<meta name=\"robots\" content=\"index, follow, max-snippet:-1, max-image-preview:large, max-video-preview:-1\" \/>\n<link rel=\"canonical\" href=\"https:\/\/www.one.org\/fr\/actualites\/les-ministres-des-finances-africains-en-ont-assez\/\" \/>\n<meta property=\"og:locale\" content=\"fr_FR\" \/>\n<meta property=\"og:type\" content=\"article\" \/>\n<meta property=\"og:title\" content=\"Les ministres des Finances africains en ont assez\" \/>\n<meta property=\"og:description\" content=\"Le secr\u00e9taire g\u00e9n\u00e9ral de l&#039;ONU, Ant\u00f3nio Guterres, a qualifi\u00e9 le syst\u00e8me financier international de \u00ab faillite morale \u00bb.\" \/>\n<meta property=\"og:url\" content=\"https:\/\/www.one.org\/fr\/actualites\/les-ministres-des-finances-africains-en-ont-assez\/\" \/>\n<meta property=\"og:site_name\" content=\"ONE.org France\" \/>\n<meta property=\"article:publisher\" content=\"https:\/\/www.facebook.com\/ONE.Fr\" \/>\n<meta property=\"article:published_time\" content=\"2022-10-21T08:27:53+00:00\" \/>\n<meta property=\"article:modified_time\" content=\"2023-09-11T19:14:06+00:00\" \/>\n<meta property=\"og:image\" content=\"https:\/\/www.one.org\/fr\/wp-content\/uploads\/sites\/4\/2022\/10\/Aftershock_2021_FeaturedImage_1200x1200_en_006.jpg\" \/>\n\t<meta property=\"og:image:width\" content=\"1201\" \/>\n\t<meta property=\"og:image:height\" content=\"1201\" \/>\n\t<meta property=\"og:image:type\" content=\"image\/jpeg\" \/>\n<meta name=\"author\" content=\"Dana Khalil\" \/>\n<meta name=\"twitter:card\" content=\"summary_large_image\" \/>\n<meta name=\"twitter:creator\" content=\"@one_fr\" \/>\n<meta name=\"twitter:site\" content=\"@one_fr\" \/>\n<meta name=\"twitter:label1\" content=\"Written by\" \/>\n\t<meta name=\"twitter:data1\" content=\"Dana Khalil\" \/>\n\t<meta name=\"twitter:label2\" content=\"Est. reading time\" \/>\n\t<meta name=\"twitter:data2\" content=\"8 minutes\" \/>\n<script type=\"application\/ld+json\" class=\"yoast-schema-graph\">{\"@context\":\"https:\/\/schema.org\",\"@graph\":[{\"@type\":\"Article\",\"@id\":\"https:\/\/www.one.org\/fr\/actualites\/les-ministres-des-finances-africains-en-ont-assez\/#article\",\"isPartOf\":{\"@id\":\"https:\/\/www.one.org\/fr\/actualites\/les-ministres-des-finances-africains-en-ont-assez\/\"},\"author\":{\"name\":\"Dana Khalil\",\"@id\":\"https:\/\/www.one.org\/fr\/#\/schema\/person\/cf1f30f9800f0592ec3d61940be82003\"},\"headline\":\"Les ministres des Finances africains en ont assez\",\"datePublished\":\"2022-10-21T08:27:53+00:00\",\"dateModified\":\"2023-09-11T19:14:06+00:00\",\"mainEntityOfPage\":{\"@id\":\"https:\/\/www.one.org\/fr\/actualites\/les-ministres-des-finances-africains-en-ont-assez\/\"},\"wordCount\":1644,\"commentCount\":0,\"image\":{\"@id\":\"https:\/\/www.one.org\/fr\/actualites\/les-ministres-des-finances-africains-en-ont-assez\/#primaryimage\"},\"thumbnailUrl\":\"https:\/\/www.one.org\/fr\/wp-content\/uploads\/sites\/4\/2022\/10\/Aftershock_2021_FeaturedImage_1200x1200_en_006.jpg\",\"articleSection\":[\"Donn\u00e9es\"],\"inLanguage\":\"fr-FR\",\"potentialAction\":[{\"@type\":\"CommentAction\",\"name\":\"Comment\",\"target\":[\"https:\/\/www.one.org\/fr\/actualites\/les-ministres-des-finances-africains-en-ont-assez\/#respond\"]}]},{\"@type\":\"WebPage\",\"@id\":\"https:\/\/www.one.org\/fr\/actualites\/les-ministres-des-finances-africains-en-ont-assez\/\",\"url\":\"https:\/\/www.one.org\/fr\/actualites\/les-ministres-des-finances-africains-en-ont-assez\/\",\"name\":\"Les ministres des Finances africains en ont assez - ONE.org France\",\"isPartOf\":{\"@id\":\"https:\/\/www.one.org\/fr\/#website\"},\"primaryImageOfPage\":{\"@id\":\"https:\/\/www.one.org\/fr\/actualites\/les-ministres-des-finances-africains-en-ont-assez\/#primaryimage\"},\"image\":{\"@id\":\"https:\/\/www.one.org\/fr\/actualites\/les-ministres-des-finances-africains-en-ont-assez\/#primaryimage\"},\"thumbnailUrl\":\"https:\/\/www.one.org\/fr\/wp-content\/uploads\/sites\/4\/2022\/10\/Aftershock_2021_FeaturedImage_1200x1200_en_006.jpg\",\"datePublished\":\"2022-10-21T08:27:53+00:00\",\"dateModified\":\"2023-09-11T19:14:06+00:00\",\"author\":{\"@id\":\"https:\/\/www.one.org\/fr\/#\/schema\/person\/cf1f30f9800f0592ec3d61940be82003\"},\"description\":\"Le secr\u00e9taire g\u00e9n\u00e9ral de l'ONU, Ant\u00f3nio Guterres, a qualifi\u00e9 le syst\u00e8me financier international de \u00ab faillite morale \u00bb.\",\"breadcrumb\":{\"@id\":\"https:\/\/www.one.org\/fr\/actualites\/les-ministres-des-finances-africains-en-ont-assez\/#breadcrumb\"},\"inLanguage\":\"fr-FR\",\"potentialAction\":[{\"@type\":\"ReadAction\",\"target\":[\"https:\/\/www.one.org\/fr\/actualites\/les-ministres-des-finances-africains-en-ont-assez\/\"]}]},{\"@type\":\"ImageObject\",\"inLanguage\":\"fr-FR\",\"@id\":\"https:\/\/www.one.org\/fr\/actualites\/les-ministres-des-finances-africains-en-ont-assez\/#primaryimage\",\"url\":\"https:\/\/www.one.org\/fr\/wp-content\/uploads\/sites\/4\/2022\/10\/Aftershock_2021_FeaturedImage_1200x1200_en_006.jpg\",\"contentUrl\":\"https:\/\/www.one.org\/fr\/wp-content\/uploads\/sites\/4\/2022\/10\/Aftershock_2021_FeaturedImage_1200x1200_en_006.jpg\",\"width\":1201,\"height\":1201},{\"@type\":\"BreadcrumbList\",\"@id\":\"https:\/\/www.one.org\/fr\/actualites\/les-ministres-des-finances-africains-en-ont-assez\/#breadcrumb\",\"itemListElement\":[{\"@type\":\"ListItem\",\"position\":1,\"name\":\"Home\",\"item\":\"https:\/\/www.one.org\/fr\/\"},{\"@type\":\"ListItem\",\"position\":2,\"name\":\"Les ministres des Finances africains en ont assez\"}]},{\"@type\":\"WebSite\",\"@id\":\"https:\/\/www.one.org\/fr\/#website\",\"url\":\"https:\/\/www.one.org\/fr\/\",\"name\":\"ONE.org\",\"description\":\"Cr\u00e9er des opportunit\u00e9s \u00e9conomiques et am\u00e9liorer la sant\u00e9 en Afrique\",\"potentialAction\":[{\"@type\":\"SearchAction\",\"target\":{\"@type\":\"EntryPoint\",\"urlTemplate\":\"https:\/\/www.one.org\/fr\/?s={search_term_string}\"},\"query-input\":{\"@type\":\"PropertyValueSpecification\",\"valueRequired\":true,\"valueName\":\"search_term_string\"}}],\"inLanguage\":\"fr-FR\"},{\"@type\":\"Person\",\"@id\":\"https:\/\/www.one.org\/fr\/#\/schema\/person\/cf1f30f9800f0592ec3d61940be82003\",\"name\":\"Dana Khalil\",\"image\":{\"@type\":\"ImageObject\",\"inLanguage\":\"fr-FR\",\"@id\":\"https:\/\/www.one.org\/fr\/#\/schema\/person\/image\/\",\"url\":\"https:\/\/secure.gravatar.com\/avatar\/b0da536f00ccefadcc7aae4e64855977a5249adb1ac04162a69474e53a8d4c40?s=96&d=mm&r=g\",\"contentUrl\":\"https:\/\/secure.gravatar.com\/avatar\/b0da536f00ccefadcc7aae4e64855977a5249adb1ac04162a69474e53a8d4c40?s=96&d=mm&r=g\",\"caption\":\"Dana Khalil\"},\"url\":\"https:\/\/www.one.org\/fr\/actualites\/author\/danakhalil\/\"}]}<\/script>\n<!-- \/ Yoast SEO Premium plugin. -->","yoast_head_json":{"title":"Les ministres des Finances africains en ont assez - ONE.org France","description":"Le secr\u00e9taire g\u00e9n\u00e9ral de l'ONU, Ant\u00f3nio Guterres, a qualifi\u00e9 le syst\u00e8me financier international de \u00ab faillite morale \u00bb.","robots":{"index":"index","follow":"follow","max-snippet":"max-snippet:-1","max-image-preview":"max-image-preview:large","max-video-preview":"max-video-preview:-1"},"canonical":"https:\/\/www.one.org\/fr\/actualites\/les-ministres-des-finances-africains-en-ont-assez\/","og_locale":"fr_FR","og_type":"article","og_title":"Les ministres des Finances africains en ont assez","og_description":"Le secr\u00e9taire g\u00e9n\u00e9ral de l'ONU, Ant\u00f3nio Guterres, a qualifi\u00e9 le syst\u00e8me financier international de \u00ab faillite morale \u00bb.","og_url":"https:\/\/www.one.org\/fr\/actualites\/les-ministres-des-finances-africains-en-ont-assez\/","og_site_name":"ONE.org France","article_publisher":"https:\/\/www.facebook.com\/ONE.Fr","article_published_time":"2022-10-21T08:27:53+00:00","article_modified_time":"2023-09-11T19:14:06+00:00","og_image":[{"width":1201,"height":1201,"url":"https:\/\/www.one.org\/fr\/wp-content\/uploads\/sites\/4\/2022\/10\/Aftershock_2021_FeaturedImage_1200x1200_en_006.jpg","type":"image\/jpeg"}],"author":"Dana Khalil","twitter_card":"summary_large_image","twitter_creator":"@one_fr","twitter_site":"@one_fr","twitter_misc":{"Written by":"Dana Khalil","Est. reading time":"8 minutes"},"schema":{"@context":"https:\/\/schema.org","@graph":[{"@type":"Article","@id":"https:\/\/www.one.org\/fr\/actualites\/les-ministres-des-finances-africains-en-ont-assez\/#article","isPartOf":{"@id":"https:\/\/www.one.org\/fr\/actualites\/les-ministres-des-finances-africains-en-ont-assez\/"},"author":{"name":"Dana Khalil","@id":"https:\/\/www.one.org\/fr\/#\/schema\/person\/cf1f30f9800f0592ec3d61940be82003"},"headline":"Les ministres des Finances africains en ont assez","datePublished":"2022-10-21T08:27:53+00:00","dateModified":"2023-09-11T19:14:06+00:00","mainEntityOfPage":{"@id":"https:\/\/www.one.org\/fr\/actualites\/les-ministres-des-finances-africains-en-ont-assez\/"},"wordCount":1644,"commentCount":0,"image":{"@id":"https:\/\/www.one.org\/fr\/actualites\/les-ministres-des-finances-africains-en-ont-assez\/#primaryimage"},"thumbnailUrl":"https:\/\/www.one.org\/fr\/wp-content\/uploads\/sites\/4\/2022\/10\/Aftershock_2021_FeaturedImage_1200x1200_en_006.jpg","articleSection":["Donn\u00e9es"],"inLanguage":"fr-FR","potentialAction":[{"@type":"CommentAction","name":"Comment","target":["https:\/\/www.one.org\/fr\/actualites\/les-ministres-des-finances-africains-en-ont-assez\/#respond"]}]},{"@type":"WebPage","@id":"https:\/\/www.one.org\/fr\/actualites\/les-ministres-des-finances-africains-en-ont-assez\/","url":"https:\/\/www.one.org\/fr\/actualites\/les-ministres-des-finances-africains-en-ont-assez\/","name":"Les ministres des Finances africains en ont assez - ONE.org France","isPartOf":{"@id":"https:\/\/www.one.org\/fr\/#website"},"primaryImageOfPage":{"@id":"https:\/\/www.one.org\/fr\/actualites\/les-ministres-des-finances-africains-en-ont-assez\/#primaryimage"},"image":{"@id":"https:\/\/www.one.org\/fr\/actualites\/les-ministres-des-finances-africains-en-ont-assez\/#primaryimage"},"thumbnailUrl":"https:\/\/www.one.org\/fr\/wp-content\/uploads\/sites\/4\/2022\/10\/Aftershock_2021_FeaturedImage_1200x1200_en_006.jpg","datePublished":"2022-10-21T08:27:53+00:00","dateModified":"2023-09-11T19:14:06+00:00","author":{"@id":"https:\/\/www.one.org\/fr\/#\/schema\/person\/cf1f30f9800f0592ec3d61940be82003"},"description":"Le secr\u00e9taire g\u00e9n\u00e9ral de l'ONU, Ant\u00f3nio Guterres, a qualifi\u00e9 le syst\u00e8me financier international de \u00ab faillite morale \u00bb.","breadcrumb":{"@id":"https:\/\/www.one.org\/fr\/actualites\/les-ministres-des-finances-africains-en-ont-assez\/#breadcrumb"},"inLanguage":"fr-FR","potentialAction":[{"@type":"ReadAction","target":["https:\/\/www.one.org\/fr\/actualites\/les-ministres-des-finances-africains-en-ont-assez\/"]}]},{"@type":"ImageObject","inLanguage":"fr-FR","@id":"https:\/\/www.one.org\/fr\/actualites\/les-ministres-des-finances-africains-en-ont-assez\/#primaryimage","url":"https:\/\/www.one.org\/fr\/wp-content\/uploads\/sites\/4\/2022\/10\/Aftershock_2021_FeaturedImage_1200x1200_en_006.jpg","contentUrl":"https:\/\/www.one.org\/fr\/wp-content\/uploads\/sites\/4\/2022\/10\/Aftershock_2021_FeaturedImage_1200x1200_en_006.jpg","width":1201,"height":1201},{"@type":"BreadcrumbList","@id":"https:\/\/www.one.org\/fr\/actualites\/les-ministres-des-finances-africains-en-ont-assez\/#breadcrumb","itemListElement":[{"@type":"ListItem","position":1,"name":"Home","item":"https:\/\/www.one.org\/fr\/"},{"@type":"ListItem","position":2,"name":"Les ministres des Finances africains en ont assez"}]},{"@type":"WebSite","@id":"https:\/\/www.one.org\/fr\/#website","url":"https:\/\/www.one.org\/fr\/","name":"ONE.org","description":"Cr\u00e9er des opportunit\u00e9s \u00e9conomiques et am\u00e9liorer la sant\u00e9 en Afrique","potentialAction":[{"@type":"SearchAction","target":{"@type":"EntryPoint","urlTemplate":"https:\/\/www.one.org\/fr\/?s={search_term_string}"},"query-input":{"@type":"PropertyValueSpecification","valueRequired":true,"valueName":"search_term_string"}}],"inLanguage":"fr-FR"},{"@type":"Person","@id":"https:\/\/www.one.org\/fr\/#\/schema\/person\/cf1f30f9800f0592ec3d61940be82003","name":"Dana Khalil","image":{"@type":"ImageObject","inLanguage":"fr-FR","@id":"https:\/\/www.one.org\/fr\/#\/schema\/person\/image\/","url":"https:\/\/secure.gravatar.com\/avatar\/b0da536f00ccefadcc7aae4e64855977a5249adb1ac04162a69474e53a8d4c40?s=96&d=mm&r=g","contentUrl":"https:\/\/secure.gravatar.com\/avatar\/b0da536f00ccefadcc7aae4e64855977a5249adb1ac04162a69474e53a8d4c40?s=96&d=mm&r=g","caption":"Dana Khalil"},"url":"https:\/\/www.one.org\/fr\/actualites\/author\/danakhalil\/"}]}},"distributor_meta":false,"distributor_terms":false,"distributor_media":false,"distributor_original_site_name":"ONE.org France","distributor_original_site_url":"https:\/\/www.one.org\/fr","push-errors":false,"_links":{"self":[{"href":"https:\/\/www.one.org\/fr\/wp-json\/wp\/v2\/posts\/162607","targetHints":{"allow":["GET"]}}],"collection":[{"href":"https:\/\/www.one.org\/fr\/wp-json\/wp\/v2\/posts"}],"about":[{"href":"https:\/\/www.one.org\/fr\/wp-json\/wp\/v2\/types\/post"}],"author":[{"embeddable":true,"href":"https:\/\/www.one.org\/fr\/wp-json\/wp\/v2\/users\/24"}],"replies":[{"embeddable":true,"href":"https:\/\/www.one.org\/fr\/wp-json\/wp\/v2\/comments?post=162607"}],"version-history":[{"count":0,"href":"https:\/\/www.one.org\/fr\/wp-json\/wp\/v2\/posts\/162607\/revisions"}],"wp:featuredmedia":[{"embeddable":true,"href":"https:\/\/www.one.org\/fr\/wp-json\/wp\/v2\/media\/162853"}],"wp:attachment":[{"href":"https:\/\/www.one.org\/fr\/wp-json\/wp\/v2\/media?parent=162607"}],"wp:term":[{"taxonomy":"category","embeddable":true,"href":"https:\/\/www.one.org\/fr\/wp-json\/wp\/v2\/categories?post=162607"},{"taxonomy":"post_tag","embeddable":true,"href":"https:\/\/www.one.org\/fr\/wp-json\/wp\/v2\/tags?post=162607"},{"taxonomy":"topic","embeddable":true,"href":"https:\/\/www.one.org\/fr\/wp-json\/wp\/v2\/topic?post=162607"},{"taxonomy":"contributor","embeddable":true,"href":"https:\/\/www.one.org\/fr\/wp-json\/wp\/v2\/contributor?post=162607"},{"taxonomy":"one_content_audience","embeddable":true,"href":"https:\/\/www.one.org\/fr\/wp-json\/wp\/v2\/one_content_audience?post=162607"},{"taxonomy":"one_content_type","embeddable":true,"href":"https:\/\/www.one.org\/fr\/wp-json\/wp\/v2\/one_content_type?post=162607"},{"taxonomy":"one_content_tone","embeddable":true,"href":"https:\/\/www.one.org\/fr\/wp-json\/wp\/v2\/one_content_tone?post=162607"}],"curies":[{"name":"wp","href":"https:\/\/api.w.org\/{rel}","templated":true}]}}