{"id":162598,"date":"2022-09-23T15:09:25","date_gmt":"2022-09-23T15:09:25","guid":{"rendered":"https:\/\/www.one.org\/fr\/un-hiver-de-mecontentement-mondial-a-lhorizon\/"},"modified":"2024-04-23T12:32:52","modified_gmt":"2024-04-23T12:32:52","slug":"un-hiver-de-mecontentement-mondial-a-lhorizon","status":"publish","type":"post","link":"https:\/\/www.one.org\/fr\/actualites\/un-hiver-de-mecontentement-mondial-a-lhorizon\/","title":{"rendered":"Un hiver de m\u00e9contentement mondial \u00e0 l\u2019horizon"},"content":{"rendered":"<p><em>La guerre en Ukraine &eacute;tait sur toutes les l&egrave;vres &agrave; l&rsquo;Assembl&eacute;e G&eacute;n&eacute;rale des Nations unies cette semaine. Le Secr&eacute;taire g&eacute;n&eacute;ral de l&rsquo;ONU, Ant&oacute;nio Guterres, a d&eacute;nonc&eacute; un <\/em><a href=\"https:\/\/news.un.org\/fr\/story\/2022\/09\/1127381\">&laquo; <em>&eacute;norme dysfonctionnement mondial <\/em>&raquo;<\/a><em> qui mine la paix, la s&eacute;curit&eacute; et la reprise &eacute;conomique. Le Pr&eacute;sident am&eacute;ricain Joe Biden s&rsquo;est joint aux appels en faveur d&rsquo;un <\/em><a href=\"https:\/\/www.bfmtv.com\/international\/joe-biden-reclame-une-augmentation-du-nombre-de-membres-du-conseil-de-securite-de-l-onu_AD-202209210691.html\"><em>&eacute;largissement du Conseil de S&eacute;curit&eacute;<\/em><\/a><em> des Nations unies pour mieux faire face aux crises mondiales. Et face &agrave; l&rsquo;aggravation de l&rsquo;ins&eacute;curit&eacute; alimentaire et &eacute;conomique dans les pays africains, le Pr&eacute;sident s&eacute;n&eacute;galais Macky Sall a averti que le continent <\/em><a href=\"https:\/\/www.journaldumali.com\/2022\/09\/21\/senegal-macky-sall-prend-la-defense-de-lafrique-a-lonu\/\">&laquo; <em>ne veut pas &ecirc;tre le terrain d&rsquo;une nouvelle guerre froide<\/em> &raquo;<\/a><em>. Voici quelques-uns des principaux sujets &agrave; suivre :<\/em><\/p>\n<p><strong>ACTUALITES<\/strong><\/p>\n<p><strong>Le temps presse :<\/strong> Nous sommes presque &agrave; mi-chemin de l&rsquo;&eacute;ch&eacute;ance fix&eacute;e pour atteindre les Objectifs de d&eacute;veloppement durable d&rsquo;ici 2030, mais la crise alimentaire mondiale montre &agrave; quel point le monde est loin du compte. 345 millions de personnes <a href=\"https:\/\/sdg2advocacyhub.org\/news\/open-letter-un-member-states-global-food-crisis\">souffrent<\/a> de faim aigu&euml;, et 50 millions sont au bord de la famine. Les r&eacute;fugi&eacute;s de Somalie <a href=\"https:\/\/www.rfi.fr\/fr\/afrique\/20220921-le-kenya-fait-face-%C3%A0-l-afflux-de-r%C3%A9fugi%C3%A9s-somaliens-fuyant-la-crise-alimentaire\">fuient<\/a> vers le Kenya car les r&eacute;serves alimentaires d&eacute;j&agrave; r&eacute;duites par la s&eacute;cheresse sont aggrav&eacute;es par une autre crise : <a href=\"https:\/\/www.one.org\/africa\/issues\/covid-19-tracker\/explore-ukraine\/\">la guerre en Ukraine<\/a>. Cette semaine, <a href=\"https:\/\/www.tf1info.fr\/international\/une-personne-meurt-de-la-faim-toutes-les-quatre-secondes-dans-le-monde-selon-plus-de-200-ong-2232885.html\">238 ONG<\/a> (dont ONE) ont publi&eacute; une lettre ouverte, constatant l&rsquo;inaction des dirigeants face &agrave; la crise de la faim (<a href=\"https:\/\/sdg2advocacyhub.org\/news\/open-letter-un-member-states-global-food-crisis\">&laquo; Dans un monde d&rsquo;abondance, laisser les gens mourir de faim est un choix politique &raquo;<\/a>) et les exhortant &agrave; agir. Les contributions confirm&eacute;es des donateurs au Programme Alimentaire Mondial ne repr&eacute;sentent qu&rsquo;un tiers de ce qui est n&eacute;cessaire, et l&rsquo;aide humanitaire destin&eacute;e &agrave; &eacute;viter la famine en Somalie fait face &agrave; <a href=\"https:\/\/fts.unocha.org\/countries\/206\/summary\/2022\">un manque<\/a> de 424 millions de dollars. Mercredi, le Pr&eacute;sident Biden a annonc&eacute; un <a href=\"https:\/\/www.rfi.fr\/fr\/en-bref\/20220921-biden-annonce-2-9-milliards-de-dollars-pour-lutter-contre-l-ins%C3%A9curit%C3%A9-alimentaire\">financement suppl&eacute;mentaire<\/a> de 2,9 milliards de dollars pour renforcer la s&eacute;curit&eacute; alimentaire mondiale, dont la majeure partie sera fournie par des agences am&eacute;ricaines.<\/p>\n<p><strong>Chaque milliard compte :<\/strong> Plus de 60 donateurs se sont engag&eacute;s &agrave; verser <a href=\"https:\/\/www.theglobalfund.org\/fr\/news\/2022\/2022-09-21-global-fund-partners-pledge-support-to-end-deadly-diseases-prevent-future-pandemics\/\">14,25 milliards de dollars<\/a> lors de la 7e conf&eacute;rence de reconstitution du Fonds mondial qui s&rsquo;est tenue cette semaine. Parmi les moments forts, citons une augmentation de 30 % du financement de la part de la majorit&eacute; des pays du G7 (sauf pour l&rsquo;Italie et le Royaume-Uni qui n&rsquo;ont pas encore fait de promesses), pr&egrave;s de 54 millions de dollars de la part des pays Africains, et au moins 315 millions de dollars de la part du secteur priv&eacute;, plus 912 millions de dollars de la Fondation Bill et Melinda Gates. La France quant &agrave; elle a annonc&eacute; une augmentation de sa contribution de 23%. Toutefois, il reste un d&eacute;ficit de financement de 3,75 milliards de dollars par rapport aux besoins, ce qui pourrait avoir des cons&eacute;quences majeures. <a href=\"https:\/\/cdn.one.org\/pdfs\/Is-the-Red-Ribbon-Fraying.pdf\">Notre analyse<\/a> montre qu&rsquo;un manque d&rsquo;un milliard de dollars pourrait se traduire par 25 millions de nouvelles infections ou de nouveaux cas pour les trois maladies. Et chaque milliard manquant &agrave; l&rsquo;objectif des 18 milliards de dollars pourrait entra&icirc;ner une diminution de 1,6 million du nombre de personnes ayant acc&egrave;s &agrave; un traitement contre le VIH. En Tanzanie, un <a href=\"https:\/\/allafrica.com\/stories\/202209170027.html\">nouveau m&eacute;dicament<\/a> permettra de traiter la tuberculose chronique pendant une p&eacute;riode pouvant aller jusqu&rsquo;&agrave; six mois, ce qui montre l&rsquo;importance de la recherche et des investissements continus.<\/p>\n<p><strong>Se pr&eacute;parer au pire :<\/strong> Le Fonds mondial, la seule agence multilat&eacute;rale cr&eacute;&eacute;e sp&eacute;cifiquement pour lutter contre les pand&eacute;mies, vise &eacute;galement &agrave; combler les <a href=\"https:\/\/www.theglobalfund.org\/media\/11986\/thematic_pandemic-preparedness-response_report_en.pdf\">d&eacute;ficits de pr&eacute;paration<\/a> que le virus du COVID-19 a mis en &eacute;vidence. Un nouveau rapport de la Commission Lancet a <a href=\"https:\/\/www.thelancet.com\/journals\/lancet\/article\/PIIS0140-6736(22)01585-9\/fulltext\">dress&eacute; un r&eacute;quisitoire<\/a> sans appel face &agrave; l&rsquo;&eacute;chec de la r&eacute;ponse mondiale &agrave; la pand&eacute;mie, condamnant le manque de coordination, la monopolisation des vaccins et l&rsquo;incapacit&eacute; des gouvernements &agrave; lutter contre la d&eacute;sinformation en mati&egrave;re de sant&eacute; publique. Mais il semble que certaines le&ccedil;ons n&rsquo;aient pas encore &eacute;t&eacute; tir&eacute;es : les taux de vaccination contre le COVID-19 dans les pays &agrave; revenu faible sont toujours <a href=\"https:\/\/www.one.org\/africa\/issues\/covid-19-tracker\/explore-covid-response\/#0\">inf&eacute;rieurs &agrave; 20 %<\/a>, alors m&ecirc;me que la demande de l&rsquo;OMS que 70 % de la population mondiale soit vaccin&eacute;e arrive &agrave; &eacute;ch&eacute;ance. Mais rassurez-vous, au moins les riches sont devenus <a href=\"https:\/\/lesactualites.news\/affaires\/le-nombre-de-personnes-tres-fortunees-dans-le-monde-atteint-un-niveau-record-les-super-riches\/\">plus riches<\/a> pendant la pand&eacute;mie !<\/p>\n<p><strong>Une nouvelle &eacute;pid&eacute;mie :<\/strong> L&rsquo;Ouganda a officiellement d&eacute;clar&eacute; une r&eacute;surgence d&rsquo;une souche rare d&rsquo;Ebola, d&eacute;tect&eacute;e pour la derni&egrave;re fois il y a 10 ans. Il n&rsquo;y a <a href=\"https:\/\/www.devex.com\/news\/uganda-declares-outbreak-of-rare-ebola-strain-with-no-approved-vaccine-104034\">pas de vaccin<\/a> autoris&eacute; pour s&rsquo;en prot&eacute;ger, et lors des &eacute;pid&eacute;mies pr&eacute;c&eacute;dentes, les taux de mortalit&eacute; allaient de <a href=\"https:\/\/www.france24.com\/fr\/info-en-continu\/20220920-l-ouganda-annonce-un-premier-d%C3%A9c%C3%A8s-caus%C3%A9-par-ebola-depuis-2019-1\">41 % &agrave; 100 %<\/a>. Cette d&eacute;claration intervient apr&egrave;s l&rsquo;identification d&rsquo;un cas chez un homme de 24 ans, qui a pr&eacute;sent&eacute; les <a href=\"https:\/\/africacdc.org\/news-item\/uganda-reported-an-outbreak-of-ebola-virus-disease\/\">premiers sympt&ocirc;mes<\/a> le 11 septembre et est d&eacute;c&eacute;d&eacute; cette semaine. Six autres personnes sont d&eacute;j&agrave; suspect&eacute;es d&rsquo;en &ecirc;tre d&eacute;c&eacute;d&eacute;es, et l&rsquo;OMS enqu&ecirc;te sur huit autres cas. Le Centre de contr&ocirc;le et de pr&eacute;vention des maladies en Afrique a d&eacute;ploy&eacute; des &eacute;quipes pour aider les autorit&eacute;s sanitaires ougandaises.<\/p>\n<p><strong>Au bord de l&rsquo;asphyxie : <\/strong>Le paiement des int&eacute;r&ecirc;ts de la dette publique limitera les d&eacute;penses de sant&eacute; des pays &agrave; revenu faible <a href=\"https:\/\/documents.banquemondiale.org\/fr\/publication\/documents-reports\/documentdetail\/099403409202225273\/idu0dddbd1eb0a51804f44085dd0edb18e41ff8f\">de 7 % en moyenne<\/a> en 2027. Dans certains pays, ces d&eacute;penses pourraient &ecirc;tre r&eacute;duites de 30 %. Le pr&eacute;sident nig&eacute;rian Muhammadu Buhari a appel&eacute; &agrave; all&eacute;ger la dette qui <a href=\"https:\/\/www.premiumtimesng.com\/news\/top-news\/555243-unga-what-buhari-told-world-leaders-about-russian-invasion-climate-change-others.html\">asphyxie<\/a> les pays &agrave; revenu faible. M. Guterres a exhort&eacute; les cr&eacute;anciers &agrave; envisager de <a href=\"https:\/\/press.un.org\/fr\/2022\/ag12446.doc.htm\">&laquo; r&eacute;duire le fardeau de la dette &raquo;<\/a> et les principales banques centrales &agrave; &eacute;tendre les facilit&eacute;s de liquidit&eacute; et les lignes de devises. Dans le m&ecirc;me temps, la p&eacute;nurie chronique de dollars au Nigeria a atteint un niveau critique, car des <a href=\"https:\/\/www.ft.com\/content\/f69a9464-7f82-472c-95e9-37fb72cac88f?sharetype=blocked\">&laquo; vols massifs &raquo;<\/a> ont contribu&eacute; &agrave; faire chuter la production p&eacute;troli&egrave;re du pays &agrave; son niveau le plus bas depuis 32 ans, dans un contexte de forte demande de dollars.<\/p>\n<p><strong>Limiter les d&eacute;g&acirc;ts :<\/strong> Cette semaine, le Danemark est devenu <a href=\"https:\/\/www.courrierinternational.com\/article\/pollution-le-danemark-est-le-premier-pays-riche-a-payer-les-pays-du-sud-pour-la-crise-climatique\">le premier pays<\/a> &agrave; s&rsquo;engager &agrave; financer les &laquo; pertes et dommages &raquo; li&eacute;s au climat. Les d&eacute;fenseurs du climat exhortent depuis longtemps les pays pollueurs &agrave; mettre en place un fonds destin&eacute; &agrave; indemniser les pays vuln&eacute;rables aux pertes et dommages caus&eacute;s par le d&eacute;r&egrave;glement climatique. Ce n&rsquo;&eacute;tait pas une priorit&eacute; lors de la COP26, mais les militants se sont engag&eacute;s &agrave; faire pression en ce sens lors de la COP27, qui se tiendra en &Eacute;gypte en novembre. Entre-temps, les pays vuln&eacute;rables proposent la mise en place d&rsquo;une taxe mondiale <a href=\"https:\/\/www.theguardian.com\/environment\/2022\/sep\/19\/vulnerable-countries-demand-global-tax-to-pay-for-climate-led-loss-and-damage\">&laquo; li&eacute;e au climat et fond&eacute;e sur la justice &raquo;<\/a>. M. Guterres affirme que <a href=\"https:\/\/www.bfmtv.com\/international\/les-pollueurs-doivent-payer-le-secretaire-general-de-l-onu-appelle-a-taxer-les-profits-dans-les-energies-fossiles-pour-financer-les-impacts-du-rechauffement-climatique_VN-202209200469.html\">&laquo; les pollueurs doivent payer &raquo;<\/a> et a appel&eacute; &agrave; l&rsquo;instauration d&rsquo;une taxe sur les b&eacute;n&eacute;fices exceptionnels des entreprises exploitant des combustibles fossiles. Bloomberg Philanthropies a annonc&eacute; vouloir investir dans 15 pays suppl&eacute;mentaires &agrave; revenu faible &ndash; dont 11 en Afrique &ndash; afin de faciliter leur transition vers des &eacute;nergies vertes. Plus t&ocirc;t dans l&rsquo;ann&eacute;e, des investissements similaires avaient &eacute;t&eacute; annonc&eacute;s dans 17 pays, dont 10 &agrave; revenu faible.<\/p>\n<p><strong>L&rsquo;&Eacute;QUIPE DE ONE EN ACTION :&nbsp;<\/strong><\/p>\n<ul>\n<li>L&rsquo;insuffisance des promesses de dons au Fonds mondial a de graves cons&eacute;quences sur la vie de millions de personnes. D&eacute;couvrez comment dans la derni&egrave;re analyse de ONE : <a href=\"https:\/\/cdn.one.org\/pdfs\/Is-the-Red-Ribbon-Fraying.pdf\">&laquo; Le ruban rouge s&rsquo;effiloche-t-il ? &raquo;<\/a>.<\/li>\n<li>Najat Vallaud-Belkacem, Directrice de ONE France appelle &agrave; taxer les ultra-riches pour financer la sant&eacute; mondiale dans un entretien &agrave; Euractiv. A retrouver <a href=\"https:\/\/www.euractiv.fr\/section\/sante-modes-de-vie\/interview\/taxer-les-ultra-riches-pour-financer-la-sante-mondiale-selon-najat-vallaud-belkacem\/\">ici<\/a> !<\/li>\n<li>Cela fait un an que les dirigeants mondiaux se sont engag&eacute;s &agrave; vacciner 70% de la population mondiale d&rsquo;ici&hellip;em&hellip;maintenant. David McNair se penche sur ce qui a <a href=\"https:\/\/twitter.com\/david_mcnair\/status\/1572728530705977344?s=46&amp;t=PDRxZb5HEKkPakav8rMQDA\">mal tourn&eacute;<\/a>.<\/li>\n<\/ul>\n<p><strong>LES CHIFFRES :<\/strong><\/p>\n<ul>\n<li><strong>30 % de plus : <\/strong>pr&egrave;s de 20 pays ont augment&eacute; leur contribution au Fonds mondial de 30 % ou plus, y compris des donateurs importants comme le Japon, l&rsquo;Allemagne, l&rsquo;Espagne et la Commission europ&eacute;enne. Coup de chapeau &agrave; la Cor&eacute;e du Sud qui a augment&eacute; sa promesse de 300 %, et aux &Eacute;tats-Unis qui ont promis 6 milliards de dollars. &#129395;<\/li>\n<li><strong>0 :<\/strong> le nombre de Droits de Tirage Sp&eacute;ciaux recycl&eacute;s que les pays vuln&eacute;rables <a href=\"https:\/\/www.cgdev.org\/blog\/quick-rundown-where-we-stand-sdrs#.YynJkba-jKo.twitter\">ont re&ccedil;u<\/a>, malgr&eacute; de nombreuses <a href=\"https:\/\/www.one.org\/africa\/issues\/covid-19-tracker\/explore-sdrs\/\">promesses<\/a>. Cette semaine, le Pr&eacute;sident Emmanuel Macron a r&eacute;p&eacute;t&eacute; son engagement de <a href=\"https:\/\/twitter.com\/KGeorgieva\/status\/1572692055586906113\">recycler 30 %<\/a> des DTS de la France vers les pays qui en ont besoin, notamment en Afrique. C&rsquo;est une bonne nouvelle, mais une livraison rapide est cruciale.<\/li>\n<\/ul>\n<div class=\"buffer\"><\/div>","protected":false},"excerpt":{"rendered":"<p>La guerre en Ukraine &eacute;tait sur toutes les l&egrave;vres &agrave; l&rsquo;Assembl&eacute;e G&eacute;n&eacute;rale des Nations unies cette semaine. Le Secr&eacute;taire g&eacute;n&eacute;ral de l&rsquo;ONU, Ant&oacute;nio Guterres, a d&eacute;nonc&eacute; un &laquo; &eacute;norme dysfonctionnement mondial &raquo; qui mine la paix, la s&eacute;curit&eacute; et la reprise &eacute;conomique. Le Pr&eacute;sident am&eacute;ricain Joe Biden s&rsquo;est joint aux appels en faveur d&rsquo;un &eacute;largissement [&hellip;]<\/p>\n","protected":false},"author":0,"featured_media":162871,"comment_status":"open","ping_status":"open","sticky":false,"template":"","format":"standard","meta":{"_acf_changed":false,"_relevanssi_hide_post":"","_relevanssi_hide_content":"","_relevanssi_pin_for_all":"","_relevanssi_pin_keywords":"","_relevanssi_unpin_keywords":"","_relevanssi_related_keywords":"","_relevanssi_related_include_ids":"","_relevanssi_related_exclude_ids":"","_relevanssi_related_no_append":"","_relevanssi_related_not_related":"","_relevanssi_related_posts":"","_relevanssi_noindex_reason":"","footnotes":""},"categories":[91],"tags":[],"topic":[86],"contributor":[33],"one_content_audience":[],"one_content_type":[],"one_content_tone":[],"class_list":["post-162598","post","type-post","status-publish","format-standard","has-post-thumbnail","hentry","category-donnees","topic-ondes-de-choc","contributor-one-france"],"acf":[],"yoast_head":"<!-- This site is optimized with the Yoast SEO Premium plugin v27.1 (Yoast SEO v27.1.1) - https:\/\/yoast.com\/product\/yoast-seo-premium-wordpress\/ -->\n<title>Un hiver de m\u00e9contentement mondial \u00e0 l\u2019horizon - ONE.org France<\/title>\n<meta name=\"description\" content=\"La guerre en Ukraine \u00e9tait sur toutes les l\u00e8vres \u00e0 l&#039;Assembl\u00e9e G\u00e9n\u00e9rale des Nations unies cette semaine. On vous explique.\" \/>\n<meta name=\"robots\" content=\"index, follow, max-snippet:-1, max-image-preview:large, max-video-preview:-1\" \/>\n<link rel=\"canonical\" href=\"https:\/\/www.one.org\/fr\/actualites\/un-hiver-de-mecontentement-mondial-a-lhorizon\/\" \/>\n<meta property=\"og:locale\" content=\"fr_FR\" \/>\n<meta property=\"og:type\" content=\"article\" \/>\n<meta property=\"og:title\" content=\"Un hiver de m\u00e9contentement mondial \u00e0 l\u2019horizon\" \/>\n<meta property=\"og:description\" content=\"La guerre en Ukraine \u00e9tait sur toutes les l\u00e8vres \u00e0 l&#039;Assembl\u00e9e G\u00e9n\u00e9rale des Nations unies cette semaine. On vous explique.\" \/>\n<meta property=\"og:url\" content=\"https:\/\/www.one.org\/fr\/actualites\/un-hiver-de-mecontentement-mondial-a-lhorizon\/\" \/>\n<meta property=\"og:site_name\" content=\"ONE.org France\" \/>\n<meta property=\"article:publisher\" content=\"https:\/\/www.facebook.com\/ONE.Fr\" \/>\n<meta property=\"article:published_time\" content=\"2022-09-23T15:09:25+00:00\" \/>\n<meta property=\"article:modified_time\" content=\"2024-04-23T12:32:52+00:00\" \/>\n<meta property=\"og:image\" content=\"https:\/\/www.one.org\/fr\/wp-content\/uploads\/sites\/4\/2022\/09\/Aftershock_2021_FeaturedImage_1200x1200_en_002-1.jpg\" \/>\n\t<meta property=\"og:image:width\" content=\"1201\" \/>\n\t<meta property=\"og:image:height\" content=\"1201\" \/>\n\t<meta property=\"og:image:type\" content=\"image\/jpeg\" \/>\n<meta name=\"twitter:card\" content=\"summary_large_image\" \/>\n<meta name=\"twitter:creator\" content=\"@one_fr\" \/>\n<meta name=\"twitter:site\" content=\"@one_fr\" \/>\n<meta name=\"twitter:label1\" content=\"Est. reading time\" \/>\n\t<meta name=\"twitter:data1\" content=\"9 minutes\" \/>\n<script type=\"application\/ld+json\" class=\"yoast-schema-graph\">{\"@context\":\"https:\/\/schema.org\",\"@graph\":[{\"@type\":\"Article\",\"@id\":\"https:\/\/www.one.org\/fr\/actualites\/un-hiver-de-mecontentement-mondial-a-lhorizon\/#article\",\"isPartOf\":{\"@id\":\"https:\/\/www.one.org\/fr\/actualites\/un-hiver-de-mecontentement-mondial-a-lhorizon\/\"},\"author\":{\"name\":\"\",\"@id\":\"\"},\"headline\":\"Un hiver de m\u00e9contentement mondial \u00e0 l\u2019horizon\",\"datePublished\":\"2022-09-23T15:09:25+00:00\",\"dateModified\":\"2024-04-23T12:32:52+00:00\",\"mainEntityOfPage\":{\"@id\":\"https:\/\/www.one.org\/fr\/actualites\/un-hiver-de-mecontentement-mondial-a-lhorizon\/\"},\"wordCount\":1713,\"commentCount\":0,\"image\":{\"@id\":\"https:\/\/www.one.org\/fr\/actualites\/un-hiver-de-mecontentement-mondial-a-lhorizon\/#primaryimage\"},\"thumbnailUrl\":\"https:\/\/www.one.org\/fr\/wp-content\/uploads\/sites\/4\/2022\/09\/Aftershock_2021_FeaturedImage_1200x1200_en_002-1.jpg\",\"articleSection\":[\"Donn\u00e9es\"],\"inLanguage\":\"fr-FR\",\"potentialAction\":[{\"@type\":\"CommentAction\",\"name\":\"Comment\",\"target\":[\"https:\/\/www.one.org\/fr\/actualites\/un-hiver-de-mecontentement-mondial-a-lhorizon\/#respond\"]}]},{\"@type\":\"WebPage\",\"@id\":\"https:\/\/www.one.org\/fr\/actualites\/un-hiver-de-mecontentement-mondial-a-lhorizon\/\",\"url\":\"https:\/\/www.one.org\/fr\/actualites\/un-hiver-de-mecontentement-mondial-a-lhorizon\/\",\"name\":\"Un hiver de m\u00e9contentement mondial \u00e0 l\u2019horizon - ONE.org France\",\"isPartOf\":{\"@id\":\"https:\/\/www.one.org\/fr\/#website\"},\"primaryImageOfPage\":{\"@id\":\"https:\/\/www.one.org\/fr\/actualites\/un-hiver-de-mecontentement-mondial-a-lhorizon\/#primaryimage\"},\"image\":{\"@id\":\"https:\/\/www.one.org\/fr\/actualites\/un-hiver-de-mecontentement-mondial-a-lhorizon\/#primaryimage\"},\"thumbnailUrl\":\"https:\/\/www.one.org\/fr\/wp-content\/uploads\/sites\/4\/2022\/09\/Aftershock_2021_FeaturedImage_1200x1200_en_002-1.jpg\",\"datePublished\":\"2022-09-23T15:09:25+00:00\",\"dateModified\":\"2024-04-23T12:32:52+00:00\",\"author\":{\"@id\":\"\"},\"description\":\"La guerre en Ukraine \u00e9tait sur toutes les l\u00e8vres \u00e0 l'Assembl\u00e9e G\u00e9n\u00e9rale des Nations unies cette semaine. On vous explique.\",\"breadcrumb\":{\"@id\":\"https:\/\/www.one.org\/fr\/actualites\/un-hiver-de-mecontentement-mondial-a-lhorizon\/#breadcrumb\"},\"inLanguage\":\"fr-FR\",\"potentialAction\":[{\"@type\":\"ReadAction\",\"target\":[\"https:\/\/www.one.org\/fr\/actualites\/un-hiver-de-mecontentement-mondial-a-lhorizon\/\"]}]},{\"@type\":\"ImageObject\",\"inLanguage\":\"fr-FR\",\"@id\":\"https:\/\/www.one.org\/fr\/actualites\/un-hiver-de-mecontentement-mondial-a-lhorizon\/#primaryimage\",\"url\":\"https:\/\/www.one.org\/fr\/wp-content\/uploads\/sites\/4\/2022\/09\/Aftershock_2021_FeaturedImage_1200x1200_en_002-1.jpg\",\"contentUrl\":\"https:\/\/www.one.org\/fr\/wp-content\/uploads\/sites\/4\/2022\/09\/Aftershock_2021_FeaturedImage_1200x1200_en_002-1.jpg\",\"width\":1201,\"height\":1201},{\"@type\":\"BreadcrumbList\",\"@id\":\"https:\/\/www.one.org\/fr\/actualites\/un-hiver-de-mecontentement-mondial-a-lhorizon\/#breadcrumb\",\"itemListElement\":[{\"@type\":\"ListItem\",\"position\":1,\"name\":\"Home\",\"item\":\"https:\/\/www.one.org\/fr\/\"},{\"@type\":\"ListItem\",\"position\":2,\"name\":\"Un hiver de m\u00e9contentement mondial \u00e0 l\u2019horizon\"}]},{\"@type\":\"WebSite\",\"@id\":\"https:\/\/www.one.org\/fr\/#website\",\"url\":\"https:\/\/www.one.org\/fr\/\",\"name\":\"ONE.org\",\"description\":\"Cr\u00e9er des opportunit\u00e9s \u00e9conomiques et am\u00e9liorer la sant\u00e9 en Afrique\",\"potentialAction\":[{\"@type\":\"SearchAction\",\"target\":{\"@type\":\"EntryPoint\",\"urlTemplate\":\"https:\/\/www.one.org\/fr\/?s={search_term_string}\"},\"query-input\":{\"@type\":\"PropertyValueSpecification\",\"valueRequired\":true,\"valueName\":\"search_term_string\"}}],\"inLanguage\":\"fr-FR\"}]}<\/script>\n<!-- \/ Yoast SEO Premium plugin. -->","yoast_head_json":{"title":"Un hiver de m\u00e9contentement mondial \u00e0 l\u2019horizon - ONE.org France","description":"La guerre en Ukraine \u00e9tait sur toutes les l\u00e8vres \u00e0 l'Assembl\u00e9e G\u00e9n\u00e9rale des Nations unies cette semaine. On vous explique.","robots":{"index":"index","follow":"follow","max-snippet":"max-snippet:-1","max-image-preview":"max-image-preview:large","max-video-preview":"max-video-preview:-1"},"canonical":"https:\/\/www.one.org\/fr\/actualites\/un-hiver-de-mecontentement-mondial-a-lhorizon\/","og_locale":"fr_FR","og_type":"article","og_title":"Un hiver de m\u00e9contentement mondial \u00e0 l\u2019horizon","og_description":"La guerre en Ukraine \u00e9tait sur toutes les l\u00e8vres \u00e0 l'Assembl\u00e9e G\u00e9n\u00e9rale des Nations unies cette semaine. On vous explique.","og_url":"https:\/\/www.one.org\/fr\/actualites\/un-hiver-de-mecontentement-mondial-a-lhorizon\/","og_site_name":"ONE.org France","article_publisher":"https:\/\/www.facebook.com\/ONE.Fr","article_published_time":"2022-09-23T15:09:25+00:00","article_modified_time":"2024-04-23T12:32:52+00:00","og_image":[{"width":1201,"height":1201,"url":"https:\/\/www.one.org\/fr\/wp-content\/uploads\/sites\/4\/2022\/09\/Aftershock_2021_FeaturedImage_1200x1200_en_002-1.jpg","type":"image\/jpeg"}],"twitter_card":"summary_large_image","twitter_creator":"@one_fr","twitter_site":"@one_fr","twitter_misc":{"Est. reading time":"9 minutes"},"schema":{"@context":"https:\/\/schema.org","@graph":[{"@type":"Article","@id":"https:\/\/www.one.org\/fr\/actualites\/un-hiver-de-mecontentement-mondial-a-lhorizon\/#article","isPartOf":{"@id":"https:\/\/www.one.org\/fr\/actualites\/un-hiver-de-mecontentement-mondial-a-lhorizon\/"},"author":{"name":"","@id":""},"headline":"Un hiver de m\u00e9contentement mondial \u00e0 l\u2019horizon","datePublished":"2022-09-23T15:09:25+00:00","dateModified":"2024-04-23T12:32:52+00:00","mainEntityOfPage":{"@id":"https:\/\/www.one.org\/fr\/actualites\/un-hiver-de-mecontentement-mondial-a-lhorizon\/"},"wordCount":1713,"commentCount":0,"image":{"@id":"https:\/\/www.one.org\/fr\/actualites\/un-hiver-de-mecontentement-mondial-a-lhorizon\/#primaryimage"},"thumbnailUrl":"https:\/\/www.one.org\/fr\/wp-content\/uploads\/sites\/4\/2022\/09\/Aftershock_2021_FeaturedImage_1200x1200_en_002-1.jpg","articleSection":["Donn\u00e9es"],"inLanguage":"fr-FR","potentialAction":[{"@type":"CommentAction","name":"Comment","target":["https:\/\/www.one.org\/fr\/actualites\/un-hiver-de-mecontentement-mondial-a-lhorizon\/#respond"]}]},{"@type":"WebPage","@id":"https:\/\/www.one.org\/fr\/actualites\/un-hiver-de-mecontentement-mondial-a-lhorizon\/","url":"https:\/\/www.one.org\/fr\/actualites\/un-hiver-de-mecontentement-mondial-a-lhorizon\/","name":"Un hiver de m\u00e9contentement mondial \u00e0 l\u2019horizon - ONE.org France","isPartOf":{"@id":"https:\/\/www.one.org\/fr\/#website"},"primaryImageOfPage":{"@id":"https:\/\/www.one.org\/fr\/actualites\/un-hiver-de-mecontentement-mondial-a-lhorizon\/#primaryimage"},"image":{"@id":"https:\/\/www.one.org\/fr\/actualites\/un-hiver-de-mecontentement-mondial-a-lhorizon\/#primaryimage"},"thumbnailUrl":"https:\/\/www.one.org\/fr\/wp-content\/uploads\/sites\/4\/2022\/09\/Aftershock_2021_FeaturedImage_1200x1200_en_002-1.jpg","datePublished":"2022-09-23T15:09:25+00:00","dateModified":"2024-04-23T12:32:52+00:00","author":{"@id":""},"description":"La guerre en Ukraine \u00e9tait sur toutes les l\u00e8vres \u00e0 l'Assembl\u00e9e G\u00e9n\u00e9rale des Nations unies cette semaine. On vous explique.","breadcrumb":{"@id":"https:\/\/www.one.org\/fr\/actualites\/un-hiver-de-mecontentement-mondial-a-lhorizon\/#breadcrumb"},"inLanguage":"fr-FR","potentialAction":[{"@type":"ReadAction","target":["https:\/\/www.one.org\/fr\/actualites\/un-hiver-de-mecontentement-mondial-a-lhorizon\/"]}]},{"@type":"ImageObject","inLanguage":"fr-FR","@id":"https:\/\/www.one.org\/fr\/actualites\/un-hiver-de-mecontentement-mondial-a-lhorizon\/#primaryimage","url":"https:\/\/www.one.org\/fr\/wp-content\/uploads\/sites\/4\/2022\/09\/Aftershock_2021_FeaturedImage_1200x1200_en_002-1.jpg","contentUrl":"https:\/\/www.one.org\/fr\/wp-content\/uploads\/sites\/4\/2022\/09\/Aftershock_2021_FeaturedImage_1200x1200_en_002-1.jpg","width":1201,"height":1201},{"@type":"BreadcrumbList","@id":"https:\/\/www.one.org\/fr\/actualites\/un-hiver-de-mecontentement-mondial-a-lhorizon\/#breadcrumb","itemListElement":[{"@type":"ListItem","position":1,"name":"Home","item":"https:\/\/www.one.org\/fr\/"},{"@type":"ListItem","position":2,"name":"Un hiver de m\u00e9contentement mondial \u00e0 l\u2019horizon"}]},{"@type":"WebSite","@id":"https:\/\/www.one.org\/fr\/#website","url":"https:\/\/www.one.org\/fr\/","name":"ONE.org","description":"Cr\u00e9er des opportunit\u00e9s \u00e9conomiques et am\u00e9liorer la sant\u00e9 en Afrique","potentialAction":[{"@type":"SearchAction","target":{"@type":"EntryPoint","urlTemplate":"https:\/\/www.one.org\/fr\/?s={search_term_string}"},"query-input":{"@type":"PropertyValueSpecification","valueRequired":true,"valueName":"search_term_string"}}],"inLanguage":"fr-FR"}]}},"distributor_meta":false,"distributor_terms":false,"distributor_media":false,"distributor_original_site_name":"ONE.org France","distributor_original_site_url":"https:\/\/www.one.org\/fr","push-errors":false,"_links":{"self":[{"href":"https:\/\/www.one.org\/fr\/wp-json\/wp\/v2\/posts\/162598","targetHints":{"allow":["GET"]}}],"collection":[{"href":"https:\/\/www.one.org\/fr\/wp-json\/wp\/v2\/posts"}],"about":[{"href":"https:\/\/www.one.org\/fr\/wp-json\/wp\/v2\/types\/post"}],"replies":[{"embeddable":true,"href":"https:\/\/www.one.org\/fr\/wp-json\/wp\/v2\/comments?post=162598"}],"version-history":[{"count":0,"href":"https:\/\/www.one.org\/fr\/wp-json\/wp\/v2\/posts\/162598\/revisions"}],"wp:featuredmedia":[{"embeddable":true,"href":"https:\/\/www.one.org\/fr\/wp-json\/wp\/v2\/media\/162871"}],"wp:attachment":[{"href":"https:\/\/www.one.org\/fr\/wp-json\/wp\/v2\/media?parent=162598"}],"wp:term":[{"taxonomy":"category","embeddable":true,"href":"https:\/\/www.one.org\/fr\/wp-json\/wp\/v2\/categories?post=162598"},{"taxonomy":"post_tag","embeddable":true,"href":"https:\/\/www.one.org\/fr\/wp-json\/wp\/v2\/tags?post=162598"},{"taxonomy":"topic","embeddable":true,"href":"https:\/\/www.one.org\/fr\/wp-json\/wp\/v2\/topic?post=162598"},{"taxonomy":"contributor","embeddable":true,"href":"https:\/\/www.one.org\/fr\/wp-json\/wp\/v2\/contributor?post=162598"},{"taxonomy":"one_content_audience","embeddable":true,"href":"https:\/\/www.one.org\/fr\/wp-json\/wp\/v2\/one_content_audience?post=162598"},{"taxonomy":"one_content_type","embeddable":true,"href":"https:\/\/www.one.org\/fr\/wp-json\/wp\/v2\/one_content_type?post=162598"},{"taxonomy":"one_content_tone","embeddable":true,"href":"https:\/\/www.one.org\/fr\/wp-json\/wp\/v2\/one_content_tone?post=162598"}],"curies":[{"name":"wp","href":"https:\/\/api.w.org\/{rel}","templated":true}]}}