{"id":162593,"date":"2022-09-01T14:57:58","date_gmt":"2022-09-01T14:57:58","guid":{"rendered":"https:\/\/www.one.org\/fr\/une-nouvelle-etude-deconstruit-lune-des-principales-idees-recues-sur-la-pandemie\/"},"modified":"2024-04-23T12:32:59","modified_gmt":"2024-04-23T12:32:59","slug":"une-nouvelle-etude-deconstruit-lune-des-principales-idees-recues-sur-la-pandemie","status":"publish","type":"post","link":"https:\/\/www.one.org\/fr\/actualites\/une-nouvelle-etude-deconstruit-lune-des-principales-idees-recues-sur-la-pandemie\/","title":{"rendered":"Une nouvelle \u00e9tude d\u00e9construit l&#8217;une des principales id\u00e9es re\u00e7ues sur la pand\u00e9mie"},"content":{"rendered":"<p><em>Cette semaine<\/em><em>, dans Ondes de Choc : la v&eacute;rit&eacute; sur l&rsquo;h&eacute;sitation vaccinale, les impacts &agrave; long terme du COVID-19, les r&eacute;sultats des &eacute;lections pr&eacute;sidentielles en Angola et au Kenya, et plus encore.<\/em><\/p>\n<p><strong>ACTUALITES<\/strong><\/p>\n<p><strong>D&eacute;mystification : <\/strong>Une nouvelle &eacute;tude a <a href=\"https:\/\/www.theguardian.com\/global-development\/2022\/aug\/26\/low-covid-jab-rates-in-poorer-countries-falsely-blamed-on-vaccine-hesitancy-report\">d&eacute;menti<\/a> l&rsquo;id&eacute;e que l&rsquo;h&eacute;sitation &agrave; se faire vacciner serait la principale cause des taux de vaccination peu &eacute;lev&eacute;s contre le COVID-19 dans les pays &agrave; revenu faible. L&rsquo;analyse de 14 pays a au contraire r&eacute;v&eacute;l&eacute; que &laquo; l&rsquo;approvisionnement impr&eacute;visible en vaccins, le manque de traitements antiviraux et le faible financement des syst&egrave;mes de sant&eacute; &raquo; en &eacute;taient les principales causes. Dans les pays analys&eacute;s, 90 % des vaccins re&ccedil;us en d&eacute;cembre 2021 ont &eacute;t&eacute; administr&eacute;s, malgr&eacute; les difficult&eacute;s. Une augmentation de la production de vaccins dans les pays du Sud permettrait d&rsquo;augmenter et d&rsquo;acc&eacute;lerer la production de vaccins au niveau mondial. De fa&ccedil;on ironique, au d&eacute;but de la pand&eacute;mie, les soci&eacute;t&eacute;s pharmaceutiques occidentales ont en fait <a href=\"https:\/\/theintercept.com\/2022\/08\/23\/covid-vaccine-patents-moderna-big-pharma-section-1498\/\">b&eacute;n&eacute;fici&eacute; de l&rsquo;utilisation<\/a> des dispositions de l&rsquo;Accord sur les ADPIC auxquelles elles se sont farouchement oppos&eacute;es depuis. Ces dispositions permettraient aux pays &agrave; revenu faible d&rsquo;acc&eacute;der aux brevets et d&rsquo;ainsi fabriquer leurs propres vaccins.<\/p>\n<p><strong>&laquo; Ondes de choc &eacute;pid&eacute;miologique &raquo; :<\/strong> Le virus du COVID-19 a consid&eacute;rablement augment&eacute; les taux <a href=\"https:\/\/www.ft.com\/content\/26e0731f-15c4-4f5a-b2dc-fd8591a02aec\">de maladies chroniques<\/a> comme les maladies cardiaques, les accidents vasculaires c&eacute;r&eacute;braux et le diab&egrave;te, selon de nouveaux &eacute;l&eacute;ments et des recherches r&eacute;centes. Les d&eacute;c&egrave;s par crise cardiaque ont augment&eacute; de 15 % entre 2019 et 2021 pour les personnes &acirc;g&eacute;es de 40 &agrave; 64 ans, les premi&egrave;res analyses montrant un risque accru de probl&egrave;mes cardiovasculaires jusqu&rsquo;&agrave; au moins un an apr&egrave;s l&rsquo;infection au COVID-19. Pendant ce temps, le nombre de travailleurs de la sant&eacute; diminue en raison des contaminations et de l&rsquo;&eacute;puisement professionnel. Les experts estiment qu&rsquo;il faut repenser la prestation des soins de sant&eacute; pour all&eacute;ger la charge croissante qui p&egrave;se sur ces syst&egrave;mes.<\/p>\n<p><strong>Prix des aliments &#11015;&#65039;, co&ucirc;ts &#11014;&#65039; : <\/strong>Apr&egrave;s avoir atteint des sommets ces derniers mois, le prix du bl&eacute;, du ma&iuml;s et de certaines huiles a chut&eacute; &agrave; des niveaux jamais vus depuis <a href=\"https:\/\/www.one.org\/africa\/issues\/covid-19-tracker\/explore-ukraine\/\">l&rsquo;invasion<\/a> de l&rsquo;Ukraine par la Russie. Mais la crise alimentaire est <a href=\"https:\/\/www.economist.com\/finance-and-economics\/2022\/08\/22\/against-expectations-global-food-prices-have-tumbled\">loin d&rsquo;&ecirc;tre termin&eacute;e<\/a> : selon les experts, l&rsquo;accord r&eacute;cemment n&eacute;goci&eacute; pour faire sortir les c&eacute;r&eacute;ales des zones bloqu&eacute;es par la Russie en Ukraine n&rsquo;est pas la raison principale de la baisse des prix. La Russie a augment&eacute; ses exportations de c&eacute;r&eacute;ales et les prix de l&rsquo;&eacute;nergie ont d&eacute;cru. Mais m&ecirc;me si les prix des denr&eacute;es alimentaires diminuent, la valeur des devises de nombreux pays &agrave; revenu faible continue de baisser, ce qui augmente le co&ucirc;t des produits de base.<\/p>\n<p><strong>Point de basculement :<\/strong> L&rsquo;&Eacute;gypte risque de faire <a href=\"https:\/\/www.bloomberg.com\/news\/articles\/2022-08-28\/default-jitters-stalk-egypt-sending-traders-on-a-wild-ride\">d&eacute;faut sur sa dette<\/a> souveraine dans le courant de l&rsquo;ann&eacute;e, devenant ainsi le dernier d&rsquo;une s&eacute;rie de pays &agrave; revenu faible souffrant de l&rsquo;impact combin&eacute; d&rsquo;une inflation croissante, de taux d&rsquo;int&eacute;r&ecirc;t plus &eacute;lev&eacute;s et d&rsquo;un ralentissement de la croissance mondiale. Le ratio dette\/PIB de l&rsquo;&Eacute;gypte est de 94 %, avec une dette en devises &eacute;trang&egrave;res de 83,3 milliards de dollars. Selon certains experts, seule une d&eacute;valuation de la monnaie &eacute;gyptienne, associ&eacute;e &agrave; un programme de service de la dette suffisant du FMI pourrait permettre au pays d&rsquo;&eacute;viter le d&eacute;faut de paiement. Ou peut-&ecirc;tre le G20 pourrait-il <a href=\"https:\/\/www.one.org\/africa\/issues\/covid-19-tracker\/explore-debt\/#6\">enfin am&eacute;liorer le Cadre Commun<\/a> pour encourager la participation d&rsquo;autres pays.<\/p>\n<p><strong>&Agrave; table :<\/strong> Le Japon a d&eacute;clar&eacute; qu&rsquo;il ferait pression pour que l&rsquo;Afrique obtienne un si&egrave;ge permanent au Conseil de s&eacute;curit&eacute; de l&rsquo;ONU afin de <a href=\"https:\/\/www.lemonde.fr\/afrique\/article\/2022\/08\/29\/le-japon-va-reclamer-un-siege-permanent-pour-l-afrique-a-l-onu_6139369_3212.html#:~:text=Le%20premier%20ministre%20japonais%20Fumio,non%20permanent%20en%202023%2D2024.\">&laquo; rem&eacute;dier &agrave; une injustice historique &raquo;<\/a>. Cette annonce intervient apr&egrave;s l&rsquo;&eacute;lection du Japon &agrave; un si&egrave;ge temporaire pour la p&eacute;riode 2023-2025. Actuellement, les cinq membres permanents &ndash; France, Chine, Russie, Royaume-Uni et &Eacute;tats-Unis &ndash; refl&egrave;tent la dynamique du pouvoir en place lors de la cr&eacute;ation du Conseil de s&eacute;curit&eacute;. Ce n&rsquo;est pas la premi&egrave;re fois que le Japon propose des r&eacute;formes : en 2005, le pays avait alors demand&eacute; <a href=\"https:\/\/www.lemonde.fr\/international\/article\/2005\/05\/17\/le-g4-propose-un-elargissement-du-conseil-de-securite-de-l-onu_650549_3210.html\">son propre si&egrave;ge permanent<\/a> au Conseil de s&eacute;curit&eacute; avec le Br&eacute;sil, l&rsquo;Allemagne et l&rsquo;Inde. Esp&eacute;rons que cette fois-ci la demande ait plus de succ&egrave;s ! &#128591;<\/p>\n<p><strong>Des r&eacute;sultats contestables : <\/strong>Le pr&eacute;sident angolais Joao Lourenco a &eacute;t&eacute; r&eacute;&eacute;lu la semaine derni&egrave;re <a href=\"https:\/\/www.lepoint.fr\/monde\/elections-en-angola-le-parti-au-pouvoir-remporte-une-victoire-serree-lourenco-reconduit-29-08-2022-2487706_24.php\">avec 51% des voix<\/a>, le plus mauvais r&eacute;sultat de son parti en 20 ans. Au pouvoir depuis que l&rsquo;ancienne colonie portugaise a obtenu son ind&eacute;pendance en 1975, son parti a perdu de nombreux soutiens au cours des deux derni&egrave;res d&eacute;cennies, notamment d&ucirc; aux niveaux &eacute;lev&eacute;s de corruption, de pauvret&eacute; et de ch&ocirc;mage. Le chef du principal parti d&rsquo;opposition, Adalberto Costa Junior, qui a remport&eacute; 44 % des voix, a refus&eacute; les r&eacute;sultats. Pendant ce temps, au Kenya, Raila Odinga, candidat &agrave; l&rsquo;&eacute;lection pr&eacute;sidentielle et leader de l&rsquo;opposition, <a href=\"https:\/\/www.youtube.com\/watch?v=h3z1BF9cIto\">conteste devant la Cour Supr&ecirc;me<\/a> les r&eacute;sultats des r&eacute;centes &eacute;lections, arguant d&rsquo;irr&eacute;gularit&eacute;s. William Ruto a remport&eacute; le scrutin avec une marge infime de 0,5 %. La Cour supr&ecirc;me doit <a href=\"https:\/\/www.voaafrique.com\/a\/kenya-la-cour-supr%C3%AAme-retient-9-sujets-pour-statuer-sur-les-r%C3%A9sultats-de-la-pr%C3%A9sidentielle\/6722818.html\">rendre son verdict<\/a> le 5 septembre.<\/p>\n<p><strong>Sur le fil du rasoir :<\/strong> De violents affrontements entre les milices de dirigeants politiques rivaux en Libye ont fait <a href=\"https:\/\/www.nytimes.com\/2022\/08\/28\/world\/middleeast\/libya-militias-hifter-dbeiba-bashagha.html?campaign_id=51&amp;emc=edit_mbe_20220829&amp;instance_id=70520&amp;nl=morning-briefing%3A-europe-edition&amp;regi_id=71649364&amp;segment_id=102648&amp;te=1&amp;user_id=bc183dcae34a9bbd8c9576cb5dd9c0d8#:~:text=At%20least%2032%20people%20were,and%20the%20militias%20they%20control\">au moins 32 morts<\/a> et environ 150 bless&eacute;s. Les combats ont commenc&eacute; apr&egrave;s l&rsquo;attaque d&rsquo;une milice du rival politique du Premier ministre Abdul Hamid Dbeibeh, Fathi Bashagha, dans les rues de Tripoli. Le parti de Bashagha a contest&eacute; la l&eacute;gitimit&eacute; du premier ministre et a install&eacute; un gouvernement int&eacute;rimaire sous le contr&ocirc;le de Bashagha en f&eacute;vrier dernier. Les tensions politiques et la violence depuis le d&eacute;but de l&rsquo;ann&eacute;e ont <a href=\"https:\/\/www.bloomberg.com\/news\/articles\/2022-08-03\/an-oil-rebound-in-libya-rests-on-shaky-political-foundations\">perturb&eacute; la production de p&eacute;trole<\/a> et de gaz en Libye. Les niveaux de production ont augment&eacute; ces derni&egrave;res semaines, mais les experts estiment que des &eacute;lections sont n&eacute;cessaires pour stabiliser la situation.<\/p>\n<p><strong>L&rsquo;&Eacute;QUIPE DE ONE EN ACTION :&nbsp;<\/strong><\/p>\n<ul>\n<li>Les inscriptions sont ouvertes pour le s&eacute;minaire <a href=\"https:\/\/www.eventbrite.co.uk\/e\/mdb-seminar-unlocking-the-potential-of-the-mdbs-tickets-406457063017?keep_tld=1\">&laquo; Lib&eacute;rer le potentiel des Banques Multilat&eacute;rales de D&eacute;veloppement &raquo;<\/a> organis&eacute; par ONE, E3G et Sharing Strategies, et aura lieu le mercredi 7 septembre &agrave; 14h (heure de Paris).<\/li>\n<li>L&rsquo;&eacute;quipe Expertise de ONE explique ce qu&rsquo;il faudrait faire pour <a href=\"https:\/\/www.one.org\/africa\/issues\/covid-19-tracker\/explore-african-manufacturing\/\">d&eacute;velopper l&rsquo;industrie du m&eacute;dicament<\/a> en Afrique avec une fabrication locale.<\/li>\n<\/ul>\n<p><strong>LES CHIFFRES :<\/strong><\/p>\n<ul>\n<li><strong><strong>30 milliards de dollars d&rsquo;aide<\/strong> pour des projets de d&eacute;veloppement en Afrique seront <a href=\"https:\/\/www.reuters.com\/article\/japon-afrique-developpement-idFRKBN2PX04K\">fournis par le Japon<\/a> au cours des trois prochaines ann&eacute;es. Le Japon s&rsquo;est &eacute;galement engag&eacute; &agrave; verser jusqu&rsquo;&agrave; <a href=\"https:\/\/www.theglobalfund.org\/en\/news\/2022\/2022-08-27-global-fund-applauds-japans-major-commitment-to-help-end-aids-tuberculosis-and-malaria-and-strengthen-systems-for-health\/\">1,08 milliard de dollars<\/a> au Fonds mondial. <strong>&#129395;<\/strong><\/strong><\/li>\n<\/ul>\n<ul>\n<li><strong>22% : <\/strong>le taux de vaccination contre le COVID-19 en Afrique, <a href=\"https:\/\/www.one.org\/africa\/issues\/covid-19-tracker\/explore-covid-response\/\">contre 75 %<\/a> dans les pays &agrave; revenu moyen sup&eacute;rieur et &eacute;lev&eacute;.<\/li>\n<\/ul>\n<p><strong>904 millions de personnes <\/strong>souffraient de la faim au 30 ao&ucirc;t 2022, soit une <a href=\"https:\/\/twitter.com\/ONEAftershocks\/status\/1564639247998410752\">augmentation de 51,5 millions<\/a> de personnes depuis le d&eacute;but de la guerre en Ukraine.<\/p>\n<div class=\"buffer\"><\/div>","protected":false},"excerpt":{"rendered":"<p>Cette semaine, dans Ondes de Choc : la v&eacute;rit&eacute; sur l&rsquo;h&eacute;sitation vaccinale, les impacts &agrave; long terme du COVID-19, les r&eacute;sultats des &eacute;lections pr&eacute;sidentielles en Angola et au Kenya, et plus encore. ACTUALITES D&eacute;mystification : Une nouvelle &eacute;tude a d&eacute;menti l&rsquo;id&eacute;e que l&rsquo;h&eacute;sitation &agrave; se faire vacciner serait la principale cause des taux de vaccination [&hellip;]<\/p>\n","protected":false},"author":0,"featured_media":162879,"comment_status":"open","ping_status":"open","sticky":false,"template":"","format":"standard","meta":{"_acf_changed":false,"_relevanssi_hide_post":"","_relevanssi_hide_content":"","_relevanssi_pin_for_all":"","_relevanssi_pin_keywords":"","_relevanssi_unpin_keywords":"","_relevanssi_related_keywords":"","_relevanssi_related_include_ids":"","_relevanssi_related_exclude_ids":"","_relevanssi_related_no_append":"","_relevanssi_related_not_related":"","_relevanssi_related_posts":"","_relevanssi_noindex_reason":"","footnotes":""},"categories":[91],"tags":[],"topic":[86],"contributor":[33],"one_content_audience":[],"one_content_type":[],"one_content_tone":[],"class_list":["post-162593","post","type-post","status-publish","format-standard","has-post-thumbnail","hentry","category-donnees","topic-ondes-de-choc","contributor-one-france"],"acf":[],"yoast_head":"<!-- This site is optimized with the Yoast SEO Premium plugin v27.1 (Yoast SEO v27.1.1) - https:\/\/yoast.com\/product\/yoast-seo-premium-wordpress\/ -->\n<title>Une nouvelle \u00e9tude d\u00e9construit l&#039;une des principales id\u00e9es re\u00e7ues sur la pand\u00e9mie - ONE.org France<\/title>\n<meta name=\"description\" content=\"On vous parle de la v\u00e9rit\u00e9 sur l&#039;h\u00e9sitation vaccinale, les impacts \u00e0 long terme du COVID-19 et plus encore.\" \/>\n<meta name=\"robots\" content=\"index, follow, max-snippet:-1, max-image-preview:large, max-video-preview:-1\" \/>\n<link rel=\"canonical\" href=\"https:\/\/www.one.org\/fr\/actualites\/une-nouvelle-etude-deconstruit-lune-des-principales-idees-recues-sur-la-pandemie\/\" \/>\n<meta property=\"og:locale\" content=\"fr_FR\" \/>\n<meta property=\"og:type\" content=\"article\" \/>\n<meta property=\"og:title\" content=\"Une nouvelle \u00e9tude d\u00e9construit l&#039;une des principales id\u00e9es re\u00e7ues sur la pand\u00e9mie\" \/>\n<meta property=\"og:description\" content=\"On vous parle de la v\u00e9rit\u00e9 sur l&#039;h\u00e9sitation vaccinale, les impacts \u00e0 long terme du COVID-19 et plus encore.\" \/>\n<meta property=\"og:url\" content=\"https:\/\/www.one.org\/fr\/actualites\/une-nouvelle-etude-deconstruit-lune-des-principales-idees-recues-sur-la-pandemie\/\" \/>\n<meta property=\"og:site_name\" content=\"ONE.org France\" \/>\n<meta property=\"article:publisher\" content=\"https:\/\/www.facebook.com\/ONE.Fr\" \/>\n<meta property=\"article:published_time\" content=\"2022-09-01T14:57:58+00:00\" \/>\n<meta property=\"article:modified_time\" content=\"2024-04-23T12:32:59+00:00\" \/>\n<meta property=\"og:image\" content=\"https:\/\/www.one.org\/fr\/wp-content\/uploads\/sites\/4\/2022\/09\/Aftershock_2021_FeaturedImage_1200x1200_en_4.jpg\" \/>\n\t<meta property=\"og:image:width\" content=\"1201\" \/>\n\t<meta property=\"og:image:height\" content=\"1201\" \/>\n\t<meta property=\"og:image:type\" content=\"image\/jpeg\" \/>\n<meta name=\"twitter:card\" content=\"summary_large_image\" \/>\n<meta name=\"twitter:creator\" content=\"@one_fr\" \/>\n<meta name=\"twitter:site\" content=\"@one_fr\" \/>\n<meta name=\"twitter:label1\" content=\"Est. reading time\" \/>\n\t<meta name=\"twitter:data1\" content=\"7 minutes\" \/>\n<script type=\"application\/ld+json\" class=\"yoast-schema-graph\">{\"@context\":\"https:\/\/schema.org\",\"@graph\":[{\"@type\":\"Article\",\"@id\":\"https:\/\/www.one.org\/fr\/actualites\/une-nouvelle-etude-deconstruit-lune-des-principales-idees-recues-sur-la-pandemie\/#article\",\"isPartOf\":{\"@id\":\"https:\/\/www.one.org\/fr\/actualites\/une-nouvelle-etude-deconstruit-lune-des-principales-idees-recues-sur-la-pandemie\/\"},\"author\":{\"name\":\"\",\"@id\":\"\"},\"headline\":\"Une nouvelle \u00e9tude d\u00e9construit l&#8217;une des principales id\u00e9es re\u00e7ues sur la pand\u00e9mie\",\"datePublished\":\"2022-09-01T14:57:58+00:00\",\"dateModified\":\"2024-04-23T12:32:59+00:00\",\"mainEntityOfPage\":{\"@id\":\"https:\/\/www.one.org\/fr\/actualites\/une-nouvelle-etude-deconstruit-lune-des-principales-idees-recues-sur-la-pandemie\/\"},\"wordCount\":1476,\"commentCount\":0,\"image\":{\"@id\":\"https:\/\/www.one.org\/fr\/actualites\/une-nouvelle-etude-deconstruit-lune-des-principales-idees-recues-sur-la-pandemie\/#primaryimage\"},\"thumbnailUrl\":\"https:\/\/www.one.org\/fr\/wp-content\/uploads\/sites\/4\/2022\/09\/Aftershock_2021_FeaturedImage_1200x1200_en_4.jpg\",\"articleSection\":[\"Donn\u00e9es\"],\"inLanguage\":\"fr-FR\",\"potentialAction\":[{\"@type\":\"CommentAction\",\"name\":\"Comment\",\"target\":[\"https:\/\/www.one.org\/fr\/actualites\/une-nouvelle-etude-deconstruit-lune-des-principales-idees-recues-sur-la-pandemie\/#respond\"]}]},{\"@type\":\"WebPage\",\"@id\":\"https:\/\/www.one.org\/fr\/actualites\/une-nouvelle-etude-deconstruit-lune-des-principales-idees-recues-sur-la-pandemie\/\",\"url\":\"https:\/\/www.one.org\/fr\/actualites\/une-nouvelle-etude-deconstruit-lune-des-principales-idees-recues-sur-la-pandemie\/\",\"name\":\"Une nouvelle \u00e9tude d\u00e9construit l'une des principales id\u00e9es re\u00e7ues sur la pand\u00e9mie - ONE.org France\",\"isPartOf\":{\"@id\":\"https:\/\/www.one.org\/fr\/#website\"},\"primaryImageOfPage\":{\"@id\":\"https:\/\/www.one.org\/fr\/actualites\/une-nouvelle-etude-deconstruit-lune-des-principales-idees-recues-sur-la-pandemie\/#primaryimage\"},\"image\":{\"@id\":\"https:\/\/www.one.org\/fr\/actualites\/une-nouvelle-etude-deconstruit-lune-des-principales-idees-recues-sur-la-pandemie\/#primaryimage\"},\"thumbnailUrl\":\"https:\/\/www.one.org\/fr\/wp-content\/uploads\/sites\/4\/2022\/09\/Aftershock_2021_FeaturedImage_1200x1200_en_4.jpg\",\"datePublished\":\"2022-09-01T14:57:58+00:00\",\"dateModified\":\"2024-04-23T12:32:59+00:00\",\"author\":{\"@id\":\"\"},\"description\":\"On vous parle de la v\u00e9rit\u00e9 sur l'h\u00e9sitation vaccinale, les impacts \u00e0 long terme du COVID-19 et plus encore.\",\"breadcrumb\":{\"@id\":\"https:\/\/www.one.org\/fr\/actualites\/une-nouvelle-etude-deconstruit-lune-des-principales-idees-recues-sur-la-pandemie\/#breadcrumb\"},\"inLanguage\":\"fr-FR\",\"potentialAction\":[{\"@type\":\"ReadAction\",\"target\":[\"https:\/\/www.one.org\/fr\/actualites\/une-nouvelle-etude-deconstruit-lune-des-principales-idees-recues-sur-la-pandemie\/\"]}]},{\"@type\":\"ImageObject\",\"inLanguage\":\"fr-FR\",\"@id\":\"https:\/\/www.one.org\/fr\/actualites\/une-nouvelle-etude-deconstruit-lune-des-principales-idees-recues-sur-la-pandemie\/#primaryimage\",\"url\":\"https:\/\/www.one.org\/fr\/wp-content\/uploads\/sites\/4\/2022\/09\/Aftershock_2021_FeaturedImage_1200x1200_en_4.jpg\",\"contentUrl\":\"https:\/\/www.one.org\/fr\/wp-content\/uploads\/sites\/4\/2022\/09\/Aftershock_2021_FeaturedImage_1200x1200_en_4.jpg\",\"width\":1201,\"height\":1201},{\"@type\":\"BreadcrumbList\",\"@id\":\"https:\/\/www.one.org\/fr\/actualites\/une-nouvelle-etude-deconstruit-lune-des-principales-idees-recues-sur-la-pandemie\/#breadcrumb\",\"itemListElement\":[{\"@type\":\"ListItem\",\"position\":1,\"name\":\"Home\",\"item\":\"https:\/\/www.one.org\/fr\/\"},{\"@type\":\"ListItem\",\"position\":2,\"name\":\"Une nouvelle \u00e9tude d\u00e9construit l&#8217;une des principales id\u00e9es re\u00e7ues sur la pand\u00e9mie\"}]},{\"@type\":\"WebSite\",\"@id\":\"https:\/\/www.one.org\/fr\/#website\",\"url\":\"https:\/\/www.one.org\/fr\/\",\"name\":\"ONE.org\",\"description\":\"Cr\u00e9er des opportunit\u00e9s \u00e9conomiques et am\u00e9liorer la sant\u00e9 en Afrique\",\"potentialAction\":[{\"@type\":\"SearchAction\",\"target\":{\"@type\":\"EntryPoint\",\"urlTemplate\":\"https:\/\/www.one.org\/fr\/?s={search_term_string}\"},\"query-input\":{\"@type\":\"PropertyValueSpecification\",\"valueRequired\":true,\"valueName\":\"search_term_string\"}}],\"inLanguage\":\"fr-FR\"}]}<\/script>\n<!-- \/ Yoast SEO Premium plugin. -->","yoast_head_json":{"title":"Une nouvelle \u00e9tude d\u00e9construit l'une des principales id\u00e9es re\u00e7ues sur la pand\u00e9mie - ONE.org France","description":"On vous parle de la v\u00e9rit\u00e9 sur l'h\u00e9sitation vaccinale, les impacts \u00e0 long terme du COVID-19 et plus encore.","robots":{"index":"index","follow":"follow","max-snippet":"max-snippet:-1","max-image-preview":"max-image-preview:large","max-video-preview":"max-video-preview:-1"},"canonical":"https:\/\/www.one.org\/fr\/actualites\/une-nouvelle-etude-deconstruit-lune-des-principales-idees-recues-sur-la-pandemie\/","og_locale":"fr_FR","og_type":"article","og_title":"Une nouvelle \u00e9tude d\u00e9construit l'une des principales id\u00e9es re\u00e7ues sur la pand\u00e9mie","og_description":"On vous parle de la v\u00e9rit\u00e9 sur l'h\u00e9sitation vaccinale, les impacts \u00e0 long terme du COVID-19 et plus encore.","og_url":"https:\/\/www.one.org\/fr\/actualites\/une-nouvelle-etude-deconstruit-lune-des-principales-idees-recues-sur-la-pandemie\/","og_site_name":"ONE.org France","article_publisher":"https:\/\/www.facebook.com\/ONE.Fr","article_published_time":"2022-09-01T14:57:58+00:00","article_modified_time":"2024-04-23T12:32:59+00:00","og_image":[{"width":1201,"height":1201,"url":"https:\/\/www.one.org\/fr\/wp-content\/uploads\/sites\/4\/2022\/09\/Aftershock_2021_FeaturedImage_1200x1200_en_4.jpg","type":"image\/jpeg"}],"twitter_card":"summary_large_image","twitter_creator":"@one_fr","twitter_site":"@one_fr","twitter_misc":{"Est. reading time":"7 minutes"},"schema":{"@context":"https:\/\/schema.org","@graph":[{"@type":"Article","@id":"https:\/\/www.one.org\/fr\/actualites\/une-nouvelle-etude-deconstruit-lune-des-principales-idees-recues-sur-la-pandemie\/#article","isPartOf":{"@id":"https:\/\/www.one.org\/fr\/actualites\/une-nouvelle-etude-deconstruit-lune-des-principales-idees-recues-sur-la-pandemie\/"},"author":{"name":"","@id":""},"headline":"Une nouvelle \u00e9tude d\u00e9construit l&#8217;une des principales id\u00e9es re\u00e7ues sur la pand\u00e9mie","datePublished":"2022-09-01T14:57:58+00:00","dateModified":"2024-04-23T12:32:59+00:00","mainEntityOfPage":{"@id":"https:\/\/www.one.org\/fr\/actualites\/une-nouvelle-etude-deconstruit-lune-des-principales-idees-recues-sur-la-pandemie\/"},"wordCount":1476,"commentCount":0,"image":{"@id":"https:\/\/www.one.org\/fr\/actualites\/une-nouvelle-etude-deconstruit-lune-des-principales-idees-recues-sur-la-pandemie\/#primaryimage"},"thumbnailUrl":"https:\/\/www.one.org\/fr\/wp-content\/uploads\/sites\/4\/2022\/09\/Aftershock_2021_FeaturedImage_1200x1200_en_4.jpg","articleSection":["Donn\u00e9es"],"inLanguage":"fr-FR","potentialAction":[{"@type":"CommentAction","name":"Comment","target":["https:\/\/www.one.org\/fr\/actualites\/une-nouvelle-etude-deconstruit-lune-des-principales-idees-recues-sur-la-pandemie\/#respond"]}]},{"@type":"WebPage","@id":"https:\/\/www.one.org\/fr\/actualites\/une-nouvelle-etude-deconstruit-lune-des-principales-idees-recues-sur-la-pandemie\/","url":"https:\/\/www.one.org\/fr\/actualites\/une-nouvelle-etude-deconstruit-lune-des-principales-idees-recues-sur-la-pandemie\/","name":"Une nouvelle \u00e9tude d\u00e9construit l'une des principales id\u00e9es re\u00e7ues sur la pand\u00e9mie - ONE.org France","isPartOf":{"@id":"https:\/\/www.one.org\/fr\/#website"},"primaryImageOfPage":{"@id":"https:\/\/www.one.org\/fr\/actualites\/une-nouvelle-etude-deconstruit-lune-des-principales-idees-recues-sur-la-pandemie\/#primaryimage"},"image":{"@id":"https:\/\/www.one.org\/fr\/actualites\/une-nouvelle-etude-deconstruit-lune-des-principales-idees-recues-sur-la-pandemie\/#primaryimage"},"thumbnailUrl":"https:\/\/www.one.org\/fr\/wp-content\/uploads\/sites\/4\/2022\/09\/Aftershock_2021_FeaturedImage_1200x1200_en_4.jpg","datePublished":"2022-09-01T14:57:58+00:00","dateModified":"2024-04-23T12:32:59+00:00","author":{"@id":""},"description":"On vous parle de la v\u00e9rit\u00e9 sur l'h\u00e9sitation vaccinale, les impacts \u00e0 long terme du COVID-19 et plus encore.","breadcrumb":{"@id":"https:\/\/www.one.org\/fr\/actualites\/une-nouvelle-etude-deconstruit-lune-des-principales-idees-recues-sur-la-pandemie\/#breadcrumb"},"inLanguage":"fr-FR","potentialAction":[{"@type":"ReadAction","target":["https:\/\/www.one.org\/fr\/actualites\/une-nouvelle-etude-deconstruit-lune-des-principales-idees-recues-sur-la-pandemie\/"]}]},{"@type":"ImageObject","inLanguage":"fr-FR","@id":"https:\/\/www.one.org\/fr\/actualites\/une-nouvelle-etude-deconstruit-lune-des-principales-idees-recues-sur-la-pandemie\/#primaryimage","url":"https:\/\/www.one.org\/fr\/wp-content\/uploads\/sites\/4\/2022\/09\/Aftershock_2021_FeaturedImage_1200x1200_en_4.jpg","contentUrl":"https:\/\/www.one.org\/fr\/wp-content\/uploads\/sites\/4\/2022\/09\/Aftershock_2021_FeaturedImage_1200x1200_en_4.jpg","width":1201,"height":1201},{"@type":"BreadcrumbList","@id":"https:\/\/www.one.org\/fr\/actualites\/une-nouvelle-etude-deconstruit-lune-des-principales-idees-recues-sur-la-pandemie\/#breadcrumb","itemListElement":[{"@type":"ListItem","position":1,"name":"Home","item":"https:\/\/www.one.org\/fr\/"},{"@type":"ListItem","position":2,"name":"Une nouvelle \u00e9tude d\u00e9construit l&#8217;une des principales id\u00e9es re\u00e7ues sur la pand\u00e9mie"}]},{"@type":"WebSite","@id":"https:\/\/www.one.org\/fr\/#website","url":"https:\/\/www.one.org\/fr\/","name":"ONE.org","description":"Cr\u00e9er des opportunit\u00e9s \u00e9conomiques et am\u00e9liorer la sant\u00e9 en Afrique","potentialAction":[{"@type":"SearchAction","target":{"@type":"EntryPoint","urlTemplate":"https:\/\/www.one.org\/fr\/?s={search_term_string}"},"query-input":{"@type":"PropertyValueSpecification","valueRequired":true,"valueName":"search_term_string"}}],"inLanguage":"fr-FR"}]}},"distributor_meta":false,"distributor_terms":false,"distributor_media":false,"distributor_original_site_name":"ONE.org France","distributor_original_site_url":"https:\/\/www.one.org\/fr","push-errors":false,"_links":{"self":[{"href":"https:\/\/www.one.org\/fr\/wp-json\/wp\/v2\/posts\/162593","targetHints":{"allow":["GET"]}}],"collection":[{"href":"https:\/\/www.one.org\/fr\/wp-json\/wp\/v2\/posts"}],"about":[{"href":"https:\/\/www.one.org\/fr\/wp-json\/wp\/v2\/types\/post"}],"replies":[{"embeddable":true,"href":"https:\/\/www.one.org\/fr\/wp-json\/wp\/v2\/comments?post=162593"}],"version-history":[{"count":0,"href":"https:\/\/www.one.org\/fr\/wp-json\/wp\/v2\/posts\/162593\/revisions"}],"wp:featuredmedia":[{"embeddable":true,"href":"https:\/\/www.one.org\/fr\/wp-json\/wp\/v2\/media\/162879"}],"wp:attachment":[{"href":"https:\/\/www.one.org\/fr\/wp-json\/wp\/v2\/media?parent=162593"}],"wp:term":[{"taxonomy":"category","embeddable":true,"href":"https:\/\/www.one.org\/fr\/wp-json\/wp\/v2\/categories?post=162593"},{"taxonomy":"post_tag","embeddable":true,"href":"https:\/\/www.one.org\/fr\/wp-json\/wp\/v2\/tags?post=162593"},{"taxonomy":"topic","embeddable":true,"href":"https:\/\/www.one.org\/fr\/wp-json\/wp\/v2\/topic?post=162593"},{"taxonomy":"contributor","embeddable":true,"href":"https:\/\/www.one.org\/fr\/wp-json\/wp\/v2\/contributor?post=162593"},{"taxonomy":"one_content_audience","embeddable":true,"href":"https:\/\/www.one.org\/fr\/wp-json\/wp\/v2\/one_content_audience?post=162593"},{"taxonomy":"one_content_type","embeddable":true,"href":"https:\/\/www.one.org\/fr\/wp-json\/wp\/v2\/one_content_type?post=162593"},{"taxonomy":"one_content_tone","embeddable":true,"href":"https:\/\/www.one.org\/fr\/wp-json\/wp\/v2\/one_content_tone?post=162593"}],"curies":[{"name":"wp","href":"https:\/\/api.w.org\/{rel}","templated":true}]}}