{"id":162591,"date":"2022-08-22T09:24:10","date_gmt":"2022-08-22T09:24:10","guid":{"rendered":"https:\/\/www.one.org\/fr\/les-maladies-saggravent-et-cest-la-faute-au-dereglement-climatique\/"},"modified":"2024-04-23T12:33:03","modified_gmt":"2024-04-23T12:33:03","slug":"les-maladies-saggravent-dereglement-climatique","status":"publish","type":"post","link":"https:\/\/www.one.org\/fr\/actualites\/les-maladies-saggravent-dereglement-climatique\/","title":{"rendered":"Les maladies s&#8217;aggravent, et c\u2019est la faute au d\u00e9r\u00e8glement climatique"},"content":{"rendered":"<p><em>Cette semaine<\/em><em>, dans Ondes de Choc : les &eacute;lections g&eacute;n&eacute;rales au Kenya, des r&eacute;formes r&eacute;volutionnaires de la propri&eacute;t&eacute; fonci&egrave;re en Sierra Leone, les maladies infectieuses aggrav&eacute;es par le changement climatique, et plus encore.&nbsp;<\/em><\/p>\n<p><strong>ACTUALITES<\/strong><\/p>\n<p><strong>La crise des c&eacute;r&eacute;ales continue :<\/strong> Sur les quatorze navires transportant des c&eacute;r&eacute;ales qui ont<a href=\"https:\/\/www.un.org\/en\/black-sea-grain-initiative\/vessel-movements\"> enfin pu quitter l&rsquo;Ukraine<\/a>, aucun n&rsquo;est destin&eacute; &agrave; des pays africains. On estime que <a href=\"https:\/\/www.reuters.com\/world\/europe\/obstacles-overcome-before-ukraine-grain-deal-eases-global-food-crisis-2022-08-09\/\">trois millions de tonnes de c&eacute;r&eacute;ales<\/a> sont d&eacute;j&agrave; dans les ports en attente d&rsquo;exportation, et que 20 millions de tonnes sont stock&eacute;es en Ukraine. Les experts pr&eacute;viennent que les livraisons de c&eacute;r&eacute;ales en provenance du pays, bien que bienvenues, <a href=\"https:\/\/www.nytimes.com\/2022\/08\/01\/world\/africa\/ukraine-grain-world-hunger.html\">seront loin d&rsquo;&ecirc;tre suffisantes<\/a> pour endiguer la crise alimentaire. 50 millions de personnes sont <a href=\"https:\/\/fr.wfp.org\/global-hunger-crisis?_ga=2.248760067.54633483.1660212503-986943093.1650536862\">au bord de la famine<\/a> dans 45 pays. Entre-temps, les besoins en aide alimentaire des pays touch&eacute;s par la crise <a href=\"https:\/\/fts.unocha.org\/appeals\/overview\/2022\">ont presque d&eacute;cupl&eacute; <\/a>au cours des dix derni&egrave;res ann&eacute;es pour atteindre 33,5 milliards de dollars.<\/p>\n<p><strong>Odinga vs. Ruto :<\/strong> Les &eacute;lections nationales au Kenya ont eu lieu cette semaine, mais les citoyens pourraient devoir attendre &laquo; <a href=\"https:\/\/www.lemonde.fr\/afrique\/article\/2022\/08\/11\/elections-generales-au-kenya-une-abstention-en-hausse-et-l-attente-des-resultats_6137751_3212.html\">des semaines, voire des mois<\/a> &raquo; avant qu&rsquo;un nouveau pr&eacute;sident ne pr&ecirc;te serment. Les deux principaux pr&eacute;tendants &ndash; le chef de l&rsquo;opposition Raila Odinga et le vice-pr&eacute;sident sortant William Ruto &ndash; <a href=\"https:\/\/www.bbc.com\/afrique\/region-62424802\">sont au coude &agrave; coude<\/a>. S&rsquo;il semblerait qu&rsquo;il y ait moins de tension qu&rsquo;apr&egrave;s l&rsquo;&eacute;lection de 2017, il en va de m&ecirc;me pour la participation des &eacute;lecteurs, qui aurait chut&eacute; de 80 % &agrave; 60 %. Certains K&eacute;nyans auraient &eacute;t&eacute; m&eacute;contents des p&eacute;nuries alimentaires, des difficult&eacute;s &eacute;conomiques et de la corruption, et peu inspir&eacute;s par les candidats. D&rsquo;autres ont exprim&eacute; leur m&eacute;fiance &agrave; l&rsquo;&eacute;gard du processus &eacute;lectoral, <a href=\"https:\/\/nation.africa\/kenya\/news\/politics\/explainer-why-media-are-displaying-different-tallies-of-presidential-election-results-3910300\">malgr&eacute; la transparence des sondages<\/a>. S&rsquo;il n&rsquo;y a pas de vainqueur clair apr&egrave;s le d&eacute;compte des bulletins de vote, un second tour ou une contestation judiciaire pourrait avoir lieu, ce qui ne serait pas sans rappeler <a href=\"https:\/\/www.lemonde.fr\/afrique\/article\/2022\/08\/11\/elections-generales-au-kenya-une-abstention-en-hausse-et-l-attente-des-resultats_6137751_3212.html\">l&rsquo;&eacute;lection de 2017<\/a>. Ce scrutin avait &eacute;t&eacute; entach&eacute; d&rsquo;accusations de fraude &eacute;lectorale, de violences et du meurtre d&rsquo;un haut fonctionnaire &eacute;lectoral. Esp&eacute;rons que l&rsquo;histoire ne se r&eacute;p&egrave;te pas.<\/p>\n<p><strong>Nouvelles lois terriennes :<\/strong> En Sierra Leone, deux avanc&eacute;es l&eacute;gislatives vont <a href=\"https:\/\/fr.africanews.com\/2022\/08\/09\/la-sierra-leone-renforce-lacces-a-la-terre-pour-ses-habitants\/\">&eacute;tendre la propri&eacute;t&eacute; fonci&egrave;re aux femmes<\/a> et permettre aux agriculteurs locaux de n&eacute;gocier directement les taux avec les entreprises qui ach&egrave;tent ou louent des terres. Auparavant, le gouvernement pouvait vendre ou louer des terres &agrave; des entreprises sans le consentement explicite des propri&eacute;taires fonciers, au taux &eacute;tonnamment bas de 2,5 dollars par hectare et par an. Les d&eacute;fenseurs des droits humains ont salu&eacute; ces lois comme &eacute;tant <a href=\"https:\/\/www.reuters.com\/world\/africa\/sierra-leone-passes-new-laws-boost-landowners-rights-2022-08-08\/\">le r&eacute;gime juridique le plus solide au monde<\/a> pour prot&eacute;ger les droits fonciers des communaut&eacute;s menac&eacute;es. Les investisseurs priv&eacute;s affirment que cela pourrait donner lieu &agrave; un &laquo; &eacute;norme chantage &raquo;. &#128580; Les lois coutumi&egrave;res &ndash; c&rsquo;est-&agrave;-dire les normes sociales qui peuvent freiner la repr&eacute;sentation significative des femmes &ndash; <a href=\"https:\/\/resourceequity.org\/how-effective-is-the-promotion-of-womens-customary-land-rights-in-improving-womens-land-tenure-security-in-sierra-leone\/\">pourraient constituer encore un d&eacute;fi<\/a>.<\/p>\n<p><strong>C&rsquo;est chaud :<\/strong> <a href=\"https:\/\/www.lemonde.fr\/planete\/article\/2022\/08\/08\/plus-de-la-moitie-des-maladies-infectieuses-humaines-seraient-aggravees-par-le-changement-climatique_6137526_3244.html\">Selon de nouvelles &eacute;tudes<\/a>, 58 % des maladies infectieuses humaines seraient aggrav&eacute;es par le d&eacute;r&egrave;glement climatique. L&rsquo;&eacute;volution des conditions m&eacute;t&eacute;orologiques ne se contente pas de rapprocher les humains des porteurs d&rsquo;agents pathog&egrave;nes comme les moustiques (et les animaux, ce qui favorise &eacute;galement <a href=\"https:\/\/www.nature.com\/articles\/s41586-022-04788-w#:~:text=Zoonotic%20emergence%20and%20human%20health,likely%20to%20find%20new%20hosts.\">l&rsquo;&eacute;mergence de nouveaux virus<\/a>). Des temp&eacute;ratures plus &eacute;lev&eacute;es pourraient &eacute;galement favoriser certains virus r&eacute;sistants &agrave; la chaleur, qui seraient alors mieux arm&eacute;s face &agrave; la principale d&eacute;fense du corps humain, la fi&egrave;vre. La malnutrition et le stress aggrav&eacute;s par le d&eacute;r&egrave;glement climatique affaiblissent &eacute;galement la r&eacute;ponse immunitaire des populations. Selon les experts, s&rsquo;adapter &agrave; ces changements &ndash; en particulier dans les r&eacute;gions du monde o&ugrave; la pand&eacute;mie de COVID-19 a fortement <a href=\"https:\/\/pubmed.ncbi.nlm.nih.gov\/32770167\/\">affaibli les syst&egrave;mes de sant&eacute;<\/a> &ndash; n&rsquo;est pas une solution. Ce qui aiderait r&eacute;ellement ? La r&eacute;duction drastique des &eacute;missions de gaz &agrave; effet de serre qui r&eacute;chauffent notre plan&egrave;te.<\/p>\n<p><strong>Pas si vite :<\/strong> Les diplomates africains charg&eacute;s du climat <a href=\"https:\/\/www.climatechangenews.com\/2022\/08\/04\/african-climate-diplomats-reject-african-unions-pro-gas-stance-for-cop27\/\">ont rejet&eacute; une proposition<\/a> visant &agrave; adopter une position commune lors de la COP27 afin de promouvoir la poursuite des investissements dans les &eacute;nergies fossiles en Afrique. Le Conseil ex&eacute;cutif de l&rsquo;Union africaine <a href=\"https:\/\/au.int\/fr\/node\/42065\">avait avanc&eacute; cette mesure<\/a> le mois dernier. Les diplomates ont fait valoir que la proposition en faveur des &eacute;nergies fossiles serait &laquo; trop controvers&eacute;e &raquo; et d&eacute;tournerait l&rsquo;attention de priorit&eacute;s telles que la finance verte. Cette d&eacute;cision intervient alors que des pluies torrentielles menacent <a href=\"https:\/\/www.lorientlejour.com\/article\/1272120\/sept-morts-dans-des-inondations-apres-des-pluies-torrentielles-a-addis-abeba.html\">les habitants des villes d&rsquo;Addis-Abeba<\/a> et &eacute;rodent <a href=\"https:\/\/allafrica.com\/stories\/202208100039.html\">les terres agricoles au Rwanda<\/a>, et que 50 millions de personnes en Afrique de l&rsquo;Est sont confront&eacute;es &agrave; <a href=\"https:\/\/news.un.org\/en\/story\/2022\/07\/1123132\">une ins&eacute;curit&eacute; alimentaire aigu&euml;<\/a> en raison d&rsquo;une s&eacute;cheresse historique dans la r&eacute;gion. Pendant ce temps, le simple fait d&rsquo;inscrire les &laquo; pertes et dommages &raquo; &agrave; l&rsquo;ordre du jour de la COP27 s&rsquo;av&egrave;re <a href=\"https:\/\/www.reuters.com\/article\/uk-climate-change-compensation-idUKKBN2PE09U\">&ecirc;tre une rude bataille.<\/a> &#128064;<\/p>\n<p><strong>Mise au vert :<\/strong> Les &Eacute;tats-Unis &ndash; le plus grand &eacute;metteur de gaz &agrave; effet de serre au monde &ndash; <a href=\"https:\/\/information.tv5monde.com\/info\/biden-avec-son-plan-environnement-veut-rendre-les-etats-unis-exemplaires-sur-la-question\">s&rsquo;appr&ecirc;tent &agrave; &eacute;laborer un projet de loi<\/a> qui pourrait r&eacute;duire les &eacute;missions de gaz am&eacute;ricaines de 40 % d&rsquo;ici &agrave; 2030. L&rsquo;adoption de cette l&eacute;gislation pourrait venir renforcer une initiative de <a href=\"https:\/\/www.consilium.europa.eu\/fr\/policies\/green-deal\/fit-for-55-the-eu-plan-for-a-green-transition\/\">l&rsquo;Union europ&eacute;enne visant &agrave; r&eacute;duire les &eacute;missions de gaz de 55%<\/a> et &agrave; appuyer les objectifs fix&eacute;s par l&rsquo;accord de Paris. Mais il y a un grand &laquo; si &raquo; &ndash; le succ&egrave;s du projet de loi d&eacute;pend des incitations fiscales pour les intrants d&rsquo;&eacute;nergie verte, y compris les min&eacute;raux de terres rares qui ne proviennent pas des &laquo; <a href=\"https:\/\/www.atlanticcouncil.org\/blogs\/energysource\/the-inflation-reduction-act-places-a-big-bet-on-alternative-mineral-supply-chains\/\">entit&eacute;s &eacute;trang&egrave;res pr&eacute;occupantes<\/a> &raquo;, notamment la Chine, qui <a href=\"https:\/\/www.cnbc.com\/2021\/04\/17\/the-new-us-plan-to-rival-chinas-dominance-in-rare-earth-metals.html\">domine le march&eacute; mondial<\/a>. Les pays africains riches en min&eacute;raux pourraient b&eacute;n&eacute;ficier de march&eacute;s d&rsquo;exportation suppl&eacute;mentaires pour acc&eacute;l&eacute;rer et d&eacute;mocratiser leur transition vers l&rsquo;&eacute;nergie verte. Mais pour tirer pleinement parti de la transition &eacute;nerg&eacute;tique, les pays africains devront aller <a href=\"https:\/\/www.afdb.org\/fr\/documents\/rare-earth-elements-ree-value-chain-analysis-mineral-based-industrialization-africa\">au-del&agrave; de l&rsquo;exportation de min&eacute;raux bruts<\/a>.<\/p>\n<p><strong>Notes et confusion : <\/strong>&nbsp;Un <a href=\"https:\/\/ionnews.mu\/laprm-condamne-la-degradation-de-la-note-de-maurice-par-moodys\/\">organisme de l&rsquo;UA a condamn&eacute;<\/a> la d&eacute;gradation de la note de cote de cr&eacute;dit de l&rsquo;&icirc;le Maurice par l&rsquo;agence de notation de cr&eacute;dit Moody&rsquo;s cette semaine, en affirmant que cela allait consid&eacute;rablement augmenter le fardeau du service de la dette du pays et emp&ecirc;cher le progr&egrave;s &eacute;conomique. Moody&rsquo;s a cit&eacute; &laquo; des politiques non conventionnelles et des mesures &eacute;conomiques ponctuelles au cours des deux derni&egrave;res ann&eacute;es &raquo; pour justifier la d&eacute;gradation de la note. Alors que la pand&eacute;mie de COVID-19 explique &eacute;videmment ces politiques non conventionnelles et ponctuelles, les agences de notation de cr&eacute;dit ont<a href=\"https:\/\/www.reuters.com\/world\/africa\/after-moodys-cut-ghana-finance-ministry-says-ratings-agencies-biased-against-2022-02-07\/\"> &eacute;t&eacute; accus&eacute;es de partialit&eacute;<\/a> dans la fa&ccedil;on dont elles &eacute;valuent <a href=\"https:\/\/www.theafricareport.com\/204534\/african-debt-what-about-the-role-of-rating-agencies\/\">les pays les plus pauvres<\/a>. Les notations jouent un r&ocirc;le d&eacute;mesur&eacute; dans l&rsquo;&eacute;conomie mondiale et peuvent avoir un impact significatif sur l&rsquo;avenir &eacute;conomique des pays (y compris en <a href=\"https:\/\/www.reuters.com\/world\/africa\/ghana-disappointed-by-sp-rating-downgrade-promises-turnaround-2022-08-08\/\">les coupant des march&eacute;s financiers<\/a>). Elles souffrent &eacute;galement d&rsquo;un manque de transparence et de responsabilit&eacute;, pr&eacute;cis&eacute;ment les &eacute;l&eacute;ments qui garantissent le fonctionnement efficace du march&eacute; libre, que les agences de notation de cr&eacute;dit sont cens&eacute;es servir.<\/p>\n<p><strong>L&rsquo;&Eacute;QUIPE DE ONE EN ACTION :&nbsp;<\/strong><\/p>\n<ul>\n<li>Anjola Delano de ONE, explique comment la r&eacute;ponse de la communaut&eacute; internationale &agrave; la variole du singe <a href=\"https:\/\/www.instagram.com\/p\/Cg2WS6Fp2vm\/\">ressemble &agrave; celle de la pand&eacute;mie de COVID-19.&nbsp;<\/a><\/li>\n<\/ul>\n<p><strong>LES CHIFFRES :<\/strong><\/p>\n<ul>\n<li><strong>10 ans : <\/strong>C&rsquo;est <a href=\"https:\/\/www.afro.who.int\/fr\/news\/lesperance-de-vie-en-bonne-sante-connait-une-hausse-de-pres-de-dix-ans-en-afrique#:~:text=ans%20en%20Afrique-,L'esp%C3%A9rance%20de%20vie%20en%20bonne%20sant%C3%A9%20conna%C3%AEt%20une%20hausse,de%20dix%20ans%20en%20Afrique&amp;text=Brazzaville%20%E2%80%93%20Selon%20un%20rapport%20d,personne%20entre%202000%20et%202019.\">l&rsquo;augmentation moyenne de l&rsquo;esp&eacute;rance de vie en bonne sant&eacute;<\/a> des Africains avant le d&eacute;but de la pand&eacute;mie de COVID-19, selon un nouveau rapport. Cette avanc&eacute;e a &eacute;t&eacute; <a href=\"https:\/\/www.one.org\/fr\/policy\/la-convergence-des-crises-reduit-lesperance-de-vie-a-lechelle-mondiale\/\">remise en cause par la pand&eacute;mie.<\/a><\/li>\n<li><strong>66,7% : <\/strong>C&rsquo;est la <a href=\"https:\/\/twitter.com\/ONEAftershocks\/status\/1557390889500024832\">part de la population du Niger<\/a> souffrant de la faim en 2022<strong>.<\/strong><\/li>\n<li><strong>650 millions de dollars : <\/strong>Le <a href=\"https:\/\/www.theafricareport.com\/228189\/african-union-stuck-between-political-blockages-and-a-lack-of-finances\/\">financement annuel de l&rsquo;UA<\/a>, soit 260 fois moins que le budget de l&rsquo;UE. L&rsquo;UA est financ&eacute;e &agrave; 65 % par des contributeurs internationaux.<\/li>\n<\/ul>\n<div class=\"buffer\"><\/div>","protected":false},"excerpt":{"rendered":"<p>Cette semaine, dans Ondes de Choc : les &eacute;lections g&eacute;n&eacute;rales au Kenya, des r&eacute;formes r&eacute;volutionnaires de la propri&eacute;t&eacute; fonci&egrave;re en Sierra Leone, les maladies infectieuses aggrav&eacute;es par le changement climatique, et plus encore.&nbsp; ACTUALITES La crise des c&eacute;r&eacute;ales continue : Sur les quatorze navires transportant des c&eacute;r&eacute;ales qui ont enfin pu quitter l&rsquo;Ukraine, aucun n&rsquo;est [&hellip;]<\/p>\n","protected":false},"author":0,"featured_media":162883,"comment_status":"open","ping_status":"open","sticky":false,"template":"","format":"standard","meta":{"_acf_changed":false,"_relevanssi_hide_post":"","_relevanssi_hide_content":"","_relevanssi_pin_for_all":"","_relevanssi_pin_keywords":"","_relevanssi_unpin_keywords":"","_relevanssi_related_keywords":"","_relevanssi_related_include_ids":"","_relevanssi_related_exclude_ids":"","_relevanssi_related_no_append":"","_relevanssi_related_not_related":"","_relevanssi_related_posts":"164801,164384,164396,163756,163706,163644","_relevanssi_noindex_reason":"","footnotes":""},"categories":[91],"tags":[],"topic":[86],"contributor":[33],"one_content_audience":[],"one_content_type":[],"one_content_tone":[],"class_list":["post-162591","post","type-post","status-publish","format-standard","has-post-thumbnail","hentry","category-donnees","topic-ondes-de-choc","contributor-one-france"],"acf":[],"yoast_head":"<!-- This site is optimized with the Yoast SEO Premium plugin v27.1 (Yoast SEO v27.1.1) - https:\/\/yoast.com\/product\/yoast-seo-premium-wordpress\/ -->\n<title>Les maladies s&#039;aggravent, et c\u2019est la faute au d\u00e9r\u00e8glement climatique - ONE.org France<\/title>\n<meta name=\"description\" content=\"Cette semaine, dans Ondes de Choc : les \u00e9lections g\u00e9n\u00e9rales au Kenya, les maladies infectieuses aggrav\u00e9es par le changement climatique...\" \/>\n<meta name=\"robots\" content=\"index, follow, max-snippet:-1, max-image-preview:large, max-video-preview:-1\" \/>\n<link rel=\"canonical\" href=\"https:\/\/www.one.org\/fr\/actualites\/les-maladies-saggravent-dereglement-climatique\/\" \/>\n<meta property=\"og:locale\" content=\"fr_FR\" \/>\n<meta property=\"og:type\" content=\"article\" \/>\n<meta property=\"og:title\" content=\"Les maladies s&#039;aggravent, et c\u2019est la faute au d\u00e9r\u00e8glement climatique\" \/>\n<meta property=\"og:description\" content=\"Cette semaine, dans Ondes de Choc : les \u00e9lections g\u00e9n\u00e9rales au Kenya, les maladies infectieuses aggrav\u00e9es par le changement climatique...\" \/>\n<meta property=\"og:url\" content=\"https:\/\/www.one.org\/fr\/actualites\/les-maladies-saggravent-dereglement-climatique\/\" \/>\n<meta property=\"og:site_name\" content=\"ONE.org France\" \/>\n<meta property=\"article:publisher\" content=\"https:\/\/www.facebook.com\/ONE.Fr\" \/>\n<meta property=\"article:published_time\" content=\"2022-08-22T09:24:10+00:00\" \/>\n<meta property=\"article:modified_time\" content=\"2024-04-23T12:33:03+00:00\" \/>\n<meta property=\"og:image\" content=\"https:\/\/www.one.org\/fr\/wp-content\/uploads\/sites\/4\/2022\/08\/Aftershock_2021_FeaturedImage_1200x1200_en_002.jpg\" \/>\n\t<meta property=\"og:image:width\" content=\"1201\" \/>\n\t<meta property=\"og:image:height\" content=\"1201\" \/>\n\t<meta property=\"og:image:type\" content=\"image\/jpeg\" \/>\n<meta name=\"twitter:card\" content=\"summary_large_image\" \/>\n<meta name=\"twitter:creator\" content=\"@one_fr\" \/>\n<meta name=\"twitter:site\" content=\"@one_fr\" \/>\n<meta name=\"twitter:label1\" content=\"Est. reading time\" \/>\n\t<meta name=\"twitter:data1\" content=\"6 minutes\" \/>\n<script type=\"application\/ld+json\" class=\"yoast-schema-graph\">{\"@context\":\"https:\/\/schema.org\",\"@graph\":[{\"@type\":\"Article\",\"@id\":\"https:\/\/www.one.org\/fr\/actualites\/les-maladies-saggravent-dereglement-climatique\/#article\",\"isPartOf\":{\"@id\":\"https:\/\/www.one.org\/fr\/actualites\/les-maladies-saggravent-dereglement-climatique\/\"},\"author\":{\"name\":\"\",\"@id\":\"\"},\"headline\":\"Les maladies s&#8217;aggravent, et c\u2019est la faute au d\u00e9r\u00e8glement climatique\",\"datePublished\":\"2022-08-22T09:24:10+00:00\",\"dateModified\":\"2024-04-23T12:33:03+00:00\",\"mainEntityOfPage\":{\"@id\":\"https:\/\/www.one.org\/fr\/actualites\/les-maladies-saggravent-dereglement-climatique\/\"},\"wordCount\":1672,\"commentCount\":0,\"image\":{\"@id\":\"https:\/\/www.one.org\/fr\/actualites\/les-maladies-saggravent-dereglement-climatique\/#primaryimage\"},\"thumbnailUrl\":\"https:\/\/www.one.org\/fr\/wp-content\/uploads\/sites\/4\/2022\/08\/Aftershock_2021_FeaturedImage_1200x1200_en_002.jpg\",\"articleSection\":[\"Donn\u00e9es\"],\"inLanguage\":\"fr-FR\",\"potentialAction\":[{\"@type\":\"CommentAction\",\"name\":\"Comment\",\"target\":[\"https:\/\/www.one.org\/fr\/actualites\/les-maladies-saggravent-dereglement-climatique\/#respond\"]}]},{\"@type\":\"WebPage\",\"@id\":\"https:\/\/www.one.org\/fr\/actualites\/les-maladies-saggravent-dereglement-climatique\/\",\"url\":\"https:\/\/www.one.org\/fr\/actualites\/les-maladies-saggravent-dereglement-climatique\/\",\"name\":\"Les maladies s'aggravent, et c\u2019est la faute au d\u00e9r\u00e8glement climatique - ONE.org France\",\"isPartOf\":{\"@id\":\"https:\/\/www.one.org\/fr\/#website\"},\"primaryImageOfPage\":{\"@id\":\"https:\/\/www.one.org\/fr\/actualites\/les-maladies-saggravent-dereglement-climatique\/#primaryimage\"},\"image\":{\"@id\":\"https:\/\/www.one.org\/fr\/actualites\/les-maladies-saggravent-dereglement-climatique\/#primaryimage\"},\"thumbnailUrl\":\"https:\/\/www.one.org\/fr\/wp-content\/uploads\/sites\/4\/2022\/08\/Aftershock_2021_FeaturedImage_1200x1200_en_002.jpg\",\"datePublished\":\"2022-08-22T09:24:10+00:00\",\"dateModified\":\"2024-04-23T12:33:03+00:00\",\"author\":{\"@id\":\"\"},\"description\":\"Cette semaine, dans Ondes de Choc : les \u00e9lections g\u00e9n\u00e9rales au Kenya, les maladies infectieuses aggrav\u00e9es par le changement climatique...\",\"breadcrumb\":{\"@id\":\"https:\/\/www.one.org\/fr\/actualites\/les-maladies-saggravent-dereglement-climatique\/#breadcrumb\"},\"inLanguage\":\"fr-FR\",\"potentialAction\":[{\"@type\":\"ReadAction\",\"target\":[\"https:\/\/www.one.org\/fr\/actualites\/les-maladies-saggravent-dereglement-climatique\/\"]}]},{\"@type\":\"ImageObject\",\"inLanguage\":\"fr-FR\",\"@id\":\"https:\/\/www.one.org\/fr\/actualites\/les-maladies-saggravent-dereglement-climatique\/#primaryimage\",\"url\":\"https:\/\/www.one.org\/fr\/wp-content\/uploads\/sites\/4\/2022\/08\/Aftershock_2021_FeaturedImage_1200x1200_en_002.jpg\",\"contentUrl\":\"https:\/\/www.one.org\/fr\/wp-content\/uploads\/sites\/4\/2022\/08\/Aftershock_2021_FeaturedImage_1200x1200_en_002.jpg\",\"width\":1201,\"height\":1201},{\"@type\":\"BreadcrumbList\",\"@id\":\"https:\/\/www.one.org\/fr\/actualites\/les-maladies-saggravent-dereglement-climatique\/#breadcrumb\",\"itemListElement\":[{\"@type\":\"ListItem\",\"position\":1,\"name\":\"Home\",\"item\":\"https:\/\/www.one.org\/fr\/\"},{\"@type\":\"ListItem\",\"position\":2,\"name\":\"Les maladies s&#8217;aggravent, et c\u2019est la faute au d\u00e9r\u00e8glement climatique\"}]},{\"@type\":\"WebSite\",\"@id\":\"https:\/\/www.one.org\/fr\/#website\",\"url\":\"https:\/\/www.one.org\/fr\/\",\"name\":\"ONE.org\",\"description\":\"Cr\u00e9er des opportunit\u00e9s \u00e9conomiques et am\u00e9liorer la sant\u00e9 en Afrique\",\"potentialAction\":[{\"@type\":\"SearchAction\",\"target\":{\"@type\":\"EntryPoint\",\"urlTemplate\":\"https:\/\/www.one.org\/fr\/?s={search_term_string}\"},\"query-input\":{\"@type\":\"PropertyValueSpecification\",\"valueRequired\":true,\"valueName\":\"search_term_string\"}}],\"inLanguage\":\"fr-FR\"}]}<\/script>\n<!-- \/ Yoast SEO Premium plugin. -->","yoast_head_json":{"title":"Les maladies s'aggravent, et c\u2019est la faute au d\u00e9r\u00e8glement climatique - ONE.org France","description":"Cette semaine, dans Ondes de Choc : les \u00e9lections g\u00e9n\u00e9rales au Kenya, les maladies infectieuses aggrav\u00e9es par le changement climatique...","robots":{"index":"index","follow":"follow","max-snippet":"max-snippet:-1","max-image-preview":"max-image-preview:large","max-video-preview":"max-video-preview:-1"},"canonical":"https:\/\/www.one.org\/fr\/actualites\/les-maladies-saggravent-dereglement-climatique\/","og_locale":"fr_FR","og_type":"article","og_title":"Les maladies s'aggravent, et c\u2019est la faute au d\u00e9r\u00e8glement climatique","og_description":"Cette semaine, dans Ondes de Choc : les \u00e9lections g\u00e9n\u00e9rales au Kenya, les maladies infectieuses aggrav\u00e9es par le changement climatique...","og_url":"https:\/\/www.one.org\/fr\/actualites\/les-maladies-saggravent-dereglement-climatique\/","og_site_name":"ONE.org France","article_publisher":"https:\/\/www.facebook.com\/ONE.Fr","article_published_time":"2022-08-22T09:24:10+00:00","article_modified_time":"2024-04-23T12:33:03+00:00","og_image":[{"width":1201,"height":1201,"url":"https:\/\/www.one.org\/fr\/wp-content\/uploads\/sites\/4\/2022\/08\/Aftershock_2021_FeaturedImage_1200x1200_en_002.jpg","type":"image\/jpeg"}],"twitter_card":"summary_large_image","twitter_creator":"@one_fr","twitter_site":"@one_fr","twitter_misc":{"Est. reading time":"6 minutes"},"schema":{"@context":"https:\/\/schema.org","@graph":[{"@type":"Article","@id":"https:\/\/www.one.org\/fr\/actualites\/les-maladies-saggravent-dereglement-climatique\/#article","isPartOf":{"@id":"https:\/\/www.one.org\/fr\/actualites\/les-maladies-saggravent-dereglement-climatique\/"},"author":{"name":"","@id":""},"headline":"Les maladies s&#8217;aggravent, et c\u2019est la faute au d\u00e9r\u00e8glement climatique","datePublished":"2022-08-22T09:24:10+00:00","dateModified":"2024-04-23T12:33:03+00:00","mainEntityOfPage":{"@id":"https:\/\/www.one.org\/fr\/actualites\/les-maladies-saggravent-dereglement-climatique\/"},"wordCount":1672,"commentCount":0,"image":{"@id":"https:\/\/www.one.org\/fr\/actualites\/les-maladies-saggravent-dereglement-climatique\/#primaryimage"},"thumbnailUrl":"https:\/\/www.one.org\/fr\/wp-content\/uploads\/sites\/4\/2022\/08\/Aftershock_2021_FeaturedImage_1200x1200_en_002.jpg","articleSection":["Donn\u00e9es"],"inLanguage":"fr-FR","potentialAction":[{"@type":"CommentAction","name":"Comment","target":["https:\/\/www.one.org\/fr\/actualites\/les-maladies-saggravent-dereglement-climatique\/#respond"]}]},{"@type":"WebPage","@id":"https:\/\/www.one.org\/fr\/actualites\/les-maladies-saggravent-dereglement-climatique\/","url":"https:\/\/www.one.org\/fr\/actualites\/les-maladies-saggravent-dereglement-climatique\/","name":"Les maladies s'aggravent, et c\u2019est la faute au d\u00e9r\u00e8glement climatique - ONE.org France","isPartOf":{"@id":"https:\/\/www.one.org\/fr\/#website"},"primaryImageOfPage":{"@id":"https:\/\/www.one.org\/fr\/actualites\/les-maladies-saggravent-dereglement-climatique\/#primaryimage"},"image":{"@id":"https:\/\/www.one.org\/fr\/actualites\/les-maladies-saggravent-dereglement-climatique\/#primaryimage"},"thumbnailUrl":"https:\/\/www.one.org\/fr\/wp-content\/uploads\/sites\/4\/2022\/08\/Aftershock_2021_FeaturedImage_1200x1200_en_002.jpg","datePublished":"2022-08-22T09:24:10+00:00","dateModified":"2024-04-23T12:33:03+00:00","author":{"@id":""},"description":"Cette semaine, dans Ondes de Choc : les \u00e9lections g\u00e9n\u00e9rales au Kenya, les maladies infectieuses aggrav\u00e9es par le changement climatique...","breadcrumb":{"@id":"https:\/\/www.one.org\/fr\/actualites\/les-maladies-saggravent-dereglement-climatique\/#breadcrumb"},"inLanguage":"fr-FR","potentialAction":[{"@type":"ReadAction","target":["https:\/\/www.one.org\/fr\/actualites\/les-maladies-saggravent-dereglement-climatique\/"]}]},{"@type":"ImageObject","inLanguage":"fr-FR","@id":"https:\/\/www.one.org\/fr\/actualites\/les-maladies-saggravent-dereglement-climatique\/#primaryimage","url":"https:\/\/www.one.org\/fr\/wp-content\/uploads\/sites\/4\/2022\/08\/Aftershock_2021_FeaturedImage_1200x1200_en_002.jpg","contentUrl":"https:\/\/www.one.org\/fr\/wp-content\/uploads\/sites\/4\/2022\/08\/Aftershock_2021_FeaturedImage_1200x1200_en_002.jpg","width":1201,"height":1201},{"@type":"BreadcrumbList","@id":"https:\/\/www.one.org\/fr\/actualites\/les-maladies-saggravent-dereglement-climatique\/#breadcrumb","itemListElement":[{"@type":"ListItem","position":1,"name":"Home","item":"https:\/\/www.one.org\/fr\/"},{"@type":"ListItem","position":2,"name":"Les maladies s&#8217;aggravent, et c\u2019est la faute au d\u00e9r\u00e8glement climatique"}]},{"@type":"WebSite","@id":"https:\/\/www.one.org\/fr\/#website","url":"https:\/\/www.one.org\/fr\/","name":"ONE.org","description":"Cr\u00e9er des opportunit\u00e9s \u00e9conomiques et am\u00e9liorer la sant\u00e9 en Afrique","potentialAction":[{"@type":"SearchAction","target":{"@type":"EntryPoint","urlTemplate":"https:\/\/www.one.org\/fr\/?s={search_term_string}"},"query-input":{"@type":"PropertyValueSpecification","valueRequired":true,"valueName":"search_term_string"}}],"inLanguage":"fr-FR"}]}},"distributor_meta":false,"distributor_terms":false,"distributor_media":false,"distributor_original_site_name":"ONE.org France","distributor_original_site_url":"https:\/\/www.one.org\/fr","push-errors":false,"_links":{"self":[{"href":"https:\/\/www.one.org\/fr\/wp-json\/wp\/v2\/posts\/162591","targetHints":{"allow":["GET"]}}],"collection":[{"href":"https:\/\/www.one.org\/fr\/wp-json\/wp\/v2\/posts"}],"about":[{"href":"https:\/\/www.one.org\/fr\/wp-json\/wp\/v2\/types\/post"}],"replies":[{"embeddable":true,"href":"https:\/\/www.one.org\/fr\/wp-json\/wp\/v2\/comments?post=162591"}],"version-history":[{"count":0,"href":"https:\/\/www.one.org\/fr\/wp-json\/wp\/v2\/posts\/162591\/revisions"}],"wp:featuredmedia":[{"embeddable":true,"href":"https:\/\/www.one.org\/fr\/wp-json\/wp\/v2\/media\/162883"}],"wp:attachment":[{"href":"https:\/\/www.one.org\/fr\/wp-json\/wp\/v2\/media?parent=162591"}],"wp:term":[{"taxonomy":"category","embeddable":true,"href":"https:\/\/www.one.org\/fr\/wp-json\/wp\/v2\/categories?post=162591"},{"taxonomy":"post_tag","embeddable":true,"href":"https:\/\/www.one.org\/fr\/wp-json\/wp\/v2\/tags?post=162591"},{"taxonomy":"topic","embeddable":true,"href":"https:\/\/www.one.org\/fr\/wp-json\/wp\/v2\/topic?post=162591"},{"taxonomy":"contributor","embeddable":true,"href":"https:\/\/www.one.org\/fr\/wp-json\/wp\/v2\/contributor?post=162591"},{"taxonomy":"one_content_audience","embeddable":true,"href":"https:\/\/www.one.org\/fr\/wp-json\/wp\/v2\/one_content_audience?post=162591"},{"taxonomy":"one_content_type","embeddable":true,"href":"https:\/\/www.one.org\/fr\/wp-json\/wp\/v2\/one_content_type?post=162591"},{"taxonomy":"one_content_tone","embeddable":true,"href":"https:\/\/www.one.org\/fr\/wp-json\/wp\/v2\/one_content_tone?post=162591"}],"curies":[{"name":"wp","href":"https:\/\/api.w.org\/{rel}","templated":true}]}}