{"id":162588,"date":"2022-08-04T16:23:29","date_gmt":"2022-08-04T16:23:29","guid":{"rendered":"https:\/\/www.one.org\/fr\/les-mots-en-f-sont-de-nouveau-a-la-mode\/"},"modified":"2023-12-08T13:25:22","modified_gmt":"2023-12-08T13:25:22","slug":"les-mots-en-f-sont-de-nouveau-a-la-mode","status":"publish","type":"post","link":"https:\/\/www.one.org\/fr\/actualites\/les-mots-en-f-sont-de-nouveau-a-la-mode\/","title":{"rendered":"Les mots en \u00ab F \u00bb sont de nouveau \u00e0 la mode"},"content":{"rendered":"<p><i><span style=\"font-weight: 400\">Cette semaine<\/span><\/i><i><span style=\"font-weight: 400\">, dans Ondes de Choc : la famine qui menace, l\u2019in\u00e9galit\u00e9 d\u2019acc\u00e8s au vaccin contre la variole du singe, le d\u00e9roulement de la Conf\u00e9rence internationale sur le sida, et plus encore.<\/span><\/i><\/p>\n<h3><b>ACTUALITES<\/b><\/h3>\n<p><a href=\"https:\/\/www.youtube.com\/watch?v=Uog7MFUW7Ck\"><b>F comme famine :<\/b><\/a><span style=\"font-weight: 400\"> La Somalie est sur le point de conna\u00eetre<\/span><span style=\"font-weight: 400\"> une mauvaise saison des pluies pour la cinqui\u00e8me ann\u00e9e cons\u00e9cutive<\/span><span style=\"font-weight: 400\">, aggravant une crise de la faim qui, selon les experts, augmenterait le <\/span><a href=\"https:\/\/medium.com\/humanitarian-dispatches\/un-team-warns-of-real-risk-of-famine-for-drought-affected-somalia-5012bcb3e6c5\"><span style=\"font-weight: 400\">\u00ab <\/span><span style=\"font-weight: 400\">risque de famine <\/span><span style=\"font-weight: 400\">\u00bb<\/span><\/a><span style=\"font-weight: 400\">. Pr\u00e8s de la moiti\u00e9 des 7 millions d\u2019habitants du pays sont confront\u00e9s \u00e0 des niveaux d\u2019ins\u00e9curit\u00e9 alimentaire \u00e9lev\u00e9s et 1,5 million d\u2019enfants risquent de souffrir de <\/span><span style=\"font-weight: 400\">malnutrition aigu\u00eb<\/span><span style=\"font-weight: 400\">. Plus de 37 millions de personnes dans la Corne de l\u2019Afrique sont d\u00e9j\u00e0 confront\u00e9es \u00e0 une famine aigu\u00eb. Le d\u00e9r\u00e8glement climatique est un facteur d\u00e9terminant dans les 12 s\u00e9cheresses et 19 inondations qu\u2019a connues la Somalie depuis les ann\u00e9es 1990, et qui a \u00e9t\u00e9 exacerb\u00e9 par la d\u00e9gradation de l\u2019environnement, caus\u00e9e notamment par une intense<\/span><a href=\"https:\/\/blogs.worldbank.org\/africacan\/somalia-needs-its-trees-restore-landscapes-and-livelihoods\"><span style=\"font-weight: 400\"> d\u00e9forestation<\/span><\/a><span style=\"font-weight: 400\">. Parall\u00e8lement, dans une premi\u00e8re historique, les Nations unies ont d\u00e9clar\u00e9 que la famine qui ravage le sud de Madagascar \u00e9tait la <\/span><a href=\"https:\/\/www.ft.com\/content\/8fa3596e-9c6a-4e49-871a-86c20e0d170c\"><span style=\"font-weight: 400\">premi\u00e8re induite par le d\u00e9r\u00e8glement climatique<\/span><\/a><span style=\"font-weight: 400\">.\u00a0<\/span><\/p>\n<p><b>F comme faillite : <\/b><span style=\"font-weight: 400\">Les pays riches <\/span><a href=\"https:\/\/www.lesechos.fr\/monde\/enjeux-internationaux\/climat-les-pays-riches-nont-pas-atteint-leurs-objectifs-de-financement-pointe-locde-1779674#:~:text=Enjeux%20Internationaux-,Climat%20%3A%20les%20pays%20riches%20n'ont%20pas%20atteint%20leurs%20objectifs,ont%20pas%20tenu%20leurs%20promesses.\"><span style=\"font-weight: 400\">n\u2019ont pas tenu<\/span><\/a><span style=\"font-weight: 400\"> leur promesse de verser 100 milliards de dollars par an aux pays vuln\u00e9rables afin de les aider \u00e0 att\u00e9nuer l\u2019impact du d\u00e9r\u00e8glement climatique. S\u2019ils ont contribu\u00e9 \u00e0 hauteur de 83,3 milliards de dollars en 2020, ils ne pr\u00e9voient pas d\u2019atteindre l\u2019objectif de 100 milliards de dollars avant 2023 (14 ans apr\u00e8s qu\u2019il a \u00e9t\u00e9 fix\u00e9). Pendant ce temps, les dirigeants africains auraient l\u2019intention de faire pression pour obtenir l\u2019autorisation de <\/span><span style=\"font-weight: 400\">\u00ab <\/span><a href=\"https:\/\/www.theguardian.com\/world\/2022\/aug\/01\/african-nations-set-to-make-the-case-for-big-rise-in-fossil-fuel-output\"><span style=\"font-weight: 400\">nouveaux investissements massifs dans les \u00e9nergies fossiles<\/span><\/a> <span style=\"font-weight: 400\">\u00bb<\/span><span style=\"font-weight: 400\"> lors de la COP27. Les citoyens ne sont pas tous d\u2019accord car ils estiment que cela <\/span><a href=\"https:\/\/twitter.com\/Guillaume0905Kl\/status\/1554772434791931904\"><span style=\"font-weight: 400\">compromettrait l\u2019objectif des Accords de Paris<\/span><\/a><span style=\"font-weight: 400\"> de limiter le r\u00e9chauffement de la plan\u00e8te \u00e0 1,5 \u00b0C. Au Kenya, le d\u00e9r\u00e8glement climatique<\/span><a href=\"https:\/\/www.washingtonpost.com\/world\/2022\/07\/28\/kenya-elephants-drought-climate-change\/?utm_source=instagram&amp;utm_medium=social&amp;utm_campaign=wp_main&amp;crl8_id=f130c5b8-75ca-443e-9ffa-83b186b4be16\"><span style=\"font-weight: 400\"> entra\u00eene la mort <\/span><\/a><span style=\"font-weight: 400\">de plus d\u2019\u00e9l\u00e9phants que le braconnage.\u00a0<\/span><\/p>\n<p><b>D\u00e9j\u00e0 vu :<\/b><span style=\"font-weight: 400\"> Les \u00c9tats-Unis, l\u2019Union europ\u00e9enne et d\u2019autres pays riches <\/span><a href=\"https:\/\/fr.africanews.com\/2022\/07\/28\/variole-du-singe-pas-de-vaccins-pour-lafrique-malgre-les-deces\/\"><span style=\"font-weight: 400\">ach\u00e8tent une fois de plus toutes les doses de vaccin disponibles<\/span><\/a><span style=\"font-weight: 400\"> pour faire face \u00e0 l\u2019urgence sanitaire mondiale qu\u2019est la variole du singe. Les pays africains sont \u2013 une fois de plus \u2013 rel\u00e9gu\u00e9s au bout de la file d\u2019attente. L\u2019Afrique ne dispose actuellement <\/span><a href=\"https:\/\/learningenglish.voanews.com\/a\/africa-continent-with-monkeypox-deaths-has-no-vaccine\/6678081.html\"><span style=\"font-weight: 400\">d\u2019aucune dose de vaccin<\/span><\/a><span style=\"font-weight: 400\">, alors que le continent comptabilise le plus de d\u00e9c\u00e8s : la variole du singe <\/span><a href=\"https:\/\/www.nature.com\/articles\/d41586-022-01686-z\"><span style=\"font-weight: 400\">est end\u00e9mique en Afrique<\/span><\/a><span style=\"font-weight: 400\">. Malgr\u00e9 cela, un groupe de 35 pays, pour la plupart riches, <\/span><a href=\"https:\/\/www.theguardian.com\/global-development\/2022\/aug\/01\/global-monkeypox-vaccine-race-sparks-fears-that-poorer-nations-will-lose-out\"><span style=\"font-weight: 400\">se bat pour obtenir<\/span><\/a><span style=\"font-weight: 400\"> une partie des 16,4 millions de doses disponibles de vaccin contre la variole, ce qui fait courir le risque aux pays \u00e0 revenu faible de ne pas en recevoir. Et l\u2019histoire se r\u00e9p\u00e8te, encore une fois.\u00a0<\/span><\/p>\n<p><b>Une source d\u2019inqui\u00e9tude : <\/b><span style=\"font-weight: 400\">La Conf\u00e9rence internationale sur le sida qui s\u2019est tenue \u00e0 Montr\u00e9al la semaine derni\u00e8re a mis en \u00e9vidence l\u2019impact des in\u00e9galit\u00e9s structurelles, \u00e0 plus d\u2019un titre. De <\/span><a href=\"https:\/\/ici.radio-canada.ca\/nouvelle\/1901968\/sida-conferecence-montreal-probleme-visa-condamnation-adeeba-kamarulzaman\"><span style=\"font-weight: 400\">l\u2019absence du ministre du D\u00e9veloppement international du Canada<\/span><\/a><span style=\"font-weight: 400\"> (pays h\u00f4te), qui s\u2019est d\u00e9sist\u00e9 moins de 24 heures avant le lancement, aux participants (pour la plupart originaires d\u2019Afrique) \u00e0 qui l\u2019on a <\/span><a href=\"https:\/\/twitter.com\/STOPAIDS\/status\/1554143351867326465?s=20&amp;t=M6xXUGTg-MZ0oIbL0XUqug\"><span style=\"font-weight: 400\">refus\u00e9 des visas<\/span><\/a><span style=\"font-weight: 400\"> ou qui ont re\u00e7u un accueil hostile \u00e0 l\u2019entr\u00e9e, les h\u00f4tes de l\u2019\u00e9v\u00e9nement n\u2019ont pas sembl\u00e9 y porter beaucoup d\u2019int\u00e9r\u00eat. Les cas de sida en 2020-2021 n\u2019ont diminu\u00e9 que de 3,6 %, <\/span><a href=\"https:\/\/www.unaids.org\/fr\/resources\/presscentre\/pressreleaseandstatementarchive\/2022\/july\/20220727_global-aids-update\"><span style=\"font-weight: 400\">soit la plus faible baisse <\/span><\/a><span style=\"font-weight: 400\">depuis 2016, selon l\u2019ONUSIDA. Les experts ont qualifi\u00e9 ces donn\u00e9es <\/span><a href=\"https:\/\/www.unaids.org\/en\/resources\/presscentre\/pressreleaseandstatementarchive\/2022\/july\/20220730_global-AIDS-leaders-raise-alarm\"><span style=\"font-weight: 400\">de signal d\u2019alarme<\/span><\/a><span style=\"font-weight: 400\">, exhortant la communaut\u00e9 internationale \u00e0 prendre l\u2019\u00e9pid\u00e9mie de VIH au s\u00e9rieux dans un contexte d\u2019absence de r\u00e9ponse collective, et l\u2019accaparement de l\u2019attention par la pand\u00e9mie de COVID-19.\u00a0<\/span><\/p>\n<p><b>Prendre le large : <\/b><span style=\"font-weight: 400\">Un navire transportant <\/span><a href=\"https:\/\/www.radiofrance.fr\/franceinter\/un-premier-bateau-transportant-des-cereales-a-quitte-l-ukraine-soulagement-pour-le-monde-selon-kiev-5762383\"><span style=\"font-weight: 400\">26 000 tonnes de ma\u00efs<\/span><\/a><span style=\"font-weight: 400\"> a quitt\u00e9 les ports ukrainiens pour la premi\u00e8re fois depuis l\u2019invasion de la Russie en f\u00e9vrier dernier. Cela fait suite \u00e0 un accord n\u00e9goci\u00e9 avec la Russie pour autoriser les exportations de c\u00e9r\u00e9ales pendant la guerre. Les navires, tr\u00e8s surveill\u00e9s, doivent naviguer dans la mer Noire qui est fortement min\u00e9e, ce qui rend difficile l\u2019obtention <\/span><a href=\"https:\/\/www.bloomberg.com\/news\/articles\/2022-07-26\/first-hurdle-for-ukraine-grain-deal-is-clearing-stuck-ships?utm_campaign=covid19&amp;utm_content=153541&amp;utm_medium=email&amp;utm_source=email-95\"><span style=\"font-weight: 400\">d\u2019assurance pour les navires<\/span><\/a><span style=\"font-weight: 400\">. L\u2019accord pourrait permettre de lib\u00e9rer des millions de tonnes de c\u00e9r\u00e9ales bloqu\u00e9es en Ukraine depuis le d\u00e9but de la guerre, contribuant ainsi \u00e0 att\u00e9nuer la crise alimentaire mondiale. Mais le fait que la Russie <\/span><a href=\"https:\/\/www.lexpress.fr\/actualite\/monde\/guerre-en-ukraine-les-exportations-de-cereales-ont-repris-a-odessa_2177921.html\"><span style=\"font-weight: 400\">continue de cibler les villes portuaires<\/span><\/a><span style=\"font-weight: 400\"> met tout cela en p\u00e9ril et pourrait stopper les exp\u00e9ditions.\u00a0<\/span><\/p>\n<p><b>Un peu de douceur :<\/b><span style=\"font-weight: 400\"> Le ministre russe des Affaires \u00e9trang\u00e8res, Sergey Lavrov, a <\/span><a href=\"https:\/\/afrique.latribune.fr\/politique\/2022-07-30\/l-operation-seduction-de-serguei-lavrov-en-afrique-927466.html\"><span style=\"font-weight: 400\">annonc\u00e9<\/span><\/a><span style=\"font-weight: 400\"> que le prochain sommet Afrique-Russie aura lieu \u00e0 la mi-2023. Il a fait cette annonce lors d\u2019une r\u00e9cente visite \u00e0 quatre pays africains, qui comprenait une r\u00e9union avec la Commission de l\u2019Union africaine et <\/span><a href=\"https:\/\/www.lemonde.fr\/afrique\/article\/2022\/07\/26\/le-chef-de-la-diplomatie-russe-en-tournee-pour-rassurer-et-soigner-ses-partenaires-africains_6136152_3212.html\"><span style=\"font-weight: 400\">co\u00efncidait avec la visite<\/span><\/a><span style=\"font-weight: 400\"> du pr\u00e9sident fran\u00e7ais Emmanuel Macron sur le continent. Cette annonce intervient dans un contexte de tensions entre l\u2019Afrique et l\u2019Union europ\u00e9enne au sujet de la guerre en Ukraine et de l\u2019aggravation des crises du climat, de la faim et du COVID-19 en Afrique. La Russie a de plus en plus recours \u00e0 des tactiques de <\/span><i><span style=\"font-weight: 400\">soft power<\/span><\/i><span style=\"font-weight: 400\"> pour se positionner comme une alternative \u00e0 l\u2019Occident et <\/span><a href=\"https:\/\/www.leparisien.fr\/international\/soft-power-et-vente-darmes-comment-la-russie-cherche-a-etendre-son-influence-dans-le-monde-29-07-2022-CGRBRDI7FZDEFNIX2IHK2R6LZU.php\"><span style=\"font-weight: 400\">accro\u00eetre son influence<\/span><\/a><span style=\"font-weight: 400\"> en Afrique. Apparemment, <\/span><a href=\"https:\/\/edition.cnn.com\/2022\/07\/29\/africa\/sudan-russia-gold-investigation-cmd-intl\/index.html\"><span style=\"font-weight: 400\">le pillage de l\u2019or au Soudan<\/span><\/a><span style=\"font-weight: 400\"> fait \u00e9galement partie du plan.\u00a0<\/span><\/p>\n<p><b>Votez l\u2019avenir : <\/b><span style=\"font-weight: 400\">Mardi 9 ao\u00fbt, les K\u00e9nyans se rendront aux urnes pour prendre part \u00e0 l\u2019\u00e9lection nationale du pays, qui consiste notamment \u00e0 choisir un nouveau pr\u00e9sident pour remplacer le dirigeant sortant, Uhuru Kenyatta. Des violences et des accusations de tricherie ont <\/span><a href=\"https:\/\/theconversation.com\/kenyas-election-red-flags-in-five-essential-reads-187592\"><span style=\"font-weight: 400\">entach\u00e9 les \u00e9lections pr\u00e9c\u00e9dentes<\/span><\/a><span style=\"font-weight: 400\">. Les experts craignent une <\/span><a href=\"https:\/\/www.fidh.org\/fr\/regions\/afrique\/kenya\/kenya-un-rapport-revele-comment-les-violences-sexuelles-et-genrees\"><span style=\"font-weight: 400\">vague de violences sexistes et sexuelles<\/span><\/a><span style=\"font-weight: 400\"> similaire \u00e0 celle qui s\u2019est produite lors des \u00e9lections g\u00e9n\u00e9rales de 2017. Malgr\u00e9 (ou \u00e0 cause ?) du harc\u00e8lement et des menaces incessantes, le nombre de femmes candidates est en hausse : 11 % cette ann\u00e9e contre 7 % en 2017.<\/span><\/p>\n<h3><b>L\u2019\u00c9QUIPE DE ONE EN ACTION :\u00a0<\/b><\/h3>\n<ul>\n<li style=\"font-weight: 400\"><span style=\"font-weight: 400\">L\u2019analyse de ONE met en \u00e9vidence <\/span><a href=\"https:\/\/www.one.org\/international\/aid-data\/oda-to-ukraine\/?akid=153541.6199340.nw2GfC&amp;rd=1&amp;t=31&amp;utm_campaign=covid19&amp;utm_content=153541&amp;utm_medium=email&amp;utm_source=email-95\"><span style=\"font-weight: 400\">la pression consid\u00e9rable<\/span><\/a><span style=\"font-weight: 400\"> que la guerre en Ukraine exerce sur les budgets de l\u2019aide publique au d\u00e9veloppement.<\/span><\/li>\n<li style=\"font-weight: 400\"><span style=\"font-weight: 400\">Les jeunes Ambassadeurs et Ambassadrices de ONE France <\/span><a href=\"https:\/\/twitter.com\/ONE_Fr\/status\/1554844550602129410\"><span style=\"font-weight: 400\">appellent le Pr\u00e9sident Emmanuel Macron<\/span><\/a> <span style=\"font-weight: 400\">\u00e0 augmenter de 30 % la contribution de la France au Fonds mondial de lutte contre le sida, la tuberculose et le paludisme. Retrouvez leur lettre ouverte <\/span><a href=\"https:\/\/blogs.mediapart.fr\/one-france\/blog\/020822\/lettre-ouverte-de-70-jeunes-ambassadeurs-de-long-one\"><span style=\"font-weight: 400\">ici<\/span><\/a><span style=\"font-weight: 400\">.<\/span><\/li>\n<li style=\"font-weight: 400\"><span style=\"font-weight: 400\">Au cas o\u00f9 vous l\u2019auriez manqu\u00e9, vous pouvez r\u00e9\u00e9couter <\/span><a href=\"https:\/\/twitter.com\/ONECampaign\/status\/1554512939373273088?s=20&amp;t=XSyZy8QodTuunPb7Yzgtkw\"><span style=\"font-weight: 400\">ici<\/span><\/a><span style=\"font-weight: 400\"> la table ronde organis\u00e9e par ONE sur l\u2019importance du pouvoir des citoyens et de l\u2019activisme pour mettre fin \u00e0 l\u2019\u00e9pid\u00e9mie de sida.\u00a0<\/span><\/li>\n<li style=\"font-weight: 400\"><span style=\"font-weight: 400\">Anne Paisley de ONE parle des 5 choses les <\/span><a href=\"https:\/\/www.one.org\/international\/blog\/facts-myths-monkeypox-outbreak\/\"><span style=\"font-weight: 400\">plus importantes<\/span><\/a><span style=\"font-weight: 400\"> \u00e0 savoir sur la variole du singe.<\/span><\/li>\n<\/ul>\n<h3><b>LES CHIFFRES :<\/b><\/h3>\n<ul>\n<li><b>9,5 millions de tonnes : <\/b><span style=\"font-weight: 400\">c\u2019est le <\/span><a href=\"https:\/\/blogs.worldbank.org\/fr\/africacan\/crise-alimentaire-et-inflation-persistantes-en-afrique-de-louest-une-occasion-saisir-pour\"><span style=\"font-weight: 400\">d\u00e9ficit brut de c\u00e9r\u00e9ales<\/span><\/a><span style=\"font-weight: 400\"> estim\u00e9 en Afrique de l\u2019Ouest alors que les crises \u00e9conomique et alimentaire continuent d\u2019affecter la sous-r\u00e9gion.<\/span><\/li>\n<li><b>55 millions de dollars : <\/b><span style=\"font-weight: 400\">c\u2019est le montant de l\u2019aide \u00e0 la <\/span><a href=\"https:\/\/www.premiumtimesng.com\/news\/top-news\/545518-us-to-invest-55-million-in-food-security-in-nigeria.html\"><span style=\"font-weight: 400\">s\u00e9curit\u00e9 alimentaire<\/span><\/a><span style=\"font-weight: 400\"> qui a \u00e9t\u00e9 fourni par l\u2019agence am\u00e9ricaine USAID au Nigeria alors que le pays continue de souffrir des p\u00e9nuries de nourriture, d\u2019engrais et de la hausse des prix du carburant.<\/span> <span style=\"font-weight: 400\">\u00a0<\/span><\/li>\n<\/ul>\n<h4><em><a href=\"https:\/\/www.one.org\/fr\/nos-combats\/ondes-de-choc\/\">Inscrivez-vous<\/a> pour recevoir Ondes de choc<span style=\"text-decoration: underline\">,<\/span> notre newsletter hebdomadaire pour suivre l\u2019impact r\u00e9el du COVID-19 en Afrique. Nous vous proposons des analyses pointues, succinctes et r\u00e9fl\u00e9chies de la part des experts de ONE.<\/em><\/h4>\n<div class=\"buffer\"><\/div>","protected":false},"excerpt":{"rendered":"<p>Cette semaine, dans Ondes de Choc : la famine qui menace, l\u2019in\u00e9galit\u00e9 d\u2019acc\u00e8s au vaccin contre la variole du singe, le d\u00e9roulement de la Conf\u00e9rence internationale sur le sida, et plus encore. ACTUALITES F comme famine : La Somalie est sur le point de conna\u00eetre une mauvaise saison des pluies pour la cinqui\u00e8me ann\u00e9e cons\u00e9cutive, [&hellip;]<\/p>\n","protected":false},"author":24,"featured_media":162889,"comment_status":"open","ping_status":"open","sticky":false,"template":"","format":"standard","meta":{"_acf_changed":false,"_relevanssi_hide_post":"","_relevanssi_hide_content":"","_relevanssi_pin_for_all":"","_relevanssi_pin_keywords":"","_relevanssi_unpin_keywords":"","_relevanssi_related_keywords":"","_relevanssi_related_include_ids":"","_relevanssi_related_exclude_ids":"","_relevanssi_related_no_append":"","_relevanssi_related_not_related":"","_relevanssi_related_posts":"165045,165022,164979,164901,164801,164384","_relevanssi_noindex_reason":"","footnotes":""},"categories":[68],"tags":[],"topic":[86],"contributor":[33],"one_content_audience":[],"one_content_type":[],"one_content_tone":[],"class_list":["post-162588","post","type-post","status-publish","format-standard","has-post-thumbnail","hentry","category-analyse","topic-ondes-de-choc","contributor-one-france"],"acf":[],"yoast_head":"<!-- This site is optimized with the Yoast SEO Premium plugin v27.1 (Yoast SEO v27.1.1) - https:\/\/yoast.com\/product\/yoast-seo-premium-wordpress\/ -->\n<title>Les mots en \u00ab F \u00bb sont de nouveau \u00e0 la mode - ONE.org France<\/title>\n<meta name=\"description\" content=\"Cette semaine, dans Ondes de Choc : la famine qui menace, l&#039;in\u00e9galit\u00e9 d\u2019acc\u00e8s au vaccin contre la variole du singe, le d\u00e9roulement de la Conf\u00e9rence internationale sur le sida, et plus encore.\" \/>\n<meta name=\"robots\" content=\"index, follow, max-snippet:-1, max-image-preview:large, max-video-preview:-1\" \/>\n<link rel=\"canonical\" href=\"https:\/\/www.one.org\/fr\/actualites\/les-mots-en-f-sont-de-nouveau-a-la-mode\/\" \/>\n<meta property=\"og:locale\" content=\"fr_FR\" \/>\n<meta property=\"og:type\" content=\"article\" \/>\n<meta property=\"og:title\" content=\"Les mots en \u00ab F \u00bb sont de nouveau \u00e0 la mode\" \/>\n<meta property=\"og:description\" content=\"Cette semaine, dans Ondes de Choc : la famine qui menace, l&#039;in\u00e9galit\u00e9 d\u2019acc\u00e8s au vaccin contre la variole du singe, le d\u00e9roulement de la Conf\u00e9rence internationale sur le sida, et plus encore.\" \/>\n<meta property=\"og:url\" content=\"https:\/\/www.one.org\/fr\/actualites\/les-mots-en-f-sont-de-nouveau-a-la-mode\/\" \/>\n<meta property=\"og:site_name\" content=\"ONE.org France\" \/>\n<meta property=\"article:publisher\" content=\"https:\/\/www.facebook.com\/ONE.Fr\" \/>\n<meta property=\"article:published_time\" content=\"2022-08-04T16:23:29+00:00\" \/>\n<meta property=\"article:modified_time\" content=\"2023-12-08T13:25:22+00:00\" \/>\n<meta property=\"og:image\" content=\"https:\/\/www.one.org\/fr\/wp-content\/uploads\/sites\/4\/2022\/08\/Aftershock_2021_FeaturedImage_1200x1200_en_003-640x640-1.jpeg\" \/>\n\t<meta property=\"og:image:width\" content=\"640\" \/>\n\t<meta property=\"og:image:height\" content=\"640\" \/>\n\t<meta property=\"og:image:type\" content=\"image\/jpeg\" \/>\n<meta name=\"author\" content=\"Dana Khalil\" \/>\n<meta name=\"twitter:card\" content=\"summary_large_image\" \/>\n<meta name=\"twitter:creator\" content=\"@one_fr\" \/>\n<meta name=\"twitter:site\" content=\"@one_fr\" \/>\n<meta name=\"twitter:label1\" content=\"Written by\" \/>\n\t<meta name=\"twitter:data1\" content=\"Dana Khalil\" \/>\n\t<meta name=\"twitter:label2\" content=\"Est. reading time\" \/>\n\t<meta name=\"twitter:data2\" content=\"6 minutes\" \/>\n<script type=\"application\/ld+json\" class=\"yoast-schema-graph\">{\"@context\":\"https:\/\/schema.org\",\"@graph\":[{\"@type\":\"Article\",\"@id\":\"https:\/\/www.one.org\/fr\/actualites\/les-mots-en-f-sont-de-nouveau-a-la-mode\/#article\",\"isPartOf\":{\"@id\":\"https:\/\/www.one.org\/fr\/actualites\/les-mots-en-f-sont-de-nouveau-a-la-mode\/\"},\"author\":{\"name\":\"Dana Khalil\",\"@id\":\"https:\/\/www.one.org\/fr\/#\/schema\/person\/cf1f30f9800f0592ec3d61940be82003\"},\"headline\":\"Les mots en \u00ab F \u00bb sont de nouveau \u00e0 la mode\",\"datePublished\":\"2022-08-04T16:23:29+00:00\",\"dateModified\":\"2023-12-08T13:25:22+00:00\",\"mainEntityOfPage\":{\"@id\":\"https:\/\/www.one.org\/fr\/actualites\/les-mots-en-f-sont-de-nouveau-a-la-mode\/\"},\"wordCount\":1294,\"commentCount\":0,\"image\":{\"@id\":\"https:\/\/www.one.org\/fr\/actualites\/les-mots-en-f-sont-de-nouveau-a-la-mode\/#primaryimage\"},\"thumbnailUrl\":\"https:\/\/www.one.org\/fr\/wp-content\/uploads\/sites\/4\/2022\/08\/Aftershock_2021_FeaturedImage_1200x1200_en_003-640x640-1.jpeg\",\"articleSection\":[\"Analyse\"],\"inLanguage\":\"fr-FR\",\"potentialAction\":[{\"@type\":\"CommentAction\",\"name\":\"Comment\",\"target\":[\"https:\/\/www.one.org\/fr\/actualites\/les-mots-en-f-sont-de-nouveau-a-la-mode\/#respond\"]}]},{\"@type\":\"WebPage\",\"@id\":\"https:\/\/www.one.org\/fr\/actualites\/les-mots-en-f-sont-de-nouveau-a-la-mode\/\",\"url\":\"https:\/\/www.one.org\/fr\/actualites\/les-mots-en-f-sont-de-nouveau-a-la-mode\/\",\"name\":\"Les mots en \u00ab F \u00bb sont de nouveau \u00e0 la mode - ONE.org France\",\"isPartOf\":{\"@id\":\"https:\/\/www.one.org\/fr\/#website\"},\"primaryImageOfPage\":{\"@id\":\"https:\/\/www.one.org\/fr\/actualites\/les-mots-en-f-sont-de-nouveau-a-la-mode\/#primaryimage\"},\"image\":{\"@id\":\"https:\/\/www.one.org\/fr\/actualites\/les-mots-en-f-sont-de-nouveau-a-la-mode\/#primaryimage\"},\"thumbnailUrl\":\"https:\/\/www.one.org\/fr\/wp-content\/uploads\/sites\/4\/2022\/08\/Aftershock_2021_FeaturedImage_1200x1200_en_003-640x640-1.jpeg\",\"datePublished\":\"2022-08-04T16:23:29+00:00\",\"dateModified\":\"2023-12-08T13:25:22+00:00\",\"author\":{\"@id\":\"https:\/\/www.one.org\/fr\/#\/schema\/person\/cf1f30f9800f0592ec3d61940be82003\"},\"description\":\"Cette semaine, dans Ondes de Choc : la famine qui menace, l'in\u00e9galit\u00e9 d\u2019acc\u00e8s au vaccin contre la variole du singe, le d\u00e9roulement de la Conf\u00e9rence internationale sur le sida, et plus encore.\",\"breadcrumb\":{\"@id\":\"https:\/\/www.one.org\/fr\/actualites\/les-mots-en-f-sont-de-nouveau-a-la-mode\/#breadcrumb\"},\"inLanguage\":\"fr-FR\",\"potentialAction\":[{\"@type\":\"ReadAction\",\"target\":[\"https:\/\/www.one.org\/fr\/actualites\/les-mots-en-f-sont-de-nouveau-a-la-mode\/\"]}]},{\"@type\":\"ImageObject\",\"inLanguage\":\"fr-FR\",\"@id\":\"https:\/\/www.one.org\/fr\/actualites\/les-mots-en-f-sont-de-nouveau-a-la-mode\/#primaryimage\",\"url\":\"https:\/\/www.one.org\/fr\/wp-content\/uploads\/sites\/4\/2022\/08\/Aftershock_2021_FeaturedImage_1200x1200_en_003-640x640-1.jpeg\",\"contentUrl\":\"https:\/\/www.one.org\/fr\/wp-content\/uploads\/sites\/4\/2022\/08\/Aftershock_2021_FeaturedImage_1200x1200_en_003-640x640-1.jpeg\",\"width\":640,\"height\":640},{\"@type\":\"BreadcrumbList\",\"@id\":\"https:\/\/www.one.org\/fr\/actualites\/les-mots-en-f-sont-de-nouveau-a-la-mode\/#breadcrumb\",\"itemListElement\":[{\"@type\":\"ListItem\",\"position\":1,\"name\":\"Home\",\"item\":\"https:\/\/www.one.org\/fr\/\"},{\"@type\":\"ListItem\",\"position\":2,\"name\":\"Les mots en \u00ab F \u00bb sont de nouveau \u00e0 la mode\"}]},{\"@type\":\"WebSite\",\"@id\":\"https:\/\/www.one.org\/fr\/#website\",\"url\":\"https:\/\/www.one.org\/fr\/\",\"name\":\"ONE.org\",\"description\":\"Cr\u00e9er des opportunit\u00e9s \u00e9conomiques et am\u00e9liorer la sant\u00e9 en Afrique\",\"potentialAction\":[{\"@type\":\"SearchAction\",\"target\":{\"@type\":\"EntryPoint\",\"urlTemplate\":\"https:\/\/www.one.org\/fr\/?s={search_term_string}\"},\"query-input\":{\"@type\":\"PropertyValueSpecification\",\"valueRequired\":true,\"valueName\":\"search_term_string\"}}],\"inLanguage\":\"fr-FR\"},{\"@type\":\"Person\",\"@id\":\"https:\/\/www.one.org\/fr\/#\/schema\/person\/cf1f30f9800f0592ec3d61940be82003\",\"name\":\"Dana Khalil\",\"image\":{\"@type\":\"ImageObject\",\"inLanguage\":\"fr-FR\",\"@id\":\"https:\/\/www.one.org\/fr\/#\/schema\/person\/image\/\",\"url\":\"https:\/\/secure.gravatar.com\/avatar\/b0da536f00ccefadcc7aae4e64855977a5249adb1ac04162a69474e53a8d4c40?s=96&d=mm&r=g\",\"contentUrl\":\"https:\/\/secure.gravatar.com\/avatar\/b0da536f00ccefadcc7aae4e64855977a5249adb1ac04162a69474e53a8d4c40?s=96&d=mm&r=g\",\"caption\":\"Dana Khalil\"},\"url\":\"https:\/\/www.one.org\/fr\/actualites\/author\/danakhalil\/\"}]}<\/script>\n<!-- \/ Yoast SEO Premium plugin. -->","yoast_head_json":{"title":"Les mots en \u00ab F \u00bb sont de nouveau \u00e0 la mode - ONE.org France","description":"Cette semaine, dans Ondes de Choc : la famine qui menace, l'in\u00e9galit\u00e9 d\u2019acc\u00e8s au vaccin contre la variole du singe, le d\u00e9roulement de la Conf\u00e9rence internationale sur le sida, et plus encore.","robots":{"index":"index","follow":"follow","max-snippet":"max-snippet:-1","max-image-preview":"max-image-preview:large","max-video-preview":"max-video-preview:-1"},"canonical":"https:\/\/www.one.org\/fr\/actualites\/les-mots-en-f-sont-de-nouveau-a-la-mode\/","og_locale":"fr_FR","og_type":"article","og_title":"Les mots en \u00ab F \u00bb sont de nouveau \u00e0 la mode","og_description":"Cette semaine, dans Ondes de Choc : la famine qui menace, l'in\u00e9galit\u00e9 d\u2019acc\u00e8s au vaccin contre la variole du singe, le d\u00e9roulement de la Conf\u00e9rence internationale sur le sida, et plus encore.","og_url":"https:\/\/www.one.org\/fr\/actualites\/les-mots-en-f-sont-de-nouveau-a-la-mode\/","og_site_name":"ONE.org France","article_publisher":"https:\/\/www.facebook.com\/ONE.Fr","article_published_time":"2022-08-04T16:23:29+00:00","article_modified_time":"2023-12-08T13:25:22+00:00","og_image":[{"width":640,"height":640,"url":"https:\/\/www.one.org\/fr\/wp-content\/uploads\/sites\/4\/2022\/08\/Aftershock_2021_FeaturedImage_1200x1200_en_003-640x640-1.jpeg","type":"image\/jpeg"}],"author":"Dana Khalil","twitter_card":"summary_large_image","twitter_creator":"@one_fr","twitter_site":"@one_fr","twitter_misc":{"Written by":"Dana Khalil","Est. reading time":"6 minutes"},"schema":{"@context":"https:\/\/schema.org","@graph":[{"@type":"Article","@id":"https:\/\/www.one.org\/fr\/actualites\/les-mots-en-f-sont-de-nouveau-a-la-mode\/#article","isPartOf":{"@id":"https:\/\/www.one.org\/fr\/actualites\/les-mots-en-f-sont-de-nouveau-a-la-mode\/"},"author":{"name":"Dana Khalil","@id":"https:\/\/www.one.org\/fr\/#\/schema\/person\/cf1f30f9800f0592ec3d61940be82003"},"headline":"Les mots en \u00ab F \u00bb sont de nouveau \u00e0 la mode","datePublished":"2022-08-04T16:23:29+00:00","dateModified":"2023-12-08T13:25:22+00:00","mainEntityOfPage":{"@id":"https:\/\/www.one.org\/fr\/actualites\/les-mots-en-f-sont-de-nouveau-a-la-mode\/"},"wordCount":1294,"commentCount":0,"image":{"@id":"https:\/\/www.one.org\/fr\/actualites\/les-mots-en-f-sont-de-nouveau-a-la-mode\/#primaryimage"},"thumbnailUrl":"https:\/\/www.one.org\/fr\/wp-content\/uploads\/sites\/4\/2022\/08\/Aftershock_2021_FeaturedImage_1200x1200_en_003-640x640-1.jpeg","articleSection":["Analyse"],"inLanguage":"fr-FR","potentialAction":[{"@type":"CommentAction","name":"Comment","target":["https:\/\/www.one.org\/fr\/actualites\/les-mots-en-f-sont-de-nouveau-a-la-mode\/#respond"]}]},{"@type":"WebPage","@id":"https:\/\/www.one.org\/fr\/actualites\/les-mots-en-f-sont-de-nouveau-a-la-mode\/","url":"https:\/\/www.one.org\/fr\/actualites\/les-mots-en-f-sont-de-nouveau-a-la-mode\/","name":"Les mots en \u00ab F \u00bb sont de nouveau \u00e0 la mode - ONE.org France","isPartOf":{"@id":"https:\/\/www.one.org\/fr\/#website"},"primaryImageOfPage":{"@id":"https:\/\/www.one.org\/fr\/actualites\/les-mots-en-f-sont-de-nouveau-a-la-mode\/#primaryimage"},"image":{"@id":"https:\/\/www.one.org\/fr\/actualites\/les-mots-en-f-sont-de-nouveau-a-la-mode\/#primaryimage"},"thumbnailUrl":"https:\/\/www.one.org\/fr\/wp-content\/uploads\/sites\/4\/2022\/08\/Aftershock_2021_FeaturedImage_1200x1200_en_003-640x640-1.jpeg","datePublished":"2022-08-04T16:23:29+00:00","dateModified":"2023-12-08T13:25:22+00:00","author":{"@id":"https:\/\/www.one.org\/fr\/#\/schema\/person\/cf1f30f9800f0592ec3d61940be82003"},"description":"Cette semaine, dans Ondes de Choc : la famine qui menace, l'in\u00e9galit\u00e9 d\u2019acc\u00e8s au vaccin contre la variole du singe, le d\u00e9roulement de la Conf\u00e9rence internationale sur le sida, et plus encore.","breadcrumb":{"@id":"https:\/\/www.one.org\/fr\/actualites\/les-mots-en-f-sont-de-nouveau-a-la-mode\/#breadcrumb"},"inLanguage":"fr-FR","potentialAction":[{"@type":"ReadAction","target":["https:\/\/www.one.org\/fr\/actualites\/les-mots-en-f-sont-de-nouveau-a-la-mode\/"]}]},{"@type":"ImageObject","inLanguage":"fr-FR","@id":"https:\/\/www.one.org\/fr\/actualites\/les-mots-en-f-sont-de-nouveau-a-la-mode\/#primaryimage","url":"https:\/\/www.one.org\/fr\/wp-content\/uploads\/sites\/4\/2022\/08\/Aftershock_2021_FeaturedImage_1200x1200_en_003-640x640-1.jpeg","contentUrl":"https:\/\/www.one.org\/fr\/wp-content\/uploads\/sites\/4\/2022\/08\/Aftershock_2021_FeaturedImage_1200x1200_en_003-640x640-1.jpeg","width":640,"height":640},{"@type":"BreadcrumbList","@id":"https:\/\/www.one.org\/fr\/actualites\/les-mots-en-f-sont-de-nouveau-a-la-mode\/#breadcrumb","itemListElement":[{"@type":"ListItem","position":1,"name":"Home","item":"https:\/\/www.one.org\/fr\/"},{"@type":"ListItem","position":2,"name":"Les mots en \u00ab F \u00bb sont de nouveau \u00e0 la mode"}]},{"@type":"WebSite","@id":"https:\/\/www.one.org\/fr\/#website","url":"https:\/\/www.one.org\/fr\/","name":"ONE.org","description":"Cr\u00e9er des opportunit\u00e9s \u00e9conomiques et am\u00e9liorer la sant\u00e9 en Afrique","potentialAction":[{"@type":"SearchAction","target":{"@type":"EntryPoint","urlTemplate":"https:\/\/www.one.org\/fr\/?s={search_term_string}"},"query-input":{"@type":"PropertyValueSpecification","valueRequired":true,"valueName":"search_term_string"}}],"inLanguage":"fr-FR"},{"@type":"Person","@id":"https:\/\/www.one.org\/fr\/#\/schema\/person\/cf1f30f9800f0592ec3d61940be82003","name":"Dana Khalil","image":{"@type":"ImageObject","inLanguage":"fr-FR","@id":"https:\/\/www.one.org\/fr\/#\/schema\/person\/image\/","url":"https:\/\/secure.gravatar.com\/avatar\/b0da536f00ccefadcc7aae4e64855977a5249adb1ac04162a69474e53a8d4c40?s=96&d=mm&r=g","contentUrl":"https:\/\/secure.gravatar.com\/avatar\/b0da536f00ccefadcc7aae4e64855977a5249adb1ac04162a69474e53a8d4c40?s=96&d=mm&r=g","caption":"Dana Khalil"},"url":"https:\/\/www.one.org\/fr\/actualites\/author\/danakhalil\/"}]}},"distributor_meta":false,"distributor_terms":false,"distributor_media":false,"distributor_original_site_name":"ONE.org France","distributor_original_site_url":"https:\/\/www.one.org\/fr","push-errors":false,"_links":{"self":[{"href":"https:\/\/www.one.org\/fr\/wp-json\/wp\/v2\/posts\/162588","targetHints":{"allow":["GET"]}}],"collection":[{"href":"https:\/\/www.one.org\/fr\/wp-json\/wp\/v2\/posts"}],"about":[{"href":"https:\/\/www.one.org\/fr\/wp-json\/wp\/v2\/types\/post"}],"author":[{"embeddable":true,"href":"https:\/\/www.one.org\/fr\/wp-json\/wp\/v2\/users\/24"}],"replies":[{"embeddable":true,"href":"https:\/\/www.one.org\/fr\/wp-json\/wp\/v2\/comments?post=162588"}],"version-history":[{"count":0,"href":"https:\/\/www.one.org\/fr\/wp-json\/wp\/v2\/posts\/162588\/revisions"}],"wp:featuredmedia":[{"embeddable":true,"href":"https:\/\/www.one.org\/fr\/wp-json\/wp\/v2\/media\/162889"}],"wp:attachment":[{"href":"https:\/\/www.one.org\/fr\/wp-json\/wp\/v2\/media?parent=162588"}],"wp:term":[{"taxonomy":"category","embeddable":true,"href":"https:\/\/www.one.org\/fr\/wp-json\/wp\/v2\/categories?post=162588"},{"taxonomy":"post_tag","embeddable":true,"href":"https:\/\/www.one.org\/fr\/wp-json\/wp\/v2\/tags?post=162588"},{"taxonomy":"topic","embeddable":true,"href":"https:\/\/www.one.org\/fr\/wp-json\/wp\/v2\/topic?post=162588"},{"taxonomy":"contributor","embeddable":true,"href":"https:\/\/www.one.org\/fr\/wp-json\/wp\/v2\/contributor?post=162588"},{"taxonomy":"one_content_audience","embeddable":true,"href":"https:\/\/www.one.org\/fr\/wp-json\/wp\/v2\/one_content_audience?post=162588"},{"taxonomy":"one_content_type","embeddable":true,"href":"https:\/\/www.one.org\/fr\/wp-json\/wp\/v2\/one_content_type?post=162588"},{"taxonomy":"one_content_tone","embeddable":true,"href":"https:\/\/www.one.org\/fr\/wp-json\/wp\/v2\/one_content_tone?post=162588"}],"curies":[{"name":"wp","href":"https:\/\/api.w.org\/{rel}","templated":true}]}}