{"id":162586,"date":"2022-07-28T16:27:30","date_gmt":"2022-07-28T16:27:30","guid":{"rendered":"https:\/\/www.one.org\/fr\/je-ne-me-souviens-plus-du-nombre-de-personnes-que-jai-tuees\/"},"modified":"2024-04-23T12:33:04","modified_gmt":"2024-04-23T12:33:04","slug":"je-ne-me-souviens-plus-du-nombre-de-personnes-que-jai-tuees","status":"publish","type":"post","link":"https:\/\/www.one.org\/fr\/actualites\/je-ne-me-souviens-plus-du-nombre-de-personnes-que-jai-tuees\/","title":{"rendered":"\u00ab Je ne me souviens plus du nombre de personnes que j&#8217;ai tu\u00e9es \u00bb"},"content":{"rendered":"<p><em>Cette semaine<\/em><em>, dans Ondes de Choc : les cas de variole du singe doublent toutes les deux semaines, la violence augmente dans le nord du Nigeria, un nouveau vaccin contre le paludisme a &eacute;t&eacute; d&eacute;velopp&eacute;, et plus encore.<\/em><\/p>\n<p><strong>ACTUALITES<\/strong><\/p>\n<p><strong>Plafond mortel : <\/strong>Une nouvelle analyse de ONE montre la <a href=\"https:\/\/www.one.org\/international\/aid-data\/oda-to-ukraine\/\">pression consid&eacute;rable<\/a> que la guerre en Ukraine exerce sur les budgets de l&rsquo;APD. Le co&ucirc;t d&rsquo;accueil des r&eacute;fugi&eacute;s, que les pays donateurs peuvent comptabiliser dans l&rsquo;aide, pourrait d&eacute;passer 42 milliards de dollars au niveau mondial en 2022 &ndash; soit l&rsquo;&eacute;quivalent de pr&egrave;s d&rsquo;un quart de l&rsquo;APD totale en 2021. Les budgets d&rsquo;aide ont plafonn&eacute; ces derni&egrave;res ann&eacute;es, malgr&eacute; l&rsquo;augmentation des besoins li&eacute;s &agrave; la pand&eacute;mie de COVID-19, au d&eacute;r&egrave;glement climatique et &agrave; la mont&eacute;e de l&rsquo;ins&eacute;curit&eacute; alimentaire. Si les pays donateurs n&rsquo;augmentent pas significativement leur APD, cela pourrait avoir des effets d&eacute;vastateurs sur d&rsquo;autres programmes indispensables pour sauver des vies et sur les pays dans le besoin.<\/p>\n<p><img decoding=\"async\" loading=\"lazy\" class=\"aligncenter size-full wp-image-160735\" src=\"https:\/\/cdn.one.org\/fr\/wp-content\/uploads\/2022\/07\/28155048\/Picture1.png\" alt=\"\" width=\"490\" height=\"314\"><\/p>\n<p><strong>AVIS DE RECHERCHE &ndash; S&eacute;curit&eacute; alimentaire : <\/strong>Alors qu&rsquo;un <a href=\"https:\/\/www.lemonde.fr\/international\/article\/2022\/07\/22\/l-ukraine-et-la-russie-signent-un-accord-avec-l-onu-et-la-turquie-pour-relancer-les-exportations-de-cereales_6135808_3210.html\">accord<\/a> entre l&rsquo;Ukraine, la Russie, l&rsquo;ONU et la Turquie a &eacute;t&eacute; sign&eacute; pour <a href=\"https:\/\/www.bloomberg.com\/news\/articles\/2022-07-26\/first-hurdle-for-ukraine-grain-deal-is-clearing-stuck-ships\">d&eacute;bloquer<\/a> les exportations de c&eacute;r&eacute;ales des ports d&rsquo;Ukraine, la prochaine &eacute;tape consiste &agrave; rassurer les assureurs que les bateaux pourront naviguer sans risque. Ce n&rsquo;est pas garanti : la Mer noire est truff&eacute;e de mines et l&rsquo;arm&eacute;e russe a <a href=\"https:\/\/www.rfi.fr\/fr\/afrique\/20220724-c%C3%A9r%C3%A9ales-ukrainiennes-les-espoirs-africains-douch%C3%A9s-apr%C3%A8s-le-bombardement-d-odessa\">bombard&eacute;<\/a> la ville portuaire d&rsquo;Odessa au lendemain de la signature de l&rsquo;accord. Pas moins de 100 navires et des millions de tonnes de c&eacute;r&eacute;ales sont bloqu&eacute;s en Ukraine depuis l&rsquo;invasion de la Russie, exacerbant les prix des denr&eacute;es alimentaires et la crise de la famine dans le monde. Pendant ce temps, dans une apparente amn&eacute;sie, le ministre russe des affaires &eacute;trang&egrave;res a tent&eacute; de <a href=\"https:\/\/www.nytimes.com\/live\/2022\/07\/24\/world\/ukraine-russia-war?smid=url-share#russias-top-diplomat-seeks-to-pin-blame-for-hunger-on-the-us-and-its-allies\">rejeter la responsabilit&eacute;<\/a> des p&eacute;nuries alimentaires sur l&rsquo;Occident lors d&rsquo;un voyage en &Eacute;gypte, &Eacute;thiopie, Ouganda et en R&eacute;publique du Congo, oubliant apparemment que son pays a pris pour cible des fermes, des installations de stockage de nourriture et des ports en Ukraine.<\/p>\n<p><strong>Un motif d&rsquo;inqui&eacute;tude : <\/strong>L&rsquo;OMS pr&eacute;voit qu&rsquo;il y aura plus de 27 000 cas de variole du singe dans 88 pays d&rsquo;ici le 2 ao&ucirc;t, le nombre de cas <a href=\"https:\/\/www.challenges.fr\/monde\/variole-du-singe-la-fenetre-pour-contenir-la-propagation-se-reduit_822439.amp\">doublant<\/a> toutes les deux semaines. La semaine derni&egrave;re, l&rsquo;OMS a <a href=\"https:\/\/www.who.int\/fr\/news\/item\/23-07-2022-second-meeting-of-the-international-health-regulations-(2005)-(ihr)-emergency-committee-regarding-the-multi-country-outbreak-of-monkeypox\">d&eacute;clar&eacute;<\/a> que la variole du singe constituait une urgence de sant&eacute; publique de port&eacute;e internationale. Il est particuli&egrave;rement inqui&eacute;tant de constater que la fa&ccedil;on dont la maladie se transmet n&rsquo;est pas enti&egrave;rement comprise. Alors que la concentration actuelle de cas (principalement en Europe) retient l&rsquo;attention de la communaut&eacute; internationale, l&rsquo;Afrique est confront&eacute;e &agrave; des &eacute;pid&eacute;mies de variole du singe <a href=\"https:\/\/www.bbc.com\/news\/health-62279436\">depuis les ann&eacute;es 1970<\/a>, sans que l&rsquo;on s&rsquo;en inqui&egrave;te vraiment. Certains experts ont <a href=\"https:\/\/twitter.com\/DrTomFrieden\/status\/1551283061333147649\">soulign&eacute;<\/a> l&rsquo;hypocrisie et le danger que repr&eacute;sente l&rsquo;ignorance autour de ces &eacute;pid&eacute;mies. D&rsquo;autres craignent que la <a href=\"https:\/\/www.bbc.com\/news\/health-62279436\">stigmatisation<\/a> emp&ecirc;che une r&eacute;ponse internationale, les hommes homosexuels ou bisexuels &eacute;tant tr&egrave;s majoritairement touch&eacute;s par l&rsquo;&eacute;pid&eacute;mie actuelle. Un vaccin existe, mais comme pour la pand&eacute;mie de COVID-19 (dont les cas sont &agrave; nouveau en hausse), l&rsquo;&eacute;galit&eacute; d&rsquo;acc&egrave;s <a href=\"https:\/\/www.nytimes.com\/2022\/07\/23\/health\/monkeypox-pandemic-who.html\">est vitale<\/a>. <a href=\"https:\/\/www.one.org\/africa\/issues\/covid-19-tracker\/explore-covid-response\/\">Cela vous rappelle quelque chose<\/a> ?<\/p>\n<p><strong>La folie des enl&egrave;vements :<\/strong> Les enl&egrave;vements contre ran&ccedil;on sont devenus une <a href=\"https:\/\/www.instagram.com\/tv\/CgbU5cSoHyy\/?igshid=YmMyMTA2M2Y%3D\">industrie lucrative<\/a> dans le nord du Nigeria, o&ugrave; pr&egrave;s d&rsquo;un million de personnes ont &eacute;t&eacute; d&eacute;plac&eacute;es dans l&rsquo;&Eacute;tat de Zamfara. Pas moins de 30 000 bandits participent au conflit intertribal entre Hausa et Fulani, qui a pour origine une lutte pour la terre et l&rsquo;eau. Des groupes utilisent &eacute;galement la violence pour exprimer <a href=\"https:\/\/www.vanguardngr.com\/2022\/07\/why-we-attack-rural-communities-bandits-reveal\/\">leurs d&eacute;saccords<\/a> &agrave; l&rsquo;encontre du gouvernement (l&rsquo;&Eacute;tat de Zamfara a le <a href=\"https:\/\/sphcn.ng\/\">pire syst&egrave;me<\/a> de sant&eacute; du Nigeria). Les enl&egrave;vements contre ran&ccedil;on contribuent &agrave; financer la violence : un gang a d&eacute;clar&eacute; avoir re&ccedil;u 60 millions de nairas (140 000 dollars) de ran&ccedil;on du gouvernement pour la lib&eacute;ration de pr&egrave;s de 300 &eacute;coli&egrave;res kidnapp&eacute;es, puis avoir utilis&eacute; cet argent pour acheter d&rsquo;autres armes. Le gouvernement de l&rsquo;&Eacute;tat de Zamfara ni&eacute; avoir pay&eacute; la ran&ccedil;on. Un chef de gang d&eacute;clare : <a href=\"https:\/\/www.instagram.com\/tv\/CgbU5cSoHyy\/?igshid=YmMyMTA2M2Y%3D\">&laquo; Je ne me souviens plus du nombre de personnes que j&rsquo;ai tu&eacute;es &raquo;<\/a>. La violence a entra&icirc;n&eacute; la fermeture des &eacute;coles, et le gouvernement de l&rsquo;&Eacute;tat exhorte les citoyens &agrave; porter des armes pour se d&eacute;fendre. Certaines preuves sugg&egrave;rent que les forces gouvernementales ont particip&eacute; &agrave; certaines des attaques.<\/p>\n<p><strong>Aide au SIDA :<\/strong> Le VIH\/sida est l&rsquo;une des <a href=\"https:\/\/www.unaids.org\/fr\/resources\/presscentre\/pressreleaseandstatementarchive\/2020\/march\/20200305_weve-got-the-power\">principales causes<\/a> de d&eacute;c&egrave;s des femmes en &acirc;ge de procr&eacute;er. En 2021, <a href=\"https:\/\/www.unaids.org\/fr\/resources\/presscentre\/pressreleaseandstatementarchive\/2022\/july\/20220727_global-aids-update\">38,4 millions<\/a> de personnes vivront avec le VIH\/sida dans le monde. La pand&eacute;mie de COVID-19 a entrav&eacute; le d&eacute;pistage et les traitements : en Afrique du Sud, l&rsquo;offre de tels services a <a href=\"https:\/\/www.forbes.com\/sites\/gaylesmith\/2022\/07\/25\/the-hivaids-battle-is-a-global-health-fight-that-we-can-win\/?sh=be4f840339d5\">chut&eacute; de 40 %<\/a> en 2021. Lors de la 24&egrave;me conf&eacute;rence internationale sur le sida (qui se tient cette semaine &agrave; Montr&eacute;al), les experts exhortent les dirigeants &agrave; r&eacute;pondre aux besoins de financement du Fonds mondial de lutte contre le sida, la tuberculose et le paludisme. Les &Eacute;tats-Unis se sont engag&eacute;s &agrave; verser 6 milliards de dollars sur les 18 milliards n&eacute;cessaires au cours des trois prochaines ann&eacute;es, mais cette somme doit &ecirc;tre approuv&eacute;e par le Congr&egrave;s et pourrait diminuer si d&rsquo;autres pays ne fournissent pas au moins deux tiers du total. Pour atteindre l&rsquo;objectif, la France, le Japon et l&rsquo;Allemagne doivent <a href=\"https:\/\/www.one.org\/fr\/press\/one-reagit-a-la-publication-des-chiffres-de-lonusida\/\">augmenter<\/a> leur contribution de 30 %. &#128200;<\/p>\n<p><strong>Le buzz des vaccins : <\/strong>Apr&egrave;s des d&eacute;cennies de recherche, un nouveau vaccin contre le paludisme est pr&ecirc;t &agrave; &ecirc;tre d&eacute;ploy&eacute;. Lors des essais, le Mosquirix a permis de <a href=\"https:\/\/thehill.com\/changing-america\/well-being\/prevention-cures\/3576246-malaria-vaccine-in-clinical-trials-could-reduce-deaths-by-75-percent\/https:\/thehill.com\/changing-america\/well-being\/prevention-cures\/3576246-malaria-vaccine-in-clinical-trials-could-reduce-deaths-by-75-percent\/\">r&eacute;duire<\/a> les cas de 39 % et les cas graves de 29 %. Mais il pourrait ne pas y en avoir assez pour tout le monde. GSK, le fabricant du vaccin, <a href=\"https:\/\/www.aljazeera.com\/news\/2022\/7\/21\/who-to-roll-out-malaria-vaccine-in-africa-as-coffers-for-it-dip\">ne peut produire<\/a> que 15 millions de doses par an jusqu&rsquo;en 2028, ce qui est loin des 80 &agrave; 100 millions de doses n&eacute;cessaires chaque ann&eacute;e. Le Ghana, le Kenya et le Malawi sont pr&ecirc;ts &agrave; <a href=\"https:\/\/www.bloomberg.com\/news\/articles\/2022-07-21\/african-countries-urged-to-apply-for-malaria-vaccine-funding#xj4y7vzkg\">recevoir<\/a> le premier d&eacute;ploiement de vaccins gr&acirc;ce &agrave; Gavi, l&rsquo;Alliance du Vaccin, et l&rsquo;OMS exhorte les autres pays africains &agrave; demander un financement sur une enveloppe de 160 millions de dollars. En 2020, pr&egrave;s de 500 000 enfants sont morts du paludisme en Afrique. Un autre vaccin antipalud&eacute;en, qui pourrait &ecirc;tre <a href=\"https:\/\/thehill.com\/changing-america\/well-being\/prevention-cures\/3576246-malaria-vaccine-in-clinical-trials-could-reduce-deaths-by-75-percent\/https:\/thehill.com\/changing-america\/well-being\/prevention-cures\/3576246-malaria-vaccine-in-clinical-trials-could-reduce-deaths-by-75-percent\/\">deux fois plus efficace<\/a> pour pr&eacute;venir le paludisme, arrive &agrave; la fin des essais de la phase 3.<\/p>\n<p><strong>En qu&ecirc;te de r&eacute;demption :<\/strong> Le pr&eacute;sident fran&ccedil;ais Emmanuel Macron tente <a href=\"https:\/\/www.france24.com\/fr\/france\/20220726-emmanuel-macron-est-arriv%C3%A9-au-cameroun-premi%C3%A8re-%C3%A9tape-d-une-tourn%C3%A9e-en-afrique\">d&rsquo;am&eacute;liorer<\/a> les relations entre la France et l&rsquo;Afrique lors de sa toute premi&egrave;re visite au Cameroun, au B&eacute;nin et en Guin&eacute;e-Bissau. Les crises alimentaire et &eacute;conomique <a href=\"https:\/\/www.rfi.fr\/fr\/afrique\/20220721-emmanuel-macron-en-visite-au-cameroun-au-b%C3%A9nin-et-en-guin%C3%A9e-bissau-la-semaine-prochaine\">croissantes<\/a>, ainsi que la s&eacute;curit&eacute; r&eacute;gionale figurent en t&ecirc;te de son agenda et les tensions de l&rsquo;&eacute;poque coloniale constituent la toile de fond de la visite. Emmanuel Macron a insist&eacute; sur le fait que la pr&eacute;sence militaire de la France en Afrique ne diminuerait pas malgr&eacute; le retrait de ses troupes du Mali. Mais les analystes ont <a href=\"https:\/\/www.lemonde.fr\/afrique\/article\/2022\/07\/25\/tournee-a-risque-au-cameroun-et-au-benin-pour-emmanuel-macron_6135999_3212.html\">alert&eacute;<\/a> sur le fait que la relation de la France avec le continent est &agrave; son niveau le plus bas.<\/p>\n<p><strong>L&rsquo;&Eacute;QUIPE DE ONE EN ACTION :&nbsp;<\/strong><\/p>\n<ul>\n<li>Nous avons pr&eacute;par&eacute; une liste d&rsquo;experts et d&rsquo;activistes faisant un travail extraordinaire sur la sant&eacute;, le climat, le genre et la justice &eacute;conomique.<a href=\"https:\/\/twitter.com\/David_McNair\/status\/1552322650617290752\"> Suivez-les ici<\/a>.<\/li>\n<li>ONE s&rsquo;est associ&eacute; &agrave; The Citizen pour &eacute;tudier comment le financement d&rsquo;urgence pour faire face aux impacts sanitaires et sociaux de la pand&eacute;mie de COVID-19 a permis <a href=\"https:\/\/www.thecitizen.co.tz\/tanzania\/news\/national\/how-education-sector-benefited-from-sh304-billion-covid-relief-fund-3890370\">d&rsquo;am&eacute;liorer l&rsquo;acc&egrave;s<\/a> &agrave; l&rsquo;&eacute;ducation, avec la construction de 15 000 salles de classe suppl&eacute;mentaires en Tanzanie.<\/li>\n<li>ONE et ses partenaires ont <a href=\"https:\/\/sphcn.ng\/\">analys&eacute;<\/a> la situation des syst&egrave;mes de sant&eacute; dans les 36 &Eacute;tats du Nigeria. SPOILER : ces derniers restent m&eacute;diocres dans de nombreux &Eacute;tats.<\/li>\n<li>David McNair, Directeur de l&rsquo;&eacute;quipe expertise de ONE, explique l&rsquo;impact de la <a href=\"https:\/\/twitter.com\/David_McNair\/status\/1552322650617290752?s=20&amp;t=1zkWWXRHS2AmNQU9qFt_KQ\">d&eacute;gradation<\/a> des pr&eacute;visions de l&rsquo;&eacute;conomie mondiale du FMI et les <a href=\"https:\/\/twitter.com\/David_McNair\/status\/1552540759739535360\">cons&eacute;quences<\/a> du voyage du ministre russe des Affaires &eacute;trang&egrave;res, Sergy Lavrov, en Afrique.<\/li>\n<li>Gayle Smith, PDG de ONE, explique <a href=\"https:\/\/www.forbes.com\/sites\/gaylesmith\/2022\/07\/25\/the-hivaids-battle-is-a-global-health-fight-that-we-can-win\/?sh=d86ff54339d5\">comment remporter<\/a> la lutte mondiale contre le VIH\/sida.<\/li>\n<\/ul>\n<p><strong>LES CHIFFRES :<\/strong><\/p>\n<ul>\n<li><strong><strong>100 millions de dollars <\/strong>ont &eacute;t&eacute; <a href=\"https:\/\/www.zonebourse.com\/actualite-bourse\/Le-principal-organisme-de-sante-publique-d-Afrique-recoit-100-millions-de-dollars-de-la-Banque-mondi--41053602\/\">allou&eacute;s<\/a> aux Centres africains de contr&ocirc;le et de pr&eacute;vention des maladies (Africa CDC) par la Banque Mondiale pour aider les pays &agrave; se pr&eacute;parer, d&eacute;tecter et r&eacute;agir aux crises sanitaires.<\/strong><\/li>\n<\/ul>\n<ul>\n<li><strong>42,6 %<\/strong> des financements <a href=\"https:\/\/fts.unocha.org\/countries\/206\/summary\/2022\">essentiels<\/a> pour faire face &agrave; la crise alimentaire en Somalie ont &eacute;t&eacute; fournis, laissant un manque s&rsquo;&eacute;levant &agrave; 836,8 millions de dollars, et ce <a href=\"https:\/\/twitter.com\/PowerUSAID\/status\/1551296696675700736\">malgr&eacute;<\/a> les 476 millions de dollars suppl&eacute;mentaires fournis par USAID.<\/li>\n<li><strong>86 millions :<\/strong> le nombre estim&eacute; de <a href=\"https:\/\/openknowledge.worldbank.org\/handle\/10986\/29461\">migrants climatiques<\/a> internes en Afrique subsaharienne d&rsquo;ici 2050, soit 4% de la population de la r&eacute;gion.<\/li>\n<\/ul>\n<h4><em><a href=\"https:\/\/www.one.org\/fr\/nos-combats\/ondes-de-choc\/\">Inscrivez-vous<\/a> pour recevoir Ondes de choc<span style=\"text-decoration: underline\">,<\/span> notre newsletter hebdomadaire pour suivre l&rsquo;impact r&eacute;el du COVID-19 en Afrique. Nous vous proposons des analyses pointues, succinctes et r&eacute;fl&eacute;chies de la part des experts de ONE.<\/em><\/h4>\n<div class=\"buffer\"><\/div>\n<div class=\"buffer\"><\/div>","protected":false},"excerpt":{"rendered":"<p>Cette semaine, dans Ondes de Choc : les cas de variole du singe doublent toutes les deux semaines, la violence augmente dans le nord du Nigeria, un nouveau vaccin contre le paludisme a &eacute;t&eacute; d&eacute;velopp&eacute;, et plus encore. ACTUALITES Plafond mortel : Une nouvelle analyse de ONE montre la pression consid&eacute;rable que la guerre en [&hellip;]<\/p>\n","protected":false},"author":0,"featured_media":162893,"comment_status":"open","ping_status":"open","sticky":false,"template":"","format":"standard","meta":{"_acf_changed":false,"_relevanssi_hide_post":"","_relevanssi_hide_content":"","_relevanssi_pin_for_all":"","_relevanssi_pin_keywords":"","_relevanssi_unpin_keywords":"","_relevanssi_related_keywords":"","_relevanssi_related_include_ids":"","_relevanssi_related_exclude_ids":"","_relevanssi_related_no_append":"","_relevanssi_related_not_related":"","_relevanssi_related_posts":"","_relevanssi_noindex_reason":"","footnotes":""},"categories":[91],"tags":[],"topic":[86],"contributor":[33],"one_content_audience":[],"one_content_type":[],"one_content_tone":[],"class_list":["post-162586","post","type-post","status-publish","format-standard","has-post-thumbnail","hentry","category-donnees","topic-ondes-de-choc","contributor-one-france"],"acf":[],"yoast_head":"<!-- This site is optimized with the Yoast SEO Premium plugin v27.1 (Yoast SEO v27.1.1) - https:\/\/yoast.com\/product\/yoast-seo-premium-wordpress\/ -->\n<title>\u00ab Je ne me souviens plus du nombre de personnes que j&#039;ai tu\u00e9es \u00bb - ONE.org France<\/title>\n<meta name=\"description\" content=\"Cette semaine, dans Ondes de Choc : la violence augmente dans le nord du Nigeria, les cas de variole du singe augmentent et plus encore...\" \/>\n<meta name=\"robots\" content=\"index, follow, max-snippet:-1, max-image-preview:large, max-video-preview:-1\" \/>\n<link rel=\"canonical\" href=\"https:\/\/www.one.org\/fr\/actualites\/je-ne-me-souviens-plus-du-nombre-de-personnes-que-jai-tuees\/\" \/>\n<meta property=\"og:locale\" content=\"fr_FR\" \/>\n<meta property=\"og:type\" content=\"article\" \/>\n<meta property=\"og:title\" content=\"\u00ab Je ne me souviens plus du nombre de personnes que j&#039;ai tu\u00e9es \u00bb\" \/>\n<meta property=\"og:description\" content=\"Cette semaine, dans Ondes de Choc : la violence augmente dans le nord du Nigeria, les cas de variole du singe augmentent et plus encore...\" \/>\n<meta property=\"og:url\" content=\"https:\/\/www.one.org\/fr\/actualites\/je-ne-me-souviens-plus-du-nombre-de-personnes-que-jai-tuees\/\" \/>\n<meta property=\"og:site_name\" content=\"ONE.org France\" \/>\n<meta property=\"article:publisher\" content=\"https:\/\/www.facebook.com\/ONE.Fr\" \/>\n<meta property=\"article:published_time\" content=\"2022-07-28T16:27:30+00:00\" \/>\n<meta property=\"article:modified_time\" content=\"2024-04-23T12:33:04+00:00\" \/>\n<meta property=\"og:image\" content=\"https:\/\/www.one.org\/fr\/wp-content\/uploads\/sites\/4\/2022\/07\/Aftershock_2021_FeaturedImage_1200x1200_en_4.jpg\" \/>\n\t<meta property=\"og:image:width\" content=\"1201\" \/>\n\t<meta property=\"og:image:height\" content=\"1201\" \/>\n\t<meta property=\"og:image:type\" content=\"image\/jpeg\" \/>\n<meta name=\"twitter:card\" content=\"summary_large_image\" \/>\n<meta name=\"twitter:creator\" content=\"@one_fr\" \/>\n<meta name=\"twitter:site\" content=\"@one_fr\" \/>\n<meta name=\"twitter:label1\" content=\"Est. reading time\" \/>\n\t<meta name=\"twitter:data1\" content=\"9 minutes\" \/>\n<script type=\"application\/ld+json\" class=\"yoast-schema-graph\">{\"@context\":\"https:\/\/schema.org\",\"@graph\":[{\"@type\":\"Article\",\"@id\":\"https:\/\/www.one.org\/fr\/actualites\/je-ne-me-souviens-plus-du-nombre-de-personnes-que-jai-tuees\/#article\",\"isPartOf\":{\"@id\":\"https:\/\/www.one.org\/fr\/actualites\/je-ne-me-souviens-plus-du-nombre-de-personnes-que-jai-tuees\/\"},\"author\":{\"name\":\"\",\"@id\":\"\"},\"headline\":\"\u00ab Je ne me souviens plus du nombre de personnes que j&#8217;ai tu\u00e9es \u00bb\",\"datePublished\":\"2022-07-28T16:27:30+00:00\",\"dateModified\":\"2024-04-23T12:33:04+00:00\",\"mainEntityOfPage\":{\"@id\":\"https:\/\/www.one.org\/fr\/actualites\/je-ne-me-souviens-plus-du-nombre-de-personnes-que-jai-tuees\/\"},\"wordCount\":1863,\"commentCount\":0,\"image\":{\"@id\":\"https:\/\/www.one.org\/fr\/actualites\/je-ne-me-souviens-plus-du-nombre-de-personnes-que-jai-tuees\/#primaryimage\"},\"thumbnailUrl\":\"https:\/\/www.one.org\/fr\/wp-content\/uploads\/sites\/4\/2022\/07\/Aftershock_2021_FeaturedImage_1200x1200_en_4.jpg\",\"articleSection\":[\"Donn\u00e9es\"],\"inLanguage\":\"fr-FR\",\"potentialAction\":[{\"@type\":\"CommentAction\",\"name\":\"Comment\",\"target\":[\"https:\/\/www.one.org\/fr\/actualites\/je-ne-me-souviens-plus-du-nombre-de-personnes-que-jai-tuees\/#respond\"]}]},{\"@type\":\"WebPage\",\"@id\":\"https:\/\/www.one.org\/fr\/actualites\/je-ne-me-souviens-plus-du-nombre-de-personnes-que-jai-tuees\/\",\"url\":\"https:\/\/www.one.org\/fr\/actualites\/je-ne-me-souviens-plus-du-nombre-de-personnes-que-jai-tuees\/\",\"name\":\"\u00ab Je ne me souviens plus du nombre de personnes que j'ai tu\u00e9es \u00bb - ONE.org France\",\"isPartOf\":{\"@id\":\"https:\/\/www.one.org\/fr\/#website\"},\"primaryImageOfPage\":{\"@id\":\"https:\/\/www.one.org\/fr\/actualites\/je-ne-me-souviens-plus-du-nombre-de-personnes-que-jai-tuees\/#primaryimage\"},\"image\":{\"@id\":\"https:\/\/www.one.org\/fr\/actualites\/je-ne-me-souviens-plus-du-nombre-de-personnes-que-jai-tuees\/#primaryimage\"},\"thumbnailUrl\":\"https:\/\/www.one.org\/fr\/wp-content\/uploads\/sites\/4\/2022\/07\/Aftershock_2021_FeaturedImage_1200x1200_en_4.jpg\",\"datePublished\":\"2022-07-28T16:27:30+00:00\",\"dateModified\":\"2024-04-23T12:33:04+00:00\",\"author\":{\"@id\":\"\"},\"description\":\"Cette semaine, dans Ondes de Choc : la violence augmente dans le nord du Nigeria, les cas de variole du singe augmentent et plus encore...\",\"breadcrumb\":{\"@id\":\"https:\/\/www.one.org\/fr\/actualites\/je-ne-me-souviens-plus-du-nombre-de-personnes-que-jai-tuees\/#breadcrumb\"},\"inLanguage\":\"fr-FR\",\"potentialAction\":[{\"@type\":\"ReadAction\",\"target\":[\"https:\/\/www.one.org\/fr\/actualites\/je-ne-me-souviens-plus-du-nombre-de-personnes-que-jai-tuees\/\"]}]},{\"@type\":\"ImageObject\",\"inLanguage\":\"fr-FR\",\"@id\":\"https:\/\/www.one.org\/fr\/actualites\/je-ne-me-souviens-plus-du-nombre-de-personnes-que-jai-tuees\/#primaryimage\",\"url\":\"https:\/\/www.one.org\/fr\/wp-content\/uploads\/sites\/4\/2022\/07\/Aftershock_2021_FeaturedImage_1200x1200_en_4.jpg\",\"contentUrl\":\"https:\/\/www.one.org\/fr\/wp-content\/uploads\/sites\/4\/2022\/07\/Aftershock_2021_FeaturedImage_1200x1200_en_4.jpg\",\"width\":1201,\"height\":1201},{\"@type\":\"BreadcrumbList\",\"@id\":\"https:\/\/www.one.org\/fr\/actualites\/je-ne-me-souviens-plus-du-nombre-de-personnes-que-jai-tuees\/#breadcrumb\",\"itemListElement\":[{\"@type\":\"ListItem\",\"position\":1,\"name\":\"Home\",\"item\":\"https:\/\/www.one.org\/fr\/\"},{\"@type\":\"ListItem\",\"position\":2,\"name\":\"\u00ab Je ne me souviens plus du nombre de personnes que j&#8217;ai tu\u00e9es \u00bb\"}]},{\"@type\":\"WebSite\",\"@id\":\"https:\/\/www.one.org\/fr\/#website\",\"url\":\"https:\/\/www.one.org\/fr\/\",\"name\":\"ONE.org\",\"description\":\"Cr\u00e9er des opportunit\u00e9s \u00e9conomiques et am\u00e9liorer la sant\u00e9 en Afrique\",\"potentialAction\":[{\"@type\":\"SearchAction\",\"target\":{\"@type\":\"EntryPoint\",\"urlTemplate\":\"https:\/\/www.one.org\/fr\/?s={search_term_string}\"},\"query-input\":{\"@type\":\"PropertyValueSpecification\",\"valueRequired\":true,\"valueName\":\"search_term_string\"}}],\"inLanguage\":\"fr-FR\"}]}<\/script>\n<!-- \/ Yoast SEO Premium plugin. -->","yoast_head_json":{"title":"\u00ab Je ne me souviens plus du nombre de personnes que j'ai tu\u00e9es \u00bb - ONE.org France","description":"Cette semaine, dans Ondes de Choc : la violence augmente dans le nord du Nigeria, les cas de variole du singe augmentent et plus encore...","robots":{"index":"index","follow":"follow","max-snippet":"max-snippet:-1","max-image-preview":"max-image-preview:large","max-video-preview":"max-video-preview:-1"},"canonical":"https:\/\/www.one.org\/fr\/actualites\/je-ne-me-souviens-plus-du-nombre-de-personnes-que-jai-tuees\/","og_locale":"fr_FR","og_type":"article","og_title":"\u00ab Je ne me souviens plus du nombre de personnes que j'ai tu\u00e9es \u00bb","og_description":"Cette semaine, dans Ondes de Choc : la violence augmente dans le nord du Nigeria, les cas de variole du singe augmentent et plus encore...","og_url":"https:\/\/www.one.org\/fr\/actualites\/je-ne-me-souviens-plus-du-nombre-de-personnes-que-jai-tuees\/","og_site_name":"ONE.org France","article_publisher":"https:\/\/www.facebook.com\/ONE.Fr","article_published_time":"2022-07-28T16:27:30+00:00","article_modified_time":"2024-04-23T12:33:04+00:00","og_image":[{"width":1201,"height":1201,"url":"https:\/\/www.one.org\/fr\/wp-content\/uploads\/sites\/4\/2022\/07\/Aftershock_2021_FeaturedImage_1200x1200_en_4.jpg","type":"image\/jpeg"}],"twitter_card":"summary_large_image","twitter_creator":"@one_fr","twitter_site":"@one_fr","twitter_misc":{"Est. reading time":"9 minutes"},"schema":{"@context":"https:\/\/schema.org","@graph":[{"@type":"Article","@id":"https:\/\/www.one.org\/fr\/actualites\/je-ne-me-souviens-plus-du-nombre-de-personnes-que-jai-tuees\/#article","isPartOf":{"@id":"https:\/\/www.one.org\/fr\/actualites\/je-ne-me-souviens-plus-du-nombre-de-personnes-que-jai-tuees\/"},"author":{"name":"","@id":""},"headline":"\u00ab Je ne me souviens plus du nombre de personnes que j&#8217;ai tu\u00e9es \u00bb","datePublished":"2022-07-28T16:27:30+00:00","dateModified":"2024-04-23T12:33:04+00:00","mainEntityOfPage":{"@id":"https:\/\/www.one.org\/fr\/actualites\/je-ne-me-souviens-plus-du-nombre-de-personnes-que-jai-tuees\/"},"wordCount":1863,"commentCount":0,"image":{"@id":"https:\/\/www.one.org\/fr\/actualites\/je-ne-me-souviens-plus-du-nombre-de-personnes-que-jai-tuees\/#primaryimage"},"thumbnailUrl":"https:\/\/www.one.org\/fr\/wp-content\/uploads\/sites\/4\/2022\/07\/Aftershock_2021_FeaturedImage_1200x1200_en_4.jpg","articleSection":["Donn\u00e9es"],"inLanguage":"fr-FR","potentialAction":[{"@type":"CommentAction","name":"Comment","target":["https:\/\/www.one.org\/fr\/actualites\/je-ne-me-souviens-plus-du-nombre-de-personnes-que-jai-tuees\/#respond"]}]},{"@type":"WebPage","@id":"https:\/\/www.one.org\/fr\/actualites\/je-ne-me-souviens-plus-du-nombre-de-personnes-que-jai-tuees\/","url":"https:\/\/www.one.org\/fr\/actualites\/je-ne-me-souviens-plus-du-nombre-de-personnes-que-jai-tuees\/","name":"\u00ab Je ne me souviens plus du nombre de personnes que j'ai tu\u00e9es \u00bb - ONE.org France","isPartOf":{"@id":"https:\/\/www.one.org\/fr\/#website"},"primaryImageOfPage":{"@id":"https:\/\/www.one.org\/fr\/actualites\/je-ne-me-souviens-plus-du-nombre-de-personnes-que-jai-tuees\/#primaryimage"},"image":{"@id":"https:\/\/www.one.org\/fr\/actualites\/je-ne-me-souviens-plus-du-nombre-de-personnes-que-jai-tuees\/#primaryimage"},"thumbnailUrl":"https:\/\/www.one.org\/fr\/wp-content\/uploads\/sites\/4\/2022\/07\/Aftershock_2021_FeaturedImage_1200x1200_en_4.jpg","datePublished":"2022-07-28T16:27:30+00:00","dateModified":"2024-04-23T12:33:04+00:00","author":{"@id":""},"description":"Cette semaine, dans Ondes de Choc : la violence augmente dans le nord du Nigeria, les cas de variole du singe augmentent et plus encore...","breadcrumb":{"@id":"https:\/\/www.one.org\/fr\/actualites\/je-ne-me-souviens-plus-du-nombre-de-personnes-que-jai-tuees\/#breadcrumb"},"inLanguage":"fr-FR","potentialAction":[{"@type":"ReadAction","target":["https:\/\/www.one.org\/fr\/actualites\/je-ne-me-souviens-plus-du-nombre-de-personnes-que-jai-tuees\/"]}]},{"@type":"ImageObject","inLanguage":"fr-FR","@id":"https:\/\/www.one.org\/fr\/actualites\/je-ne-me-souviens-plus-du-nombre-de-personnes-que-jai-tuees\/#primaryimage","url":"https:\/\/www.one.org\/fr\/wp-content\/uploads\/sites\/4\/2022\/07\/Aftershock_2021_FeaturedImage_1200x1200_en_4.jpg","contentUrl":"https:\/\/www.one.org\/fr\/wp-content\/uploads\/sites\/4\/2022\/07\/Aftershock_2021_FeaturedImage_1200x1200_en_4.jpg","width":1201,"height":1201},{"@type":"BreadcrumbList","@id":"https:\/\/www.one.org\/fr\/actualites\/je-ne-me-souviens-plus-du-nombre-de-personnes-que-jai-tuees\/#breadcrumb","itemListElement":[{"@type":"ListItem","position":1,"name":"Home","item":"https:\/\/www.one.org\/fr\/"},{"@type":"ListItem","position":2,"name":"\u00ab Je ne me souviens plus du nombre de personnes que j&#8217;ai tu\u00e9es \u00bb"}]},{"@type":"WebSite","@id":"https:\/\/www.one.org\/fr\/#website","url":"https:\/\/www.one.org\/fr\/","name":"ONE.org","description":"Cr\u00e9er des opportunit\u00e9s \u00e9conomiques et am\u00e9liorer la sant\u00e9 en Afrique","potentialAction":[{"@type":"SearchAction","target":{"@type":"EntryPoint","urlTemplate":"https:\/\/www.one.org\/fr\/?s={search_term_string}"},"query-input":{"@type":"PropertyValueSpecification","valueRequired":true,"valueName":"search_term_string"}}],"inLanguage":"fr-FR"}]}},"distributor_meta":false,"distributor_terms":false,"distributor_media":false,"distributor_original_site_name":"ONE.org France","distributor_original_site_url":"https:\/\/www.one.org\/fr","push-errors":false,"_links":{"self":[{"href":"https:\/\/www.one.org\/fr\/wp-json\/wp\/v2\/posts\/162586","targetHints":{"allow":["GET"]}}],"collection":[{"href":"https:\/\/www.one.org\/fr\/wp-json\/wp\/v2\/posts"}],"about":[{"href":"https:\/\/www.one.org\/fr\/wp-json\/wp\/v2\/types\/post"}],"replies":[{"embeddable":true,"href":"https:\/\/www.one.org\/fr\/wp-json\/wp\/v2\/comments?post=162586"}],"version-history":[{"count":0,"href":"https:\/\/www.one.org\/fr\/wp-json\/wp\/v2\/posts\/162586\/revisions"}],"wp:featuredmedia":[{"embeddable":true,"href":"https:\/\/www.one.org\/fr\/wp-json\/wp\/v2\/media\/162893"}],"wp:attachment":[{"href":"https:\/\/www.one.org\/fr\/wp-json\/wp\/v2\/media?parent=162586"}],"wp:term":[{"taxonomy":"category","embeddable":true,"href":"https:\/\/www.one.org\/fr\/wp-json\/wp\/v2\/categories?post=162586"},{"taxonomy":"post_tag","embeddable":true,"href":"https:\/\/www.one.org\/fr\/wp-json\/wp\/v2\/tags?post=162586"},{"taxonomy":"topic","embeddable":true,"href":"https:\/\/www.one.org\/fr\/wp-json\/wp\/v2\/topic?post=162586"},{"taxonomy":"contributor","embeddable":true,"href":"https:\/\/www.one.org\/fr\/wp-json\/wp\/v2\/contributor?post=162586"},{"taxonomy":"one_content_audience","embeddable":true,"href":"https:\/\/www.one.org\/fr\/wp-json\/wp\/v2\/one_content_audience?post=162586"},{"taxonomy":"one_content_type","embeddable":true,"href":"https:\/\/www.one.org\/fr\/wp-json\/wp\/v2\/one_content_type?post=162586"},{"taxonomy":"one_content_tone","embeddable":true,"href":"https:\/\/www.one.org\/fr\/wp-json\/wp\/v2\/one_content_tone?post=162586"}],"curies":[{"name":"wp","href":"https:\/\/api.w.org\/{rel}","templated":true}]}}