{"id":162584,"date":"2022-07-06T09:37:54","date_gmt":"2022-07-06T09:37:54","guid":{"rendered":"https:\/\/www.one.org\/fr\/generaction-les-10-meilleurs-moments-de-notre-tournee-en-europe\/"},"modified":"2024-04-23T12:33:07","modified_gmt":"2024-04-23T12:33:07","slug":"generaction-meilleurs-moments-2022","status":"publish","type":"post","link":"https:\/\/www.one.org\/fr\/actualites\/generaction-meilleurs-moments-2022\/","title":{"rendered":"G\u00e9n\u00e9rAction : Les 10 meilleurs moments de notre tourn\u00e9e en Europe"},"content":{"rendered":"<p>Nous n&rsquo;avons pas ch&ocirc;m&eacute; &agrave; ONE ces derniers mois. Alors que la crise climatique, la pand&eacute;mie, les conflits et leurs contrecoups &eacute;conomiques menacent notre avenir, nous refusons de sombrer dans le d&eacute;sespoir. A la place, nous avons d&eacute;cid&eacute; d&rsquo;agir avec le mouvement G&eacute;n&eacute;rAction, en demandant aux dirigeants et dirigeantes mondiaux de faire ce qu&rsquo;il faut pour s&rsquo;attaquer aux crises auxquelles nous sommes confront&eacute;s.<\/p>\n<p>Avec nos formidables jeunes Ambassadeurs et Ambassadrices, nous avons parcouru des dizaines de villes, o&ugrave; nous avons tenu des stands, particip&eacute; &agrave; des festivals et particip&eacute; &agrave; des d&eacute;fis ludiques et engag&eacute;s. Nous avons rencontr&eacute; des d&eacute;cideurs et d&eacute;cideuses politiques , mobilis&eacute; les membres de nos communaut&eacute;s et organis&eacute; des actions dans la rue pour faire parler de notre mouvement et de nos demandes. Nous avons collect&eacute; des milliers de cartes postales &agrave; remettre aux d&eacute;cideurs et d&eacute;cideuses avant le sommet du G7. Tout &ccedil;a, dans la bonne humeur !<\/p>\n<p>Notre tourn&eacute;e a &eacute;t&eacute; marqu&eacute;e par de nombreux moments forts, mais nous avons fait de notre mieux pour vous pr&eacute;senter nos pr&eacute;f&eacute;r&eacute;s. Voici notre top 10 :<\/p>\n<ul>\n<li><strong>Nous avons chant&eacute; avec des fans de foot &agrave; Turin<\/strong><\/li>\n<\/ul>\n<p>&Agrave; Turin, nous avons rencontr&eacute; des supporters du FC Barcelone qui assistaient &agrave; la finale de la Ligue des champions f&eacute;minine de l&rsquo;UEFA. Alors que la foule de supporters envahissait la ville en chantant, nous nous sommes joints &agrave; elle ! Des dizaines de fans ont &eacute;galement soutenu notre campagne en &eacute;crivant des cartes postales aux dirigeants du G7.<\/p>\n<p><a href=\"https:\/\/twitter.com\/ONEinItalia\/status\/1528019182440398849\">https:\/\/twitter.com\/ONEinItalia\/status\/1528019182440398849<\/a><\/p>\n<ul>\n<li><strong>Nos publicit&eacute;s ont &eacute;t&eacute; remarqu&eacute;es dans le m&eacute;tro londonien<\/strong><\/li>\n<\/ul>\n<p>Nous avons mis des affiches de pubs dans toute la station de m&eacute;tro Westminster, proche du Parlement britannique, pour que notre message soit directement visible pour les politiciennes et politiciens.<\/p>\n<p>Lors de nos rencontres avec les d&eacute;put&eacute;&middot;e&middot;s britanniques, nous avons pu constater l&rsquo;impact de notre action. Beaucoup nous ont dit qu&rsquo;ils et elles avaient vu nos publicit&eacute;s et un membre du gouvernement a m&ecirc;me d&eacute;clar&eacute; qu&rsquo;il nous avait entendu &ldquo;haut et fort&rdquo;. La preuve de l&rsquo;efficacit&eacute; de notre campagne publicitaire !<\/p>\n<p><img decoding=\"async\" loading=\"lazy\" class=\"aligncenter size-large wp-image-160018\" src=\"https:\/\/cdn.one.org\/fr\/wp-content\/uploads\/2022\/07\/06091346\/IMG_0887-640x480.jpg\" alt=\"\" width=\"593\" height=\"445\"> <a href=\"https:\/\/www.one.org\/fr\/wp-content\/uploads\/fr\/2022\/07\/IMG_8078.heic\"><img decoding=\"async\" class=\"aligncenter size-full wp-image-160019\" src=\"https:\/\/cdn.one.org\/fr\/wp-content\/uploads\/2022\/07\/06091407\/IMG_8078.heic\" alt=\"\"><\/a><\/p>\n<p>&nbsp;<\/p>\n<ul>\n<li><strong>Nous avons eu droit &agrave; une mention sp&eacute;ciale sur sc&egrave;ne lors d&rsquo;un festival en France<\/strong><\/li>\n<\/ul>\n<p>L&rsquo;&eacute;t&eacute; marque le d&eacute;but de la saison des festivals, et nous ne voulions pas &ecirc;tre en reste ! Au festival El Dorado, dans le sud de la France, les activistes de ONE ont rencontr&eacute; de nombreux artistes qui se produisaient sur sc&egrave;ne. Ils et elles ont sign&eacute; nos cartes postales et, cerise sur le g&acirc;teau, l&rsquo;un d&rsquo;entre eux, Will Barber, nous a m&ecirc;me mentionn&eacute;s publiquement pendant son concert !<\/p>\n<blockquote class=\"twitter-tweet\" data-width=\"550\" data-dnt=\"true\">\n<p lang=\"fr\" dir=\"ltr\">Dans le cadre de <a href=\"https:\/\/twitter.com\/hashtag\/GenerAction?src=hash&amp;ref_src=twsrc%5Etfw\">#GenerAction<\/a> les <a href=\"https:\/\/twitter.com\/hashtag\/ONEActivists?src=hash&amp;ref_src=twsrc%5Etfw\">#ONEActivists<\/a> rencontrent le public et les artistes du festival El Dorado pour interpeller <a href=\"https:\/\/twitter.com\/EmmanuelMacron?ref_src=twsrc%5Etfw\">@EmmanuelMacron<\/a> en lui demandant d&rsquo;agir contre les in&eacute;galit&eacute;s mondiales en amont du <a href=\"https:\/\/twitter.com\/hashtag\/G7?src=hash&amp;ref_src=twsrc%5Etfw\">#G7<\/a> <a href=\"https:\/\/t.co\/WxDApCeTpT\">pic.twitter.com\/WxDApCeTpT<\/a><\/p>\n<p>&mdash; ONE France (@ONE_Fr) <a href=\"https:\/\/twitter.com\/ONE_Fr\/status\/1533490167377436672?ref_src=twsrc%5Etfw\">June 5, 2022<\/a><\/p>\n<\/blockquote>\n<p>Au festival Solidays, les activistes de ONE ont rencontr&eacute; Anne Hidalgo, la maire de Paris, et ont &eacute;galement sensibilis&eacute; des centaines de personnes, dont beaucoup ont sign&eacute; notre p&eacute;tition avec enthousiasme. Et notre tourn&eacute;e n&rsquo;est pas encore termin&eacute;e en France, <a href=\"https:\/\/twitter.com\/ONE_Fr\/status\/1529774847949213696\">nous allons participer &agrave; d&rsquo;autres festivals en juillet<\/a>. Suivez-nous sur nos r&eacute;seaux sociaux !<\/p>\n<ul>\n<li><strong>Nous avons attir&eacute; l&rsquo;attention avec nos cartes postales g&eacute;antes<\/strong><\/li>\n<\/ul>\n<p>Quel est l&rsquo;un des meilleurs moyens de s&rsquo;assurer que votre message sera remarqu&eacute; ? L&rsquo;imprimer sur des cartes postales si grandes que les gens ne peuvent les ignorer ! Nous les avons transport&eacute;es dans les plus grandes villes d&rsquo;Europe, de la Tour Eiffel en France, au Parlement britannique &agrave; Londres, ainsi qu&rsquo;aux bureaux de nombreux d&eacute;cideurs et d&eacute;cideuses politiques. Elles ont m&ecirc;me fait un voyage &agrave; Ottawa, au Canada, et &agrave; la Maison Blanche, aux &Eacute;tats-Unis<\/p>\n<p><img decoding=\"async\" loading=\"lazy\" class=\"aligncenter wp-image-160020\" src=\"https:\/\/cdn.one.org\/fr\/wp-content\/uploads\/2022\/07\/06091647\/Generaction_blog_1080x1080-640x640.png\" alt=\"\" width=\"405\" height=\"405\"><\/p>\n<ul>\n<li><strong><strong>Nous nous sommes lanc&eacute;.e.s &agrave; la poursuite d&rsquo;une ministre allemande<\/strong><\/strong><\/li>\n<\/ul>\n<p>En mai, lorsque les ministres du G7 se sont r&eacute;uni.e.s en Allemagne, nous avons organis&eacute; une action devant le b&acirc;timent o&ugrave; se d&eacute;roulaient les discussions.<\/p>\n<p>Alors que nous terminions notre manifestation, nous avons aper&ccedil;u Svenja Schulze, la ministre allemande charg&eacute;e du D&eacute;veloppement. Nous avons couru vers elle pour pouvoir lui parler &ndash; tout en portant nos cartes postales g&eacute;antes. Par chance, nous avons pu la rencontrer et avons m&ecirc;me fini par prendre une photo avec elle et le ministre de la Sant&eacute; Karl Lauterbach.<\/p>\n<p><img decoding=\"async\" loading=\"lazy\" class=\"wp-image-160022\" src=\"https:\/\/cdn.one.org\/fr\/wp-content\/uploads\/2022\/07\/06092750\/2022-05-19-one-rotes-rathaus-284-640x427.jpg\" alt=\"\" width=\"434\" height=\"289\"><\/p>\n<ul>\n<li><strong>Nous avons jou&eacute; &agrave; &ldquo;Crush the Crises&rdquo; avec des membres du Parlement europ&eacute;en<\/strong><\/li>\n<\/ul>\n<p>A Bruxelles, nous avons invit&eacute; des membres du Parlement europ&eacute;en &agrave; &eacute;couter nos activistes et &agrave; jouer &agrave; &ldquo;Crush the Crises&rdquo;, notre jeu interactif. Les d&eacute;put&eacute;.e.s ont &eacute;t&eacute; tr&egrave;s comp&eacute;titifs et sont m&ecirc;me revenu.e.s pour v&eacute;rifier leur position dans le classement !<\/p>\n<p><a href=\"https:\/\/twitter.com\/ONEinEU\/status\/1537113387368435716\">https:\/\/twitter.com\/ONEinEU\/status\/1537113387368435716<\/a><\/p>\n<ul>\n<li><strong>Nous avons inspir&eacute; d&rsquo;autres jeunes<\/strong><\/li>\n<\/ul>\n<p>L&rsquo;une des meilleures choses qu&rsquo;une campagne puisse faire, c&rsquo;est d&rsquo;inspirer des communaut&eacute;s &agrave; se mobiliser. C&rsquo;&eacute;tait un &eacute;l&eacute;ment important de notre tourn&eacute;e, et nous avons pu rencontrer des personnes de tous horizons pour parler de notre campagne.<\/p>\n<p>Au Royaume-Uni, Anish Subramaniam, jeune activiste de ONE, s&rsquo;est m&ecirc;me adress&eacute; &agrave; une classe de jeunes &eacute;tudiants pour leur parler des probl&eacute;matiques mondiales et les inspirer &agrave; agir.<\/p>\n<p><a href=\"https:\/\/twitter.com\/ONEintheUK\/status\/1532324681461780481\">https:\/\/twitter.com\/ONEintheUK\/status\/1532324681461780481<\/a><\/p>\n<ul>\n<li><strong>Nous avons c&eacute;l&eacute;br&eacute; la Journ&eacute;e de l&rsquo;Afrique aux Pays-Bas&nbsp;<\/strong><\/li>\n<\/ul>\n<p>Les activistes de ONE ont particip&eacute; &agrave; la Journ&eacute;e mondiale de l&rsquo;Afrique &agrave; Amsterdam, le plus grand &eacute;v&eacute;nement public des Pays-Bas li&eacute; &agrave; l&rsquo;Afrique et &agrave; la coop&eacute;ration internationale. Ils et elles se sont &eacute;galement arr&ecirc;t&eacute;.e.s &agrave; La Haye et ont invit&eacute; les d&eacute;put&eacute;.e.s &agrave; d&eacute;guster une glace et &agrave; discuter de nos enjeux.<\/p>\n<p>Les d&eacute;put&eacute;.e.s &eacute;taient enthousiastes et ont soulign&eacute; la n&eacute;cessit&eacute; d&rsquo;une pression politique sur les questions de sant&eacute; mondiale. La pr&eacute;sidente de la Chambre, Vera Bergkamp, a &eacute;galement parl&eacute; de nous sur Instagram !<\/p>\n<blockquote class=\"instagram-media\" data-instgrm-captioned data-instgrm-permalink=\"https:\/\/www.instagram.com\/p\/Ceyg7LKo7fx\/?utm_source=ig_embed&amp;utm_campaign=loading\" data-instgrm-version=\"14\" style=\"background:#FFF;border:0;border-radius:3px;margin: 1px;max-width:593px;min-width:326px;padding:0;width:99.375%;width:-webkit-calc(100% - 2px);width:calc(100% - 2px)\">\n<div style=\"padding:16px\"> <a href=\"https:\/\/www.instagram.com\/p\/Ceyg7LKo7fx\/?utm_source=ig_embed&amp;utm_campaign=loading\" style=\"background:#FFFFFF;line-height:0;padding:0 0;text-align:center;text-decoration:none;width:100%\" target=\"_blank\" rel=\"noopener\"><\/p>\n<div style=\"flex-direction: row;align-items: center\">\n<div style=\"background-color: #F4F4F4;border-radius: 50%;flex-grow: 0;height: 40px;margin-right: 14px;width: 40px\"><\/div>\n<div style=\"flex-direction: column;flex-grow: 1;justify-content: center\">\n<div style=\"background-color: #F4F4F4;border-radius: 4px;flex-grow: 0;height: 14px;margin-bottom: 6px;width: 100px\"><\/div>\n<div style=\"background-color: #F4F4F4;border-radius: 4px;flex-grow: 0;height: 14px;width: 60px\"><\/div>\n<\/p><\/div>\n<\/p><\/div>\n<div style=\"padding: 19% 0\"><\/div>\n<div style=\"height:50px;margin:0 auto 12px;width:50px\"><\/div>\n<div style=\"padding-top: 8px\">\n<div style=\"color:#3897f0;font-family:Arial,sans-serif;font-size:14px;font-style:normal;font-weight:550;line-height:18px\">View this post on Instagram<\/div>\n<\/p><\/div>\n<div style=\"padding: 12.5% 0\"><\/div>\n<div style=\"flex-direction: row;margin-bottom: 14px;align-items: center\">\n<div>\n<div style=\"background-color: #F4F4F4;border-radius: 50%;height: 12.5px;width: 12.5px\"><\/div>\n<div style=\"background-color: #F4F4F4;height: 12.5px;width: 12.5px;flex-grow: 0;margin-right: 14px;margin-left: 2px\"><\/div>\n<div style=\"background-color: #F4F4F4;border-radius: 50%;height: 12.5px;width: 12.5px\"><\/div>\n<\/p><\/div>\n<div style=\"margin-left: 8px\">\n<div style=\"background-color: #F4F4F4;border-radius: 50%;flex-grow: 0;height: 20px;width: 20px\"><\/div>\n<div style=\"width: 0;height: 0;border-top: 2px solid transparent;border-left: 6px solid #f4f4f4;border-bottom: 2px solid transparent\"><\/div>\n<\/p><\/div>\n<div style=\"margin-left: auto\">\n<div style=\"width: 0px;border-top: 8px solid #F4F4F4;border-right: 8px solid transparent\"><\/div>\n<div style=\"background-color: #F4F4F4;flex-grow: 0;height: 12px;width: 16px\"><\/div>\n<div style=\"width: 0;height: 0;border-top: 8px solid #F4F4F4;border-left: 8px solid transparent\"><\/div>\n<\/p><\/div>\n<\/p><\/div>\n<div style=\"flex-direction: column;flex-grow: 1;justify-content: center;margin-bottom: 24px\">\n<div style=\"background-color: #F4F4F4;border-radius: 4px;flex-grow: 0;height: 14px;margin-bottom: 6px;width: 224px\"><\/div>\n<div style=\"background-color: #F4F4F4;border-radius: 4px;flex-grow: 0;height: 14px;width: 144px\"><\/div>\n<\/p><\/div>\n<p><\/a><\/p>\n<p style=\"color:#c9c8cd;font-family:Arial,sans-serif;font-size:14px;line-height:17px;margin-bottom:0;margin-top:8px;overflow:hidden;padding:8px 0 7px;text-align:center\"><a href=\"https:\/\/www.instagram.com\/p\/Ceyg7LKo7fx\/?utm_source=ig_embed&amp;utm_campaign=loading\" style=\"color:#c9c8cd;font-family:Arial,sans-serif;font-size:14px;font-style:normal;font-weight:normal;line-height:17px;text-decoration:none\" target=\"_blank\" rel=\"noopener\">A post shared by Vera Bergkamp (@verabergkamp)<\/a><\/p>\n<\/p><\/div>\n<\/blockquote>\n<ul>\n<li><strong><strong>Nous avons remis nos cartes postales aux dirigeants du G7&hellip; ou presque !<\/strong><\/strong><\/li>\n<\/ul>\n<p>Avant le sommet, nous avons remis nos cartes postales en personne aux repr&eacute;sentant.e.s de l&rsquo;UE, du Royaume-Uni et de l&rsquo;Allemagne au sein du G7, y compris Wolfgang Schmidt, le chef de cabinet de la chancellerie allemande ! Pour &ecirc;tre s&ucirc;r.e.s que les autres gouvernements du G7 ne manquent pas &agrave; l&rsquo;appel, nous nous sommes d&eacute;guis&eacute;.e.s en dirigeants du G7 et nous les avons &ldquo;livr&eacute;es&rdquo; pendant le sommet mondial.<\/p>\n<blockquote class=\"twitter-tweet\" data-width=\"550\" data-dnt=\"true\">\n<p lang=\"en\" dir=\"ltr\">Today is the start of the <a href=\"https:\/\/twitter.com\/hashtag\/G7?src=hash&amp;ref_src=twsrc%5Etfw\">#G7<\/a> summit in <a href=\"https:\/\/twitter.com\/hashtag\/Elmau?src=hash&amp;ref_src=twsrc%5Etfw\">#Elmau<\/a> , our <a href=\"https:\/\/twitter.com\/hashtag\/ONEActivists?src=hash&amp;ref_src=twsrc%5Etfw\">#ONEActivists<\/a> hand over our demands to the <a href=\"https:\/\/twitter.com\/G7?ref_src=twsrc%5Etfw\">@G7<\/a> leaders&#9993;&#65039; Will you implement them and make the world a fairer place? Or can we expect broken promises again?<\/p>\n<p> <a href=\"https:\/\/twitter.com\/hashtag\/GenerAction?src=hash&amp;ref_src=twsrc%5Etfw\">#GenerAction<\/a> &#9889;&#65039; <a href=\"https:\/\/twitter.com\/hashtag\/G7GER?src=hash&amp;ref_src=twsrc%5Etfw\">#G7GER<\/a> <a href=\"https:\/\/t.co\/iJaCnxFsT5\">https:\/\/t.co\/iJaCnxFsT5<\/a><\/p>\n<p>&mdash; ONE (@ONECampaign) <a href=\"https:\/\/twitter.com\/ONECampaign\/status\/1540974273170391041?ref_src=twsrc%5Etfw\">June 26, 2022<\/a><\/p>\n<\/blockquote>\n<ul>\n<li><strong>Nous avons projet&eacute; notre message sur un tremplin de ski pr&egrave;s du G7<\/strong><\/li>\n<\/ul>\n<p>Nous avons fait les choses en grand en projetant un message sur le tremplin olympique de saut &agrave; ski de Garmisch, pr&egrave;s du lieu o&ugrave; se tenait le sommet du G7. Nous voulions &ecirc;tre s&ucirc;r.e.s que notre message attirerait l&rsquo;attention pendant cette p&eacute;riode charg&eacute;e &ndash; et &ccedil;a march&eacute; ! Notre action a re&ccedil;u une large couverture m&eacute;diatique.<\/p>\n<blockquote class=\"twitter-tweet\" data-width=\"550\" data-dnt=\"true\">\n<p lang=\"de\" dir=\"ltr\">Werden die <a href=\"https:\/\/twitter.com\/G7?ref_src=twsrc%5Etfw\">@G7<\/a> den Absprung schaffen? &#9975;<\/p>\n<p>&#10145;&#65039; <a href=\"https:\/\/t.co\/DafCYQ7izs\">https:\/\/t.co\/DafCYQ7izs<\/a><a href=\"https:\/\/twitter.com\/hashtag\/G7GER?src=hash&amp;ref_src=twsrc%5Etfw\">#G7GER<\/a> <a href=\"https:\/\/t.co\/JOW4OXc980\">pic.twitter.com\/JOW4OXc980<\/a><\/p>\n<p>&mdash; ONEDeutschland (@ONEDeutschland) <a href=\"https:\/\/twitter.com\/ONEDeutschland\/status\/1540978298343276547?ref_src=twsrc%5Etfw\">June 26, 2022<\/a><\/p>\n<\/blockquote>\n<p><strong>Et maintenant ?&nbsp;<\/strong><\/p>\n<p>Les dirigeants du G7 viennent de conclure leur sommet de 2022 et, s&rsquo;ils ont fait preuve d&rsquo;une certaine ambition, ils n&rsquo;ont pas su relever le d&eacute;fi des crises auxquelles nous sommes confront&eacute;s. <a href=\"https:\/\/www.one.org\/fr\/press\/long-one-regrette-linaction-du-g7-alors-que-le-monde-entier-fait-face-a-de-multiples-crises\/\">Comme le d&eacute;clare Najat Vallaud-Belkacem<\/a>, Directrice de ONE en France : &ldquo;L&rsquo;incapacit&eacute; du G7 &agrave; fournir le leadership mondial n&eacute;cessaire pour faire face aux crises actuelles est un &eacute;chec collectif qui met en danger les populations du monde entier.&rdquo;<\/p>\n<p>Mais notre travail ne s&rsquo;arr&ecirc;te pas l&agrave;. Nous sommes extr&ecirc;mement reconnaissant.e.s pour tout le soutien que nous avons re&ccedil;u jusqu&rsquo;&agrave; pr&eacute;sent, et nous sommes d&rsquo;autant plus motiv&eacute;.e.s &agrave; continuer &agrave; faire campagne tout au long de l&rsquo;&eacute;t&eacute; et au-del&agrave;. Ensemble, nous pouvons r&eacute;&eacute;crire l&rsquo;avenir.<\/p>\n<p>Partagez ce blog en utilisant les boutons ci-dessous pour aider &agrave; relayer le message <strong>!<\/strong><\/p>\n<div class=\"buffer\"><\/div>\n<div class=\"buffer\"><\/div>","protected":false},"excerpt":{"rendered":"<p>Nous n&rsquo;avons pas ch&ocirc;m&eacute; &agrave; ONE ces derniers mois. Alors que la crise climatique, la pand&eacute;mie, les conflits et leurs contrecoups &eacute;conomiques menacent notre avenir, nous refusons de sombrer dans le d&eacute;sespoir. A la place, nous avons d&eacute;cid&eacute; d&rsquo;agir avec le mouvement G&eacute;n&eacute;rAction, en demandant aux dirigeants et dirigeantes mondiaux de faire ce qu&rsquo;il faut [&hellip;]<\/p>\n","protected":false},"author":0,"featured_media":162897,"comment_status":"open","ping_status":"open","sticky":false,"template":"","format":"standard","meta":{"_acf_changed":false,"_relevanssi_hide_post":"","_relevanssi_hide_content":"","_relevanssi_pin_for_all":"","_relevanssi_pin_keywords":"","_relevanssi_unpin_keywords":"","_relevanssi_related_keywords":"","_relevanssi_related_include_ids":"","_relevanssi_related_exclude_ids":"","_relevanssi_related_no_append":"","_relevanssi_related_not_related":"","_relevanssi_related_posts":"164801,164384,164396,163756,163706,163644","_relevanssi_noindex_reason":"","footnotes":""},"categories":[76,34],"tags":[],"topic":[48,47],"contributor":[44],"one_content_audience":[],"one_content_type":[],"one_content_tone":[],"class_list":["post-162584","post","type-post","status-publish","format-standard","has-post-thumbnail","hentry","category-campagnes","category-one","topic-jeunes-ambassadeurrices-de-one","topic-que-font-nos-membres","contributor-one"],"acf":[],"yoast_head":"<!-- This site is optimized with the Yoast SEO Premium plugin v27.1 (Yoast SEO v27.1.1) - https:\/\/yoast.com\/product\/yoast-seo-premium-wordpress\/ -->\n<title>G\u00e9n\u00e9rAction : Les 10 meilleurs moments de notre tourn\u00e9e en Europe - ONE.org France<\/title>\n<meta name=\"description\" content=\"Nos activistes ont fait le tour de certaines villes d&#039;Europe dans le cadre de notre campagne G\u00e9n\u00e9rAction. D\u00e9couvrez les moments forts.\" \/>\n<meta name=\"robots\" content=\"index, follow, max-snippet:-1, max-image-preview:large, max-video-preview:-1\" \/>\n<link rel=\"canonical\" href=\"https:\/\/www.one.org\/fr\/actualites\/generaction-meilleurs-moments-2022\/\" \/>\n<meta property=\"og:locale\" content=\"fr_FR\" \/>\n<meta property=\"og:type\" content=\"article\" \/>\n<meta property=\"og:title\" content=\"G\u00e9n\u00e9rAction : Les 10 meilleurs moments de notre tourn\u00e9e en Europe\" \/>\n<meta property=\"og:description\" content=\"Nos activistes ont fait le tour de certaines villes d&#039;Europe dans le cadre de notre campagne G\u00e9n\u00e9rAction. D\u00e9couvrez les moments forts.\" \/>\n<meta property=\"og:url\" content=\"https:\/\/www.one.org\/fr\/actualites\/generaction-meilleurs-moments-2022\/\" \/>\n<meta property=\"og:site_name\" content=\"ONE.org France\" \/>\n<meta property=\"article:publisher\" content=\"https:\/\/www.facebook.com\/ONE.Fr\" \/>\n<meta property=\"article:published_time\" content=\"2022-07-06T09:37:54+00:00\" \/>\n<meta property=\"article:modified_time\" content=\"2024-04-23T12:33:07+00:00\" \/>\n<meta property=\"og:image\" content=\"https:\/\/www.one.org\/fr\/wp-content\/uploads\/sites\/4\/2022\/07\/Generaction_blog_1080x1080-1.png\" \/>\n\t<meta property=\"og:image:width\" content=\"1080\" \/>\n\t<meta property=\"og:image:height\" content=\"1080\" \/>\n\t<meta property=\"og:image:type\" content=\"image\/png\" \/>\n<meta name=\"twitter:card\" content=\"summary_large_image\" \/>\n<meta name=\"twitter:creator\" content=\"@one_fr\" \/>\n<meta name=\"twitter:site\" content=\"@one_fr\" \/>\n<meta name=\"twitter:label1\" content=\"Est. reading time\" \/>\n\t<meta name=\"twitter:data1\" content=\"6 minutes\" \/>\n<script type=\"application\/ld+json\" class=\"yoast-schema-graph\">{\"@context\":\"https:\/\/schema.org\",\"@graph\":[{\"@type\":\"Article\",\"@id\":\"https:\/\/www.one.org\/fr\/actualites\/generaction-meilleurs-moments-2022\/#article\",\"isPartOf\":{\"@id\":\"https:\/\/www.one.org\/fr\/actualites\/generaction-meilleurs-moments-2022\/\"},\"author\":{\"name\":\"\",\"@id\":\"\"},\"headline\":\"G\u00e9n\u00e9rAction : Les 10 meilleurs moments de notre tourn\u00e9e en Europe\",\"datePublished\":\"2022-07-06T09:37:54+00:00\",\"dateModified\":\"2024-04-23T12:33:07+00:00\",\"mainEntityOfPage\":{\"@id\":\"https:\/\/www.one.org\/fr\/actualites\/generaction-meilleurs-moments-2022\/\"},\"wordCount\":1708,\"commentCount\":0,\"image\":{\"@id\":\"https:\/\/www.one.org\/fr\/actualites\/generaction-meilleurs-moments-2022\/#primaryimage\"},\"thumbnailUrl\":\"https:\/\/www.one.org\/fr\/wp-content\/uploads\/sites\/4\/2022\/07\/Generaction_blog_1080x1080-1.png\",\"articleSection\":[\"Campagnes\",\"ONE\"],\"inLanguage\":\"fr-FR\",\"potentialAction\":[{\"@type\":\"CommentAction\",\"name\":\"Comment\",\"target\":[\"https:\/\/www.one.org\/fr\/actualites\/generaction-meilleurs-moments-2022\/#respond\"]}]},{\"@type\":\"WebPage\",\"@id\":\"https:\/\/www.one.org\/fr\/actualites\/generaction-meilleurs-moments-2022\/\",\"url\":\"https:\/\/www.one.org\/fr\/actualites\/generaction-meilleurs-moments-2022\/\",\"name\":\"G\u00e9n\u00e9rAction : Les 10 meilleurs moments de notre tourn\u00e9e en Europe - ONE.org France\",\"isPartOf\":{\"@id\":\"https:\/\/www.one.org\/fr\/#website\"},\"primaryImageOfPage\":{\"@id\":\"https:\/\/www.one.org\/fr\/actualites\/generaction-meilleurs-moments-2022\/#primaryimage\"},\"image\":{\"@id\":\"https:\/\/www.one.org\/fr\/actualites\/generaction-meilleurs-moments-2022\/#primaryimage\"},\"thumbnailUrl\":\"https:\/\/www.one.org\/fr\/wp-content\/uploads\/sites\/4\/2022\/07\/Generaction_blog_1080x1080-1.png\",\"datePublished\":\"2022-07-06T09:37:54+00:00\",\"dateModified\":\"2024-04-23T12:33:07+00:00\",\"author\":{\"@id\":\"\"},\"description\":\"Nos activistes ont fait le tour de certaines villes d'Europe dans le cadre de notre campagne G\u00e9n\u00e9rAction. D\u00e9couvrez les moments forts.\",\"breadcrumb\":{\"@id\":\"https:\/\/www.one.org\/fr\/actualites\/generaction-meilleurs-moments-2022\/#breadcrumb\"},\"inLanguage\":\"fr-FR\",\"potentialAction\":[{\"@type\":\"ReadAction\",\"target\":[\"https:\/\/www.one.org\/fr\/actualites\/generaction-meilleurs-moments-2022\/\"]}]},{\"@type\":\"ImageObject\",\"inLanguage\":\"fr-FR\",\"@id\":\"https:\/\/www.one.org\/fr\/actualites\/generaction-meilleurs-moments-2022\/#primaryimage\",\"url\":\"https:\/\/www.one.org\/fr\/wp-content\/uploads\/sites\/4\/2022\/07\/Generaction_blog_1080x1080-1.png\",\"contentUrl\":\"https:\/\/www.one.org\/fr\/wp-content\/uploads\/sites\/4\/2022\/07\/Generaction_blog_1080x1080-1.png\",\"width\":1080,\"height\":1080},{\"@type\":\"BreadcrumbList\",\"@id\":\"https:\/\/www.one.org\/fr\/actualites\/generaction-meilleurs-moments-2022\/#breadcrumb\",\"itemListElement\":[{\"@type\":\"ListItem\",\"position\":1,\"name\":\"Home\",\"item\":\"https:\/\/www.one.org\/fr\/\"},{\"@type\":\"ListItem\",\"position\":2,\"name\":\"G\u00e9n\u00e9rAction : Les 10 meilleurs moments de notre tourn\u00e9e en Europe\"}]},{\"@type\":\"WebSite\",\"@id\":\"https:\/\/www.one.org\/fr\/#website\",\"url\":\"https:\/\/www.one.org\/fr\/\",\"name\":\"ONE.org\",\"description\":\"Cr\u00e9er des opportunit\u00e9s \u00e9conomiques et am\u00e9liorer la sant\u00e9 en Afrique\",\"potentialAction\":[{\"@type\":\"SearchAction\",\"target\":{\"@type\":\"EntryPoint\",\"urlTemplate\":\"https:\/\/www.one.org\/fr\/?s={search_term_string}\"},\"query-input\":{\"@type\":\"PropertyValueSpecification\",\"valueRequired\":true,\"valueName\":\"search_term_string\"}}],\"inLanguage\":\"fr-FR\"}]}<\/script>\n<!-- \/ Yoast SEO Premium plugin. -->","yoast_head_json":{"title":"G\u00e9n\u00e9rAction : Les 10 meilleurs moments de notre tourn\u00e9e en Europe - ONE.org France","description":"Nos activistes ont fait le tour de certaines villes d'Europe dans le cadre de notre campagne G\u00e9n\u00e9rAction. D\u00e9couvrez les moments forts.","robots":{"index":"index","follow":"follow","max-snippet":"max-snippet:-1","max-image-preview":"max-image-preview:large","max-video-preview":"max-video-preview:-1"},"canonical":"https:\/\/www.one.org\/fr\/actualites\/generaction-meilleurs-moments-2022\/","og_locale":"fr_FR","og_type":"article","og_title":"G\u00e9n\u00e9rAction : Les 10 meilleurs moments de notre tourn\u00e9e en Europe","og_description":"Nos activistes ont fait le tour de certaines villes d'Europe dans le cadre de notre campagne G\u00e9n\u00e9rAction. D\u00e9couvrez les moments forts.","og_url":"https:\/\/www.one.org\/fr\/actualites\/generaction-meilleurs-moments-2022\/","og_site_name":"ONE.org France","article_publisher":"https:\/\/www.facebook.com\/ONE.Fr","article_published_time":"2022-07-06T09:37:54+00:00","article_modified_time":"2024-04-23T12:33:07+00:00","og_image":[{"width":1080,"height":1080,"url":"https:\/\/www.one.org\/fr\/wp-content\/uploads\/sites\/4\/2022\/07\/Generaction_blog_1080x1080-1.png","type":"image\/png"}],"twitter_card":"summary_large_image","twitter_creator":"@one_fr","twitter_site":"@one_fr","twitter_misc":{"Est. reading time":"6 minutes"},"schema":{"@context":"https:\/\/schema.org","@graph":[{"@type":"Article","@id":"https:\/\/www.one.org\/fr\/actualites\/generaction-meilleurs-moments-2022\/#article","isPartOf":{"@id":"https:\/\/www.one.org\/fr\/actualites\/generaction-meilleurs-moments-2022\/"},"author":{"name":"","@id":""},"headline":"G\u00e9n\u00e9rAction : Les 10 meilleurs moments de notre tourn\u00e9e en Europe","datePublished":"2022-07-06T09:37:54+00:00","dateModified":"2024-04-23T12:33:07+00:00","mainEntityOfPage":{"@id":"https:\/\/www.one.org\/fr\/actualites\/generaction-meilleurs-moments-2022\/"},"wordCount":1708,"commentCount":0,"image":{"@id":"https:\/\/www.one.org\/fr\/actualites\/generaction-meilleurs-moments-2022\/#primaryimage"},"thumbnailUrl":"https:\/\/www.one.org\/fr\/wp-content\/uploads\/sites\/4\/2022\/07\/Generaction_blog_1080x1080-1.png","articleSection":["Campagnes","ONE"],"inLanguage":"fr-FR","potentialAction":[{"@type":"CommentAction","name":"Comment","target":["https:\/\/www.one.org\/fr\/actualites\/generaction-meilleurs-moments-2022\/#respond"]}]},{"@type":"WebPage","@id":"https:\/\/www.one.org\/fr\/actualites\/generaction-meilleurs-moments-2022\/","url":"https:\/\/www.one.org\/fr\/actualites\/generaction-meilleurs-moments-2022\/","name":"G\u00e9n\u00e9rAction : Les 10 meilleurs moments de notre tourn\u00e9e en Europe - ONE.org France","isPartOf":{"@id":"https:\/\/www.one.org\/fr\/#website"},"primaryImageOfPage":{"@id":"https:\/\/www.one.org\/fr\/actualites\/generaction-meilleurs-moments-2022\/#primaryimage"},"image":{"@id":"https:\/\/www.one.org\/fr\/actualites\/generaction-meilleurs-moments-2022\/#primaryimage"},"thumbnailUrl":"https:\/\/www.one.org\/fr\/wp-content\/uploads\/sites\/4\/2022\/07\/Generaction_blog_1080x1080-1.png","datePublished":"2022-07-06T09:37:54+00:00","dateModified":"2024-04-23T12:33:07+00:00","author":{"@id":""},"description":"Nos activistes ont fait le tour de certaines villes d'Europe dans le cadre de notre campagne G\u00e9n\u00e9rAction. D\u00e9couvrez les moments forts.","breadcrumb":{"@id":"https:\/\/www.one.org\/fr\/actualites\/generaction-meilleurs-moments-2022\/#breadcrumb"},"inLanguage":"fr-FR","potentialAction":[{"@type":"ReadAction","target":["https:\/\/www.one.org\/fr\/actualites\/generaction-meilleurs-moments-2022\/"]}]},{"@type":"ImageObject","inLanguage":"fr-FR","@id":"https:\/\/www.one.org\/fr\/actualites\/generaction-meilleurs-moments-2022\/#primaryimage","url":"https:\/\/www.one.org\/fr\/wp-content\/uploads\/sites\/4\/2022\/07\/Generaction_blog_1080x1080-1.png","contentUrl":"https:\/\/www.one.org\/fr\/wp-content\/uploads\/sites\/4\/2022\/07\/Generaction_blog_1080x1080-1.png","width":1080,"height":1080},{"@type":"BreadcrumbList","@id":"https:\/\/www.one.org\/fr\/actualites\/generaction-meilleurs-moments-2022\/#breadcrumb","itemListElement":[{"@type":"ListItem","position":1,"name":"Home","item":"https:\/\/www.one.org\/fr\/"},{"@type":"ListItem","position":2,"name":"G\u00e9n\u00e9rAction : Les 10 meilleurs moments de notre tourn\u00e9e en Europe"}]},{"@type":"WebSite","@id":"https:\/\/www.one.org\/fr\/#website","url":"https:\/\/www.one.org\/fr\/","name":"ONE.org","description":"Cr\u00e9er des opportunit\u00e9s \u00e9conomiques et am\u00e9liorer la sant\u00e9 en Afrique","potentialAction":[{"@type":"SearchAction","target":{"@type":"EntryPoint","urlTemplate":"https:\/\/www.one.org\/fr\/?s={search_term_string}"},"query-input":{"@type":"PropertyValueSpecification","valueRequired":true,"valueName":"search_term_string"}}],"inLanguage":"fr-FR"}]}},"distributor_meta":false,"distributor_terms":false,"distributor_media":false,"distributor_original_site_name":"ONE.org France","distributor_original_site_url":"https:\/\/www.one.org\/fr","push-errors":false,"_links":{"self":[{"href":"https:\/\/www.one.org\/fr\/wp-json\/wp\/v2\/posts\/162584","targetHints":{"allow":["GET"]}}],"collection":[{"href":"https:\/\/www.one.org\/fr\/wp-json\/wp\/v2\/posts"}],"about":[{"href":"https:\/\/www.one.org\/fr\/wp-json\/wp\/v2\/types\/post"}],"replies":[{"embeddable":true,"href":"https:\/\/www.one.org\/fr\/wp-json\/wp\/v2\/comments?post=162584"}],"version-history":[{"count":0,"href":"https:\/\/www.one.org\/fr\/wp-json\/wp\/v2\/posts\/162584\/revisions"}],"wp:featuredmedia":[{"embeddable":true,"href":"https:\/\/www.one.org\/fr\/wp-json\/wp\/v2\/media\/162897"}],"wp:attachment":[{"href":"https:\/\/www.one.org\/fr\/wp-json\/wp\/v2\/media?parent=162584"}],"wp:term":[{"taxonomy":"category","embeddable":true,"href":"https:\/\/www.one.org\/fr\/wp-json\/wp\/v2\/categories?post=162584"},{"taxonomy":"post_tag","embeddable":true,"href":"https:\/\/www.one.org\/fr\/wp-json\/wp\/v2\/tags?post=162584"},{"taxonomy":"topic","embeddable":true,"href":"https:\/\/www.one.org\/fr\/wp-json\/wp\/v2\/topic?post=162584"},{"taxonomy":"contributor","embeddable":true,"href":"https:\/\/www.one.org\/fr\/wp-json\/wp\/v2\/contributor?post=162584"},{"taxonomy":"one_content_audience","embeddable":true,"href":"https:\/\/www.one.org\/fr\/wp-json\/wp\/v2\/one_content_audience?post=162584"},{"taxonomy":"one_content_type","embeddable":true,"href":"https:\/\/www.one.org\/fr\/wp-json\/wp\/v2\/one_content_type?post=162584"},{"taxonomy":"one_content_tone","embeddable":true,"href":"https:\/\/www.one.org\/fr\/wp-json\/wp\/v2\/one_content_tone?post=162584"}],"curies":[{"name":"wp","href":"https:\/\/api.w.org\/{rel}","templated":true}]}}