{"id":162583,"date":"2022-07-01T09:28:11","date_gmt":"2022-07-01T09:28:11","guid":{"rendered":"https:\/\/www.one.org\/fr\/un-g7-a-la-montagne-mais-pas-a-la-hauteur\/"},"modified":"2024-04-23T12:33:09","modified_gmt":"2024-04-23T12:33:09","slug":"un-g7-a-la-montagne-mais-pas-a-la-hauteur","status":"publish","type":"post","link":"https:\/\/www.one.org\/fr\/actualites\/un-g7-a-la-montagne-mais-pas-a-la-hauteur\/","title":{"rendered":"Un G7 \u00e0 la montagne, mais pas \u00e0 la hauteur"},"content":{"rendered":"<p><em>Cette semaine<\/em><em>, dans Ondes de Choc :&nbsp;les r&eacute;sultats d&eacute;cevants du sommet du G7, la crise de l&rsquo;apprentissage au niveau mondial, et plus encore.<\/em><\/p>\n<h2>ACTUALITES<\/h2>\n<p><strong>Un tout petit sommet :<\/strong>&nbsp;Lors du sommet du G7, les dirigeants des sept pays occidentaux les plus riches n&rsquo;ont pas r&eacute;ussi &agrave; prendre les engagements ambitieux n&eacute;cessaires pour r&eacute;pondre de mani&egrave;re ad&eacute;quate &agrave; la convergence des crises, que sont les conflits, l&rsquo;ins&eacute;curit&eacute; alimentaire, le d&eacute;r&egrave;glement climatique et la pand&eacute;mie de COVID-19. Seuls 9 des 34&nbsp;<a href=\"https:\/\/act.one.org\/go\/160647?t=32&amp;utm_source=email&amp;utm_medium=email&amp;utm_campaign=covid19&amp;akid=151287%2E10316387%2ETQMpsz\" target=\"_blank\" rel=\"noopener\" data-saferedirecturl=\"https:\/\/www.google.com\/url?q=https:\/\/act.one.org\/go\/160647?t%3D32%26utm_source%3Demail%26utm_medium%3Demail%26utm_campaign%3Dcovid19%26akid%3D151287%252E10316387%252ETQMpsz&amp;source=gmail&amp;ust=1656751854981000&amp;usg=AOvVaw0r1IbjYsmR1VWBrFYF_qC9\">engagements pris<\/a>&nbsp;lors du sommet ont des objectifs mesurables et assortis d&rsquo;une &eacute;ch&eacute;ance , alors que de nombreux autres sont soit vagues, soit un recyclage d&rsquo;anciennes promesses. Alors que plus de 900 millions de personnes dans le monde manquent de nourriture et que l&rsquo;esp&eacute;rance de vie mondiale&nbsp;<a href=\"https:\/\/act.one.org\/go\/160711?t=33&amp;utm_source=email&amp;utm_medium=email&amp;utm_campaign=covid19&amp;akid=151287%2E10316387%2ETQMpsz\" target=\"_blank\" rel=\"noopener\" data-saferedirecturl=\"https:\/\/www.google.com\/url?q=https:\/\/act.one.org\/go\/160711?t%3D33%26utm_source%3Demail%26utm_medium%3Demail%26utm_campaign%3Dcovid19%26akid%3D151287%252E10316387%252ETQMpsz&amp;source=gmail&amp;ust=1656751854981000&amp;usg=AOvVaw03M3d9WeCOlzKvH1H-TlfM\">diminue<\/a>&nbsp;pour la premi&egrave;re fois depuis plus de 70 ans &agrave; cause de la pand&eacute;mie en cours, on&nbsp;<a href=\"https:\/\/act.one.org\/go\/160712?t=34&amp;utm_source=email&amp;utm_medium=email&amp;utm_campaign=covid19&amp;akid=151287%2E10316387%2ETQMpsz\" target=\"_blank\" rel=\"noopener\" data-saferedirecturl=\"https:\/\/www.google.com\/url?q=https:\/\/act.one.org\/go\/160712?t%3D34%26utm_source%3Demail%26utm_medium%3Demail%26utm_campaign%3Dcovid19%26akid%3D151287%252E10316387%252ETQMpsz&amp;source=gmail&amp;ust=1656751854982000&amp;usg=AOvVaw3lqO3qp17ehyfU9kXxVMxa\">attendait beaucoup mieux<\/a>&nbsp;de leur part.<\/p>\n<p><strong>Le diable se cache dans les d&eacute;tails :<\/strong>&nbsp;Lors du sommet, les dirigeants du G7 ont&nbsp;<a href=\"https:\/\/act.one.org\/go\/160713?t=35&amp;utm_source=email&amp;utm_medium=email&amp;utm_campaign=covid19&amp;akid=151287%2E10316387%2ETQMpsz\" target=\"_blank\" rel=\"noopener\" data-saferedirecturl=\"https:\/\/www.google.com\/url?q=https:\/\/act.one.org\/go\/160713?t%3D35%26utm_source%3Demail%26utm_medium%3Demail%26utm_campaign%3Dcovid19%26akid%3D151287%252E10316387%252ETQMpsz&amp;source=gmail&amp;ust=1656751854982000&amp;usg=AOvVaw2yjM2DsQ6oNTTHtKsl-_qL\">promis<\/a>&nbsp;600 milliards de dollars de financement d&rsquo;infrastructures pour l&rsquo;Afrique et l&rsquo;Asie afin de&nbsp;<a href=\"https:\/\/act.one.org\/go\/160713?t=36&amp;utm_source=email&amp;utm_medium=email&amp;utm_campaign=covid19&amp;akid=151287%2E10316387%2ETQMpsz\" target=\"_blank\" rel=\"noopener\" data-saferedirecturl=\"https:\/\/www.google.com\/url?q=https:\/\/act.one.org\/go\/160713?t%3D36%26utm_source%3Demail%26utm_medium%3Demail%26utm_campaign%3Dcovid19%26akid%3D151287%252E10316387%252ETQMpsz&amp;source=gmail&amp;ust=1656751854982000&amp;usg=AOvVaw1JXa-JiGEPe1JAaur4UPNR\">contrer l&rsquo;initiative<\/a>&nbsp;&laquo; Belt and Road &raquo; de la Chine. Mais plus de la moiti&eacute; de ce montant n&rsquo;est pas nouveau : il comprend notamment les 300 milliards d&rsquo;euros promis par l&rsquo;UE l&rsquo;ann&eacute;e derni&egrave;re dans le cadre de son initiative &laquo; Global Gateway &raquo;. Les &Eacute;tats-Unis se sont&nbsp;<a href=\"https:\/\/act.one.org\/go\/160652?t=37&amp;utm_source=email&amp;utm_medium=email&amp;utm_campaign=covid19&amp;akid=151287%2E10316387%2ETQMpsz\" target=\"_blank\" rel=\"noopener\" data-saferedirecturl=\"https:\/\/www.google.com\/url?q=https:\/\/act.one.org\/go\/160652?t%3D37%26utm_source%3Demail%26utm_medium%3Demail%26utm_campaign%3Dcovid19%26akid%3D151287%252E10316387%252ETQMpsz&amp;source=gmail&amp;ust=1656751854982000&amp;usg=AOvVaw0aPF_-ANtaXIQ5BJhVs9I2\">engag&eacute;s<\/a>&nbsp;&agrave; verser 200 milliards de dollars, bien que la majorit&eacute; de cette somme semble reposer sur la mobilisation de capitaux priv&eacute;s. Les analystes ont g&eacute;n&eacute;reusement qualifi&eacute; le plan &laquo;&nbsp;<a href=\"https:\/\/act.one.org\/go\/160654?t=38&amp;utm_source=email&amp;utm_medium=email&amp;utm_campaign=covid19&amp;akid=151287%2E10316387%2ETQMpsz\" target=\"_blank\" rel=\"noopener\" data-saferedirecturl=\"https:\/\/www.google.com\/url?q=https:\/\/act.one.org\/go\/160654?t%3D38%26utm_source%3Demail%26utm_medium%3Demail%26utm_campaign%3Dcovid19%26akid%3D151287%252E10316387%252ETQMpsz&amp;source=gmail&amp;ust=1656751854982000&amp;usg=AOvVaw1TuGPExoUlhB-45cqqsAuy\">d&rsquo;aspirationnel<\/a>&nbsp;&raquo;. L&rsquo;annonce comprend 3,3 millions de dollars pour&nbsp;<a href=\"https:\/\/act.one.org\/go\/160655?t=39&amp;utm_source=email&amp;utm_medium=email&amp;utm_campaign=covid19&amp;akid=151287%2E10316387%2ETQMpsz\" target=\"_blank\" rel=\"noopener\" data-saferedirecturl=\"https:\/\/www.google.com\/url?q=https:\/\/act.one.org\/go\/160655?t%3D39%26utm_source%3Demail%26utm_medium%3Demail%26utm_campaign%3Dcovid19%26akid%3D151287%252E10316387%252ETQMpsz&amp;source=gmail&amp;ust=1656751854982000&amp;usg=AOvVaw25UGFZVUE0zEYcWA36O2zb\">soutenir<\/a>&nbsp;le d&eacute;veloppement d&rsquo;une usine de fabrication de vaccins au S&eacute;n&eacute;gal.<\/p>\n<p><strong>Priorit&eacute; &agrave; l&rsquo;avenir :<\/strong>&nbsp;Suite &agrave; une demande du G20, la Banque mondiale devrait&nbsp;<a href=\"https:\/\/act.one.org\/go\/160656?t=40&amp;utm_source=email&amp;utm_medium=email&amp;utm_campaign=covid19&amp;akid=151287%2E10316387%2ETQMpsz\" target=\"_blank\" rel=\"noopener\" data-saferedirecturl=\"https:\/\/www.google.com\/url?q=https:\/\/act.one.org\/go\/160656?t%3D40%26utm_source%3Demail%26utm_medium%3Demail%26utm_campaign%3Dcovid19%26akid%3D151287%252E10316387%252ETQMpsz&amp;source=gmail&amp;ust=1656751854982000&amp;usg=AOvVaw2QQ0MGQomDOQ96EzVyibwY\">acc&eacute;l&eacute;rer<\/a>&nbsp;la mise en place d&rsquo;un fonds interm&eacute;diaire financier (FIF) pour aider les pays &agrave; revenu faible et interm&eacute;diaire &agrave; se pr&eacute;parer aux futures pand&eacute;mies. Le FIF agirait en tant&nbsp;<a href=\"https:\/\/act.one.org\/go\/160656?t=41&amp;utm_source=email&amp;utm_medium=email&amp;utm_campaign=covid19&amp;akid=151287%2E10316387%2ETQMpsz\" target=\"_blank\" rel=\"noopener\" data-saferedirecturl=\"https:\/\/www.google.com\/url?q=https:\/\/act.one.org\/go\/160656?t%3D41%26utm_source%3Demail%26utm_medium%3Demail%26utm_campaign%3Dcovid19%26akid%3D151287%252E10316387%252ETQMpsz&amp;source=gmail&amp;ust=1656751854982000&amp;usg=AOvVaw2SWF3IPRcKPTwTQP0F42fz\">qu&rsquo;interm&eacute;diaire<\/a>, supervisant les allocations de fonds pour aider &agrave; atteindre les 10,5 milliards de dollars de financements annuels n&eacute;cessaires &agrave; la pr&eacute;paration aux pand&eacute;mies. Jusqu&rsquo;&agrave; pr&eacute;sent, 1,1 milliard de dollars ont &eacute;t&eacute; promis. Parall&egrave;lement, la Banque Africaine de D&eacute;veloppement a&nbsp;<a href=\"https:\/\/act.one.org\/go\/160714?t=42&amp;utm_source=email&amp;utm_medium=email&amp;utm_campaign=covid19&amp;akid=151287%2E10316387%2ETQMpsz\" target=\"_blank\" rel=\"noopener\" data-saferedirecturl=\"https:\/\/www.google.com\/url?q=https:\/\/act.one.org\/go\/160714?t%3D42%26utm_source%3Demail%26utm_medium%3Demail%26utm_campaign%3Dcovid19%26akid%3D151287%252E10316387%252ETQMpsz&amp;source=gmail&amp;ust=1656751854982000&amp;usg=AOvVaw1T0gE96OVGH0Pc1hSi8OjJ\">approuv&eacute;<\/a>&nbsp;la cr&eacute;ation de la Fondation Africaine pour la Technologie Pharmaceutique, dont le but est d&rsquo;accro&icirc;tre l&rsquo;acc&egrave;s de l&rsquo;Afrique aux traitements, vaccins et tests gr&acirc;ce &agrave; la production locale. L&rsquo;Afrique importe actuellement plus de 70 % de ses m&eacute;dicaments.<\/p>\n<p><strong>Apprentissage en crise :<\/strong>&nbsp;La pand&eacute;mie a&nbsp;<a href=\"https:\/\/act.one.org\/go\/160658?t=43&amp;utm_source=email&amp;utm_medium=email&amp;utm_campaign=covid19&amp;akid=151287%2E10316387%2ETQMpsz\" target=\"_blank\" rel=\"noopener\" data-saferedirecturl=\"https:\/\/www.google.com\/url?q=https:\/\/act.one.org\/go\/160658?t%3D43%26utm_source%3Demail%26utm_medium%3Demail%26utm_campaign%3Dcovid19%26akid%3D151287%252E10316387%252ETQMpsz&amp;source=gmail&amp;ust=1656751854982000&amp;usg=AOvVaw0i4lIfybXeV7mCbUQlrYQB\">exacerb&eacute;<\/a>&nbsp;la crise mondiale de l&rsquo;apprentissage : 70 % des enfants de 10 ans des pays &agrave; revenu faible ou interm&eacute;diaire sont incapables de lire et de comprendre un texte simple. Ce taux s&rsquo;&eacute;levait d&eacute;j&agrave; &agrave; 57 % avant la pand&eacute;mie. Tous les progr&egrave;s r&eacute;alis&eacute;s en mati&egrave;re d&rsquo;&eacute;ducation dans les pays &agrave; revenu faible ou interm&eacute;diaire depuis 2000 ont &eacute;t&eacute; an&eacute;antis du fait de l&rsquo;&eacute;pid&eacute;mie de Covid-19. Les experts pr&eacute;viennent que les pays les plus touch&eacute;s&nbsp;<a href=\"https:\/\/act.one.org\/go\/160659?t=44&amp;utm_source=email&amp;utm_medium=email&amp;utm_campaign=covid19&amp;akid=151287%2E10316387%2ETQMpsz\" target=\"_blank\" rel=\"noopener\" data-saferedirecturl=\"https:\/\/www.google.com\/url?q=https:\/\/act.one.org\/go\/160659?t%3D44%26utm_source%3Demail%26utm_medium%3Demail%26utm_campaign%3Dcovid19%26akid%3D151287%252E10316387%252ETQMpsz&amp;source=gmail&amp;ust=1656751854982000&amp;usg=AOvVaw2J_2DeWhTOmzrBVkBOQOF9\">risquent<\/a>&nbsp;de ne jamais se remettre compl&egrave;tement des impacts &eacute;conomiques et sociaux engendr&eacute;s. Deux tiers des pays les plus pauvres ont&nbsp;<a href=\"https:\/\/act.one.org\/go\/160659?t=45&amp;utm_source=email&amp;utm_medium=email&amp;utm_campaign=covid19&amp;akid=151287%2E10316387%2ETQMpsz\" target=\"_blank\" rel=\"noopener\" data-saferedirecturl=\"https:\/\/www.google.com\/url?q=https:\/\/act.one.org\/go\/160659?t%3D45%26utm_source%3Demail%26utm_medium%3Demail%26utm_campaign%3Dcovid19%26akid%3D151287%252E10316387%252ETQMpsz&amp;source=gmail&amp;ust=1656751854982000&amp;usg=AOvVaw0JcwMDgsOWuhEJDfrZXGc8\">r&eacute;duit<\/a>&nbsp;leurs d&eacute;penses d&rsquo;&eacute;ducation pendant la pand&eacute;mie, et l&rsquo;aide au d&eacute;veloppement soutenant l&rsquo;&eacute;ducation a quant &agrave; elle stagn&eacute;.<\/p>\n<p><strong>Changement strat&eacute;gique :<\/strong>&nbsp;Le premier&nbsp;<a href=\"https:\/\/act.one.org\/go\/160682?t=46&amp;utm_source=email&amp;utm_medium=email&amp;utm_campaign=covid19&amp;akid=151287%2E10316387%2ETQMpsz\" target=\"_blank\" rel=\"noopener\" data-saferedirecturl=\"https:\/\/www.google.com\/url?q=https:\/\/act.one.org\/go\/160682?t%3D46%26utm_source%3Demail%26utm_medium%3Demail%26utm_campaign%3Dcovid19%26akid%3D151287%252E10316387%252ETQMpsz&amp;source=gmail&amp;ust=1656751854982000&amp;usg=AOvVaw3sMC0R_o4WckNWR4kaw2CI\">envoy&eacute; sp&eacute;cial<\/a>&nbsp;de la Chine dans la Corne de l&rsquo;Afrique a propos&eacute; de servir de m&eacute;diateur pour les conflits et les litiges dans la r&eacute;gion. L&rsquo;accent a &eacute;t&eacute; mis sur le conflit &eacute;thiopien du Tigr&eacute;, le Premier ministre Abiy Ahmed ayant signal&eacute; la volont&eacute; du gouvernement de mettre fin &agrave; la guerre en cours. C&rsquo;est la premi&egrave;re fois que la Chine se positionne pour jouer un r&ocirc;le plus diplomatique dans la r&eacute;gion, bien que la protection de ses investissements puisse &ecirc;tre un facteur d&eacute;terminant. L&rsquo;&Eacute;thiopie n&rsquo;a pas accept&eacute; les offres de n&eacute;gociation &eacute;manant de parties ext&eacute;rieures.<\/p>\n<p><strong>Garde la p&ecirc;che :<\/strong>&nbsp;Il a fallu 20 ans pour que l&rsquo;OMC parvienne&nbsp;<a href=\"https:\/\/act.one.org\/go\/160660?t=47&amp;utm_source=email&amp;utm_medium=email&amp;utm_campaign=covid19&amp;akid=151287%2E10316387%2ETQMpsz\" target=\"_blank\" rel=\"noopener\" data-saferedirecturl=\"https:\/\/www.google.com\/url?q=https:\/\/act.one.org\/go\/160660?t%3D47%26utm_source%3Demail%26utm_medium%3Demail%26utm_campaign%3Dcovid19%26akid%3D151287%252E10316387%252ETQMpsz&amp;source=gmail&amp;ust=1656751854982000&amp;usg=AOvVaw3zBSgV19zq6LmSTLeB7bbV\">enfin<\/a>&nbsp;&agrave; un accord pour limiter la surp&ecirc;che. Le cadre mondial limite certaines subventions n&eacute;fastes qui, selon les experts, ont entra&icirc;n&eacute; des dommages environnementaux importants. Mais les d&eacute;fenseurs des droits humains affirment que l&rsquo;exclusion de certaines des subventions les plus n&eacute;fastes laisse des lacunes dans le cadre qui limiteront son impact. Il n&rsquo;existe pas non plus de m&eacute;canismes d&rsquo;application clairs. En Sierra Leone, le poisson est la&nbsp;<a href=\"https:\/\/act.one.org\/go\/160661?t=48&amp;utm_source=email&amp;utm_medium=email&amp;utm_campaign=covid19&amp;akid=151287%2E10316387%2ETQMpsz\" target=\"_blank\" rel=\"noopener\" data-saferedirecturl=\"https:\/\/www.google.com\/url?q=https:\/\/act.one.org\/go\/160661?t%3D48%26utm_source%3Demail%26utm_medium%3Demail%26utm_campaign%3Dcovid19%26akid%3D151287%252E10316387%252ETQMpsz&amp;source=gmail&amp;ust=1656751854982000&amp;usg=AOvVaw3HZMFgrAcjPUkUtn4FV43I\">principale source de prot&eacute;ine<\/a>&nbsp;pour 80 % de la population, mais la surp&ecirc;che, notamment par des bateaux &eacute;trangers, a &eacute;puis&eacute; les r&eacute;serves alimentaires et endett&eacute; les p&ecirc;cheurs locaux.<\/p>\n<p><strong>Dettes en cascade :<\/strong>&nbsp;Selon l&rsquo;&eacute;conomiste en chef de la Banque mondiale, un plus grand nombre de pays &agrave; revenu faible ou interm&eacute;diaire risquent de se retrouver en situation de&nbsp;<a href=\"https:\/\/act.one.org\/go\/160662?t=49&amp;utm_source=email&amp;utm_medium=email&amp;utm_campaign=covid19&amp;akid=151287%2E10316387%2ETQMpsz\" target=\"_blank\" rel=\"noopener\" data-saferedirecturl=\"https:\/\/www.google.com\/url?q=https:\/\/act.one.org\/go\/160662?t%3D49%26utm_source%3Demail%26utm_medium%3Demail%26utm_campaign%3Dcovid19%26akid%3D151287%252E10316387%252ETQMpsz&amp;source=gmail&amp;ust=1656751854982000&amp;usg=AOvVaw0KWQBNaaohypg6mtuKKfL0\">surendettement<\/a>&nbsp;&agrave; mesure que les taux d&rsquo;int&eacute;r&ecirc;t mondiaux augmentent. Le resserrement de la politique mon&eacute;taire am&eacute;ricaine&nbsp;<a href=\"https:\/\/act.one.org\/go\/160663?t=50&amp;utm_source=email&amp;utm_medium=email&amp;utm_campaign=covid19&amp;akid=151287%2E10316387%2ETQMpsz\" target=\"_blank\" rel=\"noopener\" data-saferedirecturl=\"https:\/\/www.google.com\/url?q=https:\/\/act.one.org\/go\/160663?t%3D50%26utm_source%3Demail%26utm_medium%3Demail%26utm_campaign%3Dcovid19%26akid%3D151287%252E10316387%252ETQMpsz&amp;source=gmail&amp;ust=1656751854982000&amp;usg=AOvVaw2OwL7e1Dv1I2ZevktB0SAx\">r&eacute;duit l&rsquo;acc&egrave;s<\/a>&nbsp;des pays &agrave; revenu faible ou interm&eacute;diaire aux capitaux et risque d&rsquo;augmenter leur taux d&rsquo;inflation. Un dollar am&eacute;ricain fort d&eacute;pr&eacute;cie la croissance du commerce mondial et rend la dette en dollars am&eacute;ricains plus ch&egrave;re pour les pays emprunteurs, ce qui affecte ensuite leurs notations de cr&eacute;dit. Cela aura &eacute;galement un impact sur la Chine, qui est un pr&ecirc;teur important pour les pays en d&eacute;veloppement.<\/p>\n<p><strong>Le co&ucirc;t de l&rsquo;inaction :<\/strong>&nbsp;Au moins&nbsp;<a href=\"https:\/\/act.one.org\/go\/160715?t=51&amp;utm_source=email&amp;utm_medium=email&amp;utm_campaign=covid19&amp;akid=151287%2E10316387%2ETQMpsz\" target=\"_blank\" rel=\"noopener\" data-saferedirecturl=\"https:\/\/www.google.com\/url?q=https:\/\/act.one.org\/go\/160715?t%3D51%26utm_source%3Demail%26utm_medium%3Demail%26utm_campaign%3Dcovid19%26akid%3D151287%252E10316387%252ETQMpsz&amp;source=gmail&amp;ust=1656751854982000&amp;usg=AOvVaw25P6bovlkNHLNlEAtqZQEf\">23 migrants ont p&eacute;ri alors que 2 000 personnes<\/a>&nbsp;tentaient de passer du Maroc &agrave; l&rsquo;Espagne. Selon des groupes de d&eacute;fense des droits humains, les agents frontaliers auraient&nbsp;<a href=\"https:\/\/act.one.org\/go\/160715?t=52&amp;utm_source=email&amp;utm_medium=email&amp;utm_campaign=covid19&amp;akid=151287%2E10316387%2ETQMpsz\" target=\"_blank\" rel=\"noopener\" data-saferedirecturl=\"https:\/\/www.google.com\/url?q=https:\/\/act.one.org\/go\/160715?t%3D52%26utm_source%3Demail%26utm_medium%3Demail%26utm_campaign%3Dcovid19%26akid%3D151287%252E10316387%252ETQMpsz&amp;source=gmail&amp;ust=1656751854982000&amp;usg=AOvVaw2eHpc48-rWdJ4Uy-bLx-H6\">laiss&eacute;<\/a>&nbsp;les victimes sans soins pendant plusieurs heures. Le pr&eacute;sident de la Commission de l&rsquo;Union africaine, Moussa Faki Mahamat, a&nbsp;<a href=\"https:\/\/act.one.org\/go\/160715?t=53&amp;utm_source=email&amp;utm_medium=email&amp;utm_campaign=covid19&amp;akid=151287%2E10316387%2ETQMpsz\" target=\"_blank\" rel=\"noopener\" data-saferedirecturl=\"https:\/\/www.google.com\/url?q=https:\/\/act.one.org\/go\/160715?t%3D53%26utm_source%3Demail%26utm_medium%3Demail%26utm_campaign%3Dcovid19%26akid%3D151287%252E10316387%252ETQMpsz&amp;source=gmail&amp;ust=1656751854982000&amp;usg=AOvVaw2r1rCQqNaxHnKNqCad8iv4\">demand&eacute;<\/a>&nbsp;&agrave; l&rsquo;ONU d&rsquo;enqu&ecirc;ter. En 2021,&nbsp;<a href=\"https:\/\/act.one.org\/go\/160716?t=54&amp;utm_source=email&amp;utm_medium=email&amp;utm_campaign=covid19&amp;akid=151287%2E10316387%2ETQMpsz\" target=\"_blank\" rel=\"noopener\" data-saferedirecturl=\"https:\/\/www.google.com\/url?q=https:\/\/act.one.org\/go\/160716?t%3D54%26utm_source%3Demail%26utm_medium%3Demail%26utm_campaign%3Dcovid19%26akid%3D151287%252E10316387%252ETQMpsz&amp;source=gmail&amp;ust=1656751854982000&amp;usg=AOvVaw0L7oKMWEc9JmPohpx4OonE\">pr&egrave;s de 70 %<\/a>&nbsp;des r&eacute;fugi&eacute;s provenaient de pays touch&eacute;s par la famine. Les experts pr&eacute;viennent que les crises actuelles vont encore&nbsp;<a href=\"https:\/\/act.one.org\/go\/160717?t=55&amp;utm_source=email&amp;utm_medium=email&amp;utm_campaign=covid19&amp;akid=151287%2E10316387%2ETQMpsz\" target=\"_blank\" rel=\"noopener\" data-saferedirecturl=\"https:\/\/www.google.com\/url?q=https:\/\/act.one.org\/go\/160717?t%3D55%26utm_source%3Demail%26utm_medium%3Demail%26utm_campaign%3Dcovid19%26akid%3D151287%252E10316387%252ETQMpsz&amp;source=gmail&amp;ust=1656751854982000&amp;usg=AOvVaw2P82mBzyN9gSGge2cnrNhW\">accro&icirc;tre<\/a>&nbsp;les souffrances et le nombre de personnes d&eacute;plac&eacute;es dans le monde.<\/p>\n<h2>L&rsquo;&Eacute;QUIPE DE ONE EN ACTION :<\/h2>\n<ul>\n<li>Najat Vallaud Belkacem, Directrice G&eacute;n&eacute;rale de ONE France,&nbsp;<a href=\"https:\/\/act.one.org\/go\/160718?t=56&amp;utm_source=email&amp;utm_medium=email&amp;utm_campaign=covid19&amp;akid=151287%2E10316387%2ETQMpsz\" target=\"_blank\" rel=\"noopener\" data-saferedirecturl=\"https:\/\/www.google.com\/url?q=https:\/\/act.one.org\/go\/160718?t%3D56%26utm_source%3Demail%26utm_medium%3Demail%26utm_campaign%3Dcovid19%26akid%3D151287%252E10316387%252ETQMpsz&amp;source=gmail&amp;ust=1656751854982000&amp;usg=AOvVaw05ZNc_tOS213HST7oi3X1s\">expliquait devant les cam&eacute;ras de France24<\/a>&nbsp;ce que l&rsquo;on attendait des dirigeants du G7 pour le Sommet.<\/li>\n<li>L&rsquo;analyse de ONE sur la&nbsp;<a href=\"https:\/\/act.one.org\/go\/160359?t=57&amp;utm_source=email&amp;utm_medium=email&amp;utm_campaign=covid19&amp;akid=151287%2E10316387%2ETQMpsz\" target=\"_blank\" rel=\"noopener\" data-saferedirecturl=\"https:\/\/www.google.com\/url?q=https:\/\/act.one.org\/go\/160359?t%3D57%26utm_source%3Demail%26utm_medium%3Demail%26utm_campaign%3Dcovid19%26akid%3D151287%252E10316387%252ETQMpsz&amp;source=gmail&amp;ust=1656751854982000&amp;usg=AOvVaw0YamFA8keUkT0y9Ml8dfNS\">baisse de l&rsquo;esp&eacute;rance de vie<\/a>&nbsp;mondiale pendant la pand&eacute;mie est pr&eacute;sent&eacute;e dans&nbsp;<a href=\"https:\/\/act.one.org\/go\/160670?t=58&amp;utm_source=email&amp;utm_medium=email&amp;utm_campaign=covid19&amp;akid=151287%2E10316387%2ETQMpsz\" target=\"_blank\" rel=\"noopener\" data-saferedirecturl=\"https:\/\/www.google.com\/url?q=https:\/\/act.one.org\/go\/160670?t%3D58%26utm_source%3Demail%26utm_medium%3Demail%26utm_campaign%3Dcovid19%26akid%3D151287%252E10316387%252ETQMpsz&amp;source=gmail&amp;ust=1656751854982000&amp;usg=AOvVaw2tuLDN26zWKmDfQak-KK5U\">Bloomberg<\/a>&nbsp;et dans une tribune de Najat Vallaud-Belkacem pour&nbsp;<a href=\"https:\/\/act.one.org\/go\/160719?t=59&amp;utm_source=email&amp;utm_medium=email&amp;utm_campaign=covid19&amp;akid=151287%2E10316387%2ETQMpsz\" target=\"_blank\" rel=\"noopener\" data-saferedirecturl=\"https:\/\/www.google.com\/url?q=https:\/\/act.one.org\/go\/160719?t%3D59%26utm_source%3Demail%26utm_medium%3Demail%26utm_campaign%3Dcovid19%26akid%3D151287%252E10316387%252ETQMpsz&amp;source=gmail&amp;ust=1656751854982000&amp;usg=AOvVaw1RfItvtqbvyNXYFhpHPIWR\">L&rsquo;Obs.<\/a><\/li>\n<li>Les b&eacute;n&eacute;voles de ONE &eacute;taient pr&eacute;sents&nbsp;<a href=\"https:\/\/act.one.org\/go\/160720?t=60&amp;utm_source=email&amp;utm_medium=email&amp;utm_campaign=covid19&amp;akid=151287%2E10316387%2ETQMpsz\" target=\"_blank\" rel=\"noopener\" data-saferedirecturl=\"https:\/\/www.google.com\/url?q=https:\/\/act.one.org\/go\/160720?t%3D60%26utm_source%3Demail%26utm_medium%3Demail%26utm_campaign%3Dcovid19%26akid%3D151287%252E10316387%252ETQMpsz&amp;source=gmail&amp;ust=1656751854982000&amp;usg=AOvVaw02Q-uSOpsvfBI71faVKIZ_\">aux Solidays<\/a>&nbsp;&agrave; Paris pour sensibiliser les festivaliers &agrave; la lutte contre le sida, la tuberculose et le paludisme.<\/li>\n<li>ONE fait don des v&ecirc;tements upcycl&eacute;s de la campagne &laquo; Inversons la Tendance &raquo;, orchestr&eacute;e en f&eacute;vrier pour sensibiliser les politiques &agrave; l&rsquo;extr&ecirc;me pauvret&eacute;, gr&acirc;ce &agrave; un partenariat nou&eacute; pour un mois avec&nbsp;<a href=\"https:\/\/act.one.org\/go\/160721?t=61&amp;utm_source=email&amp;utm_medium=email&amp;utm_campaign=covid19&amp;akid=151287%2E10316387%2ETQMpsz\" target=\"_blank\" rel=\"noopener\" data-saferedirecturl=\"https:\/\/www.google.com\/url?q=https:\/\/act.one.org\/go\/160721?t%3D61%26utm_source%3Demail%26utm_medium%3Demail%26utm_campaign%3Dcovid19%26akid%3D151287%252E10316387%252ETQMpsz&amp;source=gmail&amp;ust=1656751854982000&amp;usg=AOvVaw33c3GFhybDf6v6rHA1QeSF\">Leboncoin<\/a>.<\/li>\n<\/ul>\n<h2>LES CHIFFRES :<\/h2>\n<ul>\n<li><strong>4,5 milliards de dollars :<\/strong>&nbsp;l&rsquo;engagement financier du sommet du G7 en faveur de la s&eacute;curit&eacute; alimentaire, ce qui repr&eacute;sente&nbsp;<a href=\"https:\/\/act.one.org\/go\/160672?t=62&amp;utm_source=email&amp;utm_medium=email&amp;utm_campaign=covid19&amp;akid=151287%2E10316387%2ETQMpsz\" target=\"_blank\" rel=\"noopener\" data-saferedirecturl=\"https:\/\/www.google.com\/url?q=https:\/\/act.one.org\/go\/160672?t%3D62%26utm_source%3Demail%26utm_medium%3Demail%26utm_campaign%3Dcovid19%26akid%3D151287%252E10316387%252ETQMpsz&amp;source=gmail&amp;ust=1656751854982000&amp;usg=AOvVaw2fn0dbCVMt8EdxqmSHPjKF\">moins d&rsquo;un quart<\/a>&nbsp;de ce dont le Programme Alimentaire Mondial a besoin pour faire face &agrave; la crise alimentaire actuelle.<\/li>\n<li><strong>600 000 :<\/strong>&nbsp;le nombre estim&eacute; de&nbsp;<a href=\"https:\/\/act.one.org\/go\/160673?t=63&amp;utm_source=email&amp;utm_medium=email&amp;utm_campaign=covid19&amp;akid=151287%2E10316387%2ETQMpsz\" target=\"_blank\" rel=\"noopener\" data-saferedirecturl=\"https:\/\/www.google.com\/url?q=https:\/\/act.one.org\/go\/160673?t%3D63%26utm_source%3Demail%26utm_medium%3Demail%26utm_campaign%3Dcovid19%26akid%3D151287%252E10316387%252ETQMpsz&amp;source=gmail&amp;ust=1656751854982000&amp;usg=AOvVaw1a7IGKLSy0N2Y3DYDd5w3i\">vies perdues<\/a>&nbsp;&agrave; cause de l&rsquo;in&eacute;galit&eacute; d&rsquo;acc&egrave;s aux vaccins d&rsquo;ici &agrave; la fin 2021, selon une nouvelle &eacute;tude.<\/li>\n<\/ul>\n<div class=\"buffer\"><\/div>","protected":false},"excerpt":{"rendered":"<p>Cette semaine, dans Ondes de Choc :&nbsp;les r&eacute;sultats d&eacute;cevants du sommet du G7, la crise de l&rsquo;apprentissage au niveau mondial, et plus encore. ACTUALITES Un tout petit sommet :&nbsp;Lors du sommet du G7, les dirigeants des sept pays occidentaux les plus riches n&rsquo;ont pas r&eacute;ussi &agrave; prendre les engagements ambitieux n&eacute;cessaires pour r&eacute;pondre de mani&egrave;re [&hellip;]<\/p>\n","protected":false},"author":0,"featured_media":162899,"comment_status":"open","ping_status":"open","sticky":false,"template":"","format":"standard","meta":{"_acf_changed":false,"_relevanssi_hide_post":"","_relevanssi_hide_content":"","_relevanssi_pin_for_all":"","_relevanssi_pin_keywords":"","_relevanssi_unpin_keywords":"","_relevanssi_related_keywords":"","_relevanssi_related_include_ids":"","_relevanssi_related_exclude_ids":"","_relevanssi_related_no_append":"","_relevanssi_related_not_related":"","_relevanssi_related_posts":"","_relevanssi_noindex_reason":"","footnotes":""},"categories":[68],"tags":[],"topic":[86],"contributor":[33],"one_content_audience":[],"one_content_type":[],"one_content_tone":[],"class_list":["post-162583","post","type-post","status-publish","format-standard","has-post-thumbnail","hentry","category-analyse","topic-ondes-de-choc","contributor-one-france"],"acf":[],"yoast_head":"<!-- This site is optimized with the Yoast SEO Premium plugin v27.1 (Yoast SEO v27.1.1) - https:\/\/yoast.com\/product\/yoast-seo-premium-wordpress\/ -->\n<title>Un G7 \u00e0 la montagne, mais pas \u00e0 la hauteur - ONE.org France<\/title>\n<meta name=\"description\" content=\"Dans la newsletter Ondes de choc : les r\u00e9sultats d\u00e9cevants du sommet du G7, la crise de l\u2019apprentissage au niveau mondial, et plus encore.\" \/>\n<meta name=\"robots\" content=\"index, follow, max-snippet:-1, max-image-preview:large, max-video-preview:-1\" \/>\n<link rel=\"canonical\" href=\"https:\/\/www.one.org\/fr\/actualites\/un-g7-a-la-montagne-mais-pas-a-la-hauteur\/\" \/>\n<meta property=\"og:locale\" content=\"fr_FR\" \/>\n<meta property=\"og:type\" content=\"article\" \/>\n<meta property=\"og:title\" content=\"Un G7 \u00e0 la montagne, mais pas \u00e0 la hauteur\" \/>\n<meta property=\"og:description\" content=\"Dans la newsletter Ondes de choc : les r\u00e9sultats d\u00e9cevants du sommet du G7, la crise de l\u2019apprentissage au niveau mondial, et plus encore.\" \/>\n<meta property=\"og:url\" content=\"https:\/\/www.one.org\/fr\/actualites\/un-g7-a-la-montagne-mais-pas-a-la-hauteur\/\" \/>\n<meta property=\"og:site_name\" content=\"ONE.org France\" \/>\n<meta property=\"article:publisher\" content=\"https:\/\/www.facebook.com\/ONE.Fr\" \/>\n<meta property=\"article:published_time\" content=\"2022-07-01T09:28:11+00:00\" \/>\n<meta property=\"article:modified_time\" content=\"2024-04-23T12:33:09+00:00\" \/>\n<meta property=\"og:image\" content=\"https:\/\/www.one.org\/fr\/wp-content\/uploads\/sites\/4\/2022\/07\/Aftershock_2021_FeaturedImage_1200x1200_en_006.jpg\" \/>\n\t<meta property=\"og:image:width\" content=\"1201\" \/>\n\t<meta property=\"og:image:height\" content=\"1201\" \/>\n\t<meta property=\"og:image:type\" content=\"image\/jpeg\" \/>\n<meta name=\"twitter:card\" content=\"summary_large_image\" \/>\n<meta name=\"twitter:creator\" content=\"@one_fr\" \/>\n<meta name=\"twitter:site\" content=\"@one_fr\" \/>\n<meta name=\"twitter:label1\" content=\"Est. reading time\" \/>\n\t<meta name=\"twitter:data1\" content=\"8 minutes\" \/>\n<script type=\"application\/ld+json\" class=\"yoast-schema-graph\">{\"@context\":\"https:\/\/schema.org\",\"@graph\":[{\"@type\":\"Article\",\"@id\":\"https:\/\/www.one.org\/fr\/actualites\/un-g7-a-la-montagne-mais-pas-a-la-hauteur\/#article\",\"isPartOf\":{\"@id\":\"https:\/\/www.one.org\/fr\/actualites\/un-g7-a-la-montagne-mais-pas-a-la-hauteur\/\"},\"author\":{\"name\":\"\",\"@id\":\"\"},\"headline\":\"Un G7 \u00e0 la montagne, mais pas \u00e0 la hauteur\",\"datePublished\":\"2022-07-01T09:28:11+00:00\",\"dateModified\":\"2024-04-23T12:33:09+00:00\",\"mainEntityOfPage\":{\"@id\":\"https:\/\/www.one.org\/fr\/actualites\/un-g7-a-la-montagne-mais-pas-a-la-hauteur\/\"},\"wordCount\":1597,\"commentCount\":0,\"image\":{\"@id\":\"https:\/\/www.one.org\/fr\/actualites\/un-g7-a-la-montagne-mais-pas-a-la-hauteur\/#primaryimage\"},\"thumbnailUrl\":\"https:\/\/www.one.org\/fr\/wp-content\/uploads\/sites\/4\/2022\/07\/Aftershock_2021_FeaturedImage_1200x1200_en_006.jpg\",\"articleSection\":[\"Analyse\"],\"inLanguage\":\"fr-FR\",\"potentialAction\":[{\"@type\":\"CommentAction\",\"name\":\"Comment\",\"target\":[\"https:\/\/www.one.org\/fr\/actualites\/un-g7-a-la-montagne-mais-pas-a-la-hauteur\/#respond\"]}]},{\"@type\":\"WebPage\",\"@id\":\"https:\/\/www.one.org\/fr\/actualites\/un-g7-a-la-montagne-mais-pas-a-la-hauteur\/\",\"url\":\"https:\/\/www.one.org\/fr\/actualites\/un-g7-a-la-montagne-mais-pas-a-la-hauteur\/\",\"name\":\"Un G7 \u00e0 la montagne, mais pas \u00e0 la hauteur - ONE.org France\",\"isPartOf\":{\"@id\":\"https:\/\/www.one.org\/fr\/#website\"},\"primaryImageOfPage\":{\"@id\":\"https:\/\/www.one.org\/fr\/actualites\/un-g7-a-la-montagne-mais-pas-a-la-hauteur\/#primaryimage\"},\"image\":{\"@id\":\"https:\/\/www.one.org\/fr\/actualites\/un-g7-a-la-montagne-mais-pas-a-la-hauteur\/#primaryimage\"},\"thumbnailUrl\":\"https:\/\/www.one.org\/fr\/wp-content\/uploads\/sites\/4\/2022\/07\/Aftershock_2021_FeaturedImage_1200x1200_en_006.jpg\",\"datePublished\":\"2022-07-01T09:28:11+00:00\",\"dateModified\":\"2024-04-23T12:33:09+00:00\",\"author\":{\"@id\":\"\"},\"description\":\"Dans la newsletter Ondes de choc : les r\u00e9sultats d\u00e9cevants du sommet du G7, la crise de l\u2019apprentissage au niveau mondial, et plus encore.\",\"breadcrumb\":{\"@id\":\"https:\/\/www.one.org\/fr\/actualites\/un-g7-a-la-montagne-mais-pas-a-la-hauteur\/#breadcrumb\"},\"inLanguage\":\"fr-FR\",\"potentialAction\":[{\"@type\":\"ReadAction\",\"target\":[\"https:\/\/www.one.org\/fr\/actualites\/un-g7-a-la-montagne-mais-pas-a-la-hauteur\/\"]}]},{\"@type\":\"ImageObject\",\"inLanguage\":\"fr-FR\",\"@id\":\"https:\/\/www.one.org\/fr\/actualites\/un-g7-a-la-montagne-mais-pas-a-la-hauteur\/#primaryimage\",\"url\":\"https:\/\/www.one.org\/fr\/wp-content\/uploads\/sites\/4\/2022\/07\/Aftershock_2021_FeaturedImage_1200x1200_en_006.jpg\",\"contentUrl\":\"https:\/\/www.one.org\/fr\/wp-content\/uploads\/sites\/4\/2022\/07\/Aftershock_2021_FeaturedImage_1200x1200_en_006.jpg\",\"width\":1201,\"height\":1201},{\"@type\":\"BreadcrumbList\",\"@id\":\"https:\/\/www.one.org\/fr\/actualites\/un-g7-a-la-montagne-mais-pas-a-la-hauteur\/#breadcrumb\",\"itemListElement\":[{\"@type\":\"ListItem\",\"position\":1,\"name\":\"Home\",\"item\":\"https:\/\/www.one.org\/fr\/\"},{\"@type\":\"ListItem\",\"position\":2,\"name\":\"Un G7 \u00e0 la montagne, mais pas \u00e0 la hauteur\"}]},{\"@type\":\"WebSite\",\"@id\":\"https:\/\/www.one.org\/fr\/#website\",\"url\":\"https:\/\/www.one.org\/fr\/\",\"name\":\"ONE.org\",\"description\":\"Cr\u00e9er des opportunit\u00e9s \u00e9conomiques et am\u00e9liorer la sant\u00e9 en Afrique\",\"potentialAction\":[{\"@type\":\"SearchAction\",\"target\":{\"@type\":\"EntryPoint\",\"urlTemplate\":\"https:\/\/www.one.org\/fr\/?s={search_term_string}\"},\"query-input\":{\"@type\":\"PropertyValueSpecification\",\"valueRequired\":true,\"valueName\":\"search_term_string\"}}],\"inLanguage\":\"fr-FR\"}]}<\/script>\n<!-- \/ Yoast SEO Premium plugin. -->","yoast_head_json":{"title":"Un G7 \u00e0 la montagne, mais pas \u00e0 la hauteur - ONE.org France","description":"Dans la newsletter Ondes de choc : les r\u00e9sultats d\u00e9cevants du sommet du G7, la crise de l\u2019apprentissage au niveau mondial, et plus encore.","robots":{"index":"index","follow":"follow","max-snippet":"max-snippet:-1","max-image-preview":"max-image-preview:large","max-video-preview":"max-video-preview:-1"},"canonical":"https:\/\/www.one.org\/fr\/actualites\/un-g7-a-la-montagne-mais-pas-a-la-hauteur\/","og_locale":"fr_FR","og_type":"article","og_title":"Un G7 \u00e0 la montagne, mais pas \u00e0 la hauteur","og_description":"Dans la newsletter Ondes de choc : les r\u00e9sultats d\u00e9cevants du sommet du G7, la crise de l\u2019apprentissage au niveau mondial, et plus encore.","og_url":"https:\/\/www.one.org\/fr\/actualites\/un-g7-a-la-montagne-mais-pas-a-la-hauteur\/","og_site_name":"ONE.org France","article_publisher":"https:\/\/www.facebook.com\/ONE.Fr","article_published_time":"2022-07-01T09:28:11+00:00","article_modified_time":"2024-04-23T12:33:09+00:00","og_image":[{"width":1201,"height":1201,"url":"https:\/\/www.one.org\/fr\/wp-content\/uploads\/sites\/4\/2022\/07\/Aftershock_2021_FeaturedImage_1200x1200_en_006.jpg","type":"image\/jpeg"}],"twitter_card":"summary_large_image","twitter_creator":"@one_fr","twitter_site":"@one_fr","twitter_misc":{"Est. reading time":"8 minutes"},"schema":{"@context":"https:\/\/schema.org","@graph":[{"@type":"Article","@id":"https:\/\/www.one.org\/fr\/actualites\/un-g7-a-la-montagne-mais-pas-a-la-hauteur\/#article","isPartOf":{"@id":"https:\/\/www.one.org\/fr\/actualites\/un-g7-a-la-montagne-mais-pas-a-la-hauteur\/"},"author":{"name":"","@id":""},"headline":"Un G7 \u00e0 la montagne, mais pas \u00e0 la hauteur","datePublished":"2022-07-01T09:28:11+00:00","dateModified":"2024-04-23T12:33:09+00:00","mainEntityOfPage":{"@id":"https:\/\/www.one.org\/fr\/actualites\/un-g7-a-la-montagne-mais-pas-a-la-hauteur\/"},"wordCount":1597,"commentCount":0,"image":{"@id":"https:\/\/www.one.org\/fr\/actualites\/un-g7-a-la-montagne-mais-pas-a-la-hauteur\/#primaryimage"},"thumbnailUrl":"https:\/\/www.one.org\/fr\/wp-content\/uploads\/sites\/4\/2022\/07\/Aftershock_2021_FeaturedImage_1200x1200_en_006.jpg","articleSection":["Analyse"],"inLanguage":"fr-FR","potentialAction":[{"@type":"CommentAction","name":"Comment","target":["https:\/\/www.one.org\/fr\/actualites\/un-g7-a-la-montagne-mais-pas-a-la-hauteur\/#respond"]}]},{"@type":"WebPage","@id":"https:\/\/www.one.org\/fr\/actualites\/un-g7-a-la-montagne-mais-pas-a-la-hauteur\/","url":"https:\/\/www.one.org\/fr\/actualites\/un-g7-a-la-montagne-mais-pas-a-la-hauteur\/","name":"Un G7 \u00e0 la montagne, mais pas \u00e0 la hauteur - ONE.org France","isPartOf":{"@id":"https:\/\/www.one.org\/fr\/#website"},"primaryImageOfPage":{"@id":"https:\/\/www.one.org\/fr\/actualites\/un-g7-a-la-montagne-mais-pas-a-la-hauteur\/#primaryimage"},"image":{"@id":"https:\/\/www.one.org\/fr\/actualites\/un-g7-a-la-montagne-mais-pas-a-la-hauteur\/#primaryimage"},"thumbnailUrl":"https:\/\/www.one.org\/fr\/wp-content\/uploads\/sites\/4\/2022\/07\/Aftershock_2021_FeaturedImage_1200x1200_en_006.jpg","datePublished":"2022-07-01T09:28:11+00:00","dateModified":"2024-04-23T12:33:09+00:00","author":{"@id":""},"description":"Dans la newsletter Ondes de choc : les r\u00e9sultats d\u00e9cevants du sommet du G7, la crise de l\u2019apprentissage au niveau mondial, et plus encore.","breadcrumb":{"@id":"https:\/\/www.one.org\/fr\/actualites\/un-g7-a-la-montagne-mais-pas-a-la-hauteur\/#breadcrumb"},"inLanguage":"fr-FR","potentialAction":[{"@type":"ReadAction","target":["https:\/\/www.one.org\/fr\/actualites\/un-g7-a-la-montagne-mais-pas-a-la-hauteur\/"]}]},{"@type":"ImageObject","inLanguage":"fr-FR","@id":"https:\/\/www.one.org\/fr\/actualites\/un-g7-a-la-montagne-mais-pas-a-la-hauteur\/#primaryimage","url":"https:\/\/www.one.org\/fr\/wp-content\/uploads\/sites\/4\/2022\/07\/Aftershock_2021_FeaturedImage_1200x1200_en_006.jpg","contentUrl":"https:\/\/www.one.org\/fr\/wp-content\/uploads\/sites\/4\/2022\/07\/Aftershock_2021_FeaturedImage_1200x1200_en_006.jpg","width":1201,"height":1201},{"@type":"BreadcrumbList","@id":"https:\/\/www.one.org\/fr\/actualites\/un-g7-a-la-montagne-mais-pas-a-la-hauteur\/#breadcrumb","itemListElement":[{"@type":"ListItem","position":1,"name":"Home","item":"https:\/\/www.one.org\/fr\/"},{"@type":"ListItem","position":2,"name":"Un G7 \u00e0 la montagne, mais pas \u00e0 la hauteur"}]},{"@type":"WebSite","@id":"https:\/\/www.one.org\/fr\/#website","url":"https:\/\/www.one.org\/fr\/","name":"ONE.org","description":"Cr\u00e9er des opportunit\u00e9s \u00e9conomiques et am\u00e9liorer la sant\u00e9 en Afrique","potentialAction":[{"@type":"SearchAction","target":{"@type":"EntryPoint","urlTemplate":"https:\/\/www.one.org\/fr\/?s={search_term_string}"},"query-input":{"@type":"PropertyValueSpecification","valueRequired":true,"valueName":"search_term_string"}}],"inLanguage":"fr-FR"}]}},"distributor_meta":false,"distributor_terms":false,"distributor_media":false,"distributor_original_site_name":"ONE.org France","distributor_original_site_url":"https:\/\/www.one.org\/fr","push-errors":false,"_links":{"self":[{"href":"https:\/\/www.one.org\/fr\/wp-json\/wp\/v2\/posts\/162583","targetHints":{"allow":["GET"]}}],"collection":[{"href":"https:\/\/www.one.org\/fr\/wp-json\/wp\/v2\/posts"}],"about":[{"href":"https:\/\/www.one.org\/fr\/wp-json\/wp\/v2\/types\/post"}],"replies":[{"embeddable":true,"href":"https:\/\/www.one.org\/fr\/wp-json\/wp\/v2\/comments?post=162583"}],"version-history":[{"count":0,"href":"https:\/\/www.one.org\/fr\/wp-json\/wp\/v2\/posts\/162583\/revisions"}],"wp:featuredmedia":[{"embeddable":true,"href":"https:\/\/www.one.org\/fr\/wp-json\/wp\/v2\/media\/162899"}],"wp:attachment":[{"href":"https:\/\/www.one.org\/fr\/wp-json\/wp\/v2\/media?parent=162583"}],"wp:term":[{"taxonomy":"category","embeddable":true,"href":"https:\/\/www.one.org\/fr\/wp-json\/wp\/v2\/categories?post=162583"},{"taxonomy":"post_tag","embeddable":true,"href":"https:\/\/www.one.org\/fr\/wp-json\/wp\/v2\/tags?post=162583"},{"taxonomy":"topic","embeddable":true,"href":"https:\/\/www.one.org\/fr\/wp-json\/wp\/v2\/topic?post=162583"},{"taxonomy":"contributor","embeddable":true,"href":"https:\/\/www.one.org\/fr\/wp-json\/wp\/v2\/contributor?post=162583"},{"taxonomy":"one_content_audience","embeddable":true,"href":"https:\/\/www.one.org\/fr\/wp-json\/wp\/v2\/one_content_audience?post=162583"},{"taxonomy":"one_content_type","embeddable":true,"href":"https:\/\/www.one.org\/fr\/wp-json\/wp\/v2\/one_content_type?post=162583"},{"taxonomy":"one_content_tone","embeddable":true,"href":"https:\/\/www.one.org\/fr\/wp-json\/wp\/v2\/one_content_tone?post=162583"}],"curies":[{"name":"wp","href":"https:\/\/api.w.org\/{rel}","templated":true}]}}