{"id":162579,"date":"2022-06-17T14:26:28","date_gmt":"2022-06-17T14:26:28","guid":{"rendered":"https:\/\/www.one.org\/fr\/comment-lutter-contre-le-vih-sida-la-tuberculose-et-la-paludisme\/"},"modified":"2023-11-06T16:43:20","modified_gmt":"2023-11-06T16:43:20","slug":"interview-nelly-comon-fonds-mondial","status":"publish","type":"post","link":"https:\/\/www.one.org\/fr\/actualites\/interview-nelly-comon-fonds-mondial\/","title":{"rendered":"Comment lutter contre le VIH\/sida, la tuberculose et la paludisme ?"},"content":{"rendered":"<p><span style=\"font-weight: 400\">En septembre prochain, les dirigeants du monde entier se retrouveront pour une r&eacute;union tr&egrave;s importante en marge de l&rsquo;Assembl&eacute;e g&eacute;n&eacute;rale des Nations Unies. Lors de cet &eacute;v&eacute;nement, ils devront chacun annoncer leur contribution financi&egrave;re en faveur du <\/span><a href=\"https:\/\/www.theglobalfund.org\/fr\/\"><span style=\"font-weight: 400\">Fonds mondial de lutte contre le sida, la tuberculose et la paludisme<\/span><\/a><span style=\"font-weight: 400\">.<\/span><\/p>\n<p><span style=\"font-weight: 400\">Pour mieux comprendre pourquoi il est important que la France augmente sa contribution financi&egrave;re dans la lutte contre ces trois maladies, nos jeunes Ambassadrices Roukhaya, Lilia et Aurianne ont interview&eacute; <\/span><b>Nelly Comon, Charg&eacute;e des relations avec les bailleurs au sein du Fonds mondial<\/b><span style=\"font-weight: 400\">.<\/span><\/p>\n<h3><b>Qu&rsquo;est-ce que le Fonds mondial et que fait-il concr&egrave;tement ?<\/b><\/h3>\n<p><span style=\"font-weight: 400\">Le Fonds mondial de lutte contre le sida, la tuberculose et le paludisme a &eacute;t&eacute; cr&eacute;&eacute; en 2002 et est bas&eacute; &agrave; Gen&egrave;ve, en Suisse. C&rsquo;est une organisation internationale avec un mod&egrave;le particulier de partenariats : elle rassemble les financements et les redistribue dans les pays qui en ont besoin pour lutter contre ces trois maladies.<\/span><\/p>\n<p><span style=\"font-weight: 400\">L&rsquo;organisation est aussi sp&eacute;ciale dans son mod&egrave;le car elle a un <\/span><b>mod&egrave;le inclusif<\/b><span style=\"font-weight: 400\"> : le Fonds mondial inclut la soci&eacute;t&eacute; civile, des personnes infect&eacute;es ou affect&eacute;es par les trois maladies, des gouvernements, des repr&eacute;sentants des secteurs priv&eacute; et public. Toutes ces personnes sont rassembl&eacute;es autour de la table et ont <\/span><b>voix &eacute;gale aux d&eacute;cisions prises<\/b><span style=\"font-weight: 400\">, tout le monde est sur le m&ecirc;me pied d&rsquo;&eacute;galit&eacute;.<\/span><\/p>\n<p><span style=\"font-weight: 400\">On distribue environ<\/span><b> 4 milliards de dollars par an<\/b><span style=\"font-weight: 400\"> aux pays, qui mettent eux-m&ecirc;mes en place des programmes de lutte contre le sida, la tuberculose et le paludisme. Ils vont &eacute;galement contribuer &agrave; <\/span><b>renforcer leurs propres syst&egrave;mes de sant&eacute;<\/b><span style=\"font-weight: 400\"> : on les aide par exemple &agrave; investir davantage dans les cha&icirc;nes de laboratoires ou dans les formations de personnels, tout cela dans le but de donner plus d&rsquo;acc&egrave;s &agrave; la sant&eacute; et aux services contre ces trois maladies aux personnes les plus vuln&eacute;rables.<\/span><\/p>\n<p><span style=\"font-weight: 400\">Par exemple, si une m&egrave;re en Afrique a un enfant avec de la fi&egrave;vre, elle va aller dans un centre de sant&eacute; et le faire tester contre le paludisme. S&rsquo;il a le paludisme, il aura des antipalud&eacute;ens et sera trait&eacute;. Elle va aussi en profiter pour avoir elle-m&ecirc;me acc&egrave;s &agrave; des soins de sant&eacute;, comme des soins de sant&eacute; gyn&eacute;cologiques, un d&eacute;pistage du VIH, etc. Cela nous permet d&rsquo;atteindre les personnes les plus vuln&eacute;rables et d&rsquo;augmenter l&rsquo;acc&egrave;s aux soins de sant&eacute; primaires. Tout cela rentre dans le cadre des <\/span><b>Objectifs de d&eacute;veloppement durable (ODD)<\/b><span style=\"font-weight: 400\">, qui doivent &ecirc;tre atteints d&rsquo;ici 2030.<\/span><\/p>\n<p><span style=\"font-weight: 400\">Le Fonds mondial travaille avec des partenaires pour atteindre ces objectifs, et &ccedil;a marche ! En 20 ans d&rsquo;existence, nous avons <\/span><b>sauv&eacute; 44 millions de vie<\/b><span style=\"font-weight: 400\">, nous avons diminu&eacute; le nombre de d&eacute;c&egrave;s li&eacute;s au sida, &agrave; la tuberculose et au paludisme <\/span><b>de 40 %<\/b><span style=\"font-weight: 400\">, nous avons augment&eacute; l&rsquo;acc&egrave;s aux traitements antir&eacute;troviraux (pr&egrave;s de <\/span><b>22 millions de personnes<\/b><span style=\"font-weight: 400\"> dans le monde sont sous traitements antir&eacute;troviraux aujourd&rsquo;hui), nous avons donn&eacute; l&rsquo;acc&egrave;s &agrave; plus de moustiquaires pour que les familles soient davantage prot&eacute;g&eacute;es contre le paludisme, et nous avons <\/span><b>doubl&eacute; <\/b><span style=\"font-weight: 400\">le nombre de personnes trait&eacute;es contre la tuberculose.<\/span><\/p>\n<h3><b>Avec le COVID-19, on a eu tendance &agrave; oublier d&rsquo;autres maladies. Est-ce que le coronavirus a nui &agrave; la lutte contre le sida, la tuberculose et le paludisme ?<\/b><\/h3>\n<p><span style=\"font-weight: 400\">Oui effectivement, il y a eu des effets un peu d&eacute;sastreux sur tous les progr&egrave;s r&eacute;alis&eacute;s ces 20 derni&egrave;res ann&eacute;es puisque le COVID a notamment eu un impact sur nos services de pr&eacute;vention. C&rsquo;est la premi&egrave;re fois en 20 ans d&rsquo;existence qu&rsquo;on a vu nos indicateurs reculer. Par exemple, on a eu une <\/span><b>baisse de 22 %<\/b><span style=\"font-weight: 400\"> du nombre de personnes qui se sont fait d&eacute;pister pour le VIH, ce qui n&rsquo;est pas bon car s&rsquo;ils ne connaissent pas leur statut, ils ne peuvent pas se faire traiter.<\/span><\/p>\n<p><span style=\"font-weight: 400\">C&rsquo;est pareil pour la tuberculose, on a eu une <\/span><b>baisse de 18 %<\/b><span style=\"font-weight: 400\"> du nombre de personnes qui se sont fait traiter contre la maladie. Lorsqu&rsquo;on sait que la tuberculose se r&eacute;pand tr&egrave;s facilement dans l&rsquo;air, un peu comme le COVID, il faut vraiment qu&rsquo;on revienne sur des trajectoires o&ugrave; on peut lutter contre la tuberculose.<\/span><\/p>\n<p><span style=\"font-weight: 400\">Pour ce qui est du paludisme, les pays ont r&eacute;ussi &agrave; mieux g&eacute;rer, on a moins r&eacute;gress&eacute; mais il y a eu tout de m&ecirc;me un <\/span><b>petit recul de 4,3 %<\/b><span style=\"font-weight: 400\"> au sein des services de pr&eacute;vention. Cela fait beaucoup d&rsquo;impacts pour nous.<\/span><\/p>\n<p><span style=\"font-weight: 400\">Mais il faut aussi voir la partie positive des choses. D&egrave;s le d&eacute;but de la crise du COVID, on a mis en place des financements additionnels et des m&eacute;canismes d&rsquo;urgence : on a pu mobiliser <\/span><b>4,3 milliards de dollars suppl&eacute;mentaires<\/b><span style=\"font-weight: 400\"> pour permettre &agrave; 108 pays d&rsquo;acheter des tests COVID, puisqu&rsquo;ils ont &eacute;t&eacute; disponibles assez rapidement, et des &eacute;quipements protectifs pour les personnels de sant&eacute; afin qu&rsquo;ils puissent continuer &agrave; assurer les programmes dans les pays, notamment parce que les agents de sant&eacute; communautaires sont le premier point de contact pour toute personne vuln&eacute;rable, particuli&egrave;rement en Afrique, pour acc&eacute;der &agrave; des soins de sant&eacute;.<\/span><\/p>\n<p><span style=\"font-weight: 400\">Par exemple, au lieu de distribuer des moustiquaires dans des centres de sant&eacute;, ils ont fait du porte-&agrave;-porte. Cela a permis de continuer d&rsquo;avoir le contact avec les personnes, de pouvoir les traiter s&rsquo;il fallait mais de ne pas les rassembler pour &eacute;viter les contaminations au COVID-19.<\/span><\/p>\n<p><span style=\"font-weight: 400\">Mais il nous reste beaucoup &agrave; faire ! On est dans ce qu&rsquo;on appelle la <\/span><b>septi&egrave;me reconstitution de financement du Fonds mondial<\/b><span style=\"font-weight: 400\">. On a un syst&egrave;me de financement sur trois ans, c&rsquo;est ce qu&rsquo;on appelle une reconstitution. On a lanc&eacute; la reconstitution en 2022 pour r&eacute;pondre &agrave; nos besoins et &agrave; ceux des pays dans la lutte contre le VIH, la tuberculose et la paludisme, mais aussi continuer la lutte contre le COVID et renforcer les syst&egrave;mes de sant&eacute;, pour la p&eacute;riode 2023-2025. Pour cette p&eacute;riode, <\/span><b>on a besoin de 18 milliards de dollars<\/b><span style=\"font-weight: 400\">. C&rsquo;est &eacute;norme, c&rsquo;est une <\/span><b>augmentation de 30 %<\/b><span style=\"font-weight: 400\"> par rapport &agrave; la p&eacute;riode 2020-2022 mais c&rsquo;est ce dont on a besoin pour vraiment continuer les services, les am&eacute;liorer, les augmenter pour donner plus d&rsquo;acc&egrave;s aux personnes et lutter contre ces trois maladies, contre le COVID, aider les pays &agrave; se pr&eacute;parer &agrave; une prochaine pand&eacute;mie, car malheureusement on sait qu&rsquo;il y aura s&ucirc;rement d&rsquo;autres pand&eacute;mies, et adresser les probl&egrave;mes d&rsquo;acc&egrave;s &eacute;quitable aux soins de sant&eacute; pour toutes et tous, car &ccedil;a aussi c&rsquo;est un gros probl&egrave;me.<\/span><\/p>\n<h3><b>Qu&rsquo;est-ce que le Fonds mondial attend concr&egrave;tement de la France et comment pouvons-nous vous aider &agrave; atteindre cet objectif ?<\/b><\/h3>\n<p><span style=\"font-weight: 400\">La France est vraiment un <\/span><b>partenaire vital <\/b><span style=\"font-weight: 400\">pour nous. Le Fonds mondial a &eacute;t&eacute; cr&eacute;&eacute; en 2002 &agrave; l&rsquo;initiative du Pr&eacute;sident Chirac. Il a vraiment appel&eacute; la communaut&eacute; internationale &agrave; se rassembler car le VIH faisait des ravages &eacute;normes &agrave; l&rsquo;&eacute;poque. Depuis lors, on a des relations tr&egrave;s privil&eacute;gi&eacute;es avec la France qui nous a toujours soutenus, que ce soit politiquement, financi&egrave;rement ou strat&eacute;giquement. Elle a une voix au chapitre aussi puisqu&rsquo;elle fait partie de notre conseil d&rsquo;administration, elle prend des d&eacute;cisions sur ce que fait le Fonds mondial et surtout la France est le <\/span><b>deuxi&egrave;me bailleur <\/b><span style=\"font-weight: 400\">du Fonds mondial apr&egrave;s les Etats-Unis, elle contribue &agrave; hauteur de <\/span><b>1,2 milliard d&rsquo;euros sur trois ans<\/b><span style=\"font-weight: 400\">.<\/span><\/p>\n<p><span style=\"font-weight: 400\">Elle a donc un pouvoir financier &eacute;norme et c&rsquo;est gr&acirc;ce &agrave; ce pouvoir et &agrave; l&rsquo;appui qu&rsquo;elle nous a donn&eacute; qu&rsquo;on a vraiment pu faire ces progr&egrave;s pendant 20 ans. C&rsquo;est donc tr&egrave;s important de continuer &agrave; travailler avec la France et c&rsquo;est m&ecirc;me un privil&egrave;ge d&rsquo;avoir ce leadership de la France, qui a toujours &eacute;t&eacute; engag&eacute;e en mati&egrave;re de sant&eacute; mondiale. On esp&egrave;re que pour la septi&egrave;me reconstitution, elle sera toujours aussi engag&eacute;e et qu&rsquo;elle fera une promesse de don qui sera <\/span><b>au moins 30 % sup&eacute;rieure<\/b><span style=\"font-weight: 400\"> que la derni&egrave;re pour correspondre &agrave; nos besoins pour la p&eacute;riode 2023-2025.<\/span><\/p>\n<p><span style=\"font-weight: 400\">Votre r&ocirc;le est simple, mais il est essentiel ! Vous &ecirc;tes la nouvelle g&eacute;n&eacute;ration, la g&eacute;n&eacute;ration future et vous &ecirc;tes la voie. Il est tr&egrave;s important que vous continuiez &agrave; <\/span><b>mobiliser les d&eacute;cideurs politiques fran&ccedil;ais <\/b><span style=\"font-weight: 400\">pour qu&rsquo;ils continuent &agrave; nous appuyer car c&rsquo;est aussi dans votre int&eacute;r&ecirc;t. Tout comme vous vous &ecirc;tes engag&eacute;s dans la lutte contre le changement climatique, la lutte contre le VIH, la tuberculose et le paludisme est tout aussi importante, pour que vous puissiez continuer &agrave; avoir acc&egrave;s &agrave; ces services-l&agrave; mais aussi pour <\/span><b>aider vos pairs<\/b><span style=\"font-weight: 400\"> en Afrique, en Asie, en Am&eacute;rique latine &agrave; avoir aussi acc&egrave;s &agrave; ces soins de sant&eacute;. S&rsquo;ils ont acc&egrave;s &agrave; ces soins et qu&rsquo;ils peuvent se faire d&eacute;pister pour le VIH, la tuberculose ou le paludisme, ils pourront contribuer &agrave; la vie de leur communaut&eacute;, de leur pays, comme vous pouvez le faire en France. Il faut qu&rsquo;on soit tous r&eacute;unis, toutes g&eacute;n&eacute;rations confondues, et qu&rsquo;on continue vraiment &agrave; combattre ces trois maladies, comme on l&rsquo;a fait dans le pass&eacute; pour la variole ou d&rsquo;autres maladies infectieuses. <\/span><b>On peut y arriver, tous ensemble !<\/b><\/p>\n<h3><em><a href=\"https:\/\/act.one.org\/sign\/fonds-appel-2022\/\"><b>Signez notre p&eacute;tition<\/b><\/a><b> pour soutenir le Fonds mondial et appeler Emmanuel Macron &agrave; augmenter la contribution financi&egrave;re de la France de 30 % pour la p&eacute;riode 2023-2025 !<\/b><\/em><\/h3>\n<div class=\"buffer\"><\/div>","protected":false},"excerpt":{"rendered":"<p>En septembre prochain, les dirigeants du monde entier se retrouveront pour une r&eacute;union tr&egrave;s importante en marge de l&rsquo;Assembl&eacute;e g&eacute;n&eacute;rale des Nations Unies. Lors de cet &eacute;v&eacute;nement, ils devront chacun annoncer leur contribution financi&egrave;re en faveur du Fonds mondial de lutte contre le sida, la tuberculose et la paludisme. Pour mieux comprendre pourquoi il est [&hellip;]<\/p>\n","protected":false},"author":24,"featured_media":162907,"comment_status":"open","ping_status":"open","sticky":false,"template":"","format":"standard","meta":{"_acf_changed":false,"_relevanssi_hide_post":"","_relevanssi_hide_content":"","_relevanssi_pin_for_all":"","_relevanssi_pin_keywords":"","_relevanssi_unpin_keywords":"","_relevanssi_related_keywords":"","_relevanssi_related_include_ids":"","_relevanssi_related_exclude_ids":"","_relevanssi_related_no_append":"","_relevanssi_related_not_related":"","_relevanssi_related_posts":"164801,164384,164396,163756,163706,163644","_relevanssi_noindex_reason":"","footnotes":""},"categories":[34],"tags":[],"topic":[38,37],"contributor":[92],"one_content_audience":[],"one_content_type":[],"one_content_tone":[],"class_list":["post-162579","post","type-post","status-publish","format-standard","has-post-thumbnail","hentry","category-one","topic-sante","topic-vih-sida","contributor-nelly-comon"],"acf":[],"yoast_head":"<!-- This site is optimized with the Yoast SEO Premium plugin v27.1 (Yoast SEO v27.1.1) - https:\/\/yoast.com\/product\/yoast-seo-premium-wordpress\/ -->\n<title>Comment lutter contre le VIH\/sida, la tuberculose et la paludisme ? - ONE.org France<\/title>\n<meta name=\"description\" content=\"Trois de nos jeunes Ambassadrices ont interview\u00e9 Nelly Comon, Charg\u00e9e des relations avec les bailleurs au sein du Fonds mondial.\" \/>\n<meta name=\"robots\" content=\"index, follow, max-snippet:-1, max-image-preview:large, max-video-preview:-1\" \/>\n<link rel=\"canonical\" href=\"https:\/\/www.one.org\/fr\/actualites\/interview-nelly-comon-fonds-mondial\/\" \/>\n<meta property=\"og:locale\" content=\"fr_FR\" \/>\n<meta property=\"og:type\" content=\"article\" \/>\n<meta property=\"og:title\" content=\"Comment lutter contre le VIH\/sida, la tuberculose et la paludisme ?\" \/>\n<meta property=\"og:description\" content=\"Trois de nos jeunes Ambassadrices ont interview\u00e9 Nelly Comon, Charg\u00e9e des relations avec les bailleurs au sein du Fonds mondial.\" \/>\n<meta property=\"og:url\" content=\"https:\/\/www.one.org\/fr\/actualites\/interview-nelly-comon-fonds-mondial\/\" \/>\n<meta property=\"og:site_name\" content=\"ONE.org France\" \/>\n<meta property=\"article:publisher\" content=\"https:\/\/www.facebook.com\/ONE.Fr\" \/>\n<meta property=\"article:published_time\" content=\"2022-06-17T14:26:28+00:00\" \/>\n<meta property=\"article:modified_time\" content=\"2023-11-06T16:43:20+00:00\" \/>\n<meta property=\"og:image\" content=\"https:\/\/www.one.org\/fr\/wp-content\/uploads\/sites\/4\/2022\/06\/GF_2022_tile_1200x768_en.png\" \/>\n\t<meta property=\"og:image:width\" content=\"1200\" \/>\n\t<meta property=\"og:image:height\" content=\"768\" \/>\n\t<meta property=\"og:image:type\" content=\"image\/png\" \/>\n<meta name=\"author\" content=\"Dana Khalil\" \/>\n<meta name=\"twitter:card\" content=\"summary_large_image\" \/>\n<meta name=\"twitter:creator\" content=\"@one_fr\" \/>\n<meta name=\"twitter:site\" content=\"@one_fr\" \/>\n<meta name=\"twitter:label1\" content=\"Written by\" \/>\n\t<meta name=\"twitter:data1\" content=\"Dana Khalil\" \/>\n\t<meta name=\"twitter:label2\" content=\"Est. reading time\" \/>\n\t<meta name=\"twitter:data2\" content=\"7 minutes\" \/>\n<script type=\"application\/ld+json\" class=\"yoast-schema-graph\">{\"@context\":\"https:\/\/schema.org\",\"@graph\":[{\"@type\":\"Article\",\"@id\":\"https:\/\/www.one.org\/fr\/actualites\/interview-nelly-comon-fonds-mondial\/#article\",\"isPartOf\":{\"@id\":\"https:\/\/www.one.org\/fr\/actualites\/interview-nelly-comon-fonds-mondial\/\"},\"author\":{\"name\":\"Dana Khalil\",\"@id\":\"https:\/\/www.one.org\/fr\/#\/schema\/person\/cf1f30f9800f0592ec3d61940be82003\"},\"headline\":\"Comment lutter contre le VIH\/sida, la tuberculose et la paludisme ?\",\"datePublished\":\"2022-06-17T14:26:28+00:00\",\"dateModified\":\"2023-11-06T16:43:20+00:00\",\"mainEntityOfPage\":{\"@id\":\"https:\/\/www.one.org\/fr\/actualites\/interview-nelly-comon-fonds-mondial\/\"},\"wordCount\":1923,\"commentCount\":0,\"image\":{\"@id\":\"https:\/\/www.one.org\/fr\/actualites\/interview-nelly-comon-fonds-mondial\/#primaryimage\"},\"thumbnailUrl\":\"https:\/\/www.one.org\/fr\/wp-content\/uploads\/sites\/4\/2022\/06\/GF_2022_tile_1200x768_en.png\",\"articleSection\":[\"ONE\"],\"inLanguage\":\"fr-FR\",\"potentialAction\":[{\"@type\":\"CommentAction\",\"name\":\"Comment\",\"target\":[\"https:\/\/www.one.org\/fr\/actualites\/interview-nelly-comon-fonds-mondial\/#respond\"]}]},{\"@type\":\"WebPage\",\"@id\":\"https:\/\/www.one.org\/fr\/actualites\/interview-nelly-comon-fonds-mondial\/\",\"url\":\"https:\/\/www.one.org\/fr\/actualites\/interview-nelly-comon-fonds-mondial\/\",\"name\":\"Comment lutter contre le VIH\/sida, la tuberculose et la paludisme ? - ONE.org France\",\"isPartOf\":{\"@id\":\"https:\/\/www.one.org\/fr\/#website\"},\"primaryImageOfPage\":{\"@id\":\"https:\/\/www.one.org\/fr\/actualites\/interview-nelly-comon-fonds-mondial\/#primaryimage\"},\"image\":{\"@id\":\"https:\/\/www.one.org\/fr\/actualites\/interview-nelly-comon-fonds-mondial\/#primaryimage\"},\"thumbnailUrl\":\"https:\/\/www.one.org\/fr\/wp-content\/uploads\/sites\/4\/2022\/06\/GF_2022_tile_1200x768_en.png\",\"datePublished\":\"2022-06-17T14:26:28+00:00\",\"dateModified\":\"2023-11-06T16:43:20+00:00\",\"author\":{\"@id\":\"https:\/\/www.one.org\/fr\/#\/schema\/person\/cf1f30f9800f0592ec3d61940be82003\"},\"description\":\"Trois de nos jeunes Ambassadrices ont interview\u00e9 Nelly Comon, Charg\u00e9e des relations avec les bailleurs au sein du Fonds mondial.\",\"breadcrumb\":{\"@id\":\"https:\/\/www.one.org\/fr\/actualites\/interview-nelly-comon-fonds-mondial\/#breadcrumb\"},\"inLanguage\":\"fr-FR\",\"potentialAction\":[{\"@type\":\"ReadAction\",\"target\":[\"https:\/\/www.one.org\/fr\/actualites\/interview-nelly-comon-fonds-mondial\/\"]}]},{\"@type\":\"ImageObject\",\"inLanguage\":\"fr-FR\",\"@id\":\"https:\/\/www.one.org\/fr\/actualites\/interview-nelly-comon-fonds-mondial\/#primaryimage\",\"url\":\"https:\/\/www.one.org\/fr\/wp-content\/uploads\/sites\/4\/2022\/06\/GF_2022_tile_1200x768_en.png\",\"contentUrl\":\"https:\/\/www.one.org\/fr\/wp-content\/uploads\/sites\/4\/2022\/06\/GF_2022_tile_1200x768_en.png\",\"width\":1200,\"height\":768},{\"@type\":\"BreadcrumbList\",\"@id\":\"https:\/\/www.one.org\/fr\/actualites\/interview-nelly-comon-fonds-mondial\/#breadcrumb\",\"itemListElement\":[{\"@type\":\"ListItem\",\"position\":1,\"name\":\"Home\",\"item\":\"https:\/\/www.one.org\/fr\/\"},{\"@type\":\"ListItem\",\"position\":2,\"name\":\"Comment lutter contre le VIH\/sida, la tuberculose et la paludisme ?\"}]},{\"@type\":\"WebSite\",\"@id\":\"https:\/\/www.one.org\/fr\/#website\",\"url\":\"https:\/\/www.one.org\/fr\/\",\"name\":\"ONE.org\",\"description\":\"Cr\u00e9er des opportunit\u00e9s \u00e9conomiques et am\u00e9liorer la sant\u00e9 en Afrique\",\"potentialAction\":[{\"@type\":\"SearchAction\",\"target\":{\"@type\":\"EntryPoint\",\"urlTemplate\":\"https:\/\/www.one.org\/fr\/?s={search_term_string}\"},\"query-input\":{\"@type\":\"PropertyValueSpecification\",\"valueRequired\":true,\"valueName\":\"search_term_string\"}}],\"inLanguage\":\"fr-FR\"},{\"@type\":\"Person\",\"@id\":\"https:\/\/www.one.org\/fr\/#\/schema\/person\/cf1f30f9800f0592ec3d61940be82003\",\"name\":\"Dana Khalil\",\"image\":{\"@type\":\"ImageObject\",\"inLanguage\":\"fr-FR\",\"@id\":\"https:\/\/www.one.org\/fr\/#\/schema\/person\/image\/\",\"url\":\"https:\/\/secure.gravatar.com\/avatar\/b0da536f00ccefadcc7aae4e64855977a5249adb1ac04162a69474e53a8d4c40?s=96&d=mm&r=g\",\"contentUrl\":\"https:\/\/secure.gravatar.com\/avatar\/b0da536f00ccefadcc7aae4e64855977a5249adb1ac04162a69474e53a8d4c40?s=96&d=mm&r=g\",\"caption\":\"Dana Khalil\"},\"url\":\"https:\/\/www.one.org\/fr\/actualites\/author\/danakhalil\/\"}]}<\/script>\n<!-- \/ Yoast SEO Premium plugin. -->","yoast_head_json":{"title":"Comment lutter contre le VIH\/sida, la tuberculose et la paludisme ? - ONE.org France","description":"Trois de nos jeunes Ambassadrices ont interview\u00e9 Nelly Comon, Charg\u00e9e des relations avec les bailleurs au sein du Fonds mondial.","robots":{"index":"index","follow":"follow","max-snippet":"max-snippet:-1","max-image-preview":"max-image-preview:large","max-video-preview":"max-video-preview:-1"},"canonical":"https:\/\/www.one.org\/fr\/actualites\/interview-nelly-comon-fonds-mondial\/","og_locale":"fr_FR","og_type":"article","og_title":"Comment lutter contre le VIH\/sida, la tuberculose et la paludisme ?","og_description":"Trois de nos jeunes Ambassadrices ont interview\u00e9 Nelly Comon, Charg\u00e9e des relations avec les bailleurs au sein du Fonds mondial.","og_url":"https:\/\/www.one.org\/fr\/actualites\/interview-nelly-comon-fonds-mondial\/","og_site_name":"ONE.org France","article_publisher":"https:\/\/www.facebook.com\/ONE.Fr","article_published_time":"2022-06-17T14:26:28+00:00","article_modified_time":"2023-11-06T16:43:20+00:00","og_image":[{"width":1200,"height":768,"url":"https:\/\/www.one.org\/fr\/wp-content\/uploads\/sites\/4\/2022\/06\/GF_2022_tile_1200x768_en.png","type":"image\/png"}],"author":"Dana Khalil","twitter_card":"summary_large_image","twitter_creator":"@one_fr","twitter_site":"@one_fr","twitter_misc":{"Written by":"Dana Khalil","Est. reading time":"7 minutes"},"schema":{"@context":"https:\/\/schema.org","@graph":[{"@type":"Article","@id":"https:\/\/www.one.org\/fr\/actualites\/interview-nelly-comon-fonds-mondial\/#article","isPartOf":{"@id":"https:\/\/www.one.org\/fr\/actualites\/interview-nelly-comon-fonds-mondial\/"},"author":{"name":"Dana Khalil","@id":"https:\/\/www.one.org\/fr\/#\/schema\/person\/cf1f30f9800f0592ec3d61940be82003"},"headline":"Comment lutter contre le VIH\/sida, la tuberculose et la paludisme ?","datePublished":"2022-06-17T14:26:28+00:00","dateModified":"2023-11-06T16:43:20+00:00","mainEntityOfPage":{"@id":"https:\/\/www.one.org\/fr\/actualites\/interview-nelly-comon-fonds-mondial\/"},"wordCount":1923,"commentCount":0,"image":{"@id":"https:\/\/www.one.org\/fr\/actualites\/interview-nelly-comon-fonds-mondial\/#primaryimage"},"thumbnailUrl":"https:\/\/www.one.org\/fr\/wp-content\/uploads\/sites\/4\/2022\/06\/GF_2022_tile_1200x768_en.png","articleSection":["ONE"],"inLanguage":"fr-FR","potentialAction":[{"@type":"CommentAction","name":"Comment","target":["https:\/\/www.one.org\/fr\/actualites\/interview-nelly-comon-fonds-mondial\/#respond"]}]},{"@type":"WebPage","@id":"https:\/\/www.one.org\/fr\/actualites\/interview-nelly-comon-fonds-mondial\/","url":"https:\/\/www.one.org\/fr\/actualites\/interview-nelly-comon-fonds-mondial\/","name":"Comment lutter contre le VIH\/sida, la tuberculose et la paludisme ? - ONE.org France","isPartOf":{"@id":"https:\/\/www.one.org\/fr\/#website"},"primaryImageOfPage":{"@id":"https:\/\/www.one.org\/fr\/actualites\/interview-nelly-comon-fonds-mondial\/#primaryimage"},"image":{"@id":"https:\/\/www.one.org\/fr\/actualites\/interview-nelly-comon-fonds-mondial\/#primaryimage"},"thumbnailUrl":"https:\/\/www.one.org\/fr\/wp-content\/uploads\/sites\/4\/2022\/06\/GF_2022_tile_1200x768_en.png","datePublished":"2022-06-17T14:26:28+00:00","dateModified":"2023-11-06T16:43:20+00:00","author":{"@id":"https:\/\/www.one.org\/fr\/#\/schema\/person\/cf1f30f9800f0592ec3d61940be82003"},"description":"Trois de nos jeunes Ambassadrices ont interview\u00e9 Nelly Comon, Charg\u00e9e des relations avec les bailleurs au sein du Fonds mondial.","breadcrumb":{"@id":"https:\/\/www.one.org\/fr\/actualites\/interview-nelly-comon-fonds-mondial\/#breadcrumb"},"inLanguage":"fr-FR","potentialAction":[{"@type":"ReadAction","target":["https:\/\/www.one.org\/fr\/actualites\/interview-nelly-comon-fonds-mondial\/"]}]},{"@type":"ImageObject","inLanguage":"fr-FR","@id":"https:\/\/www.one.org\/fr\/actualites\/interview-nelly-comon-fonds-mondial\/#primaryimage","url":"https:\/\/www.one.org\/fr\/wp-content\/uploads\/sites\/4\/2022\/06\/GF_2022_tile_1200x768_en.png","contentUrl":"https:\/\/www.one.org\/fr\/wp-content\/uploads\/sites\/4\/2022\/06\/GF_2022_tile_1200x768_en.png","width":1200,"height":768},{"@type":"BreadcrumbList","@id":"https:\/\/www.one.org\/fr\/actualites\/interview-nelly-comon-fonds-mondial\/#breadcrumb","itemListElement":[{"@type":"ListItem","position":1,"name":"Home","item":"https:\/\/www.one.org\/fr\/"},{"@type":"ListItem","position":2,"name":"Comment lutter contre le VIH\/sida, la tuberculose et la paludisme ?"}]},{"@type":"WebSite","@id":"https:\/\/www.one.org\/fr\/#website","url":"https:\/\/www.one.org\/fr\/","name":"ONE.org","description":"Cr\u00e9er des opportunit\u00e9s \u00e9conomiques et am\u00e9liorer la sant\u00e9 en Afrique","potentialAction":[{"@type":"SearchAction","target":{"@type":"EntryPoint","urlTemplate":"https:\/\/www.one.org\/fr\/?s={search_term_string}"},"query-input":{"@type":"PropertyValueSpecification","valueRequired":true,"valueName":"search_term_string"}}],"inLanguage":"fr-FR"},{"@type":"Person","@id":"https:\/\/www.one.org\/fr\/#\/schema\/person\/cf1f30f9800f0592ec3d61940be82003","name":"Dana Khalil","image":{"@type":"ImageObject","inLanguage":"fr-FR","@id":"https:\/\/www.one.org\/fr\/#\/schema\/person\/image\/","url":"https:\/\/secure.gravatar.com\/avatar\/b0da536f00ccefadcc7aae4e64855977a5249adb1ac04162a69474e53a8d4c40?s=96&d=mm&r=g","contentUrl":"https:\/\/secure.gravatar.com\/avatar\/b0da536f00ccefadcc7aae4e64855977a5249adb1ac04162a69474e53a8d4c40?s=96&d=mm&r=g","caption":"Dana Khalil"},"url":"https:\/\/www.one.org\/fr\/actualites\/author\/danakhalil\/"}]}},"distributor_meta":false,"distributor_terms":false,"distributor_media":false,"distributor_original_site_name":"ONE.org France","distributor_original_site_url":"https:\/\/www.one.org\/fr","push-errors":false,"_links":{"self":[{"href":"https:\/\/www.one.org\/fr\/wp-json\/wp\/v2\/posts\/162579","targetHints":{"allow":["GET"]}}],"collection":[{"href":"https:\/\/www.one.org\/fr\/wp-json\/wp\/v2\/posts"}],"about":[{"href":"https:\/\/www.one.org\/fr\/wp-json\/wp\/v2\/types\/post"}],"author":[{"embeddable":true,"href":"https:\/\/www.one.org\/fr\/wp-json\/wp\/v2\/users\/24"}],"replies":[{"embeddable":true,"href":"https:\/\/www.one.org\/fr\/wp-json\/wp\/v2\/comments?post=162579"}],"version-history":[{"count":0,"href":"https:\/\/www.one.org\/fr\/wp-json\/wp\/v2\/posts\/162579\/revisions"}],"wp:featuredmedia":[{"embeddable":true,"href":"https:\/\/www.one.org\/fr\/wp-json\/wp\/v2\/media\/162907"}],"wp:attachment":[{"href":"https:\/\/www.one.org\/fr\/wp-json\/wp\/v2\/media?parent=162579"}],"wp:term":[{"taxonomy":"category","embeddable":true,"href":"https:\/\/www.one.org\/fr\/wp-json\/wp\/v2\/categories?post=162579"},{"taxonomy":"post_tag","embeddable":true,"href":"https:\/\/www.one.org\/fr\/wp-json\/wp\/v2\/tags?post=162579"},{"taxonomy":"topic","embeddable":true,"href":"https:\/\/www.one.org\/fr\/wp-json\/wp\/v2\/topic?post=162579"},{"taxonomy":"contributor","embeddable":true,"href":"https:\/\/www.one.org\/fr\/wp-json\/wp\/v2\/contributor?post=162579"},{"taxonomy":"one_content_audience","embeddable":true,"href":"https:\/\/www.one.org\/fr\/wp-json\/wp\/v2\/one_content_audience?post=162579"},{"taxonomy":"one_content_type","embeddable":true,"href":"https:\/\/www.one.org\/fr\/wp-json\/wp\/v2\/one_content_type?post=162579"},{"taxonomy":"one_content_tone","embeddable":true,"href":"https:\/\/www.one.org\/fr\/wp-json\/wp\/v2\/one_content_tone?post=162579"}],"curies":[{"name":"wp","href":"https:\/\/api.w.org\/{rel}","templated":true}]}}