{"id":162577,"date":"2022-06-15T04:00:14","date_gmt":"2022-06-15T04:00:14","guid":{"rendered":"https:\/\/www.one.org\/fr\/une-personne-sur-dix-dans-le-monde-souffre-de-la-faim\/"},"modified":"2024-04-23T12:33:19","modified_gmt":"2024-04-23T12:33:19","slug":"une-personne-sur-dix-dans-le-monde-souffre-de-la-faim","status":"publish","type":"post","link":"https:\/\/www.one.org\/fr\/actualites\/une-personne-sur-dix-dans-le-monde-souffre-de-la-faim\/","title":{"rendered":"Une personne sur dix dans le monde souffre de la faim"},"content":{"rendered":"<p>47,4 millions de personnes suppl&eacute;mentaires dans le monde souffraient de la faim entre le d&eacute;but de l&rsquo;invasion de l&rsquo;Ukraine par la Russie et juin 2022. En 2021, 193 millions de personnes avaient un besoin urgent d&rsquo;aide alimentaire. Si cette population &eacute;tait un pays, ce serait le 8e plus grand au monde.<\/p>\n<p>Depuis l&rsquo;attaque de Vladimir Poutine contre l&rsquo;Ukraine, les prix des denr&eacute;es alimentaires se sont envol&eacute;s, <a href=\"https:\/\/www.one.org\/africa\/issues\/covid-19-tracker\/explore-food-security\/\">aggravant la crise alimentaire existante<\/a>. En mars dernier, l&rsquo;indice des prix alimentaires de l&rsquo;Organisation pour l&rsquo;alimentation et l&rsquo;agriculture (FAO) a atteint le niveau le plus &eacute;lev&eacute; jamais enregistr&eacute;, augmentant de 30 % par rapport &agrave; l&rsquo;ann&eacute;e derni&egrave;re.<\/p>\n<p>Les probl&egrave;mes d&rsquo;approvisionnement <a href=\"https:\/\/www.one.org\/fr\/blog\/famine-pendant-covid19\/\">li&eacute;s au COVID-19<\/a>, les mauvaises r&eacute;coltes et le changement climatique ont contribu&eacute; &agrave; faire de 2022 une ann&eacute;e catastrophique dans le domaine de l&rsquo;alimentation. L&rsquo;invasion de Vladimir Poutine en Ukraine, s&rsquo;ajoutant aux s&eacute;cheresses en Afrique du Nord et de l&rsquo;Est, &agrave; la canicule en Inde et aux conflits en &Eacute;thiopie, au Y&eacute;men et en Somalie, a &eacute;t&eacute; la goutte d&rsquo;eau qui a fait d&eacute;border le vase.<\/p>\n<p>D&rsquo;autres causes sont encore plus profondes. Des ann&eacute;es d&rsquo;augmentation de la demande sous l&rsquo;effet de la croissance d&eacute;mographique et de la prosp&eacute;rit&eacute; croissante en Asie se sont heurt&eacute;es &agrave; une offre stagnante.<\/p>\n<h2><strong>Les risques associ&eacute;s &agrave; la faim<\/strong><\/h2>\n<p>La faim est l&rsquo;indicateur de pauvret&eacute; le plus visible. Chacun&middot;e d&rsquo;entre nous partout dans le monde a besoin de nourriture pour vivre et &ecirc;tre en bonne sant&eacute;. Les d&eacute;penses en mati&egrave;re de nourriture sont prioritaires pour les familles. Ainsi, lorsqu&rsquo;elles n&rsquo;ont pas les moyens de se nourrir, c&rsquo;est qu&rsquo;elles sont en crise.<\/p>\n<p>Lorsque l&rsquo;on saute un repas, le corps commence &agrave; utiliser les graisses et les prot&eacute;ines stock&eacute;es. Cela affecte notre niveau d&rsquo;&eacute;nergie et notre concentration, et peut nous conduire &agrave; devenir irritable, col&eacute;rique et frustr&eacute;. Apr&egrave;s une semaine sans nourriture, le corps commence &agrave; transformer les graisses en c&eacute;tones pour obtenir de l&rsquo;&eacute;nergie. Lorsque les r&eacute;serves de graisse sont &eacute;puis&eacute;es, le corps d&eacute;compose les prot&eacute;ines pr&eacute;sentes dans nos muscles. Nos yeux s&rsquo;enfoncent et deviennent vitreux. La peau se rel&acirc;che et devient p&acirc;le. Lorsque les prot&eacute;ines viennent &agrave; manquer, les organes essentiels cessent de fonctionner jusqu&rsquo;&agrave; ce que le c&oelig;ur s&rsquo;arr&ecirc;te.<\/p>\n<p>Une histoire qui se r&eacute;p&egrave;te malheureusement 25 000 fois par jour&hellip;Une fois toutes les trois secondes.<\/p>\n<p>La faim n&rsquo;est pas seulement une question d&rsquo;acc&egrave;s aux calories n&eacute;cessaires &agrave; la survie, elle a &eacute;galement un impact sur le d&eacute;veloppement. Les micronutriments sont particuli&egrave;rement importants pendant les 1 000 premiers jours de la vie, de la conception &agrave; l&rsquo;&acirc;ge de deux ans.<\/p>\n<p>Un enfant ne recevant pas les bons nutriments d&egrave;s le d&eacute;but de sa vie encourt un retard de croissance tout au long de sa vie, car certaines &eacute;tapes pourtant cruciales au d&eacute;veloppement de son cerveau et de son corps ne se seront pas d&eacute;roul&eacute;es comme pr&eacute;vu. Les enfants souffrant d&rsquo;un retard de croissance (plus petits que les autres pour leur &acirc;ge) ont 19 % de chances en moins d&rsquo;&ecirc;tre capables de lire une phrase simple &agrave; l&rsquo;&acirc;ge de 8 ans et gagnent un salaire inf&eacute;rieur de 20 % &agrave; l&rsquo;&acirc;ge adulte.<\/p>\n<p>Pr&egrave;s d&rsquo;un enfant sur trois souffre d&rsquo;un retard de croissance en Afrique subsaharienne.<\/p>\n<p>La baisse de la malnutrition en Afrique et en Asie permettrait d&rsquo;accro&icirc;tre de 11 % la productivit&eacute; &eacute;conomique globale des pays de ces r&eacute;gions.<\/p>\n<h2><strong>Comment d&eacute;finit-on la faim ?<\/strong><\/h2>\n<p>La faim est un terme g&eacute;n&eacute;rique utilis&eacute; pour d&eacute;signer un certain nombre de choses diff&eacute;rentes, ce qui peut pr&ecirc;ter &agrave; confusion. Techniquement appel&eacute;e ins&eacute;curit&eacute; alimentaire, le probl&egrave;me se divise en <a href=\"https:\/\/fews.net\/fr\/sectors-topics\/approach\/integrated-phase-classification#:~:text=PHASE%201&amp;text=Les%20m%C3%A9nages%20parviennent%20%C3%A0%20combler,l'alimentation%20et%20au%20revenu.\">cinq cat&eacute;gories<\/a>.<\/p>\n<p><strong>Premi&egrave;re phase (phase minimale),<\/strong> les m&eacute;nages parviennent &agrave; combler leurs besoins alimentaires et non alimentaires essentiels.<\/p>\n<p><strong>Dans la deuxi&egrave;me phase (phase stress)<\/strong>, les m&eacute;nages ont une consommation alimentaire minimale ad&eacute;quate. Toutefois, ils ne peuvent se permettre certaines d&eacute;penses non alimentaires essentielles. En mai 2022, cela concernait 212 millions de personnes dans 39 pays.<\/p>\n<p><strong>Dans la troisi&egrave;me phase (phase crise)<\/strong>, les m&eacute;nages ont une consommation alimentaire insuffisante qui se traduit par une malnutrition aigu&euml; grave ou inhabituelle, ou peuvent se permettre des d&eacute;penses alimentaires en vendant leurs biens. En mai 2022, cela concernait 111 millions de personnes dans 39 pays.<\/p>\n<p><strong>Dans la quatri&egrave;me phase (phase urgence)<\/strong>, les m&eacute;nages ont une consommation alimentaire largement insuffisante qui se traduit par une malnutrition aigu&euml; tr&egrave;s &eacute;lev&eacute;e et une mortalit&eacute; excessive. Ils peuvent parvenir &agrave; att&eacute;nuer la gravit&eacute; de l&rsquo;insuffisance alimentaire, mais uniquement en vendant certains de leurs avoirs. En mai 2022, cela concernait 30 millions de personnes dans 33 pays.<\/p>\n<p><strong>Dans la cinqui&egrave;me phase (phase famine),<\/strong> la famine, la mort, la mis&egrave;re et des niveaux extr&ecirc;mement critiques de malnutrition aigu&euml; sont incontestables. En mai 2022, cela concernait 219 000 personnes dans 4 pays.<\/p>\n<h2><strong>Qu&rsquo;est-ce qui provoque la faim ?<\/strong><\/h2>\n<p>En bref, la pauvret&eacute;. Lorsque la nourriture se fait rare en raison de mauvaises r&eacute;coltes, d&rsquo;une guerre ou d&rsquo;autres chocs, les prix augmentent et les personnes sans ressources ne peuvent pas se permettre d&rsquo;acheter de quoi se nourrir.<\/p>\n<p>Les familles s&rsquo;adaptent en mangeant moins, en consommant des aliments moins nutritifs, en retirant les enfants de l&rsquo;&eacute;cole ou en vendant des biens de production &ndash; comme le b&eacute;tail &ndash; qu&rsquo;elles utilisaient pour gagner de l&rsquo;argent. Cela peut r&eacute;duire leur capacit&eacute; de r&eacute;sistance &agrave; de futures crises alimentaires.<\/p>\n<p>Les femmes mangent souvent &ldquo;en dernier et le moins&rdquo;, car elles donnent la priorit&eacute; aux repas de leurs enfants ou sont confront&eacute;es &agrave; des normes culturelles qui privil&eacute;gient les hommes.<\/p>\n<p>Dans certains cas, les familles sont confront&eacute;es &agrave; des choix d&eacute;chirants, comme marier un enfant pour augmenter leur s&eacute;curit&eacute; alimentaire ou celle de leur fille. Les femmes peuvent &eacute;galement se retrouver &agrave; &eacute;changer des rapports sexuels contre de la nourriture.<\/p>\n<p>Les m&eacute;nages des pays &agrave; revenus faible et interm&eacute;diaire consacrent une part bien plus importante de leurs revenus &agrave; l&rsquo;alimentation. Cela signifie que lorsque le co&ucirc;t de l&rsquo;alimentation augmente, la charge p&egrave;se de mani&egrave;re disproportionn&eacute;e sur les plus pauvres. Certaines personnes peuvent ne pas &ecirc;tre en mesure de se le permettre.<\/p>\n<h2><strong>Les cons&eacute;quences de la guerre en Ukraine sur la faim<\/strong><\/h2>\n<p>La guerre de la Russie en Ukraine n&rsquo;a fait qu&rsquo;accro&icirc;tre l&rsquo;incertitude sur les march&eacute;s mondiaux des denr&eacute;es alimentaires et des produits de base.<\/p>\n<p>Les prix des huiles et des c&eacute;r&eacute;ales ont augment&eacute; de mani&egrave;re significative. &Eacute;tant donn&eacute; que le r&eacute;gime alimentaire des personnes les plus pauvres tend &agrave; &ecirc;tre domin&eacute; par des denr&eacute;es de base comme le bl&eacute; et le ma&iuml;s (plut&ocirc;t que par la viande), elles sont plus vuln&eacute;rables &agrave; ces chocs.<\/p>\n<p>Les prix du bl&eacute; et du ma&iuml;s, qui sont des aliments de base dans de nombreux pays, ont plus que doubl&eacute; depuis le d&eacute;but de la pand&eacute;mie. Les prix de l&rsquo;huile de tournesol et de l&rsquo;huile de palme, utilis&eacute;es pour la cuisine dans de nombreux pays, ont &eacute;galement doubl&eacute;.<\/p>\n<p>Mais certaines politiques gouvernementales ne font qu&rsquo;aggraver la situation.<\/p>\n<p>En r&eacute;ponse &agrave; la guerre de la Russie en Ukraine, 16 pays (contre 3 auparavant) ont impos&eacute; des restrictions &agrave; l&rsquo;exportation de produits alimentaires &agrave; partir de d&eacute;but avril 2022. Ils repr&eacute;sentent <strong>17 % du total des calories &eacute;chang&eacute;es.<\/strong><\/p>\n<p>Pendant la crise alimentaire de 2008, des politiques similaires ont &eacute;t&eacute; &agrave; l&rsquo;origine de <strong>40 % des augmentations de prix.<\/strong><\/p>\n<h2><strong>Une foule affam&eacute;e est une foule en col&egrave;re<\/strong><\/h2>\n<p>Bob Marley a dit qu&#8217;&rdquo;une foule affam&eacute;e est une foule en col&egrave;re&rdquo;. Historiquement, les augmentations significatives des prix des denr&eacute;es alimentaires ont pr&eacute;c&eacute;d&eacute; des &eacute;meutes et des p&eacute;riodes d&rsquo;instabilit&eacute;.<\/p>\n<p>Entre 2004 et 2012, les prix des denr&eacute;es alimentaires sont mont&eacute;s en fl&egrave;che. Au cours de cette p&eacute;riode, 30 pays ont connu des troubles sociaux li&eacute;s &agrave; l&rsquo;alimentation.<\/p>\n<p>L&rsquo;ins&eacute;curit&eacute; alimentaire exacerbe &eacute;galement l&rsquo;exploitation et les abus sexuels, en <a href=\"https:\/\/gbvaor.net\/sites\/default\/files\/2021-12\/GBV%20AoR%20HD%20-%20Food%20Insecurity%2C%20Famine%20and%20GBV%20-19112021.pdf\">particulier dans les situations de conflit<\/a>. &Agrave; son tour, la violence sexiste entra&icirc;ne une <a href=\"https:\/\/fscluster.org\/sites\/default\/files\/documents\/a-i7768e.pdf\">diminution de la production agricole et de la s&eacute;curit&eacute; alimentaire<\/a> &ndash; un cycle violent et toxique.<\/p>\n<p>La faim entra&icirc;ne &eacute;galement des d&eacute;placements de population. En Somalie, 245 000 personnes confront&eacute;es &agrave; la s&eacute;cheresse ont fui depuis le d&eacute;but de l&rsquo;ann&eacute;e 2021. Ce chiffre pourrait passer &agrave; <a href=\"https:\/\/www.unicef.be\/fr\/news\/14-million-denfants-risquent-de-souffrir-de-malnutrition-aigue-en-somalie\">1,4 million<\/a>. Pour les femmes et les filles, cela entra&icirc;ne un risque d&rsquo;exploitation, d&rsquo;abus et de traite.<\/p>\n<h2><strong>Que doivent faire les pays pour rem&eacute;dier &agrave; cette situation ?<\/strong><\/h2>\n<p>1. Les pays doivent &eacute;viter d&rsquo;aggraver la situation.<\/p>\n<ul>\n<li>Poursuivre les interdictions d&rsquo;exportation des principaux produits de base et &eacute;viter les achats de panique.<\/li>\n<li>Veiller &agrave; ce que les pays vuln&eacute;rables aient acc&egrave;s aux engrais, m&ecirc;me lorsque les prix augmentent.<\/li>\n<li>Financer int&eacute;gralement les appels humanitaires d&rsquo;urgence.<\/li>\n<li>Cr&eacute;er un &ldquo;couloir humanitaire&rdquo; dans la mer Noire pour faciliter les exportations de c&eacute;r&eacute;ales depuis l&rsquo;Ukraine.<\/li>\n<\/ul>\n<p>2. Les pays devraient diriger les subventions et la protection sociale vers les plus vuln&eacute;rables et soutenir les pays disposant d&rsquo;une marge de man&oelig;uvre budg&eacute;taire n&eacute;cessaire &agrave; le faire.<\/p>\n<ul>\n<li>Respecter sans plus attendre l&rsquo;engagement pris par le G7 et le G20 de recycler 100 milliards de dollars de droits de tirage sp&eacute;ciaux, fournis par le FMI, pour aider les pays &agrave; revenu faible ou interm&eacute;diaire &agrave; faire face &agrave; la crise.<\/li>\n<li>Fournir une solution efficace &agrave; la viabilit&eacute; de la dette en bloquant le cadre commun du G20.<\/li>\n<li>Mettre en place <a href=\"https:\/\/nam11.safelinks.protection.outlook.com\/?url=https%3A%2F%2Fdocs.wfp.org%2Fapi%2Fdocuments%2FWFP-0000116699%2Fdownload%2F&amp;data=05%7C01%7Cdavid.mcnair%40one.org%7C88b9377e2f19455bedc808da3794678e%7Cc85ffd8d5f42467aaa6978509c882c4e%7C0%7C0%7C637883407827440113%7CUnknown%7CTWFpbGZsb3d8eyJWIjoiMC4wLjAwMDAiLCJQIjoiV2luMzIiLCJBTiI6Ik1haWwiLCJXVCI6Mn0%3D%7C3000%7C%7C%7C&amp;sdata=U1u%2BTD2CzQ03%2BuBBWSOORrUWpHuTr7cKfyOibnAlyyA%3D&amp;reserved=0\">des syst&egrave;mes de protection sociale<\/a> qui r&eacute;pondent aux chocs massifs et multidimensionnels tels que la s&eacute;cheresse et l&rsquo;ins&eacute;curit&eacute; alimentaire, y compris pour les <a href=\"https:\/\/reliefweb.int\/report\/ethiopia\/social-protection-inclusion-persons-concern-regional-analysis-inclusion-unhcr\">personnes contraintes de fuir (r&eacute;fugi&eacute;s, personnes d&eacute;plac&eacute;es\/apatrides, rapatri&eacute;s).<\/a><\/li>\n<\/ul>\n<p>3. Les pays doivent investir afin d&rsquo;augmenter la production alimentaire.<\/p>\n<ul>\n<li>S&rsquo;engager &agrave; effectuer des investissements &agrave; moyen terme pour stimuler la production &ndash; y compris des approches sensibles au genre en mati&egrave;re de propri&eacute;t&eacute; fonci&egrave;re, de services financiers et d&rsquo;intrants agricoles.<\/li>\n<li>Mettre en place des m&eacute;canismes d&rsquo;urgence capables de mettre des engrais &agrave; disposition des pays vuln&eacute;rables, en veillant &agrave; une r&eacute;partition &eacute;gale entre les sexes, lorsque les prix augmentent de fa&ccedil;on aussi consid&eacute;rable.<\/li>\n<\/ul>\n<div class=\"buffer\"><\/div>","protected":false},"excerpt":{"rendered":"<p>47,4 millions de personnes suppl&eacute;mentaires dans le monde souffraient de la faim entre le d&eacute;but de l&rsquo;invasion de l&rsquo;Ukraine par la Russie et juin 2022. En 2021, 193 millions de personnes avaient un besoin urgent d&rsquo;aide alimentaire. Si cette population &eacute;tait un pays, ce serait le 8e plus grand au monde. Depuis l&rsquo;attaque de Vladimir [&hellip;]<\/p>\n","protected":false},"author":0,"featured_media":162913,"comment_status":"open","ping_status":"open","sticky":false,"template":"","format":"standard","meta":{"_acf_changed":false,"_relevanssi_hide_post":"","_relevanssi_hide_content":"","_relevanssi_pin_for_all":"","_relevanssi_pin_keywords":"","_relevanssi_unpin_keywords":"","_relevanssi_related_keywords":"","_relevanssi_related_include_ids":"","_relevanssi_related_exclude_ids":"","_relevanssi_related_no_append":"","_relevanssi_related_not_related":"","_relevanssi_related_posts":"","_relevanssi_noindex_reason":"","footnotes":""},"categories":[68,34],"tags":[],"topic":[58],"contributor":[33],"one_content_audience":[],"one_content_type":[],"one_content_tone":[],"class_list":["post-162577","post","type-post","status-publish","format-standard","has-post-thumbnail","hentry","category-analyse","category-one","topic-nutrition","contributor-one-france"],"acf":[],"yoast_head":"<!-- This site is optimized with the Yoast SEO Premium plugin v27.1 (Yoast SEO v27.1.1) - https:\/\/yoast.com\/product\/yoast-seo-premium-wordpress\/ -->\n<title>Une personne sur dix dans le monde souffre de la faim - ONE.org France<\/title>\n<meta name=\"description\" content=\"Qu&#039;est ce qui provoque la faim, quelles en sont les cons\u00e9quences et quelles sont les solutions ? D\u00e9couvrez notre analyse.\" \/>\n<meta name=\"robots\" content=\"index, follow, max-snippet:-1, max-image-preview:large, max-video-preview:-1\" \/>\n<link rel=\"canonical\" href=\"https:\/\/www.one.org\/fr\/actualites\/une-personne-sur-dix-dans-le-monde-souffre-de-la-faim\/\" \/>\n<meta property=\"og:locale\" content=\"fr_FR\" \/>\n<meta property=\"og:type\" content=\"article\" \/>\n<meta property=\"og:title\" content=\"Une personne sur dix dans le monde souffre de la faim\" \/>\n<meta property=\"og:description\" content=\"Qu&#039;est ce qui provoque la faim, quelles en sont les cons\u00e9quences et quelles sont les solutions ? D\u00e9couvrez notre analyse.\" \/>\n<meta property=\"og:url\" content=\"https:\/\/www.one.org\/fr\/actualites\/une-personne-sur-dix-dans-le-monde-souffre-de-la-faim\/\" \/>\n<meta property=\"og:site_name\" content=\"ONE.org France\" \/>\n<meta property=\"article:publisher\" content=\"https:\/\/www.facebook.com\/ONE.Fr\" \/>\n<meta property=\"article:published_time\" content=\"2022-06-15T04:00:14+00:00\" \/>\n<meta property=\"article:modified_time\" content=\"2024-04-23T12:33:19+00:00\" \/>\n<meta property=\"og:image\" content=\"https:\/\/www.one.org\/fr\/wp-content\/uploads\/sites\/4\/2022\/06\/beans-at-market.jpg\" \/>\n\t<meta property=\"og:image:width\" content=\"600\" \/>\n\t<meta property=\"og:image:height\" content=\"399\" \/>\n\t<meta property=\"og:image:type\" content=\"image\/jpeg\" \/>\n<meta name=\"twitter:card\" content=\"summary_large_image\" \/>\n<meta name=\"twitter:creator\" content=\"@one_fr\" \/>\n<meta name=\"twitter:site\" content=\"@one_fr\" \/>\n<meta name=\"twitter:label1\" content=\"Est. reading time\" \/>\n\t<meta name=\"twitter:data1\" content=\"11 minutes\" \/>\n<script type=\"application\/ld+json\" class=\"yoast-schema-graph\">{\"@context\":\"https:\/\/schema.org\",\"@graph\":[{\"@type\":\"Article\",\"@id\":\"https:\/\/www.one.org\/fr\/actualites\/une-personne-sur-dix-dans-le-monde-souffre-de-la-faim\/#article\",\"isPartOf\":{\"@id\":\"https:\/\/www.one.org\/fr\/actualites\/une-personne-sur-dix-dans-le-monde-souffre-de-la-faim\/\"},\"author\":{\"name\":\"\",\"@id\":\"\"},\"headline\":\"Une personne sur dix dans le monde souffre de la faim\",\"datePublished\":\"2022-06-15T04:00:14+00:00\",\"dateModified\":\"2024-04-23T12:33:19+00:00\",\"mainEntityOfPage\":{\"@id\":\"https:\/\/www.one.org\/fr\/actualites\/une-personne-sur-dix-dans-le-monde-souffre-de-la-faim\/\"},\"wordCount\":2136,\"commentCount\":0,\"image\":{\"@id\":\"https:\/\/www.one.org\/fr\/actualites\/une-personne-sur-dix-dans-le-monde-souffre-de-la-faim\/#primaryimage\"},\"thumbnailUrl\":\"https:\/\/www.one.org\/fr\/wp-content\/uploads\/sites\/4\/2022\/06\/beans-at-market.jpg\",\"articleSection\":[\"Analyse\",\"ONE\"],\"inLanguage\":\"fr-FR\",\"potentialAction\":[{\"@type\":\"CommentAction\",\"name\":\"Comment\",\"target\":[\"https:\/\/www.one.org\/fr\/actualites\/une-personne-sur-dix-dans-le-monde-souffre-de-la-faim\/#respond\"]}]},{\"@type\":\"WebPage\",\"@id\":\"https:\/\/www.one.org\/fr\/actualites\/une-personne-sur-dix-dans-le-monde-souffre-de-la-faim\/\",\"url\":\"https:\/\/www.one.org\/fr\/actualites\/une-personne-sur-dix-dans-le-monde-souffre-de-la-faim\/\",\"name\":\"Une personne sur dix dans le monde souffre de la faim - ONE.org France\",\"isPartOf\":{\"@id\":\"https:\/\/www.one.org\/fr\/#website\"},\"primaryImageOfPage\":{\"@id\":\"https:\/\/www.one.org\/fr\/actualites\/une-personne-sur-dix-dans-le-monde-souffre-de-la-faim\/#primaryimage\"},\"image\":{\"@id\":\"https:\/\/www.one.org\/fr\/actualites\/une-personne-sur-dix-dans-le-monde-souffre-de-la-faim\/#primaryimage\"},\"thumbnailUrl\":\"https:\/\/www.one.org\/fr\/wp-content\/uploads\/sites\/4\/2022\/06\/beans-at-market.jpg\",\"datePublished\":\"2022-06-15T04:00:14+00:00\",\"dateModified\":\"2024-04-23T12:33:19+00:00\",\"author\":{\"@id\":\"\"},\"description\":\"Qu'est ce qui provoque la faim, quelles en sont les cons\u00e9quences et quelles sont les solutions ? D\u00e9couvrez notre analyse.\",\"breadcrumb\":{\"@id\":\"https:\/\/www.one.org\/fr\/actualites\/une-personne-sur-dix-dans-le-monde-souffre-de-la-faim\/#breadcrumb\"},\"inLanguage\":\"fr-FR\",\"potentialAction\":[{\"@type\":\"ReadAction\",\"target\":[\"https:\/\/www.one.org\/fr\/actualites\/une-personne-sur-dix-dans-le-monde-souffre-de-la-faim\/\"]}]},{\"@type\":\"ImageObject\",\"inLanguage\":\"fr-FR\",\"@id\":\"https:\/\/www.one.org\/fr\/actualites\/une-personne-sur-dix-dans-le-monde-souffre-de-la-faim\/#primaryimage\",\"url\":\"https:\/\/www.one.org\/fr\/wp-content\/uploads\/sites\/4\/2022\/06\/beans-at-market.jpg\",\"contentUrl\":\"https:\/\/www.one.org\/fr\/wp-content\/uploads\/sites\/4\/2022\/06\/beans-at-market.jpg\",\"width\":600,\"height\":399},{\"@type\":\"BreadcrumbList\",\"@id\":\"https:\/\/www.one.org\/fr\/actualites\/une-personne-sur-dix-dans-le-monde-souffre-de-la-faim\/#breadcrumb\",\"itemListElement\":[{\"@type\":\"ListItem\",\"position\":1,\"name\":\"Home\",\"item\":\"https:\/\/www.one.org\/fr\/\"},{\"@type\":\"ListItem\",\"position\":2,\"name\":\"Une personne sur dix dans le monde souffre de la faim\"}]},{\"@type\":\"WebSite\",\"@id\":\"https:\/\/www.one.org\/fr\/#website\",\"url\":\"https:\/\/www.one.org\/fr\/\",\"name\":\"ONE.org\",\"description\":\"Cr\u00e9er des opportunit\u00e9s \u00e9conomiques et am\u00e9liorer la sant\u00e9 en Afrique\",\"potentialAction\":[{\"@type\":\"SearchAction\",\"target\":{\"@type\":\"EntryPoint\",\"urlTemplate\":\"https:\/\/www.one.org\/fr\/?s={search_term_string}\"},\"query-input\":{\"@type\":\"PropertyValueSpecification\",\"valueRequired\":true,\"valueName\":\"search_term_string\"}}],\"inLanguage\":\"fr-FR\"}]}<\/script>\n<!-- \/ Yoast SEO Premium plugin. -->","yoast_head_json":{"title":"Une personne sur dix dans le monde souffre de la faim - ONE.org France","description":"Qu'est ce qui provoque la faim, quelles en sont les cons\u00e9quences et quelles sont les solutions ? D\u00e9couvrez notre analyse.","robots":{"index":"index","follow":"follow","max-snippet":"max-snippet:-1","max-image-preview":"max-image-preview:large","max-video-preview":"max-video-preview:-1"},"canonical":"https:\/\/www.one.org\/fr\/actualites\/une-personne-sur-dix-dans-le-monde-souffre-de-la-faim\/","og_locale":"fr_FR","og_type":"article","og_title":"Une personne sur dix dans le monde souffre de la faim","og_description":"Qu'est ce qui provoque la faim, quelles en sont les cons\u00e9quences et quelles sont les solutions ? D\u00e9couvrez notre analyse.","og_url":"https:\/\/www.one.org\/fr\/actualites\/une-personne-sur-dix-dans-le-monde-souffre-de-la-faim\/","og_site_name":"ONE.org France","article_publisher":"https:\/\/www.facebook.com\/ONE.Fr","article_published_time":"2022-06-15T04:00:14+00:00","article_modified_time":"2024-04-23T12:33:19+00:00","og_image":[{"width":600,"height":399,"url":"https:\/\/www.one.org\/fr\/wp-content\/uploads\/sites\/4\/2022\/06\/beans-at-market.jpg","type":"image\/jpeg"}],"twitter_card":"summary_large_image","twitter_creator":"@one_fr","twitter_site":"@one_fr","twitter_misc":{"Est. reading time":"11 minutes"},"schema":{"@context":"https:\/\/schema.org","@graph":[{"@type":"Article","@id":"https:\/\/www.one.org\/fr\/actualites\/une-personne-sur-dix-dans-le-monde-souffre-de-la-faim\/#article","isPartOf":{"@id":"https:\/\/www.one.org\/fr\/actualites\/une-personne-sur-dix-dans-le-monde-souffre-de-la-faim\/"},"author":{"name":"","@id":""},"headline":"Une personne sur dix dans le monde souffre de la faim","datePublished":"2022-06-15T04:00:14+00:00","dateModified":"2024-04-23T12:33:19+00:00","mainEntityOfPage":{"@id":"https:\/\/www.one.org\/fr\/actualites\/une-personne-sur-dix-dans-le-monde-souffre-de-la-faim\/"},"wordCount":2136,"commentCount":0,"image":{"@id":"https:\/\/www.one.org\/fr\/actualites\/une-personne-sur-dix-dans-le-monde-souffre-de-la-faim\/#primaryimage"},"thumbnailUrl":"https:\/\/www.one.org\/fr\/wp-content\/uploads\/sites\/4\/2022\/06\/beans-at-market.jpg","articleSection":["Analyse","ONE"],"inLanguage":"fr-FR","potentialAction":[{"@type":"CommentAction","name":"Comment","target":["https:\/\/www.one.org\/fr\/actualites\/une-personne-sur-dix-dans-le-monde-souffre-de-la-faim\/#respond"]}]},{"@type":"WebPage","@id":"https:\/\/www.one.org\/fr\/actualites\/une-personne-sur-dix-dans-le-monde-souffre-de-la-faim\/","url":"https:\/\/www.one.org\/fr\/actualites\/une-personne-sur-dix-dans-le-monde-souffre-de-la-faim\/","name":"Une personne sur dix dans le monde souffre de la faim - ONE.org France","isPartOf":{"@id":"https:\/\/www.one.org\/fr\/#website"},"primaryImageOfPage":{"@id":"https:\/\/www.one.org\/fr\/actualites\/une-personne-sur-dix-dans-le-monde-souffre-de-la-faim\/#primaryimage"},"image":{"@id":"https:\/\/www.one.org\/fr\/actualites\/une-personne-sur-dix-dans-le-monde-souffre-de-la-faim\/#primaryimage"},"thumbnailUrl":"https:\/\/www.one.org\/fr\/wp-content\/uploads\/sites\/4\/2022\/06\/beans-at-market.jpg","datePublished":"2022-06-15T04:00:14+00:00","dateModified":"2024-04-23T12:33:19+00:00","author":{"@id":""},"description":"Qu'est ce qui provoque la faim, quelles en sont les cons\u00e9quences et quelles sont les solutions ? D\u00e9couvrez notre analyse.","breadcrumb":{"@id":"https:\/\/www.one.org\/fr\/actualites\/une-personne-sur-dix-dans-le-monde-souffre-de-la-faim\/#breadcrumb"},"inLanguage":"fr-FR","potentialAction":[{"@type":"ReadAction","target":["https:\/\/www.one.org\/fr\/actualites\/une-personne-sur-dix-dans-le-monde-souffre-de-la-faim\/"]}]},{"@type":"ImageObject","inLanguage":"fr-FR","@id":"https:\/\/www.one.org\/fr\/actualites\/une-personne-sur-dix-dans-le-monde-souffre-de-la-faim\/#primaryimage","url":"https:\/\/www.one.org\/fr\/wp-content\/uploads\/sites\/4\/2022\/06\/beans-at-market.jpg","contentUrl":"https:\/\/www.one.org\/fr\/wp-content\/uploads\/sites\/4\/2022\/06\/beans-at-market.jpg","width":600,"height":399},{"@type":"BreadcrumbList","@id":"https:\/\/www.one.org\/fr\/actualites\/une-personne-sur-dix-dans-le-monde-souffre-de-la-faim\/#breadcrumb","itemListElement":[{"@type":"ListItem","position":1,"name":"Home","item":"https:\/\/www.one.org\/fr\/"},{"@type":"ListItem","position":2,"name":"Une personne sur dix dans le monde souffre de la faim"}]},{"@type":"WebSite","@id":"https:\/\/www.one.org\/fr\/#website","url":"https:\/\/www.one.org\/fr\/","name":"ONE.org","description":"Cr\u00e9er des opportunit\u00e9s \u00e9conomiques et am\u00e9liorer la sant\u00e9 en Afrique","potentialAction":[{"@type":"SearchAction","target":{"@type":"EntryPoint","urlTemplate":"https:\/\/www.one.org\/fr\/?s={search_term_string}"},"query-input":{"@type":"PropertyValueSpecification","valueRequired":true,"valueName":"search_term_string"}}],"inLanguage":"fr-FR"}]}},"distributor_meta":false,"distributor_terms":false,"distributor_media":false,"distributor_original_site_name":"ONE.org France","distributor_original_site_url":"https:\/\/www.one.org\/fr","push-errors":false,"_links":{"self":[{"href":"https:\/\/www.one.org\/fr\/wp-json\/wp\/v2\/posts\/162577","targetHints":{"allow":["GET"]}}],"collection":[{"href":"https:\/\/www.one.org\/fr\/wp-json\/wp\/v2\/posts"}],"about":[{"href":"https:\/\/www.one.org\/fr\/wp-json\/wp\/v2\/types\/post"}],"replies":[{"embeddable":true,"href":"https:\/\/www.one.org\/fr\/wp-json\/wp\/v2\/comments?post=162577"}],"version-history":[{"count":0,"href":"https:\/\/www.one.org\/fr\/wp-json\/wp\/v2\/posts\/162577\/revisions"}],"wp:featuredmedia":[{"embeddable":true,"href":"https:\/\/www.one.org\/fr\/wp-json\/wp\/v2\/media\/162913"}],"wp:attachment":[{"href":"https:\/\/www.one.org\/fr\/wp-json\/wp\/v2\/media?parent=162577"}],"wp:term":[{"taxonomy":"category","embeddable":true,"href":"https:\/\/www.one.org\/fr\/wp-json\/wp\/v2\/categories?post=162577"},{"taxonomy":"post_tag","embeddable":true,"href":"https:\/\/www.one.org\/fr\/wp-json\/wp\/v2\/tags?post=162577"},{"taxonomy":"topic","embeddable":true,"href":"https:\/\/www.one.org\/fr\/wp-json\/wp\/v2\/topic?post=162577"},{"taxonomy":"contributor","embeddable":true,"href":"https:\/\/www.one.org\/fr\/wp-json\/wp\/v2\/contributor?post=162577"},{"taxonomy":"one_content_audience","embeddable":true,"href":"https:\/\/www.one.org\/fr\/wp-json\/wp\/v2\/one_content_audience?post=162577"},{"taxonomy":"one_content_type","embeddable":true,"href":"https:\/\/www.one.org\/fr\/wp-json\/wp\/v2\/one_content_type?post=162577"},{"taxonomy":"one_content_tone","embeddable":true,"href":"https:\/\/www.one.org\/fr\/wp-json\/wp\/v2\/one_content_tone?post=162577"}],"curies":[{"name":"wp","href":"https:\/\/api.w.org\/{rel}","templated":true}]}}